{"id":18285,"date":"2026-03-13T08:59:23","date_gmt":"2026-03-13T05:59:23","guid":{"rendered":"https:\/\/memurunsesi.net\/?p=18285"},"modified":"2026-03-13T08:59:23","modified_gmt":"2026-03-13T05:59:23","slug":"tokat-valisi-koklu-deprem-sonrasi-cok-sukur-bizi-uzecek-bir-konu-gerceklesmedi","status":"publish","type":"post","link":"https:\/\/memurunsesi.net\/index.php\/2026\/03\/13\/tokat-valisi-koklu-deprem-sonrasi-cok-sukur-bizi-uzecek-bir-konu-gerceklesmedi\/","title":{"rendered":"Tokat Valisi K\u00f6kl\u00fc: &#8220;Deprem sonras\u0131 \u00e7ok \u015f\u00fck\u00fcr bizi \u00fczecek bir konu ger\u00e7ekle\u015fmedi&#8221;"},"content":{"rendered":"<p>Tokat&#8217;ta 5,5 b\u00fcy\u00fckl\u00fc\u011f\u00fcndeki depremin ard\u0131ndan Niksar&#8217;da incelemelerde bulunan Tokat Valisi Abdullah K\u00f6kl\u00fc, &#8220;\u0130lk belirlemelere g\u00f6re can kayb\u0131 ya da ciddi bir hasar yok&#8221; dedi.<br \/>\nTokat&#8217;ta meydana gelen 5,5 b\u00fcy\u00fckl\u00fc\u011f\u00fcndeki deprem sonras\u0131 Tokat Valisi Abdullah K\u00f6kl\u00fc, depremin merkez \u00fcss\u00fc Niksar il\u00e7esine giderek incelemelerde bulundu. Bas\u0131n mensuplar\u0131na a\u00e7\u0131klamalarda bulunan Vali K\u00f6kl\u00fc, &#8220;Depremin ilk an\u0131ndan itibaren bizlerde ayaktayd\u0131k. \u0130l merkezinde de hissedildi. Kaymakam arkada\u015f\u0131m\u0131z ve AFAD ekiplerimiz devreye girdiler. Hemen irtibat sa\u011flad\u0131k. Acil alan taramas\u0131 yap\u0131ld\u0131. \u00c7ok \u015f\u00fck\u00fcr hem polis b\u00f6lgesinde hem de jandarma b\u00f6lgesinde \u00e7ok ciddi bir s\u0131k\u0131nt\u0131 ya\u015fanmad\u0131. Baz\u0131 il\u00e7elerimizdeki okullar\u0131m\u0131zda s\u0131va \u00e7atlaklar\u0131 ve hasarlar var. G\u00fcn ayd\u0131nlan\u0131yor. Daha kapsaml\u0131 bir alan taramas\u0131 yap\u0131lacak baz\u0131 vatanda\u015flar\u0131m\u0131z\u0131n panik sebebiyle hastanelere ba\u015fvurdu\u011funu ve yurttaki \u00f6\u011frencilerin d\u0131\u015far\u0131 \u00e7\u0131karken basit yaralanmalara maruz kald\u0131\u011f\u0131 anla\u015f\u0131ld\u0131. Onun haricince \u00e7ok bizi \u00fczecek bir konu \u00e7ok \u015f\u00fck\u00fcr yoktur. K\u00f6ylerde de ilk ald\u0131\u011f\u0131m\u0131z bilgilere g\u00f6re ciddi bir s\u0131k\u0131nt\u0131 yok. K\u00f6ylerdeki evlerimiz tek katl\u0131 oldu\u011fu i\u00e7in il\u00e7e merkezlerine g\u00f6re hissedilme oran\u0131 daha az olmu\u015f. Endi\u015fe edilecek bir durum bulunmuyor&#8221; dedi.<\/p>\n<p>13.03.2026<\/p>\n","protected":false},"excerpt":{"rendered":"<p>Tokat&#8217;ta 5,5 b\u00fcy\u00fckl\u00fc\u011f\u00fcndeki depremin ard\u0131ndan Niksar&#8217;da incelemelerde bulunan Tokat Valisi Abdullah K\u00f6kl\u00fc, &#8220;\u0130lk belirlemelere g\u00f6re can kayb\u0131 ya da ciddi bir hasar yok&#8221; dedi. Tokat&#8217;ta meydana gelen 5,5 b\u00fcy\u00fckl\u00fc\u011f\u00fcndeki deprem sonras\u0131 Tokat Valisi Abdullah K\u00f6kl\u00fc, depremin merkez \u00fcss\u00fc Niksar il\u00e7esine giderek incelemelerde bulundu. Bas\u0131n mensuplar\u0131na a\u00e7\u0131klamalarda bulunan Vali K\u00f6kl\u00fc, &#8220;Depremin ilk an\u0131ndan itibaren bizlerde ayaktayd\u0131k. [&hellip;]<\/p>\n","protected":false},"author":1,"featured_media":18286,"comment_status":"open","ping_status":"open","sticky":false,"template":"","format":"standard","meta":{"footnotes":""},"categories":[50],"tags":[2014,2016,2013,2015],"class_list":["post-18285","post","type-post","status-publish","format-standard","has-post-thumbnail","hentry","category-tum-haberler","tag-5-buyuklugundeki-depremin-ardindan","tag-endise-edilecek-bir-durum-bulunmuyor-dedi","tag-tokatta-5","tag-vali-abdullah-koklu"],"yoast_head":"<!-- This site is optimized with the Yoast SEO plugin v27.4 - https:\/\/yoast.com\/product\/yoast-seo-wordpress\/ -->\n<title>Tokat Valisi K\u00f6kl\u00fc: &quot;Deprem sonras\u0131 \u00e7ok \u015f\u00fck\u00fcr bizi \u00fczecek bir konu ger\u00e7ekle\u015fmedi&quot; - Memurun Sesi<\/title>\n<meta name=\"description\" content=\"\u00a0Tokat&#039;ta 5,5 b\u00fcy\u00fckl\u00fc\u011f\u00fcndeki depremin ard\u0131ndan Niksar&#039;da incelemelerde bulunan Tokat Valisi Abdullah K\u00f6kl\u00fc, &quot;\u0130lk belirlemelere g\u00f6re can kayb\u0131 ya da ciddi bir hasar yok&quot; dedi.\" \/>\n<meta name=\"robots\" content=\"index, follow, max-snippet:-1, max-image-preview:large, max-video-preview:-1\" \/>\n<link rel=\"canonical\" href=\"https:\/\/memurunsesi.net\/index.php\/2026\/03\/13\/tokat-valisi-koklu-deprem-sonrasi-cok-sukur-bizi-uzecek-bir-konu-gerceklesmedi\/\" \/>\n<meta property=\"og:locale\" content=\"tr_TR\" \/>\n<meta property=\"og:type\" content=\"article\" \/>\n<meta property=\"og:title\" content=\"Tokat Valisi K\u00f6kl\u00fc: &quot;Deprem sonras\u0131 \u00e7ok \u015f\u00fck\u00fcr bizi \u00fczecek bir konu ger\u00e7ekle\u015fmedi&quot; - Memurun Sesi\" \/>\n<meta property=\"og:description\" content=\"\u00a0Tokat&#039;ta 5,5 b\u00fcy\u00fckl\u00fc\u011f\u00fcndeki depremin ard\u0131ndan Niksar&#039;da incelemelerde bulunan Tokat Valisi Abdullah K\u00f6kl\u00fc, &quot;\u0130lk belirlemelere g\u00f6re can kayb\u0131 ya da ciddi bir hasar yok&quot; dedi.\" \/>\n<meta property=\"og:url\" content=\"https:\/\/memurunsesi.net\/index.php\/2026\/03\/13\/tokat-valisi-koklu-deprem-sonrasi-cok-sukur-bizi-uzecek-bir-konu-gerceklesmedi\/\" \/>\n<meta property=\"og:site_name\" content=\"Memurun Sesi\" \/>\n<meta property=\"article:publisher\" content=\"https:\/\/www.facebook.com\/unipersen\/?locale=tr_TR\" \/>\n<meta property=\"article:published_time\" content=\"2026-03-13T05:59:23+00:00\" \/>\n<meta property=\"og:image\" content=\"https:\/\/memurunsesi.net\/wp-content\/uploads\/2026\/03\/Endise-edilecek-scaled.jpg\" \/>\n\t<meta property=\"og:image:width\" content=\"2560\" \/>\n\t<meta property=\"og:image:height\" content=\"1306\" \/>\n\t<meta property=\"og:image:type\" content=\"image\/jpeg\" \/>\n<meta name=\"author\" content=\"Memurun Sesi Haber Merkezi\" \/>\n<meta name=\"twitter:card\" content=\"summary_large_image\" \/>\n<meta name=\"twitter:creator\" content=\"@unipersen\" \/>\n<meta name=\"twitter:site\" content=\"@unipersen\" \/>\n<meta name=\"twitter:label1\" content=\"Yazan:\" \/>\n\t<meta name=\"twitter:data1\" content=\"Memurun Sesi Haber Merkezi\" \/>\n\t<meta name=\"twitter:label2\" content=\"Tahmini okuma s\u00fcresi\" \/>\n\t<meta name=\"twitter:data2\" content=\"2 dakika\" \/>\n<script type=\"application\/ld+json\" class=\"yoast-schema-graph\">{\"@context\":\"https:\\\/\\\/schema.org\",\"@graph\":[{\"@type\":\"Article\",\"@id\":\"https:\\\/\\\/memurunsesi.net\\\/index.php\\\/2026\\\/03\\\/13\\\/tokat-valisi-koklu-deprem-sonrasi-cok-sukur-bizi-uzecek-bir-konu-gerceklesmedi\\\/#article\",\"isPartOf\":{\"@id\":\"https:\\\/\\\/memurunsesi.net\\\/index.php\\\/2026\\\/03\\\/13\\\/tokat-valisi-koklu-deprem-sonrasi-cok-sukur-bizi-uzecek-bir-konu-gerceklesmedi\\\/\"},\"author\":{\"name\":\"Memurun Sesi Haber Merkezi\",\"@id\":\"https:\\\/\\\/memurunsesi.net\\\/#\\\/schema\\\/person\\\/f21c2d73b89f6ee1d80b0a1803e38587\"},\"headline\":\"Tokat Valisi K\u00f6kl\u00fc: &#8220;Deprem sonras\u0131 \u00e7ok \u015f\u00fck\u00fcr bizi \u00fczecek bir konu ger\u00e7ekle\u015fmedi&#8221;\",\"datePublished\":\"2026-03-13T05:59:23+00:00\",\"mainEntityOfPage\":{\"@id\":\"https:\\\/\\\/memurunsesi.net\\\/index.php\\\/2026\\\/03\\\/13\\\/tokat-valisi-koklu-deprem-sonrasi-cok-sukur-bizi-uzecek-bir-konu-gerceklesmedi\\\/\"},\"wordCount\":233,\"commentCount\":0,\"publisher\":{\"@id\":\"https:\\\/\\\/memurunsesi.net\\\/#organization\"},\"image\":{\"@id\":\"https:\\\/\\\/memurunsesi.net\\\/index.php\\\/2026\\\/03\\\/13\\\/tokat-valisi-koklu-deprem-sonrasi-cok-sukur-bizi-uzecek-bir-konu-gerceklesmedi\\\/#primaryimage\"},\"thumbnailUrl\":\"https:\\\/\\\/memurunsesi.net\\\/wp-content\\\/uploads\\\/2026\\\/03\\\/Endise-edilecek-scaled.jpg\",\"keywords\":[\"5 b\u00fcy\u00fckl\u00fc\u011f\u00fcndeki depremin ard\u0131ndan\",\"Endi\u015fe edilecek bir durum bulunmuyor\\\" dedi.\",\"Tokat'ta 5\",\"Vali Abdullah K\u00d6KL\u00dc\"],\"articleSection\":[\"T\u00fcm Haberler\"],\"inLanguage\":\"tr\",\"potentialAction\":[{\"@type\":\"CommentAction\",\"name\":\"Comment\",\"target\":[\"https:\\\/\\\/memurunsesi.net\\\/index.php\\\/2026\\\/03\\\/13\\\/tokat-valisi-koklu-deprem-sonrasi-cok-sukur-bizi-uzecek-bir-konu-gerceklesmedi\\\/#respond\"]}]},{\"@type\":\"WebPage\",\"@id\":\"https:\\\/\\\/memurunsesi.net\\\/index.php\\\/2026\\\/03\\\/13\\\/tokat-valisi-koklu-deprem-sonrasi-cok-sukur-bizi-uzecek-bir-konu-gerceklesmedi\\\/\",\"url\":\"https:\\\/\\\/memurunsesi.net\\\/index.php\\\/2026\\\/03\\\/13\\\/tokat-valisi-koklu-deprem-sonrasi-cok-sukur-bizi-uzecek-bir-konu-gerceklesmedi\\\/\",\"name\":\"Tokat Valisi K\u00f6kl\u00fc: \\\"Deprem sonras\u0131 \u00e7ok \u015f\u00fck\u00fcr bizi \u00fczecek bir konu ger\u00e7ekle\u015fmedi\\\" - Memurun Sesi\",\"isPartOf\":{\"@id\":\"https:\\\/\\\/memurunsesi.net\\\/#website\"},\"primaryImageOfPage\":{\"@id\":\"https:\\\/\\\/memurunsesi.net\\\/index.php\\\/2026\\\/03\\\/13\\\/tokat-valisi-koklu-deprem-sonrasi-cok-sukur-bizi-uzecek-bir-konu-gerceklesmedi\\\/#primaryimage\"},\"image\":{\"@id\":\"https:\\\/\\\/memurunsesi.net\\\/index.php\\\/2026\\\/03\\\/13\\\/tokat-valisi-koklu-deprem-sonrasi-cok-sukur-bizi-uzecek-bir-konu-gerceklesmedi\\\/#primaryimage\"},\"thumbnailUrl\":\"https:\\\/\\\/memurunsesi.net\\\/wp-content\\\/uploads\\\/2026\\\/03\\\/Endise-edilecek-scaled.jpg\",\"datePublished\":\"2026-03-13T05:59:23+00:00\",\"description\":\"\u00a0Tokat'ta 5,5 b\u00fcy\u00fckl\u00fc\u011f\u00fcndeki depremin ard\u0131ndan Niksar'da incelemelerde bulunan Tokat Valisi Abdullah K\u00f6kl\u00fc, \\\"\u0130lk belirlemelere g\u00f6re can kayb\u0131 ya da ciddi bir hasar yok\\\" dedi.\",\"breadcrumb\":{\"@id\":\"https:\\\/\\\/memurunsesi.net\\\/index.php\\\/2026\\\/03\\\/13\\\/tokat-valisi-koklu-deprem-sonrasi-cok-sukur-bizi-uzecek-bir-konu-gerceklesmedi\\\/#breadcrumb\"},\"inLanguage\":\"tr\",\"potentialAction\":[{\"@type\":\"ReadAction\",\"target\":[\"https:\\\/\\\/memurunsesi.net\\\/index.php\\\/2026\\\/03\\\/13\\\/tokat-valisi-koklu-deprem-sonrasi-cok-sukur-bizi-uzecek-bir-konu-gerceklesmedi\\\/\"]}]},{\"@type\":\"ImageObject\",\"inLanguage\":\"tr\",\"@id\":\"https:\\\/\\\/memurunsesi.net\\\/index.php\\\/2026\\\/03\\\/13\\\/tokat-valisi-koklu-deprem-sonrasi-cok-sukur-bizi-uzecek-bir-konu-gerceklesmedi\\\/#primaryimage\",\"url\":\"https:\\\/\\\/memurunsesi.net\\\/wp-content\\\/uploads\\\/2026\\\/03\\\/Endise-edilecek-scaled.jpg\",\"contentUrl\":\"https:\\\/\\\/memurunsesi.net\\\/wp-content\\\/uploads\\\/2026\\\/03\\\/Endise-edilecek-scaled.jpg\",\"width\":2560,\"height\":1306,\"caption\":\"TOKAT'TA 5,5 B\u00dcY\u00dcKL\u00dc\u011e\u00dcNDEK\u0130 DEPREM\u0130N ARDINDAN N\u0130KSAR'DA \u0130NCELEMELERDE BULUNAN TOKAT VAL\u0130S\u0130 ABDULLAH K\u00d6KL\u00dc, \\\"\u0130LK BEL\u0130RLEMELERE G\u00d6RE CAN KAYBI YA DA C\u0130DD\u0130 B\u0130R HASAR YOK\\\" DED\u0130. (AHMET DEM\u0130RA\u011e - SEDAT \u00d6ZATA\\\/TOKAT-\u0130HA) Tokat'ta 5,5 b\u00fcy\u00fckl\u00fc\u011f\u00fcndeki depremin ard\u0131ndan Niksar'da incelemelerde bulunan Tokat Valisi Abdullah K\u00f6kl\u00fc, \\\"\u0130lk belirlemelere g\u00f6re can kayb\u0131 ya da ciddi bir hasar yok\\\" dedi.\"},{\"@type\":\"BreadcrumbList\",\"@id\":\"https:\\\/\\\/memurunsesi.net\\\/index.php\\\/2026\\\/03\\\/13\\\/tokat-valisi-koklu-deprem-sonrasi-cok-sukur-bizi-uzecek-bir-konu-gerceklesmedi\\\/#breadcrumb\",\"itemListElement\":[{\"@type\":\"ListItem\",\"position\":1,\"name\":\"Anasayfa\",\"item\":\"https:\\\/\\\/memurunsesi.net\\\/\"},{\"@type\":\"ListItem\",\"position\":2,\"name\":\"Tokat Valisi K\u00f6kl\u00fc: &#8220;Deprem sonras\u0131 \u00e7ok \u015f\u00fck\u00fcr bizi \u00fczecek bir konu ger\u00e7ekle\u015fmedi&#8221;\"}]},{\"@type\":\"WebSite\",\"@id\":\"https:\\\/\\\/memurunsesi.net\\\/#website\",\"url\":\"https:\\\/\\\/memurunsesi.net\\\/\",\"name\":\"Memurun Sesi\",\"description\":\"G\u00fcncel ve Do\u011fru Haber\",\"publisher\":{\"@id\":\"https:\\\/\\\/memurunsesi.net\\\/#organization\"},\"potentialAction\":[{\"@type\":\"SearchAction\",\"target\":{\"@type\":\"EntryPoint\",\"urlTemplate\":\"https:\\\/\\\/memurunsesi.net\\\/?s={search_term_string}\"},\"query-input\":{\"@type\":\"PropertyValueSpecification\",\"valueRequired\":true,\"valueName\":\"search_term_string\"}}],\"inLanguage\":\"tr\"},{\"@type\":\"Organization\",\"@id\":\"https:\\\/\\\/memurunsesi.net\\\/#organization\",\"name\":\"Memurun Sesi\",\"url\":\"https:\\\/\\\/memurunsesi.net\\\/\",\"logo\":{\"@type\":\"ImageObject\",\"inLanguage\":\"tr\",\"@id\":\"https:\\\/\\\/memurunsesi.net\\\/#\\\/schema\\\/logo\\\/image\\\/\",\"url\":\"https:\\\/\\\/memurunsesi.net\\\/wp-content\\\/uploads\\\/2025\\\/11\\\/cropped-MEMURUN-SESI.png\",\"contentUrl\":\"https:\\\/\\\/memurunsesi.net\\\/wp-content\\\/uploads\\\/2025\\\/11\\\/cropped-MEMURUN-SESI.png\",\"width\":238,\"height\":57,\"caption\":\"Memurun Sesi\"},\"image\":{\"@id\":\"https:\\\/\\\/memurunsesi.net\\\/#\\\/schema\\\/logo\\\/image\\\/\"},\"sameAs\":[\"https:\\\/\\\/www.facebook.com\\\/unipersen\\\/?locale=tr_TR\",\"https:\\\/\\\/x.com\\\/unipersen\"]},{\"@type\":\"Person\",\"@id\":\"https:\\\/\\\/memurunsesi.net\\\/#\\\/schema\\\/person\\\/f21c2d73b89f6ee1d80b0a1803e38587\",\"name\":\"Memurun Sesi Haber Merkezi\",\"image\":{\"@type\":\"ImageObject\",\"inLanguage\":\"tr\",\"@id\":\"https:\\\/\\\/secure.gravatar.com\\\/avatar\\\/6cf0505f452ee753f485014986fab09a434671d2b919ee76fc541025c5876a70?s=96&d=mm&r=g\",\"url\":\"https:\\\/\\\/secure.gravatar.com\\\/avatar\\\/6cf0505f452ee753f485014986fab09a434671d2b919ee76fc541025c5876a70?s=96&d=mm&r=g\",\"contentUrl\":\"https:\\\/\\\/secure.gravatar.com\\\/avatar\\\/6cf0505f452ee753f485014986fab09a434671d2b919ee76fc541025c5876a70?s=96&d=mm&r=g\",\"caption\":\"Memurun Sesi Haber Merkezi\"},\"sameAs\":[\"https:\\\/\\\/memurunsesi.net\"],\"url\":\"https:\\\/\\\/memurunsesi.net\\\/index.php\\\/author\\\/uniper\\\/\"}]}<\/script>\n<!-- \/ Yoast SEO plugin. -->","yoast_head_json":{"title":"Tokat Valisi K\u00f6kl\u00fc: \"Deprem sonras\u0131 \u00e7ok \u015f\u00fck\u00fcr bizi \u00fczecek bir konu ger\u00e7ekle\u015fmedi\" - Memurun Sesi","description":"\u00a0Tokat'ta 5,5 b\u00fcy\u00fckl\u00fc\u011f\u00fcndeki depremin ard\u0131ndan Niksar'da incelemelerde bulunan Tokat Valisi Abdullah K\u00f6kl\u00fc, \"\u0130lk belirlemelere g\u00f6re can kayb\u0131 ya da ciddi bir hasar yok\" dedi.","robots":{"index":"index","follow":"follow","max-snippet":"max-snippet:-1","max-image-preview":"max-image-preview:large","max-video-preview":"max-video-preview:-1"},"canonical":"https:\/\/memurunsesi.net\/index.php\/2026\/03\/13\/tokat-valisi-koklu-deprem-sonrasi-cok-sukur-bizi-uzecek-bir-konu-gerceklesmedi\/","og_locale":"tr_TR","og_type":"article","og_title":"Tokat Valisi K\u00f6kl\u00fc: \"Deprem sonras\u0131 \u00e7ok \u015f\u00fck\u00fcr bizi \u00fczecek bir konu ger\u00e7ekle\u015fmedi\" - Memurun Sesi","og_description":"\u00a0Tokat'ta 5,5 b\u00fcy\u00fckl\u00fc\u011f\u00fcndeki depremin ard\u0131ndan Niksar'da incelemelerde bulunan Tokat Valisi Abdullah K\u00f6kl\u00fc, \"\u0130lk belirlemelere g\u00f6re can kayb\u0131 ya da ciddi bir hasar yok\" dedi.","og_url":"https:\/\/memurunsesi.net\/index.php\/2026\/03\/13\/tokat-valisi-koklu-deprem-sonrasi-cok-sukur-bizi-uzecek-bir-konu-gerceklesmedi\/","og_site_name":"Memurun Sesi","article_publisher":"https:\/\/www.facebook.com\/unipersen\/?locale=tr_TR","article_published_time":"2026-03-13T05:59:23+00:00","og_image":[{"width":2560,"height":1306,"url":"https:\/\/memurunsesi.net\/wp-content\/uploads\/2026\/03\/Endise-edilecek-scaled.jpg","type":"image\/jpeg"}],"author":"Memurun Sesi Haber Merkezi","twitter_card":"summary_large_image","twitter_creator":"@unipersen","twitter_site":"@unipersen","twitter_misc":{"Yazan:":"Memurun Sesi Haber Merkezi","Tahmini okuma s\u00fcresi":"2 dakika"},"schema":{"@context":"https:\/\/schema.org","@graph":[{"@type":"Article","@id":"https:\/\/memurunsesi.net\/index.php\/2026\/03\/13\/tokat-valisi-koklu-deprem-sonrasi-cok-sukur-bizi-uzecek-bir-konu-gerceklesmedi\/#article","isPartOf":{"@id":"https:\/\/memurunsesi.net\/index.php\/2026\/03\/13\/tokat-valisi-koklu-deprem-sonrasi-cok-sukur-bizi-uzecek-bir-konu-gerceklesmedi\/"},"author":{"name":"Memurun Sesi Haber Merkezi","@id":"https:\/\/memurunsesi.net\/#\/schema\/person\/f21c2d73b89f6ee1d80b0a1803e38587"},"headline":"Tokat Valisi K\u00f6kl\u00fc: &#8220;Deprem sonras\u0131 \u00e7ok \u015f\u00fck\u00fcr bizi \u00fczecek bir konu ger\u00e7ekle\u015fmedi&#8221;","datePublished":"2026-03-13T05:59:23+00:00","mainEntityOfPage":{"@id":"https:\/\/memurunsesi.net\/index.php\/2026\/03\/13\/tokat-valisi-koklu-deprem-sonrasi-cok-sukur-bizi-uzecek-bir-konu-gerceklesmedi\/"},"wordCount":233,"commentCount":0,"publisher":{"@id":"https:\/\/memurunsesi.net\/#organization"},"image":{"@id":"https:\/\/memurunsesi.net\/index.php\/2026\/03\/13\/tokat-valisi-koklu-deprem-sonrasi-cok-sukur-bizi-uzecek-bir-konu-gerceklesmedi\/#primaryimage"},"thumbnailUrl":"https:\/\/memurunsesi.net\/wp-content\/uploads\/2026\/03\/Endise-edilecek-scaled.jpg","keywords":["5 b\u00fcy\u00fckl\u00fc\u011f\u00fcndeki depremin ard\u0131ndan","Endi\u015fe edilecek bir durum bulunmuyor\" dedi.","Tokat'ta 5","Vali Abdullah K\u00d6KL\u00dc"],"articleSection":["T\u00fcm Haberler"],"inLanguage":"tr","potentialAction":[{"@type":"CommentAction","name":"Comment","target":["https:\/\/memurunsesi.net\/index.php\/2026\/03\/13\/tokat-valisi-koklu-deprem-sonrasi-cok-sukur-bizi-uzecek-bir-konu-gerceklesmedi\/#respond"]}]},{"@type":"WebPage","@id":"https:\/\/memurunsesi.net\/index.php\/2026\/03\/13\/tokat-valisi-koklu-deprem-sonrasi-cok-sukur-bizi-uzecek-bir-konu-gerceklesmedi\/","url":"https:\/\/memurunsesi.net\/index.php\/2026\/03\/13\/tokat-valisi-koklu-deprem-sonrasi-cok-sukur-bizi-uzecek-bir-konu-gerceklesmedi\/","name":"Tokat Valisi K\u00f6kl\u00fc: \"Deprem sonras\u0131 \u00e7ok \u015f\u00fck\u00fcr bizi \u00fczecek bir konu ger\u00e7ekle\u015fmedi\" - Memurun Sesi","isPartOf":{"@id":"https:\/\/memurunsesi.net\/#website"},"primaryImageOfPage":{"@id":"https:\/\/memurunsesi.net\/index.php\/2026\/03\/13\/tokat-valisi-koklu-deprem-sonrasi-cok-sukur-bizi-uzecek-bir-konu-gerceklesmedi\/#primaryimage"},"image":{"@id":"https:\/\/memurunsesi.net\/index.php\/2026\/03\/13\/tokat-valisi-koklu-deprem-sonrasi-cok-sukur-bizi-uzecek-bir-konu-gerceklesmedi\/#primaryimage"},"thumbnailUrl":"https:\/\/memurunsesi.net\/wp-content\/uploads\/2026\/03\/Endise-edilecek-scaled.jpg","datePublished":"2026-03-13T05:59:23+00:00","description":"\u00a0Tokat'ta 5,5 b\u00fcy\u00fckl\u00fc\u011f\u00fcndeki depremin ard\u0131ndan Niksar'da incelemelerde bulunan Tokat Valisi Abdullah K\u00f6kl\u00fc, \"\u0130lk belirlemelere g\u00f6re can kayb\u0131 ya da ciddi bir hasar yok\" dedi.","breadcrumb":{"@id":"https:\/\/memurunsesi.net\/index.php\/2026\/03\/13\/tokat-valisi-koklu-deprem-sonrasi-cok-sukur-bizi-uzecek-bir-konu-gerceklesmedi\/#breadcrumb"},"inLanguage":"tr","potentialAction":[{"@type":"ReadAction","target":["https:\/\/memurunsesi.net\/index.php\/2026\/03\/13\/tokat-valisi-koklu-deprem-sonrasi-cok-sukur-bizi-uzecek-bir-konu-gerceklesmedi\/"]}]},{"@type":"ImageObject","inLanguage":"tr","@id":"https:\/\/memurunsesi.net\/index.php\/2026\/03\/13\/tokat-valisi-koklu-deprem-sonrasi-cok-sukur-bizi-uzecek-bir-konu-gerceklesmedi\/#primaryimage","url":"https:\/\/memurunsesi.net\/wp-content\/uploads\/2026\/03\/Endise-edilecek-scaled.jpg","contentUrl":"https:\/\/memurunsesi.net\/wp-content\/uploads\/2026\/03\/Endise-edilecek-scaled.jpg","width":2560,"height":1306,"caption":"TOKAT'TA 5,5 B\u00dcY\u00dcKL\u00dc\u011e\u00dcNDEK\u0130 DEPREM\u0130N ARDINDAN N\u0130KSAR'DA \u0130NCELEMELERDE BULUNAN TOKAT VAL\u0130S\u0130 ABDULLAH K\u00d6KL\u00dc, \"\u0130LK BEL\u0130RLEMELERE G\u00d6RE CAN KAYBI YA DA C\u0130DD\u0130 B\u0130R HASAR YOK\" DED\u0130. (AHMET DEM\u0130RA\u011e - SEDAT \u00d6ZATA\/TOKAT-\u0130HA) Tokat'ta 5,5 b\u00fcy\u00fckl\u00fc\u011f\u00fcndeki depremin ard\u0131ndan Niksar'da incelemelerde bulunan Tokat Valisi Abdullah K\u00f6kl\u00fc, \"\u0130lk belirlemelere g\u00f6re can kayb\u0131 ya da ciddi bir hasar yok\" dedi."},{"@type":"BreadcrumbList","@id":"https:\/\/memurunsesi.net\/index.php\/2026\/03\/13\/tokat-valisi-koklu-deprem-sonrasi-cok-sukur-bizi-uzecek-bir-konu-gerceklesmedi\/#breadcrumb","itemListElement":[{"@type":"ListItem","position":1,"name":"Anasayfa","item":"https:\/\/memurunsesi.net\/"},{"@type":"ListItem","position":2,"name":"Tokat Valisi K\u00f6kl\u00fc: &#8220;Deprem sonras\u0131 \u00e7ok \u015f\u00fck\u00fcr bizi \u00fczecek bir konu ger\u00e7ekle\u015fmedi&#8221;"}]},{"@type":"WebSite","@id":"https:\/\/memurunsesi.net\/#website","url":"https:\/\/memurunsesi.net\/","name":"Memurun Sesi","description":"G\u00fcncel ve Do\u011fru Haber","publisher":{"@id":"https:\/\/memurunsesi.net\/#organization"},"potentialAction":[{"@type":"SearchAction","target":{"@type":"EntryPoint","urlTemplate":"https:\/\/memurunsesi.net\/?s={search_term_string}"},"query-input":{"@type":"PropertyValueSpecification","valueRequired":true,"valueName":"search_term_string"}}],"inLanguage":"tr"},{"@type":"Organization","@id":"https:\/\/memurunsesi.net\/#organization","name":"Memurun Sesi","url":"https:\/\/memurunsesi.net\/","logo":{"@type":"ImageObject","inLanguage":"tr","@id":"https:\/\/memurunsesi.net\/#\/schema\/logo\/image\/","url":"https:\/\/memurunsesi.net\/wp-content\/uploads\/2025\/11\/cropped-MEMURUN-SESI.png","contentUrl":"https:\/\/memurunsesi.net\/wp-content\/uploads\/2025\/11\/cropped-MEMURUN-SESI.png","width":238,"height":57,"caption":"Memurun Sesi"},"image":{"@id":"https:\/\/memurunsesi.net\/#\/schema\/logo\/image\/"},"sameAs":["https:\/\/www.facebook.com\/unipersen\/?locale=tr_TR","https:\/\/x.com\/unipersen"]},{"@type":"Person","@id":"https:\/\/memurunsesi.net\/#\/schema\/person\/f21c2d73b89f6ee1d80b0a1803e38587","name":"Memurun Sesi Haber Merkezi","image":{"@type":"ImageObject","inLanguage":"tr","@id":"https:\/\/secure.gravatar.com\/avatar\/6cf0505f452ee753f485014986fab09a434671d2b919ee76fc541025c5876a70?s=96&d=mm&r=g","url":"https:\/\/secure.gravatar.com\/avatar\/6cf0505f452ee753f485014986fab09a434671d2b919ee76fc541025c5876a70?s=96&d=mm&r=g","contentUrl":"https:\/\/secure.gravatar.com\/avatar\/6cf0505f452ee753f485014986fab09a434671d2b919ee76fc541025c5876a70?s=96&d=mm&r=g","caption":"Memurun Sesi Haber Merkezi"},"sameAs":["https:\/\/memurunsesi.net"],"url":"https:\/\/memurunsesi.net\/index.php\/author\/uniper\/"}]}},"_links":{"self":[{"href":"https:\/\/memurunsesi.net\/index.php\/wp-json\/wp\/v2\/posts\/18285","targetHints":{"allow":["GET"]}}],"collection":[{"href":"https:\/\/memurunsesi.net\/index.php\/wp-json\/wp\/v2\/posts"}],"about":[{"href":"https:\/\/memurunsesi.net\/index.php\/wp-json\/wp\/v2\/types\/post"}],"author":[{"embeddable":true,"href":"https:\/\/memurunsesi.net\/index.php\/wp-json\/wp\/v2\/users\/1"}],"replies":[{"embeddable":true,"href":"https:\/\/memurunsesi.net\/index.php\/wp-json\/wp\/v2\/comments?post=18285"}],"version-history":[{"count":1,"href":"https:\/\/memurunsesi.net\/index.php\/wp-json\/wp\/v2\/posts\/18285\/revisions"}],"predecessor-version":[{"id":18287,"href":"https:\/\/memurunsesi.net\/index.php\/wp-json\/wp\/v2\/posts\/18285\/revisions\/18287"}],"wp:featuredmedia":[{"embeddable":true,"href":"https:\/\/memurunsesi.net\/index.php\/wp-json\/wp\/v2\/media\/18286"}],"wp:attachment":[{"href":"https:\/\/memurunsesi.net\/index.php\/wp-json\/wp\/v2\/media?parent=18285"}],"wp:term":[{"taxonomy":"category","embeddable":true,"href":"https:\/\/memurunsesi.net\/index.php\/wp-json\/wp\/v2\/categories?post=18285"},{"taxonomy":"post_tag","embeddable":true,"href":"https:\/\/memurunsesi.net\/index.php\/wp-json\/wp\/v2\/tags?post=18285"}],"curies":[{"name":"wp","href":"https:\/\/api.w.org\/{rel}","templated":true}]}}