{"id":18288,"date":"2026-03-13T09:02:27","date_gmt":"2026-03-13T06:02:27","guid":{"rendered":"https:\/\/memurunsesi.net\/?p=18288"},"modified":"2026-03-13T09:02:27","modified_gmt":"2026-03-13T06:02:27","slug":"tarihci-yazar-prof-dr-ilber-ortayli-entube-edildi","status":"publish","type":"post","link":"https:\/\/memurunsesi.net\/index.php\/2026\/03\/13\/tarihci-yazar-prof-dr-ilber-ortayli-entube-edildi\/","title":{"rendered":"Tarih\u00e7i yazar Prof. Dr. \u0130lber Ortayl\u0131 ent\u00fcbe edildi"},"content":{"rendered":"<p>Sa\u011fl\u0131k sorunlar\u0131 sebebiyle Ko\u00e7 \u00dcniversitesi Hastanesi&#8217;nde bir s\u00fcredir yo\u011fun bak\u0131mda tedavi g\u00f6ren 78 ya\u015f\u0131ndaki Prof. Dr. \u0130lber Ortayl\u0131&#8217;n\u0131n, durumunun a\u011f\u0131rla\u015fmas\u0131 \u00fczerine ent\u00fcbe edildi\u011fi ve tedavisinin bu \u015fekilde devam etti\u011fi \u00f6\u011frenildi.<br \/>\nOrtayl\u0131&#8217;n\u0131n ailesi taraf\u0131ndan sa\u011fl\u0131k durumuna ili\u015fkin sosyal medya hesab\u0131ndan 2 g\u00fcn \u00f6nce yap\u0131lan ilk a\u00e7\u0131klamada, &#8220;\u0130lber Ortayl\u0131&#8217;n\u0131n be\u015f g\u00fcnd\u00fcr yo\u011fun bak\u0131mda tedavisi devam etmektedir. Durumu stabildir. Alan\u0131nda \u00e7ok iyi bir ekip taraf\u0131ndan b\u00fcy\u00fck bir \u00f6zenle takip edilmektedir. \u0130yi dileklerinizin ve dualar\u0131n\u0131z\u0131n yard\u0131mc\u0131 olaca\u011f\u0131n\u0131 umuyoruz.&#8221; ifadelerine yer verilmi\u015fti.<\/p>\n<p>&#8220;Pazar g\u00fcn\u00fc ent\u00fcbe edildi&#8221;<br \/>\nOrtayl\u0131\u2019n\u0131n ailesi taraf\u0131ndan sosyal medyadan yap\u0131lan son a\u00e7\u0131klamada hastane ve tedavi s\u00fcreci &#8220;Prof. Dr. \u0130lber Ortayl\u0131, ge\u00e7en ocak ay\u0131nda prostat ameliyat\u0131 olmu\u015ftu. Taburcu olduktan sonra bu rahats\u0131zl\u0131\u011f\u0131yla ba\u011flant\u0131l\u0131 sorunlar\u0131n tedavisi i\u00e7in bir s\u00fcreli\u011fine daha hastaneye yatt\u0131. Ard\u0131ndan tekrar taburcu oldu. Diyabet hastas\u0131 olan ve b\u00f6brek rahats\u0131zl\u0131\u011f\u0131ndan dolay\u0131 haftada \u00fc\u00e7 g\u00fcn diyalize giren Ortayl\u0131, ba\u011f\u0131\u015f\u0131kl\u0131k sistemiyle ilgili imm\u00fcn tedavisi de g\u00f6r\u00fcyordu. Ortayl\u0131 ge\u00e7en per\u015fembe g\u00fcn\u00fc rahats\u0131zl\u0131klar\u0131n\u0131n tekrar n\u00fcksetmesinin ard\u0131ndan Ko\u00e7 \u00dcniversitesi Hastanesi&#8217;ne yat\u0131r\u0131ld\u0131. Bir s\u00fcre bilinci a\u00e7\u0131k devam eden tedavisinin ard\u0131ndan yo\u011fun bak\u0131ma al\u0131nd\u0131 ve pazar g\u00fcn\u00fc itibar\u0131yla da ent\u00fcbe edildi. Tedavisi halen bu \u015fekilde devam ediyor ve durumu da stabil.&#8221; s\u00f6zlerine yer verildi.<\/p>\n<p>13.03.2026<\/p>\n","protected":false},"excerpt":{"rendered":"<p>Sa\u011fl\u0131k sorunlar\u0131 sebebiyle Ko\u00e7 \u00dcniversitesi Hastanesi&#8217;nde bir s\u00fcredir yo\u011fun bak\u0131mda tedavi g\u00f6ren 78 ya\u015f\u0131ndaki Prof. Dr. \u0130lber Ortayl\u0131&#8217;n\u0131n, durumunun a\u011f\u0131rla\u015fmas\u0131 \u00fczerine ent\u00fcbe edildi\u011fi ve tedavisinin bu \u015fekilde devam etti\u011fi \u00f6\u011frenildi. Ortayl\u0131&#8217;n\u0131n ailesi taraf\u0131ndan sa\u011fl\u0131k durumuna ili\u015fkin sosyal medya hesab\u0131ndan 2 g\u00fcn \u00f6nce yap\u0131lan ilk a\u00e7\u0131klamada, &#8220;\u0130lber Ortayl\u0131&#8217;n\u0131n be\u015f g\u00fcnd\u00fcr yo\u011fun bak\u0131mda tedavisi devam etmektedir. Durumu [&hellip;]<\/p>\n","protected":false},"author":1,"featured_media":18289,"comment_status":"open","ping_status":"open","sticky":false,"template":"","format":"standard","meta":{"footnotes":""},"categories":[45],"tags":[546,2018,2017],"class_list":["post-18288","post","type-post","status-publish","format-standard","has-post-thumbnail","hentry","category-gundem","tag-entube-edildi","tag-prof-dr-ilber-ortayli","tag-tarihci-yazar"],"yoast_head":"<!-- This site is optimized with the Yoast SEO plugin v27.4 - https:\/\/yoast.com\/product\/yoast-seo-wordpress\/ -->\n<title>Tarih\u00e7i yazar Prof. Dr. \u0130lber Ortayl\u0131 ent\u00fcbe edildi - Memurun Sesi<\/title>\n<meta name=\"description\" content=\"Sa\u011fl\u0131k sorunlar\u0131 sebebiyle Ko\u00e7 \u00dcniversitesi Hastanesi&#039;nde bir s\u00fcredir yo\u011fun bak\u0131mda tedavi g\u00f6ren 78 ya\u015f\u0131ndaki Prof. Dr. \u0130lber Ortayl\u0131&#039;n\u0131n, durumunun a\u011f\u0131rla\u015fmas\u0131 \u00fczerine ent\u00fcbe edildi\u011fi ve tedavisinin bu \u015fekilde devam etti\u011fi \u00f6\u011frenildi.\" \/>\n<meta name=\"robots\" content=\"index, follow, max-snippet:-1, max-image-preview:large, max-video-preview:-1\" \/>\n<link rel=\"canonical\" href=\"https:\/\/memurunsesi.net\/index.php\/2026\/03\/13\/tarihci-yazar-prof-dr-ilber-ortayli-entube-edildi\/\" \/>\n<meta property=\"og:locale\" content=\"tr_TR\" \/>\n<meta property=\"og:type\" content=\"article\" \/>\n<meta property=\"og:title\" content=\"Tarih\u00e7i yazar Prof. Dr. \u0130lber Ortayl\u0131 ent\u00fcbe edildi - Memurun Sesi\" \/>\n<meta property=\"og:description\" content=\"Sa\u011fl\u0131k sorunlar\u0131 sebebiyle Ko\u00e7 \u00dcniversitesi Hastanesi&#039;nde bir s\u00fcredir yo\u011fun bak\u0131mda tedavi g\u00f6ren 78 ya\u015f\u0131ndaki Prof. Dr. \u0130lber Ortayl\u0131&#039;n\u0131n, durumunun a\u011f\u0131rla\u015fmas\u0131 \u00fczerine ent\u00fcbe edildi\u011fi ve tedavisinin bu \u015fekilde devam etti\u011fi \u00f6\u011frenildi.\" \/>\n<meta property=\"og:url\" content=\"https:\/\/memurunsesi.net\/index.php\/2026\/03\/13\/tarihci-yazar-prof-dr-ilber-ortayli-entube-edildi\/\" \/>\n<meta property=\"og:site_name\" content=\"Memurun Sesi\" \/>\n<meta property=\"article:publisher\" content=\"https:\/\/www.facebook.com\/unipersen\/?locale=tr_TR\" \/>\n<meta property=\"article:published_time\" content=\"2026-03-13T06:02:27+00:00\" \/>\n<meta property=\"og:image\" content=\"https:\/\/memurunsesi.net\/wp-content\/uploads\/2026\/03\/ilber-ortayli.webp\" \/>\n\t<meta property=\"og:image:width\" content=\"226\" \/>\n\t<meta property=\"og:image:height\" content=\"155\" \/>\n\t<meta property=\"og:image:type\" content=\"image\/webp\" \/>\n<meta name=\"author\" content=\"Memurun Sesi Haber Merkezi\" \/>\n<meta name=\"twitter:card\" content=\"summary_large_image\" \/>\n<meta name=\"twitter:creator\" content=\"@unipersen\" \/>\n<meta name=\"twitter:site\" content=\"@unipersen\" \/>\n<meta name=\"twitter:label1\" content=\"Yazan:\" \/>\n\t<meta name=\"twitter:data1\" content=\"Memurun Sesi Haber Merkezi\" \/>\n\t<meta name=\"twitter:label2\" content=\"Tahmini okuma s\u00fcresi\" \/>\n\t<meta name=\"twitter:data2\" content=\"2 dakika\" \/>\n<script type=\"application\/ld+json\" class=\"yoast-schema-graph\">{\"@context\":\"https:\\\/\\\/schema.org\",\"@graph\":[{\"@type\":\"Article\",\"@id\":\"https:\\\/\\\/memurunsesi.net\\\/index.php\\\/2026\\\/03\\\/13\\\/tarihci-yazar-prof-dr-ilber-ortayli-entube-edildi\\\/#article\",\"isPartOf\":{\"@id\":\"https:\\\/\\\/memurunsesi.net\\\/index.php\\\/2026\\\/03\\\/13\\\/tarihci-yazar-prof-dr-ilber-ortayli-entube-edildi\\\/\"},\"author\":{\"name\":\"Memurun Sesi Haber Merkezi\",\"@id\":\"https:\\\/\\\/memurunsesi.net\\\/#\\\/schema\\\/person\\\/f21c2d73b89f6ee1d80b0a1803e38587\"},\"headline\":\"Tarih\u00e7i yazar Prof. Dr. \u0130lber Ortayl\u0131 ent\u00fcbe edildi\",\"datePublished\":\"2026-03-13T06:02:27+00:00\",\"mainEntityOfPage\":{\"@id\":\"https:\\\/\\\/memurunsesi.net\\\/index.php\\\/2026\\\/03\\\/13\\\/tarihci-yazar-prof-dr-ilber-ortayli-entube-edildi\\\/\"},\"wordCount\":283,\"commentCount\":0,\"publisher\":{\"@id\":\"https:\\\/\\\/memurunsesi.net\\\/#organization\"},\"image\":{\"@id\":\"https:\\\/\\\/memurunsesi.net\\\/index.php\\\/2026\\\/03\\\/13\\\/tarihci-yazar-prof-dr-ilber-ortayli-entube-edildi\\\/#primaryimage\"},\"thumbnailUrl\":\"https:\\\/\\\/memurunsesi.net\\\/wp-content\\\/uploads\\\/2026\\\/03\\\/ilber-ortayli.webp\",\"keywords\":[\"ent\u00fcbe edildi\",\"Prof. Dr. \u0130lber Ortayl\u0131\",\"Tarih\u00e7i yazar\"],\"articleSection\":[\"G\u00fcndem\"],\"inLanguage\":\"tr\",\"potentialAction\":[{\"@type\":\"CommentAction\",\"name\":\"Comment\",\"target\":[\"https:\\\/\\\/memurunsesi.net\\\/index.php\\\/2026\\\/03\\\/13\\\/tarihci-yazar-prof-dr-ilber-ortayli-entube-edildi\\\/#respond\"]}]},{\"@type\":\"WebPage\",\"@id\":\"https:\\\/\\\/memurunsesi.net\\\/index.php\\\/2026\\\/03\\\/13\\\/tarihci-yazar-prof-dr-ilber-ortayli-entube-edildi\\\/\",\"url\":\"https:\\\/\\\/memurunsesi.net\\\/index.php\\\/2026\\\/03\\\/13\\\/tarihci-yazar-prof-dr-ilber-ortayli-entube-edildi\\\/\",\"name\":\"Tarih\u00e7i yazar Prof. Dr. \u0130lber Ortayl\u0131 ent\u00fcbe edildi - Memurun Sesi\",\"isPartOf\":{\"@id\":\"https:\\\/\\\/memurunsesi.net\\\/#website\"},\"primaryImageOfPage\":{\"@id\":\"https:\\\/\\\/memurunsesi.net\\\/index.php\\\/2026\\\/03\\\/13\\\/tarihci-yazar-prof-dr-ilber-ortayli-entube-edildi\\\/#primaryimage\"},\"image\":{\"@id\":\"https:\\\/\\\/memurunsesi.net\\\/index.php\\\/2026\\\/03\\\/13\\\/tarihci-yazar-prof-dr-ilber-ortayli-entube-edildi\\\/#primaryimage\"},\"thumbnailUrl\":\"https:\\\/\\\/memurunsesi.net\\\/wp-content\\\/uploads\\\/2026\\\/03\\\/ilber-ortayli.webp\",\"datePublished\":\"2026-03-13T06:02:27+00:00\",\"description\":\"Sa\u011fl\u0131k sorunlar\u0131 sebebiyle Ko\u00e7 \u00dcniversitesi Hastanesi'nde bir s\u00fcredir yo\u011fun bak\u0131mda tedavi g\u00f6ren 78 ya\u015f\u0131ndaki Prof. Dr. \u0130lber Ortayl\u0131'n\u0131n, durumunun a\u011f\u0131rla\u015fmas\u0131 \u00fczerine ent\u00fcbe edildi\u011fi ve tedavisinin bu \u015fekilde devam etti\u011fi \u00f6\u011frenildi.\",\"breadcrumb\":{\"@id\":\"https:\\\/\\\/memurunsesi.net\\\/index.php\\\/2026\\\/03\\\/13\\\/tarihci-yazar-prof-dr-ilber-ortayli-entube-edildi\\\/#breadcrumb\"},\"inLanguage\":\"tr\",\"potentialAction\":[{\"@type\":\"ReadAction\",\"target\":[\"https:\\\/\\\/memurunsesi.net\\\/index.php\\\/2026\\\/03\\\/13\\\/tarihci-yazar-prof-dr-ilber-ortayli-entube-edildi\\\/\"]}]},{\"@type\":\"ImageObject\",\"inLanguage\":\"tr\",\"@id\":\"https:\\\/\\\/memurunsesi.net\\\/index.php\\\/2026\\\/03\\\/13\\\/tarihci-yazar-prof-dr-ilber-ortayli-entube-edildi\\\/#primaryimage\",\"url\":\"https:\\\/\\\/memurunsesi.net\\\/wp-content\\\/uploads\\\/2026\\\/03\\\/ilber-ortayli.webp\",\"contentUrl\":\"https:\\\/\\\/memurunsesi.net\\\/wp-content\\\/uploads\\\/2026\\\/03\\\/ilber-ortayli.webp\",\"width\":226,\"height\":155},{\"@type\":\"BreadcrumbList\",\"@id\":\"https:\\\/\\\/memurunsesi.net\\\/index.php\\\/2026\\\/03\\\/13\\\/tarihci-yazar-prof-dr-ilber-ortayli-entube-edildi\\\/#breadcrumb\",\"itemListElement\":[{\"@type\":\"ListItem\",\"position\":1,\"name\":\"Anasayfa\",\"item\":\"https:\\\/\\\/memurunsesi.net\\\/\"},{\"@type\":\"ListItem\",\"position\":2,\"name\":\"Tarih\u00e7i yazar Prof. Dr. \u0130lber Ortayl\u0131 ent\u00fcbe edildi\"}]},{\"@type\":\"WebSite\",\"@id\":\"https:\\\/\\\/memurunsesi.net\\\/#website\",\"url\":\"https:\\\/\\\/memurunsesi.net\\\/\",\"name\":\"Memurun Sesi\",\"description\":\"G\u00fcncel ve Do\u011fru Haber\",\"publisher\":{\"@id\":\"https:\\\/\\\/memurunsesi.net\\\/#organization\"},\"potentialAction\":[{\"@type\":\"SearchAction\",\"target\":{\"@type\":\"EntryPoint\",\"urlTemplate\":\"https:\\\/\\\/memurunsesi.net\\\/?s={search_term_string}\"},\"query-input\":{\"@type\":\"PropertyValueSpecification\",\"valueRequired\":true,\"valueName\":\"search_term_string\"}}],\"inLanguage\":\"tr\"},{\"@type\":\"Organization\",\"@id\":\"https:\\\/\\\/memurunsesi.net\\\/#organization\",\"name\":\"Memurun Sesi\",\"url\":\"https:\\\/\\\/memurunsesi.net\\\/\",\"logo\":{\"@type\":\"ImageObject\",\"inLanguage\":\"tr\",\"@id\":\"https:\\\/\\\/memurunsesi.net\\\/#\\\/schema\\\/logo\\\/image\\\/\",\"url\":\"https:\\\/\\\/memurunsesi.net\\\/wp-content\\\/uploads\\\/2025\\\/11\\\/cropped-MEMURUN-SESI.png\",\"contentUrl\":\"https:\\\/\\\/memurunsesi.net\\\/wp-content\\\/uploads\\\/2025\\\/11\\\/cropped-MEMURUN-SESI.png\",\"width\":238,\"height\":57,\"caption\":\"Memurun Sesi\"},\"image\":{\"@id\":\"https:\\\/\\\/memurunsesi.net\\\/#\\\/schema\\\/logo\\\/image\\\/\"},\"sameAs\":[\"https:\\\/\\\/www.facebook.com\\\/unipersen\\\/?locale=tr_TR\",\"https:\\\/\\\/x.com\\\/unipersen\"]},{\"@type\":\"Person\",\"@id\":\"https:\\\/\\\/memurunsesi.net\\\/#\\\/schema\\\/person\\\/f21c2d73b89f6ee1d80b0a1803e38587\",\"name\":\"Memurun Sesi Haber Merkezi\",\"image\":{\"@type\":\"ImageObject\",\"inLanguage\":\"tr\",\"@id\":\"https:\\\/\\\/secure.gravatar.com\\\/avatar\\\/6cf0505f452ee753f485014986fab09a434671d2b919ee76fc541025c5876a70?s=96&d=mm&r=g\",\"url\":\"https:\\\/\\\/secure.gravatar.com\\\/avatar\\\/6cf0505f452ee753f485014986fab09a434671d2b919ee76fc541025c5876a70?s=96&d=mm&r=g\",\"contentUrl\":\"https:\\\/\\\/secure.gravatar.com\\\/avatar\\\/6cf0505f452ee753f485014986fab09a434671d2b919ee76fc541025c5876a70?s=96&d=mm&r=g\",\"caption\":\"Memurun Sesi Haber Merkezi\"},\"sameAs\":[\"https:\\\/\\\/memurunsesi.net\"],\"url\":\"https:\\\/\\\/memurunsesi.net\\\/index.php\\\/author\\\/uniper\\\/\"}]}<\/script>\n<!-- \/ Yoast SEO plugin. -->","yoast_head_json":{"title":"Tarih\u00e7i yazar Prof. Dr. \u0130lber Ortayl\u0131 ent\u00fcbe edildi - Memurun Sesi","description":"Sa\u011fl\u0131k sorunlar\u0131 sebebiyle Ko\u00e7 \u00dcniversitesi Hastanesi'nde bir s\u00fcredir yo\u011fun bak\u0131mda tedavi g\u00f6ren 78 ya\u015f\u0131ndaki Prof. Dr. \u0130lber Ortayl\u0131'n\u0131n, durumunun a\u011f\u0131rla\u015fmas\u0131 \u00fczerine ent\u00fcbe edildi\u011fi ve tedavisinin bu \u015fekilde devam etti\u011fi \u00f6\u011frenildi.","robots":{"index":"index","follow":"follow","max-snippet":"max-snippet:-1","max-image-preview":"max-image-preview:large","max-video-preview":"max-video-preview:-1"},"canonical":"https:\/\/memurunsesi.net\/index.php\/2026\/03\/13\/tarihci-yazar-prof-dr-ilber-ortayli-entube-edildi\/","og_locale":"tr_TR","og_type":"article","og_title":"Tarih\u00e7i yazar Prof. Dr. \u0130lber Ortayl\u0131 ent\u00fcbe edildi - Memurun Sesi","og_description":"Sa\u011fl\u0131k sorunlar\u0131 sebebiyle Ko\u00e7 \u00dcniversitesi Hastanesi'nde bir s\u00fcredir yo\u011fun bak\u0131mda tedavi g\u00f6ren 78 ya\u015f\u0131ndaki Prof. Dr. \u0130lber Ortayl\u0131'n\u0131n, durumunun a\u011f\u0131rla\u015fmas\u0131 \u00fczerine ent\u00fcbe edildi\u011fi ve tedavisinin bu \u015fekilde devam etti\u011fi \u00f6\u011frenildi.","og_url":"https:\/\/memurunsesi.net\/index.php\/2026\/03\/13\/tarihci-yazar-prof-dr-ilber-ortayli-entube-edildi\/","og_site_name":"Memurun Sesi","article_publisher":"https:\/\/www.facebook.com\/unipersen\/?locale=tr_TR","article_published_time":"2026-03-13T06:02:27+00:00","og_image":[{"width":226,"height":155,"url":"https:\/\/memurunsesi.net\/wp-content\/uploads\/2026\/03\/ilber-ortayli.webp","type":"image\/webp"}],"author":"Memurun Sesi Haber Merkezi","twitter_card":"summary_large_image","twitter_creator":"@unipersen","twitter_site":"@unipersen","twitter_misc":{"Yazan:":"Memurun Sesi Haber Merkezi","Tahmini okuma s\u00fcresi":"2 dakika"},"schema":{"@context":"https:\/\/schema.org","@graph":[{"@type":"Article","@id":"https:\/\/memurunsesi.net\/index.php\/2026\/03\/13\/tarihci-yazar-prof-dr-ilber-ortayli-entube-edildi\/#article","isPartOf":{"@id":"https:\/\/memurunsesi.net\/index.php\/2026\/03\/13\/tarihci-yazar-prof-dr-ilber-ortayli-entube-edildi\/"},"author":{"name":"Memurun Sesi Haber Merkezi","@id":"https:\/\/memurunsesi.net\/#\/schema\/person\/f21c2d73b89f6ee1d80b0a1803e38587"},"headline":"Tarih\u00e7i yazar Prof. Dr. \u0130lber Ortayl\u0131 ent\u00fcbe edildi","datePublished":"2026-03-13T06:02:27+00:00","mainEntityOfPage":{"@id":"https:\/\/memurunsesi.net\/index.php\/2026\/03\/13\/tarihci-yazar-prof-dr-ilber-ortayli-entube-edildi\/"},"wordCount":283,"commentCount":0,"publisher":{"@id":"https:\/\/memurunsesi.net\/#organization"},"image":{"@id":"https:\/\/memurunsesi.net\/index.php\/2026\/03\/13\/tarihci-yazar-prof-dr-ilber-ortayli-entube-edildi\/#primaryimage"},"thumbnailUrl":"https:\/\/memurunsesi.net\/wp-content\/uploads\/2026\/03\/ilber-ortayli.webp","keywords":["ent\u00fcbe edildi","Prof. Dr. \u0130lber Ortayl\u0131","Tarih\u00e7i yazar"],"articleSection":["G\u00fcndem"],"inLanguage":"tr","potentialAction":[{"@type":"CommentAction","name":"Comment","target":["https:\/\/memurunsesi.net\/index.php\/2026\/03\/13\/tarihci-yazar-prof-dr-ilber-ortayli-entube-edildi\/#respond"]}]},{"@type":"WebPage","@id":"https:\/\/memurunsesi.net\/index.php\/2026\/03\/13\/tarihci-yazar-prof-dr-ilber-ortayli-entube-edildi\/","url":"https:\/\/memurunsesi.net\/index.php\/2026\/03\/13\/tarihci-yazar-prof-dr-ilber-ortayli-entube-edildi\/","name":"Tarih\u00e7i yazar Prof. Dr. \u0130lber Ortayl\u0131 ent\u00fcbe edildi - Memurun Sesi","isPartOf":{"@id":"https:\/\/memurunsesi.net\/#website"},"primaryImageOfPage":{"@id":"https:\/\/memurunsesi.net\/index.php\/2026\/03\/13\/tarihci-yazar-prof-dr-ilber-ortayli-entube-edildi\/#primaryimage"},"image":{"@id":"https:\/\/memurunsesi.net\/index.php\/2026\/03\/13\/tarihci-yazar-prof-dr-ilber-ortayli-entube-edildi\/#primaryimage"},"thumbnailUrl":"https:\/\/memurunsesi.net\/wp-content\/uploads\/2026\/03\/ilber-ortayli.webp","datePublished":"2026-03-13T06:02:27+00:00","description":"Sa\u011fl\u0131k sorunlar\u0131 sebebiyle Ko\u00e7 \u00dcniversitesi Hastanesi'nde bir s\u00fcredir yo\u011fun bak\u0131mda tedavi g\u00f6ren 78 ya\u015f\u0131ndaki Prof. Dr. \u0130lber Ortayl\u0131'n\u0131n, durumunun a\u011f\u0131rla\u015fmas\u0131 \u00fczerine ent\u00fcbe edildi\u011fi ve tedavisinin bu \u015fekilde devam etti\u011fi \u00f6\u011frenildi.","breadcrumb":{"@id":"https:\/\/memurunsesi.net\/index.php\/2026\/03\/13\/tarihci-yazar-prof-dr-ilber-ortayli-entube-edildi\/#breadcrumb"},"inLanguage":"tr","potentialAction":[{"@type":"ReadAction","target":["https:\/\/memurunsesi.net\/index.php\/2026\/03\/13\/tarihci-yazar-prof-dr-ilber-ortayli-entube-edildi\/"]}]},{"@type":"ImageObject","inLanguage":"tr","@id":"https:\/\/memurunsesi.net\/index.php\/2026\/03\/13\/tarihci-yazar-prof-dr-ilber-ortayli-entube-edildi\/#primaryimage","url":"https:\/\/memurunsesi.net\/wp-content\/uploads\/2026\/03\/ilber-ortayli.webp","contentUrl":"https:\/\/memurunsesi.net\/wp-content\/uploads\/2026\/03\/ilber-ortayli.webp","width":226,"height":155},{"@type":"BreadcrumbList","@id":"https:\/\/memurunsesi.net\/index.php\/2026\/03\/13\/tarihci-yazar-prof-dr-ilber-ortayli-entube-edildi\/#breadcrumb","itemListElement":[{"@type":"ListItem","position":1,"name":"Anasayfa","item":"https:\/\/memurunsesi.net\/"},{"@type":"ListItem","position":2,"name":"Tarih\u00e7i yazar Prof. Dr. \u0130lber Ortayl\u0131 ent\u00fcbe edildi"}]},{"@type":"WebSite","@id":"https:\/\/memurunsesi.net\/#website","url":"https:\/\/memurunsesi.net\/","name":"Memurun Sesi","description":"G\u00fcncel ve Do\u011fru Haber","publisher":{"@id":"https:\/\/memurunsesi.net\/#organization"},"potentialAction":[{"@type":"SearchAction","target":{"@type":"EntryPoint","urlTemplate":"https:\/\/memurunsesi.net\/?s={search_term_string}"},"query-input":{"@type":"PropertyValueSpecification","valueRequired":true,"valueName":"search_term_string"}}],"inLanguage":"tr"},{"@type":"Organization","@id":"https:\/\/memurunsesi.net\/#organization","name":"Memurun Sesi","url":"https:\/\/memurunsesi.net\/","logo":{"@type":"ImageObject","inLanguage":"tr","@id":"https:\/\/memurunsesi.net\/#\/schema\/logo\/image\/","url":"https:\/\/memurunsesi.net\/wp-content\/uploads\/2025\/11\/cropped-MEMURUN-SESI.png","contentUrl":"https:\/\/memurunsesi.net\/wp-content\/uploads\/2025\/11\/cropped-MEMURUN-SESI.png","width":238,"height":57,"caption":"Memurun Sesi"},"image":{"@id":"https:\/\/memurunsesi.net\/#\/schema\/logo\/image\/"},"sameAs":["https:\/\/www.facebook.com\/unipersen\/?locale=tr_TR","https:\/\/x.com\/unipersen"]},{"@type":"Person","@id":"https:\/\/memurunsesi.net\/#\/schema\/person\/f21c2d73b89f6ee1d80b0a1803e38587","name":"Memurun Sesi Haber Merkezi","image":{"@type":"ImageObject","inLanguage":"tr","@id":"https:\/\/secure.gravatar.com\/avatar\/6cf0505f452ee753f485014986fab09a434671d2b919ee76fc541025c5876a70?s=96&d=mm&r=g","url":"https:\/\/secure.gravatar.com\/avatar\/6cf0505f452ee753f485014986fab09a434671d2b919ee76fc541025c5876a70?s=96&d=mm&r=g","contentUrl":"https:\/\/secure.gravatar.com\/avatar\/6cf0505f452ee753f485014986fab09a434671d2b919ee76fc541025c5876a70?s=96&d=mm&r=g","caption":"Memurun Sesi Haber Merkezi"},"sameAs":["https:\/\/memurunsesi.net"],"url":"https:\/\/memurunsesi.net\/index.php\/author\/uniper\/"}]}},"_links":{"self":[{"href":"https:\/\/memurunsesi.net\/index.php\/wp-json\/wp\/v2\/posts\/18288","targetHints":{"allow":["GET"]}}],"collection":[{"href":"https:\/\/memurunsesi.net\/index.php\/wp-json\/wp\/v2\/posts"}],"about":[{"href":"https:\/\/memurunsesi.net\/index.php\/wp-json\/wp\/v2\/types\/post"}],"author":[{"embeddable":true,"href":"https:\/\/memurunsesi.net\/index.php\/wp-json\/wp\/v2\/users\/1"}],"replies":[{"embeddable":true,"href":"https:\/\/memurunsesi.net\/index.php\/wp-json\/wp\/v2\/comments?post=18288"}],"version-history":[{"count":1,"href":"https:\/\/memurunsesi.net\/index.php\/wp-json\/wp\/v2\/posts\/18288\/revisions"}],"predecessor-version":[{"id":18290,"href":"https:\/\/memurunsesi.net\/index.php\/wp-json\/wp\/v2\/posts\/18288\/revisions\/18290"}],"wp:featuredmedia":[{"embeddable":true,"href":"https:\/\/memurunsesi.net\/index.php\/wp-json\/wp\/v2\/media\/18289"}],"wp:attachment":[{"href":"https:\/\/memurunsesi.net\/index.php\/wp-json\/wp\/v2\/media?parent=18288"}],"wp:term":[{"taxonomy":"category","embeddable":true,"href":"https:\/\/memurunsesi.net\/index.php\/wp-json\/wp\/v2\/categories?post=18288"},{"taxonomy":"post_tag","embeddable":true,"href":"https:\/\/memurunsesi.net\/index.php\/wp-json\/wp\/v2\/tags?post=18288"}],"curies":[{"name":"wp","href":"https:\/\/api.w.org\/{rel}","templated":true}]}}