{"id":18297,"date":"2026-03-13T09:09:17","date_gmt":"2026-03-13T06:09:17","guid":{"rendered":"https:\/\/memurunsesi.net\/?p=18297"},"modified":"2026-03-13T09:09:17","modified_gmt":"2026-03-13T06:09:17","slug":"15-temmuz-sehitler-koprusunde-metrobus-alev-alev-yandi-yolcular-tahliye-edildi","status":"publish","type":"post","link":"https:\/\/memurunsesi.net\/index.php\/2026\/03\/13\/15-temmuz-sehitler-koprusunde-metrobus-alev-alev-yandi-yolcular-tahliye-edildi\/","title":{"rendered":"15 Temmuz \u015eehitler K\u00f6pr\u00fcs\u00fc&#8217;nde metrob\u00fcs alev alev yand\u0131: Yolcular tahliye edildi"},"content":{"rendered":"<p>15 Temmuz \u015eehitler K\u00f6pr\u00fcs\u00fc&#8217;nde seyir halinde olan metrob\u00fcs\u00fcn motor b\u00f6l\u00fcm\u00fcnde yang\u0131n \u00e7\u0131kt\u0131. Alevleri fark eden metrob\u00fcs s\u00fcr\u00fcc\u00fcs\u00fc, yolcular\u0131 tahliye ederek d\u0131\u015far\u0131 \u00e7\u0131kt\u0131. Metrob\u00fcs alevlere teslim oldu.<br \/>\nYang\u0131n, 00.15 s\u0131ralar\u0131nda 15 Temmuz \u015eehitler K\u00f6pr\u00fcs\u00fc ba\u011flant\u0131 yolu \u00fczerinde meydana geldi. Edinilen bilgiye g\u00f6re seyir halindeki metrob\u00fcs\u00fcn motor k\u0131sm\u0131nda hen\u00fcz bilinmeyen bir sebeple yang\u0131n \u00e7\u0131kt\u0131. Alevlerin fark eden s\u00fcr\u00fcc\u00fc arac\u0131 sa\u011fa \u00e7ekerek kendini d\u0131\u015far\u0131 att\u0131. Metrob\u00fcs\u00fcn i\u00e7inde seyahat eden 60 ki\u015fi tahliye edildi. \u0130hbar \u00fczerine olay yerine \u00e7ok say\u0131da itfaiye, sa\u011fl\u0131k ve polis ekibi sevk edildi. \u0130tfaiye ekipleri yang\u0131na m\u00fcdahale ederken polis ekipleri yolda g\u00fcvenlik \u00f6nlemi ald\u0131. \u0130tfaiye ekiplerinin m\u00fcdahalesi sonucu yang\u0131n tamamen s\u00f6nd\u00fcr\u00fcld\u00fc. B\u00f6lgede yang\u0131n sebebiyle trafik meydana geldi. Tahliye edilen yolcular ba\u015fka bir metrob\u00fcse transfer edildi. Yang\u0131n sebebiyle kullan\u0131lamaz hale gelen metrob\u00fcs\u00fcn bulundu\u011fu yerden kald\u0131r\u0131lmas\u0131 sonras\u0131 trafik ak\u0131\u015f\u0131 normale d\u00f6nd\u00fc.<\/p>\n<p>13.03.2026<\/p>\n","protected":false},"excerpt":{"rendered":"<p>15 Temmuz \u015eehitler K\u00f6pr\u00fcs\u00fc&#8217;nde seyir halinde olan metrob\u00fcs\u00fcn motor b\u00f6l\u00fcm\u00fcnde yang\u0131n \u00e7\u0131kt\u0131. Alevleri fark eden metrob\u00fcs s\u00fcr\u00fcc\u00fcs\u00fc, yolcular\u0131 tahliye ederek d\u0131\u015far\u0131 \u00e7\u0131kt\u0131. Metrob\u00fcs alevlere teslim oldu. Yang\u0131n, 00.15 s\u0131ralar\u0131nda 15 Temmuz \u015eehitler K\u00f6pr\u00fcs\u00fc ba\u011flant\u0131 yolu \u00fczerinde meydana geldi. Edinilen bilgiye g\u00f6re seyir halindeki metrob\u00fcs\u00fcn motor k\u0131sm\u0131nda hen\u00fcz bilinmeyen bir sebeple yang\u0131n \u00e7\u0131kt\u0131. Alevlerin fark eden [&hellip;]<\/p>\n","protected":false},"author":1,"featured_media":18298,"comment_status":"open","ping_status":"open","sticky":false,"template":"","format":"standard","meta":{"footnotes":""},"categories":[1],"tags":[2023,541,2025,2024],"class_list":["post-18297","post","type-post","status-publish","format-standard","has-post-thumbnail","hentry","category-genel","tag-15-temmuz-sehitler-koprusunde","tag-aracta-yangin-cikti","tag-motor-bolumunde","tag-seyir-halinde-olan-metrobusun"],"yoast_head":"<!-- This site is optimized with the Yoast SEO plugin v27.4 - https:\/\/yoast.com\/product\/yoast-seo-wordpress\/ -->\n<title>15 Temmuz \u015eehitler K\u00f6pr\u00fcs\u00fc&#039;nde metrob\u00fcs alev alev yand\u0131: Yolcular tahliye edildi - Memurun Sesi<\/title>\n<meta name=\"description\" content=\"\u00a0 \u00a0 15 Temmuz \u015eehitler K\u00f6pr\u00fcs\u00fc&#039;nde seyir halinde olan metrob\u00fcs\u00fcn motor b\u00f6l\u00fcm\u00fcnde yang\u0131n \u00e7\u0131kt\u0131. Alevleri fark eden metrob\u00fcs s\u00fcr\u00fcc\u00fcs\u00fc, yolcular\u0131 tahliye ederek d\u0131\u015far\u0131 \u00e7\u0131kt\u0131. Metrob\u00fcs alevlere teslim oldu.\" \/>\n<meta name=\"robots\" content=\"index, follow, max-snippet:-1, max-image-preview:large, max-video-preview:-1\" \/>\n<link rel=\"canonical\" href=\"https:\/\/memurunsesi.net\/index.php\/2026\/03\/13\/15-temmuz-sehitler-koprusunde-metrobus-alev-alev-yandi-yolcular-tahliye-edildi\/\" \/>\n<meta property=\"og:locale\" content=\"tr_TR\" \/>\n<meta property=\"og:type\" content=\"article\" \/>\n<meta property=\"og:title\" content=\"15 Temmuz \u015eehitler K\u00f6pr\u00fcs\u00fc&#039;nde metrob\u00fcs alev alev yand\u0131: Yolcular tahliye edildi - Memurun Sesi\" \/>\n<meta property=\"og:description\" content=\"\u00a0 \u00a0 15 Temmuz \u015eehitler K\u00f6pr\u00fcs\u00fc&#039;nde seyir halinde olan metrob\u00fcs\u00fcn motor b\u00f6l\u00fcm\u00fcnde yang\u0131n \u00e7\u0131kt\u0131. Alevleri fark eden metrob\u00fcs s\u00fcr\u00fcc\u00fcs\u00fc, yolcular\u0131 tahliye ederek d\u0131\u015far\u0131 \u00e7\u0131kt\u0131. Metrob\u00fcs alevlere teslim oldu.\" \/>\n<meta property=\"og:url\" content=\"https:\/\/memurunsesi.net\/index.php\/2026\/03\/13\/15-temmuz-sehitler-koprusunde-metrobus-alev-alev-yandi-yolcular-tahliye-edildi\/\" \/>\n<meta property=\"og:site_name\" content=\"Memurun Sesi\" \/>\n<meta property=\"article:publisher\" content=\"https:\/\/www.facebook.com\/unipersen\/?locale=tr_TR\" \/>\n<meta property=\"article:published_time\" content=\"2026-03-13T06:09:17+00:00\" \/>\n<meta property=\"og:image\" content=\"https:\/\/memurunsesi.net\/wp-content\/uploads\/2026\/03\/metrobus.jpg\" \/>\n\t<meta property=\"og:image:width\" content=\"1079\" \/>\n\t<meta property=\"og:image:height\" content=\"607\" \/>\n\t<meta property=\"og:image:type\" content=\"image\/jpeg\" \/>\n<meta name=\"author\" content=\"Memurun Sesi Haber Merkezi\" \/>\n<meta name=\"twitter:card\" content=\"summary_large_image\" \/>\n<meta name=\"twitter:creator\" content=\"@unipersen\" \/>\n<meta name=\"twitter:site\" content=\"@unipersen\" \/>\n<meta name=\"twitter:label1\" content=\"Yazan:\" \/>\n\t<meta name=\"twitter:data1\" content=\"Memurun Sesi Haber Merkezi\" \/>\n\t<meta name=\"twitter:label2\" content=\"Tahmini okuma s\u00fcresi\" \/>\n\t<meta name=\"twitter:data2\" content=\"1 dakika\" \/>\n<script type=\"application\/ld+json\" class=\"yoast-schema-graph\">{\"@context\":\"https:\\\/\\\/schema.org\",\"@graph\":[{\"@type\":\"Article\",\"@id\":\"https:\\\/\\\/memurunsesi.net\\\/index.php\\\/2026\\\/03\\\/13\\\/15-temmuz-sehitler-koprusunde-metrobus-alev-alev-yandi-yolcular-tahliye-edildi\\\/#article\",\"isPartOf\":{\"@id\":\"https:\\\/\\\/memurunsesi.net\\\/index.php\\\/2026\\\/03\\\/13\\\/15-temmuz-sehitler-koprusunde-metrobus-alev-alev-yandi-yolcular-tahliye-edildi\\\/\"},\"author\":{\"name\":\"Memurun Sesi Haber Merkezi\",\"@id\":\"https:\\\/\\\/memurunsesi.net\\\/#\\\/schema\\\/person\\\/f21c2d73b89f6ee1d80b0a1803e38587\"},\"headline\":\"15 Temmuz \u015eehitler K\u00f6pr\u00fcs\u00fc&#8217;nde metrob\u00fcs alev alev yand\u0131: Yolcular tahliye edildi\",\"datePublished\":\"2026-03-13T06:09:17+00:00\",\"mainEntityOfPage\":{\"@id\":\"https:\\\/\\\/memurunsesi.net\\\/index.php\\\/2026\\\/03\\\/13\\\/15-temmuz-sehitler-koprusunde-metrobus-alev-alev-yandi-yolcular-tahliye-edildi\\\/\"},\"wordCount\":198,\"commentCount\":0,\"publisher\":{\"@id\":\"https:\\\/\\\/memurunsesi.net\\\/#organization\"},\"image\":{\"@id\":\"https:\\\/\\\/memurunsesi.net\\\/index.php\\\/2026\\\/03\\\/13\\\/15-temmuz-sehitler-koprusunde-metrobus-alev-alev-yandi-yolcular-tahliye-edildi\\\/#primaryimage\"},\"thumbnailUrl\":\"https:\\\/\\\/memurunsesi.net\\\/wp-content\\\/uploads\\\/2026\\\/03\\\/metrobus.jpg\",\"keywords\":[\"15 Temmuz \u015eehitler K\u00f6pr\u00fcs\u00fc'nde\",\"ara\u00e7ta yang\u0131n \u00e7\u0131kt\u0131\",\"motor b\u00f6l\u00fcm\u00fcnde\",\"seyir halinde olan metrob\u00fcs\u00fcn\"],\"inLanguage\":\"tr\",\"potentialAction\":[{\"@type\":\"CommentAction\",\"name\":\"Comment\",\"target\":[\"https:\\\/\\\/memurunsesi.net\\\/index.php\\\/2026\\\/03\\\/13\\\/15-temmuz-sehitler-koprusunde-metrobus-alev-alev-yandi-yolcular-tahliye-edildi\\\/#respond\"]}]},{\"@type\":\"WebPage\",\"@id\":\"https:\\\/\\\/memurunsesi.net\\\/index.php\\\/2026\\\/03\\\/13\\\/15-temmuz-sehitler-koprusunde-metrobus-alev-alev-yandi-yolcular-tahliye-edildi\\\/\",\"url\":\"https:\\\/\\\/memurunsesi.net\\\/index.php\\\/2026\\\/03\\\/13\\\/15-temmuz-sehitler-koprusunde-metrobus-alev-alev-yandi-yolcular-tahliye-edildi\\\/\",\"name\":\"15 Temmuz \u015eehitler K\u00f6pr\u00fcs\u00fc'nde metrob\u00fcs alev alev yand\u0131: Yolcular tahliye edildi - Memurun Sesi\",\"isPartOf\":{\"@id\":\"https:\\\/\\\/memurunsesi.net\\\/#website\"},\"primaryImageOfPage\":{\"@id\":\"https:\\\/\\\/memurunsesi.net\\\/index.php\\\/2026\\\/03\\\/13\\\/15-temmuz-sehitler-koprusunde-metrobus-alev-alev-yandi-yolcular-tahliye-edildi\\\/#primaryimage\"},\"image\":{\"@id\":\"https:\\\/\\\/memurunsesi.net\\\/index.php\\\/2026\\\/03\\\/13\\\/15-temmuz-sehitler-koprusunde-metrobus-alev-alev-yandi-yolcular-tahliye-edildi\\\/#primaryimage\"},\"thumbnailUrl\":\"https:\\\/\\\/memurunsesi.net\\\/wp-content\\\/uploads\\\/2026\\\/03\\\/metrobus.jpg\",\"datePublished\":\"2026-03-13T06:09:17+00:00\",\"description\":\"\u00a0 \u00a0 15 Temmuz \u015eehitler K\u00f6pr\u00fcs\u00fc'nde seyir halinde olan metrob\u00fcs\u00fcn motor b\u00f6l\u00fcm\u00fcnde yang\u0131n \u00e7\u0131kt\u0131. Alevleri fark eden metrob\u00fcs s\u00fcr\u00fcc\u00fcs\u00fc, yolcular\u0131 tahliye ederek d\u0131\u015far\u0131 \u00e7\u0131kt\u0131. Metrob\u00fcs alevlere teslim oldu.\",\"breadcrumb\":{\"@id\":\"https:\\\/\\\/memurunsesi.net\\\/index.php\\\/2026\\\/03\\\/13\\\/15-temmuz-sehitler-koprusunde-metrobus-alev-alev-yandi-yolcular-tahliye-edildi\\\/#breadcrumb\"},\"inLanguage\":\"tr\",\"potentialAction\":[{\"@type\":\"ReadAction\",\"target\":[\"https:\\\/\\\/memurunsesi.net\\\/index.php\\\/2026\\\/03\\\/13\\\/15-temmuz-sehitler-koprusunde-metrobus-alev-alev-yandi-yolcular-tahliye-edildi\\\/\"]}]},{\"@type\":\"ImageObject\",\"inLanguage\":\"tr\",\"@id\":\"https:\\\/\\\/memurunsesi.net\\\/index.php\\\/2026\\\/03\\\/13\\\/15-temmuz-sehitler-koprusunde-metrobus-alev-alev-yandi-yolcular-tahliye-edildi\\\/#primaryimage\",\"url\":\"https:\\\/\\\/memurunsesi.net\\\/wp-content\\\/uploads\\\/2026\\\/03\\\/metrobus.jpg\",\"contentUrl\":\"https:\\\/\\\/memurunsesi.net\\\/wp-content\\\/uploads\\\/2026\\\/03\\\/metrobus.jpg\",\"width\":1079,\"height\":607,\"caption\":\"15 TEMMUZ \u015eEH\u0130TLER K\u00d6PR\u00dcS\u00dc'NDE METROB\u00dcS ALEV ALEV YANDI: YOLCULARI TAHL\u0130YE ED\u0130LD\u0130 (EN\u0130S DERD\u0130MENTO\u011eLU\\\/\u0130STANBUL-\u0130HA) 15 Temmuz \u015eehitler K\u00f6pr\u00fcs\u00fc'nde seyir halinde olan metrob\u00fcs\u00fcn motor b\u00f6l\u00fcm\u00fcnde yang\u0131n \u00e7\u0131kt\u0131. Alevleri fark eden metrob\u00fcs s\u00fcr\u00fcc\u00fcs\u00fc, yolcular\u0131 tahliye ederek d\u0131\u015far\u0131 \u00e7\u0131kt\u0131. Metrob\u00fcs alevlere teslim oldu.\"},{\"@type\":\"BreadcrumbList\",\"@id\":\"https:\\\/\\\/memurunsesi.net\\\/index.php\\\/2026\\\/03\\\/13\\\/15-temmuz-sehitler-koprusunde-metrobus-alev-alev-yandi-yolcular-tahliye-edildi\\\/#breadcrumb\",\"itemListElement\":[{\"@type\":\"ListItem\",\"position\":1,\"name\":\"Anasayfa\",\"item\":\"https:\\\/\\\/memurunsesi.net\\\/\"},{\"@type\":\"ListItem\",\"position\":2,\"name\":\"15 Temmuz \u015eehitler K\u00f6pr\u00fcs\u00fc&#8217;nde metrob\u00fcs alev alev yand\u0131: Yolcular tahliye edildi\"}]},{\"@type\":\"WebSite\",\"@id\":\"https:\\\/\\\/memurunsesi.net\\\/#website\",\"url\":\"https:\\\/\\\/memurunsesi.net\\\/\",\"name\":\"Memurun Sesi\",\"description\":\"G\u00fcncel ve Do\u011fru Haber\",\"publisher\":{\"@id\":\"https:\\\/\\\/memurunsesi.net\\\/#organization\"},\"potentialAction\":[{\"@type\":\"SearchAction\",\"target\":{\"@type\":\"EntryPoint\",\"urlTemplate\":\"https:\\\/\\\/memurunsesi.net\\\/?s={search_term_string}\"},\"query-input\":{\"@type\":\"PropertyValueSpecification\",\"valueRequired\":true,\"valueName\":\"search_term_string\"}}],\"inLanguage\":\"tr\"},{\"@type\":\"Organization\",\"@id\":\"https:\\\/\\\/memurunsesi.net\\\/#organization\",\"name\":\"Memurun Sesi\",\"url\":\"https:\\\/\\\/memurunsesi.net\\\/\",\"logo\":{\"@type\":\"ImageObject\",\"inLanguage\":\"tr\",\"@id\":\"https:\\\/\\\/memurunsesi.net\\\/#\\\/schema\\\/logo\\\/image\\\/\",\"url\":\"https:\\\/\\\/memurunsesi.net\\\/wp-content\\\/uploads\\\/2025\\\/11\\\/cropped-MEMURUN-SESI.png\",\"contentUrl\":\"https:\\\/\\\/memurunsesi.net\\\/wp-content\\\/uploads\\\/2025\\\/11\\\/cropped-MEMURUN-SESI.png\",\"width\":238,\"height\":57,\"caption\":\"Memurun Sesi\"},\"image\":{\"@id\":\"https:\\\/\\\/memurunsesi.net\\\/#\\\/schema\\\/logo\\\/image\\\/\"},\"sameAs\":[\"https:\\\/\\\/www.facebook.com\\\/unipersen\\\/?locale=tr_TR\",\"https:\\\/\\\/x.com\\\/unipersen\"]},{\"@type\":\"Person\",\"@id\":\"https:\\\/\\\/memurunsesi.net\\\/#\\\/schema\\\/person\\\/f21c2d73b89f6ee1d80b0a1803e38587\",\"name\":\"Memurun Sesi Haber Merkezi\",\"image\":{\"@type\":\"ImageObject\",\"inLanguage\":\"tr\",\"@id\":\"https:\\\/\\\/secure.gravatar.com\\\/avatar\\\/6cf0505f452ee753f485014986fab09a434671d2b919ee76fc541025c5876a70?s=96&d=mm&r=g\",\"url\":\"https:\\\/\\\/secure.gravatar.com\\\/avatar\\\/6cf0505f452ee753f485014986fab09a434671d2b919ee76fc541025c5876a70?s=96&d=mm&r=g\",\"contentUrl\":\"https:\\\/\\\/secure.gravatar.com\\\/avatar\\\/6cf0505f452ee753f485014986fab09a434671d2b919ee76fc541025c5876a70?s=96&d=mm&r=g\",\"caption\":\"Memurun Sesi Haber Merkezi\"},\"sameAs\":[\"https:\\\/\\\/memurunsesi.net\"],\"url\":\"https:\\\/\\\/memurunsesi.net\\\/index.php\\\/author\\\/uniper\\\/\"}]}<\/script>\n<!-- \/ Yoast SEO plugin. -->","yoast_head_json":{"title":"15 Temmuz \u015eehitler K\u00f6pr\u00fcs\u00fc'nde metrob\u00fcs alev alev yand\u0131: Yolcular tahliye edildi - Memurun Sesi","description":"\u00a0 \u00a0 15 Temmuz \u015eehitler K\u00f6pr\u00fcs\u00fc'nde seyir halinde olan metrob\u00fcs\u00fcn motor b\u00f6l\u00fcm\u00fcnde yang\u0131n \u00e7\u0131kt\u0131. Alevleri fark eden metrob\u00fcs s\u00fcr\u00fcc\u00fcs\u00fc, yolcular\u0131 tahliye ederek d\u0131\u015far\u0131 \u00e7\u0131kt\u0131. Metrob\u00fcs alevlere teslim oldu.","robots":{"index":"index","follow":"follow","max-snippet":"max-snippet:-1","max-image-preview":"max-image-preview:large","max-video-preview":"max-video-preview:-1"},"canonical":"https:\/\/memurunsesi.net\/index.php\/2026\/03\/13\/15-temmuz-sehitler-koprusunde-metrobus-alev-alev-yandi-yolcular-tahliye-edildi\/","og_locale":"tr_TR","og_type":"article","og_title":"15 Temmuz \u015eehitler K\u00f6pr\u00fcs\u00fc'nde metrob\u00fcs alev alev yand\u0131: Yolcular tahliye edildi - Memurun Sesi","og_description":"\u00a0 \u00a0 15 Temmuz \u015eehitler K\u00f6pr\u00fcs\u00fc'nde seyir halinde olan metrob\u00fcs\u00fcn motor b\u00f6l\u00fcm\u00fcnde yang\u0131n \u00e7\u0131kt\u0131. Alevleri fark eden metrob\u00fcs s\u00fcr\u00fcc\u00fcs\u00fc, yolcular\u0131 tahliye ederek d\u0131\u015far\u0131 \u00e7\u0131kt\u0131. Metrob\u00fcs alevlere teslim oldu.","og_url":"https:\/\/memurunsesi.net\/index.php\/2026\/03\/13\/15-temmuz-sehitler-koprusunde-metrobus-alev-alev-yandi-yolcular-tahliye-edildi\/","og_site_name":"Memurun Sesi","article_publisher":"https:\/\/www.facebook.com\/unipersen\/?locale=tr_TR","article_published_time":"2026-03-13T06:09:17+00:00","og_image":[{"width":1079,"height":607,"url":"https:\/\/memurunsesi.net\/wp-content\/uploads\/2026\/03\/metrobus.jpg","type":"image\/jpeg"}],"author":"Memurun Sesi Haber Merkezi","twitter_card":"summary_large_image","twitter_creator":"@unipersen","twitter_site":"@unipersen","twitter_misc":{"Yazan:":"Memurun Sesi Haber Merkezi","Tahmini okuma s\u00fcresi":"1 dakika"},"schema":{"@context":"https:\/\/schema.org","@graph":[{"@type":"Article","@id":"https:\/\/memurunsesi.net\/index.php\/2026\/03\/13\/15-temmuz-sehitler-koprusunde-metrobus-alev-alev-yandi-yolcular-tahliye-edildi\/#article","isPartOf":{"@id":"https:\/\/memurunsesi.net\/index.php\/2026\/03\/13\/15-temmuz-sehitler-koprusunde-metrobus-alev-alev-yandi-yolcular-tahliye-edildi\/"},"author":{"name":"Memurun Sesi Haber Merkezi","@id":"https:\/\/memurunsesi.net\/#\/schema\/person\/f21c2d73b89f6ee1d80b0a1803e38587"},"headline":"15 Temmuz \u015eehitler K\u00f6pr\u00fcs\u00fc&#8217;nde metrob\u00fcs alev alev yand\u0131: Yolcular tahliye edildi","datePublished":"2026-03-13T06:09:17+00:00","mainEntityOfPage":{"@id":"https:\/\/memurunsesi.net\/index.php\/2026\/03\/13\/15-temmuz-sehitler-koprusunde-metrobus-alev-alev-yandi-yolcular-tahliye-edildi\/"},"wordCount":198,"commentCount":0,"publisher":{"@id":"https:\/\/memurunsesi.net\/#organization"},"image":{"@id":"https:\/\/memurunsesi.net\/index.php\/2026\/03\/13\/15-temmuz-sehitler-koprusunde-metrobus-alev-alev-yandi-yolcular-tahliye-edildi\/#primaryimage"},"thumbnailUrl":"https:\/\/memurunsesi.net\/wp-content\/uploads\/2026\/03\/metrobus.jpg","keywords":["15 Temmuz \u015eehitler K\u00f6pr\u00fcs\u00fc'nde","ara\u00e7ta yang\u0131n \u00e7\u0131kt\u0131","motor b\u00f6l\u00fcm\u00fcnde","seyir halinde olan metrob\u00fcs\u00fcn"],"inLanguage":"tr","potentialAction":[{"@type":"CommentAction","name":"Comment","target":["https:\/\/memurunsesi.net\/index.php\/2026\/03\/13\/15-temmuz-sehitler-koprusunde-metrobus-alev-alev-yandi-yolcular-tahliye-edildi\/#respond"]}]},{"@type":"WebPage","@id":"https:\/\/memurunsesi.net\/index.php\/2026\/03\/13\/15-temmuz-sehitler-koprusunde-metrobus-alev-alev-yandi-yolcular-tahliye-edildi\/","url":"https:\/\/memurunsesi.net\/index.php\/2026\/03\/13\/15-temmuz-sehitler-koprusunde-metrobus-alev-alev-yandi-yolcular-tahliye-edildi\/","name":"15 Temmuz \u015eehitler K\u00f6pr\u00fcs\u00fc'nde metrob\u00fcs alev alev yand\u0131: Yolcular tahliye edildi - Memurun Sesi","isPartOf":{"@id":"https:\/\/memurunsesi.net\/#website"},"primaryImageOfPage":{"@id":"https:\/\/memurunsesi.net\/index.php\/2026\/03\/13\/15-temmuz-sehitler-koprusunde-metrobus-alev-alev-yandi-yolcular-tahliye-edildi\/#primaryimage"},"image":{"@id":"https:\/\/memurunsesi.net\/index.php\/2026\/03\/13\/15-temmuz-sehitler-koprusunde-metrobus-alev-alev-yandi-yolcular-tahliye-edildi\/#primaryimage"},"thumbnailUrl":"https:\/\/memurunsesi.net\/wp-content\/uploads\/2026\/03\/metrobus.jpg","datePublished":"2026-03-13T06:09:17+00:00","description":"\u00a0 \u00a0 15 Temmuz \u015eehitler K\u00f6pr\u00fcs\u00fc'nde seyir halinde olan metrob\u00fcs\u00fcn motor b\u00f6l\u00fcm\u00fcnde yang\u0131n \u00e7\u0131kt\u0131. Alevleri fark eden metrob\u00fcs s\u00fcr\u00fcc\u00fcs\u00fc, yolcular\u0131 tahliye ederek d\u0131\u015far\u0131 \u00e7\u0131kt\u0131. Metrob\u00fcs alevlere teslim oldu.","breadcrumb":{"@id":"https:\/\/memurunsesi.net\/index.php\/2026\/03\/13\/15-temmuz-sehitler-koprusunde-metrobus-alev-alev-yandi-yolcular-tahliye-edildi\/#breadcrumb"},"inLanguage":"tr","potentialAction":[{"@type":"ReadAction","target":["https:\/\/memurunsesi.net\/index.php\/2026\/03\/13\/15-temmuz-sehitler-koprusunde-metrobus-alev-alev-yandi-yolcular-tahliye-edildi\/"]}]},{"@type":"ImageObject","inLanguage":"tr","@id":"https:\/\/memurunsesi.net\/index.php\/2026\/03\/13\/15-temmuz-sehitler-koprusunde-metrobus-alev-alev-yandi-yolcular-tahliye-edildi\/#primaryimage","url":"https:\/\/memurunsesi.net\/wp-content\/uploads\/2026\/03\/metrobus.jpg","contentUrl":"https:\/\/memurunsesi.net\/wp-content\/uploads\/2026\/03\/metrobus.jpg","width":1079,"height":607,"caption":"15 TEMMUZ \u015eEH\u0130TLER K\u00d6PR\u00dcS\u00dc'NDE METROB\u00dcS ALEV ALEV YANDI: YOLCULARI TAHL\u0130YE ED\u0130LD\u0130 (EN\u0130S DERD\u0130MENTO\u011eLU\/\u0130STANBUL-\u0130HA) 15 Temmuz \u015eehitler K\u00f6pr\u00fcs\u00fc'nde seyir halinde olan metrob\u00fcs\u00fcn motor b\u00f6l\u00fcm\u00fcnde yang\u0131n \u00e7\u0131kt\u0131. Alevleri fark eden metrob\u00fcs s\u00fcr\u00fcc\u00fcs\u00fc, yolcular\u0131 tahliye ederek d\u0131\u015far\u0131 \u00e7\u0131kt\u0131. Metrob\u00fcs alevlere teslim oldu."},{"@type":"BreadcrumbList","@id":"https:\/\/memurunsesi.net\/index.php\/2026\/03\/13\/15-temmuz-sehitler-koprusunde-metrobus-alev-alev-yandi-yolcular-tahliye-edildi\/#breadcrumb","itemListElement":[{"@type":"ListItem","position":1,"name":"Anasayfa","item":"https:\/\/memurunsesi.net\/"},{"@type":"ListItem","position":2,"name":"15 Temmuz \u015eehitler K\u00f6pr\u00fcs\u00fc&#8217;nde metrob\u00fcs alev alev yand\u0131: Yolcular tahliye edildi"}]},{"@type":"WebSite","@id":"https:\/\/memurunsesi.net\/#website","url":"https:\/\/memurunsesi.net\/","name":"Memurun Sesi","description":"G\u00fcncel ve Do\u011fru Haber","publisher":{"@id":"https:\/\/memurunsesi.net\/#organization"},"potentialAction":[{"@type":"SearchAction","target":{"@type":"EntryPoint","urlTemplate":"https:\/\/memurunsesi.net\/?s={search_term_string}"},"query-input":{"@type":"PropertyValueSpecification","valueRequired":true,"valueName":"search_term_string"}}],"inLanguage":"tr"},{"@type":"Organization","@id":"https:\/\/memurunsesi.net\/#organization","name":"Memurun Sesi","url":"https:\/\/memurunsesi.net\/","logo":{"@type":"ImageObject","inLanguage":"tr","@id":"https:\/\/memurunsesi.net\/#\/schema\/logo\/image\/","url":"https:\/\/memurunsesi.net\/wp-content\/uploads\/2025\/11\/cropped-MEMURUN-SESI.png","contentUrl":"https:\/\/memurunsesi.net\/wp-content\/uploads\/2025\/11\/cropped-MEMURUN-SESI.png","width":238,"height":57,"caption":"Memurun Sesi"},"image":{"@id":"https:\/\/memurunsesi.net\/#\/schema\/logo\/image\/"},"sameAs":["https:\/\/www.facebook.com\/unipersen\/?locale=tr_TR","https:\/\/x.com\/unipersen"]},{"@type":"Person","@id":"https:\/\/memurunsesi.net\/#\/schema\/person\/f21c2d73b89f6ee1d80b0a1803e38587","name":"Memurun Sesi Haber Merkezi","image":{"@type":"ImageObject","inLanguage":"tr","@id":"https:\/\/secure.gravatar.com\/avatar\/6cf0505f452ee753f485014986fab09a434671d2b919ee76fc541025c5876a70?s=96&d=mm&r=g","url":"https:\/\/secure.gravatar.com\/avatar\/6cf0505f452ee753f485014986fab09a434671d2b919ee76fc541025c5876a70?s=96&d=mm&r=g","contentUrl":"https:\/\/secure.gravatar.com\/avatar\/6cf0505f452ee753f485014986fab09a434671d2b919ee76fc541025c5876a70?s=96&d=mm&r=g","caption":"Memurun Sesi Haber Merkezi"},"sameAs":["https:\/\/memurunsesi.net"],"url":"https:\/\/memurunsesi.net\/index.php\/author\/uniper\/"}]}},"_links":{"self":[{"href":"https:\/\/memurunsesi.net\/index.php\/wp-json\/wp\/v2\/posts\/18297","targetHints":{"allow":["GET"]}}],"collection":[{"href":"https:\/\/memurunsesi.net\/index.php\/wp-json\/wp\/v2\/posts"}],"about":[{"href":"https:\/\/memurunsesi.net\/index.php\/wp-json\/wp\/v2\/types\/post"}],"author":[{"embeddable":true,"href":"https:\/\/memurunsesi.net\/index.php\/wp-json\/wp\/v2\/users\/1"}],"replies":[{"embeddable":true,"href":"https:\/\/memurunsesi.net\/index.php\/wp-json\/wp\/v2\/comments?post=18297"}],"version-history":[{"count":1,"href":"https:\/\/memurunsesi.net\/index.php\/wp-json\/wp\/v2\/posts\/18297\/revisions"}],"predecessor-version":[{"id":18299,"href":"https:\/\/memurunsesi.net\/index.php\/wp-json\/wp\/v2\/posts\/18297\/revisions\/18299"}],"wp:featuredmedia":[{"embeddable":true,"href":"https:\/\/memurunsesi.net\/index.php\/wp-json\/wp\/v2\/media\/18298"}],"wp:attachment":[{"href":"https:\/\/memurunsesi.net\/index.php\/wp-json\/wp\/v2\/media?parent=18297"}],"wp:term":[{"taxonomy":"category","embeddable":true,"href":"https:\/\/memurunsesi.net\/index.php\/wp-json\/wp\/v2\/categories?post=18297"},{"taxonomy":"post_tag","embeddable":true,"href":"https:\/\/memurunsesi.net\/index.php\/wp-json\/wp\/v2\/tags?post=18297"}],"curies":[{"name":"wp","href":"https:\/\/api.w.org\/{rel}","templated":true}]}}