{"id":18331,"date":"2026-03-14T19:43:30","date_gmt":"2026-03-14T16:43:30","guid":{"rendered":"https:\/\/memurunsesi.net\/?p=18331"},"modified":"2026-03-14T19:43:30","modified_gmt":"2026-03-14T16:43:30","slug":"merkez-bankasi-anketi-enflasyon-beklentisi-yukseldi-dolar-tahmini-hafif-geriledi","status":"publish","type":"post","link":"https:\/\/memurunsesi.net\/index.php\/2026\/03\/14\/merkez-bankasi-anketi-enflasyon-beklentisi-yukseldi-dolar-tahmini-hafif-geriledi\/","title":{"rendered":"Merkez Bankas\u0131 Anketi: Enflasyon Beklentisi Y\u00fckseldi, Dolar Tahmini Hafif Geriledi"},"content":{"rendered":"<p data-start=\"88\" data-end=\"484\"><span class=\"hover:entity-accent entity-underline inline cursor-pointer align-baseline\"><span class=\"whitespace-normal\">\u00a0 \u00a0 T\u00fcrkiye Cumhuriyet Merkez Bankas\u0131<\/span><\/span> (TCMB) taraf\u0131ndan yay\u0131mlanan mart ay\u0131 <strong data-start=\"164\" data-end=\"195\">Piyasa Kat\u0131l\u0131mc\u0131lar\u0131 Anketi<\/strong>, ekonomiye ili\u015fkin beklentilerde baz\u0131 de\u011fi\u015fikliklere i\u015faret etti. Reel sekt\u00f6r temsilcileri, finansal sekt\u00f6r profesyonelleri ve uzmanlardan olu\u015fan 67 kat\u0131l\u0131mc\u0131n\u0131n yer ald\u0131\u011f\u0131 ankette, y\u0131l sonu enflasyon beklentisinin y\u00fckseldi\u011fi g\u00f6r\u00fcl\u00fcrken d\u00f6viz kuru tahmininde s\u0131n\u0131rl\u0131 bir gerileme ya\u015fand\u0131.<\/p>\n<h3 data-section-id=\"1ra9ovv\" data-start=\"486\" data-end=\"528\">Y\u0131l Sonu Enflasyon Beklentisi Y\u00fckseldi<\/h3>\n<p data-start=\"530\" data-end=\"763\">Anket sonu\u00e7lar\u0131na g\u00f6re kat\u0131l\u0131mc\u0131lar\u0131n y\u0131l sonu <strong data-start=\"577\" data-end=\"610\">T\u00fcketici Fiyat Endeksi (T\u00dcFE)<\/strong> beklentisi bir \u00f6nceki d\u00f6neme k\u0131yasla artt\u0131. Ge\u00e7en ay y\u00fczde 24,11 olarak \u00f6ng\u00f6r\u00fclen y\u0131l sonu enflasyon tahmini, mart ay\u0131 anketinde y\u00fczde 25,38\u2019e y\u00fckseldi.<\/p>\n<p data-start=\"765\" data-end=\"939\">Mart ay\u0131na ili\u015fkin enflasyon beklentisi de yukar\u0131 y\u00f6nl\u00fc g\u00fcncellendi. \u00d6nceki ankette y\u00fczde 1,89 olan mart ay\u0131 T\u00dcFE art\u0131\u015f\u0131 beklentisi, yeni ankette y\u00fczde 2,18 seviyesine \u00e7\u0131kt\u0131.<\/p>\n<p data-start=\"941\" data-end=\"1164\">Orta vadeli beklentilerde de s\u0131n\u0131rl\u0131 art\u0131\u015flar dikkat \u00e7ekti. Buna g\u00f6re 12 ay sonras\u0131na ili\u015fkin enflasyon beklentisi y\u00fczde 22,10\u2019dan y\u00fczde 22,17\u2019ye, 24 ay sonras\u0131na y\u00f6nelik beklenti ise y\u00fczde 17,11\u2019den y\u00fczde 17,30\u2019a y\u00fckseldi.<\/p>\n<h3 data-section-id=\"1fmvr5l\" data-start=\"1166\" data-end=\"1207\">Dolar\/TL Beklentisinde K\u00fc\u00e7\u00fck Gerileme<\/h3>\n<p data-start=\"1209\" data-end=\"1366\">Ankette d\u00f6viz kuru tahminlerinde ise s\u0131n\u0131rl\u0131 bir d\u00fc\u015f\u00fc\u015f g\u00f6r\u00fcld\u00fc. Kat\u0131l\u0131mc\u0131lar\u0131n y\u0131l sonu <strong data-start=\"1297\" data-end=\"1309\">dolar\/TL<\/strong> beklentisi 51,09 TL seviyesinden 50,97 TL\u2019ye geriledi.<\/p>\n<p data-start=\"1368\" data-end=\"1464\">Buna kar\u015f\u0131n 12 ay sonras\u0131 i\u00e7in dolar\/TL beklentisi hafif artarak 52,39 TL\u2019den 52,69 TL\u2019ye \u00e7\u0131kt\u0131.<\/p>\n<h3 data-section-id=\"6px7pb\" data-start=\"1466\" data-end=\"1493\">Cari A\u00e7\u0131k Tahmini Artt\u0131<\/h3>\n<p data-start=\"1495\" data-end=\"1693\">Ankette cari i\u015flemler a\u00e7\u0131\u011f\u0131 beklentilerinin y\u00fckseldi\u011fi de g\u00f6r\u00fcld\u00fc. Bir \u00f6nceki ankette 26,3 milyar dolar olarak tahmin edilen y\u0131l sonu cari a\u00e7\u0131k beklentisi, mart d\u00f6neminde 31,6 milyar dolara \u00e7\u0131kt\u0131.<\/p>\n<p data-start=\"1695\" data-end=\"1782\">Gelecek y\u0131l i\u00e7in cari a\u00e7\u0131k tahmini de 29,9 milyar dolardan 32,3 milyar dolara y\u00fckseldi.<\/p>\n<h3 data-section-id=\"tlwahi\" data-start=\"1784\" data-end=\"1822\">B\u00fcy\u00fcme Beklentisi S\u0131n\u0131rl\u0131 Geriledi<\/h3>\n<p data-start=\"1824\" data-end=\"2076\">Ekonomik b\u00fcy\u00fcmeye ili\u015fkin beklentilerde ise k\u00fc\u00e7\u00fck bir a\u015fa\u011f\u0131 y\u00f6nl\u00fc revizyon yap\u0131ld\u0131. Kat\u0131l\u0131mc\u0131lar, T\u00fcrkiye ekonomisinin 2026 y\u0131l\u0131 b\u00fcy\u00fcme tahminini y\u00fczde 3,9\u2019dan y\u00fczde 3,8\u2019e \u00e7ekti. Gelecek y\u0131l i\u00e7in b\u00fcy\u00fcme beklentisi ise y\u00fczde 4,3 seviyesinde sabit kald\u0131.<\/p>\n<h3 data-section-id=\"1x5nryu\" data-start=\"2078\" data-end=\"2099\">Faiz Beklentileri<\/h3>\n<p data-start=\"2101\" data-end=\"2371\">Ankete g\u00f6re politika faizi beklentileri de kademeli d\u00fc\u015f\u00fc\u015fe i\u015faret ediyor. Kat\u0131l\u0131mc\u0131lar, Merkez Bankas\u0131\u2019n\u0131n ilk toplant\u0131da politika faizini y\u00fczde 37 seviyesinde belirlemesini beklerken, ikinci toplant\u0131 i\u00e7in beklenti y\u00fczde 36,41, \u00fc\u00e7\u00fcnc\u00fc toplant\u0131 i\u00e7in ise y\u00fczde 35,31 oldu.<\/p>\n<p data-start=\"2373\" data-end=\"2466\">\u00d6te yandan 12 ay sonras\u0131na ili\u015fkin politika faizi beklentisi y\u00fczde 28,48 seviyesine y\u00fckseldi.<\/p>\n<p data-start=\"2468\" data-end=\"2642\">Mart ay\u0131 Piyasa Kat\u0131l\u0131mc\u0131lar\u0131 Anketi, enflasyon ve cari a\u00e7\u0131k beklentilerindeki art\u0131\u015fa kar\u015f\u0131n d\u00f6viz kuru ve b\u00fcy\u00fcme tahminlerinde s\u0131n\u0131rl\u0131 de\u011fi\u015fiklikler oldu\u011funu ortaya koydu.<\/p>\n<p data-start=\"2468\" data-end=\"2642\">14.03.2026<\/p>\n","protected":false},"excerpt":{"rendered":"<p>\u00a0 \u00a0 T\u00fcrkiye Cumhuriyet Merkez Bankas\u0131 (TCMB) taraf\u0131ndan yay\u0131mlanan mart ay\u0131 Piyasa Kat\u0131l\u0131mc\u0131lar\u0131 Anketi, ekonomiye ili\u015fkin beklentilerde baz\u0131 de\u011fi\u015fikliklere i\u015faret etti. Reel sekt\u00f6r temsilcileri, finansal sekt\u00f6r profesyonelleri ve uzmanlardan olu\u015fan 67 kat\u0131l\u0131mc\u0131n\u0131n yer ald\u0131\u011f\u0131 ankette, y\u0131l sonu enflasyon beklentisinin y\u00fckseldi\u011fi g\u00f6r\u00fcl\u00fcrken d\u00f6viz kuru tahmininde s\u0131n\u0131rl\u0131 bir gerileme ya\u015fand\u0131. Y\u0131l Sonu Enflasyon Beklentisi Y\u00fckseldi Anket sonu\u00e7lar\u0131na [&hellip;]<\/p>\n","protected":false},"author":1,"featured_media":17435,"comment_status":"open","ping_status":"open","sticky":false,"template":"","format":"standard","meta":{"footnotes":""},"categories":[1],"tags":[2060,2057,2067,2066,2065,2064,2055,2061,2058,2054,2062,2063,2059,2056],"class_list":["post-18331","post","type-post","status-publish","format-standard","has-post-thumbnail","hentry","category-genel","tag-cari-acik-tahmini","tag-dolar-tl-beklentisi","tag-ekonomi-haberleri-turkiye","tag-enflasyon-tahmini-2026","tag-finans-piyasalari-turkiye","tag-merkez-bankasi-aciklamasi","tag-merkez-bankasi-enflasyon-tahmini","tag-politika-faizi-beklentisi","tag-tcmb-anket-sonuclari","tag-tcmb-piyasa-katilimcilari-anketi","tag-tufe-beklentisi","tag-turkiye-ekonomik-verileri","tag-turkiye-ekonomisi-beklentileri","tag-yil-sonu-enflasyon-beklentisi"],"yoast_head":"<!-- This site is optimized with the Yoast SEO plugin v27.4 - https:\/\/yoast.com\/product\/yoast-seo-wordpress\/ -->\n<title>Merkez Bankas\u0131 Anketi: Enflasyon Beklentisi Y\u00fckseldi, Dolar Tahmini Hafif Geriledi - Memurun Sesi<\/title>\n<meta name=\"description\" content=\"T\u00fcrkiye Cumhuriyet Merkez Bankas\u0131\u2019n\u0131n mart ay\u0131 Piyasa Kat\u0131l\u0131mc\u0131lar\u0131 Anketi\u2019ne g\u00f6re y\u0131l sonu enflasyon beklentisi y\u00fczde 25,38\u2019e y\u00fckseldi. Dolar\/TL tahmini s\u0131n\u0131rl\u0131 gerilerken cari a\u00e7\u0131k ve faiz beklentilerinde de\u011fi\u015fiklik ya\u015fand\u0131.\" \/>\n<meta name=\"robots\" content=\"index, follow, max-snippet:-1, max-image-preview:large, max-video-preview:-1\" \/>\n<link rel=\"canonical\" href=\"https:\/\/memurunsesi.net\/index.php\/2026\/03\/14\/merkez-bankasi-anketi-enflasyon-beklentisi-yukseldi-dolar-tahmini-hafif-geriledi\/\" \/>\n<meta property=\"og:locale\" content=\"tr_TR\" \/>\n<meta property=\"og:type\" content=\"article\" \/>\n<meta property=\"og:title\" content=\"Merkez Bankas\u0131 Anketi: Enflasyon Beklentisi Y\u00fckseldi, Dolar Tahmini Hafif Geriledi - Memurun Sesi\" \/>\n<meta property=\"og:description\" content=\"T\u00fcrkiye Cumhuriyet Merkez Bankas\u0131\u2019n\u0131n mart ay\u0131 Piyasa Kat\u0131l\u0131mc\u0131lar\u0131 Anketi\u2019ne g\u00f6re y\u0131l sonu enflasyon beklentisi y\u00fczde 25,38\u2019e y\u00fckseldi. Dolar\/TL tahmini s\u0131n\u0131rl\u0131 gerilerken cari a\u00e7\u0131k ve faiz beklentilerinde de\u011fi\u015fiklik ya\u015fand\u0131.\" \/>\n<meta property=\"og:url\" content=\"https:\/\/memurunsesi.net\/index.php\/2026\/03\/14\/merkez-bankasi-anketi-enflasyon-beklentisi-yukseldi-dolar-tahmini-hafif-geriledi\/\" \/>\n<meta property=\"og:site_name\" content=\"Memurun Sesi\" \/>\n<meta property=\"article:publisher\" content=\"https:\/\/www.facebook.com\/unipersen\/?locale=tr_TR\" \/>\n<meta property=\"article:published_time\" content=\"2026-03-14T16:43:30+00:00\" \/>\n<meta property=\"og:image\" content=\"https:\/\/memurunsesi.net\/wp-content\/uploads\/2026\/02\/merkez-bankasi.jpg\" \/>\n\t<meta property=\"og:image:width\" content=\"864\" \/>\n\t<meta property=\"og:image:height\" content=\"486\" \/>\n\t<meta property=\"og:image:type\" content=\"image\/jpeg\" \/>\n<meta name=\"author\" content=\"Memurun Sesi Haber Merkezi\" \/>\n<meta name=\"twitter:card\" content=\"summary_large_image\" \/>\n<meta name=\"twitter:creator\" content=\"@unipersen\" \/>\n<meta name=\"twitter:site\" content=\"@unipersen\" \/>\n<meta name=\"twitter:label1\" content=\"Yazan:\" \/>\n\t<meta name=\"twitter:data1\" content=\"Memurun Sesi Haber Merkezi\" \/>\n\t<meta name=\"twitter:label2\" content=\"Tahmini okuma s\u00fcresi\" \/>\n\t<meta name=\"twitter:data2\" content=\"3 dakika\" \/>\n<script type=\"application\/ld+json\" class=\"yoast-schema-graph\">{\"@context\":\"https:\\\/\\\/schema.org\",\"@graph\":[{\"@type\":\"Article\",\"@id\":\"https:\\\/\\\/memurunsesi.net\\\/index.php\\\/2026\\\/03\\\/14\\\/merkez-bankasi-anketi-enflasyon-beklentisi-yukseldi-dolar-tahmini-hafif-geriledi\\\/#article\",\"isPartOf\":{\"@id\":\"https:\\\/\\\/memurunsesi.net\\\/index.php\\\/2026\\\/03\\\/14\\\/merkez-bankasi-anketi-enflasyon-beklentisi-yukseldi-dolar-tahmini-hafif-geriledi\\\/\"},\"author\":{\"name\":\"Memurun Sesi Haber Merkezi\",\"@id\":\"https:\\\/\\\/memurunsesi.net\\\/#\\\/schema\\\/person\\\/f21c2d73b89f6ee1d80b0a1803e38587\"},\"headline\":\"Merkez Bankas\u0131 Anketi: Enflasyon Beklentisi Y\u00fckseldi, Dolar Tahmini Hafif Geriledi\",\"datePublished\":\"2026-03-14T16:43:30+00:00\",\"mainEntityOfPage\":{\"@id\":\"https:\\\/\\\/memurunsesi.net\\\/index.php\\\/2026\\\/03\\\/14\\\/merkez-bankasi-anketi-enflasyon-beklentisi-yukseldi-dolar-tahmini-hafif-geriledi\\\/\"},\"wordCount\":480,\"commentCount\":0,\"publisher\":{\"@id\":\"https:\\\/\\\/memurunsesi.net\\\/#organization\"},\"image\":{\"@id\":\"https:\\\/\\\/memurunsesi.net\\\/index.php\\\/2026\\\/03\\\/14\\\/merkez-bankasi-anketi-enflasyon-beklentisi-yukseldi-dolar-tahmini-hafif-geriledi\\\/#primaryimage\"},\"thumbnailUrl\":\"https:\\\/\\\/memurunsesi.net\\\/wp-content\\\/uploads\\\/2026\\\/02\\\/merkez-bankasi.jpg\",\"keywords\":[\"cari a\u00e7\u0131k tahmini\",\"dolar TL beklentisi\",\"ekonomi haberleri T\u00fcrkiye\",\"enflasyon tahmini 2026\",\"finans piyasalar\u0131 T\u00fcrkiye\",\"Merkez Bankas\u0131 a\u00e7\u0131klamas\u0131\",\"Merkez Bankas\u0131 enflasyon tahmini\",\"politika faizi beklentisi\",\"TCMB anket sonu\u00e7lar\u0131\",\"TCMB Piyasa Kat\u0131l\u0131mc\u0131lar\u0131 Anketi\",\"T\u00dcFE beklentisi\",\"T\u00fcrkiye ekonomik verileri\",\"T\u00fcrkiye ekonomisi beklentileri\",\"y\u0131l sonu enflasyon beklentisi\"],\"inLanguage\":\"tr\",\"potentialAction\":[{\"@type\":\"CommentAction\",\"name\":\"Comment\",\"target\":[\"https:\\\/\\\/memurunsesi.net\\\/index.php\\\/2026\\\/03\\\/14\\\/merkez-bankasi-anketi-enflasyon-beklentisi-yukseldi-dolar-tahmini-hafif-geriledi\\\/#respond\"]}]},{\"@type\":\"WebPage\",\"@id\":\"https:\\\/\\\/memurunsesi.net\\\/index.php\\\/2026\\\/03\\\/14\\\/merkez-bankasi-anketi-enflasyon-beklentisi-yukseldi-dolar-tahmini-hafif-geriledi\\\/\",\"url\":\"https:\\\/\\\/memurunsesi.net\\\/index.php\\\/2026\\\/03\\\/14\\\/merkez-bankasi-anketi-enflasyon-beklentisi-yukseldi-dolar-tahmini-hafif-geriledi\\\/\",\"name\":\"Merkez Bankas\u0131 Anketi: Enflasyon Beklentisi Y\u00fckseldi, Dolar Tahmini Hafif Geriledi - Memurun Sesi\",\"isPartOf\":{\"@id\":\"https:\\\/\\\/memurunsesi.net\\\/#website\"},\"primaryImageOfPage\":{\"@id\":\"https:\\\/\\\/memurunsesi.net\\\/index.php\\\/2026\\\/03\\\/14\\\/merkez-bankasi-anketi-enflasyon-beklentisi-yukseldi-dolar-tahmini-hafif-geriledi\\\/#primaryimage\"},\"image\":{\"@id\":\"https:\\\/\\\/memurunsesi.net\\\/index.php\\\/2026\\\/03\\\/14\\\/merkez-bankasi-anketi-enflasyon-beklentisi-yukseldi-dolar-tahmini-hafif-geriledi\\\/#primaryimage\"},\"thumbnailUrl\":\"https:\\\/\\\/memurunsesi.net\\\/wp-content\\\/uploads\\\/2026\\\/02\\\/merkez-bankasi.jpg\",\"datePublished\":\"2026-03-14T16:43:30+00:00\",\"description\":\"T\u00fcrkiye Cumhuriyet Merkez Bankas\u0131\u2019n\u0131n mart ay\u0131 Piyasa Kat\u0131l\u0131mc\u0131lar\u0131 Anketi\u2019ne g\u00f6re y\u0131l sonu enflasyon beklentisi y\u00fczde 25,38\u2019e y\u00fckseldi. Dolar\\\/TL tahmini s\u0131n\u0131rl\u0131 gerilerken cari a\u00e7\u0131k ve faiz beklentilerinde de\u011fi\u015fiklik ya\u015fand\u0131.\",\"breadcrumb\":{\"@id\":\"https:\\\/\\\/memurunsesi.net\\\/index.php\\\/2026\\\/03\\\/14\\\/merkez-bankasi-anketi-enflasyon-beklentisi-yukseldi-dolar-tahmini-hafif-geriledi\\\/#breadcrumb\"},\"inLanguage\":\"tr\",\"potentialAction\":[{\"@type\":\"ReadAction\",\"target\":[\"https:\\\/\\\/memurunsesi.net\\\/index.php\\\/2026\\\/03\\\/14\\\/merkez-bankasi-anketi-enflasyon-beklentisi-yukseldi-dolar-tahmini-hafif-geriledi\\\/\"]}]},{\"@type\":\"ImageObject\",\"inLanguage\":\"tr\",\"@id\":\"https:\\\/\\\/memurunsesi.net\\\/index.php\\\/2026\\\/03\\\/14\\\/merkez-bankasi-anketi-enflasyon-beklentisi-yukseldi-dolar-tahmini-hafif-geriledi\\\/#primaryimage\",\"url\":\"https:\\\/\\\/memurunsesi.net\\\/wp-content\\\/uploads\\\/2026\\\/02\\\/merkez-bankasi.jpg\",\"contentUrl\":\"https:\\\/\\\/memurunsesi.net\\\/wp-content\\\/uploads\\\/2026\\\/02\\\/merkez-bankasi.jpg\",\"width\":864,\"height\":486},{\"@type\":\"BreadcrumbList\",\"@id\":\"https:\\\/\\\/memurunsesi.net\\\/index.php\\\/2026\\\/03\\\/14\\\/merkez-bankasi-anketi-enflasyon-beklentisi-yukseldi-dolar-tahmini-hafif-geriledi\\\/#breadcrumb\",\"itemListElement\":[{\"@type\":\"ListItem\",\"position\":1,\"name\":\"Anasayfa\",\"item\":\"https:\\\/\\\/memurunsesi.net\\\/\"},{\"@type\":\"ListItem\",\"position\":2,\"name\":\"Merkez Bankas\u0131 Anketi: Enflasyon Beklentisi Y\u00fckseldi, Dolar Tahmini Hafif Geriledi\"}]},{\"@type\":\"WebSite\",\"@id\":\"https:\\\/\\\/memurunsesi.net\\\/#website\",\"url\":\"https:\\\/\\\/memurunsesi.net\\\/\",\"name\":\"Memurun Sesi\",\"description\":\"G\u00fcncel ve Do\u011fru Haber\",\"publisher\":{\"@id\":\"https:\\\/\\\/memurunsesi.net\\\/#organization\"},\"potentialAction\":[{\"@type\":\"SearchAction\",\"target\":{\"@type\":\"EntryPoint\",\"urlTemplate\":\"https:\\\/\\\/memurunsesi.net\\\/?s={search_term_string}\"},\"query-input\":{\"@type\":\"PropertyValueSpecification\",\"valueRequired\":true,\"valueName\":\"search_term_string\"}}],\"inLanguage\":\"tr\"},{\"@type\":\"Organization\",\"@id\":\"https:\\\/\\\/memurunsesi.net\\\/#organization\",\"name\":\"Memurun Sesi\",\"url\":\"https:\\\/\\\/memurunsesi.net\\\/\",\"logo\":{\"@type\":\"ImageObject\",\"inLanguage\":\"tr\",\"@id\":\"https:\\\/\\\/memurunsesi.net\\\/#\\\/schema\\\/logo\\\/image\\\/\",\"url\":\"https:\\\/\\\/memurunsesi.net\\\/wp-content\\\/uploads\\\/2025\\\/11\\\/cropped-MEMURUN-SESI.png\",\"contentUrl\":\"https:\\\/\\\/memurunsesi.net\\\/wp-content\\\/uploads\\\/2025\\\/11\\\/cropped-MEMURUN-SESI.png\",\"width\":238,\"height\":57,\"caption\":\"Memurun Sesi\"},\"image\":{\"@id\":\"https:\\\/\\\/memurunsesi.net\\\/#\\\/schema\\\/logo\\\/image\\\/\"},\"sameAs\":[\"https:\\\/\\\/www.facebook.com\\\/unipersen\\\/?locale=tr_TR\",\"https:\\\/\\\/x.com\\\/unipersen\"]},{\"@type\":\"Person\",\"@id\":\"https:\\\/\\\/memurunsesi.net\\\/#\\\/schema\\\/person\\\/f21c2d73b89f6ee1d80b0a1803e38587\",\"name\":\"Memurun Sesi Haber Merkezi\",\"image\":{\"@type\":\"ImageObject\",\"inLanguage\":\"tr\",\"@id\":\"https:\\\/\\\/secure.gravatar.com\\\/avatar\\\/6cf0505f452ee753f485014986fab09a434671d2b919ee76fc541025c5876a70?s=96&d=mm&r=g\",\"url\":\"https:\\\/\\\/secure.gravatar.com\\\/avatar\\\/6cf0505f452ee753f485014986fab09a434671d2b919ee76fc541025c5876a70?s=96&d=mm&r=g\",\"contentUrl\":\"https:\\\/\\\/secure.gravatar.com\\\/avatar\\\/6cf0505f452ee753f485014986fab09a434671d2b919ee76fc541025c5876a70?s=96&d=mm&r=g\",\"caption\":\"Memurun Sesi Haber Merkezi\"},\"sameAs\":[\"https:\\\/\\\/memurunsesi.net\"],\"url\":\"https:\\\/\\\/memurunsesi.net\\\/index.php\\\/author\\\/uniper\\\/\"}]}<\/script>\n<!-- \/ Yoast SEO plugin. -->","yoast_head_json":{"title":"Merkez Bankas\u0131 Anketi: Enflasyon Beklentisi Y\u00fckseldi, Dolar Tahmini Hafif Geriledi - Memurun Sesi","description":"T\u00fcrkiye Cumhuriyet Merkez Bankas\u0131\u2019n\u0131n mart ay\u0131 Piyasa Kat\u0131l\u0131mc\u0131lar\u0131 Anketi\u2019ne g\u00f6re y\u0131l sonu enflasyon beklentisi y\u00fczde 25,38\u2019e y\u00fckseldi. Dolar\/TL tahmini s\u0131n\u0131rl\u0131 gerilerken cari a\u00e7\u0131k ve faiz beklentilerinde de\u011fi\u015fiklik ya\u015fand\u0131.","robots":{"index":"index","follow":"follow","max-snippet":"max-snippet:-1","max-image-preview":"max-image-preview:large","max-video-preview":"max-video-preview:-1"},"canonical":"https:\/\/memurunsesi.net\/index.php\/2026\/03\/14\/merkez-bankasi-anketi-enflasyon-beklentisi-yukseldi-dolar-tahmini-hafif-geriledi\/","og_locale":"tr_TR","og_type":"article","og_title":"Merkez Bankas\u0131 Anketi: Enflasyon Beklentisi Y\u00fckseldi, Dolar Tahmini Hafif Geriledi - Memurun Sesi","og_description":"T\u00fcrkiye Cumhuriyet Merkez Bankas\u0131\u2019n\u0131n mart ay\u0131 Piyasa Kat\u0131l\u0131mc\u0131lar\u0131 Anketi\u2019ne g\u00f6re y\u0131l sonu enflasyon beklentisi y\u00fczde 25,38\u2019e y\u00fckseldi. Dolar\/TL tahmini s\u0131n\u0131rl\u0131 gerilerken cari a\u00e7\u0131k ve faiz beklentilerinde de\u011fi\u015fiklik ya\u015fand\u0131.","og_url":"https:\/\/memurunsesi.net\/index.php\/2026\/03\/14\/merkez-bankasi-anketi-enflasyon-beklentisi-yukseldi-dolar-tahmini-hafif-geriledi\/","og_site_name":"Memurun Sesi","article_publisher":"https:\/\/www.facebook.com\/unipersen\/?locale=tr_TR","article_published_time":"2026-03-14T16:43:30+00:00","og_image":[{"width":864,"height":486,"url":"https:\/\/memurunsesi.net\/wp-content\/uploads\/2026\/02\/merkez-bankasi.jpg","type":"image\/jpeg"}],"author":"Memurun Sesi Haber Merkezi","twitter_card":"summary_large_image","twitter_creator":"@unipersen","twitter_site":"@unipersen","twitter_misc":{"Yazan:":"Memurun Sesi Haber Merkezi","Tahmini okuma s\u00fcresi":"3 dakika"},"schema":{"@context":"https:\/\/schema.org","@graph":[{"@type":"Article","@id":"https:\/\/memurunsesi.net\/index.php\/2026\/03\/14\/merkez-bankasi-anketi-enflasyon-beklentisi-yukseldi-dolar-tahmini-hafif-geriledi\/#article","isPartOf":{"@id":"https:\/\/memurunsesi.net\/index.php\/2026\/03\/14\/merkez-bankasi-anketi-enflasyon-beklentisi-yukseldi-dolar-tahmini-hafif-geriledi\/"},"author":{"name":"Memurun Sesi Haber Merkezi","@id":"https:\/\/memurunsesi.net\/#\/schema\/person\/f21c2d73b89f6ee1d80b0a1803e38587"},"headline":"Merkez Bankas\u0131 Anketi: Enflasyon Beklentisi Y\u00fckseldi, Dolar Tahmini Hafif Geriledi","datePublished":"2026-03-14T16:43:30+00:00","mainEntityOfPage":{"@id":"https:\/\/memurunsesi.net\/index.php\/2026\/03\/14\/merkez-bankasi-anketi-enflasyon-beklentisi-yukseldi-dolar-tahmini-hafif-geriledi\/"},"wordCount":480,"commentCount":0,"publisher":{"@id":"https:\/\/memurunsesi.net\/#organization"},"image":{"@id":"https:\/\/memurunsesi.net\/index.php\/2026\/03\/14\/merkez-bankasi-anketi-enflasyon-beklentisi-yukseldi-dolar-tahmini-hafif-geriledi\/#primaryimage"},"thumbnailUrl":"https:\/\/memurunsesi.net\/wp-content\/uploads\/2026\/02\/merkez-bankasi.jpg","keywords":["cari a\u00e7\u0131k tahmini","dolar TL beklentisi","ekonomi haberleri T\u00fcrkiye","enflasyon tahmini 2026","finans piyasalar\u0131 T\u00fcrkiye","Merkez Bankas\u0131 a\u00e7\u0131klamas\u0131","Merkez Bankas\u0131 enflasyon tahmini","politika faizi beklentisi","TCMB anket sonu\u00e7lar\u0131","TCMB Piyasa Kat\u0131l\u0131mc\u0131lar\u0131 Anketi","T\u00dcFE beklentisi","T\u00fcrkiye ekonomik verileri","T\u00fcrkiye ekonomisi beklentileri","y\u0131l sonu enflasyon beklentisi"],"inLanguage":"tr","potentialAction":[{"@type":"CommentAction","name":"Comment","target":["https:\/\/memurunsesi.net\/index.php\/2026\/03\/14\/merkez-bankasi-anketi-enflasyon-beklentisi-yukseldi-dolar-tahmini-hafif-geriledi\/#respond"]}]},{"@type":"WebPage","@id":"https:\/\/memurunsesi.net\/index.php\/2026\/03\/14\/merkez-bankasi-anketi-enflasyon-beklentisi-yukseldi-dolar-tahmini-hafif-geriledi\/","url":"https:\/\/memurunsesi.net\/index.php\/2026\/03\/14\/merkez-bankasi-anketi-enflasyon-beklentisi-yukseldi-dolar-tahmini-hafif-geriledi\/","name":"Merkez Bankas\u0131 Anketi: Enflasyon Beklentisi Y\u00fckseldi, Dolar Tahmini Hafif Geriledi - Memurun Sesi","isPartOf":{"@id":"https:\/\/memurunsesi.net\/#website"},"primaryImageOfPage":{"@id":"https:\/\/memurunsesi.net\/index.php\/2026\/03\/14\/merkez-bankasi-anketi-enflasyon-beklentisi-yukseldi-dolar-tahmini-hafif-geriledi\/#primaryimage"},"image":{"@id":"https:\/\/memurunsesi.net\/index.php\/2026\/03\/14\/merkez-bankasi-anketi-enflasyon-beklentisi-yukseldi-dolar-tahmini-hafif-geriledi\/#primaryimage"},"thumbnailUrl":"https:\/\/memurunsesi.net\/wp-content\/uploads\/2026\/02\/merkez-bankasi.jpg","datePublished":"2026-03-14T16:43:30+00:00","description":"T\u00fcrkiye Cumhuriyet Merkez Bankas\u0131\u2019n\u0131n mart ay\u0131 Piyasa Kat\u0131l\u0131mc\u0131lar\u0131 Anketi\u2019ne g\u00f6re y\u0131l sonu enflasyon beklentisi y\u00fczde 25,38\u2019e y\u00fckseldi. Dolar\/TL tahmini s\u0131n\u0131rl\u0131 gerilerken cari a\u00e7\u0131k ve faiz beklentilerinde de\u011fi\u015fiklik ya\u015fand\u0131.","breadcrumb":{"@id":"https:\/\/memurunsesi.net\/index.php\/2026\/03\/14\/merkez-bankasi-anketi-enflasyon-beklentisi-yukseldi-dolar-tahmini-hafif-geriledi\/#breadcrumb"},"inLanguage":"tr","potentialAction":[{"@type":"ReadAction","target":["https:\/\/memurunsesi.net\/index.php\/2026\/03\/14\/merkez-bankasi-anketi-enflasyon-beklentisi-yukseldi-dolar-tahmini-hafif-geriledi\/"]}]},{"@type":"ImageObject","inLanguage":"tr","@id":"https:\/\/memurunsesi.net\/index.php\/2026\/03\/14\/merkez-bankasi-anketi-enflasyon-beklentisi-yukseldi-dolar-tahmini-hafif-geriledi\/#primaryimage","url":"https:\/\/memurunsesi.net\/wp-content\/uploads\/2026\/02\/merkez-bankasi.jpg","contentUrl":"https:\/\/memurunsesi.net\/wp-content\/uploads\/2026\/02\/merkez-bankasi.jpg","width":864,"height":486},{"@type":"BreadcrumbList","@id":"https:\/\/memurunsesi.net\/index.php\/2026\/03\/14\/merkez-bankasi-anketi-enflasyon-beklentisi-yukseldi-dolar-tahmini-hafif-geriledi\/#breadcrumb","itemListElement":[{"@type":"ListItem","position":1,"name":"Anasayfa","item":"https:\/\/memurunsesi.net\/"},{"@type":"ListItem","position":2,"name":"Merkez Bankas\u0131 Anketi: Enflasyon Beklentisi Y\u00fckseldi, Dolar Tahmini Hafif Geriledi"}]},{"@type":"WebSite","@id":"https:\/\/memurunsesi.net\/#website","url":"https:\/\/memurunsesi.net\/","name":"Memurun Sesi","description":"G\u00fcncel ve Do\u011fru Haber","publisher":{"@id":"https:\/\/memurunsesi.net\/#organization"},"potentialAction":[{"@type":"SearchAction","target":{"@type":"EntryPoint","urlTemplate":"https:\/\/memurunsesi.net\/?s={search_term_string}"},"query-input":{"@type":"PropertyValueSpecification","valueRequired":true,"valueName":"search_term_string"}}],"inLanguage":"tr"},{"@type":"Organization","@id":"https:\/\/memurunsesi.net\/#organization","name":"Memurun Sesi","url":"https:\/\/memurunsesi.net\/","logo":{"@type":"ImageObject","inLanguage":"tr","@id":"https:\/\/memurunsesi.net\/#\/schema\/logo\/image\/","url":"https:\/\/memurunsesi.net\/wp-content\/uploads\/2025\/11\/cropped-MEMURUN-SESI.png","contentUrl":"https:\/\/memurunsesi.net\/wp-content\/uploads\/2025\/11\/cropped-MEMURUN-SESI.png","width":238,"height":57,"caption":"Memurun Sesi"},"image":{"@id":"https:\/\/memurunsesi.net\/#\/schema\/logo\/image\/"},"sameAs":["https:\/\/www.facebook.com\/unipersen\/?locale=tr_TR","https:\/\/x.com\/unipersen"]},{"@type":"Person","@id":"https:\/\/memurunsesi.net\/#\/schema\/person\/f21c2d73b89f6ee1d80b0a1803e38587","name":"Memurun Sesi Haber Merkezi","image":{"@type":"ImageObject","inLanguage":"tr","@id":"https:\/\/secure.gravatar.com\/avatar\/6cf0505f452ee753f485014986fab09a434671d2b919ee76fc541025c5876a70?s=96&d=mm&r=g","url":"https:\/\/secure.gravatar.com\/avatar\/6cf0505f452ee753f485014986fab09a434671d2b919ee76fc541025c5876a70?s=96&d=mm&r=g","contentUrl":"https:\/\/secure.gravatar.com\/avatar\/6cf0505f452ee753f485014986fab09a434671d2b919ee76fc541025c5876a70?s=96&d=mm&r=g","caption":"Memurun Sesi Haber Merkezi"},"sameAs":["https:\/\/memurunsesi.net"],"url":"https:\/\/memurunsesi.net\/index.php\/author\/uniper\/"}]}},"_links":{"self":[{"href":"https:\/\/memurunsesi.net\/index.php\/wp-json\/wp\/v2\/posts\/18331","targetHints":{"allow":["GET"]}}],"collection":[{"href":"https:\/\/memurunsesi.net\/index.php\/wp-json\/wp\/v2\/posts"}],"about":[{"href":"https:\/\/memurunsesi.net\/index.php\/wp-json\/wp\/v2\/types\/post"}],"author":[{"embeddable":true,"href":"https:\/\/memurunsesi.net\/index.php\/wp-json\/wp\/v2\/users\/1"}],"replies":[{"embeddable":true,"href":"https:\/\/memurunsesi.net\/index.php\/wp-json\/wp\/v2\/comments?post=18331"}],"version-history":[{"count":1,"href":"https:\/\/memurunsesi.net\/index.php\/wp-json\/wp\/v2\/posts\/18331\/revisions"}],"predecessor-version":[{"id":18332,"href":"https:\/\/memurunsesi.net\/index.php\/wp-json\/wp\/v2\/posts\/18331\/revisions\/18332"}],"wp:featuredmedia":[{"embeddable":true,"href":"https:\/\/memurunsesi.net\/index.php\/wp-json\/wp\/v2\/media\/17435"}],"wp:attachment":[{"href":"https:\/\/memurunsesi.net\/index.php\/wp-json\/wp\/v2\/media?parent=18331"}],"wp:term":[{"taxonomy":"category","embeddable":true,"href":"https:\/\/memurunsesi.net\/index.php\/wp-json\/wp\/v2\/categories?post=18331"},{"taxonomy":"post_tag","embeddable":true,"href":"https:\/\/memurunsesi.net\/index.php\/wp-json\/wp\/v2\/tags?post=18331"}],"curies":[{"name":"wp","href":"https:\/\/api.w.org\/{rel}","templated":true}]}}