{"id":18344,"date":"2026-03-15T10:00:53","date_gmt":"2026-03-15T07:00:53","guid":{"rendered":"https:\/\/memurunsesi.net\/?p=18344"},"modified":"2026-03-15T10:00:53","modified_gmt":"2026-03-15T07:00:53","slug":"19-kisilik-dagci-grubu-agri-dagi-zirve-tirmanisina-basladi","status":"publish","type":"post","link":"https:\/\/memurunsesi.net\/index.php\/2026\/03\/15\/19-kisilik-dagci-grubu-agri-dagi-zirve-tirmanisina-basladi\/","title":{"rendered":"19 ki\u015filik da\u011fc\u0131 grubu A\u011fr\u0131 Da\u011f\u0131 zirve t\u0131rman\u0131\u015f\u0131na ba\u015flad\u0131"},"content":{"rendered":"<p>Farkl\u0131 illerden gelen 19 ki\u015filik da\u011fc\u0131 grubu, T\u00fcrkiye\u2019nin en y\u00fcksek noktas\u0131 olan A\u011fr\u0131 Da\u011f\u0131\u2019na zirve t\u0131rman\u0131\u015f\u0131 i\u00e7in y\u00fcr\u00fcy\u00fc\u015fe ba\u015flad\u0131.<br \/>\nT\u00fcrkiye\u2019nin en y\u00fcksek da\u011f\u0131 olan A\u011fr\u0131 Da\u011f\u0131\u2019na t\u0131rmanmak \u00fczere bir araya gelen 19 ki\u015filik da\u011fc\u0131 grubu, zirve hedefiyle t\u0131rman\u0131\u015f faaliyetini ba\u015flatt\u0131. Rehber Cuma Salt\u0131k e\u015fli\u011finde ger\u00e7ekle\u015ftirilen t\u0131rman\u0131\u015f kapsam\u0131nda ekip, belirlenen rota \u00fczerinden ilerleyerek ilk etapta kamp alan\u0131na ula\u015fmay\u0131 hedefliyor. Hava \u015fartlar\u0131n\u0131n uygun olmas\u0131 halinde da\u011fc\u0131lar\u0131n \u00f6n\u00fcm\u00fczdeki g\u00fcnlerde A\u011fr\u0131 Da\u011f\u0131\u2019n\u0131n zirvesine ula\u015fmas\u0131 planlan\u0131yor.<\/p>\n<p>15.03.2026<\/p>\n","protected":false},"excerpt":{"rendered":"<p>Farkl\u0131 illerden gelen 19 ki\u015filik da\u011fc\u0131 grubu, T\u00fcrkiye\u2019nin en y\u00fcksek noktas\u0131 olan A\u011fr\u0131 Da\u011f\u0131\u2019na zirve t\u0131rman\u0131\u015f\u0131 i\u00e7in y\u00fcr\u00fcy\u00fc\u015fe ba\u015flad\u0131. T\u00fcrkiye\u2019nin en y\u00fcksek da\u011f\u0131 olan A\u011fr\u0131 Da\u011f\u0131\u2019na t\u0131rmanmak \u00fczere bir araya gelen 19 ki\u015filik da\u011fc\u0131 grubu, zirve hedefiyle t\u0131rman\u0131\u015f faaliyetini ba\u015flatt\u0131. Rehber Cuma Salt\u0131k e\u015fli\u011finde ger\u00e7ekle\u015ftirilen t\u0131rman\u0131\u015f kapsam\u0131nda ekip, belirlenen rota \u00fczerinden ilerleyerek ilk etapta kamp [&hellip;]<\/p>\n","protected":false},"author":1,"featured_media":18345,"comment_status":"open","ping_status":"open","sticky":false,"template":"","format":"standard","meta":{"footnotes":""},"categories":[45],"tags":[2092,2095,2096,2091,2094,2093],"class_list":["post-18344","post","type-post","status-publish","format-standard","has-post-thumbnail","hentry","category-gundem","tag-agri-dagina","tag-dagcilik","tag-tirmanis","tag-turkiyenin-en-yuksek-noktasi-olan","tag-yuruyuse-basladi","tag-zirve-tirmanisi-icin"],"yoast_head":"<!-- This site is optimized with the Yoast SEO plugin v27.4 - https:\/\/yoast.com\/product\/yoast-seo-wordpress\/ -->\n<title>19 ki\u015filik da\u011fc\u0131 grubu A\u011fr\u0131 Da\u011f\u0131 zirve t\u0131rman\u0131\u015f\u0131na ba\u015flad\u0131 - Memurun Sesi<\/title>\n<meta name=\"description\" content=\"\u00a0Farkl\u0131 illerden gelen 19 ki\u015filik da\u011fc\u0131 grubu, T\u00fcrkiye\u2019nin en y\u00fcksek noktas\u0131 olan A\u011fr\u0131 Da\u011f\u0131\u2019na zirve t\u0131rman\u0131\u015f\u0131 i\u00e7in y\u00fcr\u00fcy\u00fc\u015fe ba\u015flad\u0131.\" \/>\n<meta name=\"robots\" content=\"index, follow, max-snippet:-1, max-image-preview:large, max-video-preview:-1\" \/>\n<link rel=\"canonical\" href=\"https:\/\/memurunsesi.net\/index.php\/2026\/03\/15\/19-kisilik-dagci-grubu-agri-dagi-zirve-tirmanisina-basladi\/\" \/>\n<meta property=\"og:locale\" content=\"tr_TR\" \/>\n<meta property=\"og:type\" content=\"article\" \/>\n<meta property=\"og:title\" content=\"19 ki\u015filik da\u011fc\u0131 grubu A\u011fr\u0131 Da\u011f\u0131 zirve t\u0131rman\u0131\u015f\u0131na ba\u015flad\u0131 - Memurun Sesi\" \/>\n<meta property=\"og:description\" content=\"\u00a0Farkl\u0131 illerden gelen 19 ki\u015filik da\u011fc\u0131 grubu, T\u00fcrkiye\u2019nin en y\u00fcksek noktas\u0131 olan A\u011fr\u0131 Da\u011f\u0131\u2019na zirve t\u0131rman\u0131\u015f\u0131 i\u00e7in y\u00fcr\u00fcy\u00fc\u015fe ba\u015flad\u0131.\" \/>\n<meta property=\"og:url\" content=\"https:\/\/memurunsesi.net\/index.php\/2026\/03\/15\/19-kisilik-dagci-grubu-agri-dagi-zirve-tirmanisina-basladi\/\" \/>\n<meta property=\"og:site_name\" content=\"Memurun Sesi\" \/>\n<meta property=\"article:publisher\" content=\"https:\/\/www.facebook.com\/unipersen\/?locale=tr_TR\" \/>\n<meta property=\"article:published_time\" content=\"2026-03-15T07:00:53+00:00\" \/>\n<meta property=\"og:image\" content=\"https:\/\/memurunsesi.net\/wp-content\/uploads\/2026\/03\/tirmanis.jpg\" \/>\n\t<meta property=\"og:image:width\" content=\"2000\" \/>\n\t<meta property=\"og:image:height\" content=\"924\" \/>\n\t<meta property=\"og:image:type\" content=\"image\/jpeg\" \/>\n<meta name=\"author\" content=\"Memurun Sesi Haber Merkezi\" \/>\n<meta name=\"twitter:card\" content=\"summary_large_image\" \/>\n<meta name=\"twitter:creator\" content=\"@unipersen\" \/>\n<meta name=\"twitter:site\" content=\"@unipersen\" \/>\n<meta name=\"twitter:label1\" content=\"Yazan:\" \/>\n\t<meta name=\"twitter:data1\" content=\"Memurun Sesi Haber Merkezi\" \/>\n\t<meta name=\"twitter:label2\" content=\"Tahmini okuma s\u00fcresi\" \/>\n\t<meta name=\"twitter:data2\" content=\"1 dakika\" \/>\n<script type=\"application\/ld+json\" class=\"yoast-schema-graph\">{\"@context\":\"https:\\\/\\\/schema.org\",\"@graph\":[{\"@type\":\"Article\",\"@id\":\"https:\\\/\\\/memurunsesi.net\\\/index.php\\\/2026\\\/03\\\/15\\\/19-kisilik-dagci-grubu-agri-dagi-zirve-tirmanisina-basladi\\\/#article\",\"isPartOf\":{\"@id\":\"https:\\\/\\\/memurunsesi.net\\\/index.php\\\/2026\\\/03\\\/15\\\/19-kisilik-dagci-grubu-agri-dagi-zirve-tirmanisina-basladi\\\/\"},\"author\":{\"name\":\"Memurun Sesi Haber Merkezi\",\"@id\":\"https:\\\/\\\/memurunsesi.net\\\/#\\\/schema\\\/person\\\/f21c2d73b89f6ee1d80b0a1803e38587\"},\"headline\":\"19 ki\u015filik da\u011fc\u0131 grubu A\u011fr\u0131 Da\u011f\u0131 zirve t\u0131rman\u0131\u015f\u0131na ba\u015flad\u0131\",\"datePublished\":\"2026-03-15T07:00:53+00:00\",\"mainEntityOfPage\":{\"@id\":\"https:\\\/\\\/memurunsesi.net\\\/index.php\\\/2026\\\/03\\\/15\\\/19-kisilik-dagci-grubu-agri-dagi-zirve-tirmanisina-basladi\\\/\"},\"wordCount\":128,\"commentCount\":0,\"publisher\":{\"@id\":\"https:\\\/\\\/memurunsesi.net\\\/#organization\"},\"image\":{\"@id\":\"https:\\\/\\\/memurunsesi.net\\\/index.php\\\/2026\\\/03\\\/15\\\/19-kisilik-dagci-grubu-agri-dagi-zirve-tirmanisina-basladi\\\/#primaryimage\"},\"thumbnailUrl\":\"https:\\\/\\\/memurunsesi.net\\\/wp-content\\\/uploads\\\/2026\\\/03\\\/tirmanis.jpg\",\"keywords\":[\"A\u011fr\u0131 Da\u011f\u0131\u2019na\",\"da\u011fc\u0131l\u0131k\",\"t\u0131rman\u0131\u015f\",\"T\u00fcrkiye\u2019nin en y\u00fcksek noktas\u0131 olan\",\"y\u00fcr\u00fcy\u00fc\u015fe ba\u015flad\u0131\",\"zirve t\u0131rman\u0131\u015f\u0131 i\u00e7in\"],\"articleSection\":[\"G\u00fcndem\"],\"inLanguage\":\"tr\",\"potentialAction\":[{\"@type\":\"CommentAction\",\"name\":\"Comment\",\"target\":[\"https:\\\/\\\/memurunsesi.net\\\/index.php\\\/2026\\\/03\\\/15\\\/19-kisilik-dagci-grubu-agri-dagi-zirve-tirmanisina-basladi\\\/#respond\"]}]},{\"@type\":\"WebPage\",\"@id\":\"https:\\\/\\\/memurunsesi.net\\\/index.php\\\/2026\\\/03\\\/15\\\/19-kisilik-dagci-grubu-agri-dagi-zirve-tirmanisina-basladi\\\/\",\"url\":\"https:\\\/\\\/memurunsesi.net\\\/index.php\\\/2026\\\/03\\\/15\\\/19-kisilik-dagci-grubu-agri-dagi-zirve-tirmanisina-basladi\\\/\",\"name\":\"19 ki\u015filik da\u011fc\u0131 grubu A\u011fr\u0131 Da\u011f\u0131 zirve t\u0131rman\u0131\u015f\u0131na ba\u015flad\u0131 - Memurun Sesi\",\"isPartOf\":{\"@id\":\"https:\\\/\\\/memurunsesi.net\\\/#website\"},\"primaryImageOfPage\":{\"@id\":\"https:\\\/\\\/memurunsesi.net\\\/index.php\\\/2026\\\/03\\\/15\\\/19-kisilik-dagci-grubu-agri-dagi-zirve-tirmanisina-basladi\\\/#primaryimage\"},\"image\":{\"@id\":\"https:\\\/\\\/memurunsesi.net\\\/index.php\\\/2026\\\/03\\\/15\\\/19-kisilik-dagci-grubu-agri-dagi-zirve-tirmanisina-basladi\\\/#primaryimage\"},\"thumbnailUrl\":\"https:\\\/\\\/memurunsesi.net\\\/wp-content\\\/uploads\\\/2026\\\/03\\\/tirmanis.jpg\",\"datePublished\":\"2026-03-15T07:00:53+00:00\",\"description\":\"\u00a0Farkl\u0131 illerden gelen 19 ki\u015filik da\u011fc\u0131 grubu, T\u00fcrkiye\u2019nin en y\u00fcksek noktas\u0131 olan A\u011fr\u0131 Da\u011f\u0131\u2019na zirve t\u0131rman\u0131\u015f\u0131 i\u00e7in y\u00fcr\u00fcy\u00fc\u015fe ba\u015flad\u0131.\",\"breadcrumb\":{\"@id\":\"https:\\\/\\\/memurunsesi.net\\\/index.php\\\/2026\\\/03\\\/15\\\/19-kisilik-dagci-grubu-agri-dagi-zirve-tirmanisina-basladi\\\/#breadcrumb\"},\"inLanguage\":\"tr\",\"potentialAction\":[{\"@type\":\"ReadAction\",\"target\":[\"https:\\\/\\\/memurunsesi.net\\\/index.php\\\/2026\\\/03\\\/15\\\/19-kisilik-dagci-grubu-agri-dagi-zirve-tirmanisina-basladi\\\/\"]}]},{\"@type\":\"ImageObject\",\"inLanguage\":\"tr\",\"@id\":\"https:\\\/\\\/memurunsesi.net\\\/index.php\\\/2026\\\/03\\\/15\\\/19-kisilik-dagci-grubu-agri-dagi-zirve-tirmanisina-basladi\\\/#primaryimage\",\"url\":\"https:\\\/\\\/memurunsesi.net\\\/wp-content\\\/uploads\\\/2026\\\/03\\\/tirmanis.jpg\",\"contentUrl\":\"https:\\\/\\\/memurunsesi.net\\\/wp-content\\\/uploads\\\/2026\\\/03\\\/tirmanis.jpg\",\"width\":2000,\"height\":924,\"caption\":\"19 K\u0130\u015e\u0130L\u0130K DA\u011eCI GRUBU A\u011eRI DA\u011eI Z\u0130RVE TIRMANI\u015eINA BA\u015eLADI (MERVE G\u00d6KBAKAN\\\/A\u011eRI-\u0130HA) Farkl\u0131 illerden gelen 19 ki\u015filik da\u011fc\u0131 grubu, T\u00fcrkiye'nin en y\u00fcksek noktas\u0131 olan A\u011fr\u0131 Da\u011f\u0131'na zirve t\u0131rman\u0131\u015f\u0131 i\u00e7in y\u00fcr\u00fcy\u00fc\u015fe ba\u015flad\u0131.\"},{\"@type\":\"BreadcrumbList\",\"@id\":\"https:\\\/\\\/memurunsesi.net\\\/index.php\\\/2026\\\/03\\\/15\\\/19-kisilik-dagci-grubu-agri-dagi-zirve-tirmanisina-basladi\\\/#breadcrumb\",\"itemListElement\":[{\"@type\":\"ListItem\",\"position\":1,\"name\":\"Anasayfa\",\"item\":\"https:\\\/\\\/memurunsesi.net\\\/\"},{\"@type\":\"ListItem\",\"position\":2,\"name\":\"19 ki\u015filik da\u011fc\u0131 grubu A\u011fr\u0131 Da\u011f\u0131 zirve t\u0131rman\u0131\u015f\u0131na ba\u015flad\u0131\"}]},{\"@type\":\"WebSite\",\"@id\":\"https:\\\/\\\/memurunsesi.net\\\/#website\",\"url\":\"https:\\\/\\\/memurunsesi.net\\\/\",\"name\":\"Memurun Sesi\",\"description\":\"G\u00fcncel ve Do\u011fru Haber\",\"publisher\":{\"@id\":\"https:\\\/\\\/memurunsesi.net\\\/#organization\"},\"potentialAction\":[{\"@type\":\"SearchAction\",\"target\":{\"@type\":\"EntryPoint\",\"urlTemplate\":\"https:\\\/\\\/memurunsesi.net\\\/?s={search_term_string}\"},\"query-input\":{\"@type\":\"PropertyValueSpecification\",\"valueRequired\":true,\"valueName\":\"search_term_string\"}}],\"inLanguage\":\"tr\"},{\"@type\":\"Organization\",\"@id\":\"https:\\\/\\\/memurunsesi.net\\\/#organization\",\"name\":\"Memurun Sesi\",\"url\":\"https:\\\/\\\/memurunsesi.net\\\/\",\"logo\":{\"@type\":\"ImageObject\",\"inLanguage\":\"tr\",\"@id\":\"https:\\\/\\\/memurunsesi.net\\\/#\\\/schema\\\/logo\\\/image\\\/\",\"url\":\"https:\\\/\\\/memurunsesi.net\\\/wp-content\\\/uploads\\\/2025\\\/11\\\/cropped-MEMURUN-SESI.png\",\"contentUrl\":\"https:\\\/\\\/memurunsesi.net\\\/wp-content\\\/uploads\\\/2025\\\/11\\\/cropped-MEMURUN-SESI.png\",\"width\":238,\"height\":57,\"caption\":\"Memurun Sesi\"},\"image\":{\"@id\":\"https:\\\/\\\/memurunsesi.net\\\/#\\\/schema\\\/logo\\\/image\\\/\"},\"sameAs\":[\"https:\\\/\\\/www.facebook.com\\\/unipersen\\\/?locale=tr_TR\",\"https:\\\/\\\/x.com\\\/unipersen\"]},{\"@type\":\"Person\",\"@id\":\"https:\\\/\\\/memurunsesi.net\\\/#\\\/schema\\\/person\\\/f21c2d73b89f6ee1d80b0a1803e38587\",\"name\":\"Memurun Sesi Haber Merkezi\",\"image\":{\"@type\":\"ImageObject\",\"inLanguage\":\"tr\",\"@id\":\"https:\\\/\\\/secure.gravatar.com\\\/avatar\\\/6cf0505f452ee753f485014986fab09a434671d2b919ee76fc541025c5876a70?s=96&d=mm&r=g\",\"url\":\"https:\\\/\\\/secure.gravatar.com\\\/avatar\\\/6cf0505f452ee753f485014986fab09a434671d2b919ee76fc541025c5876a70?s=96&d=mm&r=g\",\"contentUrl\":\"https:\\\/\\\/secure.gravatar.com\\\/avatar\\\/6cf0505f452ee753f485014986fab09a434671d2b919ee76fc541025c5876a70?s=96&d=mm&r=g\",\"caption\":\"Memurun Sesi Haber Merkezi\"},\"sameAs\":[\"https:\\\/\\\/memurunsesi.net\"],\"url\":\"https:\\\/\\\/memurunsesi.net\\\/index.php\\\/author\\\/uniper\\\/\"}]}<\/script>\n<!-- \/ Yoast SEO plugin. -->","yoast_head_json":{"title":"19 ki\u015filik da\u011fc\u0131 grubu A\u011fr\u0131 Da\u011f\u0131 zirve t\u0131rman\u0131\u015f\u0131na ba\u015flad\u0131 - Memurun Sesi","description":"\u00a0Farkl\u0131 illerden gelen 19 ki\u015filik da\u011fc\u0131 grubu, T\u00fcrkiye\u2019nin en y\u00fcksek noktas\u0131 olan A\u011fr\u0131 Da\u011f\u0131\u2019na zirve t\u0131rman\u0131\u015f\u0131 i\u00e7in y\u00fcr\u00fcy\u00fc\u015fe ba\u015flad\u0131.","robots":{"index":"index","follow":"follow","max-snippet":"max-snippet:-1","max-image-preview":"max-image-preview:large","max-video-preview":"max-video-preview:-1"},"canonical":"https:\/\/memurunsesi.net\/index.php\/2026\/03\/15\/19-kisilik-dagci-grubu-agri-dagi-zirve-tirmanisina-basladi\/","og_locale":"tr_TR","og_type":"article","og_title":"19 ki\u015filik da\u011fc\u0131 grubu A\u011fr\u0131 Da\u011f\u0131 zirve t\u0131rman\u0131\u015f\u0131na ba\u015flad\u0131 - Memurun Sesi","og_description":"\u00a0Farkl\u0131 illerden gelen 19 ki\u015filik da\u011fc\u0131 grubu, T\u00fcrkiye\u2019nin en y\u00fcksek noktas\u0131 olan A\u011fr\u0131 Da\u011f\u0131\u2019na zirve t\u0131rman\u0131\u015f\u0131 i\u00e7in y\u00fcr\u00fcy\u00fc\u015fe ba\u015flad\u0131.","og_url":"https:\/\/memurunsesi.net\/index.php\/2026\/03\/15\/19-kisilik-dagci-grubu-agri-dagi-zirve-tirmanisina-basladi\/","og_site_name":"Memurun Sesi","article_publisher":"https:\/\/www.facebook.com\/unipersen\/?locale=tr_TR","article_published_time":"2026-03-15T07:00:53+00:00","og_image":[{"width":2000,"height":924,"url":"https:\/\/memurunsesi.net\/wp-content\/uploads\/2026\/03\/tirmanis.jpg","type":"image\/jpeg"}],"author":"Memurun Sesi Haber Merkezi","twitter_card":"summary_large_image","twitter_creator":"@unipersen","twitter_site":"@unipersen","twitter_misc":{"Yazan:":"Memurun Sesi Haber Merkezi","Tahmini okuma s\u00fcresi":"1 dakika"},"schema":{"@context":"https:\/\/schema.org","@graph":[{"@type":"Article","@id":"https:\/\/memurunsesi.net\/index.php\/2026\/03\/15\/19-kisilik-dagci-grubu-agri-dagi-zirve-tirmanisina-basladi\/#article","isPartOf":{"@id":"https:\/\/memurunsesi.net\/index.php\/2026\/03\/15\/19-kisilik-dagci-grubu-agri-dagi-zirve-tirmanisina-basladi\/"},"author":{"name":"Memurun Sesi Haber Merkezi","@id":"https:\/\/memurunsesi.net\/#\/schema\/person\/f21c2d73b89f6ee1d80b0a1803e38587"},"headline":"19 ki\u015filik da\u011fc\u0131 grubu A\u011fr\u0131 Da\u011f\u0131 zirve t\u0131rman\u0131\u015f\u0131na ba\u015flad\u0131","datePublished":"2026-03-15T07:00:53+00:00","mainEntityOfPage":{"@id":"https:\/\/memurunsesi.net\/index.php\/2026\/03\/15\/19-kisilik-dagci-grubu-agri-dagi-zirve-tirmanisina-basladi\/"},"wordCount":128,"commentCount":0,"publisher":{"@id":"https:\/\/memurunsesi.net\/#organization"},"image":{"@id":"https:\/\/memurunsesi.net\/index.php\/2026\/03\/15\/19-kisilik-dagci-grubu-agri-dagi-zirve-tirmanisina-basladi\/#primaryimage"},"thumbnailUrl":"https:\/\/memurunsesi.net\/wp-content\/uploads\/2026\/03\/tirmanis.jpg","keywords":["A\u011fr\u0131 Da\u011f\u0131\u2019na","da\u011fc\u0131l\u0131k","t\u0131rman\u0131\u015f","T\u00fcrkiye\u2019nin en y\u00fcksek noktas\u0131 olan","y\u00fcr\u00fcy\u00fc\u015fe ba\u015flad\u0131","zirve t\u0131rman\u0131\u015f\u0131 i\u00e7in"],"articleSection":["G\u00fcndem"],"inLanguage":"tr","potentialAction":[{"@type":"CommentAction","name":"Comment","target":["https:\/\/memurunsesi.net\/index.php\/2026\/03\/15\/19-kisilik-dagci-grubu-agri-dagi-zirve-tirmanisina-basladi\/#respond"]}]},{"@type":"WebPage","@id":"https:\/\/memurunsesi.net\/index.php\/2026\/03\/15\/19-kisilik-dagci-grubu-agri-dagi-zirve-tirmanisina-basladi\/","url":"https:\/\/memurunsesi.net\/index.php\/2026\/03\/15\/19-kisilik-dagci-grubu-agri-dagi-zirve-tirmanisina-basladi\/","name":"19 ki\u015filik da\u011fc\u0131 grubu A\u011fr\u0131 Da\u011f\u0131 zirve t\u0131rman\u0131\u015f\u0131na ba\u015flad\u0131 - Memurun Sesi","isPartOf":{"@id":"https:\/\/memurunsesi.net\/#website"},"primaryImageOfPage":{"@id":"https:\/\/memurunsesi.net\/index.php\/2026\/03\/15\/19-kisilik-dagci-grubu-agri-dagi-zirve-tirmanisina-basladi\/#primaryimage"},"image":{"@id":"https:\/\/memurunsesi.net\/index.php\/2026\/03\/15\/19-kisilik-dagci-grubu-agri-dagi-zirve-tirmanisina-basladi\/#primaryimage"},"thumbnailUrl":"https:\/\/memurunsesi.net\/wp-content\/uploads\/2026\/03\/tirmanis.jpg","datePublished":"2026-03-15T07:00:53+00:00","description":"\u00a0Farkl\u0131 illerden gelen 19 ki\u015filik da\u011fc\u0131 grubu, T\u00fcrkiye\u2019nin en y\u00fcksek noktas\u0131 olan A\u011fr\u0131 Da\u011f\u0131\u2019na zirve t\u0131rman\u0131\u015f\u0131 i\u00e7in y\u00fcr\u00fcy\u00fc\u015fe ba\u015flad\u0131.","breadcrumb":{"@id":"https:\/\/memurunsesi.net\/index.php\/2026\/03\/15\/19-kisilik-dagci-grubu-agri-dagi-zirve-tirmanisina-basladi\/#breadcrumb"},"inLanguage":"tr","potentialAction":[{"@type":"ReadAction","target":["https:\/\/memurunsesi.net\/index.php\/2026\/03\/15\/19-kisilik-dagci-grubu-agri-dagi-zirve-tirmanisina-basladi\/"]}]},{"@type":"ImageObject","inLanguage":"tr","@id":"https:\/\/memurunsesi.net\/index.php\/2026\/03\/15\/19-kisilik-dagci-grubu-agri-dagi-zirve-tirmanisina-basladi\/#primaryimage","url":"https:\/\/memurunsesi.net\/wp-content\/uploads\/2026\/03\/tirmanis.jpg","contentUrl":"https:\/\/memurunsesi.net\/wp-content\/uploads\/2026\/03\/tirmanis.jpg","width":2000,"height":924,"caption":"19 K\u0130\u015e\u0130L\u0130K DA\u011eCI GRUBU A\u011eRI DA\u011eI Z\u0130RVE TIRMANI\u015eINA BA\u015eLADI (MERVE G\u00d6KBAKAN\/A\u011eRI-\u0130HA) Farkl\u0131 illerden gelen 19 ki\u015filik da\u011fc\u0131 grubu, T\u00fcrkiye'nin en y\u00fcksek noktas\u0131 olan A\u011fr\u0131 Da\u011f\u0131'na zirve t\u0131rman\u0131\u015f\u0131 i\u00e7in y\u00fcr\u00fcy\u00fc\u015fe ba\u015flad\u0131."},{"@type":"BreadcrumbList","@id":"https:\/\/memurunsesi.net\/index.php\/2026\/03\/15\/19-kisilik-dagci-grubu-agri-dagi-zirve-tirmanisina-basladi\/#breadcrumb","itemListElement":[{"@type":"ListItem","position":1,"name":"Anasayfa","item":"https:\/\/memurunsesi.net\/"},{"@type":"ListItem","position":2,"name":"19 ki\u015filik da\u011fc\u0131 grubu A\u011fr\u0131 Da\u011f\u0131 zirve t\u0131rman\u0131\u015f\u0131na ba\u015flad\u0131"}]},{"@type":"WebSite","@id":"https:\/\/memurunsesi.net\/#website","url":"https:\/\/memurunsesi.net\/","name":"Memurun Sesi","description":"G\u00fcncel ve Do\u011fru Haber","publisher":{"@id":"https:\/\/memurunsesi.net\/#organization"},"potentialAction":[{"@type":"SearchAction","target":{"@type":"EntryPoint","urlTemplate":"https:\/\/memurunsesi.net\/?s={search_term_string}"},"query-input":{"@type":"PropertyValueSpecification","valueRequired":true,"valueName":"search_term_string"}}],"inLanguage":"tr"},{"@type":"Organization","@id":"https:\/\/memurunsesi.net\/#organization","name":"Memurun Sesi","url":"https:\/\/memurunsesi.net\/","logo":{"@type":"ImageObject","inLanguage":"tr","@id":"https:\/\/memurunsesi.net\/#\/schema\/logo\/image\/","url":"https:\/\/memurunsesi.net\/wp-content\/uploads\/2025\/11\/cropped-MEMURUN-SESI.png","contentUrl":"https:\/\/memurunsesi.net\/wp-content\/uploads\/2025\/11\/cropped-MEMURUN-SESI.png","width":238,"height":57,"caption":"Memurun Sesi"},"image":{"@id":"https:\/\/memurunsesi.net\/#\/schema\/logo\/image\/"},"sameAs":["https:\/\/www.facebook.com\/unipersen\/?locale=tr_TR","https:\/\/x.com\/unipersen"]},{"@type":"Person","@id":"https:\/\/memurunsesi.net\/#\/schema\/person\/f21c2d73b89f6ee1d80b0a1803e38587","name":"Memurun Sesi Haber Merkezi","image":{"@type":"ImageObject","inLanguage":"tr","@id":"https:\/\/secure.gravatar.com\/avatar\/6cf0505f452ee753f485014986fab09a434671d2b919ee76fc541025c5876a70?s=96&d=mm&r=g","url":"https:\/\/secure.gravatar.com\/avatar\/6cf0505f452ee753f485014986fab09a434671d2b919ee76fc541025c5876a70?s=96&d=mm&r=g","contentUrl":"https:\/\/secure.gravatar.com\/avatar\/6cf0505f452ee753f485014986fab09a434671d2b919ee76fc541025c5876a70?s=96&d=mm&r=g","caption":"Memurun Sesi Haber Merkezi"},"sameAs":["https:\/\/memurunsesi.net"],"url":"https:\/\/memurunsesi.net\/index.php\/author\/uniper\/"}]}},"_links":{"self":[{"href":"https:\/\/memurunsesi.net\/index.php\/wp-json\/wp\/v2\/posts\/18344","targetHints":{"allow":["GET"]}}],"collection":[{"href":"https:\/\/memurunsesi.net\/index.php\/wp-json\/wp\/v2\/posts"}],"about":[{"href":"https:\/\/memurunsesi.net\/index.php\/wp-json\/wp\/v2\/types\/post"}],"author":[{"embeddable":true,"href":"https:\/\/memurunsesi.net\/index.php\/wp-json\/wp\/v2\/users\/1"}],"replies":[{"embeddable":true,"href":"https:\/\/memurunsesi.net\/index.php\/wp-json\/wp\/v2\/comments?post=18344"}],"version-history":[{"count":1,"href":"https:\/\/memurunsesi.net\/index.php\/wp-json\/wp\/v2\/posts\/18344\/revisions"}],"predecessor-version":[{"id":18346,"href":"https:\/\/memurunsesi.net\/index.php\/wp-json\/wp\/v2\/posts\/18344\/revisions\/18346"}],"wp:featuredmedia":[{"embeddable":true,"href":"https:\/\/memurunsesi.net\/index.php\/wp-json\/wp\/v2\/media\/18345"}],"wp:attachment":[{"href":"https:\/\/memurunsesi.net\/index.php\/wp-json\/wp\/v2\/media?parent=18344"}],"wp:term":[{"taxonomy":"category","embeddable":true,"href":"https:\/\/memurunsesi.net\/index.php\/wp-json\/wp\/v2\/categories?post=18344"},{"taxonomy":"post_tag","embeddable":true,"href":"https:\/\/memurunsesi.net\/index.php\/wp-json\/wp\/v2\/tags?post=18344"}],"curies":[{"name":"wp","href":"https:\/\/api.w.org\/{rel}","templated":true}]}}