{"id":18384,"date":"2026-03-16T11:19:43","date_gmt":"2026-03-16T08:19:43","guid":{"rendered":"https:\/\/memurunsesi.net\/?p=18384"},"modified":"2026-03-16T11:19:43","modified_gmt":"2026-03-16T08:19:43","slug":"alevlere-teslim-olan-otomobil-dakikalarca-boyle-yandi","status":"publish","type":"post","link":"https:\/\/memurunsesi.net\/index.php\/2026\/03\/16\/alevlere-teslim-olan-otomobil-dakikalarca-boyle-yandi\/","title":{"rendered":"Alevlere teslim olan otomobil dakikalarca b\u00f6yle yand\u0131"},"content":{"rendered":"<p>&#8211; Kap\u0131y\u0131 a\u00e7mas\u0131yla alev topuna d\u00f6nd\u00fc: Alevlerin b\u00fcy\u00fcme an\u0131 kamerada<\/p>\n<p>Kocaeli&#8217;nin Derince il\u00e7esinde gece saatlerinde park halindeyken dumanlar y\u00fckselen otomobil, dakikalarca yand\u0131. Sahibi oldu\u011fu d\u00fc\u015f\u00fcn\u00fclen ki\u015finin kap\u0131y\u0131 a\u00e7mas\u0131yla alevlerin bir anda t\u00fcm arac\u0131 sard\u0131\u011f\u0131 ve ufak \u00e7apl\u0131 patlamalar\u0131n ya\u015fand\u0131\u011f\u0131 o anlar g\u00fcvenlik kameras\u0131na saniye saniye yans\u0131d\u0131.<br \/>\nEdinilen bilgiye g\u00f6re, Mersincik Mahallesi Zuhal Sokak&#8217;ta saat 01.10 s\u0131ralar\u0131nda park halinde bulunan bir otomobilden dumanlar y\u00fckselmeye ba\u015flad\u0131. Durumu fark eden ve ara\u00e7 sahibi oldu\u011fu d\u00fc\u015f\u00fcn\u00fclen ki\u015fi, otomobilin yan\u0131na gelerek \u015fof\u00f6r kap\u0131s\u0131n\u0131 a\u00e7t\u0131. Kap\u0131n\u0131n a\u00e7\u0131lmas\u0131yla birlikte yang\u0131n bir anda b\u00fcy\u00fcd\u00fc ve alevler k\u0131sa s\u00fcrede t\u00fcm arac\u0131 sard\u0131. \u0130hbar \u00fczerine b\u00f6lgeye sevk edilen itfaiye ekipleri, alev topuna d\u00f6nen araca m\u00fcdahale ederek yang\u0131n\u0131 kontrol alt\u0131na ald\u0131 ve s\u00f6nd\u00fcrd\u00fc. Dakikalarca alev alev yanan otomobil tamamen k\u00fcle d\u00f6nerek demir y\u0131\u011f\u0131n\u0131 haline geldi.<\/p>\n<p>Kap\u0131y\u0131 a\u00e7t\u0131\u011f\u0131 an alevlerin parlamas\u0131 kamerada<br \/>\n\u00d6te yandan, arac\u0131n dakikalarca yand\u0131\u011f\u0131 ve kullan\u0131lamaz hale geldi\u011fi o anlar \u00e7evredeki bir g\u00fcvenlik kameras\u0131nca anbean kaydedildi. G\u00f6r\u00fcnt\u00fclerde; sahibi oldu\u011fu d\u00fc\u015f\u00fcn\u00fclen ki\u015finin \u015fof\u00f6r kap\u0131s\u0131n\u0131 a\u00e7ar a\u00e7maz dumanlar\u0131n yerini \u015fiddetli alevlerin ald\u0131\u011f\u0131, alevlerin arac\u0131n etraf\u0131n\u0131 tamamen sard\u0131\u011f\u0131, \u00e7aresiz kalan ki\u015finin \u0131s\u0131dan dolay\u0131 araca yakla\u015famad\u0131\u011f\u0131 ve ara s\u0131ra cep telefonunun kameras\u0131yla yanan ara\u00e7tan g\u00f6r\u00fcnt\u00fc ald\u0131\u011f\u0131 g\u00f6r\u00fcl\u00fcyor.<br \/>\nZaman zaman ufak \u00e7apl\u0131 patlamalar\u0131n da ya\u015fand\u0131\u011f\u0131 yang\u0131n an\u0131nda, ara\u00e7 sahibinin endi\u015feli bekleyi\u015fi ve alevlere m\u00fcdahale edilen anlar da kay\u0131tlarda yer al\u0131yor.<\/p>\n<p>16.03.2026<\/p>\n","protected":false},"excerpt":{"rendered":"<p>&#8211; Kap\u0131y\u0131 a\u00e7mas\u0131yla alev topuna d\u00f6nd\u00fc: Alevlerin b\u00fcy\u00fcme an\u0131 kamerada Kocaeli&#8217;nin Derince il\u00e7esinde gece saatlerinde park halindeyken dumanlar y\u00fckselen otomobil, dakikalarca yand\u0131. Sahibi oldu\u011fu d\u00fc\u015f\u00fcn\u00fclen ki\u015finin kap\u0131y\u0131 a\u00e7mas\u0131yla alevlerin bir anda t\u00fcm arac\u0131 sard\u0131\u011f\u0131 ve ufak \u00e7apl\u0131 patlamalar\u0131n ya\u015fand\u0131\u011f\u0131 o anlar g\u00fcvenlik kameras\u0131na saniye saniye yans\u0131d\u0131. Edinilen bilgiye g\u00f6re, Mersincik Mahallesi Zuhal Sokak&#8217;ta saat 01.10 [&hellip;]<\/p>\n","protected":false},"author":1,"featured_media":18385,"comment_status":"open","ping_status":"open","sticky":false,"template":"","format":"standard","meta":{"footnotes":""},"categories":[1],"tags":[2151,2150],"class_list":["post-18384","post","type-post","status-publish","format-standard","has-post-thumbnail","hentry","category-genel","tag-alev-alev-yandi","tag-saniyeler-icinde"],"yoast_head":"<!-- This site is optimized with the Yoast SEO plugin v27.4 - https:\/\/yoast.com\/product\/yoast-seo-wordpress\/ -->\n<title>Alevlere teslim olan otomobil dakikalarca b\u00f6yle yand\u0131 - Memurun Sesi<\/title>\n<meta name=\"description\" content=\"Kocaeli&#039;nin Derince il\u00e7esinde gece saatlerinde park halindeyken dumanlar y\u00fckselen otomobil, dakikalarca yand\u0131. Sahibi oldu\u011fu d\u00fc\u015f\u00fcn\u00fclen ki\u015finin kap\u0131y\u0131 a\u00e7mas\u0131yla alevlerin bir anda t\u00fcm arac\u0131 sard\u0131\u011f\u0131 ve ufak \u00e7apl\u0131 patlamalar\u0131n ya\u015fand\u0131\u011f\u0131 o anlar g\u00fcvenlik kameras\u0131na saniye saniye yans\u0131d\u0131.\" \/>\n<meta name=\"robots\" content=\"index, follow, max-snippet:-1, max-image-preview:large, max-video-preview:-1\" \/>\n<link rel=\"canonical\" href=\"https:\/\/memurunsesi.net\/index.php\/2026\/03\/16\/alevlere-teslim-olan-otomobil-dakikalarca-boyle-yandi\/\" \/>\n<meta property=\"og:locale\" content=\"tr_TR\" \/>\n<meta property=\"og:type\" content=\"article\" \/>\n<meta property=\"og:title\" content=\"Alevlere teslim olan otomobil dakikalarca b\u00f6yle yand\u0131 - Memurun Sesi\" \/>\n<meta property=\"og:description\" content=\"Kocaeli&#039;nin Derince il\u00e7esinde gece saatlerinde park halindeyken dumanlar y\u00fckselen otomobil, dakikalarca yand\u0131. Sahibi oldu\u011fu d\u00fc\u015f\u00fcn\u00fclen ki\u015finin kap\u0131y\u0131 a\u00e7mas\u0131yla alevlerin bir anda t\u00fcm arac\u0131 sard\u0131\u011f\u0131 ve ufak \u00e7apl\u0131 patlamalar\u0131n ya\u015fand\u0131\u011f\u0131 o anlar g\u00fcvenlik kameras\u0131na saniye saniye yans\u0131d\u0131.\" \/>\n<meta property=\"og:url\" content=\"https:\/\/memurunsesi.net\/index.php\/2026\/03\/16\/alevlere-teslim-olan-otomobil-dakikalarca-boyle-yandi\/\" \/>\n<meta property=\"og:site_name\" content=\"Memurun Sesi\" \/>\n<meta property=\"article:publisher\" content=\"https:\/\/www.facebook.com\/unipersen\/?locale=tr_TR\" \/>\n<meta property=\"article:published_time\" content=\"2026-03-16T08:19:43+00:00\" \/>\n<meta property=\"og:image\" content=\"https:\/\/memurunsesi.net\/wp-content\/uploads\/2026\/03\/alev-alev.jpg\" \/>\n\t<meta property=\"og:image:width\" content=\"360\" \/>\n\t<meta property=\"og:image:height\" content=\"640\" \/>\n\t<meta property=\"og:image:type\" content=\"image\/jpeg\" \/>\n<meta name=\"author\" content=\"Memurun Sesi Haber Merkezi\" \/>\n<meta name=\"twitter:card\" content=\"summary_large_image\" \/>\n<meta name=\"twitter:creator\" content=\"@unipersen\" \/>\n<meta name=\"twitter:site\" content=\"@unipersen\" \/>\n<meta name=\"twitter:label1\" content=\"Yazan:\" \/>\n\t<meta name=\"twitter:data1\" content=\"Memurun Sesi Haber Merkezi\" \/>\n\t<meta name=\"twitter:label2\" content=\"Tahmini okuma s\u00fcresi\" \/>\n\t<meta name=\"twitter:data2\" content=\"2 dakika\" \/>\n<script type=\"application\/ld+json\" class=\"yoast-schema-graph\">{\"@context\":\"https:\\\/\\\/schema.org\",\"@graph\":[{\"@type\":\"Article\",\"@id\":\"https:\\\/\\\/memurunsesi.net\\\/index.php\\\/2026\\\/03\\\/16\\\/alevlere-teslim-olan-otomobil-dakikalarca-boyle-yandi\\\/#article\",\"isPartOf\":{\"@id\":\"https:\\\/\\\/memurunsesi.net\\\/index.php\\\/2026\\\/03\\\/16\\\/alevlere-teslim-olan-otomobil-dakikalarca-boyle-yandi\\\/\"},\"author\":{\"name\":\"Memurun Sesi Haber Merkezi\",\"@id\":\"https:\\\/\\\/memurunsesi.net\\\/#\\\/schema\\\/person\\\/f21c2d73b89f6ee1d80b0a1803e38587\"},\"headline\":\"Alevlere teslim olan otomobil dakikalarca b\u00f6yle yand\u0131\",\"datePublished\":\"2026-03-16T08:19:43+00:00\",\"mainEntityOfPage\":{\"@id\":\"https:\\\/\\\/memurunsesi.net\\\/index.php\\\/2026\\\/03\\\/16\\\/alevlere-teslim-olan-otomobil-dakikalarca-boyle-yandi\\\/\"},\"wordCount\":312,\"commentCount\":0,\"publisher\":{\"@id\":\"https:\\\/\\\/memurunsesi.net\\\/#organization\"},\"image\":{\"@id\":\"https:\\\/\\\/memurunsesi.net\\\/index.php\\\/2026\\\/03\\\/16\\\/alevlere-teslim-olan-otomobil-dakikalarca-boyle-yandi\\\/#primaryimage\"},\"thumbnailUrl\":\"https:\\\/\\\/memurunsesi.net\\\/wp-content\\\/uploads\\\/2026\\\/03\\\/alev-alev.jpg\",\"keywords\":[\"alev alev yand\u0131\",\"saniyeler i\u00e7inde\"],\"inLanguage\":\"tr\",\"potentialAction\":[{\"@type\":\"CommentAction\",\"name\":\"Comment\",\"target\":[\"https:\\\/\\\/memurunsesi.net\\\/index.php\\\/2026\\\/03\\\/16\\\/alevlere-teslim-olan-otomobil-dakikalarca-boyle-yandi\\\/#respond\"]}]},{\"@type\":\"WebPage\",\"@id\":\"https:\\\/\\\/memurunsesi.net\\\/index.php\\\/2026\\\/03\\\/16\\\/alevlere-teslim-olan-otomobil-dakikalarca-boyle-yandi\\\/\",\"url\":\"https:\\\/\\\/memurunsesi.net\\\/index.php\\\/2026\\\/03\\\/16\\\/alevlere-teslim-olan-otomobil-dakikalarca-boyle-yandi\\\/\",\"name\":\"Alevlere teslim olan otomobil dakikalarca b\u00f6yle yand\u0131 - Memurun Sesi\",\"isPartOf\":{\"@id\":\"https:\\\/\\\/memurunsesi.net\\\/#website\"},\"primaryImageOfPage\":{\"@id\":\"https:\\\/\\\/memurunsesi.net\\\/index.php\\\/2026\\\/03\\\/16\\\/alevlere-teslim-olan-otomobil-dakikalarca-boyle-yandi\\\/#primaryimage\"},\"image\":{\"@id\":\"https:\\\/\\\/memurunsesi.net\\\/index.php\\\/2026\\\/03\\\/16\\\/alevlere-teslim-olan-otomobil-dakikalarca-boyle-yandi\\\/#primaryimage\"},\"thumbnailUrl\":\"https:\\\/\\\/memurunsesi.net\\\/wp-content\\\/uploads\\\/2026\\\/03\\\/alev-alev.jpg\",\"datePublished\":\"2026-03-16T08:19:43+00:00\",\"description\":\"Kocaeli'nin Derince il\u00e7esinde gece saatlerinde park halindeyken dumanlar y\u00fckselen otomobil, dakikalarca yand\u0131. Sahibi oldu\u011fu d\u00fc\u015f\u00fcn\u00fclen ki\u015finin kap\u0131y\u0131 a\u00e7mas\u0131yla alevlerin bir anda t\u00fcm arac\u0131 sard\u0131\u011f\u0131 ve ufak \u00e7apl\u0131 patlamalar\u0131n ya\u015fand\u0131\u011f\u0131 o anlar g\u00fcvenlik kameras\u0131na saniye saniye yans\u0131d\u0131.\",\"breadcrumb\":{\"@id\":\"https:\\\/\\\/memurunsesi.net\\\/index.php\\\/2026\\\/03\\\/16\\\/alevlere-teslim-olan-otomobil-dakikalarca-boyle-yandi\\\/#breadcrumb\"},\"inLanguage\":\"tr\",\"potentialAction\":[{\"@type\":\"ReadAction\",\"target\":[\"https:\\\/\\\/memurunsesi.net\\\/index.php\\\/2026\\\/03\\\/16\\\/alevlere-teslim-olan-otomobil-dakikalarca-boyle-yandi\\\/\"]}]},{\"@type\":\"ImageObject\",\"inLanguage\":\"tr\",\"@id\":\"https:\\\/\\\/memurunsesi.net\\\/index.php\\\/2026\\\/03\\\/16\\\/alevlere-teslim-olan-otomobil-dakikalarca-boyle-yandi\\\/#primaryimage\",\"url\":\"https:\\\/\\\/memurunsesi.net\\\/wp-content\\\/uploads\\\/2026\\\/03\\\/alev-alev.jpg\",\"contentUrl\":\"https:\\\/\\\/memurunsesi.net\\\/wp-content\\\/uploads\\\/2026\\\/03\\\/alev-alev.jpg\",\"width\":360,\"height\":640},{\"@type\":\"BreadcrumbList\",\"@id\":\"https:\\\/\\\/memurunsesi.net\\\/index.php\\\/2026\\\/03\\\/16\\\/alevlere-teslim-olan-otomobil-dakikalarca-boyle-yandi\\\/#breadcrumb\",\"itemListElement\":[{\"@type\":\"ListItem\",\"position\":1,\"name\":\"Anasayfa\",\"item\":\"https:\\\/\\\/memurunsesi.net\\\/\"},{\"@type\":\"ListItem\",\"position\":2,\"name\":\"Alevlere teslim olan otomobil dakikalarca b\u00f6yle yand\u0131\"}]},{\"@type\":\"WebSite\",\"@id\":\"https:\\\/\\\/memurunsesi.net\\\/#website\",\"url\":\"https:\\\/\\\/memurunsesi.net\\\/\",\"name\":\"Memurun Sesi\",\"description\":\"G\u00fcncel ve Do\u011fru Haber\",\"publisher\":{\"@id\":\"https:\\\/\\\/memurunsesi.net\\\/#organization\"},\"potentialAction\":[{\"@type\":\"SearchAction\",\"target\":{\"@type\":\"EntryPoint\",\"urlTemplate\":\"https:\\\/\\\/memurunsesi.net\\\/?s={search_term_string}\"},\"query-input\":{\"@type\":\"PropertyValueSpecification\",\"valueRequired\":true,\"valueName\":\"search_term_string\"}}],\"inLanguage\":\"tr\"},{\"@type\":\"Organization\",\"@id\":\"https:\\\/\\\/memurunsesi.net\\\/#organization\",\"name\":\"Memurun Sesi\",\"url\":\"https:\\\/\\\/memurunsesi.net\\\/\",\"logo\":{\"@type\":\"ImageObject\",\"inLanguage\":\"tr\",\"@id\":\"https:\\\/\\\/memurunsesi.net\\\/#\\\/schema\\\/logo\\\/image\\\/\",\"url\":\"https:\\\/\\\/memurunsesi.net\\\/wp-content\\\/uploads\\\/2025\\\/11\\\/cropped-MEMURUN-SESI.png\",\"contentUrl\":\"https:\\\/\\\/memurunsesi.net\\\/wp-content\\\/uploads\\\/2025\\\/11\\\/cropped-MEMURUN-SESI.png\",\"width\":238,\"height\":57,\"caption\":\"Memurun Sesi\"},\"image\":{\"@id\":\"https:\\\/\\\/memurunsesi.net\\\/#\\\/schema\\\/logo\\\/image\\\/\"},\"sameAs\":[\"https:\\\/\\\/www.facebook.com\\\/unipersen\\\/?locale=tr_TR\",\"https:\\\/\\\/x.com\\\/unipersen\"]},{\"@type\":\"Person\",\"@id\":\"https:\\\/\\\/memurunsesi.net\\\/#\\\/schema\\\/person\\\/f21c2d73b89f6ee1d80b0a1803e38587\",\"name\":\"Memurun Sesi Haber Merkezi\",\"image\":{\"@type\":\"ImageObject\",\"inLanguage\":\"tr\",\"@id\":\"https:\\\/\\\/secure.gravatar.com\\\/avatar\\\/6cf0505f452ee753f485014986fab09a434671d2b919ee76fc541025c5876a70?s=96&d=mm&r=g\",\"url\":\"https:\\\/\\\/secure.gravatar.com\\\/avatar\\\/6cf0505f452ee753f485014986fab09a434671d2b919ee76fc541025c5876a70?s=96&d=mm&r=g\",\"contentUrl\":\"https:\\\/\\\/secure.gravatar.com\\\/avatar\\\/6cf0505f452ee753f485014986fab09a434671d2b919ee76fc541025c5876a70?s=96&d=mm&r=g\",\"caption\":\"Memurun Sesi Haber Merkezi\"},\"sameAs\":[\"https:\\\/\\\/memurunsesi.net\"],\"url\":\"https:\\\/\\\/memurunsesi.net\\\/index.php\\\/author\\\/uniper\\\/\"}]}<\/script>\n<!-- \/ Yoast SEO plugin. -->","yoast_head_json":{"title":"Alevlere teslim olan otomobil dakikalarca b\u00f6yle yand\u0131 - Memurun Sesi","description":"Kocaeli'nin Derince il\u00e7esinde gece saatlerinde park halindeyken dumanlar y\u00fckselen otomobil, dakikalarca yand\u0131. Sahibi oldu\u011fu d\u00fc\u015f\u00fcn\u00fclen ki\u015finin kap\u0131y\u0131 a\u00e7mas\u0131yla alevlerin bir anda t\u00fcm arac\u0131 sard\u0131\u011f\u0131 ve ufak \u00e7apl\u0131 patlamalar\u0131n ya\u015fand\u0131\u011f\u0131 o anlar g\u00fcvenlik kameras\u0131na saniye saniye yans\u0131d\u0131.","robots":{"index":"index","follow":"follow","max-snippet":"max-snippet:-1","max-image-preview":"max-image-preview:large","max-video-preview":"max-video-preview:-1"},"canonical":"https:\/\/memurunsesi.net\/index.php\/2026\/03\/16\/alevlere-teslim-olan-otomobil-dakikalarca-boyle-yandi\/","og_locale":"tr_TR","og_type":"article","og_title":"Alevlere teslim olan otomobil dakikalarca b\u00f6yle yand\u0131 - Memurun Sesi","og_description":"Kocaeli'nin Derince il\u00e7esinde gece saatlerinde park halindeyken dumanlar y\u00fckselen otomobil, dakikalarca yand\u0131. Sahibi oldu\u011fu d\u00fc\u015f\u00fcn\u00fclen ki\u015finin kap\u0131y\u0131 a\u00e7mas\u0131yla alevlerin bir anda t\u00fcm arac\u0131 sard\u0131\u011f\u0131 ve ufak \u00e7apl\u0131 patlamalar\u0131n ya\u015fand\u0131\u011f\u0131 o anlar g\u00fcvenlik kameras\u0131na saniye saniye yans\u0131d\u0131.","og_url":"https:\/\/memurunsesi.net\/index.php\/2026\/03\/16\/alevlere-teslim-olan-otomobil-dakikalarca-boyle-yandi\/","og_site_name":"Memurun Sesi","article_publisher":"https:\/\/www.facebook.com\/unipersen\/?locale=tr_TR","article_published_time":"2026-03-16T08:19:43+00:00","og_image":[{"width":360,"height":640,"url":"https:\/\/memurunsesi.net\/wp-content\/uploads\/2026\/03\/alev-alev.jpg","type":"image\/jpeg"}],"author":"Memurun Sesi Haber Merkezi","twitter_card":"summary_large_image","twitter_creator":"@unipersen","twitter_site":"@unipersen","twitter_misc":{"Yazan:":"Memurun Sesi Haber Merkezi","Tahmini okuma s\u00fcresi":"2 dakika"},"schema":{"@context":"https:\/\/schema.org","@graph":[{"@type":"Article","@id":"https:\/\/memurunsesi.net\/index.php\/2026\/03\/16\/alevlere-teslim-olan-otomobil-dakikalarca-boyle-yandi\/#article","isPartOf":{"@id":"https:\/\/memurunsesi.net\/index.php\/2026\/03\/16\/alevlere-teslim-olan-otomobil-dakikalarca-boyle-yandi\/"},"author":{"name":"Memurun Sesi Haber Merkezi","@id":"https:\/\/memurunsesi.net\/#\/schema\/person\/f21c2d73b89f6ee1d80b0a1803e38587"},"headline":"Alevlere teslim olan otomobil dakikalarca b\u00f6yle yand\u0131","datePublished":"2026-03-16T08:19:43+00:00","mainEntityOfPage":{"@id":"https:\/\/memurunsesi.net\/index.php\/2026\/03\/16\/alevlere-teslim-olan-otomobil-dakikalarca-boyle-yandi\/"},"wordCount":312,"commentCount":0,"publisher":{"@id":"https:\/\/memurunsesi.net\/#organization"},"image":{"@id":"https:\/\/memurunsesi.net\/index.php\/2026\/03\/16\/alevlere-teslim-olan-otomobil-dakikalarca-boyle-yandi\/#primaryimage"},"thumbnailUrl":"https:\/\/memurunsesi.net\/wp-content\/uploads\/2026\/03\/alev-alev.jpg","keywords":["alev alev yand\u0131","saniyeler i\u00e7inde"],"inLanguage":"tr","potentialAction":[{"@type":"CommentAction","name":"Comment","target":["https:\/\/memurunsesi.net\/index.php\/2026\/03\/16\/alevlere-teslim-olan-otomobil-dakikalarca-boyle-yandi\/#respond"]}]},{"@type":"WebPage","@id":"https:\/\/memurunsesi.net\/index.php\/2026\/03\/16\/alevlere-teslim-olan-otomobil-dakikalarca-boyle-yandi\/","url":"https:\/\/memurunsesi.net\/index.php\/2026\/03\/16\/alevlere-teslim-olan-otomobil-dakikalarca-boyle-yandi\/","name":"Alevlere teslim olan otomobil dakikalarca b\u00f6yle yand\u0131 - Memurun Sesi","isPartOf":{"@id":"https:\/\/memurunsesi.net\/#website"},"primaryImageOfPage":{"@id":"https:\/\/memurunsesi.net\/index.php\/2026\/03\/16\/alevlere-teslim-olan-otomobil-dakikalarca-boyle-yandi\/#primaryimage"},"image":{"@id":"https:\/\/memurunsesi.net\/index.php\/2026\/03\/16\/alevlere-teslim-olan-otomobil-dakikalarca-boyle-yandi\/#primaryimage"},"thumbnailUrl":"https:\/\/memurunsesi.net\/wp-content\/uploads\/2026\/03\/alev-alev.jpg","datePublished":"2026-03-16T08:19:43+00:00","description":"Kocaeli'nin Derince il\u00e7esinde gece saatlerinde park halindeyken dumanlar y\u00fckselen otomobil, dakikalarca yand\u0131. Sahibi oldu\u011fu d\u00fc\u015f\u00fcn\u00fclen ki\u015finin kap\u0131y\u0131 a\u00e7mas\u0131yla alevlerin bir anda t\u00fcm arac\u0131 sard\u0131\u011f\u0131 ve ufak \u00e7apl\u0131 patlamalar\u0131n ya\u015fand\u0131\u011f\u0131 o anlar g\u00fcvenlik kameras\u0131na saniye saniye yans\u0131d\u0131.","breadcrumb":{"@id":"https:\/\/memurunsesi.net\/index.php\/2026\/03\/16\/alevlere-teslim-olan-otomobil-dakikalarca-boyle-yandi\/#breadcrumb"},"inLanguage":"tr","potentialAction":[{"@type":"ReadAction","target":["https:\/\/memurunsesi.net\/index.php\/2026\/03\/16\/alevlere-teslim-olan-otomobil-dakikalarca-boyle-yandi\/"]}]},{"@type":"ImageObject","inLanguage":"tr","@id":"https:\/\/memurunsesi.net\/index.php\/2026\/03\/16\/alevlere-teslim-olan-otomobil-dakikalarca-boyle-yandi\/#primaryimage","url":"https:\/\/memurunsesi.net\/wp-content\/uploads\/2026\/03\/alev-alev.jpg","contentUrl":"https:\/\/memurunsesi.net\/wp-content\/uploads\/2026\/03\/alev-alev.jpg","width":360,"height":640},{"@type":"BreadcrumbList","@id":"https:\/\/memurunsesi.net\/index.php\/2026\/03\/16\/alevlere-teslim-olan-otomobil-dakikalarca-boyle-yandi\/#breadcrumb","itemListElement":[{"@type":"ListItem","position":1,"name":"Anasayfa","item":"https:\/\/memurunsesi.net\/"},{"@type":"ListItem","position":2,"name":"Alevlere teslim olan otomobil dakikalarca b\u00f6yle yand\u0131"}]},{"@type":"WebSite","@id":"https:\/\/memurunsesi.net\/#website","url":"https:\/\/memurunsesi.net\/","name":"Memurun Sesi","description":"G\u00fcncel ve Do\u011fru Haber","publisher":{"@id":"https:\/\/memurunsesi.net\/#organization"},"potentialAction":[{"@type":"SearchAction","target":{"@type":"EntryPoint","urlTemplate":"https:\/\/memurunsesi.net\/?s={search_term_string}"},"query-input":{"@type":"PropertyValueSpecification","valueRequired":true,"valueName":"search_term_string"}}],"inLanguage":"tr"},{"@type":"Organization","@id":"https:\/\/memurunsesi.net\/#organization","name":"Memurun Sesi","url":"https:\/\/memurunsesi.net\/","logo":{"@type":"ImageObject","inLanguage":"tr","@id":"https:\/\/memurunsesi.net\/#\/schema\/logo\/image\/","url":"https:\/\/memurunsesi.net\/wp-content\/uploads\/2025\/11\/cropped-MEMURUN-SESI.png","contentUrl":"https:\/\/memurunsesi.net\/wp-content\/uploads\/2025\/11\/cropped-MEMURUN-SESI.png","width":238,"height":57,"caption":"Memurun Sesi"},"image":{"@id":"https:\/\/memurunsesi.net\/#\/schema\/logo\/image\/"},"sameAs":["https:\/\/www.facebook.com\/unipersen\/?locale=tr_TR","https:\/\/x.com\/unipersen"]},{"@type":"Person","@id":"https:\/\/memurunsesi.net\/#\/schema\/person\/f21c2d73b89f6ee1d80b0a1803e38587","name":"Memurun Sesi Haber Merkezi","image":{"@type":"ImageObject","inLanguage":"tr","@id":"https:\/\/secure.gravatar.com\/avatar\/6cf0505f452ee753f485014986fab09a434671d2b919ee76fc541025c5876a70?s=96&d=mm&r=g","url":"https:\/\/secure.gravatar.com\/avatar\/6cf0505f452ee753f485014986fab09a434671d2b919ee76fc541025c5876a70?s=96&d=mm&r=g","contentUrl":"https:\/\/secure.gravatar.com\/avatar\/6cf0505f452ee753f485014986fab09a434671d2b919ee76fc541025c5876a70?s=96&d=mm&r=g","caption":"Memurun Sesi Haber Merkezi"},"sameAs":["https:\/\/memurunsesi.net"],"url":"https:\/\/memurunsesi.net\/index.php\/author\/uniper\/"}]}},"_links":{"self":[{"href":"https:\/\/memurunsesi.net\/index.php\/wp-json\/wp\/v2\/posts\/18384","targetHints":{"allow":["GET"]}}],"collection":[{"href":"https:\/\/memurunsesi.net\/index.php\/wp-json\/wp\/v2\/posts"}],"about":[{"href":"https:\/\/memurunsesi.net\/index.php\/wp-json\/wp\/v2\/types\/post"}],"author":[{"embeddable":true,"href":"https:\/\/memurunsesi.net\/index.php\/wp-json\/wp\/v2\/users\/1"}],"replies":[{"embeddable":true,"href":"https:\/\/memurunsesi.net\/index.php\/wp-json\/wp\/v2\/comments?post=18384"}],"version-history":[{"count":1,"href":"https:\/\/memurunsesi.net\/index.php\/wp-json\/wp\/v2\/posts\/18384\/revisions"}],"predecessor-version":[{"id":18386,"href":"https:\/\/memurunsesi.net\/index.php\/wp-json\/wp\/v2\/posts\/18384\/revisions\/18386"}],"wp:featuredmedia":[{"embeddable":true,"href":"https:\/\/memurunsesi.net\/index.php\/wp-json\/wp\/v2\/media\/18385"}],"wp:attachment":[{"href":"https:\/\/memurunsesi.net\/index.php\/wp-json\/wp\/v2\/media?parent=18384"}],"wp:term":[{"taxonomy":"category","embeddable":true,"href":"https:\/\/memurunsesi.net\/index.php\/wp-json\/wp\/v2\/categories?post=18384"},{"taxonomy":"post_tag","embeddable":true,"href":"https:\/\/memurunsesi.net\/index.php\/wp-json\/wp\/v2\/tags?post=18384"}],"curies":[{"name":"wp","href":"https:\/\/api.w.org\/{rel}","templated":true}]}}