{"id":18442,"date":"2026-03-19T09:41:09","date_gmt":"2026-03-19T06:41:09","guid":{"rendered":"https:\/\/memurunsesi.net\/?p=18442"},"modified":"2026-03-19T09:41:09","modified_gmt":"2026-03-19T06:41:09","slug":"tarlaya-gubre-atmaya-giderken-canindan-oldu","status":"publish","type":"post","link":"https:\/\/memurunsesi.net\/index.php\/2026\/03\/19\/tarlaya-gubre-atmaya-giderken-canindan-oldu\/","title":{"rendered":"Tarlaya g\u00fcbre atmaya giderken can\u0131ndan oldu"},"content":{"rendered":"<p>Edirne&#8217;nin \u0130psala il\u00e7esine ba\u011fl\u0131 Eset\u00e7e beldesinde tarlaya g\u00fcbre atmak i\u00e7in yola \u00e7\u0131kan \u00e7ift\u00e7i, kulland\u0131\u011f\u0131 trakt\u00f6r\u00fcn devrilmesi sonucu hayat\u0131n\u0131 kaybetti.<br \/>\nEdinilen bilgilere g\u00f6re, Eset\u00e7e&#8217;de ya\u015fayan Hasan Deniz(56), d\u00fcn ikindi vakti tarlas\u0131na gitmek \u00fczere trakt\u00f6r\u00fcyle yola \u00e7\u0131kt\u0131. Seyir halindeyken hen\u00fcz bilinmeyen bir nedenle direksiyon hakimiyetini kaybeden Deniz&#8217;in kulland\u0131\u011f\u0131 trakt\u00f6r devrildi.<br \/>\nDevrilen trakt\u00f6r\u00fcn alt\u0131nda kalan Deniz&#8217;i g\u00f6ren vatanda\u015flar\u0131n ihbar\u0131 \u00fczerine olay yerine jandarma ekipleri ve 112 Acil Sa\u011fl\u0131k ekipleri sevk edildi. Sa\u011fl\u0131k ekiplerinin yapt\u0131\u011f\u0131 kontrolde Hasan Deniz&#8217;in olay yerinde hayat\u0131n\u0131 kaybetti\u011fi belirlendi.<br \/>\nOlay yerinde jandarma ekipleri taraf\u0131ndan g\u00fcvenlik \u00f6nlemleri al\u0131n\u0131rken, kazaya ili\u015fkin inceleme ba\u015flat\u0131ld\u0131. Deniz&#8217;in cenazesi yap\u0131lan incelemelerin ard\u0131ndan hastane morguna kald\u0131r\u0131ld\u0131.<\/p>\n<p>19.03.2026<\/p>\n","protected":false},"excerpt":{"rendered":"<p>Edirne&#8217;nin \u0130psala il\u00e7esine ba\u011fl\u0131 Eset\u00e7e beldesinde tarlaya g\u00fcbre atmak i\u00e7in yola \u00e7\u0131kan \u00e7ift\u00e7i, kulland\u0131\u011f\u0131 trakt\u00f6r\u00fcn devrilmesi sonucu hayat\u0131n\u0131 kaybetti. Edinilen bilgilere g\u00f6re, Eset\u00e7e&#8217;de ya\u015fayan Hasan Deniz(56), d\u00fcn ikindi vakti tarlas\u0131na gitmek \u00fczere trakt\u00f6r\u00fcyle yola \u00e7\u0131kt\u0131. Seyir halindeyken hen\u00fcz bilinmeyen bir nedenle direksiyon hakimiyetini kaybeden Deniz&#8217;in kulland\u0131\u011f\u0131 trakt\u00f6r devrildi. Devrilen trakt\u00f6r\u00fcn alt\u0131nda kalan Deniz&#8217;i g\u00f6ren vatanda\u015flar\u0131n [&hellip;]<\/p>\n","protected":false},"author":1,"featured_media":18443,"comment_status":"open","ping_status":"open","sticky":false,"template":"","format":"standard","meta":{"footnotes":""},"categories":[50],"tags":[2218,602,2219,2220],"class_list":["post-18442","post","type-post","status-publish","format-standard","has-post-thumbnail","hentry","category-tum-haberler","tag-ciftci","tag-hayatini-kaybetti","tag-kullandigi","tag-traktorun-devrilmesi-sonucu"],"yoast_head":"<!-- This site is optimized with the Yoast SEO plugin v27.4 - https:\/\/yoast.com\/product\/yoast-seo-wordpress\/ -->\n<title>Tarlaya g\u00fcbre atmaya giderken can\u0131ndan oldu - Memurun Sesi<\/title>\n<meta name=\"description\" content=\"\u00a0Edirne&#039;nin \u0130psala il\u00e7esine ba\u011fl\u0131 Eset\u00e7e beldesinde tarlaya g\u00fcbre atmak i\u00e7in yola \u00e7\u0131kan \u00e7ift\u00e7i, kulland\u0131\u011f\u0131 trakt\u00f6r\u00fcn devrilmesi sonucu hayat\u0131n\u0131 kaybetti.\" \/>\n<meta name=\"robots\" content=\"index, follow, max-snippet:-1, max-image-preview:large, max-video-preview:-1\" \/>\n<link rel=\"canonical\" href=\"https:\/\/memurunsesi.net\/index.php\/2026\/03\/19\/tarlaya-gubre-atmaya-giderken-canindan-oldu\/\" \/>\n<meta property=\"og:locale\" content=\"tr_TR\" \/>\n<meta property=\"og:type\" content=\"article\" \/>\n<meta property=\"og:title\" content=\"Tarlaya g\u00fcbre atmaya giderken can\u0131ndan oldu - Memurun Sesi\" \/>\n<meta property=\"og:description\" content=\"\u00a0Edirne&#039;nin \u0130psala il\u00e7esine ba\u011fl\u0131 Eset\u00e7e beldesinde tarlaya g\u00fcbre atmak i\u00e7in yola \u00e7\u0131kan \u00e7ift\u00e7i, kulland\u0131\u011f\u0131 trakt\u00f6r\u00fcn devrilmesi sonucu hayat\u0131n\u0131 kaybetti.\" \/>\n<meta property=\"og:url\" content=\"https:\/\/memurunsesi.net\/index.php\/2026\/03\/19\/tarlaya-gubre-atmaya-giderken-canindan-oldu\/\" \/>\n<meta property=\"og:site_name\" content=\"Memurun Sesi\" \/>\n<meta property=\"article:publisher\" content=\"https:\/\/www.facebook.com\/unipersen\/?locale=tr_TR\" \/>\n<meta property=\"article:published_time\" content=\"2026-03-19T06:41:09+00:00\" \/>\n<meta property=\"og:image\" content=\"https:\/\/memurunsesi.net\/wp-content\/uploads\/2026\/03\/ciftci-kullandigi-traktorun-devrilmesi-sonucu-hayatini-kaybetti.jpg\" \/>\n\t<meta property=\"og:image:width\" content=\"1200\" \/>\n\t<meta property=\"og:image:height\" content=\"1600\" \/>\n\t<meta property=\"og:image:type\" content=\"image\/jpeg\" \/>\n<meta name=\"author\" content=\"Memurun Sesi Haber Merkezi\" \/>\n<meta name=\"twitter:card\" content=\"summary_large_image\" \/>\n<meta name=\"twitter:creator\" content=\"@unipersen\" \/>\n<meta name=\"twitter:site\" content=\"@unipersen\" \/>\n<meta name=\"twitter:label1\" content=\"Yazan:\" \/>\n\t<meta name=\"twitter:data1\" content=\"Memurun Sesi Haber Merkezi\" \/>\n\t<meta name=\"twitter:label2\" content=\"Tahmini okuma s\u00fcresi\" \/>\n\t<meta name=\"twitter:data2\" content=\"1 dakika\" \/>\n<script type=\"application\/ld+json\" class=\"yoast-schema-graph\">{\"@context\":\"https:\\\/\\\/schema.org\",\"@graph\":[{\"@type\":\"Article\",\"@id\":\"https:\\\/\\\/memurunsesi.net\\\/index.php\\\/2026\\\/03\\\/19\\\/tarlaya-gubre-atmaya-giderken-canindan-oldu\\\/#article\",\"isPartOf\":{\"@id\":\"https:\\\/\\\/memurunsesi.net\\\/index.php\\\/2026\\\/03\\\/19\\\/tarlaya-gubre-atmaya-giderken-canindan-oldu\\\/\"},\"author\":{\"name\":\"Memurun Sesi Haber Merkezi\",\"@id\":\"https:\\\/\\\/memurunsesi.net\\\/#\\\/schema\\\/person\\\/f21c2d73b89f6ee1d80b0a1803e38587\"},\"headline\":\"Tarlaya g\u00fcbre atmaya giderken can\u0131ndan oldu\",\"datePublished\":\"2026-03-19T06:41:09+00:00\",\"mainEntityOfPage\":{\"@id\":\"https:\\\/\\\/memurunsesi.net\\\/index.php\\\/2026\\\/03\\\/19\\\/tarlaya-gubre-atmaya-giderken-canindan-oldu\\\/\"},\"wordCount\":153,\"commentCount\":0,\"publisher\":{\"@id\":\"https:\\\/\\\/memurunsesi.net\\\/#organization\"},\"image\":{\"@id\":\"https:\\\/\\\/memurunsesi.net\\\/index.php\\\/2026\\\/03\\\/19\\\/tarlaya-gubre-atmaya-giderken-canindan-oldu\\\/#primaryimage\"},\"thumbnailUrl\":\"https:\\\/\\\/memurunsesi.net\\\/wp-content\\\/uploads\\\/2026\\\/03\\\/ciftci-kullandigi-traktorun-devrilmesi-sonucu-hayatini-kaybetti.jpg\",\"keywords\":[\"\u00e7ift\u00e7i\",\"hayat\u0131n\u0131 kaybetti\",\"kulland\u0131\u011f\u0131\",\"trakt\u00f6r\u00fcn devrilmesi sonucu\"],\"articleSection\":[\"T\u00fcm Haberler\"],\"inLanguage\":\"tr\",\"potentialAction\":[{\"@type\":\"CommentAction\",\"name\":\"Comment\",\"target\":[\"https:\\\/\\\/memurunsesi.net\\\/index.php\\\/2026\\\/03\\\/19\\\/tarlaya-gubre-atmaya-giderken-canindan-oldu\\\/#respond\"]}]},{\"@type\":\"WebPage\",\"@id\":\"https:\\\/\\\/memurunsesi.net\\\/index.php\\\/2026\\\/03\\\/19\\\/tarlaya-gubre-atmaya-giderken-canindan-oldu\\\/\",\"url\":\"https:\\\/\\\/memurunsesi.net\\\/index.php\\\/2026\\\/03\\\/19\\\/tarlaya-gubre-atmaya-giderken-canindan-oldu\\\/\",\"name\":\"Tarlaya g\u00fcbre atmaya giderken can\u0131ndan oldu - Memurun Sesi\",\"isPartOf\":{\"@id\":\"https:\\\/\\\/memurunsesi.net\\\/#website\"},\"primaryImageOfPage\":{\"@id\":\"https:\\\/\\\/memurunsesi.net\\\/index.php\\\/2026\\\/03\\\/19\\\/tarlaya-gubre-atmaya-giderken-canindan-oldu\\\/#primaryimage\"},\"image\":{\"@id\":\"https:\\\/\\\/memurunsesi.net\\\/index.php\\\/2026\\\/03\\\/19\\\/tarlaya-gubre-atmaya-giderken-canindan-oldu\\\/#primaryimage\"},\"thumbnailUrl\":\"https:\\\/\\\/memurunsesi.net\\\/wp-content\\\/uploads\\\/2026\\\/03\\\/ciftci-kullandigi-traktorun-devrilmesi-sonucu-hayatini-kaybetti.jpg\",\"datePublished\":\"2026-03-19T06:41:09+00:00\",\"description\":\"\u00a0Edirne'nin \u0130psala il\u00e7esine ba\u011fl\u0131 Eset\u00e7e beldesinde tarlaya g\u00fcbre atmak i\u00e7in yola \u00e7\u0131kan \u00e7ift\u00e7i, kulland\u0131\u011f\u0131 trakt\u00f6r\u00fcn devrilmesi sonucu hayat\u0131n\u0131 kaybetti.\",\"breadcrumb\":{\"@id\":\"https:\\\/\\\/memurunsesi.net\\\/index.php\\\/2026\\\/03\\\/19\\\/tarlaya-gubre-atmaya-giderken-canindan-oldu\\\/#breadcrumb\"},\"inLanguage\":\"tr\",\"potentialAction\":[{\"@type\":\"ReadAction\",\"target\":[\"https:\\\/\\\/memurunsesi.net\\\/index.php\\\/2026\\\/03\\\/19\\\/tarlaya-gubre-atmaya-giderken-canindan-oldu\\\/\"]}]},{\"@type\":\"ImageObject\",\"inLanguage\":\"tr\",\"@id\":\"https:\\\/\\\/memurunsesi.net\\\/index.php\\\/2026\\\/03\\\/19\\\/tarlaya-gubre-atmaya-giderken-canindan-oldu\\\/#primaryimage\",\"url\":\"https:\\\/\\\/memurunsesi.net\\\/wp-content\\\/uploads\\\/2026\\\/03\\\/ciftci-kullandigi-traktorun-devrilmesi-sonucu-hayatini-kaybetti.jpg\",\"contentUrl\":\"https:\\\/\\\/memurunsesi.net\\\/wp-content\\\/uploads\\\/2026\\\/03\\\/ciftci-kullandigi-traktorun-devrilmesi-sonucu-hayatini-kaybetti.jpg\",\"width\":1200,\"height\":1600,\"caption\":\"ESET\u00c7E'DE YA\u015eAYAN HASAN DEN\u0130Z(56), D\u00dcN \u0130K\u0130ND\u0130 VAKT\u0130 TARLASINA G\u0130TMEK \u00dcZERE TRAKT\u00d6R\u00dcYLE YOLA \u00c7IKTI. SEY\u0130R HAL\u0130NDEYKEN HEN\u00dcZ B\u0130L\u0130NMEYEN B\u0130R NEDENLE D\u0130REKS\u0130YON HAK\u0130M\u0130YET\u0130N\u0130 KAYBEDEN DEN\u0130Z'\u0130N KULLANDI\u011eI TRAKT\u00d6R DEVR\u0130LD\u0130. (MESUT \u00c7INAR\\\/ED\u0130RNE-\u0130HA) Edirne'nin \u0130psala il\u00e7esine ba\u011fl\u0131 Eset\u00e7e beldesinde tarlaya g\u00fcbre atmak i\u00e7in yola \u00e7\u0131kan \u00e7ift\u00e7i, kulland\u0131\u011f\u0131 trakt\u00f6r\u00fcn devrilmesi sonucu hayat\u0131n\u0131 kaybetti.\"},{\"@type\":\"BreadcrumbList\",\"@id\":\"https:\\\/\\\/memurunsesi.net\\\/index.php\\\/2026\\\/03\\\/19\\\/tarlaya-gubre-atmaya-giderken-canindan-oldu\\\/#breadcrumb\",\"itemListElement\":[{\"@type\":\"ListItem\",\"position\":1,\"name\":\"Anasayfa\",\"item\":\"https:\\\/\\\/memurunsesi.net\\\/\"},{\"@type\":\"ListItem\",\"position\":2,\"name\":\"Tarlaya g\u00fcbre atmaya giderken can\u0131ndan oldu\"}]},{\"@type\":\"WebSite\",\"@id\":\"https:\\\/\\\/memurunsesi.net\\\/#website\",\"url\":\"https:\\\/\\\/memurunsesi.net\\\/\",\"name\":\"Memurun Sesi\",\"description\":\"G\u00fcncel ve Do\u011fru Haber\",\"publisher\":{\"@id\":\"https:\\\/\\\/memurunsesi.net\\\/#organization\"},\"potentialAction\":[{\"@type\":\"SearchAction\",\"target\":{\"@type\":\"EntryPoint\",\"urlTemplate\":\"https:\\\/\\\/memurunsesi.net\\\/?s={search_term_string}\"},\"query-input\":{\"@type\":\"PropertyValueSpecification\",\"valueRequired\":true,\"valueName\":\"search_term_string\"}}],\"inLanguage\":\"tr\"},{\"@type\":\"Organization\",\"@id\":\"https:\\\/\\\/memurunsesi.net\\\/#organization\",\"name\":\"Memurun Sesi\",\"url\":\"https:\\\/\\\/memurunsesi.net\\\/\",\"logo\":{\"@type\":\"ImageObject\",\"inLanguage\":\"tr\",\"@id\":\"https:\\\/\\\/memurunsesi.net\\\/#\\\/schema\\\/logo\\\/image\\\/\",\"url\":\"https:\\\/\\\/memurunsesi.net\\\/wp-content\\\/uploads\\\/2025\\\/11\\\/cropped-MEMURUN-SESI.png\",\"contentUrl\":\"https:\\\/\\\/memurunsesi.net\\\/wp-content\\\/uploads\\\/2025\\\/11\\\/cropped-MEMURUN-SESI.png\",\"width\":238,\"height\":57,\"caption\":\"Memurun Sesi\"},\"image\":{\"@id\":\"https:\\\/\\\/memurunsesi.net\\\/#\\\/schema\\\/logo\\\/image\\\/\"},\"sameAs\":[\"https:\\\/\\\/www.facebook.com\\\/unipersen\\\/?locale=tr_TR\",\"https:\\\/\\\/x.com\\\/unipersen\"]},{\"@type\":\"Person\",\"@id\":\"https:\\\/\\\/memurunsesi.net\\\/#\\\/schema\\\/person\\\/f21c2d73b89f6ee1d80b0a1803e38587\",\"name\":\"Memurun Sesi Haber Merkezi\",\"image\":{\"@type\":\"ImageObject\",\"inLanguage\":\"tr\",\"@id\":\"https:\\\/\\\/secure.gravatar.com\\\/avatar\\\/6cf0505f452ee753f485014986fab09a434671d2b919ee76fc541025c5876a70?s=96&d=mm&r=g\",\"url\":\"https:\\\/\\\/secure.gravatar.com\\\/avatar\\\/6cf0505f452ee753f485014986fab09a434671d2b919ee76fc541025c5876a70?s=96&d=mm&r=g\",\"contentUrl\":\"https:\\\/\\\/secure.gravatar.com\\\/avatar\\\/6cf0505f452ee753f485014986fab09a434671d2b919ee76fc541025c5876a70?s=96&d=mm&r=g\",\"caption\":\"Memurun Sesi Haber Merkezi\"},\"sameAs\":[\"https:\\\/\\\/memurunsesi.net\"],\"url\":\"https:\\\/\\\/memurunsesi.net\\\/index.php\\\/author\\\/uniper\\\/\"}]}<\/script>\n<!-- \/ Yoast SEO plugin. -->","yoast_head_json":{"title":"Tarlaya g\u00fcbre atmaya giderken can\u0131ndan oldu - Memurun Sesi","description":"\u00a0Edirne'nin \u0130psala il\u00e7esine ba\u011fl\u0131 Eset\u00e7e beldesinde tarlaya g\u00fcbre atmak i\u00e7in yola \u00e7\u0131kan \u00e7ift\u00e7i, kulland\u0131\u011f\u0131 trakt\u00f6r\u00fcn devrilmesi sonucu hayat\u0131n\u0131 kaybetti.","robots":{"index":"index","follow":"follow","max-snippet":"max-snippet:-1","max-image-preview":"max-image-preview:large","max-video-preview":"max-video-preview:-1"},"canonical":"https:\/\/memurunsesi.net\/index.php\/2026\/03\/19\/tarlaya-gubre-atmaya-giderken-canindan-oldu\/","og_locale":"tr_TR","og_type":"article","og_title":"Tarlaya g\u00fcbre atmaya giderken can\u0131ndan oldu - Memurun Sesi","og_description":"\u00a0Edirne'nin \u0130psala il\u00e7esine ba\u011fl\u0131 Eset\u00e7e beldesinde tarlaya g\u00fcbre atmak i\u00e7in yola \u00e7\u0131kan \u00e7ift\u00e7i, kulland\u0131\u011f\u0131 trakt\u00f6r\u00fcn devrilmesi sonucu hayat\u0131n\u0131 kaybetti.","og_url":"https:\/\/memurunsesi.net\/index.php\/2026\/03\/19\/tarlaya-gubre-atmaya-giderken-canindan-oldu\/","og_site_name":"Memurun Sesi","article_publisher":"https:\/\/www.facebook.com\/unipersen\/?locale=tr_TR","article_published_time":"2026-03-19T06:41:09+00:00","og_image":[{"width":1200,"height":1600,"url":"https:\/\/memurunsesi.net\/wp-content\/uploads\/2026\/03\/ciftci-kullandigi-traktorun-devrilmesi-sonucu-hayatini-kaybetti.jpg","type":"image\/jpeg"}],"author":"Memurun Sesi Haber Merkezi","twitter_card":"summary_large_image","twitter_creator":"@unipersen","twitter_site":"@unipersen","twitter_misc":{"Yazan:":"Memurun Sesi Haber Merkezi","Tahmini okuma s\u00fcresi":"1 dakika"},"schema":{"@context":"https:\/\/schema.org","@graph":[{"@type":"Article","@id":"https:\/\/memurunsesi.net\/index.php\/2026\/03\/19\/tarlaya-gubre-atmaya-giderken-canindan-oldu\/#article","isPartOf":{"@id":"https:\/\/memurunsesi.net\/index.php\/2026\/03\/19\/tarlaya-gubre-atmaya-giderken-canindan-oldu\/"},"author":{"name":"Memurun Sesi Haber Merkezi","@id":"https:\/\/memurunsesi.net\/#\/schema\/person\/f21c2d73b89f6ee1d80b0a1803e38587"},"headline":"Tarlaya g\u00fcbre atmaya giderken can\u0131ndan oldu","datePublished":"2026-03-19T06:41:09+00:00","mainEntityOfPage":{"@id":"https:\/\/memurunsesi.net\/index.php\/2026\/03\/19\/tarlaya-gubre-atmaya-giderken-canindan-oldu\/"},"wordCount":153,"commentCount":0,"publisher":{"@id":"https:\/\/memurunsesi.net\/#organization"},"image":{"@id":"https:\/\/memurunsesi.net\/index.php\/2026\/03\/19\/tarlaya-gubre-atmaya-giderken-canindan-oldu\/#primaryimage"},"thumbnailUrl":"https:\/\/memurunsesi.net\/wp-content\/uploads\/2026\/03\/ciftci-kullandigi-traktorun-devrilmesi-sonucu-hayatini-kaybetti.jpg","keywords":["\u00e7ift\u00e7i","hayat\u0131n\u0131 kaybetti","kulland\u0131\u011f\u0131","trakt\u00f6r\u00fcn devrilmesi sonucu"],"articleSection":["T\u00fcm Haberler"],"inLanguage":"tr","potentialAction":[{"@type":"CommentAction","name":"Comment","target":["https:\/\/memurunsesi.net\/index.php\/2026\/03\/19\/tarlaya-gubre-atmaya-giderken-canindan-oldu\/#respond"]}]},{"@type":"WebPage","@id":"https:\/\/memurunsesi.net\/index.php\/2026\/03\/19\/tarlaya-gubre-atmaya-giderken-canindan-oldu\/","url":"https:\/\/memurunsesi.net\/index.php\/2026\/03\/19\/tarlaya-gubre-atmaya-giderken-canindan-oldu\/","name":"Tarlaya g\u00fcbre atmaya giderken can\u0131ndan oldu - Memurun Sesi","isPartOf":{"@id":"https:\/\/memurunsesi.net\/#website"},"primaryImageOfPage":{"@id":"https:\/\/memurunsesi.net\/index.php\/2026\/03\/19\/tarlaya-gubre-atmaya-giderken-canindan-oldu\/#primaryimage"},"image":{"@id":"https:\/\/memurunsesi.net\/index.php\/2026\/03\/19\/tarlaya-gubre-atmaya-giderken-canindan-oldu\/#primaryimage"},"thumbnailUrl":"https:\/\/memurunsesi.net\/wp-content\/uploads\/2026\/03\/ciftci-kullandigi-traktorun-devrilmesi-sonucu-hayatini-kaybetti.jpg","datePublished":"2026-03-19T06:41:09+00:00","description":"\u00a0Edirne'nin \u0130psala il\u00e7esine ba\u011fl\u0131 Eset\u00e7e beldesinde tarlaya g\u00fcbre atmak i\u00e7in yola \u00e7\u0131kan \u00e7ift\u00e7i, kulland\u0131\u011f\u0131 trakt\u00f6r\u00fcn devrilmesi sonucu hayat\u0131n\u0131 kaybetti.","breadcrumb":{"@id":"https:\/\/memurunsesi.net\/index.php\/2026\/03\/19\/tarlaya-gubre-atmaya-giderken-canindan-oldu\/#breadcrumb"},"inLanguage":"tr","potentialAction":[{"@type":"ReadAction","target":["https:\/\/memurunsesi.net\/index.php\/2026\/03\/19\/tarlaya-gubre-atmaya-giderken-canindan-oldu\/"]}]},{"@type":"ImageObject","inLanguage":"tr","@id":"https:\/\/memurunsesi.net\/index.php\/2026\/03\/19\/tarlaya-gubre-atmaya-giderken-canindan-oldu\/#primaryimage","url":"https:\/\/memurunsesi.net\/wp-content\/uploads\/2026\/03\/ciftci-kullandigi-traktorun-devrilmesi-sonucu-hayatini-kaybetti.jpg","contentUrl":"https:\/\/memurunsesi.net\/wp-content\/uploads\/2026\/03\/ciftci-kullandigi-traktorun-devrilmesi-sonucu-hayatini-kaybetti.jpg","width":1200,"height":1600,"caption":"ESET\u00c7E'DE YA\u015eAYAN HASAN DEN\u0130Z(56), D\u00dcN \u0130K\u0130ND\u0130 VAKT\u0130 TARLASINA G\u0130TMEK \u00dcZERE TRAKT\u00d6R\u00dcYLE YOLA \u00c7IKTI. SEY\u0130R HAL\u0130NDEYKEN HEN\u00dcZ B\u0130L\u0130NMEYEN B\u0130R NEDENLE D\u0130REKS\u0130YON HAK\u0130M\u0130YET\u0130N\u0130 KAYBEDEN DEN\u0130Z'\u0130N KULLANDI\u011eI TRAKT\u00d6R DEVR\u0130LD\u0130. (MESUT \u00c7INAR\/ED\u0130RNE-\u0130HA) Edirne'nin \u0130psala il\u00e7esine ba\u011fl\u0131 Eset\u00e7e beldesinde tarlaya g\u00fcbre atmak i\u00e7in yola \u00e7\u0131kan \u00e7ift\u00e7i, kulland\u0131\u011f\u0131 trakt\u00f6r\u00fcn devrilmesi sonucu hayat\u0131n\u0131 kaybetti."},{"@type":"BreadcrumbList","@id":"https:\/\/memurunsesi.net\/index.php\/2026\/03\/19\/tarlaya-gubre-atmaya-giderken-canindan-oldu\/#breadcrumb","itemListElement":[{"@type":"ListItem","position":1,"name":"Anasayfa","item":"https:\/\/memurunsesi.net\/"},{"@type":"ListItem","position":2,"name":"Tarlaya g\u00fcbre atmaya giderken can\u0131ndan oldu"}]},{"@type":"WebSite","@id":"https:\/\/memurunsesi.net\/#website","url":"https:\/\/memurunsesi.net\/","name":"Memurun Sesi","description":"G\u00fcncel ve Do\u011fru Haber","publisher":{"@id":"https:\/\/memurunsesi.net\/#organization"},"potentialAction":[{"@type":"SearchAction","target":{"@type":"EntryPoint","urlTemplate":"https:\/\/memurunsesi.net\/?s={search_term_string}"},"query-input":{"@type":"PropertyValueSpecification","valueRequired":true,"valueName":"search_term_string"}}],"inLanguage":"tr"},{"@type":"Organization","@id":"https:\/\/memurunsesi.net\/#organization","name":"Memurun Sesi","url":"https:\/\/memurunsesi.net\/","logo":{"@type":"ImageObject","inLanguage":"tr","@id":"https:\/\/memurunsesi.net\/#\/schema\/logo\/image\/","url":"https:\/\/memurunsesi.net\/wp-content\/uploads\/2025\/11\/cropped-MEMURUN-SESI.png","contentUrl":"https:\/\/memurunsesi.net\/wp-content\/uploads\/2025\/11\/cropped-MEMURUN-SESI.png","width":238,"height":57,"caption":"Memurun Sesi"},"image":{"@id":"https:\/\/memurunsesi.net\/#\/schema\/logo\/image\/"},"sameAs":["https:\/\/www.facebook.com\/unipersen\/?locale=tr_TR","https:\/\/x.com\/unipersen"]},{"@type":"Person","@id":"https:\/\/memurunsesi.net\/#\/schema\/person\/f21c2d73b89f6ee1d80b0a1803e38587","name":"Memurun Sesi Haber Merkezi","image":{"@type":"ImageObject","inLanguage":"tr","@id":"https:\/\/secure.gravatar.com\/avatar\/6cf0505f452ee753f485014986fab09a434671d2b919ee76fc541025c5876a70?s=96&d=mm&r=g","url":"https:\/\/secure.gravatar.com\/avatar\/6cf0505f452ee753f485014986fab09a434671d2b919ee76fc541025c5876a70?s=96&d=mm&r=g","contentUrl":"https:\/\/secure.gravatar.com\/avatar\/6cf0505f452ee753f485014986fab09a434671d2b919ee76fc541025c5876a70?s=96&d=mm&r=g","caption":"Memurun Sesi Haber Merkezi"},"sameAs":["https:\/\/memurunsesi.net"],"url":"https:\/\/memurunsesi.net\/index.php\/author\/uniper\/"}]}},"_links":{"self":[{"href":"https:\/\/memurunsesi.net\/index.php\/wp-json\/wp\/v2\/posts\/18442","targetHints":{"allow":["GET"]}}],"collection":[{"href":"https:\/\/memurunsesi.net\/index.php\/wp-json\/wp\/v2\/posts"}],"about":[{"href":"https:\/\/memurunsesi.net\/index.php\/wp-json\/wp\/v2\/types\/post"}],"author":[{"embeddable":true,"href":"https:\/\/memurunsesi.net\/index.php\/wp-json\/wp\/v2\/users\/1"}],"replies":[{"embeddable":true,"href":"https:\/\/memurunsesi.net\/index.php\/wp-json\/wp\/v2\/comments?post=18442"}],"version-history":[{"count":1,"href":"https:\/\/memurunsesi.net\/index.php\/wp-json\/wp\/v2\/posts\/18442\/revisions"}],"predecessor-version":[{"id":18444,"href":"https:\/\/memurunsesi.net\/index.php\/wp-json\/wp\/v2\/posts\/18442\/revisions\/18444"}],"wp:featuredmedia":[{"embeddable":true,"href":"https:\/\/memurunsesi.net\/index.php\/wp-json\/wp\/v2\/media\/18443"}],"wp:attachment":[{"href":"https:\/\/memurunsesi.net\/index.php\/wp-json\/wp\/v2\/media?parent=18442"}],"wp:term":[{"taxonomy":"category","embeddable":true,"href":"https:\/\/memurunsesi.net\/index.php\/wp-json\/wp\/v2\/categories?post=18442"},{"taxonomy":"post_tag","embeddable":true,"href":"https:\/\/memurunsesi.net\/index.php\/wp-json\/wp\/v2\/tags?post=18442"}],"curies":[{"name":"wp","href":"https:\/\/api.w.org\/{rel}","templated":true}]}}