{"id":18511,"date":"2026-03-21T10:03:29","date_gmt":"2026-03-21T07:03:29","guid":{"rendered":"https:\/\/memurunsesi.net\/?p=18511"},"modified":"2026-03-21T10:03:29","modified_gmt":"2026-03-21T07:03:29","slug":"beysehir-golu-eski-gunlerini-ariyor","status":"publish","type":"post","link":"https:\/\/memurunsesi.net\/index.php\/2026\/03\/21\/beysehir-golu-eski-gunlerini-ariyor\/","title":{"rendered":"Bey\u015fehir G\u00f6l\u00fc eski g\u00fcnlerini ar\u0131yor"},"content":{"rendered":"<p>&#8211; \u00c7ekilen dron g\u00f6r\u00fcnt\u00fcleri de \u00e7arp\u0131c\u0131 durumu g\u00f6zler \u00f6n\u00fcne serdi<br \/>\nT\u00fcrkiye&#8217;nin en \u00f6nemli tatl\u0131 su kayna\u011f\u0131 durumundaki Konya ve Isparta illeri s\u0131n\u0131rlar\u0131 i\u00e7erisinde yer alan Bey\u015fehir G\u00f6l\u00fc, son y\u0131llar\u0131n en kurak d\u00f6nemlerinden birinin izlerini ta\u015f\u0131maya devam ediyor.<br \/>\n\u015eiddetli kurakl\u0131k ve artan buharla\u015fma kay\u0131plar\u0131 nedeniyle g\u00f6l suyu, k\u0131y\u0131 kesimlerinde ge\u00e7ti\u011fimiz yaz ve g\u00fcz d\u00f6neminde y\u00fczlerce metre geriye \u00e7ekildi. Yeni y\u0131l\u0131n \u015fubat ay\u0131nda etkili olan ya\u011f\u0131\u015flar su seviyesinde k\u0131smi bir art\u0131\u015f sa\u011flasa da, g\u00f6l sular\u0131 ad\u0131n\u0131 ald\u0131\u011f\u0131 Bey\u015fehir il\u00e7e merkezine hala ula\u015famad\u0131. Kent merkezinden uzakla\u015fan su, eski seviyesine kavu\u015fmakta zorlan\u0131rken, g\u00f6l\u00fcn \u00f6zlenen g\u00fcnleri de adeta hat\u0131ralarda kald\u0131. Su \u00e7ekilmesiyle birlikte g\u00f6l k\u0131y\u0131lar\u0131nda yeni k\u00fc\u00e7\u00fck adac\u0131klar olu\u015ftu. K\u0131\u015f ya\u011f\u0131\u015flar\u0131na ra\u011fmen bu adac\u0131klar\u0131n varl\u0131\u011f\u0131n\u0131 hala s\u00fcrd\u00fcrmesi, kurakl\u0131\u011f\u0131n etkisinin hen\u00fcz sona ermedi\u011fini ortaya koydu. G\u00f6l i\u00e7in haz\u0131rlanan \u00e7e\u015fitli eylem planlar\u0131 konu\u015fulurken, uzmanlar \u00f6zellikle kar ya\u011f\u0131\u015f\u0131n\u0131n g\u00f6l\u00fc beslemede kritik rol oynad\u0131\u011f\u0131na dikkat \u00e7ekiyor. G\u00f6l\u00fcn yeniden eski seviyelerine ula\u015fabilmesi i\u00e7in ya\u011f\u0131\u015flar\u0131n devam etmesi gerekti\u011fi vurgulan\u0131yor. \u00d6te yandan, havadan \u00e7ekilen son dron g\u00f6r\u00fcnt\u00fcleri de Bey\u015fehir G\u00f6l\u00fc ve \u00e7evresindeki son durumu g\u00f6zler \u00f6n\u00fcne serdi. G\u00f6r\u00fcnt\u00fcler, kurakl\u0131\u011f\u0131n boyutunu \u00e7arp\u0131c\u0131 \u015fekilde ortaya koydu.<\/p>\n<p>21.03.2026<\/p>\n","protected":false},"excerpt":{"rendered":"<p>&#8211; \u00c7ekilen dron g\u00f6r\u00fcnt\u00fcleri de \u00e7arp\u0131c\u0131 durumu g\u00f6zler \u00f6n\u00fcne serdi T\u00fcrkiye&#8217;nin en \u00f6nemli tatl\u0131 su kayna\u011f\u0131 durumundaki Konya ve Isparta illeri s\u0131n\u0131rlar\u0131 i\u00e7erisinde yer alan Bey\u015fehir G\u00f6l\u00fc, son y\u0131llar\u0131n en kurak d\u00f6nemlerinden birinin izlerini ta\u015f\u0131maya devam ediyor. \u015eiddetli kurakl\u0131k ve artan buharla\u015fma kay\u0131plar\u0131 nedeniyle g\u00f6l suyu, k\u0131y\u0131 kesimlerinde ge\u00e7ti\u011fimiz yaz ve g\u00fcz d\u00f6neminde y\u00fczlerce metre [&hellip;]<\/p>\n","protected":false},"author":1,"featured_media":18512,"comment_status":"open","ping_status":"open","sticky":false,"template":"","format":"standard","meta":{"footnotes":""},"categories":[1],"tags":[2326,2327,2325],"class_list":["post-18511","post","type-post","status-publish","format-standard","has-post-thumbnail","hentry","category-genel","tag-beysehir-golu","tag-son-yillarin-en-kurak-donemlerinden-birini-yasiyor","tag-turkiyenin-en-onemli-tatli-su-kaynagi"],"yoast_head":"<!-- This site is optimized with the Yoast SEO plugin v27.4 - https:\/\/yoast.com\/product\/yoast-seo-wordpress\/ -->\n<title>Bey\u015fehir G\u00f6l\u00fc eski g\u00fcnlerini ar\u0131yor - Memurun Sesi<\/title>\n<meta name=\"description\" content=\"T\u00fcrkiye&#039;nin en \u00f6nemli tatl\u0131 su kayna\u011f\u0131 durumundaki Konya ve Isparta illeri s\u0131n\u0131rlar\u0131 i\u00e7erisinde yer alan Bey\u015fehir G\u00f6l\u00fc, son y\u0131llar\u0131n en kurak d\u00f6nemlerinden birinin izlerini ta\u015f\u0131maya devam ediyor.\" \/>\n<meta name=\"robots\" content=\"index, follow, max-snippet:-1, max-image-preview:large, max-video-preview:-1\" \/>\n<link rel=\"canonical\" href=\"https:\/\/memurunsesi.net\/index.php\/2026\/03\/21\/beysehir-golu-eski-gunlerini-ariyor\/\" \/>\n<meta property=\"og:locale\" content=\"tr_TR\" \/>\n<meta property=\"og:type\" content=\"article\" \/>\n<meta property=\"og:title\" content=\"Bey\u015fehir G\u00f6l\u00fc eski g\u00fcnlerini ar\u0131yor - Memurun Sesi\" \/>\n<meta property=\"og:description\" content=\"T\u00fcrkiye&#039;nin en \u00f6nemli tatl\u0131 su kayna\u011f\u0131 durumundaki Konya ve Isparta illeri s\u0131n\u0131rlar\u0131 i\u00e7erisinde yer alan Bey\u015fehir G\u00f6l\u00fc, son y\u0131llar\u0131n en kurak d\u00f6nemlerinden birinin izlerini ta\u015f\u0131maya devam ediyor.\" \/>\n<meta property=\"og:url\" content=\"https:\/\/memurunsesi.net\/index.php\/2026\/03\/21\/beysehir-golu-eski-gunlerini-ariyor\/\" \/>\n<meta property=\"og:site_name\" content=\"Memurun Sesi\" \/>\n<meta property=\"article:publisher\" content=\"https:\/\/www.facebook.com\/unipersen\/?locale=tr_TR\" \/>\n<meta property=\"article:published_time\" content=\"2026-03-21T07:03:29+00:00\" \/>\n<meta property=\"og:image\" content=\"https:\/\/memurunsesi.net\/wp-content\/uploads\/2026\/03\/Beysehir-Golu.jpg\" \/>\n\t<meta property=\"og:image:width\" content=\"1920\" \/>\n\t<meta property=\"og:image:height\" content=\"1080\" \/>\n\t<meta property=\"og:image:type\" content=\"image\/jpeg\" \/>\n<meta name=\"author\" content=\"Memurun Sesi Haber Merkezi\" \/>\n<meta name=\"twitter:card\" content=\"summary_large_image\" \/>\n<meta name=\"twitter:creator\" content=\"@unipersen\" \/>\n<meta name=\"twitter:site\" content=\"@unipersen\" \/>\n<meta name=\"twitter:label1\" content=\"Yazan:\" \/>\n\t<meta name=\"twitter:data1\" content=\"Memurun Sesi Haber Merkezi\" \/>\n\t<meta name=\"twitter:label2\" content=\"Tahmini okuma s\u00fcresi\" \/>\n\t<meta name=\"twitter:data2\" content=\"2 dakika\" \/>\n<script type=\"application\/ld+json\" class=\"yoast-schema-graph\">{\"@context\":\"https:\\\/\\\/schema.org\",\"@graph\":[{\"@type\":\"Article\",\"@id\":\"https:\\\/\\\/memurunsesi.net\\\/index.php\\\/2026\\\/03\\\/21\\\/beysehir-golu-eski-gunlerini-ariyor\\\/#article\",\"isPartOf\":{\"@id\":\"https:\\\/\\\/memurunsesi.net\\\/index.php\\\/2026\\\/03\\\/21\\\/beysehir-golu-eski-gunlerini-ariyor\\\/\"},\"author\":{\"name\":\"Memurun Sesi Haber Merkezi\",\"@id\":\"https:\\\/\\\/memurunsesi.net\\\/#\\\/schema\\\/person\\\/f21c2d73b89f6ee1d80b0a1803e38587\"},\"headline\":\"Bey\u015fehir G\u00f6l\u00fc eski g\u00fcnlerini ar\u0131yor\",\"datePublished\":\"2026-03-21T07:03:29+00:00\",\"mainEntityOfPage\":{\"@id\":\"https:\\\/\\\/memurunsesi.net\\\/index.php\\\/2026\\\/03\\\/21\\\/beysehir-golu-eski-gunlerini-ariyor\\\/\"},\"wordCount\":273,\"commentCount\":0,\"publisher\":{\"@id\":\"https:\\\/\\\/memurunsesi.net\\\/#organization\"},\"image\":{\"@id\":\"https:\\\/\\\/memurunsesi.net\\\/index.php\\\/2026\\\/03\\\/21\\\/beysehir-golu-eski-gunlerini-ariyor\\\/#primaryimage\"},\"thumbnailUrl\":\"https:\\\/\\\/memurunsesi.net\\\/wp-content\\\/uploads\\\/2026\\\/03\\\/Beysehir-Golu.jpg\",\"keywords\":[\"Bey\u015fehir G\u00f6l\u00fc\",\"son y\u0131llar\u0131n en kurak d\u00f6nemlerinden birini ya\u015f\u0131yor\",\"T\u00fcrkiye'nin en \u00f6nemli tatl\u0131 su kayna\u011f\u0131\"],\"inLanguage\":\"tr\",\"potentialAction\":[{\"@type\":\"CommentAction\",\"name\":\"Comment\",\"target\":[\"https:\\\/\\\/memurunsesi.net\\\/index.php\\\/2026\\\/03\\\/21\\\/beysehir-golu-eski-gunlerini-ariyor\\\/#respond\"]}]},{\"@type\":\"WebPage\",\"@id\":\"https:\\\/\\\/memurunsesi.net\\\/index.php\\\/2026\\\/03\\\/21\\\/beysehir-golu-eski-gunlerini-ariyor\\\/\",\"url\":\"https:\\\/\\\/memurunsesi.net\\\/index.php\\\/2026\\\/03\\\/21\\\/beysehir-golu-eski-gunlerini-ariyor\\\/\",\"name\":\"Bey\u015fehir G\u00f6l\u00fc eski g\u00fcnlerini ar\u0131yor - Memurun Sesi\",\"isPartOf\":{\"@id\":\"https:\\\/\\\/memurunsesi.net\\\/#website\"},\"primaryImageOfPage\":{\"@id\":\"https:\\\/\\\/memurunsesi.net\\\/index.php\\\/2026\\\/03\\\/21\\\/beysehir-golu-eski-gunlerini-ariyor\\\/#primaryimage\"},\"image\":{\"@id\":\"https:\\\/\\\/memurunsesi.net\\\/index.php\\\/2026\\\/03\\\/21\\\/beysehir-golu-eski-gunlerini-ariyor\\\/#primaryimage\"},\"thumbnailUrl\":\"https:\\\/\\\/memurunsesi.net\\\/wp-content\\\/uploads\\\/2026\\\/03\\\/Beysehir-Golu.jpg\",\"datePublished\":\"2026-03-21T07:03:29+00:00\",\"description\":\"T\u00fcrkiye'nin en \u00f6nemli tatl\u0131 su kayna\u011f\u0131 durumundaki Konya ve Isparta illeri s\u0131n\u0131rlar\u0131 i\u00e7erisinde yer alan Bey\u015fehir G\u00f6l\u00fc, son y\u0131llar\u0131n en kurak d\u00f6nemlerinden birinin izlerini ta\u015f\u0131maya devam ediyor.\",\"breadcrumb\":{\"@id\":\"https:\\\/\\\/memurunsesi.net\\\/index.php\\\/2026\\\/03\\\/21\\\/beysehir-golu-eski-gunlerini-ariyor\\\/#breadcrumb\"},\"inLanguage\":\"tr\",\"potentialAction\":[{\"@type\":\"ReadAction\",\"target\":[\"https:\\\/\\\/memurunsesi.net\\\/index.php\\\/2026\\\/03\\\/21\\\/beysehir-golu-eski-gunlerini-ariyor\\\/\"]}]},{\"@type\":\"ImageObject\",\"inLanguage\":\"tr\",\"@id\":\"https:\\\/\\\/memurunsesi.net\\\/index.php\\\/2026\\\/03\\\/21\\\/beysehir-golu-eski-gunlerini-ariyor\\\/#primaryimage\",\"url\":\"https:\\\/\\\/memurunsesi.net\\\/wp-content\\\/uploads\\\/2026\\\/03\\\/Beysehir-Golu.jpg\",\"contentUrl\":\"https:\\\/\\\/memurunsesi.net\\\/wp-content\\\/uploads\\\/2026\\\/03\\\/Beysehir-Golu.jpg\",\"width\":1920,\"height\":1080,\"caption\":\"T\u00dcRK\u0130YE'N\u0130N EN \u00d6NEML\u0130 TATLI SU KAYNA\u011eI DURUMUNDAK\u0130 KONYA VE ISPARTA \u0130LLER\u0130 SINIRLARI \u0130\u00c7ER\u0130S\u0130NDE YER ALAN BEY\u015eEH\u0130R G\u00d6L\u00dc, SON YILLARIN EN KURAK D\u00d6NEMLER\u0130NDEN B\u0130R\u0130N\u0130N \u0130ZLER\u0130N\u0130 TA\u015eIMAYA DEVAM ED\u0130YOR. (AL\u0130 RIZA \u00d6NSES\\\/KONYA-\u0130HA) T\u00fcrkiye'nin en \u00f6nemli tatl\u0131 su kayna\u011f\u0131 durumundaki Konya ve Isparta illeri s\u0131n\u0131rlar\u0131 i\u00e7erisinde yer alan Bey\u015fehir G\u00f6l\u00fc, son y\u0131llar\u0131n en kurak d\u00f6nemlerinden birinin izlerini ta\u015f\u0131maya devam ediyor.\"},{\"@type\":\"BreadcrumbList\",\"@id\":\"https:\\\/\\\/memurunsesi.net\\\/index.php\\\/2026\\\/03\\\/21\\\/beysehir-golu-eski-gunlerini-ariyor\\\/#breadcrumb\",\"itemListElement\":[{\"@type\":\"ListItem\",\"position\":1,\"name\":\"Anasayfa\",\"item\":\"https:\\\/\\\/memurunsesi.net\\\/\"},{\"@type\":\"ListItem\",\"position\":2,\"name\":\"Bey\u015fehir G\u00f6l\u00fc eski g\u00fcnlerini ar\u0131yor\"}]},{\"@type\":\"WebSite\",\"@id\":\"https:\\\/\\\/memurunsesi.net\\\/#website\",\"url\":\"https:\\\/\\\/memurunsesi.net\\\/\",\"name\":\"Memurun Sesi\",\"description\":\"G\u00fcncel ve Do\u011fru Haber\",\"publisher\":{\"@id\":\"https:\\\/\\\/memurunsesi.net\\\/#organization\"},\"potentialAction\":[{\"@type\":\"SearchAction\",\"target\":{\"@type\":\"EntryPoint\",\"urlTemplate\":\"https:\\\/\\\/memurunsesi.net\\\/?s={search_term_string}\"},\"query-input\":{\"@type\":\"PropertyValueSpecification\",\"valueRequired\":true,\"valueName\":\"search_term_string\"}}],\"inLanguage\":\"tr\"},{\"@type\":\"Organization\",\"@id\":\"https:\\\/\\\/memurunsesi.net\\\/#organization\",\"name\":\"Memurun Sesi\",\"url\":\"https:\\\/\\\/memurunsesi.net\\\/\",\"logo\":{\"@type\":\"ImageObject\",\"inLanguage\":\"tr\",\"@id\":\"https:\\\/\\\/memurunsesi.net\\\/#\\\/schema\\\/logo\\\/image\\\/\",\"url\":\"https:\\\/\\\/memurunsesi.net\\\/wp-content\\\/uploads\\\/2025\\\/11\\\/cropped-MEMURUN-SESI.png\",\"contentUrl\":\"https:\\\/\\\/memurunsesi.net\\\/wp-content\\\/uploads\\\/2025\\\/11\\\/cropped-MEMURUN-SESI.png\",\"width\":238,\"height\":57,\"caption\":\"Memurun Sesi\"},\"image\":{\"@id\":\"https:\\\/\\\/memurunsesi.net\\\/#\\\/schema\\\/logo\\\/image\\\/\"},\"sameAs\":[\"https:\\\/\\\/www.facebook.com\\\/unipersen\\\/?locale=tr_TR\",\"https:\\\/\\\/x.com\\\/unipersen\"]},{\"@type\":\"Person\",\"@id\":\"https:\\\/\\\/memurunsesi.net\\\/#\\\/schema\\\/person\\\/f21c2d73b89f6ee1d80b0a1803e38587\",\"name\":\"Memurun Sesi Haber Merkezi\",\"image\":{\"@type\":\"ImageObject\",\"inLanguage\":\"tr\",\"@id\":\"https:\\\/\\\/secure.gravatar.com\\\/avatar\\\/6cf0505f452ee753f485014986fab09a434671d2b919ee76fc541025c5876a70?s=96&d=mm&r=g\",\"url\":\"https:\\\/\\\/secure.gravatar.com\\\/avatar\\\/6cf0505f452ee753f485014986fab09a434671d2b919ee76fc541025c5876a70?s=96&d=mm&r=g\",\"contentUrl\":\"https:\\\/\\\/secure.gravatar.com\\\/avatar\\\/6cf0505f452ee753f485014986fab09a434671d2b919ee76fc541025c5876a70?s=96&d=mm&r=g\",\"caption\":\"Memurun Sesi Haber Merkezi\"},\"sameAs\":[\"https:\\\/\\\/memurunsesi.net\"],\"url\":\"https:\\\/\\\/memurunsesi.net\\\/index.php\\\/author\\\/uniper\\\/\"}]}<\/script>\n<!-- \/ Yoast SEO plugin. -->","yoast_head_json":{"title":"Bey\u015fehir G\u00f6l\u00fc eski g\u00fcnlerini ar\u0131yor - Memurun Sesi","description":"T\u00fcrkiye'nin en \u00f6nemli tatl\u0131 su kayna\u011f\u0131 durumundaki Konya ve Isparta illeri s\u0131n\u0131rlar\u0131 i\u00e7erisinde yer alan Bey\u015fehir G\u00f6l\u00fc, son y\u0131llar\u0131n en kurak d\u00f6nemlerinden birinin izlerini ta\u015f\u0131maya devam ediyor.","robots":{"index":"index","follow":"follow","max-snippet":"max-snippet:-1","max-image-preview":"max-image-preview:large","max-video-preview":"max-video-preview:-1"},"canonical":"https:\/\/memurunsesi.net\/index.php\/2026\/03\/21\/beysehir-golu-eski-gunlerini-ariyor\/","og_locale":"tr_TR","og_type":"article","og_title":"Bey\u015fehir G\u00f6l\u00fc eski g\u00fcnlerini ar\u0131yor - Memurun Sesi","og_description":"T\u00fcrkiye'nin en \u00f6nemli tatl\u0131 su kayna\u011f\u0131 durumundaki Konya ve Isparta illeri s\u0131n\u0131rlar\u0131 i\u00e7erisinde yer alan Bey\u015fehir G\u00f6l\u00fc, son y\u0131llar\u0131n en kurak d\u00f6nemlerinden birinin izlerini ta\u015f\u0131maya devam ediyor.","og_url":"https:\/\/memurunsesi.net\/index.php\/2026\/03\/21\/beysehir-golu-eski-gunlerini-ariyor\/","og_site_name":"Memurun Sesi","article_publisher":"https:\/\/www.facebook.com\/unipersen\/?locale=tr_TR","article_published_time":"2026-03-21T07:03:29+00:00","og_image":[{"width":1920,"height":1080,"url":"https:\/\/memurunsesi.net\/wp-content\/uploads\/2026\/03\/Beysehir-Golu.jpg","type":"image\/jpeg"}],"author":"Memurun Sesi Haber Merkezi","twitter_card":"summary_large_image","twitter_creator":"@unipersen","twitter_site":"@unipersen","twitter_misc":{"Yazan:":"Memurun Sesi Haber Merkezi","Tahmini okuma s\u00fcresi":"2 dakika"},"schema":{"@context":"https:\/\/schema.org","@graph":[{"@type":"Article","@id":"https:\/\/memurunsesi.net\/index.php\/2026\/03\/21\/beysehir-golu-eski-gunlerini-ariyor\/#article","isPartOf":{"@id":"https:\/\/memurunsesi.net\/index.php\/2026\/03\/21\/beysehir-golu-eski-gunlerini-ariyor\/"},"author":{"name":"Memurun Sesi Haber Merkezi","@id":"https:\/\/memurunsesi.net\/#\/schema\/person\/f21c2d73b89f6ee1d80b0a1803e38587"},"headline":"Bey\u015fehir G\u00f6l\u00fc eski g\u00fcnlerini ar\u0131yor","datePublished":"2026-03-21T07:03:29+00:00","mainEntityOfPage":{"@id":"https:\/\/memurunsesi.net\/index.php\/2026\/03\/21\/beysehir-golu-eski-gunlerini-ariyor\/"},"wordCount":273,"commentCount":0,"publisher":{"@id":"https:\/\/memurunsesi.net\/#organization"},"image":{"@id":"https:\/\/memurunsesi.net\/index.php\/2026\/03\/21\/beysehir-golu-eski-gunlerini-ariyor\/#primaryimage"},"thumbnailUrl":"https:\/\/memurunsesi.net\/wp-content\/uploads\/2026\/03\/Beysehir-Golu.jpg","keywords":["Bey\u015fehir G\u00f6l\u00fc","son y\u0131llar\u0131n en kurak d\u00f6nemlerinden birini ya\u015f\u0131yor","T\u00fcrkiye'nin en \u00f6nemli tatl\u0131 su kayna\u011f\u0131"],"inLanguage":"tr","potentialAction":[{"@type":"CommentAction","name":"Comment","target":["https:\/\/memurunsesi.net\/index.php\/2026\/03\/21\/beysehir-golu-eski-gunlerini-ariyor\/#respond"]}]},{"@type":"WebPage","@id":"https:\/\/memurunsesi.net\/index.php\/2026\/03\/21\/beysehir-golu-eski-gunlerini-ariyor\/","url":"https:\/\/memurunsesi.net\/index.php\/2026\/03\/21\/beysehir-golu-eski-gunlerini-ariyor\/","name":"Bey\u015fehir G\u00f6l\u00fc eski g\u00fcnlerini ar\u0131yor - Memurun Sesi","isPartOf":{"@id":"https:\/\/memurunsesi.net\/#website"},"primaryImageOfPage":{"@id":"https:\/\/memurunsesi.net\/index.php\/2026\/03\/21\/beysehir-golu-eski-gunlerini-ariyor\/#primaryimage"},"image":{"@id":"https:\/\/memurunsesi.net\/index.php\/2026\/03\/21\/beysehir-golu-eski-gunlerini-ariyor\/#primaryimage"},"thumbnailUrl":"https:\/\/memurunsesi.net\/wp-content\/uploads\/2026\/03\/Beysehir-Golu.jpg","datePublished":"2026-03-21T07:03:29+00:00","description":"T\u00fcrkiye'nin en \u00f6nemli tatl\u0131 su kayna\u011f\u0131 durumundaki Konya ve Isparta illeri s\u0131n\u0131rlar\u0131 i\u00e7erisinde yer alan Bey\u015fehir G\u00f6l\u00fc, son y\u0131llar\u0131n en kurak d\u00f6nemlerinden birinin izlerini ta\u015f\u0131maya devam ediyor.","breadcrumb":{"@id":"https:\/\/memurunsesi.net\/index.php\/2026\/03\/21\/beysehir-golu-eski-gunlerini-ariyor\/#breadcrumb"},"inLanguage":"tr","potentialAction":[{"@type":"ReadAction","target":["https:\/\/memurunsesi.net\/index.php\/2026\/03\/21\/beysehir-golu-eski-gunlerini-ariyor\/"]}]},{"@type":"ImageObject","inLanguage":"tr","@id":"https:\/\/memurunsesi.net\/index.php\/2026\/03\/21\/beysehir-golu-eski-gunlerini-ariyor\/#primaryimage","url":"https:\/\/memurunsesi.net\/wp-content\/uploads\/2026\/03\/Beysehir-Golu.jpg","contentUrl":"https:\/\/memurunsesi.net\/wp-content\/uploads\/2026\/03\/Beysehir-Golu.jpg","width":1920,"height":1080,"caption":"T\u00dcRK\u0130YE'N\u0130N EN \u00d6NEML\u0130 TATLI SU KAYNA\u011eI DURUMUNDAK\u0130 KONYA VE ISPARTA \u0130LLER\u0130 SINIRLARI \u0130\u00c7ER\u0130S\u0130NDE YER ALAN BEY\u015eEH\u0130R G\u00d6L\u00dc, SON YILLARIN EN KURAK D\u00d6NEMLER\u0130NDEN B\u0130R\u0130N\u0130N \u0130ZLER\u0130N\u0130 TA\u015eIMAYA DEVAM ED\u0130YOR. (AL\u0130 RIZA \u00d6NSES\/KONYA-\u0130HA) T\u00fcrkiye'nin en \u00f6nemli tatl\u0131 su kayna\u011f\u0131 durumundaki Konya ve Isparta illeri s\u0131n\u0131rlar\u0131 i\u00e7erisinde yer alan Bey\u015fehir G\u00f6l\u00fc, son y\u0131llar\u0131n en kurak d\u00f6nemlerinden birinin izlerini ta\u015f\u0131maya devam ediyor."},{"@type":"BreadcrumbList","@id":"https:\/\/memurunsesi.net\/index.php\/2026\/03\/21\/beysehir-golu-eski-gunlerini-ariyor\/#breadcrumb","itemListElement":[{"@type":"ListItem","position":1,"name":"Anasayfa","item":"https:\/\/memurunsesi.net\/"},{"@type":"ListItem","position":2,"name":"Bey\u015fehir G\u00f6l\u00fc eski g\u00fcnlerini ar\u0131yor"}]},{"@type":"WebSite","@id":"https:\/\/memurunsesi.net\/#website","url":"https:\/\/memurunsesi.net\/","name":"Memurun Sesi","description":"G\u00fcncel ve Do\u011fru Haber","publisher":{"@id":"https:\/\/memurunsesi.net\/#organization"},"potentialAction":[{"@type":"SearchAction","target":{"@type":"EntryPoint","urlTemplate":"https:\/\/memurunsesi.net\/?s={search_term_string}"},"query-input":{"@type":"PropertyValueSpecification","valueRequired":true,"valueName":"search_term_string"}}],"inLanguage":"tr"},{"@type":"Organization","@id":"https:\/\/memurunsesi.net\/#organization","name":"Memurun Sesi","url":"https:\/\/memurunsesi.net\/","logo":{"@type":"ImageObject","inLanguage":"tr","@id":"https:\/\/memurunsesi.net\/#\/schema\/logo\/image\/","url":"https:\/\/memurunsesi.net\/wp-content\/uploads\/2025\/11\/cropped-MEMURUN-SESI.png","contentUrl":"https:\/\/memurunsesi.net\/wp-content\/uploads\/2025\/11\/cropped-MEMURUN-SESI.png","width":238,"height":57,"caption":"Memurun Sesi"},"image":{"@id":"https:\/\/memurunsesi.net\/#\/schema\/logo\/image\/"},"sameAs":["https:\/\/www.facebook.com\/unipersen\/?locale=tr_TR","https:\/\/x.com\/unipersen"]},{"@type":"Person","@id":"https:\/\/memurunsesi.net\/#\/schema\/person\/f21c2d73b89f6ee1d80b0a1803e38587","name":"Memurun Sesi Haber Merkezi","image":{"@type":"ImageObject","inLanguage":"tr","@id":"https:\/\/secure.gravatar.com\/avatar\/6cf0505f452ee753f485014986fab09a434671d2b919ee76fc541025c5876a70?s=96&d=mm&r=g","url":"https:\/\/secure.gravatar.com\/avatar\/6cf0505f452ee753f485014986fab09a434671d2b919ee76fc541025c5876a70?s=96&d=mm&r=g","contentUrl":"https:\/\/secure.gravatar.com\/avatar\/6cf0505f452ee753f485014986fab09a434671d2b919ee76fc541025c5876a70?s=96&d=mm&r=g","caption":"Memurun Sesi Haber Merkezi"},"sameAs":["https:\/\/memurunsesi.net"],"url":"https:\/\/memurunsesi.net\/index.php\/author\/uniper\/"}]}},"_links":{"self":[{"href":"https:\/\/memurunsesi.net\/index.php\/wp-json\/wp\/v2\/posts\/18511","targetHints":{"allow":["GET"]}}],"collection":[{"href":"https:\/\/memurunsesi.net\/index.php\/wp-json\/wp\/v2\/posts"}],"about":[{"href":"https:\/\/memurunsesi.net\/index.php\/wp-json\/wp\/v2\/types\/post"}],"author":[{"embeddable":true,"href":"https:\/\/memurunsesi.net\/index.php\/wp-json\/wp\/v2\/users\/1"}],"replies":[{"embeddable":true,"href":"https:\/\/memurunsesi.net\/index.php\/wp-json\/wp\/v2\/comments?post=18511"}],"version-history":[{"count":1,"href":"https:\/\/memurunsesi.net\/index.php\/wp-json\/wp\/v2\/posts\/18511\/revisions"}],"predecessor-version":[{"id":18513,"href":"https:\/\/memurunsesi.net\/index.php\/wp-json\/wp\/v2\/posts\/18511\/revisions\/18513"}],"wp:featuredmedia":[{"embeddable":true,"href":"https:\/\/memurunsesi.net\/index.php\/wp-json\/wp\/v2\/media\/18512"}],"wp:attachment":[{"href":"https:\/\/memurunsesi.net\/index.php\/wp-json\/wp\/v2\/media?parent=18511"}],"wp:term":[{"taxonomy":"category","embeddable":true,"href":"https:\/\/memurunsesi.net\/index.php\/wp-json\/wp\/v2\/categories?post=18511"},{"taxonomy":"post_tag","embeddable":true,"href":"https:\/\/memurunsesi.net\/index.php\/wp-json\/wp\/v2\/tags?post=18511"}],"curies":[{"name":"wp","href":"https:\/\/api.w.org\/{rel}","templated":true}]}}