{"id":18519,"date":"2026-03-21T10:15:14","date_gmt":"2026-03-21T07:15:14","guid":{"rendered":"https:\/\/memurunsesi.net\/?p=18519"},"modified":"2026-03-21T10:15:14","modified_gmt":"2026-03-21T07:15:14","slug":"otomobilin-carptigi-motosikletli-tip-fakultesi-ogrencisi-hayatini-kaybetti","status":"publish","type":"post","link":"https:\/\/memurunsesi.net\/index.php\/2026\/03\/21\/otomobilin-carptigi-motosikletli-tip-fakultesi-ogrencisi-hayatini-kaybetti\/","title":{"rendered":"Otomobilin \u00e7arpt\u0131\u011f\u0131 motosikletli t\u0131p fak\u00fcltesi \u00f6\u011frencisi hayat\u0131n\u0131 kaybetti"},"content":{"rendered":"<p>&#8211; Feci kaza kamerada<\/p>\n<p>Kayseri\u2019nin Talas il\u00e7esinde meydana gelen trafik kazas\u0131nda otomobil s\u00fcr\u00fcc\u00fcs\u00fcn\u00fcn \u00e7arpt\u0131\u011f\u0131 motosikletli t\u0131p fak\u00fcltesi \u00f6\u011frencisi k\u0131z hayat\u0131n\u0131 kaybetti. Feci kaza g\u00fcvenlik kameralar\u0131 ile anbean kaydedildi.<br \/>\nEdinilen bilgiye g\u00f6re, il\u00e7eye ba\u011fl\u0131 Mevlana Mahallesi Sayer Caddesi \u00fczerinde d\u00fcn gece saatlerinde meydana gelen trafik kazas\u0131nda, Yaren M. (22) motosikletiyle yolda ilerledi\u011fi s\u0131rada, K.E. (42) y\u00f6netimindeki 38 YE 008 plakal\u0131 otomobille Yaren M.\u2019ye \u00e7arpt\u0131. \u00c7arpman\u0131n etkisiyle Yaren M. a\u011f\u0131r yaralan\u0131rken, ihbar \u00fczerine b\u00f6lgeye polis ve sa\u011fl\u0131k ekipleri sevk edildi. Polis ekipleri \u00e7evrede g\u00fcvenlik \u00f6nlemi al\u0131rken, sa\u011fl\u0131k ekipleri de olay yerindeki ilk m\u00fcdahalenin ard\u0131ndan Yaren M.\u2019yi ambulansla hastaneye kald\u0131rd\u0131. Talihsiz \u00f6\u011frenci hastanede yap\u0131lan t\u00fcm m\u00fcdahalelere ra\u011fmen hayat\u0131n\u0131 kaybetti. K.E. ekipler taraf\u0131ndan g\u00f6zalt\u0131na al\u0131nd\u0131.<br \/>\nKazayla ilgili soru\u015fturma ba\u015flat\u0131ld\u0131.<\/p>\n<p>21.03.2026<\/p>\n","protected":false},"excerpt":{"rendered":"<p>&#8211; Feci kaza kamerada Kayseri\u2019nin Talas il\u00e7esinde meydana gelen trafik kazas\u0131nda otomobil s\u00fcr\u00fcc\u00fcs\u00fcn\u00fcn \u00e7arpt\u0131\u011f\u0131 motosikletli t\u0131p fak\u00fcltesi \u00f6\u011frencisi k\u0131z hayat\u0131n\u0131 kaybetti. Feci kaza g\u00fcvenlik kameralar\u0131 ile anbean kaydedildi. Edinilen bilgiye g\u00f6re, il\u00e7eye ba\u011fl\u0131 Mevlana Mahallesi Sayer Caddesi \u00fczerinde d\u00fcn gece saatlerinde meydana gelen trafik kazas\u0131nda, Yaren M. (22) motosikletiyle yolda ilerledi\u011fi s\u0131rada, K.E. (42) y\u00f6netimindeki [&hellip;]<\/p>\n","protected":false},"author":1,"featured_media":18520,"comment_status":"open","ping_status":"open","sticky":false,"template":"","format":"standard","meta":{"footnotes":""},"categories":[1],"tags":[2337,327,2334,2336,2333,2332,2335],"class_list":["post-18519","post","type-post","status-publish","format-standard","has-post-thumbnail","hentry","category-genel","tag-22-yasinda-hayata-veda-etti","tag-feci-kaza","tag-hayata-veda-etti","tag-kameralarda","tag-motorlu-kiaz-ogrenci","tag-otomobil-carpti","tag-tip-ogrencisi-aci-olumu"],"yoast_head":"<!-- This site is optimized with the Yoast SEO plugin v27.4 - https:\/\/yoast.com\/product\/yoast-seo-wordpress\/ -->\n<title>Otomobilin \u00e7arpt\u0131\u011f\u0131 motosikletli t\u0131p fak\u00fcltesi \u00f6\u011frencisi hayat\u0131n\u0131 kaybetti - Memurun Sesi<\/title>\n<meta name=\"description\" content=\"Kayseri\u2019nin Talas il\u00e7esinde meydana gelen trafik kazas\u0131nda otomobil s\u00fcr\u00fcc\u00fcs\u00fcn\u00fcn \u00e7arpt\u0131\u011f\u0131 motosikletli t\u0131p fak\u00fcltesi \u00f6\u011frencisi k\u0131z hayat\u0131n\u0131 kaybetti. Feci kaza g\u00fcvenlik kameralar\u0131 ile anbean kaydedildi.\" \/>\n<meta name=\"robots\" content=\"index, follow, max-snippet:-1, max-image-preview:large, max-video-preview:-1\" \/>\n<link rel=\"canonical\" href=\"https:\/\/memurunsesi.net\/index.php\/2026\/03\/21\/otomobilin-carptigi-motosikletli-tip-fakultesi-ogrencisi-hayatini-kaybetti\/\" \/>\n<meta property=\"og:locale\" content=\"tr_TR\" \/>\n<meta property=\"og:type\" content=\"article\" \/>\n<meta property=\"og:title\" content=\"Otomobilin \u00e7arpt\u0131\u011f\u0131 motosikletli t\u0131p fak\u00fcltesi \u00f6\u011frencisi hayat\u0131n\u0131 kaybetti - Memurun Sesi\" \/>\n<meta property=\"og:description\" content=\"Kayseri\u2019nin Talas il\u00e7esinde meydana gelen trafik kazas\u0131nda otomobil s\u00fcr\u00fcc\u00fcs\u00fcn\u00fcn \u00e7arpt\u0131\u011f\u0131 motosikletli t\u0131p fak\u00fcltesi \u00f6\u011frencisi k\u0131z hayat\u0131n\u0131 kaybetti. Feci kaza g\u00fcvenlik kameralar\u0131 ile anbean kaydedildi.\" \/>\n<meta property=\"og:url\" content=\"https:\/\/memurunsesi.net\/index.php\/2026\/03\/21\/otomobilin-carptigi-motosikletli-tip-fakultesi-ogrencisi-hayatini-kaybetti\/\" \/>\n<meta property=\"og:site_name\" content=\"Memurun Sesi\" \/>\n<meta property=\"article:publisher\" content=\"https:\/\/www.facebook.com\/unipersen\/?locale=tr_TR\" \/>\n<meta property=\"article:published_time\" content=\"2026-03-21T07:15:14+00:00\" \/>\n<meta property=\"og:image\" content=\"https:\/\/memurunsesi.net\/wp-content\/uploads\/2026\/03\/tip-ogrencisi.jpg\" \/>\n\t<meta property=\"og:image:width\" content=\"573\" \/>\n\t<meta property=\"og:image:height\" content=\"709\" \/>\n\t<meta property=\"og:image:type\" content=\"image\/jpeg\" \/>\n<meta name=\"author\" content=\"Memurun Sesi Haber Merkezi\" \/>\n<meta name=\"twitter:card\" content=\"summary_large_image\" \/>\n<meta name=\"twitter:creator\" content=\"@unipersen\" \/>\n<meta name=\"twitter:site\" content=\"@unipersen\" \/>\n<meta name=\"twitter:label1\" content=\"Yazan:\" \/>\n\t<meta name=\"twitter:data1\" content=\"Memurun Sesi Haber Merkezi\" \/>\n\t<meta name=\"twitter:label2\" content=\"Tahmini okuma s\u00fcresi\" \/>\n\t<meta name=\"twitter:data2\" content=\"1 dakika\" \/>\n<script type=\"application\/ld+json\" class=\"yoast-schema-graph\">{\"@context\":\"https:\\\/\\\/schema.org\",\"@graph\":[{\"@type\":\"Article\",\"@id\":\"https:\\\/\\\/memurunsesi.net\\\/index.php\\\/2026\\\/03\\\/21\\\/otomobilin-carptigi-motosikletli-tip-fakultesi-ogrencisi-hayatini-kaybetti\\\/#article\",\"isPartOf\":{\"@id\":\"https:\\\/\\\/memurunsesi.net\\\/index.php\\\/2026\\\/03\\\/21\\\/otomobilin-carptigi-motosikletli-tip-fakultesi-ogrencisi-hayatini-kaybetti\\\/\"},\"author\":{\"name\":\"Memurun Sesi Haber Merkezi\",\"@id\":\"https:\\\/\\\/memurunsesi.net\\\/#\\\/schema\\\/person\\\/f21c2d73b89f6ee1d80b0a1803e38587\"},\"headline\":\"Otomobilin \u00e7arpt\u0131\u011f\u0131 motosikletli t\u0131p fak\u00fcltesi \u00f6\u011frencisi hayat\u0131n\u0131 kaybetti\",\"datePublished\":\"2026-03-21T07:15:14+00:00\",\"mainEntityOfPage\":{\"@id\":\"https:\\\/\\\/memurunsesi.net\\\/index.php\\\/2026\\\/03\\\/21\\\/otomobilin-carptigi-motosikletli-tip-fakultesi-ogrencisi-hayatini-kaybetti\\\/\"},\"wordCount\":172,\"commentCount\":0,\"publisher\":{\"@id\":\"https:\\\/\\\/memurunsesi.net\\\/#organization\"},\"image\":{\"@id\":\"https:\\\/\\\/memurunsesi.net\\\/index.php\\\/2026\\\/03\\\/21\\\/otomobilin-carptigi-motosikletli-tip-fakultesi-ogrencisi-hayatini-kaybetti\\\/#primaryimage\"},\"thumbnailUrl\":\"https:\\\/\\\/memurunsesi.net\\\/wp-content\\\/uploads\\\/2026\\\/03\\\/tip-ogrencisi.jpg\",\"keywords\":[\"22 ya\u015f\u0131nda hayata veda etti\",\"feci kaza\",\"hayata veda etti\",\"kameralarda\",\"motorlu k\u0131az \u00f6\u011frenci\",\"otomobil \u00e7arpt\u0131\",\"t\u0131p \u00f6\u011frencisi ac\u0131 \u00f6l\u00fcm\u00fc\"],\"inLanguage\":\"tr\",\"potentialAction\":[{\"@type\":\"CommentAction\",\"name\":\"Comment\",\"target\":[\"https:\\\/\\\/memurunsesi.net\\\/index.php\\\/2026\\\/03\\\/21\\\/otomobilin-carptigi-motosikletli-tip-fakultesi-ogrencisi-hayatini-kaybetti\\\/#respond\"]}]},{\"@type\":\"WebPage\",\"@id\":\"https:\\\/\\\/memurunsesi.net\\\/index.php\\\/2026\\\/03\\\/21\\\/otomobilin-carptigi-motosikletli-tip-fakultesi-ogrencisi-hayatini-kaybetti\\\/\",\"url\":\"https:\\\/\\\/memurunsesi.net\\\/index.php\\\/2026\\\/03\\\/21\\\/otomobilin-carptigi-motosikletli-tip-fakultesi-ogrencisi-hayatini-kaybetti\\\/\",\"name\":\"Otomobilin \u00e7arpt\u0131\u011f\u0131 motosikletli t\u0131p fak\u00fcltesi \u00f6\u011frencisi hayat\u0131n\u0131 kaybetti - Memurun Sesi\",\"isPartOf\":{\"@id\":\"https:\\\/\\\/memurunsesi.net\\\/#website\"},\"primaryImageOfPage\":{\"@id\":\"https:\\\/\\\/memurunsesi.net\\\/index.php\\\/2026\\\/03\\\/21\\\/otomobilin-carptigi-motosikletli-tip-fakultesi-ogrencisi-hayatini-kaybetti\\\/#primaryimage\"},\"image\":{\"@id\":\"https:\\\/\\\/memurunsesi.net\\\/index.php\\\/2026\\\/03\\\/21\\\/otomobilin-carptigi-motosikletli-tip-fakultesi-ogrencisi-hayatini-kaybetti\\\/#primaryimage\"},\"thumbnailUrl\":\"https:\\\/\\\/memurunsesi.net\\\/wp-content\\\/uploads\\\/2026\\\/03\\\/tip-ogrencisi.jpg\",\"datePublished\":\"2026-03-21T07:15:14+00:00\",\"description\":\"Kayseri\u2019nin Talas il\u00e7esinde meydana gelen trafik kazas\u0131nda otomobil s\u00fcr\u00fcc\u00fcs\u00fcn\u00fcn \u00e7arpt\u0131\u011f\u0131 motosikletli t\u0131p fak\u00fcltesi \u00f6\u011frencisi k\u0131z hayat\u0131n\u0131 kaybetti. Feci kaza g\u00fcvenlik kameralar\u0131 ile anbean kaydedildi.\",\"breadcrumb\":{\"@id\":\"https:\\\/\\\/memurunsesi.net\\\/index.php\\\/2026\\\/03\\\/21\\\/otomobilin-carptigi-motosikletli-tip-fakultesi-ogrencisi-hayatini-kaybetti\\\/#breadcrumb\"},\"inLanguage\":\"tr\",\"potentialAction\":[{\"@type\":\"ReadAction\",\"target\":[\"https:\\\/\\\/memurunsesi.net\\\/index.php\\\/2026\\\/03\\\/21\\\/otomobilin-carptigi-motosikletli-tip-fakultesi-ogrencisi-hayatini-kaybetti\\\/\"]}]},{\"@type\":\"ImageObject\",\"inLanguage\":\"tr\",\"@id\":\"https:\\\/\\\/memurunsesi.net\\\/index.php\\\/2026\\\/03\\\/21\\\/otomobilin-carptigi-motosikletli-tip-fakultesi-ogrencisi-hayatini-kaybetti\\\/#primaryimage\",\"url\":\"https:\\\/\\\/memurunsesi.net\\\/wp-content\\\/uploads\\\/2026\\\/03\\\/tip-ogrencisi.jpg\",\"contentUrl\":\"https:\\\/\\\/memurunsesi.net\\\/wp-content\\\/uploads\\\/2026\\\/03\\\/tip-ogrencisi.jpg\",\"width\":573,\"height\":709,\"caption\":\"KAYSER\u0130'N\u0130N TALAS \u0130L\u00c7ES\u0130NDE MEYDANA GELEN TRAF\u0130K KAZASINDA OTOMOB\u0130L S\u00dcR\u00dcC\u00dcS\u00dcN\u00dcN \u00c7ARPTI\u011eI MOTOS\u0130KLETL\u0130 TIP \u00d6\u011eRENC\u0130S\u0130 KIZ HAYATINI KAYBETT\u0130. FEC\u0130 KAZA G\u00dcVENL\u0130K KAMERALARINCA ANBEAN KAYDED\u0130LD\u0130. (M\u00dcKREM\u0130N KAYA\\\/KAYSER\u0130-\u0130HA) Kayseri'nin Talas il\u00e7esinde meydana gelen trafik kazas\u0131nda otomobil s\u00fcr\u00fcc\u00fcs\u00fcn\u00fcn \u00e7arpt\u0131\u011f\u0131 motosikletli t\u0131p fak\u00fcltesi \u00f6\u011frencisi k\u0131z hayat\u0131n\u0131 kaybetti. Feci kaza g\u00fcvenlik kameralar\u0131 ile anbean kaydedildi.\"},{\"@type\":\"BreadcrumbList\",\"@id\":\"https:\\\/\\\/memurunsesi.net\\\/index.php\\\/2026\\\/03\\\/21\\\/otomobilin-carptigi-motosikletli-tip-fakultesi-ogrencisi-hayatini-kaybetti\\\/#breadcrumb\",\"itemListElement\":[{\"@type\":\"ListItem\",\"position\":1,\"name\":\"Anasayfa\",\"item\":\"https:\\\/\\\/memurunsesi.net\\\/\"},{\"@type\":\"ListItem\",\"position\":2,\"name\":\"Otomobilin \u00e7arpt\u0131\u011f\u0131 motosikletli t\u0131p fak\u00fcltesi \u00f6\u011frencisi hayat\u0131n\u0131 kaybetti\"}]},{\"@type\":\"WebSite\",\"@id\":\"https:\\\/\\\/memurunsesi.net\\\/#website\",\"url\":\"https:\\\/\\\/memurunsesi.net\\\/\",\"name\":\"Memurun Sesi\",\"description\":\"G\u00fcncel ve Do\u011fru Haber\",\"publisher\":{\"@id\":\"https:\\\/\\\/memurunsesi.net\\\/#organization\"},\"potentialAction\":[{\"@type\":\"SearchAction\",\"target\":{\"@type\":\"EntryPoint\",\"urlTemplate\":\"https:\\\/\\\/memurunsesi.net\\\/?s={search_term_string}\"},\"query-input\":{\"@type\":\"PropertyValueSpecification\",\"valueRequired\":true,\"valueName\":\"search_term_string\"}}],\"inLanguage\":\"tr\"},{\"@type\":\"Organization\",\"@id\":\"https:\\\/\\\/memurunsesi.net\\\/#organization\",\"name\":\"Memurun Sesi\",\"url\":\"https:\\\/\\\/memurunsesi.net\\\/\",\"logo\":{\"@type\":\"ImageObject\",\"inLanguage\":\"tr\",\"@id\":\"https:\\\/\\\/memurunsesi.net\\\/#\\\/schema\\\/logo\\\/image\\\/\",\"url\":\"https:\\\/\\\/memurunsesi.net\\\/wp-content\\\/uploads\\\/2025\\\/11\\\/cropped-MEMURUN-SESI.png\",\"contentUrl\":\"https:\\\/\\\/memurunsesi.net\\\/wp-content\\\/uploads\\\/2025\\\/11\\\/cropped-MEMURUN-SESI.png\",\"width\":238,\"height\":57,\"caption\":\"Memurun Sesi\"},\"image\":{\"@id\":\"https:\\\/\\\/memurunsesi.net\\\/#\\\/schema\\\/logo\\\/image\\\/\"},\"sameAs\":[\"https:\\\/\\\/www.facebook.com\\\/unipersen\\\/?locale=tr_TR\",\"https:\\\/\\\/x.com\\\/unipersen\"]},{\"@type\":\"Person\",\"@id\":\"https:\\\/\\\/memurunsesi.net\\\/#\\\/schema\\\/person\\\/f21c2d73b89f6ee1d80b0a1803e38587\",\"name\":\"Memurun Sesi Haber Merkezi\",\"image\":{\"@type\":\"ImageObject\",\"inLanguage\":\"tr\",\"@id\":\"https:\\\/\\\/secure.gravatar.com\\\/avatar\\\/6cf0505f452ee753f485014986fab09a434671d2b919ee76fc541025c5876a70?s=96&d=mm&r=g\",\"url\":\"https:\\\/\\\/secure.gravatar.com\\\/avatar\\\/6cf0505f452ee753f485014986fab09a434671d2b919ee76fc541025c5876a70?s=96&d=mm&r=g\",\"contentUrl\":\"https:\\\/\\\/secure.gravatar.com\\\/avatar\\\/6cf0505f452ee753f485014986fab09a434671d2b919ee76fc541025c5876a70?s=96&d=mm&r=g\",\"caption\":\"Memurun Sesi Haber Merkezi\"},\"sameAs\":[\"https:\\\/\\\/memurunsesi.net\"],\"url\":\"https:\\\/\\\/memurunsesi.net\\\/index.php\\\/author\\\/uniper\\\/\"}]}<\/script>\n<!-- \/ Yoast SEO plugin. -->","yoast_head_json":{"title":"Otomobilin \u00e7arpt\u0131\u011f\u0131 motosikletli t\u0131p fak\u00fcltesi \u00f6\u011frencisi hayat\u0131n\u0131 kaybetti - Memurun Sesi","description":"Kayseri\u2019nin Talas il\u00e7esinde meydana gelen trafik kazas\u0131nda otomobil s\u00fcr\u00fcc\u00fcs\u00fcn\u00fcn \u00e7arpt\u0131\u011f\u0131 motosikletli t\u0131p fak\u00fcltesi \u00f6\u011frencisi k\u0131z hayat\u0131n\u0131 kaybetti. Feci kaza g\u00fcvenlik kameralar\u0131 ile anbean kaydedildi.","robots":{"index":"index","follow":"follow","max-snippet":"max-snippet:-1","max-image-preview":"max-image-preview:large","max-video-preview":"max-video-preview:-1"},"canonical":"https:\/\/memurunsesi.net\/index.php\/2026\/03\/21\/otomobilin-carptigi-motosikletli-tip-fakultesi-ogrencisi-hayatini-kaybetti\/","og_locale":"tr_TR","og_type":"article","og_title":"Otomobilin \u00e7arpt\u0131\u011f\u0131 motosikletli t\u0131p fak\u00fcltesi \u00f6\u011frencisi hayat\u0131n\u0131 kaybetti - Memurun Sesi","og_description":"Kayseri\u2019nin Talas il\u00e7esinde meydana gelen trafik kazas\u0131nda otomobil s\u00fcr\u00fcc\u00fcs\u00fcn\u00fcn \u00e7arpt\u0131\u011f\u0131 motosikletli t\u0131p fak\u00fcltesi \u00f6\u011frencisi k\u0131z hayat\u0131n\u0131 kaybetti. Feci kaza g\u00fcvenlik kameralar\u0131 ile anbean kaydedildi.","og_url":"https:\/\/memurunsesi.net\/index.php\/2026\/03\/21\/otomobilin-carptigi-motosikletli-tip-fakultesi-ogrencisi-hayatini-kaybetti\/","og_site_name":"Memurun Sesi","article_publisher":"https:\/\/www.facebook.com\/unipersen\/?locale=tr_TR","article_published_time":"2026-03-21T07:15:14+00:00","og_image":[{"width":573,"height":709,"url":"https:\/\/memurunsesi.net\/wp-content\/uploads\/2026\/03\/tip-ogrencisi.jpg","type":"image\/jpeg"}],"author":"Memurun Sesi Haber Merkezi","twitter_card":"summary_large_image","twitter_creator":"@unipersen","twitter_site":"@unipersen","twitter_misc":{"Yazan:":"Memurun Sesi Haber Merkezi","Tahmini okuma s\u00fcresi":"1 dakika"},"schema":{"@context":"https:\/\/schema.org","@graph":[{"@type":"Article","@id":"https:\/\/memurunsesi.net\/index.php\/2026\/03\/21\/otomobilin-carptigi-motosikletli-tip-fakultesi-ogrencisi-hayatini-kaybetti\/#article","isPartOf":{"@id":"https:\/\/memurunsesi.net\/index.php\/2026\/03\/21\/otomobilin-carptigi-motosikletli-tip-fakultesi-ogrencisi-hayatini-kaybetti\/"},"author":{"name":"Memurun Sesi Haber Merkezi","@id":"https:\/\/memurunsesi.net\/#\/schema\/person\/f21c2d73b89f6ee1d80b0a1803e38587"},"headline":"Otomobilin \u00e7arpt\u0131\u011f\u0131 motosikletli t\u0131p fak\u00fcltesi \u00f6\u011frencisi hayat\u0131n\u0131 kaybetti","datePublished":"2026-03-21T07:15:14+00:00","mainEntityOfPage":{"@id":"https:\/\/memurunsesi.net\/index.php\/2026\/03\/21\/otomobilin-carptigi-motosikletli-tip-fakultesi-ogrencisi-hayatini-kaybetti\/"},"wordCount":172,"commentCount":0,"publisher":{"@id":"https:\/\/memurunsesi.net\/#organization"},"image":{"@id":"https:\/\/memurunsesi.net\/index.php\/2026\/03\/21\/otomobilin-carptigi-motosikletli-tip-fakultesi-ogrencisi-hayatini-kaybetti\/#primaryimage"},"thumbnailUrl":"https:\/\/memurunsesi.net\/wp-content\/uploads\/2026\/03\/tip-ogrencisi.jpg","keywords":["22 ya\u015f\u0131nda hayata veda etti","feci kaza","hayata veda etti","kameralarda","motorlu k\u0131az \u00f6\u011frenci","otomobil \u00e7arpt\u0131","t\u0131p \u00f6\u011frencisi ac\u0131 \u00f6l\u00fcm\u00fc"],"inLanguage":"tr","potentialAction":[{"@type":"CommentAction","name":"Comment","target":["https:\/\/memurunsesi.net\/index.php\/2026\/03\/21\/otomobilin-carptigi-motosikletli-tip-fakultesi-ogrencisi-hayatini-kaybetti\/#respond"]}]},{"@type":"WebPage","@id":"https:\/\/memurunsesi.net\/index.php\/2026\/03\/21\/otomobilin-carptigi-motosikletli-tip-fakultesi-ogrencisi-hayatini-kaybetti\/","url":"https:\/\/memurunsesi.net\/index.php\/2026\/03\/21\/otomobilin-carptigi-motosikletli-tip-fakultesi-ogrencisi-hayatini-kaybetti\/","name":"Otomobilin \u00e7arpt\u0131\u011f\u0131 motosikletli t\u0131p fak\u00fcltesi \u00f6\u011frencisi hayat\u0131n\u0131 kaybetti - Memurun Sesi","isPartOf":{"@id":"https:\/\/memurunsesi.net\/#website"},"primaryImageOfPage":{"@id":"https:\/\/memurunsesi.net\/index.php\/2026\/03\/21\/otomobilin-carptigi-motosikletli-tip-fakultesi-ogrencisi-hayatini-kaybetti\/#primaryimage"},"image":{"@id":"https:\/\/memurunsesi.net\/index.php\/2026\/03\/21\/otomobilin-carptigi-motosikletli-tip-fakultesi-ogrencisi-hayatini-kaybetti\/#primaryimage"},"thumbnailUrl":"https:\/\/memurunsesi.net\/wp-content\/uploads\/2026\/03\/tip-ogrencisi.jpg","datePublished":"2026-03-21T07:15:14+00:00","description":"Kayseri\u2019nin Talas il\u00e7esinde meydana gelen trafik kazas\u0131nda otomobil s\u00fcr\u00fcc\u00fcs\u00fcn\u00fcn \u00e7arpt\u0131\u011f\u0131 motosikletli t\u0131p fak\u00fcltesi \u00f6\u011frencisi k\u0131z hayat\u0131n\u0131 kaybetti. Feci kaza g\u00fcvenlik kameralar\u0131 ile anbean kaydedildi.","breadcrumb":{"@id":"https:\/\/memurunsesi.net\/index.php\/2026\/03\/21\/otomobilin-carptigi-motosikletli-tip-fakultesi-ogrencisi-hayatini-kaybetti\/#breadcrumb"},"inLanguage":"tr","potentialAction":[{"@type":"ReadAction","target":["https:\/\/memurunsesi.net\/index.php\/2026\/03\/21\/otomobilin-carptigi-motosikletli-tip-fakultesi-ogrencisi-hayatini-kaybetti\/"]}]},{"@type":"ImageObject","inLanguage":"tr","@id":"https:\/\/memurunsesi.net\/index.php\/2026\/03\/21\/otomobilin-carptigi-motosikletli-tip-fakultesi-ogrencisi-hayatini-kaybetti\/#primaryimage","url":"https:\/\/memurunsesi.net\/wp-content\/uploads\/2026\/03\/tip-ogrencisi.jpg","contentUrl":"https:\/\/memurunsesi.net\/wp-content\/uploads\/2026\/03\/tip-ogrencisi.jpg","width":573,"height":709,"caption":"KAYSER\u0130'N\u0130N TALAS \u0130L\u00c7ES\u0130NDE MEYDANA GELEN TRAF\u0130K KAZASINDA OTOMOB\u0130L S\u00dcR\u00dcC\u00dcS\u00dcN\u00dcN \u00c7ARPTI\u011eI MOTOS\u0130KLETL\u0130 TIP \u00d6\u011eRENC\u0130S\u0130 KIZ HAYATINI KAYBETT\u0130. FEC\u0130 KAZA G\u00dcVENL\u0130K KAMERALARINCA ANBEAN KAYDED\u0130LD\u0130. (M\u00dcKREM\u0130N KAYA\/KAYSER\u0130-\u0130HA) Kayseri'nin Talas il\u00e7esinde meydana gelen trafik kazas\u0131nda otomobil s\u00fcr\u00fcc\u00fcs\u00fcn\u00fcn \u00e7arpt\u0131\u011f\u0131 motosikletli t\u0131p fak\u00fcltesi \u00f6\u011frencisi k\u0131z hayat\u0131n\u0131 kaybetti. Feci kaza g\u00fcvenlik kameralar\u0131 ile anbean kaydedildi."},{"@type":"BreadcrumbList","@id":"https:\/\/memurunsesi.net\/index.php\/2026\/03\/21\/otomobilin-carptigi-motosikletli-tip-fakultesi-ogrencisi-hayatini-kaybetti\/#breadcrumb","itemListElement":[{"@type":"ListItem","position":1,"name":"Anasayfa","item":"https:\/\/memurunsesi.net\/"},{"@type":"ListItem","position":2,"name":"Otomobilin \u00e7arpt\u0131\u011f\u0131 motosikletli t\u0131p fak\u00fcltesi \u00f6\u011frencisi hayat\u0131n\u0131 kaybetti"}]},{"@type":"WebSite","@id":"https:\/\/memurunsesi.net\/#website","url":"https:\/\/memurunsesi.net\/","name":"Memurun Sesi","description":"G\u00fcncel ve Do\u011fru Haber","publisher":{"@id":"https:\/\/memurunsesi.net\/#organization"},"potentialAction":[{"@type":"SearchAction","target":{"@type":"EntryPoint","urlTemplate":"https:\/\/memurunsesi.net\/?s={search_term_string}"},"query-input":{"@type":"PropertyValueSpecification","valueRequired":true,"valueName":"search_term_string"}}],"inLanguage":"tr"},{"@type":"Organization","@id":"https:\/\/memurunsesi.net\/#organization","name":"Memurun Sesi","url":"https:\/\/memurunsesi.net\/","logo":{"@type":"ImageObject","inLanguage":"tr","@id":"https:\/\/memurunsesi.net\/#\/schema\/logo\/image\/","url":"https:\/\/memurunsesi.net\/wp-content\/uploads\/2025\/11\/cropped-MEMURUN-SESI.png","contentUrl":"https:\/\/memurunsesi.net\/wp-content\/uploads\/2025\/11\/cropped-MEMURUN-SESI.png","width":238,"height":57,"caption":"Memurun Sesi"},"image":{"@id":"https:\/\/memurunsesi.net\/#\/schema\/logo\/image\/"},"sameAs":["https:\/\/www.facebook.com\/unipersen\/?locale=tr_TR","https:\/\/x.com\/unipersen"]},{"@type":"Person","@id":"https:\/\/memurunsesi.net\/#\/schema\/person\/f21c2d73b89f6ee1d80b0a1803e38587","name":"Memurun Sesi Haber Merkezi","image":{"@type":"ImageObject","inLanguage":"tr","@id":"https:\/\/secure.gravatar.com\/avatar\/6cf0505f452ee753f485014986fab09a434671d2b919ee76fc541025c5876a70?s=96&d=mm&r=g","url":"https:\/\/secure.gravatar.com\/avatar\/6cf0505f452ee753f485014986fab09a434671d2b919ee76fc541025c5876a70?s=96&d=mm&r=g","contentUrl":"https:\/\/secure.gravatar.com\/avatar\/6cf0505f452ee753f485014986fab09a434671d2b919ee76fc541025c5876a70?s=96&d=mm&r=g","caption":"Memurun Sesi Haber Merkezi"},"sameAs":["https:\/\/memurunsesi.net"],"url":"https:\/\/memurunsesi.net\/index.php\/author\/uniper\/"}]}},"_links":{"self":[{"href":"https:\/\/memurunsesi.net\/index.php\/wp-json\/wp\/v2\/posts\/18519","targetHints":{"allow":["GET"]}}],"collection":[{"href":"https:\/\/memurunsesi.net\/index.php\/wp-json\/wp\/v2\/posts"}],"about":[{"href":"https:\/\/memurunsesi.net\/index.php\/wp-json\/wp\/v2\/types\/post"}],"author":[{"embeddable":true,"href":"https:\/\/memurunsesi.net\/index.php\/wp-json\/wp\/v2\/users\/1"}],"replies":[{"embeddable":true,"href":"https:\/\/memurunsesi.net\/index.php\/wp-json\/wp\/v2\/comments?post=18519"}],"version-history":[{"count":1,"href":"https:\/\/memurunsesi.net\/index.php\/wp-json\/wp\/v2\/posts\/18519\/revisions"}],"predecessor-version":[{"id":18522,"href":"https:\/\/memurunsesi.net\/index.php\/wp-json\/wp\/v2\/posts\/18519\/revisions\/18522"}],"wp:featuredmedia":[{"embeddable":true,"href":"https:\/\/memurunsesi.net\/index.php\/wp-json\/wp\/v2\/media\/18520"}],"wp:attachment":[{"href":"https:\/\/memurunsesi.net\/index.php\/wp-json\/wp\/v2\/media?parent=18519"}],"wp:term":[{"taxonomy":"category","embeddable":true,"href":"https:\/\/memurunsesi.net\/index.php\/wp-json\/wp\/v2\/categories?post=18519"},{"taxonomy":"post_tag","embeddable":true,"href":"https:\/\/memurunsesi.net\/index.php\/wp-json\/wp\/v2\/tags?post=18519"}],"curies":[{"name":"wp","href":"https:\/\/api.w.org\/{rel}","templated":true}]}}