{"id":18574,"date":"2026-03-23T08:51:40","date_gmt":"2026-03-23T05:51:40","guid":{"rendered":"https:\/\/memurunsesi.net\/?p=18574"},"modified":"2026-03-23T08:51:40","modified_gmt":"2026-03-23T05:51:40","slug":"asker-eglencesinde-silahla-vuruldu","status":"publish","type":"post","link":"https:\/\/memurunsesi.net\/index.php\/2026\/03\/23\/asker-eglencesinde-silahla-vuruldu\/","title":{"rendered":"Asker e\u011flencesinde silahla vuruldu"},"content":{"rendered":"<p>\u00c7orum\u2019da bir gen\u00e7, kendisi i\u00e7in d\u00fczenlenen asker e\u011flencesi s\u0131ras\u0131nda tabancayla vurularak yaraland\u0131.<br \/>\nOlay, G\u00fclabibey Mahallesi Kapakl\u0131 1. Cadde \u00fczerinde meydana geldi. Edinilen bilgiye g\u00f6re, vatani g\u00f6revini yapmak \u00fczere askere gidecek olan R.Y. i\u00e7in mahallede asker e\u011flencesi d\u00fczenlendi. E\u011flence esnas\u0131nda, R.Y., kimli\u011fi hen\u00fcz belirlenemeyen bir \u015fah\u0131s taraf\u0131ndan tabancayla baca\u011f\u0131ndan vurularak yaraland\u0131. Yaral\u0131 gen\u00e7 arkada\u015flar\u0131n\u0131n yard\u0131m\u0131yla ilk olarak Hasan Pa\u015fa Devlet Hastanesi\u2019ne kald\u0131r\u0131ld\u0131. Acil serviste ilk m\u00fcdahalesi yap\u0131ld\u0131ktan sonra Hitit \u00dcniversitesi Erol Ol\u00e7ok E\u011fitim ve Ara\u015ft\u0131rma Hastanesi\u2019ne sevk edildi.<br \/>\nOlay yerinde incelemelerde bulunan ekipler, \u00e7ok say\u0131da bo\u015f ve dolu tabanca kovanlar\u0131 tespit etti.<br \/>\nPolis ekipleri \u015f\u00fcpheli \u015fahs\u0131n yakalanmas\u0131 i\u00e7in \u00e7al\u0131\u015fma ba\u015flatt\u0131.<\/p>\n<p>23.03.2026<\/p>\n","protected":false},"excerpt":{"rendered":"<p>\u00c7orum\u2019da bir gen\u00e7, kendisi i\u00e7in d\u00fczenlenen asker e\u011flencesi s\u0131ras\u0131nda tabancayla vurularak yaraland\u0131. Olay, G\u00fclabibey Mahallesi Kapakl\u0131 1. Cadde \u00fczerinde meydana geldi. Edinilen bilgiye g\u00f6re, vatani g\u00f6revini yapmak \u00fczere askere gidecek olan R.Y. i\u00e7in mahallede asker e\u011flencesi d\u00fczenlendi. E\u011flence esnas\u0131nda, R.Y., kimli\u011fi hen\u00fcz belirlenemeyen bir \u015fah\u0131s taraf\u0131ndan tabancayla baca\u011f\u0131ndan vurularak yaraland\u0131. Yaral\u0131 gen\u00e7 arkada\u015flar\u0131n\u0131n yard\u0131m\u0131yla ilk [&hellip;]<\/p>\n","protected":false},"author":1,"featured_media":18575,"comment_status":"open","ping_status":"open","sticky":false,"template":"","format":"standard","meta":{"footnotes":""},"categories":[50],"tags":[2377,315,410],"class_list":["post-18574","post","type-post","status-publish","format-standard","has-post-thumbnail","hentry","category-tum-haberler","tag-asker-eglencesi","tag-tabanca","tag-yaralama"],"yoast_head":"<!-- This site is optimized with the Yoast SEO plugin v27.4 - https:\/\/yoast.com\/product\/yoast-seo-wordpress\/ -->\n<title>Asker e\u011flencesinde silahla vuruldu - Memurun Sesi<\/title>\n<meta name=\"description\" content=\"\u00a0\u00c7orum\u2019da bir gen\u00e7, kendisi i\u00e7in d\u00fczenlenen asker e\u011flencesi s\u0131ras\u0131nda tabancayla vurularak yaraland\u0131.\" \/>\n<meta name=\"robots\" content=\"index, follow, max-snippet:-1, max-image-preview:large, max-video-preview:-1\" \/>\n<link rel=\"canonical\" href=\"https:\/\/memurunsesi.net\/index.php\/2026\/03\/23\/asker-eglencesinde-silahla-vuruldu\/\" \/>\n<meta property=\"og:locale\" content=\"tr_TR\" \/>\n<meta property=\"og:type\" content=\"article\" \/>\n<meta property=\"og:title\" content=\"Asker e\u011flencesinde silahla vuruldu - Memurun Sesi\" \/>\n<meta property=\"og:description\" content=\"\u00a0\u00c7orum\u2019da bir gen\u00e7, kendisi i\u00e7in d\u00fczenlenen asker e\u011flencesi s\u0131ras\u0131nda tabancayla vurularak yaraland\u0131.\" \/>\n<meta property=\"og:url\" content=\"https:\/\/memurunsesi.net\/index.php\/2026\/03\/23\/asker-eglencesinde-silahla-vuruldu\/\" \/>\n<meta property=\"og:site_name\" content=\"Memurun Sesi\" \/>\n<meta property=\"article:publisher\" content=\"https:\/\/www.facebook.com\/unipersen\/?locale=tr_TR\" \/>\n<meta property=\"article:published_time\" content=\"2026-03-23T05:51:40+00:00\" \/>\n<meta property=\"og:image\" content=\"https:\/\/memurunsesi.net\/wp-content\/uploads\/2026\/03\/asker.jpg\" \/>\n\t<meta property=\"og:image:width\" content=\"1188\" \/>\n\t<meta property=\"og:image:height\" content=\"692\" \/>\n\t<meta property=\"og:image:type\" content=\"image\/jpeg\" \/>\n<meta name=\"author\" content=\"Memurun Sesi Haber Merkezi\" \/>\n<meta name=\"twitter:card\" content=\"summary_large_image\" \/>\n<meta name=\"twitter:creator\" content=\"@unipersen\" \/>\n<meta name=\"twitter:site\" content=\"@unipersen\" \/>\n<meta name=\"twitter:label1\" content=\"Yazan:\" \/>\n\t<meta name=\"twitter:data1\" content=\"Memurun Sesi Haber Merkezi\" \/>\n\t<meta name=\"twitter:label2\" content=\"Tahmini okuma s\u00fcresi\" \/>\n\t<meta name=\"twitter:data2\" content=\"1 dakika\" \/>\n<script type=\"application\/ld+json\" class=\"yoast-schema-graph\">{\"@context\":\"https:\\\/\\\/schema.org\",\"@graph\":[{\"@type\":\"Article\",\"@id\":\"https:\\\/\\\/memurunsesi.net\\\/index.php\\\/2026\\\/03\\\/23\\\/asker-eglencesinde-silahla-vuruldu\\\/#article\",\"isPartOf\":{\"@id\":\"https:\\\/\\\/memurunsesi.net\\\/index.php\\\/2026\\\/03\\\/23\\\/asker-eglencesinde-silahla-vuruldu\\\/\"},\"author\":{\"name\":\"Memurun Sesi Haber Merkezi\",\"@id\":\"https:\\\/\\\/memurunsesi.net\\\/#\\\/schema\\\/person\\\/f21c2d73b89f6ee1d80b0a1803e38587\"},\"headline\":\"Asker e\u011flencesinde silahla vuruldu\",\"datePublished\":\"2026-03-23T05:51:40+00:00\",\"mainEntityOfPage\":{\"@id\":\"https:\\\/\\\/memurunsesi.net\\\/index.php\\\/2026\\\/03\\\/23\\\/asker-eglencesinde-silahla-vuruldu\\\/\"},\"wordCount\":146,\"commentCount\":0,\"publisher\":{\"@id\":\"https:\\\/\\\/memurunsesi.net\\\/#organization\"},\"image\":{\"@id\":\"https:\\\/\\\/memurunsesi.net\\\/index.php\\\/2026\\\/03\\\/23\\\/asker-eglencesinde-silahla-vuruldu\\\/#primaryimage\"},\"thumbnailUrl\":\"https:\\\/\\\/memurunsesi.net\\\/wp-content\\\/uploads\\\/2026\\\/03\\\/asker.jpg\",\"keywords\":[\"asker e\u011flencesi\",\"tabanca\",\"yaralama\"],\"articleSection\":[\"T\u00fcm Haberler\"],\"inLanguage\":\"tr\",\"potentialAction\":[{\"@type\":\"CommentAction\",\"name\":\"Comment\",\"target\":[\"https:\\\/\\\/memurunsesi.net\\\/index.php\\\/2026\\\/03\\\/23\\\/asker-eglencesinde-silahla-vuruldu\\\/#respond\"]}]},{\"@type\":\"WebPage\",\"@id\":\"https:\\\/\\\/memurunsesi.net\\\/index.php\\\/2026\\\/03\\\/23\\\/asker-eglencesinde-silahla-vuruldu\\\/\",\"url\":\"https:\\\/\\\/memurunsesi.net\\\/index.php\\\/2026\\\/03\\\/23\\\/asker-eglencesinde-silahla-vuruldu\\\/\",\"name\":\"Asker e\u011flencesinde silahla vuruldu - Memurun Sesi\",\"isPartOf\":{\"@id\":\"https:\\\/\\\/memurunsesi.net\\\/#website\"},\"primaryImageOfPage\":{\"@id\":\"https:\\\/\\\/memurunsesi.net\\\/index.php\\\/2026\\\/03\\\/23\\\/asker-eglencesinde-silahla-vuruldu\\\/#primaryimage\"},\"image\":{\"@id\":\"https:\\\/\\\/memurunsesi.net\\\/index.php\\\/2026\\\/03\\\/23\\\/asker-eglencesinde-silahla-vuruldu\\\/#primaryimage\"},\"thumbnailUrl\":\"https:\\\/\\\/memurunsesi.net\\\/wp-content\\\/uploads\\\/2026\\\/03\\\/asker.jpg\",\"datePublished\":\"2026-03-23T05:51:40+00:00\",\"description\":\"\u00a0\u00c7orum\u2019da bir gen\u00e7, kendisi i\u00e7in d\u00fczenlenen asker e\u011flencesi s\u0131ras\u0131nda tabancayla vurularak yaraland\u0131.\",\"breadcrumb\":{\"@id\":\"https:\\\/\\\/memurunsesi.net\\\/index.php\\\/2026\\\/03\\\/23\\\/asker-eglencesinde-silahla-vuruldu\\\/#breadcrumb\"},\"inLanguage\":\"tr\",\"potentialAction\":[{\"@type\":\"ReadAction\",\"target\":[\"https:\\\/\\\/memurunsesi.net\\\/index.php\\\/2026\\\/03\\\/23\\\/asker-eglencesinde-silahla-vuruldu\\\/\"]}]},{\"@type\":\"ImageObject\",\"inLanguage\":\"tr\",\"@id\":\"https:\\\/\\\/memurunsesi.net\\\/index.php\\\/2026\\\/03\\\/23\\\/asker-eglencesinde-silahla-vuruldu\\\/#primaryimage\",\"url\":\"https:\\\/\\\/memurunsesi.net\\\/wp-content\\\/uploads\\\/2026\\\/03\\\/asker.jpg\",\"contentUrl\":\"https:\\\/\\\/memurunsesi.net\\\/wp-content\\\/uploads\\\/2026\\\/03\\\/asker.jpg\",\"width\":1188,\"height\":692,\"caption\":\"\u00c7ORUM'DA D\u00dcZENLENEN B\u0130R ASKER E\u011eLENCES\u0130 SIRASINDA VATAN\u0130 G\u00d6REV\u0130NE G\u0130TMEYE HAZIRLANAN ASKER ADAYI TABANCAYLA VURULARAK YARALANDI. (MEHMET CAN K\u00d6R\\\/\u00c7ORUM-\u0130HA) \u00c7orum'da bir gen\u00e7, kendisi i\u00e7in d\u00fczenlenen asker e\u011flencesi s\u0131ras\u0131nda tabancayla vurularak yaraland\u0131.\"},{\"@type\":\"BreadcrumbList\",\"@id\":\"https:\\\/\\\/memurunsesi.net\\\/index.php\\\/2026\\\/03\\\/23\\\/asker-eglencesinde-silahla-vuruldu\\\/#breadcrumb\",\"itemListElement\":[{\"@type\":\"ListItem\",\"position\":1,\"name\":\"Anasayfa\",\"item\":\"https:\\\/\\\/memurunsesi.net\\\/\"},{\"@type\":\"ListItem\",\"position\":2,\"name\":\"Asker e\u011flencesinde silahla vuruldu\"}]},{\"@type\":\"WebSite\",\"@id\":\"https:\\\/\\\/memurunsesi.net\\\/#website\",\"url\":\"https:\\\/\\\/memurunsesi.net\\\/\",\"name\":\"Memurun Sesi\",\"description\":\"G\u00fcncel ve Do\u011fru Haber\",\"publisher\":{\"@id\":\"https:\\\/\\\/memurunsesi.net\\\/#organization\"},\"potentialAction\":[{\"@type\":\"SearchAction\",\"target\":{\"@type\":\"EntryPoint\",\"urlTemplate\":\"https:\\\/\\\/memurunsesi.net\\\/?s={search_term_string}\"},\"query-input\":{\"@type\":\"PropertyValueSpecification\",\"valueRequired\":true,\"valueName\":\"search_term_string\"}}],\"inLanguage\":\"tr\"},{\"@type\":\"Organization\",\"@id\":\"https:\\\/\\\/memurunsesi.net\\\/#organization\",\"name\":\"Memurun Sesi\",\"url\":\"https:\\\/\\\/memurunsesi.net\\\/\",\"logo\":{\"@type\":\"ImageObject\",\"inLanguage\":\"tr\",\"@id\":\"https:\\\/\\\/memurunsesi.net\\\/#\\\/schema\\\/logo\\\/image\\\/\",\"url\":\"https:\\\/\\\/memurunsesi.net\\\/wp-content\\\/uploads\\\/2025\\\/11\\\/cropped-MEMURUN-SESI.png\",\"contentUrl\":\"https:\\\/\\\/memurunsesi.net\\\/wp-content\\\/uploads\\\/2025\\\/11\\\/cropped-MEMURUN-SESI.png\",\"width\":238,\"height\":57,\"caption\":\"Memurun Sesi\"},\"image\":{\"@id\":\"https:\\\/\\\/memurunsesi.net\\\/#\\\/schema\\\/logo\\\/image\\\/\"},\"sameAs\":[\"https:\\\/\\\/www.facebook.com\\\/unipersen\\\/?locale=tr_TR\",\"https:\\\/\\\/x.com\\\/unipersen\"]},{\"@type\":\"Person\",\"@id\":\"https:\\\/\\\/memurunsesi.net\\\/#\\\/schema\\\/person\\\/f21c2d73b89f6ee1d80b0a1803e38587\",\"name\":\"Memurun Sesi Haber Merkezi\",\"image\":{\"@type\":\"ImageObject\",\"inLanguage\":\"tr\",\"@id\":\"https:\\\/\\\/secure.gravatar.com\\\/avatar\\\/6cf0505f452ee753f485014986fab09a434671d2b919ee76fc541025c5876a70?s=96&d=mm&r=g\",\"url\":\"https:\\\/\\\/secure.gravatar.com\\\/avatar\\\/6cf0505f452ee753f485014986fab09a434671d2b919ee76fc541025c5876a70?s=96&d=mm&r=g\",\"contentUrl\":\"https:\\\/\\\/secure.gravatar.com\\\/avatar\\\/6cf0505f452ee753f485014986fab09a434671d2b919ee76fc541025c5876a70?s=96&d=mm&r=g\",\"caption\":\"Memurun Sesi Haber Merkezi\"},\"sameAs\":[\"https:\\\/\\\/memurunsesi.net\"],\"url\":\"https:\\\/\\\/memurunsesi.net\\\/index.php\\\/author\\\/uniper\\\/\"}]}<\/script>\n<!-- \/ Yoast SEO plugin. -->","yoast_head_json":{"title":"Asker e\u011flencesinde silahla vuruldu - Memurun Sesi","description":"\u00a0\u00c7orum\u2019da bir gen\u00e7, kendisi i\u00e7in d\u00fczenlenen asker e\u011flencesi s\u0131ras\u0131nda tabancayla vurularak yaraland\u0131.","robots":{"index":"index","follow":"follow","max-snippet":"max-snippet:-1","max-image-preview":"max-image-preview:large","max-video-preview":"max-video-preview:-1"},"canonical":"https:\/\/memurunsesi.net\/index.php\/2026\/03\/23\/asker-eglencesinde-silahla-vuruldu\/","og_locale":"tr_TR","og_type":"article","og_title":"Asker e\u011flencesinde silahla vuruldu - Memurun Sesi","og_description":"\u00a0\u00c7orum\u2019da bir gen\u00e7, kendisi i\u00e7in d\u00fczenlenen asker e\u011flencesi s\u0131ras\u0131nda tabancayla vurularak yaraland\u0131.","og_url":"https:\/\/memurunsesi.net\/index.php\/2026\/03\/23\/asker-eglencesinde-silahla-vuruldu\/","og_site_name":"Memurun Sesi","article_publisher":"https:\/\/www.facebook.com\/unipersen\/?locale=tr_TR","article_published_time":"2026-03-23T05:51:40+00:00","og_image":[{"width":1188,"height":692,"url":"https:\/\/memurunsesi.net\/wp-content\/uploads\/2026\/03\/asker.jpg","type":"image\/jpeg"}],"author":"Memurun Sesi Haber Merkezi","twitter_card":"summary_large_image","twitter_creator":"@unipersen","twitter_site":"@unipersen","twitter_misc":{"Yazan:":"Memurun Sesi Haber Merkezi","Tahmini okuma s\u00fcresi":"1 dakika"},"schema":{"@context":"https:\/\/schema.org","@graph":[{"@type":"Article","@id":"https:\/\/memurunsesi.net\/index.php\/2026\/03\/23\/asker-eglencesinde-silahla-vuruldu\/#article","isPartOf":{"@id":"https:\/\/memurunsesi.net\/index.php\/2026\/03\/23\/asker-eglencesinde-silahla-vuruldu\/"},"author":{"name":"Memurun Sesi Haber Merkezi","@id":"https:\/\/memurunsesi.net\/#\/schema\/person\/f21c2d73b89f6ee1d80b0a1803e38587"},"headline":"Asker e\u011flencesinde silahla vuruldu","datePublished":"2026-03-23T05:51:40+00:00","mainEntityOfPage":{"@id":"https:\/\/memurunsesi.net\/index.php\/2026\/03\/23\/asker-eglencesinde-silahla-vuruldu\/"},"wordCount":146,"commentCount":0,"publisher":{"@id":"https:\/\/memurunsesi.net\/#organization"},"image":{"@id":"https:\/\/memurunsesi.net\/index.php\/2026\/03\/23\/asker-eglencesinde-silahla-vuruldu\/#primaryimage"},"thumbnailUrl":"https:\/\/memurunsesi.net\/wp-content\/uploads\/2026\/03\/asker.jpg","keywords":["asker e\u011flencesi","tabanca","yaralama"],"articleSection":["T\u00fcm Haberler"],"inLanguage":"tr","potentialAction":[{"@type":"CommentAction","name":"Comment","target":["https:\/\/memurunsesi.net\/index.php\/2026\/03\/23\/asker-eglencesinde-silahla-vuruldu\/#respond"]}]},{"@type":"WebPage","@id":"https:\/\/memurunsesi.net\/index.php\/2026\/03\/23\/asker-eglencesinde-silahla-vuruldu\/","url":"https:\/\/memurunsesi.net\/index.php\/2026\/03\/23\/asker-eglencesinde-silahla-vuruldu\/","name":"Asker e\u011flencesinde silahla vuruldu - Memurun Sesi","isPartOf":{"@id":"https:\/\/memurunsesi.net\/#website"},"primaryImageOfPage":{"@id":"https:\/\/memurunsesi.net\/index.php\/2026\/03\/23\/asker-eglencesinde-silahla-vuruldu\/#primaryimage"},"image":{"@id":"https:\/\/memurunsesi.net\/index.php\/2026\/03\/23\/asker-eglencesinde-silahla-vuruldu\/#primaryimage"},"thumbnailUrl":"https:\/\/memurunsesi.net\/wp-content\/uploads\/2026\/03\/asker.jpg","datePublished":"2026-03-23T05:51:40+00:00","description":"\u00a0\u00c7orum\u2019da bir gen\u00e7, kendisi i\u00e7in d\u00fczenlenen asker e\u011flencesi s\u0131ras\u0131nda tabancayla vurularak yaraland\u0131.","breadcrumb":{"@id":"https:\/\/memurunsesi.net\/index.php\/2026\/03\/23\/asker-eglencesinde-silahla-vuruldu\/#breadcrumb"},"inLanguage":"tr","potentialAction":[{"@type":"ReadAction","target":["https:\/\/memurunsesi.net\/index.php\/2026\/03\/23\/asker-eglencesinde-silahla-vuruldu\/"]}]},{"@type":"ImageObject","inLanguage":"tr","@id":"https:\/\/memurunsesi.net\/index.php\/2026\/03\/23\/asker-eglencesinde-silahla-vuruldu\/#primaryimage","url":"https:\/\/memurunsesi.net\/wp-content\/uploads\/2026\/03\/asker.jpg","contentUrl":"https:\/\/memurunsesi.net\/wp-content\/uploads\/2026\/03\/asker.jpg","width":1188,"height":692,"caption":"\u00c7ORUM'DA D\u00dcZENLENEN B\u0130R ASKER E\u011eLENCES\u0130 SIRASINDA VATAN\u0130 G\u00d6REV\u0130NE G\u0130TMEYE HAZIRLANAN ASKER ADAYI TABANCAYLA VURULARAK YARALANDI. (MEHMET CAN K\u00d6R\/\u00c7ORUM-\u0130HA) \u00c7orum'da bir gen\u00e7, kendisi i\u00e7in d\u00fczenlenen asker e\u011flencesi s\u0131ras\u0131nda tabancayla vurularak yaraland\u0131."},{"@type":"BreadcrumbList","@id":"https:\/\/memurunsesi.net\/index.php\/2026\/03\/23\/asker-eglencesinde-silahla-vuruldu\/#breadcrumb","itemListElement":[{"@type":"ListItem","position":1,"name":"Anasayfa","item":"https:\/\/memurunsesi.net\/"},{"@type":"ListItem","position":2,"name":"Asker e\u011flencesinde silahla vuruldu"}]},{"@type":"WebSite","@id":"https:\/\/memurunsesi.net\/#website","url":"https:\/\/memurunsesi.net\/","name":"Memurun Sesi","description":"G\u00fcncel ve Do\u011fru Haber","publisher":{"@id":"https:\/\/memurunsesi.net\/#organization"},"potentialAction":[{"@type":"SearchAction","target":{"@type":"EntryPoint","urlTemplate":"https:\/\/memurunsesi.net\/?s={search_term_string}"},"query-input":{"@type":"PropertyValueSpecification","valueRequired":true,"valueName":"search_term_string"}}],"inLanguage":"tr"},{"@type":"Organization","@id":"https:\/\/memurunsesi.net\/#organization","name":"Memurun Sesi","url":"https:\/\/memurunsesi.net\/","logo":{"@type":"ImageObject","inLanguage":"tr","@id":"https:\/\/memurunsesi.net\/#\/schema\/logo\/image\/","url":"https:\/\/memurunsesi.net\/wp-content\/uploads\/2025\/11\/cropped-MEMURUN-SESI.png","contentUrl":"https:\/\/memurunsesi.net\/wp-content\/uploads\/2025\/11\/cropped-MEMURUN-SESI.png","width":238,"height":57,"caption":"Memurun Sesi"},"image":{"@id":"https:\/\/memurunsesi.net\/#\/schema\/logo\/image\/"},"sameAs":["https:\/\/www.facebook.com\/unipersen\/?locale=tr_TR","https:\/\/x.com\/unipersen"]},{"@type":"Person","@id":"https:\/\/memurunsesi.net\/#\/schema\/person\/f21c2d73b89f6ee1d80b0a1803e38587","name":"Memurun Sesi Haber Merkezi","image":{"@type":"ImageObject","inLanguage":"tr","@id":"https:\/\/secure.gravatar.com\/avatar\/6cf0505f452ee753f485014986fab09a434671d2b919ee76fc541025c5876a70?s=96&d=mm&r=g","url":"https:\/\/secure.gravatar.com\/avatar\/6cf0505f452ee753f485014986fab09a434671d2b919ee76fc541025c5876a70?s=96&d=mm&r=g","contentUrl":"https:\/\/secure.gravatar.com\/avatar\/6cf0505f452ee753f485014986fab09a434671d2b919ee76fc541025c5876a70?s=96&d=mm&r=g","caption":"Memurun Sesi Haber Merkezi"},"sameAs":["https:\/\/memurunsesi.net"],"url":"https:\/\/memurunsesi.net\/index.php\/author\/uniper\/"}]}},"_links":{"self":[{"href":"https:\/\/memurunsesi.net\/index.php\/wp-json\/wp\/v2\/posts\/18574","targetHints":{"allow":["GET"]}}],"collection":[{"href":"https:\/\/memurunsesi.net\/index.php\/wp-json\/wp\/v2\/posts"}],"about":[{"href":"https:\/\/memurunsesi.net\/index.php\/wp-json\/wp\/v2\/types\/post"}],"author":[{"embeddable":true,"href":"https:\/\/memurunsesi.net\/index.php\/wp-json\/wp\/v2\/users\/1"}],"replies":[{"embeddable":true,"href":"https:\/\/memurunsesi.net\/index.php\/wp-json\/wp\/v2\/comments?post=18574"}],"version-history":[{"count":1,"href":"https:\/\/memurunsesi.net\/index.php\/wp-json\/wp\/v2\/posts\/18574\/revisions"}],"predecessor-version":[{"id":18576,"href":"https:\/\/memurunsesi.net\/index.php\/wp-json\/wp\/v2\/posts\/18574\/revisions\/18576"}],"wp:featuredmedia":[{"embeddable":true,"href":"https:\/\/memurunsesi.net\/index.php\/wp-json\/wp\/v2\/media\/18575"}],"wp:attachment":[{"href":"https:\/\/memurunsesi.net\/index.php\/wp-json\/wp\/v2\/media?parent=18574"}],"wp:term":[{"taxonomy":"category","embeddable":true,"href":"https:\/\/memurunsesi.net\/index.php\/wp-json\/wp\/v2\/categories?post=18574"},{"taxonomy":"post_tag","embeddable":true,"href":"https:\/\/memurunsesi.net\/index.php\/wp-json\/wp\/v2\/tags?post=18574"}],"curies":[{"name":"wp","href":"https:\/\/api.w.org\/{rel}","templated":true}]}}