{"id":18595,"date":"2026-03-23T10:40:48","date_gmt":"2026-03-23T07:40:48","guid":{"rendered":"https:\/\/memurunsesi.net\/?p=18595"},"modified":"2026-03-23T10:40:48","modified_gmt":"2026-03-23T07:40:48","slug":"ogrenci-affi-gundemde-kacirilan-firsatlar-icin-yeni-duzenleme-bekleniyor","status":"publish","type":"post","link":"https:\/\/memurunsesi.net\/index.php\/2026\/03\/23\/ogrenci-affi-gundemde-kacirilan-firsatlar-icin-yeni-duzenleme-bekleniyor\/","title":{"rendered":"\u00d6\u011frenci Aff\u0131 G\u00fcndemde: Ka\u00e7\u0131r\u0131lan F\u0131rsatlar \u0130\u00e7in Yeni D\u00fczenleme Bekleniyor"},"content":{"rendered":"<p class=\"isSelectedEnd\">\u00a0 \u00a0 \u00a0T\u00fcrkiye\u2019de bir\u00e7ok \u00fcniversite \u00f6\u011frencisi, \u00e7e\u015fitli nedenlerle e\u011fitimlerini tamamlayam\u0131yor ve bu durum kay\u0131tlar\u0131n\u0131n silinmesine veya mezuniyetin gecikmesine yol a\u00e7\u0131yor. Bu nedenle, \u201c\u00f6\u011frenci aff\u0131\u201d d\u00fczenlemeleri uzun s\u00fcredir g\u00fcndemde olan bir konu olarak \u00f6ne \u00e7\u0131k\u0131yor.<\/p>\n<p class=\"isSelectedEnd\">\u00d6\u011frenci aff\u0131, \u00f6\u011frencilere <strong>kay\u0131t dondurma, ders tekrar\u0131 veya not y\u00fckseltme gibi imkanlar sa\u011flayarak<\/strong> e\u011fitimlerini tamamlamalar\u0131na f\u0131rsat tan\u0131yor. Son d\u00f6nemde \u00f6zellikle Y\u00fcksek\u00f6\u011fretim Kurulu (Y\u00d6K) ve \u00fcniversite y\u00f6netimleri aras\u0131nda, ge\u00e7mi\u015f y\u0131llarda kay\u0131t donduran veya derslerini tamamlayamayan \u00f6\u011frenciler i\u00e7in kapsaml\u0131 bir aff\u0131n hayata ge\u00e7irilip ge\u00e7irilmeyece\u011fi tart\u0131\u015f\u0131l\u0131yor.<\/p>\n<p class=\"isSelectedEnd\">Mevcut sistemde, ba\u015far\u0131s\u0131z olunan dersler veya kay\u0131t dondurma nedeniyle \u00f6\u011frencilerin mezuniyet s\u00fcreleri uzuyor. Bu durum, hem \u00f6\u011frencilerin hem de \u00fcniversitelerin planlamalar\u0131n\u0131 zorla\u015ft\u0131r\u0131yor. \u00d6\u011frenci aff\u0131 ile bu \u00f6\u011frencilerin <strong>mezuniyet s\u00fcre\u00e7lerinin h\u0131zlanmas\u0131 ve e\u011fitim hakk\u0131n\u0131n korunmas\u0131<\/strong> hedefleniyor.<\/p>\n<p class=\"isSelectedEnd\">Uzmanlar, aff\u0131n kapsam\u0131n\u0131n ve kriterlerinin net bir \u015fekilde belirlenmesi gerekti\u011fine dikkat \u00e7ekiyor. \u00d6zellikle; hangi \u00f6\u011frencilerin affa dahil olaca\u011f\u0131, hangi ders ve y\u0131llar\u0131n kapsama al\u0131naca\u011f\u0131 ve aff\u0131n tek seferlik mi yoksa s\u00fcrekli bir uygulama m\u0131 olaca\u011f\u0131 \u00f6n\u00fcm\u00fczdeki d\u00f6nemde belirleyici olacak.<\/p>\n<p class=\"isSelectedEnd\">Sosyal medya ve \u00f6\u011frenci platformlar\u0131nda taleplerin yo\u011funla\u015fmas\u0131, konuya dair yasama ve y\u00f6netim ad\u0131mlar\u0131n\u0131n h\u0131zlanabilece\u011fine i\u015faret ediyor. \u00d6\u011frenci aff\u0131 d\u00fczenlemesi, e\u011fitim haklar\u0131n\u0131n korunmas\u0131 ve \u00f6\u011frencilerin ma\u011fduriyetlerinin giderilmesi a\u00e7\u0131s\u0131ndan kritik bir \u00f6neme sahip.<\/p>\n<p>\u00d6n\u00fcm\u00fczdeki haftalarda, ilgili bakanl\u0131klar ve \u00fcniversite y\u00f6netimleri taraf\u0131ndan yap\u0131lacak a\u00e7\u0131klamalar, \u00f6\u011frenci aff\u0131n\u0131n kapsam\u0131n\u0131 netle\u015ftirecek ve milyonlarca \u00f6\u011frenciyi yak\u0131ndan ilgilendiren d\u00fczenlemeleri \u015fekillendirecek.<\/p>\n<p>23.03.2026<\/p>\n","protected":false},"excerpt":{"rendered":"<p>\u00a0 \u00a0 \u00a0T\u00fcrkiye\u2019de bir\u00e7ok \u00fcniversite \u00f6\u011frencisi, \u00e7e\u015fitli nedenlerle e\u011fitimlerini tamamlayam\u0131yor ve bu durum kay\u0131tlar\u0131n\u0131n silinmesine veya mezuniyetin gecikmesine yol a\u00e7\u0131yor. Bu nedenle, \u201c\u00f6\u011frenci aff\u0131\u201d d\u00fczenlemeleri uzun s\u00fcredir g\u00fcndemde olan bir konu olarak \u00f6ne \u00e7\u0131k\u0131yor. \u00d6\u011frenci aff\u0131, \u00f6\u011frencilere kay\u0131t dondurma, ders tekrar\u0131 veya not y\u00fckseltme gibi imkanlar sa\u011flayarak e\u011fitimlerini tamamlamalar\u0131na f\u0131rsat tan\u0131yor. Son d\u00f6nemde \u00f6zellikle Y\u00fcksek\u00f6\u011fretim [&hellip;]<\/p>\n","protected":false},"author":1,"featured_media":17790,"comment_status":"open","ping_status":"open","sticky":false,"template":"","format":"standard","meta":{"footnotes":""},"categories":[1],"tags":[2409,1432,2408,2410,1429,2411,2412,2407,1255],"class_list":["post-18595","post","type-post","status-publish","format-standard","has-post-thumbnail","hentry","category-genel","tag-ders-tekrari","tag-egitim-duzenlemesi","tag-kayit-dondurma","tag-mezuniyet-suresi","tag-ogrenci-affi","tag-ogrenci-haklari","tag-turkiye-universite-haberleri","tag-universite-ogrencileri","tag-yok"],"yoast_head":"<!-- This site is optimized with the Yoast SEO plugin v27.4 - https:\/\/yoast.com\/product\/yoast-seo-wordpress\/ -->\n<title>\u00d6\u011frenci Aff\u0131 G\u00fcndemde: Ka\u00e7\u0131r\u0131lan F\u0131rsatlar \u0130\u00e7in Yeni D\u00fczenleme Bekleniyor - Memurun Sesi<\/title>\n<meta name=\"description\" content=\"\u00d6\u011frenci aff\u0131 g\u00fcndemde: Kay\u0131t dondurma veya derslerini tamamlayamayan \u00f6\u011frenciler i\u00e7in mezuniyet s\u00fcrecini h\u0131zland\u0131racak d\u00fczenleme bekleniyor. Kapsam ve kriterler tart\u0131\u015f\u0131l\u0131yor.\" \/>\n<meta name=\"robots\" content=\"index, follow, max-snippet:-1, max-image-preview:large, max-video-preview:-1\" \/>\n<link rel=\"canonical\" href=\"https:\/\/memurunsesi.net\/index.php\/2026\/03\/23\/ogrenci-affi-gundemde-kacirilan-firsatlar-icin-yeni-duzenleme-bekleniyor\/\" \/>\n<meta property=\"og:locale\" content=\"tr_TR\" \/>\n<meta property=\"og:type\" content=\"article\" \/>\n<meta property=\"og:title\" content=\"\u00d6\u011frenci Aff\u0131 G\u00fcndemde: Ka\u00e7\u0131r\u0131lan F\u0131rsatlar \u0130\u00e7in Yeni D\u00fczenleme Bekleniyor - Memurun Sesi\" \/>\n<meta property=\"og:description\" content=\"\u00d6\u011frenci aff\u0131 g\u00fcndemde: Kay\u0131t dondurma veya derslerini tamamlayamayan \u00f6\u011frenciler i\u00e7in mezuniyet s\u00fcrecini h\u0131zland\u0131racak d\u00fczenleme bekleniyor. Kapsam ve kriterler tart\u0131\u015f\u0131l\u0131yor.\" \/>\n<meta property=\"og:url\" content=\"https:\/\/memurunsesi.net\/index.php\/2026\/03\/23\/ogrenci-affi-gundemde-kacirilan-firsatlar-icin-yeni-duzenleme-bekleniyor\/\" \/>\n<meta property=\"og:site_name\" content=\"Memurun Sesi\" \/>\n<meta property=\"article:publisher\" content=\"https:\/\/www.facebook.com\/unipersen\/?locale=tr_TR\" \/>\n<meta property=\"article:published_time\" content=\"2026-03-23T07:40:48+00:00\" \/>\n<meta property=\"og:image\" content=\"https:\/\/memurunsesi.net\/wp-content\/uploads\/2026\/02\/ogrenci-affi.jpg\" \/>\n\t<meta property=\"og:image:width\" content=\"273\" \/>\n\t<meta property=\"og:image:height\" content=\"184\" \/>\n\t<meta property=\"og:image:type\" content=\"image\/jpeg\" \/>\n<meta name=\"author\" content=\"Memurun Sesi Haber Merkezi\" \/>\n<meta name=\"twitter:card\" content=\"summary_large_image\" \/>\n<meta name=\"twitter:creator\" content=\"@unipersen\" \/>\n<meta name=\"twitter:site\" content=\"@unipersen\" \/>\n<meta name=\"twitter:label1\" content=\"Yazan:\" \/>\n\t<meta name=\"twitter:data1\" content=\"Memurun Sesi Haber Merkezi\" \/>\n\t<meta name=\"twitter:label2\" content=\"Tahmini okuma s\u00fcresi\" \/>\n\t<meta name=\"twitter:data2\" content=\"2 dakika\" \/>\n<script type=\"application\/ld+json\" class=\"yoast-schema-graph\">{\"@context\":\"https:\\\/\\\/schema.org\",\"@graph\":[{\"@type\":\"Article\",\"@id\":\"https:\\\/\\\/memurunsesi.net\\\/index.php\\\/2026\\\/03\\\/23\\\/ogrenci-affi-gundemde-kacirilan-firsatlar-icin-yeni-duzenleme-bekleniyor\\\/#article\",\"isPartOf\":{\"@id\":\"https:\\\/\\\/memurunsesi.net\\\/index.php\\\/2026\\\/03\\\/23\\\/ogrenci-affi-gundemde-kacirilan-firsatlar-icin-yeni-duzenleme-bekleniyor\\\/\"},\"author\":{\"name\":\"Memurun Sesi Haber Merkezi\",\"@id\":\"https:\\\/\\\/memurunsesi.net\\\/#\\\/schema\\\/person\\\/f21c2d73b89f6ee1d80b0a1803e38587\"},\"headline\":\"\u00d6\u011frenci Aff\u0131 G\u00fcndemde: Ka\u00e7\u0131r\u0131lan F\u0131rsatlar \u0130\u00e7in Yeni D\u00fczenleme Bekleniyor\",\"datePublished\":\"2026-03-23T07:40:48+00:00\",\"mainEntityOfPage\":{\"@id\":\"https:\\\/\\\/memurunsesi.net\\\/index.php\\\/2026\\\/03\\\/23\\\/ogrenci-affi-gundemde-kacirilan-firsatlar-icin-yeni-duzenleme-bekleniyor\\\/\"},\"wordCount\":309,\"commentCount\":0,\"publisher\":{\"@id\":\"https:\\\/\\\/memurunsesi.net\\\/#organization\"},\"image\":{\"@id\":\"https:\\\/\\\/memurunsesi.net\\\/index.php\\\/2026\\\/03\\\/23\\\/ogrenci-affi-gundemde-kacirilan-firsatlar-icin-yeni-duzenleme-bekleniyor\\\/#primaryimage\"},\"thumbnailUrl\":\"https:\\\/\\\/memurunsesi.net\\\/wp-content\\\/uploads\\\/2026\\\/02\\\/ogrenci-affi.jpg\",\"keywords\":[\"ders tekrar\u0131\",\"e\u011fitim d\u00fczenlemesi\",\"kay\u0131t dondurma\",\"mezuniyet s\u00fcresi\",\"\u00f6\u011frenci aff\u0131\",\"\u00f6\u011frenci haklar\u0131\",\"T\u00fcrkiye \u00fcniversite haberleri\",\"\u00fcniversite \u00f6\u011frencileri\",\"Y\u00d6K\"],\"inLanguage\":\"tr\",\"potentialAction\":[{\"@type\":\"CommentAction\",\"name\":\"Comment\",\"target\":[\"https:\\\/\\\/memurunsesi.net\\\/index.php\\\/2026\\\/03\\\/23\\\/ogrenci-affi-gundemde-kacirilan-firsatlar-icin-yeni-duzenleme-bekleniyor\\\/#respond\"]}]},{\"@type\":\"WebPage\",\"@id\":\"https:\\\/\\\/memurunsesi.net\\\/index.php\\\/2026\\\/03\\\/23\\\/ogrenci-affi-gundemde-kacirilan-firsatlar-icin-yeni-duzenleme-bekleniyor\\\/\",\"url\":\"https:\\\/\\\/memurunsesi.net\\\/index.php\\\/2026\\\/03\\\/23\\\/ogrenci-affi-gundemde-kacirilan-firsatlar-icin-yeni-duzenleme-bekleniyor\\\/\",\"name\":\"\u00d6\u011frenci Aff\u0131 G\u00fcndemde: Ka\u00e7\u0131r\u0131lan F\u0131rsatlar \u0130\u00e7in Yeni D\u00fczenleme Bekleniyor - Memurun Sesi\",\"isPartOf\":{\"@id\":\"https:\\\/\\\/memurunsesi.net\\\/#website\"},\"primaryImageOfPage\":{\"@id\":\"https:\\\/\\\/memurunsesi.net\\\/index.php\\\/2026\\\/03\\\/23\\\/ogrenci-affi-gundemde-kacirilan-firsatlar-icin-yeni-duzenleme-bekleniyor\\\/#primaryimage\"},\"image\":{\"@id\":\"https:\\\/\\\/memurunsesi.net\\\/index.php\\\/2026\\\/03\\\/23\\\/ogrenci-affi-gundemde-kacirilan-firsatlar-icin-yeni-duzenleme-bekleniyor\\\/#primaryimage\"},\"thumbnailUrl\":\"https:\\\/\\\/memurunsesi.net\\\/wp-content\\\/uploads\\\/2026\\\/02\\\/ogrenci-affi.jpg\",\"datePublished\":\"2026-03-23T07:40:48+00:00\",\"description\":\"\u00d6\u011frenci aff\u0131 g\u00fcndemde: Kay\u0131t dondurma veya derslerini tamamlayamayan \u00f6\u011frenciler i\u00e7in mezuniyet s\u00fcrecini h\u0131zland\u0131racak d\u00fczenleme bekleniyor. Kapsam ve kriterler tart\u0131\u015f\u0131l\u0131yor.\",\"breadcrumb\":{\"@id\":\"https:\\\/\\\/memurunsesi.net\\\/index.php\\\/2026\\\/03\\\/23\\\/ogrenci-affi-gundemde-kacirilan-firsatlar-icin-yeni-duzenleme-bekleniyor\\\/#breadcrumb\"},\"inLanguage\":\"tr\",\"potentialAction\":[{\"@type\":\"ReadAction\",\"target\":[\"https:\\\/\\\/memurunsesi.net\\\/index.php\\\/2026\\\/03\\\/23\\\/ogrenci-affi-gundemde-kacirilan-firsatlar-icin-yeni-duzenleme-bekleniyor\\\/\"]}]},{\"@type\":\"ImageObject\",\"inLanguage\":\"tr\",\"@id\":\"https:\\\/\\\/memurunsesi.net\\\/index.php\\\/2026\\\/03\\\/23\\\/ogrenci-affi-gundemde-kacirilan-firsatlar-icin-yeni-duzenleme-bekleniyor\\\/#primaryimage\",\"url\":\"https:\\\/\\\/memurunsesi.net\\\/wp-content\\\/uploads\\\/2026\\\/02\\\/ogrenci-affi.jpg\",\"contentUrl\":\"https:\\\/\\\/memurunsesi.net\\\/wp-content\\\/uploads\\\/2026\\\/02\\\/ogrenci-affi.jpg\",\"width\":273,\"height\":184},{\"@type\":\"BreadcrumbList\",\"@id\":\"https:\\\/\\\/memurunsesi.net\\\/index.php\\\/2026\\\/03\\\/23\\\/ogrenci-affi-gundemde-kacirilan-firsatlar-icin-yeni-duzenleme-bekleniyor\\\/#breadcrumb\",\"itemListElement\":[{\"@type\":\"ListItem\",\"position\":1,\"name\":\"Anasayfa\",\"item\":\"https:\\\/\\\/memurunsesi.net\\\/\"},{\"@type\":\"ListItem\",\"position\":2,\"name\":\"\u00d6\u011frenci Aff\u0131 G\u00fcndemde: Ka\u00e7\u0131r\u0131lan F\u0131rsatlar \u0130\u00e7in Yeni D\u00fczenleme Bekleniyor\"}]},{\"@type\":\"WebSite\",\"@id\":\"https:\\\/\\\/memurunsesi.net\\\/#website\",\"url\":\"https:\\\/\\\/memurunsesi.net\\\/\",\"name\":\"Memurun Sesi\",\"description\":\"G\u00fcncel ve Do\u011fru Haber\",\"publisher\":{\"@id\":\"https:\\\/\\\/memurunsesi.net\\\/#organization\"},\"potentialAction\":[{\"@type\":\"SearchAction\",\"target\":{\"@type\":\"EntryPoint\",\"urlTemplate\":\"https:\\\/\\\/memurunsesi.net\\\/?s={search_term_string}\"},\"query-input\":{\"@type\":\"PropertyValueSpecification\",\"valueRequired\":true,\"valueName\":\"search_term_string\"}}],\"inLanguage\":\"tr\"},{\"@type\":\"Organization\",\"@id\":\"https:\\\/\\\/memurunsesi.net\\\/#organization\",\"name\":\"Memurun Sesi\",\"url\":\"https:\\\/\\\/memurunsesi.net\\\/\",\"logo\":{\"@type\":\"ImageObject\",\"inLanguage\":\"tr\",\"@id\":\"https:\\\/\\\/memurunsesi.net\\\/#\\\/schema\\\/logo\\\/image\\\/\",\"url\":\"https:\\\/\\\/memurunsesi.net\\\/wp-content\\\/uploads\\\/2025\\\/11\\\/cropped-MEMURUN-SESI.png\",\"contentUrl\":\"https:\\\/\\\/memurunsesi.net\\\/wp-content\\\/uploads\\\/2025\\\/11\\\/cropped-MEMURUN-SESI.png\",\"width\":238,\"height\":57,\"caption\":\"Memurun Sesi\"},\"image\":{\"@id\":\"https:\\\/\\\/memurunsesi.net\\\/#\\\/schema\\\/logo\\\/image\\\/\"},\"sameAs\":[\"https:\\\/\\\/www.facebook.com\\\/unipersen\\\/?locale=tr_TR\",\"https:\\\/\\\/x.com\\\/unipersen\"]},{\"@type\":\"Person\",\"@id\":\"https:\\\/\\\/memurunsesi.net\\\/#\\\/schema\\\/person\\\/f21c2d73b89f6ee1d80b0a1803e38587\",\"name\":\"Memurun Sesi Haber Merkezi\",\"image\":{\"@type\":\"ImageObject\",\"inLanguage\":\"tr\",\"@id\":\"https:\\\/\\\/secure.gravatar.com\\\/avatar\\\/6cf0505f452ee753f485014986fab09a434671d2b919ee76fc541025c5876a70?s=96&d=mm&r=g\",\"url\":\"https:\\\/\\\/secure.gravatar.com\\\/avatar\\\/6cf0505f452ee753f485014986fab09a434671d2b919ee76fc541025c5876a70?s=96&d=mm&r=g\",\"contentUrl\":\"https:\\\/\\\/secure.gravatar.com\\\/avatar\\\/6cf0505f452ee753f485014986fab09a434671d2b919ee76fc541025c5876a70?s=96&d=mm&r=g\",\"caption\":\"Memurun Sesi Haber Merkezi\"},\"sameAs\":[\"https:\\\/\\\/memurunsesi.net\"],\"url\":\"https:\\\/\\\/memurunsesi.net\\\/index.php\\\/author\\\/uniper\\\/\"}]}<\/script>\n<!-- \/ Yoast SEO plugin. -->","yoast_head_json":{"title":"\u00d6\u011frenci Aff\u0131 G\u00fcndemde: Ka\u00e7\u0131r\u0131lan F\u0131rsatlar \u0130\u00e7in Yeni D\u00fczenleme Bekleniyor - Memurun Sesi","description":"\u00d6\u011frenci aff\u0131 g\u00fcndemde: Kay\u0131t dondurma veya derslerini tamamlayamayan \u00f6\u011frenciler i\u00e7in mezuniyet s\u00fcrecini h\u0131zland\u0131racak d\u00fczenleme bekleniyor. Kapsam ve kriterler tart\u0131\u015f\u0131l\u0131yor.","robots":{"index":"index","follow":"follow","max-snippet":"max-snippet:-1","max-image-preview":"max-image-preview:large","max-video-preview":"max-video-preview:-1"},"canonical":"https:\/\/memurunsesi.net\/index.php\/2026\/03\/23\/ogrenci-affi-gundemde-kacirilan-firsatlar-icin-yeni-duzenleme-bekleniyor\/","og_locale":"tr_TR","og_type":"article","og_title":"\u00d6\u011frenci Aff\u0131 G\u00fcndemde: Ka\u00e7\u0131r\u0131lan F\u0131rsatlar \u0130\u00e7in Yeni D\u00fczenleme Bekleniyor - Memurun Sesi","og_description":"\u00d6\u011frenci aff\u0131 g\u00fcndemde: Kay\u0131t dondurma veya derslerini tamamlayamayan \u00f6\u011frenciler i\u00e7in mezuniyet s\u00fcrecini h\u0131zland\u0131racak d\u00fczenleme bekleniyor. Kapsam ve kriterler tart\u0131\u015f\u0131l\u0131yor.","og_url":"https:\/\/memurunsesi.net\/index.php\/2026\/03\/23\/ogrenci-affi-gundemde-kacirilan-firsatlar-icin-yeni-duzenleme-bekleniyor\/","og_site_name":"Memurun Sesi","article_publisher":"https:\/\/www.facebook.com\/unipersen\/?locale=tr_TR","article_published_time":"2026-03-23T07:40:48+00:00","og_image":[{"width":273,"height":184,"url":"https:\/\/memurunsesi.net\/wp-content\/uploads\/2026\/02\/ogrenci-affi.jpg","type":"image\/jpeg"}],"author":"Memurun Sesi Haber Merkezi","twitter_card":"summary_large_image","twitter_creator":"@unipersen","twitter_site":"@unipersen","twitter_misc":{"Yazan:":"Memurun Sesi Haber Merkezi","Tahmini okuma s\u00fcresi":"2 dakika"},"schema":{"@context":"https:\/\/schema.org","@graph":[{"@type":"Article","@id":"https:\/\/memurunsesi.net\/index.php\/2026\/03\/23\/ogrenci-affi-gundemde-kacirilan-firsatlar-icin-yeni-duzenleme-bekleniyor\/#article","isPartOf":{"@id":"https:\/\/memurunsesi.net\/index.php\/2026\/03\/23\/ogrenci-affi-gundemde-kacirilan-firsatlar-icin-yeni-duzenleme-bekleniyor\/"},"author":{"name":"Memurun Sesi Haber Merkezi","@id":"https:\/\/memurunsesi.net\/#\/schema\/person\/f21c2d73b89f6ee1d80b0a1803e38587"},"headline":"\u00d6\u011frenci Aff\u0131 G\u00fcndemde: Ka\u00e7\u0131r\u0131lan F\u0131rsatlar \u0130\u00e7in Yeni D\u00fczenleme Bekleniyor","datePublished":"2026-03-23T07:40:48+00:00","mainEntityOfPage":{"@id":"https:\/\/memurunsesi.net\/index.php\/2026\/03\/23\/ogrenci-affi-gundemde-kacirilan-firsatlar-icin-yeni-duzenleme-bekleniyor\/"},"wordCount":309,"commentCount":0,"publisher":{"@id":"https:\/\/memurunsesi.net\/#organization"},"image":{"@id":"https:\/\/memurunsesi.net\/index.php\/2026\/03\/23\/ogrenci-affi-gundemde-kacirilan-firsatlar-icin-yeni-duzenleme-bekleniyor\/#primaryimage"},"thumbnailUrl":"https:\/\/memurunsesi.net\/wp-content\/uploads\/2026\/02\/ogrenci-affi.jpg","keywords":["ders tekrar\u0131","e\u011fitim d\u00fczenlemesi","kay\u0131t dondurma","mezuniyet s\u00fcresi","\u00f6\u011frenci aff\u0131","\u00f6\u011frenci haklar\u0131","T\u00fcrkiye \u00fcniversite haberleri","\u00fcniversite \u00f6\u011frencileri","Y\u00d6K"],"inLanguage":"tr","potentialAction":[{"@type":"CommentAction","name":"Comment","target":["https:\/\/memurunsesi.net\/index.php\/2026\/03\/23\/ogrenci-affi-gundemde-kacirilan-firsatlar-icin-yeni-duzenleme-bekleniyor\/#respond"]}]},{"@type":"WebPage","@id":"https:\/\/memurunsesi.net\/index.php\/2026\/03\/23\/ogrenci-affi-gundemde-kacirilan-firsatlar-icin-yeni-duzenleme-bekleniyor\/","url":"https:\/\/memurunsesi.net\/index.php\/2026\/03\/23\/ogrenci-affi-gundemde-kacirilan-firsatlar-icin-yeni-duzenleme-bekleniyor\/","name":"\u00d6\u011frenci Aff\u0131 G\u00fcndemde: Ka\u00e7\u0131r\u0131lan F\u0131rsatlar \u0130\u00e7in Yeni D\u00fczenleme Bekleniyor - Memurun Sesi","isPartOf":{"@id":"https:\/\/memurunsesi.net\/#website"},"primaryImageOfPage":{"@id":"https:\/\/memurunsesi.net\/index.php\/2026\/03\/23\/ogrenci-affi-gundemde-kacirilan-firsatlar-icin-yeni-duzenleme-bekleniyor\/#primaryimage"},"image":{"@id":"https:\/\/memurunsesi.net\/index.php\/2026\/03\/23\/ogrenci-affi-gundemde-kacirilan-firsatlar-icin-yeni-duzenleme-bekleniyor\/#primaryimage"},"thumbnailUrl":"https:\/\/memurunsesi.net\/wp-content\/uploads\/2026\/02\/ogrenci-affi.jpg","datePublished":"2026-03-23T07:40:48+00:00","description":"\u00d6\u011frenci aff\u0131 g\u00fcndemde: Kay\u0131t dondurma veya derslerini tamamlayamayan \u00f6\u011frenciler i\u00e7in mezuniyet s\u00fcrecini h\u0131zland\u0131racak d\u00fczenleme bekleniyor. Kapsam ve kriterler tart\u0131\u015f\u0131l\u0131yor.","breadcrumb":{"@id":"https:\/\/memurunsesi.net\/index.php\/2026\/03\/23\/ogrenci-affi-gundemde-kacirilan-firsatlar-icin-yeni-duzenleme-bekleniyor\/#breadcrumb"},"inLanguage":"tr","potentialAction":[{"@type":"ReadAction","target":["https:\/\/memurunsesi.net\/index.php\/2026\/03\/23\/ogrenci-affi-gundemde-kacirilan-firsatlar-icin-yeni-duzenleme-bekleniyor\/"]}]},{"@type":"ImageObject","inLanguage":"tr","@id":"https:\/\/memurunsesi.net\/index.php\/2026\/03\/23\/ogrenci-affi-gundemde-kacirilan-firsatlar-icin-yeni-duzenleme-bekleniyor\/#primaryimage","url":"https:\/\/memurunsesi.net\/wp-content\/uploads\/2026\/02\/ogrenci-affi.jpg","contentUrl":"https:\/\/memurunsesi.net\/wp-content\/uploads\/2026\/02\/ogrenci-affi.jpg","width":273,"height":184},{"@type":"BreadcrumbList","@id":"https:\/\/memurunsesi.net\/index.php\/2026\/03\/23\/ogrenci-affi-gundemde-kacirilan-firsatlar-icin-yeni-duzenleme-bekleniyor\/#breadcrumb","itemListElement":[{"@type":"ListItem","position":1,"name":"Anasayfa","item":"https:\/\/memurunsesi.net\/"},{"@type":"ListItem","position":2,"name":"\u00d6\u011frenci Aff\u0131 G\u00fcndemde: Ka\u00e7\u0131r\u0131lan F\u0131rsatlar \u0130\u00e7in Yeni D\u00fczenleme Bekleniyor"}]},{"@type":"WebSite","@id":"https:\/\/memurunsesi.net\/#website","url":"https:\/\/memurunsesi.net\/","name":"Memurun Sesi","description":"G\u00fcncel ve Do\u011fru Haber","publisher":{"@id":"https:\/\/memurunsesi.net\/#organization"},"potentialAction":[{"@type":"SearchAction","target":{"@type":"EntryPoint","urlTemplate":"https:\/\/memurunsesi.net\/?s={search_term_string}"},"query-input":{"@type":"PropertyValueSpecification","valueRequired":true,"valueName":"search_term_string"}}],"inLanguage":"tr"},{"@type":"Organization","@id":"https:\/\/memurunsesi.net\/#organization","name":"Memurun Sesi","url":"https:\/\/memurunsesi.net\/","logo":{"@type":"ImageObject","inLanguage":"tr","@id":"https:\/\/memurunsesi.net\/#\/schema\/logo\/image\/","url":"https:\/\/memurunsesi.net\/wp-content\/uploads\/2025\/11\/cropped-MEMURUN-SESI.png","contentUrl":"https:\/\/memurunsesi.net\/wp-content\/uploads\/2025\/11\/cropped-MEMURUN-SESI.png","width":238,"height":57,"caption":"Memurun Sesi"},"image":{"@id":"https:\/\/memurunsesi.net\/#\/schema\/logo\/image\/"},"sameAs":["https:\/\/www.facebook.com\/unipersen\/?locale=tr_TR","https:\/\/x.com\/unipersen"]},{"@type":"Person","@id":"https:\/\/memurunsesi.net\/#\/schema\/person\/f21c2d73b89f6ee1d80b0a1803e38587","name":"Memurun Sesi Haber Merkezi","image":{"@type":"ImageObject","inLanguage":"tr","@id":"https:\/\/secure.gravatar.com\/avatar\/6cf0505f452ee753f485014986fab09a434671d2b919ee76fc541025c5876a70?s=96&d=mm&r=g","url":"https:\/\/secure.gravatar.com\/avatar\/6cf0505f452ee753f485014986fab09a434671d2b919ee76fc541025c5876a70?s=96&d=mm&r=g","contentUrl":"https:\/\/secure.gravatar.com\/avatar\/6cf0505f452ee753f485014986fab09a434671d2b919ee76fc541025c5876a70?s=96&d=mm&r=g","caption":"Memurun Sesi Haber Merkezi"},"sameAs":["https:\/\/memurunsesi.net"],"url":"https:\/\/memurunsesi.net\/index.php\/author\/uniper\/"}]}},"_links":{"self":[{"href":"https:\/\/memurunsesi.net\/index.php\/wp-json\/wp\/v2\/posts\/18595","targetHints":{"allow":["GET"]}}],"collection":[{"href":"https:\/\/memurunsesi.net\/index.php\/wp-json\/wp\/v2\/posts"}],"about":[{"href":"https:\/\/memurunsesi.net\/index.php\/wp-json\/wp\/v2\/types\/post"}],"author":[{"embeddable":true,"href":"https:\/\/memurunsesi.net\/index.php\/wp-json\/wp\/v2\/users\/1"}],"replies":[{"embeddable":true,"href":"https:\/\/memurunsesi.net\/index.php\/wp-json\/wp\/v2\/comments?post=18595"}],"version-history":[{"count":1,"href":"https:\/\/memurunsesi.net\/index.php\/wp-json\/wp\/v2\/posts\/18595\/revisions"}],"predecessor-version":[{"id":18596,"href":"https:\/\/memurunsesi.net\/index.php\/wp-json\/wp\/v2\/posts\/18595\/revisions\/18596"}],"wp:featuredmedia":[{"embeddable":true,"href":"https:\/\/memurunsesi.net\/index.php\/wp-json\/wp\/v2\/media\/17790"}],"wp:attachment":[{"href":"https:\/\/memurunsesi.net\/index.php\/wp-json\/wp\/v2\/media?parent=18595"}],"wp:term":[{"taxonomy":"category","embeddable":true,"href":"https:\/\/memurunsesi.net\/index.php\/wp-json\/wp\/v2\/categories?post=18595"},{"taxonomy":"post_tag","embeddable":true,"href":"https:\/\/memurunsesi.net\/index.php\/wp-json\/wp\/v2\/tags?post=18595"}],"curies":[{"name":"wp","href":"https:\/\/api.w.org\/{rel}","templated":true}]}}