{"id":18600,"date":"2026-03-24T08:44:26","date_gmt":"2026-03-24T05:44:26","guid":{"rendered":"https:\/\/memurunsesi.net\/?p=18600"},"modified":"2026-03-24T08:44:26","modified_gmt":"2026-03-24T05:44:26","slug":"sultangazide-trafoda-baslayan-yangin-depoyu-kul-etti","status":"publish","type":"post","link":"https:\/\/memurunsesi.net\/index.php\/2026\/03\/24\/sultangazide-trafoda-baslayan-yangin-depoyu-kul-etti\/","title":{"rendered":"Sultangazi&#8217;de trafoda ba\u015flayan yang\u0131n depoyu k\u00fcl etti"},"content":{"rendered":"<p>Sultangazi&#8217;de trafoda ba\u015flayan yang\u0131n, yan\u0131ndaki k\u00f6m\u00fcr deposuna s\u0131\u00e7rad\u0131. B\u00fcy\u00fcyen yang\u0131n itfaiye ekiplerince s\u00f6nd\u00fcr\u00fcld\u00fc.<br \/>\nYang\u0131n, 04.30 s\u0131ralar\u0131nda Sultangazi Eski Habipler Mahallesi Eski Edirne Asfalt\u0131 Caddesi \u00fczerinde meydana geldi. Edinilen bilgiye g\u00f6re trafoda ba\u015flayan yang\u0131n hemen yan\u0131nda k\u00f6m\u00fcr deposu ve ofis olarak kullan\u0131lan 2 katl\u0131 binaya s\u0131\u00e7rad\u0131. K\u00f6m\u00fcrlerin de alev almas\u0131yla b\u00fcy\u00fcyen yang\u0131n \u00fcst kat\u0131ndaki ofise do\u011fru yay\u0131ld\u0131. \u0130hbar \u00fczerine olay yerine \u00e7ok say\u0131da itfaiye, sa\u011fl\u0131k ve polis ekibi sevk edildi. Cadde \u00fczerini yang\u0131n sebebiyle duman kaplarken polis ekipleri \u00e7evrede g\u00fcvenlik \u00f6nlemi alarak trafik ak\u0131\u015f\u0131n\u0131 kontroll\u00fc sa\u011flad\u0131. \u0130tfaiye ekiplerinin m\u00fcdahalesi sonucu yang\u0131n daha fazla b\u00fcy\u00fcmeden kontrol alt\u0131na al\u0131nd\u0131. Yakla\u015f\u0131k 1 saatlik \u00e7al\u0131\u015fma sonucunda ise tamamen s\u00f6nd\u00fcr\u00fcld\u00fc.<br \/>\nOlayda \u00f6len ya da yaralanan kimse olmazken, 2 katl\u0131 binada b\u00fcy\u00fck \u00f6l\u00e7\u00fcde hasar meydana geldi. Yetkiler olayla ilgili inceleme ba\u015flatt\u0131.<\/p>\n<p>24.03.2026<\/p>\n","protected":false},"excerpt":{"rendered":"<p>Sultangazi&#8217;de trafoda ba\u015flayan yang\u0131n, yan\u0131ndaki k\u00f6m\u00fcr deposuna s\u0131\u00e7rad\u0131. B\u00fcy\u00fcyen yang\u0131n itfaiye ekiplerince s\u00f6nd\u00fcr\u00fcld\u00fc. Yang\u0131n, 04.30 s\u0131ralar\u0131nda Sultangazi Eski Habipler Mahallesi Eski Edirne Asfalt\u0131 Caddesi \u00fczerinde meydana geldi. Edinilen bilgiye g\u00f6re trafoda ba\u015flayan yang\u0131n hemen yan\u0131nda k\u00f6m\u00fcr deposu ve ofis olarak kullan\u0131lan 2 katl\u0131 binaya s\u0131\u00e7rad\u0131. K\u00f6m\u00fcrlerin de alev almas\u0131yla b\u00fcy\u00fcyen yang\u0131n \u00fcst kat\u0131ndaki ofise do\u011fru [&hellip;]<\/p>\n","protected":false},"author":1,"featured_media":18601,"comment_status":"open","ping_status":"open","sticky":false,"template":"","format":"standard","meta":{"footnotes":""},"categories":[45],"tags":[2417,2416,108],"class_list":["post-18600","post","type-post","status-publish","format-standard","has-post-thumbnail","hentry","category-gundem","tag-sicramakomur-deposu","tag-trafo-yangini","tag-yangin"],"yoast_head":"<!-- This site is optimized with the Yoast SEO plugin v27.4 - https:\/\/yoast.com\/product\/yoast-seo-wordpress\/ -->\n<title>Sultangazi&#039;de trafoda ba\u015flayan yang\u0131n depoyu k\u00fcl etti - Memurun Sesi<\/title>\n<meta name=\"description\" content=\"\u00a0 \u00a0 Sultangazi&#039;de trafoda ba\u015flayan yang\u0131n, yan\u0131ndaki k\u00f6m\u00fcr deposuna s\u0131\u00e7rad\u0131. B\u00fcy\u00fcyen yang\u0131n itfaiye ekiplerince s\u00f6nd\u00fcr\u00fcld\u00fc.\" \/>\n<meta name=\"robots\" content=\"index, follow, max-snippet:-1, max-image-preview:large, max-video-preview:-1\" \/>\n<link rel=\"canonical\" href=\"https:\/\/memurunsesi.net\/index.php\/2026\/03\/24\/sultangazide-trafoda-baslayan-yangin-depoyu-kul-etti\/\" \/>\n<meta property=\"og:locale\" content=\"tr_TR\" \/>\n<meta property=\"og:type\" content=\"article\" \/>\n<meta property=\"og:title\" content=\"Sultangazi&#039;de trafoda ba\u015flayan yang\u0131n depoyu k\u00fcl etti - Memurun Sesi\" \/>\n<meta property=\"og:description\" content=\"\u00a0 \u00a0 Sultangazi&#039;de trafoda ba\u015flayan yang\u0131n, yan\u0131ndaki k\u00f6m\u00fcr deposuna s\u0131\u00e7rad\u0131. B\u00fcy\u00fcyen yang\u0131n itfaiye ekiplerince s\u00f6nd\u00fcr\u00fcld\u00fc.\" \/>\n<meta property=\"og:url\" content=\"https:\/\/memurunsesi.net\/index.php\/2026\/03\/24\/sultangazide-trafoda-baslayan-yangin-depoyu-kul-etti\/\" \/>\n<meta property=\"og:site_name\" content=\"Memurun Sesi\" \/>\n<meta property=\"article:publisher\" content=\"https:\/\/www.facebook.com\/unipersen\/?locale=tr_TR\" \/>\n<meta property=\"article:published_time\" content=\"2026-03-24T05:44:26+00:00\" \/>\n<meta property=\"og:image\" content=\"https:\/\/memurunsesi.net\/wp-content\/uploads\/2026\/03\/yangin-8.jpg\" \/>\n\t<meta property=\"og:image:width\" content=\"1600\" \/>\n\t<meta property=\"og:image:height\" content=\"900\" \/>\n\t<meta property=\"og:image:type\" content=\"image\/jpeg\" \/>\n<meta name=\"author\" content=\"Memurun Sesi Haber Merkezi\" \/>\n<meta name=\"twitter:card\" content=\"summary_large_image\" \/>\n<meta name=\"twitter:creator\" content=\"@unipersen\" \/>\n<meta name=\"twitter:site\" content=\"@unipersen\" \/>\n<meta name=\"twitter:label1\" content=\"Yazan:\" \/>\n\t<meta name=\"twitter:data1\" content=\"Memurun Sesi Haber Merkezi\" \/>\n\t<meta name=\"twitter:label2\" content=\"Tahmini okuma s\u00fcresi\" \/>\n\t<meta name=\"twitter:data2\" content=\"1 dakika\" \/>\n<script type=\"application\/ld+json\" class=\"yoast-schema-graph\">{\"@context\":\"https:\\\/\\\/schema.org\",\"@graph\":[{\"@type\":\"Article\",\"@id\":\"https:\\\/\\\/memurunsesi.net\\\/index.php\\\/2026\\\/03\\\/24\\\/sultangazide-trafoda-baslayan-yangin-depoyu-kul-etti\\\/#article\",\"isPartOf\":{\"@id\":\"https:\\\/\\\/memurunsesi.net\\\/index.php\\\/2026\\\/03\\\/24\\\/sultangazide-trafoda-baslayan-yangin-depoyu-kul-etti\\\/\"},\"author\":{\"name\":\"Memurun Sesi Haber Merkezi\",\"@id\":\"https:\\\/\\\/memurunsesi.net\\\/#\\\/schema\\\/person\\\/f21c2d73b89f6ee1d80b0a1803e38587\"},\"headline\":\"Sultangazi&#8217;de trafoda ba\u015flayan yang\u0131n depoyu k\u00fcl etti\",\"datePublished\":\"2026-03-24T05:44:26+00:00\",\"mainEntityOfPage\":{\"@id\":\"https:\\\/\\\/memurunsesi.net\\\/index.php\\\/2026\\\/03\\\/24\\\/sultangazide-trafoda-baslayan-yangin-depoyu-kul-etti\\\/\"},\"wordCount\":186,\"commentCount\":0,\"publisher\":{\"@id\":\"https:\\\/\\\/memurunsesi.net\\\/#organization\"},\"image\":{\"@id\":\"https:\\\/\\\/memurunsesi.net\\\/index.php\\\/2026\\\/03\\\/24\\\/sultangazide-trafoda-baslayan-yangin-depoyu-kul-etti\\\/#primaryimage\"},\"thumbnailUrl\":\"https:\\\/\\\/memurunsesi.net\\\/wp-content\\\/uploads\\\/2026\\\/03\\\/yangin-8.jpg\",\"keywords\":[\"s\u0131\u00e7rama;k\u00f6m\u00fcr deposu\",\"trafo yang\u0131n\u0131\",\"yang\u0131n\"],\"articleSection\":[\"G\u00fcndem\"],\"inLanguage\":\"tr\",\"potentialAction\":[{\"@type\":\"CommentAction\",\"name\":\"Comment\",\"target\":[\"https:\\\/\\\/memurunsesi.net\\\/index.php\\\/2026\\\/03\\\/24\\\/sultangazide-trafoda-baslayan-yangin-depoyu-kul-etti\\\/#respond\"]}]},{\"@type\":\"WebPage\",\"@id\":\"https:\\\/\\\/memurunsesi.net\\\/index.php\\\/2026\\\/03\\\/24\\\/sultangazide-trafoda-baslayan-yangin-depoyu-kul-etti\\\/\",\"url\":\"https:\\\/\\\/memurunsesi.net\\\/index.php\\\/2026\\\/03\\\/24\\\/sultangazide-trafoda-baslayan-yangin-depoyu-kul-etti\\\/\",\"name\":\"Sultangazi'de trafoda ba\u015flayan yang\u0131n depoyu k\u00fcl etti - Memurun Sesi\",\"isPartOf\":{\"@id\":\"https:\\\/\\\/memurunsesi.net\\\/#website\"},\"primaryImageOfPage\":{\"@id\":\"https:\\\/\\\/memurunsesi.net\\\/index.php\\\/2026\\\/03\\\/24\\\/sultangazide-trafoda-baslayan-yangin-depoyu-kul-etti\\\/#primaryimage\"},\"image\":{\"@id\":\"https:\\\/\\\/memurunsesi.net\\\/index.php\\\/2026\\\/03\\\/24\\\/sultangazide-trafoda-baslayan-yangin-depoyu-kul-etti\\\/#primaryimage\"},\"thumbnailUrl\":\"https:\\\/\\\/memurunsesi.net\\\/wp-content\\\/uploads\\\/2026\\\/03\\\/yangin-8.jpg\",\"datePublished\":\"2026-03-24T05:44:26+00:00\",\"description\":\"\u00a0 \u00a0 Sultangazi'de trafoda ba\u015flayan yang\u0131n, yan\u0131ndaki k\u00f6m\u00fcr deposuna s\u0131\u00e7rad\u0131. B\u00fcy\u00fcyen yang\u0131n itfaiye ekiplerince s\u00f6nd\u00fcr\u00fcld\u00fc.\",\"breadcrumb\":{\"@id\":\"https:\\\/\\\/memurunsesi.net\\\/index.php\\\/2026\\\/03\\\/24\\\/sultangazide-trafoda-baslayan-yangin-depoyu-kul-etti\\\/#breadcrumb\"},\"inLanguage\":\"tr\",\"potentialAction\":[{\"@type\":\"ReadAction\",\"target\":[\"https:\\\/\\\/memurunsesi.net\\\/index.php\\\/2026\\\/03\\\/24\\\/sultangazide-trafoda-baslayan-yangin-depoyu-kul-etti\\\/\"]}]},{\"@type\":\"ImageObject\",\"inLanguage\":\"tr\",\"@id\":\"https:\\\/\\\/memurunsesi.net\\\/index.php\\\/2026\\\/03\\\/24\\\/sultangazide-trafoda-baslayan-yangin-depoyu-kul-etti\\\/#primaryimage\",\"url\":\"https:\\\/\\\/memurunsesi.net\\\/wp-content\\\/uploads\\\/2026\\\/03\\\/yangin-8.jpg\",\"contentUrl\":\"https:\\\/\\\/memurunsesi.net\\\/wp-content\\\/uploads\\\/2026\\\/03\\\/yangin-8.jpg\",\"width\":1600,\"height\":900,\"caption\":\"SULTANGAZ\u0130'DE TRAFODA BA\u015eLAYAN YANGIN DEPOYU K\u00dcL ETT\u0130 (EN\u0130S DERD\u0130MENTO\u011eLU\\\/\u0130STANBUL-\u0130HA) Sultangazi'de trafoda ba\u015flayan yang\u0131n, yan\u0131ndaki k\u00f6m\u00fcr deposuna s\u0131\u00e7rad\u0131. B\u00fcy\u00fcyen yang\u0131n itfaiye ekiplerince s\u00f6nd\u00fcr\u00fcld\u00fc.\"},{\"@type\":\"BreadcrumbList\",\"@id\":\"https:\\\/\\\/memurunsesi.net\\\/index.php\\\/2026\\\/03\\\/24\\\/sultangazide-trafoda-baslayan-yangin-depoyu-kul-etti\\\/#breadcrumb\",\"itemListElement\":[{\"@type\":\"ListItem\",\"position\":1,\"name\":\"Anasayfa\",\"item\":\"https:\\\/\\\/memurunsesi.net\\\/\"},{\"@type\":\"ListItem\",\"position\":2,\"name\":\"Sultangazi&#8217;de trafoda ba\u015flayan yang\u0131n depoyu k\u00fcl etti\"}]},{\"@type\":\"WebSite\",\"@id\":\"https:\\\/\\\/memurunsesi.net\\\/#website\",\"url\":\"https:\\\/\\\/memurunsesi.net\\\/\",\"name\":\"Memurun Sesi\",\"description\":\"G\u00fcncel ve Do\u011fru Haber\",\"publisher\":{\"@id\":\"https:\\\/\\\/memurunsesi.net\\\/#organization\"},\"potentialAction\":[{\"@type\":\"SearchAction\",\"target\":{\"@type\":\"EntryPoint\",\"urlTemplate\":\"https:\\\/\\\/memurunsesi.net\\\/?s={search_term_string}\"},\"query-input\":{\"@type\":\"PropertyValueSpecification\",\"valueRequired\":true,\"valueName\":\"search_term_string\"}}],\"inLanguage\":\"tr\"},{\"@type\":\"Organization\",\"@id\":\"https:\\\/\\\/memurunsesi.net\\\/#organization\",\"name\":\"Memurun Sesi\",\"url\":\"https:\\\/\\\/memurunsesi.net\\\/\",\"logo\":{\"@type\":\"ImageObject\",\"inLanguage\":\"tr\",\"@id\":\"https:\\\/\\\/memurunsesi.net\\\/#\\\/schema\\\/logo\\\/image\\\/\",\"url\":\"https:\\\/\\\/memurunsesi.net\\\/wp-content\\\/uploads\\\/2025\\\/11\\\/cropped-MEMURUN-SESI.png\",\"contentUrl\":\"https:\\\/\\\/memurunsesi.net\\\/wp-content\\\/uploads\\\/2025\\\/11\\\/cropped-MEMURUN-SESI.png\",\"width\":238,\"height\":57,\"caption\":\"Memurun Sesi\"},\"image\":{\"@id\":\"https:\\\/\\\/memurunsesi.net\\\/#\\\/schema\\\/logo\\\/image\\\/\"},\"sameAs\":[\"https:\\\/\\\/www.facebook.com\\\/unipersen\\\/?locale=tr_TR\",\"https:\\\/\\\/x.com\\\/unipersen\"]},{\"@type\":\"Person\",\"@id\":\"https:\\\/\\\/memurunsesi.net\\\/#\\\/schema\\\/person\\\/f21c2d73b89f6ee1d80b0a1803e38587\",\"name\":\"Memurun Sesi Haber Merkezi\",\"image\":{\"@type\":\"ImageObject\",\"inLanguage\":\"tr\",\"@id\":\"https:\\\/\\\/secure.gravatar.com\\\/avatar\\\/6cf0505f452ee753f485014986fab09a434671d2b919ee76fc541025c5876a70?s=96&d=mm&r=g\",\"url\":\"https:\\\/\\\/secure.gravatar.com\\\/avatar\\\/6cf0505f452ee753f485014986fab09a434671d2b919ee76fc541025c5876a70?s=96&d=mm&r=g\",\"contentUrl\":\"https:\\\/\\\/secure.gravatar.com\\\/avatar\\\/6cf0505f452ee753f485014986fab09a434671d2b919ee76fc541025c5876a70?s=96&d=mm&r=g\",\"caption\":\"Memurun Sesi Haber Merkezi\"},\"sameAs\":[\"https:\\\/\\\/memurunsesi.net\"],\"url\":\"https:\\\/\\\/memurunsesi.net\\\/index.php\\\/author\\\/uniper\\\/\"}]}<\/script>\n<!-- \/ Yoast SEO plugin. -->","yoast_head_json":{"title":"Sultangazi'de trafoda ba\u015flayan yang\u0131n depoyu k\u00fcl etti - Memurun Sesi","description":"\u00a0 \u00a0 Sultangazi'de trafoda ba\u015flayan yang\u0131n, yan\u0131ndaki k\u00f6m\u00fcr deposuna s\u0131\u00e7rad\u0131. B\u00fcy\u00fcyen yang\u0131n itfaiye ekiplerince s\u00f6nd\u00fcr\u00fcld\u00fc.","robots":{"index":"index","follow":"follow","max-snippet":"max-snippet:-1","max-image-preview":"max-image-preview:large","max-video-preview":"max-video-preview:-1"},"canonical":"https:\/\/memurunsesi.net\/index.php\/2026\/03\/24\/sultangazide-trafoda-baslayan-yangin-depoyu-kul-etti\/","og_locale":"tr_TR","og_type":"article","og_title":"Sultangazi'de trafoda ba\u015flayan yang\u0131n depoyu k\u00fcl etti - Memurun Sesi","og_description":"\u00a0 \u00a0 Sultangazi'de trafoda ba\u015flayan yang\u0131n, yan\u0131ndaki k\u00f6m\u00fcr deposuna s\u0131\u00e7rad\u0131. B\u00fcy\u00fcyen yang\u0131n itfaiye ekiplerince s\u00f6nd\u00fcr\u00fcld\u00fc.","og_url":"https:\/\/memurunsesi.net\/index.php\/2026\/03\/24\/sultangazide-trafoda-baslayan-yangin-depoyu-kul-etti\/","og_site_name":"Memurun Sesi","article_publisher":"https:\/\/www.facebook.com\/unipersen\/?locale=tr_TR","article_published_time":"2026-03-24T05:44:26+00:00","og_image":[{"width":1600,"height":900,"url":"https:\/\/memurunsesi.net\/wp-content\/uploads\/2026\/03\/yangin-8.jpg","type":"image\/jpeg"}],"author":"Memurun Sesi Haber Merkezi","twitter_card":"summary_large_image","twitter_creator":"@unipersen","twitter_site":"@unipersen","twitter_misc":{"Yazan:":"Memurun Sesi Haber Merkezi","Tahmini okuma s\u00fcresi":"1 dakika"},"schema":{"@context":"https:\/\/schema.org","@graph":[{"@type":"Article","@id":"https:\/\/memurunsesi.net\/index.php\/2026\/03\/24\/sultangazide-trafoda-baslayan-yangin-depoyu-kul-etti\/#article","isPartOf":{"@id":"https:\/\/memurunsesi.net\/index.php\/2026\/03\/24\/sultangazide-trafoda-baslayan-yangin-depoyu-kul-etti\/"},"author":{"name":"Memurun Sesi Haber Merkezi","@id":"https:\/\/memurunsesi.net\/#\/schema\/person\/f21c2d73b89f6ee1d80b0a1803e38587"},"headline":"Sultangazi&#8217;de trafoda ba\u015flayan yang\u0131n depoyu k\u00fcl etti","datePublished":"2026-03-24T05:44:26+00:00","mainEntityOfPage":{"@id":"https:\/\/memurunsesi.net\/index.php\/2026\/03\/24\/sultangazide-trafoda-baslayan-yangin-depoyu-kul-etti\/"},"wordCount":186,"commentCount":0,"publisher":{"@id":"https:\/\/memurunsesi.net\/#organization"},"image":{"@id":"https:\/\/memurunsesi.net\/index.php\/2026\/03\/24\/sultangazide-trafoda-baslayan-yangin-depoyu-kul-etti\/#primaryimage"},"thumbnailUrl":"https:\/\/memurunsesi.net\/wp-content\/uploads\/2026\/03\/yangin-8.jpg","keywords":["s\u0131\u00e7rama;k\u00f6m\u00fcr deposu","trafo yang\u0131n\u0131","yang\u0131n"],"articleSection":["G\u00fcndem"],"inLanguage":"tr","potentialAction":[{"@type":"CommentAction","name":"Comment","target":["https:\/\/memurunsesi.net\/index.php\/2026\/03\/24\/sultangazide-trafoda-baslayan-yangin-depoyu-kul-etti\/#respond"]}]},{"@type":"WebPage","@id":"https:\/\/memurunsesi.net\/index.php\/2026\/03\/24\/sultangazide-trafoda-baslayan-yangin-depoyu-kul-etti\/","url":"https:\/\/memurunsesi.net\/index.php\/2026\/03\/24\/sultangazide-trafoda-baslayan-yangin-depoyu-kul-etti\/","name":"Sultangazi'de trafoda ba\u015flayan yang\u0131n depoyu k\u00fcl etti - Memurun Sesi","isPartOf":{"@id":"https:\/\/memurunsesi.net\/#website"},"primaryImageOfPage":{"@id":"https:\/\/memurunsesi.net\/index.php\/2026\/03\/24\/sultangazide-trafoda-baslayan-yangin-depoyu-kul-etti\/#primaryimage"},"image":{"@id":"https:\/\/memurunsesi.net\/index.php\/2026\/03\/24\/sultangazide-trafoda-baslayan-yangin-depoyu-kul-etti\/#primaryimage"},"thumbnailUrl":"https:\/\/memurunsesi.net\/wp-content\/uploads\/2026\/03\/yangin-8.jpg","datePublished":"2026-03-24T05:44:26+00:00","description":"\u00a0 \u00a0 Sultangazi'de trafoda ba\u015flayan yang\u0131n, yan\u0131ndaki k\u00f6m\u00fcr deposuna s\u0131\u00e7rad\u0131. B\u00fcy\u00fcyen yang\u0131n itfaiye ekiplerince s\u00f6nd\u00fcr\u00fcld\u00fc.","breadcrumb":{"@id":"https:\/\/memurunsesi.net\/index.php\/2026\/03\/24\/sultangazide-trafoda-baslayan-yangin-depoyu-kul-etti\/#breadcrumb"},"inLanguage":"tr","potentialAction":[{"@type":"ReadAction","target":["https:\/\/memurunsesi.net\/index.php\/2026\/03\/24\/sultangazide-trafoda-baslayan-yangin-depoyu-kul-etti\/"]}]},{"@type":"ImageObject","inLanguage":"tr","@id":"https:\/\/memurunsesi.net\/index.php\/2026\/03\/24\/sultangazide-trafoda-baslayan-yangin-depoyu-kul-etti\/#primaryimage","url":"https:\/\/memurunsesi.net\/wp-content\/uploads\/2026\/03\/yangin-8.jpg","contentUrl":"https:\/\/memurunsesi.net\/wp-content\/uploads\/2026\/03\/yangin-8.jpg","width":1600,"height":900,"caption":"SULTANGAZ\u0130'DE TRAFODA BA\u015eLAYAN YANGIN DEPOYU K\u00dcL ETT\u0130 (EN\u0130S DERD\u0130MENTO\u011eLU\/\u0130STANBUL-\u0130HA) Sultangazi'de trafoda ba\u015flayan yang\u0131n, yan\u0131ndaki k\u00f6m\u00fcr deposuna s\u0131\u00e7rad\u0131. B\u00fcy\u00fcyen yang\u0131n itfaiye ekiplerince s\u00f6nd\u00fcr\u00fcld\u00fc."},{"@type":"BreadcrumbList","@id":"https:\/\/memurunsesi.net\/index.php\/2026\/03\/24\/sultangazide-trafoda-baslayan-yangin-depoyu-kul-etti\/#breadcrumb","itemListElement":[{"@type":"ListItem","position":1,"name":"Anasayfa","item":"https:\/\/memurunsesi.net\/"},{"@type":"ListItem","position":2,"name":"Sultangazi&#8217;de trafoda ba\u015flayan yang\u0131n depoyu k\u00fcl etti"}]},{"@type":"WebSite","@id":"https:\/\/memurunsesi.net\/#website","url":"https:\/\/memurunsesi.net\/","name":"Memurun Sesi","description":"G\u00fcncel ve Do\u011fru Haber","publisher":{"@id":"https:\/\/memurunsesi.net\/#organization"},"potentialAction":[{"@type":"SearchAction","target":{"@type":"EntryPoint","urlTemplate":"https:\/\/memurunsesi.net\/?s={search_term_string}"},"query-input":{"@type":"PropertyValueSpecification","valueRequired":true,"valueName":"search_term_string"}}],"inLanguage":"tr"},{"@type":"Organization","@id":"https:\/\/memurunsesi.net\/#organization","name":"Memurun Sesi","url":"https:\/\/memurunsesi.net\/","logo":{"@type":"ImageObject","inLanguage":"tr","@id":"https:\/\/memurunsesi.net\/#\/schema\/logo\/image\/","url":"https:\/\/memurunsesi.net\/wp-content\/uploads\/2025\/11\/cropped-MEMURUN-SESI.png","contentUrl":"https:\/\/memurunsesi.net\/wp-content\/uploads\/2025\/11\/cropped-MEMURUN-SESI.png","width":238,"height":57,"caption":"Memurun Sesi"},"image":{"@id":"https:\/\/memurunsesi.net\/#\/schema\/logo\/image\/"},"sameAs":["https:\/\/www.facebook.com\/unipersen\/?locale=tr_TR","https:\/\/x.com\/unipersen"]},{"@type":"Person","@id":"https:\/\/memurunsesi.net\/#\/schema\/person\/f21c2d73b89f6ee1d80b0a1803e38587","name":"Memurun Sesi Haber Merkezi","image":{"@type":"ImageObject","inLanguage":"tr","@id":"https:\/\/secure.gravatar.com\/avatar\/6cf0505f452ee753f485014986fab09a434671d2b919ee76fc541025c5876a70?s=96&d=mm&r=g","url":"https:\/\/secure.gravatar.com\/avatar\/6cf0505f452ee753f485014986fab09a434671d2b919ee76fc541025c5876a70?s=96&d=mm&r=g","contentUrl":"https:\/\/secure.gravatar.com\/avatar\/6cf0505f452ee753f485014986fab09a434671d2b919ee76fc541025c5876a70?s=96&d=mm&r=g","caption":"Memurun Sesi Haber Merkezi"},"sameAs":["https:\/\/memurunsesi.net"],"url":"https:\/\/memurunsesi.net\/index.php\/author\/uniper\/"}]}},"_links":{"self":[{"href":"https:\/\/memurunsesi.net\/index.php\/wp-json\/wp\/v2\/posts\/18600","targetHints":{"allow":["GET"]}}],"collection":[{"href":"https:\/\/memurunsesi.net\/index.php\/wp-json\/wp\/v2\/posts"}],"about":[{"href":"https:\/\/memurunsesi.net\/index.php\/wp-json\/wp\/v2\/types\/post"}],"author":[{"embeddable":true,"href":"https:\/\/memurunsesi.net\/index.php\/wp-json\/wp\/v2\/users\/1"}],"replies":[{"embeddable":true,"href":"https:\/\/memurunsesi.net\/index.php\/wp-json\/wp\/v2\/comments?post=18600"}],"version-history":[{"count":1,"href":"https:\/\/memurunsesi.net\/index.php\/wp-json\/wp\/v2\/posts\/18600\/revisions"}],"predecessor-version":[{"id":18602,"href":"https:\/\/memurunsesi.net\/index.php\/wp-json\/wp\/v2\/posts\/18600\/revisions\/18602"}],"wp:featuredmedia":[{"embeddable":true,"href":"https:\/\/memurunsesi.net\/index.php\/wp-json\/wp\/v2\/media\/18601"}],"wp:attachment":[{"href":"https:\/\/memurunsesi.net\/index.php\/wp-json\/wp\/v2\/media?parent=18600"}],"wp:term":[{"taxonomy":"category","embeddable":true,"href":"https:\/\/memurunsesi.net\/index.php\/wp-json\/wp\/v2\/categories?post=18600"},{"taxonomy":"post_tag","embeddable":true,"href":"https:\/\/memurunsesi.net\/index.php\/wp-json\/wp\/v2\/tags?post=18600"}],"curies":[{"name":"wp","href":"https:\/\/api.w.org\/{rel}","templated":true}]}}