{"id":18603,"date":"2026-03-24T08:47:13","date_gmt":"2026-03-24T05:47:13","guid":{"rendered":"https:\/\/memurunsesi.net\/?p=18603"},"modified":"2026-03-24T08:47:13","modified_gmt":"2026-03-24T05:47:13","slug":"malatyada-eski-esinin-komsulari-tarafindan-darbedilen-sahis-hastanelik-oldu","status":"publish","type":"post","link":"https:\/\/memurunsesi.net\/index.php\/2026\/03\/24\/malatyada-eski-esinin-komsulari-tarafindan-darbedilen-sahis-hastanelik-oldu\/","title":{"rendered":"Malatya&#8217;da eski e\u015finin kom\u015fular\u0131 taraf\u0131ndan darbedilen \u015fah\u0131s hastanelik oldu"},"content":{"rendered":"<p>Malatya&#8217;da \u00e7\u0131kan kavgada eski e\u015finin kom\u015fular\u0131 taraf\u0131ndan sopalarla darbedilen \u015fah\u0131s hastanelik oldu.<br \/>\nOlay, saat 19.30 s\u0131ralar\u0131nda Ye\u015filyurt il\u00e7esi Yavuz Selim Mahallesi Billur Sokak&#8217;ta meydana geldi. Edinilen bilgilere g\u00f6re, E.T. ile eski e\u015fi H.A. aras\u0131nda hen\u00fcz bilinmeyen bir nedenle tart\u0131\u015fma \u00e7\u0131kt\u0131. K\u0131sa s\u00fcrede b\u00fcy\u00fcyerek kavgaya d\u00f6n\u00fc\u015fen olaya H.A.&#8217;n\u0131n kom\u015fular\u0131 H.\u015e., E.Y., H.M.\u00c7. ve M.B.\u015e. de dahil oldu. 4 ki\u015fi taraf\u0131ndan sopalarla dakikalarca darbedilen E.T., ihbar \u00fczerine olay yerine sevk edilen Yunus Timleri taraf\u0131ndan kurtar\u0131larak hastaneye kald\u0131r\u0131ld\u0131. Cep telefonu kameras\u0131na da yans\u0131yan olayla ilgili ba\u015flat\u0131lan incelemeler s\u00fcr\u00fcyor.<\/p>\n<p>23.03.2026<\/p>\n","protected":false},"excerpt":{"rendered":"<p>Malatya&#8217;da \u00e7\u0131kan kavgada eski e\u015finin kom\u015fular\u0131 taraf\u0131ndan sopalarla darbedilen \u015fah\u0131s hastanelik oldu. Olay, saat 19.30 s\u0131ralar\u0131nda Ye\u015filyurt il\u00e7esi Yavuz Selim Mahallesi Billur Sokak&#8217;ta meydana geldi. Edinilen bilgilere g\u00f6re, E.T. ile eski e\u015fi H.A. aras\u0131nda hen\u00fcz bilinmeyen bir nedenle tart\u0131\u015fma \u00e7\u0131kt\u0131. K\u0131sa s\u00fcrede b\u00fcy\u00fcyerek kavgaya d\u00f6n\u00fc\u015fen olaya H.A.&#8217;n\u0131n kom\u015fular\u0131 H.\u015e., E.Y., H.M.\u00c7. ve M.B.\u015e. de dahil [&hellip;]<\/p>\n","protected":false},"author":1,"featured_media":18604,"comment_status":"open","ping_status":"open","sticky":false,"template":"","format":"standard","meta":{"footnotes":""},"categories":[50],"tags":[2418,2419,2420],"class_list":["post-18603","post","type-post","status-publish","format-standard","has-post-thumbnail","hentry","category-tum-haberler","tag-eski-es","tag-komsu","tag-tarafindan-darp-edildi"],"yoast_head":"<!-- This site is optimized with the Yoast SEO plugin v27.4 - https:\/\/yoast.com\/product\/yoast-seo-wordpress\/ -->\n<title>Malatya&#039;da eski e\u015finin kom\u015fular\u0131 taraf\u0131ndan darbedilen \u015fah\u0131s hastanelik oldu - Memurun Sesi<\/title>\n<meta name=\"description\" content=\"\u00a0 \u00a0Malatya&#039;da \u00e7\u0131kan kavgada eski e\u015finin kom\u015fular\u0131 taraf\u0131ndan sopalarla darbedilen \u015fah\u0131s hastanelik oldu.\" \/>\n<meta name=\"robots\" content=\"index, follow, max-snippet:-1, max-image-preview:large, max-video-preview:-1\" \/>\n<link rel=\"canonical\" href=\"https:\/\/memurunsesi.net\/index.php\/2026\/03\/24\/malatyada-eski-esinin-komsulari-tarafindan-darbedilen-sahis-hastanelik-oldu\/\" \/>\n<meta property=\"og:locale\" content=\"tr_TR\" \/>\n<meta property=\"og:type\" content=\"article\" \/>\n<meta property=\"og:title\" content=\"Malatya&#039;da eski e\u015finin kom\u015fular\u0131 taraf\u0131ndan darbedilen \u015fah\u0131s hastanelik oldu - Memurun Sesi\" \/>\n<meta property=\"og:description\" content=\"\u00a0 \u00a0Malatya&#039;da \u00e7\u0131kan kavgada eski e\u015finin kom\u015fular\u0131 taraf\u0131ndan sopalarla darbedilen \u015fah\u0131s hastanelik oldu.\" \/>\n<meta property=\"og:url\" content=\"https:\/\/memurunsesi.net\/index.php\/2026\/03\/24\/malatyada-eski-esinin-komsulari-tarafindan-darbedilen-sahis-hastanelik-oldu\/\" \/>\n<meta property=\"og:site_name\" content=\"Memurun Sesi\" \/>\n<meta property=\"article:publisher\" content=\"https:\/\/www.facebook.com\/unipersen\/?locale=tr_TR\" \/>\n<meta property=\"article:published_time\" content=\"2026-03-24T05:47:13+00:00\" \/>\n<meta property=\"og:image\" content=\"https:\/\/memurunsesi.net\/wp-content\/uploads\/2026\/03\/komsu.jpg\" \/>\n\t<meta property=\"og:image:width\" content=\"1204\" \/>\n\t<meta property=\"og:image:height\" content=\"943\" \/>\n\t<meta property=\"og:image:type\" content=\"image\/jpeg\" \/>\n<meta name=\"author\" content=\"Memurun Sesi Haber Merkezi\" \/>\n<meta name=\"twitter:card\" content=\"summary_large_image\" \/>\n<meta name=\"twitter:creator\" content=\"@unipersen\" \/>\n<meta name=\"twitter:site\" content=\"@unipersen\" \/>\n<meta name=\"twitter:label1\" content=\"Yazan:\" \/>\n\t<meta name=\"twitter:data1\" content=\"Memurun Sesi Haber Merkezi\" \/>\n\t<meta name=\"twitter:label2\" content=\"Tahmini okuma s\u00fcresi\" \/>\n\t<meta name=\"twitter:data2\" content=\"1 dakika\" \/>\n<script type=\"application\/ld+json\" class=\"yoast-schema-graph\">{\"@context\":\"https:\\\/\\\/schema.org\",\"@graph\":[{\"@type\":\"Article\",\"@id\":\"https:\\\/\\\/memurunsesi.net\\\/index.php\\\/2026\\\/03\\\/24\\\/malatyada-eski-esinin-komsulari-tarafindan-darbedilen-sahis-hastanelik-oldu\\\/#article\",\"isPartOf\":{\"@id\":\"https:\\\/\\\/memurunsesi.net\\\/index.php\\\/2026\\\/03\\\/24\\\/malatyada-eski-esinin-komsulari-tarafindan-darbedilen-sahis-hastanelik-oldu\\\/\"},\"author\":{\"name\":\"Memurun Sesi Haber Merkezi\",\"@id\":\"https:\\\/\\\/memurunsesi.net\\\/#\\\/schema\\\/person\\\/f21c2d73b89f6ee1d80b0a1803e38587\"},\"headline\":\"Malatya&#8217;da eski e\u015finin kom\u015fular\u0131 taraf\u0131ndan darbedilen \u015fah\u0131s hastanelik oldu\",\"datePublished\":\"2026-03-24T05:47:13+00:00\",\"mainEntityOfPage\":{\"@id\":\"https:\\\/\\\/memurunsesi.net\\\/index.php\\\/2026\\\/03\\\/24\\\/malatyada-eski-esinin-komsulari-tarafindan-darbedilen-sahis-hastanelik-oldu\\\/\"},\"wordCount\":140,\"commentCount\":0,\"publisher\":{\"@id\":\"https:\\\/\\\/memurunsesi.net\\\/#organization\"},\"image\":{\"@id\":\"https:\\\/\\\/memurunsesi.net\\\/index.php\\\/2026\\\/03\\\/24\\\/malatyada-eski-esinin-komsulari-tarafindan-darbedilen-sahis-hastanelik-oldu\\\/#primaryimage\"},\"thumbnailUrl\":\"https:\\\/\\\/memurunsesi.net\\\/wp-content\\\/uploads\\\/2026\\\/03\\\/komsu.jpg\",\"keywords\":[\"eski e\u015f\",\"kom\u015fu\",\"taraf\u0131ndan darp edildi\"],\"articleSection\":[\"T\u00fcm Haberler\"],\"inLanguage\":\"tr\",\"potentialAction\":[{\"@type\":\"CommentAction\",\"name\":\"Comment\",\"target\":[\"https:\\\/\\\/memurunsesi.net\\\/index.php\\\/2026\\\/03\\\/24\\\/malatyada-eski-esinin-komsulari-tarafindan-darbedilen-sahis-hastanelik-oldu\\\/#respond\"]}]},{\"@type\":\"WebPage\",\"@id\":\"https:\\\/\\\/memurunsesi.net\\\/index.php\\\/2026\\\/03\\\/24\\\/malatyada-eski-esinin-komsulari-tarafindan-darbedilen-sahis-hastanelik-oldu\\\/\",\"url\":\"https:\\\/\\\/memurunsesi.net\\\/index.php\\\/2026\\\/03\\\/24\\\/malatyada-eski-esinin-komsulari-tarafindan-darbedilen-sahis-hastanelik-oldu\\\/\",\"name\":\"Malatya'da eski e\u015finin kom\u015fular\u0131 taraf\u0131ndan darbedilen \u015fah\u0131s hastanelik oldu - Memurun Sesi\",\"isPartOf\":{\"@id\":\"https:\\\/\\\/memurunsesi.net\\\/#website\"},\"primaryImageOfPage\":{\"@id\":\"https:\\\/\\\/memurunsesi.net\\\/index.php\\\/2026\\\/03\\\/24\\\/malatyada-eski-esinin-komsulari-tarafindan-darbedilen-sahis-hastanelik-oldu\\\/#primaryimage\"},\"image\":{\"@id\":\"https:\\\/\\\/memurunsesi.net\\\/index.php\\\/2026\\\/03\\\/24\\\/malatyada-eski-esinin-komsulari-tarafindan-darbedilen-sahis-hastanelik-oldu\\\/#primaryimage\"},\"thumbnailUrl\":\"https:\\\/\\\/memurunsesi.net\\\/wp-content\\\/uploads\\\/2026\\\/03\\\/komsu.jpg\",\"datePublished\":\"2026-03-24T05:47:13+00:00\",\"description\":\"\u00a0 \u00a0Malatya'da \u00e7\u0131kan kavgada eski e\u015finin kom\u015fular\u0131 taraf\u0131ndan sopalarla darbedilen \u015fah\u0131s hastanelik oldu.\",\"breadcrumb\":{\"@id\":\"https:\\\/\\\/memurunsesi.net\\\/index.php\\\/2026\\\/03\\\/24\\\/malatyada-eski-esinin-komsulari-tarafindan-darbedilen-sahis-hastanelik-oldu\\\/#breadcrumb\"},\"inLanguage\":\"tr\",\"potentialAction\":[{\"@type\":\"ReadAction\",\"target\":[\"https:\\\/\\\/memurunsesi.net\\\/index.php\\\/2026\\\/03\\\/24\\\/malatyada-eski-esinin-komsulari-tarafindan-darbedilen-sahis-hastanelik-oldu\\\/\"]}]},{\"@type\":\"ImageObject\",\"inLanguage\":\"tr\",\"@id\":\"https:\\\/\\\/memurunsesi.net\\\/index.php\\\/2026\\\/03\\\/24\\\/malatyada-eski-esinin-komsulari-tarafindan-darbedilen-sahis-hastanelik-oldu\\\/#primaryimage\",\"url\":\"https:\\\/\\\/memurunsesi.net\\\/wp-content\\\/uploads\\\/2026\\\/03\\\/komsu.jpg\",\"contentUrl\":\"https:\\\/\\\/memurunsesi.net\\\/wp-content\\\/uploads\\\/2026\\\/03\\\/komsu.jpg\",\"width\":1204,\"height\":943,\"caption\":\"MALATYA'DA ESK\u0130 E\u015e KAVGASI KANLI B\u0130TT\u0130: 1 K\u0130\u015e\u0130 SOPALARLA YARALANDI (HASAN ERYILMAZ\\\/MALATYA-\u0130HA) Malatya'da \u00e7\u0131kan kavgada eski e\u015finin kom\u015fular\u0131 taraf\u0131ndan sopalarla darbedilen \u015fah\u0131s hastanelik oldu.\"},{\"@type\":\"BreadcrumbList\",\"@id\":\"https:\\\/\\\/memurunsesi.net\\\/index.php\\\/2026\\\/03\\\/24\\\/malatyada-eski-esinin-komsulari-tarafindan-darbedilen-sahis-hastanelik-oldu\\\/#breadcrumb\",\"itemListElement\":[{\"@type\":\"ListItem\",\"position\":1,\"name\":\"Anasayfa\",\"item\":\"https:\\\/\\\/memurunsesi.net\\\/\"},{\"@type\":\"ListItem\",\"position\":2,\"name\":\"Malatya&#8217;da eski e\u015finin kom\u015fular\u0131 taraf\u0131ndan darbedilen \u015fah\u0131s hastanelik oldu\"}]},{\"@type\":\"WebSite\",\"@id\":\"https:\\\/\\\/memurunsesi.net\\\/#website\",\"url\":\"https:\\\/\\\/memurunsesi.net\\\/\",\"name\":\"Memurun Sesi\",\"description\":\"G\u00fcncel ve Do\u011fru Haber\",\"publisher\":{\"@id\":\"https:\\\/\\\/memurunsesi.net\\\/#organization\"},\"potentialAction\":[{\"@type\":\"SearchAction\",\"target\":{\"@type\":\"EntryPoint\",\"urlTemplate\":\"https:\\\/\\\/memurunsesi.net\\\/?s={search_term_string}\"},\"query-input\":{\"@type\":\"PropertyValueSpecification\",\"valueRequired\":true,\"valueName\":\"search_term_string\"}}],\"inLanguage\":\"tr\"},{\"@type\":\"Organization\",\"@id\":\"https:\\\/\\\/memurunsesi.net\\\/#organization\",\"name\":\"Memurun Sesi\",\"url\":\"https:\\\/\\\/memurunsesi.net\\\/\",\"logo\":{\"@type\":\"ImageObject\",\"inLanguage\":\"tr\",\"@id\":\"https:\\\/\\\/memurunsesi.net\\\/#\\\/schema\\\/logo\\\/image\\\/\",\"url\":\"https:\\\/\\\/memurunsesi.net\\\/wp-content\\\/uploads\\\/2025\\\/11\\\/cropped-MEMURUN-SESI.png\",\"contentUrl\":\"https:\\\/\\\/memurunsesi.net\\\/wp-content\\\/uploads\\\/2025\\\/11\\\/cropped-MEMURUN-SESI.png\",\"width\":238,\"height\":57,\"caption\":\"Memurun Sesi\"},\"image\":{\"@id\":\"https:\\\/\\\/memurunsesi.net\\\/#\\\/schema\\\/logo\\\/image\\\/\"},\"sameAs\":[\"https:\\\/\\\/www.facebook.com\\\/unipersen\\\/?locale=tr_TR\",\"https:\\\/\\\/x.com\\\/unipersen\"]},{\"@type\":\"Person\",\"@id\":\"https:\\\/\\\/memurunsesi.net\\\/#\\\/schema\\\/person\\\/f21c2d73b89f6ee1d80b0a1803e38587\",\"name\":\"Memurun Sesi Haber Merkezi\",\"image\":{\"@type\":\"ImageObject\",\"inLanguage\":\"tr\",\"@id\":\"https:\\\/\\\/secure.gravatar.com\\\/avatar\\\/6cf0505f452ee753f485014986fab09a434671d2b919ee76fc541025c5876a70?s=96&d=mm&r=g\",\"url\":\"https:\\\/\\\/secure.gravatar.com\\\/avatar\\\/6cf0505f452ee753f485014986fab09a434671d2b919ee76fc541025c5876a70?s=96&d=mm&r=g\",\"contentUrl\":\"https:\\\/\\\/secure.gravatar.com\\\/avatar\\\/6cf0505f452ee753f485014986fab09a434671d2b919ee76fc541025c5876a70?s=96&d=mm&r=g\",\"caption\":\"Memurun Sesi Haber Merkezi\"},\"sameAs\":[\"https:\\\/\\\/memurunsesi.net\"],\"url\":\"https:\\\/\\\/memurunsesi.net\\\/index.php\\\/author\\\/uniper\\\/\"}]}<\/script>\n<!-- \/ Yoast SEO plugin. -->","yoast_head_json":{"title":"Malatya'da eski e\u015finin kom\u015fular\u0131 taraf\u0131ndan darbedilen \u015fah\u0131s hastanelik oldu - Memurun Sesi","description":"\u00a0 \u00a0Malatya'da \u00e7\u0131kan kavgada eski e\u015finin kom\u015fular\u0131 taraf\u0131ndan sopalarla darbedilen \u015fah\u0131s hastanelik oldu.","robots":{"index":"index","follow":"follow","max-snippet":"max-snippet:-1","max-image-preview":"max-image-preview:large","max-video-preview":"max-video-preview:-1"},"canonical":"https:\/\/memurunsesi.net\/index.php\/2026\/03\/24\/malatyada-eski-esinin-komsulari-tarafindan-darbedilen-sahis-hastanelik-oldu\/","og_locale":"tr_TR","og_type":"article","og_title":"Malatya'da eski e\u015finin kom\u015fular\u0131 taraf\u0131ndan darbedilen \u015fah\u0131s hastanelik oldu - Memurun Sesi","og_description":"\u00a0 \u00a0Malatya'da \u00e7\u0131kan kavgada eski e\u015finin kom\u015fular\u0131 taraf\u0131ndan sopalarla darbedilen \u015fah\u0131s hastanelik oldu.","og_url":"https:\/\/memurunsesi.net\/index.php\/2026\/03\/24\/malatyada-eski-esinin-komsulari-tarafindan-darbedilen-sahis-hastanelik-oldu\/","og_site_name":"Memurun Sesi","article_publisher":"https:\/\/www.facebook.com\/unipersen\/?locale=tr_TR","article_published_time":"2026-03-24T05:47:13+00:00","og_image":[{"width":1204,"height":943,"url":"https:\/\/memurunsesi.net\/wp-content\/uploads\/2026\/03\/komsu.jpg","type":"image\/jpeg"}],"author":"Memurun Sesi Haber Merkezi","twitter_card":"summary_large_image","twitter_creator":"@unipersen","twitter_site":"@unipersen","twitter_misc":{"Yazan:":"Memurun Sesi Haber Merkezi","Tahmini okuma s\u00fcresi":"1 dakika"},"schema":{"@context":"https:\/\/schema.org","@graph":[{"@type":"Article","@id":"https:\/\/memurunsesi.net\/index.php\/2026\/03\/24\/malatyada-eski-esinin-komsulari-tarafindan-darbedilen-sahis-hastanelik-oldu\/#article","isPartOf":{"@id":"https:\/\/memurunsesi.net\/index.php\/2026\/03\/24\/malatyada-eski-esinin-komsulari-tarafindan-darbedilen-sahis-hastanelik-oldu\/"},"author":{"name":"Memurun Sesi Haber Merkezi","@id":"https:\/\/memurunsesi.net\/#\/schema\/person\/f21c2d73b89f6ee1d80b0a1803e38587"},"headline":"Malatya&#8217;da eski e\u015finin kom\u015fular\u0131 taraf\u0131ndan darbedilen \u015fah\u0131s hastanelik oldu","datePublished":"2026-03-24T05:47:13+00:00","mainEntityOfPage":{"@id":"https:\/\/memurunsesi.net\/index.php\/2026\/03\/24\/malatyada-eski-esinin-komsulari-tarafindan-darbedilen-sahis-hastanelik-oldu\/"},"wordCount":140,"commentCount":0,"publisher":{"@id":"https:\/\/memurunsesi.net\/#organization"},"image":{"@id":"https:\/\/memurunsesi.net\/index.php\/2026\/03\/24\/malatyada-eski-esinin-komsulari-tarafindan-darbedilen-sahis-hastanelik-oldu\/#primaryimage"},"thumbnailUrl":"https:\/\/memurunsesi.net\/wp-content\/uploads\/2026\/03\/komsu.jpg","keywords":["eski e\u015f","kom\u015fu","taraf\u0131ndan darp edildi"],"articleSection":["T\u00fcm Haberler"],"inLanguage":"tr","potentialAction":[{"@type":"CommentAction","name":"Comment","target":["https:\/\/memurunsesi.net\/index.php\/2026\/03\/24\/malatyada-eski-esinin-komsulari-tarafindan-darbedilen-sahis-hastanelik-oldu\/#respond"]}]},{"@type":"WebPage","@id":"https:\/\/memurunsesi.net\/index.php\/2026\/03\/24\/malatyada-eski-esinin-komsulari-tarafindan-darbedilen-sahis-hastanelik-oldu\/","url":"https:\/\/memurunsesi.net\/index.php\/2026\/03\/24\/malatyada-eski-esinin-komsulari-tarafindan-darbedilen-sahis-hastanelik-oldu\/","name":"Malatya'da eski e\u015finin kom\u015fular\u0131 taraf\u0131ndan darbedilen \u015fah\u0131s hastanelik oldu - Memurun Sesi","isPartOf":{"@id":"https:\/\/memurunsesi.net\/#website"},"primaryImageOfPage":{"@id":"https:\/\/memurunsesi.net\/index.php\/2026\/03\/24\/malatyada-eski-esinin-komsulari-tarafindan-darbedilen-sahis-hastanelik-oldu\/#primaryimage"},"image":{"@id":"https:\/\/memurunsesi.net\/index.php\/2026\/03\/24\/malatyada-eski-esinin-komsulari-tarafindan-darbedilen-sahis-hastanelik-oldu\/#primaryimage"},"thumbnailUrl":"https:\/\/memurunsesi.net\/wp-content\/uploads\/2026\/03\/komsu.jpg","datePublished":"2026-03-24T05:47:13+00:00","description":"\u00a0 \u00a0Malatya'da \u00e7\u0131kan kavgada eski e\u015finin kom\u015fular\u0131 taraf\u0131ndan sopalarla darbedilen \u015fah\u0131s hastanelik oldu.","breadcrumb":{"@id":"https:\/\/memurunsesi.net\/index.php\/2026\/03\/24\/malatyada-eski-esinin-komsulari-tarafindan-darbedilen-sahis-hastanelik-oldu\/#breadcrumb"},"inLanguage":"tr","potentialAction":[{"@type":"ReadAction","target":["https:\/\/memurunsesi.net\/index.php\/2026\/03\/24\/malatyada-eski-esinin-komsulari-tarafindan-darbedilen-sahis-hastanelik-oldu\/"]}]},{"@type":"ImageObject","inLanguage":"tr","@id":"https:\/\/memurunsesi.net\/index.php\/2026\/03\/24\/malatyada-eski-esinin-komsulari-tarafindan-darbedilen-sahis-hastanelik-oldu\/#primaryimage","url":"https:\/\/memurunsesi.net\/wp-content\/uploads\/2026\/03\/komsu.jpg","contentUrl":"https:\/\/memurunsesi.net\/wp-content\/uploads\/2026\/03\/komsu.jpg","width":1204,"height":943,"caption":"MALATYA'DA ESK\u0130 E\u015e KAVGASI KANLI B\u0130TT\u0130: 1 K\u0130\u015e\u0130 SOPALARLA YARALANDI (HASAN ERYILMAZ\/MALATYA-\u0130HA) Malatya'da \u00e7\u0131kan kavgada eski e\u015finin kom\u015fular\u0131 taraf\u0131ndan sopalarla darbedilen \u015fah\u0131s hastanelik oldu."},{"@type":"BreadcrumbList","@id":"https:\/\/memurunsesi.net\/index.php\/2026\/03\/24\/malatyada-eski-esinin-komsulari-tarafindan-darbedilen-sahis-hastanelik-oldu\/#breadcrumb","itemListElement":[{"@type":"ListItem","position":1,"name":"Anasayfa","item":"https:\/\/memurunsesi.net\/"},{"@type":"ListItem","position":2,"name":"Malatya&#8217;da eski e\u015finin kom\u015fular\u0131 taraf\u0131ndan darbedilen \u015fah\u0131s hastanelik oldu"}]},{"@type":"WebSite","@id":"https:\/\/memurunsesi.net\/#website","url":"https:\/\/memurunsesi.net\/","name":"Memurun Sesi","description":"G\u00fcncel ve Do\u011fru Haber","publisher":{"@id":"https:\/\/memurunsesi.net\/#organization"},"potentialAction":[{"@type":"SearchAction","target":{"@type":"EntryPoint","urlTemplate":"https:\/\/memurunsesi.net\/?s={search_term_string}"},"query-input":{"@type":"PropertyValueSpecification","valueRequired":true,"valueName":"search_term_string"}}],"inLanguage":"tr"},{"@type":"Organization","@id":"https:\/\/memurunsesi.net\/#organization","name":"Memurun Sesi","url":"https:\/\/memurunsesi.net\/","logo":{"@type":"ImageObject","inLanguage":"tr","@id":"https:\/\/memurunsesi.net\/#\/schema\/logo\/image\/","url":"https:\/\/memurunsesi.net\/wp-content\/uploads\/2025\/11\/cropped-MEMURUN-SESI.png","contentUrl":"https:\/\/memurunsesi.net\/wp-content\/uploads\/2025\/11\/cropped-MEMURUN-SESI.png","width":238,"height":57,"caption":"Memurun Sesi"},"image":{"@id":"https:\/\/memurunsesi.net\/#\/schema\/logo\/image\/"},"sameAs":["https:\/\/www.facebook.com\/unipersen\/?locale=tr_TR","https:\/\/x.com\/unipersen"]},{"@type":"Person","@id":"https:\/\/memurunsesi.net\/#\/schema\/person\/f21c2d73b89f6ee1d80b0a1803e38587","name":"Memurun Sesi Haber Merkezi","image":{"@type":"ImageObject","inLanguage":"tr","@id":"https:\/\/secure.gravatar.com\/avatar\/6cf0505f452ee753f485014986fab09a434671d2b919ee76fc541025c5876a70?s=96&d=mm&r=g","url":"https:\/\/secure.gravatar.com\/avatar\/6cf0505f452ee753f485014986fab09a434671d2b919ee76fc541025c5876a70?s=96&d=mm&r=g","contentUrl":"https:\/\/secure.gravatar.com\/avatar\/6cf0505f452ee753f485014986fab09a434671d2b919ee76fc541025c5876a70?s=96&d=mm&r=g","caption":"Memurun Sesi Haber Merkezi"},"sameAs":["https:\/\/memurunsesi.net"],"url":"https:\/\/memurunsesi.net\/index.php\/author\/uniper\/"}]}},"_links":{"self":[{"href":"https:\/\/memurunsesi.net\/index.php\/wp-json\/wp\/v2\/posts\/18603","targetHints":{"allow":["GET"]}}],"collection":[{"href":"https:\/\/memurunsesi.net\/index.php\/wp-json\/wp\/v2\/posts"}],"about":[{"href":"https:\/\/memurunsesi.net\/index.php\/wp-json\/wp\/v2\/types\/post"}],"author":[{"embeddable":true,"href":"https:\/\/memurunsesi.net\/index.php\/wp-json\/wp\/v2\/users\/1"}],"replies":[{"embeddable":true,"href":"https:\/\/memurunsesi.net\/index.php\/wp-json\/wp\/v2\/comments?post=18603"}],"version-history":[{"count":1,"href":"https:\/\/memurunsesi.net\/index.php\/wp-json\/wp\/v2\/posts\/18603\/revisions"}],"predecessor-version":[{"id":18605,"href":"https:\/\/memurunsesi.net\/index.php\/wp-json\/wp\/v2\/posts\/18603\/revisions\/18605"}],"wp:featuredmedia":[{"embeddable":true,"href":"https:\/\/memurunsesi.net\/index.php\/wp-json\/wp\/v2\/media\/18604"}],"wp:attachment":[{"href":"https:\/\/memurunsesi.net\/index.php\/wp-json\/wp\/v2\/media?parent=18603"}],"wp:term":[{"taxonomy":"category","embeddable":true,"href":"https:\/\/memurunsesi.net\/index.php\/wp-json\/wp\/v2\/categories?post=18603"},{"taxonomy":"post_tag","embeddable":true,"href":"https:\/\/memurunsesi.net\/index.php\/wp-json\/wp\/v2\/tags?post=18603"}],"curies":[{"name":"wp","href":"https:\/\/api.w.org\/{rel}","templated":true}]}}