{"id":18609,"date":"2026-03-24T08:51:49","date_gmt":"2026-03-24T05:51:49","guid":{"rendered":"https:\/\/memurunsesi.net\/?p=18609"},"modified":"2026-03-24T08:51:49","modified_gmt":"2026-03-24T05:51:49","slug":"kaldirima-cikan-otomobil-agaca-carpti-2-yarali","status":"publish","type":"post","link":"https:\/\/memurunsesi.net\/index.php\/2026\/03\/24\/kaldirima-cikan-otomobil-agaca-carpti-2-yarali\/","title":{"rendered":"Kald\u0131r\u0131ma \u00e7\u0131kan otomobil a\u011faca \u00e7arpt\u0131: 2 yaral\u0131"},"content":{"rendered":"<p>Kayseri\u2019nin Melikgazi il\u00e7esinde kontrolden \u00e7\u0131kan otomobil kald\u0131r\u0131ma \u00e7\u0131karak a\u011faca \u00e7arparken kazada 2 ki\u015fi yaraland\u0131.<br \/>\nEdinilen bilgiye g\u00f6re, il\u00e7eye ba\u011fl\u0131 Selimiye Mahallesi Eren Y\u0131ld\u0131r\u0131m Bulvar\u0131 \u00fczerinde meydana gelen trafik kazas\u0131nda, G.\u00d6. y\u00f6netimindeki 06 BYU 299 plakal\u0131 otomobil s\u00fcr\u00fcc\u00fcs\u00fcn\u00fcn direksiyon hakimiyetini kaybetmesi sonucu kald\u0131r\u0131ma \u00e7\u0131karak, a\u011faca \u00e7arpt\u0131. \u0130hbar \u00fczerine b\u00f6lgeye polis ve sa\u011fl\u0131k ekipleri sevk edildi. Polis ekipleri \u00e7evrede g\u00fcvenlik \u00f6nlemi al\u0131rken, sa\u011fl\u0131k ekipleri de kazada yaralanan G.\u00d6. ve \u0130.T. olay yerindeki ilk m\u00fcdahalenin ard\u0131ndan ambulansla Kayseri \u015eehir Hastanesi\u2019ne kald\u0131rd\u0131. \u00c7al\u0131\u015fmalar\u0131n ard\u0131ndan otomobil \u00e7ekiciyle kald\u0131r\u0131l\u0131rken, yaral\u0131lar\u0131n hayati tehlikesinin bulunmad\u0131\u011f\u0131 \u00f6\u011frenildi.<br \/>\nOlayla ilgili soru\u015fturma ba\u015flat\u0131ld\u0131.<\/p>\n<p>24.03.2026<\/p>\n","protected":false},"excerpt":{"rendered":"<p>Kayseri\u2019nin Melikgazi il\u00e7esinde kontrolden \u00e7\u0131kan otomobil kald\u0131r\u0131ma \u00e7\u0131karak a\u011faca \u00e7arparken kazada 2 ki\u015fi yaraland\u0131. Edinilen bilgiye g\u00f6re, il\u00e7eye ba\u011fl\u0131 Selimiye Mahallesi Eren Y\u0131ld\u0131r\u0131m Bulvar\u0131 \u00fczerinde meydana gelen trafik kazas\u0131nda, G.\u00d6. y\u00f6netimindeki 06 BYU 299 plakal\u0131 otomobil s\u00fcr\u00fcc\u00fcs\u00fcn\u00fcn direksiyon hakimiyetini kaybetmesi sonucu kald\u0131r\u0131ma \u00e7\u0131karak, a\u011faca \u00e7arpt\u0131. \u0130hbar \u00fczerine b\u00f6lgeye polis ve sa\u011fl\u0131k ekipleri sevk edildi. Polis [&hellip;]<\/p>\n","protected":false},"author":1,"featured_media":18610,"comment_status":"open","ping_status":"open","sticky":false,"template":"","format":"standard","meta":{"footnotes":""},"categories":[1],"tags":[2422,2421],"class_list":["post-18609","post","type-post","status-publish","format-standard","has-post-thumbnail","hentry","category-genel","tag-agaca-carpti","tag-kontrolden-cikan-otomobil-kaldirima-cikarak"],"yoast_head":"<!-- This site is optimized with the Yoast SEO plugin v27.4 - https:\/\/yoast.com\/product\/yoast-seo-wordpress\/ -->\n<title>Kald\u0131r\u0131ma \u00e7\u0131kan otomobil a\u011faca \u00e7arpt\u0131: 2 yaral\u0131 - Memurun Sesi<\/title>\n<meta name=\"description\" content=\"Kayseri\u2019nin Melikgazi il\u00e7esinde kontrolden \u00e7\u0131kan otomobil kald\u0131r\u0131ma \u00e7\u0131karak a\u011faca \u00e7arparken kazada 2 ki\u015fi yaraland\u0131.\" \/>\n<meta name=\"robots\" content=\"index, follow, max-snippet:-1, max-image-preview:large, max-video-preview:-1\" \/>\n<link rel=\"canonical\" href=\"https:\/\/memurunsesi.net\/index.php\/2026\/03\/24\/kaldirima-cikan-otomobil-agaca-carpti-2-yarali\/\" \/>\n<meta property=\"og:locale\" content=\"tr_TR\" \/>\n<meta property=\"og:type\" content=\"article\" \/>\n<meta property=\"og:title\" content=\"Kald\u0131r\u0131ma \u00e7\u0131kan otomobil a\u011faca \u00e7arpt\u0131: 2 yaral\u0131 - Memurun Sesi\" \/>\n<meta property=\"og:description\" content=\"Kayseri\u2019nin Melikgazi il\u00e7esinde kontrolden \u00e7\u0131kan otomobil kald\u0131r\u0131ma \u00e7\u0131karak a\u011faca \u00e7arparken kazada 2 ki\u015fi yaraland\u0131.\" \/>\n<meta property=\"og:url\" content=\"https:\/\/memurunsesi.net\/index.php\/2026\/03\/24\/kaldirima-cikan-otomobil-agaca-carpti-2-yarali\/\" \/>\n<meta property=\"og:site_name\" content=\"Memurun Sesi\" \/>\n<meta property=\"article:publisher\" content=\"https:\/\/www.facebook.com\/unipersen\/?locale=tr_TR\" \/>\n<meta property=\"article:published_time\" content=\"2026-03-24T05:51:49+00:00\" \/>\n<meta property=\"og:image\" content=\"https:\/\/memurunsesi.net\/wp-content\/uploads\/2026\/03\/trafik-10.jpg\" \/>\n\t<meta property=\"og:image:width\" content=\"1600\" \/>\n\t<meta property=\"og:image:height\" content=\"1200\" \/>\n\t<meta property=\"og:image:type\" content=\"image\/jpeg\" \/>\n<meta name=\"author\" content=\"Memurun Sesi Haber Merkezi\" \/>\n<meta name=\"twitter:card\" content=\"summary_large_image\" \/>\n<meta name=\"twitter:creator\" content=\"@unipersen\" \/>\n<meta name=\"twitter:site\" content=\"@unipersen\" \/>\n<meta name=\"twitter:label1\" content=\"Yazan:\" \/>\n\t<meta name=\"twitter:data1\" content=\"Memurun Sesi Haber Merkezi\" \/>\n\t<meta name=\"twitter:label2\" content=\"Tahmini okuma s\u00fcresi\" \/>\n\t<meta name=\"twitter:data2\" content=\"1 dakika\" \/>\n<script type=\"application\/ld+json\" class=\"yoast-schema-graph\">{\"@context\":\"https:\\\/\\\/schema.org\",\"@graph\":[{\"@type\":\"Article\",\"@id\":\"https:\\\/\\\/memurunsesi.net\\\/index.php\\\/2026\\\/03\\\/24\\\/kaldirima-cikan-otomobil-agaca-carpti-2-yarali\\\/#article\",\"isPartOf\":{\"@id\":\"https:\\\/\\\/memurunsesi.net\\\/index.php\\\/2026\\\/03\\\/24\\\/kaldirima-cikan-otomobil-agaca-carpti-2-yarali\\\/\"},\"author\":{\"name\":\"Memurun Sesi Haber Merkezi\",\"@id\":\"https:\\\/\\\/memurunsesi.net\\\/#\\\/schema\\\/person\\\/f21c2d73b89f6ee1d80b0a1803e38587\"},\"headline\":\"Kald\u0131r\u0131ma \u00e7\u0131kan otomobil a\u011faca \u00e7arpt\u0131: 2 yaral\u0131\",\"datePublished\":\"2026-03-24T05:51:49+00:00\",\"mainEntityOfPage\":{\"@id\":\"https:\\\/\\\/memurunsesi.net\\\/index.php\\\/2026\\\/03\\\/24\\\/kaldirima-cikan-otomobil-agaca-carpti-2-yarali\\\/\"},\"wordCount\":142,\"commentCount\":0,\"publisher\":{\"@id\":\"https:\\\/\\\/memurunsesi.net\\\/#organization\"},\"image\":{\"@id\":\"https:\\\/\\\/memurunsesi.net\\\/index.php\\\/2026\\\/03\\\/24\\\/kaldirima-cikan-otomobil-agaca-carpti-2-yarali\\\/#primaryimage\"},\"thumbnailUrl\":\"https:\\\/\\\/memurunsesi.net\\\/wp-content\\\/uploads\\\/2026\\\/03\\\/trafik-10.jpg\",\"keywords\":[\"a\u011faca \u00e7arpt\u0131\",\"kontrolden \u00e7\u0131kan otomobil kald\u0131r\u0131ma \u00e7\u0131karak\"],\"inLanguage\":\"tr\",\"potentialAction\":[{\"@type\":\"CommentAction\",\"name\":\"Comment\",\"target\":[\"https:\\\/\\\/memurunsesi.net\\\/index.php\\\/2026\\\/03\\\/24\\\/kaldirima-cikan-otomobil-agaca-carpti-2-yarali\\\/#respond\"]}]},{\"@type\":\"WebPage\",\"@id\":\"https:\\\/\\\/memurunsesi.net\\\/index.php\\\/2026\\\/03\\\/24\\\/kaldirima-cikan-otomobil-agaca-carpti-2-yarali\\\/\",\"url\":\"https:\\\/\\\/memurunsesi.net\\\/index.php\\\/2026\\\/03\\\/24\\\/kaldirima-cikan-otomobil-agaca-carpti-2-yarali\\\/\",\"name\":\"Kald\u0131r\u0131ma \u00e7\u0131kan otomobil a\u011faca \u00e7arpt\u0131: 2 yaral\u0131 - Memurun Sesi\",\"isPartOf\":{\"@id\":\"https:\\\/\\\/memurunsesi.net\\\/#website\"},\"primaryImageOfPage\":{\"@id\":\"https:\\\/\\\/memurunsesi.net\\\/index.php\\\/2026\\\/03\\\/24\\\/kaldirima-cikan-otomobil-agaca-carpti-2-yarali\\\/#primaryimage\"},\"image\":{\"@id\":\"https:\\\/\\\/memurunsesi.net\\\/index.php\\\/2026\\\/03\\\/24\\\/kaldirima-cikan-otomobil-agaca-carpti-2-yarali\\\/#primaryimage\"},\"thumbnailUrl\":\"https:\\\/\\\/memurunsesi.net\\\/wp-content\\\/uploads\\\/2026\\\/03\\\/trafik-10.jpg\",\"datePublished\":\"2026-03-24T05:51:49+00:00\",\"description\":\"Kayseri\u2019nin Melikgazi il\u00e7esinde kontrolden \u00e7\u0131kan otomobil kald\u0131r\u0131ma \u00e7\u0131karak a\u011faca \u00e7arparken kazada 2 ki\u015fi yaraland\u0131.\",\"breadcrumb\":{\"@id\":\"https:\\\/\\\/memurunsesi.net\\\/index.php\\\/2026\\\/03\\\/24\\\/kaldirima-cikan-otomobil-agaca-carpti-2-yarali\\\/#breadcrumb\"},\"inLanguage\":\"tr\",\"potentialAction\":[{\"@type\":\"ReadAction\",\"target\":[\"https:\\\/\\\/memurunsesi.net\\\/index.php\\\/2026\\\/03\\\/24\\\/kaldirima-cikan-otomobil-agaca-carpti-2-yarali\\\/\"]}]},{\"@type\":\"ImageObject\",\"inLanguage\":\"tr\",\"@id\":\"https:\\\/\\\/memurunsesi.net\\\/index.php\\\/2026\\\/03\\\/24\\\/kaldirima-cikan-otomobil-agaca-carpti-2-yarali\\\/#primaryimage\",\"url\":\"https:\\\/\\\/memurunsesi.net\\\/wp-content\\\/uploads\\\/2026\\\/03\\\/trafik-10.jpg\",\"contentUrl\":\"https:\\\/\\\/memurunsesi.net\\\/wp-content\\\/uploads\\\/2026\\\/03\\\/trafik-10.jpg\",\"width\":1600,\"height\":1200,\"caption\":\"KAYSER\u0130'N\u0130N MEL\u0130KGAZ\u0130 \u0130L\u00c7ES\u0130NDE KONTROLDEN \u00c7IKAN OTOMOB\u0130L KALDIRIMA \u00c7IKARAK, A\u011eACA \u00c7ARPARKEN, KAZADA 2 K\u0130\u015e\u0130 YARALANDI. (M\u00dcKREM\u0130N KAYA\\\/KAYSER\u0130-\u0130HA) Kayseri'nin Melikgazi il\u00e7esinde kontrolden \u00e7\u0131kan otomobil kald\u0131r\u0131ma \u00e7\u0131karak a\u011faca \u00e7arparken kazada 2 ki\u015fi yaraland\u0131.\"},{\"@type\":\"BreadcrumbList\",\"@id\":\"https:\\\/\\\/memurunsesi.net\\\/index.php\\\/2026\\\/03\\\/24\\\/kaldirima-cikan-otomobil-agaca-carpti-2-yarali\\\/#breadcrumb\",\"itemListElement\":[{\"@type\":\"ListItem\",\"position\":1,\"name\":\"Anasayfa\",\"item\":\"https:\\\/\\\/memurunsesi.net\\\/\"},{\"@type\":\"ListItem\",\"position\":2,\"name\":\"Kald\u0131r\u0131ma \u00e7\u0131kan otomobil a\u011faca \u00e7arpt\u0131: 2 yaral\u0131\"}]},{\"@type\":\"WebSite\",\"@id\":\"https:\\\/\\\/memurunsesi.net\\\/#website\",\"url\":\"https:\\\/\\\/memurunsesi.net\\\/\",\"name\":\"Memurun Sesi\",\"description\":\"G\u00fcncel ve Do\u011fru Haber\",\"publisher\":{\"@id\":\"https:\\\/\\\/memurunsesi.net\\\/#organization\"},\"potentialAction\":[{\"@type\":\"SearchAction\",\"target\":{\"@type\":\"EntryPoint\",\"urlTemplate\":\"https:\\\/\\\/memurunsesi.net\\\/?s={search_term_string}\"},\"query-input\":{\"@type\":\"PropertyValueSpecification\",\"valueRequired\":true,\"valueName\":\"search_term_string\"}}],\"inLanguage\":\"tr\"},{\"@type\":\"Organization\",\"@id\":\"https:\\\/\\\/memurunsesi.net\\\/#organization\",\"name\":\"Memurun Sesi\",\"url\":\"https:\\\/\\\/memurunsesi.net\\\/\",\"logo\":{\"@type\":\"ImageObject\",\"inLanguage\":\"tr\",\"@id\":\"https:\\\/\\\/memurunsesi.net\\\/#\\\/schema\\\/logo\\\/image\\\/\",\"url\":\"https:\\\/\\\/memurunsesi.net\\\/wp-content\\\/uploads\\\/2025\\\/11\\\/cropped-MEMURUN-SESI.png\",\"contentUrl\":\"https:\\\/\\\/memurunsesi.net\\\/wp-content\\\/uploads\\\/2025\\\/11\\\/cropped-MEMURUN-SESI.png\",\"width\":238,\"height\":57,\"caption\":\"Memurun Sesi\"},\"image\":{\"@id\":\"https:\\\/\\\/memurunsesi.net\\\/#\\\/schema\\\/logo\\\/image\\\/\"},\"sameAs\":[\"https:\\\/\\\/www.facebook.com\\\/unipersen\\\/?locale=tr_TR\",\"https:\\\/\\\/x.com\\\/unipersen\"]},{\"@type\":\"Person\",\"@id\":\"https:\\\/\\\/memurunsesi.net\\\/#\\\/schema\\\/person\\\/f21c2d73b89f6ee1d80b0a1803e38587\",\"name\":\"Memurun Sesi Haber Merkezi\",\"image\":{\"@type\":\"ImageObject\",\"inLanguage\":\"tr\",\"@id\":\"https:\\\/\\\/secure.gravatar.com\\\/avatar\\\/6cf0505f452ee753f485014986fab09a434671d2b919ee76fc541025c5876a70?s=96&d=mm&r=g\",\"url\":\"https:\\\/\\\/secure.gravatar.com\\\/avatar\\\/6cf0505f452ee753f485014986fab09a434671d2b919ee76fc541025c5876a70?s=96&d=mm&r=g\",\"contentUrl\":\"https:\\\/\\\/secure.gravatar.com\\\/avatar\\\/6cf0505f452ee753f485014986fab09a434671d2b919ee76fc541025c5876a70?s=96&d=mm&r=g\",\"caption\":\"Memurun Sesi Haber Merkezi\"},\"sameAs\":[\"https:\\\/\\\/memurunsesi.net\"],\"url\":\"https:\\\/\\\/memurunsesi.net\\\/index.php\\\/author\\\/uniper\\\/\"}]}<\/script>\n<!-- \/ Yoast SEO plugin. -->","yoast_head_json":{"title":"Kald\u0131r\u0131ma \u00e7\u0131kan otomobil a\u011faca \u00e7arpt\u0131: 2 yaral\u0131 - Memurun Sesi","description":"Kayseri\u2019nin Melikgazi il\u00e7esinde kontrolden \u00e7\u0131kan otomobil kald\u0131r\u0131ma \u00e7\u0131karak a\u011faca \u00e7arparken kazada 2 ki\u015fi yaraland\u0131.","robots":{"index":"index","follow":"follow","max-snippet":"max-snippet:-1","max-image-preview":"max-image-preview:large","max-video-preview":"max-video-preview:-1"},"canonical":"https:\/\/memurunsesi.net\/index.php\/2026\/03\/24\/kaldirima-cikan-otomobil-agaca-carpti-2-yarali\/","og_locale":"tr_TR","og_type":"article","og_title":"Kald\u0131r\u0131ma \u00e7\u0131kan otomobil a\u011faca \u00e7arpt\u0131: 2 yaral\u0131 - Memurun Sesi","og_description":"Kayseri\u2019nin Melikgazi il\u00e7esinde kontrolden \u00e7\u0131kan otomobil kald\u0131r\u0131ma \u00e7\u0131karak a\u011faca \u00e7arparken kazada 2 ki\u015fi yaraland\u0131.","og_url":"https:\/\/memurunsesi.net\/index.php\/2026\/03\/24\/kaldirima-cikan-otomobil-agaca-carpti-2-yarali\/","og_site_name":"Memurun Sesi","article_publisher":"https:\/\/www.facebook.com\/unipersen\/?locale=tr_TR","article_published_time":"2026-03-24T05:51:49+00:00","og_image":[{"width":1600,"height":1200,"url":"https:\/\/memurunsesi.net\/wp-content\/uploads\/2026\/03\/trafik-10.jpg","type":"image\/jpeg"}],"author":"Memurun Sesi Haber Merkezi","twitter_card":"summary_large_image","twitter_creator":"@unipersen","twitter_site":"@unipersen","twitter_misc":{"Yazan:":"Memurun Sesi Haber Merkezi","Tahmini okuma s\u00fcresi":"1 dakika"},"schema":{"@context":"https:\/\/schema.org","@graph":[{"@type":"Article","@id":"https:\/\/memurunsesi.net\/index.php\/2026\/03\/24\/kaldirima-cikan-otomobil-agaca-carpti-2-yarali\/#article","isPartOf":{"@id":"https:\/\/memurunsesi.net\/index.php\/2026\/03\/24\/kaldirima-cikan-otomobil-agaca-carpti-2-yarali\/"},"author":{"name":"Memurun Sesi Haber Merkezi","@id":"https:\/\/memurunsesi.net\/#\/schema\/person\/f21c2d73b89f6ee1d80b0a1803e38587"},"headline":"Kald\u0131r\u0131ma \u00e7\u0131kan otomobil a\u011faca \u00e7arpt\u0131: 2 yaral\u0131","datePublished":"2026-03-24T05:51:49+00:00","mainEntityOfPage":{"@id":"https:\/\/memurunsesi.net\/index.php\/2026\/03\/24\/kaldirima-cikan-otomobil-agaca-carpti-2-yarali\/"},"wordCount":142,"commentCount":0,"publisher":{"@id":"https:\/\/memurunsesi.net\/#organization"},"image":{"@id":"https:\/\/memurunsesi.net\/index.php\/2026\/03\/24\/kaldirima-cikan-otomobil-agaca-carpti-2-yarali\/#primaryimage"},"thumbnailUrl":"https:\/\/memurunsesi.net\/wp-content\/uploads\/2026\/03\/trafik-10.jpg","keywords":["a\u011faca \u00e7arpt\u0131","kontrolden \u00e7\u0131kan otomobil kald\u0131r\u0131ma \u00e7\u0131karak"],"inLanguage":"tr","potentialAction":[{"@type":"CommentAction","name":"Comment","target":["https:\/\/memurunsesi.net\/index.php\/2026\/03\/24\/kaldirima-cikan-otomobil-agaca-carpti-2-yarali\/#respond"]}]},{"@type":"WebPage","@id":"https:\/\/memurunsesi.net\/index.php\/2026\/03\/24\/kaldirima-cikan-otomobil-agaca-carpti-2-yarali\/","url":"https:\/\/memurunsesi.net\/index.php\/2026\/03\/24\/kaldirima-cikan-otomobil-agaca-carpti-2-yarali\/","name":"Kald\u0131r\u0131ma \u00e7\u0131kan otomobil a\u011faca \u00e7arpt\u0131: 2 yaral\u0131 - Memurun Sesi","isPartOf":{"@id":"https:\/\/memurunsesi.net\/#website"},"primaryImageOfPage":{"@id":"https:\/\/memurunsesi.net\/index.php\/2026\/03\/24\/kaldirima-cikan-otomobil-agaca-carpti-2-yarali\/#primaryimage"},"image":{"@id":"https:\/\/memurunsesi.net\/index.php\/2026\/03\/24\/kaldirima-cikan-otomobil-agaca-carpti-2-yarali\/#primaryimage"},"thumbnailUrl":"https:\/\/memurunsesi.net\/wp-content\/uploads\/2026\/03\/trafik-10.jpg","datePublished":"2026-03-24T05:51:49+00:00","description":"Kayseri\u2019nin Melikgazi il\u00e7esinde kontrolden \u00e7\u0131kan otomobil kald\u0131r\u0131ma \u00e7\u0131karak a\u011faca \u00e7arparken kazada 2 ki\u015fi yaraland\u0131.","breadcrumb":{"@id":"https:\/\/memurunsesi.net\/index.php\/2026\/03\/24\/kaldirima-cikan-otomobil-agaca-carpti-2-yarali\/#breadcrumb"},"inLanguage":"tr","potentialAction":[{"@type":"ReadAction","target":["https:\/\/memurunsesi.net\/index.php\/2026\/03\/24\/kaldirima-cikan-otomobil-agaca-carpti-2-yarali\/"]}]},{"@type":"ImageObject","inLanguage":"tr","@id":"https:\/\/memurunsesi.net\/index.php\/2026\/03\/24\/kaldirima-cikan-otomobil-agaca-carpti-2-yarali\/#primaryimage","url":"https:\/\/memurunsesi.net\/wp-content\/uploads\/2026\/03\/trafik-10.jpg","contentUrl":"https:\/\/memurunsesi.net\/wp-content\/uploads\/2026\/03\/trafik-10.jpg","width":1600,"height":1200,"caption":"KAYSER\u0130'N\u0130N MEL\u0130KGAZ\u0130 \u0130L\u00c7ES\u0130NDE KONTROLDEN \u00c7IKAN OTOMOB\u0130L KALDIRIMA \u00c7IKARAK, A\u011eACA \u00c7ARPARKEN, KAZADA 2 K\u0130\u015e\u0130 YARALANDI. (M\u00dcKREM\u0130N KAYA\/KAYSER\u0130-\u0130HA) Kayseri'nin Melikgazi il\u00e7esinde kontrolden \u00e7\u0131kan otomobil kald\u0131r\u0131ma \u00e7\u0131karak a\u011faca \u00e7arparken kazada 2 ki\u015fi yaraland\u0131."},{"@type":"BreadcrumbList","@id":"https:\/\/memurunsesi.net\/index.php\/2026\/03\/24\/kaldirima-cikan-otomobil-agaca-carpti-2-yarali\/#breadcrumb","itemListElement":[{"@type":"ListItem","position":1,"name":"Anasayfa","item":"https:\/\/memurunsesi.net\/"},{"@type":"ListItem","position":2,"name":"Kald\u0131r\u0131ma \u00e7\u0131kan otomobil a\u011faca \u00e7arpt\u0131: 2 yaral\u0131"}]},{"@type":"WebSite","@id":"https:\/\/memurunsesi.net\/#website","url":"https:\/\/memurunsesi.net\/","name":"Memurun Sesi","description":"G\u00fcncel ve Do\u011fru Haber","publisher":{"@id":"https:\/\/memurunsesi.net\/#organization"},"potentialAction":[{"@type":"SearchAction","target":{"@type":"EntryPoint","urlTemplate":"https:\/\/memurunsesi.net\/?s={search_term_string}"},"query-input":{"@type":"PropertyValueSpecification","valueRequired":true,"valueName":"search_term_string"}}],"inLanguage":"tr"},{"@type":"Organization","@id":"https:\/\/memurunsesi.net\/#organization","name":"Memurun Sesi","url":"https:\/\/memurunsesi.net\/","logo":{"@type":"ImageObject","inLanguage":"tr","@id":"https:\/\/memurunsesi.net\/#\/schema\/logo\/image\/","url":"https:\/\/memurunsesi.net\/wp-content\/uploads\/2025\/11\/cropped-MEMURUN-SESI.png","contentUrl":"https:\/\/memurunsesi.net\/wp-content\/uploads\/2025\/11\/cropped-MEMURUN-SESI.png","width":238,"height":57,"caption":"Memurun Sesi"},"image":{"@id":"https:\/\/memurunsesi.net\/#\/schema\/logo\/image\/"},"sameAs":["https:\/\/www.facebook.com\/unipersen\/?locale=tr_TR","https:\/\/x.com\/unipersen"]},{"@type":"Person","@id":"https:\/\/memurunsesi.net\/#\/schema\/person\/f21c2d73b89f6ee1d80b0a1803e38587","name":"Memurun Sesi Haber Merkezi","image":{"@type":"ImageObject","inLanguage":"tr","@id":"https:\/\/secure.gravatar.com\/avatar\/6cf0505f452ee753f485014986fab09a434671d2b919ee76fc541025c5876a70?s=96&d=mm&r=g","url":"https:\/\/secure.gravatar.com\/avatar\/6cf0505f452ee753f485014986fab09a434671d2b919ee76fc541025c5876a70?s=96&d=mm&r=g","contentUrl":"https:\/\/secure.gravatar.com\/avatar\/6cf0505f452ee753f485014986fab09a434671d2b919ee76fc541025c5876a70?s=96&d=mm&r=g","caption":"Memurun Sesi Haber Merkezi"},"sameAs":["https:\/\/memurunsesi.net"],"url":"https:\/\/memurunsesi.net\/index.php\/author\/uniper\/"}]}},"_links":{"self":[{"href":"https:\/\/memurunsesi.net\/index.php\/wp-json\/wp\/v2\/posts\/18609","targetHints":{"allow":["GET"]}}],"collection":[{"href":"https:\/\/memurunsesi.net\/index.php\/wp-json\/wp\/v2\/posts"}],"about":[{"href":"https:\/\/memurunsesi.net\/index.php\/wp-json\/wp\/v2\/types\/post"}],"author":[{"embeddable":true,"href":"https:\/\/memurunsesi.net\/index.php\/wp-json\/wp\/v2\/users\/1"}],"replies":[{"embeddable":true,"href":"https:\/\/memurunsesi.net\/index.php\/wp-json\/wp\/v2\/comments?post=18609"}],"version-history":[{"count":1,"href":"https:\/\/memurunsesi.net\/index.php\/wp-json\/wp\/v2\/posts\/18609\/revisions"}],"predecessor-version":[{"id":18611,"href":"https:\/\/memurunsesi.net\/index.php\/wp-json\/wp\/v2\/posts\/18609\/revisions\/18611"}],"wp:featuredmedia":[{"embeddable":true,"href":"https:\/\/memurunsesi.net\/index.php\/wp-json\/wp\/v2\/media\/18610"}],"wp:attachment":[{"href":"https:\/\/memurunsesi.net\/index.php\/wp-json\/wp\/v2\/media?parent=18609"}],"wp:term":[{"taxonomy":"category","embeddable":true,"href":"https:\/\/memurunsesi.net\/index.php\/wp-json\/wp\/v2\/categories?post=18609"},{"taxonomy":"post_tag","embeddable":true,"href":"https:\/\/memurunsesi.net\/index.php\/wp-json\/wp\/v2\/tags?post=18609"}],"curies":[{"name":"wp","href":"https:\/\/api.w.org\/{rel}","templated":true}]}}