{"id":18620,"date":"2026-03-25T15:54:44","date_gmt":"2026-03-25T12:54:44","guid":{"rendered":"https:\/\/memurunsesi.net\/?p=18620"},"modified":"2026-03-25T15:54:44","modified_gmt":"2026-03-25T12:54:44","slug":"kahramanmarasta-muhsin-yaziciogluyla-birlikte-dusen-helikopterde-vefat-edenler-mezarlari-basinda-anildi","status":"publish","type":"post","link":"https:\/\/memurunsesi.net\/index.php\/2026\/03\/25\/kahramanmarasta-muhsin-yaziciogluyla-birlikte-dusen-helikopterde-vefat-edenler-mezarlari-basinda-anildi\/","title":{"rendered":"Kahramanmara\u015f&#8217;ta Muhsin Yaz\u0131c\u0131o\u011flu&#8217;yla birlikte d\u00fc\u015fen helikopterde vefat edenler mezarlar\u0131 ba\u015f\u0131nda an\u0131ld\u0131"},"content":{"rendered":"<p>Kahramanmara\u015f&#8217;ta helikopterin d\u00fc\u015fmesi sonucu BBP&#8217;nin Kurucu Genel Ba\u015fkan\u0131 Muhsin Yaz\u0131c\u0131o\u011flu ile hayat\u0131n\u0131 yitiren gazeteci \u0130smail G\u00fcne\u015f, Belediye Meclis \u00dcyesi Aday\u0131 Murat \u00c7etinkaya, BBP \u0130l Ba\u015fkan\u0131 Erhan \u00dcst\u00fcnda\u011f ve \u0130l Ba\u015fkan Yard\u0131mc\u0131s\u0131 Y\u00fcksel Yanc\u0131, Sivas&#8217;ta kabirleri ba\u015f\u0131nda an\u0131ld\u0131.<br \/>\n\u015e\u00fcpheli bir \u015fekilde ger\u00e7ekle\u015fen helikopter kazas\u0131nda Muhsin Yaz\u0131c\u0131o\u011flu ile birlikte hayat\u0131n\u0131 kaybeden gazeteci \u0130smail G\u00fcne\u015f, Belediye Meclis \u00dcyesi Aday\u0131 Murat \u00c7etinkaya, B\u00fcy\u00fck Birlik Partisi (BBP) \u0130l Ba\u015fkan\u0131 Erhan \u00dcst\u00fcnda\u011f ve \u0130l Ba\u015fkan Yard\u0131mc\u0131s\u0131 Y\u00fcksel Yanc\u0131, mezarlar\u0131 ba\u015f\u0131nda an\u0131ld\u0131. D\u00fczenlenen anma program\u0131na BBP \u00fcyeleri, hayat\u0131n\u0131 kaybedenlerin aileleri ve sevenleri kat\u0131ld\u0131. Programda Kur&#8217;an-\u0131 Kerim okundu, dualar edildi ve mezarlara karanfiller b\u0131rak\u0131ld\u0131.<\/p>\n<p>&#8220;Babama mezar\u0131nda s\u00f6z verdim&#8221;<br \/>\nAnma program\u0131nda konu\u015fan ve olay\u0131n faillerinin bulunmas\u0131 i\u00e7in hukuk fak\u00fcltesi kazand\u0131\u011f\u0131n\u0131 s\u00f6yleyen Murat \u00c7etinkaya&#8217;n\u0131n k\u0131z\u0131 \u015eevval \u00c7etinkaya, &#8220;Lafta 17 y\u0131l demek \u00e7ok kolay ama babam \u00f6ld\u00fc\u011f\u00fcnde ben 1 bu\u00e7uk ya\u015f\u0131ndayd\u0131m. 17 y\u0131l boyunca bu mezarda babama bir\u00e7ok s\u00f6z verdim. Bu s\u00f6zlerden en b\u00fcy\u00fc\u011f\u00fc de \u2018Senin katilini bulaca\u011f\u0131m, siz rahat uyuyacaks\u0131n\u0131z&#8217; s\u00f6z\u00fcyd\u00fc. Bunu bir \u00e7ocuk olarak s\u00f6ylemek de \u00e7ok kolayd\u0131. Elimden geleni yapt\u0131m, Hukuk Fak\u00fcltesini kazand\u0131m ve bug\u00fcn burada bir hukuk\u00e7u olarak s\u00f6yleyebilirim ki bu bir kaza de\u011fildi. Ba\u015fta Muhsin ba\u015fkan olmak \u00fczere yol arkada\u015flar\u0131 kas\u0131tl\u0131 bir \u015fekilde \u00f6ld\u00fcr\u00fcld\u00fc. Bunun \u00e7\u00f6z\u00fclmesini biz \u00e7ok istiyoruz. \u00c7\u00fcnk\u00fc bu ac\u0131yla ya\u015famak ger\u00e7ekten \u00e7ok zor&#8221; dedi.<\/p>\n<p>&#8220;T\u00fcrkiye&#8217;nin kalbine buzdan bir kor d\u00fc\u015ft\u00fc&#8221;<br \/>\nD\u00f6nemin BBP \u0130l Ba\u015fkan\u0131 Erhan \u00dcst\u00fcnda\u011f&#8217;\u0131n abisi Ahmet \u00dcst\u00fcnda\u011f ise, &#8220;25 Mart 2009&#8217;da Ke\u015f Da\u011f\u0131&#8217;nda sadece bir helikopter de\u011fil, T\u00fcrk siyasetinin temiz bir sayfas\u0131 susturulmak istendi. \u015eehadetinin y\u0131l d\u00f6n\u00fcm\u00fcnde B\u00fcy\u00fck Birlik Partisi Kurucu Genel Ba\u015fkan\u0131 Muhsin Yaz\u0131c\u0131o\u011flu ile beraberindeki yol arkada\u015flar\u0131n\u0131 rahmet, minnet, bitmeyen bir adalet ve sayg\u0131yla an\u0131yorum. Karlar alt\u0131nda \u00fc\u015f\u00fcyen bir millet 25 Mart demektir. Bundan tam 17 y\u0131l \u00f6nce takvimler 25 Mart&#8217;\u0131 g\u00f6sterdi\u011finde T\u00fcrkiye&#8217;nin kalbine buzdan bir kor d\u00fc\u015ft\u00fc&#8221; ifadelerine yer verdi.<br \/>\nAnma program\u0131, yap\u0131lan dualar ve mezarlara karanfil b\u0131rak\u0131lmas\u0131yla sona erdi.<\/p>\n<p>25.03.2026<\/p>\n","protected":false},"excerpt":{"rendered":"<p>Kahramanmara\u015f&#8217;ta helikopterin d\u00fc\u015fmesi sonucu BBP&#8217;nin Kurucu Genel Ba\u015fkan\u0131 Muhsin Yaz\u0131c\u0131o\u011flu ile hayat\u0131n\u0131 yitiren gazeteci \u0130smail G\u00fcne\u015f, Belediye Meclis \u00dcyesi Aday\u0131 Murat \u00c7etinkaya, BBP \u0130l Ba\u015fkan\u0131 Erhan \u00dcst\u00fcnda\u011f ve \u0130l Ba\u015fkan Yard\u0131mc\u0131s\u0131 Y\u00fcksel Yanc\u0131, Sivas&#8217;ta kabirleri ba\u015f\u0131nda an\u0131ld\u0131. \u015e\u00fcpheli bir \u015fekilde ger\u00e7ekle\u015fen helikopter kazas\u0131nda Muhsin Yaz\u0131c\u0131o\u011flu ile birlikte hayat\u0131n\u0131 kaybeden gazeteci \u0130smail G\u00fcne\u015f, Belediye Meclis \u00dcyesi [&hellip;]<\/p>\n","protected":false},"author":1,"featured_media":18621,"comment_status":"open","ping_status":"open","sticky":false,"template":"","format":"standard","meta":{"footnotes":""},"categories":[45],"tags":[2427,2368,2426],"class_list":["post-18620","post","type-post","status-publish","format-standard","has-post-thumbnail","hentry","category-gundem","tag-arkadaslari-kabirleri-basinda-anildi","tag-helikopter-kazasi","tag-muhsin-yazicioglu"],"yoast_head":"<!-- This site is optimized with the Yoast SEO plugin v27.4 - https:\/\/yoast.com\/product\/yoast-seo-wordpress\/ -->\n<title>Kahramanmara\u015f&#039;ta Muhsin Yaz\u0131c\u0131o\u011flu&#039;yla birlikte d\u00fc\u015fen helikopterde vefat edenler mezarlar\u0131 ba\u015f\u0131nda an\u0131ld\u0131 - Memurun Sesi<\/title>\n<meta name=\"description\" content=\"\u00a0Kahramanmara\u015f&#039;ta helikopterin d\u00fc\u015fmesi sonucu BBP&#039;nin Kurucu Genel Ba\u015fkan\u0131 Muhsin Yaz\u0131c\u0131o\u011flu ile hayat\u0131n\u0131 yitiren gazeteci \u0130smail G\u00fcne\u015f, Belediye Meclis \u00dcyesi Aday\u0131 Murat \u00c7etinkaya, BBP \u0130l Ba\u015fkan\u0131 Erhan \u00dcst\u00fcnda\u011f ve \u0130l Ba\u015fkan Yard\u0131mc\u0131s\u0131 Y\u00fcksel Yanc\u0131, Sivas&#039;ta kabirleri ba\u015f\u0131nda an\u0131ld\u0131.\" \/>\n<meta name=\"robots\" content=\"index, follow, max-snippet:-1, max-image-preview:large, max-video-preview:-1\" \/>\n<link rel=\"canonical\" href=\"https:\/\/memurunsesi.net\/index.php\/2026\/03\/25\/kahramanmarasta-muhsin-yaziciogluyla-birlikte-dusen-helikopterde-vefat-edenler-mezarlari-basinda-anildi\/\" \/>\n<meta property=\"og:locale\" content=\"tr_TR\" \/>\n<meta property=\"og:type\" content=\"article\" \/>\n<meta property=\"og:title\" content=\"Kahramanmara\u015f&#039;ta Muhsin Yaz\u0131c\u0131o\u011flu&#039;yla birlikte d\u00fc\u015fen helikopterde vefat edenler mezarlar\u0131 ba\u015f\u0131nda an\u0131ld\u0131 - Memurun Sesi\" \/>\n<meta property=\"og:description\" content=\"\u00a0Kahramanmara\u015f&#039;ta helikopterin d\u00fc\u015fmesi sonucu BBP&#039;nin Kurucu Genel Ba\u015fkan\u0131 Muhsin Yaz\u0131c\u0131o\u011flu ile hayat\u0131n\u0131 yitiren gazeteci \u0130smail G\u00fcne\u015f, Belediye Meclis \u00dcyesi Aday\u0131 Murat \u00c7etinkaya, BBP \u0130l Ba\u015fkan\u0131 Erhan \u00dcst\u00fcnda\u011f ve \u0130l Ba\u015fkan Yard\u0131mc\u0131s\u0131 Y\u00fcksel Yanc\u0131, Sivas&#039;ta kabirleri ba\u015f\u0131nda an\u0131ld\u0131.\" \/>\n<meta property=\"og:url\" content=\"https:\/\/memurunsesi.net\/index.php\/2026\/03\/25\/kahramanmarasta-muhsin-yaziciogluyla-birlikte-dusen-helikopterde-vefat-edenler-mezarlari-basinda-anildi\/\" \/>\n<meta property=\"og:site_name\" content=\"Memurun Sesi\" \/>\n<meta property=\"article:publisher\" content=\"https:\/\/www.facebook.com\/unipersen\/?locale=tr_TR\" \/>\n<meta property=\"article:published_time\" content=\"2026-03-25T12:54:44+00:00\" \/>\n<meta property=\"og:image\" content=\"https:\/\/memurunsesi.net\/wp-content\/uploads\/2026\/03\/MUHSIN-scaled.jpg\" \/>\n\t<meta property=\"og:image:width\" content=\"2560\" \/>\n\t<meta property=\"og:image:height\" content=\"1707\" \/>\n\t<meta property=\"og:image:type\" content=\"image\/jpeg\" \/>\n<meta name=\"author\" content=\"Memurun Sesi Haber Merkezi\" \/>\n<meta name=\"twitter:card\" content=\"summary_large_image\" \/>\n<meta name=\"twitter:creator\" content=\"@unipersen\" \/>\n<meta name=\"twitter:site\" content=\"@unipersen\" \/>\n<meta name=\"twitter:label1\" content=\"Yazan:\" \/>\n\t<meta name=\"twitter:data1\" content=\"Memurun Sesi Haber Merkezi\" \/>\n\t<meta name=\"twitter:label2\" content=\"Tahmini okuma s\u00fcresi\" \/>\n\t<meta name=\"twitter:data2\" content=\"2 dakika\" \/>\n<script type=\"application\/ld+json\" class=\"yoast-schema-graph\">{\"@context\":\"https:\\\/\\\/schema.org\",\"@graph\":[{\"@type\":\"Article\",\"@id\":\"https:\\\/\\\/memurunsesi.net\\\/index.php\\\/2026\\\/03\\\/25\\\/kahramanmarasta-muhsin-yaziciogluyla-birlikte-dusen-helikopterde-vefat-edenler-mezarlari-basinda-anildi\\\/#article\",\"isPartOf\":{\"@id\":\"https:\\\/\\\/memurunsesi.net\\\/index.php\\\/2026\\\/03\\\/25\\\/kahramanmarasta-muhsin-yaziciogluyla-birlikte-dusen-helikopterde-vefat-edenler-mezarlari-basinda-anildi\\\/\"},\"author\":{\"name\":\"Memurun Sesi Haber Merkezi\",\"@id\":\"https:\\\/\\\/memurunsesi.net\\\/#\\\/schema\\\/person\\\/f21c2d73b89f6ee1d80b0a1803e38587\"},\"headline\":\"Kahramanmara\u015f&#8217;ta Muhsin Yaz\u0131c\u0131o\u011flu&#8217;yla birlikte d\u00fc\u015fen helikopterde vefat edenler mezarlar\u0131 ba\u015f\u0131nda an\u0131ld\u0131\",\"datePublished\":\"2026-03-25T12:54:44+00:00\",\"mainEntityOfPage\":{\"@id\":\"https:\\\/\\\/memurunsesi.net\\\/index.php\\\/2026\\\/03\\\/25\\\/kahramanmarasta-muhsin-yaziciogluyla-birlikte-dusen-helikopterde-vefat-edenler-mezarlari-basinda-anildi\\\/\"},\"wordCount\":428,\"commentCount\":0,\"publisher\":{\"@id\":\"https:\\\/\\\/memurunsesi.net\\\/#organization\"},\"image\":{\"@id\":\"https:\\\/\\\/memurunsesi.net\\\/index.php\\\/2026\\\/03\\\/25\\\/kahramanmarasta-muhsin-yaziciogluyla-birlikte-dusen-helikopterde-vefat-edenler-mezarlari-basinda-anildi\\\/#primaryimage\"},\"thumbnailUrl\":\"https:\\\/\\\/memurunsesi.net\\\/wp-content\\\/uploads\\\/2026\\\/03\\\/MUHSIN-scaled.jpg\",\"keywords\":[\"ARKADA\u015eLARI KAB\u0130RLER\u0130 BA\u015eINDA ANILDI\",\"helikopter kazas\u0131\",\"Muhsin YAZICIO\u011eLU\"],\"articleSection\":[\"G\u00fcndem\"],\"inLanguage\":\"tr\",\"potentialAction\":[{\"@type\":\"CommentAction\",\"name\":\"Comment\",\"target\":[\"https:\\\/\\\/memurunsesi.net\\\/index.php\\\/2026\\\/03\\\/25\\\/kahramanmarasta-muhsin-yaziciogluyla-birlikte-dusen-helikopterde-vefat-edenler-mezarlari-basinda-anildi\\\/#respond\"]}]},{\"@type\":\"WebPage\",\"@id\":\"https:\\\/\\\/memurunsesi.net\\\/index.php\\\/2026\\\/03\\\/25\\\/kahramanmarasta-muhsin-yaziciogluyla-birlikte-dusen-helikopterde-vefat-edenler-mezarlari-basinda-anildi\\\/\",\"url\":\"https:\\\/\\\/memurunsesi.net\\\/index.php\\\/2026\\\/03\\\/25\\\/kahramanmarasta-muhsin-yaziciogluyla-birlikte-dusen-helikopterde-vefat-edenler-mezarlari-basinda-anildi\\\/\",\"name\":\"Kahramanmara\u015f'ta Muhsin Yaz\u0131c\u0131o\u011flu'yla birlikte d\u00fc\u015fen helikopterde vefat edenler mezarlar\u0131 ba\u015f\u0131nda an\u0131ld\u0131 - Memurun Sesi\",\"isPartOf\":{\"@id\":\"https:\\\/\\\/memurunsesi.net\\\/#website\"},\"primaryImageOfPage\":{\"@id\":\"https:\\\/\\\/memurunsesi.net\\\/index.php\\\/2026\\\/03\\\/25\\\/kahramanmarasta-muhsin-yaziciogluyla-birlikte-dusen-helikopterde-vefat-edenler-mezarlari-basinda-anildi\\\/#primaryimage\"},\"image\":{\"@id\":\"https:\\\/\\\/memurunsesi.net\\\/index.php\\\/2026\\\/03\\\/25\\\/kahramanmarasta-muhsin-yaziciogluyla-birlikte-dusen-helikopterde-vefat-edenler-mezarlari-basinda-anildi\\\/#primaryimage\"},\"thumbnailUrl\":\"https:\\\/\\\/memurunsesi.net\\\/wp-content\\\/uploads\\\/2026\\\/03\\\/MUHSIN-scaled.jpg\",\"datePublished\":\"2026-03-25T12:54:44+00:00\",\"description\":\"\u00a0Kahramanmara\u015f'ta helikopterin d\u00fc\u015fmesi sonucu BBP'nin Kurucu Genel Ba\u015fkan\u0131 Muhsin Yaz\u0131c\u0131o\u011flu ile hayat\u0131n\u0131 yitiren gazeteci \u0130smail G\u00fcne\u015f, Belediye Meclis \u00dcyesi Aday\u0131 Murat \u00c7etinkaya, BBP \u0130l Ba\u015fkan\u0131 Erhan \u00dcst\u00fcnda\u011f ve \u0130l Ba\u015fkan Yard\u0131mc\u0131s\u0131 Y\u00fcksel Yanc\u0131, Sivas'ta kabirleri ba\u015f\u0131nda an\u0131ld\u0131.\",\"breadcrumb\":{\"@id\":\"https:\\\/\\\/memurunsesi.net\\\/index.php\\\/2026\\\/03\\\/25\\\/kahramanmarasta-muhsin-yaziciogluyla-birlikte-dusen-helikopterde-vefat-edenler-mezarlari-basinda-anildi\\\/#breadcrumb\"},\"inLanguage\":\"tr\",\"potentialAction\":[{\"@type\":\"ReadAction\",\"target\":[\"https:\\\/\\\/memurunsesi.net\\\/index.php\\\/2026\\\/03\\\/25\\\/kahramanmarasta-muhsin-yaziciogluyla-birlikte-dusen-helikopterde-vefat-edenler-mezarlari-basinda-anildi\\\/\"]}]},{\"@type\":\"ImageObject\",\"inLanguage\":\"tr\",\"@id\":\"https:\\\/\\\/memurunsesi.net\\\/index.php\\\/2026\\\/03\\\/25\\\/kahramanmarasta-muhsin-yaziciogluyla-birlikte-dusen-helikopterde-vefat-edenler-mezarlari-basinda-anildi\\\/#primaryimage\",\"url\":\"https:\\\/\\\/memurunsesi.net\\\/wp-content\\\/uploads\\\/2026\\\/03\\\/MUHSIN-scaled.jpg\",\"contentUrl\":\"https:\\\/\\\/memurunsesi.net\\\/wp-content\\\/uploads\\\/2026\\\/03\\\/MUHSIN-scaled.jpg\",\"width\":2560,\"height\":1707,\"caption\":\"KAHRAMANMARA\u015e'TA HEL\u0130KOPTER\u0130N D\u00dc\u015eMES\u0130 SONUCU BBP'N\u0130N KURUCU GENEL BA\u015eKANI MUHS\u0130N YAZICIO\u011eLU \u0130LE YA\u015eAMINI Y\u0130T\u0130REN GAZETEC\u0130 \u0130SMA\u0130L G\u00dcNE\u015e, BELED\u0130YE MECL\u0130S \u00dcYES\u0130 ADAYI MURAT \u00c7ET\u0130NKAYA, BBP \u0130L BA\u015eKANI ERHAN \u00dcST\u00dcNDA\u011e VE \u0130L BA\u015eKAN YARDIMCISI Y\u00dcKSEL YANCI, S\u0130VAS'TA KAB\u0130RLER\u0130 BA\u015eINDA ANILDI. (RAHM\u0130 MEYVEC\u0130 - SANCAR ALP FIRAT\\\/S\u0130VAS-\u0130HA) Kahramanmara\u015f'ta helikopterin d\u00fc\u015fmesi sonucu BBP'nin Kurucu Genel Ba\u015fkan\u0131 Muhsin Yaz\u0131c\u0131o\u011flu ile hayat\u0131n\u0131 yitiren gazeteci \u0130smail G\u00fcne\u015f, Belediye Meclis \u00dcyesi Aday\u0131 Murat \u00c7etinkaya, BBP \u0130l Ba\u015fkan\u0131 Erhan \u00dcst\u00fcnda\u011f ve \u0130l Ba\u015fkan Yard\u0131mc\u0131s\u0131 Y\u00fcksel Yanc\u0131, Sivas'ta kabirleri ba\u015f\u0131nda an\u0131ld\u0131.\"},{\"@type\":\"BreadcrumbList\",\"@id\":\"https:\\\/\\\/memurunsesi.net\\\/index.php\\\/2026\\\/03\\\/25\\\/kahramanmarasta-muhsin-yaziciogluyla-birlikte-dusen-helikopterde-vefat-edenler-mezarlari-basinda-anildi\\\/#breadcrumb\",\"itemListElement\":[{\"@type\":\"ListItem\",\"position\":1,\"name\":\"Anasayfa\",\"item\":\"https:\\\/\\\/memurunsesi.net\\\/\"},{\"@type\":\"ListItem\",\"position\":2,\"name\":\"Kahramanmara\u015f&#8217;ta Muhsin Yaz\u0131c\u0131o\u011flu&#8217;yla birlikte d\u00fc\u015fen helikopterde vefat edenler mezarlar\u0131 ba\u015f\u0131nda an\u0131ld\u0131\"}]},{\"@type\":\"WebSite\",\"@id\":\"https:\\\/\\\/memurunsesi.net\\\/#website\",\"url\":\"https:\\\/\\\/memurunsesi.net\\\/\",\"name\":\"Memurun Sesi\",\"description\":\"G\u00fcncel ve Do\u011fru Haber\",\"publisher\":{\"@id\":\"https:\\\/\\\/memurunsesi.net\\\/#organization\"},\"potentialAction\":[{\"@type\":\"SearchAction\",\"target\":{\"@type\":\"EntryPoint\",\"urlTemplate\":\"https:\\\/\\\/memurunsesi.net\\\/?s={search_term_string}\"},\"query-input\":{\"@type\":\"PropertyValueSpecification\",\"valueRequired\":true,\"valueName\":\"search_term_string\"}}],\"inLanguage\":\"tr\"},{\"@type\":\"Organization\",\"@id\":\"https:\\\/\\\/memurunsesi.net\\\/#organization\",\"name\":\"Memurun Sesi\",\"url\":\"https:\\\/\\\/memurunsesi.net\\\/\",\"logo\":{\"@type\":\"ImageObject\",\"inLanguage\":\"tr\",\"@id\":\"https:\\\/\\\/memurunsesi.net\\\/#\\\/schema\\\/logo\\\/image\\\/\",\"url\":\"https:\\\/\\\/memurunsesi.net\\\/wp-content\\\/uploads\\\/2025\\\/11\\\/cropped-MEMURUN-SESI.png\",\"contentUrl\":\"https:\\\/\\\/memurunsesi.net\\\/wp-content\\\/uploads\\\/2025\\\/11\\\/cropped-MEMURUN-SESI.png\",\"width\":238,\"height\":57,\"caption\":\"Memurun Sesi\"},\"image\":{\"@id\":\"https:\\\/\\\/memurunsesi.net\\\/#\\\/schema\\\/logo\\\/image\\\/\"},\"sameAs\":[\"https:\\\/\\\/www.facebook.com\\\/unipersen\\\/?locale=tr_TR\",\"https:\\\/\\\/x.com\\\/unipersen\"]},{\"@type\":\"Person\",\"@id\":\"https:\\\/\\\/memurunsesi.net\\\/#\\\/schema\\\/person\\\/f21c2d73b89f6ee1d80b0a1803e38587\",\"name\":\"Memurun Sesi Haber Merkezi\",\"image\":{\"@type\":\"ImageObject\",\"inLanguage\":\"tr\",\"@id\":\"https:\\\/\\\/secure.gravatar.com\\\/avatar\\\/6cf0505f452ee753f485014986fab09a434671d2b919ee76fc541025c5876a70?s=96&d=mm&r=g\",\"url\":\"https:\\\/\\\/secure.gravatar.com\\\/avatar\\\/6cf0505f452ee753f485014986fab09a434671d2b919ee76fc541025c5876a70?s=96&d=mm&r=g\",\"contentUrl\":\"https:\\\/\\\/secure.gravatar.com\\\/avatar\\\/6cf0505f452ee753f485014986fab09a434671d2b919ee76fc541025c5876a70?s=96&d=mm&r=g\",\"caption\":\"Memurun Sesi Haber Merkezi\"},\"sameAs\":[\"https:\\\/\\\/memurunsesi.net\"],\"url\":\"https:\\\/\\\/memurunsesi.net\\\/index.php\\\/author\\\/uniper\\\/\"}]}<\/script>\n<!-- \/ Yoast SEO plugin. -->","yoast_head_json":{"title":"Kahramanmara\u015f'ta Muhsin Yaz\u0131c\u0131o\u011flu'yla birlikte d\u00fc\u015fen helikopterde vefat edenler mezarlar\u0131 ba\u015f\u0131nda an\u0131ld\u0131 - Memurun Sesi","description":"\u00a0Kahramanmara\u015f'ta helikopterin d\u00fc\u015fmesi sonucu BBP'nin Kurucu Genel Ba\u015fkan\u0131 Muhsin Yaz\u0131c\u0131o\u011flu ile hayat\u0131n\u0131 yitiren gazeteci \u0130smail G\u00fcne\u015f, Belediye Meclis \u00dcyesi Aday\u0131 Murat \u00c7etinkaya, BBP \u0130l Ba\u015fkan\u0131 Erhan \u00dcst\u00fcnda\u011f ve \u0130l Ba\u015fkan Yard\u0131mc\u0131s\u0131 Y\u00fcksel Yanc\u0131, Sivas'ta kabirleri ba\u015f\u0131nda an\u0131ld\u0131.","robots":{"index":"index","follow":"follow","max-snippet":"max-snippet:-1","max-image-preview":"max-image-preview:large","max-video-preview":"max-video-preview:-1"},"canonical":"https:\/\/memurunsesi.net\/index.php\/2026\/03\/25\/kahramanmarasta-muhsin-yaziciogluyla-birlikte-dusen-helikopterde-vefat-edenler-mezarlari-basinda-anildi\/","og_locale":"tr_TR","og_type":"article","og_title":"Kahramanmara\u015f'ta Muhsin Yaz\u0131c\u0131o\u011flu'yla birlikte d\u00fc\u015fen helikopterde vefat edenler mezarlar\u0131 ba\u015f\u0131nda an\u0131ld\u0131 - Memurun Sesi","og_description":"\u00a0Kahramanmara\u015f'ta helikopterin d\u00fc\u015fmesi sonucu BBP'nin Kurucu Genel Ba\u015fkan\u0131 Muhsin Yaz\u0131c\u0131o\u011flu ile hayat\u0131n\u0131 yitiren gazeteci \u0130smail G\u00fcne\u015f, Belediye Meclis \u00dcyesi Aday\u0131 Murat \u00c7etinkaya, BBP \u0130l Ba\u015fkan\u0131 Erhan \u00dcst\u00fcnda\u011f ve \u0130l Ba\u015fkan Yard\u0131mc\u0131s\u0131 Y\u00fcksel Yanc\u0131, Sivas'ta kabirleri ba\u015f\u0131nda an\u0131ld\u0131.","og_url":"https:\/\/memurunsesi.net\/index.php\/2026\/03\/25\/kahramanmarasta-muhsin-yaziciogluyla-birlikte-dusen-helikopterde-vefat-edenler-mezarlari-basinda-anildi\/","og_site_name":"Memurun Sesi","article_publisher":"https:\/\/www.facebook.com\/unipersen\/?locale=tr_TR","article_published_time":"2026-03-25T12:54:44+00:00","og_image":[{"width":2560,"height":1707,"url":"https:\/\/memurunsesi.net\/wp-content\/uploads\/2026\/03\/MUHSIN-scaled.jpg","type":"image\/jpeg"}],"author":"Memurun Sesi Haber Merkezi","twitter_card":"summary_large_image","twitter_creator":"@unipersen","twitter_site":"@unipersen","twitter_misc":{"Yazan:":"Memurun Sesi Haber Merkezi","Tahmini okuma s\u00fcresi":"2 dakika"},"schema":{"@context":"https:\/\/schema.org","@graph":[{"@type":"Article","@id":"https:\/\/memurunsesi.net\/index.php\/2026\/03\/25\/kahramanmarasta-muhsin-yaziciogluyla-birlikte-dusen-helikopterde-vefat-edenler-mezarlari-basinda-anildi\/#article","isPartOf":{"@id":"https:\/\/memurunsesi.net\/index.php\/2026\/03\/25\/kahramanmarasta-muhsin-yaziciogluyla-birlikte-dusen-helikopterde-vefat-edenler-mezarlari-basinda-anildi\/"},"author":{"name":"Memurun Sesi Haber Merkezi","@id":"https:\/\/memurunsesi.net\/#\/schema\/person\/f21c2d73b89f6ee1d80b0a1803e38587"},"headline":"Kahramanmara\u015f&#8217;ta Muhsin Yaz\u0131c\u0131o\u011flu&#8217;yla birlikte d\u00fc\u015fen helikopterde vefat edenler mezarlar\u0131 ba\u015f\u0131nda an\u0131ld\u0131","datePublished":"2026-03-25T12:54:44+00:00","mainEntityOfPage":{"@id":"https:\/\/memurunsesi.net\/index.php\/2026\/03\/25\/kahramanmarasta-muhsin-yaziciogluyla-birlikte-dusen-helikopterde-vefat-edenler-mezarlari-basinda-anildi\/"},"wordCount":428,"commentCount":0,"publisher":{"@id":"https:\/\/memurunsesi.net\/#organization"},"image":{"@id":"https:\/\/memurunsesi.net\/index.php\/2026\/03\/25\/kahramanmarasta-muhsin-yaziciogluyla-birlikte-dusen-helikopterde-vefat-edenler-mezarlari-basinda-anildi\/#primaryimage"},"thumbnailUrl":"https:\/\/memurunsesi.net\/wp-content\/uploads\/2026\/03\/MUHSIN-scaled.jpg","keywords":["ARKADA\u015eLARI KAB\u0130RLER\u0130 BA\u015eINDA ANILDI","helikopter kazas\u0131","Muhsin YAZICIO\u011eLU"],"articleSection":["G\u00fcndem"],"inLanguage":"tr","potentialAction":[{"@type":"CommentAction","name":"Comment","target":["https:\/\/memurunsesi.net\/index.php\/2026\/03\/25\/kahramanmarasta-muhsin-yaziciogluyla-birlikte-dusen-helikopterde-vefat-edenler-mezarlari-basinda-anildi\/#respond"]}]},{"@type":"WebPage","@id":"https:\/\/memurunsesi.net\/index.php\/2026\/03\/25\/kahramanmarasta-muhsin-yaziciogluyla-birlikte-dusen-helikopterde-vefat-edenler-mezarlari-basinda-anildi\/","url":"https:\/\/memurunsesi.net\/index.php\/2026\/03\/25\/kahramanmarasta-muhsin-yaziciogluyla-birlikte-dusen-helikopterde-vefat-edenler-mezarlari-basinda-anildi\/","name":"Kahramanmara\u015f'ta Muhsin Yaz\u0131c\u0131o\u011flu'yla birlikte d\u00fc\u015fen helikopterde vefat edenler mezarlar\u0131 ba\u015f\u0131nda an\u0131ld\u0131 - Memurun Sesi","isPartOf":{"@id":"https:\/\/memurunsesi.net\/#website"},"primaryImageOfPage":{"@id":"https:\/\/memurunsesi.net\/index.php\/2026\/03\/25\/kahramanmarasta-muhsin-yaziciogluyla-birlikte-dusen-helikopterde-vefat-edenler-mezarlari-basinda-anildi\/#primaryimage"},"image":{"@id":"https:\/\/memurunsesi.net\/index.php\/2026\/03\/25\/kahramanmarasta-muhsin-yaziciogluyla-birlikte-dusen-helikopterde-vefat-edenler-mezarlari-basinda-anildi\/#primaryimage"},"thumbnailUrl":"https:\/\/memurunsesi.net\/wp-content\/uploads\/2026\/03\/MUHSIN-scaled.jpg","datePublished":"2026-03-25T12:54:44+00:00","description":"\u00a0Kahramanmara\u015f'ta helikopterin d\u00fc\u015fmesi sonucu BBP'nin Kurucu Genel Ba\u015fkan\u0131 Muhsin Yaz\u0131c\u0131o\u011flu ile hayat\u0131n\u0131 yitiren gazeteci \u0130smail G\u00fcne\u015f, Belediye Meclis \u00dcyesi Aday\u0131 Murat \u00c7etinkaya, BBP \u0130l Ba\u015fkan\u0131 Erhan \u00dcst\u00fcnda\u011f ve \u0130l Ba\u015fkan Yard\u0131mc\u0131s\u0131 Y\u00fcksel Yanc\u0131, Sivas'ta kabirleri ba\u015f\u0131nda an\u0131ld\u0131.","breadcrumb":{"@id":"https:\/\/memurunsesi.net\/index.php\/2026\/03\/25\/kahramanmarasta-muhsin-yaziciogluyla-birlikte-dusen-helikopterde-vefat-edenler-mezarlari-basinda-anildi\/#breadcrumb"},"inLanguage":"tr","potentialAction":[{"@type":"ReadAction","target":["https:\/\/memurunsesi.net\/index.php\/2026\/03\/25\/kahramanmarasta-muhsin-yaziciogluyla-birlikte-dusen-helikopterde-vefat-edenler-mezarlari-basinda-anildi\/"]}]},{"@type":"ImageObject","inLanguage":"tr","@id":"https:\/\/memurunsesi.net\/index.php\/2026\/03\/25\/kahramanmarasta-muhsin-yaziciogluyla-birlikte-dusen-helikopterde-vefat-edenler-mezarlari-basinda-anildi\/#primaryimage","url":"https:\/\/memurunsesi.net\/wp-content\/uploads\/2026\/03\/MUHSIN-scaled.jpg","contentUrl":"https:\/\/memurunsesi.net\/wp-content\/uploads\/2026\/03\/MUHSIN-scaled.jpg","width":2560,"height":1707,"caption":"KAHRAMANMARA\u015e'TA HEL\u0130KOPTER\u0130N D\u00dc\u015eMES\u0130 SONUCU BBP'N\u0130N KURUCU GENEL BA\u015eKANI MUHS\u0130N YAZICIO\u011eLU \u0130LE YA\u015eAMINI Y\u0130T\u0130REN GAZETEC\u0130 \u0130SMA\u0130L G\u00dcNE\u015e, BELED\u0130YE MECL\u0130S \u00dcYES\u0130 ADAYI MURAT \u00c7ET\u0130NKAYA, BBP \u0130L BA\u015eKANI ERHAN \u00dcST\u00dcNDA\u011e VE \u0130L BA\u015eKAN YARDIMCISI Y\u00dcKSEL YANCI, S\u0130VAS'TA KAB\u0130RLER\u0130 BA\u015eINDA ANILDI. (RAHM\u0130 MEYVEC\u0130 - SANCAR ALP FIRAT\/S\u0130VAS-\u0130HA) Kahramanmara\u015f'ta helikopterin d\u00fc\u015fmesi sonucu BBP'nin Kurucu Genel Ba\u015fkan\u0131 Muhsin Yaz\u0131c\u0131o\u011flu ile hayat\u0131n\u0131 yitiren gazeteci \u0130smail G\u00fcne\u015f, Belediye Meclis \u00dcyesi Aday\u0131 Murat \u00c7etinkaya, BBP \u0130l Ba\u015fkan\u0131 Erhan \u00dcst\u00fcnda\u011f ve \u0130l Ba\u015fkan Yard\u0131mc\u0131s\u0131 Y\u00fcksel Yanc\u0131, Sivas'ta kabirleri ba\u015f\u0131nda an\u0131ld\u0131."},{"@type":"BreadcrumbList","@id":"https:\/\/memurunsesi.net\/index.php\/2026\/03\/25\/kahramanmarasta-muhsin-yaziciogluyla-birlikte-dusen-helikopterde-vefat-edenler-mezarlari-basinda-anildi\/#breadcrumb","itemListElement":[{"@type":"ListItem","position":1,"name":"Anasayfa","item":"https:\/\/memurunsesi.net\/"},{"@type":"ListItem","position":2,"name":"Kahramanmara\u015f&#8217;ta Muhsin Yaz\u0131c\u0131o\u011flu&#8217;yla birlikte d\u00fc\u015fen helikopterde vefat edenler mezarlar\u0131 ba\u015f\u0131nda an\u0131ld\u0131"}]},{"@type":"WebSite","@id":"https:\/\/memurunsesi.net\/#website","url":"https:\/\/memurunsesi.net\/","name":"Memurun Sesi","description":"G\u00fcncel ve Do\u011fru Haber","publisher":{"@id":"https:\/\/memurunsesi.net\/#organization"},"potentialAction":[{"@type":"SearchAction","target":{"@type":"EntryPoint","urlTemplate":"https:\/\/memurunsesi.net\/?s={search_term_string}"},"query-input":{"@type":"PropertyValueSpecification","valueRequired":true,"valueName":"search_term_string"}}],"inLanguage":"tr"},{"@type":"Organization","@id":"https:\/\/memurunsesi.net\/#organization","name":"Memurun Sesi","url":"https:\/\/memurunsesi.net\/","logo":{"@type":"ImageObject","inLanguage":"tr","@id":"https:\/\/memurunsesi.net\/#\/schema\/logo\/image\/","url":"https:\/\/memurunsesi.net\/wp-content\/uploads\/2025\/11\/cropped-MEMURUN-SESI.png","contentUrl":"https:\/\/memurunsesi.net\/wp-content\/uploads\/2025\/11\/cropped-MEMURUN-SESI.png","width":238,"height":57,"caption":"Memurun Sesi"},"image":{"@id":"https:\/\/memurunsesi.net\/#\/schema\/logo\/image\/"},"sameAs":["https:\/\/www.facebook.com\/unipersen\/?locale=tr_TR","https:\/\/x.com\/unipersen"]},{"@type":"Person","@id":"https:\/\/memurunsesi.net\/#\/schema\/person\/f21c2d73b89f6ee1d80b0a1803e38587","name":"Memurun Sesi Haber Merkezi","image":{"@type":"ImageObject","inLanguage":"tr","@id":"https:\/\/secure.gravatar.com\/avatar\/6cf0505f452ee753f485014986fab09a434671d2b919ee76fc541025c5876a70?s=96&d=mm&r=g","url":"https:\/\/secure.gravatar.com\/avatar\/6cf0505f452ee753f485014986fab09a434671d2b919ee76fc541025c5876a70?s=96&d=mm&r=g","contentUrl":"https:\/\/secure.gravatar.com\/avatar\/6cf0505f452ee753f485014986fab09a434671d2b919ee76fc541025c5876a70?s=96&d=mm&r=g","caption":"Memurun Sesi Haber Merkezi"},"sameAs":["https:\/\/memurunsesi.net"],"url":"https:\/\/memurunsesi.net\/index.php\/author\/uniper\/"}]}},"_links":{"self":[{"href":"https:\/\/memurunsesi.net\/index.php\/wp-json\/wp\/v2\/posts\/18620","targetHints":{"allow":["GET"]}}],"collection":[{"href":"https:\/\/memurunsesi.net\/index.php\/wp-json\/wp\/v2\/posts"}],"about":[{"href":"https:\/\/memurunsesi.net\/index.php\/wp-json\/wp\/v2\/types\/post"}],"author":[{"embeddable":true,"href":"https:\/\/memurunsesi.net\/index.php\/wp-json\/wp\/v2\/users\/1"}],"replies":[{"embeddable":true,"href":"https:\/\/memurunsesi.net\/index.php\/wp-json\/wp\/v2\/comments?post=18620"}],"version-history":[{"count":1,"href":"https:\/\/memurunsesi.net\/index.php\/wp-json\/wp\/v2\/posts\/18620\/revisions"}],"predecessor-version":[{"id":18622,"href":"https:\/\/memurunsesi.net\/index.php\/wp-json\/wp\/v2\/posts\/18620\/revisions\/18622"}],"wp:featuredmedia":[{"embeddable":true,"href":"https:\/\/memurunsesi.net\/index.php\/wp-json\/wp\/v2\/media\/18621"}],"wp:attachment":[{"href":"https:\/\/memurunsesi.net\/index.php\/wp-json\/wp\/v2\/media?parent=18620"}],"wp:term":[{"taxonomy":"category","embeddable":true,"href":"https:\/\/memurunsesi.net\/index.php\/wp-json\/wp\/v2\/categories?post=18620"},{"taxonomy":"post_tag","embeddable":true,"href":"https:\/\/memurunsesi.net\/index.php\/wp-json\/wp\/v2\/tags?post=18620"}],"curies":[{"name":"wp","href":"https:\/\/api.w.org\/{rel}","templated":true}]}}