{"id":18623,"date":"2026-03-25T15:56:33","date_gmt":"2026-03-25T12:56:33","guid":{"rendered":"https:\/\/memurunsesi.net\/?p=18623"},"modified":"2026-03-25T15:56:33","modified_gmt":"2026-03-25T12:56:33","slug":"otel-lojmaninda-cikan-yangin-korkuttu","status":"publish","type":"post","link":"https:\/\/memurunsesi.net\/index.php\/2026\/03\/25\/otel-lojmaninda-cikan-yangin-korkuttu\/","title":{"rendered":"Otel lojman\u0131nda \u00e7\u0131kan yang\u0131n korkuttu"},"content":{"rendered":"<p>Antalya&#8217;n\u0131n Manavgat il\u00e7esinde otel lojman\u0131nda \u00e7\u0131kan yang\u0131n, itfaiyenin zaman\u0131nda m\u00fcdahalesiyle b\u00fcy\u00fcmeden s\u00f6nd\u00fcr\u00fcld\u00fc.<br \/>\nSide Mahallesi 1564 Sokak&#8217;ta bulunan bir otele ait lojmanda yang\u0131n ihbar\u0131, Antalya B\u00fcy\u00fck\u015fehir Belediyesi Manavgat Birimi&#8217;ne ba\u011fl\u0131 ekipleri alarma ge\u00e7irdi. Lojman\u0131n 2. kat\u0131nda bulunan odada \u00e7\u0131kan yang\u0131n itfaiye ekiplerinin zaman\u0131nda m\u00fcdahalesi sayesinde b\u00fcy\u00fcmeden s\u00f6nd\u00fcr\u00fcld\u00fc. \u0130tfaiye ekipleri yang\u0131n\u0131n ard\u0131ndan so\u011futma \u00e7al\u0131\u015fmas\u0131 yaparken, yang\u0131n\u0131n \u00e7\u0131kt\u0131\u011f\u0131 odada bulunan e\u015fyalar\u0131n kullan\u0131lamaz hale geldi\u011fi, yan taraftaki odan\u0131n da dumandan etkilendi\u011fi g\u00f6zlendi.<\/p>\n<p>25.03.2026<\/p>\n","protected":false},"excerpt":{"rendered":"<p>Antalya&#8217;n\u0131n Manavgat il\u00e7esinde otel lojman\u0131nda \u00e7\u0131kan yang\u0131n, itfaiyenin zaman\u0131nda m\u00fcdahalesiyle b\u00fcy\u00fcmeden s\u00f6nd\u00fcr\u00fcld\u00fc. Side Mahallesi 1564 Sokak&#8217;ta bulunan bir otele ait lojmanda yang\u0131n ihbar\u0131, Antalya B\u00fcy\u00fck\u015fehir Belediyesi Manavgat Birimi&#8217;ne ba\u011fl\u0131 ekipleri alarma ge\u00e7irdi. Lojman\u0131n 2. kat\u0131nda bulunan odada \u00e7\u0131kan yang\u0131n itfaiye ekiplerinin zaman\u0131nda m\u00fcdahalesi sayesinde b\u00fcy\u00fcmeden s\u00f6nd\u00fcr\u00fcld\u00fc. \u0130tfaiye ekipleri yang\u0131n\u0131n ard\u0131ndan so\u011futma \u00e7al\u0131\u015fmas\u0131 yaparken, yang\u0131n\u0131n \u00e7\u0131kt\u0131\u011f\u0131 [&hellip;]<\/p>\n","protected":false},"author":1,"featured_media":18624,"comment_status":"open","ping_status":"open","sticky":false,"template":"","format":"standard","meta":{"footnotes":""},"categories":[50],"tags":[],"class_list":["post-18623","post","type-post","status-publish","format-standard","has-post-thumbnail","hentry","category-tum-haberler"],"yoast_head":"<!-- This site is optimized with the Yoast SEO plugin v27.4 - https:\/\/yoast.com\/product\/yoast-seo-wordpress\/ -->\n<title>Otel lojman\u0131nda \u00e7\u0131kan yang\u0131n korkuttu - Memurun Sesi<\/title>\n<meta name=\"description\" content=\"\u00a0Antalya&#039;n\u0131n Manavgat il\u00e7esinde otel lojman\u0131nda \u00e7\u0131kan yang\u0131n, itfaiyenin zaman\u0131nda m\u00fcdahalesiyle b\u00fcy\u00fcmeden s\u00f6nd\u00fcr\u00fcld\u00fc.\" \/>\n<meta name=\"robots\" content=\"index, follow, max-snippet:-1, max-image-preview:large, max-video-preview:-1\" \/>\n<link rel=\"canonical\" href=\"https:\/\/memurunsesi.net\/index.php\/2026\/03\/25\/otel-lojmaninda-cikan-yangin-korkuttu\/\" \/>\n<meta property=\"og:locale\" content=\"tr_TR\" \/>\n<meta property=\"og:type\" content=\"article\" \/>\n<meta property=\"og:title\" content=\"Otel lojman\u0131nda \u00e7\u0131kan yang\u0131n korkuttu - Memurun Sesi\" \/>\n<meta property=\"og:description\" content=\"\u00a0Antalya&#039;n\u0131n Manavgat il\u00e7esinde otel lojman\u0131nda \u00e7\u0131kan yang\u0131n, itfaiyenin zaman\u0131nda m\u00fcdahalesiyle b\u00fcy\u00fcmeden s\u00f6nd\u00fcr\u00fcld\u00fc.\" \/>\n<meta property=\"og:url\" content=\"https:\/\/memurunsesi.net\/index.php\/2026\/03\/25\/otel-lojmaninda-cikan-yangin-korkuttu\/\" \/>\n<meta property=\"og:site_name\" content=\"Memurun Sesi\" \/>\n<meta property=\"article:publisher\" content=\"https:\/\/www.facebook.com\/unipersen\/?locale=tr_TR\" \/>\n<meta property=\"article:published_time\" content=\"2026-03-25T12:56:33+00:00\" \/>\n<meta property=\"og:image\" content=\"https:\/\/memurunsesi.net\/wp-content\/uploads\/2026\/03\/YANGIN-3.jpg\" \/>\n\t<meta property=\"og:image:width\" content=\"1920\" \/>\n\t<meta property=\"og:image:height\" content=\"1080\" \/>\n\t<meta property=\"og:image:type\" content=\"image\/jpeg\" \/>\n<meta name=\"author\" content=\"Memurun Sesi Haber Merkezi\" \/>\n<meta name=\"twitter:card\" content=\"summary_large_image\" \/>\n<meta name=\"twitter:creator\" content=\"@unipersen\" \/>\n<meta name=\"twitter:site\" content=\"@unipersen\" \/>\n<meta name=\"twitter:label1\" content=\"Yazan:\" \/>\n\t<meta name=\"twitter:data1\" content=\"Memurun Sesi Haber Merkezi\" \/>\n\t<meta name=\"twitter:label2\" content=\"Tahmini okuma s\u00fcresi\" \/>\n\t<meta name=\"twitter:data2\" content=\"1 dakika\" \/>\n<script type=\"application\/ld+json\" class=\"yoast-schema-graph\">{\"@context\":\"https:\\\/\\\/schema.org\",\"@graph\":[{\"@type\":\"Article\",\"@id\":\"https:\\\/\\\/memurunsesi.net\\\/index.php\\\/2026\\\/03\\\/25\\\/otel-lojmaninda-cikan-yangin-korkuttu\\\/#article\",\"isPartOf\":{\"@id\":\"https:\\\/\\\/memurunsesi.net\\\/index.php\\\/2026\\\/03\\\/25\\\/otel-lojmaninda-cikan-yangin-korkuttu\\\/\"},\"author\":{\"name\":\"Memurun Sesi Haber Merkezi\",\"@id\":\"https:\\\/\\\/memurunsesi.net\\\/#\\\/schema\\\/person\\\/f21c2d73b89f6ee1d80b0a1803e38587\"},\"headline\":\"Otel lojman\u0131nda \u00e7\u0131kan yang\u0131n korkuttu\",\"datePublished\":\"2026-03-25T12:56:33+00:00\",\"mainEntityOfPage\":{\"@id\":\"https:\\\/\\\/memurunsesi.net\\\/index.php\\\/2026\\\/03\\\/25\\\/otel-lojmaninda-cikan-yangin-korkuttu\\\/\"},\"wordCount\":117,\"commentCount\":0,\"publisher\":{\"@id\":\"https:\\\/\\\/memurunsesi.net\\\/#organization\"},\"image\":{\"@id\":\"https:\\\/\\\/memurunsesi.net\\\/index.php\\\/2026\\\/03\\\/25\\\/otel-lojmaninda-cikan-yangin-korkuttu\\\/#primaryimage\"},\"thumbnailUrl\":\"https:\\\/\\\/memurunsesi.net\\\/wp-content\\\/uploads\\\/2026\\\/03\\\/YANGIN-3.jpg\",\"articleSection\":[\"T\u00fcm Haberler\"],\"inLanguage\":\"tr\",\"potentialAction\":[{\"@type\":\"CommentAction\",\"name\":\"Comment\",\"target\":[\"https:\\\/\\\/memurunsesi.net\\\/index.php\\\/2026\\\/03\\\/25\\\/otel-lojmaninda-cikan-yangin-korkuttu\\\/#respond\"]}]},{\"@type\":\"WebPage\",\"@id\":\"https:\\\/\\\/memurunsesi.net\\\/index.php\\\/2026\\\/03\\\/25\\\/otel-lojmaninda-cikan-yangin-korkuttu\\\/\",\"url\":\"https:\\\/\\\/memurunsesi.net\\\/index.php\\\/2026\\\/03\\\/25\\\/otel-lojmaninda-cikan-yangin-korkuttu\\\/\",\"name\":\"Otel lojman\u0131nda \u00e7\u0131kan yang\u0131n korkuttu - Memurun Sesi\",\"isPartOf\":{\"@id\":\"https:\\\/\\\/memurunsesi.net\\\/#website\"},\"primaryImageOfPage\":{\"@id\":\"https:\\\/\\\/memurunsesi.net\\\/index.php\\\/2026\\\/03\\\/25\\\/otel-lojmaninda-cikan-yangin-korkuttu\\\/#primaryimage\"},\"image\":{\"@id\":\"https:\\\/\\\/memurunsesi.net\\\/index.php\\\/2026\\\/03\\\/25\\\/otel-lojmaninda-cikan-yangin-korkuttu\\\/#primaryimage\"},\"thumbnailUrl\":\"https:\\\/\\\/memurunsesi.net\\\/wp-content\\\/uploads\\\/2026\\\/03\\\/YANGIN-3.jpg\",\"datePublished\":\"2026-03-25T12:56:33+00:00\",\"description\":\"\u00a0Antalya'n\u0131n Manavgat il\u00e7esinde otel lojman\u0131nda \u00e7\u0131kan yang\u0131n, itfaiyenin zaman\u0131nda m\u00fcdahalesiyle b\u00fcy\u00fcmeden s\u00f6nd\u00fcr\u00fcld\u00fc.\",\"breadcrumb\":{\"@id\":\"https:\\\/\\\/memurunsesi.net\\\/index.php\\\/2026\\\/03\\\/25\\\/otel-lojmaninda-cikan-yangin-korkuttu\\\/#breadcrumb\"},\"inLanguage\":\"tr\",\"potentialAction\":[{\"@type\":\"ReadAction\",\"target\":[\"https:\\\/\\\/memurunsesi.net\\\/index.php\\\/2026\\\/03\\\/25\\\/otel-lojmaninda-cikan-yangin-korkuttu\\\/\"]}]},{\"@type\":\"ImageObject\",\"inLanguage\":\"tr\",\"@id\":\"https:\\\/\\\/memurunsesi.net\\\/index.php\\\/2026\\\/03\\\/25\\\/otel-lojmaninda-cikan-yangin-korkuttu\\\/#primaryimage\",\"url\":\"https:\\\/\\\/memurunsesi.net\\\/wp-content\\\/uploads\\\/2026\\\/03\\\/YANGIN-3.jpg\",\"contentUrl\":\"https:\\\/\\\/memurunsesi.net\\\/wp-content\\\/uploads\\\/2026\\\/03\\\/YANGIN-3.jpg\",\"width\":1920,\"height\":1080,\"caption\":\"MANAVGAT \u0130L\u00c7ES\u0130NDE OTEL LOJMANINDA \u00c7IKAN YANGIN, \u0130TFA\u0130YEN\u0130N ZAMANINDA M\u00dcDAHALES\u0130YLE B\u00dcY\u00dcMEDEN S\u00d6ND\u00dcR\u00dcLD\u00dc (AR\u0130F KAPLAN\\\/ANTALYA-\u0130HA) Antalya'n\u0131n Manavgat il\u00e7esinde otel lojman\u0131nda \u00e7\u0131kan yang\u0131n, itfaiyenin zaman\u0131nda m\u00fcdahalesiyle b\u00fcy\u00fcmeden s\u00f6nd\u00fcr\u00fcld\u00fc.\"},{\"@type\":\"BreadcrumbList\",\"@id\":\"https:\\\/\\\/memurunsesi.net\\\/index.php\\\/2026\\\/03\\\/25\\\/otel-lojmaninda-cikan-yangin-korkuttu\\\/#breadcrumb\",\"itemListElement\":[{\"@type\":\"ListItem\",\"position\":1,\"name\":\"Anasayfa\",\"item\":\"https:\\\/\\\/memurunsesi.net\\\/\"},{\"@type\":\"ListItem\",\"position\":2,\"name\":\"Otel lojman\u0131nda \u00e7\u0131kan yang\u0131n korkuttu\"}]},{\"@type\":\"WebSite\",\"@id\":\"https:\\\/\\\/memurunsesi.net\\\/#website\",\"url\":\"https:\\\/\\\/memurunsesi.net\\\/\",\"name\":\"Memurun Sesi\",\"description\":\"G\u00fcncel ve Do\u011fru Haber\",\"publisher\":{\"@id\":\"https:\\\/\\\/memurunsesi.net\\\/#organization\"},\"potentialAction\":[{\"@type\":\"SearchAction\",\"target\":{\"@type\":\"EntryPoint\",\"urlTemplate\":\"https:\\\/\\\/memurunsesi.net\\\/?s={search_term_string}\"},\"query-input\":{\"@type\":\"PropertyValueSpecification\",\"valueRequired\":true,\"valueName\":\"search_term_string\"}}],\"inLanguage\":\"tr\"},{\"@type\":\"Organization\",\"@id\":\"https:\\\/\\\/memurunsesi.net\\\/#organization\",\"name\":\"Memurun Sesi\",\"url\":\"https:\\\/\\\/memurunsesi.net\\\/\",\"logo\":{\"@type\":\"ImageObject\",\"inLanguage\":\"tr\",\"@id\":\"https:\\\/\\\/memurunsesi.net\\\/#\\\/schema\\\/logo\\\/image\\\/\",\"url\":\"https:\\\/\\\/memurunsesi.net\\\/wp-content\\\/uploads\\\/2025\\\/11\\\/cropped-MEMURUN-SESI.png\",\"contentUrl\":\"https:\\\/\\\/memurunsesi.net\\\/wp-content\\\/uploads\\\/2025\\\/11\\\/cropped-MEMURUN-SESI.png\",\"width\":238,\"height\":57,\"caption\":\"Memurun Sesi\"},\"image\":{\"@id\":\"https:\\\/\\\/memurunsesi.net\\\/#\\\/schema\\\/logo\\\/image\\\/\"},\"sameAs\":[\"https:\\\/\\\/www.facebook.com\\\/unipersen\\\/?locale=tr_TR\",\"https:\\\/\\\/x.com\\\/unipersen\"]},{\"@type\":\"Person\",\"@id\":\"https:\\\/\\\/memurunsesi.net\\\/#\\\/schema\\\/person\\\/f21c2d73b89f6ee1d80b0a1803e38587\",\"name\":\"Memurun Sesi Haber Merkezi\",\"image\":{\"@type\":\"ImageObject\",\"inLanguage\":\"tr\",\"@id\":\"https:\\\/\\\/secure.gravatar.com\\\/avatar\\\/6cf0505f452ee753f485014986fab09a434671d2b919ee76fc541025c5876a70?s=96&d=mm&r=g\",\"url\":\"https:\\\/\\\/secure.gravatar.com\\\/avatar\\\/6cf0505f452ee753f485014986fab09a434671d2b919ee76fc541025c5876a70?s=96&d=mm&r=g\",\"contentUrl\":\"https:\\\/\\\/secure.gravatar.com\\\/avatar\\\/6cf0505f452ee753f485014986fab09a434671d2b919ee76fc541025c5876a70?s=96&d=mm&r=g\",\"caption\":\"Memurun Sesi Haber Merkezi\"},\"sameAs\":[\"https:\\\/\\\/memurunsesi.net\"],\"url\":\"https:\\\/\\\/memurunsesi.net\\\/index.php\\\/author\\\/uniper\\\/\"}]}<\/script>\n<!-- \/ Yoast SEO plugin. -->","yoast_head_json":{"title":"Otel lojman\u0131nda \u00e7\u0131kan yang\u0131n korkuttu - Memurun Sesi","description":"\u00a0Antalya'n\u0131n Manavgat il\u00e7esinde otel lojman\u0131nda \u00e7\u0131kan yang\u0131n, itfaiyenin zaman\u0131nda m\u00fcdahalesiyle b\u00fcy\u00fcmeden s\u00f6nd\u00fcr\u00fcld\u00fc.","robots":{"index":"index","follow":"follow","max-snippet":"max-snippet:-1","max-image-preview":"max-image-preview:large","max-video-preview":"max-video-preview:-1"},"canonical":"https:\/\/memurunsesi.net\/index.php\/2026\/03\/25\/otel-lojmaninda-cikan-yangin-korkuttu\/","og_locale":"tr_TR","og_type":"article","og_title":"Otel lojman\u0131nda \u00e7\u0131kan yang\u0131n korkuttu - Memurun Sesi","og_description":"\u00a0Antalya'n\u0131n Manavgat il\u00e7esinde otel lojman\u0131nda \u00e7\u0131kan yang\u0131n, itfaiyenin zaman\u0131nda m\u00fcdahalesiyle b\u00fcy\u00fcmeden s\u00f6nd\u00fcr\u00fcld\u00fc.","og_url":"https:\/\/memurunsesi.net\/index.php\/2026\/03\/25\/otel-lojmaninda-cikan-yangin-korkuttu\/","og_site_name":"Memurun Sesi","article_publisher":"https:\/\/www.facebook.com\/unipersen\/?locale=tr_TR","article_published_time":"2026-03-25T12:56:33+00:00","og_image":[{"width":1920,"height":1080,"url":"https:\/\/memurunsesi.net\/wp-content\/uploads\/2026\/03\/YANGIN-3.jpg","type":"image\/jpeg"}],"author":"Memurun Sesi Haber Merkezi","twitter_card":"summary_large_image","twitter_creator":"@unipersen","twitter_site":"@unipersen","twitter_misc":{"Yazan:":"Memurun Sesi Haber Merkezi","Tahmini okuma s\u00fcresi":"1 dakika"},"schema":{"@context":"https:\/\/schema.org","@graph":[{"@type":"Article","@id":"https:\/\/memurunsesi.net\/index.php\/2026\/03\/25\/otel-lojmaninda-cikan-yangin-korkuttu\/#article","isPartOf":{"@id":"https:\/\/memurunsesi.net\/index.php\/2026\/03\/25\/otel-lojmaninda-cikan-yangin-korkuttu\/"},"author":{"name":"Memurun Sesi Haber Merkezi","@id":"https:\/\/memurunsesi.net\/#\/schema\/person\/f21c2d73b89f6ee1d80b0a1803e38587"},"headline":"Otel lojman\u0131nda \u00e7\u0131kan yang\u0131n korkuttu","datePublished":"2026-03-25T12:56:33+00:00","mainEntityOfPage":{"@id":"https:\/\/memurunsesi.net\/index.php\/2026\/03\/25\/otel-lojmaninda-cikan-yangin-korkuttu\/"},"wordCount":117,"commentCount":0,"publisher":{"@id":"https:\/\/memurunsesi.net\/#organization"},"image":{"@id":"https:\/\/memurunsesi.net\/index.php\/2026\/03\/25\/otel-lojmaninda-cikan-yangin-korkuttu\/#primaryimage"},"thumbnailUrl":"https:\/\/memurunsesi.net\/wp-content\/uploads\/2026\/03\/YANGIN-3.jpg","articleSection":["T\u00fcm Haberler"],"inLanguage":"tr","potentialAction":[{"@type":"CommentAction","name":"Comment","target":["https:\/\/memurunsesi.net\/index.php\/2026\/03\/25\/otel-lojmaninda-cikan-yangin-korkuttu\/#respond"]}]},{"@type":"WebPage","@id":"https:\/\/memurunsesi.net\/index.php\/2026\/03\/25\/otel-lojmaninda-cikan-yangin-korkuttu\/","url":"https:\/\/memurunsesi.net\/index.php\/2026\/03\/25\/otel-lojmaninda-cikan-yangin-korkuttu\/","name":"Otel lojman\u0131nda \u00e7\u0131kan yang\u0131n korkuttu - Memurun Sesi","isPartOf":{"@id":"https:\/\/memurunsesi.net\/#website"},"primaryImageOfPage":{"@id":"https:\/\/memurunsesi.net\/index.php\/2026\/03\/25\/otel-lojmaninda-cikan-yangin-korkuttu\/#primaryimage"},"image":{"@id":"https:\/\/memurunsesi.net\/index.php\/2026\/03\/25\/otel-lojmaninda-cikan-yangin-korkuttu\/#primaryimage"},"thumbnailUrl":"https:\/\/memurunsesi.net\/wp-content\/uploads\/2026\/03\/YANGIN-3.jpg","datePublished":"2026-03-25T12:56:33+00:00","description":"\u00a0Antalya'n\u0131n Manavgat il\u00e7esinde otel lojman\u0131nda \u00e7\u0131kan yang\u0131n, itfaiyenin zaman\u0131nda m\u00fcdahalesiyle b\u00fcy\u00fcmeden s\u00f6nd\u00fcr\u00fcld\u00fc.","breadcrumb":{"@id":"https:\/\/memurunsesi.net\/index.php\/2026\/03\/25\/otel-lojmaninda-cikan-yangin-korkuttu\/#breadcrumb"},"inLanguage":"tr","potentialAction":[{"@type":"ReadAction","target":["https:\/\/memurunsesi.net\/index.php\/2026\/03\/25\/otel-lojmaninda-cikan-yangin-korkuttu\/"]}]},{"@type":"ImageObject","inLanguage":"tr","@id":"https:\/\/memurunsesi.net\/index.php\/2026\/03\/25\/otel-lojmaninda-cikan-yangin-korkuttu\/#primaryimage","url":"https:\/\/memurunsesi.net\/wp-content\/uploads\/2026\/03\/YANGIN-3.jpg","contentUrl":"https:\/\/memurunsesi.net\/wp-content\/uploads\/2026\/03\/YANGIN-3.jpg","width":1920,"height":1080,"caption":"MANAVGAT \u0130L\u00c7ES\u0130NDE OTEL LOJMANINDA \u00c7IKAN YANGIN, \u0130TFA\u0130YEN\u0130N ZAMANINDA M\u00dcDAHALES\u0130YLE B\u00dcY\u00dcMEDEN S\u00d6ND\u00dcR\u00dcLD\u00dc (AR\u0130F KAPLAN\/ANTALYA-\u0130HA) Antalya'n\u0131n Manavgat il\u00e7esinde otel lojman\u0131nda \u00e7\u0131kan yang\u0131n, itfaiyenin zaman\u0131nda m\u00fcdahalesiyle b\u00fcy\u00fcmeden s\u00f6nd\u00fcr\u00fcld\u00fc."},{"@type":"BreadcrumbList","@id":"https:\/\/memurunsesi.net\/index.php\/2026\/03\/25\/otel-lojmaninda-cikan-yangin-korkuttu\/#breadcrumb","itemListElement":[{"@type":"ListItem","position":1,"name":"Anasayfa","item":"https:\/\/memurunsesi.net\/"},{"@type":"ListItem","position":2,"name":"Otel lojman\u0131nda \u00e7\u0131kan yang\u0131n korkuttu"}]},{"@type":"WebSite","@id":"https:\/\/memurunsesi.net\/#website","url":"https:\/\/memurunsesi.net\/","name":"Memurun Sesi","description":"G\u00fcncel ve Do\u011fru Haber","publisher":{"@id":"https:\/\/memurunsesi.net\/#organization"},"potentialAction":[{"@type":"SearchAction","target":{"@type":"EntryPoint","urlTemplate":"https:\/\/memurunsesi.net\/?s={search_term_string}"},"query-input":{"@type":"PropertyValueSpecification","valueRequired":true,"valueName":"search_term_string"}}],"inLanguage":"tr"},{"@type":"Organization","@id":"https:\/\/memurunsesi.net\/#organization","name":"Memurun Sesi","url":"https:\/\/memurunsesi.net\/","logo":{"@type":"ImageObject","inLanguage":"tr","@id":"https:\/\/memurunsesi.net\/#\/schema\/logo\/image\/","url":"https:\/\/memurunsesi.net\/wp-content\/uploads\/2025\/11\/cropped-MEMURUN-SESI.png","contentUrl":"https:\/\/memurunsesi.net\/wp-content\/uploads\/2025\/11\/cropped-MEMURUN-SESI.png","width":238,"height":57,"caption":"Memurun Sesi"},"image":{"@id":"https:\/\/memurunsesi.net\/#\/schema\/logo\/image\/"},"sameAs":["https:\/\/www.facebook.com\/unipersen\/?locale=tr_TR","https:\/\/x.com\/unipersen"]},{"@type":"Person","@id":"https:\/\/memurunsesi.net\/#\/schema\/person\/f21c2d73b89f6ee1d80b0a1803e38587","name":"Memurun Sesi Haber Merkezi","image":{"@type":"ImageObject","inLanguage":"tr","@id":"https:\/\/secure.gravatar.com\/avatar\/6cf0505f452ee753f485014986fab09a434671d2b919ee76fc541025c5876a70?s=96&d=mm&r=g","url":"https:\/\/secure.gravatar.com\/avatar\/6cf0505f452ee753f485014986fab09a434671d2b919ee76fc541025c5876a70?s=96&d=mm&r=g","contentUrl":"https:\/\/secure.gravatar.com\/avatar\/6cf0505f452ee753f485014986fab09a434671d2b919ee76fc541025c5876a70?s=96&d=mm&r=g","caption":"Memurun Sesi Haber Merkezi"},"sameAs":["https:\/\/memurunsesi.net"],"url":"https:\/\/memurunsesi.net\/index.php\/author\/uniper\/"}]}},"_links":{"self":[{"href":"https:\/\/memurunsesi.net\/index.php\/wp-json\/wp\/v2\/posts\/18623","targetHints":{"allow":["GET"]}}],"collection":[{"href":"https:\/\/memurunsesi.net\/index.php\/wp-json\/wp\/v2\/posts"}],"about":[{"href":"https:\/\/memurunsesi.net\/index.php\/wp-json\/wp\/v2\/types\/post"}],"author":[{"embeddable":true,"href":"https:\/\/memurunsesi.net\/index.php\/wp-json\/wp\/v2\/users\/1"}],"replies":[{"embeddable":true,"href":"https:\/\/memurunsesi.net\/index.php\/wp-json\/wp\/v2\/comments?post=18623"}],"version-history":[{"count":1,"href":"https:\/\/memurunsesi.net\/index.php\/wp-json\/wp\/v2\/posts\/18623\/revisions"}],"predecessor-version":[{"id":18625,"href":"https:\/\/memurunsesi.net\/index.php\/wp-json\/wp\/v2\/posts\/18623\/revisions\/18625"}],"wp:featuredmedia":[{"embeddable":true,"href":"https:\/\/memurunsesi.net\/index.php\/wp-json\/wp\/v2\/media\/18624"}],"wp:attachment":[{"href":"https:\/\/memurunsesi.net\/index.php\/wp-json\/wp\/v2\/media?parent=18623"}],"wp:term":[{"taxonomy":"category","embeddable":true,"href":"https:\/\/memurunsesi.net\/index.php\/wp-json\/wp\/v2\/categories?post=18623"},{"taxonomy":"post_tag","embeddable":true,"href":"https:\/\/memurunsesi.net\/index.php\/wp-json\/wp\/v2\/tags?post=18623"}],"curies":[{"name":"wp","href":"https:\/\/api.w.org\/{rel}","templated":true}]}}