{"id":18628,"date":"2026-03-25T16:05:26","date_gmt":"2026-03-25T13:05:26","guid":{"rendered":"https:\/\/memurunsesi.net\/?p=18628"},"modified":"2026-03-25T16:05:26","modified_gmt":"2026-03-25T13:05:26","slug":"unluler-sac-ve-kan-ornekleri-alinmak-uzere-adli-tip-kurumuna-getirildi","status":"publish","type":"post","link":"https:\/\/memurunsesi.net\/index.php\/2026\/03\/25\/unluler-sac-ve-kan-ornekleri-alinmak-uzere-adli-tip-kurumuna-getirildi\/","title":{"rendered":"\u00dcnl\u00fcler sa\u00e7 ve kan \u00f6rnekleri al\u0131nmak \u00fczere Adli T\u0131p Kurumu&#8217;na getirildi"},"content":{"rendered":"<p>Uyu\u015fturucu soru\u015fturmas\u0131 kapsam\u0131nda g\u00f6zalt\u0131na al\u0131nan \u00fcnl\u00fc isimler sa\u00e7 ve kan \u00f6rnekleri al\u0131nmak \u00fczere Adli T\u0131p Kurumu&#8217;na getirildi.<br \/>\n\u0130stanbul Cumhuriyet Ba\u015fsavc\u0131l\u0131\u011f\u0131 taraf\u0131ndan y\u00fcr\u00fct\u00fclen uyu\u015fturucu soru\u015fturmas\u0131n\u0131n son dalgas\u0131 kapsam\u0131nda narkotik \u015fube ekipleri taraf\u0131ndan aralar\u0131nda Galatasaray Eski Ba\u015fkan\u0131 Burak Elmas, model Didem Soydan, i\u015f insan\u0131 Hakan Sabanc\u0131, Kerim Sabanc\u0131, ve sunucu G\u00fczide Duran&#8217;\u0131n da aralar\u0131nda bulundu\u011fu 14 ki\u015fi g\u00f6zalt\u0131na al\u0131nm\u0131\u015ft\u0131. \u00dcnl\u00fcler polis ekipleri taraf\u0131ndan sa\u00e7 ve kan \u00f6rnekleri al\u0131nmak \u00fczere Adli T\u0131p Kurumu&#8217;na getirildi.<\/p>\n<p>25.03.2026<\/p>\n","protected":false},"excerpt":{"rendered":"<p>Uyu\u015fturucu soru\u015fturmas\u0131 kapsam\u0131nda g\u00f6zalt\u0131na al\u0131nan \u00fcnl\u00fc isimler sa\u00e7 ve kan \u00f6rnekleri al\u0131nmak \u00fczere Adli T\u0131p Kurumu&#8217;na getirildi. \u0130stanbul Cumhuriyet Ba\u015fsavc\u0131l\u0131\u011f\u0131 taraf\u0131ndan y\u00fcr\u00fct\u00fclen uyu\u015fturucu soru\u015fturmas\u0131n\u0131n son dalgas\u0131 kapsam\u0131nda narkotik \u015fube ekipleri taraf\u0131ndan aralar\u0131nda Galatasaray Eski Ba\u015fkan\u0131 Burak Elmas, model Didem Soydan, i\u015f insan\u0131 Hakan Sabanc\u0131, Kerim Sabanc\u0131, ve sunucu G\u00fczide Duran&#8217;\u0131n da aralar\u0131nda bulundu\u011fu 14 ki\u015fi [&hellip;]<\/p>\n","protected":false},"author":1,"featured_media":18629,"comment_status":"open","ping_status":"open","sticky":false,"template":"","format":"standard","meta":{"footnotes":""},"categories":[45],"tags":[1113,2428,100],"class_list":["post-18628","post","type-post","status-publish","format-standard","has-post-thumbnail","hentry","category-gundem","tag-goz-alti","tag-sorusturma","tag-uyusturucu"],"yoast_head":"<!-- This site is optimized with the Yoast SEO plugin v27.4 - https:\/\/yoast.com\/product\/yoast-seo-wordpress\/ -->\n<title>\u00dcnl\u00fcler sa\u00e7 ve kan \u00f6rnekleri al\u0131nmak \u00fczere Adli T\u0131p Kurumu&#039;na getirildi - Memurun Sesi<\/title>\n<meta name=\"description\" content=\"\u00a0 \u00a0 \u00a0Uyu\u015fturucu soru\u015fturmas\u0131 kapsam\u0131nda g\u00f6zalt\u0131na al\u0131nan \u00fcnl\u00fc isimler sa\u00e7 ve kan \u00f6rnekleri al\u0131nmak \u00fczere Adli T\u0131p Kurumu&#039;na getirildi.\" \/>\n<meta name=\"robots\" content=\"index, follow, max-snippet:-1, max-image-preview:large, max-video-preview:-1\" \/>\n<link rel=\"canonical\" href=\"https:\/\/memurunsesi.net\/index.php\/2026\/03\/25\/unluler-sac-ve-kan-ornekleri-alinmak-uzere-adli-tip-kurumuna-getirildi\/\" \/>\n<meta property=\"og:locale\" content=\"tr_TR\" \/>\n<meta property=\"og:type\" content=\"article\" \/>\n<meta property=\"og:title\" content=\"\u00dcnl\u00fcler sa\u00e7 ve kan \u00f6rnekleri al\u0131nmak \u00fczere Adli T\u0131p Kurumu&#039;na getirildi - Memurun Sesi\" \/>\n<meta property=\"og:description\" content=\"\u00a0 \u00a0 \u00a0Uyu\u015fturucu soru\u015fturmas\u0131 kapsam\u0131nda g\u00f6zalt\u0131na al\u0131nan \u00fcnl\u00fc isimler sa\u00e7 ve kan \u00f6rnekleri al\u0131nmak \u00fczere Adli T\u0131p Kurumu&#039;na getirildi.\" \/>\n<meta property=\"og:url\" content=\"https:\/\/memurunsesi.net\/index.php\/2026\/03\/25\/unluler-sac-ve-kan-ornekleri-alinmak-uzere-adli-tip-kurumuna-getirildi\/\" \/>\n<meta property=\"og:site_name\" content=\"Memurun Sesi\" \/>\n<meta property=\"article:publisher\" content=\"https:\/\/www.facebook.com\/unipersen\/?locale=tr_TR\" \/>\n<meta property=\"article:published_time\" content=\"2026-03-25T13:05:26+00:00\" \/>\n<meta property=\"og:image\" content=\"https:\/\/memurunsesi.net\/wp-content\/uploads\/2026\/03\/unluler.jpg\" \/>\n\t<meta property=\"og:image:width\" content=\"1794\" \/>\n\t<meta property=\"og:image:height\" content=\"1080\" \/>\n\t<meta property=\"og:image:type\" content=\"image\/jpeg\" \/>\n<meta name=\"author\" content=\"Memurun Sesi Haber Merkezi\" \/>\n<meta name=\"twitter:card\" content=\"summary_large_image\" \/>\n<meta name=\"twitter:creator\" content=\"@unipersen\" \/>\n<meta name=\"twitter:site\" content=\"@unipersen\" \/>\n<meta name=\"twitter:label1\" content=\"Yazan:\" \/>\n\t<meta name=\"twitter:data1\" content=\"Memurun Sesi Haber Merkezi\" \/>\n\t<meta name=\"twitter:label2\" content=\"Tahmini okuma s\u00fcresi\" \/>\n\t<meta name=\"twitter:data2\" content=\"1 dakika\" \/>\n<script type=\"application\/ld+json\" class=\"yoast-schema-graph\">{\"@context\":\"https:\\\/\\\/schema.org\",\"@graph\":[{\"@type\":\"Article\",\"@id\":\"https:\\\/\\\/memurunsesi.net\\\/index.php\\\/2026\\\/03\\\/25\\\/unluler-sac-ve-kan-ornekleri-alinmak-uzere-adli-tip-kurumuna-getirildi\\\/#article\",\"isPartOf\":{\"@id\":\"https:\\\/\\\/memurunsesi.net\\\/index.php\\\/2026\\\/03\\\/25\\\/unluler-sac-ve-kan-ornekleri-alinmak-uzere-adli-tip-kurumuna-getirildi\\\/\"},\"author\":{\"name\":\"Memurun Sesi Haber Merkezi\",\"@id\":\"https:\\\/\\\/memurunsesi.net\\\/#\\\/schema\\\/person\\\/f21c2d73b89f6ee1d80b0a1803e38587\"},\"headline\":\"\u00dcnl\u00fcler sa\u00e7 ve kan \u00f6rnekleri al\u0131nmak \u00fczere Adli T\u0131p Kurumu&#8217;na getirildi\",\"datePublished\":\"2026-03-25T13:05:26+00:00\",\"mainEntityOfPage\":{\"@id\":\"https:\\\/\\\/memurunsesi.net\\\/index.php\\\/2026\\\/03\\\/25\\\/unluler-sac-ve-kan-ornekleri-alinmak-uzere-adli-tip-kurumuna-getirildi\\\/\"},\"wordCount\":122,\"commentCount\":0,\"publisher\":{\"@id\":\"https:\\\/\\\/memurunsesi.net\\\/#organization\"},\"image\":{\"@id\":\"https:\\\/\\\/memurunsesi.net\\\/index.php\\\/2026\\\/03\\\/25\\\/unluler-sac-ve-kan-ornekleri-alinmak-uzere-adli-tip-kurumuna-getirildi\\\/#primaryimage\"},\"thumbnailUrl\":\"https:\\\/\\\/memurunsesi.net\\\/wp-content\\\/uploads\\\/2026\\\/03\\\/unluler.jpg\",\"keywords\":[\"g\u00f6z alt\u0131\",\"soru\u015fturma\",\"uyu\u015fturucu\"],\"articleSection\":[\"G\u00fcndem\"],\"inLanguage\":\"tr\",\"potentialAction\":[{\"@type\":\"CommentAction\",\"name\":\"Comment\",\"target\":[\"https:\\\/\\\/memurunsesi.net\\\/index.php\\\/2026\\\/03\\\/25\\\/unluler-sac-ve-kan-ornekleri-alinmak-uzere-adli-tip-kurumuna-getirildi\\\/#respond\"]}]},{\"@type\":\"WebPage\",\"@id\":\"https:\\\/\\\/memurunsesi.net\\\/index.php\\\/2026\\\/03\\\/25\\\/unluler-sac-ve-kan-ornekleri-alinmak-uzere-adli-tip-kurumuna-getirildi\\\/\",\"url\":\"https:\\\/\\\/memurunsesi.net\\\/index.php\\\/2026\\\/03\\\/25\\\/unluler-sac-ve-kan-ornekleri-alinmak-uzere-adli-tip-kurumuna-getirildi\\\/\",\"name\":\"\u00dcnl\u00fcler sa\u00e7 ve kan \u00f6rnekleri al\u0131nmak \u00fczere Adli T\u0131p Kurumu'na getirildi - Memurun Sesi\",\"isPartOf\":{\"@id\":\"https:\\\/\\\/memurunsesi.net\\\/#website\"},\"primaryImageOfPage\":{\"@id\":\"https:\\\/\\\/memurunsesi.net\\\/index.php\\\/2026\\\/03\\\/25\\\/unluler-sac-ve-kan-ornekleri-alinmak-uzere-adli-tip-kurumuna-getirildi\\\/#primaryimage\"},\"image\":{\"@id\":\"https:\\\/\\\/memurunsesi.net\\\/index.php\\\/2026\\\/03\\\/25\\\/unluler-sac-ve-kan-ornekleri-alinmak-uzere-adli-tip-kurumuna-getirildi\\\/#primaryimage\"},\"thumbnailUrl\":\"https:\\\/\\\/memurunsesi.net\\\/wp-content\\\/uploads\\\/2026\\\/03\\\/unluler.jpg\",\"datePublished\":\"2026-03-25T13:05:26+00:00\",\"description\":\"\u00a0 \u00a0 \u00a0Uyu\u015fturucu soru\u015fturmas\u0131 kapsam\u0131nda g\u00f6zalt\u0131na al\u0131nan \u00fcnl\u00fc isimler sa\u00e7 ve kan \u00f6rnekleri al\u0131nmak \u00fczere Adli T\u0131p Kurumu'na getirildi.\",\"breadcrumb\":{\"@id\":\"https:\\\/\\\/memurunsesi.net\\\/index.php\\\/2026\\\/03\\\/25\\\/unluler-sac-ve-kan-ornekleri-alinmak-uzere-adli-tip-kurumuna-getirildi\\\/#breadcrumb\"},\"inLanguage\":\"tr\",\"potentialAction\":[{\"@type\":\"ReadAction\",\"target\":[\"https:\\\/\\\/memurunsesi.net\\\/index.php\\\/2026\\\/03\\\/25\\\/unluler-sac-ve-kan-ornekleri-alinmak-uzere-adli-tip-kurumuna-getirildi\\\/\"]}]},{\"@type\":\"ImageObject\",\"inLanguage\":\"tr\",\"@id\":\"https:\\\/\\\/memurunsesi.net\\\/index.php\\\/2026\\\/03\\\/25\\\/unluler-sac-ve-kan-ornekleri-alinmak-uzere-adli-tip-kurumuna-getirildi\\\/#primaryimage\",\"url\":\"https:\\\/\\\/memurunsesi.net\\\/wp-content\\\/uploads\\\/2026\\\/03\\\/unluler.jpg\",\"contentUrl\":\"https:\\\/\\\/memurunsesi.net\\\/wp-content\\\/uploads\\\/2026\\\/03\\\/unluler.jpg\",\"width\":1794,\"height\":1080,\"caption\":\"\u00dcNL\u00dcLER SA\u00c7 VE KAN \u00d6RNEKLER\u0130 ALINMAK \u00dcZERE ADL\u0130 TIP KURUMU'NA GET\u0130R\u0130LD\u0130 (\\\/\u0130STANBUL-\u0130HA) Uyu\u015fturucu soru\u015fturmas\u0131 kapsam\u0131nda g\u00f6zalt\u0131na al\u0131nan \u00fcnl\u00fc isimler sa\u00e7 ve kan \u00f6rnekleri al\u0131nmak \u00fczere Adli T\u0131p Kurumu'na getirildi.\"},{\"@type\":\"BreadcrumbList\",\"@id\":\"https:\\\/\\\/memurunsesi.net\\\/index.php\\\/2026\\\/03\\\/25\\\/unluler-sac-ve-kan-ornekleri-alinmak-uzere-adli-tip-kurumuna-getirildi\\\/#breadcrumb\",\"itemListElement\":[{\"@type\":\"ListItem\",\"position\":1,\"name\":\"Anasayfa\",\"item\":\"https:\\\/\\\/memurunsesi.net\\\/\"},{\"@type\":\"ListItem\",\"position\":2,\"name\":\"\u00dcnl\u00fcler sa\u00e7 ve kan \u00f6rnekleri al\u0131nmak \u00fczere Adli T\u0131p Kurumu&#8217;na getirildi\"}]},{\"@type\":\"WebSite\",\"@id\":\"https:\\\/\\\/memurunsesi.net\\\/#website\",\"url\":\"https:\\\/\\\/memurunsesi.net\\\/\",\"name\":\"Memurun Sesi\",\"description\":\"G\u00fcncel ve Do\u011fru Haber\",\"publisher\":{\"@id\":\"https:\\\/\\\/memurunsesi.net\\\/#organization\"},\"potentialAction\":[{\"@type\":\"SearchAction\",\"target\":{\"@type\":\"EntryPoint\",\"urlTemplate\":\"https:\\\/\\\/memurunsesi.net\\\/?s={search_term_string}\"},\"query-input\":{\"@type\":\"PropertyValueSpecification\",\"valueRequired\":true,\"valueName\":\"search_term_string\"}}],\"inLanguage\":\"tr\"},{\"@type\":\"Organization\",\"@id\":\"https:\\\/\\\/memurunsesi.net\\\/#organization\",\"name\":\"Memurun Sesi\",\"url\":\"https:\\\/\\\/memurunsesi.net\\\/\",\"logo\":{\"@type\":\"ImageObject\",\"inLanguage\":\"tr\",\"@id\":\"https:\\\/\\\/memurunsesi.net\\\/#\\\/schema\\\/logo\\\/image\\\/\",\"url\":\"https:\\\/\\\/memurunsesi.net\\\/wp-content\\\/uploads\\\/2025\\\/11\\\/cropped-MEMURUN-SESI.png\",\"contentUrl\":\"https:\\\/\\\/memurunsesi.net\\\/wp-content\\\/uploads\\\/2025\\\/11\\\/cropped-MEMURUN-SESI.png\",\"width\":238,\"height\":57,\"caption\":\"Memurun Sesi\"},\"image\":{\"@id\":\"https:\\\/\\\/memurunsesi.net\\\/#\\\/schema\\\/logo\\\/image\\\/\"},\"sameAs\":[\"https:\\\/\\\/www.facebook.com\\\/unipersen\\\/?locale=tr_TR\",\"https:\\\/\\\/x.com\\\/unipersen\"]},{\"@type\":\"Person\",\"@id\":\"https:\\\/\\\/memurunsesi.net\\\/#\\\/schema\\\/person\\\/f21c2d73b89f6ee1d80b0a1803e38587\",\"name\":\"Memurun Sesi Haber Merkezi\",\"image\":{\"@type\":\"ImageObject\",\"inLanguage\":\"tr\",\"@id\":\"https:\\\/\\\/secure.gravatar.com\\\/avatar\\\/6cf0505f452ee753f485014986fab09a434671d2b919ee76fc541025c5876a70?s=96&d=mm&r=g\",\"url\":\"https:\\\/\\\/secure.gravatar.com\\\/avatar\\\/6cf0505f452ee753f485014986fab09a434671d2b919ee76fc541025c5876a70?s=96&d=mm&r=g\",\"contentUrl\":\"https:\\\/\\\/secure.gravatar.com\\\/avatar\\\/6cf0505f452ee753f485014986fab09a434671d2b919ee76fc541025c5876a70?s=96&d=mm&r=g\",\"caption\":\"Memurun Sesi Haber Merkezi\"},\"sameAs\":[\"https:\\\/\\\/memurunsesi.net\"],\"url\":\"https:\\\/\\\/memurunsesi.net\\\/index.php\\\/author\\\/uniper\\\/\"}]}<\/script>\n<!-- \/ Yoast SEO plugin. -->","yoast_head_json":{"title":"\u00dcnl\u00fcler sa\u00e7 ve kan \u00f6rnekleri al\u0131nmak \u00fczere Adli T\u0131p Kurumu'na getirildi - Memurun Sesi","description":"\u00a0 \u00a0 \u00a0Uyu\u015fturucu soru\u015fturmas\u0131 kapsam\u0131nda g\u00f6zalt\u0131na al\u0131nan \u00fcnl\u00fc isimler sa\u00e7 ve kan \u00f6rnekleri al\u0131nmak \u00fczere Adli T\u0131p Kurumu'na getirildi.","robots":{"index":"index","follow":"follow","max-snippet":"max-snippet:-1","max-image-preview":"max-image-preview:large","max-video-preview":"max-video-preview:-1"},"canonical":"https:\/\/memurunsesi.net\/index.php\/2026\/03\/25\/unluler-sac-ve-kan-ornekleri-alinmak-uzere-adli-tip-kurumuna-getirildi\/","og_locale":"tr_TR","og_type":"article","og_title":"\u00dcnl\u00fcler sa\u00e7 ve kan \u00f6rnekleri al\u0131nmak \u00fczere Adli T\u0131p Kurumu'na getirildi - Memurun Sesi","og_description":"\u00a0 \u00a0 \u00a0Uyu\u015fturucu soru\u015fturmas\u0131 kapsam\u0131nda g\u00f6zalt\u0131na al\u0131nan \u00fcnl\u00fc isimler sa\u00e7 ve kan \u00f6rnekleri al\u0131nmak \u00fczere Adli T\u0131p Kurumu'na getirildi.","og_url":"https:\/\/memurunsesi.net\/index.php\/2026\/03\/25\/unluler-sac-ve-kan-ornekleri-alinmak-uzere-adli-tip-kurumuna-getirildi\/","og_site_name":"Memurun Sesi","article_publisher":"https:\/\/www.facebook.com\/unipersen\/?locale=tr_TR","article_published_time":"2026-03-25T13:05:26+00:00","og_image":[{"width":1794,"height":1080,"url":"https:\/\/memurunsesi.net\/wp-content\/uploads\/2026\/03\/unluler.jpg","type":"image\/jpeg"}],"author":"Memurun Sesi Haber Merkezi","twitter_card":"summary_large_image","twitter_creator":"@unipersen","twitter_site":"@unipersen","twitter_misc":{"Yazan:":"Memurun Sesi Haber Merkezi","Tahmini okuma s\u00fcresi":"1 dakika"},"schema":{"@context":"https:\/\/schema.org","@graph":[{"@type":"Article","@id":"https:\/\/memurunsesi.net\/index.php\/2026\/03\/25\/unluler-sac-ve-kan-ornekleri-alinmak-uzere-adli-tip-kurumuna-getirildi\/#article","isPartOf":{"@id":"https:\/\/memurunsesi.net\/index.php\/2026\/03\/25\/unluler-sac-ve-kan-ornekleri-alinmak-uzere-adli-tip-kurumuna-getirildi\/"},"author":{"name":"Memurun Sesi Haber Merkezi","@id":"https:\/\/memurunsesi.net\/#\/schema\/person\/f21c2d73b89f6ee1d80b0a1803e38587"},"headline":"\u00dcnl\u00fcler sa\u00e7 ve kan \u00f6rnekleri al\u0131nmak \u00fczere Adli T\u0131p Kurumu&#8217;na getirildi","datePublished":"2026-03-25T13:05:26+00:00","mainEntityOfPage":{"@id":"https:\/\/memurunsesi.net\/index.php\/2026\/03\/25\/unluler-sac-ve-kan-ornekleri-alinmak-uzere-adli-tip-kurumuna-getirildi\/"},"wordCount":122,"commentCount":0,"publisher":{"@id":"https:\/\/memurunsesi.net\/#organization"},"image":{"@id":"https:\/\/memurunsesi.net\/index.php\/2026\/03\/25\/unluler-sac-ve-kan-ornekleri-alinmak-uzere-adli-tip-kurumuna-getirildi\/#primaryimage"},"thumbnailUrl":"https:\/\/memurunsesi.net\/wp-content\/uploads\/2026\/03\/unluler.jpg","keywords":["g\u00f6z alt\u0131","soru\u015fturma","uyu\u015fturucu"],"articleSection":["G\u00fcndem"],"inLanguage":"tr","potentialAction":[{"@type":"CommentAction","name":"Comment","target":["https:\/\/memurunsesi.net\/index.php\/2026\/03\/25\/unluler-sac-ve-kan-ornekleri-alinmak-uzere-adli-tip-kurumuna-getirildi\/#respond"]}]},{"@type":"WebPage","@id":"https:\/\/memurunsesi.net\/index.php\/2026\/03\/25\/unluler-sac-ve-kan-ornekleri-alinmak-uzere-adli-tip-kurumuna-getirildi\/","url":"https:\/\/memurunsesi.net\/index.php\/2026\/03\/25\/unluler-sac-ve-kan-ornekleri-alinmak-uzere-adli-tip-kurumuna-getirildi\/","name":"\u00dcnl\u00fcler sa\u00e7 ve kan \u00f6rnekleri al\u0131nmak \u00fczere Adli T\u0131p Kurumu'na getirildi - Memurun Sesi","isPartOf":{"@id":"https:\/\/memurunsesi.net\/#website"},"primaryImageOfPage":{"@id":"https:\/\/memurunsesi.net\/index.php\/2026\/03\/25\/unluler-sac-ve-kan-ornekleri-alinmak-uzere-adli-tip-kurumuna-getirildi\/#primaryimage"},"image":{"@id":"https:\/\/memurunsesi.net\/index.php\/2026\/03\/25\/unluler-sac-ve-kan-ornekleri-alinmak-uzere-adli-tip-kurumuna-getirildi\/#primaryimage"},"thumbnailUrl":"https:\/\/memurunsesi.net\/wp-content\/uploads\/2026\/03\/unluler.jpg","datePublished":"2026-03-25T13:05:26+00:00","description":"\u00a0 \u00a0 \u00a0Uyu\u015fturucu soru\u015fturmas\u0131 kapsam\u0131nda g\u00f6zalt\u0131na al\u0131nan \u00fcnl\u00fc isimler sa\u00e7 ve kan \u00f6rnekleri al\u0131nmak \u00fczere Adli T\u0131p Kurumu'na getirildi.","breadcrumb":{"@id":"https:\/\/memurunsesi.net\/index.php\/2026\/03\/25\/unluler-sac-ve-kan-ornekleri-alinmak-uzere-adli-tip-kurumuna-getirildi\/#breadcrumb"},"inLanguage":"tr","potentialAction":[{"@type":"ReadAction","target":["https:\/\/memurunsesi.net\/index.php\/2026\/03\/25\/unluler-sac-ve-kan-ornekleri-alinmak-uzere-adli-tip-kurumuna-getirildi\/"]}]},{"@type":"ImageObject","inLanguage":"tr","@id":"https:\/\/memurunsesi.net\/index.php\/2026\/03\/25\/unluler-sac-ve-kan-ornekleri-alinmak-uzere-adli-tip-kurumuna-getirildi\/#primaryimage","url":"https:\/\/memurunsesi.net\/wp-content\/uploads\/2026\/03\/unluler.jpg","contentUrl":"https:\/\/memurunsesi.net\/wp-content\/uploads\/2026\/03\/unluler.jpg","width":1794,"height":1080,"caption":"\u00dcNL\u00dcLER SA\u00c7 VE KAN \u00d6RNEKLER\u0130 ALINMAK \u00dcZERE ADL\u0130 TIP KURUMU'NA GET\u0130R\u0130LD\u0130 (\/\u0130STANBUL-\u0130HA) Uyu\u015fturucu soru\u015fturmas\u0131 kapsam\u0131nda g\u00f6zalt\u0131na al\u0131nan \u00fcnl\u00fc isimler sa\u00e7 ve kan \u00f6rnekleri al\u0131nmak \u00fczere Adli T\u0131p Kurumu'na getirildi."},{"@type":"BreadcrumbList","@id":"https:\/\/memurunsesi.net\/index.php\/2026\/03\/25\/unluler-sac-ve-kan-ornekleri-alinmak-uzere-adli-tip-kurumuna-getirildi\/#breadcrumb","itemListElement":[{"@type":"ListItem","position":1,"name":"Anasayfa","item":"https:\/\/memurunsesi.net\/"},{"@type":"ListItem","position":2,"name":"\u00dcnl\u00fcler sa\u00e7 ve kan \u00f6rnekleri al\u0131nmak \u00fczere Adli T\u0131p Kurumu&#8217;na getirildi"}]},{"@type":"WebSite","@id":"https:\/\/memurunsesi.net\/#website","url":"https:\/\/memurunsesi.net\/","name":"Memurun Sesi","description":"G\u00fcncel ve Do\u011fru Haber","publisher":{"@id":"https:\/\/memurunsesi.net\/#organization"},"potentialAction":[{"@type":"SearchAction","target":{"@type":"EntryPoint","urlTemplate":"https:\/\/memurunsesi.net\/?s={search_term_string}"},"query-input":{"@type":"PropertyValueSpecification","valueRequired":true,"valueName":"search_term_string"}}],"inLanguage":"tr"},{"@type":"Organization","@id":"https:\/\/memurunsesi.net\/#organization","name":"Memurun Sesi","url":"https:\/\/memurunsesi.net\/","logo":{"@type":"ImageObject","inLanguage":"tr","@id":"https:\/\/memurunsesi.net\/#\/schema\/logo\/image\/","url":"https:\/\/memurunsesi.net\/wp-content\/uploads\/2025\/11\/cropped-MEMURUN-SESI.png","contentUrl":"https:\/\/memurunsesi.net\/wp-content\/uploads\/2025\/11\/cropped-MEMURUN-SESI.png","width":238,"height":57,"caption":"Memurun Sesi"},"image":{"@id":"https:\/\/memurunsesi.net\/#\/schema\/logo\/image\/"},"sameAs":["https:\/\/www.facebook.com\/unipersen\/?locale=tr_TR","https:\/\/x.com\/unipersen"]},{"@type":"Person","@id":"https:\/\/memurunsesi.net\/#\/schema\/person\/f21c2d73b89f6ee1d80b0a1803e38587","name":"Memurun Sesi Haber Merkezi","image":{"@type":"ImageObject","inLanguage":"tr","@id":"https:\/\/secure.gravatar.com\/avatar\/6cf0505f452ee753f485014986fab09a434671d2b919ee76fc541025c5876a70?s=96&d=mm&r=g","url":"https:\/\/secure.gravatar.com\/avatar\/6cf0505f452ee753f485014986fab09a434671d2b919ee76fc541025c5876a70?s=96&d=mm&r=g","contentUrl":"https:\/\/secure.gravatar.com\/avatar\/6cf0505f452ee753f485014986fab09a434671d2b919ee76fc541025c5876a70?s=96&d=mm&r=g","caption":"Memurun Sesi Haber Merkezi"},"sameAs":["https:\/\/memurunsesi.net"],"url":"https:\/\/memurunsesi.net\/index.php\/author\/uniper\/"}]}},"_links":{"self":[{"href":"https:\/\/memurunsesi.net\/index.php\/wp-json\/wp\/v2\/posts\/18628","targetHints":{"allow":["GET"]}}],"collection":[{"href":"https:\/\/memurunsesi.net\/index.php\/wp-json\/wp\/v2\/posts"}],"about":[{"href":"https:\/\/memurunsesi.net\/index.php\/wp-json\/wp\/v2\/types\/post"}],"author":[{"embeddable":true,"href":"https:\/\/memurunsesi.net\/index.php\/wp-json\/wp\/v2\/users\/1"}],"replies":[{"embeddable":true,"href":"https:\/\/memurunsesi.net\/index.php\/wp-json\/wp\/v2\/comments?post=18628"}],"version-history":[{"count":1,"href":"https:\/\/memurunsesi.net\/index.php\/wp-json\/wp\/v2\/posts\/18628\/revisions"}],"predecessor-version":[{"id":18630,"href":"https:\/\/memurunsesi.net\/index.php\/wp-json\/wp\/v2\/posts\/18628\/revisions\/18630"}],"wp:featuredmedia":[{"embeddable":true,"href":"https:\/\/memurunsesi.net\/index.php\/wp-json\/wp\/v2\/media\/18629"}],"wp:attachment":[{"href":"https:\/\/memurunsesi.net\/index.php\/wp-json\/wp\/v2\/media?parent=18628"}],"wp:term":[{"taxonomy":"category","embeddable":true,"href":"https:\/\/memurunsesi.net\/index.php\/wp-json\/wp\/v2\/categories?post=18628"},{"taxonomy":"post_tag","embeddable":true,"href":"https:\/\/memurunsesi.net\/index.php\/wp-json\/wp\/v2\/tags?post=18628"}],"curies":[{"name":"wp","href":"https:\/\/api.w.org\/{rel}","templated":true}]}}