{"id":18674,"date":"2026-03-28T09:19:09","date_gmt":"2026-03-28T06:19:09","guid":{"rendered":"https:\/\/memurunsesi.net\/?p=18674"},"modified":"2026-03-28T09:19:09","modified_gmt":"2026-03-28T06:19:09","slug":"unipersen-talepleri-icin-kurulus-gununde-basin-aciklamasi-yapacak","status":"publish","type":"post","link":"https:\/\/memurunsesi.net\/index.php\/2026\/03\/28\/unipersen-talepleri-icin-kurulus-gununde-basin-aciklamasi-yapacak\/","title":{"rendered":"\u00dcN\u0130PERSEN talepleri i\u00e7in kurulu\u015f g\u00fcn\u00fcnde bas\u0131n a\u00e7\u0131klamas\u0131 yapacak"},"content":{"rendered":"<p>\u00dcniversite \u0130dari Personel Sendikas\u0131 (\u00dcN\u0130PERSEN), \u00fcniversite idari personelinin talepleri i\u00e7in kurulu\u015f y\u0131l d\u00f6n\u00fcm\u00fc olan 17 Nisan&#8217;da Y\u00fcksek\u00f6\u011fretim Kurulu (Y\u00d6K) \u00f6n\u00fcnde bas\u0131n a\u00e7\u0131klamas\u0131 yapacak.<br \/>\n\u00dcN\u0130PERSEN, 17 Nisan Cuma g\u00fcn\u00fc Y\u00d6K \u00f6n\u00fcnde bas\u0131n a\u00e7\u0131klamas\u0131 yapacak. Sendikadan yap\u0131lan a\u00e7\u0131klamada, \u00fcniversite idari personelinin \u00f6zl\u00fck, mali ve kariyer haklar\u0131na ili\u015fkin sorunlar\u0131n uzun s\u00fcredir \u00e7\u00f6z\u00fcms\u00fcz b\u0131rak\u0131ld\u0131\u011f\u0131 belirtilerek, \u00f6zellikle tayin\/nakil hakk\u0131n\u0131n hala kal\u0131c\u0131, \u015feffaf ve hukuki bir sisteme ba\u011flanmad\u0131\u011f\u0131 vurguland\u0131. A\u00e7\u0131klamada, 2014 y\u0131l\u0131ndan bu yana dile getirilen y\u00fcksek\u00f6\u011fretim tazminat\u0131 talebinin kar\u015f\u0131l\u0131k bulmad\u0131\u011f\u0131, geli\u015ftirme \u00f6dene\u011fi uygulamas\u0131ndaki e\u015fitsizliklerin ise devam etti\u011fi ifade edildi. A\u00e7\u0131klamada yaln\u0131zca s\u00f6zl\u00fc mesajlarla de\u011fil, alanda kullan\u0131lacak simgesel unsurlarla da ya\u015fanan ma\u011fduriyetin g\u00f6r\u00fcn\u00fcr hale getirilece\u011fi bildirildi. Etkinlik alan\u0131nda yer alacak bavullar ve aile foto\u011fraflar\u0131n\u0131n y\u0131llard\u0131r \u00e7\u00f6z\u00fclemeyen tayin sorunu nedeniyle ya\u015fanan belirsizli\u011fi, par\u00e7alanan aile d\u00fczenini ve ertelenen hayatlar\u0131 temsil edece\u011fi kaydedildi. Ge\u00e7ti\u011fimiz y\u0131l &#8220;becayi\u015f&#8221; ad\u0131 alt\u0131nda uygulanan y\u00f6ntemin ger\u00e7ek bir \u00e7\u00f6z\u00fcm olmad\u0131\u011f\u0131 belirtilen a\u00e7\u0131klamada, s\u00f6z konusu uygulaman\u0131n y\u00f6netmelik zemininin bulunmad\u0131\u011f\u0131, usul ve esaslar\u0131n\u0131n a\u00e7\u0131k olmad\u0131\u011f\u0131, s\u00fcrd\u00fcr\u00fclebilirlik ta\u015f\u0131mad\u0131\u011f\u0131 ifade edildi. Personelin nas\u0131l ba\u015fvuru yapaca\u011f\u0131, e\u015fle\u015fmelerin hangi kriterlere g\u00f6re belirlenece\u011fi ve hakkaniyetin nas\u0131l sa\u011flanaca\u011f\u0131 konular\u0131nda netlik bulunmad\u0131\u011f\u0131 kaydedildi.<br \/>\nA\u00e7\u0131klamada, \u00fcniversitelerde e\u011fitim-\u00f6\u011fretim hizmetinin kesintisiz s\u00fcrmesinde asli rol \u00fcstlenen idari personelin mali haklar bak\u0131m\u0131ndan geri planda b\u0131rak\u0131lmas\u0131n\u0131n kabul edilemez oldu\u011fu vurguland\u0131. Y\u00fcksek\u00f6\u011fretim tazminat\u0131n\u0131n idari personele de verilmesi gerekti\u011fi belirtilirken, geli\u015ftirme \u00f6dene\u011finde ayn\u0131 kurum i\u00e7inde \u00e7al\u0131\u015fan personel aras\u0131nda ortaya \u00e7\u0131kan farkl\u0131l\u0131klar\u0131n da \u00e7al\u0131\u015fma huzurunu ve adalet duygusunu zedeledi\u011fi kaydedildi.<br \/>\n\u00dcN\u0130PERSEN, kurulu\u015f g\u00fcn\u00fcnde kutlama program\u0131 yapmayacaklar\u0131n\u0131 belirterek, &#8220;Ortada kutlanacak bir tablo de\u011fil, \u00e7\u00f6z\u00fcm bekleyen hak kay\u0131plar\u0131 ve adaletsizlikler vard\u0131r&#8221; mesaj\u0131n\u0131 verdi. Sendika, a\u00e7\u0131k, net, denetlenebilir ve herkese e\u015fit uygulanacak bir tayin sisteminin kurulmas\u0131, y\u00fcksek\u00f6\u011fretim tazminat\u0131n\u0131n idari personele verilmesi ve geli\u015ftirme \u00f6dene\u011findeki e\u015fitsizliklerin giderilmesi talepleri kar\u015f\u0131lan\u0131ncaya kadar m\u00fccadeleyi s\u00fcrd\u00fcreceklerini a\u00e7\u0131klad\u0131.<\/p>\n<p>28.03.2026<\/p>\n","protected":false},"excerpt":{"rendered":"<p>\u00dcniversite \u0130dari Personel Sendikas\u0131 (\u00dcN\u0130PERSEN), \u00fcniversite idari personelinin talepleri i\u00e7in kurulu\u015f y\u0131l d\u00f6n\u00fcm\u00fc olan 17 Nisan&#8217;da Y\u00fcksek\u00f6\u011fretim Kurulu (Y\u00d6K) \u00f6n\u00fcnde bas\u0131n a\u00e7\u0131klamas\u0131 yapacak. \u00dcN\u0130PERSEN, 17 Nisan Cuma g\u00fcn\u00fc Y\u00d6K \u00f6n\u00fcnde bas\u0131n a\u00e7\u0131klamas\u0131 yapacak. Sendikadan yap\u0131lan a\u00e7\u0131klamada, \u00fcniversite idari personelinin \u00f6zl\u00fck, mali ve kariyer haklar\u0131na ili\u015fkin sorunlar\u0131n uzun s\u00fcredir \u00e7\u00f6z\u00fcms\u00fcz b\u0131rak\u0131ld\u0131\u011f\u0131 belirtilerek, \u00f6zellikle tayin\/nakil hakk\u0131n\u0131n hala [&hellip;]<\/p>\n","protected":false},"author":1,"featured_media":18675,"comment_status":"open","ping_status":"open","sticky":false,"template":"","format":"standard","meta":{"footnotes":""},"categories":[1],"tags":[282,2458,2459,1255,652],"class_list":["post-18674","post","type-post","status-publish","format-standard","has-post-thumbnail","hentry","category-genel","tag-idari-personel","tag-kurulus-yil-donumu","tag-tayin-nkail-hakki","tag-yok","tag-yuksek-ogretim-tazminati"],"yoast_head":"<!-- This site is optimized with the Yoast SEO plugin v27.4 - https:\/\/yoast.com\/product\/yoast-seo-wordpress\/ -->\n<title>\u00dcN\u0130PERSEN talepleri i\u00e7in kurulu\u015f g\u00fcn\u00fcnde bas\u0131n a\u00e7\u0131klamas\u0131 yapacak - Memurun Sesi<\/title>\n<meta name=\"description\" content=\"\u00dcniversite \u0130dari Personel Sendikas\u0131 (\u00dcN\u0130PERSEN), \u00fcniversite idari personelinin talepleri i\u00e7in kurulu\u015f y\u0131l d\u00f6n\u00fcm\u00fc olan 17 Nisan&#039;da Y\u00fcksek\u00f6\u011fretim Kurulu (Y\u00d6K) \u00f6n\u00fcnde bas\u0131n a\u00e7\u0131klamas\u0131 yapacak.\" \/>\n<meta name=\"robots\" content=\"index, follow, max-snippet:-1, max-image-preview:large, max-video-preview:-1\" \/>\n<link rel=\"canonical\" href=\"https:\/\/memurunsesi.net\/index.php\/2026\/03\/28\/unipersen-talepleri-icin-kurulus-gununde-basin-aciklamasi-yapacak\/\" \/>\n<meta property=\"og:locale\" content=\"tr_TR\" \/>\n<meta property=\"og:type\" content=\"article\" \/>\n<meta property=\"og:title\" content=\"\u00dcN\u0130PERSEN talepleri i\u00e7in kurulu\u015f g\u00fcn\u00fcnde bas\u0131n a\u00e7\u0131klamas\u0131 yapacak - Memurun Sesi\" \/>\n<meta property=\"og:description\" content=\"\u00dcniversite \u0130dari Personel Sendikas\u0131 (\u00dcN\u0130PERSEN), \u00fcniversite idari personelinin talepleri i\u00e7in kurulu\u015f y\u0131l d\u00f6n\u00fcm\u00fc olan 17 Nisan&#039;da Y\u00fcksek\u00f6\u011fretim Kurulu (Y\u00d6K) \u00f6n\u00fcnde bas\u0131n a\u00e7\u0131klamas\u0131 yapacak.\" \/>\n<meta property=\"og:url\" content=\"https:\/\/memurunsesi.net\/index.php\/2026\/03\/28\/unipersen-talepleri-icin-kurulus-gununde-basin-aciklamasi-yapacak\/\" \/>\n<meta property=\"og:site_name\" content=\"Memurun Sesi\" \/>\n<meta property=\"article:publisher\" content=\"https:\/\/www.facebook.com\/unipersen\/?locale=tr_TR\" \/>\n<meta property=\"article:published_time\" content=\"2026-03-28T06:19:09+00:00\" \/>\n<meta property=\"og:image\" content=\"https:\/\/memurunsesi.net\/wp-content\/uploads\/2026\/03\/eylem-4.jpg\" \/>\n\t<meta property=\"og:image:width\" content=\"1600\" \/>\n\t<meta property=\"og:image:height\" content=\"900\" \/>\n\t<meta property=\"og:image:type\" content=\"image\/jpeg\" \/>\n<meta name=\"author\" content=\"Memurun Sesi Haber Merkezi\" \/>\n<meta name=\"twitter:card\" content=\"summary_large_image\" \/>\n<meta name=\"twitter:creator\" content=\"@unipersen\" \/>\n<meta name=\"twitter:site\" content=\"@unipersen\" \/>\n<meta name=\"twitter:label1\" content=\"Yazan:\" \/>\n\t<meta name=\"twitter:data1\" content=\"Memurun Sesi Haber Merkezi\" \/>\n\t<meta name=\"twitter:label2\" content=\"Tahmini okuma s\u00fcresi\" \/>\n\t<meta name=\"twitter:data2\" content=\"2 dakika\" \/>\n<script type=\"application\/ld+json\" class=\"yoast-schema-graph\">{\"@context\":\"https:\\\/\\\/schema.org\",\"@graph\":[{\"@type\":\"Article\",\"@id\":\"https:\\\/\\\/memurunsesi.net\\\/index.php\\\/2026\\\/03\\\/28\\\/unipersen-talepleri-icin-kurulus-gununde-basin-aciklamasi-yapacak\\\/#article\",\"isPartOf\":{\"@id\":\"https:\\\/\\\/memurunsesi.net\\\/index.php\\\/2026\\\/03\\\/28\\\/unipersen-talepleri-icin-kurulus-gununde-basin-aciklamasi-yapacak\\\/\"},\"author\":{\"name\":\"Memurun Sesi Haber Merkezi\",\"@id\":\"https:\\\/\\\/memurunsesi.net\\\/#\\\/schema\\\/person\\\/f21c2d73b89f6ee1d80b0a1803e38587\"},\"headline\":\"\u00dcN\u0130PERSEN talepleri i\u00e7in kurulu\u015f g\u00fcn\u00fcnde bas\u0131n a\u00e7\u0131klamas\u0131 yapacak\",\"datePublished\":\"2026-03-28T06:19:09+00:00\",\"mainEntityOfPage\":{\"@id\":\"https:\\\/\\\/memurunsesi.net\\\/index.php\\\/2026\\\/03\\\/28\\\/unipersen-talepleri-icin-kurulus-gununde-basin-aciklamasi-yapacak\\\/\"},\"wordCount\":423,\"commentCount\":0,\"publisher\":{\"@id\":\"https:\\\/\\\/memurunsesi.net\\\/#organization\"},\"image\":{\"@id\":\"https:\\\/\\\/memurunsesi.net\\\/index.php\\\/2026\\\/03\\\/28\\\/unipersen-talepleri-icin-kurulus-gununde-basin-aciklamasi-yapacak\\\/#primaryimage\"},\"thumbnailUrl\":\"https:\\\/\\\/memurunsesi.net\\\/wp-content\\\/uploads\\\/2026\\\/03\\\/eylem-4.jpg\",\"keywords\":[\"idari personel\",\"kurulu\u015f y\u0131l d\u00f6n\u00fcm\u00fc\",\"tayin nkail hakk\u0131\",\"Y\u00d6K\",\"Y\u00fcksek \u00d6\u011fretim Tazminat\u0131\"],\"inLanguage\":\"tr\",\"potentialAction\":[{\"@type\":\"CommentAction\",\"name\":\"Comment\",\"target\":[\"https:\\\/\\\/memurunsesi.net\\\/index.php\\\/2026\\\/03\\\/28\\\/unipersen-talepleri-icin-kurulus-gununde-basin-aciklamasi-yapacak\\\/#respond\"]}]},{\"@type\":\"WebPage\",\"@id\":\"https:\\\/\\\/memurunsesi.net\\\/index.php\\\/2026\\\/03\\\/28\\\/unipersen-talepleri-icin-kurulus-gununde-basin-aciklamasi-yapacak\\\/\",\"url\":\"https:\\\/\\\/memurunsesi.net\\\/index.php\\\/2026\\\/03\\\/28\\\/unipersen-talepleri-icin-kurulus-gununde-basin-aciklamasi-yapacak\\\/\",\"name\":\"\u00dcN\u0130PERSEN talepleri i\u00e7in kurulu\u015f g\u00fcn\u00fcnde bas\u0131n a\u00e7\u0131klamas\u0131 yapacak - Memurun Sesi\",\"isPartOf\":{\"@id\":\"https:\\\/\\\/memurunsesi.net\\\/#website\"},\"primaryImageOfPage\":{\"@id\":\"https:\\\/\\\/memurunsesi.net\\\/index.php\\\/2026\\\/03\\\/28\\\/unipersen-talepleri-icin-kurulus-gununde-basin-aciklamasi-yapacak\\\/#primaryimage\"},\"image\":{\"@id\":\"https:\\\/\\\/memurunsesi.net\\\/index.php\\\/2026\\\/03\\\/28\\\/unipersen-talepleri-icin-kurulus-gununde-basin-aciklamasi-yapacak\\\/#primaryimage\"},\"thumbnailUrl\":\"https:\\\/\\\/memurunsesi.net\\\/wp-content\\\/uploads\\\/2026\\\/03\\\/eylem-4.jpg\",\"datePublished\":\"2026-03-28T06:19:09+00:00\",\"description\":\"\u00dcniversite \u0130dari Personel Sendikas\u0131 (\u00dcN\u0130PERSEN), \u00fcniversite idari personelinin talepleri i\u00e7in kurulu\u015f y\u0131l d\u00f6n\u00fcm\u00fc olan 17 Nisan'da Y\u00fcksek\u00f6\u011fretim Kurulu (Y\u00d6K) \u00f6n\u00fcnde bas\u0131n a\u00e7\u0131klamas\u0131 yapacak.\",\"breadcrumb\":{\"@id\":\"https:\\\/\\\/memurunsesi.net\\\/index.php\\\/2026\\\/03\\\/28\\\/unipersen-talepleri-icin-kurulus-gununde-basin-aciklamasi-yapacak\\\/#breadcrumb\"},\"inLanguage\":\"tr\",\"potentialAction\":[{\"@type\":\"ReadAction\",\"target\":[\"https:\\\/\\\/memurunsesi.net\\\/index.php\\\/2026\\\/03\\\/28\\\/unipersen-talepleri-icin-kurulus-gununde-basin-aciklamasi-yapacak\\\/\"]}]},{\"@type\":\"ImageObject\",\"inLanguage\":\"tr\",\"@id\":\"https:\\\/\\\/memurunsesi.net\\\/index.php\\\/2026\\\/03\\\/28\\\/unipersen-talepleri-icin-kurulus-gununde-basin-aciklamasi-yapacak\\\/#primaryimage\",\"url\":\"https:\\\/\\\/memurunsesi.net\\\/wp-content\\\/uploads\\\/2026\\\/03\\\/eylem-4.jpg\",\"contentUrl\":\"https:\\\/\\\/memurunsesi.net\\\/wp-content\\\/uploads\\\/2026\\\/03\\\/eylem-4.jpg\",\"width\":1600,\"height\":900,\"caption\":\"\u00dcN\u0130VERS\u0130TE \u0130DAR\u0130 PERSONEL SEND\u0130KASI (\u00dcN\u0130PERSEN), KURULU\u015e YIL D\u00d6N\u00dcM\u00dcNDE, \u00dcN\u0130VERS\u0130TE \u0130DAR\u0130 PERSONEL\u0130N\u0130N TALEPLER\u0130 \u0130\u00c7\u0130N 17 N\u0130SAN 2026 CUMA G\u00dcN\u00dc Y\u00dcKSEK\u00d6\u011eRET\u0130M KURULU (Y\u00d6K) \u00d6N\u00dcNDE BASIN A\u00c7IKLAMASI YAPACAK. (\u0130HA\\\/ANKARA-\u0130HA) \u00dcniversite \u0130dari Personel Sendikas\u0131 (\u00dcN\u0130PERSEN), \u00fcniversite idari personelinin talepleri i\u00e7in kurulu\u015f y\u0131l d\u00f6n\u00fcm\u00fc olan 17 Nisan'da Y\u00fcksek\u00f6\u011fretim Kurulu (Y\u00d6K) \u00f6n\u00fcnde bas\u0131n a\u00e7\u0131klamas\u0131 yapacak.\"},{\"@type\":\"BreadcrumbList\",\"@id\":\"https:\\\/\\\/memurunsesi.net\\\/index.php\\\/2026\\\/03\\\/28\\\/unipersen-talepleri-icin-kurulus-gununde-basin-aciklamasi-yapacak\\\/#breadcrumb\",\"itemListElement\":[{\"@type\":\"ListItem\",\"position\":1,\"name\":\"Anasayfa\",\"item\":\"https:\\\/\\\/memurunsesi.net\\\/\"},{\"@type\":\"ListItem\",\"position\":2,\"name\":\"\u00dcN\u0130PERSEN talepleri i\u00e7in kurulu\u015f g\u00fcn\u00fcnde bas\u0131n a\u00e7\u0131klamas\u0131 yapacak\"}]},{\"@type\":\"WebSite\",\"@id\":\"https:\\\/\\\/memurunsesi.net\\\/#website\",\"url\":\"https:\\\/\\\/memurunsesi.net\\\/\",\"name\":\"Memurun Sesi\",\"description\":\"G\u00fcncel ve Do\u011fru Haber\",\"publisher\":{\"@id\":\"https:\\\/\\\/memurunsesi.net\\\/#organization\"},\"potentialAction\":[{\"@type\":\"SearchAction\",\"target\":{\"@type\":\"EntryPoint\",\"urlTemplate\":\"https:\\\/\\\/memurunsesi.net\\\/?s={search_term_string}\"},\"query-input\":{\"@type\":\"PropertyValueSpecification\",\"valueRequired\":true,\"valueName\":\"search_term_string\"}}],\"inLanguage\":\"tr\"},{\"@type\":\"Organization\",\"@id\":\"https:\\\/\\\/memurunsesi.net\\\/#organization\",\"name\":\"Memurun Sesi\",\"url\":\"https:\\\/\\\/memurunsesi.net\\\/\",\"logo\":{\"@type\":\"ImageObject\",\"inLanguage\":\"tr\",\"@id\":\"https:\\\/\\\/memurunsesi.net\\\/#\\\/schema\\\/logo\\\/image\\\/\",\"url\":\"https:\\\/\\\/memurunsesi.net\\\/wp-content\\\/uploads\\\/2025\\\/11\\\/cropped-MEMURUN-SESI.png\",\"contentUrl\":\"https:\\\/\\\/memurunsesi.net\\\/wp-content\\\/uploads\\\/2025\\\/11\\\/cropped-MEMURUN-SESI.png\",\"width\":238,\"height\":57,\"caption\":\"Memurun Sesi\"},\"image\":{\"@id\":\"https:\\\/\\\/memurunsesi.net\\\/#\\\/schema\\\/logo\\\/image\\\/\"},\"sameAs\":[\"https:\\\/\\\/www.facebook.com\\\/unipersen\\\/?locale=tr_TR\",\"https:\\\/\\\/x.com\\\/unipersen\"]},{\"@type\":\"Person\",\"@id\":\"https:\\\/\\\/memurunsesi.net\\\/#\\\/schema\\\/person\\\/f21c2d73b89f6ee1d80b0a1803e38587\",\"name\":\"Memurun Sesi Haber Merkezi\",\"image\":{\"@type\":\"ImageObject\",\"inLanguage\":\"tr\",\"@id\":\"https:\\\/\\\/secure.gravatar.com\\\/avatar\\\/6cf0505f452ee753f485014986fab09a434671d2b919ee76fc541025c5876a70?s=96&d=mm&r=g\",\"url\":\"https:\\\/\\\/secure.gravatar.com\\\/avatar\\\/6cf0505f452ee753f485014986fab09a434671d2b919ee76fc541025c5876a70?s=96&d=mm&r=g\",\"contentUrl\":\"https:\\\/\\\/secure.gravatar.com\\\/avatar\\\/6cf0505f452ee753f485014986fab09a434671d2b919ee76fc541025c5876a70?s=96&d=mm&r=g\",\"caption\":\"Memurun Sesi Haber Merkezi\"},\"sameAs\":[\"https:\\\/\\\/memurunsesi.net\"],\"url\":\"https:\\\/\\\/memurunsesi.net\\\/index.php\\\/author\\\/uniper\\\/\"}]}<\/script>\n<!-- \/ Yoast SEO plugin. -->","yoast_head_json":{"title":"\u00dcN\u0130PERSEN talepleri i\u00e7in kurulu\u015f g\u00fcn\u00fcnde bas\u0131n a\u00e7\u0131klamas\u0131 yapacak - Memurun Sesi","description":"\u00dcniversite \u0130dari Personel Sendikas\u0131 (\u00dcN\u0130PERSEN), \u00fcniversite idari personelinin talepleri i\u00e7in kurulu\u015f y\u0131l d\u00f6n\u00fcm\u00fc olan 17 Nisan'da Y\u00fcksek\u00f6\u011fretim Kurulu (Y\u00d6K) \u00f6n\u00fcnde bas\u0131n a\u00e7\u0131klamas\u0131 yapacak.","robots":{"index":"index","follow":"follow","max-snippet":"max-snippet:-1","max-image-preview":"max-image-preview:large","max-video-preview":"max-video-preview:-1"},"canonical":"https:\/\/memurunsesi.net\/index.php\/2026\/03\/28\/unipersen-talepleri-icin-kurulus-gununde-basin-aciklamasi-yapacak\/","og_locale":"tr_TR","og_type":"article","og_title":"\u00dcN\u0130PERSEN talepleri i\u00e7in kurulu\u015f g\u00fcn\u00fcnde bas\u0131n a\u00e7\u0131klamas\u0131 yapacak - Memurun Sesi","og_description":"\u00dcniversite \u0130dari Personel Sendikas\u0131 (\u00dcN\u0130PERSEN), \u00fcniversite idari personelinin talepleri i\u00e7in kurulu\u015f y\u0131l d\u00f6n\u00fcm\u00fc olan 17 Nisan'da Y\u00fcksek\u00f6\u011fretim Kurulu (Y\u00d6K) \u00f6n\u00fcnde bas\u0131n a\u00e7\u0131klamas\u0131 yapacak.","og_url":"https:\/\/memurunsesi.net\/index.php\/2026\/03\/28\/unipersen-talepleri-icin-kurulus-gununde-basin-aciklamasi-yapacak\/","og_site_name":"Memurun Sesi","article_publisher":"https:\/\/www.facebook.com\/unipersen\/?locale=tr_TR","article_published_time":"2026-03-28T06:19:09+00:00","og_image":[{"width":1600,"height":900,"url":"https:\/\/memurunsesi.net\/wp-content\/uploads\/2026\/03\/eylem-4.jpg","type":"image\/jpeg"}],"author":"Memurun Sesi Haber Merkezi","twitter_card":"summary_large_image","twitter_creator":"@unipersen","twitter_site":"@unipersen","twitter_misc":{"Yazan:":"Memurun Sesi Haber Merkezi","Tahmini okuma s\u00fcresi":"2 dakika"},"schema":{"@context":"https:\/\/schema.org","@graph":[{"@type":"Article","@id":"https:\/\/memurunsesi.net\/index.php\/2026\/03\/28\/unipersen-talepleri-icin-kurulus-gununde-basin-aciklamasi-yapacak\/#article","isPartOf":{"@id":"https:\/\/memurunsesi.net\/index.php\/2026\/03\/28\/unipersen-talepleri-icin-kurulus-gununde-basin-aciklamasi-yapacak\/"},"author":{"name":"Memurun Sesi Haber Merkezi","@id":"https:\/\/memurunsesi.net\/#\/schema\/person\/f21c2d73b89f6ee1d80b0a1803e38587"},"headline":"\u00dcN\u0130PERSEN talepleri i\u00e7in kurulu\u015f g\u00fcn\u00fcnde bas\u0131n a\u00e7\u0131klamas\u0131 yapacak","datePublished":"2026-03-28T06:19:09+00:00","mainEntityOfPage":{"@id":"https:\/\/memurunsesi.net\/index.php\/2026\/03\/28\/unipersen-talepleri-icin-kurulus-gununde-basin-aciklamasi-yapacak\/"},"wordCount":423,"commentCount":0,"publisher":{"@id":"https:\/\/memurunsesi.net\/#organization"},"image":{"@id":"https:\/\/memurunsesi.net\/index.php\/2026\/03\/28\/unipersen-talepleri-icin-kurulus-gununde-basin-aciklamasi-yapacak\/#primaryimage"},"thumbnailUrl":"https:\/\/memurunsesi.net\/wp-content\/uploads\/2026\/03\/eylem-4.jpg","keywords":["idari personel","kurulu\u015f y\u0131l d\u00f6n\u00fcm\u00fc","tayin nkail hakk\u0131","Y\u00d6K","Y\u00fcksek \u00d6\u011fretim Tazminat\u0131"],"inLanguage":"tr","potentialAction":[{"@type":"CommentAction","name":"Comment","target":["https:\/\/memurunsesi.net\/index.php\/2026\/03\/28\/unipersen-talepleri-icin-kurulus-gununde-basin-aciklamasi-yapacak\/#respond"]}]},{"@type":"WebPage","@id":"https:\/\/memurunsesi.net\/index.php\/2026\/03\/28\/unipersen-talepleri-icin-kurulus-gununde-basin-aciklamasi-yapacak\/","url":"https:\/\/memurunsesi.net\/index.php\/2026\/03\/28\/unipersen-talepleri-icin-kurulus-gununde-basin-aciklamasi-yapacak\/","name":"\u00dcN\u0130PERSEN talepleri i\u00e7in kurulu\u015f g\u00fcn\u00fcnde bas\u0131n a\u00e7\u0131klamas\u0131 yapacak - Memurun Sesi","isPartOf":{"@id":"https:\/\/memurunsesi.net\/#website"},"primaryImageOfPage":{"@id":"https:\/\/memurunsesi.net\/index.php\/2026\/03\/28\/unipersen-talepleri-icin-kurulus-gununde-basin-aciklamasi-yapacak\/#primaryimage"},"image":{"@id":"https:\/\/memurunsesi.net\/index.php\/2026\/03\/28\/unipersen-talepleri-icin-kurulus-gununde-basin-aciklamasi-yapacak\/#primaryimage"},"thumbnailUrl":"https:\/\/memurunsesi.net\/wp-content\/uploads\/2026\/03\/eylem-4.jpg","datePublished":"2026-03-28T06:19:09+00:00","description":"\u00dcniversite \u0130dari Personel Sendikas\u0131 (\u00dcN\u0130PERSEN), \u00fcniversite idari personelinin talepleri i\u00e7in kurulu\u015f y\u0131l d\u00f6n\u00fcm\u00fc olan 17 Nisan'da Y\u00fcksek\u00f6\u011fretim Kurulu (Y\u00d6K) \u00f6n\u00fcnde bas\u0131n a\u00e7\u0131klamas\u0131 yapacak.","breadcrumb":{"@id":"https:\/\/memurunsesi.net\/index.php\/2026\/03\/28\/unipersen-talepleri-icin-kurulus-gununde-basin-aciklamasi-yapacak\/#breadcrumb"},"inLanguage":"tr","potentialAction":[{"@type":"ReadAction","target":["https:\/\/memurunsesi.net\/index.php\/2026\/03\/28\/unipersen-talepleri-icin-kurulus-gununde-basin-aciklamasi-yapacak\/"]}]},{"@type":"ImageObject","inLanguage":"tr","@id":"https:\/\/memurunsesi.net\/index.php\/2026\/03\/28\/unipersen-talepleri-icin-kurulus-gununde-basin-aciklamasi-yapacak\/#primaryimage","url":"https:\/\/memurunsesi.net\/wp-content\/uploads\/2026\/03\/eylem-4.jpg","contentUrl":"https:\/\/memurunsesi.net\/wp-content\/uploads\/2026\/03\/eylem-4.jpg","width":1600,"height":900,"caption":"\u00dcN\u0130VERS\u0130TE \u0130DAR\u0130 PERSONEL SEND\u0130KASI (\u00dcN\u0130PERSEN), KURULU\u015e YIL D\u00d6N\u00dcM\u00dcNDE, \u00dcN\u0130VERS\u0130TE \u0130DAR\u0130 PERSONEL\u0130N\u0130N TALEPLER\u0130 \u0130\u00c7\u0130N 17 N\u0130SAN 2026 CUMA G\u00dcN\u00dc Y\u00dcKSEK\u00d6\u011eRET\u0130M KURULU (Y\u00d6K) \u00d6N\u00dcNDE BASIN A\u00c7IKLAMASI YAPACAK. (\u0130HA\/ANKARA-\u0130HA) \u00dcniversite \u0130dari Personel Sendikas\u0131 (\u00dcN\u0130PERSEN), \u00fcniversite idari personelinin talepleri i\u00e7in kurulu\u015f y\u0131l d\u00f6n\u00fcm\u00fc olan 17 Nisan'da Y\u00fcksek\u00f6\u011fretim Kurulu (Y\u00d6K) \u00f6n\u00fcnde bas\u0131n a\u00e7\u0131klamas\u0131 yapacak."},{"@type":"BreadcrumbList","@id":"https:\/\/memurunsesi.net\/index.php\/2026\/03\/28\/unipersen-talepleri-icin-kurulus-gununde-basin-aciklamasi-yapacak\/#breadcrumb","itemListElement":[{"@type":"ListItem","position":1,"name":"Anasayfa","item":"https:\/\/memurunsesi.net\/"},{"@type":"ListItem","position":2,"name":"\u00dcN\u0130PERSEN talepleri i\u00e7in kurulu\u015f g\u00fcn\u00fcnde bas\u0131n a\u00e7\u0131klamas\u0131 yapacak"}]},{"@type":"WebSite","@id":"https:\/\/memurunsesi.net\/#website","url":"https:\/\/memurunsesi.net\/","name":"Memurun Sesi","description":"G\u00fcncel ve Do\u011fru Haber","publisher":{"@id":"https:\/\/memurunsesi.net\/#organization"},"potentialAction":[{"@type":"SearchAction","target":{"@type":"EntryPoint","urlTemplate":"https:\/\/memurunsesi.net\/?s={search_term_string}"},"query-input":{"@type":"PropertyValueSpecification","valueRequired":true,"valueName":"search_term_string"}}],"inLanguage":"tr"},{"@type":"Organization","@id":"https:\/\/memurunsesi.net\/#organization","name":"Memurun Sesi","url":"https:\/\/memurunsesi.net\/","logo":{"@type":"ImageObject","inLanguage":"tr","@id":"https:\/\/memurunsesi.net\/#\/schema\/logo\/image\/","url":"https:\/\/memurunsesi.net\/wp-content\/uploads\/2025\/11\/cropped-MEMURUN-SESI.png","contentUrl":"https:\/\/memurunsesi.net\/wp-content\/uploads\/2025\/11\/cropped-MEMURUN-SESI.png","width":238,"height":57,"caption":"Memurun Sesi"},"image":{"@id":"https:\/\/memurunsesi.net\/#\/schema\/logo\/image\/"},"sameAs":["https:\/\/www.facebook.com\/unipersen\/?locale=tr_TR","https:\/\/x.com\/unipersen"]},{"@type":"Person","@id":"https:\/\/memurunsesi.net\/#\/schema\/person\/f21c2d73b89f6ee1d80b0a1803e38587","name":"Memurun Sesi Haber Merkezi","image":{"@type":"ImageObject","inLanguage":"tr","@id":"https:\/\/secure.gravatar.com\/avatar\/6cf0505f452ee753f485014986fab09a434671d2b919ee76fc541025c5876a70?s=96&d=mm&r=g","url":"https:\/\/secure.gravatar.com\/avatar\/6cf0505f452ee753f485014986fab09a434671d2b919ee76fc541025c5876a70?s=96&d=mm&r=g","contentUrl":"https:\/\/secure.gravatar.com\/avatar\/6cf0505f452ee753f485014986fab09a434671d2b919ee76fc541025c5876a70?s=96&d=mm&r=g","caption":"Memurun Sesi Haber Merkezi"},"sameAs":["https:\/\/memurunsesi.net"],"url":"https:\/\/memurunsesi.net\/index.php\/author\/uniper\/"}]}},"_links":{"self":[{"href":"https:\/\/memurunsesi.net\/index.php\/wp-json\/wp\/v2\/posts\/18674","targetHints":{"allow":["GET"]}}],"collection":[{"href":"https:\/\/memurunsesi.net\/index.php\/wp-json\/wp\/v2\/posts"}],"about":[{"href":"https:\/\/memurunsesi.net\/index.php\/wp-json\/wp\/v2\/types\/post"}],"author":[{"embeddable":true,"href":"https:\/\/memurunsesi.net\/index.php\/wp-json\/wp\/v2\/users\/1"}],"replies":[{"embeddable":true,"href":"https:\/\/memurunsesi.net\/index.php\/wp-json\/wp\/v2\/comments?post=18674"}],"version-history":[{"count":1,"href":"https:\/\/memurunsesi.net\/index.php\/wp-json\/wp\/v2\/posts\/18674\/revisions"}],"predecessor-version":[{"id":18676,"href":"https:\/\/memurunsesi.net\/index.php\/wp-json\/wp\/v2\/posts\/18674\/revisions\/18676"}],"wp:featuredmedia":[{"embeddable":true,"href":"https:\/\/memurunsesi.net\/index.php\/wp-json\/wp\/v2\/media\/18675"}],"wp:attachment":[{"href":"https:\/\/memurunsesi.net\/index.php\/wp-json\/wp\/v2\/media?parent=18674"}],"wp:term":[{"taxonomy":"category","embeddable":true,"href":"https:\/\/memurunsesi.net\/index.php\/wp-json\/wp\/v2\/categories?post=18674"},{"taxonomy":"post_tag","embeddable":true,"href":"https:\/\/memurunsesi.net\/index.php\/wp-json\/wp\/v2\/tags?post=18674"}],"curies":[{"name":"wp","href":"https:\/\/api.w.org\/{rel}","templated":true}]}}