{"id":18680,"date":"2026-03-28T09:24:09","date_gmt":"2026-03-28T06:24:09","guid":{"rendered":"https:\/\/memurunsesi.net\/?p=18680"},"modified":"2026-03-28T09:24:09","modified_gmt":"2026-03-28T06:24:09","slug":"seddulbahir-kalesi-uluslararasi-odule-layik-goruldu","status":"publish","type":"post","link":"https:\/\/memurunsesi.net\/index.php\/2026\/03\/28\/seddulbahir-kalesi-uluslararasi-odule-layik-goruldu\/","title":{"rendered":"Sedd\u00fclbahir Kalesi, uluslararas\u0131 \u00f6d\u00fcle lay\u0131k g\u00f6r\u00fcld\u00fc"},"content":{"rendered":"<p>\u00c7anakkale Sava\u015flar\u0131&#8217;n\u0131n ya\u015fand\u0131\u011f\u0131 Tarihi Gelibolu Yar\u0131madas\u0131&#8217;nda bir as\u0131r sonra restorasyon \u00e7al\u0131\u015fmalar\u0131yla aya\u011fa kald\u0131r\u0131lan, \u00c7anakkale Bo\u011faz\u0131&#8217;n\u0131 ge\u00e7mek isteyen itilaf devletlerin 3 Kas\u0131m 1914&#8217;te ilk bombalad\u0131\u011f\u0131 yer olan ilk \u015fehitlerin verildi\u011fi Sedd\u00fclbahir Kalesi, Wonder Global Design Awards 2025 \u00d6d\u00fclleri&#8217;nde \u2018Mimarl\u0131k-K\u00fclt\u00fcrel\/Toplumsal Mimarl\u0131k (M\u00fczeler, Sergi Yap\u0131lar\u0131 ve Pavyonlar)&#8217; kategorisinde alt\u0131n \u00f6d\u00fcle lay\u0131k g\u00f6r\u00fcld\u00fc.<br \/>\nIV. Mehmet&#8217;in annesi Hatice Turhan Sultan taraf\u0131ndan yapt\u0131r\u0131lan Kale 17. Y\u00fczy\u0131l kalesidir. Tarihin en kanl\u0131 sava\u015flar\u0131 aras\u0131nda yer alan ve Mehmet\u00e7i\u011fin kahramanl\u0131\u011f\u0131 sayesinde &#8216;\u00c7anakkale Ge\u00e7ilmez&#8217; destan\u0131n\u0131n yaz\u0131ld\u0131\u011f\u0131 \u00c7anakkale Sava\u015flar\u0131&#8217;nda, Gelibolu Yar\u0131madas\u0131&#8217;ndaki Sedd\u00fclbahir Kalesi, bo\u011faz\u0131n g\u00fcvenli\u011finde \u00e7ok \u00f6nemli rol oynad\u0131. 108 y\u0131l \u00f6nce &#8216;yedi d\u00fcvel&#8217;e kar\u015f\u0131 Mehmet\u00e7ik ile beraber kar\u015f\u0131 koyan kale, isabet eden top at\u0131\u015flar\u0131yla gazi oldu.<br \/>\n\u00c7anakkale Bo\u011faz\u0131&#8217;n\u0131 ge\u00e7mek isteyen itilaf devletlerinin gemilerinden at\u0131lan top mermileri ile b\u00fcy\u00fck hasar alan Tarihi Gelibolu Yar\u0131madas\u0131&#8217;ndaki Sedd\u00fclbahir Kalesi, aradan ge\u00e7en bir as\u0131rl\u0131k zaman diliminde do\u011fa \u015fartlar\u0131 nedeniyle zarar g\u00f6rd\u00fc. Harap haldeki kaleyi aya\u011fa kald\u0131r\u0131p, a\u00e7\u0131k hava m\u00fczesi haline getirmek i\u00e7in \u00c7anakkale Sava\u015flar\u0131 Gelibolu Tarihi Alan Ba\u015fkanl\u0131\u011f\u0131&#8217;nca 2015 y\u0131l\u0131nda ba\u015flat\u0131lan restorasyon ve \u00e7evre d\u00fczenlemesi \u00e7al\u0131\u015fmalar\u0131 tamamland\u0131. 18 Mart \u015eehitleri Anma G\u00fcn\u00fc ve \u00c7anakkale Deniz Zaferi&#8217;nin 108&#8217;inci y\u0131ld\u00f6n\u00fcm\u00fcnde Cumhurba\u015fkan\u0131 Recep Tayyip Erdo\u011fan taraf\u0131ndan ziyarete a\u00e7\u0131ld\u0131. Sedd\u00fclbahir Kalesi M\u00fczesinde, ziyaret\u00e7iler kalenin 17. y\u00fczy\u0131ldan bug\u00fcne kadar ki tarihi hakk\u0131nda bilgilendiriliyor. Ziyaret\u00e7iler, \u00c7anakkale Sava\u015flar\u0131&#8217;n\u0131n ilk \u015fehitlerinin yer ald\u0131\u011f\u0131 kabristan\u0131 ziyaret edip, 1915 \u00c7anakkale Sava\u015flar\u0131&#8217;n\u0131n bu kalede ya\u015fanan k\u0131s\u0131mlar\u0131n\u0131, o d\u00f6nemin sava\u015f malzemelerini, belgelerini inceleyebiliyor. Sedd\u00fclbahir Kalesinin restorasyon ve kaz\u0131 \u00e7al\u0131\u015fmalar\u0131 s\u0131ras\u0131nda \u00e7\u0131kan Osmanl\u0131 asker k\u00fcnyeleri, Frans\u0131z cep saati, Osmanl\u0131 el bombas\u0131, Krupp topu namlu temizleme harbisi, Frans\u0131z ve Senegal asker palalar\u0131, Osmanl\u0131 mavzer s\u00fcng\u00fcleri, Osmanl\u0131 s\u00fcng\u00fc k\u0131n\u0131, Osmanl\u0131 palaska barutlu\u011fu, Osmanl\u0131, Frans\u0131z ve Avustralya Asker \u00dcniformas\u0131 kol d\u00fc\u011fmeleri, mermiler ve Frans\u0131z m\u00fchimmat sand\u0131\u011f\u0131 ile sava\u015f\u0131n izleri ya\u015fat\u0131l\u0131yor.<br \/>\nSedd\u00fclbahir Kalesi K\u0131sa Liste \u00d6d\u00fcl\u00fc&#8217;ne lay\u0131k g\u00f6r\u00fcld\u00fc<br \/>\n25 y\u0131l s\u00fcren ara\u015ft\u0131rma, belgeleme, projelendirme ve uygulama \u00e7al\u0131\u015fmalar\u0131n\u0131n son sekiz y\u0131l\u0131nda proje y\u00fcr\u00fct\u00fcc\u00fcl\u00fc\u011f\u00fcn\u00fc \u00fcstlenen \u00c7anakkale Sava\u015flar\u0131 Gelibolu Tarihi Alan Ba\u015fkanl\u0131\u011f\u0131n\u0131n ilk master projesi olarak Cumhuriyetin 100. Y\u0131l\u0131nda tamamlanarak ziyarete a\u00e7\u0131lan Sedd\u00fclbahir Kalesi mimari koruma ve \u00e7a\u011fda\u015f m\u00fczecilik anlay\u0131\u015f\u0131n\u0131 bir araya getiren d\u00f6n\u00fc\u015f\u00fcm\u00fcyle uluslararas\u0131 bir ba\u015far\u0131ya imza att\u0131. Kale, d\u00fcnya \u00e7ap\u0131nda mimarl\u0131k ve tasar\u0131m projelerini \u00f6d\u00fcllendiren Wonder Global Design Awards 2025 kapsam\u0131nda \u00f6nemli bir \u00f6d\u00fcle lay\u0131k g\u00f6r\u00fcld\u00fc. Wonder Global Design Awards; mimarl\u0131k, i\u00e7 mek\u00e2n tasar\u0131m\u0131, \u00fcr\u00fcn tasar\u0131m\u0131 ve k\u00fclt\u00fcrel projeler gibi farkl\u0131 alanlarda yenilik\u00e7i ve etkili tasar\u0131m \u00e7al\u0131\u015fmalar\u0131n\u0131 uluslararas\u0131 bir j\u00fcri taraf\u0131ndan de\u011ferlendirerek \u00f6d\u00fcllendiren prestijli bir organizasyon. Farkl\u0131 \u00fclkelerden mimarlar, tasar\u0131mc\u0131lar ve akademisyenlerden olu\u015fan j\u00fcri; projeleri estetik de\u011fer, i\u015flevsellik ve toplumsal katk\u0131 gibi kriterler do\u011frultusunda de\u011ferlendiriliyor. Bu kapsamda KOOP Architects taraf\u0131ndan tasarlanan Sedd\u00fclbahir Kalesi projesi, \u2018Mimarl\u0131k-K\u00fclt\u00fcrel\/Toplumsal Mimarl\u0131k (M\u00fczeler, Sergi Yap\u0131lar\u0131 ve Pavyonlar)&#8217; kategorisinde alt\u0131n \u00f6d\u00fcl kazand\u0131.<\/p>\n<p>28.03.2026<\/p>\n","protected":false},"excerpt":{"rendered":"<p>\u00c7anakkale Sava\u015flar\u0131&#8217;n\u0131n ya\u015fand\u0131\u011f\u0131 Tarihi Gelibolu Yar\u0131madas\u0131&#8217;nda bir as\u0131r sonra restorasyon \u00e7al\u0131\u015fmalar\u0131yla aya\u011fa kald\u0131r\u0131lan, \u00c7anakkale Bo\u011faz\u0131&#8217;n\u0131 ge\u00e7mek isteyen itilaf devletlerin 3 Kas\u0131m 1914&#8217;te ilk bombalad\u0131\u011f\u0131 yer olan ilk \u015fehitlerin verildi\u011fi Sedd\u00fclbahir Kalesi, Wonder Global Design Awards 2025 \u00d6d\u00fclleri&#8217;nde \u2018Mimarl\u0131k-K\u00fclt\u00fcrel\/Toplumsal Mimarl\u0131k (M\u00fczeler, Sergi Yap\u0131lar\u0131 ve Pavyonlar)&#8217; kategorisinde alt\u0131n \u00f6d\u00fcle lay\u0131k g\u00f6r\u00fcld\u00fc. IV. Mehmet&#8217;in annesi Hatice Turhan Sultan [&hellip;]<\/p>\n","protected":false},"author":1,"featured_media":18681,"comment_status":"open","ping_status":"open","sticky":false,"template":"","format":"standard","meta":{"footnotes":""},"categories":[45],"tags":[2464,2463],"class_list":["post-18680","post","type-post","status-publish","format-standard","has-post-thumbnail","hentry","category-gundem","tag-kale","tag-tarihi"],"yoast_head":"<!-- This site is optimized with the Yoast SEO plugin v27.4 - https:\/\/yoast.com\/product\/yoast-seo-wordpress\/ -->\n<title>Sedd\u00fclbahir Kalesi, uluslararas\u0131 \u00f6d\u00fcle lay\u0131k g\u00f6r\u00fcld\u00fc - Memurun Sesi<\/title>\n<meta name=\"description\" content=\"\u00c7anakkale Sava\u015flar\u0131&#039;n\u0131n ya\u015fand\u0131\u011f\u0131 Tarihi Gelibolu Yar\u0131madas\u0131&#039;nda bir as\u0131r sonra restorasyon \u00e7al\u0131\u015fmalar\u0131yla aya\u011fa kald\u0131r\u0131lan, \u00c7anakkale Bo\u011faz\u0131&#039;n\u0131 ge\u00e7mek isteyen itilaf devletlerin 3 Kas\u0131m 1914&#039;te ilk bombalad\u0131\u011f\u0131 yer olan ilk \u015fehitlerin verildi\u011fi Sedd\u00fclbahir Kalesi, Wonder Global Design Awards 2025 \u00d6d\u00fclleri&#039;nde \u2018Mimarl\u0131k-K\u00fclt\u00fcrel\/Toplumsal Mimarl\u0131k (M\u00fczeler, Sergi Yap\u0131lar\u0131 ve Pavyonlar)&#039; kategorisinde alt\u0131n \u00f6d\u00fcle lay\u0131k g\u00f6r\u00fcld\u00fc.\" \/>\n<meta name=\"robots\" content=\"index, follow, max-snippet:-1, max-image-preview:large, max-video-preview:-1\" \/>\n<link rel=\"canonical\" href=\"https:\/\/memurunsesi.net\/index.php\/2026\/03\/28\/seddulbahir-kalesi-uluslararasi-odule-layik-goruldu\/\" \/>\n<meta property=\"og:locale\" content=\"tr_TR\" \/>\n<meta property=\"og:type\" content=\"article\" \/>\n<meta property=\"og:title\" content=\"Sedd\u00fclbahir Kalesi, uluslararas\u0131 \u00f6d\u00fcle lay\u0131k g\u00f6r\u00fcld\u00fc - Memurun Sesi\" \/>\n<meta property=\"og:description\" content=\"\u00c7anakkale Sava\u015flar\u0131&#039;n\u0131n ya\u015fand\u0131\u011f\u0131 Tarihi Gelibolu Yar\u0131madas\u0131&#039;nda bir as\u0131r sonra restorasyon \u00e7al\u0131\u015fmalar\u0131yla aya\u011fa kald\u0131r\u0131lan, \u00c7anakkale Bo\u011faz\u0131&#039;n\u0131 ge\u00e7mek isteyen itilaf devletlerin 3 Kas\u0131m 1914&#039;te ilk bombalad\u0131\u011f\u0131 yer olan ilk \u015fehitlerin verildi\u011fi Sedd\u00fclbahir Kalesi, Wonder Global Design Awards 2025 \u00d6d\u00fclleri&#039;nde \u2018Mimarl\u0131k-K\u00fclt\u00fcrel\/Toplumsal Mimarl\u0131k (M\u00fczeler, Sergi Yap\u0131lar\u0131 ve Pavyonlar)&#039; kategorisinde alt\u0131n \u00f6d\u00fcle lay\u0131k g\u00f6r\u00fcld\u00fc.\" \/>\n<meta property=\"og:url\" content=\"https:\/\/memurunsesi.net\/index.php\/2026\/03\/28\/seddulbahir-kalesi-uluslararasi-odule-layik-goruldu\/\" \/>\n<meta property=\"og:site_name\" content=\"Memurun Sesi\" \/>\n<meta property=\"article:publisher\" content=\"https:\/\/www.facebook.com\/unipersen\/?locale=tr_TR\" \/>\n<meta property=\"article:published_time\" content=\"2026-03-28T06:24:09+00:00\" \/>\n<meta property=\"og:image\" content=\"https:\/\/memurunsesi.net\/wp-content\/uploads\/2026\/03\/tarihi-kale-scaled.jpg\" \/>\n\t<meta property=\"og:image:width\" content=\"2560\" \/>\n\t<meta property=\"og:image:height\" content=\"1439\" \/>\n\t<meta property=\"og:image:type\" content=\"image\/jpeg\" \/>\n<meta name=\"author\" content=\"Memurun Sesi Haber Merkezi\" \/>\n<meta name=\"twitter:card\" content=\"summary_large_image\" \/>\n<meta name=\"twitter:creator\" content=\"@unipersen\" \/>\n<meta name=\"twitter:site\" content=\"@unipersen\" \/>\n<meta name=\"twitter:label1\" content=\"Yazan:\" \/>\n\t<meta name=\"twitter:data1\" content=\"Memurun Sesi Haber Merkezi\" \/>\n\t<meta name=\"twitter:label2\" content=\"Tahmini okuma s\u00fcresi\" \/>\n\t<meta name=\"twitter:data2\" content=\"3 dakika\" \/>\n<script type=\"application\/ld+json\" class=\"yoast-schema-graph\">{\"@context\":\"https:\\\/\\\/schema.org\",\"@graph\":[{\"@type\":\"Article\",\"@id\":\"https:\\\/\\\/memurunsesi.net\\\/index.php\\\/2026\\\/03\\\/28\\\/seddulbahir-kalesi-uluslararasi-odule-layik-goruldu\\\/#article\",\"isPartOf\":{\"@id\":\"https:\\\/\\\/memurunsesi.net\\\/index.php\\\/2026\\\/03\\\/28\\\/seddulbahir-kalesi-uluslararasi-odule-layik-goruldu\\\/\"},\"author\":{\"name\":\"Memurun Sesi Haber Merkezi\",\"@id\":\"https:\\\/\\\/memurunsesi.net\\\/#\\\/schema\\\/person\\\/f21c2d73b89f6ee1d80b0a1803e38587\"},\"headline\":\"Sedd\u00fclbahir Kalesi, uluslararas\u0131 \u00f6d\u00fcle lay\u0131k g\u00f6r\u00fcld\u00fc\",\"datePublished\":\"2026-03-28T06:24:09+00:00\",\"mainEntityOfPage\":{\"@id\":\"https:\\\/\\\/memurunsesi.net\\\/index.php\\\/2026\\\/03\\\/28\\\/seddulbahir-kalesi-uluslararasi-odule-layik-goruldu\\\/\"},\"wordCount\":632,\"commentCount\":0,\"publisher\":{\"@id\":\"https:\\\/\\\/memurunsesi.net\\\/#organization\"},\"image\":{\"@id\":\"https:\\\/\\\/memurunsesi.net\\\/index.php\\\/2026\\\/03\\\/28\\\/seddulbahir-kalesi-uluslararasi-odule-layik-goruldu\\\/#primaryimage\"},\"thumbnailUrl\":\"https:\\\/\\\/memurunsesi.net\\\/wp-content\\\/uploads\\\/2026\\\/03\\\/tarihi-kale-scaled.jpg\",\"keywords\":[\"kale\",\"tarihi\"],\"articleSection\":[\"G\u00fcndem\"],\"inLanguage\":\"tr\",\"potentialAction\":[{\"@type\":\"CommentAction\",\"name\":\"Comment\",\"target\":[\"https:\\\/\\\/memurunsesi.net\\\/index.php\\\/2026\\\/03\\\/28\\\/seddulbahir-kalesi-uluslararasi-odule-layik-goruldu\\\/#respond\"]}]},{\"@type\":\"WebPage\",\"@id\":\"https:\\\/\\\/memurunsesi.net\\\/index.php\\\/2026\\\/03\\\/28\\\/seddulbahir-kalesi-uluslararasi-odule-layik-goruldu\\\/\",\"url\":\"https:\\\/\\\/memurunsesi.net\\\/index.php\\\/2026\\\/03\\\/28\\\/seddulbahir-kalesi-uluslararasi-odule-layik-goruldu\\\/\",\"name\":\"Sedd\u00fclbahir Kalesi, uluslararas\u0131 \u00f6d\u00fcle lay\u0131k g\u00f6r\u00fcld\u00fc - Memurun Sesi\",\"isPartOf\":{\"@id\":\"https:\\\/\\\/memurunsesi.net\\\/#website\"},\"primaryImageOfPage\":{\"@id\":\"https:\\\/\\\/memurunsesi.net\\\/index.php\\\/2026\\\/03\\\/28\\\/seddulbahir-kalesi-uluslararasi-odule-layik-goruldu\\\/#primaryimage\"},\"image\":{\"@id\":\"https:\\\/\\\/memurunsesi.net\\\/index.php\\\/2026\\\/03\\\/28\\\/seddulbahir-kalesi-uluslararasi-odule-layik-goruldu\\\/#primaryimage\"},\"thumbnailUrl\":\"https:\\\/\\\/memurunsesi.net\\\/wp-content\\\/uploads\\\/2026\\\/03\\\/tarihi-kale-scaled.jpg\",\"datePublished\":\"2026-03-28T06:24:09+00:00\",\"description\":\"\u00c7anakkale Sava\u015flar\u0131'n\u0131n ya\u015fand\u0131\u011f\u0131 Tarihi Gelibolu Yar\u0131madas\u0131'nda bir as\u0131r sonra restorasyon \u00e7al\u0131\u015fmalar\u0131yla aya\u011fa kald\u0131r\u0131lan, \u00c7anakkale Bo\u011faz\u0131'n\u0131 ge\u00e7mek isteyen itilaf devletlerin 3 Kas\u0131m 1914'te ilk bombalad\u0131\u011f\u0131 yer olan ilk \u015fehitlerin verildi\u011fi Sedd\u00fclbahir Kalesi, Wonder Global Design Awards 2025 \u00d6d\u00fclleri'nde \u2018Mimarl\u0131k-K\u00fclt\u00fcrel\\\/Toplumsal Mimarl\u0131k (M\u00fczeler, Sergi Yap\u0131lar\u0131 ve Pavyonlar)' kategorisinde alt\u0131n \u00f6d\u00fcle lay\u0131k g\u00f6r\u00fcld\u00fc.\",\"breadcrumb\":{\"@id\":\"https:\\\/\\\/memurunsesi.net\\\/index.php\\\/2026\\\/03\\\/28\\\/seddulbahir-kalesi-uluslararasi-odule-layik-goruldu\\\/#breadcrumb\"},\"inLanguage\":\"tr\",\"potentialAction\":[{\"@type\":\"ReadAction\",\"target\":[\"https:\\\/\\\/memurunsesi.net\\\/index.php\\\/2026\\\/03\\\/28\\\/seddulbahir-kalesi-uluslararasi-odule-layik-goruldu\\\/\"]}]},{\"@type\":\"ImageObject\",\"inLanguage\":\"tr\",\"@id\":\"https:\\\/\\\/memurunsesi.net\\\/index.php\\\/2026\\\/03\\\/28\\\/seddulbahir-kalesi-uluslararasi-odule-layik-goruldu\\\/#primaryimage\",\"url\":\"https:\\\/\\\/memurunsesi.net\\\/wp-content\\\/uploads\\\/2026\\\/03\\\/tarihi-kale-scaled.jpg\",\"contentUrl\":\"https:\\\/\\\/memurunsesi.net\\\/wp-content\\\/uploads\\\/2026\\\/03\\\/tarihi-kale-scaled.jpg\",\"width\":2560,\"height\":1439,\"caption\":\"\u00c7ANAKKALE SAVA\u015eLARI'NIN YA\u015eANDI\u011eI TAR\u0130H\u0130 GEL\u0130BOLU YARIMADASI'NDA B\u0130R ASIR SONRA RESTORASYON \u00c7ALI\u015eMALARIYLA AYA\u011eA KALDIRILAN, \u00c7ANAKKALE BO\u011eAZI'NI GE\u00c7MEK \u0130STEYEN \u0130T\u0130LAF DEVLETLER\u0130N 3 KASIM 1914'TE \u0130LK BOMBALADI\u011eI YER OLAN \u0130LK \u015eEH\u0130TLER\u0130N VER\u0130LD\u0130\u011e\u0130 SEDD\u00dcLBAH\u0130R KALES\u0130, WONDER GLOBAL DES\u0130GN AWARDS 2025 \u00d6D\u00dcLLER\u0130'NDE 'M\u0130MARLIK-K\u00dcLT\u00dcREL\\\/TOPLUMSAL M\u0130MARLIK (M\u00dcZELER, SERG\u0130 YAPILARI VE PAVYONLAR)' KATEGOR\u0130S\u0130NDE ALTIN \u00d6D\u00dcLE LAYIK G\u00d6R\u00dcLD\u00dc. (HAT\u0130CE \u00c7EK\u0130L\\\/\u00c7ANAKKALE-\u0130HA) \u00c7anakkale Sava\u015flar\u0131'n\u0131n ya\u015fand\u0131\u011f\u0131 Tarihi Gelibolu Yar\u0131madas\u0131'nda bir as\u0131r sonra restorasyon \u00e7al\u0131\u015fmalar\u0131yla aya\u011fa kald\u0131r\u0131lan, \u00c7anakkale Bo\u011faz\u0131'n\u0131 ge\u00e7mek isteyen itilaf devletlerin 3 Kas\u0131m 1914'te ilk bombalad\u0131\u011f\u0131 yer olan ilk \u015fehitlerin verildi\u011fi Sedd\u00fclbahir Kalesi, Wonder Global Design Awards 2025 \u00d6d\u00fclleri'nde 'Mimarl\u0131k-K\u00fclt\u00fcrel\\\/Toplumsal Mimarl\u0131k (M\u00fczeler, Sergi Yap\u0131lar\u0131 ve Pavyonlar)' kategorisinde alt\u0131n \u00f6d\u00fcle lay\u0131k g\u00f6r\u00fcld\u00fc.\"},{\"@type\":\"BreadcrumbList\",\"@id\":\"https:\\\/\\\/memurunsesi.net\\\/index.php\\\/2026\\\/03\\\/28\\\/seddulbahir-kalesi-uluslararasi-odule-layik-goruldu\\\/#breadcrumb\",\"itemListElement\":[{\"@type\":\"ListItem\",\"position\":1,\"name\":\"Anasayfa\",\"item\":\"https:\\\/\\\/memurunsesi.net\\\/\"},{\"@type\":\"ListItem\",\"position\":2,\"name\":\"Sedd\u00fclbahir Kalesi, uluslararas\u0131 \u00f6d\u00fcle lay\u0131k g\u00f6r\u00fcld\u00fc\"}]},{\"@type\":\"WebSite\",\"@id\":\"https:\\\/\\\/memurunsesi.net\\\/#website\",\"url\":\"https:\\\/\\\/memurunsesi.net\\\/\",\"name\":\"Memurun Sesi\",\"description\":\"G\u00fcncel ve Do\u011fru Haber\",\"publisher\":{\"@id\":\"https:\\\/\\\/memurunsesi.net\\\/#organization\"},\"potentialAction\":[{\"@type\":\"SearchAction\",\"target\":{\"@type\":\"EntryPoint\",\"urlTemplate\":\"https:\\\/\\\/memurunsesi.net\\\/?s={search_term_string}\"},\"query-input\":{\"@type\":\"PropertyValueSpecification\",\"valueRequired\":true,\"valueName\":\"search_term_string\"}}],\"inLanguage\":\"tr\"},{\"@type\":\"Organization\",\"@id\":\"https:\\\/\\\/memurunsesi.net\\\/#organization\",\"name\":\"Memurun Sesi\",\"url\":\"https:\\\/\\\/memurunsesi.net\\\/\",\"logo\":{\"@type\":\"ImageObject\",\"inLanguage\":\"tr\",\"@id\":\"https:\\\/\\\/memurunsesi.net\\\/#\\\/schema\\\/logo\\\/image\\\/\",\"url\":\"https:\\\/\\\/memurunsesi.net\\\/wp-content\\\/uploads\\\/2025\\\/11\\\/cropped-MEMURUN-SESI.png\",\"contentUrl\":\"https:\\\/\\\/memurunsesi.net\\\/wp-content\\\/uploads\\\/2025\\\/11\\\/cropped-MEMURUN-SESI.png\",\"width\":238,\"height\":57,\"caption\":\"Memurun Sesi\"},\"image\":{\"@id\":\"https:\\\/\\\/memurunsesi.net\\\/#\\\/schema\\\/logo\\\/image\\\/\"},\"sameAs\":[\"https:\\\/\\\/www.facebook.com\\\/unipersen\\\/?locale=tr_TR\",\"https:\\\/\\\/x.com\\\/unipersen\"]},{\"@type\":\"Person\",\"@id\":\"https:\\\/\\\/memurunsesi.net\\\/#\\\/schema\\\/person\\\/f21c2d73b89f6ee1d80b0a1803e38587\",\"name\":\"Memurun Sesi Haber Merkezi\",\"image\":{\"@type\":\"ImageObject\",\"inLanguage\":\"tr\",\"@id\":\"https:\\\/\\\/secure.gravatar.com\\\/avatar\\\/6cf0505f452ee753f485014986fab09a434671d2b919ee76fc541025c5876a70?s=96&d=mm&r=g\",\"url\":\"https:\\\/\\\/secure.gravatar.com\\\/avatar\\\/6cf0505f452ee753f485014986fab09a434671d2b919ee76fc541025c5876a70?s=96&d=mm&r=g\",\"contentUrl\":\"https:\\\/\\\/secure.gravatar.com\\\/avatar\\\/6cf0505f452ee753f485014986fab09a434671d2b919ee76fc541025c5876a70?s=96&d=mm&r=g\",\"caption\":\"Memurun Sesi Haber Merkezi\"},\"sameAs\":[\"https:\\\/\\\/memurunsesi.net\"],\"url\":\"https:\\\/\\\/memurunsesi.net\\\/index.php\\\/author\\\/uniper\\\/\"}]}<\/script>\n<!-- \/ Yoast SEO plugin. -->","yoast_head_json":{"title":"Sedd\u00fclbahir Kalesi, uluslararas\u0131 \u00f6d\u00fcle lay\u0131k g\u00f6r\u00fcld\u00fc - Memurun Sesi","description":"\u00c7anakkale Sava\u015flar\u0131'n\u0131n ya\u015fand\u0131\u011f\u0131 Tarihi Gelibolu Yar\u0131madas\u0131'nda bir as\u0131r sonra restorasyon \u00e7al\u0131\u015fmalar\u0131yla aya\u011fa kald\u0131r\u0131lan, \u00c7anakkale Bo\u011faz\u0131'n\u0131 ge\u00e7mek isteyen itilaf devletlerin 3 Kas\u0131m 1914'te ilk bombalad\u0131\u011f\u0131 yer olan ilk \u015fehitlerin verildi\u011fi Sedd\u00fclbahir Kalesi, Wonder Global Design Awards 2025 \u00d6d\u00fclleri'nde \u2018Mimarl\u0131k-K\u00fclt\u00fcrel\/Toplumsal Mimarl\u0131k (M\u00fczeler, Sergi Yap\u0131lar\u0131 ve Pavyonlar)' kategorisinde alt\u0131n \u00f6d\u00fcle lay\u0131k g\u00f6r\u00fcld\u00fc.","robots":{"index":"index","follow":"follow","max-snippet":"max-snippet:-1","max-image-preview":"max-image-preview:large","max-video-preview":"max-video-preview:-1"},"canonical":"https:\/\/memurunsesi.net\/index.php\/2026\/03\/28\/seddulbahir-kalesi-uluslararasi-odule-layik-goruldu\/","og_locale":"tr_TR","og_type":"article","og_title":"Sedd\u00fclbahir Kalesi, uluslararas\u0131 \u00f6d\u00fcle lay\u0131k g\u00f6r\u00fcld\u00fc - Memurun Sesi","og_description":"\u00c7anakkale Sava\u015flar\u0131'n\u0131n ya\u015fand\u0131\u011f\u0131 Tarihi Gelibolu Yar\u0131madas\u0131'nda bir as\u0131r sonra restorasyon \u00e7al\u0131\u015fmalar\u0131yla aya\u011fa kald\u0131r\u0131lan, \u00c7anakkale Bo\u011faz\u0131'n\u0131 ge\u00e7mek isteyen itilaf devletlerin 3 Kas\u0131m 1914'te ilk bombalad\u0131\u011f\u0131 yer olan ilk \u015fehitlerin verildi\u011fi Sedd\u00fclbahir Kalesi, Wonder Global Design Awards 2025 \u00d6d\u00fclleri'nde \u2018Mimarl\u0131k-K\u00fclt\u00fcrel\/Toplumsal Mimarl\u0131k (M\u00fczeler, Sergi Yap\u0131lar\u0131 ve Pavyonlar)' kategorisinde alt\u0131n \u00f6d\u00fcle lay\u0131k g\u00f6r\u00fcld\u00fc.","og_url":"https:\/\/memurunsesi.net\/index.php\/2026\/03\/28\/seddulbahir-kalesi-uluslararasi-odule-layik-goruldu\/","og_site_name":"Memurun Sesi","article_publisher":"https:\/\/www.facebook.com\/unipersen\/?locale=tr_TR","article_published_time":"2026-03-28T06:24:09+00:00","og_image":[{"width":2560,"height":1439,"url":"https:\/\/memurunsesi.net\/wp-content\/uploads\/2026\/03\/tarihi-kale-scaled.jpg","type":"image\/jpeg"}],"author":"Memurun Sesi Haber Merkezi","twitter_card":"summary_large_image","twitter_creator":"@unipersen","twitter_site":"@unipersen","twitter_misc":{"Yazan:":"Memurun Sesi Haber Merkezi","Tahmini okuma s\u00fcresi":"3 dakika"},"schema":{"@context":"https:\/\/schema.org","@graph":[{"@type":"Article","@id":"https:\/\/memurunsesi.net\/index.php\/2026\/03\/28\/seddulbahir-kalesi-uluslararasi-odule-layik-goruldu\/#article","isPartOf":{"@id":"https:\/\/memurunsesi.net\/index.php\/2026\/03\/28\/seddulbahir-kalesi-uluslararasi-odule-layik-goruldu\/"},"author":{"name":"Memurun Sesi Haber Merkezi","@id":"https:\/\/memurunsesi.net\/#\/schema\/person\/f21c2d73b89f6ee1d80b0a1803e38587"},"headline":"Sedd\u00fclbahir Kalesi, uluslararas\u0131 \u00f6d\u00fcle lay\u0131k g\u00f6r\u00fcld\u00fc","datePublished":"2026-03-28T06:24:09+00:00","mainEntityOfPage":{"@id":"https:\/\/memurunsesi.net\/index.php\/2026\/03\/28\/seddulbahir-kalesi-uluslararasi-odule-layik-goruldu\/"},"wordCount":632,"commentCount":0,"publisher":{"@id":"https:\/\/memurunsesi.net\/#organization"},"image":{"@id":"https:\/\/memurunsesi.net\/index.php\/2026\/03\/28\/seddulbahir-kalesi-uluslararasi-odule-layik-goruldu\/#primaryimage"},"thumbnailUrl":"https:\/\/memurunsesi.net\/wp-content\/uploads\/2026\/03\/tarihi-kale-scaled.jpg","keywords":["kale","tarihi"],"articleSection":["G\u00fcndem"],"inLanguage":"tr","potentialAction":[{"@type":"CommentAction","name":"Comment","target":["https:\/\/memurunsesi.net\/index.php\/2026\/03\/28\/seddulbahir-kalesi-uluslararasi-odule-layik-goruldu\/#respond"]}]},{"@type":"WebPage","@id":"https:\/\/memurunsesi.net\/index.php\/2026\/03\/28\/seddulbahir-kalesi-uluslararasi-odule-layik-goruldu\/","url":"https:\/\/memurunsesi.net\/index.php\/2026\/03\/28\/seddulbahir-kalesi-uluslararasi-odule-layik-goruldu\/","name":"Sedd\u00fclbahir Kalesi, uluslararas\u0131 \u00f6d\u00fcle lay\u0131k g\u00f6r\u00fcld\u00fc - Memurun Sesi","isPartOf":{"@id":"https:\/\/memurunsesi.net\/#website"},"primaryImageOfPage":{"@id":"https:\/\/memurunsesi.net\/index.php\/2026\/03\/28\/seddulbahir-kalesi-uluslararasi-odule-layik-goruldu\/#primaryimage"},"image":{"@id":"https:\/\/memurunsesi.net\/index.php\/2026\/03\/28\/seddulbahir-kalesi-uluslararasi-odule-layik-goruldu\/#primaryimage"},"thumbnailUrl":"https:\/\/memurunsesi.net\/wp-content\/uploads\/2026\/03\/tarihi-kale-scaled.jpg","datePublished":"2026-03-28T06:24:09+00:00","description":"\u00c7anakkale Sava\u015flar\u0131'n\u0131n ya\u015fand\u0131\u011f\u0131 Tarihi Gelibolu Yar\u0131madas\u0131'nda bir as\u0131r sonra restorasyon \u00e7al\u0131\u015fmalar\u0131yla aya\u011fa kald\u0131r\u0131lan, \u00c7anakkale Bo\u011faz\u0131'n\u0131 ge\u00e7mek isteyen itilaf devletlerin 3 Kas\u0131m 1914'te ilk bombalad\u0131\u011f\u0131 yer olan ilk \u015fehitlerin verildi\u011fi Sedd\u00fclbahir Kalesi, Wonder Global Design Awards 2025 \u00d6d\u00fclleri'nde \u2018Mimarl\u0131k-K\u00fclt\u00fcrel\/Toplumsal Mimarl\u0131k (M\u00fczeler, Sergi Yap\u0131lar\u0131 ve Pavyonlar)' kategorisinde alt\u0131n \u00f6d\u00fcle lay\u0131k g\u00f6r\u00fcld\u00fc.","breadcrumb":{"@id":"https:\/\/memurunsesi.net\/index.php\/2026\/03\/28\/seddulbahir-kalesi-uluslararasi-odule-layik-goruldu\/#breadcrumb"},"inLanguage":"tr","potentialAction":[{"@type":"ReadAction","target":["https:\/\/memurunsesi.net\/index.php\/2026\/03\/28\/seddulbahir-kalesi-uluslararasi-odule-layik-goruldu\/"]}]},{"@type":"ImageObject","inLanguage":"tr","@id":"https:\/\/memurunsesi.net\/index.php\/2026\/03\/28\/seddulbahir-kalesi-uluslararasi-odule-layik-goruldu\/#primaryimage","url":"https:\/\/memurunsesi.net\/wp-content\/uploads\/2026\/03\/tarihi-kale-scaled.jpg","contentUrl":"https:\/\/memurunsesi.net\/wp-content\/uploads\/2026\/03\/tarihi-kale-scaled.jpg","width":2560,"height":1439,"caption":"\u00c7ANAKKALE SAVA\u015eLARI'NIN YA\u015eANDI\u011eI TAR\u0130H\u0130 GEL\u0130BOLU YARIMADASI'NDA B\u0130R ASIR SONRA RESTORASYON \u00c7ALI\u015eMALARIYLA AYA\u011eA KALDIRILAN, \u00c7ANAKKALE BO\u011eAZI'NI GE\u00c7MEK \u0130STEYEN \u0130T\u0130LAF DEVLETLER\u0130N 3 KASIM 1914'TE \u0130LK BOMBALADI\u011eI YER OLAN \u0130LK \u015eEH\u0130TLER\u0130N VER\u0130LD\u0130\u011e\u0130 SEDD\u00dcLBAH\u0130R KALES\u0130, WONDER GLOBAL DES\u0130GN AWARDS 2025 \u00d6D\u00dcLLER\u0130'NDE 'M\u0130MARLIK-K\u00dcLT\u00dcREL\/TOPLUMSAL M\u0130MARLIK (M\u00dcZELER, SERG\u0130 YAPILARI VE PAVYONLAR)' KATEGOR\u0130S\u0130NDE ALTIN \u00d6D\u00dcLE LAYIK G\u00d6R\u00dcLD\u00dc. (HAT\u0130CE \u00c7EK\u0130L\/\u00c7ANAKKALE-\u0130HA) \u00c7anakkale Sava\u015flar\u0131'n\u0131n ya\u015fand\u0131\u011f\u0131 Tarihi Gelibolu Yar\u0131madas\u0131'nda bir as\u0131r sonra restorasyon \u00e7al\u0131\u015fmalar\u0131yla aya\u011fa kald\u0131r\u0131lan, \u00c7anakkale Bo\u011faz\u0131'n\u0131 ge\u00e7mek isteyen itilaf devletlerin 3 Kas\u0131m 1914'te ilk bombalad\u0131\u011f\u0131 yer olan ilk \u015fehitlerin verildi\u011fi Sedd\u00fclbahir Kalesi, Wonder Global Design Awards 2025 \u00d6d\u00fclleri'nde 'Mimarl\u0131k-K\u00fclt\u00fcrel\/Toplumsal Mimarl\u0131k (M\u00fczeler, Sergi Yap\u0131lar\u0131 ve Pavyonlar)' kategorisinde alt\u0131n \u00f6d\u00fcle lay\u0131k g\u00f6r\u00fcld\u00fc."},{"@type":"BreadcrumbList","@id":"https:\/\/memurunsesi.net\/index.php\/2026\/03\/28\/seddulbahir-kalesi-uluslararasi-odule-layik-goruldu\/#breadcrumb","itemListElement":[{"@type":"ListItem","position":1,"name":"Anasayfa","item":"https:\/\/memurunsesi.net\/"},{"@type":"ListItem","position":2,"name":"Sedd\u00fclbahir Kalesi, uluslararas\u0131 \u00f6d\u00fcle lay\u0131k g\u00f6r\u00fcld\u00fc"}]},{"@type":"WebSite","@id":"https:\/\/memurunsesi.net\/#website","url":"https:\/\/memurunsesi.net\/","name":"Memurun Sesi","description":"G\u00fcncel ve Do\u011fru Haber","publisher":{"@id":"https:\/\/memurunsesi.net\/#organization"},"potentialAction":[{"@type":"SearchAction","target":{"@type":"EntryPoint","urlTemplate":"https:\/\/memurunsesi.net\/?s={search_term_string}"},"query-input":{"@type":"PropertyValueSpecification","valueRequired":true,"valueName":"search_term_string"}}],"inLanguage":"tr"},{"@type":"Organization","@id":"https:\/\/memurunsesi.net\/#organization","name":"Memurun Sesi","url":"https:\/\/memurunsesi.net\/","logo":{"@type":"ImageObject","inLanguage":"tr","@id":"https:\/\/memurunsesi.net\/#\/schema\/logo\/image\/","url":"https:\/\/memurunsesi.net\/wp-content\/uploads\/2025\/11\/cropped-MEMURUN-SESI.png","contentUrl":"https:\/\/memurunsesi.net\/wp-content\/uploads\/2025\/11\/cropped-MEMURUN-SESI.png","width":238,"height":57,"caption":"Memurun Sesi"},"image":{"@id":"https:\/\/memurunsesi.net\/#\/schema\/logo\/image\/"},"sameAs":["https:\/\/www.facebook.com\/unipersen\/?locale=tr_TR","https:\/\/x.com\/unipersen"]},{"@type":"Person","@id":"https:\/\/memurunsesi.net\/#\/schema\/person\/f21c2d73b89f6ee1d80b0a1803e38587","name":"Memurun Sesi Haber Merkezi","image":{"@type":"ImageObject","inLanguage":"tr","@id":"https:\/\/secure.gravatar.com\/avatar\/6cf0505f452ee753f485014986fab09a434671d2b919ee76fc541025c5876a70?s=96&d=mm&r=g","url":"https:\/\/secure.gravatar.com\/avatar\/6cf0505f452ee753f485014986fab09a434671d2b919ee76fc541025c5876a70?s=96&d=mm&r=g","contentUrl":"https:\/\/secure.gravatar.com\/avatar\/6cf0505f452ee753f485014986fab09a434671d2b919ee76fc541025c5876a70?s=96&d=mm&r=g","caption":"Memurun Sesi Haber Merkezi"},"sameAs":["https:\/\/memurunsesi.net"],"url":"https:\/\/memurunsesi.net\/index.php\/author\/uniper\/"}]}},"_links":{"self":[{"href":"https:\/\/memurunsesi.net\/index.php\/wp-json\/wp\/v2\/posts\/18680","targetHints":{"allow":["GET"]}}],"collection":[{"href":"https:\/\/memurunsesi.net\/index.php\/wp-json\/wp\/v2\/posts"}],"about":[{"href":"https:\/\/memurunsesi.net\/index.php\/wp-json\/wp\/v2\/types\/post"}],"author":[{"embeddable":true,"href":"https:\/\/memurunsesi.net\/index.php\/wp-json\/wp\/v2\/users\/1"}],"replies":[{"embeddable":true,"href":"https:\/\/memurunsesi.net\/index.php\/wp-json\/wp\/v2\/comments?post=18680"}],"version-history":[{"count":1,"href":"https:\/\/memurunsesi.net\/index.php\/wp-json\/wp\/v2\/posts\/18680\/revisions"}],"predecessor-version":[{"id":18682,"href":"https:\/\/memurunsesi.net\/index.php\/wp-json\/wp\/v2\/posts\/18680\/revisions\/18682"}],"wp:featuredmedia":[{"embeddable":true,"href":"https:\/\/memurunsesi.net\/index.php\/wp-json\/wp\/v2\/media\/18681"}],"wp:attachment":[{"href":"https:\/\/memurunsesi.net\/index.php\/wp-json\/wp\/v2\/media?parent=18680"}],"wp:term":[{"taxonomy":"category","embeddable":true,"href":"https:\/\/memurunsesi.net\/index.php\/wp-json\/wp\/v2\/categories?post=18680"},{"taxonomy":"post_tag","embeddable":true,"href":"https:\/\/memurunsesi.net\/index.php\/wp-json\/wp\/v2\/tags?post=18680"}],"curies":[{"name":"wp","href":"https:\/\/api.w.org\/{rel}","templated":true}]}}