{"id":18738,"date":"2026-03-29T13:59:58","date_gmt":"2026-03-29T10:59:58","guid":{"rendered":"https:\/\/memurunsesi.net\/?p=18738"},"modified":"2026-03-29T13:59:58","modified_gmt":"2026-03-29T10:59:58","slug":"izmir-ili-karabaglar-belediye-baskanligindan","status":"publish","type":"post","link":"https:\/\/memurunsesi.net\/index.php\/2026\/03\/29\/izmir-ili-karabaglar-belediye-baskanligindan\/","title":{"rendered":"\u0130zmir\u00a0\u0130li\u00a0Karaba\u011flar\u00a0Belediye\u00a0Ba\u015fkanl\u0131\u011f\u0131ndan"},"content":{"rendered":"<p><strong>\u0130LK DEFA ATANMAK \u00dcZERE ZABITA MEMURU ALIM \u0130LANI<\/strong><br \/>\n\u0130zmir \u00a0ili \u00a0Karaba\u011flar \u00a0Belediye \u00a0Ba\u015fkanl\u0131\u011f\u0131 \u00a0b\u00fcnyesinde, \u00a0657 \u00a0say\u0131l\u0131 \u00a0Devlet \u00a0Memurlar\u0131 Kanununa \u00a0tabi \u00a0olarak \u00a0istihdam \u00a0edilmek \u00a0\u00fczere; \u00a0Belediye \u00a0Zab\u0131ta \u00a0Y\u00f6netmeli\u011fi \u00a0h\u00fck\u00fcmlerine \u00a0g\u00f6re a\u015fa\u011f\u0131da \u00a0\u00fcnvan\u0131, \u00a0s\u0131n\u0131f\u0131, \u00a0derecesi, \u00a0adedi, \u00a0nitelikleri, \u00a0KPSS \u00a0puan \u00a0t\u00fcr\u00fc, \u00a0KPSS \u00a0taban \u00a0puan\u0131 \u00a0ve \u00a0di\u011fer \u015fartlar\u0131 \u00a0ta\u015f\u0131mak \u00a0kayd\u0131yla \u00a0belirtilen \u00a0bo\u015f \u00a0kadrolara \u00a0a\u00e7\u0131ktan \u00a0atama \u00a0yoluyla \u00a0zab\u0131ta \u00a0memuru \u00a0al\u0131m\u0131 yap\u0131lacakt\u0131r.<\/p>\n<p>&nbsp;<\/p>\n<table dir=\"ltr\" border=\"6\" cellspacing=\"1\" cellpadding=\"0\" data-sheets-baot=\"1\" data-sheets-root=\"1\">\n<colgroup>\n<col \/>\n<col \/>\n<col \/>\n<col \/>\n<col \/>\n<col \/>\n<col \/>\n<col \/>\n<col \/><\/colgroup>\n<tbody>\n<tr>\n<td><strong>S\u0131ra<br \/>\nNo<\/strong><\/td>\n<td><strong>Kadro<br \/>\n\u00dcnvan\u0131<\/strong><\/td>\n<td><strong>Hizmet<br \/>\nS\u0131n\u0131f\u0131<\/strong><\/td>\n<td><strong>Kadro Derecesi<\/strong><\/td>\n<td><strong>Kadro Adedi<\/strong><\/td>\n<td><strong>Niteli\u011fi<\/strong><\/td>\n<td><strong>Cinsiyeti<\/strong><\/td>\n<td><strong>KPSS<br \/>\nPuan T\u00fcr\u00fc<\/strong><\/td>\n<td><strong>KPSS<br \/>\nTaban<br \/>\nPuan\u0131<\/strong><\/td>\n<\/tr>\n<tr>\n<td>1<\/td>\n<td>Zab\u0131ta<br \/>\nMemuru<\/td>\n<td>G\u0130H<\/td>\n<td>9<\/td>\n<td>25<\/td>\n<td>&#8211; \u00c7evre temizli\u011fi ve denetimi, \u00e7evre koruma ve kontrol, adalet, \u00f6zel g\u00fcvenlik ve koruma, mahalli idareler, yerel y\u00f6netimler \u00f6nlisans programlar\u0131n\u0131n birinden mezun olmak.<br \/>\n&#8211; En az (B) s\u0131n\u0131f\u0131 s\u00fcr\u00fcc\u00fc belgesine sahip olmak.<\/td>\n<td>Erkek\/<br \/>\nKad\u0131n<\/td>\n<td>P93<\/td>\n<td>En az 65<br \/>\npuan<\/td>\n<\/tr>\n<\/tbody>\n<\/table>\n<p><strong>BA\u015eVURU GENEL VE \u00d6ZEL \u015eARTLARI<\/strong><br \/>\nBelediyemizin \u00a0 \u00a0yukar\u0131da \u00a0 \u00a0belirtilen \u00a0 \u00a0bo\u015f \u00a0 \u00a0zab\u0131ta \u00a0 \u00a0memuru \u00a0 \u00a0kadrolar\u0131 \u00a0 \u00a0i\u00e7in \u00a0 \u00a0yap\u0131lacak ba\u015fvurularda aranan genel ve \u00f6zel \u015fartlar a\u015fa\u011f\u0131da belirtilmi\u015ftir.<\/p>\n<p><strong>1. BA\u015eVURU GENEL \u015eARTLARI:<\/strong><br \/>\n\u0130lan edilen bo\u015f zab\u0131ta memuru kadrolar\u0131na atanmak i\u00e7in ba\u015fvuracak adaylar\u0131n, 657 say\u0131l\u0131 Devlet \u00a0Memurlar\u0131 \u00a0Kanununun \u00a040 \u00a0\u0131nc\u0131 \u00a0maddesi \u00a0ile \u00a048 \u00a0inci \u00a0maddesinin \u00a0birinci \u00a0f\u0131kras\u0131n\u0131n \u00a0(A) bendinde belirtilen a\u015fa\u011f\u0131daki \u015fartlara sahip olmalar\u0131 gerekmektedir;<br \/>\na) T\u00fcrk vatanda\u015f\u0131 olmak,<br \/>\nb) Kamu haklar\u0131ndan mahrum bulunmamak,<br \/>\nc) T\u00fcrk Ceza Kanununun 53 \u00fcnc\u00fc maddesinde belirtilen s\u00fcreler ge\u00e7mi\u015f olsa bile; kasten i\u015flenen bir su\u00e7tan dolay\u0131 bir y\u0131l veya daha fazla s\u00fcreyle hapis cezas\u0131na ya da affa u\u011fram\u0131\u015f olsa bile devletin g\u00fcvenli\u011fine kar\u015f\u0131 su\u00e7lar, Anayasal d\u00fczene ve bu d\u00fczenin i\u015fleyi\u015fine kar\u015f\u0131 su\u00e7lar, zimmet, irtik\u00e2p, \u00a0r\u00fc\u015fvet, \u00a0h\u0131rs\u0131zl\u0131k, \u00a0doland\u0131r\u0131c\u0131l\u0131k, \u00a0sahtecilik, \u00a0g\u00fcveni \u00a0k\u00f6t\u00fcye \u00a0kullanma, \u00a0hileli \u00a0iflas, \u00a0ihaleye fesat kar\u0131\u015ft\u0131rma, edimin ifas\u0131na fesat kar\u0131\u015ft\u0131rma, su\u00e7tan kaynaklanan malvarl\u0131\u011f\u0131 de\u011ferlerini aklama veya ka\u00e7ak\u00e7\u0131l\u0131k su\u00e7lar\u0131ndan mahk\u00fbm olmamak,<br \/>\nd) Erkek \u00a0adaylar \u00a0i\u00e7in \u00a0askerlik \u00a0durumu \u00a0itibariyle; \u00a0askerlikle \u00a0ilgisi \u00a0bulunmamak \u00a0veya askerlik \u00e7a\u011f\u0131na gelmemi\u015f bulunmak ya da askerlik \u00e7a\u011f\u0131na gelmi\u015f ise muvazzaf askerlik hizmetini yapm\u0131\u015f yahut ertelenmi\u015f veya yedek s\u0131n\u0131fa ge\u00e7irilmi\u015f olmak,<br \/>\ne) G\u00f6revini devaml\u0131 yapmas\u0131na engel olabilecek ak\u0131l hastal\u0131\u011f\u0131 bulunmamak,<br \/>\nf) \u0130lan edilen kadrolar i\u00e7in aranan di\u011fer ba\u015fvuru \u015fartlar\u0131n\u0131 ta\u015f\u0131mak.<\/p>\n<p><strong>2. BA\u015eVURU \u00d6ZEL \u015eARTLARI:<\/strong><br \/>\na) \u0130lan \u00a0edilen \u00a0\u00fcnvan \u00a0i\u00e7in \u00a0mezun \u00a0olunan \u00a0okul \u00a0itibar\u0131yla \u00f6\u011frenim \u015fartlar\u0131n\u0131 \u00a0ta\u015f\u0131mak \u00a0ve bu \u00f6\u011frenimle \u00a0ilgili \u00a0olarak \u00a02024 \u00a0y\u0131l\u0131 \u00a0Kamu \u00a0Personeli \u00a0Se\u00e7me \u00a0S\u0131nav\u0131ndan \u00a0(KPSS \u00a0(B) \u00a0grubu) \u00a0al\u0131m yap\u0131lacak kadrolar\u0131n kar\u015f\u0131s\u0131ndaki puan t\u00fcr\u00fcnden, belirtilen asgari KPSS puan\u0131n\u0131 alm\u0131\u015f olmak,<br \/>\nb) 657 \u00a0say\u0131l\u0131 \u00a0Devlet \u00a0Memurlar\u0131 \u00a0Kanununun 48 \u00a0inci \u00a0maddesinin \u00a0(A) \u00a0f\u0131kras\u0131nda belirtilen genel \u015fartlar\u0131n yan\u0131 s\u0131ra Belediye Zab\u0131ta Y\u00f6netmeli\u011finin 13\/A maddesinde yer alan \u00f6zel \u015fartlara g\u00f6re, \u00a0zab\u0131ta \u00a0memuru \u00a0kadrolar\u0131na \u00a0ba\u015fvuru \u00a0yap\u0131labilmesi \u00a0i\u00e7in; \u00a0tart\u0131lma \u00a0ve \u00a0\u00f6l\u00e7\u00fclme \u00a0a\u00e7 \u00a0karn\u0131na, soyunuk \u00a0ve \u00a0\u00e7\u0131plak \u00a0ayakla \u00a0olmak \u00a0kayd\u0131yla \u00a0erkeklerde \u00a0en \u00a0az \u00a01.67 \u00a0metre, \u00a0kad\u0131nlarda \u00a0en \u00a0az \u00a01.60 metre boyunda olmak ve boyun 1 metreden fazla olan k\u0131sm\u0131 ile kilosu aras\u0131nda (+,-) 10 kg\u2019dan fazla \u00a0fark \u00a0olmamak, \u00a0(Boy \u00a0ve \u00a0kilo \u00a0tespitleri \u00a0Belediyemizce \u00a0ba\u015fvuru \u00a0evraklar\u0131 \u00a0teslim \u00a0al\u0131nmadan \u00f6nce yap\u0131lacakt\u0131r)<br \/>\nc) S\u0131nav\u0131n yap\u0131ld\u0131\u011f\u0131 tarihte 30 ya\u015f\u0131n\u0131 doldurmam\u0131\u015f olmak,<br \/>\nd) 13\/10\/1983 tarihli ve 2918 say\u0131l\u0131 Karayollar\u0131 \u00a0Trafik Kanunu h\u00fck\u00fcmlerince verilen ve tablonun nitelik k\u0131sm\u0131nda belirtilen en az (B) s\u0131n\u0131f\u0131 s\u00fcr\u00fcc\u00fc belgesine sahip olmak.<\/p>\n<p><strong>3. BA\u015eVURU ESNASINDA ADAYLARDAN \u0130STEN\u0130LEN BELGELER:<\/strong><br \/>\nBa\u015fvuru s\u0131ras\u0131nda;<br \/>\nS\u0131nava \u00a0 \u00a0 \u00a0 girmek \u00a0 \u00a0 \u00a0 isteyen \u00a0 \u00a0 \u00a0 adaylar, \u00a0 \u00a0 \u00a0 Kurumumuzdan \u00a0 \u00a0 \u00a0 veya \u00a0 \u00a0 \u00a0 Belediyemizin\u00a0<strong><a href=\"http:\/\/www.karabaglar.bel.tr\/\" target=\"_blank\" rel=\"noopener\">www.karabaglar.bel.tr<\/a><\/strong>\u00a0adresi \u00fczerinden temin edecekleri ba\u015fvuru formunu doldurup, imzalayarak ba\u015fvuru formuna a\u015fa\u011f\u0131daki belgeleri ekleyeceklerdir.<br \/>\na) N\u00fcfus c\u00fczdan\u0131 \u00a0veya \u00a0kimlik \u00a0kart\u0131n\u0131n \u00a0fotokopisi, \u00a0(Asl\u0131 \u00a0ibraz edilmek \u00a0kayd\u0131yla \u00a0suretleri<br \/>\nBelediyemizce tasdik edilebilir)<br \/>\nb) Diploma \u00a0veya \u00a0mezuniyet \u00a0belgesinin \u00a0asl\u0131 \u00a0veya \u00a0noter \u00a0onayl\u0131 \u00a0\u00f6rne\u011fi \u00a0veya \u00a0e-Devlet \u00fczerinden \u00a0 al\u0131nan \u00a0 kare \u00a0 kodlu \u00a0 mezuniyet \u00a0 belgesi, \u00a0 (Asl\u0131 \u00a0 ibraz \u00a0 edilmek \u00a0 kayd\u0131yla \u00a0 suretleri Belediyemizce tasdik edilebilir)<br \/>\nc) Yabanc\u0131 \u00a0okul \u00a0mezunlar\u0131 \u00a0i\u00e7in \u00a0denklik \u00a0belgesinin \u00a0asl\u0131 \u00a0veya \u00a0noter \u00a0onayl\u0131 \u00a0\u00f6rne\u011fi, \u00a0(Asl\u0131<br \/>\nibraz edilmek kayd\u0131yla suretleri Belediyemizce tasdik edilebilir)<br \/>\nd) KPSS \u00a0sonu\u00e7 \u00a0belgesinin \u00a0\u00d6SYM \u00a0web \u00a0sitesinden \u00a0al\u0131nan \u00a0do\u011frulama \u00a0kodlu \u00a0bilgisayar<br \/>\n\u00e7\u0131kt\u0131s\u0131,<br \/>\ne) S\u00fcr\u00fcc\u00fc \u00a0belgesinin \u00a0fotokopisi \u00a0veya \u00a0noter \u00a0onayl\u0131 \u00a0\u00f6rne\u011fi, \u00a0(Asl\u0131 \u00a0ibraz \u00a0edilmek \u00a0kayd\u0131yla<br \/>\nsuretleri Belediyemizce tasdik edilebilir).<br \/>\nf) Son alt\u0131 ay i\u00e7erisinde \u00e7ekilmi\u015f 3 adet foto\u011fraf, (1 adedi forma yap\u0131\u015ft\u0131r\u0131lacakt\u0131r)<\/p>\n<p><strong>4. BA\u015eVURU YER\u0130, TAR\u0130H\u0130, \u015eEKL\u0130 VE S\u00dcRES\u0130:<\/strong><br \/>\nAdaylar, s\u00f6zl\u00fc ve uygulamal\u0131 s\u0131nava kat\u0131labilmek i\u00e7in;<br \/>\na) Yukar\u0131da \u00a0say\u0131lan \u00a0ba\u015fvuru \u00a0belgelerini \u00a027\/04\/2026-30\/04\/2026 \u00a0tarihleri \u00a0aras\u0131nda \u00a0mesai saatleri \u00a0i\u00e7erisinde \u00a0(mesai \u00a0g\u00fcnlerinde \u00a0saat \u00a008:30-17:30 \u00a0aras\u0131nda) \u00a0Cenneto\u011flu \u00a0Mahallesi \u00a0Ye\u015fillik Caddesi \u00a0No:232 \u00a0Karaba\u011flar\/\u0130ZM\u0130R \u00a0adresinde \u00a0bulunan \u00a0Karaba\u011flar \u00a0Belediye \u00a0Ba\u015fkanl\u0131\u011f\u0131 \u00a0\u0130nsan Kaynaklar\u0131 ve E\u011fitim M\u00fcd\u00fcrl\u00fc\u011f\u00fcne teslim etmeleri gerekmektedir.<br \/>\nb) Ba\u015fvurular \u015fahsen yap\u0131lacakt\u0131r. Posta ile veya di\u011fer \u015fekillerde yap\u0131lan ba\u015fvurular kabul<br \/>\nedilmeyecektir.<br \/>\nc) Eksik \u00a0bilgi \u00a0ve \u00a0belgelerle \u00a0ya \u00a0da \u00a0nitelikleri \u00a0uygun \u00a0olmad\u0131\u011f\u0131 \u00a0halde \u00a0yap\u0131lan \u00a0ba\u015fvurular de\u011ferlendirmeye al\u0131nmayacakt\u0131r.<\/p>\n<p><strong>5. \u00a0BA\u015eVURULARIN \u00a0DE\u011eERLEND\u0130R\u0130LMES\u0130- \u00a0BA\u015eVURUSU \u00a0KABUL \u00a0ED\u0130LENLER\u0130N\u00a0\u0130LANI:<\/strong><br \/>\na) T.C. Kimlik numaras\u0131 ile \u00d6SYM kay\u0131tlar\u0131n\u0131n uyumunu kontrol etmek suretiyle adaylar<br \/>\nKPSS puanlar\u0131na g\u00f6re s\u0131ralanarak, en y\u00fcksek puanl\u0131 adaydan ba\u015flamak \u00fczere atama yap\u0131lacak her<br \/>\nbir \u00fcnvan i\u00e7in bo\u015f kadro say\u0131s\u0131n\u0131n be\u015f kat\u0131 oran\u0131nda aday s\u00f6zl\u00fc ve uygulamal\u0131 s\u0131nava \u00e7a\u011fr\u0131lacakt\u0131r.<br \/>\nb) S\u0131nava \u00a0\u00e7a\u011fr\u0131lacak \u00a0son \u00a0s\u0131radaki \u00a0adayla \u00a0ayn\u0131 \u00a0puana \u00a0sahip \u00a0olan \u00a0di\u011fer \u00a0adaylar \u00a0da \u00a0s\u0131nava \u00e7a\u011fr\u0131lacakt\u0131r.<br \/>\nc) S\u0131nava \u00a0 girmeye \u00a0 hak \u00a0 kazanan \u00a0 adaylar \u00a0 KPSS \u00a0 puanlar\u0131 \u00a0 ile \u00a0 s\u0131nav \u00a0 yeri \u00a0 ve \u00a0 zaman\u0131 ba\u015fvurular\u0131n \u00a0de\u011ferlendirilmesine \u00a0 m\u00fcteakip \u00a008\/05\/2026 \u00a0tarihinde \u00a0Belediyemizin \u00a0web \u00a0sayfas\u0131\u00a0<strong><a href=\"http:\/\/www.karabaglar.bel.tr\/\" target=\"_blank\" rel=\"noopener\">www.karabaglar.bel.tr<\/a><\/strong>\u00a0adresinde ilan edilecektir.<br \/>\nd) S\u0131nava \u00a0 \u00a0 kat\u0131lma \u00a0 \u00a0 hakk\u0131 \u00a0 \u00a0 elde \u00a0 \u00a0 edemeyen \u00a0 \u00a0 adaylara \u00a0 \u00a0 herhangi \u00a0 \u00a0 bir \u00a0 \u00a0 bildirimde bulunulmayacakt\u0131r.<br \/>\ne) Ba\u015fvurular\u0131 \u00a0 kabul \u00a0 edilip \u00a0 s\u0131nava \u00a0 \u00e7a\u011fr\u0131lan \u00a0 adaylara \u00a0 Belediyemizce \u00a0 d\u00fczenlenen \u00a0 ve adaylar\u0131n \u00a0 kimlik \u00a0 bilgileri \u00a0 ile \u00a0 s\u0131nav \u00a0 yeri \u00a0 ve \u00a0 tarihinin \u00a0 bulundu\u011fu \u00a0 \u201cS\u0131nav \u00a0 Giri\u015f \u00a0 Belgesi\u201d g\u00f6nderilecektir. Bu belge s\u0131nava giri\u015fte ibraz edilecektir.<br \/>\nf) S\u0131nava \u00a0 giri\u015f \u00a0 belgeleri \u00a0 s\u0131nava \u00a0 girmeye \u00a0 hak \u00a0 kazanan \u00a0 adaylara, \u00a0 adaylar\u0131n \u00a0 ba\u015fvuru formunun \u00a0 ileti\u015fim \u00a0 bilgileri \u00a0 b\u00f6l\u00fcm\u00fcnde \u00a0 belirtilmi\u015f \u00a0 oldu\u011fu \u00a0 adrese \u00a0 g\u00f6nderilecektir. \u00a0 Ba\u015fvuru formunda belirtilmi\u015f olan adres tebligat adresi olarak kabul edilecek olup, hatal\u0131 adres bildirimleri ba\u015fvuran\u0131n sorumlulu\u011fundad\u0131r.<br \/>\ng) Hatal\u0131 \u00a0 adres \u00a0 bildirimi \u00a0 sebebiyle \u00a0 postada \u00a0 olu\u015fabilecek \u00a0 gecikmeler \u00a0 veya \u00a0 postan\u0131n<br \/>\nula\u015fmamas\u0131ndan Belediyemiz sorumlu tutulamayacakt\u0131r.<\/p>\n<p><strong>6. SINAVIN YER\u0130, ZAMANI VE KONULARI:<\/strong><br \/>\nZab\u0131ta memuru al\u0131m\u0131 i\u00e7in s\u00f6zl\u00fc ve uygulamal\u0131 s\u0131nav yap\u0131lacak olup;<br \/>\nS\u00f6zl\u00fc \u00a0s\u0131nav \u00a018\/05\/2026-22\/05\/2026 \u00a0tarihleri \u00a0aras\u0131nda \u00a0saat \u00a009:30\u2019da \u00a0ba\u015flamak \u00a0\u00fczere Cenneto\u011flu \u00a0 Mahallesi \u00a0 Ye\u015fillik \u00a0 Caddesi \u00a0 No:232 \u00a0 Karaba\u011flar\/\u0130ZM\u0130R \u00a0 adresindeki \u00a0 Karaba\u011flar Belediyesi Ana Hizmet Binas\u0131nda yap\u0131lacakt\u0131r.<br \/>\nUygulama \u00a0s\u0131nav\u0131 \u00a0ise \u00a001\/06\/2026-05\/06\/2026 \u00a0tarihleri \u00a0aras\u0131nda \u00a0saat \u00a009:30\u2019da \u00a0ba\u015flamak \u00fczere \u00a0Vatan \u00a0Mahallesi \u00a09151 \u00a0Sokak \u00a0No:2 \u00a0Karaba\u011flar\/\u0130ZM\u0130R \u00a0adresinde \u00a0bulunan \u00a0\u0130hsan \u00a0Alyanak Spor Salonunda yap\u0131lacakt\u0131r.<br \/>\nS\u00f6zl\u00fc \u00a0 ile \u00a0 uygulamal\u0131 \u00a0 s\u0131nav \u00a0 ayn\u0131 \u00a0 g\u00fcn \u00a0 i\u00e7erisinde \u00a0 bitirilemez \u00a0 ise \u00a0 ertesi \u00a0 g\u00fcn \u00a0 devam<br \/>\nedilecektir.<br \/>\nS\u0131nava girmeye hak kazand\u0131\u011f\u0131 halde, ilan edilen s\u0131nav tarihinde s\u0131nava kat\u0131lmayan ve\/veya mazeretine binaen kat\u0131lamayan adaylar s\u0131nav hakk\u0131n\u0131 kaybetmi\u015f say\u0131lacakt\u0131r.<br \/>\nS\u0131nav Konular\u0131:<br \/>\nS\u00f6zl\u00fc S\u0131nav;<br \/>\na) T\u00fcrkiye Cumhuriyeti Anayasas\u0131,<br \/>\nb) Atat\u00fcrk \u0130lkeleri ve \u0130nk\u0131l\u00e2p Tarihi,<br \/>\nc) 657 say\u0131l\u0131 Devlet Memurlar\u0131 Kanunu,<br \/>\nd) Mahalli idarelerle ilgili temel mevzuat konular\u0131n\u0131 kapsar.<br \/>\nUygulamal\u0131 S\u0131nav: Kadro \u00fcnvan\u0131na ili\u015fkin mesleki bilgi ve yetene\u011fin \u00f6l\u00e7\u00fclmesi ile sportif dayan\u0131kl\u0131l\u0131k gibi \u00f6zelliklerin \u00f6l\u00e7\u00fclmesini kapsayacak \u015fekilde yap\u0131lacakt\u0131r.<\/p>\n<p><strong>7. SINAVIN DE\u011eERLEND\u0130R\u0130LMES\u0130 VE SINAV SONU\u00c7LARINA \u0130T\u0130RAZ:<\/strong><br \/>\na) S\u00f6zl\u00fc \u00a0s\u0131nav; \u00a0T\u00fcrkiye \u00a0Cumhuriyeti \u00a0Anayasas\u0131, \u00a0Atat\u00fcrk \u00a0\u0130lkeleri \u00a0ve \u00a0\u0130nk\u0131l\u00e2p \u00a0Tarihi, \u00a0657 say\u0131l\u0131 Devlet Memurlar\u0131 Kanunu, mahalli idareler ile ilgili temel mevzuat konular\u0131nda 25\u2019er puan olmak \u00fczere toplamda 100 puan \u00fczerinden yap\u0131l\u0131r ve s\u0131nav kurulu \u00fcyelerince verilen puanlar ayr\u0131 ayr\u0131 tutana\u011fa ge\u00e7irilir.<br \/>\nb) Uygulamal\u0131 s\u0131nav; 100 tam puan \u00fczerinden yap\u0131l\u0131r ve s\u0131nav kurulu \u00fcyelerince verilen puanlar ayr\u0131 ayr\u0131 tutana\u011fa ge\u00e7irilir.<br \/>\nc) S\u0131navda de\u011ferlendirme; s\u00f6zl\u00fc s\u0131nav\u0131n %50\u2019si, uygulamal\u0131 s\u0131nav\u0131n %50\u2019si al\u0131narak s\u0131nav puan\u0131 hesaplan\u0131r ve s\u0131nav kurulu \u00fcyelerince verilen puanlar ayr\u0131 ayr\u0131 tutana\u011fa ge\u00e7irilir. S\u0131navda ba\u015far\u0131l\u0131 say\u0131lmak i\u00e7in her iki s\u0131nav\u0131n ortalamas\u0131n\u0131n en az 60 puan olmas\u0131 \u015fartt\u0131r.<br \/>\nd) Adaylar\u0131n atamaya esas ba\u015far\u0131 puan\u0131, bu maddenin (c) bendine hesaplanan s\u0131nav puan\u0131 ile KPSS puan\u0131n\u0131n aritmetik ortalamas\u0131 al\u0131nmak suretiyle belirlenecek ve Belediyemizin internet adresinde ilan edilecektir.<br \/>\ne) Adaylar\u0131n \u00a0atanmaya \u00a0esas \u00a0ba\u015far\u0131 \u00a0puanlar\u0131n\u0131n \u00a0ayn\u0131 \u00a0olmas\u0131 \u00a0halinde \u00a0KPSS \u00a0puan\u0131 \u00a0y\u00fcksek olana \u00f6ncelik tan\u0131n\u0131r.<br \/>\nf) En \u00a0y\u00fcksek \u00a0ba\u015far\u0131 \u00a0puan\u0131ndan \u00a0ba\u015flamak \u00a0\u00fczere \u00a0atama \u00a0yap\u0131lacak \u00a0kadro \u00a0say\u0131s\u0131 \u00a0kadar \u00a0as\u0131l aday \u00a0ve \u00a0as\u0131l \u00a0aday \u00a0say\u0131s\u0131 \u00a0kadar \u00a0da \u00a0yedek \u00a0aday \u00a0belirlenecektir. \u00a0As\u0131l \u00a0ve \u00a0yedek \u00a0aday \u00a0listeleri Belediyemizin \u00a0internet \u00a0adresinde \u00a0ilan \u00a0edilecek \u00a0ve \u00a0listede \u00a0yer \u00a0alanlara \u00a0ayr\u0131ca \u00a0yaz\u0131l\u0131 \u00a0tebligat yap\u0131lacakt\u0131r.<br \/>\ng) S\u0131nav \u00a0Kurulu; \u00a0s\u0131nav \u00a0sonunda \u00a0personel \u00a0al\u0131m\u0131 \u00a0i\u00e7in \u00a0ilana \u00a0\u00e7\u0131kt\u0131\u011f\u0131 \u00a0kadrolardan, \u00a0ba\u015far\u0131 puanlar\u0131n\u0131 d\u00fc\u015f\u00fck buldu\u011fu veya yeterli bulmad\u0131\u011f\u0131 takdirde s\u0131nav duyurusunda ilan edilenlerin bir k\u0131sm\u0131n\u0131 ya da hi\u00e7birini al\u0131p almama hakk\u0131na sahiptir.<br \/>\nh) Ba\u015fvuru \u00a0ve \u00a0i\u015flemler \u00a0s\u0131ras\u0131nda \u00a0ger\u00e7e\u011fe \u00a0ayk\u0131r\u0131 \u00a0beyanda \u00a0bulundu\u011fu \u00a0veya \u00a0herhangi \u00a0bir \u015fekilde \u00a0ger\u00e7e\u011fi \u00a0 saklad\u0131\u011f\u0131 \u00a0 tespit \u00a0 edilenlerin \u00a0 s\u0131navlar\u0131 \u00a0 ge\u00e7ersiz \u00a0 say\u0131l\u0131r \u00a0 ve \u00a0bunlar\u0131n \u00a0 atamalar\u0131 yap\u0131lmaz. Bu gibi durumlar\u0131 tespit edilenlerin atamalar\u0131 yap\u0131lm\u0131\u015f olsa dahi atamalar\u0131 iptal edilir. Bu ki\u015filer hi\u00e7bir hak talep edemezler ve haklar\u0131nda Cumhuriyet Ba\u015fsavc\u0131l\u0131\u011f\u0131na su\u00e7 duyurusunda bulunulacakt\u0131r.<br \/>\ni) S\u0131nav \u00a0 \u00a0 \u00a0sonu\u00e7lar\u0131na, \u00a0 \u00a0 \u00a0ba\u015far\u0131 \u00a0 \u00a0 \u00a0listesinin \u00a0 \u00a0 \u00a0Belediyemizin \u00a0 \u00a0 \u00a0internet \u00a0 \u00a0 \u00a0adresinde (<strong><a href=\"http:\/\/www.karabaglar.bel.tr\/\" target=\"_blank\" rel=\"noopener\">www.karabaglar.bel.tr<\/a><\/strong>) ilan\u0131ndan itibaren yedi g\u00fcn i\u00e7inde yaz\u0131l\u0131 olarak itiraz edilebilir. \u0130tirazlar, s\u0131nav kurulu taraf\u0131ndan yedi g\u00fcn i\u00e7erisinde sonu\u00e7land\u0131r\u0131l\u0131r ve ilgiliye yaz\u0131l\u0131 olarak bilgi verilir.<br \/>\n\u0130lan Olunur.<\/p>\n","protected":false},"excerpt":{"rendered":"<p>\u0130LK DEFA ATANMAK \u00dcZERE ZABITA MEMURU ALIM \u0130LANI \u0130zmir \u00a0ili \u00a0Karaba\u011flar \u00a0Belediye \u00a0Ba\u015fkanl\u0131\u011f\u0131 \u00a0b\u00fcnyesinde, \u00a0657 \u00a0say\u0131l\u0131 \u00a0Devlet \u00a0Memurlar\u0131 Kanununa \u00a0tabi \u00a0olarak \u00a0istihdam \u00a0edilmek \u00a0\u00fczere; \u00a0Belediye \u00a0Zab\u0131ta \u00a0Y\u00f6netmeli\u011fi \u00a0h\u00fck\u00fcmlerine \u00a0g\u00f6re a\u015fa\u011f\u0131da \u00a0\u00fcnvan\u0131, \u00a0s\u0131n\u0131f\u0131, \u00a0derecesi, \u00a0adedi, \u00a0nitelikleri, \u00a0KPSS \u00a0puan \u00a0t\u00fcr\u00fc, \u00a0KPSS \u00a0taban \u00a0puan\u0131 \u00a0ve \u00a0di\u011fer \u015fartlar\u0131 \u00a0ta\u015f\u0131mak \u00a0kayd\u0131yla \u00a0belirtilen \u00a0bo\u015f \u00a0kadrolara \u00a0a\u00e7\u0131ktan \u00a0atama \u00a0yoluyla \u00a0zab\u0131ta \u00a0memuru \u00a0al\u0131m\u0131 [&hellip;]<\/p>\n","protected":false},"author":1,"featured_media":18739,"comment_status":"open","ping_status":"open","sticky":false,"template":"","format":"standard","meta":{"footnotes":""},"categories":[55],"tags":[114,2521],"class_list":["post-18738","post","type-post","status-publish","format-standard","has-post-thumbnail","hentry","category-is-ilanlari","tag-is-ilani","tag-zabita"],"yoast_head":"<!-- This site is optimized with the Yoast SEO plugin v27.4 - https:\/\/yoast.com\/product\/yoast-seo-wordpress\/ -->\n<title>\u0130zmir\u00a0\u0130li\u00a0Karaba\u011flar\u00a0Belediye\u00a0Ba\u015fkanl\u0131\u011f\u0131ndan - Memurun Sesi<\/title>\n<meta name=\"description\" content=\"\u0130zmir \u00a0ili \u00a0Karaba\u011flar \u00a0Belediye \u00a0Ba\u015fkanl\u0131\u011f\u0131 \u00a0b\u00fcnyesinde, \u00a0657 \u00a0say\u0131l\u0131 \u00a0Devlet \u00a0Memurlar\u0131 Kanununa \u00a0tabi \u00a0olarak \u00a0istihdam \u00a0edilmek \u00a0\u00fczere; \u00a0Belediye \u00a0Zab\u0131ta \u00a0Y\u00f6netmeli\u011fi \u00a0h\u00fck\u00fcmlerine \u00a0g\u00f6re a\u015fa\u011f\u0131da \u00a0\u00fcnvan\u0131, \u00a0s\u0131n\u0131f\u0131, \u00a0derecesi, \u00a0adedi, \u00a0nitelikleri, \u00a0KPSS \u00a0puan \u00a0t\u00fcr\u00fc, \u00a0KPSS \u00a0taban \u00a0puan\u0131 \u00a0ve \u00a0di\u011fer \u015fartlar\u0131 \u00a0ta\u015f\u0131mak \u00a0kayd\u0131yla \u00a0belirtilen \u00a0bo\u015f \u00a0kadrolara \u00a0a\u00e7\u0131ktan \u00a0atama \u00a0yoluyla \u00a0zab\u0131ta \u00a0memuru \u00a0al\u0131m\u0131 yap\u0131lacakt\u0131r.\" \/>\n<meta name=\"robots\" content=\"index, follow, max-snippet:-1, max-image-preview:large, max-video-preview:-1\" \/>\n<link rel=\"canonical\" href=\"https:\/\/memurunsesi.net\/index.php\/2026\/03\/29\/izmir-ili-karabaglar-belediye-baskanligindan\/\" \/>\n<meta property=\"og:locale\" content=\"tr_TR\" \/>\n<meta property=\"og:type\" content=\"article\" \/>\n<meta property=\"og:title\" content=\"\u0130zmir\u00a0\u0130li\u00a0Karaba\u011flar\u00a0Belediye\u00a0Ba\u015fkanl\u0131\u011f\u0131ndan - Memurun Sesi\" \/>\n<meta property=\"og:description\" content=\"\u0130zmir \u00a0ili \u00a0Karaba\u011flar \u00a0Belediye \u00a0Ba\u015fkanl\u0131\u011f\u0131 \u00a0b\u00fcnyesinde, \u00a0657 \u00a0say\u0131l\u0131 \u00a0Devlet \u00a0Memurlar\u0131 Kanununa \u00a0tabi \u00a0olarak \u00a0istihdam \u00a0edilmek \u00a0\u00fczere; \u00a0Belediye \u00a0Zab\u0131ta \u00a0Y\u00f6netmeli\u011fi \u00a0h\u00fck\u00fcmlerine \u00a0g\u00f6re a\u015fa\u011f\u0131da \u00a0\u00fcnvan\u0131, \u00a0s\u0131n\u0131f\u0131, \u00a0derecesi, \u00a0adedi, \u00a0nitelikleri, \u00a0KPSS \u00a0puan \u00a0t\u00fcr\u00fc, \u00a0KPSS \u00a0taban \u00a0puan\u0131 \u00a0ve \u00a0di\u011fer \u015fartlar\u0131 \u00a0ta\u015f\u0131mak \u00a0kayd\u0131yla \u00a0belirtilen \u00a0bo\u015f \u00a0kadrolara \u00a0a\u00e7\u0131ktan \u00a0atama \u00a0yoluyla \u00a0zab\u0131ta \u00a0memuru \u00a0al\u0131m\u0131 yap\u0131lacakt\u0131r.\" \/>\n<meta property=\"og:url\" content=\"https:\/\/memurunsesi.net\/index.php\/2026\/03\/29\/izmir-ili-karabaglar-belediye-baskanligindan\/\" \/>\n<meta property=\"og:site_name\" content=\"Memurun Sesi\" \/>\n<meta property=\"article:publisher\" content=\"https:\/\/www.facebook.com\/unipersen\/?locale=tr_TR\" \/>\n<meta property=\"article:published_time\" content=\"2026-03-29T10:59:58+00:00\" \/>\n<meta property=\"og:image\" content=\"https:\/\/memurunsesi.net\/wp-content\/uploads\/2026\/03\/karabaglar.webp\" \/>\n\t<meta property=\"og:image:width\" content=\"203\" \/>\n\t<meta property=\"og:image:height\" content=\"203\" \/>\n\t<meta property=\"og:image:type\" content=\"image\/webp\" \/>\n<meta name=\"author\" content=\"Memurun Sesi Haber Merkezi\" \/>\n<meta name=\"twitter:card\" content=\"summary_large_image\" \/>\n<meta name=\"twitter:creator\" content=\"@unipersen\" \/>\n<meta name=\"twitter:site\" content=\"@unipersen\" \/>\n<meta name=\"twitter:label1\" content=\"Yazan:\" \/>\n\t<meta name=\"twitter:data1\" content=\"Memurun Sesi Haber Merkezi\" \/>\n\t<meta name=\"twitter:label2\" content=\"Tahmini okuma s\u00fcresi\" \/>\n\t<meta name=\"twitter:data2\" content=\"8 dakika\" \/>\n<script type=\"application\/ld+json\" class=\"yoast-schema-graph\">{\"@context\":\"https:\\\/\\\/schema.org\",\"@graph\":[{\"@type\":\"Article\",\"@id\":\"https:\\\/\\\/memurunsesi.net\\\/index.php\\\/2026\\\/03\\\/29\\\/izmir-ili-karabaglar-belediye-baskanligindan\\\/#article\",\"isPartOf\":{\"@id\":\"https:\\\/\\\/memurunsesi.net\\\/index.php\\\/2026\\\/03\\\/29\\\/izmir-ili-karabaglar-belediye-baskanligindan\\\/\"},\"author\":{\"name\":\"Memurun Sesi Haber Merkezi\",\"@id\":\"https:\\\/\\\/memurunsesi.net\\\/#\\\/schema\\\/person\\\/f21c2d73b89f6ee1d80b0a1803e38587\"},\"headline\":\"\u0130zmir\u00a0\u0130li\u00a0Karaba\u011flar\u00a0Belediye\u00a0Ba\u015fkanl\u0131\u011f\u0131ndan\",\"datePublished\":\"2026-03-29T10:59:58+00:00\",\"mainEntityOfPage\":{\"@id\":\"https:\\\/\\\/memurunsesi.net\\\/index.php\\\/2026\\\/03\\\/29\\\/izmir-ili-karabaglar-belediye-baskanligindan\\\/\"},\"wordCount\":1788,\"commentCount\":0,\"publisher\":{\"@id\":\"https:\\\/\\\/memurunsesi.net\\\/#organization\"},\"image\":{\"@id\":\"https:\\\/\\\/memurunsesi.net\\\/index.php\\\/2026\\\/03\\\/29\\\/izmir-ili-karabaglar-belediye-baskanligindan\\\/#primaryimage\"},\"thumbnailUrl\":\"https:\\\/\\\/memurunsesi.net\\\/wp-content\\\/uploads\\\/2026\\\/03\\\/karabaglar.webp\",\"keywords\":[\"i\u015f ilan\u0131\",\"zab\u0131ta\"],\"articleSection\":[\"\u0130\u015f \u0130lanlar\u0131\"],\"inLanguage\":\"tr\",\"potentialAction\":[{\"@type\":\"CommentAction\",\"name\":\"Comment\",\"target\":[\"https:\\\/\\\/memurunsesi.net\\\/index.php\\\/2026\\\/03\\\/29\\\/izmir-ili-karabaglar-belediye-baskanligindan\\\/#respond\"]}]},{\"@type\":\"WebPage\",\"@id\":\"https:\\\/\\\/memurunsesi.net\\\/index.php\\\/2026\\\/03\\\/29\\\/izmir-ili-karabaglar-belediye-baskanligindan\\\/\",\"url\":\"https:\\\/\\\/memurunsesi.net\\\/index.php\\\/2026\\\/03\\\/29\\\/izmir-ili-karabaglar-belediye-baskanligindan\\\/\",\"name\":\"\u0130zmir\u00a0\u0130li\u00a0Karaba\u011flar\u00a0Belediye\u00a0Ba\u015fkanl\u0131\u011f\u0131ndan - Memurun Sesi\",\"isPartOf\":{\"@id\":\"https:\\\/\\\/memurunsesi.net\\\/#website\"},\"primaryImageOfPage\":{\"@id\":\"https:\\\/\\\/memurunsesi.net\\\/index.php\\\/2026\\\/03\\\/29\\\/izmir-ili-karabaglar-belediye-baskanligindan\\\/#primaryimage\"},\"image\":{\"@id\":\"https:\\\/\\\/memurunsesi.net\\\/index.php\\\/2026\\\/03\\\/29\\\/izmir-ili-karabaglar-belediye-baskanligindan\\\/#primaryimage\"},\"thumbnailUrl\":\"https:\\\/\\\/memurunsesi.net\\\/wp-content\\\/uploads\\\/2026\\\/03\\\/karabaglar.webp\",\"datePublished\":\"2026-03-29T10:59:58+00:00\",\"description\":\"\u0130zmir \u00a0ili \u00a0Karaba\u011flar \u00a0Belediye \u00a0Ba\u015fkanl\u0131\u011f\u0131 \u00a0b\u00fcnyesinde, \u00a0657 \u00a0say\u0131l\u0131 \u00a0Devlet \u00a0Memurlar\u0131 Kanununa \u00a0tabi \u00a0olarak \u00a0istihdam \u00a0edilmek \u00a0\u00fczere; \u00a0Belediye \u00a0Zab\u0131ta \u00a0Y\u00f6netmeli\u011fi \u00a0h\u00fck\u00fcmlerine \u00a0g\u00f6re a\u015fa\u011f\u0131da \u00a0\u00fcnvan\u0131, \u00a0s\u0131n\u0131f\u0131, \u00a0derecesi, \u00a0adedi, \u00a0nitelikleri, \u00a0KPSS \u00a0puan \u00a0t\u00fcr\u00fc, \u00a0KPSS \u00a0taban \u00a0puan\u0131 \u00a0ve \u00a0di\u011fer \u015fartlar\u0131 \u00a0ta\u015f\u0131mak \u00a0kayd\u0131yla \u00a0belirtilen \u00a0bo\u015f \u00a0kadrolara \u00a0a\u00e7\u0131ktan \u00a0atama \u00a0yoluyla \u00a0zab\u0131ta \u00a0memuru \u00a0al\u0131m\u0131 yap\u0131lacakt\u0131r.\",\"breadcrumb\":{\"@id\":\"https:\\\/\\\/memurunsesi.net\\\/index.php\\\/2026\\\/03\\\/29\\\/izmir-ili-karabaglar-belediye-baskanligindan\\\/#breadcrumb\"},\"inLanguage\":\"tr\",\"potentialAction\":[{\"@type\":\"ReadAction\",\"target\":[\"https:\\\/\\\/memurunsesi.net\\\/index.php\\\/2026\\\/03\\\/29\\\/izmir-ili-karabaglar-belediye-baskanligindan\\\/\"]}]},{\"@type\":\"ImageObject\",\"inLanguage\":\"tr\",\"@id\":\"https:\\\/\\\/memurunsesi.net\\\/index.php\\\/2026\\\/03\\\/29\\\/izmir-ili-karabaglar-belediye-baskanligindan\\\/#primaryimage\",\"url\":\"https:\\\/\\\/memurunsesi.net\\\/wp-content\\\/uploads\\\/2026\\\/03\\\/karabaglar.webp\",\"contentUrl\":\"https:\\\/\\\/memurunsesi.net\\\/wp-content\\\/uploads\\\/2026\\\/03\\\/karabaglar.webp\",\"width\":203,\"height\":203},{\"@type\":\"BreadcrumbList\",\"@id\":\"https:\\\/\\\/memurunsesi.net\\\/index.php\\\/2026\\\/03\\\/29\\\/izmir-ili-karabaglar-belediye-baskanligindan\\\/#breadcrumb\",\"itemListElement\":[{\"@type\":\"ListItem\",\"position\":1,\"name\":\"Anasayfa\",\"item\":\"https:\\\/\\\/memurunsesi.net\\\/\"},{\"@type\":\"ListItem\",\"position\":2,\"name\":\"\u0130zmir\u00a0\u0130li\u00a0Karaba\u011flar\u00a0Belediye\u00a0Ba\u015fkanl\u0131\u011f\u0131ndan\"}]},{\"@type\":\"WebSite\",\"@id\":\"https:\\\/\\\/memurunsesi.net\\\/#website\",\"url\":\"https:\\\/\\\/memurunsesi.net\\\/\",\"name\":\"Memurun Sesi\",\"description\":\"G\u00fcncel ve Do\u011fru Haber\",\"publisher\":{\"@id\":\"https:\\\/\\\/memurunsesi.net\\\/#organization\"},\"potentialAction\":[{\"@type\":\"SearchAction\",\"target\":{\"@type\":\"EntryPoint\",\"urlTemplate\":\"https:\\\/\\\/memurunsesi.net\\\/?s={search_term_string}\"},\"query-input\":{\"@type\":\"PropertyValueSpecification\",\"valueRequired\":true,\"valueName\":\"search_term_string\"}}],\"inLanguage\":\"tr\"},{\"@type\":\"Organization\",\"@id\":\"https:\\\/\\\/memurunsesi.net\\\/#organization\",\"name\":\"Memurun Sesi\",\"url\":\"https:\\\/\\\/memurunsesi.net\\\/\",\"logo\":{\"@type\":\"ImageObject\",\"inLanguage\":\"tr\",\"@id\":\"https:\\\/\\\/memurunsesi.net\\\/#\\\/schema\\\/logo\\\/image\\\/\",\"url\":\"https:\\\/\\\/memurunsesi.net\\\/wp-content\\\/uploads\\\/2025\\\/11\\\/cropped-MEMURUN-SESI.png\",\"contentUrl\":\"https:\\\/\\\/memurunsesi.net\\\/wp-content\\\/uploads\\\/2025\\\/11\\\/cropped-MEMURUN-SESI.png\",\"width\":238,\"height\":57,\"caption\":\"Memurun Sesi\"},\"image\":{\"@id\":\"https:\\\/\\\/memurunsesi.net\\\/#\\\/schema\\\/logo\\\/image\\\/\"},\"sameAs\":[\"https:\\\/\\\/www.facebook.com\\\/unipersen\\\/?locale=tr_TR\",\"https:\\\/\\\/x.com\\\/unipersen\"]},{\"@type\":\"Person\",\"@id\":\"https:\\\/\\\/memurunsesi.net\\\/#\\\/schema\\\/person\\\/f21c2d73b89f6ee1d80b0a1803e38587\",\"name\":\"Memurun Sesi Haber Merkezi\",\"image\":{\"@type\":\"ImageObject\",\"inLanguage\":\"tr\",\"@id\":\"https:\\\/\\\/secure.gravatar.com\\\/avatar\\\/6cf0505f452ee753f485014986fab09a434671d2b919ee76fc541025c5876a70?s=96&d=mm&r=g\",\"url\":\"https:\\\/\\\/secure.gravatar.com\\\/avatar\\\/6cf0505f452ee753f485014986fab09a434671d2b919ee76fc541025c5876a70?s=96&d=mm&r=g\",\"contentUrl\":\"https:\\\/\\\/secure.gravatar.com\\\/avatar\\\/6cf0505f452ee753f485014986fab09a434671d2b919ee76fc541025c5876a70?s=96&d=mm&r=g\",\"caption\":\"Memurun Sesi Haber Merkezi\"},\"sameAs\":[\"https:\\\/\\\/memurunsesi.net\"],\"url\":\"https:\\\/\\\/memurunsesi.net\\\/index.php\\\/author\\\/uniper\\\/\"}]}<\/script>\n<!-- \/ Yoast SEO plugin. -->","yoast_head_json":{"title":"\u0130zmir\u00a0\u0130li\u00a0Karaba\u011flar\u00a0Belediye\u00a0Ba\u015fkanl\u0131\u011f\u0131ndan - Memurun Sesi","description":"\u0130zmir \u00a0ili \u00a0Karaba\u011flar \u00a0Belediye \u00a0Ba\u015fkanl\u0131\u011f\u0131 \u00a0b\u00fcnyesinde, \u00a0657 \u00a0say\u0131l\u0131 \u00a0Devlet \u00a0Memurlar\u0131 Kanununa \u00a0tabi \u00a0olarak \u00a0istihdam \u00a0edilmek \u00a0\u00fczere; \u00a0Belediye \u00a0Zab\u0131ta \u00a0Y\u00f6netmeli\u011fi \u00a0h\u00fck\u00fcmlerine \u00a0g\u00f6re a\u015fa\u011f\u0131da \u00a0\u00fcnvan\u0131, \u00a0s\u0131n\u0131f\u0131, \u00a0derecesi, \u00a0adedi, \u00a0nitelikleri, \u00a0KPSS \u00a0puan \u00a0t\u00fcr\u00fc, \u00a0KPSS \u00a0taban \u00a0puan\u0131 \u00a0ve \u00a0di\u011fer \u015fartlar\u0131 \u00a0ta\u015f\u0131mak \u00a0kayd\u0131yla \u00a0belirtilen \u00a0bo\u015f \u00a0kadrolara \u00a0a\u00e7\u0131ktan \u00a0atama \u00a0yoluyla \u00a0zab\u0131ta \u00a0memuru \u00a0al\u0131m\u0131 yap\u0131lacakt\u0131r.","robots":{"index":"index","follow":"follow","max-snippet":"max-snippet:-1","max-image-preview":"max-image-preview:large","max-video-preview":"max-video-preview:-1"},"canonical":"https:\/\/memurunsesi.net\/index.php\/2026\/03\/29\/izmir-ili-karabaglar-belediye-baskanligindan\/","og_locale":"tr_TR","og_type":"article","og_title":"\u0130zmir\u00a0\u0130li\u00a0Karaba\u011flar\u00a0Belediye\u00a0Ba\u015fkanl\u0131\u011f\u0131ndan - Memurun Sesi","og_description":"\u0130zmir \u00a0ili \u00a0Karaba\u011flar \u00a0Belediye \u00a0Ba\u015fkanl\u0131\u011f\u0131 \u00a0b\u00fcnyesinde, \u00a0657 \u00a0say\u0131l\u0131 \u00a0Devlet \u00a0Memurlar\u0131 Kanununa \u00a0tabi \u00a0olarak \u00a0istihdam \u00a0edilmek \u00a0\u00fczere; \u00a0Belediye \u00a0Zab\u0131ta \u00a0Y\u00f6netmeli\u011fi \u00a0h\u00fck\u00fcmlerine \u00a0g\u00f6re a\u015fa\u011f\u0131da \u00a0\u00fcnvan\u0131, \u00a0s\u0131n\u0131f\u0131, \u00a0derecesi, \u00a0adedi, \u00a0nitelikleri, \u00a0KPSS \u00a0puan \u00a0t\u00fcr\u00fc, \u00a0KPSS \u00a0taban \u00a0puan\u0131 \u00a0ve \u00a0di\u011fer \u015fartlar\u0131 \u00a0ta\u015f\u0131mak \u00a0kayd\u0131yla \u00a0belirtilen \u00a0bo\u015f \u00a0kadrolara \u00a0a\u00e7\u0131ktan \u00a0atama \u00a0yoluyla \u00a0zab\u0131ta \u00a0memuru \u00a0al\u0131m\u0131 yap\u0131lacakt\u0131r.","og_url":"https:\/\/memurunsesi.net\/index.php\/2026\/03\/29\/izmir-ili-karabaglar-belediye-baskanligindan\/","og_site_name":"Memurun Sesi","article_publisher":"https:\/\/www.facebook.com\/unipersen\/?locale=tr_TR","article_published_time":"2026-03-29T10:59:58+00:00","og_image":[{"width":203,"height":203,"url":"https:\/\/memurunsesi.net\/wp-content\/uploads\/2026\/03\/karabaglar.webp","type":"image\/webp"}],"author":"Memurun Sesi Haber Merkezi","twitter_card":"summary_large_image","twitter_creator":"@unipersen","twitter_site":"@unipersen","twitter_misc":{"Yazan:":"Memurun Sesi Haber Merkezi","Tahmini okuma s\u00fcresi":"8 dakika"},"schema":{"@context":"https:\/\/schema.org","@graph":[{"@type":"Article","@id":"https:\/\/memurunsesi.net\/index.php\/2026\/03\/29\/izmir-ili-karabaglar-belediye-baskanligindan\/#article","isPartOf":{"@id":"https:\/\/memurunsesi.net\/index.php\/2026\/03\/29\/izmir-ili-karabaglar-belediye-baskanligindan\/"},"author":{"name":"Memurun Sesi Haber Merkezi","@id":"https:\/\/memurunsesi.net\/#\/schema\/person\/f21c2d73b89f6ee1d80b0a1803e38587"},"headline":"\u0130zmir\u00a0\u0130li\u00a0Karaba\u011flar\u00a0Belediye\u00a0Ba\u015fkanl\u0131\u011f\u0131ndan","datePublished":"2026-03-29T10:59:58+00:00","mainEntityOfPage":{"@id":"https:\/\/memurunsesi.net\/index.php\/2026\/03\/29\/izmir-ili-karabaglar-belediye-baskanligindan\/"},"wordCount":1788,"commentCount":0,"publisher":{"@id":"https:\/\/memurunsesi.net\/#organization"},"image":{"@id":"https:\/\/memurunsesi.net\/index.php\/2026\/03\/29\/izmir-ili-karabaglar-belediye-baskanligindan\/#primaryimage"},"thumbnailUrl":"https:\/\/memurunsesi.net\/wp-content\/uploads\/2026\/03\/karabaglar.webp","keywords":["i\u015f ilan\u0131","zab\u0131ta"],"articleSection":["\u0130\u015f \u0130lanlar\u0131"],"inLanguage":"tr","potentialAction":[{"@type":"CommentAction","name":"Comment","target":["https:\/\/memurunsesi.net\/index.php\/2026\/03\/29\/izmir-ili-karabaglar-belediye-baskanligindan\/#respond"]}]},{"@type":"WebPage","@id":"https:\/\/memurunsesi.net\/index.php\/2026\/03\/29\/izmir-ili-karabaglar-belediye-baskanligindan\/","url":"https:\/\/memurunsesi.net\/index.php\/2026\/03\/29\/izmir-ili-karabaglar-belediye-baskanligindan\/","name":"\u0130zmir\u00a0\u0130li\u00a0Karaba\u011flar\u00a0Belediye\u00a0Ba\u015fkanl\u0131\u011f\u0131ndan - Memurun Sesi","isPartOf":{"@id":"https:\/\/memurunsesi.net\/#website"},"primaryImageOfPage":{"@id":"https:\/\/memurunsesi.net\/index.php\/2026\/03\/29\/izmir-ili-karabaglar-belediye-baskanligindan\/#primaryimage"},"image":{"@id":"https:\/\/memurunsesi.net\/index.php\/2026\/03\/29\/izmir-ili-karabaglar-belediye-baskanligindan\/#primaryimage"},"thumbnailUrl":"https:\/\/memurunsesi.net\/wp-content\/uploads\/2026\/03\/karabaglar.webp","datePublished":"2026-03-29T10:59:58+00:00","description":"\u0130zmir \u00a0ili \u00a0Karaba\u011flar \u00a0Belediye \u00a0Ba\u015fkanl\u0131\u011f\u0131 \u00a0b\u00fcnyesinde, \u00a0657 \u00a0say\u0131l\u0131 \u00a0Devlet \u00a0Memurlar\u0131 Kanununa \u00a0tabi \u00a0olarak \u00a0istihdam \u00a0edilmek \u00a0\u00fczere; \u00a0Belediye \u00a0Zab\u0131ta \u00a0Y\u00f6netmeli\u011fi \u00a0h\u00fck\u00fcmlerine \u00a0g\u00f6re a\u015fa\u011f\u0131da \u00a0\u00fcnvan\u0131, \u00a0s\u0131n\u0131f\u0131, \u00a0derecesi, \u00a0adedi, \u00a0nitelikleri, \u00a0KPSS \u00a0puan \u00a0t\u00fcr\u00fc, \u00a0KPSS \u00a0taban \u00a0puan\u0131 \u00a0ve \u00a0di\u011fer \u015fartlar\u0131 \u00a0ta\u015f\u0131mak \u00a0kayd\u0131yla \u00a0belirtilen \u00a0bo\u015f \u00a0kadrolara \u00a0a\u00e7\u0131ktan \u00a0atama \u00a0yoluyla \u00a0zab\u0131ta \u00a0memuru \u00a0al\u0131m\u0131 yap\u0131lacakt\u0131r.","breadcrumb":{"@id":"https:\/\/memurunsesi.net\/index.php\/2026\/03\/29\/izmir-ili-karabaglar-belediye-baskanligindan\/#breadcrumb"},"inLanguage":"tr","potentialAction":[{"@type":"ReadAction","target":["https:\/\/memurunsesi.net\/index.php\/2026\/03\/29\/izmir-ili-karabaglar-belediye-baskanligindan\/"]}]},{"@type":"ImageObject","inLanguage":"tr","@id":"https:\/\/memurunsesi.net\/index.php\/2026\/03\/29\/izmir-ili-karabaglar-belediye-baskanligindan\/#primaryimage","url":"https:\/\/memurunsesi.net\/wp-content\/uploads\/2026\/03\/karabaglar.webp","contentUrl":"https:\/\/memurunsesi.net\/wp-content\/uploads\/2026\/03\/karabaglar.webp","width":203,"height":203},{"@type":"BreadcrumbList","@id":"https:\/\/memurunsesi.net\/index.php\/2026\/03\/29\/izmir-ili-karabaglar-belediye-baskanligindan\/#breadcrumb","itemListElement":[{"@type":"ListItem","position":1,"name":"Anasayfa","item":"https:\/\/memurunsesi.net\/"},{"@type":"ListItem","position":2,"name":"\u0130zmir\u00a0\u0130li\u00a0Karaba\u011flar\u00a0Belediye\u00a0Ba\u015fkanl\u0131\u011f\u0131ndan"}]},{"@type":"WebSite","@id":"https:\/\/memurunsesi.net\/#website","url":"https:\/\/memurunsesi.net\/","name":"Memurun Sesi","description":"G\u00fcncel ve Do\u011fru Haber","publisher":{"@id":"https:\/\/memurunsesi.net\/#organization"},"potentialAction":[{"@type":"SearchAction","target":{"@type":"EntryPoint","urlTemplate":"https:\/\/memurunsesi.net\/?s={search_term_string}"},"query-input":{"@type":"PropertyValueSpecification","valueRequired":true,"valueName":"search_term_string"}}],"inLanguage":"tr"},{"@type":"Organization","@id":"https:\/\/memurunsesi.net\/#organization","name":"Memurun Sesi","url":"https:\/\/memurunsesi.net\/","logo":{"@type":"ImageObject","inLanguage":"tr","@id":"https:\/\/memurunsesi.net\/#\/schema\/logo\/image\/","url":"https:\/\/memurunsesi.net\/wp-content\/uploads\/2025\/11\/cropped-MEMURUN-SESI.png","contentUrl":"https:\/\/memurunsesi.net\/wp-content\/uploads\/2025\/11\/cropped-MEMURUN-SESI.png","width":238,"height":57,"caption":"Memurun Sesi"},"image":{"@id":"https:\/\/memurunsesi.net\/#\/schema\/logo\/image\/"},"sameAs":["https:\/\/www.facebook.com\/unipersen\/?locale=tr_TR","https:\/\/x.com\/unipersen"]},{"@type":"Person","@id":"https:\/\/memurunsesi.net\/#\/schema\/person\/f21c2d73b89f6ee1d80b0a1803e38587","name":"Memurun Sesi Haber Merkezi","image":{"@type":"ImageObject","inLanguage":"tr","@id":"https:\/\/secure.gravatar.com\/avatar\/6cf0505f452ee753f485014986fab09a434671d2b919ee76fc541025c5876a70?s=96&d=mm&r=g","url":"https:\/\/secure.gravatar.com\/avatar\/6cf0505f452ee753f485014986fab09a434671d2b919ee76fc541025c5876a70?s=96&d=mm&r=g","contentUrl":"https:\/\/secure.gravatar.com\/avatar\/6cf0505f452ee753f485014986fab09a434671d2b919ee76fc541025c5876a70?s=96&d=mm&r=g","caption":"Memurun Sesi Haber Merkezi"},"sameAs":["https:\/\/memurunsesi.net"],"url":"https:\/\/memurunsesi.net\/index.php\/author\/uniper\/"}]}},"_links":{"self":[{"href":"https:\/\/memurunsesi.net\/index.php\/wp-json\/wp\/v2\/posts\/18738","targetHints":{"allow":["GET"]}}],"collection":[{"href":"https:\/\/memurunsesi.net\/index.php\/wp-json\/wp\/v2\/posts"}],"about":[{"href":"https:\/\/memurunsesi.net\/index.php\/wp-json\/wp\/v2\/types\/post"}],"author":[{"embeddable":true,"href":"https:\/\/memurunsesi.net\/index.php\/wp-json\/wp\/v2\/users\/1"}],"replies":[{"embeddable":true,"href":"https:\/\/memurunsesi.net\/index.php\/wp-json\/wp\/v2\/comments?post=18738"}],"version-history":[{"count":1,"href":"https:\/\/memurunsesi.net\/index.php\/wp-json\/wp\/v2\/posts\/18738\/revisions"}],"predecessor-version":[{"id":18740,"href":"https:\/\/memurunsesi.net\/index.php\/wp-json\/wp\/v2\/posts\/18738\/revisions\/18740"}],"wp:featuredmedia":[{"embeddable":true,"href":"https:\/\/memurunsesi.net\/index.php\/wp-json\/wp\/v2\/media\/18739"}],"wp:attachment":[{"href":"https:\/\/memurunsesi.net\/index.php\/wp-json\/wp\/v2\/media?parent=18738"}],"wp:term":[{"taxonomy":"category","embeddable":true,"href":"https:\/\/memurunsesi.net\/index.php\/wp-json\/wp\/v2\/categories?post=18738"},{"taxonomy":"post_tag","embeddable":true,"href":"https:\/\/memurunsesi.net\/index.php\/wp-json\/wp\/v2\/tags?post=18738"}],"curies":[{"name":"wp","href":"https:\/\/api.w.org\/{rel}","templated":true}]}}