{"id":18778,"date":"2026-03-30T23:08:47","date_gmt":"2026-03-30T20:08:47","guid":{"rendered":"https:\/\/memurunsesi.net\/?p=18778"},"modified":"2026-03-30T23:08:47","modified_gmt":"2026-03-30T20:08:47","slug":"uzmani-degerlendirmelerde-bulundu-yastik-altinda-bulunan-tonlarca-altin-uretime-kazandirilmali","status":"publish","type":"post","link":"https:\/\/memurunsesi.net\/index.php\/2026\/03\/30\/uzmani-degerlendirmelerde-bulundu-yastik-altinda-bulunan-tonlarca-altin-uretime-kazandirilmali\/","title":{"rendered":"Uzman\u0131 de\u011ferlendirmelerde bulundu: &#8220;Yast\u0131k alt\u0131nda bulunan tonlarca alt\u0131n \u00fcretime kazand\u0131r\u0131lmal\u0131&#8221;"},"content":{"rendered":"<p>T\u00fcrkiye&#8217;de yast\u0131k alt\u0131nda tutulan alt\u0131n miktar\u0131n\u0131n 4 bin ila 5 bin ton aras\u0131nda oldu\u011fu ifade eden Prof. Dr. \u0130lkay Noyan Yalman, bu b\u00fcy\u00fck birikimin ekonomiye kazand\u0131r\u0131lamamas\u0131n\u0131n \u00fcretim, istihdam ve yat\u0131r\u0131m a\u00e7\u0131s\u0131ndan \u00f6nemli bir kay\u0131p olarak de\u011ferlendirdi\u011fini ifade etti.<br \/>\nT\u00fcrkiye&#8217;de vatanda\u015flar\u0131n geleneksel tasarruf arac\u0131 olarak g\u00f6rd\u00fc\u011f\u00fc alt\u0131n, son d\u00f6nemde artan jeopolitik riskler ve ekonomik belirsizliklerle birlikte yeniden g\u00fcndemin en \u00f6nemli ba\u015fl\u0131klar\u0131ndan biri haline geldi. \u00dclkede yast\u0131k alt\u0131ndaki alt\u0131n\u0131n miktar\u0131n\u0131n 4 bin ila 5 bin ton aras\u0131nda oldu\u011fu belirtilirken, bu birikimin ekonominin d\u0131\u015f\u0131nda kalmas\u0131 dikkat \u00e7ekiyor. K\u00fc\u00e7\u00fck miktarlarda dahi kolayca al\u0131nabilmesi ve g\u00fcvenli liman olarak g\u00f6r\u00fclmesi nedeniyle vatanda\u015flar, ellerine ge\u00e7en birikimleri \u00e7o\u011funlukla alt\u0131na y\u00f6nlendiriyor. Finansal okuryazarl\u0131\u011f\u0131n s\u0131n\u0131rl\u0131 olmas\u0131 ve y\u00fcksek enflasyon ortam\u0131 da bu e\u011filimi g\u00fc\u00e7lendiriyor. Son d\u00f6nemde artan k\u00fcresel gerilimler ve b\u00f6lgesel \u00e7at\u0131\u015fmalar\u0131n da etkisiyle alt\u0131na olan talebin daha da y\u00fckseldi\u011fi g\u00f6zlenirken, krediye eri\u015fimin zorla\u015fmas\u0131 ve konut fiyatlar\u0131n\u0131n artmas\u0131 da vatanda\u015flar\u0131n k\u00fc\u00e7\u00fck birikimlerini alt\u0131na y\u00f6nlendirmesine neden oluyor.<br \/>\nKonuya ili\u015fkin a\u00e7\u0131klamalarda bulunan Sivas Cumhuriyet \u00dcniversitesi \u0130ktisadi ve \u0130dari Bilimler Fak\u00fcltesi&#8217;nde \u00d6\u011fretim \u00dcyesi Prof. Dr. \u0130lkay Noyan Yalman, s\u00f6z konusu alt\u0131n birikiminin ekonomiye kazand\u0131r\u0131lmas\u0131 halinde b\u00fcy\u00fck \u00f6l\u00e7ekli yat\u0131r\u0131mlar\u0131n yap\u0131labilece\u011fi, milyonlarca ki\u015fiye istihdam sa\u011flanabilece\u011fi ve \u00f6zellikle enerji alan\u0131nda d\u0131\u015fa ba\u011f\u0131ml\u0131l\u0131\u011f\u0131n azalt\u0131labilece\u011fini s\u00f6yleyerek, &#8220;Yast\u0131k alt\u0131ndaki bu k\u0131ymetli hazinenin piyasaya \u00e7ekilmesi \u00e7ok \u00f6nemli. Bununla ilgili do\u011fru, g\u00fcvene dayal\u0131 ve istikrar sa\u011flay\u0131c\u0131 politikalar uygulanmal\u0131d\u0131r. Reel sekt\u00f6re kazand\u0131r\u0131lan bu kaynaklar do\u011fru yat\u0131r\u0131mlarda kullan\u0131larak insanlar\u0131n daha da fazla kazanmas\u0131na sebep olmal\u0131d\u0131r. Yani insanlar\u0131 buna inand\u0131rmak gerekir. Bu \u015fekilde bu kaynaklardan faydalanabiliriz&#8221; dedi. Yalman, yast\u0131k alt\u0131nda tutulan alt\u0131n miktar\u0131n\u0131n de\u011feri ile alakal\u0131 bilgiler de vererek, &#8220;Bu ger\u00e7ekten \u00e7ok ciddi bir rakam. Bunu \u00f6rneklendirecek olursak baz\u0131 makalelerde, bu konuda \u00e7al\u0131\u015fmalarda yakla\u015f\u0131k 8 bin 500 fabrika, 4 milyon insan\u0131n \u00fczerinde istihdam veya enerji sekt\u00f6r\u00fcne bu parayla yat\u0131r\u0131m yap\u0131ld\u0131\u011f\u0131 zaman T\u00fcrkiye&#8217;nin cari a\u00e7\u0131\u011f\u0131n\u0131n kapanmas\u0131 demek. Yani paran\u0131n b\u00fcy\u00fckl\u00fc\u011f\u00fcn\u00fc ifade etmek i\u00e7in bu \u00f6rnekleri veriyorum&#8221; diye konu\u015ftu.<\/p>\n<p>&#8220;Reel sekt\u00f6r\u00fcn d\u0131\u015f\u0131nda olmas\u0131 ciddi bir kay\u0131p&#8221;<br \/>\nT\u00fcrkiye&#8217;deki yast\u0131k alt\u0131 alt\u0131n miktar\u0131n\u0131n T\u00fcrkiye&#8217;yi Avrupa&#8217;da birinci s\u0131raya \u00e7\u0131karabilecek enerji konusunda ve mevcut enerji kapasitesinin 6 kat\u0131 enerji altyap\u0131s\u0131na sahip b\u00fcy\u00fckl\u00fckte bir rakam oldu\u011funu s\u00f6yleyen \u0130lkay Noyan Yalman, &#8220;T\u00fcrkiye&#8217;de son d\u00f6nemlerde \u00f6zellikle sava\u015f\u0131n da \u00e7\u0131kmas\u0131yla beraber alt\u0131n \u00e7ok konu\u015fulan bir konu oldu ve buna paralel olarak yast\u0131k alt\u0131ndaki alt\u0131n\u0131m\u0131z \u00e7ok konu\u015fuluyor. Bu da gayet do\u011fal \u00e7\u00fcnk\u00fc ger\u00e7ekten \u00e7ok b\u00fcy\u00fck bir hacim, yakla\u015f\u0131k 4 bin ton ya da 5 bin ton alt\u0131ndan bahsediliyor. Bunun ekonominin d\u0131\u015f\u0131nda olmas\u0131, reel sekt\u00f6r\u00fcn d\u0131\u015f\u0131nda olmas\u0131 ciddi bir kay\u0131p. \u00c7\u00fcnk\u00fc T\u00fcrk halk\u0131 alt\u0131n\u0131 seven bir halk. \u00d6zellikle d\u00fc\u011f\u00fcnlerde, \u00f6zel g\u00fcnlerde alt\u0131nla hediyele\u015fme gelir seviyesi en d\u00fc\u015f\u00fckten en y\u00fckse\u011fe kadar alt\u0131n edinmek de asl\u0131nda kolayd\u0131r. B\u00f6l\u00fcnebilir oldu\u011fu i\u00e7in 1 gramdan tutun da k\u00fcl\u00e7e alt\u0131na kadar herkes alt\u0131n edinebiliyor. Eline birka\u00e7 kuru\u015f para ge\u00e7se onu alt\u0131na hemen yat\u0131r\u0131yor, y\u00f6neltiyor. \u00c7\u00fcnk\u00fc enflasyon y\u00fcksek, di\u011fer finans ara\u00e7lar\u0131 konusunda belki tam haberdar de\u011fil, finansal okuryazarl\u0131k oran\u0131 da T\u00fcrkiye&#8217;de \u00e7ok y\u00fcksek de\u011fil. Onu da saklamas\u0131 kolay. Ger\u00e7i \u00e7ok fazla tehdit de var tabii \u00e7al\u0131nmas\u0131 ile ilgili ama yine de biz buna yast\u0131k alt\u0131 diyoruz. Baz\u0131 kaynaklarda bu 8 bin tona kadar \u00e7\u0131k\u0131yor. Bu ger\u00e7ekten \u00e7ok ciddi bir rakam. Enerji sekt\u00f6r\u00fcne y\u00f6neltildi\u011fi zaman bu alt\u0131n, T\u00fcrkiye&#8217;yi Avrupa&#8217;da birinci s\u0131raya \u00e7\u0131karacak enerji konusunda ve mevcut enerji kapasitesinin 6 kat\u0131 enerji altyap\u0131s\u0131na sahip b\u00fcy\u00fckl\u00fckte bir rakam. \u015eimdi b\u00f6yle ciddi bir rakam\u0131n hala yast\u0131k alt\u0131nda duruyor olmas\u0131, tabii ki bunun en \u00f6nemli sebebi ekonomide g\u00fcven ve istikrar eksikli\u011fi&#8221; dedi.<\/p>\n<p>&#8220;T\u00fcrkiye y\u0131llard\u0131r enflasyonla m\u00fccadele eden bir \u00fclke&#8221;<br \/>\nBu kadar b\u00fcy\u00fck hacimli bir de\u011ferin ekonomiye \u00e7ekilmesini \u00e7okta kolay olmad\u0131\u011f\u0131n\u0131 s\u00f6yleyen Yalman, &#8220;G\u00fcven ve istikrar kronik bir hale geldi. \u00c7\u00fcnk\u00fc T\u00fcrkiye y\u0131llard\u0131r enflasyonla m\u00fccadele eden bir \u00fclke. Son y\u0131llarda, son 20 y\u0131lda tek rakaml\u0131 haneye d\u00fc\u015ft\u00fc\u011f\u00fc d\u00f6nemler oldu enflasyonun ama o da tekrar yukar\u0131 \u00e7\u0131kt\u0131. Enflasyonun oldu\u011fu d\u00f6nemlerde T\u00fcrk paras\u0131ndan, daha do\u011frusu ulusal paradan ka\u00e7\u0131\u015f olur ve g\u00fcvenli limanlara y\u00f6nelim ba\u015flar. Burada da en \u00f6nemli g\u00fcvenli liman T\u00fcrkiye i\u00e7in, T\u00fcrkiye gibi benzer \u00fclkeler i\u00e7in alt\u0131nd\u0131r. Mesela bu konuda Hindistan&#8217;\u0131 da \u00f6rnek verebiliriz. T\u00fcrkiye&#8217;de 5 bin ton gibi bir yast\u0131k alt\u0131 alt\u0131n hacminden bahsederken Hindistan&#8217;da bu miktar 25 bin ton civar\u0131nda olarak ifade ediliyor. Yani orada da ekonomiye duyulan istikrar\u0131n ve g\u00fcvenin eksikli\u011finden kaynakl\u0131 bir durum s\u00f6z konusu. Bu kadar b\u00fcy\u00fck hacimli bir de\u011ferin ekonomiye \u00e7ekilmesi de \u00e7ok kolay de\u011fil a\u00e7\u0131k\u00e7as\u0131&#8221; diye konu\u015ftu.<\/p>\n<p>&#8220;T\u00fcrkiye jeopolitik olarak \u00e7ok kritik bir yerde&#8221;<br \/>\nAmerika, \u0130srail ve \u0130ran sava\u015f\u0131n\u0131n T\u00fcrkiye ekonomisine yans\u0131malar\u0131ndan bahseden Yalman, &#8220;T\u00fcrkiye jeopolitik olarak \u00e7ok kritik bir yerde, bunu hepimiz biliyoruz d\u00fcnyaca. Yak\u0131n zamanda ba\u015flayan Amerika, \u0130srail ve \u0130ran sava\u015f\u0131 T\u00fcrkiye i\u00e7in hem g\u00fcvenlik a\u00e7\u0131s\u0131ndan hem ekonomik a\u00e7\u0131dan \u00e7ok ciddi bir tehdit. Bu sadece g\u00fcvenli\u011fi de\u011fil, tabii ki ekonomiyi de olumsuz y\u00f6nde etkiliyor. Biz bunun etkisini hemen alt\u0131nla \u00f6l\u00e7\u00fcyoruz, yani alt\u0131n\u0131n fiyat\u0131 ne olacak diye herkes alt\u0131n\u0131 takip ediyor. \u00c7\u00fcnk\u00fc herkesin az da olsa \u00e7ok da olsa alt\u0131n\u0131 var. Son d\u00f6nemlerde yast\u0131k alt\u0131 alt\u0131n\u0131n artt\u0131\u011f\u0131n\u0131 g\u00f6r\u00fcyoruz. Bu asl\u0131nda konut fiyatlar\u0131n\u0131n da artmas\u0131na sebep oldu. \u00c7\u00fcnk\u00fc konut al\u0131m\u0131nda krediye ula\u015fmak zorla\u015ft\u0131\u011f\u0131 i\u00e7in insanlar b\u00fcy\u00fck yat\u0131r\u0131m yapam\u0131yorlar, yani bir ev alam\u0131yorlar. \u00c7\u00fcnk\u00fc evin fiyatlar\u0131 y\u00fcksek. Ev alamay\u0131nca da insanlar k\u00fc\u00e7\u00fck \u00f6l\u00e7ekli tasarruflar\u0131n\u0131 yine alt\u0131n alarak yast\u0131k alt\u0131na aktar\u0131yorlar. B\u00f6ylece bir yandan yast\u0131k alt\u0131 alt\u0131nlar artarken ev fiyatlar\u0131 da y\u00fckseliyor. Yani emlak piyasas\u0131n\u0131 da olumsuz etkileyen bir sonu\u00e7 ortaya \u00e7\u0131k\u0131yor. Yast\u0131k alt\u0131ndaki bu k\u0131ymetli hazinenin piyasaya \u00e7ekilmesi \u00e7ok \u00f6nemli&#8221; \u015feklinde konu\u015ftu.<\/p>\n<p>30.03.2026<\/p>\n","protected":false},"excerpt":{"rendered":"<p>T\u00fcrkiye&#8217;de yast\u0131k alt\u0131nda tutulan alt\u0131n miktar\u0131n\u0131n 4 bin ila 5 bin ton aras\u0131nda oldu\u011fu ifade eden Prof. Dr. \u0130lkay Noyan Yalman, bu b\u00fcy\u00fck birikimin ekonomiye kazand\u0131r\u0131lamamas\u0131n\u0131n \u00fcretim, istihdam ve yat\u0131r\u0131m a\u00e7\u0131s\u0131ndan \u00f6nemli bir kay\u0131p olarak de\u011ferlendirdi\u011fini ifade etti. T\u00fcrkiye&#8217;de vatanda\u015flar\u0131n geleneksel tasarruf arac\u0131 olarak g\u00f6rd\u00fc\u011f\u00fc alt\u0131n, son d\u00f6nemde artan jeopolitik riskler ve ekonomik belirsizliklerle birlikte [&hellip;]<\/p>\n","protected":false},"author":1,"featured_media":18779,"comment_status":"open","ping_status":"open","sticky":false,"template":"","format":"standard","meta":{"footnotes":""},"categories":[1],"tags":[2549,2550,514,2548,2551,2547,2552],"class_list":["post-18778","post","type-post","status-publish","format-standard","has-post-thumbnail","hentry","category-genel","tag-4-yada-5-ton","tag-ekonomiye-katmak","tag-istihdam","tag-saklanan-altin","tag-uretimi","tag-yastik-alti","tag-yatirim-icin-onemli"],"yoast_head":"<!-- This site is optimized with the Yoast SEO plugin v27.4 - https:\/\/yoast.com\/product\/yoast-seo-wordpress\/ -->\n<title>Uzman\u0131 de\u011ferlendirmelerde bulundu: &quot;Yast\u0131k alt\u0131nda bulunan tonlarca alt\u0131n \u00fcretime kazand\u0131r\u0131lmal\u0131&quot; - Memurun Sesi<\/title>\n<meta name=\"description\" content=\"T\u00fcrkiye&#039;de yast\u0131k alt\u0131nda tutulan alt\u0131n miktar\u0131n\u0131n 4 bin ila 5 bin ton aras\u0131nda oldu\u011fu ifade eden Prof. Dr. \u0130lkay Noyan Yalman, bu b\u00fcy\u00fck birikimin ekonomiye kazand\u0131r\u0131lamamas\u0131n\u0131n \u00fcretim, istihdam ve yat\u0131r\u0131m a\u00e7\u0131s\u0131ndan \u00f6nemli bir kay\u0131p olarak de\u011ferlendirdi\u011fini ifade etti.\" \/>\n<meta name=\"robots\" content=\"index, follow, max-snippet:-1, max-image-preview:large, max-video-preview:-1\" \/>\n<link rel=\"canonical\" href=\"https:\/\/memurunsesi.net\/index.php\/2026\/03\/30\/uzmani-degerlendirmelerde-bulundu-yastik-altinda-bulunan-tonlarca-altin-uretime-kazandirilmali\/\" \/>\n<meta property=\"og:locale\" content=\"tr_TR\" \/>\n<meta property=\"og:type\" content=\"article\" \/>\n<meta property=\"og:title\" content=\"Uzman\u0131 de\u011ferlendirmelerde bulundu: &quot;Yast\u0131k alt\u0131nda bulunan tonlarca alt\u0131n \u00fcretime kazand\u0131r\u0131lmal\u0131&quot; - Memurun Sesi\" \/>\n<meta property=\"og:description\" content=\"T\u00fcrkiye&#039;de yast\u0131k alt\u0131nda tutulan alt\u0131n miktar\u0131n\u0131n 4 bin ila 5 bin ton aras\u0131nda oldu\u011fu ifade eden Prof. Dr. \u0130lkay Noyan Yalman, bu b\u00fcy\u00fck birikimin ekonomiye kazand\u0131r\u0131lamamas\u0131n\u0131n \u00fcretim, istihdam ve yat\u0131r\u0131m a\u00e7\u0131s\u0131ndan \u00f6nemli bir kay\u0131p olarak de\u011ferlendirdi\u011fini ifade etti.\" \/>\n<meta property=\"og:url\" content=\"https:\/\/memurunsesi.net\/index.php\/2026\/03\/30\/uzmani-degerlendirmelerde-bulundu-yastik-altinda-bulunan-tonlarca-altin-uretime-kazandirilmali\/\" \/>\n<meta property=\"og:site_name\" content=\"Memurun Sesi\" \/>\n<meta property=\"article:publisher\" content=\"https:\/\/www.facebook.com\/unipersen\/?locale=tr_TR\" \/>\n<meta property=\"article:published_time\" content=\"2026-03-30T20:08:47+00:00\" \/>\n<meta property=\"og:image\" content=\"https:\/\/memurunsesi.net\/wp-content\/uploads\/2026\/03\/yatirim-scaled.jpg\" \/>\n\t<meta property=\"og:image:width\" content=\"2560\" \/>\n\t<meta property=\"og:image:height\" content=\"1707\" \/>\n\t<meta property=\"og:image:type\" content=\"image\/jpeg\" \/>\n<meta name=\"author\" content=\"Memurun Sesi Haber Merkezi\" \/>\n<meta name=\"twitter:card\" content=\"summary_large_image\" \/>\n<meta name=\"twitter:creator\" content=\"@unipersen\" \/>\n<meta name=\"twitter:site\" content=\"@unipersen\" \/>\n<meta name=\"twitter:label1\" content=\"Yazan:\" \/>\n\t<meta name=\"twitter:data1\" content=\"Memurun Sesi Haber Merkezi\" \/>\n\t<meta name=\"twitter:label2\" content=\"Tahmini okuma s\u00fcresi\" \/>\n\t<meta name=\"twitter:data2\" content=\"6 dakika\" \/>\n<script type=\"application\/ld+json\" class=\"yoast-schema-graph\">{\"@context\":\"https:\\\/\\\/schema.org\",\"@graph\":[{\"@type\":\"Article\",\"@id\":\"https:\\\/\\\/memurunsesi.net\\\/index.php\\\/2026\\\/03\\\/30\\\/uzmani-degerlendirmelerde-bulundu-yastik-altinda-bulunan-tonlarca-altin-uretime-kazandirilmali\\\/#article\",\"isPartOf\":{\"@id\":\"https:\\\/\\\/memurunsesi.net\\\/index.php\\\/2026\\\/03\\\/30\\\/uzmani-degerlendirmelerde-bulundu-yastik-altinda-bulunan-tonlarca-altin-uretime-kazandirilmali\\\/\"},\"author\":{\"name\":\"Memurun Sesi Haber Merkezi\",\"@id\":\"https:\\\/\\\/memurunsesi.net\\\/#\\\/schema\\\/person\\\/f21c2d73b89f6ee1d80b0a1803e38587\"},\"headline\":\"Uzman\u0131 de\u011ferlendirmelerde bulundu: &#8220;Yast\u0131k alt\u0131nda bulunan tonlarca alt\u0131n \u00fcretime kazand\u0131r\u0131lmal\u0131&#8221;\",\"datePublished\":\"2026-03-30T20:08:47+00:00\",\"mainEntityOfPage\":{\"@id\":\"https:\\\/\\\/memurunsesi.net\\\/index.php\\\/2026\\\/03\\\/30\\\/uzmani-degerlendirmelerde-bulundu-yastik-altinda-bulunan-tonlarca-altin-uretime-kazandirilmali\\\/\"},\"wordCount\":1208,\"commentCount\":0,\"publisher\":{\"@id\":\"https:\\\/\\\/memurunsesi.net\\\/#organization\"},\"image\":{\"@id\":\"https:\\\/\\\/memurunsesi.net\\\/index.php\\\/2026\\\/03\\\/30\\\/uzmani-degerlendirmelerde-bulundu-yastik-altinda-bulunan-tonlarca-altin-uretime-kazandirilmali\\\/#primaryimage\"},\"thumbnailUrl\":\"https:\\\/\\\/memurunsesi.net\\\/wp-content\\\/uploads\\\/2026\\\/03\\\/yatirim-scaled.jpg\",\"keywords\":[\"4 yada 5 ton\",\"ekonomiye katmak\",\"istihdam\",\"saklanan alt\u0131n\",\"\u00fcretimi\",\"yast\u0131k alt\u0131\",\"yat\u0131r\u0131m i\u00e7in \u00f6nemli\"],\"inLanguage\":\"tr\",\"potentialAction\":[{\"@type\":\"CommentAction\",\"name\":\"Comment\",\"target\":[\"https:\\\/\\\/memurunsesi.net\\\/index.php\\\/2026\\\/03\\\/30\\\/uzmani-degerlendirmelerde-bulundu-yastik-altinda-bulunan-tonlarca-altin-uretime-kazandirilmali\\\/#respond\"]}]},{\"@type\":\"WebPage\",\"@id\":\"https:\\\/\\\/memurunsesi.net\\\/index.php\\\/2026\\\/03\\\/30\\\/uzmani-degerlendirmelerde-bulundu-yastik-altinda-bulunan-tonlarca-altin-uretime-kazandirilmali\\\/\",\"url\":\"https:\\\/\\\/memurunsesi.net\\\/index.php\\\/2026\\\/03\\\/30\\\/uzmani-degerlendirmelerde-bulundu-yastik-altinda-bulunan-tonlarca-altin-uretime-kazandirilmali\\\/\",\"name\":\"Uzman\u0131 de\u011ferlendirmelerde bulundu: \\\"Yast\u0131k alt\u0131nda bulunan tonlarca alt\u0131n \u00fcretime kazand\u0131r\u0131lmal\u0131\\\" - Memurun Sesi\",\"isPartOf\":{\"@id\":\"https:\\\/\\\/memurunsesi.net\\\/#website\"},\"primaryImageOfPage\":{\"@id\":\"https:\\\/\\\/memurunsesi.net\\\/index.php\\\/2026\\\/03\\\/30\\\/uzmani-degerlendirmelerde-bulundu-yastik-altinda-bulunan-tonlarca-altin-uretime-kazandirilmali\\\/#primaryimage\"},\"image\":{\"@id\":\"https:\\\/\\\/memurunsesi.net\\\/index.php\\\/2026\\\/03\\\/30\\\/uzmani-degerlendirmelerde-bulundu-yastik-altinda-bulunan-tonlarca-altin-uretime-kazandirilmali\\\/#primaryimage\"},\"thumbnailUrl\":\"https:\\\/\\\/memurunsesi.net\\\/wp-content\\\/uploads\\\/2026\\\/03\\\/yatirim-scaled.jpg\",\"datePublished\":\"2026-03-30T20:08:47+00:00\",\"description\":\"T\u00fcrkiye'de yast\u0131k alt\u0131nda tutulan alt\u0131n miktar\u0131n\u0131n 4 bin ila 5 bin ton aras\u0131nda oldu\u011fu ifade eden Prof. Dr. \u0130lkay Noyan Yalman, bu b\u00fcy\u00fck birikimin ekonomiye kazand\u0131r\u0131lamamas\u0131n\u0131n \u00fcretim, istihdam ve yat\u0131r\u0131m a\u00e7\u0131s\u0131ndan \u00f6nemli bir kay\u0131p olarak de\u011ferlendirdi\u011fini ifade etti.\",\"breadcrumb\":{\"@id\":\"https:\\\/\\\/memurunsesi.net\\\/index.php\\\/2026\\\/03\\\/30\\\/uzmani-degerlendirmelerde-bulundu-yastik-altinda-bulunan-tonlarca-altin-uretime-kazandirilmali\\\/#breadcrumb\"},\"inLanguage\":\"tr\",\"potentialAction\":[{\"@type\":\"ReadAction\",\"target\":[\"https:\\\/\\\/memurunsesi.net\\\/index.php\\\/2026\\\/03\\\/30\\\/uzmani-degerlendirmelerde-bulundu-yastik-altinda-bulunan-tonlarca-altin-uretime-kazandirilmali\\\/\"]}]},{\"@type\":\"ImageObject\",\"inLanguage\":\"tr\",\"@id\":\"https:\\\/\\\/memurunsesi.net\\\/index.php\\\/2026\\\/03\\\/30\\\/uzmani-degerlendirmelerde-bulundu-yastik-altinda-bulunan-tonlarca-altin-uretime-kazandirilmali\\\/#primaryimage\",\"url\":\"https:\\\/\\\/memurunsesi.net\\\/wp-content\\\/uploads\\\/2026\\\/03\\\/yatirim-scaled.jpg\",\"contentUrl\":\"https:\\\/\\\/memurunsesi.net\\\/wp-content\\\/uploads\\\/2026\\\/03\\\/yatirim-scaled.jpg\",\"width\":2560,\"height\":1707,\"caption\":\"T\u00dcRK\u0130YE'DE YASTIK ALTINDA TUTULAN ALTIN M\u0130KTARININ 4 B\u0130N \u0130LA 5 B\u0130N TON ARASINDA OLDU\u011eU \u0130FADE EDEN PROF. DR. \u0130LKAY NOYAN YALMAN, BU B\u00dcY\u00dcK B\u0130R\u0130K\u0130M\u0130N EKONOM\u0130YE KAZANDIRILAMAMASININ \u00dcRET\u0130M, \u0130ST\u0130HDAM VE YATIRIM A\u00c7ISINDAN \u00d6NEML\u0130 B\u0130R KAYIP OLARAK DE\u011eERLEND\u0130RD\u0130\u011e\u0130N\u0130 \u0130FADE ETT\u0130. (\u0130LAYDA KORKMAZ\\\/S\u0130VAS-\u0130HA) T\u00fcrkiye'de yast\u0131k alt\u0131nda tutulan alt\u0131n miktar\u0131n\u0131n 4 bin ila 5 bin ton aras\u0131nda oldu\u011fu ifade eden Prof. Dr. \u0130lkay Noyan Yalman, bu b\u00fcy\u00fck birikimin ekonomiye kazand\u0131r\u0131lamamas\u0131n\u0131n \u00fcretim, istihdam ve yat\u0131r\u0131m a\u00e7\u0131s\u0131ndan \u00f6nemli bir kay\u0131p olarak de\u011ferlendirdi\u011fini ifade etti.\"},{\"@type\":\"BreadcrumbList\",\"@id\":\"https:\\\/\\\/memurunsesi.net\\\/index.php\\\/2026\\\/03\\\/30\\\/uzmani-degerlendirmelerde-bulundu-yastik-altinda-bulunan-tonlarca-altin-uretime-kazandirilmali\\\/#breadcrumb\",\"itemListElement\":[{\"@type\":\"ListItem\",\"position\":1,\"name\":\"Anasayfa\",\"item\":\"https:\\\/\\\/memurunsesi.net\\\/\"},{\"@type\":\"ListItem\",\"position\":2,\"name\":\"Uzman\u0131 de\u011ferlendirmelerde bulundu: &#8220;Yast\u0131k alt\u0131nda bulunan tonlarca alt\u0131n \u00fcretime kazand\u0131r\u0131lmal\u0131&#8221;\"}]},{\"@type\":\"WebSite\",\"@id\":\"https:\\\/\\\/memurunsesi.net\\\/#website\",\"url\":\"https:\\\/\\\/memurunsesi.net\\\/\",\"name\":\"Memurun Sesi\",\"description\":\"G\u00fcncel ve Do\u011fru Haber\",\"publisher\":{\"@id\":\"https:\\\/\\\/memurunsesi.net\\\/#organization\"},\"potentialAction\":[{\"@type\":\"SearchAction\",\"target\":{\"@type\":\"EntryPoint\",\"urlTemplate\":\"https:\\\/\\\/memurunsesi.net\\\/?s={search_term_string}\"},\"query-input\":{\"@type\":\"PropertyValueSpecification\",\"valueRequired\":true,\"valueName\":\"search_term_string\"}}],\"inLanguage\":\"tr\"},{\"@type\":\"Organization\",\"@id\":\"https:\\\/\\\/memurunsesi.net\\\/#organization\",\"name\":\"Memurun Sesi\",\"url\":\"https:\\\/\\\/memurunsesi.net\\\/\",\"logo\":{\"@type\":\"ImageObject\",\"inLanguage\":\"tr\",\"@id\":\"https:\\\/\\\/memurunsesi.net\\\/#\\\/schema\\\/logo\\\/image\\\/\",\"url\":\"https:\\\/\\\/memurunsesi.net\\\/wp-content\\\/uploads\\\/2025\\\/11\\\/cropped-MEMURUN-SESI.png\",\"contentUrl\":\"https:\\\/\\\/memurunsesi.net\\\/wp-content\\\/uploads\\\/2025\\\/11\\\/cropped-MEMURUN-SESI.png\",\"width\":238,\"height\":57,\"caption\":\"Memurun Sesi\"},\"image\":{\"@id\":\"https:\\\/\\\/memurunsesi.net\\\/#\\\/schema\\\/logo\\\/image\\\/\"},\"sameAs\":[\"https:\\\/\\\/www.facebook.com\\\/unipersen\\\/?locale=tr_TR\",\"https:\\\/\\\/x.com\\\/unipersen\"]},{\"@type\":\"Person\",\"@id\":\"https:\\\/\\\/memurunsesi.net\\\/#\\\/schema\\\/person\\\/f21c2d73b89f6ee1d80b0a1803e38587\",\"name\":\"Memurun Sesi Haber Merkezi\",\"image\":{\"@type\":\"ImageObject\",\"inLanguage\":\"tr\",\"@id\":\"https:\\\/\\\/secure.gravatar.com\\\/avatar\\\/6cf0505f452ee753f485014986fab09a434671d2b919ee76fc541025c5876a70?s=96&d=mm&r=g\",\"url\":\"https:\\\/\\\/secure.gravatar.com\\\/avatar\\\/6cf0505f452ee753f485014986fab09a434671d2b919ee76fc541025c5876a70?s=96&d=mm&r=g\",\"contentUrl\":\"https:\\\/\\\/secure.gravatar.com\\\/avatar\\\/6cf0505f452ee753f485014986fab09a434671d2b919ee76fc541025c5876a70?s=96&d=mm&r=g\",\"caption\":\"Memurun Sesi Haber Merkezi\"},\"sameAs\":[\"https:\\\/\\\/memurunsesi.net\"],\"url\":\"https:\\\/\\\/memurunsesi.net\\\/index.php\\\/author\\\/uniper\\\/\"}]}<\/script>\n<!-- \/ Yoast SEO plugin. -->","yoast_head_json":{"title":"Uzman\u0131 de\u011ferlendirmelerde bulundu: \"Yast\u0131k alt\u0131nda bulunan tonlarca alt\u0131n \u00fcretime kazand\u0131r\u0131lmal\u0131\" - Memurun Sesi","description":"T\u00fcrkiye'de yast\u0131k alt\u0131nda tutulan alt\u0131n miktar\u0131n\u0131n 4 bin ila 5 bin ton aras\u0131nda oldu\u011fu ifade eden Prof. Dr. \u0130lkay Noyan Yalman, bu b\u00fcy\u00fck birikimin ekonomiye kazand\u0131r\u0131lamamas\u0131n\u0131n \u00fcretim, istihdam ve yat\u0131r\u0131m a\u00e7\u0131s\u0131ndan \u00f6nemli bir kay\u0131p olarak de\u011ferlendirdi\u011fini ifade etti.","robots":{"index":"index","follow":"follow","max-snippet":"max-snippet:-1","max-image-preview":"max-image-preview:large","max-video-preview":"max-video-preview:-1"},"canonical":"https:\/\/memurunsesi.net\/index.php\/2026\/03\/30\/uzmani-degerlendirmelerde-bulundu-yastik-altinda-bulunan-tonlarca-altin-uretime-kazandirilmali\/","og_locale":"tr_TR","og_type":"article","og_title":"Uzman\u0131 de\u011ferlendirmelerde bulundu: \"Yast\u0131k alt\u0131nda bulunan tonlarca alt\u0131n \u00fcretime kazand\u0131r\u0131lmal\u0131\" - Memurun Sesi","og_description":"T\u00fcrkiye'de yast\u0131k alt\u0131nda tutulan alt\u0131n miktar\u0131n\u0131n 4 bin ila 5 bin ton aras\u0131nda oldu\u011fu ifade eden Prof. Dr. \u0130lkay Noyan Yalman, bu b\u00fcy\u00fck birikimin ekonomiye kazand\u0131r\u0131lamamas\u0131n\u0131n \u00fcretim, istihdam ve yat\u0131r\u0131m a\u00e7\u0131s\u0131ndan \u00f6nemli bir kay\u0131p olarak de\u011ferlendirdi\u011fini ifade etti.","og_url":"https:\/\/memurunsesi.net\/index.php\/2026\/03\/30\/uzmani-degerlendirmelerde-bulundu-yastik-altinda-bulunan-tonlarca-altin-uretime-kazandirilmali\/","og_site_name":"Memurun Sesi","article_publisher":"https:\/\/www.facebook.com\/unipersen\/?locale=tr_TR","article_published_time":"2026-03-30T20:08:47+00:00","og_image":[{"width":2560,"height":1707,"url":"https:\/\/memurunsesi.net\/wp-content\/uploads\/2026\/03\/yatirim-scaled.jpg","type":"image\/jpeg"}],"author":"Memurun Sesi Haber Merkezi","twitter_card":"summary_large_image","twitter_creator":"@unipersen","twitter_site":"@unipersen","twitter_misc":{"Yazan:":"Memurun Sesi Haber Merkezi","Tahmini okuma s\u00fcresi":"6 dakika"},"schema":{"@context":"https:\/\/schema.org","@graph":[{"@type":"Article","@id":"https:\/\/memurunsesi.net\/index.php\/2026\/03\/30\/uzmani-degerlendirmelerde-bulundu-yastik-altinda-bulunan-tonlarca-altin-uretime-kazandirilmali\/#article","isPartOf":{"@id":"https:\/\/memurunsesi.net\/index.php\/2026\/03\/30\/uzmani-degerlendirmelerde-bulundu-yastik-altinda-bulunan-tonlarca-altin-uretime-kazandirilmali\/"},"author":{"name":"Memurun Sesi Haber Merkezi","@id":"https:\/\/memurunsesi.net\/#\/schema\/person\/f21c2d73b89f6ee1d80b0a1803e38587"},"headline":"Uzman\u0131 de\u011ferlendirmelerde bulundu: &#8220;Yast\u0131k alt\u0131nda bulunan tonlarca alt\u0131n \u00fcretime kazand\u0131r\u0131lmal\u0131&#8221;","datePublished":"2026-03-30T20:08:47+00:00","mainEntityOfPage":{"@id":"https:\/\/memurunsesi.net\/index.php\/2026\/03\/30\/uzmani-degerlendirmelerde-bulundu-yastik-altinda-bulunan-tonlarca-altin-uretime-kazandirilmali\/"},"wordCount":1208,"commentCount":0,"publisher":{"@id":"https:\/\/memurunsesi.net\/#organization"},"image":{"@id":"https:\/\/memurunsesi.net\/index.php\/2026\/03\/30\/uzmani-degerlendirmelerde-bulundu-yastik-altinda-bulunan-tonlarca-altin-uretime-kazandirilmali\/#primaryimage"},"thumbnailUrl":"https:\/\/memurunsesi.net\/wp-content\/uploads\/2026\/03\/yatirim-scaled.jpg","keywords":["4 yada 5 ton","ekonomiye katmak","istihdam","saklanan alt\u0131n","\u00fcretimi","yast\u0131k alt\u0131","yat\u0131r\u0131m i\u00e7in \u00f6nemli"],"inLanguage":"tr","potentialAction":[{"@type":"CommentAction","name":"Comment","target":["https:\/\/memurunsesi.net\/index.php\/2026\/03\/30\/uzmani-degerlendirmelerde-bulundu-yastik-altinda-bulunan-tonlarca-altin-uretime-kazandirilmali\/#respond"]}]},{"@type":"WebPage","@id":"https:\/\/memurunsesi.net\/index.php\/2026\/03\/30\/uzmani-degerlendirmelerde-bulundu-yastik-altinda-bulunan-tonlarca-altin-uretime-kazandirilmali\/","url":"https:\/\/memurunsesi.net\/index.php\/2026\/03\/30\/uzmani-degerlendirmelerde-bulundu-yastik-altinda-bulunan-tonlarca-altin-uretime-kazandirilmali\/","name":"Uzman\u0131 de\u011ferlendirmelerde bulundu: \"Yast\u0131k alt\u0131nda bulunan tonlarca alt\u0131n \u00fcretime kazand\u0131r\u0131lmal\u0131\" - Memurun Sesi","isPartOf":{"@id":"https:\/\/memurunsesi.net\/#website"},"primaryImageOfPage":{"@id":"https:\/\/memurunsesi.net\/index.php\/2026\/03\/30\/uzmani-degerlendirmelerde-bulundu-yastik-altinda-bulunan-tonlarca-altin-uretime-kazandirilmali\/#primaryimage"},"image":{"@id":"https:\/\/memurunsesi.net\/index.php\/2026\/03\/30\/uzmani-degerlendirmelerde-bulundu-yastik-altinda-bulunan-tonlarca-altin-uretime-kazandirilmali\/#primaryimage"},"thumbnailUrl":"https:\/\/memurunsesi.net\/wp-content\/uploads\/2026\/03\/yatirim-scaled.jpg","datePublished":"2026-03-30T20:08:47+00:00","description":"T\u00fcrkiye'de yast\u0131k alt\u0131nda tutulan alt\u0131n miktar\u0131n\u0131n 4 bin ila 5 bin ton aras\u0131nda oldu\u011fu ifade eden Prof. Dr. \u0130lkay Noyan Yalman, bu b\u00fcy\u00fck birikimin ekonomiye kazand\u0131r\u0131lamamas\u0131n\u0131n \u00fcretim, istihdam ve yat\u0131r\u0131m a\u00e7\u0131s\u0131ndan \u00f6nemli bir kay\u0131p olarak de\u011ferlendirdi\u011fini ifade etti.","breadcrumb":{"@id":"https:\/\/memurunsesi.net\/index.php\/2026\/03\/30\/uzmani-degerlendirmelerde-bulundu-yastik-altinda-bulunan-tonlarca-altin-uretime-kazandirilmali\/#breadcrumb"},"inLanguage":"tr","potentialAction":[{"@type":"ReadAction","target":["https:\/\/memurunsesi.net\/index.php\/2026\/03\/30\/uzmani-degerlendirmelerde-bulundu-yastik-altinda-bulunan-tonlarca-altin-uretime-kazandirilmali\/"]}]},{"@type":"ImageObject","inLanguage":"tr","@id":"https:\/\/memurunsesi.net\/index.php\/2026\/03\/30\/uzmani-degerlendirmelerde-bulundu-yastik-altinda-bulunan-tonlarca-altin-uretime-kazandirilmali\/#primaryimage","url":"https:\/\/memurunsesi.net\/wp-content\/uploads\/2026\/03\/yatirim-scaled.jpg","contentUrl":"https:\/\/memurunsesi.net\/wp-content\/uploads\/2026\/03\/yatirim-scaled.jpg","width":2560,"height":1707,"caption":"T\u00dcRK\u0130YE'DE YASTIK ALTINDA TUTULAN ALTIN M\u0130KTARININ 4 B\u0130N \u0130LA 5 B\u0130N TON ARASINDA OLDU\u011eU \u0130FADE EDEN PROF. DR. \u0130LKAY NOYAN YALMAN, BU B\u00dcY\u00dcK B\u0130R\u0130K\u0130M\u0130N EKONOM\u0130YE KAZANDIRILAMAMASININ \u00dcRET\u0130M, \u0130ST\u0130HDAM VE YATIRIM A\u00c7ISINDAN \u00d6NEML\u0130 B\u0130R KAYIP OLARAK DE\u011eERLEND\u0130RD\u0130\u011e\u0130N\u0130 \u0130FADE ETT\u0130. (\u0130LAYDA KORKMAZ\/S\u0130VAS-\u0130HA) T\u00fcrkiye'de yast\u0131k alt\u0131nda tutulan alt\u0131n miktar\u0131n\u0131n 4 bin ila 5 bin ton aras\u0131nda oldu\u011fu ifade eden Prof. Dr. \u0130lkay Noyan Yalman, bu b\u00fcy\u00fck birikimin ekonomiye kazand\u0131r\u0131lamamas\u0131n\u0131n \u00fcretim, istihdam ve yat\u0131r\u0131m a\u00e7\u0131s\u0131ndan \u00f6nemli bir kay\u0131p olarak de\u011ferlendirdi\u011fini ifade etti."},{"@type":"BreadcrumbList","@id":"https:\/\/memurunsesi.net\/index.php\/2026\/03\/30\/uzmani-degerlendirmelerde-bulundu-yastik-altinda-bulunan-tonlarca-altin-uretime-kazandirilmali\/#breadcrumb","itemListElement":[{"@type":"ListItem","position":1,"name":"Anasayfa","item":"https:\/\/memurunsesi.net\/"},{"@type":"ListItem","position":2,"name":"Uzman\u0131 de\u011ferlendirmelerde bulundu: &#8220;Yast\u0131k alt\u0131nda bulunan tonlarca alt\u0131n \u00fcretime kazand\u0131r\u0131lmal\u0131&#8221;"}]},{"@type":"WebSite","@id":"https:\/\/memurunsesi.net\/#website","url":"https:\/\/memurunsesi.net\/","name":"Memurun Sesi","description":"G\u00fcncel ve Do\u011fru Haber","publisher":{"@id":"https:\/\/memurunsesi.net\/#organization"},"potentialAction":[{"@type":"SearchAction","target":{"@type":"EntryPoint","urlTemplate":"https:\/\/memurunsesi.net\/?s={search_term_string}"},"query-input":{"@type":"PropertyValueSpecification","valueRequired":true,"valueName":"search_term_string"}}],"inLanguage":"tr"},{"@type":"Organization","@id":"https:\/\/memurunsesi.net\/#organization","name":"Memurun Sesi","url":"https:\/\/memurunsesi.net\/","logo":{"@type":"ImageObject","inLanguage":"tr","@id":"https:\/\/memurunsesi.net\/#\/schema\/logo\/image\/","url":"https:\/\/memurunsesi.net\/wp-content\/uploads\/2025\/11\/cropped-MEMURUN-SESI.png","contentUrl":"https:\/\/memurunsesi.net\/wp-content\/uploads\/2025\/11\/cropped-MEMURUN-SESI.png","width":238,"height":57,"caption":"Memurun Sesi"},"image":{"@id":"https:\/\/memurunsesi.net\/#\/schema\/logo\/image\/"},"sameAs":["https:\/\/www.facebook.com\/unipersen\/?locale=tr_TR","https:\/\/x.com\/unipersen"]},{"@type":"Person","@id":"https:\/\/memurunsesi.net\/#\/schema\/person\/f21c2d73b89f6ee1d80b0a1803e38587","name":"Memurun Sesi Haber Merkezi","image":{"@type":"ImageObject","inLanguage":"tr","@id":"https:\/\/secure.gravatar.com\/avatar\/6cf0505f452ee753f485014986fab09a434671d2b919ee76fc541025c5876a70?s=96&d=mm&r=g","url":"https:\/\/secure.gravatar.com\/avatar\/6cf0505f452ee753f485014986fab09a434671d2b919ee76fc541025c5876a70?s=96&d=mm&r=g","contentUrl":"https:\/\/secure.gravatar.com\/avatar\/6cf0505f452ee753f485014986fab09a434671d2b919ee76fc541025c5876a70?s=96&d=mm&r=g","caption":"Memurun Sesi Haber Merkezi"},"sameAs":["https:\/\/memurunsesi.net"],"url":"https:\/\/memurunsesi.net\/index.php\/author\/uniper\/"}]}},"_links":{"self":[{"href":"https:\/\/memurunsesi.net\/index.php\/wp-json\/wp\/v2\/posts\/18778","targetHints":{"allow":["GET"]}}],"collection":[{"href":"https:\/\/memurunsesi.net\/index.php\/wp-json\/wp\/v2\/posts"}],"about":[{"href":"https:\/\/memurunsesi.net\/index.php\/wp-json\/wp\/v2\/types\/post"}],"author":[{"embeddable":true,"href":"https:\/\/memurunsesi.net\/index.php\/wp-json\/wp\/v2\/users\/1"}],"replies":[{"embeddable":true,"href":"https:\/\/memurunsesi.net\/index.php\/wp-json\/wp\/v2\/comments?post=18778"}],"version-history":[{"count":1,"href":"https:\/\/memurunsesi.net\/index.php\/wp-json\/wp\/v2\/posts\/18778\/revisions"}],"predecessor-version":[{"id":18780,"href":"https:\/\/memurunsesi.net\/index.php\/wp-json\/wp\/v2\/posts\/18778\/revisions\/18780"}],"wp:featuredmedia":[{"embeddable":true,"href":"https:\/\/memurunsesi.net\/index.php\/wp-json\/wp\/v2\/media\/18779"}],"wp:attachment":[{"href":"https:\/\/memurunsesi.net\/index.php\/wp-json\/wp\/v2\/media?parent=18778"}],"wp:term":[{"taxonomy":"category","embeddable":true,"href":"https:\/\/memurunsesi.net\/index.php\/wp-json\/wp\/v2\/categories?post=18778"},{"taxonomy":"post_tag","embeddable":true,"href":"https:\/\/memurunsesi.net\/index.php\/wp-json\/wp\/v2\/tags?post=18778"}],"curies":[{"name":"wp","href":"https:\/\/api.w.org\/{rel}","templated":true}]}}