{"id":18782,"date":"2026-03-30T23:22:04","date_gmt":"2026-03-30T20:22:04","guid":{"rendered":"https:\/\/memurunsesi.net\/?p=18782"},"modified":"2026-03-30T23:22:04","modified_gmt":"2026-03-30T20:22:04","slug":"bursada-yol-verme-kavgasi-3-kisi-surucuye-saldirdi","status":"publish","type":"post","link":"https:\/\/memurunsesi.net\/index.php\/2026\/03\/30\/bursada-yol-verme-kavgasi-3-kisi-surucuye-saldirdi\/","title":{"rendered":"Bursa&#8217;da yol verme kavgas\u0131: 3 ki\u015fi s\u00fcr\u00fcc\u00fcye sald\u0131rd\u0131"},"content":{"rendered":"<p>Bursa&#8217;da trafikte yol verme meselesi y\u00fcz\u00fcnden \u00e7\u0131kan tart\u0131\u015fmada minib\u00fcsten inen 3 ki\u015fi, otomobil s\u00fcr\u00fcc\u00fcs\u00fcne sald\u0131rd\u0131. O anlar ara\u00e7 kameras\u0131na yans\u0131d\u0131.<br \/>\nOlay, sabah saatlerinde Nil\u00fcfer il\u00e7esi \u0130zmir yolu \u00fczerinde meydana geldi. Edinilen bilgiye g\u00f6re, yo\u011fun trafik ak\u0131\u015f\u0131n\u0131n bulundu\u011fu caddede seyir halinde olan minib\u00fcs\u00fcn s\u00fcr\u00fcc\u00fcs\u00fc, iddiaya g\u00f6re aniden bir otomobilin \u00f6n\u00fcne ge\u00e7mek istedi. Otomobil s\u00fcr\u00fcc\u00fcs\u00fcn\u00fcn yol vermemesi \u00fczerine taraflar aras\u0131nda tart\u0131\u015fma \u00e7\u0131kt\u0131. Tart\u0131\u015fman\u0131n b\u00fcy\u00fcmesi \u00fczerine minib\u00fcs s\u00fcr\u00fcc\u00fcs\u00fc, otomobili bir s\u00fcre takip ederek durdurdu. Minib\u00fcsten inen 3 ki\u015fi, otomobil s\u00fcr\u00fcc\u00fcs\u00fcne hakaret ederek darbetmeye \u00e7al\u0131\u015ft\u0131. O anlar ara\u00e7 kameras\u0131na saniye saniye yans\u0131d\u0131.<\/p>\n<p>30.03.2026<\/p>\n","protected":false},"excerpt":{"rendered":"<p>Bursa&#8217;da trafikte yol verme meselesi y\u00fcz\u00fcnden \u00e7\u0131kan tart\u0131\u015fmada minib\u00fcsten inen 3 ki\u015fi, otomobil s\u00fcr\u00fcc\u00fcs\u00fcne sald\u0131rd\u0131. O anlar ara\u00e7 kameras\u0131na yans\u0131d\u0131. Olay, sabah saatlerinde Nil\u00fcfer il\u00e7esi \u0130zmir yolu \u00fczerinde meydana geldi. Edinilen bilgiye g\u00f6re, yo\u011fun trafik ak\u0131\u015f\u0131n\u0131n bulundu\u011fu caddede seyir halinde olan minib\u00fcs\u00fcn s\u00fcr\u00fcc\u00fcs\u00fc, iddiaya g\u00f6re aniden bir otomobilin \u00f6n\u00fcne ge\u00e7mek istedi. Otomobil s\u00fcr\u00fcc\u00fcs\u00fcn\u00fcn yol vermemesi [&hellip;]<\/p>\n","protected":false},"author":1,"featured_media":18783,"comment_status":"open","ping_status":"open","sticky":false,"template":"","format":"standard","meta":{"footnotes":""},"categories":[1],"tags":[2049,2554,2553],"class_list":["post-18782","post","type-post","status-publish","format-standard","has-post-thumbnail","hentry","category-genel","tag-3-kisi","tag-otomobil-surucusune-saldirdi","tag-trafikte-kavga"],"yoast_head":"<!-- This site is optimized with the Yoast SEO plugin v27.4 - https:\/\/yoast.com\/product\/yoast-seo-wordpress\/ -->\n<title>Bursa&#039;da yol verme kavgas\u0131: 3 ki\u015fi s\u00fcr\u00fcc\u00fcye sald\u0131rd\u0131 - Memurun Sesi<\/title>\n<meta name=\"description\" content=\"\u00a0 \u00a0Bursa&#039;da trafikte yol verme meselesi y\u00fcz\u00fcnden \u00e7\u0131kan tart\u0131\u015fmada minib\u00fcsten inen 3 ki\u015fi, otomobil s\u00fcr\u00fcc\u00fcs\u00fcne sald\u0131rd\u0131. O anlar ara\u00e7 kameras\u0131na yans\u0131d\u0131.\" \/>\n<meta name=\"robots\" content=\"index, follow, max-snippet:-1, max-image-preview:large, max-video-preview:-1\" \/>\n<link rel=\"canonical\" href=\"https:\/\/memurunsesi.net\/index.php\/2026\/03\/30\/bursada-yol-verme-kavgasi-3-kisi-surucuye-saldirdi\/\" \/>\n<meta property=\"og:locale\" content=\"tr_TR\" \/>\n<meta property=\"og:type\" content=\"article\" \/>\n<meta property=\"og:title\" content=\"Bursa&#039;da yol verme kavgas\u0131: 3 ki\u015fi s\u00fcr\u00fcc\u00fcye sald\u0131rd\u0131 - Memurun Sesi\" \/>\n<meta property=\"og:description\" content=\"\u00a0 \u00a0Bursa&#039;da trafikte yol verme meselesi y\u00fcz\u00fcnden \u00e7\u0131kan tart\u0131\u015fmada minib\u00fcsten inen 3 ki\u015fi, otomobil s\u00fcr\u00fcc\u00fcs\u00fcne sald\u0131rd\u0131. O anlar ara\u00e7 kameras\u0131na yans\u0131d\u0131.\" \/>\n<meta property=\"og:url\" content=\"https:\/\/memurunsesi.net\/index.php\/2026\/03\/30\/bursada-yol-verme-kavgasi-3-kisi-surucuye-saldirdi\/\" \/>\n<meta property=\"og:site_name\" content=\"Memurun Sesi\" \/>\n<meta property=\"article:publisher\" content=\"https:\/\/www.facebook.com\/unipersen\/?locale=tr_TR\" \/>\n<meta property=\"article:published_time\" content=\"2026-03-30T20:22:04+00:00\" \/>\n<meta property=\"og:image\" content=\"https:\/\/memurunsesi.net\/wp-content\/uploads\/2026\/03\/trafik-kavga.jpg\" \/>\n\t<meta property=\"og:image:width\" content=\"943\" \/>\n\t<meta property=\"og:image:height\" content=\"1302\" \/>\n\t<meta property=\"og:image:type\" content=\"image\/jpeg\" \/>\n<meta name=\"author\" content=\"Memurun Sesi Haber Merkezi\" \/>\n<meta name=\"twitter:card\" content=\"summary_large_image\" \/>\n<meta name=\"twitter:creator\" content=\"@unipersen\" \/>\n<meta name=\"twitter:site\" content=\"@unipersen\" \/>\n<meta name=\"twitter:label1\" content=\"Yazan:\" \/>\n\t<meta name=\"twitter:data1\" content=\"Memurun Sesi Haber Merkezi\" \/>\n\t<meta name=\"twitter:label2\" content=\"Tahmini okuma s\u00fcresi\" \/>\n\t<meta name=\"twitter:data2\" content=\"1 dakika\" \/>\n<script type=\"application\/ld+json\" class=\"yoast-schema-graph\">{\"@context\":\"https:\\\/\\\/schema.org\",\"@graph\":[{\"@type\":\"Article\",\"@id\":\"https:\\\/\\\/memurunsesi.net\\\/index.php\\\/2026\\\/03\\\/30\\\/bursada-yol-verme-kavgasi-3-kisi-surucuye-saldirdi\\\/#article\",\"isPartOf\":{\"@id\":\"https:\\\/\\\/memurunsesi.net\\\/index.php\\\/2026\\\/03\\\/30\\\/bursada-yol-verme-kavgasi-3-kisi-surucuye-saldirdi\\\/\"},\"author\":{\"name\":\"Memurun Sesi Haber Merkezi\",\"@id\":\"https:\\\/\\\/memurunsesi.net\\\/#\\\/schema\\\/person\\\/f21c2d73b89f6ee1d80b0a1803e38587\"},\"headline\":\"Bursa&#8217;da yol verme kavgas\u0131: 3 ki\u015fi s\u00fcr\u00fcc\u00fcye sald\u0131rd\u0131\",\"datePublished\":\"2026-03-30T20:22:04+00:00\",\"mainEntityOfPage\":{\"@id\":\"https:\\\/\\\/memurunsesi.net\\\/index.php\\\/2026\\\/03\\\/30\\\/bursada-yol-verme-kavgasi-3-kisi-surucuye-saldirdi\\\/\"},\"wordCount\":152,\"commentCount\":0,\"publisher\":{\"@id\":\"https:\\\/\\\/memurunsesi.net\\\/#organization\"},\"image\":{\"@id\":\"https:\\\/\\\/memurunsesi.net\\\/index.php\\\/2026\\\/03\\\/30\\\/bursada-yol-verme-kavgasi-3-kisi-surucuye-saldirdi\\\/#primaryimage\"},\"thumbnailUrl\":\"https:\\\/\\\/memurunsesi.net\\\/wp-content\\\/uploads\\\/2026\\\/03\\\/trafik-kavga.jpg\",\"keywords\":[\"3 ki\u015fi\",\"otomobil s\u00fcr\u00fcc\u00fcs\u00fcne sald\u0131rd\u0131\",\"trafikte kavga\"],\"inLanguage\":\"tr\",\"potentialAction\":[{\"@type\":\"CommentAction\",\"name\":\"Comment\",\"target\":[\"https:\\\/\\\/memurunsesi.net\\\/index.php\\\/2026\\\/03\\\/30\\\/bursada-yol-verme-kavgasi-3-kisi-surucuye-saldirdi\\\/#respond\"]}]},{\"@type\":\"WebPage\",\"@id\":\"https:\\\/\\\/memurunsesi.net\\\/index.php\\\/2026\\\/03\\\/30\\\/bursada-yol-verme-kavgasi-3-kisi-surucuye-saldirdi\\\/\",\"url\":\"https:\\\/\\\/memurunsesi.net\\\/index.php\\\/2026\\\/03\\\/30\\\/bursada-yol-verme-kavgasi-3-kisi-surucuye-saldirdi\\\/\",\"name\":\"Bursa'da yol verme kavgas\u0131: 3 ki\u015fi s\u00fcr\u00fcc\u00fcye sald\u0131rd\u0131 - Memurun Sesi\",\"isPartOf\":{\"@id\":\"https:\\\/\\\/memurunsesi.net\\\/#website\"},\"primaryImageOfPage\":{\"@id\":\"https:\\\/\\\/memurunsesi.net\\\/index.php\\\/2026\\\/03\\\/30\\\/bursada-yol-verme-kavgasi-3-kisi-surucuye-saldirdi\\\/#primaryimage\"},\"image\":{\"@id\":\"https:\\\/\\\/memurunsesi.net\\\/index.php\\\/2026\\\/03\\\/30\\\/bursada-yol-verme-kavgasi-3-kisi-surucuye-saldirdi\\\/#primaryimage\"},\"thumbnailUrl\":\"https:\\\/\\\/memurunsesi.net\\\/wp-content\\\/uploads\\\/2026\\\/03\\\/trafik-kavga.jpg\",\"datePublished\":\"2026-03-30T20:22:04+00:00\",\"description\":\"\u00a0 \u00a0Bursa'da trafikte yol verme meselesi y\u00fcz\u00fcnden \u00e7\u0131kan tart\u0131\u015fmada minib\u00fcsten inen 3 ki\u015fi, otomobil s\u00fcr\u00fcc\u00fcs\u00fcne sald\u0131rd\u0131. O anlar ara\u00e7 kameras\u0131na yans\u0131d\u0131.\",\"breadcrumb\":{\"@id\":\"https:\\\/\\\/memurunsesi.net\\\/index.php\\\/2026\\\/03\\\/30\\\/bursada-yol-verme-kavgasi-3-kisi-surucuye-saldirdi\\\/#breadcrumb\"},\"inLanguage\":\"tr\",\"potentialAction\":[{\"@type\":\"ReadAction\",\"target\":[\"https:\\\/\\\/memurunsesi.net\\\/index.php\\\/2026\\\/03\\\/30\\\/bursada-yol-verme-kavgasi-3-kisi-surucuye-saldirdi\\\/\"]}]},{\"@type\":\"ImageObject\",\"inLanguage\":\"tr\",\"@id\":\"https:\\\/\\\/memurunsesi.net\\\/index.php\\\/2026\\\/03\\\/30\\\/bursada-yol-verme-kavgasi-3-kisi-surucuye-saldirdi\\\/#primaryimage\",\"url\":\"https:\\\/\\\/memurunsesi.net\\\/wp-content\\\/uploads\\\/2026\\\/03\\\/trafik-kavga.jpg\",\"contentUrl\":\"https:\\\/\\\/memurunsesi.net\\\/wp-content\\\/uploads\\\/2026\\\/03\\\/trafik-kavga.jpg\",\"width\":943,\"height\":1302,\"caption\":\"BURSA'DA TRAF\u0130KTE YOL VERME MESELES\u0130 Y\u00dcZ\u00dcNDEN \u00c7IKAN TARTI\u015eMADA M\u0130N\u0130B\u00dcSTEN \u0130NEN 3 K\u0130\u015e\u0130, OTOMOB\u0130L S\u00dcR\u00dcC\u00dcS\u00dcNE SALDIRDI. O ANLAR ARA\u00c7 KAMERASINA YANSIDI. (\u0130HA\\\/BURSA-\u0130HA) Bursa'da trafikte yol verme meselesi y\u00fcz\u00fcnden \u00e7\u0131kan tart\u0131\u015fmada minib\u00fcsten inen 3 ki\u015fi, otomobil s\u00fcr\u00fcc\u00fcs\u00fcne sald\u0131rd\u0131. O anlar ara\u00e7 kameras\u0131na yans\u0131d\u0131.\"},{\"@type\":\"BreadcrumbList\",\"@id\":\"https:\\\/\\\/memurunsesi.net\\\/index.php\\\/2026\\\/03\\\/30\\\/bursada-yol-verme-kavgasi-3-kisi-surucuye-saldirdi\\\/#breadcrumb\",\"itemListElement\":[{\"@type\":\"ListItem\",\"position\":1,\"name\":\"Anasayfa\",\"item\":\"https:\\\/\\\/memurunsesi.net\\\/\"},{\"@type\":\"ListItem\",\"position\":2,\"name\":\"Bursa&#8217;da yol verme kavgas\u0131: 3 ki\u015fi s\u00fcr\u00fcc\u00fcye sald\u0131rd\u0131\"}]},{\"@type\":\"WebSite\",\"@id\":\"https:\\\/\\\/memurunsesi.net\\\/#website\",\"url\":\"https:\\\/\\\/memurunsesi.net\\\/\",\"name\":\"Memurun Sesi\",\"description\":\"G\u00fcncel ve Do\u011fru Haber\",\"publisher\":{\"@id\":\"https:\\\/\\\/memurunsesi.net\\\/#organization\"},\"potentialAction\":[{\"@type\":\"SearchAction\",\"target\":{\"@type\":\"EntryPoint\",\"urlTemplate\":\"https:\\\/\\\/memurunsesi.net\\\/?s={search_term_string}\"},\"query-input\":{\"@type\":\"PropertyValueSpecification\",\"valueRequired\":true,\"valueName\":\"search_term_string\"}}],\"inLanguage\":\"tr\"},{\"@type\":\"Organization\",\"@id\":\"https:\\\/\\\/memurunsesi.net\\\/#organization\",\"name\":\"Memurun Sesi\",\"url\":\"https:\\\/\\\/memurunsesi.net\\\/\",\"logo\":{\"@type\":\"ImageObject\",\"inLanguage\":\"tr\",\"@id\":\"https:\\\/\\\/memurunsesi.net\\\/#\\\/schema\\\/logo\\\/image\\\/\",\"url\":\"https:\\\/\\\/memurunsesi.net\\\/wp-content\\\/uploads\\\/2025\\\/11\\\/cropped-MEMURUN-SESI.png\",\"contentUrl\":\"https:\\\/\\\/memurunsesi.net\\\/wp-content\\\/uploads\\\/2025\\\/11\\\/cropped-MEMURUN-SESI.png\",\"width\":238,\"height\":57,\"caption\":\"Memurun Sesi\"},\"image\":{\"@id\":\"https:\\\/\\\/memurunsesi.net\\\/#\\\/schema\\\/logo\\\/image\\\/\"},\"sameAs\":[\"https:\\\/\\\/www.facebook.com\\\/unipersen\\\/?locale=tr_TR\",\"https:\\\/\\\/x.com\\\/unipersen\"]},{\"@type\":\"Person\",\"@id\":\"https:\\\/\\\/memurunsesi.net\\\/#\\\/schema\\\/person\\\/f21c2d73b89f6ee1d80b0a1803e38587\",\"name\":\"Memurun Sesi Haber Merkezi\",\"image\":{\"@type\":\"ImageObject\",\"inLanguage\":\"tr\",\"@id\":\"https:\\\/\\\/secure.gravatar.com\\\/avatar\\\/6cf0505f452ee753f485014986fab09a434671d2b919ee76fc541025c5876a70?s=96&d=mm&r=g\",\"url\":\"https:\\\/\\\/secure.gravatar.com\\\/avatar\\\/6cf0505f452ee753f485014986fab09a434671d2b919ee76fc541025c5876a70?s=96&d=mm&r=g\",\"contentUrl\":\"https:\\\/\\\/secure.gravatar.com\\\/avatar\\\/6cf0505f452ee753f485014986fab09a434671d2b919ee76fc541025c5876a70?s=96&d=mm&r=g\",\"caption\":\"Memurun Sesi Haber Merkezi\"},\"sameAs\":[\"https:\\\/\\\/memurunsesi.net\"],\"url\":\"https:\\\/\\\/memurunsesi.net\\\/index.php\\\/author\\\/uniper\\\/\"}]}<\/script>\n<!-- \/ Yoast SEO plugin. -->","yoast_head_json":{"title":"Bursa'da yol verme kavgas\u0131: 3 ki\u015fi s\u00fcr\u00fcc\u00fcye sald\u0131rd\u0131 - Memurun Sesi","description":"\u00a0 \u00a0Bursa'da trafikte yol verme meselesi y\u00fcz\u00fcnden \u00e7\u0131kan tart\u0131\u015fmada minib\u00fcsten inen 3 ki\u015fi, otomobil s\u00fcr\u00fcc\u00fcs\u00fcne sald\u0131rd\u0131. O anlar ara\u00e7 kameras\u0131na yans\u0131d\u0131.","robots":{"index":"index","follow":"follow","max-snippet":"max-snippet:-1","max-image-preview":"max-image-preview:large","max-video-preview":"max-video-preview:-1"},"canonical":"https:\/\/memurunsesi.net\/index.php\/2026\/03\/30\/bursada-yol-verme-kavgasi-3-kisi-surucuye-saldirdi\/","og_locale":"tr_TR","og_type":"article","og_title":"Bursa'da yol verme kavgas\u0131: 3 ki\u015fi s\u00fcr\u00fcc\u00fcye sald\u0131rd\u0131 - Memurun Sesi","og_description":"\u00a0 \u00a0Bursa'da trafikte yol verme meselesi y\u00fcz\u00fcnden \u00e7\u0131kan tart\u0131\u015fmada minib\u00fcsten inen 3 ki\u015fi, otomobil s\u00fcr\u00fcc\u00fcs\u00fcne sald\u0131rd\u0131. O anlar ara\u00e7 kameras\u0131na yans\u0131d\u0131.","og_url":"https:\/\/memurunsesi.net\/index.php\/2026\/03\/30\/bursada-yol-verme-kavgasi-3-kisi-surucuye-saldirdi\/","og_site_name":"Memurun Sesi","article_publisher":"https:\/\/www.facebook.com\/unipersen\/?locale=tr_TR","article_published_time":"2026-03-30T20:22:04+00:00","og_image":[{"width":943,"height":1302,"url":"https:\/\/memurunsesi.net\/wp-content\/uploads\/2026\/03\/trafik-kavga.jpg","type":"image\/jpeg"}],"author":"Memurun Sesi Haber Merkezi","twitter_card":"summary_large_image","twitter_creator":"@unipersen","twitter_site":"@unipersen","twitter_misc":{"Yazan:":"Memurun Sesi Haber Merkezi","Tahmini okuma s\u00fcresi":"1 dakika"},"schema":{"@context":"https:\/\/schema.org","@graph":[{"@type":"Article","@id":"https:\/\/memurunsesi.net\/index.php\/2026\/03\/30\/bursada-yol-verme-kavgasi-3-kisi-surucuye-saldirdi\/#article","isPartOf":{"@id":"https:\/\/memurunsesi.net\/index.php\/2026\/03\/30\/bursada-yol-verme-kavgasi-3-kisi-surucuye-saldirdi\/"},"author":{"name":"Memurun Sesi Haber Merkezi","@id":"https:\/\/memurunsesi.net\/#\/schema\/person\/f21c2d73b89f6ee1d80b0a1803e38587"},"headline":"Bursa&#8217;da yol verme kavgas\u0131: 3 ki\u015fi s\u00fcr\u00fcc\u00fcye sald\u0131rd\u0131","datePublished":"2026-03-30T20:22:04+00:00","mainEntityOfPage":{"@id":"https:\/\/memurunsesi.net\/index.php\/2026\/03\/30\/bursada-yol-verme-kavgasi-3-kisi-surucuye-saldirdi\/"},"wordCount":152,"commentCount":0,"publisher":{"@id":"https:\/\/memurunsesi.net\/#organization"},"image":{"@id":"https:\/\/memurunsesi.net\/index.php\/2026\/03\/30\/bursada-yol-verme-kavgasi-3-kisi-surucuye-saldirdi\/#primaryimage"},"thumbnailUrl":"https:\/\/memurunsesi.net\/wp-content\/uploads\/2026\/03\/trafik-kavga.jpg","keywords":["3 ki\u015fi","otomobil s\u00fcr\u00fcc\u00fcs\u00fcne sald\u0131rd\u0131","trafikte kavga"],"inLanguage":"tr","potentialAction":[{"@type":"CommentAction","name":"Comment","target":["https:\/\/memurunsesi.net\/index.php\/2026\/03\/30\/bursada-yol-verme-kavgasi-3-kisi-surucuye-saldirdi\/#respond"]}]},{"@type":"WebPage","@id":"https:\/\/memurunsesi.net\/index.php\/2026\/03\/30\/bursada-yol-verme-kavgasi-3-kisi-surucuye-saldirdi\/","url":"https:\/\/memurunsesi.net\/index.php\/2026\/03\/30\/bursada-yol-verme-kavgasi-3-kisi-surucuye-saldirdi\/","name":"Bursa'da yol verme kavgas\u0131: 3 ki\u015fi s\u00fcr\u00fcc\u00fcye sald\u0131rd\u0131 - Memurun Sesi","isPartOf":{"@id":"https:\/\/memurunsesi.net\/#website"},"primaryImageOfPage":{"@id":"https:\/\/memurunsesi.net\/index.php\/2026\/03\/30\/bursada-yol-verme-kavgasi-3-kisi-surucuye-saldirdi\/#primaryimage"},"image":{"@id":"https:\/\/memurunsesi.net\/index.php\/2026\/03\/30\/bursada-yol-verme-kavgasi-3-kisi-surucuye-saldirdi\/#primaryimage"},"thumbnailUrl":"https:\/\/memurunsesi.net\/wp-content\/uploads\/2026\/03\/trafik-kavga.jpg","datePublished":"2026-03-30T20:22:04+00:00","description":"\u00a0 \u00a0Bursa'da trafikte yol verme meselesi y\u00fcz\u00fcnden \u00e7\u0131kan tart\u0131\u015fmada minib\u00fcsten inen 3 ki\u015fi, otomobil s\u00fcr\u00fcc\u00fcs\u00fcne sald\u0131rd\u0131. O anlar ara\u00e7 kameras\u0131na yans\u0131d\u0131.","breadcrumb":{"@id":"https:\/\/memurunsesi.net\/index.php\/2026\/03\/30\/bursada-yol-verme-kavgasi-3-kisi-surucuye-saldirdi\/#breadcrumb"},"inLanguage":"tr","potentialAction":[{"@type":"ReadAction","target":["https:\/\/memurunsesi.net\/index.php\/2026\/03\/30\/bursada-yol-verme-kavgasi-3-kisi-surucuye-saldirdi\/"]}]},{"@type":"ImageObject","inLanguage":"tr","@id":"https:\/\/memurunsesi.net\/index.php\/2026\/03\/30\/bursada-yol-verme-kavgasi-3-kisi-surucuye-saldirdi\/#primaryimage","url":"https:\/\/memurunsesi.net\/wp-content\/uploads\/2026\/03\/trafik-kavga.jpg","contentUrl":"https:\/\/memurunsesi.net\/wp-content\/uploads\/2026\/03\/trafik-kavga.jpg","width":943,"height":1302,"caption":"BURSA'DA TRAF\u0130KTE YOL VERME MESELES\u0130 Y\u00dcZ\u00dcNDEN \u00c7IKAN TARTI\u015eMADA M\u0130N\u0130B\u00dcSTEN \u0130NEN 3 K\u0130\u015e\u0130, OTOMOB\u0130L S\u00dcR\u00dcC\u00dcS\u00dcNE SALDIRDI. O ANLAR ARA\u00c7 KAMERASINA YANSIDI. (\u0130HA\/BURSA-\u0130HA) Bursa'da trafikte yol verme meselesi y\u00fcz\u00fcnden \u00e7\u0131kan tart\u0131\u015fmada minib\u00fcsten inen 3 ki\u015fi, otomobil s\u00fcr\u00fcc\u00fcs\u00fcne sald\u0131rd\u0131. O anlar ara\u00e7 kameras\u0131na yans\u0131d\u0131."},{"@type":"BreadcrumbList","@id":"https:\/\/memurunsesi.net\/index.php\/2026\/03\/30\/bursada-yol-verme-kavgasi-3-kisi-surucuye-saldirdi\/#breadcrumb","itemListElement":[{"@type":"ListItem","position":1,"name":"Anasayfa","item":"https:\/\/memurunsesi.net\/"},{"@type":"ListItem","position":2,"name":"Bursa&#8217;da yol verme kavgas\u0131: 3 ki\u015fi s\u00fcr\u00fcc\u00fcye sald\u0131rd\u0131"}]},{"@type":"WebSite","@id":"https:\/\/memurunsesi.net\/#website","url":"https:\/\/memurunsesi.net\/","name":"Memurun Sesi","description":"G\u00fcncel ve Do\u011fru Haber","publisher":{"@id":"https:\/\/memurunsesi.net\/#organization"},"potentialAction":[{"@type":"SearchAction","target":{"@type":"EntryPoint","urlTemplate":"https:\/\/memurunsesi.net\/?s={search_term_string}"},"query-input":{"@type":"PropertyValueSpecification","valueRequired":true,"valueName":"search_term_string"}}],"inLanguage":"tr"},{"@type":"Organization","@id":"https:\/\/memurunsesi.net\/#organization","name":"Memurun Sesi","url":"https:\/\/memurunsesi.net\/","logo":{"@type":"ImageObject","inLanguage":"tr","@id":"https:\/\/memurunsesi.net\/#\/schema\/logo\/image\/","url":"https:\/\/memurunsesi.net\/wp-content\/uploads\/2025\/11\/cropped-MEMURUN-SESI.png","contentUrl":"https:\/\/memurunsesi.net\/wp-content\/uploads\/2025\/11\/cropped-MEMURUN-SESI.png","width":238,"height":57,"caption":"Memurun Sesi"},"image":{"@id":"https:\/\/memurunsesi.net\/#\/schema\/logo\/image\/"},"sameAs":["https:\/\/www.facebook.com\/unipersen\/?locale=tr_TR","https:\/\/x.com\/unipersen"]},{"@type":"Person","@id":"https:\/\/memurunsesi.net\/#\/schema\/person\/f21c2d73b89f6ee1d80b0a1803e38587","name":"Memurun Sesi Haber Merkezi","image":{"@type":"ImageObject","inLanguage":"tr","@id":"https:\/\/secure.gravatar.com\/avatar\/6cf0505f452ee753f485014986fab09a434671d2b919ee76fc541025c5876a70?s=96&d=mm&r=g","url":"https:\/\/secure.gravatar.com\/avatar\/6cf0505f452ee753f485014986fab09a434671d2b919ee76fc541025c5876a70?s=96&d=mm&r=g","contentUrl":"https:\/\/secure.gravatar.com\/avatar\/6cf0505f452ee753f485014986fab09a434671d2b919ee76fc541025c5876a70?s=96&d=mm&r=g","caption":"Memurun Sesi Haber Merkezi"},"sameAs":["https:\/\/memurunsesi.net"],"url":"https:\/\/memurunsesi.net\/index.php\/author\/uniper\/"}]}},"_links":{"self":[{"href":"https:\/\/memurunsesi.net\/index.php\/wp-json\/wp\/v2\/posts\/18782","targetHints":{"allow":["GET"]}}],"collection":[{"href":"https:\/\/memurunsesi.net\/index.php\/wp-json\/wp\/v2\/posts"}],"about":[{"href":"https:\/\/memurunsesi.net\/index.php\/wp-json\/wp\/v2\/types\/post"}],"author":[{"embeddable":true,"href":"https:\/\/memurunsesi.net\/index.php\/wp-json\/wp\/v2\/users\/1"}],"replies":[{"embeddable":true,"href":"https:\/\/memurunsesi.net\/index.php\/wp-json\/wp\/v2\/comments?post=18782"}],"version-history":[{"count":1,"href":"https:\/\/memurunsesi.net\/index.php\/wp-json\/wp\/v2\/posts\/18782\/revisions"}],"predecessor-version":[{"id":18784,"href":"https:\/\/memurunsesi.net\/index.php\/wp-json\/wp\/v2\/posts\/18782\/revisions\/18784"}],"wp:featuredmedia":[{"embeddable":true,"href":"https:\/\/memurunsesi.net\/index.php\/wp-json\/wp\/v2\/media\/18783"}],"wp:attachment":[{"href":"https:\/\/memurunsesi.net\/index.php\/wp-json\/wp\/v2\/media?parent=18782"}],"wp:term":[{"taxonomy":"category","embeddable":true,"href":"https:\/\/memurunsesi.net\/index.php\/wp-json\/wp\/v2\/categories?post=18782"},{"taxonomy":"post_tag","embeddable":true,"href":"https:\/\/memurunsesi.net\/index.php\/wp-json\/wp\/v2\/tags?post=18782"}],"curies":[{"name":"wp","href":"https:\/\/api.w.org\/{rel}","templated":true}]}}