{"id":18786,"date":"2026-03-31T23:54:45","date_gmt":"2026-03-31T20:54:45","guid":{"rendered":"https:\/\/memurunsesi.net\/?p=18786"},"modified":"2026-03-31T23:54:45","modified_gmt":"2026-03-31T20:54:45","slug":"okmeydaninda-ticari-takside-yangin-yolcular-son-anda-tahliye-edildi","status":"publish","type":"post","link":"https:\/\/memurunsesi.net\/index.php\/2026\/03\/31\/okmeydaninda-ticari-takside-yangin-yolcular-son-anda-tahliye-edildi\/","title":{"rendered":"Okmeydan\u0131&#8217;nda ticari takside yang\u0131n: Yolcular son anda tahliye edildi"},"content":{"rendered":"<p>Ka\u011f\u0131thane Okmeydan\u0131&#8217;nda seyir halindeki bir ticari takside yang\u0131n \u00e7\u0131kt\u0131. Durumu fark eden s\u00fcr\u00fcc\u00fc arac\u0131 yol kenar\u0131na \u00e7ekerek, i\u00e7erideki yolcular\u0131 son anda tahliye etti.<br \/>\nYang\u0131n, saat 21.00 s\u0131ralar\u0131nda Ka\u011f\u0131thane Okmeydan\u0131 Viyad\u00fc\u011f\u00fc meydana geldi. Edinilen bilgiye g\u00f6re, Ali D. idaresindeki 34 THA 34 plakal\u0131 ticari taksi, seyir halindeyken sol fardan dumanlar y\u00fckseldi. R\u00fczgar\u0131n da etkisiyle arac\u0131 alevler sard\u0131. S\u00fcr\u00fcc\u00fc, panik i\u00e7inde arac\u0131 yol kenar\u0131na \u00e7ekerek, i\u00e7inde bir \u00e7ocu\u011fun da yolcular\u0131 tahliye etti. \u0130hbar \u00fczerine olay yerine polis, itfaiye ve sa\u011fl\u0131k ekipleri sevk edildi. Ekiplerin yar\u0131m saatlik \u00e7al\u0131\u015fmas\u0131n\u0131n ard\u0131ndan yang\u0131n s\u00f6nd\u00fcr\u00fcld\u00fc. Yang\u0131n sonucu ara\u00e7 kullan\u0131lmaz hale geldi.<\/p>\n<p>&#8220;\u00c7ocuk vard\u0131 arabada kald\u0131 panik yapmad\u0131m \u00e7ocu\u011fu \u00e7\u0131kard\u0131m&#8221;<br \/>\nOlay\u0131 anlatan otomobil s\u00fcr\u00fcc\u00fcs\u00fc Ali D., &#8220;Bir abi geldi bana arabadan duman \u00e7\u0131k\u0131yor dedi. Bir anda sol fardan duman \u00e7\u0131kmaya ba\u015flad\u0131. Hemen arac\u0131 sa\u011f tarafa \u00e7ektim. Arabada yolcular vard\u0131. Yolculara bir \u015fey olmad\u0131. Bir anda alevler parlad\u0131. Araban\u0131n i\u00e7erisinde 7-8 ya\u015flar\u0131nda \u00e7ocuk da, vard\u0131 arabada kald\u0131 panik yapmad\u0131m \u00e7ocu\u011fu \u00e7\u0131kard\u0131m&#8221; dedi.<br \/>\nYang\u0131nla ilgili inceleme ba\u015flat\u0131ld\u0131.<\/p>\n<p>31.03.2026<\/p>\n","protected":false},"excerpt":{"rendered":"<p>Ka\u011f\u0131thane Okmeydan\u0131&#8217;nda seyir halindeki bir ticari takside yang\u0131n \u00e7\u0131kt\u0131. Durumu fark eden s\u00fcr\u00fcc\u00fc arac\u0131 yol kenar\u0131na \u00e7ekerek, i\u00e7erideki yolcular\u0131 son anda tahliye etti. Yang\u0131n, saat 21.00 s\u0131ralar\u0131nda Ka\u011f\u0131thane Okmeydan\u0131 Viyad\u00fc\u011f\u00fc meydana geldi. Edinilen bilgiye g\u00f6re, Ali D. idaresindeki 34 THA 34 plakal\u0131 ticari taksi, seyir halindeyken sol fardan dumanlar y\u00fckseldi. R\u00fczgar\u0131n da etkisiyle arac\u0131 alevler [&hellip;]<\/p>\n","protected":false},"author":1,"featured_media":18787,"comment_status":"open","ping_status":"open","sticky":false,"template":"","format":"standard","meta":{"footnotes":""},"categories":[50],"tags":[2555,108],"class_list":["post-18786","post","type-post","status-publish","format-standard","has-post-thumbnail","hentry","category-tum-haberler","tag-ticari-taksi","tag-yangin"],"yoast_head":"<!-- This site is optimized with the Yoast SEO plugin v27.4 - https:\/\/yoast.com\/product\/yoast-seo-wordpress\/ -->\n<title>Okmeydan\u0131&#039;nda ticari takside yang\u0131n: Yolcular son anda tahliye edildi - Memurun Sesi<\/title>\n<meta name=\"description\" content=\"\u00a0 \u00a0 \u00a0Ka\u011f\u0131thane Okmeydan\u0131&#039;nda seyir halindeki bir ticari takside yang\u0131n \u00e7\u0131kt\u0131. Durumu fark eden s\u00fcr\u00fcc\u00fc arac\u0131 yol kenar\u0131na \u00e7ekerek, i\u00e7erideki yolcular\u0131 son anda tahliye etti.\" \/>\n<meta name=\"robots\" content=\"index, follow, max-snippet:-1, max-image-preview:large, max-video-preview:-1\" \/>\n<link rel=\"canonical\" href=\"https:\/\/memurunsesi.net\/index.php\/2026\/03\/31\/okmeydaninda-ticari-takside-yangin-yolcular-son-anda-tahliye-edildi\/\" \/>\n<meta property=\"og:locale\" content=\"tr_TR\" \/>\n<meta property=\"og:type\" content=\"article\" \/>\n<meta property=\"og:title\" content=\"Okmeydan\u0131&#039;nda ticari takside yang\u0131n: Yolcular son anda tahliye edildi - Memurun Sesi\" \/>\n<meta property=\"og:description\" content=\"\u00a0 \u00a0 \u00a0Ka\u011f\u0131thane Okmeydan\u0131&#039;nda seyir halindeki bir ticari takside yang\u0131n \u00e7\u0131kt\u0131. Durumu fark eden s\u00fcr\u00fcc\u00fc arac\u0131 yol kenar\u0131na \u00e7ekerek, i\u00e7erideki yolcular\u0131 son anda tahliye etti.\" \/>\n<meta property=\"og:url\" content=\"https:\/\/memurunsesi.net\/index.php\/2026\/03\/31\/okmeydaninda-ticari-takside-yangin-yolcular-son-anda-tahliye-edildi\/\" \/>\n<meta property=\"og:site_name\" content=\"Memurun Sesi\" \/>\n<meta property=\"article:publisher\" content=\"https:\/\/www.facebook.com\/unipersen\/?locale=tr_TR\" \/>\n<meta property=\"article:published_time\" content=\"2026-03-31T20:54:45+00:00\" \/>\n<meta property=\"og:image\" content=\"https:\/\/memurunsesi.net\/wp-content\/uploads\/2026\/03\/ticari-scaled.jpg\" \/>\n\t<meta property=\"og:image:width\" content=\"2560\" \/>\n\t<meta property=\"og:image:height\" content=\"1440\" \/>\n\t<meta property=\"og:image:type\" content=\"image\/jpeg\" \/>\n<meta name=\"author\" content=\"Memurun Sesi Haber Merkezi\" \/>\n<meta name=\"twitter:card\" content=\"summary_large_image\" \/>\n<meta name=\"twitter:creator\" content=\"@unipersen\" \/>\n<meta name=\"twitter:site\" content=\"@unipersen\" \/>\n<meta name=\"twitter:label1\" content=\"Yazan:\" \/>\n\t<meta name=\"twitter:data1\" content=\"Memurun Sesi Haber Merkezi\" \/>\n\t<meta name=\"twitter:label2\" content=\"Tahmini okuma s\u00fcresi\" \/>\n\t<meta name=\"twitter:data2\" content=\"2 dakika\" \/>\n<script type=\"application\/ld+json\" class=\"yoast-schema-graph\">{\"@context\":\"https:\\\/\\\/schema.org\",\"@graph\":[{\"@type\":\"Article\",\"@id\":\"https:\\\/\\\/memurunsesi.net\\\/index.php\\\/2026\\\/03\\\/31\\\/okmeydaninda-ticari-takside-yangin-yolcular-son-anda-tahliye-edildi\\\/#article\",\"isPartOf\":{\"@id\":\"https:\\\/\\\/memurunsesi.net\\\/index.php\\\/2026\\\/03\\\/31\\\/okmeydaninda-ticari-takside-yangin-yolcular-son-anda-tahliye-edildi\\\/\"},\"author\":{\"name\":\"Memurun Sesi Haber Merkezi\",\"@id\":\"https:\\\/\\\/memurunsesi.net\\\/#\\\/schema\\\/person\\\/f21c2d73b89f6ee1d80b0a1803e38587\"},\"headline\":\"Okmeydan\u0131&#8217;nda ticari takside yang\u0131n: Yolcular son anda tahliye edildi\",\"datePublished\":\"2026-03-31T20:54:45+00:00\",\"mainEntityOfPage\":{\"@id\":\"https:\\\/\\\/memurunsesi.net\\\/index.php\\\/2026\\\/03\\\/31\\\/okmeydaninda-ticari-takside-yangin-yolcular-son-anda-tahliye-edildi\\\/\"},\"wordCount\":217,\"commentCount\":0,\"publisher\":{\"@id\":\"https:\\\/\\\/memurunsesi.net\\\/#organization\"},\"image\":{\"@id\":\"https:\\\/\\\/memurunsesi.net\\\/index.php\\\/2026\\\/03\\\/31\\\/okmeydaninda-ticari-takside-yangin-yolcular-son-anda-tahliye-edildi\\\/#primaryimage\"},\"thumbnailUrl\":\"https:\\\/\\\/memurunsesi.net\\\/wp-content\\\/uploads\\\/2026\\\/03\\\/ticari-scaled.jpg\",\"keywords\":[\"ticari taksi\",\"yang\u0131n\"],\"articleSection\":[\"T\u00fcm Haberler\"],\"inLanguage\":\"tr\",\"potentialAction\":[{\"@type\":\"CommentAction\",\"name\":\"Comment\",\"target\":[\"https:\\\/\\\/memurunsesi.net\\\/index.php\\\/2026\\\/03\\\/31\\\/okmeydaninda-ticari-takside-yangin-yolcular-son-anda-tahliye-edildi\\\/#respond\"]}]},{\"@type\":\"WebPage\",\"@id\":\"https:\\\/\\\/memurunsesi.net\\\/index.php\\\/2026\\\/03\\\/31\\\/okmeydaninda-ticari-takside-yangin-yolcular-son-anda-tahliye-edildi\\\/\",\"url\":\"https:\\\/\\\/memurunsesi.net\\\/index.php\\\/2026\\\/03\\\/31\\\/okmeydaninda-ticari-takside-yangin-yolcular-son-anda-tahliye-edildi\\\/\",\"name\":\"Okmeydan\u0131'nda ticari takside yang\u0131n: Yolcular son anda tahliye edildi - Memurun Sesi\",\"isPartOf\":{\"@id\":\"https:\\\/\\\/memurunsesi.net\\\/#website\"},\"primaryImageOfPage\":{\"@id\":\"https:\\\/\\\/memurunsesi.net\\\/index.php\\\/2026\\\/03\\\/31\\\/okmeydaninda-ticari-takside-yangin-yolcular-son-anda-tahliye-edildi\\\/#primaryimage\"},\"image\":{\"@id\":\"https:\\\/\\\/memurunsesi.net\\\/index.php\\\/2026\\\/03\\\/31\\\/okmeydaninda-ticari-takside-yangin-yolcular-son-anda-tahliye-edildi\\\/#primaryimage\"},\"thumbnailUrl\":\"https:\\\/\\\/memurunsesi.net\\\/wp-content\\\/uploads\\\/2026\\\/03\\\/ticari-scaled.jpg\",\"datePublished\":\"2026-03-31T20:54:45+00:00\",\"description\":\"\u00a0 \u00a0 \u00a0Ka\u011f\u0131thane Okmeydan\u0131'nda seyir halindeki bir ticari takside yang\u0131n \u00e7\u0131kt\u0131. Durumu fark eden s\u00fcr\u00fcc\u00fc arac\u0131 yol kenar\u0131na \u00e7ekerek, i\u00e7erideki yolcular\u0131 son anda tahliye etti.\",\"breadcrumb\":{\"@id\":\"https:\\\/\\\/memurunsesi.net\\\/index.php\\\/2026\\\/03\\\/31\\\/okmeydaninda-ticari-takside-yangin-yolcular-son-anda-tahliye-edildi\\\/#breadcrumb\"},\"inLanguage\":\"tr\",\"potentialAction\":[{\"@type\":\"ReadAction\",\"target\":[\"https:\\\/\\\/memurunsesi.net\\\/index.php\\\/2026\\\/03\\\/31\\\/okmeydaninda-ticari-takside-yangin-yolcular-son-anda-tahliye-edildi\\\/\"]}]},{\"@type\":\"ImageObject\",\"inLanguage\":\"tr\",\"@id\":\"https:\\\/\\\/memurunsesi.net\\\/index.php\\\/2026\\\/03\\\/31\\\/okmeydaninda-ticari-takside-yangin-yolcular-son-anda-tahliye-edildi\\\/#primaryimage\",\"url\":\"https:\\\/\\\/memurunsesi.net\\\/wp-content\\\/uploads\\\/2026\\\/03\\\/ticari-scaled.jpg\",\"contentUrl\":\"https:\\\/\\\/memurunsesi.net\\\/wp-content\\\/uploads\\\/2026\\\/03\\\/ticari-scaled.jpg\",\"width\":2560,\"height\":1440,\"caption\":\"KA\u011eITHANE OKMEYDANI'NDA SEY\u0130R HAL\u0130NDE OLAN B\u0130R T\u0130CAR\u0130 TAKS\u0130DE ALEVLER Y\u00dcKSELD\u0130. DURUMU FARK EDEN S\u00dcR\u00dcC\u00dc ARACI YOL KENARINA \u00c7EKEREK, \u0130\u00c7\u0130NDE \u00c7OCU\u011eUN DA OLDU\u011eU YOLCULAR SON ANDA TAHL\u0130YE ED\u0130LD\u0130. (HASAN T\u0130K - \u0130HSAN ATE\u015eMEN\\\/\u0130STANBUL-\u0130HA) Ka\u011f\u0131thane Okmeydan\u0131'nda seyir halindeki bir ticari takside yang\u0131n \u00e7\u0131kt\u0131. Durumu fark eden s\u00fcr\u00fcc\u00fc arac\u0131 yol kenar\u0131na \u00e7ekerek, i\u00e7erideki yolcular\u0131 son anda tahliye etti.\"},{\"@type\":\"BreadcrumbList\",\"@id\":\"https:\\\/\\\/memurunsesi.net\\\/index.php\\\/2026\\\/03\\\/31\\\/okmeydaninda-ticari-takside-yangin-yolcular-son-anda-tahliye-edildi\\\/#breadcrumb\",\"itemListElement\":[{\"@type\":\"ListItem\",\"position\":1,\"name\":\"Anasayfa\",\"item\":\"https:\\\/\\\/memurunsesi.net\\\/\"},{\"@type\":\"ListItem\",\"position\":2,\"name\":\"Okmeydan\u0131&#8217;nda ticari takside yang\u0131n: Yolcular son anda tahliye edildi\"}]},{\"@type\":\"WebSite\",\"@id\":\"https:\\\/\\\/memurunsesi.net\\\/#website\",\"url\":\"https:\\\/\\\/memurunsesi.net\\\/\",\"name\":\"Memurun Sesi\",\"description\":\"G\u00fcncel ve Do\u011fru Haber\",\"publisher\":{\"@id\":\"https:\\\/\\\/memurunsesi.net\\\/#organization\"},\"potentialAction\":[{\"@type\":\"SearchAction\",\"target\":{\"@type\":\"EntryPoint\",\"urlTemplate\":\"https:\\\/\\\/memurunsesi.net\\\/?s={search_term_string}\"},\"query-input\":{\"@type\":\"PropertyValueSpecification\",\"valueRequired\":true,\"valueName\":\"search_term_string\"}}],\"inLanguage\":\"tr\"},{\"@type\":\"Organization\",\"@id\":\"https:\\\/\\\/memurunsesi.net\\\/#organization\",\"name\":\"Memurun Sesi\",\"url\":\"https:\\\/\\\/memurunsesi.net\\\/\",\"logo\":{\"@type\":\"ImageObject\",\"inLanguage\":\"tr\",\"@id\":\"https:\\\/\\\/memurunsesi.net\\\/#\\\/schema\\\/logo\\\/image\\\/\",\"url\":\"https:\\\/\\\/memurunsesi.net\\\/wp-content\\\/uploads\\\/2025\\\/11\\\/cropped-MEMURUN-SESI.png\",\"contentUrl\":\"https:\\\/\\\/memurunsesi.net\\\/wp-content\\\/uploads\\\/2025\\\/11\\\/cropped-MEMURUN-SESI.png\",\"width\":238,\"height\":57,\"caption\":\"Memurun Sesi\"},\"image\":{\"@id\":\"https:\\\/\\\/memurunsesi.net\\\/#\\\/schema\\\/logo\\\/image\\\/\"},\"sameAs\":[\"https:\\\/\\\/www.facebook.com\\\/unipersen\\\/?locale=tr_TR\",\"https:\\\/\\\/x.com\\\/unipersen\"]},{\"@type\":\"Person\",\"@id\":\"https:\\\/\\\/memurunsesi.net\\\/#\\\/schema\\\/person\\\/f21c2d73b89f6ee1d80b0a1803e38587\",\"name\":\"Memurun Sesi Haber Merkezi\",\"image\":{\"@type\":\"ImageObject\",\"inLanguage\":\"tr\",\"@id\":\"https:\\\/\\\/secure.gravatar.com\\\/avatar\\\/6cf0505f452ee753f485014986fab09a434671d2b919ee76fc541025c5876a70?s=96&d=mm&r=g\",\"url\":\"https:\\\/\\\/secure.gravatar.com\\\/avatar\\\/6cf0505f452ee753f485014986fab09a434671d2b919ee76fc541025c5876a70?s=96&d=mm&r=g\",\"contentUrl\":\"https:\\\/\\\/secure.gravatar.com\\\/avatar\\\/6cf0505f452ee753f485014986fab09a434671d2b919ee76fc541025c5876a70?s=96&d=mm&r=g\",\"caption\":\"Memurun Sesi Haber Merkezi\"},\"sameAs\":[\"https:\\\/\\\/memurunsesi.net\"],\"url\":\"https:\\\/\\\/memurunsesi.net\\\/index.php\\\/author\\\/uniper\\\/\"}]}<\/script>\n<!-- \/ Yoast SEO plugin. -->","yoast_head_json":{"title":"Okmeydan\u0131'nda ticari takside yang\u0131n: Yolcular son anda tahliye edildi - Memurun Sesi","description":"\u00a0 \u00a0 \u00a0Ka\u011f\u0131thane Okmeydan\u0131'nda seyir halindeki bir ticari takside yang\u0131n \u00e7\u0131kt\u0131. Durumu fark eden s\u00fcr\u00fcc\u00fc arac\u0131 yol kenar\u0131na \u00e7ekerek, i\u00e7erideki yolcular\u0131 son anda tahliye etti.","robots":{"index":"index","follow":"follow","max-snippet":"max-snippet:-1","max-image-preview":"max-image-preview:large","max-video-preview":"max-video-preview:-1"},"canonical":"https:\/\/memurunsesi.net\/index.php\/2026\/03\/31\/okmeydaninda-ticari-takside-yangin-yolcular-son-anda-tahliye-edildi\/","og_locale":"tr_TR","og_type":"article","og_title":"Okmeydan\u0131'nda ticari takside yang\u0131n: Yolcular son anda tahliye edildi - Memurun Sesi","og_description":"\u00a0 \u00a0 \u00a0Ka\u011f\u0131thane Okmeydan\u0131'nda seyir halindeki bir ticari takside yang\u0131n \u00e7\u0131kt\u0131. Durumu fark eden s\u00fcr\u00fcc\u00fc arac\u0131 yol kenar\u0131na \u00e7ekerek, i\u00e7erideki yolcular\u0131 son anda tahliye etti.","og_url":"https:\/\/memurunsesi.net\/index.php\/2026\/03\/31\/okmeydaninda-ticari-takside-yangin-yolcular-son-anda-tahliye-edildi\/","og_site_name":"Memurun Sesi","article_publisher":"https:\/\/www.facebook.com\/unipersen\/?locale=tr_TR","article_published_time":"2026-03-31T20:54:45+00:00","og_image":[{"width":2560,"height":1440,"url":"https:\/\/memurunsesi.net\/wp-content\/uploads\/2026\/03\/ticari-scaled.jpg","type":"image\/jpeg"}],"author":"Memurun Sesi Haber Merkezi","twitter_card":"summary_large_image","twitter_creator":"@unipersen","twitter_site":"@unipersen","twitter_misc":{"Yazan:":"Memurun Sesi Haber Merkezi","Tahmini okuma s\u00fcresi":"2 dakika"},"schema":{"@context":"https:\/\/schema.org","@graph":[{"@type":"Article","@id":"https:\/\/memurunsesi.net\/index.php\/2026\/03\/31\/okmeydaninda-ticari-takside-yangin-yolcular-son-anda-tahliye-edildi\/#article","isPartOf":{"@id":"https:\/\/memurunsesi.net\/index.php\/2026\/03\/31\/okmeydaninda-ticari-takside-yangin-yolcular-son-anda-tahliye-edildi\/"},"author":{"name":"Memurun Sesi Haber Merkezi","@id":"https:\/\/memurunsesi.net\/#\/schema\/person\/f21c2d73b89f6ee1d80b0a1803e38587"},"headline":"Okmeydan\u0131&#8217;nda ticari takside yang\u0131n: Yolcular son anda tahliye edildi","datePublished":"2026-03-31T20:54:45+00:00","mainEntityOfPage":{"@id":"https:\/\/memurunsesi.net\/index.php\/2026\/03\/31\/okmeydaninda-ticari-takside-yangin-yolcular-son-anda-tahliye-edildi\/"},"wordCount":217,"commentCount":0,"publisher":{"@id":"https:\/\/memurunsesi.net\/#organization"},"image":{"@id":"https:\/\/memurunsesi.net\/index.php\/2026\/03\/31\/okmeydaninda-ticari-takside-yangin-yolcular-son-anda-tahliye-edildi\/#primaryimage"},"thumbnailUrl":"https:\/\/memurunsesi.net\/wp-content\/uploads\/2026\/03\/ticari-scaled.jpg","keywords":["ticari taksi","yang\u0131n"],"articleSection":["T\u00fcm Haberler"],"inLanguage":"tr","potentialAction":[{"@type":"CommentAction","name":"Comment","target":["https:\/\/memurunsesi.net\/index.php\/2026\/03\/31\/okmeydaninda-ticari-takside-yangin-yolcular-son-anda-tahliye-edildi\/#respond"]}]},{"@type":"WebPage","@id":"https:\/\/memurunsesi.net\/index.php\/2026\/03\/31\/okmeydaninda-ticari-takside-yangin-yolcular-son-anda-tahliye-edildi\/","url":"https:\/\/memurunsesi.net\/index.php\/2026\/03\/31\/okmeydaninda-ticari-takside-yangin-yolcular-son-anda-tahliye-edildi\/","name":"Okmeydan\u0131'nda ticari takside yang\u0131n: Yolcular son anda tahliye edildi - Memurun Sesi","isPartOf":{"@id":"https:\/\/memurunsesi.net\/#website"},"primaryImageOfPage":{"@id":"https:\/\/memurunsesi.net\/index.php\/2026\/03\/31\/okmeydaninda-ticari-takside-yangin-yolcular-son-anda-tahliye-edildi\/#primaryimage"},"image":{"@id":"https:\/\/memurunsesi.net\/index.php\/2026\/03\/31\/okmeydaninda-ticari-takside-yangin-yolcular-son-anda-tahliye-edildi\/#primaryimage"},"thumbnailUrl":"https:\/\/memurunsesi.net\/wp-content\/uploads\/2026\/03\/ticari-scaled.jpg","datePublished":"2026-03-31T20:54:45+00:00","description":"\u00a0 \u00a0 \u00a0Ka\u011f\u0131thane Okmeydan\u0131'nda seyir halindeki bir ticari takside yang\u0131n \u00e7\u0131kt\u0131. Durumu fark eden s\u00fcr\u00fcc\u00fc arac\u0131 yol kenar\u0131na \u00e7ekerek, i\u00e7erideki yolcular\u0131 son anda tahliye etti.","breadcrumb":{"@id":"https:\/\/memurunsesi.net\/index.php\/2026\/03\/31\/okmeydaninda-ticari-takside-yangin-yolcular-son-anda-tahliye-edildi\/#breadcrumb"},"inLanguage":"tr","potentialAction":[{"@type":"ReadAction","target":["https:\/\/memurunsesi.net\/index.php\/2026\/03\/31\/okmeydaninda-ticari-takside-yangin-yolcular-son-anda-tahliye-edildi\/"]}]},{"@type":"ImageObject","inLanguage":"tr","@id":"https:\/\/memurunsesi.net\/index.php\/2026\/03\/31\/okmeydaninda-ticari-takside-yangin-yolcular-son-anda-tahliye-edildi\/#primaryimage","url":"https:\/\/memurunsesi.net\/wp-content\/uploads\/2026\/03\/ticari-scaled.jpg","contentUrl":"https:\/\/memurunsesi.net\/wp-content\/uploads\/2026\/03\/ticari-scaled.jpg","width":2560,"height":1440,"caption":"KA\u011eITHANE OKMEYDANI'NDA SEY\u0130R HAL\u0130NDE OLAN B\u0130R T\u0130CAR\u0130 TAKS\u0130DE ALEVLER Y\u00dcKSELD\u0130. DURUMU FARK EDEN S\u00dcR\u00dcC\u00dc ARACI YOL KENARINA \u00c7EKEREK, \u0130\u00c7\u0130NDE \u00c7OCU\u011eUN DA OLDU\u011eU YOLCULAR SON ANDA TAHL\u0130YE ED\u0130LD\u0130. (HASAN T\u0130K - \u0130HSAN ATE\u015eMEN\/\u0130STANBUL-\u0130HA) Ka\u011f\u0131thane Okmeydan\u0131'nda seyir halindeki bir ticari takside yang\u0131n \u00e7\u0131kt\u0131. Durumu fark eden s\u00fcr\u00fcc\u00fc arac\u0131 yol kenar\u0131na \u00e7ekerek, i\u00e7erideki yolcular\u0131 son anda tahliye etti."},{"@type":"BreadcrumbList","@id":"https:\/\/memurunsesi.net\/index.php\/2026\/03\/31\/okmeydaninda-ticari-takside-yangin-yolcular-son-anda-tahliye-edildi\/#breadcrumb","itemListElement":[{"@type":"ListItem","position":1,"name":"Anasayfa","item":"https:\/\/memurunsesi.net\/"},{"@type":"ListItem","position":2,"name":"Okmeydan\u0131&#8217;nda ticari takside yang\u0131n: Yolcular son anda tahliye edildi"}]},{"@type":"WebSite","@id":"https:\/\/memurunsesi.net\/#website","url":"https:\/\/memurunsesi.net\/","name":"Memurun Sesi","description":"G\u00fcncel ve Do\u011fru Haber","publisher":{"@id":"https:\/\/memurunsesi.net\/#organization"},"potentialAction":[{"@type":"SearchAction","target":{"@type":"EntryPoint","urlTemplate":"https:\/\/memurunsesi.net\/?s={search_term_string}"},"query-input":{"@type":"PropertyValueSpecification","valueRequired":true,"valueName":"search_term_string"}}],"inLanguage":"tr"},{"@type":"Organization","@id":"https:\/\/memurunsesi.net\/#organization","name":"Memurun Sesi","url":"https:\/\/memurunsesi.net\/","logo":{"@type":"ImageObject","inLanguage":"tr","@id":"https:\/\/memurunsesi.net\/#\/schema\/logo\/image\/","url":"https:\/\/memurunsesi.net\/wp-content\/uploads\/2025\/11\/cropped-MEMURUN-SESI.png","contentUrl":"https:\/\/memurunsesi.net\/wp-content\/uploads\/2025\/11\/cropped-MEMURUN-SESI.png","width":238,"height":57,"caption":"Memurun Sesi"},"image":{"@id":"https:\/\/memurunsesi.net\/#\/schema\/logo\/image\/"},"sameAs":["https:\/\/www.facebook.com\/unipersen\/?locale=tr_TR","https:\/\/x.com\/unipersen"]},{"@type":"Person","@id":"https:\/\/memurunsesi.net\/#\/schema\/person\/f21c2d73b89f6ee1d80b0a1803e38587","name":"Memurun Sesi Haber Merkezi","image":{"@type":"ImageObject","inLanguage":"tr","@id":"https:\/\/secure.gravatar.com\/avatar\/6cf0505f452ee753f485014986fab09a434671d2b919ee76fc541025c5876a70?s=96&d=mm&r=g","url":"https:\/\/secure.gravatar.com\/avatar\/6cf0505f452ee753f485014986fab09a434671d2b919ee76fc541025c5876a70?s=96&d=mm&r=g","contentUrl":"https:\/\/secure.gravatar.com\/avatar\/6cf0505f452ee753f485014986fab09a434671d2b919ee76fc541025c5876a70?s=96&d=mm&r=g","caption":"Memurun Sesi Haber Merkezi"},"sameAs":["https:\/\/memurunsesi.net"],"url":"https:\/\/memurunsesi.net\/index.php\/author\/uniper\/"}]}},"_links":{"self":[{"href":"https:\/\/memurunsesi.net\/index.php\/wp-json\/wp\/v2\/posts\/18786","targetHints":{"allow":["GET"]}}],"collection":[{"href":"https:\/\/memurunsesi.net\/index.php\/wp-json\/wp\/v2\/posts"}],"about":[{"href":"https:\/\/memurunsesi.net\/index.php\/wp-json\/wp\/v2\/types\/post"}],"author":[{"embeddable":true,"href":"https:\/\/memurunsesi.net\/index.php\/wp-json\/wp\/v2\/users\/1"}],"replies":[{"embeddable":true,"href":"https:\/\/memurunsesi.net\/index.php\/wp-json\/wp\/v2\/comments?post=18786"}],"version-history":[{"count":1,"href":"https:\/\/memurunsesi.net\/index.php\/wp-json\/wp\/v2\/posts\/18786\/revisions"}],"predecessor-version":[{"id":18788,"href":"https:\/\/memurunsesi.net\/index.php\/wp-json\/wp\/v2\/posts\/18786\/revisions\/18788"}],"wp:featuredmedia":[{"embeddable":true,"href":"https:\/\/memurunsesi.net\/index.php\/wp-json\/wp\/v2\/media\/18787"}],"wp:attachment":[{"href":"https:\/\/memurunsesi.net\/index.php\/wp-json\/wp\/v2\/media?parent=18786"}],"wp:term":[{"taxonomy":"category","embeddable":true,"href":"https:\/\/memurunsesi.net\/index.php\/wp-json\/wp\/v2\/categories?post=18786"},{"taxonomy":"post_tag","embeddable":true,"href":"https:\/\/memurunsesi.net\/index.php\/wp-json\/wp\/v2\/tags?post=18786"}],"curies":[{"name":"wp","href":"https:\/\/api.w.org\/{rel}","templated":true}]}}