{"id":18812,"date":"2026-04-01T08:04:27","date_gmt":"2026-04-01T05:04:27","guid":{"rendered":"https:\/\/memurunsesi.net\/?p=18812"},"modified":"2026-04-01T08:04:27","modified_gmt":"2026-04-01T05:04:27","slug":"dev-ekrandaki-bitis-duduguyle-antalyada-bayram-havasi-esti","status":"publish","type":"post","link":"https:\/\/memurunsesi.net\/index.php\/2026\/04\/01\/dev-ekrandaki-bitis-duduguyle-antalyada-bayram-havasi-esti\/","title":{"rendered":"Dev ekrandaki biti\u015f d\u00fcd\u00fc\u011f\u00fcyle Antalya&#8217;da bayram havas\u0131 esti"},"content":{"rendered":"<p>2026 FIFA D\u00fcnya Kupas\u0131 heyecan\u0131n\u0131 ilk kez ya\u015fayacak gen\u00e7: &#8220;Hayat\u0131mda ilk defa d\u00fcnya kupas\u0131nda \u00fclkemi destekleyece\u011fim, onun gururunu ya\u015f\u0131yorum&#8221;<\/p>\n<p>A Milli Futbol Tak\u0131m\u0131&#8217;n\u0131n Kosova ile oynad\u0131\u011f\u0131 kar\u015f\u0131la\u015fmay\u0131 dev ekrandan takip eden Antalyal\u0131lar, ma\u00e7\u0131n son d\u00fcd\u00fc\u011f\u00fc sonras\u0131 bayram havas\u0131 estirdi. 24 y\u0131l aran\u0131n ard\u0131ndan gelen d\u00fcnya kupas\u0131 biletiyle ilk kez bu duyguyu ya\u015fayan 20&#8217;li ya\u015flardaki bir gen\u00e7 ise, &#8220;Hayat\u0131mda ilk defa d\u00fcnya kupas\u0131nda \u00fclkemi destekleyece\u011fim, onun gururunu ya\u015f\u0131yorum&#8221; s\u00f6zleriyle duygular\u0131n\u0131 dile getirdi.<br \/>\nA Milli Futbol Tak\u0131m\u0131, 2026 FIFA D\u00fcnya Kupas\u0131 playoff finalinde deplasmanda Kosova&#8217;y\u0131 1-0 ma\u011flup etmeyi ba\u015fard\u0131. Antalya B\u00fcy\u00fck\u015fehir Belediyesince Konyaalt\u0131 il\u00e7esindeki Olbia Kent Meydan\u0131&#8217;nda kurulan dev ekrandan kar\u015f\u0131la\u015fmay\u0131 izlemeye gelen vatanda\u015flar, millilere alk\u0131\u015f ve tezah\u00fcratlarla destekte bulundu.<br \/>\nMa\u00e7 boyunca heyecanl\u0131 anlar ya\u015fayan Antalyal\u0131lar, ay y\u0131ld\u0131zl\u0131lar\u0131n att\u0131\u011f\u0131 golle birlikte b\u00fcy\u00fck bir co\u015fku ya\u015fad\u0131. Kar\u015f\u0131la\u015fman\u0131n 1-0 sona ermesinin ard\u0131ndan milliler FIFA 2026 D\u00fcnya Kupas\u0131 biletini al\u0131rken, vatanda\u015flar da galibiyeti doyas\u0131ya kutlad\u0131.<\/p>\n<p>&#8220;Hayat\u0131mda ilk defa d\u00fcnya kupas\u0131nda \u00fclkemi destekleyece\u011fim&#8221;<br \/>\n24 y\u0131l aran\u0131n ard\u0131ndan gelen d\u00fcnya kupas\u0131 biletiyle ilk kez bu duyguyu ya\u015fayan 20&#8217;li ya\u015flardaki bir gen\u00e7, &#8220;Hayat\u0131mda ilk defa d\u00fcnya kupas\u0131nda \u00fclkemi destekleyece\u011fim, onun gururunu ya\u015f\u0131yorum&#8221; s\u00f6zleriyle duygular\u0131n\u0131 dile getirdi.<br \/>\nKar\u015f\u0131la\u015fman\u0131n ard\u0131ndan \u015fehrin farkl\u0131 noktalar\u0131nda ara\u00e7larla konvoy olu\u015fturan vatanda\u015flar, korna \u00e7alarak \u015fehir turu att\u0131.<\/p>\n<p>1.04.2026<\/p>\n","protected":false},"excerpt":{"rendered":"<p>2026 FIFA D\u00fcnya Kupas\u0131 heyecan\u0131n\u0131 ilk kez ya\u015fayacak gen\u00e7: &#8220;Hayat\u0131mda ilk defa d\u00fcnya kupas\u0131nda \u00fclkemi destekleyece\u011fim, onun gururunu ya\u015f\u0131yorum&#8221; A Milli Futbol Tak\u0131m\u0131&#8217;n\u0131n Kosova ile oynad\u0131\u011f\u0131 kar\u015f\u0131la\u015fmay\u0131 dev ekrandan takip eden Antalyal\u0131lar, ma\u00e7\u0131n son d\u00fcd\u00fc\u011f\u00fc sonras\u0131 bayram havas\u0131 estirdi. 24 y\u0131l aran\u0131n ard\u0131ndan gelen d\u00fcnya kupas\u0131 biletiyle ilk kez bu duyguyu ya\u015fayan 20&#8217;li ya\u015flardaki bir [&hellip;]<\/p>\n","protected":false},"author":1,"featured_media":18813,"comment_status":"open","ping_status":"open","sticky":false,"template":"","format":"standard","meta":{"footnotes":""},"categories":[57],"tags":[2568],"class_list":["post-18812","post","type-post","status-publish","format-standard","has-post-thumbnail","hentry","category-spor","tag-dunya-kupasi"],"yoast_head":"<!-- This site is optimized with the Yoast SEO plugin v27.4 - https:\/\/yoast.com\/product\/yoast-seo-wordpress\/ -->\n<title>Dev ekrandaki biti\u015f d\u00fcd\u00fc\u011f\u00fcyle Antalya&#039;da bayram havas\u0131 esti - Memurun Sesi<\/title>\n<meta name=\"description\" content=\"\u00a0 2026 FIFA D\u00fcnya Kupas\u0131 heyecan\u0131n\u0131 ilk kez ya\u015fayacak gen\u00e7: &quot;Hayat\u0131mda ilk defa d\u00fcnya kupas\u0131nda \u00fclkemi destekleyece\u011fim, onun gururunu ya\u015f\u0131yorum&quot;\" \/>\n<meta name=\"robots\" content=\"index, follow, max-snippet:-1, max-image-preview:large, max-video-preview:-1\" \/>\n<link rel=\"canonical\" href=\"https:\/\/memurunsesi.net\/index.php\/2026\/04\/01\/dev-ekrandaki-bitis-duduguyle-antalyada-bayram-havasi-esti\/\" \/>\n<meta property=\"og:locale\" content=\"tr_TR\" \/>\n<meta property=\"og:type\" content=\"article\" \/>\n<meta property=\"og:title\" content=\"Dev ekrandaki biti\u015f d\u00fcd\u00fc\u011f\u00fcyle Antalya&#039;da bayram havas\u0131 esti - Memurun Sesi\" \/>\n<meta property=\"og:description\" content=\"\u00a0 2026 FIFA D\u00fcnya Kupas\u0131 heyecan\u0131n\u0131 ilk kez ya\u015fayacak gen\u00e7: &quot;Hayat\u0131mda ilk defa d\u00fcnya kupas\u0131nda \u00fclkemi destekleyece\u011fim, onun gururunu ya\u015f\u0131yorum&quot;\" \/>\n<meta property=\"og:url\" content=\"https:\/\/memurunsesi.net\/index.php\/2026\/04\/01\/dev-ekrandaki-bitis-duduguyle-antalyada-bayram-havasi-esti\/\" \/>\n<meta property=\"og:site_name\" content=\"Memurun Sesi\" \/>\n<meta property=\"article:publisher\" content=\"https:\/\/www.facebook.com\/unipersen\/?locale=tr_TR\" \/>\n<meta property=\"article:published_time\" content=\"2026-04-01T05:04:27+00:00\" \/>\n<meta property=\"og:image\" content=\"https:\/\/memurunsesi.net\/wp-content\/uploads\/2026\/04\/dunya-kupasi.jpg\" \/>\n\t<meta property=\"og:image:width\" content=\"1558\" \/>\n\t<meta property=\"og:image:height\" content=\"868\" \/>\n\t<meta property=\"og:image:type\" content=\"image\/jpeg\" \/>\n<meta name=\"author\" content=\"Memurun Sesi Haber Merkezi\" \/>\n<meta name=\"twitter:card\" content=\"summary_large_image\" \/>\n<meta name=\"twitter:creator\" content=\"@unipersen\" \/>\n<meta name=\"twitter:site\" content=\"@unipersen\" \/>\n<meta name=\"twitter:label1\" content=\"Yazan:\" \/>\n\t<meta name=\"twitter:data1\" content=\"Memurun Sesi Haber Merkezi\" \/>\n\t<meta name=\"twitter:label2\" content=\"Tahmini okuma s\u00fcresi\" \/>\n\t<meta name=\"twitter:data2\" content=\"2 dakika\" \/>\n<script type=\"application\/ld+json\" class=\"yoast-schema-graph\">{\"@context\":\"https:\\\/\\\/schema.org\",\"@graph\":[{\"@type\":\"Article\",\"@id\":\"https:\\\/\\\/memurunsesi.net\\\/index.php\\\/2026\\\/04\\\/01\\\/dev-ekrandaki-bitis-duduguyle-antalyada-bayram-havasi-esti\\\/#article\",\"isPartOf\":{\"@id\":\"https:\\\/\\\/memurunsesi.net\\\/index.php\\\/2026\\\/04\\\/01\\\/dev-ekrandaki-bitis-duduguyle-antalyada-bayram-havasi-esti\\\/\"},\"author\":{\"name\":\"Memurun Sesi Haber Merkezi\",\"@id\":\"https:\\\/\\\/memurunsesi.net\\\/#\\\/schema\\\/person\\\/f21c2d73b89f6ee1d80b0a1803e38587\"},\"headline\":\"Dev ekrandaki biti\u015f d\u00fcd\u00fc\u011f\u00fcyle Antalya&#8217;da bayram havas\u0131 esti\",\"datePublished\":\"2026-04-01T05:04:27+00:00\",\"mainEntityOfPage\":{\"@id\":\"https:\\\/\\\/memurunsesi.net\\\/index.php\\\/2026\\\/04\\\/01\\\/dev-ekrandaki-bitis-duduguyle-antalyada-bayram-havasi-esti\\\/\"},\"wordCount\":284,\"commentCount\":0,\"publisher\":{\"@id\":\"https:\\\/\\\/memurunsesi.net\\\/#organization\"},\"image\":{\"@id\":\"https:\\\/\\\/memurunsesi.net\\\/index.php\\\/2026\\\/04\\\/01\\\/dev-ekrandaki-bitis-duduguyle-antalyada-bayram-havasi-esti\\\/#primaryimage\"},\"thumbnailUrl\":\"https:\\\/\\\/memurunsesi.net\\\/wp-content\\\/uploads\\\/2026\\\/04\\\/dunya-kupasi.jpg\",\"keywords\":[\"d\u00fcnya kupas\u0131\"],\"articleSection\":[\"Spor\"],\"inLanguage\":\"tr\",\"potentialAction\":[{\"@type\":\"CommentAction\",\"name\":\"Comment\",\"target\":[\"https:\\\/\\\/memurunsesi.net\\\/index.php\\\/2026\\\/04\\\/01\\\/dev-ekrandaki-bitis-duduguyle-antalyada-bayram-havasi-esti\\\/#respond\"]}]},{\"@type\":\"WebPage\",\"@id\":\"https:\\\/\\\/memurunsesi.net\\\/index.php\\\/2026\\\/04\\\/01\\\/dev-ekrandaki-bitis-duduguyle-antalyada-bayram-havasi-esti\\\/\",\"url\":\"https:\\\/\\\/memurunsesi.net\\\/index.php\\\/2026\\\/04\\\/01\\\/dev-ekrandaki-bitis-duduguyle-antalyada-bayram-havasi-esti\\\/\",\"name\":\"Dev ekrandaki biti\u015f d\u00fcd\u00fc\u011f\u00fcyle Antalya'da bayram havas\u0131 esti - Memurun Sesi\",\"isPartOf\":{\"@id\":\"https:\\\/\\\/memurunsesi.net\\\/#website\"},\"primaryImageOfPage\":{\"@id\":\"https:\\\/\\\/memurunsesi.net\\\/index.php\\\/2026\\\/04\\\/01\\\/dev-ekrandaki-bitis-duduguyle-antalyada-bayram-havasi-esti\\\/#primaryimage\"},\"image\":{\"@id\":\"https:\\\/\\\/memurunsesi.net\\\/index.php\\\/2026\\\/04\\\/01\\\/dev-ekrandaki-bitis-duduguyle-antalyada-bayram-havasi-esti\\\/#primaryimage\"},\"thumbnailUrl\":\"https:\\\/\\\/memurunsesi.net\\\/wp-content\\\/uploads\\\/2026\\\/04\\\/dunya-kupasi.jpg\",\"datePublished\":\"2026-04-01T05:04:27+00:00\",\"description\":\"\u00a0 2026 FIFA D\u00fcnya Kupas\u0131 heyecan\u0131n\u0131 ilk kez ya\u015fayacak gen\u00e7: \\\"Hayat\u0131mda ilk defa d\u00fcnya kupas\u0131nda \u00fclkemi destekleyece\u011fim, onun gururunu ya\u015f\u0131yorum\\\"\",\"breadcrumb\":{\"@id\":\"https:\\\/\\\/memurunsesi.net\\\/index.php\\\/2026\\\/04\\\/01\\\/dev-ekrandaki-bitis-duduguyle-antalyada-bayram-havasi-esti\\\/#breadcrumb\"},\"inLanguage\":\"tr\",\"potentialAction\":[{\"@type\":\"ReadAction\",\"target\":[\"https:\\\/\\\/memurunsesi.net\\\/index.php\\\/2026\\\/04\\\/01\\\/dev-ekrandaki-bitis-duduguyle-antalyada-bayram-havasi-esti\\\/\"]}]},{\"@type\":\"ImageObject\",\"inLanguage\":\"tr\",\"@id\":\"https:\\\/\\\/memurunsesi.net\\\/index.php\\\/2026\\\/04\\\/01\\\/dev-ekrandaki-bitis-duduguyle-antalyada-bayram-havasi-esti\\\/#primaryimage\",\"url\":\"https:\\\/\\\/memurunsesi.net\\\/wp-content\\\/uploads\\\/2026\\\/04\\\/dunya-kupasi.jpg\",\"contentUrl\":\"https:\\\/\\\/memurunsesi.net\\\/wp-content\\\/uploads\\\/2026\\\/04\\\/dunya-kupasi.jpg\",\"width\":1558,\"height\":868,\"caption\":\"A M\u0130LL\u0130 FUTBOL TAKIMI'NIN KOSOVA \u0130LE OYNADI\u011eI KAR\u015eILA\u015eMAYI DEV EKRANDAN TAK\u0130P EDEN ANTALYALILAR, MA\u00c7IN SON D\u00dcD\u00dc\u011e\u00dc SONRASI BAYRAM HAVASI EST\u0130RD\u0130. 24 YIL ARANIN ARDINDAN GELEN D\u00dcNYA KUPASI B\u0130LET\u0130YLE \u0130LK KEZ BU DUYGUYU YA\u015eAYAN 20'L\u0130 YA\u015eLARDAK\u0130 B\u0130R GEN\u00c7 \u0130SE, \\\"HAYATIMDA \u0130LK DEFA D\u00dcNYA KUPASINDA \u00dcLKEM\u0130 DESTEKLEYECE\u011e\u0130M, ONUN GURURUNU YA\u015eIYORUM\\\" S\u00d6ZLER\u0130YLE DUYGULARINI D\u0130LE GET\u0130RD\u0130. (\u0130BRAH\u0130M S\u00d6NMEZ - SUAT MET\u0130N\\\/ANTALYA-\u0130HA) A Milli Futbol Tak\u0131m\u0131'n\u0131n Kosova ile oynad\u0131\u011f\u0131 kar\u015f\u0131la\u015fmay\u0131 dev ekrandan takip eden Antalyal\u0131lar, ma\u00e7\u0131n son d\u00fcd\u00fc\u011f\u00fc sonras\u0131 bayram havas\u0131 estirdi. 24 y\u0131l aran\u0131n ard\u0131ndan gelen d\u00fcnya kupas\u0131 biletiyle ilk kez bu duyguyu ya\u015fayan 20'li ya\u015flardaki bir gen\u00e7 ise, \\\"Hayat\u0131mda ilk defa d\u00fcnya kupas\u0131nda \u00fclkemi destekleyece\u011fim, onun gururunu ya\u015f\u0131yorum\\\" s\u00f6zleriyle duygular\u0131n\u0131 dile getirdi.\"},{\"@type\":\"BreadcrumbList\",\"@id\":\"https:\\\/\\\/memurunsesi.net\\\/index.php\\\/2026\\\/04\\\/01\\\/dev-ekrandaki-bitis-duduguyle-antalyada-bayram-havasi-esti\\\/#breadcrumb\",\"itemListElement\":[{\"@type\":\"ListItem\",\"position\":1,\"name\":\"Anasayfa\",\"item\":\"https:\\\/\\\/memurunsesi.net\\\/\"},{\"@type\":\"ListItem\",\"position\":2,\"name\":\"Dev ekrandaki biti\u015f d\u00fcd\u00fc\u011f\u00fcyle Antalya&#8217;da bayram havas\u0131 esti\"}]},{\"@type\":\"WebSite\",\"@id\":\"https:\\\/\\\/memurunsesi.net\\\/#website\",\"url\":\"https:\\\/\\\/memurunsesi.net\\\/\",\"name\":\"Memurun Sesi\",\"description\":\"G\u00fcncel ve Do\u011fru Haber\",\"publisher\":{\"@id\":\"https:\\\/\\\/memurunsesi.net\\\/#organization\"},\"potentialAction\":[{\"@type\":\"SearchAction\",\"target\":{\"@type\":\"EntryPoint\",\"urlTemplate\":\"https:\\\/\\\/memurunsesi.net\\\/?s={search_term_string}\"},\"query-input\":{\"@type\":\"PropertyValueSpecification\",\"valueRequired\":true,\"valueName\":\"search_term_string\"}}],\"inLanguage\":\"tr\"},{\"@type\":\"Organization\",\"@id\":\"https:\\\/\\\/memurunsesi.net\\\/#organization\",\"name\":\"Memurun Sesi\",\"url\":\"https:\\\/\\\/memurunsesi.net\\\/\",\"logo\":{\"@type\":\"ImageObject\",\"inLanguage\":\"tr\",\"@id\":\"https:\\\/\\\/memurunsesi.net\\\/#\\\/schema\\\/logo\\\/image\\\/\",\"url\":\"https:\\\/\\\/memurunsesi.net\\\/wp-content\\\/uploads\\\/2025\\\/11\\\/cropped-MEMURUN-SESI.png\",\"contentUrl\":\"https:\\\/\\\/memurunsesi.net\\\/wp-content\\\/uploads\\\/2025\\\/11\\\/cropped-MEMURUN-SESI.png\",\"width\":238,\"height\":57,\"caption\":\"Memurun Sesi\"},\"image\":{\"@id\":\"https:\\\/\\\/memurunsesi.net\\\/#\\\/schema\\\/logo\\\/image\\\/\"},\"sameAs\":[\"https:\\\/\\\/www.facebook.com\\\/unipersen\\\/?locale=tr_TR\",\"https:\\\/\\\/x.com\\\/unipersen\"]},{\"@type\":\"Person\",\"@id\":\"https:\\\/\\\/memurunsesi.net\\\/#\\\/schema\\\/person\\\/f21c2d73b89f6ee1d80b0a1803e38587\",\"name\":\"Memurun Sesi Haber Merkezi\",\"image\":{\"@type\":\"ImageObject\",\"inLanguage\":\"tr\",\"@id\":\"https:\\\/\\\/secure.gravatar.com\\\/avatar\\\/6cf0505f452ee753f485014986fab09a434671d2b919ee76fc541025c5876a70?s=96&d=mm&r=g\",\"url\":\"https:\\\/\\\/secure.gravatar.com\\\/avatar\\\/6cf0505f452ee753f485014986fab09a434671d2b919ee76fc541025c5876a70?s=96&d=mm&r=g\",\"contentUrl\":\"https:\\\/\\\/secure.gravatar.com\\\/avatar\\\/6cf0505f452ee753f485014986fab09a434671d2b919ee76fc541025c5876a70?s=96&d=mm&r=g\",\"caption\":\"Memurun Sesi Haber Merkezi\"},\"sameAs\":[\"https:\\\/\\\/memurunsesi.net\"],\"url\":\"https:\\\/\\\/memurunsesi.net\\\/index.php\\\/author\\\/uniper\\\/\"}]}<\/script>\n<!-- \/ Yoast SEO plugin. -->","yoast_head_json":{"title":"Dev ekrandaki biti\u015f d\u00fcd\u00fc\u011f\u00fcyle Antalya'da bayram havas\u0131 esti - Memurun Sesi","description":"\u00a0 2026 FIFA D\u00fcnya Kupas\u0131 heyecan\u0131n\u0131 ilk kez ya\u015fayacak gen\u00e7: \"Hayat\u0131mda ilk defa d\u00fcnya kupas\u0131nda \u00fclkemi destekleyece\u011fim, onun gururunu ya\u015f\u0131yorum\"","robots":{"index":"index","follow":"follow","max-snippet":"max-snippet:-1","max-image-preview":"max-image-preview:large","max-video-preview":"max-video-preview:-1"},"canonical":"https:\/\/memurunsesi.net\/index.php\/2026\/04\/01\/dev-ekrandaki-bitis-duduguyle-antalyada-bayram-havasi-esti\/","og_locale":"tr_TR","og_type":"article","og_title":"Dev ekrandaki biti\u015f d\u00fcd\u00fc\u011f\u00fcyle Antalya'da bayram havas\u0131 esti - Memurun Sesi","og_description":"\u00a0 2026 FIFA D\u00fcnya Kupas\u0131 heyecan\u0131n\u0131 ilk kez ya\u015fayacak gen\u00e7: \"Hayat\u0131mda ilk defa d\u00fcnya kupas\u0131nda \u00fclkemi destekleyece\u011fim, onun gururunu ya\u015f\u0131yorum\"","og_url":"https:\/\/memurunsesi.net\/index.php\/2026\/04\/01\/dev-ekrandaki-bitis-duduguyle-antalyada-bayram-havasi-esti\/","og_site_name":"Memurun Sesi","article_publisher":"https:\/\/www.facebook.com\/unipersen\/?locale=tr_TR","article_published_time":"2026-04-01T05:04:27+00:00","og_image":[{"width":1558,"height":868,"url":"https:\/\/memurunsesi.net\/wp-content\/uploads\/2026\/04\/dunya-kupasi.jpg","type":"image\/jpeg"}],"author":"Memurun Sesi Haber Merkezi","twitter_card":"summary_large_image","twitter_creator":"@unipersen","twitter_site":"@unipersen","twitter_misc":{"Yazan:":"Memurun Sesi Haber Merkezi","Tahmini okuma s\u00fcresi":"2 dakika"},"schema":{"@context":"https:\/\/schema.org","@graph":[{"@type":"Article","@id":"https:\/\/memurunsesi.net\/index.php\/2026\/04\/01\/dev-ekrandaki-bitis-duduguyle-antalyada-bayram-havasi-esti\/#article","isPartOf":{"@id":"https:\/\/memurunsesi.net\/index.php\/2026\/04\/01\/dev-ekrandaki-bitis-duduguyle-antalyada-bayram-havasi-esti\/"},"author":{"name":"Memurun Sesi Haber Merkezi","@id":"https:\/\/memurunsesi.net\/#\/schema\/person\/f21c2d73b89f6ee1d80b0a1803e38587"},"headline":"Dev ekrandaki biti\u015f d\u00fcd\u00fc\u011f\u00fcyle Antalya&#8217;da bayram havas\u0131 esti","datePublished":"2026-04-01T05:04:27+00:00","mainEntityOfPage":{"@id":"https:\/\/memurunsesi.net\/index.php\/2026\/04\/01\/dev-ekrandaki-bitis-duduguyle-antalyada-bayram-havasi-esti\/"},"wordCount":284,"commentCount":0,"publisher":{"@id":"https:\/\/memurunsesi.net\/#organization"},"image":{"@id":"https:\/\/memurunsesi.net\/index.php\/2026\/04\/01\/dev-ekrandaki-bitis-duduguyle-antalyada-bayram-havasi-esti\/#primaryimage"},"thumbnailUrl":"https:\/\/memurunsesi.net\/wp-content\/uploads\/2026\/04\/dunya-kupasi.jpg","keywords":["d\u00fcnya kupas\u0131"],"articleSection":["Spor"],"inLanguage":"tr","potentialAction":[{"@type":"CommentAction","name":"Comment","target":["https:\/\/memurunsesi.net\/index.php\/2026\/04\/01\/dev-ekrandaki-bitis-duduguyle-antalyada-bayram-havasi-esti\/#respond"]}]},{"@type":"WebPage","@id":"https:\/\/memurunsesi.net\/index.php\/2026\/04\/01\/dev-ekrandaki-bitis-duduguyle-antalyada-bayram-havasi-esti\/","url":"https:\/\/memurunsesi.net\/index.php\/2026\/04\/01\/dev-ekrandaki-bitis-duduguyle-antalyada-bayram-havasi-esti\/","name":"Dev ekrandaki biti\u015f d\u00fcd\u00fc\u011f\u00fcyle Antalya'da bayram havas\u0131 esti - Memurun Sesi","isPartOf":{"@id":"https:\/\/memurunsesi.net\/#website"},"primaryImageOfPage":{"@id":"https:\/\/memurunsesi.net\/index.php\/2026\/04\/01\/dev-ekrandaki-bitis-duduguyle-antalyada-bayram-havasi-esti\/#primaryimage"},"image":{"@id":"https:\/\/memurunsesi.net\/index.php\/2026\/04\/01\/dev-ekrandaki-bitis-duduguyle-antalyada-bayram-havasi-esti\/#primaryimage"},"thumbnailUrl":"https:\/\/memurunsesi.net\/wp-content\/uploads\/2026\/04\/dunya-kupasi.jpg","datePublished":"2026-04-01T05:04:27+00:00","description":"\u00a0 2026 FIFA D\u00fcnya Kupas\u0131 heyecan\u0131n\u0131 ilk kez ya\u015fayacak gen\u00e7: \"Hayat\u0131mda ilk defa d\u00fcnya kupas\u0131nda \u00fclkemi destekleyece\u011fim, onun gururunu ya\u015f\u0131yorum\"","breadcrumb":{"@id":"https:\/\/memurunsesi.net\/index.php\/2026\/04\/01\/dev-ekrandaki-bitis-duduguyle-antalyada-bayram-havasi-esti\/#breadcrumb"},"inLanguage":"tr","potentialAction":[{"@type":"ReadAction","target":["https:\/\/memurunsesi.net\/index.php\/2026\/04\/01\/dev-ekrandaki-bitis-duduguyle-antalyada-bayram-havasi-esti\/"]}]},{"@type":"ImageObject","inLanguage":"tr","@id":"https:\/\/memurunsesi.net\/index.php\/2026\/04\/01\/dev-ekrandaki-bitis-duduguyle-antalyada-bayram-havasi-esti\/#primaryimage","url":"https:\/\/memurunsesi.net\/wp-content\/uploads\/2026\/04\/dunya-kupasi.jpg","contentUrl":"https:\/\/memurunsesi.net\/wp-content\/uploads\/2026\/04\/dunya-kupasi.jpg","width":1558,"height":868,"caption":"A M\u0130LL\u0130 FUTBOL TAKIMI'NIN KOSOVA \u0130LE OYNADI\u011eI KAR\u015eILA\u015eMAYI DEV EKRANDAN TAK\u0130P EDEN ANTALYALILAR, MA\u00c7IN SON D\u00dcD\u00dc\u011e\u00dc SONRASI BAYRAM HAVASI EST\u0130RD\u0130. 24 YIL ARANIN ARDINDAN GELEN D\u00dcNYA KUPASI B\u0130LET\u0130YLE \u0130LK KEZ BU DUYGUYU YA\u015eAYAN 20'L\u0130 YA\u015eLARDAK\u0130 B\u0130R GEN\u00c7 \u0130SE, \"HAYATIMDA \u0130LK DEFA D\u00dcNYA KUPASINDA \u00dcLKEM\u0130 DESTEKLEYECE\u011e\u0130M, ONUN GURURUNU YA\u015eIYORUM\" S\u00d6ZLER\u0130YLE DUYGULARINI D\u0130LE GET\u0130RD\u0130. (\u0130BRAH\u0130M S\u00d6NMEZ - SUAT MET\u0130N\/ANTALYA-\u0130HA) A Milli Futbol Tak\u0131m\u0131'n\u0131n Kosova ile oynad\u0131\u011f\u0131 kar\u015f\u0131la\u015fmay\u0131 dev ekrandan takip eden Antalyal\u0131lar, ma\u00e7\u0131n son d\u00fcd\u00fc\u011f\u00fc sonras\u0131 bayram havas\u0131 estirdi. 24 y\u0131l aran\u0131n ard\u0131ndan gelen d\u00fcnya kupas\u0131 biletiyle ilk kez bu duyguyu ya\u015fayan 20'li ya\u015flardaki bir gen\u00e7 ise, \"Hayat\u0131mda ilk defa d\u00fcnya kupas\u0131nda \u00fclkemi destekleyece\u011fim, onun gururunu ya\u015f\u0131yorum\" s\u00f6zleriyle duygular\u0131n\u0131 dile getirdi."},{"@type":"BreadcrumbList","@id":"https:\/\/memurunsesi.net\/index.php\/2026\/04\/01\/dev-ekrandaki-bitis-duduguyle-antalyada-bayram-havasi-esti\/#breadcrumb","itemListElement":[{"@type":"ListItem","position":1,"name":"Anasayfa","item":"https:\/\/memurunsesi.net\/"},{"@type":"ListItem","position":2,"name":"Dev ekrandaki biti\u015f d\u00fcd\u00fc\u011f\u00fcyle Antalya&#8217;da bayram havas\u0131 esti"}]},{"@type":"WebSite","@id":"https:\/\/memurunsesi.net\/#website","url":"https:\/\/memurunsesi.net\/","name":"Memurun Sesi","description":"G\u00fcncel ve Do\u011fru Haber","publisher":{"@id":"https:\/\/memurunsesi.net\/#organization"},"potentialAction":[{"@type":"SearchAction","target":{"@type":"EntryPoint","urlTemplate":"https:\/\/memurunsesi.net\/?s={search_term_string}"},"query-input":{"@type":"PropertyValueSpecification","valueRequired":true,"valueName":"search_term_string"}}],"inLanguage":"tr"},{"@type":"Organization","@id":"https:\/\/memurunsesi.net\/#organization","name":"Memurun Sesi","url":"https:\/\/memurunsesi.net\/","logo":{"@type":"ImageObject","inLanguage":"tr","@id":"https:\/\/memurunsesi.net\/#\/schema\/logo\/image\/","url":"https:\/\/memurunsesi.net\/wp-content\/uploads\/2025\/11\/cropped-MEMURUN-SESI.png","contentUrl":"https:\/\/memurunsesi.net\/wp-content\/uploads\/2025\/11\/cropped-MEMURUN-SESI.png","width":238,"height":57,"caption":"Memurun Sesi"},"image":{"@id":"https:\/\/memurunsesi.net\/#\/schema\/logo\/image\/"},"sameAs":["https:\/\/www.facebook.com\/unipersen\/?locale=tr_TR","https:\/\/x.com\/unipersen"]},{"@type":"Person","@id":"https:\/\/memurunsesi.net\/#\/schema\/person\/f21c2d73b89f6ee1d80b0a1803e38587","name":"Memurun Sesi Haber Merkezi","image":{"@type":"ImageObject","inLanguage":"tr","@id":"https:\/\/secure.gravatar.com\/avatar\/6cf0505f452ee753f485014986fab09a434671d2b919ee76fc541025c5876a70?s=96&d=mm&r=g","url":"https:\/\/secure.gravatar.com\/avatar\/6cf0505f452ee753f485014986fab09a434671d2b919ee76fc541025c5876a70?s=96&d=mm&r=g","contentUrl":"https:\/\/secure.gravatar.com\/avatar\/6cf0505f452ee753f485014986fab09a434671d2b919ee76fc541025c5876a70?s=96&d=mm&r=g","caption":"Memurun Sesi Haber Merkezi"},"sameAs":["https:\/\/memurunsesi.net"],"url":"https:\/\/memurunsesi.net\/index.php\/author\/uniper\/"}]}},"_links":{"self":[{"href":"https:\/\/memurunsesi.net\/index.php\/wp-json\/wp\/v2\/posts\/18812","targetHints":{"allow":["GET"]}}],"collection":[{"href":"https:\/\/memurunsesi.net\/index.php\/wp-json\/wp\/v2\/posts"}],"about":[{"href":"https:\/\/memurunsesi.net\/index.php\/wp-json\/wp\/v2\/types\/post"}],"author":[{"embeddable":true,"href":"https:\/\/memurunsesi.net\/index.php\/wp-json\/wp\/v2\/users\/1"}],"replies":[{"embeddable":true,"href":"https:\/\/memurunsesi.net\/index.php\/wp-json\/wp\/v2\/comments?post=18812"}],"version-history":[{"count":1,"href":"https:\/\/memurunsesi.net\/index.php\/wp-json\/wp\/v2\/posts\/18812\/revisions"}],"predecessor-version":[{"id":18814,"href":"https:\/\/memurunsesi.net\/index.php\/wp-json\/wp\/v2\/posts\/18812\/revisions\/18814"}],"wp:featuredmedia":[{"embeddable":true,"href":"https:\/\/memurunsesi.net\/index.php\/wp-json\/wp\/v2\/media\/18813"}],"wp:attachment":[{"href":"https:\/\/memurunsesi.net\/index.php\/wp-json\/wp\/v2\/media?parent=18812"}],"wp:term":[{"taxonomy":"category","embeddable":true,"href":"https:\/\/memurunsesi.net\/index.php\/wp-json\/wp\/v2\/categories?post=18812"},{"taxonomy":"post_tag","embeddable":true,"href":"https:\/\/memurunsesi.net\/index.php\/wp-json\/wp\/v2\/tags?post=18812"}],"curies":[{"name":"wp","href":"https:\/\/api.w.org\/{rel}","templated":true}]}}