{"id":18815,"date":"2026-04-01T08:07:50","date_gmt":"2026-04-01T05:07:50","guid":{"rendered":"https:\/\/memurunsesi.net\/?p=18815"},"modified":"2026-04-01T08:07:50","modified_gmt":"2026-04-01T05:07:50","slug":"millilerin-zaferi-kentte-coskuyla-kutlandi","status":"publish","type":"post","link":"https:\/\/memurunsesi.net\/index.php\/2026\/04\/01\/millilerin-zaferi-kentte-coskuyla-kutlandi\/","title":{"rendered":"Millilerin zaferi kentte co\u015fkuyla kutland\u0131"},"content":{"rendered":"<p>A Milli Tak\u0131m\u2019\u0131n Kosova galibiyeti sonras\u0131 D\u00fcnya Kupas\u0131\u2019na kat\u0131lma ba\u015far\u0131s\u0131 Ardahan&#8217;da b\u00fcy\u00fck co\u015fkuyla kutland\u0131.<br \/>\nA Milli Futbol Tak\u0131m\u0131, 2026 FIFA D\u00fcnya Kupas\u0131 play-off turu finalinde deplasmanda Kosova&#8217;y\u0131 1-0 ma\u011flup ederek 24 y\u0131l sonra finallere gitmeye hak kazand\u0131. Kar\u015f\u0131la\u015fman\u0131n ard\u0131ndan ellerinde T\u00fcrk bayraklar\u0131yla meydanlara \u00e7\u0131kan vatanda\u015flar, ara\u00e7 konvoylar\u0131 olu\u015fturarak \u015fehir turu att\u0131. Kornalar susmazken, gen\u00e7 ya\u015fl\u0131 demeden her kesimden insan\u0131n kat\u0131ld\u0131\u011f\u0131 kutlamalarda renkli g\u00f6r\u00fcnt\u00fcler ortaya \u00e7\u0131kt\u0131. \u00d6zellikle kent merkezinde yo\u011funluk ya\u015fan\u0131rken, baz\u0131 vatanda\u015flar me\u015faleler yakarak sevin\u00e7lerini doyas\u0131ya ya\u015fad\u0131.<br \/>\nA Milli Tak\u0131m\u2019\u0131n elde etti\u011fi bu \u00f6nemli ba\u015far\u0131, sadece sahada de\u011fil, yurt genelinde oldu\u011fu gibi Ardahan&#8217;da da birlik ve beraberlik duygusunu peki\u015ftirdi. Vatanda\u015flar, D\u00fcnya Kupas\u0131 heyecan\u0131n\u0131 \u015fimdiden ya\u015famaya ba\u015flarken, millilere olan destek ve inan\u00e7 bir kez daha g\u00f6zler \u00f6n\u00fcne serildi.<\/p>\n<p>1.04.2026<\/p>\n","protected":false},"excerpt":{"rendered":"<p>A Milli Tak\u0131m\u2019\u0131n Kosova galibiyeti sonras\u0131 D\u00fcnya Kupas\u0131\u2019na kat\u0131lma ba\u015far\u0131s\u0131 Ardahan&#8217;da b\u00fcy\u00fck co\u015fkuyla kutland\u0131. A Milli Futbol Tak\u0131m\u0131, 2026 FIFA D\u00fcnya Kupas\u0131 play-off turu finalinde deplasmanda Kosova&#8217;y\u0131 1-0 ma\u011flup ederek 24 y\u0131l sonra finallere gitmeye hak kazand\u0131. Kar\u015f\u0131la\u015fman\u0131n ard\u0131ndan ellerinde T\u00fcrk bayraklar\u0131yla meydanlara \u00e7\u0131kan vatanda\u015flar, ara\u00e7 konvoylar\u0131 olu\u015fturarak \u015fehir turu att\u0131. Kornalar susmazken, gen\u00e7 ya\u015fl\u0131 [&hellip;]<\/p>\n","protected":false},"author":1,"featured_media":18816,"comment_status":"open","ping_status":"open","sticky":false,"template":"","format":"standard","meta":{"footnotes":""},"categories":[45],"tags":[2569,2570,2571],"class_list":["post-18815","post","type-post","status-publish","format-standard","has-post-thumbnail","hentry","category-gundem","tag-a-milli-takimin-kosova-galibiyeti-sonrasi","tag-dunya-kupasina","tag-katilma-basarisi"],"yoast_head":"<!-- This site is optimized with the Yoast SEO plugin v27.4 - https:\/\/yoast.com\/product\/yoast-seo-wordpress\/ -->\n<title>Millilerin zaferi kentte co\u015fkuyla kutland\u0131 - Memurun Sesi<\/title>\n<meta name=\"description\" content=\"\u00a0 A Milli Tak\u0131m\u2019\u0131n Kosova galibiyeti sonras\u0131 D\u00fcnya Kupas\u0131\u2019na kat\u0131lma ba\u015far\u0131s\u0131 Ardahan&#039;da b\u00fcy\u00fck co\u015fkuyla kutland\u0131.\" \/>\n<meta name=\"robots\" content=\"index, follow, max-snippet:-1, max-image-preview:large, max-video-preview:-1\" \/>\n<link rel=\"canonical\" href=\"https:\/\/memurunsesi.net\/index.php\/2026\/04\/01\/millilerin-zaferi-kentte-coskuyla-kutlandi\/\" \/>\n<meta property=\"og:locale\" content=\"tr_TR\" \/>\n<meta property=\"og:type\" content=\"article\" \/>\n<meta property=\"og:title\" content=\"Millilerin zaferi kentte co\u015fkuyla kutland\u0131 - Memurun Sesi\" \/>\n<meta property=\"og:description\" content=\"\u00a0 A Milli Tak\u0131m\u2019\u0131n Kosova galibiyeti sonras\u0131 D\u00fcnya Kupas\u0131\u2019na kat\u0131lma ba\u015far\u0131s\u0131 Ardahan&#039;da b\u00fcy\u00fck co\u015fkuyla kutland\u0131.\" \/>\n<meta property=\"og:url\" content=\"https:\/\/memurunsesi.net\/index.php\/2026\/04\/01\/millilerin-zaferi-kentte-coskuyla-kutlandi\/\" \/>\n<meta property=\"og:site_name\" content=\"Memurun Sesi\" \/>\n<meta property=\"article:publisher\" content=\"https:\/\/www.facebook.com\/unipersen\/?locale=tr_TR\" \/>\n<meta property=\"article:published_time\" content=\"2026-04-01T05:07:50+00:00\" \/>\n<meta property=\"og:image\" content=\"https:\/\/memurunsesi.net\/wp-content\/uploads\/2026\/04\/mac-17.jpg\" \/>\n\t<meta property=\"og:image:width\" content=\"780\" \/>\n\t<meta property=\"og:image:height\" content=\"511\" \/>\n\t<meta property=\"og:image:type\" content=\"image\/jpeg\" \/>\n<meta name=\"author\" content=\"Memurun Sesi Haber Merkezi\" \/>\n<meta name=\"twitter:card\" content=\"summary_large_image\" \/>\n<meta name=\"twitter:creator\" content=\"@unipersen\" \/>\n<meta name=\"twitter:site\" content=\"@unipersen\" \/>\n<meta name=\"twitter:label1\" content=\"Yazan:\" \/>\n\t<meta name=\"twitter:data1\" content=\"Memurun Sesi Haber Merkezi\" \/>\n\t<meta name=\"twitter:label2\" content=\"Tahmini okuma s\u00fcresi\" \/>\n\t<meta name=\"twitter:data2\" content=\"1 dakika\" \/>\n<script type=\"application\/ld+json\" class=\"yoast-schema-graph\">{\"@context\":\"https:\\\/\\\/schema.org\",\"@graph\":[{\"@type\":\"Article\",\"@id\":\"https:\\\/\\\/memurunsesi.net\\\/index.php\\\/2026\\\/04\\\/01\\\/millilerin-zaferi-kentte-coskuyla-kutlandi\\\/#article\",\"isPartOf\":{\"@id\":\"https:\\\/\\\/memurunsesi.net\\\/index.php\\\/2026\\\/04\\\/01\\\/millilerin-zaferi-kentte-coskuyla-kutlandi\\\/\"},\"author\":{\"name\":\"Memurun Sesi Haber Merkezi\",\"@id\":\"https:\\\/\\\/memurunsesi.net\\\/#\\\/schema\\\/person\\\/f21c2d73b89f6ee1d80b0a1803e38587\"},\"headline\":\"Millilerin zaferi kentte co\u015fkuyla kutland\u0131\",\"datePublished\":\"2026-04-01T05:07:50+00:00\",\"mainEntityOfPage\":{\"@id\":\"https:\\\/\\\/memurunsesi.net\\\/index.php\\\/2026\\\/04\\\/01\\\/millilerin-zaferi-kentte-coskuyla-kutlandi\\\/\"},\"wordCount\":174,\"commentCount\":0,\"publisher\":{\"@id\":\"https:\\\/\\\/memurunsesi.net\\\/#organization\"},\"image\":{\"@id\":\"https:\\\/\\\/memurunsesi.net\\\/index.php\\\/2026\\\/04\\\/01\\\/millilerin-zaferi-kentte-coskuyla-kutlandi\\\/#primaryimage\"},\"thumbnailUrl\":\"https:\\\/\\\/memurunsesi.net\\\/wp-content\\\/uploads\\\/2026\\\/04\\\/mac-17.jpg\",\"keywords\":[\"A Milli Tak\u0131m\u2019\u0131n Kosova galibiyeti sonras\u0131\",\"D\u00fcnya Kupas\u0131\u2019na\",\"kat\u0131lma ba\u015far\u0131s\u0131\"],\"articleSection\":[\"G\u00fcndem\"],\"inLanguage\":\"tr\",\"potentialAction\":[{\"@type\":\"CommentAction\",\"name\":\"Comment\",\"target\":[\"https:\\\/\\\/memurunsesi.net\\\/index.php\\\/2026\\\/04\\\/01\\\/millilerin-zaferi-kentte-coskuyla-kutlandi\\\/#respond\"]}]},{\"@type\":\"WebPage\",\"@id\":\"https:\\\/\\\/memurunsesi.net\\\/index.php\\\/2026\\\/04\\\/01\\\/millilerin-zaferi-kentte-coskuyla-kutlandi\\\/\",\"url\":\"https:\\\/\\\/memurunsesi.net\\\/index.php\\\/2026\\\/04\\\/01\\\/millilerin-zaferi-kentte-coskuyla-kutlandi\\\/\",\"name\":\"Millilerin zaferi kentte co\u015fkuyla kutland\u0131 - Memurun Sesi\",\"isPartOf\":{\"@id\":\"https:\\\/\\\/memurunsesi.net\\\/#website\"},\"primaryImageOfPage\":{\"@id\":\"https:\\\/\\\/memurunsesi.net\\\/index.php\\\/2026\\\/04\\\/01\\\/millilerin-zaferi-kentte-coskuyla-kutlandi\\\/#primaryimage\"},\"image\":{\"@id\":\"https:\\\/\\\/memurunsesi.net\\\/index.php\\\/2026\\\/04\\\/01\\\/millilerin-zaferi-kentte-coskuyla-kutlandi\\\/#primaryimage\"},\"thumbnailUrl\":\"https:\\\/\\\/memurunsesi.net\\\/wp-content\\\/uploads\\\/2026\\\/04\\\/mac-17.jpg\",\"datePublished\":\"2026-04-01T05:07:50+00:00\",\"description\":\"\u00a0 A Milli Tak\u0131m\u2019\u0131n Kosova galibiyeti sonras\u0131 D\u00fcnya Kupas\u0131\u2019na kat\u0131lma ba\u015far\u0131s\u0131 Ardahan'da b\u00fcy\u00fck co\u015fkuyla kutland\u0131.\",\"breadcrumb\":{\"@id\":\"https:\\\/\\\/memurunsesi.net\\\/index.php\\\/2026\\\/04\\\/01\\\/millilerin-zaferi-kentte-coskuyla-kutlandi\\\/#breadcrumb\"},\"inLanguage\":\"tr\",\"potentialAction\":[{\"@type\":\"ReadAction\",\"target\":[\"https:\\\/\\\/memurunsesi.net\\\/index.php\\\/2026\\\/04\\\/01\\\/millilerin-zaferi-kentte-coskuyla-kutlandi\\\/\"]}]},{\"@type\":\"ImageObject\",\"inLanguage\":\"tr\",\"@id\":\"https:\\\/\\\/memurunsesi.net\\\/index.php\\\/2026\\\/04\\\/01\\\/millilerin-zaferi-kentte-coskuyla-kutlandi\\\/#primaryimage\",\"url\":\"https:\\\/\\\/memurunsesi.net\\\/wp-content\\\/uploads\\\/2026\\\/04\\\/mac-17.jpg\",\"contentUrl\":\"https:\\\/\\\/memurunsesi.net\\\/wp-content\\\/uploads\\\/2026\\\/04\\\/mac-17.jpg\",\"width\":780,\"height\":511,\"caption\":\"M\u0130LL\u0130LERDEN TAR\u0130H\u0130 ZAFER: KENTTE BAYRAM HAVASI. (OLGUN YILDIZ\\\/ARDAHAN-\u0130HA) (OLGUN YILDIZ\\\/ARDAHAN-\u0130HA) A Milli Tak\u0131m'\u0131n Kosova galibiyeti sonras\u0131 D\u00fcnya Kupas\u0131'na kat\u0131lma ba\u015far\u0131s\u0131 Ardahan'da b\u00fcy\u00fck co\u015fkuyla kutland\u0131.\"},{\"@type\":\"BreadcrumbList\",\"@id\":\"https:\\\/\\\/memurunsesi.net\\\/index.php\\\/2026\\\/04\\\/01\\\/millilerin-zaferi-kentte-coskuyla-kutlandi\\\/#breadcrumb\",\"itemListElement\":[{\"@type\":\"ListItem\",\"position\":1,\"name\":\"Anasayfa\",\"item\":\"https:\\\/\\\/memurunsesi.net\\\/\"},{\"@type\":\"ListItem\",\"position\":2,\"name\":\"Millilerin zaferi kentte co\u015fkuyla kutland\u0131\"}]},{\"@type\":\"WebSite\",\"@id\":\"https:\\\/\\\/memurunsesi.net\\\/#website\",\"url\":\"https:\\\/\\\/memurunsesi.net\\\/\",\"name\":\"Memurun Sesi\",\"description\":\"G\u00fcncel ve Do\u011fru Haber\",\"publisher\":{\"@id\":\"https:\\\/\\\/memurunsesi.net\\\/#organization\"},\"potentialAction\":[{\"@type\":\"SearchAction\",\"target\":{\"@type\":\"EntryPoint\",\"urlTemplate\":\"https:\\\/\\\/memurunsesi.net\\\/?s={search_term_string}\"},\"query-input\":{\"@type\":\"PropertyValueSpecification\",\"valueRequired\":true,\"valueName\":\"search_term_string\"}}],\"inLanguage\":\"tr\"},{\"@type\":\"Organization\",\"@id\":\"https:\\\/\\\/memurunsesi.net\\\/#organization\",\"name\":\"Memurun Sesi\",\"url\":\"https:\\\/\\\/memurunsesi.net\\\/\",\"logo\":{\"@type\":\"ImageObject\",\"inLanguage\":\"tr\",\"@id\":\"https:\\\/\\\/memurunsesi.net\\\/#\\\/schema\\\/logo\\\/image\\\/\",\"url\":\"https:\\\/\\\/memurunsesi.net\\\/wp-content\\\/uploads\\\/2025\\\/11\\\/cropped-MEMURUN-SESI.png\",\"contentUrl\":\"https:\\\/\\\/memurunsesi.net\\\/wp-content\\\/uploads\\\/2025\\\/11\\\/cropped-MEMURUN-SESI.png\",\"width\":238,\"height\":57,\"caption\":\"Memurun Sesi\"},\"image\":{\"@id\":\"https:\\\/\\\/memurunsesi.net\\\/#\\\/schema\\\/logo\\\/image\\\/\"},\"sameAs\":[\"https:\\\/\\\/www.facebook.com\\\/unipersen\\\/?locale=tr_TR\",\"https:\\\/\\\/x.com\\\/unipersen\"]},{\"@type\":\"Person\",\"@id\":\"https:\\\/\\\/memurunsesi.net\\\/#\\\/schema\\\/person\\\/f21c2d73b89f6ee1d80b0a1803e38587\",\"name\":\"Memurun Sesi Haber Merkezi\",\"image\":{\"@type\":\"ImageObject\",\"inLanguage\":\"tr\",\"@id\":\"https:\\\/\\\/secure.gravatar.com\\\/avatar\\\/6cf0505f452ee753f485014986fab09a434671d2b919ee76fc541025c5876a70?s=96&d=mm&r=g\",\"url\":\"https:\\\/\\\/secure.gravatar.com\\\/avatar\\\/6cf0505f452ee753f485014986fab09a434671d2b919ee76fc541025c5876a70?s=96&d=mm&r=g\",\"contentUrl\":\"https:\\\/\\\/secure.gravatar.com\\\/avatar\\\/6cf0505f452ee753f485014986fab09a434671d2b919ee76fc541025c5876a70?s=96&d=mm&r=g\",\"caption\":\"Memurun Sesi Haber Merkezi\"},\"sameAs\":[\"https:\\\/\\\/memurunsesi.net\"],\"url\":\"https:\\\/\\\/memurunsesi.net\\\/index.php\\\/author\\\/uniper\\\/\"}]}<\/script>\n<!-- \/ Yoast SEO plugin. -->","yoast_head_json":{"title":"Millilerin zaferi kentte co\u015fkuyla kutland\u0131 - Memurun Sesi","description":"\u00a0 A Milli Tak\u0131m\u2019\u0131n Kosova galibiyeti sonras\u0131 D\u00fcnya Kupas\u0131\u2019na kat\u0131lma ba\u015far\u0131s\u0131 Ardahan'da b\u00fcy\u00fck co\u015fkuyla kutland\u0131.","robots":{"index":"index","follow":"follow","max-snippet":"max-snippet:-1","max-image-preview":"max-image-preview:large","max-video-preview":"max-video-preview:-1"},"canonical":"https:\/\/memurunsesi.net\/index.php\/2026\/04\/01\/millilerin-zaferi-kentte-coskuyla-kutlandi\/","og_locale":"tr_TR","og_type":"article","og_title":"Millilerin zaferi kentte co\u015fkuyla kutland\u0131 - Memurun Sesi","og_description":"\u00a0 A Milli Tak\u0131m\u2019\u0131n Kosova galibiyeti sonras\u0131 D\u00fcnya Kupas\u0131\u2019na kat\u0131lma ba\u015far\u0131s\u0131 Ardahan'da b\u00fcy\u00fck co\u015fkuyla kutland\u0131.","og_url":"https:\/\/memurunsesi.net\/index.php\/2026\/04\/01\/millilerin-zaferi-kentte-coskuyla-kutlandi\/","og_site_name":"Memurun Sesi","article_publisher":"https:\/\/www.facebook.com\/unipersen\/?locale=tr_TR","article_published_time":"2026-04-01T05:07:50+00:00","og_image":[{"width":780,"height":511,"url":"https:\/\/memurunsesi.net\/wp-content\/uploads\/2026\/04\/mac-17.jpg","type":"image\/jpeg"}],"author":"Memurun Sesi Haber Merkezi","twitter_card":"summary_large_image","twitter_creator":"@unipersen","twitter_site":"@unipersen","twitter_misc":{"Yazan:":"Memurun Sesi Haber Merkezi","Tahmini okuma s\u00fcresi":"1 dakika"},"schema":{"@context":"https:\/\/schema.org","@graph":[{"@type":"Article","@id":"https:\/\/memurunsesi.net\/index.php\/2026\/04\/01\/millilerin-zaferi-kentte-coskuyla-kutlandi\/#article","isPartOf":{"@id":"https:\/\/memurunsesi.net\/index.php\/2026\/04\/01\/millilerin-zaferi-kentte-coskuyla-kutlandi\/"},"author":{"name":"Memurun Sesi Haber Merkezi","@id":"https:\/\/memurunsesi.net\/#\/schema\/person\/f21c2d73b89f6ee1d80b0a1803e38587"},"headline":"Millilerin zaferi kentte co\u015fkuyla kutland\u0131","datePublished":"2026-04-01T05:07:50+00:00","mainEntityOfPage":{"@id":"https:\/\/memurunsesi.net\/index.php\/2026\/04\/01\/millilerin-zaferi-kentte-coskuyla-kutlandi\/"},"wordCount":174,"commentCount":0,"publisher":{"@id":"https:\/\/memurunsesi.net\/#organization"},"image":{"@id":"https:\/\/memurunsesi.net\/index.php\/2026\/04\/01\/millilerin-zaferi-kentte-coskuyla-kutlandi\/#primaryimage"},"thumbnailUrl":"https:\/\/memurunsesi.net\/wp-content\/uploads\/2026\/04\/mac-17.jpg","keywords":["A Milli Tak\u0131m\u2019\u0131n Kosova galibiyeti sonras\u0131","D\u00fcnya Kupas\u0131\u2019na","kat\u0131lma ba\u015far\u0131s\u0131"],"articleSection":["G\u00fcndem"],"inLanguage":"tr","potentialAction":[{"@type":"CommentAction","name":"Comment","target":["https:\/\/memurunsesi.net\/index.php\/2026\/04\/01\/millilerin-zaferi-kentte-coskuyla-kutlandi\/#respond"]}]},{"@type":"WebPage","@id":"https:\/\/memurunsesi.net\/index.php\/2026\/04\/01\/millilerin-zaferi-kentte-coskuyla-kutlandi\/","url":"https:\/\/memurunsesi.net\/index.php\/2026\/04\/01\/millilerin-zaferi-kentte-coskuyla-kutlandi\/","name":"Millilerin zaferi kentte co\u015fkuyla kutland\u0131 - Memurun Sesi","isPartOf":{"@id":"https:\/\/memurunsesi.net\/#website"},"primaryImageOfPage":{"@id":"https:\/\/memurunsesi.net\/index.php\/2026\/04\/01\/millilerin-zaferi-kentte-coskuyla-kutlandi\/#primaryimage"},"image":{"@id":"https:\/\/memurunsesi.net\/index.php\/2026\/04\/01\/millilerin-zaferi-kentte-coskuyla-kutlandi\/#primaryimage"},"thumbnailUrl":"https:\/\/memurunsesi.net\/wp-content\/uploads\/2026\/04\/mac-17.jpg","datePublished":"2026-04-01T05:07:50+00:00","description":"\u00a0 A Milli Tak\u0131m\u2019\u0131n Kosova galibiyeti sonras\u0131 D\u00fcnya Kupas\u0131\u2019na kat\u0131lma ba\u015far\u0131s\u0131 Ardahan'da b\u00fcy\u00fck co\u015fkuyla kutland\u0131.","breadcrumb":{"@id":"https:\/\/memurunsesi.net\/index.php\/2026\/04\/01\/millilerin-zaferi-kentte-coskuyla-kutlandi\/#breadcrumb"},"inLanguage":"tr","potentialAction":[{"@type":"ReadAction","target":["https:\/\/memurunsesi.net\/index.php\/2026\/04\/01\/millilerin-zaferi-kentte-coskuyla-kutlandi\/"]}]},{"@type":"ImageObject","inLanguage":"tr","@id":"https:\/\/memurunsesi.net\/index.php\/2026\/04\/01\/millilerin-zaferi-kentte-coskuyla-kutlandi\/#primaryimage","url":"https:\/\/memurunsesi.net\/wp-content\/uploads\/2026\/04\/mac-17.jpg","contentUrl":"https:\/\/memurunsesi.net\/wp-content\/uploads\/2026\/04\/mac-17.jpg","width":780,"height":511,"caption":"M\u0130LL\u0130LERDEN TAR\u0130H\u0130 ZAFER: KENTTE BAYRAM HAVASI. (OLGUN YILDIZ\/ARDAHAN-\u0130HA) (OLGUN YILDIZ\/ARDAHAN-\u0130HA) A Milli Tak\u0131m'\u0131n Kosova galibiyeti sonras\u0131 D\u00fcnya Kupas\u0131'na kat\u0131lma ba\u015far\u0131s\u0131 Ardahan'da b\u00fcy\u00fck co\u015fkuyla kutland\u0131."},{"@type":"BreadcrumbList","@id":"https:\/\/memurunsesi.net\/index.php\/2026\/04\/01\/millilerin-zaferi-kentte-coskuyla-kutlandi\/#breadcrumb","itemListElement":[{"@type":"ListItem","position":1,"name":"Anasayfa","item":"https:\/\/memurunsesi.net\/"},{"@type":"ListItem","position":2,"name":"Millilerin zaferi kentte co\u015fkuyla kutland\u0131"}]},{"@type":"WebSite","@id":"https:\/\/memurunsesi.net\/#website","url":"https:\/\/memurunsesi.net\/","name":"Memurun Sesi","description":"G\u00fcncel ve Do\u011fru Haber","publisher":{"@id":"https:\/\/memurunsesi.net\/#organization"},"potentialAction":[{"@type":"SearchAction","target":{"@type":"EntryPoint","urlTemplate":"https:\/\/memurunsesi.net\/?s={search_term_string}"},"query-input":{"@type":"PropertyValueSpecification","valueRequired":true,"valueName":"search_term_string"}}],"inLanguage":"tr"},{"@type":"Organization","@id":"https:\/\/memurunsesi.net\/#organization","name":"Memurun Sesi","url":"https:\/\/memurunsesi.net\/","logo":{"@type":"ImageObject","inLanguage":"tr","@id":"https:\/\/memurunsesi.net\/#\/schema\/logo\/image\/","url":"https:\/\/memurunsesi.net\/wp-content\/uploads\/2025\/11\/cropped-MEMURUN-SESI.png","contentUrl":"https:\/\/memurunsesi.net\/wp-content\/uploads\/2025\/11\/cropped-MEMURUN-SESI.png","width":238,"height":57,"caption":"Memurun Sesi"},"image":{"@id":"https:\/\/memurunsesi.net\/#\/schema\/logo\/image\/"},"sameAs":["https:\/\/www.facebook.com\/unipersen\/?locale=tr_TR","https:\/\/x.com\/unipersen"]},{"@type":"Person","@id":"https:\/\/memurunsesi.net\/#\/schema\/person\/f21c2d73b89f6ee1d80b0a1803e38587","name":"Memurun Sesi Haber Merkezi","image":{"@type":"ImageObject","inLanguage":"tr","@id":"https:\/\/secure.gravatar.com\/avatar\/6cf0505f452ee753f485014986fab09a434671d2b919ee76fc541025c5876a70?s=96&d=mm&r=g","url":"https:\/\/secure.gravatar.com\/avatar\/6cf0505f452ee753f485014986fab09a434671d2b919ee76fc541025c5876a70?s=96&d=mm&r=g","contentUrl":"https:\/\/secure.gravatar.com\/avatar\/6cf0505f452ee753f485014986fab09a434671d2b919ee76fc541025c5876a70?s=96&d=mm&r=g","caption":"Memurun Sesi Haber Merkezi"},"sameAs":["https:\/\/memurunsesi.net"],"url":"https:\/\/memurunsesi.net\/index.php\/author\/uniper\/"}]}},"_links":{"self":[{"href":"https:\/\/memurunsesi.net\/index.php\/wp-json\/wp\/v2\/posts\/18815","targetHints":{"allow":["GET"]}}],"collection":[{"href":"https:\/\/memurunsesi.net\/index.php\/wp-json\/wp\/v2\/posts"}],"about":[{"href":"https:\/\/memurunsesi.net\/index.php\/wp-json\/wp\/v2\/types\/post"}],"author":[{"embeddable":true,"href":"https:\/\/memurunsesi.net\/index.php\/wp-json\/wp\/v2\/users\/1"}],"replies":[{"embeddable":true,"href":"https:\/\/memurunsesi.net\/index.php\/wp-json\/wp\/v2\/comments?post=18815"}],"version-history":[{"count":1,"href":"https:\/\/memurunsesi.net\/index.php\/wp-json\/wp\/v2\/posts\/18815\/revisions"}],"predecessor-version":[{"id":18817,"href":"https:\/\/memurunsesi.net\/index.php\/wp-json\/wp\/v2\/posts\/18815\/revisions\/18817"}],"wp:featuredmedia":[{"embeddable":true,"href":"https:\/\/memurunsesi.net\/index.php\/wp-json\/wp\/v2\/media\/18816"}],"wp:attachment":[{"href":"https:\/\/memurunsesi.net\/index.php\/wp-json\/wp\/v2\/media?parent=18815"}],"wp:term":[{"taxonomy":"category","embeddable":true,"href":"https:\/\/memurunsesi.net\/index.php\/wp-json\/wp\/v2\/categories?post=18815"},{"taxonomy":"post_tag","embeddable":true,"href":"https:\/\/memurunsesi.net\/index.php\/wp-json\/wp\/v2\/tags?post=18815"}],"curies":[{"name":"wp","href":"https:\/\/api.w.org\/{rel}","templated":true}]}}