{"id":18818,"date":"2026-04-01T08:11:35","date_gmt":"2026-04-01T05:11:35","guid":{"rendered":"https:\/\/memurunsesi.net\/?p=18818"},"modified":"2026-04-03T16:22:01","modified_gmt":"2026-04-03T13:22:01","slug":"turkiyede-5g-donemi-basliyor-dijital-donusumde-yeni-cag","status":"publish","type":"post","link":"https:\/\/memurunsesi.net\/index.php\/2026\/04\/01\/turkiyede-5g-donemi-basliyor-dijital-donusumde-yeni-cag\/","title":{"rendered":"T\u00fcrkiye\u2019de 5G D\u00f6nemi Ba\u015fl\u0131yor: Dijital D\u00f6n\u00fc\u015f\u00fcmde Yeni \u00c7a\u011f"},"content":{"rendered":"<div class=\"relative basis-auto flex-col -mb-(--composer-overlap-px) pb-(--composer-overlap-px) [--composer-overlap-px:28px] grow flex\">\n<div class=\"flex flex-col text-sm pb-25\">\n<section class=\"text-token-text-primary w-full focus:outline-none [--shadow-height:45px] has-data-writing-block:pointer-events-none has-data-writing-block:-mt-(--shadow-height) has-data-writing-block:pt-(--shadow-height) [&amp;:has([data-writing-block])&gt;*]:pointer-events-auto scroll-mt-[calc(var(--header-height)+min(200px,max(70px,20svh)))]\" dir=\"auto\" data-turn-id=\"request-WEB:43323339-fab7-434e-a6c1-3952f80d9229-0\" data-testid=\"conversation-turn-2\" data-scroll-anchor=\"true\" data-turn=\"assistant\">\n<div class=\"text-base my-auto mx-auto pb-10 [--thread-content-margin:var(--thread-content-margin-xs,calc(var(--spacing)*4))] @w-sm\/main:[--thread-content-margin:var(--thread-content-margin-sm,calc(var(--spacing)*6))] @w-lg\/main:[--thread-content-margin:var(--thread-content-margin-lg,calc(var(--spacing)*16))] px-(--thread-content-margin)\">\n<div class=\"[--thread-content-max-width:40rem] @w-lg\/main:[--thread-content-max-width:48rem] mx-auto max-w-(--thread-content-max-width) flex-1 group\/turn-messages focus-visible:outline-hidden relative flex w-full min-w-0 flex-col agent-turn\">\n<div class=\"flex max-w-full flex-col gap-4 grow\">\n<div class=\"min-h-8 text-message relative flex w-full flex-col items-end gap-2 text-start break-words whitespace-normal outline-none keyboard-focused:focus-ring [.text-message+&amp;]:mt-1\" dir=\"auto\" tabindex=\"0\" data-message-author-role=\"assistant\" data-message-id=\"b87019d5-680c-4511-a1a7-37a8c2cf0adb\" data-message-model-slug=\"gpt-5-3\" data-turn-start-message=\"true\">\n<div class=\"flex w-full flex-col gap-1 empty:hidden\">\n<div class=\"markdown prose dark:prose-invert w-full wrap-break-word light markdown-new-styling\">\n<p data-start=\"63\" data-end=\"448\">\u00a0 \u00a0 \u00a0T\u00fcrkiye, uzun s\u00fcredir haz\u0131rl\u0131klar\u0131 devam eden 5G teknolojisine ge\u00e7i\u015f s\u00fcrecinde \u00f6nemli bir e\u015fi\u011fe geldi. Ula\u015ft\u0131rma ve Altyap\u0131 Bakanl\u0131\u011f\u0131 ile ilgili kurumlar\u0131n koordinasyonunda y\u00fcr\u00fct\u00fclen \u00e7al\u0131\u015fmalar kapsam\u0131nda, 5G altyap\u0131s\u0131n\u0131n kademeli olarak devreye al\u0131nmas\u0131 planlan\u0131yor. Bu geli\u015fme, hem bireysel kullan\u0131c\u0131lar hem de sanayi a\u00e7\u0131s\u0131ndan dijital d\u00f6n\u00fc\u015f\u00fcmde yeni bir d\u00f6nemin kap\u0131lar\u0131n\u0131 aral\u0131yor.<\/p>\n<p data-start=\"450\" data-end=\"805\">5G teknolojisi, mevcut 4.5G altyap\u0131s\u0131na k\u0131yasla \u00e7ok daha y\u00fcksek veri h\u0131zlar\u0131, d\u00fc\u015f\u00fck gecikme s\u00fcresi ve ayn\u0131 anda daha fazla cihaz\u0131n a\u011fa ba\u011flanabilmesi gibi avantajlar sunuyor. Uzmanlara g\u00f6re bu teknoloji; otonom ara\u00e7lardan ak\u0131ll\u0131 \u015fehir uygulamalar\u0131na, uzaktan sa\u011fl\u0131k hizmetlerinden end\u00fcstriyel otomasyona kadar pek \u00e7ok alanda k\u00f6kl\u00fc de\u011fi\u015fiklikler yaratacak.<\/p>\n<p data-start=\"807\" data-end=\"1082\">T\u00fcrkiye\u2019de 5G\u2019nin ilk etapta b\u00fcy\u00fck \u015fehirlerde ve yo\u011fun veri kullan\u0131m\u0131n\u0131n oldu\u011fu b\u00f6lgelerde aktif hale getirilmesi bekleniyor. \u0130stanbul, Ankara ve \u0130zmir gibi metropoller pilot uygulamalar\u0131n merkezi olurken, ilerleyen s\u00fcre\u00e7te kapsama alan\u0131n\u0131n t\u00fcm \u00fclkeye yay\u0131lmas\u0131 hedefleniyor.<\/p>\n<p data-start=\"1084\" data-end=\"1421\">Sanayi ve teknoloji \u00e7evreleri, 5G\u2019nin \u00f6zellikle \u00fcretim sekt\u00f6r\u00fcnde verimlili\u011fi art\u0131raca\u011f\u0131na dikkat \u00e7ekiyor. Ak\u0131ll\u0131 fabrikalar, nesnelerin interneti (IoT) ve yapay zek\u00e2 destekli sistemler sayesinde \u00fcretim s\u00fcre\u00e7leri daha h\u0131zl\u0131 ve hatas\u0131z hale gelebilecek. Ayr\u0131ca giri\u015fimcilik ekosisteminde de yeni i\u015f modellerinin ortaya \u00e7\u0131kmas\u0131 bekleniyor.<\/p>\n<p data-start=\"1423\" data-end=\"1648\">\u00d6te yandan, 5G altyap\u0131s\u0131n\u0131n kurulumu i\u00e7in gerekli yat\u0131r\u0131mlar ve frekans tahsis s\u00fcre\u00e7leri de g\u00fcndemdeki yerini koruyor. Yetkililer, yerli ve milli teknolojilerin bu s\u00fcre\u00e7te daha fazla kullan\u0131lmas\u0131n\u0131n hedeflendi\u011fini vurguluyor.<\/p>\n<p data-start=\"1650\" data-end=\"1914\">Vatanda\u015flar a\u00e7\u0131s\u0131ndan bak\u0131ld\u0131\u011f\u0131nda ise 5G, daha h\u0131zl\u0131 internet, kesintisiz ba\u011flant\u0131 ve geli\u015fmi\u015f dijital hizmetler anlam\u0131na geliyor. \u00d6zellikle mobil oyun, video ak\u0131\u015f\u0131 ve art\u0131r\u0131lm\u0131\u015f ger\u00e7eklik uygulamalar\u0131nda kullan\u0131c\u0131 deneyiminin \u00f6nemli \u00f6l\u00e7\u00fcde iyile\u015fmesi bekleniyor.<\/p>\n<p data-start=\"1916\" data-end=\"2199\" data-is-last-node=\"\" data-is-only-node=\"\">Sonu\u00e7 olarak, T\u00fcrkiye\u2019nin 5G\u2019ye ge\u00e7i\u015fi sadece bir teknoloji yat\u0131r\u0131m\u0131 de\u011fil, ayn\u0131 zamanda ekonomik b\u00fcy\u00fcme ve k\u00fcresel rekabet a\u00e7\u0131s\u0131ndan stratejik bir ad\u0131m olarak de\u011ferlendiriliyor. \u00d6n\u00fcm\u00fczdeki d\u00f6nemde at\u0131lacak ad\u0131mlar, \u00fclkenin dijital gelece\u011fini \u015fekillendirecek \u00f6nemli bir unsur olacak.<\/p>\n<p data-start=\"1916\" data-end=\"2199\" data-is-last-node=\"\" data-is-only-node=\"\">01.04.2026<\/p>\n","protected":false},"excerpt":{"rendered":"<p>\u00a0 \u00a0 \u00a0T\u00fcrkiye, uzun s\u00fcredir haz\u0131rl\u0131klar\u0131 devam eden 5G teknolojisine ge\u00e7i\u015f s\u00fcrecinde \u00f6nemli bir e\u015fi\u011fe geldi. Ula\u015ft\u0131rma ve Altyap\u0131 Bakanl\u0131\u011f\u0131 ile ilgili kurumlar\u0131n koordinasyonunda y\u00fcr\u00fct\u00fclen \u00e7al\u0131\u015fmalar kapsam\u0131nda, 5G altyap\u0131s\u0131n\u0131n kademeli olarak devreye al\u0131nmas\u0131 planlan\u0131yor. Bu geli\u015fme, hem bireysel kullan\u0131c\u0131lar hem de sanayi a\u00e7\u0131s\u0131ndan dijital d\u00f6n\u00fc\u015f\u00fcmde yeni bir d\u00f6nemin kap\u0131lar\u0131n\u0131 aral\u0131yor. 5G teknolojisi, mevcut 4.5G altyap\u0131s\u0131na [&hellip;]<\/p>\n","protected":false},"author":1,"featured_media":18819,"comment_status":"open","ping_status":"open","sticky":false,"template":"","format":"standard","meta":{"footnotes":""},"categories":[1],"tags":[2573,2574,2577,2575,2578,2576,2580,2579,2572,84],"class_list":["post-18818","post","type-post","status-publish","format-standard","has-post-thumbnail","hentry","category-genel","tag-5g-nedir","tag-5g-turkiye-ne-zaman","tag-akilli-sehirler","tag-dijital-donusum","tag-iot","tag-mobil-internet-teknolojileri","tag-teknoloji-haberleri","tag-telekomunikasyon","tag-turkiye-5g","tag-yapay-zeka"],"yoast_head":"<!-- This site is optimized with the Yoast SEO plugin v27.4 - https:\/\/yoast.com\/product\/yoast-seo-wordpress\/ -->\n<title>T\u00fcrkiye\u2019de 5G D\u00f6nemi Ba\u015fl\u0131yor: Dijital D\u00f6n\u00fc\u015f\u00fcmde Yeni \u00c7a\u011f - Memurun Sesi<\/title>\n<meta name=\"description\" content=\"T\u00fcrkiye\u2019de 5G teknolojisinin hayata ge\u00e7irilmesiyle birlikte dijital d\u00f6n\u00fc\u015f\u00fcm h\u0131z kazan\u0131yor. 5G\u2019nin avantajlar\u0131, kullan\u0131m alanlar\u0131 ve T\u00fcrkiye\u2019ye etkileri hakk\u0131nda detayl\u0131 bilgi.\" \/>\n<meta name=\"robots\" content=\"index, follow, max-snippet:-1, max-image-preview:large, max-video-preview:-1\" \/>\n<link rel=\"canonical\" href=\"https:\/\/memurunsesi.net\/index.php\/2026\/04\/01\/turkiyede-5g-donemi-basliyor-dijital-donusumde-yeni-cag\/\" \/>\n<meta property=\"og:locale\" content=\"tr_TR\" \/>\n<meta property=\"og:type\" content=\"article\" \/>\n<meta property=\"og:title\" content=\"T\u00fcrkiye\u2019de 5G D\u00f6nemi Ba\u015fl\u0131yor: Dijital D\u00f6n\u00fc\u015f\u00fcmde Yeni \u00c7a\u011f - Memurun Sesi\" \/>\n<meta property=\"og:description\" content=\"T\u00fcrkiye\u2019de 5G teknolojisinin hayata ge\u00e7irilmesiyle birlikte dijital d\u00f6n\u00fc\u015f\u00fcm h\u0131z kazan\u0131yor. 5G\u2019nin avantajlar\u0131, kullan\u0131m alanlar\u0131 ve T\u00fcrkiye\u2019ye etkileri hakk\u0131nda detayl\u0131 bilgi.\" \/>\n<meta property=\"og:url\" content=\"https:\/\/memurunsesi.net\/index.php\/2026\/04\/01\/turkiyede-5g-donemi-basliyor-dijital-donusumde-yeni-cag\/\" \/>\n<meta property=\"og:site_name\" content=\"Memurun Sesi\" \/>\n<meta property=\"article:publisher\" content=\"https:\/\/www.facebook.com\/unipersen\/?locale=tr_TR\" \/>\n<meta property=\"article:published_time\" content=\"2026-04-01T05:11:35+00:00\" \/>\n<meta property=\"article:modified_time\" content=\"2026-04-03T13:22:01+00:00\" \/>\n<meta property=\"og:image\" content=\"https:\/\/memurunsesi.net\/wp-content\/uploads\/2026\/04\/5-g.jpg\" \/>\n\t<meta property=\"og:image:width\" content=\"298\" \/>\n\t<meta property=\"og:image:height\" content=\"169\" \/>\n\t<meta property=\"og:image:type\" content=\"image\/jpeg\" \/>\n<meta name=\"author\" content=\"Memurun Sesi Haber Merkezi\" \/>\n<meta name=\"twitter:card\" content=\"summary_large_image\" \/>\n<meta name=\"twitter:creator\" content=\"@unipersen\" \/>\n<meta name=\"twitter:site\" content=\"@unipersen\" \/>\n<meta name=\"twitter:label1\" content=\"Yazan:\" \/>\n\t<meta name=\"twitter:data1\" content=\"Memurun Sesi Haber Merkezi\" \/>\n\t<meta name=\"twitter:label2\" content=\"Tahmini okuma s\u00fcresi\" \/>\n\t<meta name=\"twitter:data2\" content=\"2 dakika\" \/>\n<script type=\"application\/ld+json\" class=\"yoast-schema-graph\">{\"@context\":\"https:\\\/\\\/schema.org\",\"@graph\":[{\"@type\":\"Article\",\"@id\":\"https:\\\/\\\/memurunsesi.net\\\/index.php\\\/2026\\\/04\\\/01\\\/turkiyede-5g-donemi-basliyor-dijital-donusumde-yeni-cag\\\/#article\",\"isPartOf\":{\"@id\":\"https:\\\/\\\/memurunsesi.net\\\/index.php\\\/2026\\\/04\\\/01\\\/turkiyede-5g-donemi-basliyor-dijital-donusumde-yeni-cag\\\/\"},\"author\":{\"name\":\"Memurun Sesi Haber Merkezi\",\"@id\":\"https:\\\/\\\/memurunsesi.net\\\/#\\\/schema\\\/person\\\/f21c2d73b89f6ee1d80b0a1803e38587\"},\"headline\":\"T\u00fcrkiye\u2019de 5G D\u00f6nemi Ba\u015fl\u0131yor: Dijital D\u00f6n\u00fc\u015f\u00fcmde Yeni \u00c7a\u011f\",\"datePublished\":\"2026-04-01T05:11:35+00:00\",\"dateModified\":\"2026-04-03T13:22:01+00:00\",\"mainEntityOfPage\":{\"@id\":\"https:\\\/\\\/memurunsesi.net\\\/index.php\\\/2026\\\/04\\\/01\\\/turkiyede-5g-donemi-basliyor-dijital-donusumde-yeni-cag\\\/\"},\"wordCount\":413,\"commentCount\":0,\"publisher\":{\"@id\":\"https:\\\/\\\/memurunsesi.net\\\/#organization\"},\"image\":{\"@id\":\"https:\\\/\\\/memurunsesi.net\\\/index.php\\\/2026\\\/04\\\/01\\\/turkiyede-5g-donemi-basliyor-dijital-donusumde-yeni-cag\\\/#primaryimage\"},\"thumbnailUrl\":\"https:\\\/\\\/memurunsesi.net\\\/wp-content\\\/uploads\\\/2026\\\/04\\\/5-g.jpg\",\"keywords\":[\"5G nedir\",\"5G T\u00fcrkiye ne zaman\",\"ak\u0131ll\u0131 \u015fehirler\",\"dijital d\u00f6n\u00fc\u015f\u00fcm\",\"IoT\",\"mobil internet teknolojileri\",\"teknoloji haberleri\",\"telekom\u00fcnikasyon\",\"T\u00fcrkiye 5G\",\"yapay zeka\"],\"inLanguage\":\"tr\",\"potentialAction\":[{\"@type\":\"CommentAction\",\"name\":\"Comment\",\"target\":[\"https:\\\/\\\/memurunsesi.net\\\/index.php\\\/2026\\\/04\\\/01\\\/turkiyede-5g-donemi-basliyor-dijital-donusumde-yeni-cag\\\/#respond\"]}]},{\"@type\":\"WebPage\",\"@id\":\"https:\\\/\\\/memurunsesi.net\\\/index.php\\\/2026\\\/04\\\/01\\\/turkiyede-5g-donemi-basliyor-dijital-donusumde-yeni-cag\\\/\",\"url\":\"https:\\\/\\\/memurunsesi.net\\\/index.php\\\/2026\\\/04\\\/01\\\/turkiyede-5g-donemi-basliyor-dijital-donusumde-yeni-cag\\\/\",\"name\":\"T\u00fcrkiye\u2019de 5G D\u00f6nemi Ba\u015fl\u0131yor: Dijital D\u00f6n\u00fc\u015f\u00fcmde Yeni \u00c7a\u011f - Memurun Sesi\",\"isPartOf\":{\"@id\":\"https:\\\/\\\/memurunsesi.net\\\/#website\"},\"primaryImageOfPage\":{\"@id\":\"https:\\\/\\\/memurunsesi.net\\\/index.php\\\/2026\\\/04\\\/01\\\/turkiyede-5g-donemi-basliyor-dijital-donusumde-yeni-cag\\\/#primaryimage\"},\"image\":{\"@id\":\"https:\\\/\\\/memurunsesi.net\\\/index.php\\\/2026\\\/04\\\/01\\\/turkiyede-5g-donemi-basliyor-dijital-donusumde-yeni-cag\\\/#primaryimage\"},\"thumbnailUrl\":\"https:\\\/\\\/memurunsesi.net\\\/wp-content\\\/uploads\\\/2026\\\/04\\\/5-g.jpg\",\"datePublished\":\"2026-04-01T05:11:35+00:00\",\"dateModified\":\"2026-04-03T13:22:01+00:00\",\"description\":\"T\u00fcrkiye\u2019de 5G teknolojisinin hayata ge\u00e7irilmesiyle birlikte dijital d\u00f6n\u00fc\u015f\u00fcm h\u0131z kazan\u0131yor. 5G\u2019nin avantajlar\u0131, kullan\u0131m alanlar\u0131 ve T\u00fcrkiye\u2019ye etkileri hakk\u0131nda detayl\u0131 bilgi.\",\"breadcrumb\":{\"@id\":\"https:\\\/\\\/memurunsesi.net\\\/index.php\\\/2026\\\/04\\\/01\\\/turkiyede-5g-donemi-basliyor-dijital-donusumde-yeni-cag\\\/#breadcrumb\"},\"inLanguage\":\"tr\",\"potentialAction\":[{\"@type\":\"ReadAction\",\"target\":[\"https:\\\/\\\/memurunsesi.net\\\/index.php\\\/2026\\\/04\\\/01\\\/turkiyede-5g-donemi-basliyor-dijital-donusumde-yeni-cag\\\/\"]}]},{\"@type\":\"ImageObject\",\"inLanguage\":\"tr\",\"@id\":\"https:\\\/\\\/memurunsesi.net\\\/index.php\\\/2026\\\/04\\\/01\\\/turkiyede-5g-donemi-basliyor-dijital-donusumde-yeni-cag\\\/#primaryimage\",\"url\":\"https:\\\/\\\/memurunsesi.net\\\/wp-content\\\/uploads\\\/2026\\\/04\\\/5-g.jpg\",\"contentUrl\":\"https:\\\/\\\/memurunsesi.net\\\/wp-content\\\/uploads\\\/2026\\\/04\\\/5-g.jpg\",\"width\":298,\"height\":169},{\"@type\":\"BreadcrumbList\",\"@id\":\"https:\\\/\\\/memurunsesi.net\\\/index.php\\\/2026\\\/04\\\/01\\\/turkiyede-5g-donemi-basliyor-dijital-donusumde-yeni-cag\\\/#breadcrumb\",\"itemListElement\":[{\"@type\":\"ListItem\",\"position\":1,\"name\":\"Anasayfa\",\"item\":\"https:\\\/\\\/memurunsesi.net\\\/\"},{\"@type\":\"ListItem\",\"position\":2,\"name\":\"T\u00fcrkiye\u2019de 5G D\u00f6nemi Ba\u015fl\u0131yor: Dijital D\u00f6n\u00fc\u015f\u00fcmde Yeni \u00c7a\u011f\"}]},{\"@type\":\"WebSite\",\"@id\":\"https:\\\/\\\/memurunsesi.net\\\/#website\",\"url\":\"https:\\\/\\\/memurunsesi.net\\\/\",\"name\":\"Memurun Sesi\",\"description\":\"G\u00fcncel ve Do\u011fru Haber\",\"publisher\":{\"@id\":\"https:\\\/\\\/memurunsesi.net\\\/#organization\"},\"potentialAction\":[{\"@type\":\"SearchAction\",\"target\":{\"@type\":\"EntryPoint\",\"urlTemplate\":\"https:\\\/\\\/memurunsesi.net\\\/?s={search_term_string}\"},\"query-input\":{\"@type\":\"PropertyValueSpecification\",\"valueRequired\":true,\"valueName\":\"search_term_string\"}}],\"inLanguage\":\"tr\"},{\"@type\":\"Organization\",\"@id\":\"https:\\\/\\\/memurunsesi.net\\\/#organization\",\"name\":\"Memurun Sesi\",\"url\":\"https:\\\/\\\/memurunsesi.net\\\/\",\"logo\":{\"@type\":\"ImageObject\",\"inLanguage\":\"tr\",\"@id\":\"https:\\\/\\\/memurunsesi.net\\\/#\\\/schema\\\/logo\\\/image\\\/\",\"url\":\"https:\\\/\\\/memurunsesi.net\\\/wp-content\\\/uploads\\\/2025\\\/11\\\/cropped-MEMURUN-SESI.png\",\"contentUrl\":\"https:\\\/\\\/memurunsesi.net\\\/wp-content\\\/uploads\\\/2025\\\/11\\\/cropped-MEMURUN-SESI.png\",\"width\":238,\"height\":57,\"caption\":\"Memurun Sesi\"},\"image\":{\"@id\":\"https:\\\/\\\/memurunsesi.net\\\/#\\\/schema\\\/logo\\\/image\\\/\"},\"sameAs\":[\"https:\\\/\\\/www.facebook.com\\\/unipersen\\\/?locale=tr_TR\",\"https:\\\/\\\/x.com\\\/unipersen\"]},{\"@type\":\"Person\",\"@id\":\"https:\\\/\\\/memurunsesi.net\\\/#\\\/schema\\\/person\\\/f21c2d73b89f6ee1d80b0a1803e38587\",\"name\":\"Memurun Sesi Haber Merkezi\",\"image\":{\"@type\":\"ImageObject\",\"inLanguage\":\"tr\",\"@id\":\"https:\\\/\\\/secure.gravatar.com\\\/avatar\\\/6cf0505f452ee753f485014986fab09a434671d2b919ee76fc541025c5876a70?s=96&d=mm&r=g\",\"url\":\"https:\\\/\\\/secure.gravatar.com\\\/avatar\\\/6cf0505f452ee753f485014986fab09a434671d2b919ee76fc541025c5876a70?s=96&d=mm&r=g\",\"contentUrl\":\"https:\\\/\\\/secure.gravatar.com\\\/avatar\\\/6cf0505f452ee753f485014986fab09a434671d2b919ee76fc541025c5876a70?s=96&d=mm&r=g\",\"caption\":\"Memurun Sesi Haber Merkezi\"},\"sameAs\":[\"https:\\\/\\\/memurunsesi.net\"],\"url\":\"https:\\\/\\\/memurunsesi.net\\\/index.php\\\/author\\\/uniper\\\/\"}]}<\/script>\n<!-- \/ Yoast SEO plugin. -->","yoast_head_json":{"title":"T\u00fcrkiye\u2019de 5G D\u00f6nemi Ba\u015fl\u0131yor: Dijital D\u00f6n\u00fc\u015f\u00fcmde Yeni \u00c7a\u011f - Memurun Sesi","description":"T\u00fcrkiye\u2019de 5G teknolojisinin hayata ge\u00e7irilmesiyle birlikte dijital d\u00f6n\u00fc\u015f\u00fcm h\u0131z kazan\u0131yor. 5G\u2019nin avantajlar\u0131, kullan\u0131m alanlar\u0131 ve T\u00fcrkiye\u2019ye etkileri hakk\u0131nda detayl\u0131 bilgi.","robots":{"index":"index","follow":"follow","max-snippet":"max-snippet:-1","max-image-preview":"max-image-preview:large","max-video-preview":"max-video-preview:-1"},"canonical":"https:\/\/memurunsesi.net\/index.php\/2026\/04\/01\/turkiyede-5g-donemi-basliyor-dijital-donusumde-yeni-cag\/","og_locale":"tr_TR","og_type":"article","og_title":"T\u00fcrkiye\u2019de 5G D\u00f6nemi Ba\u015fl\u0131yor: Dijital D\u00f6n\u00fc\u015f\u00fcmde Yeni \u00c7a\u011f - Memurun Sesi","og_description":"T\u00fcrkiye\u2019de 5G teknolojisinin hayata ge\u00e7irilmesiyle birlikte dijital d\u00f6n\u00fc\u015f\u00fcm h\u0131z kazan\u0131yor. 5G\u2019nin avantajlar\u0131, kullan\u0131m alanlar\u0131 ve T\u00fcrkiye\u2019ye etkileri hakk\u0131nda detayl\u0131 bilgi.","og_url":"https:\/\/memurunsesi.net\/index.php\/2026\/04\/01\/turkiyede-5g-donemi-basliyor-dijital-donusumde-yeni-cag\/","og_site_name":"Memurun Sesi","article_publisher":"https:\/\/www.facebook.com\/unipersen\/?locale=tr_TR","article_published_time":"2026-04-01T05:11:35+00:00","article_modified_time":"2026-04-03T13:22:01+00:00","og_image":[{"width":298,"height":169,"url":"https:\/\/memurunsesi.net\/wp-content\/uploads\/2026\/04\/5-g.jpg","type":"image\/jpeg"}],"author":"Memurun Sesi Haber Merkezi","twitter_card":"summary_large_image","twitter_creator":"@unipersen","twitter_site":"@unipersen","twitter_misc":{"Yazan:":"Memurun Sesi Haber Merkezi","Tahmini okuma s\u00fcresi":"2 dakika"},"schema":{"@context":"https:\/\/schema.org","@graph":[{"@type":"Article","@id":"https:\/\/memurunsesi.net\/index.php\/2026\/04\/01\/turkiyede-5g-donemi-basliyor-dijital-donusumde-yeni-cag\/#article","isPartOf":{"@id":"https:\/\/memurunsesi.net\/index.php\/2026\/04\/01\/turkiyede-5g-donemi-basliyor-dijital-donusumde-yeni-cag\/"},"author":{"name":"Memurun Sesi Haber Merkezi","@id":"https:\/\/memurunsesi.net\/#\/schema\/person\/f21c2d73b89f6ee1d80b0a1803e38587"},"headline":"T\u00fcrkiye\u2019de 5G D\u00f6nemi Ba\u015fl\u0131yor: Dijital D\u00f6n\u00fc\u015f\u00fcmde Yeni \u00c7a\u011f","datePublished":"2026-04-01T05:11:35+00:00","dateModified":"2026-04-03T13:22:01+00:00","mainEntityOfPage":{"@id":"https:\/\/memurunsesi.net\/index.php\/2026\/04\/01\/turkiyede-5g-donemi-basliyor-dijital-donusumde-yeni-cag\/"},"wordCount":413,"commentCount":0,"publisher":{"@id":"https:\/\/memurunsesi.net\/#organization"},"image":{"@id":"https:\/\/memurunsesi.net\/index.php\/2026\/04\/01\/turkiyede-5g-donemi-basliyor-dijital-donusumde-yeni-cag\/#primaryimage"},"thumbnailUrl":"https:\/\/memurunsesi.net\/wp-content\/uploads\/2026\/04\/5-g.jpg","keywords":["5G nedir","5G T\u00fcrkiye ne zaman","ak\u0131ll\u0131 \u015fehirler","dijital d\u00f6n\u00fc\u015f\u00fcm","IoT","mobil internet teknolojileri","teknoloji haberleri","telekom\u00fcnikasyon","T\u00fcrkiye 5G","yapay zeka"],"inLanguage":"tr","potentialAction":[{"@type":"CommentAction","name":"Comment","target":["https:\/\/memurunsesi.net\/index.php\/2026\/04\/01\/turkiyede-5g-donemi-basliyor-dijital-donusumde-yeni-cag\/#respond"]}]},{"@type":"WebPage","@id":"https:\/\/memurunsesi.net\/index.php\/2026\/04\/01\/turkiyede-5g-donemi-basliyor-dijital-donusumde-yeni-cag\/","url":"https:\/\/memurunsesi.net\/index.php\/2026\/04\/01\/turkiyede-5g-donemi-basliyor-dijital-donusumde-yeni-cag\/","name":"T\u00fcrkiye\u2019de 5G D\u00f6nemi Ba\u015fl\u0131yor: Dijital D\u00f6n\u00fc\u015f\u00fcmde Yeni \u00c7a\u011f - Memurun Sesi","isPartOf":{"@id":"https:\/\/memurunsesi.net\/#website"},"primaryImageOfPage":{"@id":"https:\/\/memurunsesi.net\/index.php\/2026\/04\/01\/turkiyede-5g-donemi-basliyor-dijital-donusumde-yeni-cag\/#primaryimage"},"image":{"@id":"https:\/\/memurunsesi.net\/index.php\/2026\/04\/01\/turkiyede-5g-donemi-basliyor-dijital-donusumde-yeni-cag\/#primaryimage"},"thumbnailUrl":"https:\/\/memurunsesi.net\/wp-content\/uploads\/2026\/04\/5-g.jpg","datePublished":"2026-04-01T05:11:35+00:00","dateModified":"2026-04-03T13:22:01+00:00","description":"T\u00fcrkiye\u2019de 5G teknolojisinin hayata ge\u00e7irilmesiyle birlikte dijital d\u00f6n\u00fc\u015f\u00fcm h\u0131z kazan\u0131yor. 5G\u2019nin avantajlar\u0131, kullan\u0131m alanlar\u0131 ve T\u00fcrkiye\u2019ye etkileri hakk\u0131nda detayl\u0131 bilgi.","breadcrumb":{"@id":"https:\/\/memurunsesi.net\/index.php\/2026\/04\/01\/turkiyede-5g-donemi-basliyor-dijital-donusumde-yeni-cag\/#breadcrumb"},"inLanguage":"tr","potentialAction":[{"@type":"ReadAction","target":["https:\/\/memurunsesi.net\/index.php\/2026\/04\/01\/turkiyede-5g-donemi-basliyor-dijital-donusumde-yeni-cag\/"]}]},{"@type":"ImageObject","inLanguage":"tr","@id":"https:\/\/memurunsesi.net\/index.php\/2026\/04\/01\/turkiyede-5g-donemi-basliyor-dijital-donusumde-yeni-cag\/#primaryimage","url":"https:\/\/memurunsesi.net\/wp-content\/uploads\/2026\/04\/5-g.jpg","contentUrl":"https:\/\/memurunsesi.net\/wp-content\/uploads\/2026\/04\/5-g.jpg","width":298,"height":169},{"@type":"BreadcrumbList","@id":"https:\/\/memurunsesi.net\/index.php\/2026\/04\/01\/turkiyede-5g-donemi-basliyor-dijital-donusumde-yeni-cag\/#breadcrumb","itemListElement":[{"@type":"ListItem","position":1,"name":"Anasayfa","item":"https:\/\/memurunsesi.net\/"},{"@type":"ListItem","position":2,"name":"T\u00fcrkiye\u2019de 5G D\u00f6nemi Ba\u015fl\u0131yor: Dijital D\u00f6n\u00fc\u015f\u00fcmde Yeni \u00c7a\u011f"}]},{"@type":"WebSite","@id":"https:\/\/memurunsesi.net\/#website","url":"https:\/\/memurunsesi.net\/","name":"Memurun Sesi","description":"G\u00fcncel ve Do\u011fru Haber","publisher":{"@id":"https:\/\/memurunsesi.net\/#organization"},"potentialAction":[{"@type":"SearchAction","target":{"@type":"EntryPoint","urlTemplate":"https:\/\/memurunsesi.net\/?s={search_term_string}"},"query-input":{"@type":"PropertyValueSpecification","valueRequired":true,"valueName":"search_term_string"}}],"inLanguage":"tr"},{"@type":"Organization","@id":"https:\/\/memurunsesi.net\/#organization","name":"Memurun Sesi","url":"https:\/\/memurunsesi.net\/","logo":{"@type":"ImageObject","inLanguage":"tr","@id":"https:\/\/memurunsesi.net\/#\/schema\/logo\/image\/","url":"https:\/\/memurunsesi.net\/wp-content\/uploads\/2025\/11\/cropped-MEMURUN-SESI.png","contentUrl":"https:\/\/memurunsesi.net\/wp-content\/uploads\/2025\/11\/cropped-MEMURUN-SESI.png","width":238,"height":57,"caption":"Memurun Sesi"},"image":{"@id":"https:\/\/memurunsesi.net\/#\/schema\/logo\/image\/"},"sameAs":["https:\/\/www.facebook.com\/unipersen\/?locale=tr_TR","https:\/\/x.com\/unipersen"]},{"@type":"Person","@id":"https:\/\/memurunsesi.net\/#\/schema\/person\/f21c2d73b89f6ee1d80b0a1803e38587","name":"Memurun Sesi Haber Merkezi","image":{"@type":"ImageObject","inLanguage":"tr","@id":"https:\/\/secure.gravatar.com\/avatar\/6cf0505f452ee753f485014986fab09a434671d2b919ee76fc541025c5876a70?s=96&d=mm&r=g","url":"https:\/\/secure.gravatar.com\/avatar\/6cf0505f452ee753f485014986fab09a434671d2b919ee76fc541025c5876a70?s=96&d=mm&r=g","contentUrl":"https:\/\/secure.gravatar.com\/avatar\/6cf0505f452ee753f485014986fab09a434671d2b919ee76fc541025c5876a70?s=96&d=mm&r=g","caption":"Memurun Sesi Haber Merkezi"},"sameAs":["https:\/\/memurunsesi.net"],"url":"https:\/\/memurunsesi.net\/index.php\/author\/uniper\/"}]}},"_links":{"self":[{"href":"https:\/\/memurunsesi.net\/index.php\/wp-json\/wp\/v2\/posts\/18818","targetHints":{"allow":["GET"]}}],"collection":[{"href":"https:\/\/memurunsesi.net\/index.php\/wp-json\/wp\/v2\/posts"}],"about":[{"href":"https:\/\/memurunsesi.net\/index.php\/wp-json\/wp\/v2\/types\/post"}],"author":[{"embeddable":true,"href":"https:\/\/memurunsesi.net\/index.php\/wp-json\/wp\/v2\/users\/1"}],"replies":[{"embeddable":true,"href":"https:\/\/memurunsesi.net\/index.php\/wp-json\/wp\/v2\/comments?post=18818"}],"version-history":[{"count":3,"href":"https:\/\/memurunsesi.net\/index.php\/wp-json\/wp\/v2\/posts\/18818\/revisions"}],"predecessor-version":[{"id":18829,"href":"https:\/\/memurunsesi.net\/index.php\/wp-json\/wp\/v2\/posts\/18818\/revisions\/18829"}],"wp:featuredmedia":[{"embeddable":true,"href":"https:\/\/memurunsesi.net\/index.php\/wp-json\/wp\/v2\/media\/18819"}],"wp:attachment":[{"href":"https:\/\/memurunsesi.net\/index.php\/wp-json\/wp\/v2\/media?parent=18818"}],"wp:term":[{"taxonomy":"category","embeddable":true,"href":"https:\/\/memurunsesi.net\/index.php\/wp-json\/wp\/v2\/categories?post=18818"},{"taxonomy":"post_tag","embeddable":true,"href":"https:\/\/memurunsesi.net\/index.php\/wp-json\/wp\/v2\/tags?post=18818"}],"curies":[{"name":"wp","href":"https:\/\/api.w.org\/{rel}","templated":true}]}}