{"id":18823,"date":"2026-04-03T11:50:35","date_gmt":"2026-04-03T08:50:35","guid":{"rendered":"https:\/\/memurunsesi.net\/?p=18823"},"modified":"2026-04-03T11:50:35","modified_gmt":"2026-04-03T08:50:35","slug":"unipersen-kutuphaneci-arsivci-ve-kitap-patalogu-unvanlari-icin-ilave-1-derece-ayricalik-degil-haktir","status":"publish","type":"post","link":"https:\/\/memurunsesi.net\/index.php\/2026\/04\/03\/unipersen-kutuphaneci-arsivci-ve-kitap-patalogu-unvanlari-icin-ilave-1-derece-ayricalik-degil-haktir\/","title":{"rendered":"\u00dcN\u0130PERSEN: &#8220;K\u00fct\u00fcphaneci, ar\u015fivci ve kitap patalo\u011fu unvanlar\u0131 i\u00e7in ilave 1 derece ayr\u0131cal\u0131k de\u011fil, hakt\u0131r&#8221;"},"content":{"rendered":"<p>\u00dcniversite \u0130dari Personel Sendikas\u0131 (\u00dcN\u0130PERSEN), Ardahan \u00dcniversitesi K\u00fct\u00fcphane ve Dok\u00fcmantasyon Daire Ba\u015fkanl\u0131\u011f\u0131 kadrosunda teknik hizmetler s\u0131n\u0131f\u0131nda \u2018k\u00fct\u00fcphaneci&#8217; unvan\u0131yla g\u00f6rev yapan \u00fcyelerine verilen ilave 1 derecenin geri al\u0131nmas\u0131na ili\u015fkin i\u015flemin mahkeme karar\u0131yla iptal edildi\u011fini a\u00e7\u0131klad\u0131.<br \/>\n\u00dcN\u0130PERSEN taraf\u0131ndan yap\u0131lan a\u00e7\u0131klamada, sendika taraf\u0131ndan a\u00e7\u0131lan davada 657 say\u0131l\u0131 Devlet Memurlar\u0131 Kanunu&#8217;nun 36\/A-4&#8217;\u00fcnc\u00fc maddesi kapsam\u0131nda teknik bilimler lisansiyeri say\u0131larak verilen ilave 1 derecenin geri al\u0131nmas\u0131na ili\u015fkin i\u015flemin iptali ile maddi kay\u0131plar\u0131n tahsilinin talep edildi\u011fi belirtildi. Ayr\u0131ca mahkemenin dava konusu i\u015flemi hukuka ayk\u0131r\u0131 bularak iptal etti\u011fi ve \u00fcyelerinin yoksun kald\u0131\u011f\u0131, parasal haklar\u0131n yasal faiziyle birlikte \u00f6denmesine h\u00fckmetti\u011fi kaydedildi. Mahkeme karar\u0131nda idarenin dayanak g\u00f6sterdi\u011fi g\u00f6r\u00fc\u015f de\u011fi\u015fikli\u011finin personel aleyhine s\u0131n\u0131rs\u0131z bi\u00e7imde uygulanamayaca\u011f\u0131n\u0131n a\u00e7\u0131k \u015fekilde ortaya konuldu\u011fu ifade edildi. Dava dosyas\u0131nda yer alan Y\u00fcksek\u00f6\u011fretim Kurulu Ba\u015fkanl\u0131\u011f\u0131&#8217;n\u0131n 28 May\u0131s 2025 tarihli ve 34254 say\u0131l\u0131 yaz\u0131s\u0131nda da k\u00fct\u00fcphaneci unvan\u0131n\u0131n teknik bilimler lisansiyeri kapsam\u0131nda de\u011ferlendirilebilece\u011fine i\u015faret edildi\u011fi aktar\u0131ld\u0131. A\u00e7\u0131klamada ayn\u0131 unvana ili\u015fkin farkl\u0131 d\u00f6nemlerde farkl\u0131 de\u011ferlendirmeler yap\u0131lmas\u0131n\u0131n sonu\u00e7lar\u0131n\u0131n personele y\u00fcklenemeyece\u011fi vurgulanarak, &#8220;Bu karar yaln\u0131zca bir derece i\u015fleminin iptali anlam\u0131na gelmemektedir. Karar, k\u00fct\u00fcphaneci, ar\u015fivci ve kitap patalo\u011fu unvanlar\u0131n\u0131n teknik hizmetler s\u0131n\u0131f\u0131nda yer ald\u0131\u011f\u0131n\u0131 ve teknik bilimler lisansiyeri kapsam\u0131nda de\u011ferlendirilmesi gereken bu unvanlar bak\u0131m\u0131ndan ilave 1 derecenin bir ayr\u0131cal\u0131k de\u011fil, hak oldu\u011funu ortaya koymu\u015ftur&#8221; denildi.<br \/>\nA\u00e7\u0131klamada ayr\u0131ca kurumlar\u0131n kendi i\u00e7indeki g\u00f6r\u00fc\u015f de\u011fi\u015fiklikleri, \u00e7eli\u015fkili yorumlar\u0131 ve sonradan geli\u015ftirdikleri daralt\u0131c\u0131 de\u011ferlendirmelerin personelin kazan\u0131lm\u0131\u015f haklar\u0131n\u0131 ortadan kald\u0131rman\u0131n arac\u0131 olamayaca\u011f\u0131 belirtilerek, &#8220;\u0130dari yorumlardaki \u00e7eli\u015fkinin bedeli personele \u00f6detilemez. \u0130lave 1 derece bu unvanlar i\u00e7in bir l\u00fctuf de\u011fil, mevzuattan kaynaklanan kazan\u0131lm\u0131\u015f bir hakt\u0131r&#8221; ifadelerine yer verildi.<br \/>\n\u00dcN\u0130PERSEN, s\u00f6z konusu karar\u0131n yaln\u0131zca kendi \u00fcyeleri a\u00e7\u0131s\u0131ndan de\u011fil, benzer durumda bulunan k\u00fct\u00fcphaneci, ar\u015fivci ve kitap patalo\u011fu unvanl\u0131 kamu g\u00f6revlileri bak\u0131m\u0131ndan da \u00f6nemli ve yol g\u00f6sterici nitelikte oldu\u011funu belirtti. Sendika, \u00fcyelerinin mali, \u00f6zl\u00fck ve kariyer haklar\u0131n\u0131 hedef alan hukuka ayk\u0131r\u0131 uygulamalara kar\u015f\u0131 m\u00fccadeleyi s\u00fcrd\u00fcrece\u011fini bildirdi.<\/p>\n<p>3.04.2026<\/p>\n","protected":false},"excerpt":{"rendered":"<p>\u00dcniversite \u0130dari Personel Sendikas\u0131 (\u00dcN\u0130PERSEN), Ardahan \u00dcniversitesi K\u00fct\u00fcphane ve Dok\u00fcmantasyon Daire Ba\u015fkanl\u0131\u011f\u0131 kadrosunda teknik hizmetler s\u0131n\u0131f\u0131nda \u2018k\u00fct\u00fcphaneci&#8217; unvan\u0131yla g\u00f6rev yapan \u00fcyelerine verilen ilave 1 derecenin geri al\u0131nmas\u0131na ili\u015fkin i\u015flemin mahkeme karar\u0131yla iptal edildi\u011fini a\u00e7\u0131klad\u0131. \u00dcN\u0130PERSEN taraf\u0131ndan yap\u0131lan a\u00e7\u0131klamada, sendika taraf\u0131ndan a\u00e7\u0131lan davada 657 say\u0131l\u0131 Devlet Memurlar\u0131 Kanunu&#8217;nun 36\/A-4&#8217;\u00fcnc\u00fc maddesi kapsam\u0131nda teknik bilimler lisansiyeri say\u0131larak verilen [&hellip;]<\/p>\n","protected":false},"author":1,"featured_media":18824,"comment_status":"open","ping_status":"open","sticky":false,"template":"","format":"standard","meta":{"footnotes":""},"categories":[47],"tags":[2587,282,2588,2589,2586,174,1629],"class_list":["post-18823","post","type-post","status-publish","format-standard","has-post-thumbnail","hentry","category-universiteden-haberler","tag-hak-arama-deninci-universitelerde","tag-idari-personel","tag-kutuphane","tag-kutuphaneci","tag-memur-yalniz-degildir","tag-unipersen","tag-universiteler"],"yoast_head":"<!-- This site is optimized with the Yoast SEO plugin v27.4 - https:\/\/yoast.com\/product\/yoast-seo-wordpress\/ -->\n<title>\u00dcN\u0130PERSEN: &quot;K\u00fct\u00fcphaneci, ar\u015fivci ve kitap patalo\u011fu unvanlar\u0131 i\u00e7in ilave 1 derece ayr\u0131cal\u0131k de\u011fil, hakt\u0131r&quot; - Memurun Sesi<\/title>\n<meta name=\"description\" content=\"\u00a0 \u00a0\u00dcniversite \u0130dari Personel Sendikas\u0131 (\u00dcN\u0130PERSEN), Ardahan \u00dcniversitesi K\u00fct\u00fcphane ve Dok\u00fcmantasyon Daire Ba\u015fkanl\u0131\u011f\u0131 kadrosunda teknik hizmetler s\u0131n\u0131f\u0131nda \u2018k\u00fct\u00fcphaneci&#039; unvan\u0131yla g\u00f6rev yapan \u00fcyelerine verilen ilave 1 derecenin geri al\u0131nmas\u0131na ili\u015fkin i\u015flemin mahkeme karar\u0131yla iptal edildi\u011fini a\u00e7\u0131klad\u0131.\" \/>\n<meta name=\"robots\" content=\"index, follow, max-snippet:-1, max-image-preview:large, max-video-preview:-1\" \/>\n<link rel=\"canonical\" href=\"https:\/\/memurunsesi.net\/index.php\/2026\/04\/03\/unipersen-kutuphaneci-arsivci-ve-kitap-patalogu-unvanlari-icin-ilave-1-derece-ayricalik-degil-haktir\/\" \/>\n<meta property=\"og:locale\" content=\"tr_TR\" \/>\n<meta property=\"og:type\" content=\"article\" \/>\n<meta property=\"og:title\" content=\"\u00dcN\u0130PERSEN: &quot;K\u00fct\u00fcphaneci, ar\u015fivci ve kitap patalo\u011fu unvanlar\u0131 i\u00e7in ilave 1 derece ayr\u0131cal\u0131k de\u011fil, hakt\u0131r&quot; - Memurun Sesi\" \/>\n<meta property=\"og:description\" content=\"\u00a0 \u00a0\u00dcniversite \u0130dari Personel Sendikas\u0131 (\u00dcN\u0130PERSEN), Ardahan \u00dcniversitesi K\u00fct\u00fcphane ve Dok\u00fcmantasyon Daire Ba\u015fkanl\u0131\u011f\u0131 kadrosunda teknik hizmetler s\u0131n\u0131f\u0131nda \u2018k\u00fct\u00fcphaneci&#039; unvan\u0131yla g\u00f6rev yapan \u00fcyelerine verilen ilave 1 derecenin geri al\u0131nmas\u0131na ili\u015fkin i\u015flemin mahkeme karar\u0131yla iptal edildi\u011fini a\u00e7\u0131klad\u0131.\" \/>\n<meta property=\"og:url\" content=\"https:\/\/memurunsesi.net\/index.php\/2026\/04\/03\/unipersen-kutuphaneci-arsivci-ve-kitap-patalogu-unvanlari-icin-ilave-1-derece-ayricalik-degil-haktir\/\" \/>\n<meta property=\"og:site_name\" content=\"Memurun Sesi\" \/>\n<meta property=\"article:publisher\" content=\"https:\/\/www.facebook.com\/unipersen\/?locale=tr_TR\" \/>\n<meta property=\"article:published_time\" content=\"2026-04-03T08:50:35+00:00\" \/>\n<meta property=\"og:image\" content=\"https:\/\/memurunsesi.net\/wp-content\/uploads\/2026\/04\/katuphane.jpg\" \/>\n\t<meta property=\"og:image:width\" content=\"1\" \/>\n\t<meta property=\"og:image:height\" content=\"1\" \/>\n\t<meta property=\"og:image:type\" content=\"image\/jpeg\" \/>\n<meta name=\"author\" content=\"Memurun Sesi Haber Merkezi\" \/>\n<meta name=\"twitter:card\" content=\"summary_large_image\" \/>\n<meta name=\"twitter:creator\" content=\"@unipersen\" \/>\n<meta name=\"twitter:site\" content=\"@unipersen\" \/>\n<meta name=\"twitter:label1\" content=\"Yazan:\" \/>\n\t<meta name=\"twitter:data1\" content=\"Memurun Sesi Haber Merkezi\" \/>\n\t<meta name=\"twitter:label2\" content=\"Tahmini okuma s\u00fcresi\" \/>\n\t<meta name=\"twitter:data2\" content=\"2 dakika\" \/>\n<script type=\"application\/ld+json\" class=\"yoast-schema-graph\">{\"@context\":\"https:\\\/\\\/schema.org\",\"@graph\":[{\"@type\":\"Article\",\"@id\":\"https:\\\/\\\/memurunsesi.net\\\/index.php\\\/2026\\\/04\\\/03\\\/unipersen-kutuphaneci-arsivci-ve-kitap-patalogu-unvanlari-icin-ilave-1-derece-ayricalik-degil-haktir\\\/#article\",\"isPartOf\":{\"@id\":\"https:\\\/\\\/memurunsesi.net\\\/index.php\\\/2026\\\/04\\\/03\\\/unipersen-kutuphaneci-arsivci-ve-kitap-patalogu-unvanlari-icin-ilave-1-derece-ayricalik-degil-haktir\\\/\"},\"author\":{\"name\":\"Memurun Sesi Haber Merkezi\",\"@id\":\"https:\\\/\\\/memurunsesi.net\\\/#\\\/schema\\\/person\\\/f21c2d73b89f6ee1d80b0a1803e38587\"},\"headline\":\"\u00dcN\u0130PERSEN: &#8220;K\u00fct\u00fcphaneci, ar\u015fivci ve kitap patalo\u011fu unvanlar\u0131 i\u00e7in ilave 1 derece ayr\u0131cal\u0131k de\u011fil, hakt\u0131r&#8221;\",\"datePublished\":\"2026-04-03T08:50:35+00:00\",\"mainEntityOfPage\":{\"@id\":\"https:\\\/\\\/memurunsesi.net\\\/index.php\\\/2026\\\/04\\\/03\\\/unipersen-kutuphaneci-arsivci-ve-kitap-patalogu-unvanlari-icin-ilave-1-derece-ayricalik-degil-haktir\\\/\"},\"wordCount\":453,\"commentCount\":0,\"publisher\":{\"@id\":\"https:\\\/\\\/memurunsesi.net\\\/#organization\"},\"image\":{\"@id\":\"https:\\\/\\\/memurunsesi.net\\\/index.php\\\/2026\\\/04\\\/03\\\/unipersen-kutuphaneci-arsivci-ve-kitap-patalogu-unvanlari-icin-ilave-1-derece-ayricalik-degil-haktir\\\/#primaryimage\"},\"thumbnailUrl\":\"https:\\\/\\\/memurunsesi.net\\\/wp-content\\\/uploads\\\/2026\\\/04\\\/katuphane.jpg\",\"keywords\":[\"hak arama deninci \u00fcniversitelerde\",\"idari personel\",\"k\u00fct\u00fcphane\",\"k\u00fct\u00fcphaneci\",\"memur yaln\u0131z de\u011fildir\",\"\u00dcnipersen\",\"\u00fcniversiteler\"],\"articleSection\":[\"\u00dcniversiteden Haberler\"],\"inLanguage\":\"tr\",\"potentialAction\":[{\"@type\":\"CommentAction\",\"name\":\"Comment\",\"target\":[\"https:\\\/\\\/memurunsesi.net\\\/index.php\\\/2026\\\/04\\\/03\\\/unipersen-kutuphaneci-arsivci-ve-kitap-patalogu-unvanlari-icin-ilave-1-derece-ayricalik-degil-haktir\\\/#respond\"]}]},{\"@type\":\"WebPage\",\"@id\":\"https:\\\/\\\/memurunsesi.net\\\/index.php\\\/2026\\\/04\\\/03\\\/unipersen-kutuphaneci-arsivci-ve-kitap-patalogu-unvanlari-icin-ilave-1-derece-ayricalik-degil-haktir\\\/\",\"url\":\"https:\\\/\\\/memurunsesi.net\\\/index.php\\\/2026\\\/04\\\/03\\\/unipersen-kutuphaneci-arsivci-ve-kitap-patalogu-unvanlari-icin-ilave-1-derece-ayricalik-degil-haktir\\\/\",\"name\":\"\u00dcN\u0130PERSEN: \\\"K\u00fct\u00fcphaneci, ar\u015fivci ve kitap patalo\u011fu unvanlar\u0131 i\u00e7in ilave 1 derece ayr\u0131cal\u0131k de\u011fil, hakt\u0131r\\\" - Memurun Sesi\",\"isPartOf\":{\"@id\":\"https:\\\/\\\/memurunsesi.net\\\/#website\"},\"primaryImageOfPage\":{\"@id\":\"https:\\\/\\\/memurunsesi.net\\\/index.php\\\/2026\\\/04\\\/03\\\/unipersen-kutuphaneci-arsivci-ve-kitap-patalogu-unvanlari-icin-ilave-1-derece-ayricalik-degil-haktir\\\/#primaryimage\"},\"image\":{\"@id\":\"https:\\\/\\\/memurunsesi.net\\\/index.php\\\/2026\\\/04\\\/03\\\/unipersen-kutuphaneci-arsivci-ve-kitap-patalogu-unvanlari-icin-ilave-1-derece-ayricalik-degil-haktir\\\/#primaryimage\"},\"thumbnailUrl\":\"https:\\\/\\\/memurunsesi.net\\\/wp-content\\\/uploads\\\/2026\\\/04\\\/katuphane.jpg\",\"datePublished\":\"2026-04-03T08:50:35+00:00\",\"description\":\"\u00a0 \u00a0\u00dcniversite \u0130dari Personel Sendikas\u0131 (\u00dcN\u0130PERSEN), Ardahan \u00dcniversitesi K\u00fct\u00fcphane ve Dok\u00fcmantasyon Daire Ba\u015fkanl\u0131\u011f\u0131 kadrosunda teknik hizmetler s\u0131n\u0131f\u0131nda \u2018k\u00fct\u00fcphaneci' unvan\u0131yla g\u00f6rev yapan \u00fcyelerine verilen ilave 1 derecenin geri al\u0131nmas\u0131na ili\u015fkin i\u015flemin mahkeme karar\u0131yla iptal edildi\u011fini a\u00e7\u0131klad\u0131.\",\"breadcrumb\":{\"@id\":\"https:\\\/\\\/memurunsesi.net\\\/index.php\\\/2026\\\/04\\\/03\\\/unipersen-kutuphaneci-arsivci-ve-kitap-patalogu-unvanlari-icin-ilave-1-derece-ayricalik-degil-haktir\\\/#breadcrumb\"},\"inLanguage\":\"tr\",\"potentialAction\":[{\"@type\":\"ReadAction\",\"target\":[\"https:\\\/\\\/memurunsesi.net\\\/index.php\\\/2026\\\/04\\\/03\\\/unipersen-kutuphaneci-arsivci-ve-kitap-patalogu-unvanlari-icin-ilave-1-derece-ayricalik-degil-haktir\\\/\"]}]},{\"@type\":\"ImageObject\",\"inLanguage\":\"tr\",\"@id\":\"https:\\\/\\\/memurunsesi.net\\\/index.php\\\/2026\\\/04\\\/03\\\/unipersen-kutuphaneci-arsivci-ve-kitap-patalogu-unvanlari-icin-ilave-1-derece-ayricalik-degil-haktir\\\/#primaryimage\",\"url\":\"https:\\\/\\\/memurunsesi.net\\\/wp-content\\\/uploads\\\/2026\\\/04\\\/katuphane.jpg\",\"contentUrl\":\"https:\\\/\\\/memurunsesi.net\\\/wp-content\\\/uploads\\\/2026\\\/04\\\/katuphane.jpg\",\"caption\":\"\u00dcN\u0130PERSEN'\u0130N PAYLA\u015eIMI (\u0130HA\\\/ANKARA-\u0130HA) \u00dcniversite \u0130dari Personel Sendikas\u0131 (\u00dcN\u0130PERSEN), Ardahan \u00dcniversitesi K\u00fct\u00fcphane ve Dok\u00fcmantasyon Daire Ba\u015fkanl\u0131\u011f\u0131 kadrosunda teknik hizmetler s\u0131n\u0131f\u0131nda 'k\u00fct\u00fcphaneci' unvan\u0131yla g\u00f6rev yapan \u00fcyelerine verilen ilave 1 derecenin geri al\u0131nmas\u0131na ili\u015fkin i\u015flemin mahkeme karar\u0131yla iptal edildi\u011fini a\u00e7\u0131klad\u0131.\"},{\"@type\":\"BreadcrumbList\",\"@id\":\"https:\\\/\\\/memurunsesi.net\\\/index.php\\\/2026\\\/04\\\/03\\\/unipersen-kutuphaneci-arsivci-ve-kitap-patalogu-unvanlari-icin-ilave-1-derece-ayricalik-degil-haktir\\\/#breadcrumb\",\"itemListElement\":[{\"@type\":\"ListItem\",\"position\":1,\"name\":\"Anasayfa\",\"item\":\"https:\\\/\\\/memurunsesi.net\\\/\"},{\"@type\":\"ListItem\",\"position\":2,\"name\":\"\u00dcN\u0130PERSEN: &#8220;K\u00fct\u00fcphaneci, ar\u015fivci ve kitap patalo\u011fu unvanlar\u0131 i\u00e7in ilave 1 derece ayr\u0131cal\u0131k de\u011fil, hakt\u0131r&#8221;\"}]},{\"@type\":\"WebSite\",\"@id\":\"https:\\\/\\\/memurunsesi.net\\\/#website\",\"url\":\"https:\\\/\\\/memurunsesi.net\\\/\",\"name\":\"Memurun Sesi\",\"description\":\"G\u00fcncel ve Do\u011fru Haber\",\"publisher\":{\"@id\":\"https:\\\/\\\/memurunsesi.net\\\/#organization\"},\"potentialAction\":[{\"@type\":\"SearchAction\",\"target\":{\"@type\":\"EntryPoint\",\"urlTemplate\":\"https:\\\/\\\/memurunsesi.net\\\/?s={search_term_string}\"},\"query-input\":{\"@type\":\"PropertyValueSpecification\",\"valueRequired\":true,\"valueName\":\"search_term_string\"}}],\"inLanguage\":\"tr\"},{\"@type\":\"Organization\",\"@id\":\"https:\\\/\\\/memurunsesi.net\\\/#organization\",\"name\":\"Memurun Sesi\",\"url\":\"https:\\\/\\\/memurunsesi.net\\\/\",\"logo\":{\"@type\":\"ImageObject\",\"inLanguage\":\"tr\",\"@id\":\"https:\\\/\\\/memurunsesi.net\\\/#\\\/schema\\\/logo\\\/image\\\/\",\"url\":\"https:\\\/\\\/memurunsesi.net\\\/wp-content\\\/uploads\\\/2025\\\/11\\\/cropped-MEMURUN-SESI.png\",\"contentUrl\":\"https:\\\/\\\/memurunsesi.net\\\/wp-content\\\/uploads\\\/2025\\\/11\\\/cropped-MEMURUN-SESI.png\",\"width\":238,\"height\":57,\"caption\":\"Memurun Sesi\"},\"image\":{\"@id\":\"https:\\\/\\\/memurunsesi.net\\\/#\\\/schema\\\/logo\\\/image\\\/\"},\"sameAs\":[\"https:\\\/\\\/www.facebook.com\\\/unipersen\\\/?locale=tr_TR\",\"https:\\\/\\\/x.com\\\/unipersen\"]},{\"@type\":\"Person\",\"@id\":\"https:\\\/\\\/memurunsesi.net\\\/#\\\/schema\\\/person\\\/f21c2d73b89f6ee1d80b0a1803e38587\",\"name\":\"Memurun Sesi Haber Merkezi\",\"image\":{\"@type\":\"ImageObject\",\"inLanguage\":\"tr\",\"@id\":\"https:\\\/\\\/secure.gravatar.com\\\/avatar\\\/6cf0505f452ee753f485014986fab09a434671d2b919ee76fc541025c5876a70?s=96&d=mm&r=g\",\"url\":\"https:\\\/\\\/secure.gravatar.com\\\/avatar\\\/6cf0505f452ee753f485014986fab09a434671d2b919ee76fc541025c5876a70?s=96&d=mm&r=g\",\"contentUrl\":\"https:\\\/\\\/secure.gravatar.com\\\/avatar\\\/6cf0505f452ee753f485014986fab09a434671d2b919ee76fc541025c5876a70?s=96&d=mm&r=g\",\"caption\":\"Memurun Sesi Haber Merkezi\"},\"sameAs\":[\"https:\\\/\\\/memurunsesi.net\"],\"url\":\"https:\\\/\\\/memurunsesi.net\\\/index.php\\\/author\\\/uniper\\\/\"}]}<\/script>\n<!-- \/ Yoast SEO plugin. -->","yoast_head_json":{"title":"\u00dcN\u0130PERSEN: \"K\u00fct\u00fcphaneci, ar\u015fivci ve kitap patalo\u011fu unvanlar\u0131 i\u00e7in ilave 1 derece ayr\u0131cal\u0131k de\u011fil, hakt\u0131r\" - Memurun Sesi","description":"\u00a0 \u00a0\u00dcniversite \u0130dari Personel Sendikas\u0131 (\u00dcN\u0130PERSEN), Ardahan \u00dcniversitesi K\u00fct\u00fcphane ve Dok\u00fcmantasyon Daire Ba\u015fkanl\u0131\u011f\u0131 kadrosunda teknik hizmetler s\u0131n\u0131f\u0131nda \u2018k\u00fct\u00fcphaneci' unvan\u0131yla g\u00f6rev yapan \u00fcyelerine verilen ilave 1 derecenin geri al\u0131nmas\u0131na ili\u015fkin i\u015flemin mahkeme karar\u0131yla iptal edildi\u011fini a\u00e7\u0131klad\u0131.","robots":{"index":"index","follow":"follow","max-snippet":"max-snippet:-1","max-image-preview":"max-image-preview:large","max-video-preview":"max-video-preview:-1"},"canonical":"https:\/\/memurunsesi.net\/index.php\/2026\/04\/03\/unipersen-kutuphaneci-arsivci-ve-kitap-patalogu-unvanlari-icin-ilave-1-derece-ayricalik-degil-haktir\/","og_locale":"tr_TR","og_type":"article","og_title":"\u00dcN\u0130PERSEN: \"K\u00fct\u00fcphaneci, ar\u015fivci ve kitap patalo\u011fu unvanlar\u0131 i\u00e7in ilave 1 derece ayr\u0131cal\u0131k de\u011fil, hakt\u0131r\" - Memurun Sesi","og_description":"\u00a0 \u00a0\u00dcniversite \u0130dari Personel Sendikas\u0131 (\u00dcN\u0130PERSEN), Ardahan \u00dcniversitesi K\u00fct\u00fcphane ve Dok\u00fcmantasyon Daire Ba\u015fkanl\u0131\u011f\u0131 kadrosunda teknik hizmetler s\u0131n\u0131f\u0131nda \u2018k\u00fct\u00fcphaneci' unvan\u0131yla g\u00f6rev yapan \u00fcyelerine verilen ilave 1 derecenin geri al\u0131nmas\u0131na ili\u015fkin i\u015flemin mahkeme karar\u0131yla iptal edildi\u011fini a\u00e7\u0131klad\u0131.","og_url":"https:\/\/memurunsesi.net\/index.php\/2026\/04\/03\/unipersen-kutuphaneci-arsivci-ve-kitap-patalogu-unvanlari-icin-ilave-1-derece-ayricalik-degil-haktir\/","og_site_name":"Memurun Sesi","article_publisher":"https:\/\/www.facebook.com\/unipersen\/?locale=tr_TR","article_published_time":"2026-04-03T08:50:35+00:00","og_image":[{"url":"https:\/\/memurunsesi.net\/wp-content\/uploads\/2026\/04\/katuphane.jpg","width":1,"height":1,"type":"image\/jpeg"}],"author":"Memurun Sesi Haber Merkezi","twitter_card":"summary_large_image","twitter_creator":"@unipersen","twitter_site":"@unipersen","twitter_misc":{"Yazan:":"Memurun Sesi Haber Merkezi","Tahmini okuma s\u00fcresi":"2 dakika"},"schema":{"@context":"https:\/\/schema.org","@graph":[{"@type":"Article","@id":"https:\/\/memurunsesi.net\/index.php\/2026\/04\/03\/unipersen-kutuphaneci-arsivci-ve-kitap-patalogu-unvanlari-icin-ilave-1-derece-ayricalik-degil-haktir\/#article","isPartOf":{"@id":"https:\/\/memurunsesi.net\/index.php\/2026\/04\/03\/unipersen-kutuphaneci-arsivci-ve-kitap-patalogu-unvanlari-icin-ilave-1-derece-ayricalik-degil-haktir\/"},"author":{"name":"Memurun Sesi Haber Merkezi","@id":"https:\/\/memurunsesi.net\/#\/schema\/person\/f21c2d73b89f6ee1d80b0a1803e38587"},"headline":"\u00dcN\u0130PERSEN: &#8220;K\u00fct\u00fcphaneci, ar\u015fivci ve kitap patalo\u011fu unvanlar\u0131 i\u00e7in ilave 1 derece ayr\u0131cal\u0131k de\u011fil, hakt\u0131r&#8221;","datePublished":"2026-04-03T08:50:35+00:00","mainEntityOfPage":{"@id":"https:\/\/memurunsesi.net\/index.php\/2026\/04\/03\/unipersen-kutuphaneci-arsivci-ve-kitap-patalogu-unvanlari-icin-ilave-1-derece-ayricalik-degil-haktir\/"},"wordCount":453,"commentCount":0,"publisher":{"@id":"https:\/\/memurunsesi.net\/#organization"},"image":{"@id":"https:\/\/memurunsesi.net\/index.php\/2026\/04\/03\/unipersen-kutuphaneci-arsivci-ve-kitap-patalogu-unvanlari-icin-ilave-1-derece-ayricalik-degil-haktir\/#primaryimage"},"thumbnailUrl":"https:\/\/memurunsesi.net\/wp-content\/uploads\/2026\/04\/katuphane.jpg","keywords":["hak arama deninci \u00fcniversitelerde","idari personel","k\u00fct\u00fcphane","k\u00fct\u00fcphaneci","memur yaln\u0131z de\u011fildir","\u00dcnipersen","\u00fcniversiteler"],"articleSection":["\u00dcniversiteden Haberler"],"inLanguage":"tr","potentialAction":[{"@type":"CommentAction","name":"Comment","target":["https:\/\/memurunsesi.net\/index.php\/2026\/04\/03\/unipersen-kutuphaneci-arsivci-ve-kitap-patalogu-unvanlari-icin-ilave-1-derece-ayricalik-degil-haktir\/#respond"]}]},{"@type":"WebPage","@id":"https:\/\/memurunsesi.net\/index.php\/2026\/04\/03\/unipersen-kutuphaneci-arsivci-ve-kitap-patalogu-unvanlari-icin-ilave-1-derece-ayricalik-degil-haktir\/","url":"https:\/\/memurunsesi.net\/index.php\/2026\/04\/03\/unipersen-kutuphaneci-arsivci-ve-kitap-patalogu-unvanlari-icin-ilave-1-derece-ayricalik-degil-haktir\/","name":"\u00dcN\u0130PERSEN: \"K\u00fct\u00fcphaneci, ar\u015fivci ve kitap patalo\u011fu unvanlar\u0131 i\u00e7in ilave 1 derece ayr\u0131cal\u0131k de\u011fil, hakt\u0131r\" - Memurun Sesi","isPartOf":{"@id":"https:\/\/memurunsesi.net\/#website"},"primaryImageOfPage":{"@id":"https:\/\/memurunsesi.net\/index.php\/2026\/04\/03\/unipersen-kutuphaneci-arsivci-ve-kitap-patalogu-unvanlari-icin-ilave-1-derece-ayricalik-degil-haktir\/#primaryimage"},"image":{"@id":"https:\/\/memurunsesi.net\/index.php\/2026\/04\/03\/unipersen-kutuphaneci-arsivci-ve-kitap-patalogu-unvanlari-icin-ilave-1-derece-ayricalik-degil-haktir\/#primaryimage"},"thumbnailUrl":"https:\/\/memurunsesi.net\/wp-content\/uploads\/2026\/04\/katuphane.jpg","datePublished":"2026-04-03T08:50:35+00:00","description":"\u00a0 \u00a0\u00dcniversite \u0130dari Personel Sendikas\u0131 (\u00dcN\u0130PERSEN), Ardahan \u00dcniversitesi K\u00fct\u00fcphane ve Dok\u00fcmantasyon Daire Ba\u015fkanl\u0131\u011f\u0131 kadrosunda teknik hizmetler s\u0131n\u0131f\u0131nda \u2018k\u00fct\u00fcphaneci' unvan\u0131yla g\u00f6rev yapan \u00fcyelerine verilen ilave 1 derecenin geri al\u0131nmas\u0131na ili\u015fkin i\u015flemin mahkeme karar\u0131yla iptal edildi\u011fini a\u00e7\u0131klad\u0131.","breadcrumb":{"@id":"https:\/\/memurunsesi.net\/index.php\/2026\/04\/03\/unipersen-kutuphaneci-arsivci-ve-kitap-patalogu-unvanlari-icin-ilave-1-derece-ayricalik-degil-haktir\/#breadcrumb"},"inLanguage":"tr","potentialAction":[{"@type":"ReadAction","target":["https:\/\/memurunsesi.net\/index.php\/2026\/04\/03\/unipersen-kutuphaneci-arsivci-ve-kitap-patalogu-unvanlari-icin-ilave-1-derece-ayricalik-degil-haktir\/"]}]},{"@type":"ImageObject","inLanguage":"tr","@id":"https:\/\/memurunsesi.net\/index.php\/2026\/04\/03\/unipersen-kutuphaneci-arsivci-ve-kitap-patalogu-unvanlari-icin-ilave-1-derece-ayricalik-degil-haktir\/#primaryimage","url":"https:\/\/memurunsesi.net\/wp-content\/uploads\/2026\/04\/katuphane.jpg","contentUrl":"https:\/\/memurunsesi.net\/wp-content\/uploads\/2026\/04\/katuphane.jpg","caption":"\u00dcN\u0130PERSEN'\u0130N PAYLA\u015eIMI (\u0130HA\/ANKARA-\u0130HA) \u00dcniversite \u0130dari Personel Sendikas\u0131 (\u00dcN\u0130PERSEN), Ardahan \u00dcniversitesi K\u00fct\u00fcphane ve Dok\u00fcmantasyon Daire Ba\u015fkanl\u0131\u011f\u0131 kadrosunda teknik hizmetler s\u0131n\u0131f\u0131nda 'k\u00fct\u00fcphaneci' unvan\u0131yla g\u00f6rev yapan \u00fcyelerine verilen ilave 1 derecenin geri al\u0131nmas\u0131na ili\u015fkin i\u015flemin mahkeme karar\u0131yla iptal edildi\u011fini a\u00e7\u0131klad\u0131."},{"@type":"BreadcrumbList","@id":"https:\/\/memurunsesi.net\/index.php\/2026\/04\/03\/unipersen-kutuphaneci-arsivci-ve-kitap-patalogu-unvanlari-icin-ilave-1-derece-ayricalik-degil-haktir\/#breadcrumb","itemListElement":[{"@type":"ListItem","position":1,"name":"Anasayfa","item":"https:\/\/memurunsesi.net\/"},{"@type":"ListItem","position":2,"name":"\u00dcN\u0130PERSEN: &#8220;K\u00fct\u00fcphaneci, ar\u015fivci ve kitap patalo\u011fu unvanlar\u0131 i\u00e7in ilave 1 derece ayr\u0131cal\u0131k de\u011fil, hakt\u0131r&#8221;"}]},{"@type":"WebSite","@id":"https:\/\/memurunsesi.net\/#website","url":"https:\/\/memurunsesi.net\/","name":"Memurun Sesi","description":"G\u00fcncel ve Do\u011fru Haber","publisher":{"@id":"https:\/\/memurunsesi.net\/#organization"},"potentialAction":[{"@type":"SearchAction","target":{"@type":"EntryPoint","urlTemplate":"https:\/\/memurunsesi.net\/?s={search_term_string}"},"query-input":{"@type":"PropertyValueSpecification","valueRequired":true,"valueName":"search_term_string"}}],"inLanguage":"tr"},{"@type":"Organization","@id":"https:\/\/memurunsesi.net\/#organization","name":"Memurun Sesi","url":"https:\/\/memurunsesi.net\/","logo":{"@type":"ImageObject","inLanguage":"tr","@id":"https:\/\/memurunsesi.net\/#\/schema\/logo\/image\/","url":"https:\/\/memurunsesi.net\/wp-content\/uploads\/2025\/11\/cropped-MEMURUN-SESI.png","contentUrl":"https:\/\/memurunsesi.net\/wp-content\/uploads\/2025\/11\/cropped-MEMURUN-SESI.png","width":238,"height":57,"caption":"Memurun Sesi"},"image":{"@id":"https:\/\/memurunsesi.net\/#\/schema\/logo\/image\/"},"sameAs":["https:\/\/www.facebook.com\/unipersen\/?locale=tr_TR","https:\/\/x.com\/unipersen"]},{"@type":"Person","@id":"https:\/\/memurunsesi.net\/#\/schema\/person\/f21c2d73b89f6ee1d80b0a1803e38587","name":"Memurun Sesi Haber Merkezi","image":{"@type":"ImageObject","inLanguage":"tr","@id":"https:\/\/secure.gravatar.com\/avatar\/6cf0505f452ee753f485014986fab09a434671d2b919ee76fc541025c5876a70?s=96&d=mm&r=g","url":"https:\/\/secure.gravatar.com\/avatar\/6cf0505f452ee753f485014986fab09a434671d2b919ee76fc541025c5876a70?s=96&d=mm&r=g","contentUrl":"https:\/\/secure.gravatar.com\/avatar\/6cf0505f452ee753f485014986fab09a434671d2b919ee76fc541025c5876a70?s=96&d=mm&r=g","caption":"Memurun Sesi Haber Merkezi"},"sameAs":["https:\/\/memurunsesi.net"],"url":"https:\/\/memurunsesi.net\/index.php\/author\/uniper\/"}]}},"_links":{"self":[{"href":"https:\/\/memurunsesi.net\/index.php\/wp-json\/wp\/v2\/posts\/18823","targetHints":{"allow":["GET"]}}],"collection":[{"href":"https:\/\/memurunsesi.net\/index.php\/wp-json\/wp\/v2\/posts"}],"about":[{"href":"https:\/\/memurunsesi.net\/index.php\/wp-json\/wp\/v2\/types\/post"}],"author":[{"embeddable":true,"href":"https:\/\/memurunsesi.net\/index.php\/wp-json\/wp\/v2\/users\/1"}],"replies":[{"embeddable":true,"href":"https:\/\/memurunsesi.net\/index.php\/wp-json\/wp\/v2\/comments?post=18823"}],"version-history":[{"count":1,"href":"https:\/\/memurunsesi.net\/index.php\/wp-json\/wp\/v2\/posts\/18823\/revisions"}],"predecessor-version":[{"id":18826,"href":"https:\/\/memurunsesi.net\/index.php\/wp-json\/wp\/v2\/posts\/18823\/revisions\/18826"}],"wp:featuredmedia":[{"embeddable":true,"href":"https:\/\/memurunsesi.net\/index.php\/wp-json\/wp\/v2\/media\/18824"}],"wp:attachment":[{"href":"https:\/\/memurunsesi.net\/index.php\/wp-json\/wp\/v2\/media?parent=18823"}],"wp:term":[{"taxonomy":"category","embeddable":true,"href":"https:\/\/memurunsesi.net\/index.php\/wp-json\/wp\/v2\/categories?post=18823"},{"taxonomy":"post_tag","embeddable":true,"href":"https:\/\/memurunsesi.net\/index.php\/wp-json\/wp\/v2\/tags?post=18823"}],"curies":[{"name":"wp","href":"https:\/\/api.w.org\/{rel}","templated":true}]}}