{"id":18852,"date":"2026-04-03T20:42:53","date_gmt":"2026-04-03T17:42:53","guid":{"rendered":"https:\/\/memurunsesi.net\/?p=18852"},"modified":"2026-04-03T20:42:53","modified_gmt":"2026-04-03T17:42:53","slug":"bartinda-orman-yanginlari-ile-mucadele-hazirliklari-tamamlaniyor","status":"publish","type":"post","link":"https:\/\/memurunsesi.net\/index.php\/2026\/04\/03\/bartinda-orman-yanginlari-ile-mucadele-hazirliklari-tamamlaniyor\/","title":{"rendered":"Bart\u0131n&#8217;da orman yang\u0131nlar\u0131 ile m\u00fccadele haz\u0131rl\u0131klar\u0131 tamamlan\u0131yor"},"content":{"rendered":"<p>&#8211; Bart\u0131n&#8217;da 26 muhtar ve k\u00f6yl\u00fcye ge\u00e7en y\u0131lki orman yang\u0131nlarda \u00f6nemi ortaya \u00e7\u0131kan su tankerlerinden da\u011f\u0131t\u0131ld\u0131<br \/>\n&#8211; Yang\u0131n sava\u015f\u00e7\u0131lar\u0131 en iyisi olabilmek i\u00e7in zorlu parkurda yar\u0131\u015ft\u0131<\/p>\n<p>Bart\u0131n&#8217;da yaz mevsimi \u00f6ncesinde orman yang\u0131nlar\u0131na kar\u015f\u0131 yo\u011fun tedbirler al\u0131n\u0131yor. \u0130l genelinde 25 k\u00f6y muhtar\u0131 ve orman k\u00f6yl\u00fcs\u00fcne, ge\u00e7en y\u0131l \u00f6nemi anla\u015f\u0131lan trakt\u00f6r arkas\u0131na ba\u011flanan su tankeri da\u011f\u0131t\u0131ld\u0131. Ayr\u0131ca haz\u0131rlanan zorlu final parkurunda, yang\u0131n sava\u015f\u00e7\u0131lar\u0131 en iyi olabilmek i\u00e7in k\u0131yas\u0131ya yar\u0131\u015ft\u0131.<br \/>\nBart\u0131n Ak\u00e7ames\u00e7it orman deposunda, Orman Genel M\u00fcd\u00fcrl\u00fc\u011f\u00fc ve Bart\u0131n \u0130l \u00d6zel \u0130daresi taraf\u0131ndan temini yap\u0131lan 25 adet yang\u0131n s\u00f6nd\u00fcrme tankerleri, k\u00f6y muhtarlar\u0131na ve orman k\u00f6yl\u00fcs\u00fcne da\u011f\u0131t\u0131ld\u0131. Ara\u00e7 teslimi ve sertifika da\u011f\u0131t\u0131m t\u00f6renine, Bart\u0131n Valisi Nurta\u00e7 Arslan, Ak Parti Bart\u0131n Milletvekili Yusuf Ziya Aldatmaz, Zonguldak Orman B\u00f6lge M\u00fcd\u00fcr\u00fc Hasan Keskin, Bart\u0131n Orman \u0130\u015fletme M\u00fcd\u00fcr\u00fc Temel Nadir, kurum ve daire m\u00fcd\u00fcrleri, askeri erkan, Bart\u0131n, Karab\u00fck ve Zonguldak&#8217;taki i\u015fletme m\u00fcd\u00fcrl\u00fckleri \u00e7al\u0131\u015fanlar\u0131, muhtarlar ve k\u00f6yl\u00fcler kat\u0131ld\u0131.<\/p>\n<p>Orman yang\u0131nlar\u0131na kar\u015f\u0131 uyar\u0131<br \/>\nProgramda konu\u015fan B\u00f6lge M\u00fcd\u00fcr\u00fc Hasan Keskin, &#8220;Orman yang\u0131nlar\u0131 sadece a\u011fa\u00e7lar\u0131 de\u011fil, topra\u011f\u0131, suyu, havay\u0131 ve en \u00f6nemlisi gelece\u011fimizi tehdit etmektedir. Ge\u00e7ti\u011fimiz y\u0131l ya\u015fad\u0131\u011f\u0131m\u0131z orman yang\u0131nlarda, ye\u015fil vatan\u0131m\u0131z a\u011f\u0131r s\u0131navlardan ge\u00e7ti. Bizler Orman te\u015fkilat\u0131 olarak Cumhuriyet tarihimizin en g\u00fc\u00e7l\u00fc hava, kara filosuyla, son teknoloji ekipmanlar\u0131m\u0131zla ve k\u00f6kl\u00fc tecr\u00fcbemizle yang\u0131nlara kar\u015f\u0131 her zaman haz\u0131r\u0131z. Bu m\u00fccadele sadece orman te\u015fkilat\u0131n\u0131n de\u011fil, 85 milyonun ortak m\u00fccadelesidir. \u00c7\u00fcnk\u00fc as\u0131l ba\u015far\u0131 yang\u0131n\u0131 s\u00f6nd\u00fcrmek de\u011fil, yang\u0131n\u0131n hi\u00e7 \u00e7\u0131kmamas\u0131n\u0131 sa\u011flamakt\u0131r. Bir ihmal, bir dikkatsizlik, binlerce a\u011fac\u0131, say\u0131s\u0131z canl\u0131y\u0131 ve y\u0131llar\u0131n eme\u011fini yok edebilmektedir. Bu nedenle vatanda\u015flar\u0131m\u0131za g\u00fc\u00e7l\u00fc bir \u00e7a\u011fr\u0131da bulunuyorum. An\u0131z yakmayal\u0131m. Ormanl\u0131k alanda ate\u015f yakmayal\u0131m. Sigara izmariti atmayal\u0131m. Art\u0131klar\u0131m\u0131z\u0131 do\u011faya de\u011fil, \u00e7\u00f6p kutular\u0131na atal\u0131m. Tar\u0131m makineleri ile \u00e7al\u0131\u015f\u0131rken su tankeri yada yang\u0131n s\u00f6nd\u00fcrme t\u00fcp\u00fc bulundural\u0131m. En k\u00fc\u00e7\u00fck duman\u0131 g\u00f6rd\u00fc\u011f\u00fcm\u00fczde dahil, hi\u00e7 teredd\u00fct etmeden 112&#8217;yi arayal\u0131m. Unutmayal\u0131m, ormanlar sadece a\u011fa\u00e7 de\u011fil, gelece\u011fimizdir, nefesimizdir&#8221; dedi.<\/p>\n<p>Da\u011f\u0131t\u0131lan tankerlerle orman yang\u0131n\u0131n b\u00fcy\u00fcmesi \u00f6nlenecek<br \/>\nProgramda da\u011f\u0131t\u0131lan 25 adet su tankeri ile kent genelindeki tanker say\u0131s\u0131n\u0131n 56&#8217;ya \u00e7\u0131kt\u0131\u011f\u0131n\u0131 belirten B\u00f6lge M\u00fcd\u00fcr\u00fc Keskin, &#8220;Bu g\u00fcn teslim etti\u011fimiz bu su tankerleri ile, orman k\u00f6ylerinde \u00e7\u0131kabilecek yang\u0131nlarda, ekiplerimiz olay yerine ula\u015fana kadar ilk m\u00fcdahalenin yap\u0131lmas\u0131 sa\u011flanacakt\u0131r. Bu sayede yang\u0131n\u0131n b\u00fcy\u00fcmesi \u00f6nlenecek, can ve mal kayb\u0131 en aza indirilecektir. Bu ate\u015f sadece orman\u0131 de\u011fil, y\u00fcreklerimizi de yak\u0131yor. Bug\u00fcne kadar ye\u015fil vatan u\u011fruna hayat\u0131n\u0131 kaybeden 165 orman kahraman\u0131m\u0131z\u0131 da bu vesileyle rahmetle an\u0131yoruz&#8221; \u015feklinde konu\u015ftu.<\/p>\n<p>Yang\u0131nla m\u00fccadelede su tankerlerinin \u00f6nemi<br \/>\nOrman yang\u0131nlar\u0131n\u0131n \u00f6nemine dikkat \u00e7eken Bart\u0131n Valisi Nurta\u00e7 Arslan ise, &#8220;Son y\u0131llarda iklim de\u011fi\u015fikli\u011finin etkisiyle artan s\u0131cakl\u0131klar ve kurakl\u0131k, orman yang\u0131nlar\u0131 riskini daha da b\u00fcy\u00fctmektedir. Bu noktada en \u00f6nemli unsur; yang\u0131na erken m\u00fcdahaledir. \u0130\u015fte bug\u00fcn da\u011f\u0131t\u0131m\u0131n\u0131 ger\u00e7ekle\u015ftirdi\u011fimiz bu tankerler, yang\u0131nlar\u0131n b\u00fcy\u00fcmeden kontrol alt\u0131na al\u0131nmas\u0131nda kritik bir rol \u00fcstlenecektir. Muhtarlar\u0131m\u0131z, k\u00f6ylerimizin en yak\u0131n idari temsilcileri olarak bu s\u00fcrecin en \u00f6nemli akt\u00f6rleridir. Sizlerin h\u0131zl\u0131, bilin\u00e7li ve koordineli m\u00fcdahalesi; bir k\u0131v\u0131lc\u0131m\u0131n felakete d\u00f6n\u00fc\u015fmesini engelleyebilir. Bug\u00fcn ger\u00e7ekle\u015ftirilecek uygulamal\u0131 e\u011fitim de bu anlamda b\u00fcy\u00fck \u00f6nem ta\u015f\u0131maktad\u0131r. \u015eunu \u00f6zellikle ifade etmek isterim ki; devletimiz t\u00fcm kurumlar\u0131yla birlikte vatanda\u015f\u0131m\u0131z\u0131n can\u0131n\u0131, mal\u0131n\u0131 ve do\u011fam\u0131z\u0131 korumak i\u00e7in her t\u00fcrl\u00fc tedbiri almaya devam etmektedir. Ancak en g\u00fc\u00e7l\u00fc m\u00fccadele, kurumlar\u0131m\u0131zla milletimizin omuz omuza verdi\u011fi m\u00fccadeledir. Temennimiz odur ki; bu tankerleri hi\u00e7bir zaman kullanmak zorunda kalmayal\u0131m. Ancak ihtiya\u00e7 duyuldu\u011funda da en h\u0131zl\u0131 ve etkili \u015fekilde m\u00fcdahale edebilecek g\u00fc\u00e7te olal\u0131m&#8221; diye konu\u015ftu.<\/p>\n<p>Tankerlerin \u00f6nemi anla\u015f\u0131ld\u0131, say\u0131s\u0131 56&#8217;ya ula\u015ft\u0131<br \/>\nGe\u00e7en y\u0131l ki orman yang\u0131nlar\u0131nda patlak tekerlekli su tankeri ile yang\u0131na giden k\u00f6yl\u00fclerin g\u00f6r\u00fcnt\u00fcleri yans\u0131m\u0131\u015f, k\u00f6yl\u00fclerin \u00f6zverili m\u00fccadelesi ve tankerlerin \u00f6nemi g\u00fcndeme gelmi\u015fti. G\u00f6r\u00fcnt\u00fclerin ard\u0131ndan h\u0131zl\u0131 ve \u00f6zverili m\u00fcdahalenin \u00f6neminin ortaya \u00e7\u0131kmas\u0131 ile h\u0131zla orman k\u00f6yl\u00fcleri ile muhtarlar trakt\u00f6r arkas\u0131na ba\u011flanan tanker da\u011f\u0131t\u0131m\u0131na ba\u015flanm\u0131\u015ft\u0131. Bart\u0131n&#8217;da y\u00fcr\u00fct\u00fclen \u00e7al\u0131\u015fmalarla 31 adet bulunan su tankeri say\u0131s\u0131 son da\u011f\u0131t\u0131lanlar birlikte 56&#8217;ya ula\u015ft\u0131.<\/p>\n<p>Yang\u0131n sava\u015f\u00e7\u0131lar\u0131 zorlu parkurda k\u0131yas\u0131ya yar\u0131\u015ft\u0131<br \/>\nYap\u0131lan konu\u015fmalar\u0131n ard\u0131ndan sertifikalar\u0131 verilen muhtar ve k\u00f6yl\u00fclere, Bart\u0131n Orman \u0130\u015fletme M\u00fcd\u00fcr\u00fc Temel Nadir taraf\u0131ndan tankerlerin kullan\u0131m\u0131, teknik \u00f6zellikleri gibi konularda k\u0131sa bir bilgi verildi. Yap\u0131lan bilgilendirmenin ard\u0131ndan yang\u0131nla m\u00fccadele ekipleri taraf\u0131ndan alanda kontroll\u00fc bir \u015fekilde yak\u0131lan ate\u015fe, trakt\u00f6r arkas\u0131na ba\u011flanan tankerdeki suyla m\u00fcdahale edilmesi uygulamal\u0131 olarak g\u00f6sterildi. K\u0131sa s\u00fcren tatbikat\u0131n ard\u0131ndan t\u00f6ren alan\u0131ndakiler, en iyi yang\u0131n sava\u015f\u00e7\u0131lar\u0131n\u0131n yar\u0131\u015faca\u011f\u0131 engelli parkurun kuruldu\u011fu alana ge\u00e7ildi.<br \/>\nDavetliler, Orman Genel M\u00fcd\u00fcrl\u00fc\u011f\u00fc taraf\u0131ndan d\u00fczenlenecek T\u00fcrkiye Ormanc\u0131l\u0131k Yar\u0131\u015fmalar\u0131&#8217;na kat\u0131lacak olan ekibin belirlenebilmesi amac\u0131yla, Zonguldak, Karab\u00fck ve Bart\u0131n illerindeki 7 i\u015fletmenin kat\u0131ld\u0131\u011f\u0131 \u00f6n se\u00e7imlerin final etab\u0131n\u0131 izledi. Yang\u0131n sava\u015f\u00e7\u0131lar\u0131n\u0131n fiziksel dayan\u0131kl\u0131l\u0131k ve mesleki becerilerini \u00f6l\u00e7mek amac\u0131yla yap\u0131lan b\u00f6lge yar\u0131\u015fmalar\u0131n\u0131n Karab\u00fck ve Zonguldak&#8217;tan sonra Bart\u0131n&#8217;da yap\u0131lan mesafe ve engel parkurlar\u0131 da tamamland\u0131. Zorlu ve \u00e7eki\u015fmeli ge\u00e7en final etab\u0131nda, kad\u0131n ve erkek yang\u0131n sava\u015f\u00e7\u0131lar\u0131 ile \u015feflerinin, \u00e7amurlu ve zorlu arazide y\u00fcksek atlama, a\u011f\u0131rl\u0131k ta\u015f\u0131ma ve k\u0131sa mesafedeki ko\u015fu yetenekleri ile hareket kabiliyetleri ve refleksleri \u00f6l\u00e7\u00fcld\u00fc. Puan ve cezalar\u0131n hakemler taraf\u0131ndan not edildi\u011fi parkurda, kimisi g\u00f6sterdi\u011fi ba\u015far\u0131l\u0131 performansla alk\u0131\u015f al\u0131rken kimisi ise parkuru tamamlayamad\u0131.<br \/>\nZonguldak, Bart\u0131n ve Karab\u00fck&#8217;te toplam 6 kategoride ger\u00e7ekle\u015fen yar\u0131\u015fmalarda, en y\u00fcksek toplam puan\u0131 alan i\u015fletme tak\u0131m\u0131, T\u00fcrkiye genelinde ger\u00e7ekle\u015fecek yar\u0131\u015fmalarda b\u00f6lgeyi temsil edecek.<\/p>\n<p>3.04.2026<\/p>\n","protected":false},"excerpt":{"rendered":"<p>&#8211; Bart\u0131n&#8217;da 26 muhtar ve k\u00f6yl\u00fcye ge\u00e7en y\u0131lki orman yang\u0131nlarda \u00f6nemi ortaya \u00e7\u0131kan su tankerlerinden da\u011f\u0131t\u0131ld\u0131 &#8211; Yang\u0131n sava\u015f\u00e7\u0131lar\u0131 en iyisi olabilmek i\u00e7in zorlu parkurda yar\u0131\u015ft\u0131 Bart\u0131n&#8217;da yaz mevsimi \u00f6ncesinde orman yang\u0131nlar\u0131na kar\u015f\u0131 yo\u011fun tedbirler al\u0131n\u0131yor. \u0130l genelinde 25 k\u00f6y muhtar\u0131 ve orman k\u00f6yl\u00fcs\u00fcne, ge\u00e7en y\u0131l \u00f6nemi anla\u015f\u0131lan trakt\u00f6r arkas\u0131na ba\u011flanan su tankeri da\u011f\u0131t\u0131ld\u0131. Ayr\u0131ca [&hellip;]<\/p>\n","protected":false},"author":1,"featured_media":0,"comment_status":"open","ping_status":"open","sticky":false,"template":"","format":"standard","meta":{"footnotes":""},"categories":[1],"tags":[2602,2606,2604,2605,267,2603],"class_list":["post-18852","post","type-post","status-publish","format-standard","hentry","category-genel","tag-artinda","tag-hazirliklari","tag-ile","tag-mucadele","tag-orman","tag-yanginlari"],"yoast_head":"<!-- This site is optimized with the Yoast SEO plugin v27.4 - https:\/\/yoast.com\/product\/yoast-seo-wordpress\/ -->\n<title>Bart\u0131n&#039;da orman yang\u0131nlar\u0131 ile m\u00fccadele haz\u0131rl\u0131klar\u0131 tamamlan\u0131yor - Memurun Sesi<\/title>\n<meta name=\"description\" content=\"Bart\u0131n&#039;da yaz mevsimi \u00f6ncesinde orman yang\u0131nlar\u0131na kar\u015f\u0131 yo\u011fun tedbirler al\u0131n\u0131yor. \u0130l genelinde 25 k\u00f6y muhtar\u0131 ve orman k\u00f6yl\u00fcs\u00fcne, ge\u00e7en y\u0131l \u00f6nemi anla\u015f\u0131lan trakt\u00f6r arkas\u0131na ba\u011flanan su tankeri da\u011f\u0131t\u0131ld\u0131. Ayr\u0131ca haz\u0131rlanan zorlu final parkurunda, yang\u0131n sava\u015f\u00e7\u0131lar\u0131 en iyi olabilmek i\u00e7in k\u0131yas\u0131ya yar\u0131\u015ft\u0131.\" \/>\n<meta name=\"robots\" content=\"index, follow, max-snippet:-1, max-image-preview:large, max-video-preview:-1\" \/>\n<link rel=\"canonical\" href=\"https:\/\/memurunsesi.net\/index.php\/2026\/04\/03\/bartinda-orman-yanginlari-ile-mucadele-hazirliklari-tamamlaniyor\/\" \/>\n<meta property=\"og:locale\" content=\"tr_TR\" \/>\n<meta property=\"og:type\" content=\"article\" \/>\n<meta property=\"og:title\" content=\"Bart\u0131n&#039;da orman yang\u0131nlar\u0131 ile m\u00fccadele haz\u0131rl\u0131klar\u0131 tamamlan\u0131yor - Memurun Sesi\" \/>\n<meta property=\"og:description\" content=\"Bart\u0131n&#039;da yaz mevsimi \u00f6ncesinde orman yang\u0131nlar\u0131na kar\u015f\u0131 yo\u011fun tedbirler al\u0131n\u0131yor. \u0130l genelinde 25 k\u00f6y muhtar\u0131 ve orman k\u00f6yl\u00fcs\u00fcne, ge\u00e7en y\u0131l \u00f6nemi anla\u015f\u0131lan trakt\u00f6r arkas\u0131na ba\u011flanan su tankeri da\u011f\u0131t\u0131ld\u0131. Ayr\u0131ca haz\u0131rlanan zorlu final parkurunda, yang\u0131n sava\u015f\u00e7\u0131lar\u0131 en iyi olabilmek i\u00e7in k\u0131yas\u0131ya yar\u0131\u015ft\u0131.\" \/>\n<meta property=\"og:url\" content=\"https:\/\/memurunsesi.net\/index.php\/2026\/04\/03\/bartinda-orman-yanginlari-ile-mucadele-hazirliklari-tamamlaniyor\/\" \/>\n<meta property=\"og:site_name\" content=\"Memurun Sesi\" \/>\n<meta property=\"article:publisher\" content=\"https:\/\/www.facebook.com\/unipersen\/?locale=tr_TR\" \/>\n<meta property=\"article:published_time\" content=\"2026-04-03T17:42:53+00:00\" \/>\n<meta name=\"author\" content=\"Memurun Sesi Haber Merkezi\" \/>\n<meta name=\"twitter:card\" content=\"summary_large_image\" \/>\n<meta name=\"twitter:creator\" content=\"@unipersen\" \/>\n<meta name=\"twitter:site\" content=\"@unipersen\" \/>\n<meta name=\"twitter:label1\" content=\"Yazan:\" \/>\n\t<meta name=\"twitter:data1\" content=\"Memurun Sesi Haber Merkezi\" \/>\n\t<meta name=\"twitter:label2\" content=\"Tahmini okuma s\u00fcresi\" \/>\n\t<meta name=\"twitter:data2\" content=\"5 dakika\" \/>\n<script type=\"application\/ld+json\" class=\"yoast-schema-graph\">{\"@context\":\"https:\\\/\\\/schema.org\",\"@graph\":[{\"@type\":\"Article\",\"@id\":\"https:\\\/\\\/memurunsesi.net\\\/index.php\\\/2026\\\/04\\\/03\\\/bartinda-orman-yanginlari-ile-mucadele-hazirliklari-tamamlaniyor\\\/#article\",\"isPartOf\":{\"@id\":\"https:\\\/\\\/memurunsesi.net\\\/index.php\\\/2026\\\/04\\\/03\\\/bartinda-orman-yanginlari-ile-mucadele-hazirliklari-tamamlaniyor\\\/\"},\"author\":{\"name\":\"Memurun Sesi Haber Merkezi\",\"@id\":\"https:\\\/\\\/memurunsesi.net\\\/#\\\/schema\\\/person\\\/f21c2d73b89f6ee1d80b0a1803e38587\"},\"headline\":\"Bart\u0131n&#8217;da orman yang\u0131nlar\u0131 ile m\u00fccadele haz\u0131rl\u0131klar\u0131 tamamlan\u0131yor\",\"datePublished\":\"2026-04-03T17:42:53+00:00\",\"mainEntityOfPage\":{\"@id\":\"https:\\\/\\\/memurunsesi.net\\\/index.php\\\/2026\\\/04\\\/03\\\/bartinda-orman-yanginlari-ile-mucadele-hazirliklari-tamamlaniyor\\\/\"},\"wordCount\":1219,\"commentCount\":0,\"publisher\":{\"@id\":\"https:\\\/\\\/memurunsesi.net\\\/#organization\"},\"keywords\":[\"artinda\",\"hazirliklari-\",\"ile\",\"mucadele\",\"orman\",\"yanginlari\"],\"inLanguage\":\"tr\",\"potentialAction\":[{\"@type\":\"CommentAction\",\"name\":\"Comment\",\"target\":[\"https:\\\/\\\/memurunsesi.net\\\/index.php\\\/2026\\\/04\\\/03\\\/bartinda-orman-yanginlari-ile-mucadele-hazirliklari-tamamlaniyor\\\/#respond\"]}]},{\"@type\":\"WebPage\",\"@id\":\"https:\\\/\\\/memurunsesi.net\\\/index.php\\\/2026\\\/04\\\/03\\\/bartinda-orman-yanginlari-ile-mucadele-hazirliklari-tamamlaniyor\\\/\",\"url\":\"https:\\\/\\\/memurunsesi.net\\\/index.php\\\/2026\\\/04\\\/03\\\/bartinda-orman-yanginlari-ile-mucadele-hazirliklari-tamamlaniyor\\\/\",\"name\":\"Bart\u0131n'da orman yang\u0131nlar\u0131 ile m\u00fccadele haz\u0131rl\u0131klar\u0131 tamamlan\u0131yor - Memurun Sesi\",\"isPartOf\":{\"@id\":\"https:\\\/\\\/memurunsesi.net\\\/#website\"},\"datePublished\":\"2026-04-03T17:42:53+00:00\",\"description\":\"Bart\u0131n'da yaz mevsimi \u00f6ncesinde orman yang\u0131nlar\u0131na kar\u015f\u0131 yo\u011fun tedbirler al\u0131n\u0131yor. \u0130l genelinde 25 k\u00f6y muhtar\u0131 ve orman k\u00f6yl\u00fcs\u00fcne, ge\u00e7en y\u0131l \u00f6nemi anla\u015f\u0131lan trakt\u00f6r arkas\u0131na ba\u011flanan su tankeri da\u011f\u0131t\u0131ld\u0131. Ayr\u0131ca haz\u0131rlanan zorlu final parkurunda, yang\u0131n sava\u015f\u00e7\u0131lar\u0131 en iyi olabilmek i\u00e7in k\u0131yas\u0131ya yar\u0131\u015ft\u0131.\",\"breadcrumb\":{\"@id\":\"https:\\\/\\\/memurunsesi.net\\\/index.php\\\/2026\\\/04\\\/03\\\/bartinda-orman-yanginlari-ile-mucadele-hazirliklari-tamamlaniyor\\\/#breadcrumb\"},\"inLanguage\":\"tr\",\"potentialAction\":[{\"@type\":\"ReadAction\",\"target\":[\"https:\\\/\\\/memurunsesi.net\\\/index.php\\\/2026\\\/04\\\/03\\\/bartinda-orman-yanginlari-ile-mucadele-hazirliklari-tamamlaniyor\\\/\"]}]},{\"@type\":\"BreadcrumbList\",\"@id\":\"https:\\\/\\\/memurunsesi.net\\\/index.php\\\/2026\\\/04\\\/03\\\/bartinda-orman-yanginlari-ile-mucadele-hazirliklari-tamamlaniyor\\\/#breadcrumb\",\"itemListElement\":[{\"@type\":\"ListItem\",\"position\":1,\"name\":\"Anasayfa\",\"item\":\"https:\\\/\\\/memurunsesi.net\\\/\"},{\"@type\":\"ListItem\",\"position\":2,\"name\":\"Bart\u0131n&#8217;da orman yang\u0131nlar\u0131 ile m\u00fccadele haz\u0131rl\u0131klar\u0131 tamamlan\u0131yor\"}]},{\"@type\":\"WebSite\",\"@id\":\"https:\\\/\\\/memurunsesi.net\\\/#website\",\"url\":\"https:\\\/\\\/memurunsesi.net\\\/\",\"name\":\"Memurun Sesi\",\"description\":\"G\u00fcncel ve Do\u011fru Haber\",\"publisher\":{\"@id\":\"https:\\\/\\\/memurunsesi.net\\\/#organization\"},\"potentialAction\":[{\"@type\":\"SearchAction\",\"target\":{\"@type\":\"EntryPoint\",\"urlTemplate\":\"https:\\\/\\\/memurunsesi.net\\\/?s={search_term_string}\"},\"query-input\":{\"@type\":\"PropertyValueSpecification\",\"valueRequired\":true,\"valueName\":\"search_term_string\"}}],\"inLanguage\":\"tr\"},{\"@type\":\"Organization\",\"@id\":\"https:\\\/\\\/memurunsesi.net\\\/#organization\",\"name\":\"Memurun Sesi\",\"url\":\"https:\\\/\\\/memurunsesi.net\\\/\",\"logo\":{\"@type\":\"ImageObject\",\"inLanguage\":\"tr\",\"@id\":\"https:\\\/\\\/memurunsesi.net\\\/#\\\/schema\\\/logo\\\/image\\\/\",\"url\":\"https:\\\/\\\/memurunsesi.net\\\/wp-content\\\/uploads\\\/2025\\\/11\\\/cropped-MEMURUN-SESI.png\",\"contentUrl\":\"https:\\\/\\\/memurunsesi.net\\\/wp-content\\\/uploads\\\/2025\\\/11\\\/cropped-MEMURUN-SESI.png\",\"width\":238,\"height\":57,\"caption\":\"Memurun Sesi\"},\"image\":{\"@id\":\"https:\\\/\\\/memurunsesi.net\\\/#\\\/schema\\\/logo\\\/image\\\/\"},\"sameAs\":[\"https:\\\/\\\/www.facebook.com\\\/unipersen\\\/?locale=tr_TR\",\"https:\\\/\\\/x.com\\\/unipersen\"]},{\"@type\":\"Person\",\"@id\":\"https:\\\/\\\/memurunsesi.net\\\/#\\\/schema\\\/person\\\/f21c2d73b89f6ee1d80b0a1803e38587\",\"name\":\"Memurun Sesi Haber Merkezi\",\"image\":{\"@type\":\"ImageObject\",\"inLanguage\":\"tr\",\"@id\":\"https:\\\/\\\/secure.gravatar.com\\\/avatar\\\/6cf0505f452ee753f485014986fab09a434671d2b919ee76fc541025c5876a70?s=96&d=mm&r=g\",\"url\":\"https:\\\/\\\/secure.gravatar.com\\\/avatar\\\/6cf0505f452ee753f485014986fab09a434671d2b919ee76fc541025c5876a70?s=96&d=mm&r=g\",\"contentUrl\":\"https:\\\/\\\/secure.gravatar.com\\\/avatar\\\/6cf0505f452ee753f485014986fab09a434671d2b919ee76fc541025c5876a70?s=96&d=mm&r=g\",\"caption\":\"Memurun Sesi Haber Merkezi\"},\"sameAs\":[\"https:\\\/\\\/memurunsesi.net\"],\"url\":\"https:\\\/\\\/memurunsesi.net\\\/index.php\\\/author\\\/uniper\\\/\"}]}<\/script>\n<!-- \/ Yoast SEO plugin. -->","yoast_head_json":{"title":"Bart\u0131n'da orman yang\u0131nlar\u0131 ile m\u00fccadele haz\u0131rl\u0131klar\u0131 tamamlan\u0131yor - Memurun Sesi","description":"Bart\u0131n'da yaz mevsimi \u00f6ncesinde orman yang\u0131nlar\u0131na kar\u015f\u0131 yo\u011fun tedbirler al\u0131n\u0131yor. \u0130l genelinde 25 k\u00f6y muhtar\u0131 ve orman k\u00f6yl\u00fcs\u00fcne, ge\u00e7en y\u0131l \u00f6nemi anla\u015f\u0131lan trakt\u00f6r arkas\u0131na ba\u011flanan su tankeri da\u011f\u0131t\u0131ld\u0131. Ayr\u0131ca haz\u0131rlanan zorlu final parkurunda, yang\u0131n sava\u015f\u00e7\u0131lar\u0131 en iyi olabilmek i\u00e7in k\u0131yas\u0131ya yar\u0131\u015ft\u0131.","robots":{"index":"index","follow":"follow","max-snippet":"max-snippet:-1","max-image-preview":"max-image-preview:large","max-video-preview":"max-video-preview:-1"},"canonical":"https:\/\/memurunsesi.net\/index.php\/2026\/04\/03\/bartinda-orman-yanginlari-ile-mucadele-hazirliklari-tamamlaniyor\/","og_locale":"tr_TR","og_type":"article","og_title":"Bart\u0131n'da orman yang\u0131nlar\u0131 ile m\u00fccadele haz\u0131rl\u0131klar\u0131 tamamlan\u0131yor - Memurun Sesi","og_description":"Bart\u0131n'da yaz mevsimi \u00f6ncesinde orman yang\u0131nlar\u0131na kar\u015f\u0131 yo\u011fun tedbirler al\u0131n\u0131yor. \u0130l genelinde 25 k\u00f6y muhtar\u0131 ve orman k\u00f6yl\u00fcs\u00fcne, ge\u00e7en y\u0131l \u00f6nemi anla\u015f\u0131lan trakt\u00f6r arkas\u0131na ba\u011flanan su tankeri da\u011f\u0131t\u0131ld\u0131. Ayr\u0131ca haz\u0131rlanan zorlu final parkurunda, yang\u0131n sava\u015f\u00e7\u0131lar\u0131 en iyi olabilmek i\u00e7in k\u0131yas\u0131ya yar\u0131\u015ft\u0131.","og_url":"https:\/\/memurunsesi.net\/index.php\/2026\/04\/03\/bartinda-orman-yanginlari-ile-mucadele-hazirliklari-tamamlaniyor\/","og_site_name":"Memurun Sesi","article_publisher":"https:\/\/www.facebook.com\/unipersen\/?locale=tr_TR","article_published_time":"2026-04-03T17:42:53+00:00","author":"Memurun Sesi Haber Merkezi","twitter_card":"summary_large_image","twitter_creator":"@unipersen","twitter_site":"@unipersen","twitter_misc":{"Yazan:":"Memurun Sesi Haber Merkezi","Tahmini okuma s\u00fcresi":"5 dakika"},"schema":{"@context":"https:\/\/schema.org","@graph":[{"@type":"Article","@id":"https:\/\/memurunsesi.net\/index.php\/2026\/04\/03\/bartinda-orman-yanginlari-ile-mucadele-hazirliklari-tamamlaniyor\/#article","isPartOf":{"@id":"https:\/\/memurunsesi.net\/index.php\/2026\/04\/03\/bartinda-orman-yanginlari-ile-mucadele-hazirliklari-tamamlaniyor\/"},"author":{"name":"Memurun Sesi Haber Merkezi","@id":"https:\/\/memurunsesi.net\/#\/schema\/person\/f21c2d73b89f6ee1d80b0a1803e38587"},"headline":"Bart\u0131n&#8217;da orman yang\u0131nlar\u0131 ile m\u00fccadele haz\u0131rl\u0131klar\u0131 tamamlan\u0131yor","datePublished":"2026-04-03T17:42:53+00:00","mainEntityOfPage":{"@id":"https:\/\/memurunsesi.net\/index.php\/2026\/04\/03\/bartinda-orman-yanginlari-ile-mucadele-hazirliklari-tamamlaniyor\/"},"wordCount":1219,"commentCount":0,"publisher":{"@id":"https:\/\/memurunsesi.net\/#organization"},"keywords":["artinda","hazirliklari-","ile","mucadele","orman","yanginlari"],"inLanguage":"tr","potentialAction":[{"@type":"CommentAction","name":"Comment","target":["https:\/\/memurunsesi.net\/index.php\/2026\/04\/03\/bartinda-orman-yanginlari-ile-mucadele-hazirliklari-tamamlaniyor\/#respond"]}]},{"@type":"WebPage","@id":"https:\/\/memurunsesi.net\/index.php\/2026\/04\/03\/bartinda-orman-yanginlari-ile-mucadele-hazirliklari-tamamlaniyor\/","url":"https:\/\/memurunsesi.net\/index.php\/2026\/04\/03\/bartinda-orman-yanginlari-ile-mucadele-hazirliklari-tamamlaniyor\/","name":"Bart\u0131n'da orman yang\u0131nlar\u0131 ile m\u00fccadele haz\u0131rl\u0131klar\u0131 tamamlan\u0131yor - Memurun Sesi","isPartOf":{"@id":"https:\/\/memurunsesi.net\/#website"},"datePublished":"2026-04-03T17:42:53+00:00","description":"Bart\u0131n'da yaz mevsimi \u00f6ncesinde orman yang\u0131nlar\u0131na kar\u015f\u0131 yo\u011fun tedbirler al\u0131n\u0131yor. \u0130l genelinde 25 k\u00f6y muhtar\u0131 ve orman k\u00f6yl\u00fcs\u00fcne, ge\u00e7en y\u0131l \u00f6nemi anla\u015f\u0131lan trakt\u00f6r arkas\u0131na ba\u011flanan su tankeri da\u011f\u0131t\u0131ld\u0131. Ayr\u0131ca haz\u0131rlanan zorlu final parkurunda, yang\u0131n sava\u015f\u00e7\u0131lar\u0131 en iyi olabilmek i\u00e7in k\u0131yas\u0131ya yar\u0131\u015ft\u0131.","breadcrumb":{"@id":"https:\/\/memurunsesi.net\/index.php\/2026\/04\/03\/bartinda-orman-yanginlari-ile-mucadele-hazirliklari-tamamlaniyor\/#breadcrumb"},"inLanguage":"tr","potentialAction":[{"@type":"ReadAction","target":["https:\/\/memurunsesi.net\/index.php\/2026\/04\/03\/bartinda-orman-yanginlari-ile-mucadele-hazirliklari-tamamlaniyor\/"]}]},{"@type":"BreadcrumbList","@id":"https:\/\/memurunsesi.net\/index.php\/2026\/04\/03\/bartinda-orman-yanginlari-ile-mucadele-hazirliklari-tamamlaniyor\/#breadcrumb","itemListElement":[{"@type":"ListItem","position":1,"name":"Anasayfa","item":"https:\/\/memurunsesi.net\/"},{"@type":"ListItem","position":2,"name":"Bart\u0131n&#8217;da orman yang\u0131nlar\u0131 ile m\u00fccadele haz\u0131rl\u0131klar\u0131 tamamlan\u0131yor"}]},{"@type":"WebSite","@id":"https:\/\/memurunsesi.net\/#website","url":"https:\/\/memurunsesi.net\/","name":"Memurun Sesi","description":"G\u00fcncel ve Do\u011fru Haber","publisher":{"@id":"https:\/\/memurunsesi.net\/#organization"},"potentialAction":[{"@type":"SearchAction","target":{"@type":"EntryPoint","urlTemplate":"https:\/\/memurunsesi.net\/?s={search_term_string}"},"query-input":{"@type":"PropertyValueSpecification","valueRequired":true,"valueName":"search_term_string"}}],"inLanguage":"tr"},{"@type":"Organization","@id":"https:\/\/memurunsesi.net\/#organization","name":"Memurun Sesi","url":"https:\/\/memurunsesi.net\/","logo":{"@type":"ImageObject","inLanguage":"tr","@id":"https:\/\/memurunsesi.net\/#\/schema\/logo\/image\/","url":"https:\/\/memurunsesi.net\/wp-content\/uploads\/2025\/11\/cropped-MEMURUN-SESI.png","contentUrl":"https:\/\/memurunsesi.net\/wp-content\/uploads\/2025\/11\/cropped-MEMURUN-SESI.png","width":238,"height":57,"caption":"Memurun Sesi"},"image":{"@id":"https:\/\/memurunsesi.net\/#\/schema\/logo\/image\/"},"sameAs":["https:\/\/www.facebook.com\/unipersen\/?locale=tr_TR","https:\/\/x.com\/unipersen"]},{"@type":"Person","@id":"https:\/\/memurunsesi.net\/#\/schema\/person\/f21c2d73b89f6ee1d80b0a1803e38587","name":"Memurun Sesi Haber Merkezi","image":{"@type":"ImageObject","inLanguage":"tr","@id":"https:\/\/secure.gravatar.com\/avatar\/6cf0505f452ee753f485014986fab09a434671d2b919ee76fc541025c5876a70?s=96&d=mm&r=g","url":"https:\/\/secure.gravatar.com\/avatar\/6cf0505f452ee753f485014986fab09a434671d2b919ee76fc541025c5876a70?s=96&d=mm&r=g","contentUrl":"https:\/\/secure.gravatar.com\/avatar\/6cf0505f452ee753f485014986fab09a434671d2b919ee76fc541025c5876a70?s=96&d=mm&r=g","caption":"Memurun Sesi Haber Merkezi"},"sameAs":["https:\/\/memurunsesi.net"],"url":"https:\/\/memurunsesi.net\/index.php\/author\/uniper\/"}]}},"_links":{"self":[{"href":"https:\/\/memurunsesi.net\/index.php\/wp-json\/wp\/v2\/posts\/18852","targetHints":{"allow":["GET"]}}],"collection":[{"href":"https:\/\/memurunsesi.net\/index.php\/wp-json\/wp\/v2\/posts"}],"about":[{"href":"https:\/\/memurunsesi.net\/index.php\/wp-json\/wp\/v2\/types\/post"}],"author":[{"embeddable":true,"href":"https:\/\/memurunsesi.net\/index.php\/wp-json\/wp\/v2\/users\/1"}],"replies":[{"embeddable":true,"href":"https:\/\/memurunsesi.net\/index.php\/wp-json\/wp\/v2\/comments?post=18852"}],"version-history":[{"count":1,"href":"https:\/\/memurunsesi.net\/index.php\/wp-json\/wp\/v2\/posts\/18852\/revisions"}],"predecessor-version":[{"id":18854,"href":"https:\/\/memurunsesi.net\/index.php\/wp-json\/wp\/v2\/posts\/18852\/revisions\/18854"}],"wp:attachment":[{"href":"https:\/\/memurunsesi.net\/index.php\/wp-json\/wp\/v2\/media?parent=18852"}],"wp:term":[{"taxonomy":"category","embeddable":true,"href":"https:\/\/memurunsesi.net\/index.php\/wp-json\/wp\/v2\/categories?post=18852"},{"taxonomy":"post_tag","embeddable":true,"href":"https:\/\/memurunsesi.net\/index.php\/wp-json\/wp\/v2\/tags?post=18852"}],"curies":[{"name":"wp","href":"https:\/\/api.w.org\/{rel}","templated":true}]}}