{"id":18860,"date":"2026-04-03T21:35:38","date_gmt":"2026-04-03T18:35:38","guid":{"rendered":"https:\/\/memurunsesi.net\/?p=18860"},"modified":"2026-04-03T21:35:38","modified_gmt":"2026-04-03T18:35:38","slug":"memurun-zammi-ilk-3-ayda-eridi-sendikadan-enflasyon-tepkisi","status":"publish","type":"post","link":"https:\/\/memurunsesi.net\/index.php\/2026\/04\/03\/memurun-zammi-ilk-3-ayda-eridi-sendikadan-enflasyon-tepkisi\/","title":{"rendered":"\u201cMemurun Zamm\u0131 \u0130lk 3 Ayda Eridi\u201d \u2013 Sendikadan Enflasyon Tepkisi"},"content":{"rendered":"<p data-start=\"69\" data-end=\"396\">\u00a0 \u00a0 Kamu \u00e7al\u0131\u015fanlar\u0131n\u0131n maa\u015f art\u0131\u015flar\u0131n\u0131n enflasyon kar\u015f\u0131s\u0131nda h\u0131zla eridi\u011fine dikkat \u00e7eken \u00dcniversite \u0130dari Personel sendikas\u0131 Genel Ba\u015fkan\u0131 \u0130brahim G\u00dcZEL, y\u0131l\u0131n ilk \u00e7eyre\u011fine ili\u015fkin verilerin tabloyu net \u015fekilde ortaya koydu\u011funu belirtti. A\u00e7\u0131klamalarda, \u00f6zellikle sabit gelirli memurlar\u0131n al\u0131m g\u00fcc\u00fcndeki d\u00fc\u015f\u00fc\u015f\u00fcn art\u0131k g\u00f6rmezden gelinemeyecek seviyeye ula\u015ft\u0131\u011f\u0131 vurguland\u0131.<\/p>\n<p data-start=\"398\" data-end=\"666\">Sendika y\u00f6neticisi yapt\u0131\u011f\u0131 de\u011ferlendirmede, \u201cMart ay\u0131 enflasyonunun beklentilerin alt\u0131nda a\u00e7\u0131klanmas\u0131 tek ba\u015f\u0131na olumlu bir geli\u015fme gibi sunulsa da, \u00fc\u00e7 ayl\u0131k toplam tabloya bakt\u0131\u011f\u0131m\u0131zda memurun ald\u0131\u011f\u0131 zamm\u0131n neredeyse tamamen eridi\u011fini g\u00f6r\u00fcyoruz\u201d ifadelerini kulland\u0131.<\/p>\n<h3 data-section-id=\"934fzz\" data-start=\"673\" data-end=\"715\">\u201c\u00dc\u00e7 Ayda Y\u00fczde 10\u2019u A\u015fan Enflasyon\u201d<\/h3>\n<p data-start=\"716\" data-end=\"978\">Ocak ay\u0131nda y\u00fczde 4,84, \u015eubat ay\u0131nda y\u00fczde 2,96 ve Mart ay\u0131nda y\u00fczde 1,94 olarak a\u00e7\u0131klanan enflasyon oranlar\u0131n\u0131n toplamda y\u00fczde 10,03\u2019e ula\u015ft\u0131\u011f\u0131n\u0131 hat\u0131rlatan sendika temsilcileri, bu seviyenin maa\u015f art\u0131\u015flar\u0131n\u0131 b\u00fcy\u00fck \u00f6l\u00e7\u00fcde anlams\u0131z hale getirdi\u011fini dile getirdi.<\/p>\n<p data-start=\"980\" data-end=\"1188\">\u201cDaha y\u0131l\u0131n ilk \u00fc\u00e7 ay\u0131nda bu noktaya gelinmi\u015f olmas\u0131, \u00f6n\u00fcm\u00fczdeki s\u00fcre\u00e7 i\u00e7in de ciddi bir uyar\u0131d\u0131r\u201d diyen sendika yetkilisi, mevcut ekonomik ko\u015fullar\u0131n memurlar \u00fczerinde ciddi bir bask\u0131 olu\u015fturdu\u011funu belirtti.<\/p>\n<h3 data-section-id=\"l2hizf\" data-start=\"1195\" data-end=\"1236\">\u201cVerilen Zam Ka\u011f\u0131t \u00dczerinde Kald\u0131\u201d<\/h3>\n<p data-start=\"1237\" data-end=\"1394\">2026 y\u0131l\u0131n\u0131n ilk 6 ay\u0131 i\u00e7in memurlara toplu s\u00f6zle\u015fme kapsam\u0131nda verilen y\u00fczde 11\u2019lik zam oran\u0131na dikkat \u00e7eken sendika y\u00f6neticisi, \u015fu de\u011ferlendirmede bulundu:<\/p>\n<p data-start=\"1396\" data-end=\"1628\">\u201cDaha ikinci \u00e7eyre\u011fe gelmeden, verilen art\u0131\u015f\u0131n neredeyse tamam\u0131 enflasyon kar\u015f\u0131s\u0131nda erimi\u015f durumda. Bu da memurun maa\u015f\u0131n\u0131n reel olarak geriledi\u011fini a\u00e7\u0131k\u00e7a ortaya koyuyor. Bug\u00fcn memur, ald\u0131\u011f\u0131 maa\u015fla ay sonunu getirmekte zorlan\u0131yor.\u201d<\/p>\n<h3 data-section-id=\"1mvsu9r\" data-start=\"1635\" data-end=\"1694\">\u201cTemmuz Kritik, Enflasyon Fark\u0131 Ka\u00e7\u0131n\u0131lmaz Olabilir\u201d<\/h3>\n<p data-start=\"1695\" data-end=\"1897\">Sendika temsilcileri, memurlar\u0131n enflasyon fark\u0131 alabilmesi i\u00e7in 6 ayl\u0131k enflasyonun y\u00fczde 11\u2019i a\u015fmas\u0131 gerekti\u011fini hat\u0131rlatarak, Nisan, May\u0131s ve Haziran ay\u0131 verilerinin belirleyici olaca\u011f\u0131n\u0131 ifade etti.<\/p>\n<p data-start=\"1899\" data-end=\"2110\">\u201cMevcut gidi\u015fat, Temmuz ay\u0131nda enflasyon fark\u0131 olu\u015fmas\u0131n\u0131n g\u00fc\u00e7l\u00fc bir ihtimal oldu\u011funu g\u00f6steriyor. Ancak burada \u00f6nemli olan sadece fark\u0131n verilmesi de\u011fil, memurun al\u0131m g\u00fcc\u00fcn\u00fcn kal\u0131c\u0131 olarak korunmas\u0131d\u0131r\u201d denildi.<\/p>\n<h3 data-section-id=\"113num9\" data-start=\"2117\" data-end=\"2143\">\u201cKal\u0131c\u0131 \u00c7\u00f6z\u00fcm \u015eart\u201d<\/h3>\n<p data-start=\"2144\" data-end=\"2262\">A\u00e7\u0131klaman\u0131n sonunda ise ge\u00e7ici \u00f6nlemler yerine kal\u0131c\u0131 ekonomik d\u00fczenlemelerin hayata ge\u00e7irilmesi gerekti\u011fi vurguland\u0131:<\/p>\n<p data-start=\"2264\" data-end=\"2438\">\u201cMemur maa\u015flar\u0131 enflasyona kar\u015f\u0131 korunmad\u0131\u011f\u0131 s\u00fcrece, yap\u0131lan zamlar\u0131n hi\u00e7bir anlam\u0131 kalm\u0131yor. Al\u0131m g\u00fcc\u00fcn\u00fc art\u0131racak, refah pay\u0131n\u0131 i\u00e7eren kal\u0131c\u0131 \u00e7\u00f6z\u00fcmler art\u0131k ka\u00e7\u0131n\u0131lmazd\u0131r.\u201d<\/p>\n<p data-start=\"2264\" data-end=\"2438\">03.04.2026<\/p>\n","protected":false},"excerpt":{"rendered":"<p>\u00a0 \u00a0 Kamu \u00e7al\u0131\u015fanlar\u0131n\u0131n maa\u015f art\u0131\u015flar\u0131n\u0131n enflasyon kar\u015f\u0131s\u0131nda h\u0131zla eridi\u011fine dikkat \u00e7eken \u00dcniversite \u0130dari Personel sendikas\u0131 Genel Ba\u015fkan\u0131 \u0130brahim G\u00dcZEL, y\u0131l\u0131n ilk \u00e7eyre\u011fine ili\u015fkin verilerin tabloyu net \u015fekilde ortaya koydu\u011funu belirtti. A\u00e7\u0131klamalarda, \u00f6zellikle sabit gelirli memurlar\u0131n al\u0131m g\u00fcc\u00fcndeki d\u00fc\u015f\u00fc\u015f\u00fcn art\u0131k g\u00f6rmezden gelinemeyecek seviyeye ula\u015ft\u0131\u011f\u0131 vurguland\u0131. Sendika y\u00f6neticisi yapt\u0131\u011f\u0131 de\u011ferlendirmede, \u201cMart ay\u0131 enflasyonunun beklentilerin alt\u0131nda a\u00e7\u0131klanmas\u0131 [&hellip;]<\/p>\n","protected":false},"author":1,"featured_media":18861,"comment_status":"open","ping_status":"open","sticky":false,"template":"","format":"standard","meta":{"footnotes":""},"categories":[1],"tags":[2642,2650,1747,2643,2649,2644,1731,2646,2647,2640,2639,2648,2641,2645,2651],"class_list":["post-18860","post","type-post","status-publish","format-standard","has-post-thumbnail","hentry","category-genel","tag-2026-memur-zammi","tag-ekonomik-durum-memur","tag-enflasyon-farki","tag-kamu-calisani-maasi","tag-kamu-personeli-zammi","tag-kumulatif-enflasyon","tag-maas-erimesi","tag-memur-alim-gucu","tag-memur-maas-haberi","tag-memur-maasi-enflasyon","tag-memur-zammi-eridi","tag-sabit-gelirli-calisanlar","tag-sendika-aciklamasi","tag-temmuz-enflasyon-farki","tag-toplu-sozlesme-zammi"],"yoast_head":"<!-- This site is optimized with the Yoast SEO plugin v27.4 - https:\/\/yoast.com\/product\/yoast-seo-wordpress\/ -->\n<title>\u201cMemurun Zamm\u0131 \u0130lk 3 Ayda Eridi\u201d \u2013 Sendikadan Enflasyon Tepkisi - Memurun Sesi<\/title>\n<meta name=\"description\" content=\"Sendika y\u00f6neticileri, memurlar\u0131n y\u0131l\u0131n ilk \u00fc\u00e7 ay\u0131nda ald\u0131\u011f\u0131 zamm\u0131n enflasyon kar\u015f\u0131s\u0131nda b\u00fcy\u00fck \u00f6l\u00e7\u00fcde eridi\u011fini a\u00e7\u0131klad\u0131. K\u00fcm\u00fclatif enflasyon y\u00fczde 10,03\u2019e ula\u015f\u0131rken, Temmuz ay\u0131nda enflasyon fark\u0131 olu\u015fmas\u0131 bekleniyor.\" \/>\n<meta name=\"robots\" content=\"index, follow, max-snippet:-1, max-image-preview:large, max-video-preview:-1\" \/>\n<link rel=\"canonical\" href=\"https:\/\/memurunsesi.net\/index.php\/2026\/04\/03\/memurun-zammi-ilk-3-ayda-eridi-sendikadan-enflasyon-tepkisi\/\" \/>\n<meta property=\"og:locale\" content=\"tr_TR\" \/>\n<meta property=\"og:type\" content=\"article\" \/>\n<meta property=\"og:title\" content=\"\u201cMemurun Zamm\u0131 \u0130lk 3 Ayda Eridi\u201d \u2013 Sendikadan Enflasyon Tepkisi - Memurun Sesi\" \/>\n<meta property=\"og:description\" content=\"Sendika y\u00f6neticileri, memurlar\u0131n y\u0131l\u0131n ilk \u00fc\u00e7 ay\u0131nda ald\u0131\u011f\u0131 zamm\u0131n enflasyon kar\u015f\u0131s\u0131nda b\u00fcy\u00fck \u00f6l\u00e7\u00fcde eridi\u011fini a\u00e7\u0131klad\u0131. K\u00fcm\u00fclatif enflasyon y\u00fczde 10,03\u2019e ula\u015f\u0131rken, Temmuz ay\u0131nda enflasyon fark\u0131 olu\u015fmas\u0131 bekleniyor.\" \/>\n<meta property=\"og:url\" content=\"https:\/\/memurunsesi.net\/index.php\/2026\/04\/03\/memurun-zammi-ilk-3-ayda-eridi-sendikadan-enflasyon-tepkisi\/\" \/>\n<meta property=\"og:site_name\" content=\"Memurun Sesi\" \/>\n<meta property=\"article:publisher\" content=\"https:\/\/www.facebook.com\/unipersen\/?locale=tr_TR\" \/>\n<meta property=\"article:published_time\" content=\"2026-04-03T18:35:38+00:00\" \/>\n<meta property=\"og:image\" content=\"https:\/\/memurunsesi.net\/wp-content\/uploads\/2026\/04\/TUIK.jpeg\" \/>\n\t<meta property=\"og:image:width\" content=\"1080\" \/>\n\t<meta property=\"og:image:height\" content=\"1350\" \/>\n\t<meta property=\"og:image:type\" content=\"image\/jpeg\" \/>\n<meta name=\"author\" content=\"Memurun Sesi Haber Merkezi\" \/>\n<meta name=\"twitter:card\" content=\"summary_large_image\" \/>\n<meta name=\"twitter:creator\" content=\"@unipersen\" \/>\n<meta name=\"twitter:site\" content=\"@unipersen\" \/>\n<meta name=\"twitter:label1\" content=\"Yazan:\" \/>\n\t<meta name=\"twitter:data1\" content=\"Memurun Sesi Haber Merkezi\" \/>\n\t<meta name=\"twitter:label2\" content=\"Tahmini okuma s\u00fcresi\" \/>\n\t<meta name=\"twitter:data2\" content=\"2 dakika\" \/>\n<script type=\"application\/ld+json\" class=\"yoast-schema-graph\">{\"@context\":\"https:\\\/\\\/schema.org\",\"@graph\":[{\"@type\":\"Article\",\"@id\":\"https:\\\/\\\/memurunsesi.net\\\/index.php\\\/2026\\\/04\\\/03\\\/memurun-zammi-ilk-3-ayda-eridi-sendikadan-enflasyon-tepkisi\\\/#article\",\"isPartOf\":{\"@id\":\"https:\\\/\\\/memurunsesi.net\\\/index.php\\\/2026\\\/04\\\/03\\\/memurun-zammi-ilk-3-ayda-eridi-sendikadan-enflasyon-tepkisi\\\/\"},\"author\":{\"name\":\"Memurun Sesi Haber Merkezi\",\"@id\":\"https:\\\/\\\/memurunsesi.net\\\/#\\\/schema\\\/person\\\/f21c2d73b89f6ee1d80b0a1803e38587\"},\"headline\":\"\u201cMemurun Zamm\u0131 \u0130lk 3 Ayda Eridi\u201d \u2013 Sendikadan Enflasyon Tepkisi\",\"datePublished\":\"2026-04-03T18:35:38+00:00\",\"mainEntityOfPage\":{\"@id\":\"https:\\\/\\\/memurunsesi.net\\\/index.php\\\/2026\\\/04\\\/03\\\/memurun-zammi-ilk-3-ayda-eridi-sendikadan-enflasyon-tepkisi\\\/\"},\"wordCount\":449,\"commentCount\":0,\"publisher\":{\"@id\":\"https:\\\/\\\/memurunsesi.net\\\/#organization\"},\"image\":{\"@id\":\"https:\\\/\\\/memurunsesi.net\\\/index.php\\\/2026\\\/04\\\/03\\\/memurun-zammi-ilk-3-ayda-eridi-sendikadan-enflasyon-tepkisi\\\/#primaryimage\"},\"thumbnailUrl\":\"https:\\\/\\\/memurunsesi.net\\\/wp-content\\\/uploads\\\/2026\\\/04\\\/TUIK.jpeg\",\"keywords\":[\"2026 memur zamm\u0131\",\"ekonomik durum memur\",\"enflasyon fark\u0131\",\"kamu \u00e7al\u0131\u015fan\u0131 maa\u015f\u0131\",\"kamu personeli zamm\u0131\",\"k\u00fcm\u00fclatif enflasyon\",\"maa\u015f erimesi\",\"memur al\u0131m g\u00fcc\u00fc\",\"memur maa\u015f haberi\",\"memur maa\u015f\u0131 enflasyon\",\"memur zamm\u0131 eridi\",\"sabit gelirli \u00e7al\u0131\u015fanlar\",\"sendika a\u00e7\u0131klamas\u0131\",\"Temmuz enflasyon fark\u0131\",\"toplu s\u00f6zle\u015fme zamm\u0131\"],\"inLanguage\":\"tr\",\"potentialAction\":[{\"@type\":\"CommentAction\",\"name\":\"Comment\",\"target\":[\"https:\\\/\\\/memurunsesi.net\\\/index.php\\\/2026\\\/04\\\/03\\\/memurun-zammi-ilk-3-ayda-eridi-sendikadan-enflasyon-tepkisi\\\/#respond\"]}]},{\"@type\":\"WebPage\",\"@id\":\"https:\\\/\\\/memurunsesi.net\\\/index.php\\\/2026\\\/04\\\/03\\\/memurun-zammi-ilk-3-ayda-eridi-sendikadan-enflasyon-tepkisi\\\/\",\"url\":\"https:\\\/\\\/memurunsesi.net\\\/index.php\\\/2026\\\/04\\\/03\\\/memurun-zammi-ilk-3-ayda-eridi-sendikadan-enflasyon-tepkisi\\\/\",\"name\":\"\u201cMemurun Zamm\u0131 \u0130lk 3 Ayda Eridi\u201d \u2013 Sendikadan Enflasyon Tepkisi - Memurun Sesi\",\"isPartOf\":{\"@id\":\"https:\\\/\\\/memurunsesi.net\\\/#website\"},\"primaryImageOfPage\":{\"@id\":\"https:\\\/\\\/memurunsesi.net\\\/index.php\\\/2026\\\/04\\\/03\\\/memurun-zammi-ilk-3-ayda-eridi-sendikadan-enflasyon-tepkisi\\\/#primaryimage\"},\"image\":{\"@id\":\"https:\\\/\\\/memurunsesi.net\\\/index.php\\\/2026\\\/04\\\/03\\\/memurun-zammi-ilk-3-ayda-eridi-sendikadan-enflasyon-tepkisi\\\/#primaryimage\"},\"thumbnailUrl\":\"https:\\\/\\\/memurunsesi.net\\\/wp-content\\\/uploads\\\/2026\\\/04\\\/TUIK.jpeg\",\"datePublished\":\"2026-04-03T18:35:38+00:00\",\"description\":\"Sendika y\u00f6neticileri, memurlar\u0131n y\u0131l\u0131n ilk \u00fc\u00e7 ay\u0131nda ald\u0131\u011f\u0131 zamm\u0131n enflasyon kar\u015f\u0131s\u0131nda b\u00fcy\u00fck \u00f6l\u00e7\u00fcde eridi\u011fini a\u00e7\u0131klad\u0131. K\u00fcm\u00fclatif enflasyon y\u00fczde 10,03\u2019e ula\u015f\u0131rken, Temmuz ay\u0131nda enflasyon fark\u0131 olu\u015fmas\u0131 bekleniyor.\",\"breadcrumb\":{\"@id\":\"https:\\\/\\\/memurunsesi.net\\\/index.php\\\/2026\\\/04\\\/03\\\/memurun-zammi-ilk-3-ayda-eridi-sendikadan-enflasyon-tepkisi\\\/#breadcrumb\"},\"inLanguage\":\"tr\",\"potentialAction\":[{\"@type\":\"ReadAction\",\"target\":[\"https:\\\/\\\/memurunsesi.net\\\/index.php\\\/2026\\\/04\\\/03\\\/memurun-zammi-ilk-3-ayda-eridi-sendikadan-enflasyon-tepkisi\\\/\"]}]},{\"@type\":\"ImageObject\",\"inLanguage\":\"tr\",\"@id\":\"https:\\\/\\\/memurunsesi.net\\\/index.php\\\/2026\\\/04\\\/03\\\/memurun-zammi-ilk-3-ayda-eridi-sendikadan-enflasyon-tepkisi\\\/#primaryimage\",\"url\":\"https:\\\/\\\/memurunsesi.net\\\/wp-content\\\/uploads\\\/2026\\\/04\\\/TUIK.jpeg\",\"contentUrl\":\"https:\\\/\\\/memurunsesi.net\\\/wp-content\\\/uploads\\\/2026\\\/04\\\/TUIK.jpeg\",\"width\":1080,\"height\":1350},{\"@type\":\"BreadcrumbList\",\"@id\":\"https:\\\/\\\/memurunsesi.net\\\/index.php\\\/2026\\\/04\\\/03\\\/memurun-zammi-ilk-3-ayda-eridi-sendikadan-enflasyon-tepkisi\\\/#breadcrumb\",\"itemListElement\":[{\"@type\":\"ListItem\",\"position\":1,\"name\":\"Anasayfa\",\"item\":\"https:\\\/\\\/memurunsesi.net\\\/\"},{\"@type\":\"ListItem\",\"position\":2,\"name\":\"\u201cMemurun Zamm\u0131 \u0130lk 3 Ayda Eridi\u201d \u2013 Sendikadan Enflasyon Tepkisi\"}]},{\"@type\":\"WebSite\",\"@id\":\"https:\\\/\\\/memurunsesi.net\\\/#website\",\"url\":\"https:\\\/\\\/memurunsesi.net\\\/\",\"name\":\"Memurun Sesi\",\"description\":\"G\u00fcncel ve Do\u011fru Haber\",\"publisher\":{\"@id\":\"https:\\\/\\\/memurunsesi.net\\\/#organization\"},\"potentialAction\":[{\"@type\":\"SearchAction\",\"target\":{\"@type\":\"EntryPoint\",\"urlTemplate\":\"https:\\\/\\\/memurunsesi.net\\\/?s={search_term_string}\"},\"query-input\":{\"@type\":\"PropertyValueSpecification\",\"valueRequired\":true,\"valueName\":\"search_term_string\"}}],\"inLanguage\":\"tr\"},{\"@type\":\"Organization\",\"@id\":\"https:\\\/\\\/memurunsesi.net\\\/#organization\",\"name\":\"Memurun Sesi\",\"url\":\"https:\\\/\\\/memurunsesi.net\\\/\",\"logo\":{\"@type\":\"ImageObject\",\"inLanguage\":\"tr\",\"@id\":\"https:\\\/\\\/memurunsesi.net\\\/#\\\/schema\\\/logo\\\/image\\\/\",\"url\":\"https:\\\/\\\/memurunsesi.net\\\/wp-content\\\/uploads\\\/2025\\\/11\\\/cropped-MEMURUN-SESI.png\",\"contentUrl\":\"https:\\\/\\\/memurunsesi.net\\\/wp-content\\\/uploads\\\/2025\\\/11\\\/cropped-MEMURUN-SESI.png\",\"width\":238,\"height\":57,\"caption\":\"Memurun Sesi\"},\"image\":{\"@id\":\"https:\\\/\\\/memurunsesi.net\\\/#\\\/schema\\\/logo\\\/image\\\/\"},\"sameAs\":[\"https:\\\/\\\/www.facebook.com\\\/unipersen\\\/?locale=tr_TR\",\"https:\\\/\\\/x.com\\\/unipersen\"]},{\"@type\":\"Person\",\"@id\":\"https:\\\/\\\/memurunsesi.net\\\/#\\\/schema\\\/person\\\/f21c2d73b89f6ee1d80b0a1803e38587\",\"name\":\"Memurun Sesi Haber Merkezi\",\"image\":{\"@type\":\"ImageObject\",\"inLanguage\":\"tr\",\"@id\":\"https:\\\/\\\/secure.gravatar.com\\\/avatar\\\/6cf0505f452ee753f485014986fab09a434671d2b919ee76fc541025c5876a70?s=96&d=mm&r=g\",\"url\":\"https:\\\/\\\/secure.gravatar.com\\\/avatar\\\/6cf0505f452ee753f485014986fab09a434671d2b919ee76fc541025c5876a70?s=96&d=mm&r=g\",\"contentUrl\":\"https:\\\/\\\/secure.gravatar.com\\\/avatar\\\/6cf0505f452ee753f485014986fab09a434671d2b919ee76fc541025c5876a70?s=96&d=mm&r=g\",\"caption\":\"Memurun Sesi Haber Merkezi\"},\"sameAs\":[\"https:\\\/\\\/memurunsesi.net\"],\"url\":\"https:\\\/\\\/memurunsesi.net\\\/index.php\\\/author\\\/uniper\\\/\"}]}<\/script>\n<!-- \/ Yoast SEO plugin. -->","yoast_head_json":{"title":"\u201cMemurun Zamm\u0131 \u0130lk 3 Ayda Eridi\u201d \u2013 Sendikadan Enflasyon Tepkisi - Memurun Sesi","description":"Sendika y\u00f6neticileri, memurlar\u0131n y\u0131l\u0131n ilk \u00fc\u00e7 ay\u0131nda ald\u0131\u011f\u0131 zamm\u0131n enflasyon kar\u015f\u0131s\u0131nda b\u00fcy\u00fck \u00f6l\u00e7\u00fcde eridi\u011fini a\u00e7\u0131klad\u0131. K\u00fcm\u00fclatif enflasyon y\u00fczde 10,03\u2019e ula\u015f\u0131rken, Temmuz ay\u0131nda enflasyon fark\u0131 olu\u015fmas\u0131 bekleniyor.","robots":{"index":"index","follow":"follow","max-snippet":"max-snippet:-1","max-image-preview":"max-image-preview:large","max-video-preview":"max-video-preview:-1"},"canonical":"https:\/\/memurunsesi.net\/index.php\/2026\/04\/03\/memurun-zammi-ilk-3-ayda-eridi-sendikadan-enflasyon-tepkisi\/","og_locale":"tr_TR","og_type":"article","og_title":"\u201cMemurun Zamm\u0131 \u0130lk 3 Ayda Eridi\u201d \u2013 Sendikadan Enflasyon Tepkisi - Memurun Sesi","og_description":"Sendika y\u00f6neticileri, memurlar\u0131n y\u0131l\u0131n ilk \u00fc\u00e7 ay\u0131nda ald\u0131\u011f\u0131 zamm\u0131n enflasyon kar\u015f\u0131s\u0131nda b\u00fcy\u00fck \u00f6l\u00e7\u00fcde eridi\u011fini a\u00e7\u0131klad\u0131. K\u00fcm\u00fclatif enflasyon y\u00fczde 10,03\u2019e ula\u015f\u0131rken, Temmuz ay\u0131nda enflasyon fark\u0131 olu\u015fmas\u0131 bekleniyor.","og_url":"https:\/\/memurunsesi.net\/index.php\/2026\/04\/03\/memurun-zammi-ilk-3-ayda-eridi-sendikadan-enflasyon-tepkisi\/","og_site_name":"Memurun Sesi","article_publisher":"https:\/\/www.facebook.com\/unipersen\/?locale=tr_TR","article_published_time":"2026-04-03T18:35:38+00:00","og_image":[{"width":1080,"height":1350,"url":"https:\/\/memurunsesi.net\/wp-content\/uploads\/2026\/04\/TUIK.jpeg","type":"image\/jpeg"}],"author":"Memurun Sesi Haber Merkezi","twitter_card":"summary_large_image","twitter_creator":"@unipersen","twitter_site":"@unipersen","twitter_misc":{"Yazan:":"Memurun Sesi Haber Merkezi","Tahmini okuma s\u00fcresi":"2 dakika"},"schema":{"@context":"https:\/\/schema.org","@graph":[{"@type":"Article","@id":"https:\/\/memurunsesi.net\/index.php\/2026\/04\/03\/memurun-zammi-ilk-3-ayda-eridi-sendikadan-enflasyon-tepkisi\/#article","isPartOf":{"@id":"https:\/\/memurunsesi.net\/index.php\/2026\/04\/03\/memurun-zammi-ilk-3-ayda-eridi-sendikadan-enflasyon-tepkisi\/"},"author":{"name":"Memurun Sesi Haber Merkezi","@id":"https:\/\/memurunsesi.net\/#\/schema\/person\/f21c2d73b89f6ee1d80b0a1803e38587"},"headline":"\u201cMemurun Zamm\u0131 \u0130lk 3 Ayda Eridi\u201d \u2013 Sendikadan Enflasyon Tepkisi","datePublished":"2026-04-03T18:35:38+00:00","mainEntityOfPage":{"@id":"https:\/\/memurunsesi.net\/index.php\/2026\/04\/03\/memurun-zammi-ilk-3-ayda-eridi-sendikadan-enflasyon-tepkisi\/"},"wordCount":449,"commentCount":0,"publisher":{"@id":"https:\/\/memurunsesi.net\/#organization"},"image":{"@id":"https:\/\/memurunsesi.net\/index.php\/2026\/04\/03\/memurun-zammi-ilk-3-ayda-eridi-sendikadan-enflasyon-tepkisi\/#primaryimage"},"thumbnailUrl":"https:\/\/memurunsesi.net\/wp-content\/uploads\/2026\/04\/TUIK.jpeg","keywords":["2026 memur zamm\u0131","ekonomik durum memur","enflasyon fark\u0131","kamu \u00e7al\u0131\u015fan\u0131 maa\u015f\u0131","kamu personeli zamm\u0131","k\u00fcm\u00fclatif enflasyon","maa\u015f erimesi","memur al\u0131m g\u00fcc\u00fc","memur maa\u015f haberi","memur maa\u015f\u0131 enflasyon","memur zamm\u0131 eridi","sabit gelirli \u00e7al\u0131\u015fanlar","sendika a\u00e7\u0131klamas\u0131","Temmuz enflasyon fark\u0131","toplu s\u00f6zle\u015fme zamm\u0131"],"inLanguage":"tr","potentialAction":[{"@type":"CommentAction","name":"Comment","target":["https:\/\/memurunsesi.net\/index.php\/2026\/04\/03\/memurun-zammi-ilk-3-ayda-eridi-sendikadan-enflasyon-tepkisi\/#respond"]}]},{"@type":"WebPage","@id":"https:\/\/memurunsesi.net\/index.php\/2026\/04\/03\/memurun-zammi-ilk-3-ayda-eridi-sendikadan-enflasyon-tepkisi\/","url":"https:\/\/memurunsesi.net\/index.php\/2026\/04\/03\/memurun-zammi-ilk-3-ayda-eridi-sendikadan-enflasyon-tepkisi\/","name":"\u201cMemurun Zamm\u0131 \u0130lk 3 Ayda Eridi\u201d \u2013 Sendikadan Enflasyon Tepkisi - Memurun Sesi","isPartOf":{"@id":"https:\/\/memurunsesi.net\/#website"},"primaryImageOfPage":{"@id":"https:\/\/memurunsesi.net\/index.php\/2026\/04\/03\/memurun-zammi-ilk-3-ayda-eridi-sendikadan-enflasyon-tepkisi\/#primaryimage"},"image":{"@id":"https:\/\/memurunsesi.net\/index.php\/2026\/04\/03\/memurun-zammi-ilk-3-ayda-eridi-sendikadan-enflasyon-tepkisi\/#primaryimage"},"thumbnailUrl":"https:\/\/memurunsesi.net\/wp-content\/uploads\/2026\/04\/TUIK.jpeg","datePublished":"2026-04-03T18:35:38+00:00","description":"Sendika y\u00f6neticileri, memurlar\u0131n y\u0131l\u0131n ilk \u00fc\u00e7 ay\u0131nda ald\u0131\u011f\u0131 zamm\u0131n enflasyon kar\u015f\u0131s\u0131nda b\u00fcy\u00fck \u00f6l\u00e7\u00fcde eridi\u011fini a\u00e7\u0131klad\u0131. K\u00fcm\u00fclatif enflasyon y\u00fczde 10,03\u2019e ula\u015f\u0131rken, Temmuz ay\u0131nda enflasyon fark\u0131 olu\u015fmas\u0131 bekleniyor.","breadcrumb":{"@id":"https:\/\/memurunsesi.net\/index.php\/2026\/04\/03\/memurun-zammi-ilk-3-ayda-eridi-sendikadan-enflasyon-tepkisi\/#breadcrumb"},"inLanguage":"tr","potentialAction":[{"@type":"ReadAction","target":["https:\/\/memurunsesi.net\/index.php\/2026\/04\/03\/memurun-zammi-ilk-3-ayda-eridi-sendikadan-enflasyon-tepkisi\/"]}]},{"@type":"ImageObject","inLanguage":"tr","@id":"https:\/\/memurunsesi.net\/index.php\/2026\/04\/03\/memurun-zammi-ilk-3-ayda-eridi-sendikadan-enflasyon-tepkisi\/#primaryimage","url":"https:\/\/memurunsesi.net\/wp-content\/uploads\/2026\/04\/TUIK.jpeg","contentUrl":"https:\/\/memurunsesi.net\/wp-content\/uploads\/2026\/04\/TUIK.jpeg","width":1080,"height":1350},{"@type":"BreadcrumbList","@id":"https:\/\/memurunsesi.net\/index.php\/2026\/04\/03\/memurun-zammi-ilk-3-ayda-eridi-sendikadan-enflasyon-tepkisi\/#breadcrumb","itemListElement":[{"@type":"ListItem","position":1,"name":"Anasayfa","item":"https:\/\/memurunsesi.net\/"},{"@type":"ListItem","position":2,"name":"\u201cMemurun Zamm\u0131 \u0130lk 3 Ayda Eridi\u201d \u2013 Sendikadan Enflasyon Tepkisi"}]},{"@type":"WebSite","@id":"https:\/\/memurunsesi.net\/#website","url":"https:\/\/memurunsesi.net\/","name":"Memurun Sesi","description":"G\u00fcncel ve Do\u011fru Haber","publisher":{"@id":"https:\/\/memurunsesi.net\/#organization"},"potentialAction":[{"@type":"SearchAction","target":{"@type":"EntryPoint","urlTemplate":"https:\/\/memurunsesi.net\/?s={search_term_string}"},"query-input":{"@type":"PropertyValueSpecification","valueRequired":true,"valueName":"search_term_string"}}],"inLanguage":"tr"},{"@type":"Organization","@id":"https:\/\/memurunsesi.net\/#organization","name":"Memurun Sesi","url":"https:\/\/memurunsesi.net\/","logo":{"@type":"ImageObject","inLanguage":"tr","@id":"https:\/\/memurunsesi.net\/#\/schema\/logo\/image\/","url":"https:\/\/memurunsesi.net\/wp-content\/uploads\/2025\/11\/cropped-MEMURUN-SESI.png","contentUrl":"https:\/\/memurunsesi.net\/wp-content\/uploads\/2025\/11\/cropped-MEMURUN-SESI.png","width":238,"height":57,"caption":"Memurun Sesi"},"image":{"@id":"https:\/\/memurunsesi.net\/#\/schema\/logo\/image\/"},"sameAs":["https:\/\/www.facebook.com\/unipersen\/?locale=tr_TR","https:\/\/x.com\/unipersen"]},{"@type":"Person","@id":"https:\/\/memurunsesi.net\/#\/schema\/person\/f21c2d73b89f6ee1d80b0a1803e38587","name":"Memurun Sesi Haber Merkezi","image":{"@type":"ImageObject","inLanguage":"tr","@id":"https:\/\/secure.gravatar.com\/avatar\/6cf0505f452ee753f485014986fab09a434671d2b919ee76fc541025c5876a70?s=96&d=mm&r=g","url":"https:\/\/secure.gravatar.com\/avatar\/6cf0505f452ee753f485014986fab09a434671d2b919ee76fc541025c5876a70?s=96&d=mm&r=g","contentUrl":"https:\/\/secure.gravatar.com\/avatar\/6cf0505f452ee753f485014986fab09a434671d2b919ee76fc541025c5876a70?s=96&d=mm&r=g","caption":"Memurun Sesi Haber Merkezi"},"sameAs":["https:\/\/memurunsesi.net"],"url":"https:\/\/memurunsesi.net\/index.php\/author\/uniper\/"}]}},"_links":{"self":[{"href":"https:\/\/memurunsesi.net\/index.php\/wp-json\/wp\/v2\/posts\/18860","targetHints":{"allow":["GET"]}}],"collection":[{"href":"https:\/\/memurunsesi.net\/index.php\/wp-json\/wp\/v2\/posts"}],"about":[{"href":"https:\/\/memurunsesi.net\/index.php\/wp-json\/wp\/v2\/types\/post"}],"author":[{"embeddable":true,"href":"https:\/\/memurunsesi.net\/index.php\/wp-json\/wp\/v2\/users\/1"}],"replies":[{"embeddable":true,"href":"https:\/\/memurunsesi.net\/index.php\/wp-json\/wp\/v2\/comments?post=18860"}],"version-history":[{"count":1,"href":"https:\/\/memurunsesi.net\/index.php\/wp-json\/wp\/v2\/posts\/18860\/revisions"}],"predecessor-version":[{"id":18862,"href":"https:\/\/memurunsesi.net\/index.php\/wp-json\/wp\/v2\/posts\/18860\/revisions\/18862"}],"wp:featuredmedia":[{"embeddable":true,"href":"https:\/\/memurunsesi.net\/index.php\/wp-json\/wp\/v2\/media\/18861"}],"wp:attachment":[{"href":"https:\/\/memurunsesi.net\/index.php\/wp-json\/wp\/v2\/media?parent=18860"}],"wp:term":[{"taxonomy":"category","embeddable":true,"href":"https:\/\/memurunsesi.net\/index.php\/wp-json\/wp\/v2\/categories?post=18860"},{"taxonomy":"post_tag","embeddable":true,"href":"https:\/\/memurunsesi.net\/index.php\/wp-json\/wp\/v2\/tags?post=18860"}],"curies":[{"name":"wp","href":"https:\/\/api.w.org\/{rel}","templated":true}]}}