{"id":18863,"date":"2026-04-03T21:46:34","date_gmt":"2026-04-03T18:46:34","guid":{"rendered":"https:\/\/memurunsesi.net\/?p=18863"},"modified":"2026-04-03T21:46:34","modified_gmt":"2026-04-03T18:46:34","slug":"emekli-maaslarinda-guncelleme-nisan-ayinda-maaslar-artacak","status":"publish","type":"post","link":"https:\/\/memurunsesi.net\/index.php\/2026\/04\/03\/emekli-maaslarinda-guncelleme-nisan-ayinda-maaslar-artacak\/","title":{"rendered":"Emekli Maa\u015flar\u0131nda G\u00fcncelleme: Nisan Ay\u0131nda Maa\u015flar Artacak"},"content":{"rendered":"<p data-start=\"67\" data-end=\"336\">\u00a0 \u00a0 T\u00fcrkiye\u2019de milyonlarca emekliyi ilgilendiren yeni bir maa\u015f d\u00fczenlemesi g\u00fcndeme geldi. Sosyal G\u00fcvenlik Kurumu (SGK) taraf\u0131ndan yap\u0131lan g\u00fcncelleme ile baz\u0131 emeklilerin maa\u015flar\u0131nda art\u0131\u015f sa\u011flanacak. D\u00fczenleme \u00f6zellikle 1 Ocak 2025 ve sonras\u0131nda emekli olanlar\u0131 kaps\u0131yor.<\/p>\n<h3 data-section-id=\"ml7rx4\" data-start=\"343\" data-end=\"384\">\u00a0Yeni Hesaplama Kimleri Kaps\u0131yor?<\/h3>\n<p data-start=\"385\" data-end=\"682\">SGK, emeklilik maa\u015flar\u0131n\u0131n hesaplanmas\u0131nda kullan\u0131lan b\u00fcy\u00fcme oranlar\u0131n\u0131 g\u00fcncelledi. Buna g\u00f6re, 1 Ocak 2025 tarihinden sonra emekli olan vatanda\u015flar\u0131n maa\u015f ba\u011flama oranlar\u0131 yeniden hesaplanacak. Bu tarihten \u00f6nce emekli olanlar mevcut maa\u015flar\u0131n\u0131 almaya devam edecek ve d\u00fczenlemeden etkilenmeyecek.<\/p>\n<h3 data-section-id=\"pm1dfq\" data-start=\"689\" data-end=\"735\">\u00a0Maa\u015flara Yakla\u015f\u0131k 1,08% Art\u0131\u015f Geliyor<\/h3>\n<p data-start=\"736\" data-end=\"916\">Teknik d\u00fczenleme kapsam\u0131nda maa\u015flarda s\u0131n\u0131rl\u0131 bir art\u0131\u015f bekleniyor. \u00d6rne\u011fin, \u015eubat 2026\u2019da 25 bin TL maa\u015f ba\u011flanan bir emeklinin ayl\u0131\u011f\u0131, Nisan itibar\u0131yla yakla\u015f\u0131k 270 TL artacak.<\/p>\n<p data-start=\"918\" data-end=\"1085\">D\u00fc\u015f\u00fck maa\u015f alan emeklilerde ise art\u0131\u015f, k\u00f6k maa\u015f \u00fczerinden hesaplanacak. K\u00f6k maa\u015f\u0131 taban ayl\u0131\u011f\u0131n alt\u0131nda olan emekliler i\u00e7in bu art\u0131\u015f fiilen \u00f6demelere yans\u0131mayabilir.<\/p>\n<h3 data-section-id=\"7xeyd5\" data-start=\"1092\" data-end=\"1136\">\u00a0Fark \u00d6demeleri Otomatik Yat\u0131r\u0131lacak<\/h3>\n<p data-start=\"1137\" data-end=\"1315\">SGK, yeniden hesaplanan maa\u015f farklar\u0131n\u0131 emeklilerin hesaplar\u0131na Nisan ay\u0131 maa\u015f \u00f6deme takvimiyle birlikte yat\u0131racak. Emeklilerin herhangi bir ba\u015fvuru yapmas\u0131na gerek bulunmuyor.<\/p>\n<h3 data-section-id=\"164c8sl\" data-start=\"1322\" data-end=\"1358\">\u00a0Kontrol e-Devlet \u00dczerinden<\/h3>\n<p data-start=\"1359\" data-end=\"1593\">Maa\u015flar\u0131nda de\u011fi\u015fiklik olup olmad\u0131\u011f\u0131n\u0131 \u00f6\u011frenmek isteyen emekliler, e-Devlet \u00fczerinden SGK d\u00f6k\u00fcmlerini kontrol edebilir. Yeni d\u00fczenleme, emeklilik sisteminde kullan\u0131lan g\u00fcncelleme katsay\u0131s\u0131n\u0131n \u00f6nemini bir kez daha ortaya koymu\u015f oldu.<\/p>\n<p data-start=\"1359\" data-end=\"1593\">03.04.2026<\/p>\n","protected":false},"excerpt":{"rendered":"<p>\u00a0 \u00a0 T\u00fcrkiye\u2019de milyonlarca emekliyi ilgilendiren yeni bir maa\u015f d\u00fczenlemesi g\u00fcndeme geldi. Sosyal G\u00fcvenlik Kurumu (SGK) taraf\u0131ndan yap\u0131lan g\u00fcncelleme ile baz\u0131 emeklilerin maa\u015flar\u0131nda art\u0131\u015f sa\u011flanacak. D\u00fczenleme \u00f6zellikle 1 Ocak 2025 ve sonras\u0131nda emekli olanlar\u0131 kaps\u0131yor. \u00a0Yeni Hesaplama Kimleri Kaps\u0131yor? SGK, emeklilik maa\u015flar\u0131n\u0131n hesaplanmas\u0131nda kullan\u0131lan b\u00fcy\u00fcme oranlar\u0131n\u0131 g\u00fcncelledi. Buna g\u00f6re, 1 Ocak 2025 tarihinden sonra emekli [&hellip;]<\/p>\n","protected":false},"author":1,"featured_media":17927,"comment_status":"open","ping_status":"open","sticky":false,"template":"","format":"standard","meta":{"footnotes":""},"categories":[1],"tags":[2659,2654,2662,2655,2664,2657,2652,2665,2660,2661,2658,2653,2666,2663,2656],"class_list":["post-18863","post","type-post","status-publish","format-standard","has-post-thumbnail","hentry","category-genel","tag-2025-sonrasi-emekli","tag-2026-emekli-maasi","tag-e-devlet-sgk-kontrol","tag-emekli-fark-odemesi","tag-emekli-maas-farki","tag-emekli-maas-haberi","tag-emekli-maasi-artisi","tag-emekli-maasi-guncellemesi","tag-emeklilik-maasi-artisi","tag-kok-maas-artisi","tag-nisan-maas-zammi","tag-sgk-maas-guncellemesi","tag-sgk-maas-haberi","tag-turkiye-emekli-maas-duzenlemesi","tag-yeni-emekli-maasi-hesaplama"],"yoast_head":"<!-- This site is optimized with the Yoast SEO plugin v27.5 - https:\/\/yoast.com\/product\/yoast-seo-wordpress\/ -->\n<title>Emekli Maa\u015flar\u0131nda G\u00fcncelleme: Nisan Ay\u0131nda Maa\u015flar Artacak - Memurun Sesi<\/title>\n<meta name=\"description\" content=\"SGK, 1 Ocak 2025 ve sonras\u0131 emeklilerin maa\u015flar\u0131n\u0131 yeniden hesaplad\u0131. Nisan ay\u0131 itibar\u0131yla maa\u015flarda yakla\u015f\u0131k y\u00fczde 1,08 art\u0131\u015f olacak ve fark \u00f6demeleri otomatik olarak hesaplara yat\u0131r\u0131lacak.\" \/>\n<meta name=\"robots\" content=\"index, follow, max-snippet:-1, max-image-preview:large, max-video-preview:-1\" \/>\n<link rel=\"canonical\" href=\"https:\/\/memurunsesi.net\/index.php\/2026\/04\/03\/emekli-maaslarinda-guncelleme-nisan-ayinda-maaslar-artacak\/\" \/>\n<meta property=\"og:locale\" content=\"tr_TR\" \/>\n<meta property=\"og:type\" content=\"article\" \/>\n<meta property=\"og:title\" content=\"Emekli Maa\u015flar\u0131nda G\u00fcncelleme: Nisan Ay\u0131nda Maa\u015flar Artacak - Memurun Sesi\" \/>\n<meta property=\"og:description\" content=\"SGK, 1 Ocak 2025 ve sonras\u0131 emeklilerin maa\u015flar\u0131n\u0131 yeniden hesaplad\u0131. Nisan ay\u0131 itibar\u0131yla maa\u015flarda yakla\u015f\u0131k y\u00fczde 1,08 art\u0131\u015f olacak ve fark \u00f6demeleri otomatik olarak hesaplara yat\u0131r\u0131lacak.\" \/>\n<meta property=\"og:url\" content=\"https:\/\/memurunsesi.net\/index.php\/2026\/04\/03\/emekli-maaslarinda-guncelleme-nisan-ayinda-maaslar-artacak\/\" \/>\n<meta property=\"og:site_name\" content=\"Memurun Sesi\" \/>\n<meta property=\"article:publisher\" content=\"https:\/\/www.facebook.com\/unipersen\/?locale=tr_TR\" \/>\n<meta property=\"article:published_time\" content=\"2026-04-03T18:46:34+00:00\" \/>\n<meta property=\"og:image\" content=\"https:\/\/memurunsesi.net\/wp-content\/uploads\/2026\/03\/emekli-bayram-ikramiyesi.jpg\" \/>\n\t<meta property=\"og:image:width\" content=\"290\" \/>\n\t<meta property=\"og:image:height\" content=\"174\" \/>\n\t<meta property=\"og:image:type\" content=\"image\/jpeg\" \/>\n<meta name=\"author\" content=\"Memurun Sesi Haber Merkezi\" \/>\n<meta name=\"twitter:card\" content=\"summary_large_image\" \/>\n<meta name=\"twitter:creator\" content=\"@unipersen\" \/>\n<meta name=\"twitter:site\" content=\"@unipersen\" \/>\n<meta name=\"twitter:label1\" content=\"Yazan:\" \/>\n\t<meta name=\"twitter:data1\" content=\"Memurun Sesi Haber Merkezi\" \/>\n\t<meta name=\"twitter:label2\" content=\"Tahmini okuma s\u00fcresi\" \/>\n\t<meta name=\"twitter:data2\" content=\"2 dakika\" \/>\n<script type=\"application\/ld+json\" class=\"yoast-schema-graph\">{\"@context\":\"https:\\\/\\\/schema.org\",\"@graph\":[{\"@type\":\"Article\",\"@id\":\"https:\\\/\\\/memurunsesi.net\\\/index.php\\\/2026\\\/04\\\/03\\\/emekli-maaslarinda-guncelleme-nisan-ayinda-maaslar-artacak\\\/#article\",\"isPartOf\":{\"@id\":\"https:\\\/\\\/memurunsesi.net\\\/index.php\\\/2026\\\/04\\\/03\\\/emekli-maaslarinda-guncelleme-nisan-ayinda-maaslar-artacak\\\/\"},\"author\":{\"name\":\"Memurun Sesi Haber Merkezi\",\"@id\":\"https:\\\/\\\/memurunsesi.net\\\/#\\\/schema\\\/person\\\/f21c2d73b89f6ee1d80b0a1803e38587\"},\"headline\":\"Emekli Maa\u015flar\u0131nda G\u00fcncelleme: Nisan Ay\u0131nda Maa\u015flar Artacak\",\"datePublished\":\"2026-04-03T18:46:34+00:00\",\"mainEntityOfPage\":{\"@id\":\"https:\\\/\\\/memurunsesi.net\\\/index.php\\\/2026\\\/04\\\/03\\\/emekli-maaslarinda-guncelleme-nisan-ayinda-maaslar-artacak\\\/\"},\"wordCount\":255,\"commentCount\":0,\"publisher\":{\"@id\":\"https:\\\/\\\/memurunsesi.net\\\/#organization\"},\"image\":{\"@id\":\"https:\\\/\\\/memurunsesi.net\\\/index.php\\\/2026\\\/04\\\/03\\\/emekli-maaslarinda-guncelleme-nisan-ayinda-maaslar-artacak\\\/#primaryimage\"},\"thumbnailUrl\":\"https:\\\/\\\/memurunsesi.net\\\/wp-content\\\/uploads\\\/2026\\\/03\\\/emekli-bayram-ikramiyesi.jpg\",\"keywords\":[\"2025 sonras\u0131 emekli\",\"2026 emekli maa\u015f\u0131\",\"e-Devlet SGK kontrol\",\"emekli fark \u00f6demesi\",\"emekli maa\u015f fark\u0131\",\"emekli maa\u015f haberi\",\"emekli maa\u015f\u0131 art\u0131\u015f\u0131\",\"emekli maa\u015f\u0131 g\u00fcncellemesi\",\"emeklilik maa\u015f\u0131 art\u0131\u015f\u0131\",\"k\u00f6k maa\u015f art\u0131\u015f\u0131\",\"Nisan maa\u015f zamm\u0131\",\"SGK maa\u015f g\u00fcncellemesi\",\"SGK maa\u015f haberi\",\"T\u00fcrkiye emekli maa\u015f d\u00fczenlemesi\",\"yeni emekli maa\u015f\u0131 hesaplama\"],\"inLanguage\":\"tr\",\"potentialAction\":[{\"@type\":\"CommentAction\",\"name\":\"Comment\",\"target\":[\"https:\\\/\\\/memurunsesi.net\\\/index.php\\\/2026\\\/04\\\/03\\\/emekli-maaslarinda-guncelleme-nisan-ayinda-maaslar-artacak\\\/#respond\"]}]},{\"@type\":\"WebPage\",\"@id\":\"https:\\\/\\\/memurunsesi.net\\\/index.php\\\/2026\\\/04\\\/03\\\/emekli-maaslarinda-guncelleme-nisan-ayinda-maaslar-artacak\\\/\",\"url\":\"https:\\\/\\\/memurunsesi.net\\\/index.php\\\/2026\\\/04\\\/03\\\/emekli-maaslarinda-guncelleme-nisan-ayinda-maaslar-artacak\\\/\",\"name\":\"Emekli Maa\u015flar\u0131nda G\u00fcncelleme: Nisan Ay\u0131nda Maa\u015flar Artacak - Memurun Sesi\",\"isPartOf\":{\"@id\":\"https:\\\/\\\/memurunsesi.net\\\/#website\"},\"primaryImageOfPage\":{\"@id\":\"https:\\\/\\\/memurunsesi.net\\\/index.php\\\/2026\\\/04\\\/03\\\/emekli-maaslarinda-guncelleme-nisan-ayinda-maaslar-artacak\\\/#primaryimage\"},\"image\":{\"@id\":\"https:\\\/\\\/memurunsesi.net\\\/index.php\\\/2026\\\/04\\\/03\\\/emekli-maaslarinda-guncelleme-nisan-ayinda-maaslar-artacak\\\/#primaryimage\"},\"thumbnailUrl\":\"https:\\\/\\\/memurunsesi.net\\\/wp-content\\\/uploads\\\/2026\\\/03\\\/emekli-bayram-ikramiyesi.jpg\",\"datePublished\":\"2026-04-03T18:46:34+00:00\",\"description\":\"SGK, 1 Ocak 2025 ve sonras\u0131 emeklilerin maa\u015flar\u0131n\u0131 yeniden hesaplad\u0131. Nisan ay\u0131 itibar\u0131yla maa\u015flarda yakla\u015f\u0131k y\u00fczde 1,08 art\u0131\u015f olacak ve fark \u00f6demeleri otomatik olarak hesaplara yat\u0131r\u0131lacak.\",\"breadcrumb\":{\"@id\":\"https:\\\/\\\/memurunsesi.net\\\/index.php\\\/2026\\\/04\\\/03\\\/emekli-maaslarinda-guncelleme-nisan-ayinda-maaslar-artacak\\\/#breadcrumb\"},\"inLanguage\":\"tr\",\"potentialAction\":[{\"@type\":\"ReadAction\",\"target\":[\"https:\\\/\\\/memurunsesi.net\\\/index.php\\\/2026\\\/04\\\/03\\\/emekli-maaslarinda-guncelleme-nisan-ayinda-maaslar-artacak\\\/\"]}]},{\"@type\":\"ImageObject\",\"inLanguage\":\"tr\",\"@id\":\"https:\\\/\\\/memurunsesi.net\\\/index.php\\\/2026\\\/04\\\/03\\\/emekli-maaslarinda-guncelleme-nisan-ayinda-maaslar-artacak\\\/#primaryimage\",\"url\":\"https:\\\/\\\/memurunsesi.net\\\/wp-content\\\/uploads\\\/2026\\\/03\\\/emekli-bayram-ikramiyesi.jpg\",\"contentUrl\":\"https:\\\/\\\/memurunsesi.net\\\/wp-content\\\/uploads\\\/2026\\\/03\\\/emekli-bayram-ikramiyesi.jpg\",\"width\":290,\"height\":174},{\"@type\":\"BreadcrumbList\",\"@id\":\"https:\\\/\\\/memurunsesi.net\\\/index.php\\\/2026\\\/04\\\/03\\\/emekli-maaslarinda-guncelleme-nisan-ayinda-maaslar-artacak\\\/#breadcrumb\",\"itemListElement\":[{\"@type\":\"ListItem\",\"position\":1,\"name\":\"Anasayfa\",\"item\":\"https:\\\/\\\/memurunsesi.net\\\/\"},{\"@type\":\"ListItem\",\"position\":2,\"name\":\"Emekli Maa\u015flar\u0131nda G\u00fcncelleme: Nisan Ay\u0131nda Maa\u015flar Artacak\"}]},{\"@type\":\"WebSite\",\"@id\":\"https:\\\/\\\/memurunsesi.net\\\/#website\",\"url\":\"https:\\\/\\\/memurunsesi.net\\\/\",\"name\":\"Memurun Sesi\",\"description\":\"G\u00fcncel ve Do\u011fru Haber\",\"publisher\":{\"@id\":\"https:\\\/\\\/memurunsesi.net\\\/#organization\"},\"potentialAction\":[{\"@type\":\"SearchAction\",\"target\":{\"@type\":\"EntryPoint\",\"urlTemplate\":\"https:\\\/\\\/memurunsesi.net\\\/?s={search_term_string}\"},\"query-input\":{\"@type\":\"PropertyValueSpecification\",\"valueRequired\":true,\"valueName\":\"search_term_string\"}}],\"inLanguage\":\"tr\"},{\"@type\":\"Organization\",\"@id\":\"https:\\\/\\\/memurunsesi.net\\\/#organization\",\"name\":\"Memurun Sesi\",\"url\":\"https:\\\/\\\/memurunsesi.net\\\/\",\"logo\":{\"@type\":\"ImageObject\",\"inLanguage\":\"tr\",\"@id\":\"https:\\\/\\\/memurunsesi.net\\\/#\\\/schema\\\/logo\\\/image\\\/\",\"url\":\"https:\\\/\\\/memurunsesi.net\\\/wp-content\\\/uploads\\\/2025\\\/11\\\/cropped-MEMURUN-SESI.png\",\"contentUrl\":\"https:\\\/\\\/memurunsesi.net\\\/wp-content\\\/uploads\\\/2025\\\/11\\\/cropped-MEMURUN-SESI.png\",\"width\":238,\"height\":57,\"caption\":\"Memurun Sesi\"},\"image\":{\"@id\":\"https:\\\/\\\/memurunsesi.net\\\/#\\\/schema\\\/logo\\\/image\\\/\"},\"sameAs\":[\"https:\\\/\\\/www.facebook.com\\\/unipersen\\\/?locale=tr_TR\",\"https:\\\/\\\/x.com\\\/unipersen\"]},{\"@type\":\"Person\",\"@id\":\"https:\\\/\\\/memurunsesi.net\\\/#\\\/schema\\\/person\\\/f21c2d73b89f6ee1d80b0a1803e38587\",\"name\":\"Memurun Sesi Haber Merkezi\",\"image\":{\"@type\":\"ImageObject\",\"inLanguage\":\"tr\",\"@id\":\"https:\\\/\\\/secure.gravatar.com\\\/avatar\\\/6cf0505f452ee753f485014986fab09a434671d2b919ee76fc541025c5876a70?s=96&d=mm&r=g\",\"url\":\"https:\\\/\\\/secure.gravatar.com\\\/avatar\\\/6cf0505f452ee753f485014986fab09a434671d2b919ee76fc541025c5876a70?s=96&d=mm&r=g\",\"contentUrl\":\"https:\\\/\\\/secure.gravatar.com\\\/avatar\\\/6cf0505f452ee753f485014986fab09a434671d2b919ee76fc541025c5876a70?s=96&d=mm&r=g\",\"caption\":\"Memurun Sesi Haber Merkezi\"},\"sameAs\":[\"https:\\\/\\\/memurunsesi.net\"],\"url\":\"https:\\\/\\\/memurunsesi.net\\\/index.php\\\/author\\\/uniper\\\/\"}]}<\/script>\n<!-- \/ Yoast SEO plugin. -->","yoast_head_json":{"title":"Emekli Maa\u015flar\u0131nda G\u00fcncelleme: Nisan Ay\u0131nda Maa\u015flar Artacak - Memurun Sesi","description":"SGK, 1 Ocak 2025 ve sonras\u0131 emeklilerin maa\u015flar\u0131n\u0131 yeniden hesaplad\u0131. Nisan ay\u0131 itibar\u0131yla maa\u015flarda yakla\u015f\u0131k y\u00fczde 1,08 art\u0131\u015f olacak ve fark \u00f6demeleri otomatik olarak hesaplara yat\u0131r\u0131lacak.","robots":{"index":"index","follow":"follow","max-snippet":"max-snippet:-1","max-image-preview":"max-image-preview:large","max-video-preview":"max-video-preview:-1"},"canonical":"https:\/\/memurunsesi.net\/index.php\/2026\/04\/03\/emekli-maaslarinda-guncelleme-nisan-ayinda-maaslar-artacak\/","og_locale":"tr_TR","og_type":"article","og_title":"Emekli Maa\u015flar\u0131nda G\u00fcncelleme: Nisan Ay\u0131nda Maa\u015flar Artacak - Memurun Sesi","og_description":"SGK, 1 Ocak 2025 ve sonras\u0131 emeklilerin maa\u015flar\u0131n\u0131 yeniden hesaplad\u0131. Nisan ay\u0131 itibar\u0131yla maa\u015flarda yakla\u015f\u0131k y\u00fczde 1,08 art\u0131\u015f olacak ve fark \u00f6demeleri otomatik olarak hesaplara yat\u0131r\u0131lacak.","og_url":"https:\/\/memurunsesi.net\/index.php\/2026\/04\/03\/emekli-maaslarinda-guncelleme-nisan-ayinda-maaslar-artacak\/","og_site_name":"Memurun Sesi","article_publisher":"https:\/\/www.facebook.com\/unipersen\/?locale=tr_TR","article_published_time":"2026-04-03T18:46:34+00:00","og_image":[{"width":290,"height":174,"url":"https:\/\/memurunsesi.net\/wp-content\/uploads\/2026\/03\/emekli-bayram-ikramiyesi.jpg","type":"image\/jpeg"}],"author":"Memurun Sesi Haber Merkezi","twitter_card":"summary_large_image","twitter_creator":"@unipersen","twitter_site":"@unipersen","twitter_misc":{"Yazan:":"Memurun Sesi Haber Merkezi","Tahmini okuma s\u00fcresi":"2 dakika"},"schema":{"@context":"https:\/\/schema.org","@graph":[{"@type":"Article","@id":"https:\/\/memurunsesi.net\/index.php\/2026\/04\/03\/emekli-maaslarinda-guncelleme-nisan-ayinda-maaslar-artacak\/#article","isPartOf":{"@id":"https:\/\/memurunsesi.net\/index.php\/2026\/04\/03\/emekli-maaslarinda-guncelleme-nisan-ayinda-maaslar-artacak\/"},"author":{"name":"Memurun Sesi Haber Merkezi","@id":"https:\/\/memurunsesi.net\/#\/schema\/person\/f21c2d73b89f6ee1d80b0a1803e38587"},"headline":"Emekli Maa\u015flar\u0131nda G\u00fcncelleme: Nisan Ay\u0131nda Maa\u015flar Artacak","datePublished":"2026-04-03T18:46:34+00:00","mainEntityOfPage":{"@id":"https:\/\/memurunsesi.net\/index.php\/2026\/04\/03\/emekli-maaslarinda-guncelleme-nisan-ayinda-maaslar-artacak\/"},"wordCount":255,"commentCount":0,"publisher":{"@id":"https:\/\/memurunsesi.net\/#organization"},"image":{"@id":"https:\/\/memurunsesi.net\/index.php\/2026\/04\/03\/emekli-maaslarinda-guncelleme-nisan-ayinda-maaslar-artacak\/#primaryimage"},"thumbnailUrl":"https:\/\/memurunsesi.net\/wp-content\/uploads\/2026\/03\/emekli-bayram-ikramiyesi.jpg","keywords":["2025 sonras\u0131 emekli","2026 emekli maa\u015f\u0131","e-Devlet SGK kontrol","emekli fark \u00f6demesi","emekli maa\u015f fark\u0131","emekli maa\u015f haberi","emekli maa\u015f\u0131 art\u0131\u015f\u0131","emekli maa\u015f\u0131 g\u00fcncellemesi","emeklilik maa\u015f\u0131 art\u0131\u015f\u0131","k\u00f6k maa\u015f art\u0131\u015f\u0131","Nisan maa\u015f zamm\u0131","SGK maa\u015f g\u00fcncellemesi","SGK maa\u015f haberi","T\u00fcrkiye emekli maa\u015f d\u00fczenlemesi","yeni emekli maa\u015f\u0131 hesaplama"],"inLanguage":"tr","potentialAction":[{"@type":"CommentAction","name":"Comment","target":["https:\/\/memurunsesi.net\/index.php\/2026\/04\/03\/emekli-maaslarinda-guncelleme-nisan-ayinda-maaslar-artacak\/#respond"]}]},{"@type":"WebPage","@id":"https:\/\/memurunsesi.net\/index.php\/2026\/04\/03\/emekli-maaslarinda-guncelleme-nisan-ayinda-maaslar-artacak\/","url":"https:\/\/memurunsesi.net\/index.php\/2026\/04\/03\/emekli-maaslarinda-guncelleme-nisan-ayinda-maaslar-artacak\/","name":"Emekli Maa\u015flar\u0131nda G\u00fcncelleme: Nisan Ay\u0131nda Maa\u015flar Artacak - Memurun Sesi","isPartOf":{"@id":"https:\/\/memurunsesi.net\/#website"},"primaryImageOfPage":{"@id":"https:\/\/memurunsesi.net\/index.php\/2026\/04\/03\/emekli-maaslarinda-guncelleme-nisan-ayinda-maaslar-artacak\/#primaryimage"},"image":{"@id":"https:\/\/memurunsesi.net\/index.php\/2026\/04\/03\/emekli-maaslarinda-guncelleme-nisan-ayinda-maaslar-artacak\/#primaryimage"},"thumbnailUrl":"https:\/\/memurunsesi.net\/wp-content\/uploads\/2026\/03\/emekli-bayram-ikramiyesi.jpg","datePublished":"2026-04-03T18:46:34+00:00","description":"SGK, 1 Ocak 2025 ve sonras\u0131 emeklilerin maa\u015flar\u0131n\u0131 yeniden hesaplad\u0131. Nisan ay\u0131 itibar\u0131yla maa\u015flarda yakla\u015f\u0131k y\u00fczde 1,08 art\u0131\u015f olacak ve fark \u00f6demeleri otomatik olarak hesaplara yat\u0131r\u0131lacak.","breadcrumb":{"@id":"https:\/\/memurunsesi.net\/index.php\/2026\/04\/03\/emekli-maaslarinda-guncelleme-nisan-ayinda-maaslar-artacak\/#breadcrumb"},"inLanguage":"tr","potentialAction":[{"@type":"ReadAction","target":["https:\/\/memurunsesi.net\/index.php\/2026\/04\/03\/emekli-maaslarinda-guncelleme-nisan-ayinda-maaslar-artacak\/"]}]},{"@type":"ImageObject","inLanguage":"tr","@id":"https:\/\/memurunsesi.net\/index.php\/2026\/04\/03\/emekli-maaslarinda-guncelleme-nisan-ayinda-maaslar-artacak\/#primaryimage","url":"https:\/\/memurunsesi.net\/wp-content\/uploads\/2026\/03\/emekli-bayram-ikramiyesi.jpg","contentUrl":"https:\/\/memurunsesi.net\/wp-content\/uploads\/2026\/03\/emekli-bayram-ikramiyesi.jpg","width":290,"height":174},{"@type":"BreadcrumbList","@id":"https:\/\/memurunsesi.net\/index.php\/2026\/04\/03\/emekli-maaslarinda-guncelleme-nisan-ayinda-maaslar-artacak\/#breadcrumb","itemListElement":[{"@type":"ListItem","position":1,"name":"Anasayfa","item":"https:\/\/memurunsesi.net\/"},{"@type":"ListItem","position":2,"name":"Emekli Maa\u015flar\u0131nda G\u00fcncelleme: Nisan Ay\u0131nda Maa\u015flar Artacak"}]},{"@type":"WebSite","@id":"https:\/\/memurunsesi.net\/#website","url":"https:\/\/memurunsesi.net\/","name":"Memurun Sesi","description":"G\u00fcncel ve Do\u011fru Haber","publisher":{"@id":"https:\/\/memurunsesi.net\/#organization"},"potentialAction":[{"@type":"SearchAction","target":{"@type":"EntryPoint","urlTemplate":"https:\/\/memurunsesi.net\/?s={search_term_string}"},"query-input":{"@type":"PropertyValueSpecification","valueRequired":true,"valueName":"search_term_string"}}],"inLanguage":"tr"},{"@type":"Organization","@id":"https:\/\/memurunsesi.net\/#organization","name":"Memurun Sesi","url":"https:\/\/memurunsesi.net\/","logo":{"@type":"ImageObject","inLanguage":"tr","@id":"https:\/\/memurunsesi.net\/#\/schema\/logo\/image\/","url":"https:\/\/memurunsesi.net\/wp-content\/uploads\/2025\/11\/cropped-MEMURUN-SESI.png","contentUrl":"https:\/\/memurunsesi.net\/wp-content\/uploads\/2025\/11\/cropped-MEMURUN-SESI.png","width":238,"height":57,"caption":"Memurun Sesi"},"image":{"@id":"https:\/\/memurunsesi.net\/#\/schema\/logo\/image\/"},"sameAs":["https:\/\/www.facebook.com\/unipersen\/?locale=tr_TR","https:\/\/x.com\/unipersen"]},{"@type":"Person","@id":"https:\/\/memurunsesi.net\/#\/schema\/person\/f21c2d73b89f6ee1d80b0a1803e38587","name":"Memurun Sesi Haber Merkezi","image":{"@type":"ImageObject","inLanguage":"tr","@id":"https:\/\/secure.gravatar.com\/avatar\/6cf0505f452ee753f485014986fab09a434671d2b919ee76fc541025c5876a70?s=96&d=mm&r=g","url":"https:\/\/secure.gravatar.com\/avatar\/6cf0505f452ee753f485014986fab09a434671d2b919ee76fc541025c5876a70?s=96&d=mm&r=g","contentUrl":"https:\/\/secure.gravatar.com\/avatar\/6cf0505f452ee753f485014986fab09a434671d2b919ee76fc541025c5876a70?s=96&d=mm&r=g","caption":"Memurun Sesi Haber Merkezi"},"sameAs":["https:\/\/memurunsesi.net"],"url":"https:\/\/memurunsesi.net\/index.php\/author\/uniper\/"}]}},"_links":{"self":[{"href":"https:\/\/memurunsesi.net\/index.php\/wp-json\/wp\/v2\/posts\/18863","targetHints":{"allow":["GET"]}}],"collection":[{"href":"https:\/\/memurunsesi.net\/index.php\/wp-json\/wp\/v2\/posts"}],"about":[{"href":"https:\/\/memurunsesi.net\/index.php\/wp-json\/wp\/v2\/types\/post"}],"author":[{"embeddable":true,"href":"https:\/\/memurunsesi.net\/index.php\/wp-json\/wp\/v2\/users\/1"}],"replies":[{"embeddable":true,"href":"https:\/\/memurunsesi.net\/index.php\/wp-json\/wp\/v2\/comments?post=18863"}],"version-history":[{"count":1,"href":"https:\/\/memurunsesi.net\/index.php\/wp-json\/wp\/v2\/posts\/18863\/revisions"}],"predecessor-version":[{"id":18864,"href":"https:\/\/memurunsesi.net\/index.php\/wp-json\/wp\/v2\/posts\/18863\/revisions\/18864"}],"wp:featuredmedia":[{"embeddable":true,"href":"https:\/\/memurunsesi.net\/index.php\/wp-json\/wp\/v2\/media\/17927"}],"wp:attachment":[{"href":"https:\/\/memurunsesi.net\/index.php\/wp-json\/wp\/v2\/media?parent=18863"}],"wp:term":[{"taxonomy":"category","embeddable":true,"href":"https:\/\/memurunsesi.net\/index.php\/wp-json\/wp\/v2\/categories?post=18863"},{"taxonomy":"post_tag","embeddable":true,"href":"https:\/\/memurunsesi.net\/index.php\/wp-json\/wp\/v2\/tags?post=18863"}],"curies":[{"name":"wp","href":"https:\/\/api.w.org\/{rel}","templated":true}]}}