{"id":18880,"date":"2026-04-04T07:40:42","date_gmt":"2026-04-04T04:40:42","guid":{"rendered":"https:\/\/memurunsesi.net\/?p=18880"},"modified":"2026-04-04T07:40:42","modified_gmt":"2026-04-04T04:40:42","slug":"tomarzada-yaslilar-haftasinda-anlamli-hizmet","status":"publish","type":"post","link":"https:\/\/memurunsesi.net\/index.php\/2026\/04\/04\/tomarzada-yaslilar-haftasinda-anlamli-hizmet\/","title":{"rendered":"Tomarza\u2019da Ya\u015fl\u0131lar Haftas\u0131\u2019nda anlaml\u0131 hizmet"},"content":{"rendered":"<p>Tomarza Kaymakaml\u0131\u011f\u0131 Sosyal Yard\u0131mla\u015fma ve Dayan\u0131\u015fma Vakf\u0131 VEFA ekipleri, Ya\u015fl\u0131lar Haftas\u0131 kapsam\u0131nda il\u00e7ede ya\u015fayan ya\u015fl\u0131 vatanda\u015flara y\u00f6nelik ki\u015fisel bak\u0131m hizmeti sundu.<br \/>\nEkipler, vatanda\u015flar\u0131 evlerinde ziyaret ederek, t\u0131rnak kesimi ile sa\u00e7 ve sakal t\u0131ra\u015f\u0131 ba\u015fta olmak \u00fczere bak\u0131m hizmetlerini titizlikle ger\u00e7ekle\u015ftirdi. Ger\u00e7ekle\u015ftirilen \u00e7al\u0131\u015fma ile vatanda\u015flar\u0131n memnuniyeti sa\u011flan\u0131rken, Sosyal Yard\u0131mla\u015fma ve Dayan\u0131\u015fma Vakf\u0131 taraf\u0131ndan g\u00f6rev alan\u0131ndaki vatanda\u015flara kamu hizmetlerinin yerinde ve etkin \u015fekilde sunulmas\u0131na \u00f6zen g\u00f6sterildi.<\/p>\n<p>4.04.2026<\/p>\n","protected":false},"excerpt":{"rendered":"<p>Tomarza Kaymakaml\u0131\u011f\u0131 Sosyal Yard\u0131mla\u015fma ve Dayan\u0131\u015fma Vakf\u0131 VEFA ekipleri, Ya\u015fl\u0131lar Haftas\u0131 kapsam\u0131nda il\u00e7ede ya\u015fayan ya\u015fl\u0131 vatanda\u015flara y\u00f6nelik ki\u015fisel bak\u0131m hizmeti sundu. Ekipler, vatanda\u015flar\u0131 evlerinde ziyaret ederek, t\u0131rnak kesimi ile sa\u00e7 ve sakal t\u0131ra\u015f\u0131 ba\u015fta olmak \u00fczere bak\u0131m hizmetlerini titizlikle ger\u00e7ekle\u015ftirdi. Ger\u00e7ekle\u015ftirilen \u00e7al\u0131\u015fma ile vatanda\u015flar\u0131n memnuniyeti sa\u011flan\u0131rken, Sosyal Yard\u0131mla\u015fma ve Dayan\u0131\u015fma Vakf\u0131 taraf\u0131ndan g\u00f6rev alan\u0131ndaki vatanda\u015flara [&hellip;]<\/p>\n","protected":false},"author":1,"featured_media":18881,"comment_status":"open","ping_status":"open","sticky":false,"template":"","format":"standard","meta":{"footnotes":""},"categories":[1],"tags":[2679,2680,2681],"class_list":["post-18880","post","type-post","status-publish","format-standard","has-post-thumbnail","hentry","category-genel","tag-kaymakamlik","tag-tomarza","tag-yaslilar-haftasi"],"yoast_head":"<!-- This site is optimized with the Yoast SEO plugin v27.4 - https:\/\/yoast.com\/product\/yoast-seo-wordpress\/ -->\n<title>Tomarza\u2019da Ya\u015fl\u0131lar Haftas\u0131\u2019nda anlaml\u0131 hizmet - Memurun Sesi<\/title>\n<meta name=\"description\" content=\"\u00a0 Tomarza Kaymakaml\u0131\u011f\u0131 Sosyal Yard\u0131mla\u015fma ve Dayan\u0131\u015fma Vakf\u0131 VEFA ekipleri, Ya\u015fl\u0131lar Haftas\u0131 kapsam\u0131nda il\u00e7ede ya\u015fayan ya\u015fl\u0131 vatanda\u015flara y\u00f6nelik ki\u015fisel bak\u0131m hizmeti sundu.\" \/>\n<meta name=\"robots\" content=\"index, follow, max-snippet:-1, max-image-preview:large, max-video-preview:-1\" \/>\n<link rel=\"canonical\" href=\"https:\/\/memurunsesi.net\/index.php\/2026\/04\/04\/tomarzada-yaslilar-haftasinda-anlamli-hizmet\/\" \/>\n<meta property=\"og:locale\" content=\"tr_TR\" \/>\n<meta property=\"og:type\" content=\"article\" \/>\n<meta property=\"og:title\" content=\"Tomarza\u2019da Ya\u015fl\u0131lar Haftas\u0131\u2019nda anlaml\u0131 hizmet - Memurun Sesi\" \/>\n<meta property=\"og:description\" content=\"\u00a0 Tomarza Kaymakaml\u0131\u011f\u0131 Sosyal Yard\u0131mla\u015fma ve Dayan\u0131\u015fma Vakf\u0131 VEFA ekipleri, Ya\u015fl\u0131lar Haftas\u0131 kapsam\u0131nda il\u00e7ede ya\u015fayan ya\u015fl\u0131 vatanda\u015flara y\u00f6nelik ki\u015fisel bak\u0131m hizmeti sundu.\" \/>\n<meta property=\"og:url\" content=\"https:\/\/memurunsesi.net\/index.php\/2026\/04\/04\/tomarzada-yaslilar-haftasinda-anlamli-hizmet\/\" \/>\n<meta property=\"og:site_name\" content=\"Memurun Sesi\" \/>\n<meta property=\"article:publisher\" content=\"https:\/\/www.facebook.com\/unipersen\/?locale=tr_TR\" \/>\n<meta property=\"article:published_time\" content=\"2026-04-04T04:40:42+00:00\" \/>\n<meta property=\"og:image\" content=\"https:\/\/memurunsesi.net\/wp-content\/uploads\/2026\/04\/AW675982_02.jpg\" \/>\n\t<meta property=\"og:image:width\" content=\"1200\" \/>\n\t<meta property=\"og:image:height\" content=\"900\" \/>\n\t<meta property=\"og:image:type\" content=\"image\/jpeg\" \/>\n<meta name=\"author\" content=\"Memurun Sesi Haber Merkezi\" \/>\n<meta name=\"twitter:card\" content=\"summary_large_image\" \/>\n<meta name=\"twitter:creator\" content=\"@unipersen\" \/>\n<meta name=\"twitter:site\" content=\"@unipersen\" \/>\n<meta name=\"twitter:label1\" content=\"Yazan:\" \/>\n\t<meta name=\"twitter:data1\" content=\"Memurun Sesi Haber Merkezi\" \/>\n\t<meta name=\"twitter:label2\" content=\"Tahmini okuma s\u00fcresi\" \/>\n\t<meta name=\"twitter:data2\" content=\"1 dakika\" \/>\n<script type=\"application\/ld+json\" class=\"yoast-schema-graph\">{\"@context\":\"https:\\\/\\\/schema.org\",\"@graph\":[{\"@type\":\"Article\",\"@id\":\"https:\\\/\\\/memurunsesi.net\\\/index.php\\\/2026\\\/04\\\/04\\\/tomarzada-yaslilar-haftasinda-anlamli-hizmet\\\/#article\",\"isPartOf\":{\"@id\":\"https:\\\/\\\/memurunsesi.net\\\/index.php\\\/2026\\\/04\\\/04\\\/tomarzada-yaslilar-haftasinda-anlamli-hizmet\\\/\"},\"author\":{\"name\":\"Memurun Sesi Haber Merkezi\",\"@id\":\"https:\\\/\\\/memurunsesi.net\\\/#\\\/schema\\\/person\\\/f21c2d73b89f6ee1d80b0a1803e38587\"},\"headline\":\"Tomarza\u2019da Ya\u015fl\u0131lar Haftas\u0131\u2019nda anlaml\u0131 hizmet\",\"datePublished\":\"2026-04-04T04:40:42+00:00\",\"mainEntityOfPage\":{\"@id\":\"https:\\\/\\\/memurunsesi.net\\\/index.php\\\/2026\\\/04\\\/04\\\/tomarzada-yaslilar-haftasinda-anlamli-hizmet\\\/\"},\"wordCount\":109,\"commentCount\":0,\"publisher\":{\"@id\":\"https:\\\/\\\/memurunsesi.net\\\/#organization\"},\"image\":{\"@id\":\"https:\\\/\\\/memurunsesi.net\\\/index.php\\\/2026\\\/04\\\/04\\\/tomarzada-yaslilar-haftasinda-anlamli-hizmet\\\/#primaryimage\"},\"thumbnailUrl\":\"https:\\\/\\\/memurunsesi.net\\\/wp-content\\\/uploads\\\/2026\\\/04\\\/AW675982_02.jpg\",\"keywords\":[\"kaymakaml\u0131k\",\"tomarza\",\"ya\u015fl\u0131lar haftas\u0131\"],\"inLanguage\":\"tr\",\"potentialAction\":[{\"@type\":\"CommentAction\",\"name\":\"Comment\",\"target\":[\"https:\\\/\\\/memurunsesi.net\\\/index.php\\\/2026\\\/04\\\/04\\\/tomarzada-yaslilar-haftasinda-anlamli-hizmet\\\/#respond\"]}]},{\"@type\":\"WebPage\",\"@id\":\"https:\\\/\\\/memurunsesi.net\\\/index.php\\\/2026\\\/04\\\/04\\\/tomarzada-yaslilar-haftasinda-anlamli-hizmet\\\/\",\"url\":\"https:\\\/\\\/memurunsesi.net\\\/index.php\\\/2026\\\/04\\\/04\\\/tomarzada-yaslilar-haftasinda-anlamli-hizmet\\\/\",\"name\":\"Tomarza\u2019da Ya\u015fl\u0131lar Haftas\u0131\u2019nda anlaml\u0131 hizmet - Memurun Sesi\",\"isPartOf\":{\"@id\":\"https:\\\/\\\/memurunsesi.net\\\/#website\"},\"primaryImageOfPage\":{\"@id\":\"https:\\\/\\\/memurunsesi.net\\\/index.php\\\/2026\\\/04\\\/04\\\/tomarzada-yaslilar-haftasinda-anlamli-hizmet\\\/#primaryimage\"},\"image\":{\"@id\":\"https:\\\/\\\/memurunsesi.net\\\/index.php\\\/2026\\\/04\\\/04\\\/tomarzada-yaslilar-haftasinda-anlamli-hizmet\\\/#primaryimage\"},\"thumbnailUrl\":\"https:\\\/\\\/memurunsesi.net\\\/wp-content\\\/uploads\\\/2026\\\/04\\\/AW675982_02.jpg\",\"datePublished\":\"2026-04-04T04:40:42+00:00\",\"description\":\"\u00a0 Tomarza Kaymakaml\u0131\u011f\u0131 Sosyal Yard\u0131mla\u015fma ve Dayan\u0131\u015fma Vakf\u0131 VEFA ekipleri, Ya\u015fl\u0131lar Haftas\u0131 kapsam\u0131nda il\u00e7ede ya\u015fayan ya\u015fl\u0131 vatanda\u015flara y\u00f6nelik ki\u015fisel bak\u0131m hizmeti sundu.\",\"breadcrumb\":{\"@id\":\"https:\\\/\\\/memurunsesi.net\\\/index.php\\\/2026\\\/04\\\/04\\\/tomarzada-yaslilar-haftasinda-anlamli-hizmet\\\/#breadcrumb\"},\"inLanguage\":\"tr\",\"potentialAction\":[{\"@type\":\"ReadAction\",\"target\":[\"https:\\\/\\\/memurunsesi.net\\\/index.php\\\/2026\\\/04\\\/04\\\/tomarzada-yaslilar-haftasinda-anlamli-hizmet\\\/\"]}]},{\"@type\":\"ImageObject\",\"inLanguage\":\"tr\",\"@id\":\"https:\\\/\\\/memurunsesi.net\\\/index.php\\\/2026\\\/04\\\/04\\\/tomarzada-yaslilar-haftasinda-anlamli-hizmet\\\/#primaryimage\",\"url\":\"https:\\\/\\\/memurunsesi.net\\\/wp-content\\\/uploads\\\/2026\\\/04\\\/AW675982_02.jpg\",\"contentUrl\":\"https:\\\/\\\/memurunsesi.net\\\/wp-content\\\/uploads\\\/2026\\\/04\\\/AW675982_02.jpg\",\"width\":1200,\"height\":900,\"caption\":\"TOMARZA KAYMAKAMLI\u011eI SOSYAL YARDIMLA\u015eMA VE DAYANI\u015eMA VAKFI VEFA EK\u0130PLER\u0130, YA\u015eLILAR HAFTASI KAPSAMINDA \u0130L\u00c7EDE YA\u015eAYAN YA\u015eLI VATANDA\u015eLARA Y\u00d6NEL\u0130K K\u0130\u015e\u0130SEL BAKIM H\u0130ZMET\u0130 SUNDU. (MURAT G\u00dcRB\u00dcZLER\\\/KAYSER\u0130-\u0130HA) Tomarza Kaymakaml\u0131\u011f\u0131 Sosyal Yard\u0131mla\u015fma ve Dayan\u0131\u015fma Vakf\u0131 VEFA ekipleri, Ya\u015fl\u0131lar Haftas\u0131 kapsam\u0131nda il\u00e7ede ya\u015fayan ya\u015fl\u0131 vatanda\u015flara y\u00f6nelik ki\u015fisel bak\u0131m hizmeti sundu.\"},{\"@type\":\"BreadcrumbList\",\"@id\":\"https:\\\/\\\/memurunsesi.net\\\/index.php\\\/2026\\\/04\\\/04\\\/tomarzada-yaslilar-haftasinda-anlamli-hizmet\\\/#breadcrumb\",\"itemListElement\":[{\"@type\":\"ListItem\",\"position\":1,\"name\":\"Anasayfa\",\"item\":\"https:\\\/\\\/memurunsesi.net\\\/\"},{\"@type\":\"ListItem\",\"position\":2,\"name\":\"Tomarza\u2019da Ya\u015fl\u0131lar Haftas\u0131\u2019nda anlaml\u0131 hizmet\"}]},{\"@type\":\"WebSite\",\"@id\":\"https:\\\/\\\/memurunsesi.net\\\/#website\",\"url\":\"https:\\\/\\\/memurunsesi.net\\\/\",\"name\":\"Memurun Sesi\",\"description\":\"G\u00fcncel ve Do\u011fru Haber\",\"publisher\":{\"@id\":\"https:\\\/\\\/memurunsesi.net\\\/#organization\"},\"potentialAction\":[{\"@type\":\"SearchAction\",\"target\":{\"@type\":\"EntryPoint\",\"urlTemplate\":\"https:\\\/\\\/memurunsesi.net\\\/?s={search_term_string}\"},\"query-input\":{\"@type\":\"PropertyValueSpecification\",\"valueRequired\":true,\"valueName\":\"search_term_string\"}}],\"inLanguage\":\"tr\"},{\"@type\":\"Organization\",\"@id\":\"https:\\\/\\\/memurunsesi.net\\\/#organization\",\"name\":\"Memurun Sesi\",\"url\":\"https:\\\/\\\/memurunsesi.net\\\/\",\"logo\":{\"@type\":\"ImageObject\",\"inLanguage\":\"tr\",\"@id\":\"https:\\\/\\\/memurunsesi.net\\\/#\\\/schema\\\/logo\\\/image\\\/\",\"url\":\"https:\\\/\\\/memurunsesi.net\\\/wp-content\\\/uploads\\\/2025\\\/11\\\/cropped-MEMURUN-SESI.png\",\"contentUrl\":\"https:\\\/\\\/memurunsesi.net\\\/wp-content\\\/uploads\\\/2025\\\/11\\\/cropped-MEMURUN-SESI.png\",\"width\":238,\"height\":57,\"caption\":\"Memurun Sesi\"},\"image\":{\"@id\":\"https:\\\/\\\/memurunsesi.net\\\/#\\\/schema\\\/logo\\\/image\\\/\"},\"sameAs\":[\"https:\\\/\\\/www.facebook.com\\\/unipersen\\\/?locale=tr_TR\",\"https:\\\/\\\/x.com\\\/unipersen\"]},{\"@type\":\"Person\",\"@id\":\"https:\\\/\\\/memurunsesi.net\\\/#\\\/schema\\\/person\\\/f21c2d73b89f6ee1d80b0a1803e38587\",\"name\":\"Memurun Sesi Haber Merkezi\",\"image\":{\"@type\":\"ImageObject\",\"inLanguage\":\"tr\",\"@id\":\"https:\\\/\\\/secure.gravatar.com\\\/avatar\\\/6cf0505f452ee753f485014986fab09a434671d2b919ee76fc541025c5876a70?s=96&d=mm&r=g\",\"url\":\"https:\\\/\\\/secure.gravatar.com\\\/avatar\\\/6cf0505f452ee753f485014986fab09a434671d2b919ee76fc541025c5876a70?s=96&d=mm&r=g\",\"contentUrl\":\"https:\\\/\\\/secure.gravatar.com\\\/avatar\\\/6cf0505f452ee753f485014986fab09a434671d2b919ee76fc541025c5876a70?s=96&d=mm&r=g\",\"caption\":\"Memurun Sesi Haber Merkezi\"},\"sameAs\":[\"https:\\\/\\\/memurunsesi.net\"],\"url\":\"https:\\\/\\\/memurunsesi.net\\\/index.php\\\/author\\\/uniper\\\/\"}]}<\/script>\n<!-- \/ Yoast SEO plugin. -->","yoast_head_json":{"title":"Tomarza\u2019da Ya\u015fl\u0131lar Haftas\u0131\u2019nda anlaml\u0131 hizmet - Memurun Sesi","description":"\u00a0 Tomarza Kaymakaml\u0131\u011f\u0131 Sosyal Yard\u0131mla\u015fma ve Dayan\u0131\u015fma Vakf\u0131 VEFA ekipleri, Ya\u015fl\u0131lar Haftas\u0131 kapsam\u0131nda il\u00e7ede ya\u015fayan ya\u015fl\u0131 vatanda\u015flara y\u00f6nelik ki\u015fisel bak\u0131m hizmeti sundu.","robots":{"index":"index","follow":"follow","max-snippet":"max-snippet:-1","max-image-preview":"max-image-preview:large","max-video-preview":"max-video-preview:-1"},"canonical":"https:\/\/memurunsesi.net\/index.php\/2026\/04\/04\/tomarzada-yaslilar-haftasinda-anlamli-hizmet\/","og_locale":"tr_TR","og_type":"article","og_title":"Tomarza\u2019da Ya\u015fl\u0131lar Haftas\u0131\u2019nda anlaml\u0131 hizmet - Memurun Sesi","og_description":"\u00a0 Tomarza Kaymakaml\u0131\u011f\u0131 Sosyal Yard\u0131mla\u015fma ve Dayan\u0131\u015fma Vakf\u0131 VEFA ekipleri, Ya\u015fl\u0131lar Haftas\u0131 kapsam\u0131nda il\u00e7ede ya\u015fayan ya\u015fl\u0131 vatanda\u015flara y\u00f6nelik ki\u015fisel bak\u0131m hizmeti sundu.","og_url":"https:\/\/memurunsesi.net\/index.php\/2026\/04\/04\/tomarzada-yaslilar-haftasinda-anlamli-hizmet\/","og_site_name":"Memurun Sesi","article_publisher":"https:\/\/www.facebook.com\/unipersen\/?locale=tr_TR","article_published_time":"2026-04-04T04:40:42+00:00","og_image":[{"width":1200,"height":900,"url":"https:\/\/memurunsesi.net\/wp-content\/uploads\/2026\/04\/AW675982_02.jpg","type":"image\/jpeg"}],"author":"Memurun Sesi Haber Merkezi","twitter_card":"summary_large_image","twitter_creator":"@unipersen","twitter_site":"@unipersen","twitter_misc":{"Yazan:":"Memurun Sesi Haber Merkezi","Tahmini okuma s\u00fcresi":"1 dakika"},"schema":{"@context":"https:\/\/schema.org","@graph":[{"@type":"Article","@id":"https:\/\/memurunsesi.net\/index.php\/2026\/04\/04\/tomarzada-yaslilar-haftasinda-anlamli-hizmet\/#article","isPartOf":{"@id":"https:\/\/memurunsesi.net\/index.php\/2026\/04\/04\/tomarzada-yaslilar-haftasinda-anlamli-hizmet\/"},"author":{"name":"Memurun Sesi Haber Merkezi","@id":"https:\/\/memurunsesi.net\/#\/schema\/person\/f21c2d73b89f6ee1d80b0a1803e38587"},"headline":"Tomarza\u2019da Ya\u015fl\u0131lar Haftas\u0131\u2019nda anlaml\u0131 hizmet","datePublished":"2026-04-04T04:40:42+00:00","mainEntityOfPage":{"@id":"https:\/\/memurunsesi.net\/index.php\/2026\/04\/04\/tomarzada-yaslilar-haftasinda-anlamli-hizmet\/"},"wordCount":109,"commentCount":0,"publisher":{"@id":"https:\/\/memurunsesi.net\/#organization"},"image":{"@id":"https:\/\/memurunsesi.net\/index.php\/2026\/04\/04\/tomarzada-yaslilar-haftasinda-anlamli-hizmet\/#primaryimage"},"thumbnailUrl":"https:\/\/memurunsesi.net\/wp-content\/uploads\/2026\/04\/AW675982_02.jpg","keywords":["kaymakaml\u0131k","tomarza","ya\u015fl\u0131lar haftas\u0131"],"inLanguage":"tr","potentialAction":[{"@type":"CommentAction","name":"Comment","target":["https:\/\/memurunsesi.net\/index.php\/2026\/04\/04\/tomarzada-yaslilar-haftasinda-anlamli-hizmet\/#respond"]}]},{"@type":"WebPage","@id":"https:\/\/memurunsesi.net\/index.php\/2026\/04\/04\/tomarzada-yaslilar-haftasinda-anlamli-hizmet\/","url":"https:\/\/memurunsesi.net\/index.php\/2026\/04\/04\/tomarzada-yaslilar-haftasinda-anlamli-hizmet\/","name":"Tomarza\u2019da Ya\u015fl\u0131lar Haftas\u0131\u2019nda anlaml\u0131 hizmet - Memurun Sesi","isPartOf":{"@id":"https:\/\/memurunsesi.net\/#website"},"primaryImageOfPage":{"@id":"https:\/\/memurunsesi.net\/index.php\/2026\/04\/04\/tomarzada-yaslilar-haftasinda-anlamli-hizmet\/#primaryimage"},"image":{"@id":"https:\/\/memurunsesi.net\/index.php\/2026\/04\/04\/tomarzada-yaslilar-haftasinda-anlamli-hizmet\/#primaryimage"},"thumbnailUrl":"https:\/\/memurunsesi.net\/wp-content\/uploads\/2026\/04\/AW675982_02.jpg","datePublished":"2026-04-04T04:40:42+00:00","description":"\u00a0 Tomarza Kaymakaml\u0131\u011f\u0131 Sosyal Yard\u0131mla\u015fma ve Dayan\u0131\u015fma Vakf\u0131 VEFA ekipleri, Ya\u015fl\u0131lar Haftas\u0131 kapsam\u0131nda il\u00e7ede ya\u015fayan ya\u015fl\u0131 vatanda\u015flara y\u00f6nelik ki\u015fisel bak\u0131m hizmeti sundu.","breadcrumb":{"@id":"https:\/\/memurunsesi.net\/index.php\/2026\/04\/04\/tomarzada-yaslilar-haftasinda-anlamli-hizmet\/#breadcrumb"},"inLanguage":"tr","potentialAction":[{"@type":"ReadAction","target":["https:\/\/memurunsesi.net\/index.php\/2026\/04\/04\/tomarzada-yaslilar-haftasinda-anlamli-hizmet\/"]}]},{"@type":"ImageObject","inLanguage":"tr","@id":"https:\/\/memurunsesi.net\/index.php\/2026\/04\/04\/tomarzada-yaslilar-haftasinda-anlamli-hizmet\/#primaryimage","url":"https:\/\/memurunsesi.net\/wp-content\/uploads\/2026\/04\/AW675982_02.jpg","contentUrl":"https:\/\/memurunsesi.net\/wp-content\/uploads\/2026\/04\/AW675982_02.jpg","width":1200,"height":900,"caption":"TOMARZA KAYMAKAMLI\u011eI SOSYAL YARDIMLA\u015eMA VE DAYANI\u015eMA VAKFI VEFA EK\u0130PLER\u0130, YA\u015eLILAR HAFTASI KAPSAMINDA \u0130L\u00c7EDE YA\u015eAYAN YA\u015eLI VATANDA\u015eLARA Y\u00d6NEL\u0130K K\u0130\u015e\u0130SEL BAKIM H\u0130ZMET\u0130 SUNDU. (MURAT G\u00dcRB\u00dcZLER\/KAYSER\u0130-\u0130HA) Tomarza Kaymakaml\u0131\u011f\u0131 Sosyal Yard\u0131mla\u015fma ve Dayan\u0131\u015fma Vakf\u0131 VEFA ekipleri, Ya\u015fl\u0131lar Haftas\u0131 kapsam\u0131nda il\u00e7ede ya\u015fayan ya\u015fl\u0131 vatanda\u015flara y\u00f6nelik ki\u015fisel bak\u0131m hizmeti sundu."},{"@type":"BreadcrumbList","@id":"https:\/\/memurunsesi.net\/index.php\/2026\/04\/04\/tomarzada-yaslilar-haftasinda-anlamli-hizmet\/#breadcrumb","itemListElement":[{"@type":"ListItem","position":1,"name":"Anasayfa","item":"https:\/\/memurunsesi.net\/"},{"@type":"ListItem","position":2,"name":"Tomarza\u2019da Ya\u015fl\u0131lar Haftas\u0131\u2019nda anlaml\u0131 hizmet"}]},{"@type":"WebSite","@id":"https:\/\/memurunsesi.net\/#website","url":"https:\/\/memurunsesi.net\/","name":"Memurun Sesi","description":"G\u00fcncel ve Do\u011fru Haber","publisher":{"@id":"https:\/\/memurunsesi.net\/#organization"},"potentialAction":[{"@type":"SearchAction","target":{"@type":"EntryPoint","urlTemplate":"https:\/\/memurunsesi.net\/?s={search_term_string}"},"query-input":{"@type":"PropertyValueSpecification","valueRequired":true,"valueName":"search_term_string"}}],"inLanguage":"tr"},{"@type":"Organization","@id":"https:\/\/memurunsesi.net\/#organization","name":"Memurun Sesi","url":"https:\/\/memurunsesi.net\/","logo":{"@type":"ImageObject","inLanguage":"tr","@id":"https:\/\/memurunsesi.net\/#\/schema\/logo\/image\/","url":"https:\/\/memurunsesi.net\/wp-content\/uploads\/2025\/11\/cropped-MEMURUN-SESI.png","contentUrl":"https:\/\/memurunsesi.net\/wp-content\/uploads\/2025\/11\/cropped-MEMURUN-SESI.png","width":238,"height":57,"caption":"Memurun Sesi"},"image":{"@id":"https:\/\/memurunsesi.net\/#\/schema\/logo\/image\/"},"sameAs":["https:\/\/www.facebook.com\/unipersen\/?locale=tr_TR","https:\/\/x.com\/unipersen"]},{"@type":"Person","@id":"https:\/\/memurunsesi.net\/#\/schema\/person\/f21c2d73b89f6ee1d80b0a1803e38587","name":"Memurun Sesi Haber Merkezi","image":{"@type":"ImageObject","inLanguage":"tr","@id":"https:\/\/secure.gravatar.com\/avatar\/6cf0505f452ee753f485014986fab09a434671d2b919ee76fc541025c5876a70?s=96&d=mm&r=g","url":"https:\/\/secure.gravatar.com\/avatar\/6cf0505f452ee753f485014986fab09a434671d2b919ee76fc541025c5876a70?s=96&d=mm&r=g","contentUrl":"https:\/\/secure.gravatar.com\/avatar\/6cf0505f452ee753f485014986fab09a434671d2b919ee76fc541025c5876a70?s=96&d=mm&r=g","caption":"Memurun Sesi Haber Merkezi"},"sameAs":["https:\/\/memurunsesi.net"],"url":"https:\/\/memurunsesi.net\/index.php\/author\/uniper\/"}]}},"_links":{"self":[{"href":"https:\/\/memurunsesi.net\/index.php\/wp-json\/wp\/v2\/posts\/18880","targetHints":{"allow":["GET"]}}],"collection":[{"href":"https:\/\/memurunsesi.net\/index.php\/wp-json\/wp\/v2\/posts"}],"about":[{"href":"https:\/\/memurunsesi.net\/index.php\/wp-json\/wp\/v2\/types\/post"}],"author":[{"embeddable":true,"href":"https:\/\/memurunsesi.net\/index.php\/wp-json\/wp\/v2\/users\/1"}],"replies":[{"embeddable":true,"href":"https:\/\/memurunsesi.net\/index.php\/wp-json\/wp\/v2\/comments?post=18880"}],"version-history":[{"count":1,"href":"https:\/\/memurunsesi.net\/index.php\/wp-json\/wp\/v2\/posts\/18880\/revisions"}],"predecessor-version":[{"id":18882,"href":"https:\/\/memurunsesi.net\/index.php\/wp-json\/wp\/v2\/posts\/18880\/revisions\/18882"}],"wp:featuredmedia":[{"embeddable":true,"href":"https:\/\/memurunsesi.net\/index.php\/wp-json\/wp\/v2\/media\/18881"}],"wp:attachment":[{"href":"https:\/\/memurunsesi.net\/index.php\/wp-json\/wp\/v2\/media?parent=18880"}],"wp:term":[{"taxonomy":"category","embeddable":true,"href":"https:\/\/memurunsesi.net\/index.php\/wp-json\/wp\/v2\/categories?post=18880"},{"taxonomy":"post_tag","embeddable":true,"href":"https:\/\/memurunsesi.net\/index.php\/wp-json\/wp\/v2\/tags?post=18880"}],"curies":[{"name":"wp","href":"https:\/\/api.w.org\/{rel}","templated":true}]}}