{"id":18899,"date":"2026-04-05T13:18:04","date_gmt":"2026-04-05T10:18:04","guid":{"rendered":"https:\/\/memurunsesi.net\/?p=18899"},"modified":"2026-04-05T13:18:04","modified_gmt":"2026-04-05T10:18:04","slug":"down-sendromlu-melike-polis-ekiplerinden-dogum-gunu-surprizi","status":"publish","type":"post","link":"https:\/\/memurunsesi.net\/index.php\/2026\/04\/05\/down-sendromlu-melike-polis-ekiplerinden-dogum-gunu-surprizi\/","title":{"rendered":"Down sendromlu Melik&#8217;e polis ekiplerinden do\u011fum g\u00fcn\u00fc s\u00fcrprizi"},"content":{"rendered":"<p>Down sendromlu o\u011flu Melik Gencer Sabuncu&#8217;nun do\u011fum g\u00fcn\u00fcn\u00fc \u00e7ok sevdi\u011fi polislerle birlikte kutlamak isteyen baban\u0131n C\u0130MER&#8217;e yapt\u0131\u011f\u0131 ba\u015fvuru \u00fczerine, Toplum Destekli Polislik B\u00fcro Amirli\u011fi ekipleri harekete ge\u00e7erek, Melik i\u00e7in s\u00fcrpriz bir do\u011fum g\u00fcn\u00fc kutlamas\u0131 d\u00fczenledi.<br \/>\n19 ya\u015f\u0131ndaki down sendromlu Melik Gencer Sabuncu i\u00e7in babas\u0131 Muhammet Sabuncu, C\u0130MER&#8217;e duygusal bir ba\u015fvuruda bulundu. \u0130stanbul Valili\u011fine hitaben kaleme ald\u0131\u011f\u0131 ba\u015fvurusunda Sabuncu, o\u011flunun 1 Nisan&#8217;da 19 ya\u015f\u0131na girece\u011fini, polisleri \u00e7ok sevdi\u011fini ve yunus polis k\u0131yafeti istedi\u011fini belirterek, do\u011fum g\u00fcn\u00fcnde polislerle s\u00fcrpriz yap\u0131lmas\u0131n\u0131 talep etti. Sabuncu, ba\u015fvurusunda &#8220;Bu ger\u00e7ekle\u015firse \u00f6mr\u00fc boyunca unutmayacakt\u0131r. L\u00fctfen bana yard\u0131mc\u0131 olun&#8221; ifadelerine yer verdi.<\/p>\n<p>Hayalini kurdu\u011fu polis \u00fcniformas\u0131n\u0131 hediye ettiler<br \/>\n\u00c7ekmek\u00f6y&#8217;de ya\u015fayan baban\u0131n ba\u015fvurusunu alan \u00c7ekmek\u00f6y \u0130l\u00e7e Emniyet M\u00fcd\u00fcrl\u00fc\u011f\u00fc, Melik i\u00e7in harekete ge\u00e7ti. Toplum Destekli Polislik B\u00fcro Amirli\u011fi ekipleri, 1 Nisan&#8217;da aileye s\u00fcrpriz bir ziyaret ger\u00e7ekle\u015ftirdi. Polisler, getirdikleri pastay\u0131 Melik ile birlikte keserken, hayalini kurdu\u011fu polis \u00fcniformas\u0131n\u0131 da hediye etti.<\/p>\n<p>5.04.2026<\/p>\n","protected":false},"excerpt":{"rendered":"<p>Down sendromlu o\u011flu Melik Gencer Sabuncu&#8217;nun do\u011fum g\u00fcn\u00fcn\u00fc \u00e7ok sevdi\u011fi polislerle birlikte kutlamak isteyen baban\u0131n C\u0130MER&#8217;e yapt\u0131\u011f\u0131 ba\u015fvuru \u00fczerine, Toplum Destekli Polislik B\u00fcro Amirli\u011fi ekipleri harekete ge\u00e7erek, Melik i\u00e7in s\u00fcrpriz bir do\u011fum g\u00fcn\u00fc kutlamas\u0131 d\u00fczenledi. 19 ya\u015f\u0131ndaki down sendromlu Melik Gencer Sabuncu i\u00e7in babas\u0131 Muhammet Sabuncu, C\u0130MER&#8217;e duygusal bir ba\u015fvuruda bulundu. \u0130stanbul Valili\u011fine hitaben kaleme [&hellip;]<\/p>\n","protected":false},"author":1,"featured_media":18900,"comment_status":"open","ping_status":"open","sticky":false,"template":"","format":"standard","meta":{"footnotes":""},"categories":[1],"tags":[2705,1564,2704,2703,2702,2700,173,2706,2701],"class_list":["post-18899","post","type-post","status-publish","format-standard","has-post-thumbnail","hentry","category-genel","tag-babanin-cimere-yaptigi","tag-basvuru","tag-birlikte-kutlamak-isteyen","tag-cok-sevdigi-polislerle","tag-dogum-gunu","tag-down-sendromlu","tag-kutlama","tag-mutlulu","tag-oglu-melik-gencer-sabuncunun"],"yoast_head":"<!-- This site is optimized with the Yoast SEO plugin v27.4 - https:\/\/yoast.com\/product\/yoast-seo-wordpress\/ -->\n<title>Down sendromlu Melik&#039;e polis ekiplerinden do\u011fum g\u00fcn\u00fc s\u00fcrprizi - Memurun Sesi<\/title>\n<meta name=\"description\" content=\"\u00a0 \u00a0Down sendromlu o\u011flu Melik Gencer Sabuncu&#039;nun do\u011fum g\u00fcn\u00fcn\u00fc \u00e7ok sevdi\u011fi polislerle birlikte kutlamak isteyen baban\u0131n C\u0130MER&#039;e yapt\u0131\u011f\u0131 ba\u015fvuru \u00fczerine\" \/>\n<meta name=\"robots\" content=\"index, follow, max-snippet:-1, max-image-preview:large, max-video-preview:-1\" \/>\n<link rel=\"canonical\" href=\"https:\/\/memurunsesi.net\/index.php\/2026\/04\/05\/down-sendromlu-melike-polis-ekiplerinden-dogum-gunu-surprizi\/\" \/>\n<meta property=\"og:locale\" content=\"tr_TR\" \/>\n<meta property=\"og:type\" content=\"article\" \/>\n<meta property=\"og:title\" content=\"Down sendromlu Melik&#039;e polis ekiplerinden do\u011fum g\u00fcn\u00fc s\u00fcrprizi - Memurun Sesi\" \/>\n<meta property=\"og:description\" content=\"\u00a0 \u00a0Down sendromlu o\u011flu Melik Gencer Sabuncu&#039;nun do\u011fum g\u00fcn\u00fcn\u00fc \u00e7ok sevdi\u011fi polislerle birlikte kutlamak isteyen baban\u0131n C\u0130MER&#039;e yapt\u0131\u011f\u0131 ba\u015fvuru \u00fczerine\" \/>\n<meta property=\"og:url\" content=\"https:\/\/memurunsesi.net\/index.php\/2026\/04\/05\/down-sendromlu-melike-polis-ekiplerinden-dogum-gunu-surprizi\/\" \/>\n<meta property=\"og:site_name\" content=\"Memurun Sesi\" \/>\n<meta property=\"article:publisher\" content=\"https:\/\/www.facebook.com\/unipersen\/?locale=tr_TR\" \/>\n<meta property=\"article:published_time\" content=\"2026-04-05T10:18:04+00:00\" \/>\n<meta property=\"og:image\" content=\"https:\/\/memurunsesi.net\/wp-content\/uploads\/2026\/04\/down.jpg\" \/>\n\t<meta property=\"og:image:width\" content=\"1200\" \/>\n\t<meta property=\"og:image:height\" content=\"1600\" \/>\n\t<meta property=\"og:image:type\" content=\"image\/jpeg\" \/>\n<meta name=\"author\" content=\"Memurun Sesi Haber Merkezi\" \/>\n<meta name=\"twitter:card\" content=\"summary_large_image\" \/>\n<meta name=\"twitter:creator\" content=\"@unipersen\" \/>\n<meta name=\"twitter:site\" content=\"@unipersen\" \/>\n<meta name=\"twitter:label1\" content=\"Yazan:\" \/>\n\t<meta name=\"twitter:data1\" content=\"Memurun Sesi Haber Merkezi\" \/>\n\t<meta name=\"twitter:label2\" content=\"Tahmini okuma s\u00fcresi\" \/>\n\t<meta name=\"twitter:data2\" content=\"2 dakika\" \/>\n<script type=\"application\/ld+json\" class=\"yoast-schema-graph\">{\"@context\":\"https:\\\/\\\/schema.org\",\"@graph\":[{\"@type\":\"Article\",\"@id\":\"https:\\\/\\\/memurunsesi.net\\\/index.php\\\/2026\\\/04\\\/05\\\/down-sendromlu-melike-polis-ekiplerinden-dogum-gunu-surprizi\\\/#article\",\"isPartOf\":{\"@id\":\"https:\\\/\\\/memurunsesi.net\\\/index.php\\\/2026\\\/04\\\/05\\\/down-sendromlu-melike-polis-ekiplerinden-dogum-gunu-surprizi\\\/\"},\"author\":{\"name\":\"Memurun Sesi Haber Merkezi\",\"@id\":\"https:\\\/\\\/memurunsesi.net\\\/#\\\/schema\\\/person\\\/f21c2d73b89f6ee1d80b0a1803e38587\"},\"headline\":\"Down sendromlu Melik&#8217;e polis ekiplerinden do\u011fum g\u00fcn\u00fc s\u00fcrprizi\",\"datePublished\":\"2026-04-05T10:18:04+00:00\",\"mainEntityOfPage\":{\"@id\":\"https:\\\/\\\/memurunsesi.net\\\/index.php\\\/2026\\\/04\\\/05\\\/down-sendromlu-melike-polis-ekiplerinden-dogum-gunu-surprizi\\\/\"},\"wordCount\":213,\"commentCount\":0,\"publisher\":{\"@id\":\"https:\\\/\\\/memurunsesi.net\\\/#organization\"},\"image\":{\"@id\":\"https:\\\/\\\/memurunsesi.net\\\/index.php\\\/2026\\\/04\\\/05\\\/down-sendromlu-melike-polis-ekiplerinden-dogum-gunu-surprizi\\\/#primaryimage\"},\"thumbnailUrl\":\"https:\\\/\\\/memurunsesi.net\\\/wp-content\\\/uploads\\\/2026\\\/04\\\/down.jpg\",\"keywords\":[\"baban\u0131n C\u0130MER'e yapt\u0131\u011f\u0131\",\"ba\u015fvuru\",\"birlikte kutlamak isteyen\",\"\u00e7ok sevdi\u011fi polislerle\",\"do\u011fum g\u00fcn\u00fc\",\"Down sendromlu\",\"kutlama\",\"mutlulu\",\"o\u011flu Melik Gencer Sabuncu'nun\"],\"inLanguage\":\"tr\",\"potentialAction\":[{\"@type\":\"CommentAction\",\"name\":\"Comment\",\"target\":[\"https:\\\/\\\/memurunsesi.net\\\/index.php\\\/2026\\\/04\\\/05\\\/down-sendromlu-melike-polis-ekiplerinden-dogum-gunu-surprizi\\\/#respond\"]}]},{\"@type\":\"WebPage\",\"@id\":\"https:\\\/\\\/memurunsesi.net\\\/index.php\\\/2026\\\/04\\\/05\\\/down-sendromlu-melike-polis-ekiplerinden-dogum-gunu-surprizi\\\/\",\"url\":\"https:\\\/\\\/memurunsesi.net\\\/index.php\\\/2026\\\/04\\\/05\\\/down-sendromlu-melike-polis-ekiplerinden-dogum-gunu-surprizi\\\/\",\"name\":\"Down sendromlu Melik'e polis ekiplerinden do\u011fum g\u00fcn\u00fc s\u00fcrprizi - Memurun Sesi\",\"isPartOf\":{\"@id\":\"https:\\\/\\\/memurunsesi.net\\\/#website\"},\"primaryImageOfPage\":{\"@id\":\"https:\\\/\\\/memurunsesi.net\\\/index.php\\\/2026\\\/04\\\/05\\\/down-sendromlu-melike-polis-ekiplerinden-dogum-gunu-surprizi\\\/#primaryimage\"},\"image\":{\"@id\":\"https:\\\/\\\/memurunsesi.net\\\/index.php\\\/2026\\\/04\\\/05\\\/down-sendromlu-melike-polis-ekiplerinden-dogum-gunu-surprizi\\\/#primaryimage\"},\"thumbnailUrl\":\"https:\\\/\\\/memurunsesi.net\\\/wp-content\\\/uploads\\\/2026\\\/04\\\/down.jpg\",\"datePublished\":\"2026-04-05T10:18:04+00:00\",\"description\":\"\u00a0 \u00a0Down sendromlu o\u011flu Melik Gencer Sabuncu'nun do\u011fum g\u00fcn\u00fcn\u00fc \u00e7ok sevdi\u011fi polislerle birlikte kutlamak isteyen baban\u0131n C\u0130MER'e yapt\u0131\u011f\u0131 ba\u015fvuru \u00fczerine\",\"breadcrumb\":{\"@id\":\"https:\\\/\\\/memurunsesi.net\\\/index.php\\\/2026\\\/04\\\/05\\\/down-sendromlu-melike-polis-ekiplerinden-dogum-gunu-surprizi\\\/#breadcrumb\"},\"inLanguage\":\"tr\",\"potentialAction\":[{\"@type\":\"ReadAction\",\"target\":[\"https:\\\/\\\/memurunsesi.net\\\/index.php\\\/2026\\\/04\\\/05\\\/down-sendromlu-melike-polis-ekiplerinden-dogum-gunu-surprizi\\\/\"]}]},{\"@type\":\"ImageObject\",\"inLanguage\":\"tr\",\"@id\":\"https:\\\/\\\/memurunsesi.net\\\/index.php\\\/2026\\\/04\\\/05\\\/down-sendromlu-melike-polis-ekiplerinden-dogum-gunu-surprizi\\\/#primaryimage\",\"url\":\"https:\\\/\\\/memurunsesi.net\\\/wp-content\\\/uploads\\\/2026\\\/04\\\/down.jpg\",\"contentUrl\":\"https:\\\/\\\/memurunsesi.net\\\/wp-content\\\/uploads\\\/2026\\\/04\\\/down.jpg\",\"width\":1200,\"height\":1600,\"caption\":\"DOWN SENDROMLU O\u011eLU MEL\u0130K GENCER SABUNCU'UN DO\u011eUM G\u00dcN\u00dcN\u00dc \u00c7OK SEVD\u0130\u011e\u0130 POL\u0130SLERLE B\u0130RL\u0130KTE KUTLAMAK \u0130STEYEN BABANIN C\u0130MER'E YAPTI\u011eI BA\u015eVURU \u00dcZER\u0130NE, TOPLUM DESTEKL\u0130 POL\u0130SL\u0130K B\u00dcRO AM\u0130RL\u0130\u011e\u0130 EK\u0130PLER\u0130 HAREKETE GE\u00c7EREK, MEL\u0130K \u0130\u00c7\u0130N S\u00dcRPR\u0130Z B\u0130R DO\u011eUM G\u00dcN\u00dc KUTLAMASI D\u00dcZENLED\u0130. (\u0130HA\\\/ANKARA-\u0130HA) Down sendromlu o\u011flu Melik Gencer Sabuncu'nun do\u011fum g\u00fcn\u00fcn\u00fc \u00e7ok sevdi\u011fi polislerle birlikte kutlamak isteyen baban\u0131n C\u0130MER'e yapt\u0131\u011f\u0131 ba\u015fvuru \u00fczerine, Toplum Destekli Polislik B\u00fcro Amirli\u011fi ekipleri harekete ge\u00e7erek, Melik i\u00e7in s\u00fcrpriz bir do\u011fum g\u00fcn\u00fc kutlamas\u0131 d\u00fczenledi.\"},{\"@type\":\"BreadcrumbList\",\"@id\":\"https:\\\/\\\/memurunsesi.net\\\/index.php\\\/2026\\\/04\\\/05\\\/down-sendromlu-melike-polis-ekiplerinden-dogum-gunu-surprizi\\\/#breadcrumb\",\"itemListElement\":[{\"@type\":\"ListItem\",\"position\":1,\"name\":\"Anasayfa\",\"item\":\"https:\\\/\\\/memurunsesi.net\\\/\"},{\"@type\":\"ListItem\",\"position\":2,\"name\":\"Down sendromlu Melik&#8217;e polis ekiplerinden do\u011fum g\u00fcn\u00fc s\u00fcrprizi\"}]},{\"@type\":\"WebSite\",\"@id\":\"https:\\\/\\\/memurunsesi.net\\\/#website\",\"url\":\"https:\\\/\\\/memurunsesi.net\\\/\",\"name\":\"Memurun Sesi\",\"description\":\"G\u00fcncel ve Do\u011fru Haber\",\"publisher\":{\"@id\":\"https:\\\/\\\/memurunsesi.net\\\/#organization\"},\"potentialAction\":[{\"@type\":\"SearchAction\",\"target\":{\"@type\":\"EntryPoint\",\"urlTemplate\":\"https:\\\/\\\/memurunsesi.net\\\/?s={search_term_string}\"},\"query-input\":{\"@type\":\"PropertyValueSpecification\",\"valueRequired\":true,\"valueName\":\"search_term_string\"}}],\"inLanguage\":\"tr\"},{\"@type\":\"Organization\",\"@id\":\"https:\\\/\\\/memurunsesi.net\\\/#organization\",\"name\":\"Memurun Sesi\",\"url\":\"https:\\\/\\\/memurunsesi.net\\\/\",\"logo\":{\"@type\":\"ImageObject\",\"inLanguage\":\"tr\",\"@id\":\"https:\\\/\\\/memurunsesi.net\\\/#\\\/schema\\\/logo\\\/image\\\/\",\"url\":\"https:\\\/\\\/memurunsesi.net\\\/wp-content\\\/uploads\\\/2025\\\/11\\\/cropped-MEMURUN-SESI.png\",\"contentUrl\":\"https:\\\/\\\/memurunsesi.net\\\/wp-content\\\/uploads\\\/2025\\\/11\\\/cropped-MEMURUN-SESI.png\",\"width\":238,\"height\":57,\"caption\":\"Memurun Sesi\"},\"image\":{\"@id\":\"https:\\\/\\\/memurunsesi.net\\\/#\\\/schema\\\/logo\\\/image\\\/\"},\"sameAs\":[\"https:\\\/\\\/www.facebook.com\\\/unipersen\\\/?locale=tr_TR\",\"https:\\\/\\\/x.com\\\/unipersen\"]},{\"@type\":\"Person\",\"@id\":\"https:\\\/\\\/memurunsesi.net\\\/#\\\/schema\\\/person\\\/f21c2d73b89f6ee1d80b0a1803e38587\",\"name\":\"Memurun Sesi Haber Merkezi\",\"image\":{\"@type\":\"ImageObject\",\"inLanguage\":\"tr\",\"@id\":\"https:\\\/\\\/secure.gravatar.com\\\/avatar\\\/6cf0505f452ee753f485014986fab09a434671d2b919ee76fc541025c5876a70?s=96&d=mm&r=g\",\"url\":\"https:\\\/\\\/secure.gravatar.com\\\/avatar\\\/6cf0505f452ee753f485014986fab09a434671d2b919ee76fc541025c5876a70?s=96&d=mm&r=g\",\"contentUrl\":\"https:\\\/\\\/secure.gravatar.com\\\/avatar\\\/6cf0505f452ee753f485014986fab09a434671d2b919ee76fc541025c5876a70?s=96&d=mm&r=g\",\"caption\":\"Memurun Sesi Haber Merkezi\"},\"sameAs\":[\"https:\\\/\\\/memurunsesi.net\"],\"url\":\"https:\\\/\\\/memurunsesi.net\\\/index.php\\\/author\\\/uniper\\\/\"}]}<\/script>\n<!-- \/ Yoast SEO plugin. -->","yoast_head_json":{"title":"Down sendromlu Melik'e polis ekiplerinden do\u011fum g\u00fcn\u00fc s\u00fcrprizi - Memurun Sesi","description":"\u00a0 \u00a0Down sendromlu o\u011flu Melik Gencer Sabuncu'nun do\u011fum g\u00fcn\u00fcn\u00fc \u00e7ok sevdi\u011fi polislerle birlikte kutlamak isteyen baban\u0131n C\u0130MER'e yapt\u0131\u011f\u0131 ba\u015fvuru \u00fczerine","robots":{"index":"index","follow":"follow","max-snippet":"max-snippet:-1","max-image-preview":"max-image-preview:large","max-video-preview":"max-video-preview:-1"},"canonical":"https:\/\/memurunsesi.net\/index.php\/2026\/04\/05\/down-sendromlu-melike-polis-ekiplerinden-dogum-gunu-surprizi\/","og_locale":"tr_TR","og_type":"article","og_title":"Down sendromlu Melik'e polis ekiplerinden do\u011fum g\u00fcn\u00fc s\u00fcrprizi - Memurun Sesi","og_description":"\u00a0 \u00a0Down sendromlu o\u011flu Melik Gencer Sabuncu'nun do\u011fum g\u00fcn\u00fcn\u00fc \u00e7ok sevdi\u011fi polislerle birlikte kutlamak isteyen baban\u0131n C\u0130MER'e yapt\u0131\u011f\u0131 ba\u015fvuru \u00fczerine","og_url":"https:\/\/memurunsesi.net\/index.php\/2026\/04\/05\/down-sendromlu-melike-polis-ekiplerinden-dogum-gunu-surprizi\/","og_site_name":"Memurun Sesi","article_publisher":"https:\/\/www.facebook.com\/unipersen\/?locale=tr_TR","article_published_time":"2026-04-05T10:18:04+00:00","og_image":[{"width":1200,"height":1600,"url":"https:\/\/memurunsesi.net\/wp-content\/uploads\/2026\/04\/down.jpg","type":"image\/jpeg"}],"author":"Memurun Sesi Haber Merkezi","twitter_card":"summary_large_image","twitter_creator":"@unipersen","twitter_site":"@unipersen","twitter_misc":{"Yazan:":"Memurun Sesi Haber Merkezi","Tahmini okuma s\u00fcresi":"2 dakika"},"schema":{"@context":"https:\/\/schema.org","@graph":[{"@type":"Article","@id":"https:\/\/memurunsesi.net\/index.php\/2026\/04\/05\/down-sendromlu-melike-polis-ekiplerinden-dogum-gunu-surprizi\/#article","isPartOf":{"@id":"https:\/\/memurunsesi.net\/index.php\/2026\/04\/05\/down-sendromlu-melike-polis-ekiplerinden-dogum-gunu-surprizi\/"},"author":{"name":"Memurun Sesi Haber Merkezi","@id":"https:\/\/memurunsesi.net\/#\/schema\/person\/f21c2d73b89f6ee1d80b0a1803e38587"},"headline":"Down sendromlu Melik&#8217;e polis ekiplerinden do\u011fum g\u00fcn\u00fc s\u00fcrprizi","datePublished":"2026-04-05T10:18:04+00:00","mainEntityOfPage":{"@id":"https:\/\/memurunsesi.net\/index.php\/2026\/04\/05\/down-sendromlu-melike-polis-ekiplerinden-dogum-gunu-surprizi\/"},"wordCount":213,"commentCount":0,"publisher":{"@id":"https:\/\/memurunsesi.net\/#organization"},"image":{"@id":"https:\/\/memurunsesi.net\/index.php\/2026\/04\/05\/down-sendromlu-melike-polis-ekiplerinden-dogum-gunu-surprizi\/#primaryimage"},"thumbnailUrl":"https:\/\/memurunsesi.net\/wp-content\/uploads\/2026\/04\/down.jpg","keywords":["baban\u0131n C\u0130MER'e yapt\u0131\u011f\u0131","ba\u015fvuru","birlikte kutlamak isteyen","\u00e7ok sevdi\u011fi polislerle","do\u011fum g\u00fcn\u00fc","Down sendromlu","kutlama","mutlulu","o\u011flu Melik Gencer Sabuncu'nun"],"inLanguage":"tr","potentialAction":[{"@type":"CommentAction","name":"Comment","target":["https:\/\/memurunsesi.net\/index.php\/2026\/04\/05\/down-sendromlu-melike-polis-ekiplerinden-dogum-gunu-surprizi\/#respond"]}]},{"@type":"WebPage","@id":"https:\/\/memurunsesi.net\/index.php\/2026\/04\/05\/down-sendromlu-melike-polis-ekiplerinden-dogum-gunu-surprizi\/","url":"https:\/\/memurunsesi.net\/index.php\/2026\/04\/05\/down-sendromlu-melike-polis-ekiplerinden-dogum-gunu-surprizi\/","name":"Down sendromlu Melik'e polis ekiplerinden do\u011fum g\u00fcn\u00fc s\u00fcrprizi - Memurun Sesi","isPartOf":{"@id":"https:\/\/memurunsesi.net\/#website"},"primaryImageOfPage":{"@id":"https:\/\/memurunsesi.net\/index.php\/2026\/04\/05\/down-sendromlu-melike-polis-ekiplerinden-dogum-gunu-surprizi\/#primaryimage"},"image":{"@id":"https:\/\/memurunsesi.net\/index.php\/2026\/04\/05\/down-sendromlu-melike-polis-ekiplerinden-dogum-gunu-surprizi\/#primaryimage"},"thumbnailUrl":"https:\/\/memurunsesi.net\/wp-content\/uploads\/2026\/04\/down.jpg","datePublished":"2026-04-05T10:18:04+00:00","description":"\u00a0 \u00a0Down sendromlu o\u011flu Melik Gencer Sabuncu'nun do\u011fum g\u00fcn\u00fcn\u00fc \u00e7ok sevdi\u011fi polislerle birlikte kutlamak isteyen baban\u0131n C\u0130MER'e yapt\u0131\u011f\u0131 ba\u015fvuru \u00fczerine","breadcrumb":{"@id":"https:\/\/memurunsesi.net\/index.php\/2026\/04\/05\/down-sendromlu-melike-polis-ekiplerinden-dogum-gunu-surprizi\/#breadcrumb"},"inLanguage":"tr","potentialAction":[{"@type":"ReadAction","target":["https:\/\/memurunsesi.net\/index.php\/2026\/04\/05\/down-sendromlu-melike-polis-ekiplerinden-dogum-gunu-surprizi\/"]}]},{"@type":"ImageObject","inLanguage":"tr","@id":"https:\/\/memurunsesi.net\/index.php\/2026\/04\/05\/down-sendromlu-melike-polis-ekiplerinden-dogum-gunu-surprizi\/#primaryimage","url":"https:\/\/memurunsesi.net\/wp-content\/uploads\/2026\/04\/down.jpg","contentUrl":"https:\/\/memurunsesi.net\/wp-content\/uploads\/2026\/04\/down.jpg","width":1200,"height":1600,"caption":"DOWN SENDROMLU O\u011eLU MEL\u0130K GENCER SABUNCU'UN DO\u011eUM G\u00dcN\u00dcN\u00dc \u00c7OK SEVD\u0130\u011e\u0130 POL\u0130SLERLE B\u0130RL\u0130KTE KUTLAMAK \u0130STEYEN BABANIN C\u0130MER'E YAPTI\u011eI BA\u015eVURU \u00dcZER\u0130NE, TOPLUM DESTEKL\u0130 POL\u0130SL\u0130K B\u00dcRO AM\u0130RL\u0130\u011e\u0130 EK\u0130PLER\u0130 HAREKETE GE\u00c7EREK, MEL\u0130K \u0130\u00c7\u0130N S\u00dcRPR\u0130Z B\u0130R DO\u011eUM G\u00dcN\u00dc KUTLAMASI D\u00dcZENLED\u0130. (\u0130HA\/ANKARA-\u0130HA) Down sendromlu o\u011flu Melik Gencer Sabuncu'nun do\u011fum g\u00fcn\u00fcn\u00fc \u00e7ok sevdi\u011fi polislerle birlikte kutlamak isteyen baban\u0131n C\u0130MER'e yapt\u0131\u011f\u0131 ba\u015fvuru \u00fczerine, Toplum Destekli Polislik B\u00fcro Amirli\u011fi ekipleri harekete ge\u00e7erek, Melik i\u00e7in s\u00fcrpriz bir do\u011fum g\u00fcn\u00fc kutlamas\u0131 d\u00fczenledi."},{"@type":"BreadcrumbList","@id":"https:\/\/memurunsesi.net\/index.php\/2026\/04\/05\/down-sendromlu-melike-polis-ekiplerinden-dogum-gunu-surprizi\/#breadcrumb","itemListElement":[{"@type":"ListItem","position":1,"name":"Anasayfa","item":"https:\/\/memurunsesi.net\/"},{"@type":"ListItem","position":2,"name":"Down sendromlu Melik&#8217;e polis ekiplerinden do\u011fum g\u00fcn\u00fc s\u00fcrprizi"}]},{"@type":"WebSite","@id":"https:\/\/memurunsesi.net\/#website","url":"https:\/\/memurunsesi.net\/","name":"Memurun Sesi","description":"G\u00fcncel ve Do\u011fru Haber","publisher":{"@id":"https:\/\/memurunsesi.net\/#organization"},"potentialAction":[{"@type":"SearchAction","target":{"@type":"EntryPoint","urlTemplate":"https:\/\/memurunsesi.net\/?s={search_term_string}"},"query-input":{"@type":"PropertyValueSpecification","valueRequired":true,"valueName":"search_term_string"}}],"inLanguage":"tr"},{"@type":"Organization","@id":"https:\/\/memurunsesi.net\/#organization","name":"Memurun Sesi","url":"https:\/\/memurunsesi.net\/","logo":{"@type":"ImageObject","inLanguage":"tr","@id":"https:\/\/memurunsesi.net\/#\/schema\/logo\/image\/","url":"https:\/\/memurunsesi.net\/wp-content\/uploads\/2025\/11\/cropped-MEMURUN-SESI.png","contentUrl":"https:\/\/memurunsesi.net\/wp-content\/uploads\/2025\/11\/cropped-MEMURUN-SESI.png","width":238,"height":57,"caption":"Memurun Sesi"},"image":{"@id":"https:\/\/memurunsesi.net\/#\/schema\/logo\/image\/"},"sameAs":["https:\/\/www.facebook.com\/unipersen\/?locale=tr_TR","https:\/\/x.com\/unipersen"]},{"@type":"Person","@id":"https:\/\/memurunsesi.net\/#\/schema\/person\/f21c2d73b89f6ee1d80b0a1803e38587","name":"Memurun Sesi Haber Merkezi","image":{"@type":"ImageObject","inLanguage":"tr","@id":"https:\/\/secure.gravatar.com\/avatar\/6cf0505f452ee753f485014986fab09a434671d2b919ee76fc541025c5876a70?s=96&d=mm&r=g","url":"https:\/\/secure.gravatar.com\/avatar\/6cf0505f452ee753f485014986fab09a434671d2b919ee76fc541025c5876a70?s=96&d=mm&r=g","contentUrl":"https:\/\/secure.gravatar.com\/avatar\/6cf0505f452ee753f485014986fab09a434671d2b919ee76fc541025c5876a70?s=96&d=mm&r=g","caption":"Memurun Sesi Haber Merkezi"},"sameAs":["https:\/\/memurunsesi.net"],"url":"https:\/\/memurunsesi.net\/index.php\/author\/uniper\/"}]}},"_links":{"self":[{"href":"https:\/\/memurunsesi.net\/index.php\/wp-json\/wp\/v2\/posts\/18899","targetHints":{"allow":["GET"]}}],"collection":[{"href":"https:\/\/memurunsesi.net\/index.php\/wp-json\/wp\/v2\/posts"}],"about":[{"href":"https:\/\/memurunsesi.net\/index.php\/wp-json\/wp\/v2\/types\/post"}],"author":[{"embeddable":true,"href":"https:\/\/memurunsesi.net\/index.php\/wp-json\/wp\/v2\/users\/1"}],"replies":[{"embeddable":true,"href":"https:\/\/memurunsesi.net\/index.php\/wp-json\/wp\/v2\/comments?post=18899"}],"version-history":[{"count":1,"href":"https:\/\/memurunsesi.net\/index.php\/wp-json\/wp\/v2\/posts\/18899\/revisions"}],"predecessor-version":[{"id":18901,"href":"https:\/\/memurunsesi.net\/index.php\/wp-json\/wp\/v2\/posts\/18899\/revisions\/18901"}],"wp:featuredmedia":[{"embeddable":true,"href":"https:\/\/memurunsesi.net\/index.php\/wp-json\/wp\/v2\/media\/18900"}],"wp:attachment":[{"href":"https:\/\/memurunsesi.net\/index.php\/wp-json\/wp\/v2\/media?parent=18899"}],"wp:term":[{"taxonomy":"category","embeddable":true,"href":"https:\/\/memurunsesi.net\/index.php\/wp-json\/wp\/v2\/categories?post=18899"},{"taxonomy":"post_tag","embeddable":true,"href":"https:\/\/memurunsesi.net\/index.php\/wp-json\/wp\/v2\/tags?post=18899"}],"curies":[{"name":"wp","href":"https:\/\/api.w.org\/{rel}","templated":true}]}}