{"id":18902,"date":"2026-04-05T13:22:53","date_gmt":"2026-04-05T10:22:53","guid":{"rendered":"https:\/\/memurunsesi.net\/?p=18902"},"modified":"2026-04-05T13:22:53","modified_gmt":"2026-04-05T10:22:53","slug":"tbmmde-yogun-hafta-dogum-izni-ve-sosyal-duzenlemeler-gundemde","status":"publish","type":"post","link":"https:\/\/memurunsesi.net\/index.php\/2026\/04\/05\/tbmmde-yogun-hafta-dogum-izni-ve-sosyal-duzenlemeler-gundemde\/","title":{"rendered":"TBMM\u2019de Yo\u011fun Hafta: Do\u011fum \u0130zni ve Sosyal D\u00fczenlemeler G\u00fcndemde"},"content":{"rendered":"<p data-start=\"69\" data-end=\"364\">\u00a0 \u00a0 \u00a0T\u00fcrkiye B\u00fcy\u00fck Millet Meclisi\u2019nde bu hafta \u00f6nemli sosyal d\u00fczenlemeleri i\u00e7eren kanun teklifi ele al\u0131nacak. Sosyal hizmetler, do\u011fum izni ve dijital platformlara y\u00f6nelik \u00e7e\u015fitli de\u011fi\u015fiklikleri kapsayan teklifin, Genel Kurul g\u00fcndeminin ilk s\u0131ras\u0131na al\u0131narak k\u0131sa s\u00fcrede yasala\u015ft\u0131r\u0131lmas\u0131 hedefleniyor.<\/p>\n<p data-start=\"366\" data-end=\"777\">Genel Kurul\u2019un 7 Nisan Sal\u0131 g\u00fcn\u00fc ba\u015flayacak g\u00f6r\u00fc\u015fmelerinde, \u00f6zellikle do\u011fum izni s\u00fcresine ili\u015fkin d\u00fczenleme \u00f6ne \u00e7\u0131k\u0131yor. Buna g\u00f6re kad\u0131n \u00e7al\u0131\u015fanlara verilen anal\u0131k izninin 16 haftadan 24 haftaya \u00e7\u0131kar\u0131lmas\u0131 planlan\u0131yor. D\u00fczenlemenin y\u00fcr\u00fcrl\u00fc\u011fe girmesiyle birlikte, h\u00e2lihaz\u0131rda do\u011fum izninde olan ve 24 haftal\u0131k s\u00fcresi hen\u00fcz dolmam\u0131\u015f personele talep etmeleri halinde 8 haftaya kadar ek izin verilmesi \u00f6ng\u00f6r\u00fcl\u00fcyor.<\/p>\n<p data-start=\"779\" data-end=\"1080\">Teklifte aile hayat\u0131n\u0131 destekleyici ba\u015fka ad\u0131mlar da yer al\u0131yor. E\u015finin do\u011fum yapmas\u0131 durumunda \u00e7al\u0131\u015fan babalara verilen \u00fccretli izin s\u00fcresi 5 g\u00fcnden 10 g\u00fcne \u00e7\u0131kar\u0131lacak. Ayr\u0131ca koruyucu aile olan memurlara, \u00e7ocu\u011fun teslim edilmesinin ard\u0131ndan talep etmeleri halinde 10 g\u00fcn izin verilmesi planlan\u0131yor.<\/p>\n<p data-start=\"1082\" data-end=\"1374\">Sosyal destekler kapsam\u0131nda ise yeterli geliri bulunmad\u0131\u011f\u0131 de\u011ferlendirilen kad\u0131n ve \u00e7ocuklara, belirli \u015fartlarda kesintisiz nakdi yard\u0131m yap\u0131lmas\u0131n\u0131n \u00f6n\u00fc a\u00e7\u0131l\u0131yor. Bunun yan\u0131 s\u0131ra \u00e7ocuklar\u0131n aile ortam\u0131nda desteklenmesine y\u00f6nelik koruyucu ve \u00f6nleyici hizmetlerin g\u00fc\u00e7lendirilmesi hedefleniyor.<\/p>\n<p data-start=\"1376\" data-end=\"1703\">Dijital alanda da \u00f6nemli d\u00fczenlemeler teklifte yer al\u0131yor. Sosyal a\u011f sa\u011flay\u0131c\u0131lar\u0131n 15 ya\u015f alt\u0131ndaki \u00e7ocuklara hizmet sunmas\u0131n\u0131n \u00f6n\u00fcne ge\u00e7ilmesi ve bu konuda ya\u015f do\u011frulama sistemlerinin zorunlu hale getirilmesi planlan\u0131yor. Ayr\u0131ca oyun platformlar\u0131na, ya\u015f derecelendirmesi yap\u0131lmam\u0131\u015f i\u00e7erikleri sunmama y\u00fck\u00fcml\u00fcl\u00fc\u011f\u00fc getirilecek.<\/p>\n<p data-start=\"1705\" data-end=\"1912\" data-is-last-node=\"\" data-is-only-node=\"\">Siyasi parti gruplar\u0131n\u0131n ortak yakla\u015f\u0131m\u0131yla teklifin h\u0131zla g\u00f6r\u00fc\u015f\u00fclerek yasala\u015ft\u0131r\u0131lmas\u0131 ve \u00f6zellikle do\u011fum izni d\u00fczenlemesinin h\u00e2lihaz\u0131rda izinde olan kad\u0131nlar\u0131 da kapsayacak \u015fekilde uygulanmas\u0131 ama\u00e7lan\u0131yor.<\/p>\n","protected":false},"excerpt":{"rendered":"<p>\u00a0 \u00a0 \u00a0T\u00fcrkiye B\u00fcy\u00fck Millet Meclisi\u2019nde bu hafta \u00f6nemli sosyal d\u00fczenlemeleri i\u00e7eren kanun teklifi ele al\u0131nacak. Sosyal hizmetler, do\u011fum izni ve dijital platformlara y\u00f6nelik \u00e7e\u015fitli de\u011fi\u015fiklikleri kapsayan teklifin, Genel Kurul g\u00fcndeminin ilk s\u0131ras\u0131na al\u0131narak k\u0131sa s\u00fcrede yasala\u015ft\u0131r\u0131lmas\u0131 hedefleniyor. Genel Kurul\u2019un 7 Nisan Sal\u0131 g\u00fcn\u00fc ba\u015flayacak g\u00f6r\u00fc\u015fmelerinde, \u00f6zellikle do\u011fum izni s\u00fcresine ili\u015fkin d\u00fczenleme \u00f6ne \u00e7\u0131k\u0131yor. Buna [&hellip;]<\/p>\n","protected":false},"author":1,"featured_media":16007,"comment_status":"open","ping_status":"open","sticky":false,"template":"","format":"standard","meta":{"footnotes":""},"categories":[1],"tags":[2707,2708,2712,1788,2710,1737,2709,2711,1594,2034],"class_list":["post-18902","post","type-post","status-publish","format-standard","has-post-thumbnail","hentry","category-genel","tag-analik-izni","tag-babalik-izni","tag-cocuk-haklari","tag-dogum-izni","tag-genel-kurul","tag-kanun-teklifi","tag-sosyal-hizmetler","tag-sosyal-medya-duzenlemesi","tag-tbmm","tag-turkiye-gundemi"],"yoast_head":"<!-- This site is optimized with the Yoast SEO plugin v27.4 - https:\/\/yoast.com\/product\/yoast-seo-wordpress\/ -->\n<title>TBMM\u2019de Yo\u011fun Hafta: Do\u011fum \u0130zni ve Sosyal D\u00fczenlemeler G\u00fcndemde - Memurun Sesi<\/title>\n<meta name=\"description\" content=\"TBMM\u2019de bu hafta g\u00f6r\u00fc\u015f\u00fclecek kanun teklifiyle do\u011fum izninin 24 haftaya \u00e7\u0131kar\u0131lmas\u0131, babal\u0131k izninin art\u0131r\u0131lmas\u0131 ve sosyal medya ile \u00e7ocuklara y\u00f6nelik yeni d\u00fczenlemeler g\u00fcndeme geliyor.\" \/>\n<meta name=\"robots\" content=\"index, follow, max-snippet:-1, max-image-preview:large, max-video-preview:-1\" \/>\n<link rel=\"canonical\" href=\"https:\/\/memurunsesi.net\/index.php\/2026\/04\/05\/tbmmde-yogun-hafta-dogum-izni-ve-sosyal-duzenlemeler-gundemde\/\" \/>\n<meta property=\"og:locale\" content=\"tr_TR\" \/>\n<meta property=\"og:type\" content=\"article\" \/>\n<meta property=\"og:title\" content=\"TBMM\u2019de Yo\u011fun Hafta: Do\u011fum \u0130zni ve Sosyal D\u00fczenlemeler G\u00fcndemde - Memurun Sesi\" \/>\n<meta property=\"og:description\" content=\"TBMM\u2019de bu hafta g\u00f6r\u00fc\u015f\u00fclecek kanun teklifiyle do\u011fum izninin 24 haftaya \u00e7\u0131kar\u0131lmas\u0131, babal\u0131k izninin art\u0131r\u0131lmas\u0131 ve sosyal medya ile \u00e7ocuklara y\u00f6nelik yeni d\u00fczenlemeler g\u00fcndeme geliyor.\" \/>\n<meta property=\"og:url\" content=\"https:\/\/memurunsesi.net\/index.php\/2026\/04\/05\/tbmmde-yogun-hafta-dogum-izni-ve-sosyal-duzenlemeler-gundemde\/\" \/>\n<meta property=\"og:site_name\" content=\"Memurun Sesi\" \/>\n<meta property=\"article:publisher\" content=\"https:\/\/www.facebook.com\/unipersen\/?locale=tr_TR\" \/>\n<meta property=\"article:published_time\" content=\"2026-04-05T10:22:53+00:00\" \/>\n<meta property=\"og:image\" content=\"https:\/\/memurunsesi.net\/wp-content\/uploads\/2026\/01\/meclis.jpg\" \/>\n\t<meta property=\"og:image:width\" content=\"275\" \/>\n\t<meta property=\"og:image:height\" content=\"183\" \/>\n\t<meta property=\"og:image:type\" content=\"image\/jpeg\" \/>\n<meta name=\"author\" content=\"Memurun Sesi Haber Merkezi\" \/>\n<meta name=\"twitter:card\" content=\"summary_large_image\" \/>\n<meta name=\"twitter:creator\" content=\"@unipersen\" \/>\n<meta name=\"twitter:site\" content=\"@unipersen\" \/>\n<meta name=\"twitter:label1\" content=\"Yazan:\" \/>\n\t<meta name=\"twitter:data1\" content=\"Memurun Sesi Haber Merkezi\" \/>\n\t<meta name=\"twitter:label2\" content=\"Tahmini okuma s\u00fcresi\" \/>\n\t<meta name=\"twitter:data2\" content=\"2 dakika\" \/>\n<script type=\"application\/ld+json\" class=\"yoast-schema-graph\">{\"@context\":\"https:\\\/\\\/schema.org\",\"@graph\":[{\"@type\":\"Article\",\"@id\":\"https:\\\/\\\/memurunsesi.net\\\/index.php\\\/2026\\\/04\\\/05\\\/tbmmde-yogun-hafta-dogum-izni-ve-sosyal-duzenlemeler-gundemde\\\/#article\",\"isPartOf\":{\"@id\":\"https:\\\/\\\/memurunsesi.net\\\/index.php\\\/2026\\\/04\\\/05\\\/tbmmde-yogun-hafta-dogum-izni-ve-sosyal-duzenlemeler-gundemde\\\/\"},\"author\":{\"name\":\"Memurun Sesi Haber Merkezi\",\"@id\":\"https:\\\/\\\/memurunsesi.net\\\/#\\\/schema\\\/person\\\/f21c2d73b89f6ee1d80b0a1803e38587\"},\"headline\":\"TBMM\u2019de Yo\u011fun Hafta: Do\u011fum \u0130zni ve Sosyal D\u00fczenlemeler G\u00fcndemde\",\"datePublished\":\"2026-04-05T10:22:53+00:00\",\"mainEntityOfPage\":{\"@id\":\"https:\\\/\\\/memurunsesi.net\\\/index.php\\\/2026\\\/04\\\/05\\\/tbmmde-yogun-hafta-dogum-izni-ve-sosyal-duzenlemeler-gundemde\\\/\"},\"wordCount\":348,\"commentCount\":0,\"publisher\":{\"@id\":\"https:\\\/\\\/memurunsesi.net\\\/#organization\"},\"image\":{\"@id\":\"https:\\\/\\\/memurunsesi.net\\\/index.php\\\/2026\\\/04\\\/05\\\/tbmmde-yogun-hafta-dogum-izni-ve-sosyal-duzenlemeler-gundemde\\\/#primaryimage\"},\"thumbnailUrl\":\"https:\\\/\\\/memurunsesi.net\\\/wp-content\\\/uploads\\\/2026\\\/01\\\/meclis.jpg\",\"keywords\":[\"anal\u0131k izni\",\"babal\u0131k izni\",\"\u00e7ocuk haklar\u0131\",\"do\u011fum izni\",\"Genel Kurul\",\"kanun teklifi\",\"sosyal hizmetler\",\"sosyal medya d\u00fczenlemesi\",\"TBMM\",\"T\u00fcrkiye g\u00fcndemi\"],\"inLanguage\":\"tr\",\"potentialAction\":[{\"@type\":\"CommentAction\",\"name\":\"Comment\",\"target\":[\"https:\\\/\\\/memurunsesi.net\\\/index.php\\\/2026\\\/04\\\/05\\\/tbmmde-yogun-hafta-dogum-izni-ve-sosyal-duzenlemeler-gundemde\\\/#respond\"]}]},{\"@type\":\"WebPage\",\"@id\":\"https:\\\/\\\/memurunsesi.net\\\/index.php\\\/2026\\\/04\\\/05\\\/tbmmde-yogun-hafta-dogum-izni-ve-sosyal-duzenlemeler-gundemde\\\/\",\"url\":\"https:\\\/\\\/memurunsesi.net\\\/index.php\\\/2026\\\/04\\\/05\\\/tbmmde-yogun-hafta-dogum-izni-ve-sosyal-duzenlemeler-gundemde\\\/\",\"name\":\"TBMM\u2019de Yo\u011fun Hafta: Do\u011fum \u0130zni ve Sosyal D\u00fczenlemeler G\u00fcndemde - Memurun Sesi\",\"isPartOf\":{\"@id\":\"https:\\\/\\\/memurunsesi.net\\\/#website\"},\"primaryImageOfPage\":{\"@id\":\"https:\\\/\\\/memurunsesi.net\\\/index.php\\\/2026\\\/04\\\/05\\\/tbmmde-yogun-hafta-dogum-izni-ve-sosyal-duzenlemeler-gundemde\\\/#primaryimage\"},\"image\":{\"@id\":\"https:\\\/\\\/memurunsesi.net\\\/index.php\\\/2026\\\/04\\\/05\\\/tbmmde-yogun-hafta-dogum-izni-ve-sosyal-duzenlemeler-gundemde\\\/#primaryimage\"},\"thumbnailUrl\":\"https:\\\/\\\/memurunsesi.net\\\/wp-content\\\/uploads\\\/2026\\\/01\\\/meclis.jpg\",\"datePublished\":\"2026-04-05T10:22:53+00:00\",\"description\":\"TBMM\u2019de bu hafta g\u00f6r\u00fc\u015f\u00fclecek kanun teklifiyle do\u011fum izninin 24 haftaya \u00e7\u0131kar\u0131lmas\u0131, babal\u0131k izninin art\u0131r\u0131lmas\u0131 ve sosyal medya ile \u00e7ocuklara y\u00f6nelik yeni d\u00fczenlemeler g\u00fcndeme geliyor.\",\"breadcrumb\":{\"@id\":\"https:\\\/\\\/memurunsesi.net\\\/index.php\\\/2026\\\/04\\\/05\\\/tbmmde-yogun-hafta-dogum-izni-ve-sosyal-duzenlemeler-gundemde\\\/#breadcrumb\"},\"inLanguage\":\"tr\",\"potentialAction\":[{\"@type\":\"ReadAction\",\"target\":[\"https:\\\/\\\/memurunsesi.net\\\/index.php\\\/2026\\\/04\\\/05\\\/tbmmde-yogun-hafta-dogum-izni-ve-sosyal-duzenlemeler-gundemde\\\/\"]}]},{\"@type\":\"ImageObject\",\"inLanguage\":\"tr\",\"@id\":\"https:\\\/\\\/memurunsesi.net\\\/index.php\\\/2026\\\/04\\\/05\\\/tbmmde-yogun-hafta-dogum-izni-ve-sosyal-duzenlemeler-gundemde\\\/#primaryimage\",\"url\":\"https:\\\/\\\/memurunsesi.net\\\/wp-content\\\/uploads\\\/2026\\\/01\\\/meclis.jpg\",\"contentUrl\":\"https:\\\/\\\/memurunsesi.net\\\/wp-content\\\/uploads\\\/2026\\\/01\\\/meclis.jpg\",\"width\":275,\"height\":183},{\"@type\":\"BreadcrumbList\",\"@id\":\"https:\\\/\\\/memurunsesi.net\\\/index.php\\\/2026\\\/04\\\/05\\\/tbmmde-yogun-hafta-dogum-izni-ve-sosyal-duzenlemeler-gundemde\\\/#breadcrumb\",\"itemListElement\":[{\"@type\":\"ListItem\",\"position\":1,\"name\":\"Anasayfa\",\"item\":\"https:\\\/\\\/memurunsesi.net\\\/\"},{\"@type\":\"ListItem\",\"position\":2,\"name\":\"TBMM\u2019de Yo\u011fun Hafta: Do\u011fum \u0130zni ve Sosyal D\u00fczenlemeler G\u00fcndemde\"}]},{\"@type\":\"WebSite\",\"@id\":\"https:\\\/\\\/memurunsesi.net\\\/#website\",\"url\":\"https:\\\/\\\/memurunsesi.net\\\/\",\"name\":\"Memurun Sesi\",\"description\":\"G\u00fcncel ve Do\u011fru Haber\",\"publisher\":{\"@id\":\"https:\\\/\\\/memurunsesi.net\\\/#organization\"},\"potentialAction\":[{\"@type\":\"SearchAction\",\"target\":{\"@type\":\"EntryPoint\",\"urlTemplate\":\"https:\\\/\\\/memurunsesi.net\\\/?s={search_term_string}\"},\"query-input\":{\"@type\":\"PropertyValueSpecification\",\"valueRequired\":true,\"valueName\":\"search_term_string\"}}],\"inLanguage\":\"tr\"},{\"@type\":\"Organization\",\"@id\":\"https:\\\/\\\/memurunsesi.net\\\/#organization\",\"name\":\"Memurun Sesi\",\"url\":\"https:\\\/\\\/memurunsesi.net\\\/\",\"logo\":{\"@type\":\"ImageObject\",\"inLanguage\":\"tr\",\"@id\":\"https:\\\/\\\/memurunsesi.net\\\/#\\\/schema\\\/logo\\\/image\\\/\",\"url\":\"https:\\\/\\\/memurunsesi.net\\\/wp-content\\\/uploads\\\/2025\\\/11\\\/cropped-MEMURUN-SESI.png\",\"contentUrl\":\"https:\\\/\\\/memurunsesi.net\\\/wp-content\\\/uploads\\\/2025\\\/11\\\/cropped-MEMURUN-SESI.png\",\"width\":238,\"height\":57,\"caption\":\"Memurun Sesi\"},\"image\":{\"@id\":\"https:\\\/\\\/memurunsesi.net\\\/#\\\/schema\\\/logo\\\/image\\\/\"},\"sameAs\":[\"https:\\\/\\\/www.facebook.com\\\/unipersen\\\/?locale=tr_TR\",\"https:\\\/\\\/x.com\\\/unipersen\"]},{\"@type\":\"Person\",\"@id\":\"https:\\\/\\\/memurunsesi.net\\\/#\\\/schema\\\/person\\\/f21c2d73b89f6ee1d80b0a1803e38587\",\"name\":\"Memurun Sesi Haber Merkezi\",\"image\":{\"@type\":\"ImageObject\",\"inLanguage\":\"tr\",\"@id\":\"https:\\\/\\\/secure.gravatar.com\\\/avatar\\\/6cf0505f452ee753f485014986fab09a434671d2b919ee76fc541025c5876a70?s=96&d=mm&r=g\",\"url\":\"https:\\\/\\\/secure.gravatar.com\\\/avatar\\\/6cf0505f452ee753f485014986fab09a434671d2b919ee76fc541025c5876a70?s=96&d=mm&r=g\",\"contentUrl\":\"https:\\\/\\\/secure.gravatar.com\\\/avatar\\\/6cf0505f452ee753f485014986fab09a434671d2b919ee76fc541025c5876a70?s=96&d=mm&r=g\",\"caption\":\"Memurun Sesi Haber Merkezi\"},\"sameAs\":[\"https:\\\/\\\/memurunsesi.net\"],\"url\":\"https:\\\/\\\/memurunsesi.net\\\/index.php\\\/author\\\/uniper\\\/\"}]}<\/script>\n<!-- \/ Yoast SEO plugin. -->","yoast_head_json":{"title":"TBMM\u2019de Yo\u011fun Hafta: Do\u011fum \u0130zni ve Sosyal D\u00fczenlemeler G\u00fcndemde - Memurun Sesi","description":"TBMM\u2019de bu hafta g\u00f6r\u00fc\u015f\u00fclecek kanun teklifiyle do\u011fum izninin 24 haftaya \u00e7\u0131kar\u0131lmas\u0131, babal\u0131k izninin art\u0131r\u0131lmas\u0131 ve sosyal medya ile \u00e7ocuklara y\u00f6nelik yeni d\u00fczenlemeler g\u00fcndeme geliyor.","robots":{"index":"index","follow":"follow","max-snippet":"max-snippet:-1","max-image-preview":"max-image-preview:large","max-video-preview":"max-video-preview:-1"},"canonical":"https:\/\/memurunsesi.net\/index.php\/2026\/04\/05\/tbmmde-yogun-hafta-dogum-izni-ve-sosyal-duzenlemeler-gundemde\/","og_locale":"tr_TR","og_type":"article","og_title":"TBMM\u2019de Yo\u011fun Hafta: Do\u011fum \u0130zni ve Sosyal D\u00fczenlemeler G\u00fcndemde - Memurun Sesi","og_description":"TBMM\u2019de bu hafta g\u00f6r\u00fc\u015f\u00fclecek kanun teklifiyle do\u011fum izninin 24 haftaya \u00e7\u0131kar\u0131lmas\u0131, babal\u0131k izninin art\u0131r\u0131lmas\u0131 ve sosyal medya ile \u00e7ocuklara y\u00f6nelik yeni d\u00fczenlemeler g\u00fcndeme geliyor.","og_url":"https:\/\/memurunsesi.net\/index.php\/2026\/04\/05\/tbmmde-yogun-hafta-dogum-izni-ve-sosyal-duzenlemeler-gundemde\/","og_site_name":"Memurun Sesi","article_publisher":"https:\/\/www.facebook.com\/unipersen\/?locale=tr_TR","article_published_time":"2026-04-05T10:22:53+00:00","og_image":[{"width":275,"height":183,"url":"https:\/\/memurunsesi.net\/wp-content\/uploads\/2026\/01\/meclis.jpg","type":"image\/jpeg"}],"author":"Memurun Sesi Haber Merkezi","twitter_card":"summary_large_image","twitter_creator":"@unipersen","twitter_site":"@unipersen","twitter_misc":{"Yazan:":"Memurun Sesi Haber Merkezi","Tahmini okuma s\u00fcresi":"2 dakika"},"schema":{"@context":"https:\/\/schema.org","@graph":[{"@type":"Article","@id":"https:\/\/memurunsesi.net\/index.php\/2026\/04\/05\/tbmmde-yogun-hafta-dogum-izni-ve-sosyal-duzenlemeler-gundemde\/#article","isPartOf":{"@id":"https:\/\/memurunsesi.net\/index.php\/2026\/04\/05\/tbmmde-yogun-hafta-dogum-izni-ve-sosyal-duzenlemeler-gundemde\/"},"author":{"name":"Memurun Sesi Haber Merkezi","@id":"https:\/\/memurunsesi.net\/#\/schema\/person\/f21c2d73b89f6ee1d80b0a1803e38587"},"headline":"TBMM\u2019de Yo\u011fun Hafta: Do\u011fum \u0130zni ve Sosyal D\u00fczenlemeler G\u00fcndemde","datePublished":"2026-04-05T10:22:53+00:00","mainEntityOfPage":{"@id":"https:\/\/memurunsesi.net\/index.php\/2026\/04\/05\/tbmmde-yogun-hafta-dogum-izni-ve-sosyal-duzenlemeler-gundemde\/"},"wordCount":348,"commentCount":0,"publisher":{"@id":"https:\/\/memurunsesi.net\/#organization"},"image":{"@id":"https:\/\/memurunsesi.net\/index.php\/2026\/04\/05\/tbmmde-yogun-hafta-dogum-izni-ve-sosyal-duzenlemeler-gundemde\/#primaryimage"},"thumbnailUrl":"https:\/\/memurunsesi.net\/wp-content\/uploads\/2026\/01\/meclis.jpg","keywords":["anal\u0131k izni","babal\u0131k izni","\u00e7ocuk haklar\u0131","do\u011fum izni","Genel Kurul","kanun teklifi","sosyal hizmetler","sosyal medya d\u00fczenlemesi","TBMM","T\u00fcrkiye g\u00fcndemi"],"inLanguage":"tr","potentialAction":[{"@type":"CommentAction","name":"Comment","target":["https:\/\/memurunsesi.net\/index.php\/2026\/04\/05\/tbmmde-yogun-hafta-dogum-izni-ve-sosyal-duzenlemeler-gundemde\/#respond"]}]},{"@type":"WebPage","@id":"https:\/\/memurunsesi.net\/index.php\/2026\/04\/05\/tbmmde-yogun-hafta-dogum-izni-ve-sosyal-duzenlemeler-gundemde\/","url":"https:\/\/memurunsesi.net\/index.php\/2026\/04\/05\/tbmmde-yogun-hafta-dogum-izni-ve-sosyal-duzenlemeler-gundemde\/","name":"TBMM\u2019de Yo\u011fun Hafta: Do\u011fum \u0130zni ve Sosyal D\u00fczenlemeler G\u00fcndemde - Memurun Sesi","isPartOf":{"@id":"https:\/\/memurunsesi.net\/#website"},"primaryImageOfPage":{"@id":"https:\/\/memurunsesi.net\/index.php\/2026\/04\/05\/tbmmde-yogun-hafta-dogum-izni-ve-sosyal-duzenlemeler-gundemde\/#primaryimage"},"image":{"@id":"https:\/\/memurunsesi.net\/index.php\/2026\/04\/05\/tbmmde-yogun-hafta-dogum-izni-ve-sosyal-duzenlemeler-gundemde\/#primaryimage"},"thumbnailUrl":"https:\/\/memurunsesi.net\/wp-content\/uploads\/2026\/01\/meclis.jpg","datePublished":"2026-04-05T10:22:53+00:00","description":"TBMM\u2019de bu hafta g\u00f6r\u00fc\u015f\u00fclecek kanun teklifiyle do\u011fum izninin 24 haftaya \u00e7\u0131kar\u0131lmas\u0131, babal\u0131k izninin art\u0131r\u0131lmas\u0131 ve sosyal medya ile \u00e7ocuklara y\u00f6nelik yeni d\u00fczenlemeler g\u00fcndeme geliyor.","breadcrumb":{"@id":"https:\/\/memurunsesi.net\/index.php\/2026\/04\/05\/tbmmde-yogun-hafta-dogum-izni-ve-sosyal-duzenlemeler-gundemde\/#breadcrumb"},"inLanguage":"tr","potentialAction":[{"@type":"ReadAction","target":["https:\/\/memurunsesi.net\/index.php\/2026\/04\/05\/tbmmde-yogun-hafta-dogum-izni-ve-sosyal-duzenlemeler-gundemde\/"]}]},{"@type":"ImageObject","inLanguage":"tr","@id":"https:\/\/memurunsesi.net\/index.php\/2026\/04\/05\/tbmmde-yogun-hafta-dogum-izni-ve-sosyal-duzenlemeler-gundemde\/#primaryimage","url":"https:\/\/memurunsesi.net\/wp-content\/uploads\/2026\/01\/meclis.jpg","contentUrl":"https:\/\/memurunsesi.net\/wp-content\/uploads\/2026\/01\/meclis.jpg","width":275,"height":183},{"@type":"BreadcrumbList","@id":"https:\/\/memurunsesi.net\/index.php\/2026\/04\/05\/tbmmde-yogun-hafta-dogum-izni-ve-sosyal-duzenlemeler-gundemde\/#breadcrumb","itemListElement":[{"@type":"ListItem","position":1,"name":"Anasayfa","item":"https:\/\/memurunsesi.net\/"},{"@type":"ListItem","position":2,"name":"TBMM\u2019de Yo\u011fun Hafta: Do\u011fum \u0130zni ve Sosyal D\u00fczenlemeler G\u00fcndemde"}]},{"@type":"WebSite","@id":"https:\/\/memurunsesi.net\/#website","url":"https:\/\/memurunsesi.net\/","name":"Memurun Sesi","description":"G\u00fcncel ve Do\u011fru Haber","publisher":{"@id":"https:\/\/memurunsesi.net\/#organization"},"potentialAction":[{"@type":"SearchAction","target":{"@type":"EntryPoint","urlTemplate":"https:\/\/memurunsesi.net\/?s={search_term_string}"},"query-input":{"@type":"PropertyValueSpecification","valueRequired":true,"valueName":"search_term_string"}}],"inLanguage":"tr"},{"@type":"Organization","@id":"https:\/\/memurunsesi.net\/#organization","name":"Memurun Sesi","url":"https:\/\/memurunsesi.net\/","logo":{"@type":"ImageObject","inLanguage":"tr","@id":"https:\/\/memurunsesi.net\/#\/schema\/logo\/image\/","url":"https:\/\/memurunsesi.net\/wp-content\/uploads\/2025\/11\/cropped-MEMURUN-SESI.png","contentUrl":"https:\/\/memurunsesi.net\/wp-content\/uploads\/2025\/11\/cropped-MEMURUN-SESI.png","width":238,"height":57,"caption":"Memurun Sesi"},"image":{"@id":"https:\/\/memurunsesi.net\/#\/schema\/logo\/image\/"},"sameAs":["https:\/\/www.facebook.com\/unipersen\/?locale=tr_TR","https:\/\/x.com\/unipersen"]},{"@type":"Person","@id":"https:\/\/memurunsesi.net\/#\/schema\/person\/f21c2d73b89f6ee1d80b0a1803e38587","name":"Memurun Sesi Haber Merkezi","image":{"@type":"ImageObject","inLanguage":"tr","@id":"https:\/\/secure.gravatar.com\/avatar\/6cf0505f452ee753f485014986fab09a434671d2b919ee76fc541025c5876a70?s=96&d=mm&r=g","url":"https:\/\/secure.gravatar.com\/avatar\/6cf0505f452ee753f485014986fab09a434671d2b919ee76fc541025c5876a70?s=96&d=mm&r=g","contentUrl":"https:\/\/secure.gravatar.com\/avatar\/6cf0505f452ee753f485014986fab09a434671d2b919ee76fc541025c5876a70?s=96&d=mm&r=g","caption":"Memurun Sesi Haber Merkezi"},"sameAs":["https:\/\/memurunsesi.net"],"url":"https:\/\/memurunsesi.net\/index.php\/author\/uniper\/"}]}},"_links":{"self":[{"href":"https:\/\/memurunsesi.net\/index.php\/wp-json\/wp\/v2\/posts\/18902","targetHints":{"allow":["GET"]}}],"collection":[{"href":"https:\/\/memurunsesi.net\/index.php\/wp-json\/wp\/v2\/posts"}],"about":[{"href":"https:\/\/memurunsesi.net\/index.php\/wp-json\/wp\/v2\/types\/post"}],"author":[{"embeddable":true,"href":"https:\/\/memurunsesi.net\/index.php\/wp-json\/wp\/v2\/users\/1"}],"replies":[{"embeddable":true,"href":"https:\/\/memurunsesi.net\/index.php\/wp-json\/wp\/v2\/comments?post=18902"}],"version-history":[{"count":1,"href":"https:\/\/memurunsesi.net\/index.php\/wp-json\/wp\/v2\/posts\/18902\/revisions"}],"predecessor-version":[{"id":18903,"href":"https:\/\/memurunsesi.net\/index.php\/wp-json\/wp\/v2\/posts\/18902\/revisions\/18903"}],"wp:featuredmedia":[{"embeddable":true,"href":"https:\/\/memurunsesi.net\/index.php\/wp-json\/wp\/v2\/media\/16007"}],"wp:attachment":[{"href":"https:\/\/memurunsesi.net\/index.php\/wp-json\/wp\/v2\/media?parent=18902"}],"wp:term":[{"taxonomy":"category","embeddable":true,"href":"https:\/\/memurunsesi.net\/index.php\/wp-json\/wp\/v2\/categories?post=18902"},{"taxonomy":"post_tag","embeddable":true,"href":"https:\/\/memurunsesi.net\/index.php\/wp-json\/wp\/v2\/tags?post=18902"}],"curies":[{"name":"wp","href":"https:\/\/api.w.org\/{rel}","templated":true}]}}