{"id":18908,"date":"2026-04-05T13:34:36","date_gmt":"2026-04-05T10:34:36","guid":{"rendered":"https:\/\/memurunsesi.net\/?p=18908"},"modified":"2026-04-05T13:34:36","modified_gmt":"2026-04-05T10:34:36","slug":"ozel-kalem-ozel-kadro-liyakat-nereye-kayboldu","status":"publish","type":"post","link":"https:\/\/memurunsesi.net\/index.php\/2026\/04\/05\/ozel-kalem-ozel-kadro-liyakat-nereye-kayboldu\/","title":{"rendered":"\u00d6zel Kalem, \u00d6zel Kadro: Liyakat Nereye Kayboldu"},"content":{"rendered":"<p>S\u00fcleyman Demirel \u00dcniversitesi\u2019nden gelen son haber, akademik d\u00fcnyada y\u0131llard\u0131r tart\u0131\u015f\u0131lan bir ger\u00e7e\u011fi yeniden g\u00f6zler \u00f6n\u00fcne serdi. \u00dcniversite taraf\u0131ndan 31 Aral\u0131k 2025 tarihli Resmi Gazete&#8217;de ilan edilen Isparta Sa\u011fl\u0131k Hizmetleri Meslek Y\u00fcksekokulu T\u0131bbi Hizmetler ve Teknikler T\u0131bbi Dok\u00fcmantasyon ve Sekreterlik \u00d6\u011fretim G\u00f6revlisi kadrosunda; &#8220;Sa\u011fl\u0131k Y\u00f6netimi veya \u0130\u015fletme b\u00f6l\u00fcm\u00fc lisans mezunu olmak. Y\u00f6netim ve Organizasyon Anabilim Dal\u0131nda tezli y\u00fcksek lisans yapm\u0131\u015f olmak. Y\u00fcksek lisans sonras\u0131 alan\u0131nda y\u00fcksek\u00f6\u011fretim kurumlar\u0131nda en az 5 (be\u015f) y\u0131l ders verme deneyimine sahip olmak. T\u0131bbi Dok\u00fcmantasyon ve Sekreterlik alan\u0131nda \u00e7al\u0131\u015fmalar yapm\u0131\u015f olmak.&#8221; \u015feklinde \u00f6zel bir \u015fart aranm\u0131\u015ft\u0131r.<\/p>\n<p>Habere g\u00f6re, \u00fcniversitenin \u00d6zel Kalem M\u00fcd\u00fcr\u00fcn\u00fcn e\u015fine, \u201ckendisine \u00f6zel\u201d \u015fartlarla a\u00e7\u0131lm\u0131\u015f bir \u00f6\u011fretim g\u00f6revlisi kadrosu tahsis edildi. Kadro \u015fartlar\u0131, tesad\u00fcf eseri veya rastlant\u0131sal olmayan bir bi\u00e7imde, sadece ba\u015fvuruda bulunan ki\u015finin niteliklerini kar\u015f\u0131l\u0131yor. Resmi prosed\u00fcrler tamamlanm\u0131\u015f olabilir; ancak i\u015fin etik ve sistemsel boyutu bamba\u015fka bir tabloyu ortaya koyuyor.<\/p>\n<p>Burada kritik soru \u015fudur: Akademi, ger\u00e7ekten e\u015fit f\u0131rsat ve liyakate dayal\u0131 bir sistem midir, yoksa g\u00fc\u00e7 ve ba\u011flant\u0131larla belirlenen bir meritokrasi mi i\u015fletmektedir? Black Mirror dizisinin \u201cOn Be\u015f Milyon Liyakat\u201d b\u00f6l\u00fcm\u00fc akla geliyor. Dizide, insanlar\u0131n yetenekleri ve emekleri, sistemin dayatt\u0131\u011f\u0131 oyun ve kurallar i\u00e7inde \u00e7o\u011fu zaman g\u00f6z ard\u0131 edilir; kazananlar, g\u00fc\u00e7 ve ayr\u0131cal\u0131\u011f\u0131n belirledi\u011fi ki\u015filer olur. \u00a0\u00a0\u00a0\u00a0\u00a0\u00a0\u00a0\u00a0\u00a0\u00a0 Akademide de tablo benzer: Y\u00fczlerce gen\u00e7 akademisyen y\u0131llarca emek verirken, tek bir ba\u011flant\u0131 veya makam\u0131n g\u00fcc\u00fc, bir ki\u015finin \u00f6n\u00fcn\u00fc a\u00e7abiliyor.<\/p>\n<p>Bu durum, yaln\u0131zca bireysel bir atama meselesi de\u011fildir. Akademik k\u00fclt\u00fcr\u00fcn temel ta\u015f\u0131 olan <strong>\u015feffafl\u0131k, e\u015fitlik ve liyakat<\/strong>, bu t\u00fcr ayr\u0131cal\u0131klarla zay\u0131flat\u0131l\u0131r. \u00dcniversiteler, gen\u00e7 akademisyenlerin umut ve hayallerini besleyecek bir mekan olmal\u0131, de\u011filse birer \u201csanal meritokrasi\u201dye d\u00f6n\u00fc\u015f\u00fcr; eme\u011fin de\u011fil, ba\u011flant\u0131lar\u0131n ve g\u00fcc\u00fcn \u00f6n plana \u00e7\u0131kt\u0131\u011f\u0131 bir sistem.<\/p>\n<p>Bir di\u011fer boyut ise kamu vicdan\u0131d\u0131r. Toplum, i\u015fsiz ve hayallerini ger\u00e7ekle\u015ftiremeyen gen\u00e7 akademisyenleri izlerken, \u201c\u00f6zel kadro\u201d uygulamalar\u0131 hem g\u00fcveni hem de akademik itibar\u0131n\u0131 zedeler. Yasal olarak her \u015fey do\u011fru olabilir; ama liyakat ve etik, sadece mevzuatla sa\u011flanamaz.<\/p>\n<p>\u00d6zel Kalem\u2019in \u00f6zel kadrosu, bize \u00f6nemli bir ger\u00e7e\u011fi hat\u0131rlat\u0131yor: Akademide liyakat, h\u00e2l\u00e2 m\u00fccadele edilmesi gereken bir kavram. Sistem de\u011fi\u015fmedik\u00e7e, yetenekli ve emek verenler \u201csanal bir yar\u0131\u015f\u201dta kaybeden olarak kalmaya devam edecek.<\/p>\n<p>Sonu\u00e7 olarak, mesele sadece bir kadro atamas\u0131 de\u011fil; mesele akademik k\u00fclt\u00fcr\u00fcn, liyakat anlay\u0131\u015f\u0131n\u0131n ve sistemin i\u015fleyi\u015finin sorgulanmas\u0131d\u0131r. Yoksa Black Mirror\u2019\u0131n karanl\u0131k alegorisinde oldu\u011fu gibi, milyonlarca yetenekli insan izlemekle yetinmeye devam edecek.<\/p>\n<p>05.04.2026<\/p>\n<p>G\u00f6n\u00fcl Terzi<\/p>\n<p>&nbsp;<\/p>\n","protected":false},"excerpt":{"rendered":"<p>S\u00fcleyman Demirel \u00dcniversitesi\u2019nden gelen son haber, akademik d\u00fcnyada y\u0131llard\u0131r tart\u0131\u015f\u0131lan bir ger\u00e7e\u011fi yeniden g\u00f6zler \u00f6n\u00fcne serdi. \u00dcniversite taraf\u0131ndan 31 Aral\u0131k 2025 tarihli Resmi Gazete&#8217;de ilan edilen Isparta Sa\u011fl\u0131k Hizmetleri Meslek Y\u00fcksekokulu T\u0131bbi Hizmetler ve Teknikler T\u0131bbi Dok\u00fcmantasyon ve Sekreterlik \u00d6\u011fretim G\u00f6revlisi kadrosunda; &#8220;Sa\u011fl\u0131k Y\u00f6netimi veya \u0130\u015fletme b\u00f6l\u00fcm\u00fc lisans mezunu olmak. Y\u00f6netim ve Organizasyon Anabilim Dal\u0131nda [&hellip;]<\/p>\n","protected":false},"author":1,"featured_media":18304,"comment_status":"open","ping_status":"open","sticky":false,"template":"","format":"standard","meta":{"footnotes":""},"categories":[49,47],"tags":[2725,2724,2723,1044,2722,2721,2720],"class_list":["post-18908","post","type-post","status-publish","format-standard","has-post-thumbnail","hentry","category-kose-yazilari","category-universiteden-haberler","tag-aidiyet","tag-akademik-kultur","tag-kisiye-ozel-ilan","tag-liyakat","tag-liyakat-nereye-kayboldu","tag-ozel-kadro","tag-ozel-kalem"],"yoast_head":"<!-- This site is optimized with the Yoast SEO plugin v27.4 - https:\/\/yoast.com\/product\/yoast-seo-wordpress\/ -->\n<title>\u00d6zel Kalem, \u00d6zel Kadro: Liyakat Nereye Kayboldu - Memurun Sesi<\/title>\n<meta name=\"description\" content=\"\u00a0 \u00a0S\u00fcleyman Demirel \u00dcniversitesi\u2019nden gelen son haber, akademik d\u00fcnyada y\u0131llard\u0131r tart\u0131\u015f\u0131lan bir ger\u00e7e\u011fi yeniden g\u00f6zler \u00f6n\u00fcne serdi. \u00dcniversite taraf\u0131ndan 31 Aral\u0131k 2025 tarihli Resmi Gazete&#039;de ilan edilen Isparta Sa\u011fl\u0131k Hizmetleri Meslek Y\u00fcksekokulu T\u0131bbi Hizmetler ve Teknikler T\u0131bbi Dok\u00fcmantasyon ve Sekreterlik \u00d6\u011fretim G\u00f6revlisi kadrosunda;\" \/>\n<meta name=\"robots\" content=\"index, follow, max-snippet:-1, max-image-preview:large, max-video-preview:-1\" \/>\n<link rel=\"canonical\" href=\"https:\/\/memurunsesi.net\/index.php\/2026\/04\/05\/ozel-kalem-ozel-kadro-liyakat-nereye-kayboldu\/\" \/>\n<meta property=\"og:locale\" content=\"tr_TR\" \/>\n<meta property=\"og:type\" content=\"article\" \/>\n<meta property=\"og:title\" content=\"\u00d6zel Kalem, \u00d6zel Kadro: Liyakat Nereye Kayboldu - Memurun Sesi\" \/>\n<meta property=\"og:description\" content=\"\u00a0 \u00a0S\u00fcleyman Demirel \u00dcniversitesi\u2019nden gelen son haber, akademik d\u00fcnyada y\u0131llard\u0131r tart\u0131\u015f\u0131lan bir ger\u00e7e\u011fi yeniden g\u00f6zler \u00f6n\u00fcne serdi. \u00dcniversite taraf\u0131ndan 31 Aral\u0131k 2025 tarihli Resmi Gazete&#039;de ilan edilen Isparta Sa\u011fl\u0131k Hizmetleri Meslek Y\u00fcksekokulu T\u0131bbi Hizmetler ve Teknikler T\u0131bbi Dok\u00fcmantasyon ve Sekreterlik \u00d6\u011fretim G\u00f6revlisi kadrosunda;\" \/>\n<meta property=\"og:url\" content=\"https:\/\/memurunsesi.net\/index.php\/2026\/04\/05\/ozel-kalem-ozel-kadro-liyakat-nereye-kayboldu\/\" \/>\n<meta property=\"og:site_name\" content=\"Memurun Sesi\" \/>\n<meta property=\"article:publisher\" content=\"https:\/\/www.facebook.com\/unipersen\/?locale=tr_TR\" \/>\n<meta property=\"article:published_time\" content=\"2026-04-05T10:34:36+00:00\" \/>\n<meta property=\"og:image\" content=\"https:\/\/memurunsesi.net\/wp-content\/uploads\/2026\/03\/GONUL.jpeg\" \/>\n\t<meta property=\"og:image:width\" content=\"1024\" \/>\n\t<meta property=\"og:image:height\" content=\"1536\" \/>\n\t<meta property=\"og:image:type\" content=\"image\/jpeg\" \/>\n<meta name=\"author\" content=\"Memurun Sesi Haber Merkezi\" \/>\n<meta name=\"twitter:card\" content=\"summary_large_image\" \/>\n<meta name=\"twitter:creator\" content=\"@unipersen\" \/>\n<meta name=\"twitter:site\" content=\"@unipersen\" \/>\n<meta name=\"twitter:label1\" content=\"Yazan:\" \/>\n\t<meta name=\"twitter:data1\" content=\"Memurun Sesi Haber Merkezi\" \/>\n\t<meta name=\"twitter:label2\" content=\"Tahmini okuma s\u00fcresi\" \/>\n\t<meta name=\"twitter:data2\" content=\"3 dakika\" \/>\n<script type=\"application\/ld+json\" class=\"yoast-schema-graph\">{\"@context\":\"https:\\\/\\\/schema.org\",\"@graph\":[{\"@type\":\"Article\",\"@id\":\"https:\\\/\\\/memurunsesi.net\\\/index.php\\\/2026\\\/04\\\/05\\\/ozel-kalem-ozel-kadro-liyakat-nereye-kayboldu\\\/#article\",\"isPartOf\":{\"@id\":\"https:\\\/\\\/memurunsesi.net\\\/index.php\\\/2026\\\/04\\\/05\\\/ozel-kalem-ozel-kadro-liyakat-nereye-kayboldu\\\/\"},\"author\":{\"name\":\"Memurun Sesi Haber Merkezi\",\"@id\":\"https:\\\/\\\/memurunsesi.net\\\/#\\\/schema\\\/person\\\/f21c2d73b89f6ee1d80b0a1803e38587\"},\"headline\":\"\u00d6zel Kalem, \u00d6zel Kadro: Liyakat Nereye Kayboldu\",\"datePublished\":\"2026-04-05T10:34:36+00:00\",\"mainEntityOfPage\":{\"@id\":\"https:\\\/\\\/memurunsesi.net\\\/index.php\\\/2026\\\/04\\\/05\\\/ozel-kalem-ozel-kadro-liyakat-nereye-kayboldu\\\/\"},\"wordCount\":506,\"commentCount\":0,\"publisher\":{\"@id\":\"https:\\\/\\\/memurunsesi.net\\\/#organization\"},\"image\":{\"@id\":\"https:\\\/\\\/memurunsesi.net\\\/index.php\\\/2026\\\/04\\\/05\\\/ozel-kalem-ozel-kadro-liyakat-nereye-kayboldu\\\/#primaryimage\"},\"thumbnailUrl\":\"https:\\\/\\\/memurunsesi.net\\\/wp-content\\\/uploads\\\/2026\\\/03\\\/GONUL.jpeg\",\"keywords\":[\"aidiyet\",\"akademik k\u00fclt\u00fcr\",\"ki\u015fiye \u00f6zel ilan\",\"liyakat\",\"Liyakat Nereye Kayboldu\",\"\u00d6zel Kadro\",\"\u00d6zel Kalem\"],\"articleSection\":[\"K\u00f6\u015fe Yaz\u0131lar\u0131\",\"\u00dcniversiteden Haberler\"],\"inLanguage\":\"tr\",\"potentialAction\":[{\"@type\":\"CommentAction\",\"name\":\"Comment\",\"target\":[\"https:\\\/\\\/memurunsesi.net\\\/index.php\\\/2026\\\/04\\\/05\\\/ozel-kalem-ozel-kadro-liyakat-nereye-kayboldu\\\/#respond\"]}]},{\"@type\":\"WebPage\",\"@id\":\"https:\\\/\\\/memurunsesi.net\\\/index.php\\\/2026\\\/04\\\/05\\\/ozel-kalem-ozel-kadro-liyakat-nereye-kayboldu\\\/\",\"url\":\"https:\\\/\\\/memurunsesi.net\\\/index.php\\\/2026\\\/04\\\/05\\\/ozel-kalem-ozel-kadro-liyakat-nereye-kayboldu\\\/\",\"name\":\"\u00d6zel Kalem, \u00d6zel Kadro: Liyakat Nereye Kayboldu - Memurun Sesi\",\"isPartOf\":{\"@id\":\"https:\\\/\\\/memurunsesi.net\\\/#website\"},\"primaryImageOfPage\":{\"@id\":\"https:\\\/\\\/memurunsesi.net\\\/index.php\\\/2026\\\/04\\\/05\\\/ozel-kalem-ozel-kadro-liyakat-nereye-kayboldu\\\/#primaryimage\"},\"image\":{\"@id\":\"https:\\\/\\\/memurunsesi.net\\\/index.php\\\/2026\\\/04\\\/05\\\/ozel-kalem-ozel-kadro-liyakat-nereye-kayboldu\\\/#primaryimage\"},\"thumbnailUrl\":\"https:\\\/\\\/memurunsesi.net\\\/wp-content\\\/uploads\\\/2026\\\/03\\\/GONUL.jpeg\",\"datePublished\":\"2026-04-05T10:34:36+00:00\",\"description\":\"\u00a0 \u00a0S\u00fcleyman Demirel \u00dcniversitesi\u2019nden gelen son haber, akademik d\u00fcnyada y\u0131llard\u0131r tart\u0131\u015f\u0131lan bir ger\u00e7e\u011fi yeniden g\u00f6zler \u00f6n\u00fcne serdi. \u00dcniversite taraf\u0131ndan 31 Aral\u0131k 2025 tarihli Resmi Gazete'de ilan edilen Isparta Sa\u011fl\u0131k Hizmetleri Meslek Y\u00fcksekokulu T\u0131bbi Hizmetler ve Teknikler T\u0131bbi Dok\u00fcmantasyon ve Sekreterlik \u00d6\u011fretim G\u00f6revlisi kadrosunda;\",\"breadcrumb\":{\"@id\":\"https:\\\/\\\/memurunsesi.net\\\/index.php\\\/2026\\\/04\\\/05\\\/ozel-kalem-ozel-kadro-liyakat-nereye-kayboldu\\\/#breadcrumb\"},\"inLanguage\":\"tr\",\"potentialAction\":[{\"@type\":\"ReadAction\",\"target\":[\"https:\\\/\\\/memurunsesi.net\\\/index.php\\\/2026\\\/04\\\/05\\\/ozel-kalem-ozel-kadro-liyakat-nereye-kayboldu\\\/\"]}]},{\"@type\":\"ImageObject\",\"inLanguage\":\"tr\",\"@id\":\"https:\\\/\\\/memurunsesi.net\\\/index.php\\\/2026\\\/04\\\/05\\\/ozel-kalem-ozel-kadro-liyakat-nereye-kayboldu\\\/#primaryimage\",\"url\":\"https:\\\/\\\/memurunsesi.net\\\/wp-content\\\/uploads\\\/2026\\\/03\\\/GONUL.jpeg\",\"contentUrl\":\"https:\\\/\\\/memurunsesi.net\\\/wp-content\\\/uploads\\\/2026\\\/03\\\/GONUL.jpeg\",\"width\":1024,\"height\":1536},{\"@type\":\"BreadcrumbList\",\"@id\":\"https:\\\/\\\/memurunsesi.net\\\/index.php\\\/2026\\\/04\\\/05\\\/ozel-kalem-ozel-kadro-liyakat-nereye-kayboldu\\\/#breadcrumb\",\"itemListElement\":[{\"@type\":\"ListItem\",\"position\":1,\"name\":\"Anasayfa\",\"item\":\"https:\\\/\\\/memurunsesi.net\\\/\"},{\"@type\":\"ListItem\",\"position\":2,\"name\":\"\u00d6zel Kalem, \u00d6zel Kadro: Liyakat Nereye Kayboldu\"}]},{\"@type\":\"WebSite\",\"@id\":\"https:\\\/\\\/memurunsesi.net\\\/#website\",\"url\":\"https:\\\/\\\/memurunsesi.net\\\/\",\"name\":\"Memurun Sesi\",\"description\":\"G\u00fcncel ve Do\u011fru Haber\",\"publisher\":{\"@id\":\"https:\\\/\\\/memurunsesi.net\\\/#organization\"},\"potentialAction\":[{\"@type\":\"SearchAction\",\"target\":{\"@type\":\"EntryPoint\",\"urlTemplate\":\"https:\\\/\\\/memurunsesi.net\\\/?s={search_term_string}\"},\"query-input\":{\"@type\":\"PropertyValueSpecification\",\"valueRequired\":true,\"valueName\":\"search_term_string\"}}],\"inLanguage\":\"tr\"},{\"@type\":\"Organization\",\"@id\":\"https:\\\/\\\/memurunsesi.net\\\/#organization\",\"name\":\"Memurun Sesi\",\"url\":\"https:\\\/\\\/memurunsesi.net\\\/\",\"logo\":{\"@type\":\"ImageObject\",\"inLanguage\":\"tr\",\"@id\":\"https:\\\/\\\/memurunsesi.net\\\/#\\\/schema\\\/logo\\\/image\\\/\",\"url\":\"https:\\\/\\\/memurunsesi.net\\\/wp-content\\\/uploads\\\/2025\\\/11\\\/cropped-MEMURUN-SESI.png\",\"contentUrl\":\"https:\\\/\\\/memurunsesi.net\\\/wp-content\\\/uploads\\\/2025\\\/11\\\/cropped-MEMURUN-SESI.png\",\"width\":238,\"height\":57,\"caption\":\"Memurun Sesi\"},\"image\":{\"@id\":\"https:\\\/\\\/memurunsesi.net\\\/#\\\/schema\\\/logo\\\/image\\\/\"},\"sameAs\":[\"https:\\\/\\\/www.facebook.com\\\/unipersen\\\/?locale=tr_TR\",\"https:\\\/\\\/x.com\\\/unipersen\"]},{\"@type\":\"Person\",\"@id\":\"https:\\\/\\\/memurunsesi.net\\\/#\\\/schema\\\/person\\\/f21c2d73b89f6ee1d80b0a1803e38587\",\"name\":\"Memurun Sesi Haber Merkezi\",\"image\":{\"@type\":\"ImageObject\",\"inLanguage\":\"tr\",\"@id\":\"https:\\\/\\\/secure.gravatar.com\\\/avatar\\\/6cf0505f452ee753f485014986fab09a434671d2b919ee76fc541025c5876a70?s=96&d=mm&r=g\",\"url\":\"https:\\\/\\\/secure.gravatar.com\\\/avatar\\\/6cf0505f452ee753f485014986fab09a434671d2b919ee76fc541025c5876a70?s=96&d=mm&r=g\",\"contentUrl\":\"https:\\\/\\\/secure.gravatar.com\\\/avatar\\\/6cf0505f452ee753f485014986fab09a434671d2b919ee76fc541025c5876a70?s=96&d=mm&r=g\",\"caption\":\"Memurun Sesi Haber Merkezi\"},\"sameAs\":[\"https:\\\/\\\/memurunsesi.net\"],\"url\":\"https:\\\/\\\/memurunsesi.net\\\/index.php\\\/author\\\/uniper\\\/\"}]}<\/script>\n<!-- \/ Yoast SEO plugin. -->","yoast_head_json":{"title":"\u00d6zel Kalem, \u00d6zel Kadro: Liyakat Nereye Kayboldu - Memurun Sesi","description":"\u00a0 \u00a0S\u00fcleyman Demirel \u00dcniversitesi\u2019nden gelen son haber, akademik d\u00fcnyada y\u0131llard\u0131r tart\u0131\u015f\u0131lan bir ger\u00e7e\u011fi yeniden g\u00f6zler \u00f6n\u00fcne serdi. \u00dcniversite taraf\u0131ndan 31 Aral\u0131k 2025 tarihli Resmi Gazete'de ilan edilen Isparta Sa\u011fl\u0131k Hizmetleri Meslek Y\u00fcksekokulu T\u0131bbi Hizmetler ve Teknikler T\u0131bbi Dok\u00fcmantasyon ve Sekreterlik \u00d6\u011fretim G\u00f6revlisi kadrosunda;","robots":{"index":"index","follow":"follow","max-snippet":"max-snippet:-1","max-image-preview":"max-image-preview:large","max-video-preview":"max-video-preview:-1"},"canonical":"https:\/\/memurunsesi.net\/index.php\/2026\/04\/05\/ozel-kalem-ozel-kadro-liyakat-nereye-kayboldu\/","og_locale":"tr_TR","og_type":"article","og_title":"\u00d6zel Kalem, \u00d6zel Kadro: Liyakat Nereye Kayboldu - Memurun Sesi","og_description":"\u00a0 \u00a0S\u00fcleyman Demirel \u00dcniversitesi\u2019nden gelen son haber, akademik d\u00fcnyada y\u0131llard\u0131r tart\u0131\u015f\u0131lan bir ger\u00e7e\u011fi yeniden g\u00f6zler \u00f6n\u00fcne serdi. \u00dcniversite taraf\u0131ndan 31 Aral\u0131k 2025 tarihli Resmi Gazete'de ilan edilen Isparta Sa\u011fl\u0131k Hizmetleri Meslek Y\u00fcksekokulu T\u0131bbi Hizmetler ve Teknikler T\u0131bbi Dok\u00fcmantasyon ve Sekreterlik \u00d6\u011fretim G\u00f6revlisi kadrosunda;","og_url":"https:\/\/memurunsesi.net\/index.php\/2026\/04\/05\/ozel-kalem-ozel-kadro-liyakat-nereye-kayboldu\/","og_site_name":"Memurun Sesi","article_publisher":"https:\/\/www.facebook.com\/unipersen\/?locale=tr_TR","article_published_time":"2026-04-05T10:34:36+00:00","og_image":[{"width":1024,"height":1536,"url":"https:\/\/memurunsesi.net\/wp-content\/uploads\/2026\/03\/GONUL.jpeg","type":"image\/jpeg"}],"author":"Memurun Sesi Haber Merkezi","twitter_card":"summary_large_image","twitter_creator":"@unipersen","twitter_site":"@unipersen","twitter_misc":{"Yazan:":"Memurun Sesi Haber Merkezi","Tahmini okuma s\u00fcresi":"3 dakika"},"schema":{"@context":"https:\/\/schema.org","@graph":[{"@type":"Article","@id":"https:\/\/memurunsesi.net\/index.php\/2026\/04\/05\/ozel-kalem-ozel-kadro-liyakat-nereye-kayboldu\/#article","isPartOf":{"@id":"https:\/\/memurunsesi.net\/index.php\/2026\/04\/05\/ozel-kalem-ozel-kadro-liyakat-nereye-kayboldu\/"},"author":{"name":"Memurun Sesi Haber Merkezi","@id":"https:\/\/memurunsesi.net\/#\/schema\/person\/f21c2d73b89f6ee1d80b0a1803e38587"},"headline":"\u00d6zel Kalem, \u00d6zel Kadro: Liyakat Nereye Kayboldu","datePublished":"2026-04-05T10:34:36+00:00","mainEntityOfPage":{"@id":"https:\/\/memurunsesi.net\/index.php\/2026\/04\/05\/ozel-kalem-ozel-kadro-liyakat-nereye-kayboldu\/"},"wordCount":506,"commentCount":0,"publisher":{"@id":"https:\/\/memurunsesi.net\/#organization"},"image":{"@id":"https:\/\/memurunsesi.net\/index.php\/2026\/04\/05\/ozel-kalem-ozel-kadro-liyakat-nereye-kayboldu\/#primaryimage"},"thumbnailUrl":"https:\/\/memurunsesi.net\/wp-content\/uploads\/2026\/03\/GONUL.jpeg","keywords":["aidiyet","akademik k\u00fclt\u00fcr","ki\u015fiye \u00f6zel ilan","liyakat","Liyakat Nereye Kayboldu","\u00d6zel Kadro","\u00d6zel Kalem"],"articleSection":["K\u00f6\u015fe Yaz\u0131lar\u0131","\u00dcniversiteden Haberler"],"inLanguage":"tr","potentialAction":[{"@type":"CommentAction","name":"Comment","target":["https:\/\/memurunsesi.net\/index.php\/2026\/04\/05\/ozel-kalem-ozel-kadro-liyakat-nereye-kayboldu\/#respond"]}]},{"@type":"WebPage","@id":"https:\/\/memurunsesi.net\/index.php\/2026\/04\/05\/ozel-kalem-ozel-kadro-liyakat-nereye-kayboldu\/","url":"https:\/\/memurunsesi.net\/index.php\/2026\/04\/05\/ozel-kalem-ozel-kadro-liyakat-nereye-kayboldu\/","name":"\u00d6zel Kalem, \u00d6zel Kadro: Liyakat Nereye Kayboldu - Memurun Sesi","isPartOf":{"@id":"https:\/\/memurunsesi.net\/#website"},"primaryImageOfPage":{"@id":"https:\/\/memurunsesi.net\/index.php\/2026\/04\/05\/ozel-kalem-ozel-kadro-liyakat-nereye-kayboldu\/#primaryimage"},"image":{"@id":"https:\/\/memurunsesi.net\/index.php\/2026\/04\/05\/ozel-kalem-ozel-kadro-liyakat-nereye-kayboldu\/#primaryimage"},"thumbnailUrl":"https:\/\/memurunsesi.net\/wp-content\/uploads\/2026\/03\/GONUL.jpeg","datePublished":"2026-04-05T10:34:36+00:00","description":"\u00a0 \u00a0S\u00fcleyman Demirel \u00dcniversitesi\u2019nden gelen son haber, akademik d\u00fcnyada y\u0131llard\u0131r tart\u0131\u015f\u0131lan bir ger\u00e7e\u011fi yeniden g\u00f6zler \u00f6n\u00fcne serdi. \u00dcniversite taraf\u0131ndan 31 Aral\u0131k 2025 tarihli Resmi Gazete'de ilan edilen Isparta Sa\u011fl\u0131k Hizmetleri Meslek Y\u00fcksekokulu T\u0131bbi Hizmetler ve Teknikler T\u0131bbi Dok\u00fcmantasyon ve Sekreterlik \u00d6\u011fretim G\u00f6revlisi kadrosunda;","breadcrumb":{"@id":"https:\/\/memurunsesi.net\/index.php\/2026\/04\/05\/ozel-kalem-ozel-kadro-liyakat-nereye-kayboldu\/#breadcrumb"},"inLanguage":"tr","potentialAction":[{"@type":"ReadAction","target":["https:\/\/memurunsesi.net\/index.php\/2026\/04\/05\/ozel-kalem-ozel-kadro-liyakat-nereye-kayboldu\/"]}]},{"@type":"ImageObject","inLanguage":"tr","@id":"https:\/\/memurunsesi.net\/index.php\/2026\/04\/05\/ozel-kalem-ozel-kadro-liyakat-nereye-kayboldu\/#primaryimage","url":"https:\/\/memurunsesi.net\/wp-content\/uploads\/2026\/03\/GONUL.jpeg","contentUrl":"https:\/\/memurunsesi.net\/wp-content\/uploads\/2026\/03\/GONUL.jpeg","width":1024,"height":1536},{"@type":"BreadcrumbList","@id":"https:\/\/memurunsesi.net\/index.php\/2026\/04\/05\/ozel-kalem-ozel-kadro-liyakat-nereye-kayboldu\/#breadcrumb","itemListElement":[{"@type":"ListItem","position":1,"name":"Anasayfa","item":"https:\/\/memurunsesi.net\/"},{"@type":"ListItem","position":2,"name":"\u00d6zel Kalem, \u00d6zel Kadro: Liyakat Nereye Kayboldu"}]},{"@type":"WebSite","@id":"https:\/\/memurunsesi.net\/#website","url":"https:\/\/memurunsesi.net\/","name":"Memurun Sesi","description":"G\u00fcncel ve Do\u011fru Haber","publisher":{"@id":"https:\/\/memurunsesi.net\/#organization"},"potentialAction":[{"@type":"SearchAction","target":{"@type":"EntryPoint","urlTemplate":"https:\/\/memurunsesi.net\/?s={search_term_string}"},"query-input":{"@type":"PropertyValueSpecification","valueRequired":true,"valueName":"search_term_string"}}],"inLanguage":"tr"},{"@type":"Organization","@id":"https:\/\/memurunsesi.net\/#organization","name":"Memurun Sesi","url":"https:\/\/memurunsesi.net\/","logo":{"@type":"ImageObject","inLanguage":"tr","@id":"https:\/\/memurunsesi.net\/#\/schema\/logo\/image\/","url":"https:\/\/memurunsesi.net\/wp-content\/uploads\/2025\/11\/cropped-MEMURUN-SESI.png","contentUrl":"https:\/\/memurunsesi.net\/wp-content\/uploads\/2025\/11\/cropped-MEMURUN-SESI.png","width":238,"height":57,"caption":"Memurun Sesi"},"image":{"@id":"https:\/\/memurunsesi.net\/#\/schema\/logo\/image\/"},"sameAs":["https:\/\/www.facebook.com\/unipersen\/?locale=tr_TR","https:\/\/x.com\/unipersen"]},{"@type":"Person","@id":"https:\/\/memurunsesi.net\/#\/schema\/person\/f21c2d73b89f6ee1d80b0a1803e38587","name":"Memurun Sesi Haber Merkezi","image":{"@type":"ImageObject","inLanguage":"tr","@id":"https:\/\/secure.gravatar.com\/avatar\/6cf0505f452ee753f485014986fab09a434671d2b919ee76fc541025c5876a70?s=96&d=mm&r=g","url":"https:\/\/secure.gravatar.com\/avatar\/6cf0505f452ee753f485014986fab09a434671d2b919ee76fc541025c5876a70?s=96&d=mm&r=g","contentUrl":"https:\/\/secure.gravatar.com\/avatar\/6cf0505f452ee753f485014986fab09a434671d2b919ee76fc541025c5876a70?s=96&d=mm&r=g","caption":"Memurun Sesi Haber Merkezi"},"sameAs":["https:\/\/memurunsesi.net"],"url":"https:\/\/memurunsesi.net\/index.php\/author\/uniper\/"}]}},"_links":{"self":[{"href":"https:\/\/memurunsesi.net\/index.php\/wp-json\/wp\/v2\/posts\/18908","targetHints":{"allow":["GET"]}}],"collection":[{"href":"https:\/\/memurunsesi.net\/index.php\/wp-json\/wp\/v2\/posts"}],"about":[{"href":"https:\/\/memurunsesi.net\/index.php\/wp-json\/wp\/v2\/types\/post"}],"author":[{"embeddable":true,"href":"https:\/\/memurunsesi.net\/index.php\/wp-json\/wp\/v2\/users\/1"}],"replies":[{"embeddable":true,"href":"https:\/\/memurunsesi.net\/index.php\/wp-json\/wp\/v2\/comments?post=18908"}],"version-history":[{"count":1,"href":"https:\/\/memurunsesi.net\/index.php\/wp-json\/wp\/v2\/posts\/18908\/revisions"}],"predecessor-version":[{"id":18909,"href":"https:\/\/memurunsesi.net\/index.php\/wp-json\/wp\/v2\/posts\/18908\/revisions\/18909"}],"wp:featuredmedia":[{"embeddable":true,"href":"https:\/\/memurunsesi.net\/index.php\/wp-json\/wp\/v2\/media\/18304"}],"wp:attachment":[{"href":"https:\/\/memurunsesi.net\/index.php\/wp-json\/wp\/v2\/media?parent=18908"}],"wp:term":[{"taxonomy":"category","embeddable":true,"href":"https:\/\/memurunsesi.net\/index.php\/wp-json\/wp\/v2\/categories?post=18908"},{"taxonomy":"post_tag","embeddable":true,"href":"https:\/\/memurunsesi.net\/index.php\/wp-json\/wp\/v2\/tags?post=18908"}],"curies":[{"name":"wp","href":"https:\/\/api.w.org\/{rel}","templated":true}]}}