{"id":18919,"date":"2026-04-05T14:11:35","date_gmt":"2026-04-05T11:11:35","guid":{"rendered":"https:\/\/memurunsesi.net\/?p=18919"},"modified":"2026-04-05T14:11:35","modified_gmt":"2026-04-05T11:11:35","slug":"mircea-lucescu-yogun-bakima-alindi","status":"publish","type":"post","link":"https:\/\/memurunsesi.net\/index.php\/2026\/04\/05\/mircea-lucescu-yogun-bakima-alindi\/","title":{"rendered":"Mircea Lucescu yo\u011fun bak\u0131ma al\u0131nd\u0131"},"content":{"rendered":"<p>Rumen Teknik Direkt\u00f6r Mircea Lucescu, kalbindeki ritim bozuklu\u011fu nedeniyle tedavi g\u00f6rd\u00fc\u011f\u00fc hastanede yo\u011fun bak\u0131ma al\u0131nd\u0131.<br \/>\nRumen Teknik Direkt\u00f6r Mircea Lucescu&#8217;nun, gece yar\u0131s\u0131 kalbindeki ritim bozuklu\u011fu nedeniyle durumunun k\u00f6t\u00fcle\u015fti\u011fi ve yo\u011fun bak\u0131m \u00fcnitesine sevk edildi\u011fi ifade edildi.<br \/>\nLucescu, 29 Mart&#8217;ta Romanya Milli Tak\u0131m\u0131 kamp\u0131nda fenala\u015farak B\u00fckre\u015f \u00dcniversitesi Hastanesi&#8217;ne kald\u0131r\u0131lm\u0131\u015ft\u0131. Bu tarihten beri hastanede tedavi g\u00f6ren Rumen teknik direkt\u00f6r\u00fcn durumunun stabil oldu\u011fu belirtilmi\u015fti.<\/p>\n<p>5.04.2026<\/p>\n","protected":false},"excerpt":{"rendered":"<p>Rumen Teknik Direkt\u00f6r Mircea Lucescu, kalbindeki ritim bozuklu\u011fu nedeniyle tedavi g\u00f6rd\u00fc\u011f\u00fc hastanede yo\u011fun bak\u0131ma al\u0131nd\u0131. Rumen Teknik Direkt\u00f6r Mircea Lucescu&#8217;nun, gece yar\u0131s\u0131 kalbindeki ritim bozuklu\u011fu nedeniyle durumunun k\u00f6t\u00fcle\u015fti\u011fi ve yo\u011fun bak\u0131m \u00fcnitesine sevk edildi\u011fi ifade edildi. Lucescu, 29 Mart&#8217;ta Romanya Milli Tak\u0131m\u0131 kamp\u0131nda fenala\u015farak B\u00fckre\u015f \u00dcniversitesi Hastanesi&#8217;ne kald\u0131r\u0131lm\u0131\u015ft\u0131. Bu tarihten beri hastanede tedavi g\u00f6ren Rumen [&hellip;]<\/p>\n","protected":false},"author":1,"featured_media":18920,"comment_status":"open","ping_status":"open","sticky":false,"template":"","format":"standard","meta":{"footnotes":""},"categories":[57],"tags":[2744,2743,2745,2742],"class_list":["post-18919","post","type-post","status-publish","format-standard","has-post-thumbnail","hentry","category-spor","tag-kalbindeki-ritim-bozuklugu","tag-mircea-lucescu","tag-nedeniyle-tedavi-gordugu-hastanede-yogun-bakima-alindi","tag-rumen-teknik-direktor"],"yoast_head":"<!-- This site is optimized with the Yoast SEO plugin v27.4 - https:\/\/yoast.com\/product\/yoast-seo-wordpress\/ -->\n<title>Mircea Lucescu yo\u011fun bak\u0131ma al\u0131nd\u0131 - Memurun Sesi<\/title>\n<meta name=\"description\" content=\"Rumen Teknik Direkt\u00f6r Mircea Lucescu, kalbindeki ritim bozuklu\u011fu nedeniyle tedavi g\u00f6rd\u00fc\u011f\u00fc hastanede yo\u011fun bak\u0131ma al\u0131nd\u0131.\" \/>\n<meta name=\"robots\" content=\"index, follow, max-snippet:-1, max-image-preview:large, max-video-preview:-1\" \/>\n<link rel=\"canonical\" href=\"https:\/\/memurunsesi.net\/index.php\/2026\/04\/05\/mircea-lucescu-yogun-bakima-alindi\/\" \/>\n<meta property=\"og:locale\" content=\"tr_TR\" \/>\n<meta property=\"og:type\" content=\"article\" \/>\n<meta property=\"og:title\" content=\"Mircea Lucescu yo\u011fun bak\u0131ma al\u0131nd\u0131 - Memurun Sesi\" \/>\n<meta property=\"og:description\" content=\"Rumen Teknik Direkt\u00f6r Mircea Lucescu, kalbindeki ritim bozuklu\u011fu nedeniyle tedavi g\u00f6rd\u00fc\u011f\u00fc hastanede yo\u011fun bak\u0131ma al\u0131nd\u0131.\" \/>\n<meta property=\"og:url\" content=\"https:\/\/memurunsesi.net\/index.php\/2026\/04\/05\/mircea-lucescu-yogun-bakima-alindi\/\" \/>\n<meta property=\"og:site_name\" content=\"Memurun Sesi\" \/>\n<meta property=\"article:publisher\" content=\"https:\/\/www.facebook.com\/unipersen\/?locale=tr_TR\" \/>\n<meta property=\"article:published_time\" content=\"2026-04-05T11:11:35+00:00\" \/>\n<meta property=\"og:image\" content=\"https:\/\/memurunsesi.net\/wp-content\/uploads\/2026\/04\/direktor-scaled.jpg\" \/>\n\t<meta property=\"og:image:width\" content=\"2560\" \/>\n\t<meta property=\"og:image:height\" content=\"1883\" \/>\n\t<meta property=\"og:image:type\" content=\"image\/jpeg\" \/>\n<meta name=\"author\" content=\"Memurun Sesi Haber Merkezi\" \/>\n<meta name=\"twitter:card\" content=\"summary_large_image\" \/>\n<meta name=\"twitter:creator\" content=\"@unipersen\" \/>\n<meta name=\"twitter:site\" content=\"@unipersen\" \/>\n<meta name=\"twitter:label1\" content=\"Yazan:\" \/>\n\t<meta name=\"twitter:data1\" content=\"Memurun Sesi Haber Merkezi\" \/>\n\t<meta name=\"twitter:label2\" content=\"Tahmini okuma s\u00fcresi\" \/>\n\t<meta name=\"twitter:data2\" content=\"1 dakika\" \/>\n<script type=\"application\/ld+json\" class=\"yoast-schema-graph\">{\"@context\":\"https:\\\/\\\/schema.org\",\"@graph\":[{\"@type\":\"Article\",\"@id\":\"https:\\\/\\\/memurunsesi.net\\\/index.php\\\/2026\\\/04\\\/05\\\/mircea-lucescu-yogun-bakima-alindi\\\/#article\",\"isPartOf\":{\"@id\":\"https:\\\/\\\/memurunsesi.net\\\/index.php\\\/2026\\\/04\\\/05\\\/mircea-lucescu-yogun-bakima-alindi\\\/\"},\"author\":{\"name\":\"Memurun Sesi Haber Merkezi\",\"@id\":\"https:\\\/\\\/memurunsesi.net\\\/#\\\/schema\\\/person\\\/f21c2d73b89f6ee1d80b0a1803e38587\"},\"headline\":\"Mircea Lucescu yo\u011fun bak\u0131ma al\u0131nd\u0131\",\"datePublished\":\"2026-04-05T11:11:35+00:00\",\"mainEntityOfPage\":{\"@id\":\"https:\\\/\\\/memurunsesi.net\\\/index.php\\\/2026\\\/04\\\/05\\\/mircea-lucescu-yogun-bakima-alindi\\\/\"},\"wordCount\":99,\"commentCount\":0,\"publisher\":{\"@id\":\"https:\\\/\\\/memurunsesi.net\\\/#organization\"},\"image\":{\"@id\":\"https:\\\/\\\/memurunsesi.net\\\/index.php\\\/2026\\\/04\\\/05\\\/mircea-lucescu-yogun-bakima-alindi\\\/#primaryimage\"},\"thumbnailUrl\":\"https:\\\/\\\/memurunsesi.net\\\/wp-content\\\/uploads\\\/2026\\\/04\\\/direktor-scaled.jpg\",\"keywords\":[\"kalbindeki ritim bozuklu\u011fu\",\"Mircea Lucescu\",\"nedeniyle tedavi g\u00f6rd\u00fc\u011f\u00fc hastanede yo\u011fun bak\u0131ma al\u0131nd\u0131.\",\"Rumen Teknik Direkt\u00f6r\"],\"articleSection\":[\"Spor\"],\"inLanguage\":\"tr\",\"potentialAction\":[{\"@type\":\"CommentAction\",\"name\":\"Comment\",\"target\":[\"https:\\\/\\\/memurunsesi.net\\\/index.php\\\/2026\\\/04\\\/05\\\/mircea-lucescu-yogun-bakima-alindi\\\/#respond\"]}]},{\"@type\":\"WebPage\",\"@id\":\"https:\\\/\\\/memurunsesi.net\\\/index.php\\\/2026\\\/04\\\/05\\\/mircea-lucescu-yogun-bakima-alindi\\\/\",\"url\":\"https:\\\/\\\/memurunsesi.net\\\/index.php\\\/2026\\\/04\\\/05\\\/mircea-lucescu-yogun-bakima-alindi\\\/\",\"name\":\"Mircea Lucescu yo\u011fun bak\u0131ma al\u0131nd\u0131 - Memurun Sesi\",\"isPartOf\":{\"@id\":\"https:\\\/\\\/memurunsesi.net\\\/#website\"},\"primaryImageOfPage\":{\"@id\":\"https:\\\/\\\/memurunsesi.net\\\/index.php\\\/2026\\\/04\\\/05\\\/mircea-lucescu-yogun-bakima-alindi\\\/#primaryimage\"},\"image\":{\"@id\":\"https:\\\/\\\/memurunsesi.net\\\/index.php\\\/2026\\\/04\\\/05\\\/mircea-lucescu-yogun-bakima-alindi\\\/#primaryimage\"},\"thumbnailUrl\":\"https:\\\/\\\/memurunsesi.net\\\/wp-content\\\/uploads\\\/2026\\\/04\\\/direktor-scaled.jpg\",\"datePublished\":\"2026-04-05T11:11:35+00:00\",\"description\":\"Rumen Teknik Direkt\u00f6r Mircea Lucescu, kalbindeki ritim bozuklu\u011fu nedeniyle tedavi g\u00f6rd\u00fc\u011f\u00fc hastanede yo\u011fun bak\u0131ma al\u0131nd\u0131.\",\"breadcrumb\":{\"@id\":\"https:\\\/\\\/memurunsesi.net\\\/index.php\\\/2026\\\/04\\\/05\\\/mircea-lucescu-yogun-bakima-alindi\\\/#breadcrumb\"},\"inLanguage\":\"tr\",\"potentialAction\":[{\"@type\":\"ReadAction\",\"target\":[\"https:\\\/\\\/memurunsesi.net\\\/index.php\\\/2026\\\/04\\\/05\\\/mircea-lucescu-yogun-bakima-alindi\\\/\"]}]},{\"@type\":\"ImageObject\",\"inLanguage\":\"tr\",\"@id\":\"https:\\\/\\\/memurunsesi.net\\\/index.php\\\/2026\\\/04\\\/05\\\/mircea-lucescu-yogun-bakima-alindi\\\/#primaryimage\",\"url\":\"https:\\\/\\\/memurunsesi.net\\\/wp-content\\\/uploads\\\/2026\\\/04\\\/direktor-scaled.jpg\",\"contentUrl\":\"https:\\\/\\\/memurunsesi.net\\\/wp-content\\\/uploads\\\/2026\\\/04\\\/direktor-scaled.jpg\",\"width\":2560,\"height\":1883,\"caption\":\"RUMEN TEKN\u0130K D\u0130REKT\u00d6R M\u0130RCEA LUCESCU, KALB\u0130NDEK\u0130 R\u0130T\u0130M BOZUKLU\u011eU NEDEN\u0130YLE TEDAV\u0130 G\u00d6RD\u00dc\u011e\u00dc HASTANEDE YO\u011eUN BAKIMA ALINDI. (SAYCAN SAYIM\\\/\u0130STANBUL-\u0130HA) Rumen Teknik Direkt\u00f6r Mircea Lucescu, kalbindeki ritim bozuklu\u011fu nedeniyle tedavi g\u00f6rd\u00fc\u011f\u00fc hastanede yo\u011fun bak\u0131ma al\u0131nd\u0131.\"},{\"@type\":\"BreadcrumbList\",\"@id\":\"https:\\\/\\\/memurunsesi.net\\\/index.php\\\/2026\\\/04\\\/05\\\/mircea-lucescu-yogun-bakima-alindi\\\/#breadcrumb\",\"itemListElement\":[{\"@type\":\"ListItem\",\"position\":1,\"name\":\"Anasayfa\",\"item\":\"https:\\\/\\\/memurunsesi.net\\\/\"},{\"@type\":\"ListItem\",\"position\":2,\"name\":\"Mircea Lucescu yo\u011fun bak\u0131ma al\u0131nd\u0131\"}]},{\"@type\":\"WebSite\",\"@id\":\"https:\\\/\\\/memurunsesi.net\\\/#website\",\"url\":\"https:\\\/\\\/memurunsesi.net\\\/\",\"name\":\"Memurun Sesi\",\"description\":\"G\u00fcncel ve Do\u011fru Haber\",\"publisher\":{\"@id\":\"https:\\\/\\\/memurunsesi.net\\\/#organization\"},\"potentialAction\":[{\"@type\":\"SearchAction\",\"target\":{\"@type\":\"EntryPoint\",\"urlTemplate\":\"https:\\\/\\\/memurunsesi.net\\\/?s={search_term_string}\"},\"query-input\":{\"@type\":\"PropertyValueSpecification\",\"valueRequired\":true,\"valueName\":\"search_term_string\"}}],\"inLanguage\":\"tr\"},{\"@type\":\"Organization\",\"@id\":\"https:\\\/\\\/memurunsesi.net\\\/#organization\",\"name\":\"Memurun Sesi\",\"url\":\"https:\\\/\\\/memurunsesi.net\\\/\",\"logo\":{\"@type\":\"ImageObject\",\"inLanguage\":\"tr\",\"@id\":\"https:\\\/\\\/memurunsesi.net\\\/#\\\/schema\\\/logo\\\/image\\\/\",\"url\":\"https:\\\/\\\/memurunsesi.net\\\/wp-content\\\/uploads\\\/2025\\\/11\\\/cropped-MEMURUN-SESI.png\",\"contentUrl\":\"https:\\\/\\\/memurunsesi.net\\\/wp-content\\\/uploads\\\/2025\\\/11\\\/cropped-MEMURUN-SESI.png\",\"width\":238,\"height\":57,\"caption\":\"Memurun Sesi\"},\"image\":{\"@id\":\"https:\\\/\\\/memurunsesi.net\\\/#\\\/schema\\\/logo\\\/image\\\/\"},\"sameAs\":[\"https:\\\/\\\/www.facebook.com\\\/unipersen\\\/?locale=tr_TR\",\"https:\\\/\\\/x.com\\\/unipersen\"]},{\"@type\":\"Person\",\"@id\":\"https:\\\/\\\/memurunsesi.net\\\/#\\\/schema\\\/person\\\/f21c2d73b89f6ee1d80b0a1803e38587\",\"name\":\"Memurun Sesi Haber Merkezi\",\"image\":{\"@type\":\"ImageObject\",\"inLanguage\":\"tr\",\"@id\":\"https:\\\/\\\/secure.gravatar.com\\\/avatar\\\/6cf0505f452ee753f485014986fab09a434671d2b919ee76fc541025c5876a70?s=96&d=mm&r=g\",\"url\":\"https:\\\/\\\/secure.gravatar.com\\\/avatar\\\/6cf0505f452ee753f485014986fab09a434671d2b919ee76fc541025c5876a70?s=96&d=mm&r=g\",\"contentUrl\":\"https:\\\/\\\/secure.gravatar.com\\\/avatar\\\/6cf0505f452ee753f485014986fab09a434671d2b919ee76fc541025c5876a70?s=96&d=mm&r=g\",\"caption\":\"Memurun Sesi Haber Merkezi\"},\"sameAs\":[\"https:\\\/\\\/memurunsesi.net\"],\"url\":\"https:\\\/\\\/memurunsesi.net\\\/index.php\\\/author\\\/uniper\\\/\"}]}<\/script>\n<!-- \/ Yoast SEO plugin. -->","yoast_head_json":{"title":"Mircea Lucescu yo\u011fun bak\u0131ma al\u0131nd\u0131 - Memurun Sesi","description":"Rumen Teknik Direkt\u00f6r Mircea Lucescu, kalbindeki ritim bozuklu\u011fu nedeniyle tedavi g\u00f6rd\u00fc\u011f\u00fc hastanede yo\u011fun bak\u0131ma al\u0131nd\u0131.","robots":{"index":"index","follow":"follow","max-snippet":"max-snippet:-1","max-image-preview":"max-image-preview:large","max-video-preview":"max-video-preview:-1"},"canonical":"https:\/\/memurunsesi.net\/index.php\/2026\/04\/05\/mircea-lucescu-yogun-bakima-alindi\/","og_locale":"tr_TR","og_type":"article","og_title":"Mircea Lucescu yo\u011fun bak\u0131ma al\u0131nd\u0131 - Memurun Sesi","og_description":"Rumen Teknik Direkt\u00f6r Mircea Lucescu, kalbindeki ritim bozuklu\u011fu nedeniyle tedavi g\u00f6rd\u00fc\u011f\u00fc hastanede yo\u011fun bak\u0131ma al\u0131nd\u0131.","og_url":"https:\/\/memurunsesi.net\/index.php\/2026\/04\/05\/mircea-lucescu-yogun-bakima-alindi\/","og_site_name":"Memurun Sesi","article_publisher":"https:\/\/www.facebook.com\/unipersen\/?locale=tr_TR","article_published_time":"2026-04-05T11:11:35+00:00","og_image":[{"width":2560,"height":1883,"url":"https:\/\/memurunsesi.net\/wp-content\/uploads\/2026\/04\/direktor-scaled.jpg","type":"image\/jpeg"}],"author":"Memurun Sesi Haber Merkezi","twitter_card":"summary_large_image","twitter_creator":"@unipersen","twitter_site":"@unipersen","twitter_misc":{"Yazan:":"Memurun Sesi Haber Merkezi","Tahmini okuma s\u00fcresi":"1 dakika"},"schema":{"@context":"https:\/\/schema.org","@graph":[{"@type":"Article","@id":"https:\/\/memurunsesi.net\/index.php\/2026\/04\/05\/mircea-lucescu-yogun-bakima-alindi\/#article","isPartOf":{"@id":"https:\/\/memurunsesi.net\/index.php\/2026\/04\/05\/mircea-lucescu-yogun-bakima-alindi\/"},"author":{"name":"Memurun Sesi Haber Merkezi","@id":"https:\/\/memurunsesi.net\/#\/schema\/person\/f21c2d73b89f6ee1d80b0a1803e38587"},"headline":"Mircea Lucescu yo\u011fun bak\u0131ma al\u0131nd\u0131","datePublished":"2026-04-05T11:11:35+00:00","mainEntityOfPage":{"@id":"https:\/\/memurunsesi.net\/index.php\/2026\/04\/05\/mircea-lucescu-yogun-bakima-alindi\/"},"wordCount":99,"commentCount":0,"publisher":{"@id":"https:\/\/memurunsesi.net\/#organization"},"image":{"@id":"https:\/\/memurunsesi.net\/index.php\/2026\/04\/05\/mircea-lucescu-yogun-bakima-alindi\/#primaryimage"},"thumbnailUrl":"https:\/\/memurunsesi.net\/wp-content\/uploads\/2026\/04\/direktor-scaled.jpg","keywords":["kalbindeki ritim bozuklu\u011fu","Mircea Lucescu","nedeniyle tedavi g\u00f6rd\u00fc\u011f\u00fc hastanede yo\u011fun bak\u0131ma al\u0131nd\u0131.","Rumen Teknik Direkt\u00f6r"],"articleSection":["Spor"],"inLanguage":"tr","potentialAction":[{"@type":"CommentAction","name":"Comment","target":["https:\/\/memurunsesi.net\/index.php\/2026\/04\/05\/mircea-lucescu-yogun-bakima-alindi\/#respond"]}]},{"@type":"WebPage","@id":"https:\/\/memurunsesi.net\/index.php\/2026\/04\/05\/mircea-lucescu-yogun-bakima-alindi\/","url":"https:\/\/memurunsesi.net\/index.php\/2026\/04\/05\/mircea-lucescu-yogun-bakima-alindi\/","name":"Mircea Lucescu yo\u011fun bak\u0131ma al\u0131nd\u0131 - Memurun Sesi","isPartOf":{"@id":"https:\/\/memurunsesi.net\/#website"},"primaryImageOfPage":{"@id":"https:\/\/memurunsesi.net\/index.php\/2026\/04\/05\/mircea-lucescu-yogun-bakima-alindi\/#primaryimage"},"image":{"@id":"https:\/\/memurunsesi.net\/index.php\/2026\/04\/05\/mircea-lucescu-yogun-bakima-alindi\/#primaryimage"},"thumbnailUrl":"https:\/\/memurunsesi.net\/wp-content\/uploads\/2026\/04\/direktor-scaled.jpg","datePublished":"2026-04-05T11:11:35+00:00","description":"Rumen Teknik Direkt\u00f6r Mircea Lucescu, kalbindeki ritim bozuklu\u011fu nedeniyle tedavi g\u00f6rd\u00fc\u011f\u00fc hastanede yo\u011fun bak\u0131ma al\u0131nd\u0131.","breadcrumb":{"@id":"https:\/\/memurunsesi.net\/index.php\/2026\/04\/05\/mircea-lucescu-yogun-bakima-alindi\/#breadcrumb"},"inLanguage":"tr","potentialAction":[{"@type":"ReadAction","target":["https:\/\/memurunsesi.net\/index.php\/2026\/04\/05\/mircea-lucescu-yogun-bakima-alindi\/"]}]},{"@type":"ImageObject","inLanguage":"tr","@id":"https:\/\/memurunsesi.net\/index.php\/2026\/04\/05\/mircea-lucescu-yogun-bakima-alindi\/#primaryimage","url":"https:\/\/memurunsesi.net\/wp-content\/uploads\/2026\/04\/direktor-scaled.jpg","contentUrl":"https:\/\/memurunsesi.net\/wp-content\/uploads\/2026\/04\/direktor-scaled.jpg","width":2560,"height":1883,"caption":"RUMEN TEKN\u0130K D\u0130REKT\u00d6R M\u0130RCEA LUCESCU, KALB\u0130NDEK\u0130 R\u0130T\u0130M BOZUKLU\u011eU NEDEN\u0130YLE TEDAV\u0130 G\u00d6RD\u00dc\u011e\u00dc HASTANEDE YO\u011eUN BAKIMA ALINDI. (SAYCAN SAYIM\/\u0130STANBUL-\u0130HA) Rumen Teknik Direkt\u00f6r Mircea Lucescu, kalbindeki ritim bozuklu\u011fu nedeniyle tedavi g\u00f6rd\u00fc\u011f\u00fc hastanede yo\u011fun bak\u0131ma al\u0131nd\u0131."},{"@type":"BreadcrumbList","@id":"https:\/\/memurunsesi.net\/index.php\/2026\/04\/05\/mircea-lucescu-yogun-bakima-alindi\/#breadcrumb","itemListElement":[{"@type":"ListItem","position":1,"name":"Anasayfa","item":"https:\/\/memurunsesi.net\/"},{"@type":"ListItem","position":2,"name":"Mircea Lucescu yo\u011fun bak\u0131ma al\u0131nd\u0131"}]},{"@type":"WebSite","@id":"https:\/\/memurunsesi.net\/#website","url":"https:\/\/memurunsesi.net\/","name":"Memurun Sesi","description":"G\u00fcncel ve Do\u011fru Haber","publisher":{"@id":"https:\/\/memurunsesi.net\/#organization"},"potentialAction":[{"@type":"SearchAction","target":{"@type":"EntryPoint","urlTemplate":"https:\/\/memurunsesi.net\/?s={search_term_string}"},"query-input":{"@type":"PropertyValueSpecification","valueRequired":true,"valueName":"search_term_string"}}],"inLanguage":"tr"},{"@type":"Organization","@id":"https:\/\/memurunsesi.net\/#organization","name":"Memurun Sesi","url":"https:\/\/memurunsesi.net\/","logo":{"@type":"ImageObject","inLanguage":"tr","@id":"https:\/\/memurunsesi.net\/#\/schema\/logo\/image\/","url":"https:\/\/memurunsesi.net\/wp-content\/uploads\/2025\/11\/cropped-MEMURUN-SESI.png","contentUrl":"https:\/\/memurunsesi.net\/wp-content\/uploads\/2025\/11\/cropped-MEMURUN-SESI.png","width":238,"height":57,"caption":"Memurun Sesi"},"image":{"@id":"https:\/\/memurunsesi.net\/#\/schema\/logo\/image\/"},"sameAs":["https:\/\/www.facebook.com\/unipersen\/?locale=tr_TR","https:\/\/x.com\/unipersen"]},{"@type":"Person","@id":"https:\/\/memurunsesi.net\/#\/schema\/person\/f21c2d73b89f6ee1d80b0a1803e38587","name":"Memurun Sesi Haber Merkezi","image":{"@type":"ImageObject","inLanguage":"tr","@id":"https:\/\/secure.gravatar.com\/avatar\/6cf0505f452ee753f485014986fab09a434671d2b919ee76fc541025c5876a70?s=96&d=mm&r=g","url":"https:\/\/secure.gravatar.com\/avatar\/6cf0505f452ee753f485014986fab09a434671d2b919ee76fc541025c5876a70?s=96&d=mm&r=g","contentUrl":"https:\/\/secure.gravatar.com\/avatar\/6cf0505f452ee753f485014986fab09a434671d2b919ee76fc541025c5876a70?s=96&d=mm&r=g","caption":"Memurun Sesi Haber Merkezi"},"sameAs":["https:\/\/memurunsesi.net"],"url":"https:\/\/memurunsesi.net\/index.php\/author\/uniper\/"}]}},"_links":{"self":[{"href":"https:\/\/memurunsesi.net\/index.php\/wp-json\/wp\/v2\/posts\/18919","targetHints":{"allow":["GET"]}}],"collection":[{"href":"https:\/\/memurunsesi.net\/index.php\/wp-json\/wp\/v2\/posts"}],"about":[{"href":"https:\/\/memurunsesi.net\/index.php\/wp-json\/wp\/v2\/types\/post"}],"author":[{"embeddable":true,"href":"https:\/\/memurunsesi.net\/index.php\/wp-json\/wp\/v2\/users\/1"}],"replies":[{"embeddable":true,"href":"https:\/\/memurunsesi.net\/index.php\/wp-json\/wp\/v2\/comments?post=18919"}],"version-history":[{"count":1,"href":"https:\/\/memurunsesi.net\/index.php\/wp-json\/wp\/v2\/posts\/18919\/revisions"}],"predecessor-version":[{"id":18921,"href":"https:\/\/memurunsesi.net\/index.php\/wp-json\/wp\/v2\/posts\/18919\/revisions\/18921"}],"wp:featuredmedia":[{"embeddable":true,"href":"https:\/\/memurunsesi.net\/index.php\/wp-json\/wp\/v2\/media\/18920"}],"wp:attachment":[{"href":"https:\/\/memurunsesi.net\/index.php\/wp-json\/wp\/v2\/media?parent=18919"}],"wp:term":[{"taxonomy":"category","embeddable":true,"href":"https:\/\/memurunsesi.net\/index.php\/wp-json\/wp\/v2\/categories?post=18919"},{"taxonomy":"post_tag","embeddable":true,"href":"https:\/\/memurunsesi.net\/index.php\/wp-json\/wp\/v2\/tags?post=18919"}],"curies":[{"name":"wp","href":"https:\/\/api.w.org\/{rel}","templated":true}]}}