{"id":18926,"date":"2026-04-06T08:39:47","date_gmt":"2026-04-06T05:39:47","guid":{"rendered":"https:\/\/memurunsesi.net\/?p=18926"},"modified":"2026-04-06T08:39:47","modified_gmt":"2026-04-06T05:39:47","slug":"bolu-belediyesinde-yurutulen-sorusturmada-gozaltina-alinan-3-kisi-serbest-birakildi","status":"publish","type":"post","link":"https:\/\/memurunsesi.net\/index.php\/2026\/04\/06\/bolu-belediyesinde-yurutulen-sorusturmada-gozaltina-alinan-3-kisi-serbest-birakildi\/","title":{"rendered":"Bolu Belediyesi\u2019nde y\u00fcr\u00fct\u00fclen soru\u015fturmada g\u00f6zalt\u0131na al\u0131nan 3 ki\u015fi serbest b\u0131rak\u0131ld\u0131"},"content":{"rendered":"<p>Bolu Belediyesi\u2019ne y\u00f6nelik y\u00fcr\u00fct\u00fclen soru\u015fturma kapsam\u0131nda g\u00f6zalt\u0131na al\u0131nan 3 ki\u015fi \u00e7\u0131kar\u0131ld\u0131\u011f\u0131 n\u00f6bet\u00e7i hakimlik\u00e7e tutuksuz yarg\u0131lanmak \u00fczere serbest b\u0131rak\u0131ld\u0131.<br \/>\nGe\u00e7ti\u011fimiz ay y\u00fcr\u00fct\u00fclen &#8216;icbar suretiyle irtikap&#8217; soru\u015fturmas\u0131 kapsam\u0131nda Bolu Belediye Ba\u015fkan\u0131 Tanju \u00d6zcan ve Belediye Ba\u015fkan Yard\u0131mc\u0131s\u0131 S\u00fcleyman Can tutuklanarak cezaevine g\u00f6nderilmi\u015fti. D\u00fcn sabah\u0131n ilk \u0131\u015f\u0131klar\u0131yla birlikte jandarma ekipleri taraf\u0131ndan belediye binas\u0131na geni\u015f \u00e7apl\u0131 ba\u015flat\u0131lan arama \u00e7al\u0131\u015fmalar\u0131 devam ediyor. Jandarma, kurumdaki t\u00fcm bilgisayarlar\u0131 ve dijital materyalleri inceleme alt\u0131na al\u0131rken 3 ki\u015fi g\u00f6zalt\u0131na al\u0131nd\u0131.<br \/>\nOlaya ili\u015fkin CHP&#8217;li meclis \u00fcyesi Cihan Tutal, Mali \u0130\u015fler M\u00fcd\u00fcr\u00fc Naim Ayhan ve BOLSEV Vakf\u0131 \u00dcyesi Ali Sar\u0131y\u0131ld\u0131z g\u00f6zalt\u0131na al\u0131nd\u0131. Soru\u015fturmaya ili\u015fkin daha \u00f6nce de Naim Ayhan ve Ali Sar\u0131y\u0131ld\u0131z g\u00f6zalt\u0131na al\u0131nm\u0131\u015f ve ifadeleri sonras\u0131 serbest b\u0131rak\u0131lm\u0131\u015ft\u0131. Jandarma ekipleri belediye binas\u0131nda yakla\u015f\u0131k 5 saat s\u00fcren \u00e7al\u0131\u015fmalar\u0131n\u0131 tamamlad\u0131. Ekipler taraf\u0131ndan \u00f6nemli evrak ve bilgisayarlar torbalarla Bolu Cumhuriyet Ba\u015fsavc\u0131l\u0131\u011f\u0131\u2019na g\u00f6t\u00fcr\u00fcld\u00fc.<\/p>\n<p>3 isim de serbest b\u0131rak\u0131ld\u0131<br \/>\nil Jandarma Komutanl\u0131\u011f\u0131\u2019nda g\u00f6zalt\u0131 i\u015flemleri tamamlanan CHP&#8217;li meclis \u00fcyesi Cihan Tutal, Mali \u0130\u015fler M\u00fcd\u00fcr\u00fc Naim Ayhan ve BOLSEV Vakf\u0131 \u00dcyesi Ali Sar\u0131y\u0131ld\u0131z \u00f6\u011fle saatlerinde Bolu Adliyesi\u2019ne sevk edildi. Savc\u0131l\u0131kta ifade i\u015flemlerinin ard\u0131ndan n\u00f6bet\u00e7i mahkemeye sevk edilen 3 ki\u015fi, tutuksuz yarg\u0131lanmak \u00fczere serbest b\u0131rak\u0131ld\u0131.<\/p>\n<p>6.04.2026<\/p>\n","protected":false},"excerpt":{"rendered":"<p>Bolu Belediyesi\u2019ne y\u00f6nelik y\u00fcr\u00fct\u00fclen soru\u015fturma kapsam\u0131nda g\u00f6zalt\u0131na al\u0131nan 3 ki\u015fi \u00e7\u0131kar\u0131ld\u0131\u011f\u0131 n\u00f6bet\u00e7i hakimlik\u00e7e tutuksuz yarg\u0131lanmak \u00fczere serbest b\u0131rak\u0131ld\u0131. Ge\u00e7ti\u011fimiz ay y\u00fcr\u00fct\u00fclen &#8216;icbar suretiyle irtikap&#8217; soru\u015fturmas\u0131 kapsam\u0131nda Bolu Belediye Ba\u015fkan\u0131 Tanju \u00d6zcan ve Belediye Ba\u015fkan Yard\u0131mc\u0131s\u0131 S\u00fcleyman Can tutuklanarak cezaevine g\u00f6nderilmi\u015fti. D\u00fcn sabah\u0131n ilk \u0131\u015f\u0131klar\u0131yla birlikte jandarma ekipleri taraf\u0131ndan belediye binas\u0131na geni\u015f \u00e7apl\u0131 ba\u015flat\u0131lan arama \u00e7al\u0131\u015fmalar\u0131 [&hellip;]<\/p>\n","protected":false},"author":1,"featured_media":18927,"comment_status":"open","ping_status":"open","sticky":false,"template":"","format":"standard","meta":{"footnotes":""},"categories":[45],"tags":[1584,2753,2751,2752,2750],"class_list":["post-18926","post","type-post","status-publish","format-standard","has-post-thumbnail","hentry","category-gundem","tag-bolu-belediyesi","tag-serbest-birakildi","tag-sorusturma-kapsaminda","tag-tutuklular","tag-yurutulen"],"yoast_head":"<!-- This site is optimized with the Yoast SEO plugin v27.4 - https:\/\/yoast.com\/product\/yoast-seo-wordpress\/ -->\n<title>Bolu Belediyesi\u2019nde y\u00fcr\u00fct\u00fclen soru\u015fturmada g\u00f6zalt\u0131na al\u0131nan 3 ki\u015fi serbest b\u0131rak\u0131ld\u0131 - Memurun Sesi<\/title>\n<meta name=\"description\" content=\"\u00a0 \u00a0 Bolu Belediyesi\u2019ne y\u00f6nelik y\u00fcr\u00fct\u00fclen soru\u015fturma kapsam\u0131nda g\u00f6zalt\u0131na al\u0131nan 3 ki\u015fi \u00e7\u0131kar\u0131ld\u0131\u011f\u0131 n\u00f6bet\u00e7i hakimlik\u00e7e tutuksuz yarg\u0131lanmak \u00fczere serbest b\u0131rak\u0131ld\u0131.\" \/>\n<meta name=\"robots\" content=\"index, follow, max-snippet:-1, max-image-preview:large, max-video-preview:-1\" \/>\n<link rel=\"canonical\" href=\"https:\/\/memurunsesi.net\/index.php\/2026\/04\/06\/bolu-belediyesinde-yurutulen-sorusturmada-gozaltina-alinan-3-kisi-serbest-birakildi\/\" \/>\n<meta property=\"og:locale\" content=\"tr_TR\" \/>\n<meta property=\"og:type\" content=\"article\" \/>\n<meta property=\"og:title\" content=\"Bolu Belediyesi\u2019nde y\u00fcr\u00fct\u00fclen soru\u015fturmada g\u00f6zalt\u0131na al\u0131nan 3 ki\u015fi serbest b\u0131rak\u0131ld\u0131 - Memurun Sesi\" \/>\n<meta property=\"og:description\" content=\"\u00a0 \u00a0 Bolu Belediyesi\u2019ne y\u00f6nelik y\u00fcr\u00fct\u00fclen soru\u015fturma kapsam\u0131nda g\u00f6zalt\u0131na al\u0131nan 3 ki\u015fi \u00e7\u0131kar\u0131ld\u0131\u011f\u0131 n\u00f6bet\u00e7i hakimlik\u00e7e tutuksuz yarg\u0131lanmak \u00fczere serbest b\u0131rak\u0131ld\u0131.\" \/>\n<meta property=\"og:url\" content=\"https:\/\/memurunsesi.net\/index.php\/2026\/04\/06\/bolu-belediyesinde-yurutulen-sorusturmada-gozaltina-alinan-3-kisi-serbest-birakildi\/\" \/>\n<meta property=\"og:site_name\" content=\"Memurun Sesi\" \/>\n<meta property=\"article:publisher\" content=\"https:\/\/www.facebook.com\/unipersen\/?locale=tr_TR\" \/>\n<meta property=\"article:published_time\" content=\"2026-04-06T05:39:47+00:00\" \/>\n<meta property=\"og:image\" content=\"https:\/\/memurunsesi.net\/wp-content\/uploads\/2026\/04\/bolu-2-scaled.jpg\" \/>\n\t<meta property=\"og:image:width\" content=\"2560\" \/>\n\t<meta property=\"og:image:height\" content=\"1440\" \/>\n\t<meta property=\"og:image:type\" content=\"image\/jpeg\" \/>\n<meta name=\"author\" content=\"Memurun Sesi Haber Merkezi\" \/>\n<meta name=\"twitter:card\" content=\"summary_large_image\" \/>\n<meta name=\"twitter:creator\" content=\"@unipersen\" \/>\n<meta name=\"twitter:site\" content=\"@unipersen\" \/>\n<meta name=\"twitter:label1\" content=\"Yazan:\" \/>\n\t<meta name=\"twitter:data1\" content=\"Memurun Sesi Haber Merkezi\" \/>\n\t<meta name=\"twitter:label2\" content=\"Tahmini okuma s\u00fcresi\" \/>\n\t<meta name=\"twitter:data2\" content=\"2 dakika\" \/>\n<script type=\"application\/ld+json\" class=\"yoast-schema-graph\">{\"@context\":\"https:\\\/\\\/schema.org\",\"@graph\":[{\"@type\":\"Article\",\"@id\":\"https:\\\/\\\/memurunsesi.net\\\/index.php\\\/2026\\\/04\\\/06\\\/bolu-belediyesinde-yurutulen-sorusturmada-gozaltina-alinan-3-kisi-serbest-birakildi\\\/#article\",\"isPartOf\":{\"@id\":\"https:\\\/\\\/memurunsesi.net\\\/index.php\\\/2026\\\/04\\\/06\\\/bolu-belediyesinde-yurutulen-sorusturmada-gozaltina-alinan-3-kisi-serbest-birakildi\\\/\"},\"author\":{\"name\":\"Memurun Sesi Haber Merkezi\",\"@id\":\"https:\\\/\\\/memurunsesi.net\\\/#\\\/schema\\\/person\\\/f21c2d73b89f6ee1d80b0a1803e38587\"},\"headline\":\"Bolu Belediyesi\u2019nde y\u00fcr\u00fct\u00fclen soru\u015fturmada g\u00f6zalt\u0131na al\u0131nan 3 ki\u015fi serbest b\u0131rak\u0131ld\u0131\",\"datePublished\":\"2026-04-06T05:39:47+00:00\",\"mainEntityOfPage\":{\"@id\":\"https:\\\/\\\/memurunsesi.net\\\/index.php\\\/2026\\\/04\\\/06\\\/bolu-belediyesinde-yurutulen-sorusturmada-gozaltina-alinan-3-kisi-serbest-birakildi\\\/\"},\"wordCount\":294,\"commentCount\":0,\"publisher\":{\"@id\":\"https:\\\/\\\/memurunsesi.net\\\/#organization\"},\"image\":{\"@id\":\"https:\\\/\\\/memurunsesi.net\\\/index.php\\\/2026\\\/04\\\/06\\\/bolu-belediyesinde-yurutulen-sorusturmada-gozaltina-alinan-3-kisi-serbest-birakildi\\\/#primaryimage\"},\"thumbnailUrl\":\"https:\\\/\\\/memurunsesi.net\\\/wp-content\\\/uploads\\\/2026\\\/04\\\/bolu-2-scaled.jpg\",\"keywords\":[\"bolu belediyesi\",\"serbest b\u0131rak\u0131ld\u0131\",\"soru\u015fturma kapsam\u0131nda\",\"tutuklular\",\"y\u00fcr\u00fct\u00fclen\"],\"articleSection\":[\"G\u00fcndem\"],\"inLanguage\":\"tr\",\"potentialAction\":[{\"@type\":\"CommentAction\",\"name\":\"Comment\",\"target\":[\"https:\\\/\\\/memurunsesi.net\\\/index.php\\\/2026\\\/04\\\/06\\\/bolu-belediyesinde-yurutulen-sorusturmada-gozaltina-alinan-3-kisi-serbest-birakildi\\\/#respond\"]}]},{\"@type\":\"WebPage\",\"@id\":\"https:\\\/\\\/memurunsesi.net\\\/index.php\\\/2026\\\/04\\\/06\\\/bolu-belediyesinde-yurutulen-sorusturmada-gozaltina-alinan-3-kisi-serbest-birakildi\\\/\",\"url\":\"https:\\\/\\\/memurunsesi.net\\\/index.php\\\/2026\\\/04\\\/06\\\/bolu-belediyesinde-yurutulen-sorusturmada-gozaltina-alinan-3-kisi-serbest-birakildi\\\/\",\"name\":\"Bolu Belediyesi\u2019nde y\u00fcr\u00fct\u00fclen soru\u015fturmada g\u00f6zalt\u0131na al\u0131nan 3 ki\u015fi serbest b\u0131rak\u0131ld\u0131 - Memurun Sesi\",\"isPartOf\":{\"@id\":\"https:\\\/\\\/memurunsesi.net\\\/#website\"},\"primaryImageOfPage\":{\"@id\":\"https:\\\/\\\/memurunsesi.net\\\/index.php\\\/2026\\\/04\\\/06\\\/bolu-belediyesinde-yurutulen-sorusturmada-gozaltina-alinan-3-kisi-serbest-birakildi\\\/#primaryimage\"},\"image\":{\"@id\":\"https:\\\/\\\/memurunsesi.net\\\/index.php\\\/2026\\\/04\\\/06\\\/bolu-belediyesinde-yurutulen-sorusturmada-gozaltina-alinan-3-kisi-serbest-birakildi\\\/#primaryimage\"},\"thumbnailUrl\":\"https:\\\/\\\/memurunsesi.net\\\/wp-content\\\/uploads\\\/2026\\\/04\\\/bolu-2-scaled.jpg\",\"datePublished\":\"2026-04-06T05:39:47+00:00\",\"description\":\"\u00a0 \u00a0 Bolu Belediyesi\u2019ne y\u00f6nelik y\u00fcr\u00fct\u00fclen soru\u015fturma kapsam\u0131nda g\u00f6zalt\u0131na al\u0131nan 3 ki\u015fi \u00e7\u0131kar\u0131ld\u0131\u011f\u0131 n\u00f6bet\u00e7i hakimlik\u00e7e tutuksuz yarg\u0131lanmak \u00fczere serbest b\u0131rak\u0131ld\u0131.\",\"breadcrumb\":{\"@id\":\"https:\\\/\\\/memurunsesi.net\\\/index.php\\\/2026\\\/04\\\/06\\\/bolu-belediyesinde-yurutulen-sorusturmada-gozaltina-alinan-3-kisi-serbest-birakildi\\\/#breadcrumb\"},\"inLanguage\":\"tr\",\"potentialAction\":[{\"@type\":\"ReadAction\",\"target\":[\"https:\\\/\\\/memurunsesi.net\\\/index.php\\\/2026\\\/04\\\/06\\\/bolu-belediyesinde-yurutulen-sorusturmada-gozaltina-alinan-3-kisi-serbest-birakildi\\\/\"]}]},{\"@type\":\"ImageObject\",\"inLanguage\":\"tr\",\"@id\":\"https:\\\/\\\/memurunsesi.net\\\/index.php\\\/2026\\\/04\\\/06\\\/bolu-belediyesinde-yurutulen-sorusturmada-gozaltina-alinan-3-kisi-serbest-birakildi\\\/#primaryimage\",\"url\":\"https:\\\/\\\/memurunsesi.net\\\/wp-content\\\/uploads\\\/2026\\\/04\\\/bolu-2-scaled.jpg\",\"contentUrl\":\"https:\\\/\\\/memurunsesi.net\\\/wp-content\\\/uploads\\\/2026\\\/04\\\/bolu-2-scaled.jpg\",\"width\":2560,\"height\":1440,\"caption\":\"BOLU BELED\u0130YES\u0130'NE Y\u00d6NEL\u0130K Y\u00dcR\u00dcT\u00dcLEN SORU\u015eTURMA KAPSAMINDA G\u00d6ZALTINA ALINAN 3 K\u0130\u015e\u0130 \u00c7IKARILDI\u011eI N\u00d6BET\u00c7\u0130 HAK\u0130ML\u0130K\u00c7E TUTUKSUZ YARGILANMAK \u00dcZERE SERBEST BIRAKILDI. (ENES \u00d6ZKAN - YA\u011eIZ EKMEN\\\/BOLU-\u0130HA) Bolu Belediyesi'ne y\u00f6nelik y\u00fcr\u00fct\u00fclen soru\u015fturma kapsam\u0131nda g\u00f6zalt\u0131na al\u0131nan 3 ki\u015fi \u00e7\u0131kar\u0131ld\u0131\u011f\u0131 n\u00f6bet\u00e7i hakimlik\u00e7e tutuksuz yarg\u0131lanmak \u00fczere serbest b\u0131rak\u0131ld\u0131.\"},{\"@type\":\"BreadcrumbList\",\"@id\":\"https:\\\/\\\/memurunsesi.net\\\/index.php\\\/2026\\\/04\\\/06\\\/bolu-belediyesinde-yurutulen-sorusturmada-gozaltina-alinan-3-kisi-serbest-birakildi\\\/#breadcrumb\",\"itemListElement\":[{\"@type\":\"ListItem\",\"position\":1,\"name\":\"Anasayfa\",\"item\":\"https:\\\/\\\/memurunsesi.net\\\/\"},{\"@type\":\"ListItem\",\"position\":2,\"name\":\"Bolu Belediyesi\u2019nde y\u00fcr\u00fct\u00fclen soru\u015fturmada g\u00f6zalt\u0131na al\u0131nan 3 ki\u015fi serbest b\u0131rak\u0131ld\u0131\"}]},{\"@type\":\"WebSite\",\"@id\":\"https:\\\/\\\/memurunsesi.net\\\/#website\",\"url\":\"https:\\\/\\\/memurunsesi.net\\\/\",\"name\":\"Memurun Sesi\",\"description\":\"G\u00fcncel ve Do\u011fru Haber\",\"publisher\":{\"@id\":\"https:\\\/\\\/memurunsesi.net\\\/#organization\"},\"potentialAction\":[{\"@type\":\"SearchAction\",\"target\":{\"@type\":\"EntryPoint\",\"urlTemplate\":\"https:\\\/\\\/memurunsesi.net\\\/?s={search_term_string}\"},\"query-input\":{\"@type\":\"PropertyValueSpecification\",\"valueRequired\":true,\"valueName\":\"search_term_string\"}}],\"inLanguage\":\"tr\"},{\"@type\":\"Organization\",\"@id\":\"https:\\\/\\\/memurunsesi.net\\\/#organization\",\"name\":\"Memurun Sesi\",\"url\":\"https:\\\/\\\/memurunsesi.net\\\/\",\"logo\":{\"@type\":\"ImageObject\",\"inLanguage\":\"tr\",\"@id\":\"https:\\\/\\\/memurunsesi.net\\\/#\\\/schema\\\/logo\\\/image\\\/\",\"url\":\"https:\\\/\\\/memurunsesi.net\\\/wp-content\\\/uploads\\\/2025\\\/11\\\/cropped-MEMURUN-SESI.png\",\"contentUrl\":\"https:\\\/\\\/memurunsesi.net\\\/wp-content\\\/uploads\\\/2025\\\/11\\\/cropped-MEMURUN-SESI.png\",\"width\":238,\"height\":57,\"caption\":\"Memurun Sesi\"},\"image\":{\"@id\":\"https:\\\/\\\/memurunsesi.net\\\/#\\\/schema\\\/logo\\\/image\\\/\"},\"sameAs\":[\"https:\\\/\\\/www.facebook.com\\\/unipersen\\\/?locale=tr_TR\",\"https:\\\/\\\/x.com\\\/unipersen\"]},{\"@type\":\"Person\",\"@id\":\"https:\\\/\\\/memurunsesi.net\\\/#\\\/schema\\\/person\\\/f21c2d73b89f6ee1d80b0a1803e38587\",\"name\":\"Memurun Sesi Haber Merkezi\",\"image\":{\"@type\":\"ImageObject\",\"inLanguage\":\"tr\",\"@id\":\"https:\\\/\\\/secure.gravatar.com\\\/avatar\\\/6cf0505f452ee753f485014986fab09a434671d2b919ee76fc541025c5876a70?s=96&d=mm&r=g\",\"url\":\"https:\\\/\\\/secure.gravatar.com\\\/avatar\\\/6cf0505f452ee753f485014986fab09a434671d2b919ee76fc541025c5876a70?s=96&d=mm&r=g\",\"contentUrl\":\"https:\\\/\\\/secure.gravatar.com\\\/avatar\\\/6cf0505f452ee753f485014986fab09a434671d2b919ee76fc541025c5876a70?s=96&d=mm&r=g\",\"caption\":\"Memurun Sesi Haber Merkezi\"},\"sameAs\":[\"https:\\\/\\\/memurunsesi.net\"],\"url\":\"https:\\\/\\\/memurunsesi.net\\\/index.php\\\/author\\\/uniper\\\/\"}]}<\/script>\n<!-- \/ Yoast SEO plugin. -->","yoast_head_json":{"title":"Bolu Belediyesi\u2019nde y\u00fcr\u00fct\u00fclen soru\u015fturmada g\u00f6zalt\u0131na al\u0131nan 3 ki\u015fi serbest b\u0131rak\u0131ld\u0131 - Memurun Sesi","description":"\u00a0 \u00a0 Bolu Belediyesi\u2019ne y\u00f6nelik y\u00fcr\u00fct\u00fclen soru\u015fturma kapsam\u0131nda g\u00f6zalt\u0131na al\u0131nan 3 ki\u015fi \u00e7\u0131kar\u0131ld\u0131\u011f\u0131 n\u00f6bet\u00e7i hakimlik\u00e7e tutuksuz yarg\u0131lanmak \u00fczere serbest b\u0131rak\u0131ld\u0131.","robots":{"index":"index","follow":"follow","max-snippet":"max-snippet:-1","max-image-preview":"max-image-preview:large","max-video-preview":"max-video-preview:-1"},"canonical":"https:\/\/memurunsesi.net\/index.php\/2026\/04\/06\/bolu-belediyesinde-yurutulen-sorusturmada-gozaltina-alinan-3-kisi-serbest-birakildi\/","og_locale":"tr_TR","og_type":"article","og_title":"Bolu Belediyesi\u2019nde y\u00fcr\u00fct\u00fclen soru\u015fturmada g\u00f6zalt\u0131na al\u0131nan 3 ki\u015fi serbest b\u0131rak\u0131ld\u0131 - Memurun Sesi","og_description":"\u00a0 \u00a0 Bolu Belediyesi\u2019ne y\u00f6nelik y\u00fcr\u00fct\u00fclen soru\u015fturma kapsam\u0131nda g\u00f6zalt\u0131na al\u0131nan 3 ki\u015fi \u00e7\u0131kar\u0131ld\u0131\u011f\u0131 n\u00f6bet\u00e7i hakimlik\u00e7e tutuksuz yarg\u0131lanmak \u00fczere serbest b\u0131rak\u0131ld\u0131.","og_url":"https:\/\/memurunsesi.net\/index.php\/2026\/04\/06\/bolu-belediyesinde-yurutulen-sorusturmada-gozaltina-alinan-3-kisi-serbest-birakildi\/","og_site_name":"Memurun Sesi","article_publisher":"https:\/\/www.facebook.com\/unipersen\/?locale=tr_TR","article_published_time":"2026-04-06T05:39:47+00:00","og_image":[{"width":2560,"height":1440,"url":"https:\/\/memurunsesi.net\/wp-content\/uploads\/2026\/04\/bolu-2-scaled.jpg","type":"image\/jpeg"}],"author":"Memurun Sesi Haber Merkezi","twitter_card":"summary_large_image","twitter_creator":"@unipersen","twitter_site":"@unipersen","twitter_misc":{"Yazan:":"Memurun Sesi Haber Merkezi","Tahmini okuma s\u00fcresi":"2 dakika"},"schema":{"@context":"https:\/\/schema.org","@graph":[{"@type":"Article","@id":"https:\/\/memurunsesi.net\/index.php\/2026\/04\/06\/bolu-belediyesinde-yurutulen-sorusturmada-gozaltina-alinan-3-kisi-serbest-birakildi\/#article","isPartOf":{"@id":"https:\/\/memurunsesi.net\/index.php\/2026\/04\/06\/bolu-belediyesinde-yurutulen-sorusturmada-gozaltina-alinan-3-kisi-serbest-birakildi\/"},"author":{"name":"Memurun Sesi Haber Merkezi","@id":"https:\/\/memurunsesi.net\/#\/schema\/person\/f21c2d73b89f6ee1d80b0a1803e38587"},"headline":"Bolu Belediyesi\u2019nde y\u00fcr\u00fct\u00fclen soru\u015fturmada g\u00f6zalt\u0131na al\u0131nan 3 ki\u015fi serbest b\u0131rak\u0131ld\u0131","datePublished":"2026-04-06T05:39:47+00:00","mainEntityOfPage":{"@id":"https:\/\/memurunsesi.net\/index.php\/2026\/04\/06\/bolu-belediyesinde-yurutulen-sorusturmada-gozaltina-alinan-3-kisi-serbest-birakildi\/"},"wordCount":294,"commentCount":0,"publisher":{"@id":"https:\/\/memurunsesi.net\/#organization"},"image":{"@id":"https:\/\/memurunsesi.net\/index.php\/2026\/04\/06\/bolu-belediyesinde-yurutulen-sorusturmada-gozaltina-alinan-3-kisi-serbest-birakildi\/#primaryimage"},"thumbnailUrl":"https:\/\/memurunsesi.net\/wp-content\/uploads\/2026\/04\/bolu-2-scaled.jpg","keywords":["bolu belediyesi","serbest b\u0131rak\u0131ld\u0131","soru\u015fturma kapsam\u0131nda","tutuklular","y\u00fcr\u00fct\u00fclen"],"articleSection":["G\u00fcndem"],"inLanguage":"tr","potentialAction":[{"@type":"CommentAction","name":"Comment","target":["https:\/\/memurunsesi.net\/index.php\/2026\/04\/06\/bolu-belediyesinde-yurutulen-sorusturmada-gozaltina-alinan-3-kisi-serbest-birakildi\/#respond"]}]},{"@type":"WebPage","@id":"https:\/\/memurunsesi.net\/index.php\/2026\/04\/06\/bolu-belediyesinde-yurutulen-sorusturmada-gozaltina-alinan-3-kisi-serbest-birakildi\/","url":"https:\/\/memurunsesi.net\/index.php\/2026\/04\/06\/bolu-belediyesinde-yurutulen-sorusturmada-gozaltina-alinan-3-kisi-serbest-birakildi\/","name":"Bolu Belediyesi\u2019nde y\u00fcr\u00fct\u00fclen soru\u015fturmada g\u00f6zalt\u0131na al\u0131nan 3 ki\u015fi serbest b\u0131rak\u0131ld\u0131 - Memurun Sesi","isPartOf":{"@id":"https:\/\/memurunsesi.net\/#website"},"primaryImageOfPage":{"@id":"https:\/\/memurunsesi.net\/index.php\/2026\/04\/06\/bolu-belediyesinde-yurutulen-sorusturmada-gozaltina-alinan-3-kisi-serbest-birakildi\/#primaryimage"},"image":{"@id":"https:\/\/memurunsesi.net\/index.php\/2026\/04\/06\/bolu-belediyesinde-yurutulen-sorusturmada-gozaltina-alinan-3-kisi-serbest-birakildi\/#primaryimage"},"thumbnailUrl":"https:\/\/memurunsesi.net\/wp-content\/uploads\/2026\/04\/bolu-2-scaled.jpg","datePublished":"2026-04-06T05:39:47+00:00","description":"\u00a0 \u00a0 Bolu Belediyesi\u2019ne y\u00f6nelik y\u00fcr\u00fct\u00fclen soru\u015fturma kapsam\u0131nda g\u00f6zalt\u0131na al\u0131nan 3 ki\u015fi \u00e7\u0131kar\u0131ld\u0131\u011f\u0131 n\u00f6bet\u00e7i hakimlik\u00e7e tutuksuz yarg\u0131lanmak \u00fczere serbest b\u0131rak\u0131ld\u0131.","breadcrumb":{"@id":"https:\/\/memurunsesi.net\/index.php\/2026\/04\/06\/bolu-belediyesinde-yurutulen-sorusturmada-gozaltina-alinan-3-kisi-serbest-birakildi\/#breadcrumb"},"inLanguage":"tr","potentialAction":[{"@type":"ReadAction","target":["https:\/\/memurunsesi.net\/index.php\/2026\/04\/06\/bolu-belediyesinde-yurutulen-sorusturmada-gozaltina-alinan-3-kisi-serbest-birakildi\/"]}]},{"@type":"ImageObject","inLanguage":"tr","@id":"https:\/\/memurunsesi.net\/index.php\/2026\/04\/06\/bolu-belediyesinde-yurutulen-sorusturmada-gozaltina-alinan-3-kisi-serbest-birakildi\/#primaryimage","url":"https:\/\/memurunsesi.net\/wp-content\/uploads\/2026\/04\/bolu-2-scaled.jpg","contentUrl":"https:\/\/memurunsesi.net\/wp-content\/uploads\/2026\/04\/bolu-2-scaled.jpg","width":2560,"height":1440,"caption":"BOLU BELED\u0130YES\u0130'NE Y\u00d6NEL\u0130K Y\u00dcR\u00dcT\u00dcLEN SORU\u015eTURMA KAPSAMINDA G\u00d6ZALTINA ALINAN 3 K\u0130\u015e\u0130 \u00c7IKARILDI\u011eI N\u00d6BET\u00c7\u0130 HAK\u0130ML\u0130K\u00c7E TUTUKSUZ YARGILANMAK \u00dcZERE SERBEST BIRAKILDI. (ENES \u00d6ZKAN - YA\u011eIZ EKMEN\/BOLU-\u0130HA) Bolu Belediyesi'ne y\u00f6nelik y\u00fcr\u00fct\u00fclen soru\u015fturma kapsam\u0131nda g\u00f6zalt\u0131na al\u0131nan 3 ki\u015fi \u00e7\u0131kar\u0131ld\u0131\u011f\u0131 n\u00f6bet\u00e7i hakimlik\u00e7e tutuksuz yarg\u0131lanmak \u00fczere serbest b\u0131rak\u0131ld\u0131."},{"@type":"BreadcrumbList","@id":"https:\/\/memurunsesi.net\/index.php\/2026\/04\/06\/bolu-belediyesinde-yurutulen-sorusturmada-gozaltina-alinan-3-kisi-serbest-birakildi\/#breadcrumb","itemListElement":[{"@type":"ListItem","position":1,"name":"Anasayfa","item":"https:\/\/memurunsesi.net\/"},{"@type":"ListItem","position":2,"name":"Bolu Belediyesi\u2019nde y\u00fcr\u00fct\u00fclen soru\u015fturmada g\u00f6zalt\u0131na al\u0131nan 3 ki\u015fi serbest b\u0131rak\u0131ld\u0131"}]},{"@type":"WebSite","@id":"https:\/\/memurunsesi.net\/#website","url":"https:\/\/memurunsesi.net\/","name":"Memurun Sesi","description":"G\u00fcncel ve Do\u011fru Haber","publisher":{"@id":"https:\/\/memurunsesi.net\/#organization"},"potentialAction":[{"@type":"SearchAction","target":{"@type":"EntryPoint","urlTemplate":"https:\/\/memurunsesi.net\/?s={search_term_string}"},"query-input":{"@type":"PropertyValueSpecification","valueRequired":true,"valueName":"search_term_string"}}],"inLanguage":"tr"},{"@type":"Organization","@id":"https:\/\/memurunsesi.net\/#organization","name":"Memurun Sesi","url":"https:\/\/memurunsesi.net\/","logo":{"@type":"ImageObject","inLanguage":"tr","@id":"https:\/\/memurunsesi.net\/#\/schema\/logo\/image\/","url":"https:\/\/memurunsesi.net\/wp-content\/uploads\/2025\/11\/cropped-MEMURUN-SESI.png","contentUrl":"https:\/\/memurunsesi.net\/wp-content\/uploads\/2025\/11\/cropped-MEMURUN-SESI.png","width":238,"height":57,"caption":"Memurun Sesi"},"image":{"@id":"https:\/\/memurunsesi.net\/#\/schema\/logo\/image\/"},"sameAs":["https:\/\/www.facebook.com\/unipersen\/?locale=tr_TR","https:\/\/x.com\/unipersen"]},{"@type":"Person","@id":"https:\/\/memurunsesi.net\/#\/schema\/person\/f21c2d73b89f6ee1d80b0a1803e38587","name":"Memurun Sesi Haber Merkezi","image":{"@type":"ImageObject","inLanguage":"tr","@id":"https:\/\/secure.gravatar.com\/avatar\/6cf0505f452ee753f485014986fab09a434671d2b919ee76fc541025c5876a70?s=96&d=mm&r=g","url":"https:\/\/secure.gravatar.com\/avatar\/6cf0505f452ee753f485014986fab09a434671d2b919ee76fc541025c5876a70?s=96&d=mm&r=g","contentUrl":"https:\/\/secure.gravatar.com\/avatar\/6cf0505f452ee753f485014986fab09a434671d2b919ee76fc541025c5876a70?s=96&d=mm&r=g","caption":"Memurun Sesi Haber Merkezi"},"sameAs":["https:\/\/memurunsesi.net"],"url":"https:\/\/memurunsesi.net\/index.php\/author\/uniper\/"}]}},"_links":{"self":[{"href":"https:\/\/memurunsesi.net\/index.php\/wp-json\/wp\/v2\/posts\/18926","targetHints":{"allow":["GET"]}}],"collection":[{"href":"https:\/\/memurunsesi.net\/index.php\/wp-json\/wp\/v2\/posts"}],"about":[{"href":"https:\/\/memurunsesi.net\/index.php\/wp-json\/wp\/v2\/types\/post"}],"author":[{"embeddable":true,"href":"https:\/\/memurunsesi.net\/index.php\/wp-json\/wp\/v2\/users\/1"}],"replies":[{"embeddable":true,"href":"https:\/\/memurunsesi.net\/index.php\/wp-json\/wp\/v2\/comments?post=18926"}],"version-history":[{"count":1,"href":"https:\/\/memurunsesi.net\/index.php\/wp-json\/wp\/v2\/posts\/18926\/revisions"}],"predecessor-version":[{"id":18929,"href":"https:\/\/memurunsesi.net\/index.php\/wp-json\/wp\/v2\/posts\/18926\/revisions\/18929"}],"wp:featuredmedia":[{"embeddable":true,"href":"https:\/\/memurunsesi.net\/index.php\/wp-json\/wp\/v2\/media\/18927"}],"wp:attachment":[{"href":"https:\/\/memurunsesi.net\/index.php\/wp-json\/wp\/v2\/media?parent=18926"}],"wp:term":[{"taxonomy":"category","embeddable":true,"href":"https:\/\/memurunsesi.net\/index.php\/wp-json\/wp\/v2\/categories?post=18926"},{"taxonomy":"post_tag","embeddable":true,"href":"https:\/\/memurunsesi.net\/index.php\/wp-json\/wp\/v2\/tags?post=18926"}],"curies":[{"name":"wp","href":"https:\/\/api.w.org\/{rel}","templated":true}]}}