{"id":18930,"date":"2026-04-06T08:42:58","date_gmt":"2026-04-06T05:42:58","guid":{"rendered":"https:\/\/memurunsesi.net\/?p=18930"},"modified":"2026-04-06T08:42:58","modified_gmt":"2026-04-06T05:42:58","slug":"ucurumdan-deniz-kiyisina-yuvarlanan-otomobilde-3-kisi-yaralandi","status":"publish","type":"post","link":"https:\/\/memurunsesi.net\/index.php\/2026\/04\/06\/ucurumdan-deniz-kiyisina-yuvarlanan-otomobilde-3-kisi-yaralandi\/","title":{"rendered":"U\u00e7urumdan deniz k\u0131y\u0131s\u0131na yuvarlanan otomobilde 3 ki\u015fi yaraland\u0131"},"content":{"rendered":"<p>Tekirda\u011f\u2019\u0131n \u015eark\u00f6y il\u00e7esinde u\u00e7urumdan deniz k\u0131y\u0131s\u0131na yuvarlanan otomobilde bulunan 3 ki\u015fi yaraland\u0131.<br \/>\n\u015eark\u00f6y il\u00e7esine ba\u011fl\u0131 U\u00e7makdere Mahallesi\u2019nde \u0130.A. y\u00f6netimindeki otomobil, hen\u00fcz bilinmeyen bir nedenle kontrolden \u00e7\u0131karak u\u00e7urumdan deniz k\u0131y\u0131s\u0131na d\u00fc\u015ft\u00fc. Kazay\u0131 g\u00f6ren vatanda\u015flar\u0131n ihbar\u0131 \u00fczerine olay yerine sahil g\u00fcvenlik, jandarma, itfaiye ve sa\u011fl\u0131k ekipleri sevk edildi. K\u0131sa s\u00fcrede b\u00f6lgeye ula\u015fan ekipler, zorlu arazi \u015fartlar\u0131nda k\u0131y\u0131ya inerek ara\u00e7ta bulunan s\u00fcr\u00fcc\u00fc \u0130.A. ile birlikte 2 yolcuya ula\u015ft\u0131. Yaral\u0131lara olay yerinde ilk m\u00fcdahale sa\u011fl\u0131k ekipleri taraf\u0131ndan yap\u0131ld\u0131. Sedyeyle bulundu\u011fu yerden \u00e7\u0131kar\u0131lan yaral\u0131lar, ambulanslarla \u015eark\u00f6y Devlet Hastanesi\u2019ne kald\u0131r\u0131larak tedavi alt\u0131na al\u0131nd\u0131.<br \/>\nKaza ile ilgili inceleme ba\u015flat\u0131ld\u0131.<\/p>\n<p>6.04.2026<\/p>\n","protected":false},"excerpt":{"rendered":"<p>Tekirda\u011f\u2019\u0131n \u015eark\u00f6y il\u00e7esinde u\u00e7urumdan deniz k\u0131y\u0131s\u0131na yuvarlanan otomobilde bulunan 3 ki\u015fi yaraland\u0131. \u015eark\u00f6y il\u00e7esine ba\u011fl\u0131 U\u00e7makdere Mahallesi\u2019nde \u0130.A. y\u00f6netimindeki otomobil, hen\u00fcz bilinmeyen bir nedenle kontrolden \u00e7\u0131karak u\u00e7urumdan deniz k\u0131y\u0131s\u0131na d\u00fc\u015ft\u00fc. Kazay\u0131 g\u00f6ren vatanda\u015flar\u0131n ihbar\u0131 \u00fczerine olay yerine sahil g\u00fcvenlik, jandarma, itfaiye ve sa\u011fl\u0131k ekipleri sevk edildi. K\u0131sa s\u00fcrede b\u00f6lgeye ula\u015fan ekipler, zorlu arazi \u015fartlar\u0131nda k\u0131y\u0131ya [&hellip;]<\/p>\n","protected":false},"author":1,"featured_media":18931,"comment_status":"open","ping_status":"open","sticky":false,"template":"","format":"standard","meta":{"footnotes":""},"categories":[50],"tags":[565,2754,449,2755],"class_list":["post-18930","post","type-post","status-publish","format-standard","has-post-thumbnail","hentry","category-tum-haberler","tag-3-yarali","tag-deniz-kiyisina","tag-tekirdag","tag-yuvarlanan-otomobil"],"yoast_head":"<!-- This site is optimized with the Yoast SEO plugin v27.4 - https:\/\/yoast.com\/product\/yoast-seo-wordpress\/ -->\n<title>U\u00e7urumdan deniz k\u0131y\u0131s\u0131na yuvarlanan otomobilde 3 ki\u015fi yaraland\u0131 - Memurun Sesi<\/title>\n<meta name=\"description\" content=\"\u00a0 \u00a0 Tekirda\u011f\u2019\u0131n \u015eark\u00f6y il\u00e7esinde u\u00e7urumdan deniz k\u0131y\u0131s\u0131na yuvarlanan otomobilde bulunan 3 ki\u015fi yaraland\u0131.\" \/>\n<meta name=\"robots\" content=\"index, follow, max-snippet:-1, max-image-preview:large, max-video-preview:-1\" \/>\n<link rel=\"canonical\" href=\"https:\/\/memurunsesi.net\/index.php\/2026\/04\/06\/ucurumdan-deniz-kiyisina-yuvarlanan-otomobilde-3-kisi-yaralandi\/\" \/>\n<meta property=\"og:locale\" content=\"tr_TR\" \/>\n<meta property=\"og:type\" content=\"article\" \/>\n<meta property=\"og:title\" content=\"U\u00e7urumdan deniz k\u0131y\u0131s\u0131na yuvarlanan otomobilde 3 ki\u015fi yaraland\u0131 - Memurun Sesi\" \/>\n<meta property=\"og:description\" content=\"\u00a0 \u00a0 Tekirda\u011f\u2019\u0131n \u015eark\u00f6y il\u00e7esinde u\u00e7urumdan deniz k\u0131y\u0131s\u0131na yuvarlanan otomobilde bulunan 3 ki\u015fi yaraland\u0131.\" \/>\n<meta property=\"og:url\" content=\"https:\/\/memurunsesi.net\/index.php\/2026\/04\/06\/ucurumdan-deniz-kiyisina-yuvarlanan-otomobilde-3-kisi-yaralandi\/\" \/>\n<meta property=\"og:site_name\" content=\"Memurun Sesi\" \/>\n<meta property=\"article:publisher\" content=\"https:\/\/www.facebook.com\/unipersen\/?locale=tr_TR\" \/>\n<meta property=\"article:published_time\" content=\"2026-04-06T05:42:58+00:00\" \/>\n<meta property=\"og:image\" content=\"https:\/\/memurunsesi.net\/wp-content\/uploads\/2026\/04\/deniz.jpg\" \/>\n\t<meta property=\"og:image:width\" content=\"2048\" \/>\n\t<meta property=\"og:image:height\" content=\"1536\" \/>\n\t<meta property=\"og:image:type\" content=\"image\/jpeg\" \/>\n<meta name=\"author\" content=\"Memurun Sesi Haber Merkezi\" \/>\n<meta name=\"twitter:card\" content=\"summary_large_image\" \/>\n<meta name=\"twitter:creator\" content=\"@unipersen\" \/>\n<meta name=\"twitter:site\" content=\"@unipersen\" \/>\n<meta name=\"twitter:label1\" content=\"Yazan:\" \/>\n\t<meta name=\"twitter:data1\" content=\"Memurun Sesi Haber Merkezi\" \/>\n\t<meta name=\"twitter:label2\" content=\"Tahmini okuma s\u00fcresi\" \/>\n\t<meta name=\"twitter:data2\" content=\"1 dakika\" \/>\n<script type=\"application\/ld+json\" class=\"yoast-schema-graph\">{\"@context\":\"https:\\\/\\\/schema.org\",\"@graph\":[{\"@type\":\"Article\",\"@id\":\"https:\\\/\\\/memurunsesi.net\\\/index.php\\\/2026\\\/04\\\/06\\\/ucurumdan-deniz-kiyisina-yuvarlanan-otomobilde-3-kisi-yaralandi\\\/#article\",\"isPartOf\":{\"@id\":\"https:\\\/\\\/memurunsesi.net\\\/index.php\\\/2026\\\/04\\\/06\\\/ucurumdan-deniz-kiyisina-yuvarlanan-otomobilde-3-kisi-yaralandi\\\/\"},\"author\":{\"name\":\"Memurun Sesi Haber Merkezi\",\"@id\":\"https:\\\/\\\/memurunsesi.net\\\/#\\\/schema\\\/person\\\/f21c2d73b89f6ee1d80b0a1803e38587\"},\"headline\":\"U\u00e7urumdan deniz k\u0131y\u0131s\u0131na yuvarlanan otomobilde 3 ki\u015fi yaraland\u0131\",\"datePublished\":\"2026-04-06T05:42:58+00:00\",\"mainEntityOfPage\":{\"@id\":\"https:\\\/\\\/memurunsesi.net\\\/index.php\\\/2026\\\/04\\\/06\\\/ucurumdan-deniz-kiyisina-yuvarlanan-otomobilde-3-kisi-yaralandi\\\/\"},\"wordCount\":156,\"commentCount\":0,\"publisher\":{\"@id\":\"https:\\\/\\\/memurunsesi.net\\\/#organization\"},\"image\":{\"@id\":\"https:\\\/\\\/memurunsesi.net\\\/index.php\\\/2026\\\/04\\\/06\\\/ucurumdan-deniz-kiyisina-yuvarlanan-otomobilde-3-kisi-yaralandi\\\/#primaryimage\"},\"thumbnailUrl\":\"https:\\\/\\\/memurunsesi.net\\\/wp-content\\\/uploads\\\/2026\\\/04\\\/deniz.jpg\",\"keywords\":[\"3 yaral\u0131\",\"deniz k\u0131y\u0131s\u0131na\",\"Tekirda\u011f\",\"yuvarlanan otomobil\"],\"articleSection\":[\"T\u00fcm Haberler\"],\"inLanguage\":\"tr\",\"potentialAction\":[{\"@type\":\"CommentAction\",\"name\":\"Comment\",\"target\":[\"https:\\\/\\\/memurunsesi.net\\\/index.php\\\/2026\\\/04\\\/06\\\/ucurumdan-deniz-kiyisina-yuvarlanan-otomobilde-3-kisi-yaralandi\\\/#respond\"]}]},{\"@type\":\"WebPage\",\"@id\":\"https:\\\/\\\/memurunsesi.net\\\/index.php\\\/2026\\\/04\\\/06\\\/ucurumdan-deniz-kiyisina-yuvarlanan-otomobilde-3-kisi-yaralandi\\\/\",\"url\":\"https:\\\/\\\/memurunsesi.net\\\/index.php\\\/2026\\\/04\\\/06\\\/ucurumdan-deniz-kiyisina-yuvarlanan-otomobilde-3-kisi-yaralandi\\\/\",\"name\":\"U\u00e7urumdan deniz k\u0131y\u0131s\u0131na yuvarlanan otomobilde 3 ki\u015fi yaraland\u0131 - Memurun Sesi\",\"isPartOf\":{\"@id\":\"https:\\\/\\\/memurunsesi.net\\\/#website\"},\"primaryImageOfPage\":{\"@id\":\"https:\\\/\\\/memurunsesi.net\\\/index.php\\\/2026\\\/04\\\/06\\\/ucurumdan-deniz-kiyisina-yuvarlanan-otomobilde-3-kisi-yaralandi\\\/#primaryimage\"},\"image\":{\"@id\":\"https:\\\/\\\/memurunsesi.net\\\/index.php\\\/2026\\\/04\\\/06\\\/ucurumdan-deniz-kiyisina-yuvarlanan-otomobilde-3-kisi-yaralandi\\\/#primaryimage\"},\"thumbnailUrl\":\"https:\\\/\\\/memurunsesi.net\\\/wp-content\\\/uploads\\\/2026\\\/04\\\/deniz.jpg\",\"datePublished\":\"2026-04-06T05:42:58+00:00\",\"description\":\"\u00a0 \u00a0 Tekirda\u011f\u2019\u0131n \u015eark\u00f6y il\u00e7esinde u\u00e7urumdan deniz k\u0131y\u0131s\u0131na yuvarlanan otomobilde bulunan 3 ki\u015fi yaraland\u0131.\",\"breadcrumb\":{\"@id\":\"https:\\\/\\\/memurunsesi.net\\\/index.php\\\/2026\\\/04\\\/06\\\/ucurumdan-deniz-kiyisina-yuvarlanan-otomobilde-3-kisi-yaralandi\\\/#breadcrumb\"},\"inLanguage\":\"tr\",\"potentialAction\":[{\"@type\":\"ReadAction\",\"target\":[\"https:\\\/\\\/memurunsesi.net\\\/index.php\\\/2026\\\/04\\\/06\\\/ucurumdan-deniz-kiyisina-yuvarlanan-otomobilde-3-kisi-yaralandi\\\/\"]}]},{\"@type\":\"ImageObject\",\"inLanguage\":\"tr\",\"@id\":\"https:\\\/\\\/memurunsesi.net\\\/index.php\\\/2026\\\/04\\\/06\\\/ucurumdan-deniz-kiyisina-yuvarlanan-otomobilde-3-kisi-yaralandi\\\/#primaryimage\",\"url\":\"https:\\\/\\\/memurunsesi.net\\\/wp-content\\\/uploads\\\/2026\\\/04\\\/deniz.jpg\",\"contentUrl\":\"https:\\\/\\\/memurunsesi.net\\\/wp-content\\\/uploads\\\/2026\\\/04\\\/deniz.jpg\",\"width\":2048,\"height\":1536,\"caption\":\"TEK\u0130RDA\u011e'IN \u015eARK\u00d6Y \u0130L\u00c7ES\u0130NDE U\u00c7URUMDAN DEN\u0130Z KIYISINA YUVARLANAN OTOMOB\u0130LDE BULUNAN 3 K\u0130\u015e\u0130 YARALANDI. (HAL\u0130L DA\u011e\\\/TEK\u0130RDA\u011e-\u0130HA) Tekirda\u011f'\u0131n \u015eark\u00f6y il\u00e7esinde u\u00e7urumdan deniz k\u0131y\u0131s\u0131na yuvarlanan otomobilde bulunan 3 ki\u015fi yaraland\u0131.\"},{\"@type\":\"BreadcrumbList\",\"@id\":\"https:\\\/\\\/memurunsesi.net\\\/index.php\\\/2026\\\/04\\\/06\\\/ucurumdan-deniz-kiyisina-yuvarlanan-otomobilde-3-kisi-yaralandi\\\/#breadcrumb\",\"itemListElement\":[{\"@type\":\"ListItem\",\"position\":1,\"name\":\"Anasayfa\",\"item\":\"https:\\\/\\\/memurunsesi.net\\\/\"},{\"@type\":\"ListItem\",\"position\":2,\"name\":\"U\u00e7urumdan deniz k\u0131y\u0131s\u0131na yuvarlanan otomobilde 3 ki\u015fi yaraland\u0131\"}]},{\"@type\":\"WebSite\",\"@id\":\"https:\\\/\\\/memurunsesi.net\\\/#website\",\"url\":\"https:\\\/\\\/memurunsesi.net\\\/\",\"name\":\"Memurun Sesi\",\"description\":\"G\u00fcncel ve Do\u011fru Haber\",\"publisher\":{\"@id\":\"https:\\\/\\\/memurunsesi.net\\\/#organization\"},\"potentialAction\":[{\"@type\":\"SearchAction\",\"target\":{\"@type\":\"EntryPoint\",\"urlTemplate\":\"https:\\\/\\\/memurunsesi.net\\\/?s={search_term_string}\"},\"query-input\":{\"@type\":\"PropertyValueSpecification\",\"valueRequired\":true,\"valueName\":\"search_term_string\"}}],\"inLanguage\":\"tr\"},{\"@type\":\"Organization\",\"@id\":\"https:\\\/\\\/memurunsesi.net\\\/#organization\",\"name\":\"Memurun Sesi\",\"url\":\"https:\\\/\\\/memurunsesi.net\\\/\",\"logo\":{\"@type\":\"ImageObject\",\"inLanguage\":\"tr\",\"@id\":\"https:\\\/\\\/memurunsesi.net\\\/#\\\/schema\\\/logo\\\/image\\\/\",\"url\":\"https:\\\/\\\/memurunsesi.net\\\/wp-content\\\/uploads\\\/2025\\\/11\\\/cropped-MEMURUN-SESI.png\",\"contentUrl\":\"https:\\\/\\\/memurunsesi.net\\\/wp-content\\\/uploads\\\/2025\\\/11\\\/cropped-MEMURUN-SESI.png\",\"width\":238,\"height\":57,\"caption\":\"Memurun Sesi\"},\"image\":{\"@id\":\"https:\\\/\\\/memurunsesi.net\\\/#\\\/schema\\\/logo\\\/image\\\/\"},\"sameAs\":[\"https:\\\/\\\/www.facebook.com\\\/unipersen\\\/?locale=tr_TR\",\"https:\\\/\\\/x.com\\\/unipersen\"]},{\"@type\":\"Person\",\"@id\":\"https:\\\/\\\/memurunsesi.net\\\/#\\\/schema\\\/person\\\/f21c2d73b89f6ee1d80b0a1803e38587\",\"name\":\"Memurun Sesi Haber Merkezi\",\"image\":{\"@type\":\"ImageObject\",\"inLanguage\":\"tr\",\"@id\":\"https:\\\/\\\/secure.gravatar.com\\\/avatar\\\/6cf0505f452ee753f485014986fab09a434671d2b919ee76fc541025c5876a70?s=96&d=mm&r=g\",\"url\":\"https:\\\/\\\/secure.gravatar.com\\\/avatar\\\/6cf0505f452ee753f485014986fab09a434671d2b919ee76fc541025c5876a70?s=96&d=mm&r=g\",\"contentUrl\":\"https:\\\/\\\/secure.gravatar.com\\\/avatar\\\/6cf0505f452ee753f485014986fab09a434671d2b919ee76fc541025c5876a70?s=96&d=mm&r=g\",\"caption\":\"Memurun Sesi Haber Merkezi\"},\"sameAs\":[\"https:\\\/\\\/memurunsesi.net\"],\"url\":\"https:\\\/\\\/memurunsesi.net\\\/index.php\\\/author\\\/uniper\\\/\"}]}<\/script>\n<!-- \/ Yoast SEO plugin. -->","yoast_head_json":{"title":"U\u00e7urumdan deniz k\u0131y\u0131s\u0131na yuvarlanan otomobilde 3 ki\u015fi yaraland\u0131 - Memurun Sesi","description":"\u00a0 \u00a0 Tekirda\u011f\u2019\u0131n \u015eark\u00f6y il\u00e7esinde u\u00e7urumdan deniz k\u0131y\u0131s\u0131na yuvarlanan otomobilde bulunan 3 ki\u015fi yaraland\u0131.","robots":{"index":"index","follow":"follow","max-snippet":"max-snippet:-1","max-image-preview":"max-image-preview:large","max-video-preview":"max-video-preview:-1"},"canonical":"https:\/\/memurunsesi.net\/index.php\/2026\/04\/06\/ucurumdan-deniz-kiyisina-yuvarlanan-otomobilde-3-kisi-yaralandi\/","og_locale":"tr_TR","og_type":"article","og_title":"U\u00e7urumdan deniz k\u0131y\u0131s\u0131na yuvarlanan otomobilde 3 ki\u015fi yaraland\u0131 - Memurun Sesi","og_description":"\u00a0 \u00a0 Tekirda\u011f\u2019\u0131n \u015eark\u00f6y il\u00e7esinde u\u00e7urumdan deniz k\u0131y\u0131s\u0131na yuvarlanan otomobilde bulunan 3 ki\u015fi yaraland\u0131.","og_url":"https:\/\/memurunsesi.net\/index.php\/2026\/04\/06\/ucurumdan-deniz-kiyisina-yuvarlanan-otomobilde-3-kisi-yaralandi\/","og_site_name":"Memurun Sesi","article_publisher":"https:\/\/www.facebook.com\/unipersen\/?locale=tr_TR","article_published_time":"2026-04-06T05:42:58+00:00","og_image":[{"width":2048,"height":1536,"url":"https:\/\/memurunsesi.net\/wp-content\/uploads\/2026\/04\/deniz.jpg","type":"image\/jpeg"}],"author":"Memurun Sesi Haber Merkezi","twitter_card":"summary_large_image","twitter_creator":"@unipersen","twitter_site":"@unipersen","twitter_misc":{"Yazan:":"Memurun Sesi Haber Merkezi","Tahmini okuma s\u00fcresi":"1 dakika"},"schema":{"@context":"https:\/\/schema.org","@graph":[{"@type":"Article","@id":"https:\/\/memurunsesi.net\/index.php\/2026\/04\/06\/ucurumdan-deniz-kiyisina-yuvarlanan-otomobilde-3-kisi-yaralandi\/#article","isPartOf":{"@id":"https:\/\/memurunsesi.net\/index.php\/2026\/04\/06\/ucurumdan-deniz-kiyisina-yuvarlanan-otomobilde-3-kisi-yaralandi\/"},"author":{"name":"Memurun Sesi Haber Merkezi","@id":"https:\/\/memurunsesi.net\/#\/schema\/person\/f21c2d73b89f6ee1d80b0a1803e38587"},"headline":"U\u00e7urumdan deniz k\u0131y\u0131s\u0131na yuvarlanan otomobilde 3 ki\u015fi yaraland\u0131","datePublished":"2026-04-06T05:42:58+00:00","mainEntityOfPage":{"@id":"https:\/\/memurunsesi.net\/index.php\/2026\/04\/06\/ucurumdan-deniz-kiyisina-yuvarlanan-otomobilde-3-kisi-yaralandi\/"},"wordCount":156,"commentCount":0,"publisher":{"@id":"https:\/\/memurunsesi.net\/#organization"},"image":{"@id":"https:\/\/memurunsesi.net\/index.php\/2026\/04\/06\/ucurumdan-deniz-kiyisina-yuvarlanan-otomobilde-3-kisi-yaralandi\/#primaryimage"},"thumbnailUrl":"https:\/\/memurunsesi.net\/wp-content\/uploads\/2026\/04\/deniz.jpg","keywords":["3 yaral\u0131","deniz k\u0131y\u0131s\u0131na","Tekirda\u011f","yuvarlanan otomobil"],"articleSection":["T\u00fcm Haberler"],"inLanguage":"tr","potentialAction":[{"@type":"CommentAction","name":"Comment","target":["https:\/\/memurunsesi.net\/index.php\/2026\/04\/06\/ucurumdan-deniz-kiyisina-yuvarlanan-otomobilde-3-kisi-yaralandi\/#respond"]}]},{"@type":"WebPage","@id":"https:\/\/memurunsesi.net\/index.php\/2026\/04\/06\/ucurumdan-deniz-kiyisina-yuvarlanan-otomobilde-3-kisi-yaralandi\/","url":"https:\/\/memurunsesi.net\/index.php\/2026\/04\/06\/ucurumdan-deniz-kiyisina-yuvarlanan-otomobilde-3-kisi-yaralandi\/","name":"U\u00e7urumdan deniz k\u0131y\u0131s\u0131na yuvarlanan otomobilde 3 ki\u015fi yaraland\u0131 - Memurun Sesi","isPartOf":{"@id":"https:\/\/memurunsesi.net\/#website"},"primaryImageOfPage":{"@id":"https:\/\/memurunsesi.net\/index.php\/2026\/04\/06\/ucurumdan-deniz-kiyisina-yuvarlanan-otomobilde-3-kisi-yaralandi\/#primaryimage"},"image":{"@id":"https:\/\/memurunsesi.net\/index.php\/2026\/04\/06\/ucurumdan-deniz-kiyisina-yuvarlanan-otomobilde-3-kisi-yaralandi\/#primaryimage"},"thumbnailUrl":"https:\/\/memurunsesi.net\/wp-content\/uploads\/2026\/04\/deniz.jpg","datePublished":"2026-04-06T05:42:58+00:00","description":"\u00a0 \u00a0 Tekirda\u011f\u2019\u0131n \u015eark\u00f6y il\u00e7esinde u\u00e7urumdan deniz k\u0131y\u0131s\u0131na yuvarlanan otomobilde bulunan 3 ki\u015fi yaraland\u0131.","breadcrumb":{"@id":"https:\/\/memurunsesi.net\/index.php\/2026\/04\/06\/ucurumdan-deniz-kiyisina-yuvarlanan-otomobilde-3-kisi-yaralandi\/#breadcrumb"},"inLanguage":"tr","potentialAction":[{"@type":"ReadAction","target":["https:\/\/memurunsesi.net\/index.php\/2026\/04\/06\/ucurumdan-deniz-kiyisina-yuvarlanan-otomobilde-3-kisi-yaralandi\/"]}]},{"@type":"ImageObject","inLanguage":"tr","@id":"https:\/\/memurunsesi.net\/index.php\/2026\/04\/06\/ucurumdan-deniz-kiyisina-yuvarlanan-otomobilde-3-kisi-yaralandi\/#primaryimage","url":"https:\/\/memurunsesi.net\/wp-content\/uploads\/2026\/04\/deniz.jpg","contentUrl":"https:\/\/memurunsesi.net\/wp-content\/uploads\/2026\/04\/deniz.jpg","width":2048,"height":1536,"caption":"TEK\u0130RDA\u011e'IN \u015eARK\u00d6Y \u0130L\u00c7ES\u0130NDE U\u00c7URUMDAN DEN\u0130Z KIYISINA YUVARLANAN OTOMOB\u0130LDE BULUNAN 3 K\u0130\u015e\u0130 YARALANDI. (HAL\u0130L DA\u011e\/TEK\u0130RDA\u011e-\u0130HA) Tekirda\u011f'\u0131n \u015eark\u00f6y il\u00e7esinde u\u00e7urumdan deniz k\u0131y\u0131s\u0131na yuvarlanan otomobilde bulunan 3 ki\u015fi yaraland\u0131."},{"@type":"BreadcrumbList","@id":"https:\/\/memurunsesi.net\/index.php\/2026\/04\/06\/ucurumdan-deniz-kiyisina-yuvarlanan-otomobilde-3-kisi-yaralandi\/#breadcrumb","itemListElement":[{"@type":"ListItem","position":1,"name":"Anasayfa","item":"https:\/\/memurunsesi.net\/"},{"@type":"ListItem","position":2,"name":"U\u00e7urumdan deniz k\u0131y\u0131s\u0131na yuvarlanan otomobilde 3 ki\u015fi yaraland\u0131"}]},{"@type":"WebSite","@id":"https:\/\/memurunsesi.net\/#website","url":"https:\/\/memurunsesi.net\/","name":"Memurun Sesi","description":"G\u00fcncel ve Do\u011fru Haber","publisher":{"@id":"https:\/\/memurunsesi.net\/#organization"},"potentialAction":[{"@type":"SearchAction","target":{"@type":"EntryPoint","urlTemplate":"https:\/\/memurunsesi.net\/?s={search_term_string}"},"query-input":{"@type":"PropertyValueSpecification","valueRequired":true,"valueName":"search_term_string"}}],"inLanguage":"tr"},{"@type":"Organization","@id":"https:\/\/memurunsesi.net\/#organization","name":"Memurun Sesi","url":"https:\/\/memurunsesi.net\/","logo":{"@type":"ImageObject","inLanguage":"tr","@id":"https:\/\/memurunsesi.net\/#\/schema\/logo\/image\/","url":"https:\/\/memurunsesi.net\/wp-content\/uploads\/2025\/11\/cropped-MEMURUN-SESI.png","contentUrl":"https:\/\/memurunsesi.net\/wp-content\/uploads\/2025\/11\/cropped-MEMURUN-SESI.png","width":238,"height":57,"caption":"Memurun Sesi"},"image":{"@id":"https:\/\/memurunsesi.net\/#\/schema\/logo\/image\/"},"sameAs":["https:\/\/www.facebook.com\/unipersen\/?locale=tr_TR","https:\/\/x.com\/unipersen"]},{"@type":"Person","@id":"https:\/\/memurunsesi.net\/#\/schema\/person\/f21c2d73b89f6ee1d80b0a1803e38587","name":"Memurun Sesi Haber Merkezi","image":{"@type":"ImageObject","inLanguage":"tr","@id":"https:\/\/secure.gravatar.com\/avatar\/6cf0505f452ee753f485014986fab09a434671d2b919ee76fc541025c5876a70?s=96&d=mm&r=g","url":"https:\/\/secure.gravatar.com\/avatar\/6cf0505f452ee753f485014986fab09a434671d2b919ee76fc541025c5876a70?s=96&d=mm&r=g","contentUrl":"https:\/\/secure.gravatar.com\/avatar\/6cf0505f452ee753f485014986fab09a434671d2b919ee76fc541025c5876a70?s=96&d=mm&r=g","caption":"Memurun Sesi Haber Merkezi"},"sameAs":["https:\/\/memurunsesi.net"],"url":"https:\/\/memurunsesi.net\/index.php\/author\/uniper\/"}]}},"_links":{"self":[{"href":"https:\/\/memurunsesi.net\/index.php\/wp-json\/wp\/v2\/posts\/18930","targetHints":{"allow":["GET"]}}],"collection":[{"href":"https:\/\/memurunsesi.net\/index.php\/wp-json\/wp\/v2\/posts"}],"about":[{"href":"https:\/\/memurunsesi.net\/index.php\/wp-json\/wp\/v2\/types\/post"}],"author":[{"embeddable":true,"href":"https:\/\/memurunsesi.net\/index.php\/wp-json\/wp\/v2\/users\/1"}],"replies":[{"embeddable":true,"href":"https:\/\/memurunsesi.net\/index.php\/wp-json\/wp\/v2\/comments?post=18930"}],"version-history":[{"count":1,"href":"https:\/\/memurunsesi.net\/index.php\/wp-json\/wp\/v2\/posts\/18930\/revisions"}],"predecessor-version":[{"id":18933,"href":"https:\/\/memurunsesi.net\/index.php\/wp-json\/wp\/v2\/posts\/18930\/revisions\/18933"}],"wp:featuredmedia":[{"embeddable":true,"href":"https:\/\/memurunsesi.net\/index.php\/wp-json\/wp\/v2\/media\/18931"}],"wp:attachment":[{"href":"https:\/\/memurunsesi.net\/index.php\/wp-json\/wp\/v2\/media?parent=18930"}],"wp:term":[{"taxonomy":"category","embeddable":true,"href":"https:\/\/memurunsesi.net\/index.php\/wp-json\/wp\/v2\/categories?post=18930"},{"taxonomy":"post_tag","embeddable":true,"href":"https:\/\/memurunsesi.net\/index.php\/wp-json\/wp\/v2\/tags?post=18930"}],"curies":[{"name":"wp","href":"https:\/\/api.w.org\/{rel}","templated":true}]}}