{"id":19632,"date":"2026-04-26T08:39:32","date_gmt":"2026-04-26T05:39:32","guid":{"rendered":"https:\/\/memurunsesi.net\/?p=19632"},"modified":"2026-04-26T08:39:32","modified_gmt":"2026-04-26T05:39:32","slug":"usakta-gorev-basindaki-polis-ekiplerine-pompali-tufekle-ates-acildi-2-polis-yaralandi","status":"publish","type":"post","link":"https:\/\/memurunsesi.net\/index.php\/2026\/04\/26\/usakta-gorev-basindaki-polis-ekiplerine-pompali-tufekle-ates-acildi-2-polis-yaralandi\/","title":{"rendered":"U\u015fak&#8217;ta g\u00f6rev ba\u015f\u0131ndaki polis ekiplerine pompal\u0131 t\u00fcfekle ate\u015f a\u00e7\u0131ld\u0131: 2 polis yaraland\u0131"},"content":{"rendered":"<p>U\u015fak\u2019\u0131n Ulubey il\u00e7esinde aile i\u00e7i \u015fiddet ve kavga ihbar\u0131na giden polis ekiplerine pompal\u0131 t\u00fcfekle ate\u015f a\u00e7\u0131lmas\u0131 sonucu 2 polis memuru yaraland\u0131.<br \/>\nOlay, Ulubey il\u00e7esi Dilaver Mahallesi Kurtulu\u015f Caddesi\u2019nde meydana geldi. Edinilen bilgilere g\u00f6re, aile i\u00e7i \u015fiddet ve kavga ihbar\u0131 \u00fczerine adrese giden polis ekipleri, eve ula\u015ft\u0131klar\u0131 s\u0131rada bah\u00e7eden a\u00e7\u0131lan pompal\u0131 t\u00fcfekli sald\u0131r\u0131ya u\u011frad\u0131. A\u00e7\u0131lan ate\u015f sonucu polis memurlar\u0131 \u0130.\u015e. ve E.E.A. yaraland\u0131.<br \/>\n\u0130hbar \u00fczerine b\u00f6lgeye \u00e7ok say\u0131da polis ve 112 Acil Sa\u011fl\u0131k ekibi sevk edildi. Yaral\u0131 polisler, sa\u011fl\u0131k ekiplerinin ilk m\u00fcdahalesinin ard\u0131ndan U\u015fak E\u011fitim ve Ara\u015ft\u0131rma Hastanesi\u2019ne kald\u0131r\u0131ld\u0131. Olay\u0131n ard\u0131ndan \u015f\u00fcphelinin kimli\u011fi E.R. (40) olarak tespit edildi. B\u00f6lgede geni\u015f g\u00fcvenlik \u00f6nlemleri al\u0131n\u0131rken, olay\u0131n ard\u0131ndan ka\u00e7an \u015f\u00fcphelinin yakalanmas\u0131 i\u00e7in ekiplerce \u00e7al\u0131\u015fma ba\u015flat\u0131ld\u0131.<br \/>\nBa\u015flat\u0131lan yakalama \u00e7al\u0131\u015fmalar\u0131nda ekiplerce dron destekli arama ger\u00e7ekle\u015ftirildi. \u015e\u00fcphelinin il\u00e7e merkezinde bulunan metruk bir binada sakland\u0131\u011f\u0131n\u0131 tespit edildi. \u015e\u00fcphelinin, b\u00f6lgeye gelen ekiplere yeniden ate\u015f a\u00e7mas\u0131 \u00fczerine olay yerine \u00f6zel harek\u00e2t ekipleri sevk edildi. Yakla\u015f\u0131k 3 saat s\u00fcren \u00e7al\u0131\u015fmalar\u0131n ard\u0131ndan \u015f\u00fcpheli, yap\u0131lan ikna \u00e7a\u011fr\u0131lar\u0131 sonucu teslim olarak g\u00f6zalt\u0131na al\u0131nd\u0131.<\/p>\n<p>-U\u015fak Valisi Serdar Kartal konuya ili\u015fkin a\u00e7\u0131klamalarda bulundu<br \/>\nU\u015fak Valisi Serdar Kartal, Ulubey \u0130l\u00e7e Emniyet M\u00fcd\u00fcrl\u00fc\u011f\u00fc\u2019ne gelerek olayla alakal\u0131 Ulubey Kaymakam\u0131 \u0130brahim \u00c7o\u015fkunaslan, \u0130l Emniyet M\u00fcd\u00fcr\u00fc Taner \u00c7ift\u00e7i ve \u0130l Jandarma Komutan\u0131 \u00d6zg\u00fcr K\u0131l\u0131\u00e7\u2019tan bilgi ald\u0131.<br \/>\nVali Kartal yapt\u0131\u011f\u0131 a\u00e7\u0131klamada, &#8220;Bug\u00fcn Ulubey il\u00e7emizde menfur bir sald\u0131r\u0131 ya\u015fad\u0131k. Aile i\u00e7i \u015fiddetle ilgili \u015fikayete giden polis arkada\u015flar\u0131m\u0131za, bir sald\u0131rgan \u015fah\u0131s taraf\u0131ndan pompal\u0131 t\u00fcfekle yak\u0131n mesafeden ate\u015f a\u00e7\u0131ld\u0131. Bir polisimizin durumu biraz a\u011f\u0131r oldu\u011fu i\u00e7in onu \u0130zmir\u2019e sevk ettik. Di\u011fer arkada\u015f\u0131m\u0131z da baca\u011f\u0131ndan yaraland\u0131. Onu da taburcu ettiler. \u015eimdi evinde istirahat halinde. Sald\u0131rgan \u015fah\u0131s da bizim \u00f6zel harekat ekiplerimiz taraf\u0131ndan ikna edilerek sa\u011f olarak ele ge\u00e7irildi. Bu konuyla ilgili hem adli hem idari soru\u015fturmam\u0131z devam ediyor.&#8221; dedi.<\/p>\n<p>26.04.2026<\/p>\n","protected":false},"excerpt":{"rendered":"<p>U\u015fak\u2019\u0131n Ulubey il\u00e7esinde aile i\u00e7i \u015fiddet ve kavga ihbar\u0131na giden polis ekiplerine pompal\u0131 t\u00fcfekle ate\u015f a\u00e7\u0131lmas\u0131 sonucu 2 polis memuru yaraland\u0131. Olay, Ulubey il\u00e7esi Dilaver Mahallesi Kurtulu\u015f Caddesi\u2019nde meydana geldi. Edinilen bilgilere g\u00f6re, aile i\u00e7i \u015fiddet ve kavga ihbar\u0131 \u00fczerine adrese giden polis ekipleri, eve ula\u015ft\u0131klar\u0131 s\u0131rada bah\u00e7eden a\u00e7\u0131lan pompal\u0131 t\u00fcfekli sald\u0131r\u0131ya u\u011frad\u0131. A\u00e7\u0131lan ate\u015f [&hellip;]<\/p>\n","protected":false},"author":1,"featured_media":19633,"comment_status":"open","ping_status":"open","sticky":false,"template":"","format":"standard","meta":{"footnotes":""},"categories":[45],"tags":[3571,3566,3570,3567,3568,3569,3565,3564,3572],"class_list":["post-19632","post","type-post","status-publish","format-standard","has-post-thumbnail","hentry","category-gundem","tag-2-polis-memuru","tag-aile-ici-siddet-ve","tag-ates-acilmasi-sonucu","tag-kavga-ihbarina-giden","tag-polis-ekiplerine","tag-pompali-tufekle","tag-ulubey-ilcesinde","tag-usakin","tag-yaralandi"],"yoast_head":"<!-- This site is optimized with the Yoast SEO plugin v27.4 - https:\/\/yoast.com\/product\/yoast-seo-wordpress\/ -->\n<title>U\u015fak&#039;ta g\u00f6rev ba\u015f\u0131ndaki polis ekiplerine pompal\u0131 t\u00fcfekle ate\u015f a\u00e7\u0131ld\u0131: 2 polis yaraland\u0131 - Memurun Sesi<\/title>\n<meta name=\"description\" content=\"\u00a0 U\u015fak\u2019\u0131n Ulubey il\u00e7esinde aile i\u00e7i \u015fiddet ve kavga ihbar\u0131na giden polis ekiplerine pompal\u0131 t\u00fcfekle ate\u015f a\u00e7\u0131lmas\u0131 sonucu 2 polis memuru yaraland\u0131.\" \/>\n<meta name=\"robots\" content=\"index, follow, max-snippet:-1, max-image-preview:large, max-video-preview:-1\" \/>\n<link rel=\"canonical\" href=\"https:\/\/memurunsesi.net\/index.php\/2026\/04\/26\/usakta-gorev-basindaki-polis-ekiplerine-pompali-tufekle-ates-acildi-2-polis-yaralandi\/\" \/>\n<meta property=\"og:locale\" content=\"tr_TR\" \/>\n<meta property=\"og:type\" content=\"article\" \/>\n<meta property=\"og:title\" content=\"U\u015fak&#039;ta g\u00f6rev ba\u015f\u0131ndaki polis ekiplerine pompal\u0131 t\u00fcfekle ate\u015f a\u00e7\u0131ld\u0131: 2 polis yaraland\u0131 - Memurun Sesi\" \/>\n<meta property=\"og:description\" content=\"\u00a0 U\u015fak\u2019\u0131n Ulubey il\u00e7esinde aile i\u00e7i \u015fiddet ve kavga ihbar\u0131na giden polis ekiplerine pompal\u0131 t\u00fcfekle ate\u015f a\u00e7\u0131lmas\u0131 sonucu 2 polis memuru yaraland\u0131.\" \/>\n<meta property=\"og:url\" content=\"https:\/\/memurunsesi.net\/index.php\/2026\/04\/26\/usakta-gorev-basindaki-polis-ekiplerine-pompali-tufekle-ates-acildi-2-polis-yaralandi\/\" \/>\n<meta property=\"og:site_name\" content=\"Memurun Sesi\" \/>\n<meta property=\"article:publisher\" content=\"https:\/\/www.facebook.com\/unipersen\/?locale=tr_TR\" \/>\n<meta property=\"article:published_time\" content=\"2026-04-26T05:39:32+00:00\" \/>\n<meta property=\"og:image\" content=\"https:\/\/memurunsesi.net\/wp-content\/uploads\/2026\/04\/usak-2.jpg\" \/>\n\t<meta property=\"og:image:width\" content=\"1600\" \/>\n\t<meta property=\"og:image:height\" content=\"1200\" \/>\n\t<meta property=\"og:image:type\" content=\"image\/jpeg\" \/>\n<meta name=\"author\" content=\"Memurun Sesi Haber Merkezi\" \/>\n<meta name=\"twitter:card\" content=\"summary_large_image\" \/>\n<meta name=\"twitter:creator\" content=\"@unipersen\" \/>\n<meta name=\"twitter:site\" content=\"@unipersen\" \/>\n<meta name=\"twitter:label1\" content=\"Yazan:\" \/>\n\t<meta name=\"twitter:data1\" content=\"Memurun Sesi Haber Merkezi\" \/>\n\t<meta name=\"twitter:label2\" content=\"Tahmini okuma s\u00fcresi\" \/>\n\t<meta name=\"twitter:data2\" content=\"2 dakika\" \/>\n<script type=\"application\/ld+json\" class=\"yoast-schema-graph\">{\"@context\":\"https:\\\/\\\/schema.org\",\"@graph\":[{\"@type\":\"Article\",\"@id\":\"https:\\\/\\\/memurunsesi.net\\\/index.php\\\/2026\\\/04\\\/26\\\/usakta-gorev-basindaki-polis-ekiplerine-pompali-tufekle-ates-acildi-2-polis-yaralandi\\\/#article\",\"isPartOf\":{\"@id\":\"https:\\\/\\\/memurunsesi.net\\\/index.php\\\/2026\\\/04\\\/26\\\/usakta-gorev-basindaki-polis-ekiplerine-pompali-tufekle-ates-acildi-2-polis-yaralandi\\\/\"},\"author\":{\"name\":\"Memurun Sesi Haber Merkezi\",\"@id\":\"https:\\\/\\\/memurunsesi.net\\\/#\\\/schema\\\/person\\\/f21c2d73b89f6ee1d80b0a1803e38587\"},\"headline\":\"U\u015fak&#8217;ta g\u00f6rev ba\u015f\u0131ndaki polis ekiplerine pompal\u0131 t\u00fcfekle ate\u015f a\u00e7\u0131ld\u0131: 2 polis yaraland\u0131\",\"datePublished\":\"2026-04-26T05:39:32+00:00\",\"mainEntityOfPage\":{\"@id\":\"https:\\\/\\\/memurunsesi.net\\\/index.php\\\/2026\\\/04\\\/26\\\/usakta-gorev-basindaki-polis-ekiplerine-pompali-tufekle-ates-acildi-2-polis-yaralandi\\\/\"},\"wordCount\":405,\"commentCount\":0,\"publisher\":{\"@id\":\"https:\\\/\\\/memurunsesi.net\\\/#organization\"},\"image\":{\"@id\":\"https:\\\/\\\/memurunsesi.net\\\/index.php\\\/2026\\\/04\\\/26\\\/usakta-gorev-basindaki-polis-ekiplerine-pompali-tufekle-ates-acildi-2-polis-yaralandi\\\/#primaryimage\"},\"thumbnailUrl\":\"https:\\\/\\\/memurunsesi.net\\\/wp-content\\\/uploads\\\/2026\\\/04\\\/usak-2.jpg\",\"keywords\":[\"2 polis memuru\",\"aile i\u00e7i \u015fiddet ve\",\"ate\u015f a\u00e7\u0131lmas\u0131 sonucu\",\"kavga ihbar\u0131na giden\",\"polis ekiplerine\",\"pompal\u0131 t\u00fcfekle\",\"Ulubey il\u00e7esinde\",\"U\u015fak\u2019\u0131n\",\"yaraland\u0131.\"],\"articleSection\":[\"G\u00fcndem\"],\"inLanguage\":\"tr\",\"potentialAction\":[{\"@type\":\"CommentAction\",\"name\":\"Comment\",\"target\":[\"https:\\\/\\\/memurunsesi.net\\\/index.php\\\/2026\\\/04\\\/26\\\/usakta-gorev-basindaki-polis-ekiplerine-pompali-tufekle-ates-acildi-2-polis-yaralandi\\\/#respond\"]}]},{\"@type\":\"WebPage\",\"@id\":\"https:\\\/\\\/memurunsesi.net\\\/index.php\\\/2026\\\/04\\\/26\\\/usakta-gorev-basindaki-polis-ekiplerine-pompali-tufekle-ates-acildi-2-polis-yaralandi\\\/\",\"url\":\"https:\\\/\\\/memurunsesi.net\\\/index.php\\\/2026\\\/04\\\/26\\\/usakta-gorev-basindaki-polis-ekiplerine-pompali-tufekle-ates-acildi-2-polis-yaralandi\\\/\",\"name\":\"U\u015fak'ta g\u00f6rev ba\u015f\u0131ndaki polis ekiplerine pompal\u0131 t\u00fcfekle ate\u015f a\u00e7\u0131ld\u0131: 2 polis yaraland\u0131 - Memurun Sesi\",\"isPartOf\":{\"@id\":\"https:\\\/\\\/memurunsesi.net\\\/#website\"},\"primaryImageOfPage\":{\"@id\":\"https:\\\/\\\/memurunsesi.net\\\/index.php\\\/2026\\\/04\\\/26\\\/usakta-gorev-basindaki-polis-ekiplerine-pompali-tufekle-ates-acildi-2-polis-yaralandi\\\/#primaryimage\"},\"image\":{\"@id\":\"https:\\\/\\\/memurunsesi.net\\\/index.php\\\/2026\\\/04\\\/26\\\/usakta-gorev-basindaki-polis-ekiplerine-pompali-tufekle-ates-acildi-2-polis-yaralandi\\\/#primaryimage\"},\"thumbnailUrl\":\"https:\\\/\\\/memurunsesi.net\\\/wp-content\\\/uploads\\\/2026\\\/04\\\/usak-2.jpg\",\"datePublished\":\"2026-04-26T05:39:32+00:00\",\"description\":\"\u00a0 U\u015fak\u2019\u0131n Ulubey il\u00e7esinde aile i\u00e7i \u015fiddet ve kavga ihbar\u0131na giden polis ekiplerine pompal\u0131 t\u00fcfekle ate\u015f a\u00e7\u0131lmas\u0131 sonucu 2 polis memuru yaraland\u0131.\",\"breadcrumb\":{\"@id\":\"https:\\\/\\\/memurunsesi.net\\\/index.php\\\/2026\\\/04\\\/26\\\/usakta-gorev-basindaki-polis-ekiplerine-pompali-tufekle-ates-acildi-2-polis-yaralandi\\\/#breadcrumb\"},\"inLanguage\":\"tr\",\"potentialAction\":[{\"@type\":\"ReadAction\",\"target\":[\"https:\\\/\\\/memurunsesi.net\\\/index.php\\\/2026\\\/04\\\/26\\\/usakta-gorev-basindaki-polis-ekiplerine-pompali-tufekle-ates-acildi-2-polis-yaralandi\\\/\"]}]},{\"@type\":\"ImageObject\",\"inLanguage\":\"tr\",\"@id\":\"https:\\\/\\\/memurunsesi.net\\\/index.php\\\/2026\\\/04\\\/26\\\/usakta-gorev-basindaki-polis-ekiplerine-pompali-tufekle-ates-acildi-2-polis-yaralandi\\\/#primaryimage\",\"url\":\"https:\\\/\\\/memurunsesi.net\\\/wp-content\\\/uploads\\\/2026\\\/04\\\/usak-2.jpg\",\"contentUrl\":\"https:\\\/\\\/memurunsesi.net\\\/wp-content\\\/uploads\\\/2026\\\/04\\\/usak-2.jpg\",\"width\":1600,\"height\":1200,\"caption\":\"U\u015eAK'IN ULUBEY \u0130L\u00c7ES\u0130NDE A\u0130LE \u0130\u00c7\u0130 \u015e\u0130DDET VE KAVGA \u0130HBARINA G\u0130DEN POL\u0130S EK\u0130PLER\u0130NE POMPALI T\u00dcFEKLE ATE\u015e A\u00c7ILMASI SONUCU 2 POL\u0130S MEMURU YARALANDI. (\u00d6MER AKKOYUN\\\/U\u015eAK-\u0130HA) U\u015fak'\u0131n Ulubey il\u00e7esinde aile i\u00e7i \u015fiddet ve kavga ihbar\u0131na giden polis ekiplerine pompal\u0131 t\u00fcfekle ate\u015f a\u00e7\u0131lmas\u0131 sonucu 2 polis memuru yaraland\u0131.\"},{\"@type\":\"BreadcrumbList\",\"@id\":\"https:\\\/\\\/memurunsesi.net\\\/index.php\\\/2026\\\/04\\\/26\\\/usakta-gorev-basindaki-polis-ekiplerine-pompali-tufekle-ates-acildi-2-polis-yaralandi\\\/#breadcrumb\",\"itemListElement\":[{\"@type\":\"ListItem\",\"position\":1,\"name\":\"Anasayfa\",\"item\":\"https:\\\/\\\/memurunsesi.net\\\/\"},{\"@type\":\"ListItem\",\"position\":2,\"name\":\"U\u015fak&#8217;ta g\u00f6rev ba\u015f\u0131ndaki polis ekiplerine pompal\u0131 t\u00fcfekle ate\u015f a\u00e7\u0131ld\u0131: 2 polis yaraland\u0131\"}]},{\"@type\":\"WebSite\",\"@id\":\"https:\\\/\\\/memurunsesi.net\\\/#website\",\"url\":\"https:\\\/\\\/memurunsesi.net\\\/\",\"name\":\"Memurun Sesi\",\"description\":\"G\u00fcncel ve Do\u011fru Haber\",\"publisher\":{\"@id\":\"https:\\\/\\\/memurunsesi.net\\\/#organization\"},\"potentialAction\":[{\"@type\":\"SearchAction\",\"target\":{\"@type\":\"EntryPoint\",\"urlTemplate\":\"https:\\\/\\\/memurunsesi.net\\\/?s={search_term_string}\"},\"query-input\":{\"@type\":\"PropertyValueSpecification\",\"valueRequired\":true,\"valueName\":\"search_term_string\"}}],\"inLanguage\":\"tr\"},{\"@type\":\"Organization\",\"@id\":\"https:\\\/\\\/memurunsesi.net\\\/#organization\",\"name\":\"Memurun Sesi\",\"url\":\"https:\\\/\\\/memurunsesi.net\\\/\",\"logo\":{\"@type\":\"ImageObject\",\"inLanguage\":\"tr\",\"@id\":\"https:\\\/\\\/memurunsesi.net\\\/#\\\/schema\\\/logo\\\/image\\\/\",\"url\":\"https:\\\/\\\/memurunsesi.net\\\/wp-content\\\/uploads\\\/2025\\\/11\\\/cropped-MEMURUN-SESI.png\",\"contentUrl\":\"https:\\\/\\\/memurunsesi.net\\\/wp-content\\\/uploads\\\/2025\\\/11\\\/cropped-MEMURUN-SESI.png\",\"width\":238,\"height\":57,\"caption\":\"Memurun Sesi\"},\"image\":{\"@id\":\"https:\\\/\\\/memurunsesi.net\\\/#\\\/schema\\\/logo\\\/image\\\/\"},\"sameAs\":[\"https:\\\/\\\/www.facebook.com\\\/unipersen\\\/?locale=tr_TR\",\"https:\\\/\\\/x.com\\\/unipersen\"]},{\"@type\":\"Person\",\"@id\":\"https:\\\/\\\/memurunsesi.net\\\/#\\\/schema\\\/person\\\/f21c2d73b89f6ee1d80b0a1803e38587\",\"name\":\"Memurun Sesi Haber Merkezi\",\"image\":{\"@type\":\"ImageObject\",\"inLanguage\":\"tr\",\"@id\":\"https:\\\/\\\/secure.gravatar.com\\\/avatar\\\/6cf0505f452ee753f485014986fab09a434671d2b919ee76fc541025c5876a70?s=96&d=mm&r=g\",\"url\":\"https:\\\/\\\/secure.gravatar.com\\\/avatar\\\/6cf0505f452ee753f485014986fab09a434671d2b919ee76fc541025c5876a70?s=96&d=mm&r=g\",\"contentUrl\":\"https:\\\/\\\/secure.gravatar.com\\\/avatar\\\/6cf0505f452ee753f485014986fab09a434671d2b919ee76fc541025c5876a70?s=96&d=mm&r=g\",\"caption\":\"Memurun Sesi Haber Merkezi\"},\"sameAs\":[\"https:\\\/\\\/memurunsesi.net\"],\"url\":\"https:\\\/\\\/memurunsesi.net\\\/index.php\\\/author\\\/uniper\\\/\"}]}<\/script>\n<!-- \/ Yoast SEO plugin. -->","yoast_head_json":{"title":"U\u015fak'ta g\u00f6rev ba\u015f\u0131ndaki polis ekiplerine pompal\u0131 t\u00fcfekle ate\u015f a\u00e7\u0131ld\u0131: 2 polis yaraland\u0131 - Memurun Sesi","description":"\u00a0 U\u015fak\u2019\u0131n Ulubey il\u00e7esinde aile i\u00e7i \u015fiddet ve kavga ihbar\u0131na giden polis ekiplerine pompal\u0131 t\u00fcfekle ate\u015f a\u00e7\u0131lmas\u0131 sonucu 2 polis memuru yaraland\u0131.","robots":{"index":"index","follow":"follow","max-snippet":"max-snippet:-1","max-image-preview":"max-image-preview:large","max-video-preview":"max-video-preview:-1"},"canonical":"https:\/\/memurunsesi.net\/index.php\/2026\/04\/26\/usakta-gorev-basindaki-polis-ekiplerine-pompali-tufekle-ates-acildi-2-polis-yaralandi\/","og_locale":"tr_TR","og_type":"article","og_title":"U\u015fak'ta g\u00f6rev ba\u015f\u0131ndaki polis ekiplerine pompal\u0131 t\u00fcfekle ate\u015f a\u00e7\u0131ld\u0131: 2 polis yaraland\u0131 - Memurun Sesi","og_description":"\u00a0 U\u015fak\u2019\u0131n Ulubey il\u00e7esinde aile i\u00e7i \u015fiddet ve kavga ihbar\u0131na giden polis ekiplerine pompal\u0131 t\u00fcfekle ate\u015f a\u00e7\u0131lmas\u0131 sonucu 2 polis memuru yaraland\u0131.","og_url":"https:\/\/memurunsesi.net\/index.php\/2026\/04\/26\/usakta-gorev-basindaki-polis-ekiplerine-pompali-tufekle-ates-acildi-2-polis-yaralandi\/","og_site_name":"Memurun Sesi","article_publisher":"https:\/\/www.facebook.com\/unipersen\/?locale=tr_TR","article_published_time":"2026-04-26T05:39:32+00:00","og_image":[{"width":1600,"height":1200,"url":"https:\/\/memurunsesi.net\/wp-content\/uploads\/2026\/04\/usak-2.jpg","type":"image\/jpeg"}],"author":"Memurun Sesi Haber Merkezi","twitter_card":"summary_large_image","twitter_creator":"@unipersen","twitter_site":"@unipersen","twitter_misc":{"Yazan:":"Memurun Sesi Haber Merkezi","Tahmini okuma s\u00fcresi":"2 dakika"},"schema":{"@context":"https:\/\/schema.org","@graph":[{"@type":"Article","@id":"https:\/\/memurunsesi.net\/index.php\/2026\/04\/26\/usakta-gorev-basindaki-polis-ekiplerine-pompali-tufekle-ates-acildi-2-polis-yaralandi\/#article","isPartOf":{"@id":"https:\/\/memurunsesi.net\/index.php\/2026\/04\/26\/usakta-gorev-basindaki-polis-ekiplerine-pompali-tufekle-ates-acildi-2-polis-yaralandi\/"},"author":{"name":"Memurun Sesi Haber Merkezi","@id":"https:\/\/memurunsesi.net\/#\/schema\/person\/f21c2d73b89f6ee1d80b0a1803e38587"},"headline":"U\u015fak&#8217;ta g\u00f6rev ba\u015f\u0131ndaki polis ekiplerine pompal\u0131 t\u00fcfekle ate\u015f a\u00e7\u0131ld\u0131: 2 polis yaraland\u0131","datePublished":"2026-04-26T05:39:32+00:00","mainEntityOfPage":{"@id":"https:\/\/memurunsesi.net\/index.php\/2026\/04\/26\/usakta-gorev-basindaki-polis-ekiplerine-pompali-tufekle-ates-acildi-2-polis-yaralandi\/"},"wordCount":405,"commentCount":0,"publisher":{"@id":"https:\/\/memurunsesi.net\/#organization"},"image":{"@id":"https:\/\/memurunsesi.net\/index.php\/2026\/04\/26\/usakta-gorev-basindaki-polis-ekiplerine-pompali-tufekle-ates-acildi-2-polis-yaralandi\/#primaryimage"},"thumbnailUrl":"https:\/\/memurunsesi.net\/wp-content\/uploads\/2026\/04\/usak-2.jpg","keywords":["2 polis memuru","aile i\u00e7i \u015fiddet ve","ate\u015f a\u00e7\u0131lmas\u0131 sonucu","kavga ihbar\u0131na giden","polis ekiplerine","pompal\u0131 t\u00fcfekle","Ulubey il\u00e7esinde","U\u015fak\u2019\u0131n","yaraland\u0131."],"articleSection":["G\u00fcndem"],"inLanguage":"tr","potentialAction":[{"@type":"CommentAction","name":"Comment","target":["https:\/\/memurunsesi.net\/index.php\/2026\/04\/26\/usakta-gorev-basindaki-polis-ekiplerine-pompali-tufekle-ates-acildi-2-polis-yaralandi\/#respond"]}]},{"@type":"WebPage","@id":"https:\/\/memurunsesi.net\/index.php\/2026\/04\/26\/usakta-gorev-basindaki-polis-ekiplerine-pompali-tufekle-ates-acildi-2-polis-yaralandi\/","url":"https:\/\/memurunsesi.net\/index.php\/2026\/04\/26\/usakta-gorev-basindaki-polis-ekiplerine-pompali-tufekle-ates-acildi-2-polis-yaralandi\/","name":"U\u015fak'ta g\u00f6rev ba\u015f\u0131ndaki polis ekiplerine pompal\u0131 t\u00fcfekle ate\u015f a\u00e7\u0131ld\u0131: 2 polis yaraland\u0131 - Memurun Sesi","isPartOf":{"@id":"https:\/\/memurunsesi.net\/#website"},"primaryImageOfPage":{"@id":"https:\/\/memurunsesi.net\/index.php\/2026\/04\/26\/usakta-gorev-basindaki-polis-ekiplerine-pompali-tufekle-ates-acildi-2-polis-yaralandi\/#primaryimage"},"image":{"@id":"https:\/\/memurunsesi.net\/index.php\/2026\/04\/26\/usakta-gorev-basindaki-polis-ekiplerine-pompali-tufekle-ates-acildi-2-polis-yaralandi\/#primaryimage"},"thumbnailUrl":"https:\/\/memurunsesi.net\/wp-content\/uploads\/2026\/04\/usak-2.jpg","datePublished":"2026-04-26T05:39:32+00:00","description":"\u00a0 U\u015fak\u2019\u0131n Ulubey il\u00e7esinde aile i\u00e7i \u015fiddet ve kavga ihbar\u0131na giden polis ekiplerine pompal\u0131 t\u00fcfekle ate\u015f a\u00e7\u0131lmas\u0131 sonucu 2 polis memuru yaraland\u0131.","breadcrumb":{"@id":"https:\/\/memurunsesi.net\/index.php\/2026\/04\/26\/usakta-gorev-basindaki-polis-ekiplerine-pompali-tufekle-ates-acildi-2-polis-yaralandi\/#breadcrumb"},"inLanguage":"tr","potentialAction":[{"@type":"ReadAction","target":["https:\/\/memurunsesi.net\/index.php\/2026\/04\/26\/usakta-gorev-basindaki-polis-ekiplerine-pompali-tufekle-ates-acildi-2-polis-yaralandi\/"]}]},{"@type":"ImageObject","inLanguage":"tr","@id":"https:\/\/memurunsesi.net\/index.php\/2026\/04\/26\/usakta-gorev-basindaki-polis-ekiplerine-pompali-tufekle-ates-acildi-2-polis-yaralandi\/#primaryimage","url":"https:\/\/memurunsesi.net\/wp-content\/uploads\/2026\/04\/usak-2.jpg","contentUrl":"https:\/\/memurunsesi.net\/wp-content\/uploads\/2026\/04\/usak-2.jpg","width":1600,"height":1200,"caption":"U\u015eAK'IN ULUBEY \u0130L\u00c7ES\u0130NDE A\u0130LE \u0130\u00c7\u0130 \u015e\u0130DDET VE KAVGA \u0130HBARINA G\u0130DEN POL\u0130S EK\u0130PLER\u0130NE POMPALI T\u00dcFEKLE ATE\u015e A\u00c7ILMASI SONUCU 2 POL\u0130S MEMURU YARALANDI. (\u00d6MER AKKOYUN\/U\u015eAK-\u0130HA) U\u015fak'\u0131n Ulubey il\u00e7esinde aile i\u00e7i \u015fiddet ve kavga ihbar\u0131na giden polis ekiplerine pompal\u0131 t\u00fcfekle ate\u015f a\u00e7\u0131lmas\u0131 sonucu 2 polis memuru yaraland\u0131."},{"@type":"BreadcrumbList","@id":"https:\/\/memurunsesi.net\/index.php\/2026\/04\/26\/usakta-gorev-basindaki-polis-ekiplerine-pompali-tufekle-ates-acildi-2-polis-yaralandi\/#breadcrumb","itemListElement":[{"@type":"ListItem","position":1,"name":"Anasayfa","item":"https:\/\/memurunsesi.net\/"},{"@type":"ListItem","position":2,"name":"U\u015fak&#8217;ta g\u00f6rev ba\u015f\u0131ndaki polis ekiplerine pompal\u0131 t\u00fcfekle ate\u015f a\u00e7\u0131ld\u0131: 2 polis yaraland\u0131"}]},{"@type":"WebSite","@id":"https:\/\/memurunsesi.net\/#website","url":"https:\/\/memurunsesi.net\/","name":"Memurun Sesi","description":"G\u00fcncel ve Do\u011fru Haber","publisher":{"@id":"https:\/\/memurunsesi.net\/#organization"},"potentialAction":[{"@type":"SearchAction","target":{"@type":"EntryPoint","urlTemplate":"https:\/\/memurunsesi.net\/?s={search_term_string}"},"query-input":{"@type":"PropertyValueSpecification","valueRequired":true,"valueName":"search_term_string"}}],"inLanguage":"tr"},{"@type":"Organization","@id":"https:\/\/memurunsesi.net\/#organization","name":"Memurun Sesi","url":"https:\/\/memurunsesi.net\/","logo":{"@type":"ImageObject","inLanguage":"tr","@id":"https:\/\/memurunsesi.net\/#\/schema\/logo\/image\/","url":"https:\/\/memurunsesi.net\/wp-content\/uploads\/2025\/11\/cropped-MEMURUN-SESI.png","contentUrl":"https:\/\/memurunsesi.net\/wp-content\/uploads\/2025\/11\/cropped-MEMURUN-SESI.png","width":238,"height":57,"caption":"Memurun Sesi"},"image":{"@id":"https:\/\/memurunsesi.net\/#\/schema\/logo\/image\/"},"sameAs":["https:\/\/www.facebook.com\/unipersen\/?locale=tr_TR","https:\/\/x.com\/unipersen"]},{"@type":"Person","@id":"https:\/\/memurunsesi.net\/#\/schema\/person\/f21c2d73b89f6ee1d80b0a1803e38587","name":"Memurun Sesi Haber Merkezi","image":{"@type":"ImageObject","inLanguage":"tr","@id":"https:\/\/secure.gravatar.com\/avatar\/6cf0505f452ee753f485014986fab09a434671d2b919ee76fc541025c5876a70?s=96&d=mm&r=g","url":"https:\/\/secure.gravatar.com\/avatar\/6cf0505f452ee753f485014986fab09a434671d2b919ee76fc541025c5876a70?s=96&d=mm&r=g","contentUrl":"https:\/\/secure.gravatar.com\/avatar\/6cf0505f452ee753f485014986fab09a434671d2b919ee76fc541025c5876a70?s=96&d=mm&r=g","caption":"Memurun Sesi Haber Merkezi"},"sameAs":["https:\/\/memurunsesi.net"],"url":"https:\/\/memurunsesi.net\/index.php\/author\/uniper\/"}]}},"_links":{"self":[{"href":"https:\/\/memurunsesi.net\/index.php\/wp-json\/wp\/v2\/posts\/19632","targetHints":{"allow":["GET"]}}],"collection":[{"href":"https:\/\/memurunsesi.net\/index.php\/wp-json\/wp\/v2\/posts"}],"about":[{"href":"https:\/\/memurunsesi.net\/index.php\/wp-json\/wp\/v2\/types\/post"}],"author":[{"embeddable":true,"href":"https:\/\/memurunsesi.net\/index.php\/wp-json\/wp\/v2\/users\/1"}],"replies":[{"embeddable":true,"href":"https:\/\/memurunsesi.net\/index.php\/wp-json\/wp\/v2\/comments?post=19632"}],"version-history":[{"count":1,"href":"https:\/\/memurunsesi.net\/index.php\/wp-json\/wp\/v2\/posts\/19632\/revisions"}],"predecessor-version":[{"id":19634,"href":"https:\/\/memurunsesi.net\/index.php\/wp-json\/wp\/v2\/posts\/19632\/revisions\/19634"}],"wp:featuredmedia":[{"embeddable":true,"href":"https:\/\/memurunsesi.net\/index.php\/wp-json\/wp\/v2\/media\/19633"}],"wp:attachment":[{"href":"https:\/\/memurunsesi.net\/index.php\/wp-json\/wp\/v2\/media?parent=19632"}],"wp:term":[{"taxonomy":"category","embeddable":true,"href":"https:\/\/memurunsesi.net\/index.php\/wp-json\/wp\/v2\/categories?post=19632"},{"taxonomy":"post_tag","embeddable":true,"href":"https:\/\/memurunsesi.net\/index.php\/wp-json\/wp\/v2\/tags?post=19632"}],"curies":[{"name":"wp","href":"https:\/\/api.w.org\/{rel}","templated":true}]}}