{"id":19635,"date":"2026-04-26T08:43:27","date_gmt":"2026-04-26T05:43:27","guid":{"rendered":"https:\/\/memurunsesi.net\/?p=19635"},"modified":"2026-04-26T08:43:27","modified_gmt":"2026-04-26T05:43:27","slug":"kastamonuda-daglik-alanda-ucurumdan-dusen-genc-icin-ekipler-seferber-oldu","status":"publish","type":"post","link":"https:\/\/memurunsesi.net\/index.php\/2026\/04\/26\/kastamonuda-daglik-alanda-ucurumdan-dusen-genc-icin-ekipler-seferber-oldu\/","title":{"rendered":"Kastamonu\u2019da da\u011fl\u0131k alanda u\u00e7urumdan d\u00fc\u015fen gen\u00e7 i\u00e7in ekipler seferber oldu"},"content":{"rendered":"<p>Kastamonu\u2019nun K\u00fcre il\u00e7esinde da\u011fl\u0131k alanda dola\u015ft\u0131\u011f\u0131 s\u0131rada dengesini kaybederek u\u00e7uruma d\u00fc\u015fen gen\u00e7 i\u00e7in ekipler seferber oldu. 30 metrelik u\u00e7uruma d\u00fc\u015fen gen\u00e7, ekiplerin \u00e7al\u0131\u015fmas\u0131yla g\u00fc\u00e7l\u00fckle d\u00fc\u015ft\u00fc\u011f\u00fc yerden kurtar\u0131ld\u0131.<br \/>\nEdinilen bilgiye g\u00f6re, K\u00fcre il\u00e7esine ba\u011fl\u0131 Karadonu K\u00f6y\u00fc s\u0131n\u0131rlar\u0131nda bulunan Do\u011fanlar Kalesi mevkiinde da\u011fl\u0131k alanda gezen 22 ya\u015f\u0131ndaki A.T.C., dengesini kaybederek u\u00e7uruma d\u00fc\u015ft\u00fc. Yakla\u015f\u0131k 30 metre yuvarlanarak d\u00fc\u015ft\u00fc\u011f\u00fc yerde kayal\u0131klara s\u0131k\u0131\u015fan A.T.C. i\u00e7in yak\u0131nlar\u0131, 112 Acil \u00c7a\u011fr\u0131 Merkezi&#8217;ni arayarak yard\u0131m istedi. \u0130hbar \u00fczerine harekete ge\u00e7en \u0130l Afet ve Acil Durum M\u00fcd\u00fcrl\u00fc\u011f\u00fc (AFAD), Ulusal Medikal Kurtarma Ekibi (UMKE), itfaiye, Jandarma Arama Kurtarma (JAK) ve sa\u011fl\u0131k ekipleri sevk edildi. B\u00f6lgeye ula\u015fan ekipler, yaral\u0131 gence ula\u015fmak i\u00e7in \u00e7al\u0131\u015fma ba\u015flatt\u0131. Zorlu arazi \u015fartlar\u0131na ra\u011fmen ekipler, g\u00fc\u00e7l\u00fckle yaral\u0131 gence ula\u015ft\u0131. Sa\u011fl\u0131k ekipleri taraf\u0131ndan olay yerinde ilk m\u00fcdahalesi yap\u0131lan gen\u00e7, ekiplerin m\u00fc\u015fterek \u00e7al\u0131\u015fmas\u0131 sonucu sedyeye al\u0131narak g\u00fc\u00e7l\u00fckle u\u00e7urumdan \u00e7\u0131kart\u0131labildi. Ambulans\u0131n bekledi\u011fi noktaya kadar getirilen gen\u00e7, ard\u0131ndan hastaneye kald\u0131r\u0131larak tedavi alt\u0131na al\u0131nd\u0131.<\/p>\n<p>26.04.2026<\/p>\n","protected":false},"excerpt":{"rendered":"<p>Kastamonu\u2019nun K\u00fcre il\u00e7esinde da\u011fl\u0131k alanda dola\u015ft\u0131\u011f\u0131 s\u0131rada dengesini kaybederek u\u00e7uruma d\u00fc\u015fen gen\u00e7 i\u00e7in ekipler seferber oldu. 30 metrelik u\u00e7uruma d\u00fc\u015fen gen\u00e7, ekiplerin \u00e7al\u0131\u015fmas\u0131yla g\u00fc\u00e7l\u00fckle d\u00fc\u015ft\u00fc\u011f\u00fc yerden kurtar\u0131ld\u0131. Edinilen bilgiye g\u00f6re, K\u00fcre il\u00e7esine ba\u011fl\u0131 Karadonu K\u00f6y\u00fc s\u0131n\u0131rlar\u0131nda bulunan Do\u011fanlar Kalesi mevkiinde da\u011fl\u0131k alanda gezen 22 ya\u015f\u0131ndaki A.T.C., dengesini kaybederek u\u00e7uruma d\u00fc\u015ft\u00fc. Yakla\u015f\u0131k 30 metre yuvarlanarak d\u00fc\u015ft\u00fc\u011f\u00fc [&hellip;]<\/p>\n","protected":false},"author":1,"featured_media":19636,"comment_status":"open","ping_status":"open","sticky":false,"template":"","format":"standard","meta":{"footnotes":""},"categories":[50],"tags":[3579,3576,3575,3580,3578,3583,857,3581,3582,3573,3574,2974,3577],"class_list":["post-19635","post","type-post","status-publish","format-standard","has-post-thumbnail","hentry","category-tum-haberler","tag-30-metrelik-ucuruma","tag-dengesini-kaybederek","tag-dolastigi-sirada","tag-dusen-genc","tag-dusen-genc-icin","tag-dustugu-yerden","tag-ekipler-seferber-oldu","tag-ekiplerin-calismasiyla","tag-guclukle","tag-kastamonunun","tag-kure-ilcesinde-daglik-alanda","tag-kurtarildi","tag-ucuruma"],"yoast_head":"<!-- This site is optimized with the Yoast SEO plugin v27.4 - https:\/\/yoast.com\/product\/yoast-seo-wordpress\/ -->\n<title>Kastamonu\u2019da da\u011fl\u0131k alanda u\u00e7urumdan d\u00fc\u015fen gen\u00e7 i\u00e7in ekipler seferber oldu - Memurun Sesi<\/title>\n<meta name=\"description\" content=\"\u00a0Kastamonu\u2019nun K\u00fcre il\u00e7esinde da\u011fl\u0131k alanda dola\u015ft\u0131\u011f\u0131 s\u0131rada dengesini kaybederek u\u00e7uruma d\u00fc\u015fen gen\u00e7 i\u00e7in ekipler seferber oldu. 30 metrelik u\u00e7uruma d\u00fc\u015fen gen\u00e7, ekiplerin \u00e7al\u0131\u015fmas\u0131yla g\u00fc\u00e7l\u00fckle d\u00fc\u015ft\u00fc\u011f\u00fc yerden kurtar\u0131ld\u0131.\" \/>\n<meta name=\"robots\" content=\"index, follow, max-snippet:-1, max-image-preview:large, max-video-preview:-1\" \/>\n<link rel=\"canonical\" href=\"https:\/\/memurunsesi.net\/index.php\/2026\/04\/26\/kastamonuda-daglik-alanda-ucurumdan-dusen-genc-icin-ekipler-seferber-oldu\/\" \/>\n<meta property=\"og:locale\" content=\"tr_TR\" \/>\n<meta property=\"og:type\" content=\"article\" \/>\n<meta property=\"og:title\" content=\"Kastamonu\u2019da da\u011fl\u0131k alanda u\u00e7urumdan d\u00fc\u015fen gen\u00e7 i\u00e7in ekipler seferber oldu - Memurun Sesi\" \/>\n<meta property=\"og:description\" content=\"\u00a0Kastamonu\u2019nun K\u00fcre il\u00e7esinde da\u011fl\u0131k alanda dola\u015ft\u0131\u011f\u0131 s\u0131rada dengesini kaybederek u\u00e7uruma d\u00fc\u015fen gen\u00e7 i\u00e7in ekipler seferber oldu. 30 metrelik u\u00e7uruma d\u00fc\u015fen gen\u00e7, ekiplerin \u00e7al\u0131\u015fmas\u0131yla g\u00fc\u00e7l\u00fckle d\u00fc\u015ft\u00fc\u011f\u00fc yerden kurtar\u0131ld\u0131.\" \/>\n<meta property=\"og:url\" content=\"https:\/\/memurunsesi.net\/index.php\/2026\/04\/26\/kastamonuda-daglik-alanda-ucurumdan-dusen-genc-icin-ekipler-seferber-oldu\/\" \/>\n<meta property=\"og:site_name\" content=\"Memurun Sesi\" \/>\n<meta property=\"article:publisher\" content=\"https:\/\/www.facebook.com\/unipersen\/?locale=tr_TR\" \/>\n<meta property=\"article:published_time\" content=\"2026-04-26T05:43:27+00:00\" \/>\n<meta property=\"og:image\" content=\"https:\/\/memurunsesi.net\/wp-content\/uploads\/2026\/04\/kure.jpg\" \/>\n\t<meta property=\"og:image:width\" content=\"1200\" \/>\n\t<meta property=\"og:image:height\" content=\"1600\" \/>\n\t<meta property=\"og:image:type\" content=\"image\/jpeg\" \/>\n<meta name=\"author\" content=\"Memurun Sesi Haber Merkezi\" \/>\n<meta name=\"twitter:card\" content=\"summary_large_image\" \/>\n<meta name=\"twitter:creator\" content=\"@unipersen\" \/>\n<meta name=\"twitter:site\" content=\"@unipersen\" \/>\n<meta name=\"twitter:label1\" content=\"Yazan:\" \/>\n\t<meta name=\"twitter:data1\" content=\"Memurun Sesi Haber Merkezi\" \/>\n\t<meta name=\"twitter:label2\" content=\"Tahmini okuma s\u00fcresi\" \/>\n\t<meta name=\"twitter:data2\" content=\"2 dakika\" \/>\n<script type=\"application\/ld+json\" class=\"yoast-schema-graph\">{\"@context\":\"https:\\\/\\\/schema.org\",\"@graph\":[{\"@type\":\"Article\",\"@id\":\"https:\\\/\\\/memurunsesi.net\\\/index.php\\\/2026\\\/04\\\/26\\\/kastamonuda-daglik-alanda-ucurumdan-dusen-genc-icin-ekipler-seferber-oldu\\\/#article\",\"isPartOf\":{\"@id\":\"https:\\\/\\\/memurunsesi.net\\\/index.php\\\/2026\\\/04\\\/26\\\/kastamonuda-daglik-alanda-ucurumdan-dusen-genc-icin-ekipler-seferber-oldu\\\/\"},\"author\":{\"name\":\"Memurun Sesi Haber Merkezi\",\"@id\":\"https:\\\/\\\/memurunsesi.net\\\/#\\\/schema\\\/person\\\/f21c2d73b89f6ee1d80b0a1803e38587\"},\"headline\":\"Kastamonu\u2019da da\u011fl\u0131k alanda u\u00e7urumdan d\u00fc\u015fen gen\u00e7 i\u00e7in ekipler seferber oldu\",\"datePublished\":\"2026-04-26T05:43:27+00:00\",\"mainEntityOfPage\":{\"@id\":\"https:\\\/\\\/memurunsesi.net\\\/index.php\\\/2026\\\/04\\\/26\\\/kastamonuda-daglik-alanda-ucurumdan-dusen-genc-icin-ekipler-seferber-oldu\\\/\"},\"wordCount\":235,\"commentCount\":0,\"publisher\":{\"@id\":\"https:\\\/\\\/memurunsesi.net\\\/#organization\"},\"image\":{\"@id\":\"https:\\\/\\\/memurunsesi.net\\\/index.php\\\/2026\\\/04\\\/26\\\/kastamonuda-daglik-alanda-ucurumdan-dusen-genc-icin-ekipler-seferber-oldu\\\/#primaryimage\"},\"thumbnailUrl\":\"https:\\\/\\\/memurunsesi.net\\\/wp-content\\\/uploads\\\/2026\\\/04\\\/kure.jpg\",\"keywords\":[\"30 metrelik u\u00e7uruma\",\"dengesini kaybederek\",\"dola\u015ft\u0131\u011f\u0131 s\u0131rada\",\"d\u00fc\u015fen gen\u00e7\",\"d\u00fc\u015fen gen\u00e7 i\u00e7in\",\"d\u00fc\u015ft\u00fc\u011f\u00fc yerden\",\"ekipler seferber oldu\",\"ekiplerin \u00e7al\u0131\u015fmas\u0131yla\",\"g\u00fc\u00e7l\u00fckle\",\"Kastamonu\u2019nun\",\"K\u00fcre il\u00e7esinde da\u011fl\u0131k alanda\",\"kurtar\u0131ld\u0131.\",\"u\u00e7uruma\"],\"articleSection\":[\"T\u00fcm Haberler\"],\"inLanguage\":\"tr\",\"potentialAction\":[{\"@type\":\"CommentAction\",\"name\":\"Comment\",\"target\":[\"https:\\\/\\\/memurunsesi.net\\\/index.php\\\/2026\\\/04\\\/26\\\/kastamonuda-daglik-alanda-ucurumdan-dusen-genc-icin-ekipler-seferber-oldu\\\/#respond\"]}]},{\"@type\":\"WebPage\",\"@id\":\"https:\\\/\\\/memurunsesi.net\\\/index.php\\\/2026\\\/04\\\/26\\\/kastamonuda-daglik-alanda-ucurumdan-dusen-genc-icin-ekipler-seferber-oldu\\\/\",\"url\":\"https:\\\/\\\/memurunsesi.net\\\/index.php\\\/2026\\\/04\\\/26\\\/kastamonuda-daglik-alanda-ucurumdan-dusen-genc-icin-ekipler-seferber-oldu\\\/\",\"name\":\"Kastamonu\u2019da da\u011fl\u0131k alanda u\u00e7urumdan d\u00fc\u015fen gen\u00e7 i\u00e7in ekipler seferber oldu - Memurun Sesi\",\"isPartOf\":{\"@id\":\"https:\\\/\\\/memurunsesi.net\\\/#website\"},\"primaryImageOfPage\":{\"@id\":\"https:\\\/\\\/memurunsesi.net\\\/index.php\\\/2026\\\/04\\\/26\\\/kastamonuda-daglik-alanda-ucurumdan-dusen-genc-icin-ekipler-seferber-oldu\\\/#primaryimage\"},\"image\":{\"@id\":\"https:\\\/\\\/memurunsesi.net\\\/index.php\\\/2026\\\/04\\\/26\\\/kastamonuda-daglik-alanda-ucurumdan-dusen-genc-icin-ekipler-seferber-oldu\\\/#primaryimage\"},\"thumbnailUrl\":\"https:\\\/\\\/memurunsesi.net\\\/wp-content\\\/uploads\\\/2026\\\/04\\\/kure.jpg\",\"datePublished\":\"2026-04-26T05:43:27+00:00\",\"description\":\"\u00a0Kastamonu\u2019nun K\u00fcre il\u00e7esinde da\u011fl\u0131k alanda dola\u015ft\u0131\u011f\u0131 s\u0131rada dengesini kaybederek u\u00e7uruma d\u00fc\u015fen gen\u00e7 i\u00e7in ekipler seferber oldu. 30 metrelik u\u00e7uruma d\u00fc\u015fen gen\u00e7, ekiplerin \u00e7al\u0131\u015fmas\u0131yla g\u00fc\u00e7l\u00fckle d\u00fc\u015ft\u00fc\u011f\u00fc yerden kurtar\u0131ld\u0131.\",\"breadcrumb\":{\"@id\":\"https:\\\/\\\/memurunsesi.net\\\/index.php\\\/2026\\\/04\\\/26\\\/kastamonuda-daglik-alanda-ucurumdan-dusen-genc-icin-ekipler-seferber-oldu\\\/#breadcrumb\"},\"inLanguage\":\"tr\",\"potentialAction\":[{\"@type\":\"ReadAction\",\"target\":[\"https:\\\/\\\/memurunsesi.net\\\/index.php\\\/2026\\\/04\\\/26\\\/kastamonuda-daglik-alanda-ucurumdan-dusen-genc-icin-ekipler-seferber-oldu\\\/\"]}]},{\"@type\":\"ImageObject\",\"inLanguage\":\"tr\",\"@id\":\"https:\\\/\\\/memurunsesi.net\\\/index.php\\\/2026\\\/04\\\/26\\\/kastamonuda-daglik-alanda-ucurumdan-dusen-genc-icin-ekipler-seferber-oldu\\\/#primaryimage\",\"url\":\"https:\\\/\\\/memurunsesi.net\\\/wp-content\\\/uploads\\\/2026\\\/04\\\/kure.jpg\",\"contentUrl\":\"https:\\\/\\\/memurunsesi.net\\\/wp-content\\\/uploads\\\/2026\\\/04\\\/kure.jpg\",\"width\":1200,\"height\":1600,\"caption\":\"KASTAMONU'NUN K\u00dcRE \u0130L\u00c7ES\u0130NDE DA\u011eLIK ALANDA DOLA\u015eTI\u011eI SIRADA DENGES\u0130N\u0130 KAYBEDEREK U\u00c7URUMA D\u00dc\u015eEN GEN\u00c7 \u0130\u00c7\u0130N EK\u0130PLER SEFERBER OLDU. 30 METREL\u0130K U\u00c7URUMA D\u00dc\u015eEN GEN\u00c7, EK\u0130PLER\u0130N \u00c7ALI\u015eMASIYLA G\u00dc\u00c7L\u00dcKLE D\u00dc\u015eT\u00dc\u011e\u00dc YERDEN KURTARILDI. (CEMAL \u0130LYASO\u011eLU - MUHAMMED K\u00d6ME\u00c7O\u011eLU\\\/KASTAMONU-\u0130HA) Kastamonu'nun K\u00fcre il\u00e7esinde da\u011fl\u0131k alanda dola\u015ft\u0131\u011f\u0131 s\u0131rada dengesini kaybederek u\u00e7uruma d\u00fc\u015fen gen\u00e7 i\u00e7in ekipler seferber oldu. 30 metrelik u\u00e7uruma d\u00fc\u015fen gen\u00e7, ekiplerin \u00e7al\u0131\u015fmas\u0131yla g\u00fc\u00e7l\u00fckle d\u00fc\u015ft\u00fc\u011f\u00fc yerden kurtar\u0131ld\u0131.\"},{\"@type\":\"BreadcrumbList\",\"@id\":\"https:\\\/\\\/memurunsesi.net\\\/index.php\\\/2026\\\/04\\\/26\\\/kastamonuda-daglik-alanda-ucurumdan-dusen-genc-icin-ekipler-seferber-oldu\\\/#breadcrumb\",\"itemListElement\":[{\"@type\":\"ListItem\",\"position\":1,\"name\":\"Anasayfa\",\"item\":\"https:\\\/\\\/memurunsesi.net\\\/\"},{\"@type\":\"ListItem\",\"position\":2,\"name\":\"Kastamonu\u2019da da\u011fl\u0131k alanda u\u00e7urumdan d\u00fc\u015fen gen\u00e7 i\u00e7in ekipler seferber oldu\"}]},{\"@type\":\"WebSite\",\"@id\":\"https:\\\/\\\/memurunsesi.net\\\/#website\",\"url\":\"https:\\\/\\\/memurunsesi.net\\\/\",\"name\":\"Memurun Sesi\",\"description\":\"G\u00fcncel ve Do\u011fru Haber\",\"publisher\":{\"@id\":\"https:\\\/\\\/memurunsesi.net\\\/#organization\"},\"potentialAction\":[{\"@type\":\"SearchAction\",\"target\":{\"@type\":\"EntryPoint\",\"urlTemplate\":\"https:\\\/\\\/memurunsesi.net\\\/?s={search_term_string}\"},\"query-input\":{\"@type\":\"PropertyValueSpecification\",\"valueRequired\":true,\"valueName\":\"search_term_string\"}}],\"inLanguage\":\"tr\"},{\"@type\":\"Organization\",\"@id\":\"https:\\\/\\\/memurunsesi.net\\\/#organization\",\"name\":\"Memurun Sesi\",\"url\":\"https:\\\/\\\/memurunsesi.net\\\/\",\"logo\":{\"@type\":\"ImageObject\",\"inLanguage\":\"tr\",\"@id\":\"https:\\\/\\\/memurunsesi.net\\\/#\\\/schema\\\/logo\\\/image\\\/\",\"url\":\"https:\\\/\\\/memurunsesi.net\\\/wp-content\\\/uploads\\\/2025\\\/11\\\/cropped-MEMURUN-SESI.png\",\"contentUrl\":\"https:\\\/\\\/memurunsesi.net\\\/wp-content\\\/uploads\\\/2025\\\/11\\\/cropped-MEMURUN-SESI.png\",\"width\":238,\"height\":57,\"caption\":\"Memurun Sesi\"},\"image\":{\"@id\":\"https:\\\/\\\/memurunsesi.net\\\/#\\\/schema\\\/logo\\\/image\\\/\"},\"sameAs\":[\"https:\\\/\\\/www.facebook.com\\\/unipersen\\\/?locale=tr_TR\",\"https:\\\/\\\/x.com\\\/unipersen\"]},{\"@type\":\"Person\",\"@id\":\"https:\\\/\\\/memurunsesi.net\\\/#\\\/schema\\\/person\\\/f21c2d73b89f6ee1d80b0a1803e38587\",\"name\":\"Memurun Sesi Haber Merkezi\",\"image\":{\"@type\":\"ImageObject\",\"inLanguage\":\"tr\",\"@id\":\"https:\\\/\\\/secure.gravatar.com\\\/avatar\\\/6cf0505f452ee753f485014986fab09a434671d2b919ee76fc541025c5876a70?s=96&d=mm&r=g\",\"url\":\"https:\\\/\\\/secure.gravatar.com\\\/avatar\\\/6cf0505f452ee753f485014986fab09a434671d2b919ee76fc541025c5876a70?s=96&d=mm&r=g\",\"contentUrl\":\"https:\\\/\\\/secure.gravatar.com\\\/avatar\\\/6cf0505f452ee753f485014986fab09a434671d2b919ee76fc541025c5876a70?s=96&d=mm&r=g\",\"caption\":\"Memurun Sesi Haber Merkezi\"},\"sameAs\":[\"https:\\\/\\\/memurunsesi.net\"],\"url\":\"https:\\\/\\\/memurunsesi.net\\\/index.php\\\/author\\\/uniper\\\/\"}]}<\/script>\n<!-- \/ Yoast SEO plugin. -->","yoast_head_json":{"title":"Kastamonu\u2019da da\u011fl\u0131k alanda u\u00e7urumdan d\u00fc\u015fen gen\u00e7 i\u00e7in ekipler seferber oldu - Memurun Sesi","description":"\u00a0Kastamonu\u2019nun K\u00fcre il\u00e7esinde da\u011fl\u0131k alanda dola\u015ft\u0131\u011f\u0131 s\u0131rada dengesini kaybederek u\u00e7uruma d\u00fc\u015fen gen\u00e7 i\u00e7in ekipler seferber oldu. 30 metrelik u\u00e7uruma d\u00fc\u015fen gen\u00e7, ekiplerin \u00e7al\u0131\u015fmas\u0131yla g\u00fc\u00e7l\u00fckle d\u00fc\u015ft\u00fc\u011f\u00fc yerden kurtar\u0131ld\u0131.","robots":{"index":"index","follow":"follow","max-snippet":"max-snippet:-1","max-image-preview":"max-image-preview:large","max-video-preview":"max-video-preview:-1"},"canonical":"https:\/\/memurunsesi.net\/index.php\/2026\/04\/26\/kastamonuda-daglik-alanda-ucurumdan-dusen-genc-icin-ekipler-seferber-oldu\/","og_locale":"tr_TR","og_type":"article","og_title":"Kastamonu\u2019da da\u011fl\u0131k alanda u\u00e7urumdan d\u00fc\u015fen gen\u00e7 i\u00e7in ekipler seferber oldu - Memurun Sesi","og_description":"\u00a0Kastamonu\u2019nun K\u00fcre il\u00e7esinde da\u011fl\u0131k alanda dola\u015ft\u0131\u011f\u0131 s\u0131rada dengesini kaybederek u\u00e7uruma d\u00fc\u015fen gen\u00e7 i\u00e7in ekipler seferber oldu. 30 metrelik u\u00e7uruma d\u00fc\u015fen gen\u00e7, ekiplerin \u00e7al\u0131\u015fmas\u0131yla g\u00fc\u00e7l\u00fckle d\u00fc\u015ft\u00fc\u011f\u00fc yerden kurtar\u0131ld\u0131.","og_url":"https:\/\/memurunsesi.net\/index.php\/2026\/04\/26\/kastamonuda-daglik-alanda-ucurumdan-dusen-genc-icin-ekipler-seferber-oldu\/","og_site_name":"Memurun Sesi","article_publisher":"https:\/\/www.facebook.com\/unipersen\/?locale=tr_TR","article_published_time":"2026-04-26T05:43:27+00:00","og_image":[{"width":1200,"height":1600,"url":"https:\/\/memurunsesi.net\/wp-content\/uploads\/2026\/04\/kure.jpg","type":"image\/jpeg"}],"author":"Memurun Sesi Haber Merkezi","twitter_card":"summary_large_image","twitter_creator":"@unipersen","twitter_site":"@unipersen","twitter_misc":{"Yazan:":"Memurun Sesi Haber Merkezi","Tahmini okuma s\u00fcresi":"2 dakika"},"schema":{"@context":"https:\/\/schema.org","@graph":[{"@type":"Article","@id":"https:\/\/memurunsesi.net\/index.php\/2026\/04\/26\/kastamonuda-daglik-alanda-ucurumdan-dusen-genc-icin-ekipler-seferber-oldu\/#article","isPartOf":{"@id":"https:\/\/memurunsesi.net\/index.php\/2026\/04\/26\/kastamonuda-daglik-alanda-ucurumdan-dusen-genc-icin-ekipler-seferber-oldu\/"},"author":{"name":"Memurun Sesi Haber Merkezi","@id":"https:\/\/memurunsesi.net\/#\/schema\/person\/f21c2d73b89f6ee1d80b0a1803e38587"},"headline":"Kastamonu\u2019da da\u011fl\u0131k alanda u\u00e7urumdan d\u00fc\u015fen gen\u00e7 i\u00e7in ekipler seferber oldu","datePublished":"2026-04-26T05:43:27+00:00","mainEntityOfPage":{"@id":"https:\/\/memurunsesi.net\/index.php\/2026\/04\/26\/kastamonuda-daglik-alanda-ucurumdan-dusen-genc-icin-ekipler-seferber-oldu\/"},"wordCount":235,"commentCount":0,"publisher":{"@id":"https:\/\/memurunsesi.net\/#organization"},"image":{"@id":"https:\/\/memurunsesi.net\/index.php\/2026\/04\/26\/kastamonuda-daglik-alanda-ucurumdan-dusen-genc-icin-ekipler-seferber-oldu\/#primaryimage"},"thumbnailUrl":"https:\/\/memurunsesi.net\/wp-content\/uploads\/2026\/04\/kure.jpg","keywords":["30 metrelik u\u00e7uruma","dengesini kaybederek","dola\u015ft\u0131\u011f\u0131 s\u0131rada","d\u00fc\u015fen gen\u00e7","d\u00fc\u015fen gen\u00e7 i\u00e7in","d\u00fc\u015ft\u00fc\u011f\u00fc yerden","ekipler seferber oldu","ekiplerin \u00e7al\u0131\u015fmas\u0131yla","g\u00fc\u00e7l\u00fckle","Kastamonu\u2019nun","K\u00fcre il\u00e7esinde da\u011fl\u0131k alanda","kurtar\u0131ld\u0131.","u\u00e7uruma"],"articleSection":["T\u00fcm Haberler"],"inLanguage":"tr","potentialAction":[{"@type":"CommentAction","name":"Comment","target":["https:\/\/memurunsesi.net\/index.php\/2026\/04\/26\/kastamonuda-daglik-alanda-ucurumdan-dusen-genc-icin-ekipler-seferber-oldu\/#respond"]}]},{"@type":"WebPage","@id":"https:\/\/memurunsesi.net\/index.php\/2026\/04\/26\/kastamonuda-daglik-alanda-ucurumdan-dusen-genc-icin-ekipler-seferber-oldu\/","url":"https:\/\/memurunsesi.net\/index.php\/2026\/04\/26\/kastamonuda-daglik-alanda-ucurumdan-dusen-genc-icin-ekipler-seferber-oldu\/","name":"Kastamonu\u2019da da\u011fl\u0131k alanda u\u00e7urumdan d\u00fc\u015fen gen\u00e7 i\u00e7in ekipler seferber oldu - Memurun Sesi","isPartOf":{"@id":"https:\/\/memurunsesi.net\/#website"},"primaryImageOfPage":{"@id":"https:\/\/memurunsesi.net\/index.php\/2026\/04\/26\/kastamonuda-daglik-alanda-ucurumdan-dusen-genc-icin-ekipler-seferber-oldu\/#primaryimage"},"image":{"@id":"https:\/\/memurunsesi.net\/index.php\/2026\/04\/26\/kastamonuda-daglik-alanda-ucurumdan-dusen-genc-icin-ekipler-seferber-oldu\/#primaryimage"},"thumbnailUrl":"https:\/\/memurunsesi.net\/wp-content\/uploads\/2026\/04\/kure.jpg","datePublished":"2026-04-26T05:43:27+00:00","description":"\u00a0Kastamonu\u2019nun K\u00fcre il\u00e7esinde da\u011fl\u0131k alanda dola\u015ft\u0131\u011f\u0131 s\u0131rada dengesini kaybederek u\u00e7uruma d\u00fc\u015fen gen\u00e7 i\u00e7in ekipler seferber oldu. 30 metrelik u\u00e7uruma d\u00fc\u015fen gen\u00e7, ekiplerin \u00e7al\u0131\u015fmas\u0131yla g\u00fc\u00e7l\u00fckle d\u00fc\u015ft\u00fc\u011f\u00fc yerden kurtar\u0131ld\u0131.","breadcrumb":{"@id":"https:\/\/memurunsesi.net\/index.php\/2026\/04\/26\/kastamonuda-daglik-alanda-ucurumdan-dusen-genc-icin-ekipler-seferber-oldu\/#breadcrumb"},"inLanguage":"tr","potentialAction":[{"@type":"ReadAction","target":["https:\/\/memurunsesi.net\/index.php\/2026\/04\/26\/kastamonuda-daglik-alanda-ucurumdan-dusen-genc-icin-ekipler-seferber-oldu\/"]}]},{"@type":"ImageObject","inLanguage":"tr","@id":"https:\/\/memurunsesi.net\/index.php\/2026\/04\/26\/kastamonuda-daglik-alanda-ucurumdan-dusen-genc-icin-ekipler-seferber-oldu\/#primaryimage","url":"https:\/\/memurunsesi.net\/wp-content\/uploads\/2026\/04\/kure.jpg","contentUrl":"https:\/\/memurunsesi.net\/wp-content\/uploads\/2026\/04\/kure.jpg","width":1200,"height":1600,"caption":"KASTAMONU'NUN K\u00dcRE \u0130L\u00c7ES\u0130NDE DA\u011eLIK ALANDA DOLA\u015eTI\u011eI SIRADA DENGES\u0130N\u0130 KAYBEDEREK U\u00c7URUMA D\u00dc\u015eEN GEN\u00c7 \u0130\u00c7\u0130N EK\u0130PLER SEFERBER OLDU. 30 METREL\u0130K U\u00c7URUMA D\u00dc\u015eEN GEN\u00c7, EK\u0130PLER\u0130N \u00c7ALI\u015eMASIYLA G\u00dc\u00c7L\u00dcKLE D\u00dc\u015eT\u00dc\u011e\u00dc YERDEN KURTARILDI. (CEMAL \u0130LYASO\u011eLU - MUHAMMED K\u00d6ME\u00c7O\u011eLU\/KASTAMONU-\u0130HA) Kastamonu'nun K\u00fcre il\u00e7esinde da\u011fl\u0131k alanda dola\u015ft\u0131\u011f\u0131 s\u0131rada dengesini kaybederek u\u00e7uruma d\u00fc\u015fen gen\u00e7 i\u00e7in ekipler seferber oldu. 30 metrelik u\u00e7uruma d\u00fc\u015fen gen\u00e7, ekiplerin \u00e7al\u0131\u015fmas\u0131yla g\u00fc\u00e7l\u00fckle d\u00fc\u015ft\u00fc\u011f\u00fc yerden kurtar\u0131ld\u0131."},{"@type":"BreadcrumbList","@id":"https:\/\/memurunsesi.net\/index.php\/2026\/04\/26\/kastamonuda-daglik-alanda-ucurumdan-dusen-genc-icin-ekipler-seferber-oldu\/#breadcrumb","itemListElement":[{"@type":"ListItem","position":1,"name":"Anasayfa","item":"https:\/\/memurunsesi.net\/"},{"@type":"ListItem","position":2,"name":"Kastamonu\u2019da da\u011fl\u0131k alanda u\u00e7urumdan d\u00fc\u015fen gen\u00e7 i\u00e7in ekipler seferber oldu"}]},{"@type":"WebSite","@id":"https:\/\/memurunsesi.net\/#website","url":"https:\/\/memurunsesi.net\/","name":"Memurun Sesi","description":"G\u00fcncel ve Do\u011fru Haber","publisher":{"@id":"https:\/\/memurunsesi.net\/#organization"},"potentialAction":[{"@type":"SearchAction","target":{"@type":"EntryPoint","urlTemplate":"https:\/\/memurunsesi.net\/?s={search_term_string}"},"query-input":{"@type":"PropertyValueSpecification","valueRequired":true,"valueName":"search_term_string"}}],"inLanguage":"tr"},{"@type":"Organization","@id":"https:\/\/memurunsesi.net\/#organization","name":"Memurun Sesi","url":"https:\/\/memurunsesi.net\/","logo":{"@type":"ImageObject","inLanguage":"tr","@id":"https:\/\/memurunsesi.net\/#\/schema\/logo\/image\/","url":"https:\/\/memurunsesi.net\/wp-content\/uploads\/2025\/11\/cropped-MEMURUN-SESI.png","contentUrl":"https:\/\/memurunsesi.net\/wp-content\/uploads\/2025\/11\/cropped-MEMURUN-SESI.png","width":238,"height":57,"caption":"Memurun Sesi"},"image":{"@id":"https:\/\/memurunsesi.net\/#\/schema\/logo\/image\/"},"sameAs":["https:\/\/www.facebook.com\/unipersen\/?locale=tr_TR","https:\/\/x.com\/unipersen"]},{"@type":"Person","@id":"https:\/\/memurunsesi.net\/#\/schema\/person\/f21c2d73b89f6ee1d80b0a1803e38587","name":"Memurun Sesi Haber Merkezi","image":{"@type":"ImageObject","inLanguage":"tr","@id":"https:\/\/secure.gravatar.com\/avatar\/6cf0505f452ee753f485014986fab09a434671d2b919ee76fc541025c5876a70?s=96&d=mm&r=g","url":"https:\/\/secure.gravatar.com\/avatar\/6cf0505f452ee753f485014986fab09a434671d2b919ee76fc541025c5876a70?s=96&d=mm&r=g","contentUrl":"https:\/\/secure.gravatar.com\/avatar\/6cf0505f452ee753f485014986fab09a434671d2b919ee76fc541025c5876a70?s=96&d=mm&r=g","caption":"Memurun Sesi Haber Merkezi"},"sameAs":["https:\/\/memurunsesi.net"],"url":"https:\/\/memurunsesi.net\/index.php\/author\/uniper\/"}]}},"_links":{"self":[{"href":"https:\/\/memurunsesi.net\/index.php\/wp-json\/wp\/v2\/posts\/19635","targetHints":{"allow":["GET"]}}],"collection":[{"href":"https:\/\/memurunsesi.net\/index.php\/wp-json\/wp\/v2\/posts"}],"about":[{"href":"https:\/\/memurunsesi.net\/index.php\/wp-json\/wp\/v2\/types\/post"}],"author":[{"embeddable":true,"href":"https:\/\/memurunsesi.net\/index.php\/wp-json\/wp\/v2\/users\/1"}],"replies":[{"embeddable":true,"href":"https:\/\/memurunsesi.net\/index.php\/wp-json\/wp\/v2\/comments?post=19635"}],"version-history":[{"count":1,"href":"https:\/\/memurunsesi.net\/index.php\/wp-json\/wp\/v2\/posts\/19635\/revisions"}],"predecessor-version":[{"id":19637,"href":"https:\/\/memurunsesi.net\/index.php\/wp-json\/wp\/v2\/posts\/19635\/revisions\/19637"}],"wp:featuredmedia":[{"embeddable":true,"href":"https:\/\/memurunsesi.net\/index.php\/wp-json\/wp\/v2\/media\/19636"}],"wp:attachment":[{"href":"https:\/\/memurunsesi.net\/index.php\/wp-json\/wp\/v2\/media?parent=19635"}],"wp:term":[{"taxonomy":"category","embeddable":true,"href":"https:\/\/memurunsesi.net\/index.php\/wp-json\/wp\/v2\/categories?post=19635"},{"taxonomy":"post_tag","embeddable":true,"href":"https:\/\/memurunsesi.net\/index.php\/wp-json\/wp\/v2\/tags?post=19635"}],"curies":[{"name":"wp","href":"https:\/\/api.w.org\/{rel}","templated":true}]}}