{"id":19644,"date":"2026-04-26T08:56:33","date_gmt":"2026-04-26T05:56:33","guid":{"rendered":"https:\/\/memurunsesi.net\/?p=19644"},"modified":"2026-04-26T08:56:33","modified_gmt":"2026-04-26T05:56:33","slug":"diyarbakirda-park-halindeki-aracta-cikan-yangin-kamerada","status":"publish","type":"post","link":"https:\/\/memurunsesi.net\/index.php\/2026\/04\/26\/diyarbakirda-park-halindeki-aracta-cikan-yangin-kamerada\/","title":{"rendered":"Diyarbak\u0131r&#8217;da park halindeki ara\u00e7ta \u00e7\u0131kan yang\u0131n kamerada"},"content":{"rendered":"<p>Diyarbak\u0131r\u2019da bir sitede park halinde bulunan hafif ticari ara\u00e7 aniden alev ald\u0131. Olay an\u0131, itfaiye erinin kask kameras\u0131na yans\u0131d\u0131.<br \/>\nOlay, Kayap\u0131nar il\u00e7esinde bulunan bir sitede ya\u015fand\u0131. Hen\u00fcz bilinmeyen bir nedenden dolay\u0131 park halindeki hafif ticari ara\u00e7ta yang\u0131n \u00e7\u0131kt\u0131. Yanan arac\u0131n yan\u0131nda bulunan di\u011fer otomobiller sahipleri taraf\u0131ndan al\u0131n\u0131rken, alevler metrelerce y\u00fckseldi. Alevlere ilk m\u00fcdahaleyi vatanda\u015flar yang\u0131n s\u00f6nd\u00fcrme t\u00fcp\u00fc ile yapt\u0131. Haber verilmesi \u00fczerine olay yerine 112 acil sa\u011fl\u0131k, itfaiye ve polis ekipleri sevk edildi. Apartmanda bulunan vatanda\u015flar tedbir ama\u00e7l\u0131 tahliye edilirken ekiplerin m\u00fcdahalesi ile yang\u0131n kontrol alt\u0131na al\u0131narak s\u00f6nd\u00fcr\u00fcld\u00fc. Olayda \u00f6len ya da yaralanan olmazken, iki ara\u00e7ta b\u00fcy\u00fck \u00e7apta maddi hasar meydana geldi.<br \/>\n\u00d6te yandan, arac\u0131n yanma an\u0131 k\u0131sa s\u00fcrede olay yerine intikal eden itfaiye erlerinin kask kameralar\u0131na yans\u0131d\u0131. G\u00f6r\u00fcnt\u00fclerde, ara\u00e7tan h\u0131zla inen itfaiye erlerinin yanan araca ve alevlerin s\u0131\u00e7rad\u0131\u011f\u0131 di\u011fer araca m\u00fcdahale ederek yang\u0131n\u0131 k\u0131sa s\u00fcrede kontrol alt\u0131na ald\u0131\u011f\u0131 g\u00f6r\u00fcl\u00fcyor.<br \/>\nYang\u0131n\u0131n \u00e7\u0131k\u0131\u015f nedeni ara\u015ft\u0131r\u0131l\u0131yor.<\/p>\n<p>26.04.2026<\/p>\n","protected":false},"excerpt":{"rendered":"<p>Diyarbak\u0131r\u2019da bir sitede park halinde bulunan hafif ticari ara\u00e7 aniden alev ald\u0131. Olay an\u0131, itfaiye erinin kask kameras\u0131na yans\u0131d\u0131. Olay, Kayap\u0131nar il\u00e7esinde bulunan bir sitede ya\u015fand\u0131. Hen\u00fcz bilinmeyen bir nedenden dolay\u0131 park halindeki hafif ticari ara\u00e7ta yang\u0131n \u00e7\u0131kt\u0131. Yanan arac\u0131n yan\u0131nda bulunan di\u011fer otomobiller sahipleri taraf\u0131ndan al\u0131n\u0131rken, alevler metrelerce y\u00fckseldi. Alevlere ilk m\u00fcdahaleyi vatanda\u015flar yang\u0131n [&hellip;]<\/p>\n","protected":false},"author":1,"featured_media":19646,"comment_status":"open","ping_status":"open","sticky":false,"template":"","format":"standard","meta":{"footnotes":""},"categories":[1],"tags":[2151,3604,3603,3606,3607,3605,3602,3433],"class_list":["post-19644","post","type-post","status-publish","format-standard","has-post-thumbnail","hentry","category-genel","tag-alev-alev-yandi","tag-aniden-alev-aldi","tag-hafif-ticari-arac","tag-itfaiye-erinin","tag-kask-kamerasina","tag-olay-ani","tag-park-halinde-bulunan","tag-yansidi"],"yoast_head":"<!-- This site is optimized with the Yoast SEO plugin v27.4 - https:\/\/yoast.com\/product\/yoast-seo-wordpress\/ -->\n<title>Diyarbak\u0131r&#039;da park halindeki ara\u00e7ta \u00e7\u0131kan yang\u0131n kamerada - Memurun Sesi<\/title>\n<meta name=\"description\" content=\"Diyarbak\u0131r\u2019da bir sitede park halinde bulunan hafif ticari ara\u00e7 aniden alev ald\u0131. Olay an\u0131, itfaiye erinin kask kameras\u0131na yans\u0131d\u0131.Olay, Kayap\u0131nar il\u00e7esinde bulunan bir sitede ya\u015fand\u0131.\" \/>\n<meta name=\"robots\" content=\"index, follow, max-snippet:-1, max-image-preview:large, max-video-preview:-1\" \/>\n<link rel=\"canonical\" href=\"https:\/\/memurunsesi.net\/index.php\/2026\/04\/26\/diyarbakirda-park-halindeki-aracta-cikan-yangin-kamerada\/\" \/>\n<meta property=\"og:locale\" content=\"tr_TR\" \/>\n<meta property=\"og:type\" content=\"article\" \/>\n<meta property=\"og:title\" content=\"Diyarbak\u0131r&#039;da park halindeki ara\u00e7ta \u00e7\u0131kan yang\u0131n kamerada - Memurun Sesi\" \/>\n<meta property=\"og:description\" content=\"Diyarbak\u0131r\u2019da bir sitede park halinde bulunan hafif ticari ara\u00e7 aniden alev ald\u0131. Olay an\u0131, itfaiye erinin kask kameras\u0131na yans\u0131d\u0131.Olay, Kayap\u0131nar il\u00e7esinde bulunan bir sitede ya\u015fand\u0131.\" \/>\n<meta property=\"og:url\" content=\"https:\/\/memurunsesi.net\/index.php\/2026\/04\/26\/diyarbakirda-park-halindeki-aracta-cikan-yangin-kamerada\/\" \/>\n<meta property=\"og:site_name\" content=\"Memurun Sesi\" \/>\n<meta property=\"article:publisher\" content=\"https:\/\/www.facebook.com\/unipersen\/?locale=tr_TR\" \/>\n<meta property=\"article:published_time\" content=\"2026-04-26T05:56:33+00:00\" \/>\n<meta property=\"og:image\" content=\"https:\/\/memurunsesi.net\/wp-content\/uploads\/2026\/04\/alev-alev-1.jpg\" \/>\n\t<meta property=\"og:image:width\" content=\"1284\" \/>\n\t<meta property=\"og:image:height\" content=\"713\" \/>\n\t<meta property=\"og:image:type\" content=\"image\/jpeg\" \/>\n<meta name=\"author\" content=\"Memurun Sesi Haber Merkezi\" \/>\n<meta name=\"twitter:card\" content=\"summary_large_image\" \/>\n<meta name=\"twitter:creator\" content=\"@unipersen\" \/>\n<meta name=\"twitter:site\" content=\"@unipersen\" \/>\n<meta name=\"twitter:label1\" content=\"Yazan:\" \/>\n\t<meta name=\"twitter:data1\" content=\"Memurun Sesi Haber Merkezi\" \/>\n\t<meta name=\"twitter:label2\" content=\"Tahmini okuma s\u00fcresi\" \/>\n\t<meta name=\"twitter:data2\" content=\"2 dakika\" \/>\n<script type=\"application\/ld+json\" class=\"yoast-schema-graph\">{\"@context\":\"https:\\\/\\\/schema.org\",\"@graph\":[{\"@type\":\"Article\",\"@id\":\"https:\\\/\\\/memurunsesi.net\\\/index.php\\\/2026\\\/04\\\/26\\\/diyarbakirda-park-halindeki-aracta-cikan-yangin-kamerada\\\/#article\",\"isPartOf\":{\"@id\":\"https:\\\/\\\/memurunsesi.net\\\/index.php\\\/2026\\\/04\\\/26\\\/diyarbakirda-park-halindeki-aracta-cikan-yangin-kamerada\\\/\"},\"author\":{\"name\":\"Memurun Sesi Haber Merkezi\",\"@id\":\"https:\\\/\\\/memurunsesi.net\\\/#\\\/schema\\\/person\\\/f21c2d73b89f6ee1d80b0a1803e38587\"},\"headline\":\"Diyarbak\u0131r&#8217;da park halindeki ara\u00e7ta \u00e7\u0131kan yang\u0131n kamerada\",\"datePublished\":\"2026-04-26T05:56:33+00:00\",\"mainEntityOfPage\":{\"@id\":\"https:\\\/\\\/memurunsesi.net\\\/index.php\\\/2026\\\/04\\\/26\\\/diyarbakirda-park-halindeki-aracta-cikan-yangin-kamerada\\\/\"},\"wordCount\":217,\"commentCount\":0,\"publisher\":{\"@id\":\"https:\\\/\\\/memurunsesi.net\\\/#organization\"},\"image\":{\"@id\":\"https:\\\/\\\/memurunsesi.net\\\/index.php\\\/2026\\\/04\\\/26\\\/diyarbakirda-park-halindeki-aracta-cikan-yangin-kamerada\\\/#primaryimage\"},\"thumbnailUrl\":\"https:\\\/\\\/memurunsesi.net\\\/wp-content\\\/uploads\\\/2026\\\/04\\\/alev-alev-1.jpg\",\"keywords\":[\"alev alev yand\u0131\",\"aniden alev ald\u0131\",\"hafif ticari ara\u00e7\",\"itfaiye erinin\",\"kask kameras\u0131na\",\"Olay an\u0131\",\"park halinde bulunan\",\"yans\u0131d\u0131.\"],\"inLanguage\":\"tr\",\"potentialAction\":[{\"@type\":\"CommentAction\",\"name\":\"Comment\",\"target\":[\"https:\\\/\\\/memurunsesi.net\\\/index.php\\\/2026\\\/04\\\/26\\\/diyarbakirda-park-halindeki-aracta-cikan-yangin-kamerada\\\/#respond\"]}]},{\"@type\":\"WebPage\",\"@id\":\"https:\\\/\\\/memurunsesi.net\\\/index.php\\\/2026\\\/04\\\/26\\\/diyarbakirda-park-halindeki-aracta-cikan-yangin-kamerada\\\/\",\"url\":\"https:\\\/\\\/memurunsesi.net\\\/index.php\\\/2026\\\/04\\\/26\\\/diyarbakirda-park-halindeki-aracta-cikan-yangin-kamerada\\\/\",\"name\":\"Diyarbak\u0131r'da park halindeki ara\u00e7ta \u00e7\u0131kan yang\u0131n kamerada - Memurun Sesi\",\"isPartOf\":{\"@id\":\"https:\\\/\\\/memurunsesi.net\\\/#website\"},\"primaryImageOfPage\":{\"@id\":\"https:\\\/\\\/memurunsesi.net\\\/index.php\\\/2026\\\/04\\\/26\\\/diyarbakirda-park-halindeki-aracta-cikan-yangin-kamerada\\\/#primaryimage\"},\"image\":{\"@id\":\"https:\\\/\\\/memurunsesi.net\\\/index.php\\\/2026\\\/04\\\/26\\\/diyarbakirda-park-halindeki-aracta-cikan-yangin-kamerada\\\/#primaryimage\"},\"thumbnailUrl\":\"https:\\\/\\\/memurunsesi.net\\\/wp-content\\\/uploads\\\/2026\\\/04\\\/alev-alev-1.jpg\",\"datePublished\":\"2026-04-26T05:56:33+00:00\",\"description\":\"Diyarbak\u0131r\u2019da bir sitede park halinde bulunan hafif ticari ara\u00e7 aniden alev ald\u0131. Olay an\u0131, itfaiye erinin kask kameras\u0131na yans\u0131d\u0131.Olay, Kayap\u0131nar il\u00e7esinde bulunan bir sitede ya\u015fand\u0131.\",\"breadcrumb\":{\"@id\":\"https:\\\/\\\/memurunsesi.net\\\/index.php\\\/2026\\\/04\\\/26\\\/diyarbakirda-park-halindeki-aracta-cikan-yangin-kamerada\\\/#breadcrumb\"},\"inLanguage\":\"tr\",\"potentialAction\":[{\"@type\":\"ReadAction\",\"target\":[\"https:\\\/\\\/memurunsesi.net\\\/index.php\\\/2026\\\/04\\\/26\\\/diyarbakirda-park-halindeki-aracta-cikan-yangin-kamerada\\\/\"]}]},{\"@type\":\"ImageObject\",\"inLanguage\":\"tr\",\"@id\":\"https:\\\/\\\/memurunsesi.net\\\/index.php\\\/2026\\\/04\\\/26\\\/diyarbakirda-park-halindeki-aracta-cikan-yangin-kamerada\\\/#primaryimage\",\"url\":\"https:\\\/\\\/memurunsesi.net\\\/wp-content\\\/uploads\\\/2026\\\/04\\\/alev-alev-1.jpg\",\"contentUrl\":\"https:\\\/\\\/memurunsesi.net\\\/wp-content\\\/uploads\\\/2026\\\/04\\\/alev-alev-1.jpg\",\"width\":1284,\"height\":713,\"caption\":\"D\u0130YARBAKIR'DA B\u0130R S\u0130TEDE PARK HAL\u0130NDE BULUNAN HAF\u0130F T\u0130CAR\u0130 ARA\u00c7 AN\u0130DEN ALEV ALDI. OLAY ANI \u0130TFA\u0130YE ER\u0130N\u0130N KASK KAMERASINA YANSIDI. (MEHMET AL\u0130 KAYA\\\/D\u0130YARBAKIR-\u0130HA) Diyarbak\u0131r'da bir sitede park halinde bulunan hafif ticari ara\u00e7 aniden alev ald\u0131. Olay an\u0131, itfaiye erinin kask kameras\u0131na yans\u0131d\u0131.\"},{\"@type\":\"BreadcrumbList\",\"@id\":\"https:\\\/\\\/memurunsesi.net\\\/index.php\\\/2026\\\/04\\\/26\\\/diyarbakirda-park-halindeki-aracta-cikan-yangin-kamerada\\\/#breadcrumb\",\"itemListElement\":[{\"@type\":\"ListItem\",\"position\":1,\"name\":\"Anasayfa\",\"item\":\"https:\\\/\\\/memurunsesi.net\\\/\"},{\"@type\":\"ListItem\",\"position\":2,\"name\":\"Diyarbak\u0131r&#8217;da park halindeki ara\u00e7ta \u00e7\u0131kan yang\u0131n kamerada\"}]},{\"@type\":\"WebSite\",\"@id\":\"https:\\\/\\\/memurunsesi.net\\\/#website\",\"url\":\"https:\\\/\\\/memurunsesi.net\\\/\",\"name\":\"Memurun Sesi\",\"description\":\"G\u00fcncel ve Do\u011fru Haber\",\"publisher\":{\"@id\":\"https:\\\/\\\/memurunsesi.net\\\/#organization\"},\"potentialAction\":[{\"@type\":\"SearchAction\",\"target\":{\"@type\":\"EntryPoint\",\"urlTemplate\":\"https:\\\/\\\/memurunsesi.net\\\/?s={search_term_string}\"},\"query-input\":{\"@type\":\"PropertyValueSpecification\",\"valueRequired\":true,\"valueName\":\"search_term_string\"}}],\"inLanguage\":\"tr\"},{\"@type\":\"Organization\",\"@id\":\"https:\\\/\\\/memurunsesi.net\\\/#organization\",\"name\":\"Memurun Sesi\",\"url\":\"https:\\\/\\\/memurunsesi.net\\\/\",\"logo\":{\"@type\":\"ImageObject\",\"inLanguage\":\"tr\",\"@id\":\"https:\\\/\\\/memurunsesi.net\\\/#\\\/schema\\\/logo\\\/image\\\/\",\"url\":\"https:\\\/\\\/memurunsesi.net\\\/wp-content\\\/uploads\\\/2025\\\/11\\\/cropped-MEMURUN-SESI.png\",\"contentUrl\":\"https:\\\/\\\/memurunsesi.net\\\/wp-content\\\/uploads\\\/2025\\\/11\\\/cropped-MEMURUN-SESI.png\",\"width\":238,\"height\":57,\"caption\":\"Memurun Sesi\"},\"image\":{\"@id\":\"https:\\\/\\\/memurunsesi.net\\\/#\\\/schema\\\/logo\\\/image\\\/\"},\"sameAs\":[\"https:\\\/\\\/www.facebook.com\\\/unipersen\\\/?locale=tr_TR\",\"https:\\\/\\\/x.com\\\/unipersen\"]},{\"@type\":\"Person\",\"@id\":\"https:\\\/\\\/memurunsesi.net\\\/#\\\/schema\\\/person\\\/f21c2d73b89f6ee1d80b0a1803e38587\",\"name\":\"Memurun Sesi Haber Merkezi\",\"image\":{\"@type\":\"ImageObject\",\"inLanguage\":\"tr\",\"@id\":\"https:\\\/\\\/secure.gravatar.com\\\/avatar\\\/6cf0505f452ee753f485014986fab09a434671d2b919ee76fc541025c5876a70?s=96&d=mm&r=g\",\"url\":\"https:\\\/\\\/secure.gravatar.com\\\/avatar\\\/6cf0505f452ee753f485014986fab09a434671d2b919ee76fc541025c5876a70?s=96&d=mm&r=g\",\"contentUrl\":\"https:\\\/\\\/secure.gravatar.com\\\/avatar\\\/6cf0505f452ee753f485014986fab09a434671d2b919ee76fc541025c5876a70?s=96&d=mm&r=g\",\"caption\":\"Memurun Sesi Haber Merkezi\"},\"sameAs\":[\"https:\\\/\\\/memurunsesi.net\"],\"url\":\"https:\\\/\\\/memurunsesi.net\\\/index.php\\\/author\\\/uniper\\\/\"}]}<\/script>\n<!-- \/ Yoast SEO plugin. -->","yoast_head_json":{"title":"Diyarbak\u0131r'da park halindeki ara\u00e7ta \u00e7\u0131kan yang\u0131n kamerada - Memurun Sesi","description":"Diyarbak\u0131r\u2019da bir sitede park halinde bulunan hafif ticari ara\u00e7 aniden alev ald\u0131. Olay an\u0131, itfaiye erinin kask kameras\u0131na yans\u0131d\u0131.Olay, Kayap\u0131nar il\u00e7esinde bulunan bir sitede ya\u015fand\u0131.","robots":{"index":"index","follow":"follow","max-snippet":"max-snippet:-1","max-image-preview":"max-image-preview:large","max-video-preview":"max-video-preview:-1"},"canonical":"https:\/\/memurunsesi.net\/index.php\/2026\/04\/26\/diyarbakirda-park-halindeki-aracta-cikan-yangin-kamerada\/","og_locale":"tr_TR","og_type":"article","og_title":"Diyarbak\u0131r'da park halindeki ara\u00e7ta \u00e7\u0131kan yang\u0131n kamerada - Memurun Sesi","og_description":"Diyarbak\u0131r\u2019da bir sitede park halinde bulunan hafif ticari ara\u00e7 aniden alev ald\u0131. Olay an\u0131, itfaiye erinin kask kameras\u0131na yans\u0131d\u0131.Olay, Kayap\u0131nar il\u00e7esinde bulunan bir sitede ya\u015fand\u0131.","og_url":"https:\/\/memurunsesi.net\/index.php\/2026\/04\/26\/diyarbakirda-park-halindeki-aracta-cikan-yangin-kamerada\/","og_site_name":"Memurun Sesi","article_publisher":"https:\/\/www.facebook.com\/unipersen\/?locale=tr_TR","article_published_time":"2026-04-26T05:56:33+00:00","og_image":[{"width":1284,"height":713,"url":"https:\/\/memurunsesi.net\/wp-content\/uploads\/2026\/04\/alev-alev-1.jpg","type":"image\/jpeg"}],"author":"Memurun Sesi Haber Merkezi","twitter_card":"summary_large_image","twitter_creator":"@unipersen","twitter_site":"@unipersen","twitter_misc":{"Yazan:":"Memurun Sesi Haber Merkezi","Tahmini okuma s\u00fcresi":"2 dakika"},"schema":{"@context":"https:\/\/schema.org","@graph":[{"@type":"Article","@id":"https:\/\/memurunsesi.net\/index.php\/2026\/04\/26\/diyarbakirda-park-halindeki-aracta-cikan-yangin-kamerada\/#article","isPartOf":{"@id":"https:\/\/memurunsesi.net\/index.php\/2026\/04\/26\/diyarbakirda-park-halindeki-aracta-cikan-yangin-kamerada\/"},"author":{"name":"Memurun Sesi Haber Merkezi","@id":"https:\/\/memurunsesi.net\/#\/schema\/person\/f21c2d73b89f6ee1d80b0a1803e38587"},"headline":"Diyarbak\u0131r&#8217;da park halindeki ara\u00e7ta \u00e7\u0131kan yang\u0131n kamerada","datePublished":"2026-04-26T05:56:33+00:00","mainEntityOfPage":{"@id":"https:\/\/memurunsesi.net\/index.php\/2026\/04\/26\/diyarbakirda-park-halindeki-aracta-cikan-yangin-kamerada\/"},"wordCount":217,"commentCount":0,"publisher":{"@id":"https:\/\/memurunsesi.net\/#organization"},"image":{"@id":"https:\/\/memurunsesi.net\/index.php\/2026\/04\/26\/diyarbakirda-park-halindeki-aracta-cikan-yangin-kamerada\/#primaryimage"},"thumbnailUrl":"https:\/\/memurunsesi.net\/wp-content\/uploads\/2026\/04\/alev-alev-1.jpg","keywords":["alev alev yand\u0131","aniden alev ald\u0131","hafif ticari ara\u00e7","itfaiye erinin","kask kameras\u0131na","Olay an\u0131","park halinde bulunan","yans\u0131d\u0131."],"inLanguage":"tr","potentialAction":[{"@type":"CommentAction","name":"Comment","target":["https:\/\/memurunsesi.net\/index.php\/2026\/04\/26\/diyarbakirda-park-halindeki-aracta-cikan-yangin-kamerada\/#respond"]}]},{"@type":"WebPage","@id":"https:\/\/memurunsesi.net\/index.php\/2026\/04\/26\/diyarbakirda-park-halindeki-aracta-cikan-yangin-kamerada\/","url":"https:\/\/memurunsesi.net\/index.php\/2026\/04\/26\/diyarbakirda-park-halindeki-aracta-cikan-yangin-kamerada\/","name":"Diyarbak\u0131r'da park halindeki ara\u00e7ta \u00e7\u0131kan yang\u0131n kamerada - Memurun Sesi","isPartOf":{"@id":"https:\/\/memurunsesi.net\/#website"},"primaryImageOfPage":{"@id":"https:\/\/memurunsesi.net\/index.php\/2026\/04\/26\/diyarbakirda-park-halindeki-aracta-cikan-yangin-kamerada\/#primaryimage"},"image":{"@id":"https:\/\/memurunsesi.net\/index.php\/2026\/04\/26\/diyarbakirda-park-halindeki-aracta-cikan-yangin-kamerada\/#primaryimage"},"thumbnailUrl":"https:\/\/memurunsesi.net\/wp-content\/uploads\/2026\/04\/alev-alev-1.jpg","datePublished":"2026-04-26T05:56:33+00:00","description":"Diyarbak\u0131r\u2019da bir sitede park halinde bulunan hafif ticari ara\u00e7 aniden alev ald\u0131. Olay an\u0131, itfaiye erinin kask kameras\u0131na yans\u0131d\u0131.Olay, Kayap\u0131nar il\u00e7esinde bulunan bir sitede ya\u015fand\u0131.","breadcrumb":{"@id":"https:\/\/memurunsesi.net\/index.php\/2026\/04\/26\/diyarbakirda-park-halindeki-aracta-cikan-yangin-kamerada\/#breadcrumb"},"inLanguage":"tr","potentialAction":[{"@type":"ReadAction","target":["https:\/\/memurunsesi.net\/index.php\/2026\/04\/26\/diyarbakirda-park-halindeki-aracta-cikan-yangin-kamerada\/"]}]},{"@type":"ImageObject","inLanguage":"tr","@id":"https:\/\/memurunsesi.net\/index.php\/2026\/04\/26\/diyarbakirda-park-halindeki-aracta-cikan-yangin-kamerada\/#primaryimage","url":"https:\/\/memurunsesi.net\/wp-content\/uploads\/2026\/04\/alev-alev-1.jpg","contentUrl":"https:\/\/memurunsesi.net\/wp-content\/uploads\/2026\/04\/alev-alev-1.jpg","width":1284,"height":713,"caption":"D\u0130YARBAKIR'DA B\u0130R S\u0130TEDE PARK HAL\u0130NDE BULUNAN HAF\u0130F T\u0130CAR\u0130 ARA\u00c7 AN\u0130DEN ALEV ALDI. OLAY ANI \u0130TFA\u0130YE ER\u0130N\u0130N KASK KAMERASINA YANSIDI. (MEHMET AL\u0130 KAYA\/D\u0130YARBAKIR-\u0130HA) Diyarbak\u0131r'da bir sitede park halinde bulunan hafif ticari ara\u00e7 aniden alev ald\u0131. Olay an\u0131, itfaiye erinin kask kameras\u0131na yans\u0131d\u0131."},{"@type":"BreadcrumbList","@id":"https:\/\/memurunsesi.net\/index.php\/2026\/04\/26\/diyarbakirda-park-halindeki-aracta-cikan-yangin-kamerada\/#breadcrumb","itemListElement":[{"@type":"ListItem","position":1,"name":"Anasayfa","item":"https:\/\/memurunsesi.net\/"},{"@type":"ListItem","position":2,"name":"Diyarbak\u0131r&#8217;da park halindeki ara\u00e7ta \u00e7\u0131kan yang\u0131n kamerada"}]},{"@type":"WebSite","@id":"https:\/\/memurunsesi.net\/#website","url":"https:\/\/memurunsesi.net\/","name":"Memurun Sesi","description":"G\u00fcncel ve Do\u011fru Haber","publisher":{"@id":"https:\/\/memurunsesi.net\/#organization"},"potentialAction":[{"@type":"SearchAction","target":{"@type":"EntryPoint","urlTemplate":"https:\/\/memurunsesi.net\/?s={search_term_string}"},"query-input":{"@type":"PropertyValueSpecification","valueRequired":true,"valueName":"search_term_string"}}],"inLanguage":"tr"},{"@type":"Organization","@id":"https:\/\/memurunsesi.net\/#organization","name":"Memurun Sesi","url":"https:\/\/memurunsesi.net\/","logo":{"@type":"ImageObject","inLanguage":"tr","@id":"https:\/\/memurunsesi.net\/#\/schema\/logo\/image\/","url":"https:\/\/memurunsesi.net\/wp-content\/uploads\/2025\/11\/cropped-MEMURUN-SESI.png","contentUrl":"https:\/\/memurunsesi.net\/wp-content\/uploads\/2025\/11\/cropped-MEMURUN-SESI.png","width":238,"height":57,"caption":"Memurun Sesi"},"image":{"@id":"https:\/\/memurunsesi.net\/#\/schema\/logo\/image\/"},"sameAs":["https:\/\/www.facebook.com\/unipersen\/?locale=tr_TR","https:\/\/x.com\/unipersen"]},{"@type":"Person","@id":"https:\/\/memurunsesi.net\/#\/schema\/person\/f21c2d73b89f6ee1d80b0a1803e38587","name":"Memurun Sesi Haber Merkezi","image":{"@type":"ImageObject","inLanguage":"tr","@id":"https:\/\/secure.gravatar.com\/avatar\/6cf0505f452ee753f485014986fab09a434671d2b919ee76fc541025c5876a70?s=96&d=mm&r=g","url":"https:\/\/secure.gravatar.com\/avatar\/6cf0505f452ee753f485014986fab09a434671d2b919ee76fc541025c5876a70?s=96&d=mm&r=g","contentUrl":"https:\/\/secure.gravatar.com\/avatar\/6cf0505f452ee753f485014986fab09a434671d2b919ee76fc541025c5876a70?s=96&d=mm&r=g","caption":"Memurun Sesi Haber Merkezi"},"sameAs":["https:\/\/memurunsesi.net"],"url":"https:\/\/memurunsesi.net\/index.php\/author\/uniper\/"}]}},"_links":{"self":[{"href":"https:\/\/memurunsesi.net\/index.php\/wp-json\/wp\/v2\/posts\/19644","targetHints":{"allow":["GET"]}}],"collection":[{"href":"https:\/\/memurunsesi.net\/index.php\/wp-json\/wp\/v2\/posts"}],"about":[{"href":"https:\/\/memurunsesi.net\/index.php\/wp-json\/wp\/v2\/types\/post"}],"author":[{"embeddable":true,"href":"https:\/\/memurunsesi.net\/index.php\/wp-json\/wp\/v2\/users\/1"}],"replies":[{"embeddable":true,"href":"https:\/\/memurunsesi.net\/index.php\/wp-json\/wp\/v2\/comments?post=19644"}],"version-history":[{"count":1,"href":"https:\/\/memurunsesi.net\/index.php\/wp-json\/wp\/v2\/posts\/19644\/revisions"}],"predecessor-version":[{"id":19647,"href":"https:\/\/memurunsesi.net\/index.php\/wp-json\/wp\/v2\/posts\/19644\/revisions\/19647"}],"wp:featuredmedia":[{"embeddable":true,"href":"https:\/\/memurunsesi.net\/index.php\/wp-json\/wp\/v2\/media\/19646"}],"wp:attachment":[{"href":"https:\/\/memurunsesi.net\/index.php\/wp-json\/wp\/v2\/media?parent=19644"}],"wp:term":[{"taxonomy":"category","embeddable":true,"href":"https:\/\/memurunsesi.net\/index.php\/wp-json\/wp\/v2\/categories?post=19644"},{"taxonomy":"post_tag","embeddable":true,"href":"https:\/\/memurunsesi.net\/index.php\/wp-json\/wp\/v2\/tags?post=19644"}],"curies":[{"name":"wp","href":"https:\/\/api.w.org\/{rel}","templated":true}]}}