{"id":19651,"date":"2026-04-26T09:12:57","date_gmt":"2026-04-26T06:12:57","guid":{"rendered":"https:\/\/memurunsesi.net\/?p=19651"},"modified":"2026-04-26T09:12:57","modified_gmt":"2026-04-26T06:12:57","slug":"kamu-yonetiminde-yeni-donem-ust-duzey-atamalar-resmi-gazetede-yayimlandi","status":"publish","type":"post","link":"https:\/\/memurunsesi.net\/index.php\/2026\/04\/26\/kamu-yonetiminde-yeni-donem-ust-duzey-atamalar-resmi-gazetede-yayimlandi\/","title":{"rendered":"Kamu Y\u00f6netiminde Yeni D\u00f6nem: \u00dcst D\u00fczey Atamalar Resmi Gazete\u2019de Yay\u0131mland\u0131"},"content":{"rendered":"<p data-start=\"80\" data-end=\"310\">\u00a0 \u00a0 Cumhurba\u015fkanl\u0131\u011f\u0131 taraf\u0131ndan yap\u0131lan yeni atama ve g\u00f6revden alma kararlar\u0131 Resmi Gazete\u2019de yay\u0131mlanarak y\u00fcr\u00fcrl\u00fc\u011fe girdi. 25 Nisan 2026 tarihli kararlarla bir\u00e7ok bakanl\u0131k ve kamu kurumunda \u00fcst d\u00fczey g\u00f6rev de\u011fi\u015fiklikleri ger\u00e7ekle\u015fti.<\/p>\n<p data-start=\"312\" data-end=\"699\">Aile ve Sosyal Hizmetler Bakanl\u0131\u011f\u0131\u2019nda Personel Genel M\u00fcd\u00fcr Yard\u0131mc\u0131l\u0131\u011f\u0131 g\u00f6revine Tar\u0131k Tanguro\u011flu atan\u0131rken, \u00c7al\u0131\u015fma ve Sosyal G\u00fcvenlik Bakanl\u0131\u011f\u0131 b\u00fcnyesinde de \u00f6nemli g\u00f6revlendirmeler yap\u0131ld\u0131. Strateji Geli\u015ftirme Ba\u015fkanl\u0131\u011f\u0131na Fatih Enes Bot, E\u011fitim ve Ara\u015ft\u0131rma Merkezi Ba\u015fkanl\u0131\u011f\u0131na \u00d6mer Faruk \u00d6zt\u00fcrk, T\u00fcrkiye \u0130\u015f Kurumu Genel M\u00fcd\u00fcr Yard\u0131mc\u0131l\u0131\u011f\u0131na ise \u0130brahim O\u011fuzhan Y\u0131ld\u0131r\u0131m getirildi.<\/p>\n<p data-start=\"701\" data-end=\"1098\">Milli E\u011fitim Bakanl\u0131\u011f\u0131\u2019nda dikkat \u00e7eken bir g\u00f6rev de\u011fi\u015fimi ya\u015fand\u0131. Bakan Yard\u0131mc\u0131s\u0131 Nazif Y\u0131lmaz g\u00f6revden al\u0131n\u0131rken, yerine Talim ve Terbiye Kurulu Ba\u015fkan\u0131 Cihad Demirli atand\u0131. Kurul ba\u015fkanl\u0131\u011f\u0131na Cem Gen\u00e7o\u011flu getirilirken, e\u011fitim y\u00f6netiminde farkl\u0131 kademelerde de yeni isimler g\u00f6reve ba\u015flad\u0131. Orta\u00f6\u011fretim ve Hayat Boyu \u00d6\u011frenme genel m\u00fcd\u00fcrl\u00fcklerinde kar\u015f\u0131l\u0131kl\u0131 g\u00f6rev de\u011fi\u015fimleri ger\u00e7ekle\u015ftirildi.<\/p>\n<p data-start=\"1100\" data-end=\"1412\">Enerji alan\u0131nda faaliyet g\u00f6steren T\u00fcrkiye Elektrik \u0130letim A.\u015e.\u2019de (TE\u0130A\u015e) de \u00fcst y\u00f6netim de\u011fi\u015fti. Genel M\u00fcd\u00fcr ve Y\u00f6netim Kurulu Ba\u015fkan\u0131 Orhan Kald\u0131r\u0131m ile Genel M\u00fcd\u00fcr Yard\u0131mc\u0131s\u0131 Deniz Co\u015fkun g\u00f6revden al\u0131n\u0131rken, yeni y\u00f6netim kadrosu olu\u015fturuldu. Ayn\u0131 kapsamda y\u00f6netim kurulu \u00fcyeliklerine de yeni atamalar yap\u0131ld\u0131.<\/p>\n<p data-start=\"1414\" data-end=\"1665\">Ticaret Bakanl\u0131\u011f\u0131\u2019nda \u00dcr\u00fcn G\u00fcvenli\u011fi ve Denetimi Genel M\u00fcd\u00fcr Yard\u0131mc\u0131lar\u0131 Mehmet Halil Madazl\u0131 ve Ahmet Karabay g\u00f6revden al\u0131n\u0131rken, Devlet Hava Meydanlar\u0131 \u0130\u015fletmesi Genel M\u00fcd\u00fcrl\u00fc\u011f\u00fc\u2019nde y\u00f6netim kurulu \u00fcyeliklerine Fatih \u00c7akmak ve Mustafa Akkaya atand\u0131.<\/p>\n<p data-start=\"1667\" data-end=\"1888\" data-is-last-node=\"\" data-is-only-node=\"\">Yap\u0131lan atama ve g\u00f6rev de\u011fi\u015fikliklerinin, kamu y\u00f6netiminde etkinlik ve verimlili\u011fin art\u0131r\u0131lmas\u0131 amac\u0131yla ger\u00e7ekle\u015ftirildi\u011fi de\u011ferlendirilirken, yeni d\u00f6nemde kurumlar\u0131n daha dinamik bir yap\u0131yla hizmet sunmas\u0131 hedefleniyor.<\/p>\n","protected":false},"excerpt":{"rendered":"<p>\u00a0 \u00a0 Cumhurba\u015fkanl\u0131\u011f\u0131 taraf\u0131ndan yap\u0131lan yeni atama ve g\u00f6revden alma kararlar\u0131 Resmi Gazete\u2019de yay\u0131mlanarak y\u00fcr\u00fcrl\u00fc\u011fe girdi. 25 Nisan 2026 tarihli kararlarla bir\u00e7ok bakanl\u0131k ve kamu kurumunda \u00fcst d\u00fczey g\u00f6rev de\u011fi\u015fiklikleri ger\u00e7ekle\u015fti. Aile ve Sosyal Hizmetler Bakanl\u0131\u011f\u0131\u2019nda Personel Genel M\u00fcd\u00fcr Yard\u0131mc\u0131l\u0131\u011f\u0131 g\u00f6revine Tar\u0131k Tanguro\u011flu atan\u0131rken, \u00c7al\u0131\u015fma ve Sosyal G\u00fcvenlik Bakanl\u0131\u011f\u0131 b\u00fcnyesinde de \u00f6nemli g\u00f6revlendirmeler yap\u0131ld\u0131. Strateji [&hellip;]<\/p>\n","protected":false},"author":1,"featured_media":0,"comment_status":"open","ping_status":"open","sticky":false,"template":"","format":"standard","meta":{"footnotes":""},"categories":[1],"tags":[1810,3614,3615,2026,3618,1347,1636,3616,1214,3617],"class_list":["post-19651","post","type-post","status-publish","format-standard","hentry","category-genel","tag-aile-ve-sosyal-hizmetler-bakanligi","tag-atama-kararlari","tag-bakanlik-atamalari","tag-calisma-ve-sosyal-guvenlik-bakanligi","tag-dhmi","tag-kamu-atamalari","tag-kamu-yonetimi","tag-milli-egitim-bakanligi","tag-resmi-gazete","tag-teias"],"yoast_head":"<!-- This site is optimized with the Yoast SEO plugin v27.4 - https:\/\/yoast.com\/product\/yoast-seo-wordpress\/ -->\n<title>Kamu Y\u00f6netiminde Yeni D\u00f6nem: \u00dcst D\u00fczey Atamalar Resmi Gazete\u2019de Yay\u0131mland\u0131 - Memurun Sesi<\/title>\n<meta name=\"description\" content=\"25 Nisan 2026 tarihli Resmi Gazete\u2019de yay\u0131mlanan atama kararlar\u0131yla bir\u00e7ok bakanl\u0131k ve kamu kurumunda \u00fcst d\u00fczey g\u00f6rev de\u011fi\u015fiklikleri yap\u0131ld\u0131. \u0130\u015fte detaylar.\" \/>\n<meta name=\"robots\" content=\"index, follow, max-snippet:-1, max-image-preview:large, max-video-preview:-1\" \/>\n<link rel=\"canonical\" href=\"https:\/\/memurunsesi.net\/index.php\/2026\/04\/26\/kamu-yonetiminde-yeni-donem-ust-duzey-atamalar-resmi-gazetede-yayimlandi\/\" \/>\n<meta property=\"og:locale\" content=\"tr_TR\" \/>\n<meta property=\"og:type\" content=\"article\" \/>\n<meta property=\"og:title\" content=\"Kamu Y\u00f6netiminde Yeni D\u00f6nem: \u00dcst D\u00fczey Atamalar Resmi Gazete\u2019de Yay\u0131mland\u0131 - Memurun Sesi\" \/>\n<meta property=\"og:description\" content=\"25 Nisan 2026 tarihli Resmi Gazete\u2019de yay\u0131mlanan atama kararlar\u0131yla bir\u00e7ok bakanl\u0131k ve kamu kurumunda \u00fcst d\u00fczey g\u00f6rev de\u011fi\u015fiklikleri yap\u0131ld\u0131. \u0130\u015fte detaylar.\" \/>\n<meta property=\"og:url\" content=\"https:\/\/memurunsesi.net\/index.php\/2026\/04\/26\/kamu-yonetiminde-yeni-donem-ust-duzey-atamalar-resmi-gazetede-yayimlandi\/\" \/>\n<meta property=\"og:site_name\" content=\"Memurun Sesi\" \/>\n<meta property=\"article:publisher\" content=\"https:\/\/www.facebook.com\/unipersen\/?locale=tr_TR\" \/>\n<meta property=\"article:published_time\" content=\"2026-04-26T06:12:57+00:00\" \/>\n<meta name=\"author\" content=\"Memurun Sesi Haber Merkezi\" \/>\n<meta name=\"twitter:card\" content=\"summary_large_image\" \/>\n<meta name=\"twitter:creator\" content=\"@unipersen\" \/>\n<meta name=\"twitter:site\" content=\"@unipersen\" \/>\n<meta name=\"twitter:label1\" content=\"Yazan:\" \/>\n\t<meta name=\"twitter:data1\" content=\"Memurun Sesi Haber Merkezi\" \/>\n\t<meta name=\"twitter:label2\" content=\"Tahmini okuma s\u00fcresi\" \/>\n\t<meta name=\"twitter:data2\" content=\"2 dakika\" \/>\n<script type=\"application\/ld+json\" class=\"yoast-schema-graph\">{\"@context\":\"https:\\\/\\\/schema.org\",\"@graph\":[{\"@type\":\"Article\",\"@id\":\"https:\\\/\\\/memurunsesi.net\\\/index.php\\\/2026\\\/04\\\/26\\\/kamu-yonetiminde-yeni-donem-ust-duzey-atamalar-resmi-gazetede-yayimlandi\\\/#article\",\"isPartOf\":{\"@id\":\"https:\\\/\\\/memurunsesi.net\\\/index.php\\\/2026\\\/04\\\/26\\\/kamu-yonetiminde-yeni-donem-ust-duzey-atamalar-resmi-gazetede-yayimlandi\\\/\"},\"author\":{\"name\":\"Memurun Sesi Haber Merkezi\",\"@id\":\"https:\\\/\\\/memurunsesi.net\\\/#\\\/schema\\\/person\\\/f21c2d73b89f6ee1d80b0a1803e38587\"},\"headline\":\"Kamu Y\u00f6netiminde Yeni D\u00f6nem: \u00dcst D\u00fczey Atamalar Resmi Gazete\u2019de Yay\u0131mland\u0131\",\"datePublished\":\"2026-04-26T06:12:57+00:00\",\"mainEntityOfPage\":{\"@id\":\"https:\\\/\\\/memurunsesi.net\\\/index.php\\\/2026\\\/04\\\/26\\\/kamu-yonetiminde-yeni-donem-ust-duzey-atamalar-resmi-gazetede-yayimlandi\\\/\"},\"wordCount\":375,\"commentCount\":0,\"publisher\":{\"@id\":\"https:\\\/\\\/memurunsesi.net\\\/#organization\"},\"keywords\":[\"aile ve sosyal hizmetler bakanl\u0131\u011f\u0131\",\"atama kararlar\u0131\",\"bakanl\u0131k atamalar\u0131\",\"\u00c7al\u0131\u015fma ve Sosyal G\u00fcvenlik Bakanl\u0131\u011f\u0131\",\"DHM\u0130\",\"kamu atamalar\u0131\",\"kamu y\u00f6netimi\",\"Milli E\u011fitim Bakanl\u0131\u011f\u0131\",\"resmi gazete\",\"TE\u0130A\u015e\"],\"inLanguage\":\"tr\",\"potentialAction\":[{\"@type\":\"CommentAction\",\"name\":\"Comment\",\"target\":[\"https:\\\/\\\/memurunsesi.net\\\/index.php\\\/2026\\\/04\\\/26\\\/kamu-yonetiminde-yeni-donem-ust-duzey-atamalar-resmi-gazetede-yayimlandi\\\/#respond\"]}]},{\"@type\":\"WebPage\",\"@id\":\"https:\\\/\\\/memurunsesi.net\\\/index.php\\\/2026\\\/04\\\/26\\\/kamu-yonetiminde-yeni-donem-ust-duzey-atamalar-resmi-gazetede-yayimlandi\\\/\",\"url\":\"https:\\\/\\\/memurunsesi.net\\\/index.php\\\/2026\\\/04\\\/26\\\/kamu-yonetiminde-yeni-donem-ust-duzey-atamalar-resmi-gazetede-yayimlandi\\\/\",\"name\":\"Kamu Y\u00f6netiminde Yeni D\u00f6nem: \u00dcst D\u00fczey Atamalar Resmi Gazete\u2019de Yay\u0131mland\u0131 - Memurun Sesi\",\"isPartOf\":{\"@id\":\"https:\\\/\\\/memurunsesi.net\\\/#website\"},\"datePublished\":\"2026-04-26T06:12:57+00:00\",\"description\":\"25 Nisan 2026 tarihli Resmi Gazete\u2019de yay\u0131mlanan atama kararlar\u0131yla bir\u00e7ok bakanl\u0131k ve kamu kurumunda \u00fcst d\u00fczey g\u00f6rev de\u011fi\u015fiklikleri yap\u0131ld\u0131. \u0130\u015fte detaylar.\",\"breadcrumb\":{\"@id\":\"https:\\\/\\\/memurunsesi.net\\\/index.php\\\/2026\\\/04\\\/26\\\/kamu-yonetiminde-yeni-donem-ust-duzey-atamalar-resmi-gazetede-yayimlandi\\\/#breadcrumb\"},\"inLanguage\":\"tr\",\"potentialAction\":[{\"@type\":\"ReadAction\",\"target\":[\"https:\\\/\\\/memurunsesi.net\\\/index.php\\\/2026\\\/04\\\/26\\\/kamu-yonetiminde-yeni-donem-ust-duzey-atamalar-resmi-gazetede-yayimlandi\\\/\"]}]},{\"@type\":\"BreadcrumbList\",\"@id\":\"https:\\\/\\\/memurunsesi.net\\\/index.php\\\/2026\\\/04\\\/26\\\/kamu-yonetiminde-yeni-donem-ust-duzey-atamalar-resmi-gazetede-yayimlandi\\\/#breadcrumb\",\"itemListElement\":[{\"@type\":\"ListItem\",\"position\":1,\"name\":\"Anasayfa\",\"item\":\"https:\\\/\\\/memurunsesi.net\\\/\"},{\"@type\":\"ListItem\",\"position\":2,\"name\":\"Kamu Y\u00f6netiminde Yeni D\u00f6nem: \u00dcst D\u00fczey Atamalar Resmi Gazete\u2019de Yay\u0131mland\u0131\"}]},{\"@type\":\"WebSite\",\"@id\":\"https:\\\/\\\/memurunsesi.net\\\/#website\",\"url\":\"https:\\\/\\\/memurunsesi.net\\\/\",\"name\":\"Memurun Sesi\",\"description\":\"G\u00fcncel ve Do\u011fru Haber\",\"publisher\":{\"@id\":\"https:\\\/\\\/memurunsesi.net\\\/#organization\"},\"potentialAction\":[{\"@type\":\"SearchAction\",\"target\":{\"@type\":\"EntryPoint\",\"urlTemplate\":\"https:\\\/\\\/memurunsesi.net\\\/?s={search_term_string}\"},\"query-input\":{\"@type\":\"PropertyValueSpecification\",\"valueRequired\":true,\"valueName\":\"search_term_string\"}}],\"inLanguage\":\"tr\"},{\"@type\":\"Organization\",\"@id\":\"https:\\\/\\\/memurunsesi.net\\\/#organization\",\"name\":\"Memurun Sesi\",\"url\":\"https:\\\/\\\/memurunsesi.net\\\/\",\"logo\":{\"@type\":\"ImageObject\",\"inLanguage\":\"tr\",\"@id\":\"https:\\\/\\\/memurunsesi.net\\\/#\\\/schema\\\/logo\\\/image\\\/\",\"url\":\"https:\\\/\\\/memurunsesi.net\\\/wp-content\\\/uploads\\\/2025\\\/11\\\/cropped-MEMURUN-SESI.png\",\"contentUrl\":\"https:\\\/\\\/memurunsesi.net\\\/wp-content\\\/uploads\\\/2025\\\/11\\\/cropped-MEMURUN-SESI.png\",\"width\":238,\"height\":57,\"caption\":\"Memurun Sesi\"},\"image\":{\"@id\":\"https:\\\/\\\/memurunsesi.net\\\/#\\\/schema\\\/logo\\\/image\\\/\"},\"sameAs\":[\"https:\\\/\\\/www.facebook.com\\\/unipersen\\\/?locale=tr_TR\",\"https:\\\/\\\/x.com\\\/unipersen\"]},{\"@type\":\"Person\",\"@id\":\"https:\\\/\\\/memurunsesi.net\\\/#\\\/schema\\\/person\\\/f21c2d73b89f6ee1d80b0a1803e38587\",\"name\":\"Memurun Sesi Haber Merkezi\",\"image\":{\"@type\":\"ImageObject\",\"inLanguage\":\"tr\",\"@id\":\"https:\\\/\\\/secure.gravatar.com\\\/avatar\\\/6cf0505f452ee753f485014986fab09a434671d2b919ee76fc541025c5876a70?s=96&d=mm&r=g\",\"url\":\"https:\\\/\\\/secure.gravatar.com\\\/avatar\\\/6cf0505f452ee753f485014986fab09a434671d2b919ee76fc541025c5876a70?s=96&d=mm&r=g\",\"contentUrl\":\"https:\\\/\\\/secure.gravatar.com\\\/avatar\\\/6cf0505f452ee753f485014986fab09a434671d2b919ee76fc541025c5876a70?s=96&d=mm&r=g\",\"caption\":\"Memurun Sesi Haber Merkezi\"},\"sameAs\":[\"https:\\\/\\\/memurunsesi.net\"],\"url\":\"https:\\\/\\\/memurunsesi.net\\\/index.php\\\/author\\\/uniper\\\/\"}]}<\/script>\n<!-- \/ Yoast SEO plugin. -->","yoast_head_json":{"title":"Kamu Y\u00f6netiminde Yeni D\u00f6nem: \u00dcst D\u00fczey Atamalar Resmi Gazete\u2019de Yay\u0131mland\u0131 - Memurun Sesi","description":"25 Nisan 2026 tarihli Resmi Gazete\u2019de yay\u0131mlanan atama kararlar\u0131yla bir\u00e7ok bakanl\u0131k ve kamu kurumunda \u00fcst d\u00fczey g\u00f6rev de\u011fi\u015fiklikleri yap\u0131ld\u0131. \u0130\u015fte detaylar.","robots":{"index":"index","follow":"follow","max-snippet":"max-snippet:-1","max-image-preview":"max-image-preview:large","max-video-preview":"max-video-preview:-1"},"canonical":"https:\/\/memurunsesi.net\/index.php\/2026\/04\/26\/kamu-yonetiminde-yeni-donem-ust-duzey-atamalar-resmi-gazetede-yayimlandi\/","og_locale":"tr_TR","og_type":"article","og_title":"Kamu Y\u00f6netiminde Yeni D\u00f6nem: \u00dcst D\u00fczey Atamalar Resmi Gazete\u2019de Yay\u0131mland\u0131 - Memurun Sesi","og_description":"25 Nisan 2026 tarihli Resmi Gazete\u2019de yay\u0131mlanan atama kararlar\u0131yla bir\u00e7ok bakanl\u0131k ve kamu kurumunda \u00fcst d\u00fczey g\u00f6rev de\u011fi\u015fiklikleri yap\u0131ld\u0131. \u0130\u015fte detaylar.","og_url":"https:\/\/memurunsesi.net\/index.php\/2026\/04\/26\/kamu-yonetiminde-yeni-donem-ust-duzey-atamalar-resmi-gazetede-yayimlandi\/","og_site_name":"Memurun Sesi","article_publisher":"https:\/\/www.facebook.com\/unipersen\/?locale=tr_TR","article_published_time":"2026-04-26T06:12:57+00:00","author":"Memurun Sesi Haber Merkezi","twitter_card":"summary_large_image","twitter_creator":"@unipersen","twitter_site":"@unipersen","twitter_misc":{"Yazan:":"Memurun Sesi Haber Merkezi","Tahmini okuma s\u00fcresi":"2 dakika"},"schema":{"@context":"https:\/\/schema.org","@graph":[{"@type":"Article","@id":"https:\/\/memurunsesi.net\/index.php\/2026\/04\/26\/kamu-yonetiminde-yeni-donem-ust-duzey-atamalar-resmi-gazetede-yayimlandi\/#article","isPartOf":{"@id":"https:\/\/memurunsesi.net\/index.php\/2026\/04\/26\/kamu-yonetiminde-yeni-donem-ust-duzey-atamalar-resmi-gazetede-yayimlandi\/"},"author":{"name":"Memurun Sesi Haber Merkezi","@id":"https:\/\/memurunsesi.net\/#\/schema\/person\/f21c2d73b89f6ee1d80b0a1803e38587"},"headline":"Kamu Y\u00f6netiminde Yeni D\u00f6nem: \u00dcst D\u00fczey Atamalar Resmi Gazete\u2019de Yay\u0131mland\u0131","datePublished":"2026-04-26T06:12:57+00:00","mainEntityOfPage":{"@id":"https:\/\/memurunsesi.net\/index.php\/2026\/04\/26\/kamu-yonetiminde-yeni-donem-ust-duzey-atamalar-resmi-gazetede-yayimlandi\/"},"wordCount":375,"commentCount":0,"publisher":{"@id":"https:\/\/memurunsesi.net\/#organization"},"keywords":["aile ve sosyal hizmetler bakanl\u0131\u011f\u0131","atama kararlar\u0131","bakanl\u0131k atamalar\u0131","\u00c7al\u0131\u015fma ve Sosyal G\u00fcvenlik Bakanl\u0131\u011f\u0131","DHM\u0130","kamu atamalar\u0131","kamu y\u00f6netimi","Milli E\u011fitim Bakanl\u0131\u011f\u0131","resmi gazete","TE\u0130A\u015e"],"inLanguage":"tr","potentialAction":[{"@type":"CommentAction","name":"Comment","target":["https:\/\/memurunsesi.net\/index.php\/2026\/04\/26\/kamu-yonetiminde-yeni-donem-ust-duzey-atamalar-resmi-gazetede-yayimlandi\/#respond"]}]},{"@type":"WebPage","@id":"https:\/\/memurunsesi.net\/index.php\/2026\/04\/26\/kamu-yonetiminde-yeni-donem-ust-duzey-atamalar-resmi-gazetede-yayimlandi\/","url":"https:\/\/memurunsesi.net\/index.php\/2026\/04\/26\/kamu-yonetiminde-yeni-donem-ust-duzey-atamalar-resmi-gazetede-yayimlandi\/","name":"Kamu Y\u00f6netiminde Yeni D\u00f6nem: \u00dcst D\u00fczey Atamalar Resmi Gazete\u2019de Yay\u0131mland\u0131 - Memurun Sesi","isPartOf":{"@id":"https:\/\/memurunsesi.net\/#website"},"datePublished":"2026-04-26T06:12:57+00:00","description":"25 Nisan 2026 tarihli Resmi Gazete\u2019de yay\u0131mlanan atama kararlar\u0131yla bir\u00e7ok bakanl\u0131k ve kamu kurumunda \u00fcst d\u00fczey g\u00f6rev de\u011fi\u015fiklikleri yap\u0131ld\u0131. \u0130\u015fte detaylar.","breadcrumb":{"@id":"https:\/\/memurunsesi.net\/index.php\/2026\/04\/26\/kamu-yonetiminde-yeni-donem-ust-duzey-atamalar-resmi-gazetede-yayimlandi\/#breadcrumb"},"inLanguage":"tr","potentialAction":[{"@type":"ReadAction","target":["https:\/\/memurunsesi.net\/index.php\/2026\/04\/26\/kamu-yonetiminde-yeni-donem-ust-duzey-atamalar-resmi-gazetede-yayimlandi\/"]}]},{"@type":"BreadcrumbList","@id":"https:\/\/memurunsesi.net\/index.php\/2026\/04\/26\/kamu-yonetiminde-yeni-donem-ust-duzey-atamalar-resmi-gazetede-yayimlandi\/#breadcrumb","itemListElement":[{"@type":"ListItem","position":1,"name":"Anasayfa","item":"https:\/\/memurunsesi.net\/"},{"@type":"ListItem","position":2,"name":"Kamu Y\u00f6netiminde Yeni D\u00f6nem: \u00dcst D\u00fczey Atamalar Resmi Gazete\u2019de Yay\u0131mland\u0131"}]},{"@type":"WebSite","@id":"https:\/\/memurunsesi.net\/#website","url":"https:\/\/memurunsesi.net\/","name":"Memurun Sesi","description":"G\u00fcncel ve Do\u011fru Haber","publisher":{"@id":"https:\/\/memurunsesi.net\/#organization"},"potentialAction":[{"@type":"SearchAction","target":{"@type":"EntryPoint","urlTemplate":"https:\/\/memurunsesi.net\/?s={search_term_string}"},"query-input":{"@type":"PropertyValueSpecification","valueRequired":true,"valueName":"search_term_string"}}],"inLanguage":"tr"},{"@type":"Organization","@id":"https:\/\/memurunsesi.net\/#organization","name":"Memurun Sesi","url":"https:\/\/memurunsesi.net\/","logo":{"@type":"ImageObject","inLanguage":"tr","@id":"https:\/\/memurunsesi.net\/#\/schema\/logo\/image\/","url":"https:\/\/memurunsesi.net\/wp-content\/uploads\/2025\/11\/cropped-MEMURUN-SESI.png","contentUrl":"https:\/\/memurunsesi.net\/wp-content\/uploads\/2025\/11\/cropped-MEMURUN-SESI.png","width":238,"height":57,"caption":"Memurun Sesi"},"image":{"@id":"https:\/\/memurunsesi.net\/#\/schema\/logo\/image\/"},"sameAs":["https:\/\/www.facebook.com\/unipersen\/?locale=tr_TR","https:\/\/x.com\/unipersen"]},{"@type":"Person","@id":"https:\/\/memurunsesi.net\/#\/schema\/person\/f21c2d73b89f6ee1d80b0a1803e38587","name":"Memurun Sesi Haber Merkezi","image":{"@type":"ImageObject","inLanguage":"tr","@id":"https:\/\/secure.gravatar.com\/avatar\/6cf0505f452ee753f485014986fab09a434671d2b919ee76fc541025c5876a70?s=96&d=mm&r=g","url":"https:\/\/secure.gravatar.com\/avatar\/6cf0505f452ee753f485014986fab09a434671d2b919ee76fc541025c5876a70?s=96&d=mm&r=g","contentUrl":"https:\/\/secure.gravatar.com\/avatar\/6cf0505f452ee753f485014986fab09a434671d2b919ee76fc541025c5876a70?s=96&d=mm&r=g","caption":"Memurun Sesi Haber Merkezi"},"sameAs":["https:\/\/memurunsesi.net"],"url":"https:\/\/memurunsesi.net\/index.php\/author\/uniper\/"}]}},"_links":{"self":[{"href":"https:\/\/memurunsesi.net\/index.php\/wp-json\/wp\/v2\/posts\/19651","targetHints":{"allow":["GET"]}}],"collection":[{"href":"https:\/\/memurunsesi.net\/index.php\/wp-json\/wp\/v2\/posts"}],"about":[{"href":"https:\/\/memurunsesi.net\/index.php\/wp-json\/wp\/v2\/types\/post"}],"author":[{"embeddable":true,"href":"https:\/\/memurunsesi.net\/index.php\/wp-json\/wp\/v2\/users\/1"}],"replies":[{"embeddable":true,"href":"https:\/\/memurunsesi.net\/index.php\/wp-json\/wp\/v2\/comments?post=19651"}],"version-history":[{"count":1,"href":"https:\/\/memurunsesi.net\/index.php\/wp-json\/wp\/v2\/posts\/19651\/revisions"}],"predecessor-version":[{"id":19652,"href":"https:\/\/memurunsesi.net\/index.php\/wp-json\/wp\/v2\/posts\/19651\/revisions\/19652"}],"wp:attachment":[{"href":"https:\/\/memurunsesi.net\/index.php\/wp-json\/wp\/v2\/media?parent=19651"}],"wp:term":[{"taxonomy":"category","embeddable":true,"href":"https:\/\/memurunsesi.net\/index.php\/wp-json\/wp\/v2\/categories?post=19651"},{"taxonomy":"post_tag","embeddable":true,"href":"https:\/\/memurunsesi.net\/index.php\/wp-json\/wp\/v2\/tags?post=19651"}],"curies":[{"name":"wp","href":"https:\/\/api.w.org\/{rel}","templated":true}]}}