{"id":19653,"date":"2026-04-26T09:17:41","date_gmt":"2026-04-26T06:17:41","guid":{"rendered":"https:\/\/memurunsesi.net\/?p=19653"},"modified":"2026-04-26T09:17:41","modified_gmt":"2026-04-26T06:17:41","slug":"dogum-izni-24-haftaya-cikarildi-calisan-aileler-icin-yeni-haklar-yururlukte","status":"publish","type":"post","link":"https:\/\/memurunsesi.net\/index.php\/2026\/04\/26\/dogum-izni-24-haftaya-cikarildi-calisan-aileler-icin-yeni-haklar-yururlukte\/","title":{"rendered":"Do\u011fum \u0130zni 24 Haftaya \u00c7\u0131kar\u0131ld\u0131: \u00c7al\u0131\u015fan Aileler \u0130\u00e7in Yeni Haklar Y\u00fcr\u00fcrl\u00fckte"},"content":{"rendered":"<div class=\"flex flex-col text-sm pb-25\">\n<section class=\"text-token-text-primary w-full focus:outline-none [--shadow-height:45px] has-data-writing-block:pointer-events-none has-data-writing-block:-mt-(--shadow-height) has-data-writing-block:pt-(--shadow-height) [&amp;:has([data-writing-block])&gt;*]:pointer-events-auto scroll-mt-[calc(var(--header-height)+min(200px,max(70px,20svh)))]\" dir=\"auto\" data-turn-id=\"request-WEB:c4f3674a-6a83-4c09-9267-96cb0c7f6ae0-57\" data-testid=\"conversation-turn-116\" data-scroll-anchor=\"true\" data-turn=\"assistant\">\n<div class=\"text-base my-auto mx-auto pb-10 [--thread-content-margin:var(--thread-content-margin-xs,calc(var(--spacing)*4))] @w-sm\/main:[--thread-content-margin:var(--thread-content-margin-sm,calc(var(--spacing)*6))] @w-lg\/main:[--thread-content-margin:var(--thread-content-margin-lg,calc(var(--spacing)*16))] px-(--thread-content-margin)\">\n<div class=\"[--thread-content-max-width:40rem] @w-lg\/main:[--thread-content-max-width:48rem] mx-auto max-w-(--thread-content-max-width) flex-1 group\/turn-messages focus-visible:outline-hidden relative flex w-full min-w-0 flex-col agent-turn\">\n<div class=\"flex max-w-full flex-col gap-4 grow\">\n<div class=\"min-h-8 text-message relative flex w-full flex-col items-end gap-2 text-start break-words whitespace-normal outline-none keyboard-focused:focus-ring [.text-message+&amp;]:mt-1\" dir=\"auto\" tabindex=\"0\" data-message-author-role=\"assistant\" data-message-id=\"447f18bb-6b2e-4255-8650-58d5ff12a541\" data-message-model-slug=\"gpt-5-3\" data-turn-start-message=\"true\">\n<div class=\"flex w-full flex-col gap-1 empty:hidden\">\n<div class=\"markdown prose dark:prose-invert w-full wrap-break-word light markdown-new-styling\">\n<p data-start=\"82\" data-end=\"381\">\u00a0 \u00a0 T\u00fcrkiye\u2019de \u00e7al\u0131\u015fan anneler ve babalar i\u00e7in \u00f6nemli de\u011fi\u015fiklikler i\u00e7eren d\u00fczenleme y\u00fcr\u00fcrl\u00fc\u011fe girdi. <span class=\"hover:entity-accent entity-underline inline cursor-pointer align-baseline\"><span class=\"whitespace-normal\">T\u00fcrkiye B\u00fcy\u00fck Millet Meclisi<\/span><\/span> Genel Kurulu\u2019nda kabul edilerek yasala\u015fan d\u00fczenleme ile do\u011fum izni s\u00fcreleri uzat\u0131l\u0131rken, babal\u0131k izni ve koruyucu ailelere y\u00f6nelik yeni haklar da hayata ge\u00e7irildi.<\/p>\n<p data-start=\"383\" data-end=\"729\">Yeni d\u00fczenlemeye g\u00f6re kamu ve \u00f6zel sekt\u00f6rde \u00e7al\u0131\u015fan t\u00fcm anneler i\u00e7in do\u011fum izni toplamda 24 haftaya \u00e7\u0131kar\u0131ld\u0131. Bu s\u00fcre, do\u011fumdan \u00f6nce 8 hafta ve do\u011fumdan sonra 16 hafta olarak uygulanacak. Yap\u0131lan de\u011fi\u015fiklikle, \u00e7al\u0131\u015fan annelerin hem do\u011fum \u00f6ncesi hem de do\u011fum sonras\u0131 s\u00fcre\u00e7te daha uzun s\u00fcre dinlenmesi ve bebekleriyle vakit ge\u00e7irmesi hedefleniyor.<\/p>\n<p data-start=\"731\" data-end=\"979\">Do\u011fum \u00f6ncesi \u00e7al\u0131\u015fma \u015fartlar\u0131nda da esneklik sa\u011fland\u0131. Daha \u00f6nce sa\u011fl\u0131k raporu ile do\u011fuma 3 hafta kalana kadar \u00e7al\u0131\u015fabilen kad\u0131nlar i\u00e7in bu s\u00fcre 2 haftaya indirildi. B\u00f6ylece do\u011fum sonras\u0131 kullan\u0131labilecek izin s\u00fcresi bir hafta daha art\u0131r\u0131lm\u0131\u015f oldu.<\/p>\n<p data-start=\"981\" data-end=\"1268\">D\u00fczenleme yaln\u0131zca yeni do\u011fum yapacaklar\u0131 de\u011fil, hali haz\u0131rda izin s\u00fcrecinde olan anneleri de kaps\u0131yor. Do\u011fum iznini tamamlam\u0131\u015f ancak do\u011fum tarihinden itibaren 24 haftal\u0131k s\u00fcreyi hen\u00fcz doldurmam\u0131\u015f olan \u00e7al\u0131\u015fanlar, talep etmeleri halinde ilave 8 haftal\u0131k anal\u0131k izninden yararlanabilecek.<\/p>\n<p data-start=\"1270\" data-end=\"1514\">Babalar i\u00e7in de \u00f6nemli bir de\u011fi\u015fiklik yap\u0131ld\u0131. \u00d6zel sekt\u00f6rde \u00e7al\u0131\u015fan babalar\u0131n izin s\u00fcresi art\u0131r\u0131larak kamu \u00e7al\u0131\u015fanlar\u0131yla e\u015fitlendi ve 10 g\u00fcne \u00e7\u0131kar\u0131ld\u0131. B\u00f6ylece do\u011fum sonras\u0131 s\u00fcre\u00e7te babalar\u0131n da aileye daha fazla destek olmas\u0131n\u0131n \u00f6n\u00fc a\u00e7\u0131ld\u0131.<\/p>\n<p data-start=\"1516\" data-end=\"1830\">\u00d6te yandan koruyucu aile sistemini te\u015fvik etmeye y\u00f6nelik yeni bir hak da d\u00fczenlemeye eklendi. Bir veya daha fazla \u00e7ocu\u011fa koruyucu aile olan ki\u015filere, \u00e7ocu\u011fun teslim edilmesinin ard\u0131ndan talep etmeleri halinde 10 g\u00fcn izin verilecek. Bu uygulama ile \u00e7ocuklar\u0131n aile ortam\u0131na uyum s\u00fcrecinin desteklenmesi ama\u00e7lan\u0131yor.<\/p>\n<p data-start=\"1832\" data-end=\"2021\" data-is-last-node=\"\" data-is-only-node=\"\">Yap\u0131lan de\u011fi\u015fiklikler, \u00e7al\u0131\u015fma hayat\u0131 ile aile ya\u015fam\u0131 aras\u0131ndaki dengeyi g\u00fc\u00e7lendirmeyi hedeflerken, \u00f6zellikle \u00e7ocuk bak\u0131m\u0131na y\u00f6nelik sosyal politikalar\u0131n da geni\u015fletildi\u011fini ortaya koyuyor.<\/p>\n<\/div>\n<\/div>\n<\/div>\n<\/div>\n<div class=\"z-0 flex min-h-[46px] justify-start\"><\/div>\n<div class=\"mt-3 w-full empty:hidden\">\n<div class=\"text-center\"><\/div>\n<\/div>\n<\/div>\n<\/div>\n<\/section>\n<\/div>\n<div class=\"pointer-events-none h-px w-px absolute bottom-0\" aria-hidden=\"true\" data-edge=\"true\"><\/div>\n","protected":false},"excerpt":{"rendered":"<p>\u00a0 \u00a0 T\u00fcrkiye\u2019de \u00e7al\u0131\u015fan anneler ve babalar i\u00e7in \u00f6nemli de\u011fi\u015fiklikler i\u00e7eren d\u00fczenleme y\u00fcr\u00fcrl\u00fc\u011fe girdi. T\u00fcrkiye B\u00fcy\u00fck Millet Meclisi Genel Kurulu\u2019nda kabul edilerek yasala\u015fan d\u00fczenleme ile do\u011fum izni s\u00fcreleri uzat\u0131l\u0131rken, babal\u0131k izni ve koruyucu ailelere y\u00f6nelik yeni haklar da hayata ge\u00e7irildi. Yeni d\u00fczenlemeye g\u00f6re kamu ve \u00f6zel sekt\u00f6rde \u00e7al\u0131\u015fan t\u00fcm anneler i\u00e7in do\u011fum izni toplamda 24 [&hellip;]<\/p>\n","protected":false},"author":1,"featured_media":18593,"comment_status":"open","ping_status":"open","sticky":false,"template":"","format":"standard","meta":{"footnotes":""},"categories":[1],"tags":[1795,2707,2708,2032,1788,1796,3619,3620,1594,3621],"class_list":["post-19653","post","type-post","status-publish","format-standard","has-post-thumbnail","hentry","category-genel","tag-aile-politikalari","tag-analik-izni","tag-babalik-izni","tag-calisma-hayati","tag-dogum-izni","tag-kadin-calisanlar","tag-koruyucu-aile","tag-sosyal-haklar","tag-tbmm","tag-yeni-yasa"],"yoast_head":"<!-- This site is optimized with the Yoast SEO plugin v27.4 - https:\/\/yoast.com\/product\/yoast-seo-wordpress\/ -->\n<title>Do\u011fum \u0130zni 24 Haftaya \u00c7\u0131kar\u0131ld\u0131: \u00c7al\u0131\u015fan Aileler \u0130\u00e7in Yeni Haklar Y\u00fcr\u00fcrl\u00fckte - Memurun Sesi<\/title>\n<meta name=\"description\" content=\"Do\u011fum izni 24 haftaya \u00e7\u0131kar\u0131ld\u0131. Yeni d\u00fczenlemeyle annelere ek haklar sa\u011flan\u0131rken babal\u0131k izni 10 g\u00fcne y\u00fckseltildi, koruyucu ailelere de izin hakk\u0131 getirildi.\" \/>\n<meta name=\"robots\" content=\"index, follow, max-snippet:-1, max-image-preview:large, max-video-preview:-1\" \/>\n<link rel=\"canonical\" href=\"https:\/\/memurunsesi.net\/index.php\/2026\/04\/26\/dogum-izni-24-haftaya-cikarildi-calisan-aileler-icin-yeni-haklar-yururlukte\/\" \/>\n<meta property=\"og:locale\" content=\"tr_TR\" \/>\n<meta property=\"og:type\" content=\"article\" \/>\n<meta property=\"og:title\" content=\"Do\u011fum \u0130zni 24 Haftaya \u00c7\u0131kar\u0131ld\u0131: \u00c7al\u0131\u015fan Aileler \u0130\u00e7in Yeni Haklar Y\u00fcr\u00fcrl\u00fckte - Memurun Sesi\" \/>\n<meta property=\"og:description\" content=\"Do\u011fum izni 24 haftaya \u00e7\u0131kar\u0131ld\u0131. Yeni d\u00fczenlemeyle annelere ek haklar sa\u011flan\u0131rken babal\u0131k izni 10 g\u00fcne y\u00fckseltildi, koruyucu ailelere de izin hakk\u0131 getirildi.\" \/>\n<meta property=\"og:url\" content=\"https:\/\/memurunsesi.net\/index.php\/2026\/04\/26\/dogum-izni-24-haftaya-cikarildi-calisan-aileler-icin-yeni-haklar-yururlukte\/\" \/>\n<meta property=\"og:site_name\" content=\"Memurun Sesi\" \/>\n<meta property=\"article:publisher\" content=\"https:\/\/www.facebook.com\/unipersen\/?locale=tr_TR\" \/>\n<meta property=\"article:published_time\" content=\"2026-04-26T06:17:41+00:00\" \/>\n<meta property=\"og:image\" content=\"https:\/\/memurunsesi.net\/wp-content\/uploads\/2026\/03\/memur-2.jpg\" \/>\n\t<meta property=\"og:image:width\" content=\"300\" \/>\n\t<meta property=\"og:image:height\" content=\"168\" \/>\n\t<meta property=\"og:image:type\" content=\"image\/jpeg\" \/>\n<meta name=\"author\" content=\"Memurun Sesi Haber Merkezi\" \/>\n<meta name=\"twitter:card\" content=\"summary_large_image\" \/>\n<meta name=\"twitter:creator\" content=\"@unipersen\" \/>\n<meta name=\"twitter:site\" content=\"@unipersen\" \/>\n<meta name=\"twitter:label1\" content=\"Yazan:\" \/>\n\t<meta name=\"twitter:data1\" content=\"Memurun Sesi Haber Merkezi\" \/>\n\t<meta name=\"twitter:label2\" content=\"Tahmini okuma s\u00fcresi\" \/>\n\t<meta name=\"twitter:data2\" content=\"2 dakika\" \/>\n<script type=\"application\/ld+json\" class=\"yoast-schema-graph\">{\"@context\":\"https:\\\/\\\/schema.org\",\"@graph\":[{\"@type\":\"Article\",\"@id\":\"https:\\\/\\\/memurunsesi.net\\\/index.php\\\/2026\\\/04\\\/26\\\/dogum-izni-24-haftaya-cikarildi-calisan-aileler-icin-yeni-haklar-yururlukte\\\/#article\",\"isPartOf\":{\"@id\":\"https:\\\/\\\/memurunsesi.net\\\/index.php\\\/2026\\\/04\\\/26\\\/dogum-izni-24-haftaya-cikarildi-calisan-aileler-icin-yeni-haklar-yururlukte\\\/\"},\"author\":{\"name\":\"Memurun Sesi Haber Merkezi\",\"@id\":\"https:\\\/\\\/memurunsesi.net\\\/#\\\/schema\\\/person\\\/f21c2d73b89f6ee1d80b0a1803e38587\"},\"headline\":\"Do\u011fum \u0130zni 24 Haftaya \u00c7\u0131kar\u0131ld\u0131: \u00c7al\u0131\u015fan Aileler \u0130\u00e7in Yeni Haklar Y\u00fcr\u00fcrl\u00fckte\",\"datePublished\":\"2026-04-26T06:17:41+00:00\",\"mainEntityOfPage\":{\"@id\":\"https:\\\/\\\/memurunsesi.net\\\/index.php\\\/2026\\\/04\\\/26\\\/dogum-izni-24-haftaya-cikarildi-calisan-aileler-icin-yeni-haklar-yururlukte\\\/\"},\"wordCount\":394,\"commentCount\":0,\"publisher\":{\"@id\":\"https:\\\/\\\/memurunsesi.net\\\/#organization\"},\"image\":{\"@id\":\"https:\\\/\\\/memurunsesi.net\\\/index.php\\\/2026\\\/04\\\/26\\\/dogum-izni-24-haftaya-cikarildi-calisan-aileler-icin-yeni-haklar-yururlukte\\\/#primaryimage\"},\"thumbnailUrl\":\"https:\\\/\\\/memurunsesi.net\\\/wp-content\\\/uploads\\\/2026\\\/03\\\/memur-2.jpg\",\"keywords\":[\"aile politikalar\u0131\",\"anal\u0131k izni\",\"babal\u0131k izni\",\"\u00e7al\u0131\u015fma hayat\u0131\",\"do\u011fum izni\",\"kad\u0131n \u00e7al\u0131\u015fanlar\",\"koruyucu aile\",\"sosyal haklar\",\"TBMM\",\"yeni yasa\"],\"inLanguage\":\"tr\",\"potentialAction\":[{\"@type\":\"CommentAction\",\"name\":\"Comment\",\"target\":[\"https:\\\/\\\/memurunsesi.net\\\/index.php\\\/2026\\\/04\\\/26\\\/dogum-izni-24-haftaya-cikarildi-calisan-aileler-icin-yeni-haklar-yururlukte\\\/#respond\"]}]},{\"@type\":\"WebPage\",\"@id\":\"https:\\\/\\\/memurunsesi.net\\\/index.php\\\/2026\\\/04\\\/26\\\/dogum-izni-24-haftaya-cikarildi-calisan-aileler-icin-yeni-haklar-yururlukte\\\/\",\"url\":\"https:\\\/\\\/memurunsesi.net\\\/index.php\\\/2026\\\/04\\\/26\\\/dogum-izni-24-haftaya-cikarildi-calisan-aileler-icin-yeni-haklar-yururlukte\\\/\",\"name\":\"Do\u011fum \u0130zni 24 Haftaya \u00c7\u0131kar\u0131ld\u0131: \u00c7al\u0131\u015fan Aileler \u0130\u00e7in Yeni Haklar Y\u00fcr\u00fcrl\u00fckte - Memurun Sesi\",\"isPartOf\":{\"@id\":\"https:\\\/\\\/memurunsesi.net\\\/#website\"},\"primaryImageOfPage\":{\"@id\":\"https:\\\/\\\/memurunsesi.net\\\/index.php\\\/2026\\\/04\\\/26\\\/dogum-izni-24-haftaya-cikarildi-calisan-aileler-icin-yeni-haklar-yururlukte\\\/#primaryimage\"},\"image\":{\"@id\":\"https:\\\/\\\/memurunsesi.net\\\/index.php\\\/2026\\\/04\\\/26\\\/dogum-izni-24-haftaya-cikarildi-calisan-aileler-icin-yeni-haklar-yururlukte\\\/#primaryimage\"},\"thumbnailUrl\":\"https:\\\/\\\/memurunsesi.net\\\/wp-content\\\/uploads\\\/2026\\\/03\\\/memur-2.jpg\",\"datePublished\":\"2026-04-26T06:17:41+00:00\",\"description\":\"Do\u011fum izni 24 haftaya \u00e7\u0131kar\u0131ld\u0131. Yeni d\u00fczenlemeyle annelere ek haklar sa\u011flan\u0131rken babal\u0131k izni 10 g\u00fcne y\u00fckseltildi, koruyucu ailelere de izin hakk\u0131 getirildi.\",\"breadcrumb\":{\"@id\":\"https:\\\/\\\/memurunsesi.net\\\/index.php\\\/2026\\\/04\\\/26\\\/dogum-izni-24-haftaya-cikarildi-calisan-aileler-icin-yeni-haklar-yururlukte\\\/#breadcrumb\"},\"inLanguage\":\"tr\",\"potentialAction\":[{\"@type\":\"ReadAction\",\"target\":[\"https:\\\/\\\/memurunsesi.net\\\/index.php\\\/2026\\\/04\\\/26\\\/dogum-izni-24-haftaya-cikarildi-calisan-aileler-icin-yeni-haklar-yururlukte\\\/\"]}]},{\"@type\":\"ImageObject\",\"inLanguage\":\"tr\",\"@id\":\"https:\\\/\\\/memurunsesi.net\\\/index.php\\\/2026\\\/04\\\/26\\\/dogum-izni-24-haftaya-cikarildi-calisan-aileler-icin-yeni-haklar-yururlukte\\\/#primaryimage\",\"url\":\"https:\\\/\\\/memurunsesi.net\\\/wp-content\\\/uploads\\\/2026\\\/03\\\/memur-2.jpg\",\"contentUrl\":\"https:\\\/\\\/memurunsesi.net\\\/wp-content\\\/uploads\\\/2026\\\/03\\\/memur-2.jpg\",\"width\":300,\"height\":168},{\"@type\":\"BreadcrumbList\",\"@id\":\"https:\\\/\\\/memurunsesi.net\\\/index.php\\\/2026\\\/04\\\/26\\\/dogum-izni-24-haftaya-cikarildi-calisan-aileler-icin-yeni-haklar-yururlukte\\\/#breadcrumb\",\"itemListElement\":[{\"@type\":\"ListItem\",\"position\":1,\"name\":\"Anasayfa\",\"item\":\"https:\\\/\\\/memurunsesi.net\\\/\"},{\"@type\":\"ListItem\",\"position\":2,\"name\":\"Do\u011fum \u0130zni 24 Haftaya \u00c7\u0131kar\u0131ld\u0131: \u00c7al\u0131\u015fan Aileler \u0130\u00e7in Yeni Haklar Y\u00fcr\u00fcrl\u00fckte\"}]},{\"@type\":\"WebSite\",\"@id\":\"https:\\\/\\\/memurunsesi.net\\\/#website\",\"url\":\"https:\\\/\\\/memurunsesi.net\\\/\",\"name\":\"Memurun Sesi\",\"description\":\"G\u00fcncel ve Do\u011fru Haber\",\"publisher\":{\"@id\":\"https:\\\/\\\/memurunsesi.net\\\/#organization\"},\"potentialAction\":[{\"@type\":\"SearchAction\",\"target\":{\"@type\":\"EntryPoint\",\"urlTemplate\":\"https:\\\/\\\/memurunsesi.net\\\/?s={search_term_string}\"},\"query-input\":{\"@type\":\"PropertyValueSpecification\",\"valueRequired\":true,\"valueName\":\"search_term_string\"}}],\"inLanguage\":\"tr\"},{\"@type\":\"Organization\",\"@id\":\"https:\\\/\\\/memurunsesi.net\\\/#organization\",\"name\":\"Memurun Sesi\",\"url\":\"https:\\\/\\\/memurunsesi.net\\\/\",\"logo\":{\"@type\":\"ImageObject\",\"inLanguage\":\"tr\",\"@id\":\"https:\\\/\\\/memurunsesi.net\\\/#\\\/schema\\\/logo\\\/image\\\/\",\"url\":\"https:\\\/\\\/memurunsesi.net\\\/wp-content\\\/uploads\\\/2025\\\/11\\\/cropped-MEMURUN-SESI.png\",\"contentUrl\":\"https:\\\/\\\/memurunsesi.net\\\/wp-content\\\/uploads\\\/2025\\\/11\\\/cropped-MEMURUN-SESI.png\",\"width\":238,\"height\":57,\"caption\":\"Memurun Sesi\"},\"image\":{\"@id\":\"https:\\\/\\\/memurunsesi.net\\\/#\\\/schema\\\/logo\\\/image\\\/\"},\"sameAs\":[\"https:\\\/\\\/www.facebook.com\\\/unipersen\\\/?locale=tr_TR\",\"https:\\\/\\\/x.com\\\/unipersen\"]},{\"@type\":\"Person\",\"@id\":\"https:\\\/\\\/memurunsesi.net\\\/#\\\/schema\\\/person\\\/f21c2d73b89f6ee1d80b0a1803e38587\",\"name\":\"Memurun Sesi Haber Merkezi\",\"image\":{\"@type\":\"ImageObject\",\"inLanguage\":\"tr\",\"@id\":\"https:\\\/\\\/secure.gravatar.com\\\/avatar\\\/6cf0505f452ee753f485014986fab09a434671d2b919ee76fc541025c5876a70?s=96&d=mm&r=g\",\"url\":\"https:\\\/\\\/secure.gravatar.com\\\/avatar\\\/6cf0505f452ee753f485014986fab09a434671d2b919ee76fc541025c5876a70?s=96&d=mm&r=g\",\"contentUrl\":\"https:\\\/\\\/secure.gravatar.com\\\/avatar\\\/6cf0505f452ee753f485014986fab09a434671d2b919ee76fc541025c5876a70?s=96&d=mm&r=g\",\"caption\":\"Memurun Sesi Haber Merkezi\"},\"sameAs\":[\"https:\\\/\\\/memurunsesi.net\"],\"url\":\"https:\\\/\\\/memurunsesi.net\\\/index.php\\\/author\\\/uniper\\\/\"}]}<\/script>\n<!-- \/ Yoast SEO plugin. -->","yoast_head_json":{"title":"Do\u011fum \u0130zni 24 Haftaya \u00c7\u0131kar\u0131ld\u0131: \u00c7al\u0131\u015fan Aileler \u0130\u00e7in Yeni Haklar Y\u00fcr\u00fcrl\u00fckte - Memurun Sesi","description":"Do\u011fum izni 24 haftaya \u00e7\u0131kar\u0131ld\u0131. Yeni d\u00fczenlemeyle annelere ek haklar sa\u011flan\u0131rken babal\u0131k izni 10 g\u00fcne y\u00fckseltildi, koruyucu ailelere de izin hakk\u0131 getirildi.","robots":{"index":"index","follow":"follow","max-snippet":"max-snippet:-1","max-image-preview":"max-image-preview:large","max-video-preview":"max-video-preview:-1"},"canonical":"https:\/\/memurunsesi.net\/index.php\/2026\/04\/26\/dogum-izni-24-haftaya-cikarildi-calisan-aileler-icin-yeni-haklar-yururlukte\/","og_locale":"tr_TR","og_type":"article","og_title":"Do\u011fum \u0130zni 24 Haftaya \u00c7\u0131kar\u0131ld\u0131: \u00c7al\u0131\u015fan Aileler \u0130\u00e7in Yeni Haklar Y\u00fcr\u00fcrl\u00fckte - Memurun Sesi","og_description":"Do\u011fum izni 24 haftaya \u00e7\u0131kar\u0131ld\u0131. Yeni d\u00fczenlemeyle annelere ek haklar sa\u011flan\u0131rken babal\u0131k izni 10 g\u00fcne y\u00fckseltildi, koruyucu ailelere de izin hakk\u0131 getirildi.","og_url":"https:\/\/memurunsesi.net\/index.php\/2026\/04\/26\/dogum-izni-24-haftaya-cikarildi-calisan-aileler-icin-yeni-haklar-yururlukte\/","og_site_name":"Memurun Sesi","article_publisher":"https:\/\/www.facebook.com\/unipersen\/?locale=tr_TR","article_published_time":"2026-04-26T06:17:41+00:00","og_image":[{"width":300,"height":168,"url":"https:\/\/memurunsesi.net\/wp-content\/uploads\/2026\/03\/memur-2.jpg","type":"image\/jpeg"}],"author":"Memurun Sesi Haber Merkezi","twitter_card":"summary_large_image","twitter_creator":"@unipersen","twitter_site":"@unipersen","twitter_misc":{"Yazan:":"Memurun Sesi Haber Merkezi","Tahmini okuma s\u00fcresi":"2 dakika"},"schema":{"@context":"https:\/\/schema.org","@graph":[{"@type":"Article","@id":"https:\/\/memurunsesi.net\/index.php\/2026\/04\/26\/dogum-izni-24-haftaya-cikarildi-calisan-aileler-icin-yeni-haklar-yururlukte\/#article","isPartOf":{"@id":"https:\/\/memurunsesi.net\/index.php\/2026\/04\/26\/dogum-izni-24-haftaya-cikarildi-calisan-aileler-icin-yeni-haklar-yururlukte\/"},"author":{"name":"Memurun Sesi Haber Merkezi","@id":"https:\/\/memurunsesi.net\/#\/schema\/person\/f21c2d73b89f6ee1d80b0a1803e38587"},"headline":"Do\u011fum \u0130zni 24 Haftaya \u00c7\u0131kar\u0131ld\u0131: \u00c7al\u0131\u015fan Aileler \u0130\u00e7in Yeni Haklar Y\u00fcr\u00fcrl\u00fckte","datePublished":"2026-04-26T06:17:41+00:00","mainEntityOfPage":{"@id":"https:\/\/memurunsesi.net\/index.php\/2026\/04\/26\/dogum-izni-24-haftaya-cikarildi-calisan-aileler-icin-yeni-haklar-yururlukte\/"},"wordCount":394,"commentCount":0,"publisher":{"@id":"https:\/\/memurunsesi.net\/#organization"},"image":{"@id":"https:\/\/memurunsesi.net\/index.php\/2026\/04\/26\/dogum-izni-24-haftaya-cikarildi-calisan-aileler-icin-yeni-haklar-yururlukte\/#primaryimage"},"thumbnailUrl":"https:\/\/memurunsesi.net\/wp-content\/uploads\/2026\/03\/memur-2.jpg","keywords":["aile politikalar\u0131","anal\u0131k izni","babal\u0131k izni","\u00e7al\u0131\u015fma hayat\u0131","do\u011fum izni","kad\u0131n \u00e7al\u0131\u015fanlar","koruyucu aile","sosyal haklar","TBMM","yeni yasa"],"inLanguage":"tr","potentialAction":[{"@type":"CommentAction","name":"Comment","target":["https:\/\/memurunsesi.net\/index.php\/2026\/04\/26\/dogum-izni-24-haftaya-cikarildi-calisan-aileler-icin-yeni-haklar-yururlukte\/#respond"]}]},{"@type":"WebPage","@id":"https:\/\/memurunsesi.net\/index.php\/2026\/04\/26\/dogum-izni-24-haftaya-cikarildi-calisan-aileler-icin-yeni-haklar-yururlukte\/","url":"https:\/\/memurunsesi.net\/index.php\/2026\/04\/26\/dogum-izni-24-haftaya-cikarildi-calisan-aileler-icin-yeni-haklar-yururlukte\/","name":"Do\u011fum \u0130zni 24 Haftaya \u00c7\u0131kar\u0131ld\u0131: \u00c7al\u0131\u015fan Aileler \u0130\u00e7in Yeni Haklar Y\u00fcr\u00fcrl\u00fckte - Memurun Sesi","isPartOf":{"@id":"https:\/\/memurunsesi.net\/#website"},"primaryImageOfPage":{"@id":"https:\/\/memurunsesi.net\/index.php\/2026\/04\/26\/dogum-izni-24-haftaya-cikarildi-calisan-aileler-icin-yeni-haklar-yururlukte\/#primaryimage"},"image":{"@id":"https:\/\/memurunsesi.net\/index.php\/2026\/04\/26\/dogum-izni-24-haftaya-cikarildi-calisan-aileler-icin-yeni-haklar-yururlukte\/#primaryimage"},"thumbnailUrl":"https:\/\/memurunsesi.net\/wp-content\/uploads\/2026\/03\/memur-2.jpg","datePublished":"2026-04-26T06:17:41+00:00","description":"Do\u011fum izni 24 haftaya \u00e7\u0131kar\u0131ld\u0131. Yeni d\u00fczenlemeyle annelere ek haklar sa\u011flan\u0131rken babal\u0131k izni 10 g\u00fcne y\u00fckseltildi, koruyucu ailelere de izin hakk\u0131 getirildi.","breadcrumb":{"@id":"https:\/\/memurunsesi.net\/index.php\/2026\/04\/26\/dogum-izni-24-haftaya-cikarildi-calisan-aileler-icin-yeni-haklar-yururlukte\/#breadcrumb"},"inLanguage":"tr","potentialAction":[{"@type":"ReadAction","target":["https:\/\/memurunsesi.net\/index.php\/2026\/04\/26\/dogum-izni-24-haftaya-cikarildi-calisan-aileler-icin-yeni-haklar-yururlukte\/"]}]},{"@type":"ImageObject","inLanguage":"tr","@id":"https:\/\/memurunsesi.net\/index.php\/2026\/04\/26\/dogum-izni-24-haftaya-cikarildi-calisan-aileler-icin-yeni-haklar-yururlukte\/#primaryimage","url":"https:\/\/memurunsesi.net\/wp-content\/uploads\/2026\/03\/memur-2.jpg","contentUrl":"https:\/\/memurunsesi.net\/wp-content\/uploads\/2026\/03\/memur-2.jpg","width":300,"height":168},{"@type":"BreadcrumbList","@id":"https:\/\/memurunsesi.net\/index.php\/2026\/04\/26\/dogum-izni-24-haftaya-cikarildi-calisan-aileler-icin-yeni-haklar-yururlukte\/#breadcrumb","itemListElement":[{"@type":"ListItem","position":1,"name":"Anasayfa","item":"https:\/\/memurunsesi.net\/"},{"@type":"ListItem","position":2,"name":"Do\u011fum \u0130zni 24 Haftaya \u00c7\u0131kar\u0131ld\u0131: \u00c7al\u0131\u015fan Aileler \u0130\u00e7in Yeni Haklar Y\u00fcr\u00fcrl\u00fckte"}]},{"@type":"WebSite","@id":"https:\/\/memurunsesi.net\/#website","url":"https:\/\/memurunsesi.net\/","name":"Memurun Sesi","description":"G\u00fcncel ve Do\u011fru Haber","publisher":{"@id":"https:\/\/memurunsesi.net\/#organization"},"potentialAction":[{"@type":"SearchAction","target":{"@type":"EntryPoint","urlTemplate":"https:\/\/memurunsesi.net\/?s={search_term_string}"},"query-input":{"@type":"PropertyValueSpecification","valueRequired":true,"valueName":"search_term_string"}}],"inLanguage":"tr"},{"@type":"Organization","@id":"https:\/\/memurunsesi.net\/#organization","name":"Memurun Sesi","url":"https:\/\/memurunsesi.net\/","logo":{"@type":"ImageObject","inLanguage":"tr","@id":"https:\/\/memurunsesi.net\/#\/schema\/logo\/image\/","url":"https:\/\/memurunsesi.net\/wp-content\/uploads\/2025\/11\/cropped-MEMURUN-SESI.png","contentUrl":"https:\/\/memurunsesi.net\/wp-content\/uploads\/2025\/11\/cropped-MEMURUN-SESI.png","width":238,"height":57,"caption":"Memurun Sesi"},"image":{"@id":"https:\/\/memurunsesi.net\/#\/schema\/logo\/image\/"},"sameAs":["https:\/\/www.facebook.com\/unipersen\/?locale=tr_TR","https:\/\/x.com\/unipersen"]},{"@type":"Person","@id":"https:\/\/memurunsesi.net\/#\/schema\/person\/f21c2d73b89f6ee1d80b0a1803e38587","name":"Memurun Sesi Haber Merkezi","image":{"@type":"ImageObject","inLanguage":"tr","@id":"https:\/\/secure.gravatar.com\/avatar\/6cf0505f452ee753f485014986fab09a434671d2b919ee76fc541025c5876a70?s=96&d=mm&r=g","url":"https:\/\/secure.gravatar.com\/avatar\/6cf0505f452ee753f485014986fab09a434671d2b919ee76fc541025c5876a70?s=96&d=mm&r=g","contentUrl":"https:\/\/secure.gravatar.com\/avatar\/6cf0505f452ee753f485014986fab09a434671d2b919ee76fc541025c5876a70?s=96&d=mm&r=g","caption":"Memurun Sesi Haber Merkezi"},"sameAs":["https:\/\/memurunsesi.net"],"url":"https:\/\/memurunsesi.net\/index.php\/author\/uniper\/"}]}},"_links":{"self":[{"href":"https:\/\/memurunsesi.net\/index.php\/wp-json\/wp\/v2\/posts\/19653","targetHints":{"allow":["GET"]}}],"collection":[{"href":"https:\/\/memurunsesi.net\/index.php\/wp-json\/wp\/v2\/posts"}],"about":[{"href":"https:\/\/memurunsesi.net\/index.php\/wp-json\/wp\/v2\/types\/post"}],"author":[{"embeddable":true,"href":"https:\/\/memurunsesi.net\/index.php\/wp-json\/wp\/v2\/users\/1"}],"replies":[{"embeddable":true,"href":"https:\/\/memurunsesi.net\/index.php\/wp-json\/wp\/v2\/comments?post=19653"}],"version-history":[{"count":1,"href":"https:\/\/memurunsesi.net\/index.php\/wp-json\/wp\/v2\/posts\/19653\/revisions"}],"predecessor-version":[{"id":19654,"href":"https:\/\/memurunsesi.net\/index.php\/wp-json\/wp\/v2\/posts\/19653\/revisions\/19654"}],"wp:featuredmedia":[{"embeddable":true,"href":"https:\/\/memurunsesi.net\/index.php\/wp-json\/wp\/v2\/media\/18593"}],"wp:attachment":[{"href":"https:\/\/memurunsesi.net\/index.php\/wp-json\/wp\/v2\/media?parent=19653"}],"wp:term":[{"taxonomy":"category","embeddable":true,"href":"https:\/\/memurunsesi.net\/index.php\/wp-json\/wp\/v2\/categories?post=19653"},{"taxonomy":"post_tag","embeddable":true,"href":"https:\/\/memurunsesi.net\/index.php\/wp-json\/wp\/v2\/tags?post=19653"}],"curies":[{"name":"wp","href":"https:\/\/api.w.org\/{rel}","templated":true}]}}