{"id":19656,"date":"2026-04-27T13:26:44","date_gmt":"2026-04-27T10:26:44","guid":{"rendered":"https:\/\/memurunsesi.net\/?p=19656"},"modified":"2026-04-27T13:26:44","modified_gmt":"2026-04-27T10:26:44","slug":"kayseride-5-katli-binada-yangin-cikti-1i-bebek-5-kisi-kurtarildi","status":"publish","type":"post","link":"https:\/\/memurunsesi.net\/index.php\/2026\/04\/27\/kayseride-5-katli-binada-yangin-cikti-1i-bebek-5-kisi-kurtarildi\/","title":{"rendered":"Kayseri&#8217;de 5 katl\u0131 binada yang\u0131n \u00e7\u0131kt\u0131: 1&#8217;i bebek 5 ki\u015fi kurtar\u0131ld\u0131"},"content":{"rendered":"<p>Kayseri&#8217;nin Kocasinan il\u00e7esinde bir apartman\u0131n bodrum kat\u0131nda \u00e7\u0131kan yang\u0131n, itfaiye ekiplerince s\u00f6nd\u00fcr\u00fcld\u00fc. Yang\u0131n nedeniyle binay\u0131 saran dumanlardan etkilenen 1&#8217;i bebek 5 ki\u015fi, ekipler taraf\u0131ndan kurtar\u0131ld\u0131.<br \/>\nEdinilen bilgiye g\u00f6re, il\u00e7eye ba\u011fl\u0131 Sahabiye Mahallesi Ulak Sokak&#8217;ta 5 katl\u0131 binan\u0131n bodrum kat\u0131nda yang\u0131n \u00e7\u0131kt\u0131. Dumanlar k\u0131sa s\u00fcrede apartman\u0131n \u00fcst katlar\u0131n\u0131 sararken b\u00f6lgeye \u00e7ok say\u0131da polis, itfaiye ve sa\u011fl\u0131k ekipleri sevk edildi. Polis \u00e7evrede g\u00fcvenlik \u00f6nlemi al\u0131rken dumandan etkilenen vatanda\u015flar d\u0131\u015far\u0131 \u00e7\u0131kmakta zorluk \u00e7ekti. \u0130tfaiye ekiplerinin yard\u0131mlar\u0131yla apartman\u0131n balkonundan ve pencerelerinden 1&#8217;i bebek olmak \u00fczere 5 ki\u015fi kurtar\u0131ld\u0131. \u0130tfaiye ekiplerinin m\u00fcdahalesiyle yang\u0131n s\u00f6nd\u00fcr\u00fcl\u00fcrken, dumandan etkilenen 1 ki\u015fi tedavi i\u00e7in ambulansla hastaneye kald\u0131r\u0131ld\u0131.<br \/>\nYang\u0131nla ilgili soru\u015fturma ba\u015flat\u0131ld\u0131.<\/p>\n<p>27.04.2026<\/p>\n","protected":false},"excerpt":{"rendered":"<p>Kayseri&#8217;nin Kocasinan il\u00e7esinde bir apartman\u0131n bodrum kat\u0131nda \u00e7\u0131kan yang\u0131n, itfaiye ekiplerince s\u00f6nd\u00fcr\u00fcld\u00fc. Yang\u0131n nedeniyle binay\u0131 saran dumanlardan etkilenen 1&#8217;i bebek 5 ki\u015fi, ekipler taraf\u0131ndan kurtar\u0131ld\u0131. Edinilen bilgiye g\u00f6re, il\u00e7eye ba\u011fl\u0131 Sahabiye Mahallesi Ulak Sokak&#8217;ta 5 katl\u0131 binan\u0131n bodrum kat\u0131nda yang\u0131n \u00e7\u0131kt\u0131. Dumanlar k\u0131sa s\u00fcrede apartman\u0131n \u00fcst katlar\u0131n\u0131 sararken b\u00f6lgeye \u00e7ok say\u0131da polis, itfaiye ve sa\u011fl\u0131k [&hellip;]<\/p>\n","protected":false},"author":1,"featured_media":19657,"comment_status":"open","ping_status":"open","sticky":false,"template":"","format":"standard","meta":{"footnotes":""},"categories":[50],"tags":[3625,3053,3623,3624,3626,2974,108,3622],"class_list":["post-19656","post","type-post","status-publish","format-standard","has-post-thumbnail","hentry","category-tum-haberler","tag-1i-bebek-5-kisi","tag-apartmanda","tag-binayi-saran","tag-dumanlardan-etkilenen","tag-ekipler-tarafindan","tag-kurtarildi","tag-yangin","tag-yangin-nedeniyle"],"yoast_head":"<!-- This site is optimized with the Yoast SEO plugin v27.4 - https:\/\/yoast.com\/product\/yoast-seo-wordpress\/ -->\n<title>Kayseri&#039;de 5 katl\u0131 binada yang\u0131n \u00e7\u0131kt\u0131: 1&#039;i bebek 5 ki\u015fi kurtar\u0131ld\u0131 - Memurun Sesi<\/title>\n<meta name=\"description\" content=\"\u00a0Kayseri&#039;nin Kocasinan il\u00e7esinde bir apartman\u0131n bodrum kat\u0131nda \u00e7\u0131kan yang\u0131n, itfaiye ekiplerince s\u00f6nd\u00fcr\u00fcld\u00fc. Yang\u0131n nedeniyle binay\u0131 saran dumanlardan etkilenen 1&#039;i bebek 5 ki\u015fi, ekipler taraf\u0131ndan kurtar\u0131ld\u0131.\" \/>\n<meta name=\"robots\" content=\"index, follow, max-snippet:-1, max-image-preview:large, max-video-preview:-1\" \/>\n<link rel=\"canonical\" href=\"https:\/\/memurunsesi.net\/index.php\/2026\/04\/27\/kayseride-5-katli-binada-yangin-cikti-1i-bebek-5-kisi-kurtarildi\/\" \/>\n<meta property=\"og:locale\" content=\"tr_TR\" \/>\n<meta property=\"og:type\" content=\"article\" \/>\n<meta property=\"og:title\" content=\"Kayseri&#039;de 5 katl\u0131 binada yang\u0131n \u00e7\u0131kt\u0131: 1&#039;i bebek 5 ki\u015fi kurtar\u0131ld\u0131 - Memurun Sesi\" \/>\n<meta property=\"og:description\" content=\"\u00a0Kayseri&#039;nin Kocasinan il\u00e7esinde bir apartman\u0131n bodrum kat\u0131nda \u00e7\u0131kan yang\u0131n, itfaiye ekiplerince s\u00f6nd\u00fcr\u00fcld\u00fc. Yang\u0131n nedeniyle binay\u0131 saran dumanlardan etkilenen 1&#039;i bebek 5 ki\u015fi, ekipler taraf\u0131ndan kurtar\u0131ld\u0131.\" \/>\n<meta property=\"og:url\" content=\"https:\/\/memurunsesi.net\/index.php\/2026\/04\/27\/kayseride-5-katli-binada-yangin-cikti-1i-bebek-5-kisi-kurtarildi\/\" \/>\n<meta property=\"og:site_name\" content=\"Memurun Sesi\" \/>\n<meta property=\"article:publisher\" content=\"https:\/\/www.facebook.com\/unipersen\/?locale=tr_TR\" \/>\n<meta property=\"article:published_time\" content=\"2026-04-27T10:26:44+00:00\" \/>\n<meta property=\"og:image\" content=\"https:\/\/memurunsesi.net\/wp-content\/uploads\/2026\/04\/kayseri-5-scaled.jpg\" \/>\n\t<meta property=\"og:image:width\" content=\"2560\" \/>\n\t<meta property=\"og:image:height\" content=\"1440\" \/>\n\t<meta property=\"og:image:type\" content=\"image\/jpeg\" \/>\n<meta name=\"author\" content=\"Memurun Sesi Haber Merkezi\" \/>\n<meta name=\"twitter:card\" content=\"summary_large_image\" \/>\n<meta name=\"twitter:creator\" content=\"@unipersen\" \/>\n<meta name=\"twitter:site\" content=\"@unipersen\" \/>\n<meta name=\"twitter:label1\" content=\"Yazan:\" \/>\n\t<meta name=\"twitter:data1\" content=\"Memurun Sesi Haber Merkezi\" \/>\n\t<meta name=\"twitter:label2\" content=\"Tahmini okuma s\u00fcresi\" \/>\n\t<meta name=\"twitter:data2\" content=\"1 dakika\" \/>\n<script type=\"application\/ld+json\" class=\"yoast-schema-graph\">{\"@context\":\"https:\\\/\\\/schema.org\",\"@graph\":[{\"@type\":\"Article\",\"@id\":\"https:\\\/\\\/memurunsesi.net\\\/index.php\\\/2026\\\/04\\\/27\\\/kayseride-5-katli-binada-yangin-cikti-1i-bebek-5-kisi-kurtarildi\\\/#article\",\"isPartOf\":{\"@id\":\"https:\\\/\\\/memurunsesi.net\\\/index.php\\\/2026\\\/04\\\/27\\\/kayseride-5-katli-binada-yangin-cikti-1i-bebek-5-kisi-kurtarildi\\\/\"},\"author\":{\"name\":\"Memurun Sesi Haber Merkezi\",\"@id\":\"https:\\\/\\\/memurunsesi.net\\\/#\\\/schema\\\/person\\\/f21c2d73b89f6ee1d80b0a1803e38587\"},\"headline\":\"Kayseri&#8217;de 5 katl\u0131 binada yang\u0131n \u00e7\u0131kt\u0131: 1&#8217;i bebek 5 ki\u015fi kurtar\u0131ld\u0131\",\"datePublished\":\"2026-04-27T10:26:44+00:00\",\"mainEntityOfPage\":{\"@id\":\"https:\\\/\\\/memurunsesi.net\\\/index.php\\\/2026\\\/04\\\/27\\\/kayseride-5-katli-binada-yangin-cikti-1i-bebek-5-kisi-kurtarildi\\\/\"},\"wordCount\":161,\"commentCount\":0,\"publisher\":{\"@id\":\"https:\\\/\\\/memurunsesi.net\\\/#organization\"},\"image\":{\"@id\":\"https:\\\/\\\/memurunsesi.net\\\/index.php\\\/2026\\\/04\\\/27\\\/kayseride-5-katli-binada-yangin-cikti-1i-bebek-5-kisi-kurtarildi\\\/#primaryimage\"},\"thumbnailUrl\":\"https:\\\/\\\/memurunsesi.net\\\/wp-content\\\/uploads\\\/2026\\\/04\\\/kayseri-5-scaled.jpg\",\"keywords\":[\"1'i bebek 5 ki\u015fi\",\"apartmanda\",\"binay\u0131 saran\",\"dumanlardan etkilenen\",\"ekipler taraf\u0131ndan\",\"kurtar\u0131ld\u0131.\",\"yang\u0131n\",\"Yang\u0131n nedeniyle\"],\"articleSection\":[\"T\u00fcm Haberler\"],\"inLanguage\":\"tr\",\"potentialAction\":[{\"@type\":\"CommentAction\",\"name\":\"Comment\",\"target\":[\"https:\\\/\\\/memurunsesi.net\\\/index.php\\\/2026\\\/04\\\/27\\\/kayseride-5-katli-binada-yangin-cikti-1i-bebek-5-kisi-kurtarildi\\\/#respond\"]}]},{\"@type\":\"WebPage\",\"@id\":\"https:\\\/\\\/memurunsesi.net\\\/index.php\\\/2026\\\/04\\\/27\\\/kayseride-5-katli-binada-yangin-cikti-1i-bebek-5-kisi-kurtarildi\\\/\",\"url\":\"https:\\\/\\\/memurunsesi.net\\\/index.php\\\/2026\\\/04\\\/27\\\/kayseride-5-katli-binada-yangin-cikti-1i-bebek-5-kisi-kurtarildi\\\/\",\"name\":\"Kayseri'de 5 katl\u0131 binada yang\u0131n \u00e7\u0131kt\u0131: 1'i bebek 5 ki\u015fi kurtar\u0131ld\u0131 - Memurun Sesi\",\"isPartOf\":{\"@id\":\"https:\\\/\\\/memurunsesi.net\\\/#website\"},\"primaryImageOfPage\":{\"@id\":\"https:\\\/\\\/memurunsesi.net\\\/index.php\\\/2026\\\/04\\\/27\\\/kayseride-5-katli-binada-yangin-cikti-1i-bebek-5-kisi-kurtarildi\\\/#primaryimage\"},\"image\":{\"@id\":\"https:\\\/\\\/memurunsesi.net\\\/index.php\\\/2026\\\/04\\\/27\\\/kayseride-5-katli-binada-yangin-cikti-1i-bebek-5-kisi-kurtarildi\\\/#primaryimage\"},\"thumbnailUrl\":\"https:\\\/\\\/memurunsesi.net\\\/wp-content\\\/uploads\\\/2026\\\/04\\\/kayseri-5-scaled.jpg\",\"datePublished\":\"2026-04-27T10:26:44+00:00\",\"description\":\"\u00a0Kayseri'nin Kocasinan il\u00e7esinde bir apartman\u0131n bodrum kat\u0131nda \u00e7\u0131kan yang\u0131n, itfaiye ekiplerince s\u00f6nd\u00fcr\u00fcld\u00fc. Yang\u0131n nedeniyle binay\u0131 saran dumanlardan etkilenen 1'i bebek 5 ki\u015fi, ekipler taraf\u0131ndan kurtar\u0131ld\u0131.\",\"breadcrumb\":{\"@id\":\"https:\\\/\\\/memurunsesi.net\\\/index.php\\\/2026\\\/04\\\/27\\\/kayseride-5-katli-binada-yangin-cikti-1i-bebek-5-kisi-kurtarildi\\\/#breadcrumb\"},\"inLanguage\":\"tr\",\"potentialAction\":[{\"@type\":\"ReadAction\",\"target\":[\"https:\\\/\\\/memurunsesi.net\\\/index.php\\\/2026\\\/04\\\/27\\\/kayseride-5-katli-binada-yangin-cikti-1i-bebek-5-kisi-kurtarildi\\\/\"]}]},{\"@type\":\"ImageObject\",\"inLanguage\":\"tr\",\"@id\":\"https:\\\/\\\/memurunsesi.net\\\/index.php\\\/2026\\\/04\\\/27\\\/kayseride-5-katli-binada-yangin-cikti-1i-bebek-5-kisi-kurtarildi\\\/#primaryimage\",\"url\":\"https:\\\/\\\/memurunsesi.net\\\/wp-content\\\/uploads\\\/2026\\\/04\\\/kayseri-5-scaled.jpg\",\"contentUrl\":\"https:\\\/\\\/memurunsesi.net\\\/wp-content\\\/uploads\\\/2026\\\/04\\\/kayseri-5-scaled.jpg\",\"width\":2560,\"height\":1440,\"caption\":\"YANGIN NEDEN\u0130YLE B\u0130NAYI SARAN DUMANLARDAN ETK\u0130LENEN 1'\u0130 BEBEK 5 K\u0130\u015e\u0130; EK\u0130PLERCE KURTARILDI. (SAMET AKSOY\\\/KAYSER\u0130-\u0130HA) Kayseri'nin Kocasinan il\u00e7esinde bir apartman\u0131n bodrum kat\u0131nda \u00e7\u0131kan yang\u0131n, itfaiye ekiplerince s\u00f6nd\u00fcr\u00fcld\u00fc. Yang\u0131n nedeniyle binay\u0131 saran dumanlardan etkilenen 1'i bebek 5 ki\u015fi, ekipler taraf\u0131ndan kurtar\u0131ld\u0131.\"},{\"@type\":\"BreadcrumbList\",\"@id\":\"https:\\\/\\\/memurunsesi.net\\\/index.php\\\/2026\\\/04\\\/27\\\/kayseride-5-katli-binada-yangin-cikti-1i-bebek-5-kisi-kurtarildi\\\/#breadcrumb\",\"itemListElement\":[{\"@type\":\"ListItem\",\"position\":1,\"name\":\"Anasayfa\",\"item\":\"https:\\\/\\\/memurunsesi.net\\\/\"},{\"@type\":\"ListItem\",\"position\":2,\"name\":\"Kayseri&#8217;de 5 katl\u0131 binada yang\u0131n \u00e7\u0131kt\u0131: 1&#8217;i bebek 5 ki\u015fi kurtar\u0131ld\u0131\"}]},{\"@type\":\"WebSite\",\"@id\":\"https:\\\/\\\/memurunsesi.net\\\/#website\",\"url\":\"https:\\\/\\\/memurunsesi.net\\\/\",\"name\":\"Memurun Sesi\",\"description\":\"G\u00fcncel ve Do\u011fru Haber\",\"publisher\":{\"@id\":\"https:\\\/\\\/memurunsesi.net\\\/#organization\"},\"potentialAction\":[{\"@type\":\"SearchAction\",\"target\":{\"@type\":\"EntryPoint\",\"urlTemplate\":\"https:\\\/\\\/memurunsesi.net\\\/?s={search_term_string}\"},\"query-input\":{\"@type\":\"PropertyValueSpecification\",\"valueRequired\":true,\"valueName\":\"search_term_string\"}}],\"inLanguage\":\"tr\"},{\"@type\":\"Organization\",\"@id\":\"https:\\\/\\\/memurunsesi.net\\\/#organization\",\"name\":\"Memurun Sesi\",\"url\":\"https:\\\/\\\/memurunsesi.net\\\/\",\"logo\":{\"@type\":\"ImageObject\",\"inLanguage\":\"tr\",\"@id\":\"https:\\\/\\\/memurunsesi.net\\\/#\\\/schema\\\/logo\\\/image\\\/\",\"url\":\"https:\\\/\\\/memurunsesi.net\\\/wp-content\\\/uploads\\\/2025\\\/11\\\/cropped-MEMURUN-SESI.png\",\"contentUrl\":\"https:\\\/\\\/memurunsesi.net\\\/wp-content\\\/uploads\\\/2025\\\/11\\\/cropped-MEMURUN-SESI.png\",\"width\":238,\"height\":57,\"caption\":\"Memurun Sesi\"},\"image\":{\"@id\":\"https:\\\/\\\/memurunsesi.net\\\/#\\\/schema\\\/logo\\\/image\\\/\"},\"sameAs\":[\"https:\\\/\\\/www.facebook.com\\\/unipersen\\\/?locale=tr_TR\",\"https:\\\/\\\/x.com\\\/unipersen\"]},{\"@type\":\"Person\",\"@id\":\"https:\\\/\\\/memurunsesi.net\\\/#\\\/schema\\\/person\\\/f21c2d73b89f6ee1d80b0a1803e38587\",\"name\":\"Memurun Sesi Haber Merkezi\",\"image\":{\"@type\":\"ImageObject\",\"inLanguage\":\"tr\",\"@id\":\"https:\\\/\\\/secure.gravatar.com\\\/avatar\\\/6cf0505f452ee753f485014986fab09a434671d2b919ee76fc541025c5876a70?s=96&d=mm&r=g\",\"url\":\"https:\\\/\\\/secure.gravatar.com\\\/avatar\\\/6cf0505f452ee753f485014986fab09a434671d2b919ee76fc541025c5876a70?s=96&d=mm&r=g\",\"contentUrl\":\"https:\\\/\\\/secure.gravatar.com\\\/avatar\\\/6cf0505f452ee753f485014986fab09a434671d2b919ee76fc541025c5876a70?s=96&d=mm&r=g\",\"caption\":\"Memurun Sesi Haber Merkezi\"},\"sameAs\":[\"https:\\\/\\\/memurunsesi.net\"],\"url\":\"https:\\\/\\\/memurunsesi.net\\\/index.php\\\/author\\\/uniper\\\/\"}]}<\/script>\n<!-- \/ Yoast SEO plugin. -->","yoast_head_json":{"title":"Kayseri'de 5 katl\u0131 binada yang\u0131n \u00e7\u0131kt\u0131: 1'i bebek 5 ki\u015fi kurtar\u0131ld\u0131 - Memurun Sesi","description":"\u00a0Kayseri'nin Kocasinan il\u00e7esinde bir apartman\u0131n bodrum kat\u0131nda \u00e7\u0131kan yang\u0131n, itfaiye ekiplerince s\u00f6nd\u00fcr\u00fcld\u00fc. Yang\u0131n nedeniyle binay\u0131 saran dumanlardan etkilenen 1'i bebek 5 ki\u015fi, ekipler taraf\u0131ndan kurtar\u0131ld\u0131.","robots":{"index":"index","follow":"follow","max-snippet":"max-snippet:-1","max-image-preview":"max-image-preview:large","max-video-preview":"max-video-preview:-1"},"canonical":"https:\/\/memurunsesi.net\/index.php\/2026\/04\/27\/kayseride-5-katli-binada-yangin-cikti-1i-bebek-5-kisi-kurtarildi\/","og_locale":"tr_TR","og_type":"article","og_title":"Kayseri'de 5 katl\u0131 binada yang\u0131n \u00e7\u0131kt\u0131: 1'i bebek 5 ki\u015fi kurtar\u0131ld\u0131 - Memurun Sesi","og_description":"\u00a0Kayseri'nin Kocasinan il\u00e7esinde bir apartman\u0131n bodrum kat\u0131nda \u00e7\u0131kan yang\u0131n, itfaiye ekiplerince s\u00f6nd\u00fcr\u00fcld\u00fc. Yang\u0131n nedeniyle binay\u0131 saran dumanlardan etkilenen 1'i bebek 5 ki\u015fi, ekipler taraf\u0131ndan kurtar\u0131ld\u0131.","og_url":"https:\/\/memurunsesi.net\/index.php\/2026\/04\/27\/kayseride-5-katli-binada-yangin-cikti-1i-bebek-5-kisi-kurtarildi\/","og_site_name":"Memurun Sesi","article_publisher":"https:\/\/www.facebook.com\/unipersen\/?locale=tr_TR","article_published_time":"2026-04-27T10:26:44+00:00","og_image":[{"width":2560,"height":1440,"url":"https:\/\/memurunsesi.net\/wp-content\/uploads\/2026\/04\/kayseri-5-scaled.jpg","type":"image\/jpeg"}],"author":"Memurun Sesi Haber Merkezi","twitter_card":"summary_large_image","twitter_creator":"@unipersen","twitter_site":"@unipersen","twitter_misc":{"Yazan:":"Memurun Sesi Haber Merkezi","Tahmini okuma s\u00fcresi":"1 dakika"},"schema":{"@context":"https:\/\/schema.org","@graph":[{"@type":"Article","@id":"https:\/\/memurunsesi.net\/index.php\/2026\/04\/27\/kayseride-5-katli-binada-yangin-cikti-1i-bebek-5-kisi-kurtarildi\/#article","isPartOf":{"@id":"https:\/\/memurunsesi.net\/index.php\/2026\/04\/27\/kayseride-5-katli-binada-yangin-cikti-1i-bebek-5-kisi-kurtarildi\/"},"author":{"name":"Memurun Sesi Haber Merkezi","@id":"https:\/\/memurunsesi.net\/#\/schema\/person\/f21c2d73b89f6ee1d80b0a1803e38587"},"headline":"Kayseri&#8217;de 5 katl\u0131 binada yang\u0131n \u00e7\u0131kt\u0131: 1&#8217;i bebek 5 ki\u015fi kurtar\u0131ld\u0131","datePublished":"2026-04-27T10:26:44+00:00","mainEntityOfPage":{"@id":"https:\/\/memurunsesi.net\/index.php\/2026\/04\/27\/kayseride-5-katli-binada-yangin-cikti-1i-bebek-5-kisi-kurtarildi\/"},"wordCount":161,"commentCount":0,"publisher":{"@id":"https:\/\/memurunsesi.net\/#organization"},"image":{"@id":"https:\/\/memurunsesi.net\/index.php\/2026\/04\/27\/kayseride-5-katli-binada-yangin-cikti-1i-bebek-5-kisi-kurtarildi\/#primaryimage"},"thumbnailUrl":"https:\/\/memurunsesi.net\/wp-content\/uploads\/2026\/04\/kayseri-5-scaled.jpg","keywords":["1'i bebek 5 ki\u015fi","apartmanda","binay\u0131 saran","dumanlardan etkilenen","ekipler taraf\u0131ndan","kurtar\u0131ld\u0131.","yang\u0131n","Yang\u0131n nedeniyle"],"articleSection":["T\u00fcm Haberler"],"inLanguage":"tr","potentialAction":[{"@type":"CommentAction","name":"Comment","target":["https:\/\/memurunsesi.net\/index.php\/2026\/04\/27\/kayseride-5-katli-binada-yangin-cikti-1i-bebek-5-kisi-kurtarildi\/#respond"]}]},{"@type":"WebPage","@id":"https:\/\/memurunsesi.net\/index.php\/2026\/04\/27\/kayseride-5-katli-binada-yangin-cikti-1i-bebek-5-kisi-kurtarildi\/","url":"https:\/\/memurunsesi.net\/index.php\/2026\/04\/27\/kayseride-5-katli-binada-yangin-cikti-1i-bebek-5-kisi-kurtarildi\/","name":"Kayseri'de 5 katl\u0131 binada yang\u0131n \u00e7\u0131kt\u0131: 1'i bebek 5 ki\u015fi kurtar\u0131ld\u0131 - Memurun Sesi","isPartOf":{"@id":"https:\/\/memurunsesi.net\/#website"},"primaryImageOfPage":{"@id":"https:\/\/memurunsesi.net\/index.php\/2026\/04\/27\/kayseride-5-katli-binada-yangin-cikti-1i-bebek-5-kisi-kurtarildi\/#primaryimage"},"image":{"@id":"https:\/\/memurunsesi.net\/index.php\/2026\/04\/27\/kayseride-5-katli-binada-yangin-cikti-1i-bebek-5-kisi-kurtarildi\/#primaryimage"},"thumbnailUrl":"https:\/\/memurunsesi.net\/wp-content\/uploads\/2026\/04\/kayseri-5-scaled.jpg","datePublished":"2026-04-27T10:26:44+00:00","description":"\u00a0Kayseri'nin Kocasinan il\u00e7esinde bir apartman\u0131n bodrum kat\u0131nda \u00e7\u0131kan yang\u0131n, itfaiye ekiplerince s\u00f6nd\u00fcr\u00fcld\u00fc. Yang\u0131n nedeniyle binay\u0131 saran dumanlardan etkilenen 1'i bebek 5 ki\u015fi, ekipler taraf\u0131ndan kurtar\u0131ld\u0131.","breadcrumb":{"@id":"https:\/\/memurunsesi.net\/index.php\/2026\/04\/27\/kayseride-5-katli-binada-yangin-cikti-1i-bebek-5-kisi-kurtarildi\/#breadcrumb"},"inLanguage":"tr","potentialAction":[{"@type":"ReadAction","target":["https:\/\/memurunsesi.net\/index.php\/2026\/04\/27\/kayseride-5-katli-binada-yangin-cikti-1i-bebek-5-kisi-kurtarildi\/"]}]},{"@type":"ImageObject","inLanguage":"tr","@id":"https:\/\/memurunsesi.net\/index.php\/2026\/04\/27\/kayseride-5-katli-binada-yangin-cikti-1i-bebek-5-kisi-kurtarildi\/#primaryimage","url":"https:\/\/memurunsesi.net\/wp-content\/uploads\/2026\/04\/kayseri-5-scaled.jpg","contentUrl":"https:\/\/memurunsesi.net\/wp-content\/uploads\/2026\/04\/kayseri-5-scaled.jpg","width":2560,"height":1440,"caption":"YANGIN NEDEN\u0130YLE B\u0130NAYI SARAN DUMANLARDAN ETK\u0130LENEN 1'\u0130 BEBEK 5 K\u0130\u015e\u0130; EK\u0130PLERCE KURTARILDI. (SAMET AKSOY\/KAYSER\u0130-\u0130HA) Kayseri'nin Kocasinan il\u00e7esinde bir apartman\u0131n bodrum kat\u0131nda \u00e7\u0131kan yang\u0131n, itfaiye ekiplerince s\u00f6nd\u00fcr\u00fcld\u00fc. Yang\u0131n nedeniyle binay\u0131 saran dumanlardan etkilenen 1'i bebek 5 ki\u015fi, ekipler taraf\u0131ndan kurtar\u0131ld\u0131."},{"@type":"BreadcrumbList","@id":"https:\/\/memurunsesi.net\/index.php\/2026\/04\/27\/kayseride-5-katli-binada-yangin-cikti-1i-bebek-5-kisi-kurtarildi\/#breadcrumb","itemListElement":[{"@type":"ListItem","position":1,"name":"Anasayfa","item":"https:\/\/memurunsesi.net\/"},{"@type":"ListItem","position":2,"name":"Kayseri&#8217;de 5 katl\u0131 binada yang\u0131n \u00e7\u0131kt\u0131: 1&#8217;i bebek 5 ki\u015fi kurtar\u0131ld\u0131"}]},{"@type":"WebSite","@id":"https:\/\/memurunsesi.net\/#website","url":"https:\/\/memurunsesi.net\/","name":"Memurun Sesi","description":"G\u00fcncel ve Do\u011fru Haber","publisher":{"@id":"https:\/\/memurunsesi.net\/#organization"},"potentialAction":[{"@type":"SearchAction","target":{"@type":"EntryPoint","urlTemplate":"https:\/\/memurunsesi.net\/?s={search_term_string}"},"query-input":{"@type":"PropertyValueSpecification","valueRequired":true,"valueName":"search_term_string"}}],"inLanguage":"tr"},{"@type":"Organization","@id":"https:\/\/memurunsesi.net\/#organization","name":"Memurun Sesi","url":"https:\/\/memurunsesi.net\/","logo":{"@type":"ImageObject","inLanguage":"tr","@id":"https:\/\/memurunsesi.net\/#\/schema\/logo\/image\/","url":"https:\/\/memurunsesi.net\/wp-content\/uploads\/2025\/11\/cropped-MEMURUN-SESI.png","contentUrl":"https:\/\/memurunsesi.net\/wp-content\/uploads\/2025\/11\/cropped-MEMURUN-SESI.png","width":238,"height":57,"caption":"Memurun Sesi"},"image":{"@id":"https:\/\/memurunsesi.net\/#\/schema\/logo\/image\/"},"sameAs":["https:\/\/www.facebook.com\/unipersen\/?locale=tr_TR","https:\/\/x.com\/unipersen"]},{"@type":"Person","@id":"https:\/\/memurunsesi.net\/#\/schema\/person\/f21c2d73b89f6ee1d80b0a1803e38587","name":"Memurun Sesi Haber Merkezi","image":{"@type":"ImageObject","inLanguage":"tr","@id":"https:\/\/secure.gravatar.com\/avatar\/6cf0505f452ee753f485014986fab09a434671d2b919ee76fc541025c5876a70?s=96&d=mm&r=g","url":"https:\/\/secure.gravatar.com\/avatar\/6cf0505f452ee753f485014986fab09a434671d2b919ee76fc541025c5876a70?s=96&d=mm&r=g","contentUrl":"https:\/\/secure.gravatar.com\/avatar\/6cf0505f452ee753f485014986fab09a434671d2b919ee76fc541025c5876a70?s=96&d=mm&r=g","caption":"Memurun Sesi Haber Merkezi"},"sameAs":["https:\/\/memurunsesi.net"],"url":"https:\/\/memurunsesi.net\/index.php\/author\/uniper\/"}]}},"_links":{"self":[{"href":"https:\/\/memurunsesi.net\/index.php\/wp-json\/wp\/v2\/posts\/19656","targetHints":{"allow":["GET"]}}],"collection":[{"href":"https:\/\/memurunsesi.net\/index.php\/wp-json\/wp\/v2\/posts"}],"about":[{"href":"https:\/\/memurunsesi.net\/index.php\/wp-json\/wp\/v2\/types\/post"}],"author":[{"embeddable":true,"href":"https:\/\/memurunsesi.net\/index.php\/wp-json\/wp\/v2\/users\/1"}],"replies":[{"embeddable":true,"href":"https:\/\/memurunsesi.net\/index.php\/wp-json\/wp\/v2\/comments?post=19656"}],"version-history":[{"count":1,"href":"https:\/\/memurunsesi.net\/index.php\/wp-json\/wp\/v2\/posts\/19656\/revisions"}],"predecessor-version":[{"id":19658,"href":"https:\/\/memurunsesi.net\/index.php\/wp-json\/wp\/v2\/posts\/19656\/revisions\/19658"}],"wp:featuredmedia":[{"embeddable":true,"href":"https:\/\/memurunsesi.net\/index.php\/wp-json\/wp\/v2\/media\/19657"}],"wp:attachment":[{"href":"https:\/\/memurunsesi.net\/index.php\/wp-json\/wp\/v2\/media?parent=19656"}],"wp:term":[{"taxonomy":"category","embeddable":true,"href":"https:\/\/memurunsesi.net\/index.php\/wp-json\/wp\/v2\/categories?post=19656"},{"taxonomy":"post_tag","embeddable":true,"href":"https:\/\/memurunsesi.net\/index.php\/wp-json\/wp\/v2\/tags?post=19656"}],"curies":[{"name":"wp","href":"https:\/\/api.w.org\/{rel}","templated":true}]}}