{"id":19659,"date":"2026-04-27T13:29:09","date_gmt":"2026-04-27T10:29:09","guid":{"rendered":"https:\/\/memurunsesi.net\/?p=19659"},"modified":"2026-04-27T13:29:09","modified_gmt":"2026-04-27T10:29:09","slug":"sirnakta-kacakciliga-jandarma-darbesi-146-supheliye-islem","status":"publish","type":"post","link":"https:\/\/memurunsesi.net\/index.php\/2026\/04\/27\/sirnakta-kacakciliga-jandarma-darbesi-146-supheliye-islem\/","title":{"rendered":"\u015e\u0131rnak&#8217;ta ka\u00e7ak\u00e7\u0131l\u0131\u011fa jandarma darbesi: 146 \u015f\u00fcpheliye i\u015flem"},"content":{"rendered":"<p>\u015e\u0131rnak&#8217;ta jandarman\u0131n bir haftal\u0131k operasyonlar\u0131nda 11 milyon liral\u0131k ka\u00e7ak \u00fcr\u00fcn ele ge\u00e7irildi, 146 \u015f\u00fcpheli hakk\u0131nda i\u015flem yap\u0131ld\u0131. 1 \u015f\u00fcpheli \u00e7\u0131kar\u0131ld\u0131\u011f\u0131 mahkeme taraf\u0131ndan tutukland\u0131.<br \/>\n\u015e\u0131rnak&#8217;ta ka\u00e7ak\u00e7\u0131l\u0131k ve narkotik su\u00e7lara y\u00f6nelik y\u00fcr\u00fct\u00fclen operasyonlarda \u00f6nemli sonu\u00e7lar elde edildi. \u015e\u0131rnak \u0130l Jandarma Komutanl\u0131\u011f\u0131 KOM \u015eube M\u00fcd\u00fcrl\u00fc\u011f\u00fc ekipleri taraf\u0131ndan 20-26 Nisan 2026 tarihleri aras\u0131nda il genelinde ger\u00e7ekle\u015ftirilen \u00e7al\u0131\u015fmalarda \u00e7ok say\u0131da ka\u00e7ak \u00fcr\u00fcn ele ge\u00e7irilirken, 146 \u015f\u00fcpheli hakk\u0131nda adli i\u015flem ba\u015flat\u0131ld\u0131. Jandarma ekiplerinin saha \u00e7al\u0131\u015fmalar\u0131 kapsam\u0131nda kent genelinde 97 ka\u00e7ak\u00e7\u0131l\u0131k ve 46 narkotik su\u00e7 olay\u0131 olmak \u00fczere toplam 143 ayr\u0131 olaya m\u00fcdahale edildi. \u015e\u00fcphelilere ait ev, eklenti ve ara\u00e7larda yap\u0131lan detayl\u0131 aramalarda \u00e7ok say\u0131da yasa d\u0131\u015f\u0131 \u00fcr\u00fcn bulundu.<br \/>\nGer\u00e7ekle\u015ftirilen aramalarda 4 adet sentetik ecza, 79 cep telefonu, 24 bin 251 adet bandrols\u00fcz sigara ile bin 79 elektronik sigara ve likiti, 13 kilogram nargile t\u00fct\u00fcn\u00fc, 594 adet muhtelif h\u0131rdavat malzemesi, 892 tekstil \u00fcr\u00fcn\u00fc, 603 kozmetik ve s\u00fcs e\u015fyas\u0131 ile 461 adet \u00e7e\u015fitli g\u00fcmr\u00fck ka\u00e7a\u011f\u0131 malzeme ele ge\u00e7irildi. Operasyonlarda ele ge\u00e7irilen ka\u00e7ak \u00fcr\u00fcnlerin toplam piyasa de\u011feri yakla\u015f\u0131k 11 milyon 48 bin 450 lira olarak hesapland\u0131.<br \/>\nOperasyonlar kapsam\u0131nda toplam 146 \u015f\u00fcpheli hakk\u0131nda adli i\u015flem ba\u015flat\u0131ld\u0131. G\u00f6zalt\u0131na al\u0131nan \u015f\u00fcphelilerden 1&#8217;inin \u00e7\u0131kar\u0131ld\u0131\u011f\u0131 mahkemece tutukland\u0131\u011f\u0131 bildirildi. Di\u011fer \u015f\u00fcphelilerle ilgili adli s\u00fcrecin devam etti\u011fi \u00f6\u011frenildi.<\/p>\n<p>27.04.2026<\/p>\n","protected":false},"excerpt":{"rendered":"<p>\u015e\u0131rnak&#8217;ta jandarman\u0131n bir haftal\u0131k operasyonlar\u0131nda 11 milyon liral\u0131k ka\u00e7ak \u00fcr\u00fcn ele ge\u00e7irildi, 146 \u015f\u00fcpheli hakk\u0131nda i\u015flem yap\u0131ld\u0131. 1 \u015f\u00fcpheli \u00e7\u0131kar\u0131ld\u0131\u011f\u0131 mahkeme taraf\u0131ndan tutukland\u0131. \u015e\u0131rnak&#8217;ta ka\u00e7ak\u00e7\u0131l\u0131k ve narkotik su\u00e7lara y\u00f6nelik y\u00fcr\u00fct\u00fclen operasyonlarda \u00f6nemli sonu\u00e7lar elde edildi. \u015e\u0131rnak \u0130l Jandarma Komutanl\u0131\u011f\u0131 KOM \u015eube M\u00fcd\u00fcrl\u00fc\u011f\u00fc ekipleri taraf\u0131ndan 20-26 Nisan 2026 tarihleri aras\u0131nda il genelinde ger\u00e7ekle\u015ftirilen \u00e7al\u0131\u015fmalarda \u00e7ok say\u0131da [&hellip;]<\/p>\n","protected":false},"author":1,"featured_media":19660,"comment_status":"open","ping_status":"open","sticky":false,"template":"","format":"standard","meta":{"footnotes":""},"categories":[45],"tags":[3634,3630,3632,3628,3635,1166,3633,3631,3629,3627,1106],"class_list":["post-19659","post","type-post","status-publish","format-standard","has-post-thumbnail","hentry","category-gundem","tag-1-supheli","tag-11-milyon-liralik","tag-146-supheli","tag-bir-haftalik","tag-cikarildigi-mahkeme-tarafindan","tag-ele-gecirildi","tag-hakkinda-islem-yapildi","tag-kacak-urun","tag-operasyonlarinda","tag-sirnakta-jandarmanin","tag-tutuklandi"],"yoast_head":"<!-- This site is optimized with the Yoast SEO plugin v27.4 - https:\/\/yoast.com\/product\/yoast-seo-wordpress\/ -->\n<title>\u015e\u0131rnak&#039;ta ka\u00e7ak\u00e7\u0131l\u0131\u011fa jandarma darbesi: 146 \u015f\u00fcpheliye i\u015flem - Memurun Sesi<\/title>\n<meta name=\"description\" content=\"\u00a0 \u015e\u0131rnak&#039;ta jandarman\u0131n bir haftal\u0131k operasyonlar\u0131nda 11 milyon liral\u0131k ka\u00e7ak \u00fcr\u00fcn ele ge\u00e7irildi, 146 \u015f\u00fcpheli hakk\u0131nda i\u015flem yap\u0131ld\u0131. 1 \u015f\u00fcpheli \u00e7\u0131kar\u0131ld\u0131\u011f\u0131 mahkeme taraf\u0131ndan tutukland\u0131.\" \/>\n<meta name=\"robots\" content=\"index, follow, max-snippet:-1, max-image-preview:large, max-video-preview:-1\" \/>\n<link rel=\"canonical\" href=\"https:\/\/memurunsesi.net\/index.php\/2026\/04\/27\/sirnakta-kacakciliga-jandarma-darbesi-146-supheliye-islem\/\" \/>\n<meta property=\"og:locale\" content=\"tr_TR\" \/>\n<meta property=\"og:type\" content=\"article\" \/>\n<meta property=\"og:title\" content=\"\u015e\u0131rnak&#039;ta ka\u00e7ak\u00e7\u0131l\u0131\u011fa jandarma darbesi: 146 \u015f\u00fcpheliye i\u015flem - Memurun Sesi\" \/>\n<meta property=\"og:description\" content=\"\u00a0 \u015e\u0131rnak&#039;ta jandarman\u0131n bir haftal\u0131k operasyonlar\u0131nda 11 milyon liral\u0131k ka\u00e7ak \u00fcr\u00fcn ele ge\u00e7irildi, 146 \u015f\u00fcpheli hakk\u0131nda i\u015flem yap\u0131ld\u0131. 1 \u015f\u00fcpheli \u00e7\u0131kar\u0131ld\u0131\u011f\u0131 mahkeme taraf\u0131ndan tutukland\u0131.\" \/>\n<meta property=\"og:url\" content=\"https:\/\/memurunsesi.net\/index.php\/2026\/04\/27\/sirnakta-kacakciliga-jandarma-darbesi-146-supheliye-islem\/\" \/>\n<meta property=\"og:site_name\" content=\"Memurun Sesi\" \/>\n<meta property=\"article:publisher\" content=\"https:\/\/www.facebook.com\/unipersen\/?locale=tr_TR\" \/>\n<meta property=\"article:published_time\" content=\"2026-04-27T10:29:09+00:00\" \/>\n<meta property=\"og:image\" content=\"https:\/\/memurunsesi.net\/wp-content\/uploads\/2026\/04\/sirnak.jpg\" \/>\n\t<meta property=\"og:image:width\" content=\"1600\" \/>\n\t<meta property=\"og:image:height\" content=\"1200\" \/>\n\t<meta property=\"og:image:type\" content=\"image\/jpeg\" \/>\n<meta name=\"author\" content=\"Memurun Sesi Haber Merkezi\" \/>\n<meta name=\"twitter:card\" content=\"summary_large_image\" \/>\n<meta name=\"twitter:creator\" content=\"@unipersen\" \/>\n<meta name=\"twitter:site\" content=\"@unipersen\" \/>\n<meta name=\"twitter:label1\" content=\"Yazan:\" \/>\n\t<meta name=\"twitter:data1\" content=\"Memurun Sesi Haber Merkezi\" \/>\n\t<meta name=\"twitter:label2\" content=\"Tahmini okuma s\u00fcresi\" \/>\n\t<meta name=\"twitter:data2\" content=\"2 dakika\" \/>\n<script type=\"application\/ld+json\" class=\"yoast-schema-graph\">{\"@context\":\"https:\\\/\\\/schema.org\",\"@graph\":[{\"@type\":\"Article\",\"@id\":\"https:\\\/\\\/memurunsesi.net\\\/index.php\\\/2026\\\/04\\\/27\\\/sirnakta-kacakciliga-jandarma-darbesi-146-supheliye-islem\\\/#article\",\"isPartOf\":{\"@id\":\"https:\\\/\\\/memurunsesi.net\\\/index.php\\\/2026\\\/04\\\/27\\\/sirnakta-kacakciliga-jandarma-darbesi-146-supheliye-islem\\\/\"},\"author\":{\"name\":\"Memurun Sesi Haber Merkezi\",\"@id\":\"https:\\\/\\\/memurunsesi.net\\\/#\\\/schema\\\/person\\\/f21c2d73b89f6ee1d80b0a1803e38587\"},\"headline\":\"\u015e\u0131rnak&#8217;ta ka\u00e7ak\u00e7\u0131l\u0131\u011fa jandarma darbesi: 146 \u015f\u00fcpheliye i\u015flem\",\"datePublished\":\"2026-04-27T10:29:09+00:00\",\"mainEntityOfPage\":{\"@id\":\"https:\\\/\\\/memurunsesi.net\\\/index.php\\\/2026\\\/04\\\/27\\\/sirnakta-kacakciliga-jandarma-darbesi-146-supheliye-islem\\\/\"},\"wordCount\":260,\"commentCount\":0,\"publisher\":{\"@id\":\"https:\\\/\\\/memurunsesi.net\\\/#organization\"},\"image\":{\"@id\":\"https:\\\/\\\/memurunsesi.net\\\/index.php\\\/2026\\\/04\\\/27\\\/sirnakta-kacakciliga-jandarma-darbesi-146-supheliye-islem\\\/#primaryimage\"},\"thumbnailUrl\":\"https:\\\/\\\/memurunsesi.net\\\/wp-content\\\/uploads\\\/2026\\\/04\\\/sirnak.jpg\",\"keywords\":[\"1 \u015f\u00fcpheli\",\"11 milyon liral\u0131k\",\"146 \u015f\u00fcpheli\",\"bir haftal\u0131k\",\"\u00e7\u0131kar\u0131ld\u0131\u011f\u0131 mahkeme taraf\u0131ndan\",\"ele ge\u00e7irildi\",\"hakk\u0131nda i\u015flem yap\u0131ld\u0131\",\"ka\u00e7ak \u00fcr\u00fcn\",\"operasyonlar\u0131nda\",\"\u015e\u0131rnak'ta jandarman\u0131n\",\"tutukland\u0131.\"],\"articleSection\":[\"G\u00fcndem\"],\"inLanguage\":\"tr\",\"potentialAction\":[{\"@type\":\"CommentAction\",\"name\":\"Comment\",\"target\":[\"https:\\\/\\\/memurunsesi.net\\\/index.php\\\/2026\\\/04\\\/27\\\/sirnakta-kacakciliga-jandarma-darbesi-146-supheliye-islem\\\/#respond\"]}]},{\"@type\":\"WebPage\",\"@id\":\"https:\\\/\\\/memurunsesi.net\\\/index.php\\\/2026\\\/04\\\/27\\\/sirnakta-kacakciliga-jandarma-darbesi-146-supheliye-islem\\\/\",\"url\":\"https:\\\/\\\/memurunsesi.net\\\/index.php\\\/2026\\\/04\\\/27\\\/sirnakta-kacakciliga-jandarma-darbesi-146-supheliye-islem\\\/\",\"name\":\"\u015e\u0131rnak'ta ka\u00e7ak\u00e7\u0131l\u0131\u011fa jandarma darbesi: 146 \u015f\u00fcpheliye i\u015flem - Memurun Sesi\",\"isPartOf\":{\"@id\":\"https:\\\/\\\/memurunsesi.net\\\/#website\"},\"primaryImageOfPage\":{\"@id\":\"https:\\\/\\\/memurunsesi.net\\\/index.php\\\/2026\\\/04\\\/27\\\/sirnakta-kacakciliga-jandarma-darbesi-146-supheliye-islem\\\/#primaryimage\"},\"image\":{\"@id\":\"https:\\\/\\\/memurunsesi.net\\\/index.php\\\/2026\\\/04\\\/27\\\/sirnakta-kacakciliga-jandarma-darbesi-146-supheliye-islem\\\/#primaryimage\"},\"thumbnailUrl\":\"https:\\\/\\\/memurunsesi.net\\\/wp-content\\\/uploads\\\/2026\\\/04\\\/sirnak.jpg\",\"datePublished\":\"2026-04-27T10:29:09+00:00\",\"description\":\"\u00a0 \u015e\u0131rnak'ta jandarman\u0131n bir haftal\u0131k operasyonlar\u0131nda 11 milyon liral\u0131k ka\u00e7ak \u00fcr\u00fcn ele ge\u00e7irildi, 146 \u015f\u00fcpheli hakk\u0131nda i\u015flem yap\u0131ld\u0131. 1 \u015f\u00fcpheli \u00e7\u0131kar\u0131ld\u0131\u011f\u0131 mahkeme taraf\u0131ndan tutukland\u0131.\",\"breadcrumb\":{\"@id\":\"https:\\\/\\\/memurunsesi.net\\\/index.php\\\/2026\\\/04\\\/27\\\/sirnakta-kacakciliga-jandarma-darbesi-146-supheliye-islem\\\/#breadcrumb\"},\"inLanguage\":\"tr\",\"potentialAction\":[{\"@type\":\"ReadAction\",\"target\":[\"https:\\\/\\\/memurunsesi.net\\\/index.php\\\/2026\\\/04\\\/27\\\/sirnakta-kacakciliga-jandarma-darbesi-146-supheliye-islem\\\/\"]}]},{\"@type\":\"ImageObject\",\"inLanguage\":\"tr\",\"@id\":\"https:\\\/\\\/memurunsesi.net\\\/index.php\\\/2026\\\/04\\\/27\\\/sirnakta-kacakciliga-jandarma-darbesi-146-supheliye-islem\\\/#primaryimage\",\"url\":\"https:\\\/\\\/memurunsesi.net\\\/wp-content\\\/uploads\\\/2026\\\/04\\\/sirnak.jpg\",\"contentUrl\":\"https:\\\/\\\/memurunsesi.net\\\/wp-content\\\/uploads\\\/2026\\\/04\\\/sirnak.jpg\",\"width\":1600,\"height\":1200,\"caption\":\"\u015eIRNAK'TA JANDARMANIN B\u0130R HAFTALIK OPERASYONLARINDA 11 M\u0130LYON L\u0130RALIK KA\u00c7AK \u00dcR\u00dcN ELE GE\u00c7\u0130R\u0130LD\u0130, (\\\/\u015eIRNAK-\u0130HA) \u015e\u0131rnak'ta jandarman\u0131n bir haftal\u0131k operasyonlar\u0131nda 11 milyon liral\u0131k ka\u00e7ak \u00fcr\u00fcn ele ge\u00e7irildi, 146 \u015f\u00fcpheli hakk\u0131nda i\u015flem yap\u0131ld\u0131. 1 \u015f\u00fcpheli \u00e7\u0131kar\u0131ld\u0131\u011f\u0131 mahkeme taraf\u0131ndan tutukland\u0131.\"},{\"@type\":\"BreadcrumbList\",\"@id\":\"https:\\\/\\\/memurunsesi.net\\\/index.php\\\/2026\\\/04\\\/27\\\/sirnakta-kacakciliga-jandarma-darbesi-146-supheliye-islem\\\/#breadcrumb\",\"itemListElement\":[{\"@type\":\"ListItem\",\"position\":1,\"name\":\"Anasayfa\",\"item\":\"https:\\\/\\\/memurunsesi.net\\\/\"},{\"@type\":\"ListItem\",\"position\":2,\"name\":\"\u015e\u0131rnak&#8217;ta ka\u00e7ak\u00e7\u0131l\u0131\u011fa jandarma darbesi: 146 \u015f\u00fcpheliye i\u015flem\"}]},{\"@type\":\"WebSite\",\"@id\":\"https:\\\/\\\/memurunsesi.net\\\/#website\",\"url\":\"https:\\\/\\\/memurunsesi.net\\\/\",\"name\":\"Memurun Sesi\",\"description\":\"G\u00fcncel ve Do\u011fru Haber\",\"publisher\":{\"@id\":\"https:\\\/\\\/memurunsesi.net\\\/#organization\"},\"potentialAction\":[{\"@type\":\"SearchAction\",\"target\":{\"@type\":\"EntryPoint\",\"urlTemplate\":\"https:\\\/\\\/memurunsesi.net\\\/?s={search_term_string}\"},\"query-input\":{\"@type\":\"PropertyValueSpecification\",\"valueRequired\":true,\"valueName\":\"search_term_string\"}}],\"inLanguage\":\"tr\"},{\"@type\":\"Organization\",\"@id\":\"https:\\\/\\\/memurunsesi.net\\\/#organization\",\"name\":\"Memurun Sesi\",\"url\":\"https:\\\/\\\/memurunsesi.net\\\/\",\"logo\":{\"@type\":\"ImageObject\",\"inLanguage\":\"tr\",\"@id\":\"https:\\\/\\\/memurunsesi.net\\\/#\\\/schema\\\/logo\\\/image\\\/\",\"url\":\"https:\\\/\\\/memurunsesi.net\\\/wp-content\\\/uploads\\\/2025\\\/11\\\/cropped-MEMURUN-SESI.png\",\"contentUrl\":\"https:\\\/\\\/memurunsesi.net\\\/wp-content\\\/uploads\\\/2025\\\/11\\\/cropped-MEMURUN-SESI.png\",\"width\":238,\"height\":57,\"caption\":\"Memurun Sesi\"},\"image\":{\"@id\":\"https:\\\/\\\/memurunsesi.net\\\/#\\\/schema\\\/logo\\\/image\\\/\"},\"sameAs\":[\"https:\\\/\\\/www.facebook.com\\\/unipersen\\\/?locale=tr_TR\",\"https:\\\/\\\/x.com\\\/unipersen\"]},{\"@type\":\"Person\",\"@id\":\"https:\\\/\\\/memurunsesi.net\\\/#\\\/schema\\\/person\\\/f21c2d73b89f6ee1d80b0a1803e38587\",\"name\":\"Memurun Sesi Haber Merkezi\",\"image\":{\"@type\":\"ImageObject\",\"inLanguage\":\"tr\",\"@id\":\"https:\\\/\\\/secure.gravatar.com\\\/avatar\\\/6cf0505f452ee753f485014986fab09a434671d2b919ee76fc541025c5876a70?s=96&d=mm&r=g\",\"url\":\"https:\\\/\\\/secure.gravatar.com\\\/avatar\\\/6cf0505f452ee753f485014986fab09a434671d2b919ee76fc541025c5876a70?s=96&d=mm&r=g\",\"contentUrl\":\"https:\\\/\\\/secure.gravatar.com\\\/avatar\\\/6cf0505f452ee753f485014986fab09a434671d2b919ee76fc541025c5876a70?s=96&d=mm&r=g\",\"caption\":\"Memurun Sesi Haber Merkezi\"},\"sameAs\":[\"https:\\\/\\\/memurunsesi.net\"],\"url\":\"https:\\\/\\\/memurunsesi.net\\\/index.php\\\/author\\\/uniper\\\/\"}]}<\/script>\n<!-- \/ Yoast SEO plugin. -->","yoast_head_json":{"title":"\u015e\u0131rnak'ta ka\u00e7ak\u00e7\u0131l\u0131\u011fa jandarma darbesi: 146 \u015f\u00fcpheliye i\u015flem - Memurun Sesi","description":"\u00a0 \u015e\u0131rnak'ta jandarman\u0131n bir haftal\u0131k operasyonlar\u0131nda 11 milyon liral\u0131k ka\u00e7ak \u00fcr\u00fcn ele ge\u00e7irildi, 146 \u015f\u00fcpheli hakk\u0131nda i\u015flem yap\u0131ld\u0131. 1 \u015f\u00fcpheli \u00e7\u0131kar\u0131ld\u0131\u011f\u0131 mahkeme taraf\u0131ndan tutukland\u0131.","robots":{"index":"index","follow":"follow","max-snippet":"max-snippet:-1","max-image-preview":"max-image-preview:large","max-video-preview":"max-video-preview:-1"},"canonical":"https:\/\/memurunsesi.net\/index.php\/2026\/04\/27\/sirnakta-kacakciliga-jandarma-darbesi-146-supheliye-islem\/","og_locale":"tr_TR","og_type":"article","og_title":"\u015e\u0131rnak'ta ka\u00e7ak\u00e7\u0131l\u0131\u011fa jandarma darbesi: 146 \u015f\u00fcpheliye i\u015flem - Memurun Sesi","og_description":"\u00a0 \u015e\u0131rnak'ta jandarman\u0131n bir haftal\u0131k operasyonlar\u0131nda 11 milyon liral\u0131k ka\u00e7ak \u00fcr\u00fcn ele ge\u00e7irildi, 146 \u015f\u00fcpheli hakk\u0131nda i\u015flem yap\u0131ld\u0131. 1 \u015f\u00fcpheli \u00e7\u0131kar\u0131ld\u0131\u011f\u0131 mahkeme taraf\u0131ndan tutukland\u0131.","og_url":"https:\/\/memurunsesi.net\/index.php\/2026\/04\/27\/sirnakta-kacakciliga-jandarma-darbesi-146-supheliye-islem\/","og_site_name":"Memurun Sesi","article_publisher":"https:\/\/www.facebook.com\/unipersen\/?locale=tr_TR","article_published_time":"2026-04-27T10:29:09+00:00","og_image":[{"width":1600,"height":1200,"url":"https:\/\/memurunsesi.net\/wp-content\/uploads\/2026\/04\/sirnak.jpg","type":"image\/jpeg"}],"author":"Memurun Sesi Haber Merkezi","twitter_card":"summary_large_image","twitter_creator":"@unipersen","twitter_site":"@unipersen","twitter_misc":{"Yazan:":"Memurun Sesi Haber Merkezi","Tahmini okuma s\u00fcresi":"2 dakika"},"schema":{"@context":"https:\/\/schema.org","@graph":[{"@type":"Article","@id":"https:\/\/memurunsesi.net\/index.php\/2026\/04\/27\/sirnakta-kacakciliga-jandarma-darbesi-146-supheliye-islem\/#article","isPartOf":{"@id":"https:\/\/memurunsesi.net\/index.php\/2026\/04\/27\/sirnakta-kacakciliga-jandarma-darbesi-146-supheliye-islem\/"},"author":{"name":"Memurun Sesi Haber Merkezi","@id":"https:\/\/memurunsesi.net\/#\/schema\/person\/f21c2d73b89f6ee1d80b0a1803e38587"},"headline":"\u015e\u0131rnak&#8217;ta ka\u00e7ak\u00e7\u0131l\u0131\u011fa jandarma darbesi: 146 \u015f\u00fcpheliye i\u015flem","datePublished":"2026-04-27T10:29:09+00:00","mainEntityOfPage":{"@id":"https:\/\/memurunsesi.net\/index.php\/2026\/04\/27\/sirnakta-kacakciliga-jandarma-darbesi-146-supheliye-islem\/"},"wordCount":260,"commentCount":0,"publisher":{"@id":"https:\/\/memurunsesi.net\/#organization"},"image":{"@id":"https:\/\/memurunsesi.net\/index.php\/2026\/04\/27\/sirnakta-kacakciliga-jandarma-darbesi-146-supheliye-islem\/#primaryimage"},"thumbnailUrl":"https:\/\/memurunsesi.net\/wp-content\/uploads\/2026\/04\/sirnak.jpg","keywords":["1 \u015f\u00fcpheli","11 milyon liral\u0131k","146 \u015f\u00fcpheli","bir haftal\u0131k","\u00e7\u0131kar\u0131ld\u0131\u011f\u0131 mahkeme taraf\u0131ndan","ele ge\u00e7irildi","hakk\u0131nda i\u015flem yap\u0131ld\u0131","ka\u00e7ak \u00fcr\u00fcn","operasyonlar\u0131nda","\u015e\u0131rnak'ta jandarman\u0131n","tutukland\u0131."],"articleSection":["G\u00fcndem"],"inLanguage":"tr","potentialAction":[{"@type":"CommentAction","name":"Comment","target":["https:\/\/memurunsesi.net\/index.php\/2026\/04\/27\/sirnakta-kacakciliga-jandarma-darbesi-146-supheliye-islem\/#respond"]}]},{"@type":"WebPage","@id":"https:\/\/memurunsesi.net\/index.php\/2026\/04\/27\/sirnakta-kacakciliga-jandarma-darbesi-146-supheliye-islem\/","url":"https:\/\/memurunsesi.net\/index.php\/2026\/04\/27\/sirnakta-kacakciliga-jandarma-darbesi-146-supheliye-islem\/","name":"\u015e\u0131rnak'ta ka\u00e7ak\u00e7\u0131l\u0131\u011fa jandarma darbesi: 146 \u015f\u00fcpheliye i\u015flem - Memurun Sesi","isPartOf":{"@id":"https:\/\/memurunsesi.net\/#website"},"primaryImageOfPage":{"@id":"https:\/\/memurunsesi.net\/index.php\/2026\/04\/27\/sirnakta-kacakciliga-jandarma-darbesi-146-supheliye-islem\/#primaryimage"},"image":{"@id":"https:\/\/memurunsesi.net\/index.php\/2026\/04\/27\/sirnakta-kacakciliga-jandarma-darbesi-146-supheliye-islem\/#primaryimage"},"thumbnailUrl":"https:\/\/memurunsesi.net\/wp-content\/uploads\/2026\/04\/sirnak.jpg","datePublished":"2026-04-27T10:29:09+00:00","description":"\u00a0 \u015e\u0131rnak'ta jandarman\u0131n bir haftal\u0131k operasyonlar\u0131nda 11 milyon liral\u0131k ka\u00e7ak \u00fcr\u00fcn ele ge\u00e7irildi, 146 \u015f\u00fcpheli hakk\u0131nda i\u015flem yap\u0131ld\u0131. 1 \u015f\u00fcpheli \u00e7\u0131kar\u0131ld\u0131\u011f\u0131 mahkeme taraf\u0131ndan tutukland\u0131.","breadcrumb":{"@id":"https:\/\/memurunsesi.net\/index.php\/2026\/04\/27\/sirnakta-kacakciliga-jandarma-darbesi-146-supheliye-islem\/#breadcrumb"},"inLanguage":"tr","potentialAction":[{"@type":"ReadAction","target":["https:\/\/memurunsesi.net\/index.php\/2026\/04\/27\/sirnakta-kacakciliga-jandarma-darbesi-146-supheliye-islem\/"]}]},{"@type":"ImageObject","inLanguage":"tr","@id":"https:\/\/memurunsesi.net\/index.php\/2026\/04\/27\/sirnakta-kacakciliga-jandarma-darbesi-146-supheliye-islem\/#primaryimage","url":"https:\/\/memurunsesi.net\/wp-content\/uploads\/2026\/04\/sirnak.jpg","contentUrl":"https:\/\/memurunsesi.net\/wp-content\/uploads\/2026\/04\/sirnak.jpg","width":1600,"height":1200,"caption":"\u015eIRNAK'TA JANDARMANIN B\u0130R HAFTALIK OPERASYONLARINDA 11 M\u0130LYON L\u0130RALIK KA\u00c7AK \u00dcR\u00dcN ELE GE\u00c7\u0130R\u0130LD\u0130, (\/\u015eIRNAK-\u0130HA) \u015e\u0131rnak'ta jandarman\u0131n bir haftal\u0131k operasyonlar\u0131nda 11 milyon liral\u0131k ka\u00e7ak \u00fcr\u00fcn ele ge\u00e7irildi, 146 \u015f\u00fcpheli hakk\u0131nda i\u015flem yap\u0131ld\u0131. 1 \u015f\u00fcpheli \u00e7\u0131kar\u0131ld\u0131\u011f\u0131 mahkeme taraf\u0131ndan tutukland\u0131."},{"@type":"BreadcrumbList","@id":"https:\/\/memurunsesi.net\/index.php\/2026\/04\/27\/sirnakta-kacakciliga-jandarma-darbesi-146-supheliye-islem\/#breadcrumb","itemListElement":[{"@type":"ListItem","position":1,"name":"Anasayfa","item":"https:\/\/memurunsesi.net\/"},{"@type":"ListItem","position":2,"name":"\u015e\u0131rnak&#8217;ta ka\u00e7ak\u00e7\u0131l\u0131\u011fa jandarma darbesi: 146 \u015f\u00fcpheliye i\u015flem"}]},{"@type":"WebSite","@id":"https:\/\/memurunsesi.net\/#website","url":"https:\/\/memurunsesi.net\/","name":"Memurun Sesi","description":"G\u00fcncel ve Do\u011fru Haber","publisher":{"@id":"https:\/\/memurunsesi.net\/#organization"},"potentialAction":[{"@type":"SearchAction","target":{"@type":"EntryPoint","urlTemplate":"https:\/\/memurunsesi.net\/?s={search_term_string}"},"query-input":{"@type":"PropertyValueSpecification","valueRequired":true,"valueName":"search_term_string"}}],"inLanguage":"tr"},{"@type":"Organization","@id":"https:\/\/memurunsesi.net\/#organization","name":"Memurun Sesi","url":"https:\/\/memurunsesi.net\/","logo":{"@type":"ImageObject","inLanguage":"tr","@id":"https:\/\/memurunsesi.net\/#\/schema\/logo\/image\/","url":"https:\/\/memurunsesi.net\/wp-content\/uploads\/2025\/11\/cropped-MEMURUN-SESI.png","contentUrl":"https:\/\/memurunsesi.net\/wp-content\/uploads\/2025\/11\/cropped-MEMURUN-SESI.png","width":238,"height":57,"caption":"Memurun Sesi"},"image":{"@id":"https:\/\/memurunsesi.net\/#\/schema\/logo\/image\/"},"sameAs":["https:\/\/www.facebook.com\/unipersen\/?locale=tr_TR","https:\/\/x.com\/unipersen"]},{"@type":"Person","@id":"https:\/\/memurunsesi.net\/#\/schema\/person\/f21c2d73b89f6ee1d80b0a1803e38587","name":"Memurun Sesi Haber Merkezi","image":{"@type":"ImageObject","inLanguage":"tr","@id":"https:\/\/secure.gravatar.com\/avatar\/6cf0505f452ee753f485014986fab09a434671d2b919ee76fc541025c5876a70?s=96&d=mm&r=g","url":"https:\/\/secure.gravatar.com\/avatar\/6cf0505f452ee753f485014986fab09a434671d2b919ee76fc541025c5876a70?s=96&d=mm&r=g","contentUrl":"https:\/\/secure.gravatar.com\/avatar\/6cf0505f452ee753f485014986fab09a434671d2b919ee76fc541025c5876a70?s=96&d=mm&r=g","caption":"Memurun Sesi Haber Merkezi"},"sameAs":["https:\/\/memurunsesi.net"],"url":"https:\/\/memurunsesi.net\/index.php\/author\/uniper\/"}]}},"_links":{"self":[{"href":"https:\/\/memurunsesi.net\/index.php\/wp-json\/wp\/v2\/posts\/19659","targetHints":{"allow":["GET"]}}],"collection":[{"href":"https:\/\/memurunsesi.net\/index.php\/wp-json\/wp\/v2\/posts"}],"about":[{"href":"https:\/\/memurunsesi.net\/index.php\/wp-json\/wp\/v2\/types\/post"}],"author":[{"embeddable":true,"href":"https:\/\/memurunsesi.net\/index.php\/wp-json\/wp\/v2\/users\/1"}],"replies":[{"embeddable":true,"href":"https:\/\/memurunsesi.net\/index.php\/wp-json\/wp\/v2\/comments?post=19659"}],"version-history":[{"count":1,"href":"https:\/\/memurunsesi.net\/index.php\/wp-json\/wp\/v2\/posts\/19659\/revisions"}],"predecessor-version":[{"id":19661,"href":"https:\/\/memurunsesi.net\/index.php\/wp-json\/wp\/v2\/posts\/19659\/revisions\/19661"}],"wp:featuredmedia":[{"embeddable":true,"href":"https:\/\/memurunsesi.net\/index.php\/wp-json\/wp\/v2\/media\/19660"}],"wp:attachment":[{"href":"https:\/\/memurunsesi.net\/index.php\/wp-json\/wp\/v2\/media?parent=19659"}],"wp:term":[{"taxonomy":"category","embeddable":true,"href":"https:\/\/memurunsesi.net\/index.php\/wp-json\/wp\/v2\/categories?post=19659"},{"taxonomy":"post_tag","embeddable":true,"href":"https:\/\/memurunsesi.net\/index.php\/wp-json\/wp\/v2\/tags?post=19659"}],"curies":[{"name":"wp","href":"https:\/\/api.w.org\/{rel}","templated":true}]}}