{"id":19662,"date":"2026-04-27T13:39:45","date_gmt":"2026-04-27T10:39:45","guid":{"rendered":"https:\/\/memurunsesi.net\/?p=19662"},"modified":"2026-04-27T13:39:45","modified_gmt":"2026-04-27T10:39:45","slug":"izmir-belediyelerinde-maas-krizi-3-ilcede-memurlar-is-birakma-eyleminde","status":"publish","type":"post","link":"https:\/\/memurunsesi.net\/index.php\/2026\/04\/27\/izmir-belediyelerinde-maas-krizi-3-ilcede-memurlar-is-birakma-eyleminde\/","title":{"rendered":"\u0130zmir belediyelerinde maa\u015f krizi: 3 il\u00e7ede memurlar i\u015f b\u0131rakma eyleminde"},"content":{"rendered":"<p>&#8211; T\u0130S \u00f6demesi yar\u0131 yar\u0131ya d\u00fc\u015f\u00fcr\u00fclen Bayrakl\u0131 Belediyesi memurlar\u0131 eylemleri s\u00fcrd\u00fcr\u00fcyor<\/p>\n<p>\u0130zmir&#8217;de il\u00e7e belediyelerinde patlak veren Toplu \u0130\u015f S\u00f6zle\u015fmesi (T\u0130S) krizleri giderek b\u00fcy\u00fcyor. Kar\u015f\u0131yaka, Bayrakl\u0131 ve Buca belediyelerinde g\u00f6rev yapan memurlar, kazan\u0131lm\u0131\u015f haklar\u0131n\u0131n mevcut rakamlar\u0131n alt\u0131na \u00e7ekilmek istenmesine kar\u015f\u0131 i\u015f b\u0131rakma eylemleri ger\u00e7ekle\u015ftiriyor.<br \/>\n\u00d6zellikle Bayrakl\u0131 Belediyesinde 2 haftad\u0131r devam eden krizde, memurlar\u0131n tepkisi \u00e7\u0131\u011f gibi b\u00fcy\u00fcrken, Kar\u015f\u0131yaka ve Buca belediyelerindeki emek\u00e7iler de seslerini y\u00fckseltmek i\u00e7in eylem s\u00fcrecine dahil oldu.<\/p>\n<p>Teklif yar\u0131 yar\u0131ya d\u00fc\u015f\u00fcr\u00fcld\u00fc, memurlar eylem yapt\u0131<br \/>\nBayrakl\u0131 Belediyesinde, belediye y\u00f6netimi ile T\u00fcm Bel-Sen \u0130zmir 2 No\u2019lu \u015eube aras\u0131nda y\u00fcr\u00fct\u00fclen T\u0130S g\u00f6r\u00fc\u015fmelerinde uzla\u015fma sa\u011flanamamas\u0131 krizi derinle\u015ftirdi. Memurlar\u0131n mevcut 24 bin 465 TL olan T\u0130S haklar\u0131n\u0131n, belediye y\u00f6netimi taraf\u0131ndan sunulan yeni teklifle 13 bin 328 TL&#8217;ye d\u00fc\u015f\u00fcr\u00fclmek istenmesi ipleri kopard\u0131. 2 haftad\u0131r i\u015f b\u0131rakma eylemi yapan memurlar, bug\u00fcn de belediye binas\u0131 \u00f6n\u00fcnde bir araya gelerek sloganlar e\u015fli\u011finde tepkilerini dile getirdi.<\/p>\n<p>&#8220;Kazan\u0131lm\u0131\u015f haklar pazarl\u0131k konusu yap\u0131lamaz&#8221;<br \/>\nBelediye binas\u0131 \u00f6n\u00fcnde memurlar ad\u0131na a\u00e7\u0131klamalarda bulunan T\u00fcm Bel-Sen \u0130zmir 2 No&#8217;lu \u015eube Y\u00f6netim Kurulu Ba\u015fkan\u0131 Nihat Filiz, Bayrakl\u0131 Belediyesinde y\u00fcr\u00fct\u00fclen s\u00fcrecin \u00e7\u00f6z\u00fcm \u00fcreten bir m\u00fczakere zemini olmaktan \u00e7\u0131kar\u0131ld\u0131\u011f\u0131n\u0131 savundu. Filiz, &#8220;Bug\u00fcn burada, ya\u015fanan hak gasplar\u0131na ve dayatmalara kar\u015f\u0131 sesimizi y\u00fckseltmek i\u00e7in bir araday\u0131z. Emek\u00e7ilerin kazan\u0131lm\u0131\u015f haklar\u0131n\u0131n tart\u0131\u015fmaya a\u00e7\u0131ld\u0131\u011f\u0131 bir dayatma s\u00fcrecine d\u00f6n\u00fc\u015ft\u00fcr\u00fclm\u00fc\u015ft\u00fcr. Gelinen noktada belediye y\u00f6netimi taraf\u0131ndan sunulan teklif, mevcut toplu s\u00f6zle\u015fmenin dahi gerisine d\u00fc\u015fm\u00fc\u015ft\u00fcr. Bu teklif, eme\u011fi yok sayan, kazan\u0131lm\u0131\u015f haklar\u0131 ortadan kald\u0131rmay\u0131 hedefleyen bir anlay\u0131\u015f\u0131n \u00fcr\u00fcn\u00fcd\u00fcr. Buradan a\u00e7\u0131k\u00e7a ifade ediyoruz: Kazan\u0131lm\u0131\u015f haklar pazarl\u0131k konusu yap\u0131lamaz. Mevcut s\u00f6zle\u015fmenin alt\u0131na d\u00fc\u015fen hi\u00e7bir teklifi kabul etmiyoruz&#8221; diye konu\u015ftu.<\/p>\n<p>&#8220;Haklar\u0131m\u0131z hedef al\u0131n\u0131yor&#8221;<br \/>\n&#8220;Toplu s\u00f6zle\u015fme bir l\u00fctuf de\u011fildir&#8221; diyerek eylemlerin sadece Bayrakl\u0131 ile s\u0131n\u0131rl\u0131 kalmad\u0131\u011f\u0131n\u0131 ve \u0130zmir&#8217;in di\u011fer metropol il\u00e7elerine s\u0131\u00e7rad\u0131\u011f\u0131n\u0131 vurgulayan Filiz, \u015fu ifadelere yer verdi:<br \/>\n&#8220;Toplu s\u00f6zle\u015fme anayasal ve demokratik bir hakt\u0131r. Bu hak, keyfi yorumlarla daralt\u0131lamaz, idari tasarruflarla ortadan kald\u0131r\u0131lamaz. Buradan Belediye Ba\u015fkan\u0131 \u0130rfan \u00d6nal\u2019a da sesleniyoruz: Masaya, mevcut s\u00f6zle\u015fmenin \u00fczerinde, emek\u00e7iyi koruyan, \u0130zmir\u2019in ger\u00e7ek ya\u015fam \u015fartlar\u0131n\u0131 g\u00f6zeten, adil ve ger\u00e7ek\u00e7i bir teklif ile gelin. Aksi halde bilinmelidir ki, bizler yasal, demokratik ve me\u015fru t\u00fcm haklar\u0131m\u0131z\u0131 kullanmaktan geri durmayaca\u011f\u0131z. Bu bir tehdit de\u011fil, demokratik hukuk d\u00fczeninin bize tan\u0131d\u0131\u011f\u0131 hakk\u0131n a\u00e7\u0131k bir ifadesidir. Sadece burada de\u011fil, Bayrakl\u0131\u2019da, Kar\u015f\u0131yaka&#8217;da, Buca\u2019da ve Narl\u0131dere\u2019de T\u0130S haklar\u0131m\u0131z hedef al\u0131nmaktad\u0131r. Bunu asla kabul etmiyoruz.&#8221;<\/p>\n<p>27.04.2026<\/p>\n","protected":false},"excerpt":{"rendered":"<p>&#8211; T\u0130S \u00f6demesi yar\u0131 yar\u0131ya d\u00fc\u015f\u00fcr\u00fclen Bayrakl\u0131 Belediyesi memurlar\u0131 eylemleri s\u00fcrd\u00fcr\u00fcyor \u0130zmir&#8217;de il\u00e7e belediyelerinde patlak veren Toplu \u0130\u015f S\u00f6zle\u015fmesi (T\u0130S) krizleri giderek b\u00fcy\u00fcyor. Kar\u015f\u0131yaka, Bayrakl\u0131 ve Buca belediyelerinde g\u00f6rev yapan memurlar, kazan\u0131lm\u0131\u015f haklar\u0131n\u0131n mevcut rakamlar\u0131n alt\u0131na \u00e7ekilmek istenmesine kar\u015f\u0131 i\u015f b\u0131rakma eylemleri ger\u00e7ekle\u015ftiriyor. \u00d6zellikle Bayrakl\u0131 Belediyesinde 2 haftad\u0131r devam eden krizde, memurlar\u0131n tepkisi \u00e7\u0131\u011f gibi [&hellip;]<\/p>\n","protected":false},"author":1,"featured_media":19663,"comment_status":"open","ping_status":"open","sticky":false,"template":"","format":"standard","meta":{"footnotes":""},"categories":[1],"tags":[3645,3639,3640,3638,3647,3641,3643,3646,3642,3637,3644,3636],"class_list":["post-19662","post","type-post","status-publish","format-standard","has-post-thumbnail","hentry","category-genel","tag-altina-cekilmek-istenmesine","tag-bayrakli-ve-buca","tag-belediyelerinde","tag-buyuyor-karsiyaka","tag-gerceklestiriyor","tag-gorev-yapan-memurlar","tag-haklarinin","tag-karsi-is-birakma-eylemleri","tag-kazanilmis","tag-krizleri-giderek","tag-mevcut-rakamlarin","tag-toplu-is-sozlesmesi-tis"],"yoast_head":"<!-- This site is optimized with the Yoast SEO plugin v27.4 - https:\/\/yoast.com\/product\/yoast-seo-wordpress\/ -->\n<title>\u0130zmir belediyelerinde maa\u015f krizi: 3 il\u00e7ede memurlar i\u015f b\u0131rakma eyleminde - Memurun Sesi<\/title>\n<meta name=\"description\" content=\"\u0130zmir&#039;de il\u00e7e belediyelerinde patlak veren Toplu \u0130\u015f S\u00f6zle\u015fmesi (T\u0130S) krizleri giderek b\u00fcy\u00fcyor. Kar\u015f\u0131yaka, Bayrakl\u0131 ve Buca belediyelerinde g\u00f6rev yapan memurlar, kazan\u0131lm\u0131\u015f haklar\u0131n\u0131n mevcut rakamlar\u0131n alt\u0131na \u00e7ekilmek istenmesine kar\u015f\u0131 i\u015f b\u0131rakma eylemleri ger\u00e7ekle\u015ftiriyor.\" \/>\n<meta name=\"robots\" content=\"index, follow, max-snippet:-1, max-image-preview:large, max-video-preview:-1\" \/>\n<link rel=\"canonical\" href=\"https:\/\/memurunsesi.net\/index.php\/2026\/04\/27\/izmir-belediyelerinde-maas-krizi-3-ilcede-memurlar-is-birakma-eyleminde\/\" \/>\n<meta property=\"og:locale\" content=\"tr_TR\" \/>\n<meta property=\"og:type\" content=\"article\" \/>\n<meta property=\"og:title\" content=\"\u0130zmir belediyelerinde maa\u015f krizi: 3 il\u00e7ede memurlar i\u015f b\u0131rakma eyleminde - Memurun Sesi\" \/>\n<meta property=\"og:description\" content=\"\u0130zmir&#039;de il\u00e7e belediyelerinde patlak veren Toplu \u0130\u015f S\u00f6zle\u015fmesi (T\u0130S) krizleri giderek b\u00fcy\u00fcyor. Kar\u015f\u0131yaka, Bayrakl\u0131 ve Buca belediyelerinde g\u00f6rev yapan memurlar, kazan\u0131lm\u0131\u015f haklar\u0131n\u0131n mevcut rakamlar\u0131n alt\u0131na \u00e7ekilmek istenmesine kar\u015f\u0131 i\u015f b\u0131rakma eylemleri ger\u00e7ekle\u015ftiriyor.\" \/>\n<meta property=\"og:url\" content=\"https:\/\/memurunsesi.net\/index.php\/2026\/04\/27\/izmir-belediyelerinde-maas-krizi-3-ilcede-memurlar-is-birakma-eyleminde\/\" \/>\n<meta property=\"og:site_name\" content=\"Memurun Sesi\" \/>\n<meta property=\"article:publisher\" content=\"https:\/\/www.facebook.com\/unipersen\/?locale=tr_TR\" \/>\n<meta property=\"article:published_time\" content=\"2026-04-27T10:39:45+00:00\" \/>\n<meta property=\"og:image\" content=\"https:\/\/memurunsesi.net\/wp-content\/uploads\/2026\/04\/izmir-1-scaled.jpg\" \/>\n\t<meta property=\"og:image:width\" content=\"2560\" \/>\n\t<meta property=\"og:image:height\" content=\"1920\" \/>\n\t<meta property=\"og:image:type\" content=\"image\/jpeg\" \/>\n<meta name=\"author\" content=\"Memurun Sesi Haber Merkezi\" \/>\n<meta name=\"twitter:card\" content=\"summary_large_image\" \/>\n<meta name=\"twitter:creator\" content=\"@unipersen\" \/>\n<meta name=\"twitter:site\" content=\"@unipersen\" \/>\n<meta name=\"twitter:label1\" content=\"Yazan:\" \/>\n\t<meta name=\"twitter:data1\" content=\"Memurun Sesi Haber Merkezi\" \/>\n\t<meta name=\"twitter:label2\" content=\"Tahmini okuma s\u00fcresi\" \/>\n\t<meta name=\"twitter:data2\" content=\"3 dakika\" \/>\n<script type=\"application\/ld+json\" class=\"yoast-schema-graph\">{\"@context\":\"https:\\\/\\\/schema.org\",\"@graph\":[{\"@type\":\"Article\",\"@id\":\"https:\\\/\\\/memurunsesi.net\\\/index.php\\\/2026\\\/04\\\/27\\\/izmir-belediyelerinde-maas-krizi-3-ilcede-memurlar-is-birakma-eyleminde\\\/#article\",\"isPartOf\":{\"@id\":\"https:\\\/\\\/memurunsesi.net\\\/index.php\\\/2026\\\/04\\\/27\\\/izmir-belediyelerinde-maas-krizi-3-ilcede-memurlar-is-birakma-eyleminde\\\/\"},\"author\":{\"name\":\"Memurun Sesi Haber Merkezi\",\"@id\":\"https:\\\/\\\/memurunsesi.net\\\/#\\\/schema\\\/person\\\/f21c2d73b89f6ee1d80b0a1803e38587\"},\"headline\":\"\u0130zmir belediyelerinde maa\u015f krizi: 3 il\u00e7ede memurlar i\u015f b\u0131rakma eyleminde\",\"datePublished\":\"2026-04-27T10:39:45+00:00\",\"mainEntityOfPage\":{\"@id\":\"https:\\\/\\\/memurunsesi.net\\\/index.php\\\/2026\\\/04\\\/27\\\/izmir-belediyelerinde-maas-krizi-3-ilcede-memurlar-is-birakma-eyleminde\\\/\"},\"wordCount\":535,\"commentCount\":0,\"publisher\":{\"@id\":\"https:\\\/\\\/memurunsesi.net\\\/#organization\"},\"image\":{\"@id\":\"https:\\\/\\\/memurunsesi.net\\\/index.php\\\/2026\\\/04\\\/27\\\/izmir-belediyelerinde-maas-krizi-3-ilcede-memurlar-is-birakma-eyleminde\\\/#primaryimage\"},\"thumbnailUrl\":\"https:\\\/\\\/memurunsesi.net\\\/wp-content\\\/uploads\\\/2026\\\/04\\\/izmir-1-scaled.jpg\",\"keywords\":[\"alt\u0131na \u00e7ekilmek istenmesine\",\"Bayrakl\u0131 ve Buca\",\"belediyelerinde\",\"b\u00fcy\u00fcyor. Kar\u015f\u0131yaka\",\"ger\u00e7ekle\u015ftiriyor.\",\"g\u00f6rev yapan memurlar\",\"haklar\u0131n\u0131n\",\"kar\u015f\u0131 i\u015f b\u0131rakma eylemleri\",\"kazan\u0131lm\u0131\u015f\",\"krizleri giderek\",\"mevcut rakamlar\u0131n\",\"Toplu \u0130\u015f S\u00f6zle\u015fmesi (T\u0130S)\"],\"inLanguage\":\"tr\",\"potentialAction\":[{\"@type\":\"CommentAction\",\"name\":\"Comment\",\"target\":[\"https:\\\/\\\/memurunsesi.net\\\/index.php\\\/2026\\\/04\\\/27\\\/izmir-belediyelerinde-maas-krizi-3-ilcede-memurlar-is-birakma-eyleminde\\\/#respond\"]}]},{\"@type\":\"WebPage\",\"@id\":\"https:\\\/\\\/memurunsesi.net\\\/index.php\\\/2026\\\/04\\\/27\\\/izmir-belediyelerinde-maas-krizi-3-ilcede-memurlar-is-birakma-eyleminde\\\/\",\"url\":\"https:\\\/\\\/memurunsesi.net\\\/index.php\\\/2026\\\/04\\\/27\\\/izmir-belediyelerinde-maas-krizi-3-ilcede-memurlar-is-birakma-eyleminde\\\/\",\"name\":\"\u0130zmir belediyelerinde maa\u015f krizi: 3 il\u00e7ede memurlar i\u015f b\u0131rakma eyleminde - Memurun Sesi\",\"isPartOf\":{\"@id\":\"https:\\\/\\\/memurunsesi.net\\\/#website\"},\"primaryImageOfPage\":{\"@id\":\"https:\\\/\\\/memurunsesi.net\\\/index.php\\\/2026\\\/04\\\/27\\\/izmir-belediyelerinde-maas-krizi-3-ilcede-memurlar-is-birakma-eyleminde\\\/#primaryimage\"},\"image\":{\"@id\":\"https:\\\/\\\/memurunsesi.net\\\/index.php\\\/2026\\\/04\\\/27\\\/izmir-belediyelerinde-maas-krizi-3-ilcede-memurlar-is-birakma-eyleminde\\\/#primaryimage\"},\"thumbnailUrl\":\"https:\\\/\\\/memurunsesi.net\\\/wp-content\\\/uploads\\\/2026\\\/04\\\/izmir-1-scaled.jpg\",\"datePublished\":\"2026-04-27T10:39:45+00:00\",\"description\":\"\u0130zmir'de il\u00e7e belediyelerinde patlak veren Toplu \u0130\u015f S\u00f6zle\u015fmesi (T\u0130S) krizleri giderek b\u00fcy\u00fcyor. Kar\u015f\u0131yaka, Bayrakl\u0131 ve Buca belediyelerinde g\u00f6rev yapan memurlar, kazan\u0131lm\u0131\u015f haklar\u0131n\u0131n mevcut rakamlar\u0131n alt\u0131na \u00e7ekilmek istenmesine kar\u015f\u0131 i\u015f b\u0131rakma eylemleri ger\u00e7ekle\u015ftiriyor.\",\"breadcrumb\":{\"@id\":\"https:\\\/\\\/memurunsesi.net\\\/index.php\\\/2026\\\/04\\\/27\\\/izmir-belediyelerinde-maas-krizi-3-ilcede-memurlar-is-birakma-eyleminde\\\/#breadcrumb\"},\"inLanguage\":\"tr\",\"potentialAction\":[{\"@type\":\"ReadAction\",\"target\":[\"https:\\\/\\\/memurunsesi.net\\\/index.php\\\/2026\\\/04\\\/27\\\/izmir-belediyelerinde-maas-krizi-3-ilcede-memurlar-is-birakma-eyleminde\\\/\"]}]},{\"@type\":\"ImageObject\",\"inLanguage\":\"tr\",\"@id\":\"https:\\\/\\\/memurunsesi.net\\\/index.php\\\/2026\\\/04\\\/27\\\/izmir-belediyelerinde-maas-krizi-3-ilcede-memurlar-is-birakma-eyleminde\\\/#primaryimage\",\"url\":\"https:\\\/\\\/memurunsesi.net\\\/wp-content\\\/uploads\\\/2026\\\/04\\\/izmir-1-scaled.jpg\",\"contentUrl\":\"https:\\\/\\\/memurunsesi.net\\\/wp-content\\\/uploads\\\/2026\\\/04\\\/izmir-1-scaled.jpg\",\"width\":2560,\"height\":1920,\"caption\":\"\u0130ZM\u0130R'DE \u0130L\u00c7E BELED\u0130YELER\u0130NDE PATLAK VEREN TOPLU \u0130\u015e S\u00d6ZLE\u015eMES\u0130 (T\u0130S) KR\u0130ZLER\u0130 G\u0130DEREK B\u00dcY\u00dcYOR. KAR\u015eIYAKA, BAYRAKLI VE BUCA BELED\u0130YELER\u0130NDE G\u00d6REV YAPAN MEMURLAR, KAZANILMI\u015e HAKLARININ MEVCUT RAKAMLARIN ALTINA \u00c7EK\u0130LMEK \u0130STENMES\u0130NE KAR\u015eI \u0130\u015e BIRAKMA EYLEMLER\u0130 GER\u00c7EKLE\u015eT\u0130R\u0130YOR. (AL\u0130 \u0130HSAN \u00c7\u0130FT\u00c7\u0130\\\/\u0130ZM\u0130R-\u0130HA) \u0130zmir'de il\u00e7e belediyelerinde patlak veren Toplu \u0130\u015f S\u00f6zle\u015fmesi (T\u0130S) krizleri giderek b\u00fcy\u00fcyor. Kar\u015f\u0131yaka, Bayrakl\u0131 ve Buca belediyelerinde g\u00f6rev yapan memurlar, kazan\u0131lm\u0131\u015f haklar\u0131n\u0131n mevcut rakamlar\u0131n alt\u0131na \u00e7ekilmek istenmesine kar\u015f\u0131 i\u015f b\u0131rakma eylemleri ger\u00e7ekle\u015ftiriyor.\"},{\"@type\":\"BreadcrumbList\",\"@id\":\"https:\\\/\\\/memurunsesi.net\\\/index.php\\\/2026\\\/04\\\/27\\\/izmir-belediyelerinde-maas-krizi-3-ilcede-memurlar-is-birakma-eyleminde\\\/#breadcrumb\",\"itemListElement\":[{\"@type\":\"ListItem\",\"position\":1,\"name\":\"Anasayfa\",\"item\":\"https:\\\/\\\/memurunsesi.net\\\/\"},{\"@type\":\"ListItem\",\"position\":2,\"name\":\"\u0130zmir belediyelerinde maa\u015f krizi: 3 il\u00e7ede memurlar i\u015f b\u0131rakma eyleminde\"}]},{\"@type\":\"WebSite\",\"@id\":\"https:\\\/\\\/memurunsesi.net\\\/#website\",\"url\":\"https:\\\/\\\/memurunsesi.net\\\/\",\"name\":\"Memurun Sesi\",\"description\":\"G\u00fcncel ve Do\u011fru Haber\",\"publisher\":{\"@id\":\"https:\\\/\\\/memurunsesi.net\\\/#organization\"},\"potentialAction\":[{\"@type\":\"SearchAction\",\"target\":{\"@type\":\"EntryPoint\",\"urlTemplate\":\"https:\\\/\\\/memurunsesi.net\\\/?s={search_term_string}\"},\"query-input\":{\"@type\":\"PropertyValueSpecification\",\"valueRequired\":true,\"valueName\":\"search_term_string\"}}],\"inLanguage\":\"tr\"},{\"@type\":\"Organization\",\"@id\":\"https:\\\/\\\/memurunsesi.net\\\/#organization\",\"name\":\"Memurun Sesi\",\"url\":\"https:\\\/\\\/memurunsesi.net\\\/\",\"logo\":{\"@type\":\"ImageObject\",\"inLanguage\":\"tr\",\"@id\":\"https:\\\/\\\/memurunsesi.net\\\/#\\\/schema\\\/logo\\\/image\\\/\",\"url\":\"https:\\\/\\\/memurunsesi.net\\\/wp-content\\\/uploads\\\/2025\\\/11\\\/cropped-MEMURUN-SESI.png\",\"contentUrl\":\"https:\\\/\\\/memurunsesi.net\\\/wp-content\\\/uploads\\\/2025\\\/11\\\/cropped-MEMURUN-SESI.png\",\"width\":238,\"height\":57,\"caption\":\"Memurun Sesi\"},\"image\":{\"@id\":\"https:\\\/\\\/memurunsesi.net\\\/#\\\/schema\\\/logo\\\/image\\\/\"},\"sameAs\":[\"https:\\\/\\\/www.facebook.com\\\/unipersen\\\/?locale=tr_TR\",\"https:\\\/\\\/x.com\\\/unipersen\"]},{\"@type\":\"Person\",\"@id\":\"https:\\\/\\\/memurunsesi.net\\\/#\\\/schema\\\/person\\\/f21c2d73b89f6ee1d80b0a1803e38587\",\"name\":\"Memurun Sesi Haber Merkezi\",\"image\":{\"@type\":\"ImageObject\",\"inLanguage\":\"tr\",\"@id\":\"https:\\\/\\\/secure.gravatar.com\\\/avatar\\\/6cf0505f452ee753f485014986fab09a434671d2b919ee76fc541025c5876a70?s=96&d=mm&r=g\",\"url\":\"https:\\\/\\\/secure.gravatar.com\\\/avatar\\\/6cf0505f452ee753f485014986fab09a434671d2b919ee76fc541025c5876a70?s=96&d=mm&r=g\",\"contentUrl\":\"https:\\\/\\\/secure.gravatar.com\\\/avatar\\\/6cf0505f452ee753f485014986fab09a434671d2b919ee76fc541025c5876a70?s=96&d=mm&r=g\",\"caption\":\"Memurun Sesi Haber Merkezi\"},\"sameAs\":[\"https:\\\/\\\/memurunsesi.net\"],\"url\":\"https:\\\/\\\/memurunsesi.net\\\/index.php\\\/author\\\/uniper\\\/\"}]}<\/script>\n<!-- \/ Yoast SEO plugin. -->","yoast_head_json":{"title":"\u0130zmir belediyelerinde maa\u015f krizi: 3 il\u00e7ede memurlar i\u015f b\u0131rakma eyleminde - Memurun Sesi","description":"\u0130zmir'de il\u00e7e belediyelerinde patlak veren Toplu \u0130\u015f S\u00f6zle\u015fmesi (T\u0130S) krizleri giderek b\u00fcy\u00fcyor. Kar\u015f\u0131yaka, Bayrakl\u0131 ve Buca belediyelerinde g\u00f6rev yapan memurlar, kazan\u0131lm\u0131\u015f haklar\u0131n\u0131n mevcut rakamlar\u0131n alt\u0131na \u00e7ekilmek istenmesine kar\u015f\u0131 i\u015f b\u0131rakma eylemleri ger\u00e7ekle\u015ftiriyor.","robots":{"index":"index","follow":"follow","max-snippet":"max-snippet:-1","max-image-preview":"max-image-preview:large","max-video-preview":"max-video-preview:-1"},"canonical":"https:\/\/memurunsesi.net\/index.php\/2026\/04\/27\/izmir-belediyelerinde-maas-krizi-3-ilcede-memurlar-is-birakma-eyleminde\/","og_locale":"tr_TR","og_type":"article","og_title":"\u0130zmir belediyelerinde maa\u015f krizi: 3 il\u00e7ede memurlar i\u015f b\u0131rakma eyleminde - Memurun Sesi","og_description":"\u0130zmir'de il\u00e7e belediyelerinde patlak veren Toplu \u0130\u015f S\u00f6zle\u015fmesi (T\u0130S) krizleri giderek b\u00fcy\u00fcyor. Kar\u015f\u0131yaka, Bayrakl\u0131 ve Buca belediyelerinde g\u00f6rev yapan memurlar, kazan\u0131lm\u0131\u015f haklar\u0131n\u0131n mevcut rakamlar\u0131n alt\u0131na \u00e7ekilmek istenmesine kar\u015f\u0131 i\u015f b\u0131rakma eylemleri ger\u00e7ekle\u015ftiriyor.","og_url":"https:\/\/memurunsesi.net\/index.php\/2026\/04\/27\/izmir-belediyelerinde-maas-krizi-3-ilcede-memurlar-is-birakma-eyleminde\/","og_site_name":"Memurun Sesi","article_publisher":"https:\/\/www.facebook.com\/unipersen\/?locale=tr_TR","article_published_time":"2026-04-27T10:39:45+00:00","og_image":[{"width":2560,"height":1920,"url":"https:\/\/memurunsesi.net\/wp-content\/uploads\/2026\/04\/izmir-1-scaled.jpg","type":"image\/jpeg"}],"author":"Memurun Sesi Haber Merkezi","twitter_card":"summary_large_image","twitter_creator":"@unipersen","twitter_site":"@unipersen","twitter_misc":{"Yazan:":"Memurun Sesi Haber Merkezi","Tahmini okuma s\u00fcresi":"3 dakika"},"schema":{"@context":"https:\/\/schema.org","@graph":[{"@type":"Article","@id":"https:\/\/memurunsesi.net\/index.php\/2026\/04\/27\/izmir-belediyelerinde-maas-krizi-3-ilcede-memurlar-is-birakma-eyleminde\/#article","isPartOf":{"@id":"https:\/\/memurunsesi.net\/index.php\/2026\/04\/27\/izmir-belediyelerinde-maas-krizi-3-ilcede-memurlar-is-birakma-eyleminde\/"},"author":{"name":"Memurun Sesi Haber Merkezi","@id":"https:\/\/memurunsesi.net\/#\/schema\/person\/f21c2d73b89f6ee1d80b0a1803e38587"},"headline":"\u0130zmir belediyelerinde maa\u015f krizi: 3 il\u00e7ede memurlar i\u015f b\u0131rakma eyleminde","datePublished":"2026-04-27T10:39:45+00:00","mainEntityOfPage":{"@id":"https:\/\/memurunsesi.net\/index.php\/2026\/04\/27\/izmir-belediyelerinde-maas-krizi-3-ilcede-memurlar-is-birakma-eyleminde\/"},"wordCount":535,"commentCount":0,"publisher":{"@id":"https:\/\/memurunsesi.net\/#organization"},"image":{"@id":"https:\/\/memurunsesi.net\/index.php\/2026\/04\/27\/izmir-belediyelerinde-maas-krizi-3-ilcede-memurlar-is-birakma-eyleminde\/#primaryimage"},"thumbnailUrl":"https:\/\/memurunsesi.net\/wp-content\/uploads\/2026\/04\/izmir-1-scaled.jpg","keywords":["alt\u0131na \u00e7ekilmek istenmesine","Bayrakl\u0131 ve Buca","belediyelerinde","b\u00fcy\u00fcyor. Kar\u015f\u0131yaka","ger\u00e7ekle\u015ftiriyor.","g\u00f6rev yapan memurlar","haklar\u0131n\u0131n","kar\u015f\u0131 i\u015f b\u0131rakma eylemleri","kazan\u0131lm\u0131\u015f","krizleri giderek","mevcut rakamlar\u0131n","Toplu \u0130\u015f S\u00f6zle\u015fmesi (T\u0130S)"],"inLanguage":"tr","potentialAction":[{"@type":"CommentAction","name":"Comment","target":["https:\/\/memurunsesi.net\/index.php\/2026\/04\/27\/izmir-belediyelerinde-maas-krizi-3-ilcede-memurlar-is-birakma-eyleminde\/#respond"]}]},{"@type":"WebPage","@id":"https:\/\/memurunsesi.net\/index.php\/2026\/04\/27\/izmir-belediyelerinde-maas-krizi-3-ilcede-memurlar-is-birakma-eyleminde\/","url":"https:\/\/memurunsesi.net\/index.php\/2026\/04\/27\/izmir-belediyelerinde-maas-krizi-3-ilcede-memurlar-is-birakma-eyleminde\/","name":"\u0130zmir belediyelerinde maa\u015f krizi: 3 il\u00e7ede memurlar i\u015f b\u0131rakma eyleminde - Memurun Sesi","isPartOf":{"@id":"https:\/\/memurunsesi.net\/#website"},"primaryImageOfPage":{"@id":"https:\/\/memurunsesi.net\/index.php\/2026\/04\/27\/izmir-belediyelerinde-maas-krizi-3-ilcede-memurlar-is-birakma-eyleminde\/#primaryimage"},"image":{"@id":"https:\/\/memurunsesi.net\/index.php\/2026\/04\/27\/izmir-belediyelerinde-maas-krizi-3-ilcede-memurlar-is-birakma-eyleminde\/#primaryimage"},"thumbnailUrl":"https:\/\/memurunsesi.net\/wp-content\/uploads\/2026\/04\/izmir-1-scaled.jpg","datePublished":"2026-04-27T10:39:45+00:00","description":"\u0130zmir'de il\u00e7e belediyelerinde patlak veren Toplu \u0130\u015f S\u00f6zle\u015fmesi (T\u0130S) krizleri giderek b\u00fcy\u00fcyor. Kar\u015f\u0131yaka, Bayrakl\u0131 ve Buca belediyelerinde g\u00f6rev yapan memurlar, kazan\u0131lm\u0131\u015f haklar\u0131n\u0131n mevcut rakamlar\u0131n alt\u0131na \u00e7ekilmek istenmesine kar\u015f\u0131 i\u015f b\u0131rakma eylemleri ger\u00e7ekle\u015ftiriyor.","breadcrumb":{"@id":"https:\/\/memurunsesi.net\/index.php\/2026\/04\/27\/izmir-belediyelerinde-maas-krizi-3-ilcede-memurlar-is-birakma-eyleminde\/#breadcrumb"},"inLanguage":"tr","potentialAction":[{"@type":"ReadAction","target":["https:\/\/memurunsesi.net\/index.php\/2026\/04\/27\/izmir-belediyelerinde-maas-krizi-3-ilcede-memurlar-is-birakma-eyleminde\/"]}]},{"@type":"ImageObject","inLanguage":"tr","@id":"https:\/\/memurunsesi.net\/index.php\/2026\/04\/27\/izmir-belediyelerinde-maas-krizi-3-ilcede-memurlar-is-birakma-eyleminde\/#primaryimage","url":"https:\/\/memurunsesi.net\/wp-content\/uploads\/2026\/04\/izmir-1-scaled.jpg","contentUrl":"https:\/\/memurunsesi.net\/wp-content\/uploads\/2026\/04\/izmir-1-scaled.jpg","width":2560,"height":1920,"caption":"\u0130ZM\u0130R'DE \u0130L\u00c7E BELED\u0130YELER\u0130NDE PATLAK VEREN TOPLU \u0130\u015e S\u00d6ZLE\u015eMES\u0130 (T\u0130S) KR\u0130ZLER\u0130 G\u0130DEREK B\u00dcY\u00dcYOR. KAR\u015eIYAKA, BAYRAKLI VE BUCA BELED\u0130YELER\u0130NDE G\u00d6REV YAPAN MEMURLAR, KAZANILMI\u015e HAKLARININ MEVCUT RAKAMLARIN ALTINA \u00c7EK\u0130LMEK \u0130STENMES\u0130NE KAR\u015eI \u0130\u015e BIRAKMA EYLEMLER\u0130 GER\u00c7EKLE\u015eT\u0130R\u0130YOR. (AL\u0130 \u0130HSAN \u00c7\u0130FT\u00c7\u0130\/\u0130ZM\u0130R-\u0130HA) \u0130zmir'de il\u00e7e belediyelerinde patlak veren Toplu \u0130\u015f S\u00f6zle\u015fmesi (T\u0130S) krizleri giderek b\u00fcy\u00fcyor. Kar\u015f\u0131yaka, Bayrakl\u0131 ve Buca belediyelerinde g\u00f6rev yapan memurlar, kazan\u0131lm\u0131\u015f haklar\u0131n\u0131n mevcut rakamlar\u0131n alt\u0131na \u00e7ekilmek istenmesine kar\u015f\u0131 i\u015f b\u0131rakma eylemleri ger\u00e7ekle\u015ftiriyor."},{"@type":"BreadcrumbList","@id":"https:\/\/memurunsesi.net\/index.php\/2026\/04\/27\/izmir-belediyelerinde-maas-krizi-3-ilcede-memurlar-is-birakma-eyleminde\/#breadcrumb","itemListElement":[{"@type":"ListItem","position":1,"name":"Anasayfa","item":"https:\/\/memurunsesi.net\/"},{"@type":"ListItem","position":2,"name":"\u0130zmir belediyelerinde maa\u015f krizi: 3 il\u00e7ede memurlar i\u015f b\u0131rakma eyleminde"}]},{"@type":"WebSite","@id":"https:\/\/memurunsesi.net\/#website","url":"https:\/\/memurunsesi.net\/","name":"Memurun Sesi","description":"G\u00fcncel ve Do\u011fru Haber","publisher":{"@id":"https:\/\/memurunsesi.net\/#organization"},"potentialAction":[{"@type":"SearchAction","target":{"@type":"EntryPoint","urlTemplate":"https:\/\/memurunsesi.net\/?s={search_term_string}"},"query-input":{"@type":"PropertyValueSpecification","valueRequired":true,"valueName":"search_term_string"}}],"inLanguage":"tr"},{"@type":"Organization","@id":"https:\/\/memurunsesi.net\/#organization","name":"Memurun Sesi","url":"https:\/\/memurunsesi.net\/","logo":{"@type":"ImageObject","inLanguage":"tr","@id":"https:\/\/memurunsesi.net\/#\/schema\/logo\/image\/","url":"https:\/\/memurunsesi.net\/wp-content\/uploads\/2025\/11\/cropped-MEMURUN-SESI.png","contentUrl":"https:\/\/memurunsesi.net\/wp-content\/uploads\/2025\/11\/cropped-MEMURUN-SESI.png","width":238,"height":57,"caption":"Memurun Sesi"},"image":{"@id":"https:\/\/memurunsesi.net\/#\/schema\/logo\/image\/"},"sameAs":["https:\/\/www.facebook.com\/unipersen\/?locale=tr_TR","https:\/\/x.com\/unipersen"]},{"@type":"Person","@id":"https:\/\/memurunsesi.net\/#\/schema\/person\/f21c2d73b89f6ee1d80b0a1803e38587","name":"Memurun Sesi Haber Merkezi","image":{"@type":"ImageObject","inLanguage":"tr","@id":"https:\/\/secure.gravatar.com\/avatar\/6cf0505f452ee753f485014986fab09a434671d2b919ee76fc541025c5876a70?s=96&d=mm&r=g","url":"https:\/\/secure.gravatar.com\/avatar\/6cf0505f452ee753f485014986fab09a434671d2b919ee76fc541025c5876a70?s=96&d=mm&r=g","contentUrl":"https:\/\/secure.gravatar.com\/avatar\/6cf0505f452ee753f485014986fab09a434671d2b919ee76fc541025c5876a70?s=96&d=mm&r=g","caption":"Memurun Sesi Haber Merkezi"},"sameAs":["https:\/\/memurunsesi.net"],"url":"https:\/\/memurunsesi.net\/index.php\/author\/uniper\/"}]}},"_links":{"self":[{"href":"https:\/\/memurunsesi.net\/index.php\/wp-json\/wp\/v2\/posts\/19662","targetHints":{"allow":["GET"]}}],"collection":[{"href":"https:\/\/memurunsesi.net\/index.php\/wp-json\/wp\/v2\/posts"}],"about":[{"href":"https:\/\/memurunsesi.net\/index.php\/wp-json\/wp\/v2\/types\/post"}],"author":[{"embeddable":true,"href":"https:\/\/memurunsesi.net\/index.php\/wp-json\/wp\/v2\/users\/1"}],"replies":[{"embeddable":true,"href":"https:\/\/memurunsesi.net\/index.php\/wp-json\/wp\/v2\/comments?post=19662"}],"version-history":[{"count":1,"href":"https:\/\/memurunsesi.net\/index.php\/wp-json\/wp\/v2\/posts\/19662\/revisions"}],"predecessor-version":[{"id":19664,"href":"https:\/\/memurunsesi.net\/index.php\/wp-json\/wp\/v2\/posts\/19662\/revisions\/19664"}],"wp:featuredmedia":[{"embeddable":true,"href":"https:\/\/memurunsesi.net\/index.php\/wp-json\/wp\/v2\/media\/19663"}],"wp:attachment":[{"href":"https:\/\/memurunsesi.net\/index.php\/wp-json\/wp\/v2\/media?parent=19662"}],"wp:term":[{"taxonomy":"category","embeddable":true,"href":"https:\/\/memurunsesi.net\/index.php\/wp-json\/wp\/v2\/categories?post=19662"},{"taxonomy":"post_tag","embeddable":true,"href":"https:\/\/memurunsesi.net\/index.php\/wp-json\/wp\/v2\/tags?post=19662"}],"curies":[{"name":"wp","href":"https:\/\/api.w.org\/{rel}","templated":true}]}}