{"id":19668,"date":"2026-04-27T13:50:12","date_gmt":"2026-04-27T10:50:12","guid":{"rendered":"https:\/\/memurunsesi.net\/?p=19668"},"modified":"2026-04-27T13:50:12","modified_gmt":"2026-04-27T10:50:12","slug":"mediamarkt-turkiyeden-elektronik-atik-destegi","status":"publish","type":"post","link":"https:\/\/memurunsesi.net\/index.php\/2026\/04\/27\/mediamarkt-turkiyeden-elektronik-atik-destegi\/","title":{"rendered":"MediaMarkt T\u00fcrkiye\u2019den elektronik at\u0131k deste\u011fi"},"content":{"rendered":"<p>MediaMarkt T\u00fcrkiye, d\u00fcnyada ve \u00fclkemizde giderek b\u00fcy\u00fcyen elektronik at\u0131k sorununa \u00e7\u00f6z\u00fcm sunmak amac\u0131yla Mol-e i\u015f birli\u011fiyle &#8220;Elektronik At\u0131k Geri D\u00f6n\u00fc\u015f\u00fcm&#8221; projesini hayata ge\u00e7irdi. Pilot olarak Mersin, Kayseri ve \u0130zmir\u2019deki t\u00fcm ma\u011fazalarda ba\u015flat\u0131lan ve kademeli olarak t\u00fcm T\u00fcrkiye\u2019ye yay\u0131lmas\u0131 planlanan uygulama ile at\u0131k durumdaki elektronik cihazlar markan\u0131n ma\u011fazalar\u0131ndaki at\u0131k toplama \u00fcnitelerinde toplanarak tekrar ekonomiye kazand\u0131r\u0131l\u0131yor.<\/p>\n<p>D\u00fcnyada her y\u0131l 62 milyon ton elektronik at\u0131k \u00fcretilirken, bu at\u0131klar\u0131n i\u00e7inde yer alan yakla\u015f\u0131k 62,5 milyar dolarl\u0131k geri kazan\u0131labilir de\u011fer, b\u00fcy\u00fck \u00f6l\u00e7\u00fcde ekonomiye kazand\u0131r\u0131lamadan kayboluyor. T\u00fcrkiye\u2019de ise y\u0131lda yakla\u015f\u0131k 700 bin ton e-at\u0131k olu\u015fmas\u0131na ra\u011fmen geri d\u00f6n\u00fc\u015f\u00fcm oran\u0131 yaln\u0131zca y\u00fczde 10 seviyesinde kal\u0131yor. Giderek b\u00fcy\u00fcyen e-at\u0131k sorununa bir \u00e7\u00f6z\u00fcm sunmak amac\u0131yla harekete ge\u00e7en MediaMarkt T\u00fcrkiye, &#8220;Daha \u0130yiye&#8221; s\u00fcrd\u00fcr\u00fclebilirlik vizyonu do\u011frultusunda somut bir ad\u0131m atarak Elektronik At\u0131k Geri D\u00f6n\u00fc\u015f\u00fcm projesini hayata ge\u00e7irdi.<br \/>\nMol-e i\u015f birli\u011fiyle ilk olarak Mersin, Kayseri ve \u0130zmir\u2019deki MediaMarkt ma\u011fazalar\u0131nda pilot olarak ba\u015flat\u0131lan uygulama bir geri d\u00f6n\u00fc\u015f\u00fcm hareketinin \u00f6tesinde, \u00e2t\u0131l durumdaki cihazlar\u0131n d\u00f6n\u00fc\u015f\u00fcm yolculu\u011funa da katk\u0131 sa\u011flayan b\u00fct\u00fcnc\u00fcl bir ekosistem sunuyor. B\u00f6ylece \u00e7ekmecelerde, dolaplarda bekleyen \u00e2t\u0131l cihazlar\u0131n ileri d\u00f6n\u00fc\u015ft\u00fcr\u00fclerek stratejik hammadde kayna\u011f\u0131na d\u00f6n\u00fc\u015ft\u00fcr\u00fclmesi hedefleniyor. Proje kapsam\u0131nda t\u00fcketiciler, evlerinde \u00e2t\u0131l durumda bulunan elektronik cihazlar\u0131 markan\u0131n ma\u011fazalar\u0131na getirerek bu cihazlar\u0131 de\u011fere d\u00f6n\u00fc\u015ft\u00fcrebilecek.<br \/>\nMol-e\u2019nin dijital altyap\u0131s\u0131 sayesinde e-at\u0131klar\u0131n toplanmas\u0131, s\u0131n\u0131fland\u0131r\u0131lmas\u0131 ve geri d\u00f6n\u00fc\u015f\u00fcm s\u00fcre\u00e7leri u\u00e7tan uca izlenebilir hale gelirken, kullan\u0131c\u0131lar da s\u00fcrece aktif olarak dahil oluyor. Markan\u0131 ba\u015flatt\u0131\u011f\u0131 bu geri d\u00f6n\u00fc\u015f\u00fcm ekosistemini, pilot a\u015faman\u0131n ard\u0131ndan k\u0131sa s\u00fcrede T\u00fcrkiye genelindeki t\u00fcm ma\u011fazalar\u0131na yaymay\u0131 hedefliyor.<br \/>\nTeknolojinin t\u00fcm ya\u015fam d\u00f6ng\u00fcs\u00fcnde &#8220;Daha \u0130yiye&#8221; hedefi<br \/>\nMarka, cihazlar\u0131n sadece sat\u0131\u015f an\u0131nda de\u011fil; kullan\u0131m s\u00fcresi boyunca ve kullan\u0131m \u00f6mr\u00fc tamamland\u0131\u011f\u0131nda da m\u00fc\u015fterilerinin yan\u0131nda yer al\u0131yor. Cihaz bak\u0131m hizmetleriyle cihazlar\u0131n kullan\u0131m \u00f6mr\u00fcn\u00fc uzatmaya yard\u0131mc\u0131 olan, &#8220;Geri Al\u0131m&#8221; (Buy Back) ve yenileme hizmetiyle cihazlar\u0131 \u00e7\u00f6pe gitmek yerine yeniden ekonomiye kazand\u0131ran marka, e-at\u0131k projesiyle bu d\u00f6ng\u00fcy\u00fc tamaml\u0131yor.<br \/>\nYeni proje hakk\u0131nda bilgi veren MediaMarkt T\u00fcrkiye Pazarlama, E-Ticaret ve Kurumsal \u0130leti\u015fim Direkt\u00f6r\u00fc Tolga \u00dcnvan \u015funlar\u0131 s\u00f6yledi: &#8220;\u015eirket olarak s\u00fcrd\u00fcr\u00fclebilirli\u011fi t\u00fcm s\u00fcre\u00e7lerimizin merkezine koyuyoruz. Teknoloji al\u0131\u015fveri\u015flerinde yenileme evrimini yakalarken, 11 farkl\u0131 cihaz i\u00e7in sundu\u011fumuz bak\u0131m paketlerimizle de cihazlar\u0131n daha uzun s\u00fcreli kullan\u0131m\u0131na yard\u0131mc\u0131 oluyoruz. \u015eimdi ise elektronik at\u0131k gibi hem \u00e7evresel hem de ekonomik anlamda b\u00fcy\u00fck bir soruna \u00e7\u00f6z\u00fcm sunmak i\u00e7in elimizi ta\u015f\u0131n alt\u0131na koyuyor; \u00e2t\u0131l cihazlar\u0131 d\u00f6ng\u00fcsel ekonominin bir par\u00e7as\u0131 haline getiriyoruz. Amac\u0131m\u0131z, d\u00f6ng\u00fcsel ekonomiyi yayg\u0131nla\u015ft\u0131rmak ve s\u00fcrd\u00fcr\u00fclebilir t\u00fcketimi g\u00fcnl\u00fck hayat\u0131n do\u011fal bir par\u00e7as\u0131 haline getirmek&#8221;.<br \/>\nElektronik at\u0131klar \u00e7evresel riskten ekonomik de\u011fere d\u00f6n\u00fc\u015f\u00fcyor<br \/>\nElektronik at\u0131klar; alt\u0131n, bak\u0131r, al\u00fcminyum ve nadir toprak elementleri gibi de\u011ferli hammaddeler i\u00e7eriyor. 1 ton e-at\u0131k, geleneksel maden cevherine k\u0131yasla 100 kata kadar daha fazla alt\u0131n bar\u0131nd\u0131rabiliyor. Ayr\u0131ca at\u0131klar\u0131n geri d\u00f6n\u00fc\u015f\u00fcm\u00fc, klasik madencili\u011fe g\u00f6re y\u00fczde 80\u2019e kadar daha az sera gaz\u0131 sal\u0131m\u0131 ve 13 kata kadar daha az enerji kullan\u0131m\u0131 sa\u011fl\u0131yor. Bu da elektronik at\u0131klar\u0131 yaln\u0131zca \u00e7evresel bir sorun olmaktan \u00e7\u0131kar\u0131p \u00f6nemli bir ekonomik kaynak haline getiriyor.<br \/>\nYapay zek\u00e2 ile geri d\u00f6n\u00fc\u015f\u00fcm yolculu\u011fu \u015feffaf bir \u015fekilde takip ediliyor<br \/>\nYap\u0131lan a\u00e7\u0131klamaya g\u00f6re, hayat ge\u00e7irilen yeni uygulama ile geri d\u00f6n\u00fc\u015f\u00fcm s\u00fcreci tamamen dijital ve \u015feffaf bir yap\u0131ya kavu\u015fuyor. T\u00fcketiciler elektronik at\u0131klar\u0131n\u0131 markan\u0131n ma\u011fazalar\u0131ndaki ak\u0131ll\u0131 elektronik at\u0131k toplama \u00fcnitelerine getirdiklerinde s\u00fcre\u00e7 ba\u015fl\u0131yor. Mol-e mobil uygulamas\u0131 \u00fczerinden QR kod okutularak cihaz\u0131n foto\u011fraf\u0131 y\u00fcklendi\u011finde, yapay zek\u00e2 cihaz\u0131 saniyeler i\u00e7inde tan\u0131yor ve o at\u0131\u011fa \u00f6zel bir \u2018Dijital At\u0131k Pasaportu\u2019 olu\u015fturuluyor. Kullan\u0131c\u0131lar, teslim ettikleri at\u0131\u011f\u0131n geri d\u00f6n\u00fc\u015f\u00fcm yolculu\u011funu ve bu sayede ne kadar karbon ayak izini \u00f6nlediklerini uygulama \u00fczerinden anl\u0131k olarak izleyebiliyor. Geri d\u00f6n\u00fc\u015f\u00fcme katk\u0131 sa\u011flayan t\u00fcketiciler, kazand\u0131klar\u0131 puanlar\u0131 MediaMarkt ma\u011fazalar\u0131nda Club puana d\u00f6n\u00fc\u015ft\u00fcrerek al\u0131\u015fveri\u015flerinde kullanabiliyor.<\/p>\n<p>27.04.2026<\/p>\n","protected":false},"excerpt":{"rendered":"<p>MediaMarkt T\u00fcrkiye, d\u00fcnyada ve \u00fclkemizde giderek b\u00fcy\u00fcyen elektronik at\u0131k sorununa \u00e7\u00f6z\u00fcm sunmak amac\u0131yla Mol-e i\u015f birli\u011fiyle &#8220;Elektronik At\u0131k Geri D\u00f6n\u00fc\u015f\u00fcm&#8221; projesini hayata ge\u00e7irdi. Pilot olarak Mersin, Kayseri ve \u0130zmir\u2019deki t\u00fcm ma\u011fazalarda ba\u015flat\u0131lan ve kademeli olarak t\u00fcm T\u00fcrkiye\u2019ye yay\u0131lmas\u0131 planlanan uygulama ile at\u0131k durumdaki elektronik cihazlar markan\u0131n ma\u011fazalar\u0131ndaki at\u0131k toplama \u00fcnitelerinde toplanarak tekrar ekonomiye kazand\u0131r\u0131l\u0131yor. D\u00fcnyada [&hellip;]<\/p>\n","protected":false},"author":1,"featured_media":19669,"comment_status":"open","ping_status":"open","sticky":false,"template":"","format":"standard","meta":{"footnotes":""},"categories":[45],"tags":[3658,3651,3654,3652,3663,3659,2875,3656,3662,3660,3661,3653,3655,3657],"class_list":["post-19668","post","type-post","status-publish","format-standard","has-post-thumbnail","hentry","category-gundem","tag-cihazlar-markanin","tag-elektronik-atik-geri-donusum-projesini-hayata-gecirdi-pilot-olarak","tag-kademeli-olarak-tum","tag-kayseri-ve-izmirdeki","tag-kazandiriliyor","tag-magazalarindaki-atik","tag-mersin","tag-planlanan","tag-tekrar-ekonomiye","tag-toplama-unitelerinde","tag-toplanarak","tag-tum-magazalarda-baslatilan","tag-turkiyeye-yayilmasi","tag-uygulama-ile-atik-durumdaki-elektronik"],"yoast_head":"<!-- This site is optimized with the Yoast SEO plugin v27.4 - https:\/\/yoast.com\/product\/yoast-seo-wordpress\/ -->\n<title>MediaMarkt T\u00fcrkiye\u2019den elektronik at\u0131k deste\u011fi - Memurun Sesi<\/title>\n<meta name=\"description\" content=\"\u00a0MediaMarkt T\u00fcrkiye, d\u00fcnyada ve \u00fclkemizde giderek b\u00fcy\u00fcyen elektronik at\u0131k sorununa \u00e7\u00f6z\u00fcm sunmak amac\u0131yla Mol-e i\u015f birli\u011fiyle &quot;Elektronik At\u0131k Geri D\u00f6n\u00fc\u015f\u00fcm&quot; projesini hayata ge\u00e7irdi. Pilot olarak Mersin, Kayseri ve \u0130zmir\u2019deki t\u00fcm ma\u011fazalarda ba\u015flat\u0131lan ve kademeli olarak t\u00fcm T\u00fcrkiye\u2019ye yay\u0131lmas\u0131 planlanan uygulama ile at\u0131k durumdaki elektronik cihazlar markan\u0131n ma\u011fazalar\u0131ndaki at\u0131k toplama \u00fcnitelerinde toplanarak tekrar ekonomiye kazand\u0131r\u0131l\u0131yor.\" \/>\n<meta name=\"robots\" content=\"index, follow, max-snippet:-1, max-image-preview:large, max-video-preview:-1\" \/>\n<link rel=\"canonical\" href=\"https:\/\/memurunsesi.net\/index.php\/2026\/04\/27\/mediamarkt-turkiyeden-elektronik-atik-destegi\/\" \/>\n<meta property=\"og:locale\" content=\"tr_TR\" \/>\n<meta property=\"og:type\" content=\"article\" \/>\n<meta property=\"og:title\" content=\"MediaMarkt T\u00fcrkiye\u2019den elektronik at\u0131k deste\u011fi - Memurun Sesi\" \/>\n<meta property=\"og:description\" content=\"\u00a0MediaMarkt T\u00fcrkiye, d\u00fcnyada ve \u00fclkemizde giderek b\u00fcy\u00fcyen elektronik at\u0131k sorununa \u00e7\u00f6z\u00fcm sunmak amac\u0131yla Mol-e i\u015f birli\u011fiyle &quot;Elektronik At\u0131k Geri D\u00f6n\u00fc\u015f\u00fcm&quot; projesini hayata ge\u00e7irdi. Pilot olarak Mersin, Kayseri ve \u0130zmir\u2019deki t\u00fcm ma\u011fazalarda ba\u015flat\u0131lan ve kademeli olarak t\u00fcm T\u00fcrkiye\u2019ye yay\u0131lmas\u0131 planlanan uygulama ile at\u0131k durumdaki elektronik cihazlar markan\u0131n ma\u011fazalar\u0131ndaki at\u0131k toplama \u00fcnitelerinde toplanarak tekrar ekonomiye kazand\u0131r\u0131l\u0131yor.\" \/>\n<meta property=\"og:url\" content=\"https:\/\/memurunsesi.net\/index.php\/2026\/04\/27\/mediamarkt-turkiyeden-elektronik-atik-destegi\/\" \/>\n<meta property=\"og:site_name\" content=\"Memurun Sesi\" \/>\n<meta property=\"article:publisher\" content=\"https:\/\/www.facebook.com\/unipersen\/?locale=tr_TR\" \/>\n<meta property=\"article:published_time\" content=\"2026-04-27T10:50:12+00:00\" \/>\n<meta property=\"og:image\" content=\"https:\/\/memurunsesi.net\/wp-content\/uploads\/2026\/04\/media-scaled.jpg\" \/>\n\t<meta property=\"og:image:width\" content=\"1880\" \/>\n\t<meta property=\"og:image:height\" content=\"2560\" \/>\n\t<meta property=\"og:image:type\" content=\"image\/jpeg\" \/>\n<meta name=\"author\" content=\"Memurun Sesi Haber Merkezi\" \/>\n<meta name=\"twitter:card\" content=\"summary_large_image\" \/>\n<meta name=\"twitter:creator\" content=\"@unipersen\" \/>\n<meta name=\"twitter:site\" content=\"@unipersen\" \/>\n<meta name=\"twitter:label1\" content=\"Yazan:\" \/>\n\t<meta name=\"twitter:data1\" content=\"Memurun Sesi Haber Merkezi\" \/>\n\t<meta name=\"twitter:label2\" content=\"Tahmini okuma s\u00fcresi\" \/>\n\t<meta name=\"twitter:data2\" content=\"4 dakika\" \/>\n<script type=\"application\/ld+json\" class=\"yoast-schema-graph\">{\"@context\":\"https:\\\/\\\/schema.org\",\"@graph\":[{\"@type\":\"Article\",\"@id\":\"https:\\\/\\\/memurunsesi.net\\\/index.php\\\/2026\\\/04\\\/27\\\/mediamarkt-turkiyeden-elektronik-atik-destegi\\\/#article\",\"isPartOf\":{\"@id\":\"https:\\\/\\\/memurunsesi.net\\\/index.php\\\/2026\\\/04\\\/27\\\/mediamarkt-turkiyeden-elektronik-atik-destegi\\\/\"},\"author\":{\"name\":\"Memurun Sesi Haber Merkezi\",\"@id\":\"https:\\\/\\\/memurunsesi.net\\\/#\\\/schema\\\/person\\\/f21c2d73b89f6ee1d80b0a1803e38587\"},\"headline\":\"MediaMarkt T\u00fcrkiye\u2019den elektronik at\u0131k deste\u011fi\",\"datePublished\":\"2026-04-27T10:50:12+00:00\",\"mainEntityOfPage\":{\"@id\":\"https:\\\/\\\/memurunsesi.net\\\/index.php\\\/2026\\\/04\\\/27\\\/mediamarkt-turkiyeden-elektronik-atik-destegi\\\/\"},\"wordCount\":841,\"commentCount\":0,\"publisher\":{\"@id\":\"https:\\\/\\\/memurunsesi.net\\\/#organization\"},\"image\":{\"@id\":\"https:\\\/\\\/memurunsesi.net\\\/index.php\\\/2026\\\/04\\\/27\\\/mediamarkt-turkiyeden-elektronik-atik-destegi\\\/#primaryimage\"},\"thumbnailUrl\":\"https:\\\/\\\/memurunsesi.net\\\/wp-content\\\/uploads\\\/2026\\\/04\\\/media-scaled.jpg\",\"keywords\":[\"cihazlar markan\u0131n\",\"Elektronik At\u0131k Geri D\u00f6n\u00fc\u015f\u00fcm\\\" projesini hayata ge\u00e7irdi. Pilot olarak\",\"kademeli olarak t\u00fcm\",\"Kayseri ve \u0130zmir\u2019deki\",\"kazand\u0131r\u0131l\u0131yor.\",\"ma\u011fazalar\u0131ndaki at\u0131k\",\"mersin\",\"planlanan\",\"tekrar ekonomiye\",\"toplama \u00fcnitelerinde\",\"toplanarak\",\"t\u00fcm ma\u011fazalarda ba\u015flat\u0131lan\",\"T\u00fcrkiye\u2019ye yay\u0131lmas\u0131\",\"uygulama ile at\u0131k durumdaki elektronik\"],\"articleSection\":[\"G\u00fcndem\"],\"inLanguage\":\"tr\",\"potentialAction\":[{\"@type\":\"CommentAction\",\"name\":\"Comment\",\"target\":[\"https:\\\/\\\/memurunsesi.net\\\/index.php\\\/2026\\\/04\\\/27\\\/mediamarkt-turkiyeden-elektronik-atik-destegi\\\/#respond\"]}]},{\"@type\":\"WebPage\",\"@id\":\"https:\\\/\\\/memurunsesi.net\\\/index.php\\\/2026\\\/04\\\/27\\\/mediamarkt-turkiyeden-elektronik-atik-destegi\\\/\",\"url\":\"https:\\\/\\\/memurunsesi.net\\\/index.php\\\/2026\\\/04\\\/27\\\/mediamarkt-turkiyeden-elektronik-atik-destegi\\\/\",\"name\":\"MediaMarkt T\u00fcrkiye\u2019den elektronik at\u0131k deste\u011fi - Memurun Sesi\",\"isPartOf\":{\"@id\":\"https:\\\/\\\/memurunsesi.net\\\/#website\"},\"primaryImageOfPage\":{\"@id\":\"https:\\\/\\\/memurunsesi.net\\\/index.php\\\/2026\\\/04\\\/27\\\/mediamarkt-turkiyeden-elektronik-atik-destegi\\\/#primaryimage\"},\"image\":{\"@id\":\"https:\\\/\\\/memurunsesi.net\\\/index.php\\\/2026\\\/04\\\/27\\\/mediamarkt-turkiyeden-elektronik-atik-destegi\\\/#primaryimage\"},\"thumbnailUrl\":\"https:\\\/\\\/memurunsesi.net\\\/wp-content\\\/uploads\\\/2026\\\/04\\\/media-scaled.jpg\",\"datePublished\":\"2026-04-27T10:50:12+00:00\",\"description\":\"\u00a0MediaMarkt T\u00fcrkiye, d\u00fcnyada ve \u00fclkemizde giderek b\u00fcy\u00fcyen elektronik at\u0131k sorununa \u00e7\u00f6z\u00fcm sunmak amac\u0131yla Mol-e i\u015f birli\u011fiyle \\\"Elektronik At\u0131k Geri D\u00f6n\u00fc\u015f\u00fcm\\\" projesini hayata ge\u00e7irdi. Pilot olarak Mersin, Kayseri ve \u0130zmir\u2019deki t\u00fcm ma\u011fazalarda ba\u015flat\u0131lan ve kademeli olarak t\u00fcm T\u00fcrkiye\u2019ye yay\u0131lmas\u0131 planlanan uygulama ile at\u0131k durumdaki elektronik cihazlar markan\u0131n ma\u011fazalar\u0131ndaki at\u0131k toplama \u00fcnitelerinde toplanarak tekrar ekonomiye kazand\u0131r\u0131l\u0131yor.\",\"breadcrumb\":{\"@id\":\"https:\\\/\\\/memurunsesi.net\\\/index.php\\\/2026\\\/04\\\/27\\\/mediamarkt-turkiyeden-elektronik-atik-destegi\\\/#breadcrumb\"},\"inLanguage\":\"tr\",\"potentialAction\":[{\"@type\":\"ReadAction\",\"target\":[\"https:\\\/\\\/memurunsesi.net\\\/index.php\\\/2026\\\/04\\\/27\\\/mediamarkt-turkiyeden-elektronik-atik-destegi\\\/\"]}]},{\"@type\":\"ImageObject\",\"inLanguage\":\"tr\",\"@id\":\"https:\\\/\\\/memurunsesi.net\\\/index.php\\\/2026\\\/04\\\/27\\\/mediamarkt-turkiyeden-elektronik-atik-destegi\\\/#primaryimage\",\"url\":\"https:\\\/\\\/memurunsesi.net\\\/wp-content\\\/uploads\\\/2026\\\/04\\\/media-scaled.jpg\",\"contentUrl\":\"https:\\\/\\\/memurunsesi.net\\\/wp-content\\\/uploads\\\/2026\\\/04\\\/media-scaled.jpg\",\"width\":1880,\"height\":2560,\"caption\":\"MED\u0130AMARKT T\u00dcRK\u0130YE PAZARLAMA, E-T\u0130CARET VE KURUMSAL \u0130LET\u0130\u015e\u0130M D\u0130REKT\u00d6R\u00dc TOLGA \u00dcNVAN (SOLDA) (\u0130HA\\\/\u0130STANBUL-\u0130HA) MediaMarkt T\u00fcrkiye, d\u00fcnyada ve \u00fclkemizde giderek b\u00fcy\u00fcyen elektronik at\u0131k sorununa \u00e7\u00f6z\u00fcm sunmak amac\u0131yla Mol-e i\u015f birli\u011fiyle \\\"Elektronik At\u0131k Geri D\u00f6n\u00fc\u015f\u00fcm\\\" projesini hayata ge\u00e7irdi. Pilot olarak Mersin, Kayseri ve \u0130zmir'deki t\u00fcm ma\u011fazalarda ba\u015flat\u0131lan ve kademeli olarak t\u00fcm T\u00fcrkiye'ye yay\u0131lmas\u0131 planlanan uygulama ile at\u0131k durumdaki elektronik cihazlar markan\u0131n ma\u011fazalar\u0131ndaki at\u0131k toplama \u00fcnitelerinde toplanarak tekrar ekonomiye kazand\u0131r\u0131l\u0131yor.\"},{\"@type\":\"BreadcrumbList\",\"@id\":\"https:\\\/\\\/memurunsesi.net\\\/index.php\\\/2026\\\/04\\\/27\\\/mediamarkt-turkiyeden-elektronik-atik-destegi\\\/#breadcrumb\",\"itemListElement\":[{\"@type\":\"ListItem\",\"position\":1,\"name\":\"Anasayfa\",\"item\":\"https:\\\/\\\/memurunsesi.net\\\/\"},{\"@type\":\"ListItem\",\"position\":2,\"name\":\"MediaMarkt T\u00fcrkiye\u2019den elektronik at\u0131k deste\u011fi\"}]},{\"@type\":\"WebSite\",\"@id\":\"https:\\\/\\\/memurunsesi.net\\\/#website\",\"url\":\"https:\\\/\\\/memurunsesi.net\\\/\",\"name\":\"Memurun Sesi\",\"description\":\"G\u00fcncel ve Do\u011fru Haber\",\"publisher\":{\"@id\":\"https:\\\/\\\/memurunsesi.net\\\/#organization\"},\"potentialAction\":[{\"@type\":\"SearchAction\",\"target\":{\"@type\":\"EntryPoint\",\"urlTemplate\":\"https:\\\/\\\/memurunsesi.net\\\/?s={search_term_string}\"},\"query-input\":{\"@type\":\"PropertyValueSpecification\",\"valueRequired\":true,\"valueName\":\"search_term_string\"}}],\"inLanguage\":\"tr\"},{\"@type\":\"Organization\",\"@id\":\"https:\\\/\\\/memurunsesi.net\\\/#organization\",\"name\":\"Memurun Sesi\",\"url\":\"https:\\\/\\\/memurunsesi.net\\\/\",\"logo\":{\"@type\":\"ImageObject\",\"inLanguage\":\"tr\",\"@id\":\"https:\\\/\\\/memurunsesi.net\\\/#\\\/schema\\\/logo\\\/image\\\/\",\"url\":\"https:\\\/\\\/memurunsesi.net\\\/wp-content\\\/uploads\\\/2025\\\/11\\\/cropped-MEMURUN-SESI.png\",\"contentUrl\":\"https:\\\/\\\/memurunsesi.net\\\/wp-content\\\/uploads\\\/2025\\\/11\\\/cropped-MEMURUN-SESI.png\",\"width\":238,\"height\":57,\"caption\":\"Memurun Sesi\"},\"image\":{\"@id\":\"https:\\\/\\\/memurunsesi.net\\\/#\\\/schema\\\/logo\\\/image\\\/\"},\"sameAs\":[\"https:\\\/\\\/www.facebook.com\\\/unipersen\\\/?locale=tr_TR\",\"https:\\\/\\\/x.com\\\/unipersen\"]},{\"@type\":\"Person\",\"@id\":\"https:\\\/\\\/memurunsesi.net\\\/#\\\/schema\\\/person\\\/f21c2d73b89f6ee1d80b0a1803e38587\",\"name\":\"Memurun Sesi Haber Merkezi\",\"image\":{\"@type\":\"ImageObject\",\"inLanguage\":\"tr\",\"@id\":\"https:\\\/\\\/secure.gravatar.com\\\/avatar\\\/6cf0505f452ee753f485014986fab09a434671d2b919ee76fc541025c5876a70?s=96&d=mm&r=g\",\"url\":\"https:\\\/\\\/secure.gravatar.com\\\/avatar\\\/6cf0505f452ee753f485014986fab09a434671d2b919ee76fc541025c5876a70?s=96&d=mm&r=g\",\"contentUrl\":\"https:\\\/\\\/secure.gravatar.com\\\/avatar\\\/6cf0505f452ee753f485014986fab09a434671d2b919ee76fc541025c5876a70?s=96&d=mm&r=g\",\"caption\":\"Memurun Sesi Haber Merkezi\"},\"sameAs\":[\"https:\\\/\\\/memurunsesi.net\"],\"url\":\"https:\\\/\\\/memurunsesi.net\\\/index.php\\\/author\\\/uniper\\\/\"}]}<\/script>\n<!-- \/ Yoast SEO plugin. -->","yoast_head_json":{"title":"MediaMarkt T\u00fcrkiye\u2019den elektronik at\u0131k deste\u011fi - Memurun Sesi","description":"\u00a0MediaMarkt T\u00fcrkiye, d\u00fcnyada ve \u00fclkemizde giderek b\u00fcy\u00fcyen elektronik at\u0131k sorununa \u00e7\u00f6z\u00fcm sunmak amac\u0131yla Mol-e i\u015f birli\u011fiyle \"Elektronik At\u0131k Geri D\u00f6n\u00fc\u015f\u00fcm\" projesini hayata ge\u00e7irdi. Pilot olarak Mersin, Kayseri ve \u0130zmir\u2019deki t\u00fcm ma\u011fazalarda ba\u015flat\u0131lan ve kademeli olarak t\u00fcm T\u00fcrkiye\u2019ye yay\u0131lmas\u0131 planlanan uygulama ile at\u0131k durumdaki elektronik cihazlar markan\u0131n ma\u011fazalar\u0131ndaki at\u0131k toplama \u00fcnitelerinde toplanarak tekrar ekonomiye kazand\u0131r\u0131l\u0131yor.","robots":{"index":"index","follow":"follow","max-snippet":"max-snippet:-1","max-image-preview":"max-image-preview:large","max-video-preview":"max-video-preview:-1"},"canonical":"https:\/\/memurunsesi.net\/index.php\/2026\/04\/27\/mediamarkt-turkiyeden-elektronik-atik-destegi\/","og_locale":"tr_TR","og_type":"article","og_title":"MediaMarkt T\u00fcrkiye\u2019den elektronik at\u0131k deste\u011fi - Memurun Sesi","og_description":"\u00a0MediaMarkt T\u00fcrkiye, d\u00fcnyada ve \u00fclkemizde giderek b\u00fcy\u00fcyen elektronik at\u0131k sorununa \u00e7\u00f6z\u00fcm sunmak amac\u0131yla Mol-e i\u015f birli\u011fiyle \"Elektronik At\u0131k Geri D\u00f6n\u00fc\u015f\u00fcm\" projesini hayata ge\u00e7irdi. Pilot olarak Mersin, Kayseri ve \u0130zmir\u2019deki t\u00fcm ma\u011fazalarda ba\u015flat\u0131lan ve kademeli olarak t\u00fcm T\u00fcrkiye\u2019ye yay\u0131lmas\u0131 planlanan uygulama ile at\u0131k durumdaki elektronik cihazlar markan\u0131n ma\u011fazalar\u0131ndaki at\u0131k toplama \u00fcnitelerinde toplanarak tekrar ekonomiye kazand\u0131r\u0131l\u0131yor.","og_url":"https:\/\/memurunsesi.net\/index.php\/2026\/04\/27\/mediamarkt-turkiyeden-elektronik-atik-destegi\/","og_site_name":"Memurun Sesi","article_publisher":"https:\/\/www.facebook.com\/unipersen\/?locale=tr_TR","article_published_time":"2026-04-27T10:50:12+00:00","og_image":[{"width":1880,"height":2560,"url":"https:\/\/memurunsesi.net\/wp-content\/uploads\/2026\/04\/media-scaled.jpg","type":"image\/jpeg"}],"author":"Memurun Sesi Haber Merkezi","twitter_card":"summary_large_image","twitter_creator":"@unipersen","twitter_site":"@unipersen","twitter_misc":{"Yazan:":"Memurun Sesi Haber Merkezi","Tahmini okuma s\u00fcresi":"4 dakika"},"schema":{"@context":"https:\/\/schema.org","@graph":[{"@type":"Article","@id":"https:\/\/memurunsesi.net\/index.php\/2026\/04\/27\/mediamarkt-turkiyeden-elektronik-atik-destegi\/#article","isPartOf":{"@id":"https:\/\/memurunsesi.net\/index.php\/2026\/04\/27\/mediamarkt-turkiyeden-elektronik-atik-destegi\/"},"author":{"name":"Memurun Sesi Haber Merkezi","@id":"https:\/\/memurunsesi.net\/#\/schema\/person\/f21c2d73b89f6ee1d80b0a1803e38587"},"headline":"MediaMarkt T\u00fcrkiye\u2019den elektronik at\u0131k deste\u011fi","datePublished":"2026-04-27T10:50:12+00:00","mainEntityOfPage":{"@id":"https:\/\/memurunsesi.net\/index.php\/2026\/04\/27\/mediamarkt-turkiyeden-elektronik-atik-destegi\/"},"wordCount":841,"commentCount":0,"publisher":{"@id":"https:\/\/memurunsesi.net\/#organization"},"image":{"@id":"https:\/\/memurunsesi.net\/index.php\/2026\/04\/27\/mediamarkt-turkiyeden-elektronik-atik-destegi\/#primaryimage"},"thumbnailUrl":"https:\/\/memurunsesi.net\/wp-content\/uploads\/2026\/04\/media-scaled.jpg","keywords":["cihazlar markan\u0131n","Elektronik At\u0131k Geri D\u00f6n\u00fc\u015f\u00fcm\" projesini hayata ge\u00e7irdi. Pilot olarak","kademeli olarak t\u00fcm","Kayseri ve \u0130zmir\u2019deki","kazand\u0131r\u0131l\u0131yor.","ma\u011fazalar\u0131ndaki at\u0131k","mersin","planlanan","tekrar ekonomiye","toplama \u00fcnitelerinde","toplanarak","t\u00fcm ma\u011fazalarda ba\u015flat\u0131lan","T\u00fcrkiye\u2019ye yay\u0131lmas\u0131","uygulama ile at\u0131k durumdaki elektronik"],"articleSection":["G\u00fcndem"],"inLanguage":"tr","potentialAction":[{"@type":"CommentAction","name":"Comment","target":["https:\/\/memurunsesi.net\/index.php\/2026\/04\/27\/mediamarkt-turkiyeden-elektronik-atik-destegi\/#respond"]}]},{"@type":"WebPage","@id":"https:\/\/memurunsesi.net\/index.php\/2026\/04\/27\/mediamarkt-turkiyeden-elektronik-atik-destegi\/","url":"https:\/\/memurunsesi.net\/index.php\/2026\/04\/27\/mediamarkt-turkiyeden-elektronik-atik-destegi\/","name":"MediaMarkt T\u00fcrkiye\u2019den elektronik at\u0131k deste\u011fi - Memurun Sesi","isPartOf":{"@id":"https:\/\/memurunsesi.net\/#website"},"primaryImageOfPage":{"@id":"https:\/\/memurunsesi.net\/index.php\/2026\/04\/27\/mediamarkt-turkiyeden-elektronik-atik-destegi\/#primaryimage"},"image":{"@id":"https:\/\/memurunsesi.net\/index.php\/2026\/04\/27\/mediamarkt-turkiyeden-elektronik-atik-destegi\/#primaryimage"},"thumbnailUrl":"https:\/\/memurunsesi.net\/wp-content\/uploads\/2026\/04\/media-scaled.jpg","datePublished":"2026-04-27T10:50:12+00:00","description":"\u00a0MediaMarkt T\u00fcrkiye, d\u00fcnyada ve \u00fclkemizde giderek b\u00fcy\u00fcyen elektronik at\u0131k sorununa \u00e7\u00f6z\u00fcm sunmak amac\u0131yla Mol-e i\u015f birli\u011fiyle \"Elektronik At\u0131k Geri D\u00f6n\u00fc\u015f\u00fcm\" projesini hayata ge\u00e7irdi. Pilot olarak Mersin, Kayseri ve \u0130zmir\u2019deki t\u00fcm ma\u011fazalarda ba\u015flat\u0131lan ve kademeli olarak t\u00fcm T\u00fcrkiye\u2019ye yay\u0131lmas\u0131 planlanan uygulama ile at\u0131k durumdaki elektronik cihazlar markan\u0131n ma\u011fazalar\u0131ndaki at\u0131k toplama \u00fcnitelerinde toplanarak tekrar ekonomiye kazand\u0131r\u0131l\u0131yor.","breadcrumb":{"@id":"https:\/\/memurunsesi.net\/index.php\/2026\/04\/27\/mediamarkt-turkiyeden-elektronik-atik-destegi\/#breadcrumb"},"inLanguage":"tr","potentialAction":[{"@type":"ReadAction","target":["https:\/\/memurunsesi.net\/index.php\/2026\/04\/27\/mediamarkt-turkiyeden-elektronik-atik-destegi\/"]}]},{"@type":"ImageObject","inLanguage":"tr","@id":"https:\/\/memurunsesi.net\/index.php\/2026\/04\/27\/mediamarkt-turkiyeden-elektronik-atik-destegi\/#primaryimage","url":"https:\/\/memurunsesi.net\/wp-content\/uploads\/2026\/04\/media-scaled.jpg","contentUrl":"https:\/\/memurunsesi.net\/wp-content\/uploads\/2026\/04\/media-scaled.jpg","width":1880,"height":2560,"caption":"MED\u0130AMARKT T\u00dcRK\u0130YE PAZARLAMA, E-T\u0130CARET VE KURUMSAL \u0130LET\u0130\u015e\u0130M D\u0130REKT\u00d6R\u00dc TOLGA \u00dcNVAN (SOLDA) (\u0130HA\/\u0130STANBUL-\u0130HA) MediaMarkt T\u00fcrkiye, d\u00fcnyada ve \u00fclkemizde giderek b\u00fcy\u00fcyen elektronik at\u0131k sorununa \u00e7\u00f6z\u00fcm sunmak amac\u0131yla Mol-e i\u015f birli\u011fiyle \"Elektronik At\u0131k Geri D\u00f6n\u00fc\u015f\u00fcm\" projesini hayata ge\u00e7irdi. Pilot olarak Mersin, Kayseri ve \u0130zmir'deki t\u00fcm ma\u011fazalarda ba\u015flat\u0131lan ve kademeli olarak t\u00fcm T\u00fcrkiye'ye yay\u0131lmas\u0131 planlanan uygulama ile at\u0131k durumdaki elektronik cihazlar markan\u0131n ma\u011fazalar\u0131ndaki at\u0131k toplama \u00fcnitelerinde toplanarak tekrar ekonomiye kazand\u0131r\u0131l\u0131yor."},{"@type":"BreadcrumbList","@id":"https:\/\/memurunsesi.net\/index.php\/2026\/04\/27\/mediamarkt-turkiyeden-elektronik-atik-destegi\/#breadcrumb","itemListElement":[{"@type":"ListItem","position":1,"name":"Anasayfa","item":"https:\/\/memurunsesi.net\/"},{"@type":"ListItem","position":2,"name":"MediaMarkt T\u00fcrkiye\u2019den elektronik at\u0131k deste\u011fi"}]},{"@type":"WebSite","@id":"https:\/\/memurunsesi.net\/#website","url":"https:\/\/memurunsesi.net\/","name":"Memurun Sesi","description":"G\u00fcncel ve Do\u011fru Haber","publisher":{"@id":"https:\/\/memurunsesi.net\/#organization"},"potentialAction":[{"@type":"SearchAction","target":{"@type":"EntryPoint","urlTemplate":"https:\/\/memurunsesi.net\/?s={search_term_string}"},"query-input":{"@type":"PropertyValueSpecification","valueRequired":true,"valueName":"search_term_string"}}],"inLanguage":"tr"},{"@type":"Organization","@id":"https:\/\/memurunsesi.net\/#organization","name":"Memurun Sesi","url":"https:\/\/memurunsesi.net\/","logo":{"@type":"ImageObject","inLanguage":"tr","@id":"https:\/\/memurunsesi.net\/#\/schema\/logo\/image\/","url":"https:\/\/memurunsesi.net\/wp-content\/uploads\/2025\/11\/cropped-MEMURUN-SESI.png","contentUrl":"https:\/\/memurunsesi.net\/wp-content\/uploads\/2025\/11\/cropped-MEMURUN-SESI.png","width":238,"height":57,"caption":"Memurun Sesi"},"image":{"@id":"https:\/\/memurunsesi.net\/#\/schema\/logo\/image\/"},"sameAs":["https:\/\/www.facebook.com\/unipersen\/?locale=tr_TR","https:\/\/x.com\/unipersen"]},{"@type":"Person","@id":"https:\/\/memurunsesi.net\/#\/schema\/person\/f21c2d73b89f6ee1d80b0a1803e38587","name":"Memurun Sesi Haber Merkezi","image":{"@type":"ImageObject","inLanguage":"tr","@id":"https:\/\/secure.gravatar.com\/avatar\/6cf0505f452ee753f485014986fab09a434671d2b919ee76fc541025c5876a70?s=96&d=mm&r=g","url":"https:\/\/secure.gravatar.com\/avatar\/6cf0505f452ee753f485014986fab09a434671d2b919ee76fc541025c5876a70?s=96&d=mm&r=g","contentUrl":"https:\/\/secure.gravatar.com\/avatar\/6cf0505f452ee753f485014986fab09a434671d2b919ee76fc541025c5876a70?s=96&d=mm&r=g","caption":"Memurun Sesi Haber Merkezi"},"sameAs":["https:\/\/memurunsesi.net"],"url":"https:\/\/memurunsesi.net\/index.php\/author\/uniper\/"}]}},"_links":{"self":[{"href":"https:\/\/memurunsesi.net\/index.php\/wp-json\/wp\/v2\/posts\/19668","targetHints":{"allow":["GET"]}}],"collection":[{"href":"https:\/\/memurunsesi.net\/index.php\/wp-json\/wp\/v2\/posts"}],"about":[{"href":"https:\/\/memurunsesi.net\/index.php\/wp-json\/wp\/v2\/types\/post"}],"author":[{"embeddable":true,"href":"https:\/\/memurunsesi.net\/index.php\/wp-json\/wp\/v2\/users\/1"}],"replies":[{"embeddable":true,"href":"https:\/\/memurunsesi.net\/index.php\/wp-json\/wp\/v2\/comments?post=19668"}],"version-history":[{"count":1,"href":"https:\/\/memurunsesi.net\/index.php\/wp-json\/wp\/v2\/posts\/19668\/revisions"}],"predecessor-version":[{"id":19670,"href":"https:\/\/memurunsesi.net\/index.php\/wp-json\/wp\/v2\/posts\/19668\/revisions\/19670"}],"wp:featuredmedia":[{"embeddable":true,"href":"https:\/\/memurunsesi.net\/index.php\/wp-json\/wp\/v2\/media\/19669"}],"wp:attachment":[{"href":"https:\/\/memurunsesi.net\/index.php\/wp-json\/wp\/v2\/media?parent=19668"}],"wp:term":[{"taxonomy":"category","embeddable":true,"href":"https:\/\/memurunsesi.net\/index.php\/wp-json\/wp\/v2\/categories?post=19668"},{"taxonomy":"post_tag","embeddable":true,"href":"https:\/\/memurunsesi.net\/index.php\/wp-json\/wp\/v2\/tags?post=19668"}],"curies":[{"name":"wp","href":"https:\/\/api.w.org\/{rel}","templated":true}]}}