{"id":19678,"date":"2026-04-27T14:37:49","date_gmt":"2026-04-27T11:37:49","guid":{"rendered":"https:\/\/memurunsesi.net\/?p=19678"},"modified":"2026-04-27T14:37:49","modified_gmt":"2026-04-27T11:37:49","slug":"milli-boksorlerden-brezilyada-iki-bronz-madalya","status":"publish","type":"post","link":"https:\/\/memurunsesi.net\/index.php\/2026\/04\/27\/milli-boksorlerden-brezilyada-iki-bronz-madalya\/","title":{"rendered":"Milli boks\u00f6rlerden Brezilya\u2019da iki bronz madalya"},"content":{"rendered":"<p>Milli boks\u00f6rler Emrah Ya\u015far ve B\u00fc\u015fra I\u015f\u0131ldar, Brezilya\u2019n\u0131n Foz do Igua\u00e7u \u015fehrinde d\u00fczenlenen World Boxing Cup&#8217;ta bronz madalya kazand\u0131.<br \/>\nBrezilya\u2019n\u0131n Foz do Igua\u00e7u \u015fehrinde 20-26 Nisan tarihleri aras\u0131nda d\u00fczenlenen World Boxing Cup sona erdi. Turnuvada T\u00fcrkiye\u2019yi temsil eden boks\u00f6rler, organizasyonu iki bronz madalya ile tamamlad\u0131. Erkekler 90 kg kategorisinde ringe \u00e7\u0131kan Emrah Ya\u015far ve kad\u0131nlar 75 kg kategorisinde m\u00fccadele eden B\u00fc\u015fra I\u015f\u0131ldar, bronz madalyan\u0131n sahibi oldu.<\/p>\n<p>Ba\u015fkan Hekimo\u011flu: &#8220;Boks\u00f6rlerimizi tebrik ediyorum&#8221;<br \/>\nT\u00fcrkiye Boks Federasyonu Ba\u015fkan\u0131 Suat Hekimo\u011flu, turnuva sonras\u0131 yapt\u0131\u011f\u0131 de\u011ferlendirmede \u015fu ifadelere yer verdi:<br \/>\n&#8220;Brezilya\u2019da zorlu rakiplere kar\u015f\u0131 m\u00fccadele eden boks\u00f6rlerimizi kutluyorum. Emrah ve B\u00fc\u015fra\u2019n\u0131n kazand\u0131\u011f\u0131 bu madalyalar, olimpiyat haz\u0131rl\u0131k s\u00fcrecimizde bizler i\u00e7in \u00f6nemli bir test niteli\u011fi ta\u015f\u0131yor. Teknik ekibimizi ve sporcular\u0131m\u0131z\u0131 tebrik ediyor, ba\u015far\u0131lar\u0131m\u0131z\u0131n artarak devam edece\u011fine inan\u0131yorum.&#8221;<\/p>\n<p>27.04.2026<\/p>\n","protected":false},"excerpt":{"rendered":"<p>Milli boks\u00f6rler Emrah Ya\u015far ve B\u00fc\u015fra I\u015f\u0131ldar, Brezilya\u2019n\u0131n Foz do Igua\u00e7u \u015fehrinde d\u00fczenlenen World Boxing Cup&#8217;ta bronz madalya kazand\u0131. Brezilya\u2019n\u0131n Foz do Igua\u00e7u \u015fehrinde 20-26 Nisan tarihleri aras\u0131nda d\u00fczenlenen World Boxing Cup sona erdi. Turnuvada T\u00fcrkiye\u2019yi temsil eden boks\u00f6rler, organizasyonu iki bronz madalya ile tamamlad\u0131. Erkekler 90 kg kategorisinde ringe \u00e7\u0131kan Emrah Ya\u015far ve kad\u0131nlar [&hellip;]<\/p>\n","protected":false},"author":1,"featured_media":19679,"comment_status":"open","ping_status":"open","sticky":false,"template":"","format":"standard","meta":{"footnotes":""},"categories":[57],"tags":[3683,3681,3413,3680,3682,3679,3678],"class_list":["post-19678","post","type-post","status-publish","format-standard","has-post-thumbnail","hentry","category-spor","tag-boxing-cupta","tag-brezilyanin-foz-do-iguacu-sehrinde","tag-bronz-madalya-kazandi","tag-busra-isildar","tag-duzenlenen-world","tag-emrah-yasar","tag-milli-boksorler"],"yoast_head":"<!-- This site is optimized with the Yoast SEO plugin v27.4 - https:\/\/yoast.com\/product\/yoast-seo-wordpress\/ -->\n<title>Milli boks\u00f6rlerden Brezilya\u2019da iki bronz madalya - Memurun Sesi<\/title>\n<meta name=\"description\" content=\"\u00a0 \u00a0 Milli boks\u00f6rler Emrah Ya\u015far ve B\u00fc\u015fra I\u015f\u0131ldar, Brezilya\u2019n\u0131n Foz do Igua\u00e7u \u015fehrinde d\u00fczenlenen World Boxing Cup&#039;ta bronz madalya kazand\u0131.\" \/>\n<meta name=\"robots\" content=\"index, follow, max-snippet:-1, max-image-preview:large, max-video-preview:-1\" \/>\n<link rel=\"canonical\" href=\"https:\/\/memurunsesi.net\/index.php\/2026\/04\/27\/milli-boksorlerden-brezilyada-iki-bronz-madalya\/\" \/>\n<meta property=\"og:locale\" content=\"tr_TR\" \/>\n<meta property=\"og:type\" content=\"article\" \/>\n<meta property=\"og:title\" content=\"Milli boks\u00f6rlerden Brezilya\u2019da iki bronz madalya - Memurun Sesi\" \/>\n<meta property=\"og:description\" content=\"\u00a0 \u00a0 Milli boks\u00f6rler Emrah Ya\u015far ve B\u00fc\u015fra I\u015f\u0131ldar, Brezilya\u2019n\u0131n Foz do Igua\u00e7u \u015fehrinde d\u00fczenlenen World Boxing Cup&#039;ta bronz madalya kazand\u0131.\" \/>\n<meta property=\"og:url\" content=\"https:\/\/memurunsesi.net\/index.php\/2026\/04\/27\/milli-boksorlerden-brezilyada-iki-bronz-madalya\/\" \/>\n<meta property=\"og:site_name\" content=\"Memurun Sesi\" \/>\n<meta property=\"article:publisher\" content=\"https:\/\/www.facebook.com\/unipersen\/?locale=tr_TR\" \/>\n<meta property=\"article:published_time\" content=\"2026-04-27T11:37:49+00:00\" \/>\n<meta property=\"og:image\" content=\"https:\/\/memurunsesi.net\/wp-content\/uploads\/2026\/04\/boks-2-1-scaled.jpg\" \/>\n\t<meta property=\"og:image:width\" content=\"2560\" \/>\n\t<meta property=\"og:image:height\" content=\"1707\" \/>\n\t<meta property=\"og:image:type\" content=\"image\/jpeg\" \/>\n<meta name=\"author\" content=\"Memurun Sesi Haber Merkezi\" \/>\n<meta name=\"twitter:card\" content=\"summary_large_image\" \/>\n<meta name=\"twitter:creator\" content=\"@unipersen\" \/>\n<meta name=\"twitter:site\" content=\"@unipersen\" \/>\n<meta name=\"twitter:label1\" content=\"Yazan:\" \/>\n\t<meta name=\"twitter:data1\" content=\"Memurun Sesi Haber Merkezi\" \/>\n\t<meta name=\"twitter:label2\" content=\"Tahmini okuma s\u00fcresi\" \/>\n\t<meta name=\"twitter:data2\" content=\"1 dakika\" \/>\n<script type=\"application\/ld+json\" class=\"yoast-schema-graph\">{\"@context\":\"https:\\\/\\\/schema.org\",\"@graph\":[{\"@type\":\"Article\",\"@id\":\"https:\\\/\\\/memurunsesi.net\\\/index.php\\\/2026\\\/04\\\/27\\\/milli-boksorlerden-brezilyada-iki-bronz-madalya\\\/#article\",\"isPartOf\":{\"@id\":\"https:\\\/\\\/memurunsesi.net\\\/index.php\\\/2026\\\/04\\\/27\\\/milli-boksorlerden-brezilyada-iki-bronz-madalya\\\/\"},\"author\":{\"name\":\"Memurun Sesi Haber Merkezi\",\"@id\":\"https:\\\/\\\/memurunsesi.net\\\/#\\\/schema\\\/person\\\/f21c2d73b89f6ee1d80b0a1803e38587\"},\"headline\":\"Milli boks\u00f6rlerden Brezilya\u2019da iki bronz madalya\",\"datePublished\":\"2026-04-27T11:37:49+00:00\",\"mainEntityOfPage\":{\"@id\":\"https:\\\/\\\/memurunsesi.net\\\/index.php\\\/2026\\\/04\\\/27\\\/milli-boksorlerden-brezilyada-iki-bronz-madalya\\\/\"},\"wordCount\":177,\"commentCount\":0,\"publisher\":{\"@id\":\"https:\\\/\\\/memurunsesi.net\\\/#organization\"},\"image\":{\"@id\":\"https:\\\/\\\/memurunsesi.net\\\/index.php\\\/2026\\\/04\\\/27\\\/milli-boksorlerden-brezilyada-iki-bronz-madalya\\\/#primaryimage\"},\"thumbnailUrl\":\"https:\\\/\\\/memurunsesi.net\\\/wp-content\\\/uploads\\\/2026\\\/04\\\/boks-2-1-scaled.jpg\",\"keywords\":[\"Boxing Cup'ta\",\"Brezilya\u2019n\u0131n Foz do Igua\u00e7u \u015fehrinde\",\"bronz madalya kazand\u0131.\",\"B\u00fc\u015fra I\u015f\u0131ldar\",\"d\u00fczenlenen World\",\"Emrah Ya\u015far\",\"Milli boks\u00f6rler\"],\"articleSection\":[\"Spor\"],\"inLanguage\":\"tr\",\"potentialAction\":[{\"@type\":\"CommentAction\",\"name\":\"Comment\",\"target\":[\"https:\\\/\\\/memurunsesi.net\\\/index.php\\\/2026\\\/04\\\/27\\\/milli-boksorlerden-brezilyada-iki-bronz-madalya\\\/#respond\"]}]},{\"@type\":\"WebPage\",\"@id\":\"https:\\\/\\\/memurunsesi.net\\\/index.php\\\/2026\\\/04\\\/27\\\/milli-boksorlerden-brezilyada-iki-bronz-madalya\\\/\",\"url\":\"https:\\\/\\\/memurunsesi.net\\\/index.php\\\/2026\\\/04\\\/27\\\/milli-boksorlerden-brezilyada-iki-bronz-madalya\\\/\",\"name\":\"Milli boks\u00f6rlerden Brezilya\u2019da iki bronz madalya - Memurun Sesi\",\"isPartOf\":{\"@id\":\"https:\\\/\\\/memurunsesi.net\\\/#website\"},\"primaryImageOfPage\":{\"@id\":\"https:\\\/\\\/memurunsesi.net\\\/index.php\\\/2026\\\/04\\\/27\\\/milli-boksorlerden-brezilyada-iki-bronz-madalya\\\/#primaryimage\"},\"image\":{\"@id\":\"https:\\\/\\\/memurunsesi.net\\\/index.php\\\/2026\\\/04\\\/27\\\/milli-boksorlerden-brezilyada-iki-bronz-madalya\\\/#primaryimage\"},\"thumbnailUrl\":\"https:\\\/\\\/memurunsesi.net\\\/wp-content\\\/uploads\\\/2026\\\/04\\\/boks-2-1-scaled.jpg\",\"datePublished\":\"2026-04-27T11:37:49+00:00\",\"description\":\"\u00a0 \u00a0 Milli boks\u00f6rler Emrah Ya\u015far ve B\u00fc\u015fra I\u015f\u0131ldar, Brezilya\u2019n\u0131n Foz do Igua\u00e7u \u015fehrinde d\u00fczenlenen World Boxing Cup'ta bronz madalya kazand\u0131.\",\"breadcrumb\":{\"@id\":\"https:\\\/\\\/memurunsesi.net\\\/index.php\\\/2026\\\/04\\\/27\\\/milli-boksorlerden-brezilyada-iki-bronz-madalya\\\/#breadcrumb\"},\"inLanguage\":\"tr\",\"potentialAction\":[{\"@type\":\"ReadAction\",\"target\":[\"https:\\\/\\\/memurunsesi.net\\\/index.php\\\/2026\\\/04\\\/27\\\/milli-boksorlerden-brezilyada-iki-bronz-madalya\\\/\"]}]},{\"@type\":\"ImageObject\",\"inLanguage\":\"tr\",\"@id\":\"https:\\\/\\\/memurunsesi.net\\\/index.php\\\/2026\\\/04\\\/27\\\/milli-boksorlerden-brezilyada-iki-bronz-madalya\\\/#primaryimage\",\"url\":\"https:\\\/\\\/memurunsesi.net\\\/wp-content\\\/uploads\\\/2026\\\/04\\\/boks-2-1-scaled.jpg\",\"contentUrl\":\"https:\\\/\\\/memurunsesi.net\\\/wp-content\\\/uploads\\\/2026\\\/04\\\/boks-2-1-scaled.jpg\",\"width\":2560,\"height\":1707,\"caption\":\"M\u0130LL\u0130 BOKS\u00d6RLER EMRAH YA\u015eAR VE B\u00dc\u015eRA I\u015eILDAR, BREZ\u0130LYA'NIN FOZ DO IGUA\u00c7U \u015eEHR\u0130NDE D\u00dcZENLENEN WORLD BOX\u0130NG CUP'TA BRONZ MADALYA KAZANDI. (\u0130HA\\\/\u0130STANBUL-\u0130HA) Milli boks\u00f6rler Emrah Ya\u015far ve B\u00fc\u015fra I\u015f\u0131ldar, Brezilya'n\u0131n Foz do Igua\u00e7u \u015fehrinde d\u00fczenlenen World Boxing Cup'ta bronz madalya kazand\u0131.\"},{\"@type\":\"BreadcrumbList\",\"@id\":\"https:\\\/\\\/memurunsesi.net\\\/index.php\\\/2026\\\/04\\\/27\\\/milli-boksorlerden-brezilyada-iki-bronz-madalya\\\/#breadcrumb\",\"itemListElement\":[{\"@type\":\"ListItem\",\"position\":1,\"name\":\"Anasayfa\",\"item\":\"https:\\\/\\\/memurunsesi.net\\\/\"},{\"@type\":\"ListItem\",\"position\":2,\"name\":\"Milli boks\u00f6rlerden Brezilya\u2019da iki bronz madalya\"}]},{\"@type\":\"WebSite\",\"@id\":\"https:\\\/\\\/memurunsesi.net\\\/#website\",\"url\":\"https:\\\/\\\/memurunsesi.net\\\/\",\"name\":\"Memurun Sesi\",\"description\":\"G\u00fcncel ve Do\u011fru Haber\",\"publisher\":{\"@id\":\"https:\\\/\\\/memurunsesi.net\\\/#organization\"},\"potentialAction\":[{\"@type\":\"SearchAction\",\"target\":{\"@type\":\"EntryPoint\",\"urlTemplate\":\"https:\\\/\\\/memurunsesi.net\\\/?s={search_term_string}\"},\"query-input\":{\"@type\":\"PropertyValueSpecification\",\"valueRequired\":true,\"valueName\":\"search_term_string\"}}],\"inLanguage\":\"tr\"},{\"@type\":\"Organization\",\"@id\":\"https:\\\/\\\/memurunsesi.net\\\/#organization\",\"name\":\"Memurun Sesi\",\"url\":\"https:\\\/\\\/memurunsesi.net\\\/\",\"logo\":{\"@type\":\"ImageObject\",\"inLanguage\":\"tr\",\"@id\":\"https:\\\/\\\/memurunsesi.net\\\/#\\\/schema\\\/logo\\\/image\\\/\",\"url\":\"https:\\\/\\\/memurunsesi.net\\\/wp-content\\\/uploads\\\/2025\\\/11\\\/cropped-MEMURUN-SESI.png\",\"contentUrl\":\"https:\\\/\\\/memurunsesi.net\\\/wp-content\\\/uploads\\\/2025\\\/11\\\/cropped-MEMURUN-SESI.png\",\"width\":238,\"height\":57,\"caption\":\"Memurun Sesi\"},\"image\":{\"@id\":\"https:\\\/\\\/memurunsesi.net\\\/#\\\/schema\\\/logo\\\/image\\\/\"},\"sameAs\":[\"https:\\\/\\\/www.facebook.com\\\/unipersen\\\/?locale=tr_TR\",\"https:\\\/\\\/x.com\\\/unipersen\"]},{\"@type\":\"Person\",\"@id\":\"https:\\\/\\\/memurunsesi.net\\\/#\\\/schema\\\/person\\\/f21c2d73b89f6ee1d80b0a1803e38587\",\"name\":\"Memurun Sesi Haber Merkezi\",\"image\":{\"@type\":\"ImageObject\",\"inLanguage\":\"tr\",\"@id\":\"https:\\\/\\\/secure.gravatar.com\\\/avatar\\\/6cf0505f452ee753f485014986fab09a434671d2b919ee76fc541025c5876a70?s=96&d=mm&r=g\",\"url\":\"https:\\\/\\\/secure.gravatar.com\\\/avatar\\\/6cf0505f452ee753f485014986fab09a434671d2b919ee76fc541025c5876a70?s=96&d=mm&r=g\",\"contentUrl\":\"https:\\\/\\\/secure.gravatar.com\\\/avatar\\\/6cf0505f452ee753f485014986fab09a434671d2b919ee76fc541025c5876a70?s=96&d=mm&r=g\",\"caption\":\"Memurun Sesi Haber Merkezi\"},\"sameAs\":[\"https:\\\/\\\/memurunsesi.net\"],\"url\":\"https:\\\/\\\/memurunsesi.net\\\/index.php\\\/author\\\/uniper\\\/\"}]}<\/script>\n<!-- \/ Yoast SEO plugin. -->","yoast_head_json":{"title":"Milli boks\u00f6rlerden Brezilya\u2019da iki bronz madalya - Memurun Sesi","description":"\u00a0 \u00a0 Milli boks\u00f6rler Emrah Ya\u015far ve B\u00fc\u015fra I\u015f\u0131ldar, Brezilya\u2019n\u0131n Foz do Igua\u00e7u \u015fehrinde d\u00fczenlenen World Boxing Cup'ta bronz madalya kazand\u0131.","robots":{"index":"index","follow":"follow","max-snippet":"max-snippet:-1","max-image-preview":"max-image-preview:large","max-video-preview":"max-video-preview:-1"},"canonical":"https:\/\/memurunsesi.net\/index.php\/2026\/04\/27\/milli-boksorlerden-brezilyada-iki-bronz-madalya\/","og_locale":"tr_TR","og_type":"article","og_title":"Milli boks\u00f6rlerden Brezilya\u2019da iki bronz madalya - Memurun Sesi","og_description":"\u00a0 \u00a0 Milli boks\u00f6rler Emrah Ya\u015far ve B\u00fc\u015fra I\u015f\u0131ldar, Brezilya\u2019n\u0131n Foz do Igua\u00e7u \u015fehrinde d\u00fczenlenen World Boxing Cup'ta bronz madalya kazand\u0131.","og_url":"https:\/\/memurunsesi.net\/index.php\/2026\/04\/27\/milli-boksorlerden-brezilyada-iki-bronz-madalya\/","og_site_name":"Memurun Sesi","article_publisher":"https:\/\/www.facebook.com\/unipersen\/?locale=tr_TR","article_published_time":"2026-04-27T11:37:49+00:00","og_image":[{"width":2560,"height":1707,"url":"https:\/\/memurunsesi.net\/wp-content\/uploads\/2026\/04\/boks-2-1-scaled.jpg","type":"image\/jpeg"}],"author":"Memurun Sesi Haber Merkezi","twitter_card":"summary_large_image","twitter_creator":"@unipersen","twitter_site":"@unipersen","twitter_misc":{"Yazan:":"Memurun Sesi Haber Merkezi","Tahmini okuma s\u00fcresi":"1 dakika"},"schema":{"@context":"https:\/\/schema.org","@graph":[{"@type":"Article","@id":"https:\/\/memurunsesi.net\/index.php\/2026\/04\/27\/milli-boksorlerden-brezilyada-iki-bronz-madalya\/#article","isPartOf":{"@id":"https:\/\/memurunsesi.net\/index.php\/2026\/04\/27\/milli-boksorlerden-brezilyada-iki-bronz-madalya\/"},"author":{"name":"Memurun Sesi Haber Merkezi","@id":"https:\/\/memurunsesi.net\/#\/schema\/person\/f21c2d73b89f6ee1d80b0a1803e38587"},"headline":"Milli boks\u00f6rlerden Brezilya\u2019da iki bronz madalya","datePublished":"2026-04-27T11:37:49+00:00","mainEntityOfPage":{"@id":"https:\/\/memurunsesi.net\/index.php\/2026\/04\/27\/milli-boksorlerden-brezilyada-iki-bronz-madalya\/"},"wordCount":177,"commentCount":0,"publisher":{"@id":"https:\/\/memurunsesi.net\/#organization"},"image":{"@id":"https:\/\/memurunsesi.net\/index.php\/2026\/04\/27\/milli-boksorlerden-brezilyada-iki-bronz-madalya\/#primaryimage"},"thumbnailUrl":"https:\/\/memurunsesi.net\/wp-content\/uploads\/2026\/04\/boks-2-1-scaled.jpg","keywords":["Boxing Cup'ta","Brezilya\u2019n\u0131n Foz do Igua\u00e7u \u015fehrinde","bronz madalya kazand\u0131.","B\u00fc\u015fra I\u015f\u0131ldar","d\u00fczenlenen World","Emrah Ya\u015far","Milli boks\u00f6rler"],"articleSection":["Spor"],"inLanguage":"tr","potentialAction":[{"@type":"CommentAction","name":"Comment","target":["https:\/\/memurunsesi.net\/index.php\/2026\/04\/27\/milli-boksorlerden-brezilyada-iki-bronz-madalya\/#respond"]}]},{"@type":"WebPage","@id":"https:\/\/memurunsesi.net\/index.php\/2026\/04\/27\/milli-boksorlerden-brezilyada-iki-bronz-madalya\/","url":"https:\/\/memurunsesi.net\/index.php\/2026\/04\/27\/milli-boksorlerden-brezilyada-iki-bronz-madalya\/","name":"Milli boks\u00f6rlerden Brezilya\u2019da iki bronz madalya - Memurun Sesi","isPartOf":{"@id":"https:\/\/memurunsesi.net\/#website"},"primaryImageOfPage":{"@id":"https:\/\/memurunsesi.net\/index.php\/2026\/04\/27\/milli-boksorlerden-brezilyada-iki-bronz-madalya\/#primaryimage"},"image":{"@id":"https:\/\/memurunsesi.net\/index.php\/2026\/04\/27\/milli-boksorlerden-brezilyada-iki-bronz-madalya\/#primaryimage"},"thumbnailUrl":"https:\/\/memurunsesi.net\/wp-content\/uploads\/2026\/04\/boks-2-1-scaled.jpg","datePublished":"2026-04-27T11:37:49+00:00","description":"\u00a0 \u00a0 Milli boks\u00f6rler Emrah Ya\u015far ve B\u00fc\u015fra I\u015f\u0131ldar, Brezilya\u2019n\u0131n Foz do Igua\u00e7u \u015fehrinde d\u00fczenlenen World Boxing Cup'ta bronz madalya kazand\u0131.","breadcrumb":{"@id":"https:\/\/memurunsesi.net\/index.php\/2026\/04\/27\/milli-boksorlerden-brezilyada-iki-bronz-madalya\/#breadcrumb"},"inLanguage":"tr","potentialAction":[{"@type":"ReadAction","target":["https:\/\/memurunsesi.net\/index.php\/2026\/04\/27\/milli-boksorlerden-brezilyada-iki-bronz-madalya\/"]}]},{"@type":"ImageObject","inLanguage":"tr","@id":"https:\/\/memurunsesi.net\/index.php\/2026\/04\/27\/milli-boksorlerden-brezilyada-iki-bronz-madalya\/#primaryimage","url":"https:\/\/memurunsesi.net\/wp-content\/uploads\/2026\/04\/boks-2-1-scaled.jpg","contentUrl":"https:\/\/memurunsesi.net\/wp-content\/uploads\/2026\/04\/boks-2-1-scaled.jpg","width":2560,"height":1707,"caption":"M\u0130LL\u0130 BOKS\u00d6RLER EMRAH YA\u015eAR VE B\u00dc\u015eRA I\u015eILDAR, BREZ\u0130LYA'NIN FOZ DO IGUA\u00c7U \u015eEHR\u0130NDE D\u00dcZENLENEN WORLD BOX\u0130NG CUP'TA BRONZ MADALYA KAZANDI. (\u0130HA\/\u0130STANBUL-\u0130HA) Milli boks\u00f6rler Emrah Ya\u015far ve B\u00fc\u015fra I\u015f\u0131ldar, Brezilya'n\u0131n Foz do Igua\u00e7u \u015fehrinde d\u00fczenlenen World Boxing Cup'ta bronz madalya kazand\u0131."},{"@type":"BreadcrumbList","@id":"https:\/\/memurunsesi.net\/index.php\/2026\/04\/27\/milli-boksorlerden-brezilyada-iki-bronz-madalya\/#breadcrumb","itemListElement":[{"@type":"ListItem","position":1,"name":"Anasayfa","item":"https:\/\/memurunsesi.net\/"},{"@type":"ListItem","position":2,"name":"Milli boks\u00f6rlerden Brezilya\u2019da iki bronz madalya"}]},{"@type":"WebSite","@id":"https:\/\/memurunsesi.net\/#website","url":"https:\/\/memurunsesi.net\/","name":"Memurun Sesi","description":"G\u00fcncel ve Do\u011fru Haber","publisher":{"@id":"https:\/\/memurunsesi.net\/#organization"},"potentialAction":[{"@type":"SearchAction","target":{"@type":"EntryPoint","urlTemplate":"https:\/\/memurunsesi.net\/?s={search_term_string}"},"query-input":{"@type":"PropertyValueSpecification","valueRequired":true,"valueName":"search_term_string"}}],"inLanguage":"tr"},{"@type":"Organization","@id":"https:\/\/memurunsesi.net\/#organization","name":"Memurun Sesi","url":"https:\/\/memurunsesi.net\/","logo":{"@type":"ImageObject","inLanguage":"tr","@id":"https:\/\/memurunsesi.net\/#\/schema\/logo\/image\/","url":"https:\/\/memurunsesi.net\/wp-content\/uploads\/2025\/11\/cropped-MEMURUN-SESI.png","contentUrl":"https:\/\/memurunsesi.net\/wp-content\/uploads\/2025\/11\/cropped-MEMURUN-SESI.png","width":238,"height":57,"caption":"Memurun Sesi"},"image":{"@id":"https:\/\/memurunsesi.net\/#\/schema\/logo\/image\/"},"sameAs":["https:\/\/www.facebook.com\/unipersen\/?locale=tr_TR","https:\/\/x.com\/unipersen"]},{"@type":"Person","@id":"https:\/\/memurunsesi.net\/#\/schema\/person\/f21c2d73b89f6ee1d80b0a1803e38587","name":"Memurun Sesi Haber Merkezi","image":{"@type":"ImageObject","inLanguage":"tr","@id":"https:\/\/secure.gravatar.com\/avatar\/6cf0505f452ee753f485014986fab09a434671d2b919ee76fc541025c5876a70?s=96&d=mm&r=g","url":"https:\/\/secure.gravatar.com\/avatar\/6cf0505f452ee753f485014986fab09a434671d2b919ee76fc541025c5876a70?s=96&d=mm&r=g","contentUrl":"https:\/\/secure.gravatar.com\/avatar\/6cf0505f452ee753f485014986fab09a434671d2b919ee76fc541025c5876a70?s=96&d=mm&r=g","caption":"Memurun Sesi Haber Merkezi"},"sameAs":["https:\/\/memurunsesi.net"],"url":"https:\/\/memurunsesi.net\/index.php\/author\/uniper\/"}]}},"_links":{"self":[{"href":"https:\/\/memurunsesi.net\/index.php\/wp-json\/wp\/v2\/posts\/19678","targetHints":{"allow":["GET"]}}],"collection":[{"href":"https:\/\/memurunsesi.net\/index.php\/wp-json\/wp\/v2\/posts"}],"about":[{"href":"https:\/\/memurunsesi.net\/index.php\/wp-json\/wp\/v2\/types\/post"}],"author":[{"embeddable":true,"href":"https:\/\/memurunsesi.net\/index.php\/wp-json\/wp\/v2\/users\/1"}],"replies":[{"embeddable":true,"href":"https:\/\/memurunsesi.net\/index.php\/wp-json\/wp\/v2\/comments?post=19678"}],"version-history":[{"count":1,"href":"https:\/\/memurunsesi.net\/index.php\/wp-json\/wp\/v2\/posts\/19678\/revisions"}],"predecessor-version":[{"id":19680,"href":"https:\/\/memurunsesi.net\/index.php\/wp-json\/wp\/v2\/posts\/19678\/revisions\/19680"}],"wp:featuredmedia":[{"embeddable":true,"href":"https:\/\/memurunsesi.net\/index.php\/wp-json\/wp\/v2\/media\/19679"}],"wp:attachment":[{"href":"https:\/\/memurunsesi.net\/index.php\/wp-json\/wp\/v2\/media?parent=19678"}],"wp:term":[{"taxonomy":"category","embeddable":true,"href":"https:\/\/memurunsesi.net\/index.php\/wp-json\/wp\/v2\/categories?post=19678"},{"taxonomy":"post_tag","embeddable":true,"href":"https:\/\/memurunsesi.net\/index.php\/wp-json\/wp\/v2\/tags?post=19678"}],"curies":[{"name":"wp","href":"https:\/\/api.w.org\/{rel}","templated":true}]}}