{"id":19687,"date":"2026-04-28T07:53:55","date_gmt":"2026-04-28T04:53:55","guid":{"rendered":"https:\/\/memurunsesi.net\/?p=19687"},"modified":"2026-04-28T07:53:55","modified_gmt":"2026-04-28T04:53:55","slug":"kopru-korkuluklarina-carpan-otomobil-hurdaya-dondu-3-yarali","status":"publish","type":"post","link":"https:\/\/memurunsesi.net\/index.php\/2026\/04\/28\/kopru-korkuluklarina-carpan-otomobil-hurdaya-dondu-3-yarali\/","title":{"rendered":"K\u00f6pr\u00fc korkuluklar\u0131na \u00e7arpan otomobil hurdaya d\u00f6nd\u00fc: 3 yaral\u0131"},"content":{"rendered":"<p>D\u00fczce\u2019de k\u00f6pr\u00fc korkuluklar\u0131na \u00e7arpan otomobilde bulunan 3 ki\u015fi yaralanarak hastaneye kald\u0131r\u0131ld\u0131.<br \/>\nD\u00fczce\u2019nin Konuralp b\u00f6lgesinde meydana gelen trafik kazas\u0131nda 3 ki\u015fi yaraland\u0131. Edinilen bilgilere g\u00f6re, Konuralp Tabakhane K\u00f6pr\u00fcs\u00fc \u00fczerinde seyir halinde olan bir otomobil, s\u00fcr\u00fcc\u00fcs\u00fcn\u00fcn direksiyon hakimiyetini kaybetmesi sonucu kontrolden \u00e7\u0131karak k\u00f6pr\u00fc korkuluklar\u0131na \u00e7arpt\u0131. \u00c7arpman\u0131n etkisiyle ara\u00e7ta bulunan 3 ki\u015fi yaralan\u0131rken, kazay\u0131 g\u00f6ren vatanda\u015flar\u0131n ihbar\u0131 \u00fczerine olay yerine sa\u011fl\u0131k ve polis ekipleri sevk edildi. Yaral\u0131lar, ilk m\u00fcdahalelerinin ard\u0131ndan ambulanslarla hastaneye kald\u0131r\u0131ld\u0131. Kaza nedeniyle k\u00f6pr\u00fc \u00fczerinde k\u0131sa s\u00fcreli trafik aksamas\u0131 ya\u015fan\u0131rken, arac\u0131n kald\u0131r\u0131lmas\u0131yla ula\u015f\u0131m normale d\u00f6nd\u00fc. Polis ekipleri kazayla ilgili inceleme ba\u015flatt\u0131.<\/p>\n<p>28.04.2026<\/p>\n","protected":false},"excerpt":{"rendered":"<p>D\u00fczce\u2019de k\u00f6pr\u00fc korkuluklar\u0131na \u00e7arpan otomobilde bulunan 3 ki\u015fi yaralanarak hastaneye kald\u0131r\u0131ld\u0131. D\u00fczce\u2019nin Konuralp b\u00f6lgesinde meydana gelen trafik kazas\u0131nda 3 ki\u015fi yaraland\u0131. Edinilen bilgilere g\u00f6re, Konuralp Tabakhane K\u00f6pr\u00fcs\u00fc \u00fczerinde seyir halinde olan bir otomobil, s\u00fcr\u00fcc\u00fcs\u00fcn\u00fcn direksiyon hakimiyetini kaybetmesi sonucu kontrolden \u00e7\u0131karak k\u00f6pr\u00fc korkuluklar\u0131na \u00e7arpt\u0131. \u00c7arpman\u0131n etkisiyle ara\u00e7ta bulunan 3 ki\u015fi yaralan\u0131rken, kazay\u0131 g\u00f6ren vatanda\u015flar\u0131n ihbar\u0131 \u00fczerine [&hellip;]<\/p>\n","protected":false},"author":1,"featured_media":19688,"comment_status":"open","ping_status":"open","sticky":false,"template":"","format":"standard","meta":{"footnotes":""},"categories":[50],"tags":[3686,193,3684,3685,3687],"class_list":["post-19687","post","type-post","status-publish","format-standard","has-post-thumbnail","hentry","category-tum-haberler","tag-3-kisi-yarali","tag-arac","tag-kopru","tag-korkuluklarina-carpti","tag-kullanilmaz-halde"],"yoast_head":"<!-- This site is optimized with the Yoast SEO plugin v27.4 - https:\/\/yoast.com\/product\/yoast-seo-wordpress\/ -->\n<title>K\u00f6pr\u00fc korkuluklar\u0131na \u00e7arpan otomobil hurdaya d\u00f6nd\u00fc: 3 yaral\u0131 - Memurun Sesi<\/title>\n<meta name=\"description\" content=\"D\u00fczce\u2019de k\u00f6pr\u00fc korkuluklar\u0131na \u00e7arpan otomobilde bulunan 3 ki\u015fi yaralanarak hastaneye kald\u0131r\u0131ld\u0131.\" \/>\n<meta name=\"robots\" content=\"index, follow, max-snippet:-1, max-image-preview:large, max-video-preview:-1\" \/>\n<link rel=\"canonical\" href=\"https:\/\/memurunsesi.net\/index.php\/2026\/04\/28\/kopru-korkuluklarina-carpan-otomobil-hurdaya-dondu-3-yarali\/\" \/>\n<meta property=\"og:locale\" content=\"tr_TR\" \/>\n<meta property=\"og:type\" content=\"article\" \/>\n<meta property=\"og:title\" content=\"K\u00f6pr\u00fc korkuluklar\u0131na \u00e7arpan otomobil hurdaya d\u00f6nd\u00fc: 3 yaral\u0131 - Memurun Sesi\" \/>\n<meta property=\"og:description\" content=\"D\u00fczce\u2019de k\u00f6pr\u00fc korkuluklar\u0131na \u00e7arpan otomobilde bulunan 3 ki\u015fi yaralanarak hastaneye kald\u0131r\u0131ld\u0131.\" \/>\n<meta property=\"og:url\" content=\"https:\/\/memurunsesi.net\/index.php\/2026\/04\/28\/kopru-korkuluklarina-carpan-otomobil-hurdaya-dondu-3-yarali\/\" \/>\n<meta property=\"og:site_name\" content=\"Memurun Sesi\" \/>\n<meta property=\"article:publisher\" content=\"https:\/\/www.facebook.com\/unipersen\/?locale=tr_TR\" \/>\n<meta property=\"article:published_time\" content=\"2026-04-28T04:53:55+00:00\" \/>\n<meta property=\"og:image\" content=\"https:\/\/memurunsesi.net\/wp-content\/uploads\/2026\/04\/kopru-2-scaled.jpg\" \/>\n\t<meta property=\"og:image:width\" content=\"2560\" \/>\n\t<meta property=\"og:image:height\" content=\"1440\" \/>\n\t<meta property=\"og:image:type\" content=\"image\/jpeg\" \/>\n<meta name=\"author\" content=\"Memurun Sesi Haber Merkezi\" \/>\n<meta name=\"twitter:card\" content=\"summary_large_image\" \/>\n<meta name=\"twitter:creator\" content=\"@unipersen\" \/>\n<meta name=\"twitter:site\" content=\"@unipersen\" \/>\n<meta name=\"twitter:label1\" content=\"Yazan:\" \/>\n\t<meta name=\"twitter:data1\" content=\"Memurun Sesi Haber Merkezi\" \/>\n\t<meta name=\"twitter:label2\" content=\"Tahmini okuma s\u00fcresi\" \/>\n\t<meta name=\"twitter:data2\" content=\"1 dakika\" \/>\n<script type=\"application\/ld+json\" class=\"yoast-schema-graph\">{\"@context\":\"https:\\\/\\\/schema.org\",\"@graph\":[{\"@type\":\"Article\",\"@id\":\"https:\\\/\\\/memurunsesi.net\\\/index.php\\\/2026\\\/04\\\/28\\\/kopru-korkuluklarina-carpan-otomobil-hurdaya-dondu-3-yarali\\\/#article\",\"isPartOf\":{\"@id\":\"https:\\\/\\\/memurunsesi.net\\\/index.php\\\/2026\\\/04\\\/28\\\/kopru-korkuluklarina-carpan-otomobil-hurdaya-dondu-3-yarali\\\/\"},\"author\":{\"name\":\"Memurun Sesi Haber Merkezi\",\"@id\":\"https:\\\/\\\/memurunsesi.net\\\/#\\\/schema\\\/person\\\/f21c2d73b89f6ee1d80b0a1803e38587\"},\"headline\":\"K\u00f6pr\u00fc korkuluklar\u0131na \u00e7arpan otomobil hurdaya d\u00f6nd\u00fc: 3 yaral\u0131\",\"datePublished\":\"2026-04-28T04:53:55+00:00\",\"mainEntityOfPage\":{\"@id\":\"https:\\\/\\\/memurunsesi.net\\\/index.php\\\/2026\\\/04\\\/28\\\/kopru-korkuluklarina-carpan-otomobil-hurdaya-dondu-3-yarali\\\/\"},\"wordCount\":145,\"commentCount\":0,\"publisher\":{\"@id\":\"https:\\\/\\\/memurunsesi.net\\\/#organization\"},\"image\":{\"@id\":\"https:\\\/\\\/memurunsesi.net\\\/index.php\\\/2026\\\/04\\\/28\\\/kopru-korkuluklarina-carpan-otomobil-hurdaya-dondu-3-yarali\\\/#primaryimage\"},\"thumbnailUrl\":\"https:\\\/\\\/memurunsesi.net\\\/wp-content\\\/uploads\\\/2026\\\/04\\\/kopru-2-scaled.jpg\",\"keywords\":[\"3 ki\u015fi yaral\u0131\",\"ara\u00e7\",\"k\u00f6pr\u00fc\",\"korkuluklar\u0131na \u00e7arpt\u0131\",\"kullan\u0131lmaz halde\"],\"articleSection\":[\"T\u00fcm Haberler\"],\"inLanguage\":\"tr\",\"potentialAction\":[{\"@type\":\"CommentAction\",\"name\":\"Comment\",\"target\":[\"https:\\\/\\\/memurunsesi.net\\\/index.php\\\/2026\\\/04\\\/28\\\/kopru-korkuluklarina-carpan-otomobil-hurdaya-dondu-3-yarali\\\/#respond\"]}]},{\"@type\":\"WebPage\",\"@id\":\"https:\\\/\\\/memurunsesi.net\\\/index.php\\\/2026\\\/04\\\/28\\\/kopru-korkuluklarina-carpan-otomobil-hurdaya-dondu-3-yarali\\\/\",\"url\":\"https:\\\/\\\/memurunsesi.net\\\/index.php\\\/2026\\\/04\\\/28\\\/kopru-korkuluklarina-carpan-otomobil-hurdaya-dondu-3-yarali\\\/\",\"name\":\"K\u00f6pr\u00fc korkuluklar\u0131na \u00e7arpan otomobil hurdaya d\u00f6nd\u00fc: 3 yaral\u0131 - Memurun Sesi\",\"isPartOf\":{\"@id\":\"https:\\\/\\\/memurunsesi.net\\\/#website\"},\"primaryImageOfPage\":{\"@id\":\"https:\\\/\\\/memurunsesi.net\\\/index.php\\\/2026\\\/04\\\/28\\\/kopru-korkuluklarina-carpan-otomobil-hurdaya-dondu-3-yarali\\\/#primaryimage\"},\"image\":{\"@id\":\"https:\\\/\\\/memurunsesi.net\\\/index.php\\\/2026\\\/04\\\/28\\\/kopru-korkuluklarina-carpan-otomobil-hurdaya-dondu-3-yarali\\\/#primaryimage\"},\"thumbnailUrl\":\"https:\\\/\\\/memurunsesi.net\\\/wp-content\\\/uploads\\\/2026\\\/04\\\/kopru-2-scaled.jpg\",\"datePublished\":\"2026-04-28T04:53:55+00:00\",\"description\":\"D\u00fczce\u2019de k\u00f6pr\u00fc korkuluklar\u0131na \u00e7arpan otomobilde bulunan 3 ki\u015fi yaralanarak hastaneye kald\u0131r\u0131ld\u0131.\",\"breadcrumb\":{\"@id\":\"https:\\\/\\\/memurunsesi.net\\\/index.php\\\/2026\\\/04\\\/28\\\/kopru-korkuluklarina-carpan-otomobil-hurdaya-dondu-3-yarali\\\/#breadcrumb\"},\"inLanguage\":\"tr\",\"potentialAction\":[{\"@type\":\"ReadAction\",\"target\":[\"https:\\\/\\\/memurunsesi.net\\\/index.php\\\/2026\\\/04\\\/28\\\/kopru-korkuluklarina-carpan-otomobil-hurdaya-dondu-3-yarali\\\/\"]}]},{\"@type\":\"ImageObject\",\"inLanguage\":\"tr\",\"@id\":\"https:\\\/\\\/memurunsesi.net\\\/index.php\\\/2026\\\/04\\\/28\\\/kopru-korkuluklarina-carpan-otomobil-hurdaya-dondu-3-yarali\\\/#primaryimage\",\"url\":\"https:\\\/\\\/memurunsesi.net\\\/wp-content\\\/uploads\\\/2026\\\/04\\\/kopru-2-scaled.jpg\",\"contentUrl\":\"https:\\\/\\\/memurunsesi.net\\\/wp-content\\\/uploads\\\/2026\\\/04\\\/kopru-2-scaled.jpg\",\"width\":2560,\"height\":1440,\"caption\":\"default\"},{\"@type\":\"BreadcrumbList\",\"@id\":\"https:\\\/\\\/memurunsesi.net\\\/index.php\\\/2026\\\/04\\\/28\\\/kopru-korkuluklarina-carpan-otomobil-hurdaya-dondu-3-yarali\\\/#breadcrumb\",\"itemListElement\":[{\"@type\":\"ListItem\",\"position\":1,\"name\":\"Anasayfa\",\"item\":\"https:\\\/\\\/memurunsesi.net\\\/\"},{\"@type\":\"ListItem\",\"position\":2,\"name\":\"K\u00f6pr\u00fc korkuluklar\u0131na \u00e7arpan otomobil hurdaya d\u00f6nd\u00fc: 3 yaral\u0131\"}]},{\"@type\":\"WebSite\",\"@id\":\"https:\\\/\\\/memurunsesi.net\\\/#website\",\"url\":\"https:\\\/\\\/memurunsesi.net\\\/\",\"name\":\"Memurun Sesi\",\"description\":\"G\u00fcncel ve Do\u011fru Haber\",\"publisher\":{\"@id\":\"https:\\\/\\\/memurunsesi.net\\\/#organization\"},\"potentialAction\":[{\"@type\":\"SearchAction\",\"target\":{\"@type\":\"EntryPoint\",\"urlTemplate\":\"https:\\\/\\\/memurunsesi.net\\\/?s={search_term_string}\"},\"query-input\":{\"@type\":\"PropertyValueSpecification\",\"valueRequired\":true,\"valueName\":\"search_term_string\"}}],\"inLanguage\":\"tr\"},{\"@type\":\"Organization\",\"@id\":\"https:\\\/\\\/memurunsesi.net\\\/#organization\",\"name\":\"Memurun Sesi\",\"url\":\"https:\\\/\\\/memurunsesi.net\\\/\",\"logo\":{\"@type\":\"ImageObject\",\"inLanguage\":\"tr\",\"@id\":\"https:\\\/\\\/memurunsesi.net\\\/#\\\/schema\\\/logo\\\/image\\\/\",\"url\":\"https:\\\/\\\/memurunsesi.net\\\/wp-content\\\/uploads\\\/2025\\\/11\\\/cropped-MEMURUN-SESI.png\",\"contentUrl\":\"https:\\\/\\\/memurunsesi.net\\\/wp-content\\\/uploads\\\/2025\\\/11\\\/cropped-MEMURUN-SESI.png\",\"width\":238,\"height\":57,\"caption\":\"Memurun Sesi\"},\"image\":{\"@id\":\"https:\\\/\\\/memurunsesi.net\\\/#\\\/schema\\\/logo\\\/image\\\/\"},\"sameAs\":[\"https:\\\/\\\/www.facebook.com\\\/unipersen\\\/?locale=tr_TR\",\"https:\\\/\\\/x.com\\\/unipersen\"]},{\"@type\":\"Person\",\"@id\":\"https:\\\/\\\/memurunsesi.net\\\/#\\\/schema\\\/person\\\/f21c2d73b89f6ee1d80b0a1803e38587\",\"name\":\"Memurun Sesi Haber Merkezi\",\"image\":{\"@type\":\"ImageObject\",\"inLanguage\":\"tr\",\"@id\":\"https:\\\/\\\/secure.gravatar.com\\\/avatar\\\/6cf0505f452ee753f485014986fab09a434671d2b919ee76fc541025c5876a70?s=96&d=mm&r=g\",\"url\":\"https:\\\/\\\/secure.gravatar.com\\\/avatar\\\/6cf0505f452ee753f485014986fab09a434671d2b919ee76fc541025c5876a70?s=96&d=mm&r=g\",\"contentUrl\":\"https:\\\/\\\/secure.gravatar.com\\\/avatar\\\/6cf0505f452ee753f485014986fab09a434671d2b919ee76fc541025c5876a70?s=96&d=mm&r=g\",\"caption\":\"Memurun Sesi Haber Merkezi\"},\"sameAs\":[\"https:\\\/\\\/memurunsesi.net\"],\"url\":\"https:\\\/\\\/memurunsesi.net\\\/index.php\\\/author\\\/uniper\\\/\"}]}<\/script>\n<!-- \/ Yoast SEO plugin. -->","yoast_head_json":{"title":"K\u00f6pr\u00fc korkuluklar\u0131na \u00e7arpan otomobil hurdaya d\u00f6nd\u00fc: 3 yaral\u0131 - Memurun Sesi","description":"D\u00fczce\u2019de k\u00f6pr\u00fc korkuluklar\u0131na \u00e7arpan otomobilde bulunan 3 ki\u015fi yaralanarak hastaneye kald\u0131r\u0131ld\u0131.","robots":{"index":"index","follow":"follow","max-snippet":"max-snippet:-1","max-image-preview":"max-image-preview:large","max-video-preview":"max-video-preview:-1"},"canonical":"https:\/\/memurunsesi.net\/index.php\/2026\/04\/28\/kopru-korkuluklarina-carpan-otomobil-hurdaya-dondu-3-yarali\/","og_locale":"tr_TR","og_type":"article","og_title":"K\u00f6pr\u00fc korkuluklar\u0131na \u00e7arpan otomobil hurdaya d\u00f6nd\u00fc: 3 yaral\u0131 - Memurun Sesi","og_description":"D\u00fczce\u2019de k\u00f6pr\u00fc korkuluklar\u0131na \u00e7arpan otomobilde bulunan 3 ki\u015fi yaralanarak hastaneye kald\u0131r\u0131ld\u0131.","og_url":"https:\/\/memurunsesi.net\/index.php\/2026\/04\/28\/kopru-korkuluklarina-carpan-otomobil-hurdaya-dondu-3-yarali\/","og_site_name":"Memurun Sesi","article_publisher":"https:\/\/www.facebook.com\/unipersen\/?locale=tr_TR","article_published_time":"2026-04-28T04:53:55+00:00","og_image":[{"width":2560,"height":1440,"url":"https:\/\/memurunsesi.net\/wp-content\/uploads\/2026\/04\/kopru-2-scaled.jpg","type":"image\/jpeg"}],"author":"Memurun Sesi Haber Merkezi","twitter_card":"summary_large_image","twitter_creator":"@unipersen","twitter_site":"@unipersen","twitter_misc":{"Yazan:":"Memurun Sesi Haber Merkezi","Tahmini okuma s\u00fcresi":"1 dakika"},"schema":{"@context":"https:\/\/schema.org","@graph":[{"@type":"Article","@id":"https:\/\/memurunsesi.net\/index.php\/2026\/04\/28\/kopru-korkuluklarina-carpan-otomobil-hurdaya-dondu-3-yarali\/#article","isPartOf":{"@id":"https:\/\/memurunsesi.net\/index.php\/2026\/04\/28\/kopru-korkuluklarina-carpan-otomobil-hurdaya-dondu-3-yarali\/"},"author":{"name":"Memurun Sesi Haber Merkezi","@id":"https:\/\/memurunsesi.net\/#\/schema\/person\/f21c2d73b89f6ee1d80b0a1803e38587"},"headline":"K\u00f6pr\u00fc korkuluklar\u0131na \u00e7arpan otomobil hurdaya d\u00f6nd\u00fc: 3 yaral\u0131","datePublished":"2026-04-28T04:53:55+00:00","mainEntityOfPage":{"@id":"https:\/\/memurunsesi.net\/index.php\/2026\/04\/28\/kopru-korkuluklarina-carpan-otomobil-hurdaya-dondu-3-yarali\/"},"wordCount":145,"commentCount":0,"publisher":{"@id":"https:\/\/memurunsesi.net\/#organization"},"image":{"@id":"https:\/\/memurunsesi.net\/index.php\/2026\/04\/28\/kopru-korkuluklarina-carpan-otomobil-hurdaya-dondu-3-yarali\/#primaryimage"},"thumbnailUrl":"https:\/\/memurunsesi.net\/wp-content\/uploads\/2026\/04\/kopru-2-scaled.jpg","keywords":["3 ki\u015fi yaral\u0131","ara\u00e7","k\u00f6pr\u00fc","korkuluklar\u0131na \u00e7arpt\u0131","kullan\u0131lmaz halde"],"articleSection":["T\u00fcm Haberler"],"inLanguage":"tr","potentialAction":[{"@type":"CommentAction","name":"Comment","target":["https:\/\/memurunsesi.net\/index.php\/2026\/04\/28\/kopru-korkuluklarina-carpan-otomobil-hurdaya-dondu-3-yarali\/#respond"]}]},{"@type":"WebPage","@id":"https:\/\/memurunsesi.net\/index.php\/2026\/04\/28\/kopru-korkuluklarina-carpan-otomobil-hurdaya-dondu-3-yarali\/","url":"https:\/\/memurunsesi.net\/index.php\/2026\/04\/28\/kopru-korkuluklarina-carpan-otomobil-hurdaya-dondu-3-yarali\/","name":"K\u00f6pr\u00fc korkuluklar\u0131na \u00e7arpan otomobil hurdaya d\u00f6nd\u00fc: 3 yaral\u0131 - Memurun Sesi","isPartOf":{"@id":"https:\/\/memurunsesi.net\/#website"},"primaryImageOfPage":{"@id":"https:\/\/memurunsesi.net\/index.php\/2026\/04\/28\/kopru-korkuluklarina-carpan-otomobil-hurdaya-dondu-3-yarali\/#primaryimage"},"image":{"@id":"https:\/\/memurunsesi.net\/index.php\/2026\/04\/28\/kopru-korkuluklarina-carpan-otomobil-hurdaya-dondu-3-yarali\/#primaryimage"},"thumbnailUrl":"https:\/\/memurunsesi.net\/wp-content\/uploads\/2026\/04\/kopru-2-scaled.jpg","datePublished":"2026-04-28T04:53:55+00:00","description":"D\u00fczce\u2019de k\u00f6pr\u00fc korkuluklar\u0131na \u00e7arpan otomobilde bulunan 3 ki\u015fi yaralanarak hastaneye kald\u0131r\u0131ld\u0131.","breadcrumb":{"@id":"https:\/\/memurunsesi.net\/index.php\/2026\/04\/28\/kopru-korkuluklarina-carpan-otomobil-hurdaya-dondu-3-yarali\/#breadcrumb"},"inLanguage":"tr","potentialAction":[{"@type":"ReadAction","target":["https:\/\/memurunsesi.net\/index.php\/2026\/04\/28\/kopru-korkuluklarina-carpan-otomobil-hurdaya-dondu-3-yarali\/"]}]},{"@type":"ImageObject","inLanguage":"tr","@id":"https:\/\/memurunsesi.net\/index.php\/2026\/04\/28\/kopru-korkuluklarina-carpan-otomobil-hurdaya-dondu-3-yarali\/#primaryimage","url":"https:\/\/memurunsesi.net\/wp-content\/uploads\/2026\/04\/kopru-2-scaled.jpg","contentUrl":"https:\/\/memurunsesi.net\/wp-content\/uploads\/2026\/04\/kopru-2-scaled.jpg","width":2560,"height":1440,"caption":"default"},{"@type":"BreadcrumbList","@id":"https:\/\/memurunsesi.net\/index.php\/2026\/04\/28\/kopru-korkuluklarina-carpan-otomobil-hurdaya-dondu-3-yarali\/#breadcrumb","itemListElement":[{"@type":"ListItem","position":1,"name":"Anasayfa","item":"https:\/\/memurunsesi.net\/"},{"@type":"ListItem","position":2,"name":"K\u00f6pr\u00fc korkuluklar\u0131na \u00e7arpan otomobil hurdaya d\u00f6nd\u00fc: 3 yaral\u0131"}]},{"@type":"WebSite","@id":"https:\/\/memurunsesi.net\/#website","url":"https:\/\/memurunsesi.net\/","name":"Memurun Sesi","description":"G\u00fcncel ve Do\u011fru Haber","publisher":{"@id":"https:\/\/memurunsesi.net\/#organization"},"potentialAction":[{"@type":"SearchAction","target":{"@type":"EntryPoint","urlTemplate":"https:\/\/memurunsesi.net\/?s={search_term_string}"},"query-input":{"@type":"PropertyValueSpecification","valueRequired":true,"valueName":"search_term_string"}}],"inLanguage":"tr"},{"@type":"Organization","@id":"https:\/\/memurunsesi.net\/#organization","name":"Memurun Sesi","url":"https:\/\/memurunsesi.net\/","logo":{"@type":"ImageObject","inLanguage":"tr","@id":"https:\/\/memurunsesi.net\/#\/schema\/logo\/image\/","url":"https:\/\/memurunsesi.net\/wp-content\/uploads\/2025\/11\/cropped-MEMURUN-SESI.png","contentUrl":"https:\/\/memurunsesi.net\/wp-content\/uploads\/2025\/11\/cropped-MEMURUN-SESI.png","width":238,"height":57,"caption":"Memurun Sesi"},"image":{"@id":"https:\/\/memurunsesi.net\/#\/schema\/logo\/image\/"},"sameAs":["https:\/\/www.facebook.com\/unipersen\/?locale=tr_TR","https:\/\/x.com\/unipersen"]},{"@type":"Person","@id":"https:\/\/memurunsesi.net\/#\/schema\/person\/f21c2d73b89f6ee1d80b0a1803e38587","name":"Memurun Sesi Haber Merkezi","image":{"@type":"ImageObject","inLanguage":"tr","@id":"https:\/\/secure.gravatar.com\/avatar\/6cf0505f452ee753f485014986fab09a434671d2b919ee76fc541025c5876a70?s=96&d=mm&r=g","url":"https:\/\/secure.gravatar.com\/avatar\/6cf0505f452ee753f485014986fab09a434671d2b919ee76fc541025c5876a70?s=96&d=mm&r=g","contentUrl":"https:\/\/secure.gravatar.com\/avatar\/6cf0505f452ee753f485014986fab09a434671d2b919ee76fc541025c5876a70?s=96&d=mm&r=g","caption":"Memurun Sesi Haber Merkezi"},"sameAs":["https:\/\/memurunsesi.net"],"url":"https:\/\/memurunsesi.net\/index.php\/author\/uniper\/"}]}},"_links":{"self":[{"href":"https:\/\/memurunsesi.net\/index.php\/wp-json\/wp\/v2\/posts\/19687","targetHints":{"allow":["GET"]}}],"collection":[{"href":"https:\/\/memurunsesi.net\/index.php\/wp-json\/wp\/v2\/posts"}],"about":[{"href":"https:\/\/memurunsesi.net\/index.php\/wp-json\/wp\/v2\/types\/post"}],"author":[{"embeddable":true,"href":"https:\/\/memurunsesi.net\/index.php\/wp-json\/wp\/v2\/users\/1"}],"replies":[{"embeddable":true,"href":"https:\/\/memurunsesi.net\/index.php\/wp-json\/wp\/v2\/comments?post=19687"}],"version-history":[{"count":1,"href":"https:\/\/memurunsesi.net\/index.php\/wp-json\/wp\/v2\/posts\/19687\/revisions"}],"predecessor-version":[{"id":19689,"href":"https:\/\/memurunsesi.net\/index.php\/wp-json\/wp\/v2\/posts\/19687\/revisions\/19689"}],"wp:featuredmedia":[{"embeddable":true,"href":"https:\/\/memurunsesi.net\/index.php\/wp-json\/wp\/v2\/media\/19688"}],"wp:attachment":[{"href":"https:\/\/memurunsesi.net\/index.php\/wp-json\/wp\/v2\/media?parent=19687"}],"wp:term":[{"taxonomy":"category","embeddable":true,"href":"https:\/\/memurunsesi.net\/index.php\/wp-json\/wp\/v2\/categories?post=19687"},{"taxonomy":"post_tag","embeddable":true,"href":"https:\/\/memurunsesi.net\/index.php\/wp-json\/wp\/v2\/tags?post=19687"}],"curies":[{"name":"wp","href":"https:\/\/api.w.org\/{rel}","templated":true}]}}