{"id":19691,"date":"2026-04-28T07:57:21","date_gmt":"2026-04-28T04:57:21","guid":{"rendered":"https:\/\/memurunsesi.net\/?p=19691"},"modified":"2026-04-28T07:57:21","modified_gmt":"2026-04-28T04:57:21","slug":"istanbul-bogazinda-gemi-yaliya-metreler-kala-karaya-oturdu-gecisler-gecici-olarak-durduruldu","status":"publish","type":"post","link":"https:\/\/memurunsesi.net\/index.php\/2026\/04\/28\/istanbul-bogazinda-gemi-yaliya-metreler-kala-karaya-oturdu-gecisler-gecici-olarak-durduruldu\/","title":{"rendered":"\u0130stanbul Bo\u011faz\u0131\u2019nda gemi yal\u0131ya metreler kala karaya oturdu, ge\u00e7i\u015fler ge\u00e7ici olarak durduruldu"},"content":{"rendered":"<p>Karadeniz\u2019den \u0130stanbul Bo\u011faz\u0131\u2019na giri\u015f yapan T\u00fcrk bayrakl\u0131 &#8220;KAPPA&#8221; isimli konteyner gemisi, Yenik\u00f6y a\u00e7\u0131klar\u0131nda yal\u0131ya metreler karaya oturdu. Olay nedeniyle Bo\u011faz\u2019daki deniz trafi\u011fi \u00e7ift y\u00f6nl\u00fc olarak ask\u0131ya al\u0131nd\u0131. Karaya oturan gemi havadan g\u00f6r\u00fcnt\u00fclendi.<br \/>\nEdinilen bilgilere g\u00f6re, \u0130stanbul&#8217;dan hareketle \u0130zmit&#8217;e seyredecek KAPPA isimli T\u00fcrk bayrakl\u0131 konteyner gemisi, k\u0131y\u0131ya ve yal\u0131lara birka\u00e7 metre kala durabildi. B\u00f6lgedeki risk nedeniyle ekipler h\u0131zla harekete ge\u00e7ti. K\u0131y\u0131 Emniyeti Genel M\u00fcd\u00fcrl\u00fc\u011f\u00fc\u2019ne ba\u011fl\u0131 ekipler olay yerine sevk edilirken, &#8220;Kurtarma-5&#8221; r\u00f6mork\u00f6r\u00fcn\u00fcn gemiye refakat etti\u011fi \u00f6\u011frenildi. Kurtarma \u00e7al\u0131\u015fmalar\u0131n\u0131n Yenik\u00f6y a\u00e7\u0131klar\u0131nda yo\u011fun \u015fekilde s\u00fcrd\u00fc\u011f\u00fc bildirildi.<br \/>\n\u00d6te yandan, geminin toplam uzunlu\u011funun 147,87 metre, geni\u015fli\u011finin ise 23 metre oldu\u011fu belirtildi. Olay an\u0131 ve b\u00f6lgede y\u00fcr\u00fct\u00fclen \u00e7al\u0131\u015fmalar ise dron ile g\u00f6r\u00fcnt\u00fclendi.<br \/>\nYetkililer, Bo\u011faz\u2019daki gemi trafi\u011finin g\u00fcvenlik gerek\u00e7esiyle ge\u00e7ici olarak durduruldu\u011funu belirtirken, geminin bulundu\u011fu yerden kurtar\u0131lmas\u0131 i\u00e7in \u00e7al\u0131\u015fmalar\u0131n devam etti\u011fi \u00f6\u011frenildi.<\/p>\n<p>28.04.2026<\/p>\n","protected":false},"excerpt":{"rendered":"<p>Karadeniz\u2019den \u0130stanbul Bo\u011faz\u0131\u2019na giri\u015f yapan T\u00fcrk bayrakl\u0131 &#8220;KAPPA&#8221; isimli konteyner gemisi, Yenik\u00f6y a\u00e7\u0131klar\u0131nda yal\u0131ya metreler karaya oturdu. Olay nedeniyle Bo\u011faz\u2019daki deniz trafi\u011fi \u00e7ift y\u00f6nl\u00fc olarak ask\u0131ya al\u0131nd\u0131. Karaya oturan gemi havadan g\u00f6r\u00fcnt\u00fclendi. Edinilen bilgilere g\u00f6re, \u0130stanbul&#8217;dan hareketle \u0130zmit&#8217;e seyredecek KAPPA isimli T\u00fcrk bayrakl\u0131 konteyner gemisi, k\u0131y\u0131ya ve yal\u0131lara birka\u00e7 metre kala durabildi. B\u00f6lgedeki risk nedeniyle [&hellip;]<\/p>\n","protected":false},"author":1,"featured_media":19692,"comment_status":"open","ping_status":"open","sticky":false,"template":"","format":"standard","meta":{"footnotes":""},"categories":[45],"tags":[3689,3690,3688],"class_list":["post-19691","post","type-post","status-publish","format-standard","has-post-thumbnail","hentry","category-gundem","tag-karaya-oturdu","tag-trafik-durdu","tag-yaliya-metreler-kala"],"yoast_head":"<!-- This site is optimized with the Yoast SEO plugin v27.4 - https:\/\/yoast.com\/product\/yoast-seo-wordpress\/ -->\n<title>\u0130stanbul Bo\u011faz\u0131\u2019nda gemi yal\u0131ya metreler kala karaya oturdu, ge\u00e7i\u015fler ge\u00e7ici olarak durduruldu - Memurun Sesi<\/title>\n<meta name=\"description\" content=\"\u00a0Karadeniz\u2019den \u0130stanbul Bo\u011faz\u0131\u2019na giri\u015f yapan T\u00fcrk bayrakl\u0131 &quot;KAPPA&quot; isimli konteyner gemisi, Yenik\u00f6y a\u00e7\u0131klar\u0131nda yal\u0131ya metreler karaya oturdu. Olay nedeniyle Bo\u011faz\u2019daki deniz trafi\u011fi \u00e7ift y\u00f6nl\u00fc olarak ask\u0131ya al\u0131nd\u0131. Karaya oturan gemi havadan g\u00f6r\u00fcnt\u00fclendi.\" \/>\n<meta name=\"robots\" content=\"index, follow, max-snippet:-1, max-image-preview:large, max-video-preview:-1\" \/>\n<link rel=\"canonical\" href=\"https:\/\/memurunsesi.net\/index.php\/2026\/04\/28\/istanbul-bogazinda-gemi-yaliya-metreler-kala-karaya-oturdu-gecisler-gecici-olarak-durduruldu\/\" \/>\n<meta property=\"og:locale\" content=\"tr_TR\" \/>\n<meta property=\"og:type\" content=\"article\" \/>\n<meta property=\"og:title\" content=\"\u0130stanbul Bo\u011faz\u0131\u2019nda gemi yal\u0131ya metreler kala karaya oturdu, ge\u00e7i\u015fler ge\u00e7ici olarak durduruldu - Memurun Sesi\" \/>\n<meta property=\"og:description\" content=\"\u00a0Karadeniz\u2019den \u0130stanbul Bo\u011faz\u0131\u2019na giri\u015f yapan T\u00fcrk bayrakl\u0131 &quot;KAPPA&quot; isimli konteyner gemisi, Yenik\u00f6y a\u00e7\u0131klar\u0131nda yal\u0131ya metreler karaya oturdu. Olay nedeniyle Bo\u011faz\u2019daki deniz trafi\u011fi \u00e7ift y\u00f6nl\u00fc olarak ask\u0131ya al\u0131nd\u0131. Karaya oturan gemi havadan g\u00f6r\u00fcnt\u00fclendi.\" \/>\n<meta property=\"og:url\" content=\"https:\/\/memurunsesi.net\/index.php\/2026\/04\/28\/istanbul-bogazinda-gemi-yaliya-metreler-kala-karaya-oturdu-gecisler-gecici-olarak-durduruldu\/\" \/>\n<meta property=\"og:site_name\" content=\"Memurun Sesi\" \/>\n<meta property=\"article:publisher\" content=\"https:\/\/www.facebook.com\/unipersen\/?locale=tr_TR\" \/>\n<meta property=\"article:published_time\" content=\"2026-04-28T04:57:21+00:00\" \/>\n<meta property=\"og:image\" content=\"https:\/\/memurunsesi.net\/wp-content\/uploads\/2026\/04\/bogaz.jpg\" \/>\n\t<meta property=\"og:image:width\" content=\"1079\" \/>\n\t<meta property=\"og:image:height\" content=\"607\" \/>\n\t<meta property=\"og:image:type\" content=\"image\/jpeg\" \/>\n<meta name=\"author\" content=\"Memurun Sesi Haber Merkezi\" \/>\n<meta name=\"twitter:card\" content=\"summary_large_image\" \/>\n<meta name=\"twitter:creator\" content=\"@unipersen\" \/>\n<meta name=\"twitter:site\" content=\"@unipersen\" \/>\n<meta name=\"twitter:label1\" content=\"Yazan:\" \/>\n\t<meta name=\"twitter:data1\" content=\"Memurun Sesi Haber Merkezi\" \/>\n\t<meta name=\"twitter:label2\" content=\"Tahmini okuma s\u00fcresi\" \/>\n\t<meta name=\"twitter:data2\" content=\"1 dakika\" \/>\n<script type=\"application\/ld+json\" class=\"yoast-schema-graph\">{\"@context\":\"https:\\\/\\\/schema.org\",\"@graph\":[{\"@type\":\"Article\",\"@id\":\"https:\\\/\\\/memurunsesi.net\\\/index.php\\\/2026\\\/04\\\/28\\\/istanbul-bogazinda-gemi-yaliya-metreler-kala-karaya-oturdu-gecisler-gecici-olarak-durduruldu\\\/#article\",\"isPartOf\":{\"@id\":\"https:\\\/\\\/memurunsesi.net\\\/index.php\\\/2026\\\/04\\\/28\\\/istanbul-bogazinda-gemi-yaliya-metreler-kala-karaya-oturdu-gecisler-gecici-olarak-durduruldu\\\/\"},\"author\":{\"name\":\"Memurun Sesi Haber Merkezi\",\"@id\":\"https:\\\/\\\/memurunsesi.net\\\/#\\\/schema\\\/person\\\/f21c2d73b89f6ee1d80b0a1803e38587\"},\"headline\":\"\u0130stanbul Bo\u011faz\u0131\u2019nda gemi yal\u0131ya metreler kala karaya oturdu, ge\u00e7i\u015fler ge\u00e7ici olarak durduruldu\",\"datePublished\":\"2026-04-28T04:57:21+00:00\",\"mainEntityOfPage\":{\"@id\":\"https:\\\/\\\/memurunsesi.net\\\/index.php\\\/2026\\\/04\\\/28\\\/istanbul-bogazinda-gemi-yaliya-metreler-kala-karaya-oturdu-gecisler-gecici-olarak-durduruldu\\\/\"},\"wordCount\":211,\"commentCount\":0,\"publisher\":{\"@id\":\"https:\\\/\\\/memurunsesi.net\\\/#organization\"},\"image\":{\"@id\":\"https:\\\/\\\/memurunsesi.net\\\/index.php\\\/2026\\\/04\\\/28\\\/istanbul-bogazinda-gemi-yaliya-metreler-kala-karaya-oturdu-gecisler-gecici-olarak-durduruldu\\\/#primaryimage\"},\"thumbnailUrl\":\"https:\\\/\\\/memurunsesi.net\\\/wp-content\\\/uploads\\\/2026\\\/04\\\/bogaz.jpg\",\"keywords\":[\"karaya oturdu\",\"trafik durdu\",\"yal\u0131ya metreler kala\"],\"articleSection\":[\"G\u00fcndem\"],\"inLanguage\":\"tr\",\"potentialAction\":[{\"@type\":\"CommentAction\",\"name\":\"Comment\",\"target\":[\"https:\\\/\\\/memurunsesi.net\\\/index.php\\\/2026\\\/04\\\/28\\\/istanbul-bogazinda-gemi-yaliya-metreler-kala-karaya-oturdu-gecisler-gecici-olarak-durduruldu\\\/#respond\"]}]},{\"@type\":\"WebPage\",\"@id\":\"https:\\\/\\\/memurunsesi.net\\\/index.php\\\/2026\\\/04\\\/28\\\/istanbul-bogazinda-gemi-yaliya-metreler-kala-karaya-oturdu-gecisler-gecici-olarak-durduruldu\\\/\",\"url\":\"https:\\\/\\\/memurunsesi.net\\\/index.php\\\/2026\\\/04\\\/28\\\/istanbul-bogazinda-gemi-yaliya-metreler-kala-karaya-oturdu-gecisler-gecici-olarak-durduruldu\\\/\",\"name\":\"\u0130stanbul Bo\u011faz\u0131\u2019nda gemi yal\u0131ya metreler kala karaya oturdu, ge\u00e7i\u015fler ge\u00e7ici olarak durduruldu - Memurun Sesi\",\"isPartOf\":{\"@id\":\"https:\\\/\\\/memurunsesi.net\\\/#website\"},\"primaryImageOfPage\":{\"@id\":\"https:\\\/\\\/memurunsesi.net\\\/index.php\\\/2026\\\/04\\\/28\\\/istanbul-bogazinda-gemi-yaliya-metreler-kala-karaya-oturdu-gecisler-gecici-olarak-durduruldu\\\/#primaryimage\"},\"image\":{\"@id\":\"https:\\\/\\\/memurunsesi.net\\\/index.php\\\/2026\\\/04\\\/28\\\/istanbul-bogazinda-gemi-yaliya-metreler-kala-karaya-oturdu-gecisler-gecici-olarak-durduruldu\\\/#primaryimage\"},\"thumbnailUrl\":\"https:\\\/\\\/memurunsesi.net\\\/wp-content\\\/uploads\\\/2026\\\/04\\\/bogaz.jpg\",\"datePublished\":\"2026-04-28T04:57:21+00:00\",\"description\":\"\u00a0Karadeniz\u2019den \u0130stanbul Bo\u011faz\u0131\u2019na giri\u015f yapan T\u00fcrk bayrakl\u0131 \\\"KAPPA\\\" isimli konteyner gemisi, Yenik\u00f6y a\u00e7\u0131klar\u0131nda yal\u0131ya metreler karaya oturdu. Olay nedeniyle Bo\u011faz\u2019daki deniz trafi\u011fi \u00e7ift y\u00f6nl\u00fc olarak ask\u0131ya al\u0131nd\u0131. Karaya oturan gemi havadan g\u00f6r\u00fcnt\u00fclendi.\",\"breadcrumb\":{\"@id\":\"https:\\\/\\\/memurunsesi.net\\\/index.php\\\/2026\\\/04\\\/28\\\/istanbul-bogazinda-gemi-yaliya-metreler-kala-karaya-oturdu-gecisler-gecici-olarak-durduruldu\\\/#breadcrumb\"},\"inLanguage\":\"tr\",\"potentialAction\":[{\"@type\":\"ReadAction\",\"target\":[\"https:\\\/\\\/memurunsesi.net\\\/index.php\\\/2026\\\/04\\\/28\\\/istanbul-bogazinda-gemi-yaliya-metreler-kala-karaya-oturdu-gecisler-gecici-olarak-durduruldu\\\/\"]}]},{\"@type\":\"ImageObject\",\"inLanguage\":\"tr\",\"@id\":\"https:\\\/\\\/memurunsesi.net\\\/index.php\\\/2026\\\/04\\\/28\\\/istanbul-bogazinda-gemi-yaliya-metreler-kala-karaya-oturdu-gecisler-gecici-olarak-durduruldu\\\/#primaryimage\",\"url\":\"https:\\\/\\\/memurunsesi.net\\\/wp-content\\\/uploads\\\/2026\\\/04\\\/bogaz.jpg\",\"contentUrl\":\"https:\\\/\\\/memurunsesi.net\\\/wp-content\\\/uploads\\\/2026\\\/04\\\/bogaz.jpg\",\"width\":1079,\"height\":607},{\"@type\":\"BreadcrumbList\",\"@id\":\"https:\\\/\\\/memurunsesi.net\\\/index.php\\\/2026\\\/04\\\/28\\\/istanbul-bogazinda-gemi-yaliya-metreler-kala-karaya-oturdu-gecisler-gecici-olarak-durduruldu\\\/#breadcrumb\",\"itemListElement\":[{\"@type\":\"ListItem\",\"position\":1,\"name\":\"Anasayfa\",\"item\":\"https:\\\/\\\/memurunsesi.net\\\/\"},{\"@type\":\"ListItem\",\"position\":2,\"name\":\"\u0130stanbul Bo\u011faz\u0131\u2019nda gemi yal\u0131ya metreler kala karaya oturdu, ge\u00e7i\u015fler ge\u00e7ici olarak durduruldu\"}]},{\"@type\":\"WebSite\",\"@id\":\"https:\\\/\\\/memurunsesi.net\\\/#website\",\"url\":\"https:\\\/\\\/memurunsesi.net\\\/\",\"name\":\"Memurun Sesi\",\"description\":\"G\u00fcncel ve Do\u011fru Haber\",\"publisher\":{\"@id\":\"https:\\\/\\\/memurunsesi.net\\\/#organization\"},\"potentialAction\":[{\"@type\":\"SearchAction\",\"target\":{\"@type\":\"EntryPoint\",\"urlTemplate\":\"https:\\\/\\\/memurunsesi.net\\\/?s={search_term_string}\"},\"query-input\":{\"@type\":\"PropertyValueSpecification\",\"valueRequired\":true,\"valueName\":\"search_term_string\"}}],\"inLanguage\":\"tr\"},{\"@type\":\"Organization\",\"@id\":\"https:\\\/\\\/memurunsesi.net\\\/#organization\",\"name\":\"Memurun Sesi\",\"url\":\"https:\\\/\\\/memurunsesi.net\\\/\",\"logo\":{\"@type\":\"ImageObject\",\"inLanguage\":\"tr\",\"@id\":\"https:\\\/\\\/memurunsesi.net\\\/#\\\/schema\\\/logo\\\/image\\\/\",\"url\":\"https:\\\/\\\/memurunsesi.net\\\/wp-content\\\/uploads\\\/2025\\\/11\\\/cropped-MEMURUN-SESI.png\",\"contentUrl\":\"https:\\\/\\\/memurunsesi.net\\\/wp-content\\\/uploads\\\/2025\\\/11\\\/cropped-MEMURUN-SESI.png\",\"width\":238,\"height\":57,\"caption\":\"Memurun Sesi\"},\"image\":{\"@id\":\"https:\\\/\\\/memurunsesi.net\\\/#\\\/schema\\\/logo\\\/image\\\/\"},\"sameAs\":[\"https:\\\/\\\/www.facebook.com\\\/unipersen\\\/?locale=tr_TR\",\"https:\\\/\\\/x.com\\\/unipersen\"]},{\"@type\":\"Person\",\"@id\":\"https:\\\/\\\/memurunsesi.net\\\/#\\\/schema\\\/person\\\/f21c2d73b89f6ee1d80b0a1803e38587\",\"name\":\"Memurun Sesi Haber Merkezi\",\"image\":{\"@type\":\"ImageObject\",\"inLanguage\":\"tr\",\"@id\":\"https:\\\/\\\/secure.gravatar.com\\\/avatar\\\/6cf0505f452ee753f485014986fab09a434671d2b919ee76fc541025c5876a70?s=96&d=mm&r=g\",\"url\":\"https:\\\/\\\/secure.gravatar.com\\\/avatar\\\/6cf0505f452ee753f485014986fab09a434671d2b919ee76fc541025c5876a70?s=96&d=mm&r=g\",\"contentUrl\":\"https:\\\/\\\/secure.gravatar.com\\\/avatar\\\/6cf0505f452ee753f485014986fab09a434671d2b919ee76fc541025c5876a70?s=96&d=mm&r=g\",\"caption\":\"Memurun Sesi Haber Merkezi\"},\"sameAs\":[\"https:\\\/\\\/memurunsesi.net\"],\"url\":\"https:\\\/\\\/memurunsesi.net\\\/index.php\\\/author\\\/uniper\\\/\"}]}<\/script>\n<!-- \/ Yoast SEO plugin. -->","yoast_head_json":{"title":"\u0130stanbul Bo\u011faz\u0131\u2019nda gemi yal\u0131ya metreler kala karaya oturdu, ge\u00e7i\u015fler ge\u00e7ici olarak durduruldu - Memurun Sesi","description":"\u00a0Karadeniz\u2019den \u0130stanbul Bo\u011faz\u0131\u2019na giri\u015f yapan T\u00fcrk bayrakl\u0131 \"KAPPA\" isimli konteyner gemisi, Yenik\u00f6y a\u00e7\u0131klar\u0131nda yal\u0131ya metreler karaya oturdu. Olay nedeniyle Bo\u011faz\u2019daki deniz trafi\u011fi \u00e7ift y\u00f6nl\u00fc olarak ask\u0131ya al\u0131nd\u0131. Karaya oturan gemi havadan g\u00f6r\u00fcnt\u00fclendi.","robots":{"index":"index","follow":"follow","max-snippet":"max-snippet:-1","max-image-preview":"max-image-preview:large","max-video-preview":"max-video-preview:-1"},"canonical":"https:\/\/memurunsesi.net\/index.php\/2026\/04\/28\/istanbul-bogazinda-gemi-yaliya-metreler-kala-karaya-oturdu-gecisler-gecici-olarak-durduruldu\/","og_locale":"tr_TR","og_type":"article","og_title":"\u0130stanbul Bo\u011faz\u0131\u2019nda gemi yal\u0131ya metreler kala karaya oturdu, ge\u00e7i\u015fler ge\u00e7ici olarak durduruldu - Memurun Sesi","og_description":"\u00a0Karadeniz\u2019den \u0130stanbul Bo\u011faz\u0131\u2019na giri\u015f yapan T\u00fcrk bayrakl\u0131 \"KAPPA\" isimli konteyner gemisi, Yenik\u00f6y a\u00e7\u0131klar\u0131nda yal\u0131ya metreler karaya oturdu. Olay nedeniyle Bo\u011faz\u2019daki deniz trafi\u011fi \u00e7ift y\u00f6nl\u00fc olarak ask\u0131ya al\u0131nd\u0131. Karaya oturan gemi havadan g\u00f6r\u00fcnt\u00fclendi.","og_url":"https:\/\/memurunsesi.net\/index.php\/2026\/04\/28\/istanbul-bogazinda-gemi-yaliya-metreler-kala-karaya-oturdu-gecisler-gecici-olarak-durduruldu\/","og_site_name":"Memurun Sesi","article_publisher":"https:\/\/www.facebook.com\/unipersen\/?locale=tr_TR","article_published_time":"2026-04-28T04:57:21+00:00","og_image":[{"width":1079,"height":607,"url":"https:\/\/memurunsesi.net\/wp-content\/uploads\/2026\/04\/bogaz.jpg","type":"image\/jpeg"}],"author":"Memurun Sesi Haber Merkezi","twitter_card":"summary_large_image","twitter_creator":"@unipersen","twitter_site":"@unipersen","twitter_misc":{"Yazan:":"Memurun Sesi Haber Merkezi","Tahmini okuma s\u00fcresi":"1 dakika"},"schema":{"@context":"https:\/\/schema.org","@graph":[{"@type":"Article","@id":"https:\/\/memurunsesi.net\/index.php\/2026\/04\/28\/istanbul-bogazinda-gemi-yaliya-metreler-kala-karaya-oturdu-gecisler-gecici-olarak-durduruldu\/#article","isPartOf":{"@id":"https:\/\/memurunsesi.net\/index.php\/2026\/04\/28\/istanbul-bogazinda-gemi-yaliya-metreler-kala-karaya-oturdu-gecisler-gecici-olarak-durduruldu\/"},"author":{"name":"Memurun Sesi Haber Merkezi","@id":"https:\/\/memurunsesi.net\/#\/schema\/person\/f21c2d73b89f6ee1d80b0a1803e38587"},"headline":"\u0130stanbul Bo\u011faz\u0131\u2019nda gemi yal\u0131ya metreler kala karaya oturdu, ge\u00e7i\u015fler ge\u00e7ici olarak durduruldu","datePublished":"2026-04-28T04:57:21+00:00","mainEntityOfPage":{"@id":"https:\/\/memurunsesi.net\/index.php\/2026\/04\/28\/istanbul-bogazinda-gemi-yaliya-metreler-kala-karaya-oturdu-gecisler-gecici-olarak-durduruldu\/"},"wordCount":211,"commentCount":0,"publisher":{"@id":"https:\/\/memurunsesi.net\/#organization"},"image":{"@id":"https:\/\/memurunsesi.net\/index.php\/2026\/04\/28\/istanbul-bogazinda-gemi-yaliya-metreler-kala-karaya-oturdu-gecisler-gecici-olarak-durduruldu\/#primaryimage"},"thumbnailUrl":"https:\/\/memurunsesi.net\/wp-content\/uploads\/2026\/04\/bogaz.jpg","keywords":["karaya oturdu","trafik durdu","yal\u0131ya metreler kala"],"articleSection":["G\u00fcndem"],"inLanguage":"tr","potentialAction":[{"@type":"CommentAction","name":"Comment","target":["https:\/\/memurunsesi.net\/index.php\/2026\/04\/28\/istanbul-bogazinda-gemi-yaliya-metreler-kala-karaya-oturdu-gecisler-gecici-olarak-durduruldu\/#respond"]}]},{"@type":"WebPage","@id":"https:\/\/memurunsesi.net\/index.php\/2026\/04\/28\/istanbul-bogazinda-gemi-yaliya-metreler-kala-karaya-oturdu-gecisler-gecici-olarak-durduruldu\/","url":"https:\/\/memurunsesi.net\/index.php\/2026\/04\/28\/istanbul-bogazinda-gemi-yaliya-metreler-kala-karaya-oturdu-gecisler-gecici-olarak-durduruldu\/","name":"\u0130stanbul Bo\u011faz\u0131\u2019nda gemi yal\u0131ya metreler kala karaya oturdu, ge\u00e7i\u015fler ge\u00e7ici olarak durduruldu - Memurun Sesi","isPartOf":{"@id":"https:\/\/memurunsesi.net\/#website"},"primaryImageOfPage":{"@id":"https:\/\/memurunsesi.net\/index.php\/2026\/04\/28\/istanbul-bogazinda-gemi-yaliya-metreler-kala-karaya-oturdu-gecisler-gecici-olarak-durduruldu\/#primaryimage"},"image":{"@id":"https:\/\/memurunsesi.net\/index.php\/2026\/04\/28\/istanbul-bogazinda-gemi-yaliya-metreler-kala-karaya-oturdu-gecisler-gecici-olarak-durduruldu\/#primaryimage"},"thumbnailUrl":"https:\/\/memurunsesi.net\/wp-content\/uploads\/2026\/04\/bogaz.jpg","datePublished":"2026-04-28T04:57:21+00:00","description":"\u00a0Karadeniz\u2019den \u0130stanbul Bo\u011faz\u0131\u2019na giri\u015f yapan T\u00fcrk bayrakl\u0131 \"KAPPA\" isimli konteyner gemisi, Yenik\u00f6y a\u00e7\u0131klar\u0131nda yal\u0131ya metreler karaya oturdu. Olay nedeniyle Bo\u011faz\u2019daki deniz trafi\u011fi \u00e7ift y\u00f6nl\u00fc olarak ask\u0131ya al\u0131nd\u0131. Karaya oturan gemi havadan g\u00f6r\u00fcnt\u00fclendi.","breadcrumb":{"@id":"https:\/\/memurunsesi.net\/index.php\/2026\/04\/28\/istanbul-bogazinda-gemi-yaliya-metreler-kala-karaya-oturdu-gecisler-gecici-olarak-durduruldu\/#breadcrumb"},"inLanguage":"tr","potentialAction":[{"@type":"ReadAction","target":["https:\/\/memurunsesi.net\/index.php\/2026\/04\/28\/istanbul-bogazinda-gemi-yaliya-metreler-kala-karaya-oturdu-gecisler-gecici-olarak-durduruldu\/"]}]},{"@type":"ImageObject","inLanguage":"tr","@id":"https:\/\/memurunsesi.net\/index.php\/2026\/04\/28\/istanbul-bogazinda-gemi-yaliya-metreler-kala-karaya-oturdu-gecisler-gecici-olarak-durduruldu\/#primaryimage","url":"https:\/\/memurunsesi.net\/wp-content\/uploads\/2026\/04\/bogaz.jpg","contentUrl":"https:\/\/memurunsesi.net\/wp-content\/uploads\/2026\/04\/bogaz.jpg","width":1079,"height":607},{"@type":"BreadcrumbList","@id":"https:\/\/memurunsesi.net\/index.php\/2026\/04\/28\/istanbul-bogazinda-gemi-yaliya-metreler-kala-karaya-oturdu-gecisler-gecici-olarak-durduruldu\/#breadcrumb","itemListElement":[{"@type":"ListItem","position":1,"name":"Anasayfa","item":"https:\/\/memurunsesi.net\/"},{"@type":"ListItem","position":2,"name":"\u0130stanbul Bo\u011faz\u0131\u2019nda gemi yal\u0131ya metreler kala karaya oturdu, ge\u00e7i\u015fler ge\u00e7ici olarak durduruldu"}]},{"@type":"WebSite","@id":"https:\/\/memurunsesi.net\/#website","url":"https:\/\/memurunsesi.net\/","name":"Memurun Sesi","description":"G\u00fcncel ve Do\u011fru Haber","publisher":{"@id":"https:\/\/memurunsesi.net\/#organization"},"potentialAction":[{"@type":"SearchAction","target":{"@type":"EntryPoint","urlTemplate":"https:\/\/memurunsesi.net\/?s={search_term_string}"},"query-input":{"@type":"PropertyValueSpecification","valueRequired":true,"valueName":"search_term_string"}}],"inLanguage":"tr"},{"@type":"Organization","@id":"https:\/\/memurunsesi.net\/#organization","name":"Memurun Sesi","url":"https:\/\/memurunsesi.net\/","logo":{"@type":"ImageObject","inLanguage":"tr","@id":"https:\/\/memurunsesi.net\/#\/schema\/logo\/image\/","url":"https:\/\/memurunsesi.net\/wp-content\/uploads\/2025\/11\/cropped-MEMURUN-SESI.png","contentUrl":"https:\/\/memurunsesi.net\/wp-content\/uploads\/2025\/11\/cropped-MEMURUN-SESI.png","width":238,"height":57,"caption":"Memurun Sesi"},"image":{"@id":"https:\/\/memurunsesi.net\/#\/schema\/logo\/image\/"},"sameAs":["https:\/\/www.facebook.com\/unipersen\/?locale=tr_TR","https:\/\/x.com\/unipersen"]},{"@type":"Person","@id":"https:\/\/memurunsesi.net\/#\/schema\/person\/f21c2d73b89f6ee1d80b0a1803e38587","name":"Memurun Sesi Haber Merkezi","image":{"@type":"ImageObject","inLanguage":"tr","@id":"https:\/\/secure.gravatar.com\/avatar\/6cf0505f452ee753f485014986fab09a434671d2b919ee76fc541025c5876a70?s=96&d=mm&r=g","url":"https:\/\/secure.gravatar.com\/avatar\/6cf0505f452ee753f485014986fab09a434671d2b919ee76fc541025c5876a70?s=96&d=mm&r=g","contentUrl":"https:\/\/secure.gravatar.com\/avatar\/6cf0505f452ee753f485014986fab09a434671d2b919ee76fc541025c5876a70?s=96&d=mm&r=g","caption":"Memurun Sesi Haber Merkezi"},"sameAs":["https:\/\/memurunsesi.net"],"url":"https:\/\/memurunsesi.net\/index.php\/author\/uniper\/"}]}},"_links":{"self":[{"href":"https:\/\/memurunsesi.net\/index.php\/wp-json\/wp\/v2\/posts\/19691","targetHints":{"allow":["GET"]}}],"collection":[{"href":"https:\/\/memurunsesi.net\/index.php\/wp-json\/wp\/v2\/posts"}],"about":[{"href":"https:\/\/memurunsesi.net\/index.php\/wp-json\/wp\/v2\/types\/post"}],"author":[{"embeddable":true,"href":"https:\/\/memurunsesi.net\/index.php\/wp-json\/wp\/v2\/users\/1"}],"replies":[{"embeddable":true,"href":"https:\/\/memurunsesi.net\/index.php\/wp-json\/wp\/v2\/comments?post=19691"}],"version-history":[{"count":1,"href":"https:\/\/memurunsesi.net\/index.php\/wp-json\/wp\/v2\/posts\/19691\/revisions"}],"predecessor-version":[{"id":19694,"href":"https:\/\/memurunsesi.net\/index.php\/wp-json\/wp\/v2\/posts\/19691\/revisions\/19694"}],"wp:featuredmedia":[{"embeddable":true,"href":"https:\/\/memurunsesi.net\/index.php\/wp-json\/wp\/v2\/media\/19692"}],"wp:attachment":[{"href":"https:\/\/memurunsesi.net\/index.php\/wp-json\/wp\/v2\/media?parent=19691"}],"wp:term":[{"taxonomy":"category","embeddable":true,"href":"https:\/\/memurunsesi.net\/index.php\/wp-json\/wp\/v2\/categories?post=19691"},{"taxonomy":"post_tag","embeddable":true,"href":"https:\/\/memurunsesi.net\/index.php\/wp-json\/wp\/v2\/tags?post=19691"}],"curies":[{"name":"wp","href":"https:\/\/api.w.org\/{rel}","templated":true}]}}