{"id":19695,"date":"2026-04-28T07:59:13","date_gmt":"2026-04-28T04:59:13","guid":{"rendered":"https:\/\/memurunsesi.net\/?p=19695"},"modified":"2026-04-28T07:59:13","modified_gmt":"2026-04-28T04:59:13","slug":"iyi-parti-manisa-il-baskani-yunus-koca-ve-yonetimi-gorevden-alindi","status":"publish","type":"post","link":"https:\/\/memurunsesi.net\/index.php\/2026\/04\/28\/iyi-parti-manisa-il-baskani-yunus-koca-ve-yonetimi-gorevden-alindi\/","title":{"rendered":"\u0130Y\u0130 Parti Manisa \u0130l Ba\u015fkan\u0131 Yunus Koca ve y\u00f6netimi g\u00f6revden al\u0131nd\u0131"},"content":{"rendered":"<p>\u0130Y\u0130 Parti&#8217;de Manisa te\u015fkilat\u0131nda 8 Kas\u0131m 2025 tarihinde ger\u00e7ekle\u015ftirilen 4. Ola\u011fan Kongre&#8217;de \u0130l Ba\u015fkanl\u0131\u011f\u0131&#8217;na se\u00e7ilen Yunus Koca ile \u0130l Y\u00f6netim Kurulu&#8217;nun, Genel Merkez karar\u0131yla g\u00f6revden al\u0131nd\u0131\u011f\u0131 \u00f6\u011frenildi.<br \/>\n\u0130Y\u0130 Parti Genel Merkezi taraf\u0131ndan haz\u0131rlanan ve 27 Nisan 2026 tarihini ta\u015f\u0131yan resmi yaz\u0131da, Manisa \u0130l Ba\u015fkan\u0131 Yunus Koca ile il y\u00f6netiminin g\u00f6revden al\u0131nd\u0131\u011f\u0131 bildirildi. G\u00f6revden al\u0131nma yaz\u0131s\u0131nda karar\u0131n, Siyasi Partiler Kanunu ile parti t\u00fcz\u00fc\u011f\u00fcn\u00fcn ilgili maddeleri do\u011frultusunda Ba\u015fkanl\u0131k Divan\u0131&#8217;n\u0131n 27 Nisan 2026 tarihli toplant\u0131s\u0131nda al\u0131nd\u0131\u011f\u0131 ifade edildi. G\u00f6revden alma yaz\u0131s\u0131nda, Te\u015fkilat \u0130\u015flerinden Sorumlu Genel Ba\u015fkan Yard\u0131mc\u0131s\u0131 ve Denizli Milletvekili Yasin \u00d6zt\u00fcrk&#8217;\u00fcn imzas\u0131 yer al\u0131rken, karar Genel Ba\u015fkan D. M\u00fcsavat Dervi\u015fo\u011flu taraf\u0131ndan da onayland\u0131.<br \/>\n8 Kas\u0131m 2025 tarihinde yap\u0131lan kongrede delegelerin oylar\u0131yla g\u00f6reve gelen Yunus Koca ve y\u00f6netiminin neden g\u00f6revden al\u0131nd\u0131\u011f\u0131na ili\u015fkin resmi bir a\u00e7\u0131klama ise hen\u00fcz yap\u0131lmad\u0131.<\/p>\n<p>28.04.2026<\/p>\n","protected":false},"excerpt":{"rendered":"<p>\u0130Y\u0130 Parti&#8217;de Manisa te\u015fkilat\u0131nda 8 Kas\u0131m 2025 tarihinde ger\u00e7ekle\u015ftirilen 4. Ola\u011fan Kongre&#8217;de \u0130l Ba\u015fkanl\u0131\u011f\u0131&#8217;na se\u00e7ilen Yunus Koca ile \u0130l Y\u00f6netim Kurulu&#8217;nun, Genel Merkez karar\u0131yla g\u00f6revden al\u0131nd\u0131\u011f\u0131 \u00f6\u011frenildi. \u0130Y\u0130 Parti Genel Merkezi taraf\u0131ndan haz\u0131rlanan ve 27 Nisan 2026 tarihini ta\u015f\u0131yan resmi yaz\u0131da, Manisa \u0130l Ba\u015fkan\u0131 Yunus Koca ile il y\u00f6netiminin g\u00f6revden al\u0131nd\u0131\u011f\u0131 bildirildi. G\u00f6revden al\u0131nma yaz\u0131s\u0131nda [&hellip;]<\/p>\n","protected":false},"author":1,"featured_media":19696,"comment_status":"open","ping_status":"open","sticky":false,"template":"","format":"standard","meta":{"footnotes":""},"categories":[1],"tags":[3692,2732,3691],"class_list":["post-19695","post","type-post","status-publish","format-standard","has-post-thumbnail","hentry","category-genel","tag-parti","tag-siyaset","tag-siyasi"],"yoast_head":"<!-- This site is optimized with the Yoast SEO plugin v27.4 - https:\/\/yoast.com\/product\/yoast-seo-wordpress\/ -->\n<title>\u0130Y\u0130 Parti Manisa \u0130l Ba\u015fkan\u0131 Yunus Koca ve y\u00f6netimi g\u00f6revden al\u0131nd\u0131 - Memurun Sesi<\/title>\n<meta name=\"description\" content=\"\u00a0\u0130Y\u0130 Parti&#039;de Manisa te\u015fkilat\u0131nda 8 Kas\u0131m 2025 tarihinde ger\u00e7ekle\u015ftirilen 4. Ola\u011fan Kongre&#039;de \u0130l Ba\u015fkanl\u0131\u011f\u0131&#039;na se\u00e7ilen Yunus Koca ile \u0130l Y\u00f6netim Kurulu&#039;nun, Genel Merkez karar\u0131yla g\u00f6revden al\u0131nd\u0131\u011f\u0131 \u00f6\u011frenildi.\" \/>\n<meta name=\"robots\" content=\"index, follow, max-snippet:-1, max-image-preview:large, max-video-preview:-1\" \/>\n<link rel=\"canonical\" href=\"https:\/\/memurunsesi.net\/index.php\/2026\/04\/28\/iyi-parti-manisa-il-baskani-yunus-koca-ve-yonetimi-gorevden-alindi\/\" \/>\n<meta property=\"og:locale\" content=\"tr_TR\" \/>\n<meta property=\"og:type\" content=\"article\" \/>\n<meta property=\"og:title\" content=\"\u0130Y\u0130 Parti Manisa \u0130l Ba\u015fkan\u0131 Yunus Koca ve y\u00f6netimi g\u00f6revden al\u0131nd\u0131 - Memurun Sesi\" \/>\n<meta property=\"og:description\" content=\"\u00a0\u0130Y\u0130 Parti&#039;de Manisa te\u015fkilat\u0131nda 8 Kas\u0131m 2025 tarihinde ger\u00e7ekle\u015ftirilen 4. Ola\u011fan Kongre&#039;de \u0130l Ba\u015fkanl\u0131\u011f\u0131&#039;na se\u00e7ilen Yunus Koca ile \u0130l Y\u00f6netim Kurulu&#039;nun, Genel Merkez karar\u0131yla g\u00f6revden al\u0131nd\u0131\u011f\u0131 \u00f6\u011frenildi.\" \/>\n<meta property=\"og:url\" content=\"https:\/\/memurunsesi.net\/index.php\/2026\/04\/28\/iyi-parti-manisa-il-baskani-yunus-koca-ve-yonetimi-gorevden-alindi\/\" \/>\n<meta property=\"og:site_name\" content=\"Memurun Sesi\" \/>\n<meta property=\"article:publisher\" content=\"https:\/\/www.facebook.com\/unipersen\/?locale=tr_TR\" \/>\n<meta property=\"article:published_time\" content=\"2026-04-28T04:59:13+00:00\" \/>\n<meta property=\"og:image\" content=\"https:\/\/memurunsesi.net\/wp-content\/uploads\/2026\/04\/iyi.jpg\" \/>\n\t<meta property=\"og:image:width\" content=\"1085\" \/>\n\t<meta property=\"og:image:height\" content=\"709\" \/>\n\t<meta property=\"og:image:type\" content=\"image\/jpeg\" \/>\n<meta name=\"author\" content=\"Memurun Sesi Haber Merkezi\" \/>\n<meta name=\"twitter:card\" content=\"summary_large_image\" \/>\n<meta name=\"twitter:creator\" content=\"@unipersen\" \/>\n<meta name=\"twitter:site\" content=\"@unipersen\" \/>\n<meta name=\"twitter:label1\" content=\"Yazan:\" \/>\n\t<meta name=\"twitter:data1\" content=\"Memurun Sesi Haber Merkezi\" \/>\n\t<meta name=\"twitter:label2\" content=\"Tahmini okuma s\u00fcresi\" \/>\n\t<meta name=\"twitter:data2\" content=\"1 dakika\" \/>\n<script type=\"application\/ld+json\" class=\"yoast-schema-graph\">{\"@context\":\"https:\\\/\\\/schema.org\",\"@graph\":[{\"@type\":\"Article\",\"@id\":\"https:\\\/\\\/memurunsesi.net\\\/index.php\\\/2026\\\/04\\\/28\\\/iyi-parti-manisa-il-baskani-yunus-koca-ve-yonetimi-gorevden-alindi\\\/#article\",\"isPartOf\":{\"@id\":\"https:\\\/\\\/memurunsesi.net\\\/index.php\\\/2026\\\/04\\\/28\\\/iyi-parti-manisa-il-baskani-yunus-koca-ve-yonetimi-gorevden-alindi\\\/\"},\"author\":{\"name\":\"Memurun Sesi Haber Merkezi\",\"@id\":\"https:\\\/\\\/memurunsesi.net\\\/#\\\/schema\\\/person\\\/f21c2d73b89f6ee1d80b0a1803e38587\"},\"headline\":\"\u0130Y\u0130 Parti Manisa \u0130l Ba\u015fkan\u0131 Yunus Koca ve y\u00f6netimi g\u00f6revden al\u0131nd\u0131\",\"datePublished\":\"2026-04-28T04:59:13+00:00\",\"mainEntityOfPage\":{\"@id\":\"https:\\\/\\\/memurunsesi.net\\\/index.php\\\/2026\\\/04\\\/28\\\/iyi-parti-manisa-il-baskani-yunus-koca-ve-yonetimi-gorevden-alindi\\\/\"},\"wordCount\":198,\"commentCount\":0,\"publisher\":{\"@id\":\"https:\\\/\\\/memurunsesi.net\\\/#organization\"},\"image\":{\"@id\":\"https:\\\/\\\/memurunsesi.net\\\/index.php\\\/2026\\\/04\\\/28\\\/iyi-parti-manisa-il-baskani-yunus-koca-ve-yonetimi-gorevden-alindi\\\/#primaryimage\"},\"thumbnailUrl\":\"https:\\\/\\\/memurunsesi.net\\\/wp-content\\\/uploads\\\/2026\\\/04\\\/iyi.jpg\",\"keywords\":[\"parti\",\"siyaset\",\"siyasi\"],\"inLanguage\":\"tr\",\"potentialAction\":[{\"@type\":\"CommentAction\",\"name\":\"Comment\",\"target\":[\"https:\\\/\\\/memurunsesi.net\\\/index.php\\\/2026\\\/04\\\/28\\\/iyi-parti-manisa-il-baskani-yunus-koca-ve-yonetimi-gorevden-alindi\\\/#respond\"]}]},{\"@type\":\"WebPage\",\"@id\":\"https:\\\/\\\/memurunsesi.net\\\/index.php\\\/2026\\\/04\\\/28\\\/iyi-parti-manisa-il-baskani-yunus-koca-ve-yonetimi-gorevden-alindi\\\/\",\"url\":\"https:\\\/\\\/memurunsesi.net\\\/index.php\\\/2026\\\/04\\\/28\\\/iyi-parti-manisa-il-baskani-yunus-koca-ve-yonetimi-gorevden-alindi\\\/\",\"name\":\"\u0130Y\u0130 Parti Manisa \u0130l Ba\u015fkan\u0131 Yunus Koca ve y\u00f6netimi g\u00f6revden al\u0131nd\u0131 - Memurun Sesi\",\"isPartOf\":{\"@id\":\"https:\\\/\\\/memurunsesi.net\\\/#website\"},\"primaryImageOfPage\":{\"@id\":\"https:\\\/\\\/memurunsesi.net\\\/index.php\\\/2026\\\/04\\\/28\\\/iyi-parti-manisa-il-baskani-yunus-koca-ve-yonetimi-gorevden-alindi\\\/#primaryimage\"},\"image\":{\"@id\":\"https:\\\/\\\/memurunsesi.net\\\/index.php\\\/2026\\\/04\\\/28\\\/iyi-parti-manisa-il-baskani-yunus-koca-ve-yonetimi-gorevden-alindi\\\/#primaryimage\"},\"thumbnailUrl\":\"https:\\\/\\\/memurunsesi.net\\\/wp-content\\\/uploads\\\/2026\\\/04\\\/iyi.jpg\",\"datePublished\":\"2026-04-28T04:59:13+00:00\",\"description\":\"\u00a0\u0130Y\u0130 Parti'de Manisa te\u015fkilat\u0131nda 8 Kas\u0131m 2025 tarihinde ger\u00e7ekle\u015ftirilen 4. Ola\u011fan Kongre'de \u0130l Ba\u015fkanl\u0131\u011f\u0131'na se\u00e7ilen Yunus Koca ile \u0130l Y\u00f6netim Kurulu'nun, Genel Merkez karar\u0131yla g\u00f6revden al\u0131nd\u0131\u011f\u0131 \u00f6\u011frenildi.\",\"breadcrumb\":{\"@id\":\"https:\\\/\\\/memurunsesi.net\\\/index.php\\\/2026\\\/04\\\/28\\\/iyi-parti-manisa-il-baskani-yunus-koca-ve-yonetimi-gorevden-alindi\\\/#breadcrumb\"},\"inLanguage\":\"tr\",\"potentialAction\":[{\"@type\":\"ReadAction\",\"target\":[\"https:\\\/\\\/memurunsesi.net\\\/index.php\\\/2026\\\/04\\\/28\\\/iyi-parti-manisa-il-baskani-yunus-koca-ve-yonetimi-gorevden-alindi\\\/\"]}]},{\"@type\":\"ImageObject\",\"inLanguage\":\"tr\",\"@id\":\"https:\\\/\\\/memurunsesi.net\\\/index.php\\\/2026\\\/04\\\/28\\\/iyi-parti-manisa-il-baskani-yunus-koca-ve-yonetimi-gorevden-alindi\\\/#primaryimage\",\"url\":\"https:\\\/\\\/memurunsesi.net\\\/wp-content\\\/uploads\\\/2026\\\/04\\\/iyi.jpg\",\"contentUrl\":\"https:\\\/\\\/memurunsesi.net\\\/wp-content\\\/uploads\\\/2026\\\/04\\\/iyi.jpg\",\"width\":1085,\"height\":709},{\"@type\":\"BreadcrumbList\",\"@id\":\"https:\\\/\\\/memurunsesi.net\\\/index.php\\\/2026\\\/04\\\/28\\\/iyi-parti-manisa-il-baskani-yunus-koca-ve-yonetimi-gorevden-alindi\\\/#breadcrumb\",\"itemListElement\":[{\"@type\":\"ListItem\",\"position\":1,\"name\":\"Anasayfa\",\"item\":\"https:\\\/\\\/memurunsesi.net\\\/\"},{\"@type\":\"ListItem\",\"position\":2,\"name\":\"\u0130Y\u0130 Parti Manisa \u0130l Ba\u015fkan\u0131 Yunus Koca ve y\u00f6netimi g\u00f6revden al\u0131nd\u0131\"}]},{\"@type\":\"WebSite\",\"@id\":\"https:\\\/\\\/memurunsesi.net\\\/#website\",\"url\":\"https:\\\/\\\/memurunsesi.net\\\/\",\"name\":\"Memurun Sesi\",\"description\":\"G\u00fcncel ve Do\u011fru Haber\",\"publisher\":{\"@id\":\"https:\\\/\\\/memurunsesi.net\\\/#organization\"},\"potentialAction\":[{\"@type\":\"SearchAction\",\"target\":{\"@type\":\"EntryPoint\",\"urlTemplate\":\"https:\\\/\\\/memurunsesi.net\\\/?s={search_term_string}\"},\"query-input\":{\"@type\":\"PropertyValueSpecification\",\"valueRequired\":true,\"valueName\":\"search_term_string\"}}],\"inLanguage\":\"tr\"},{\"@type\":\"Organization\",\"@id\":\"https:\\\/\\\/memurunsesi.net\\\/#organization\",\"name\":\"Memurun Sesi\",\"url\":\"https:\\\/\\\/memurunsesi.net\\\/\",\"logo\":{\"@type\":\"ImageObject\",\"inLanguage\":\"tr\",\"@id\":\"https:\\\/\\\/memurunsesi.net\\\/#\\\/schema\\\/logo\\\/image\\\/\",\"url\":\"https:\\\/\\\/memurunsesi.net\\\/wp-content\\\/uploads\\\/2025\\\/11\\\/cropped-MEMURUN-SESI.png\",\"contentUrl\":\"https:\\\/\\\/memurunsesi.net\\\/wp-content\\\/uploads\\\/2025\\\/11\\\/cropped-MEMURUN-SESI.png\",\"width\":238,\"height\":57,\"caption\":\"Memurun Sesi\"},\"image\":{\"@id\":\"https:\\\/\\\/memurunsesi.net\\\/#\\\/schema\\\/logo\\\/image\\\/\"},\"sameAs\":[\"https:\\\/\\\/www.facebook.com\\\/unipersen\\\/?locale=tr_TR\",\"https:\\\/\\\/x.com\\\/unipersen\"]},{\"@type\":\"Person\",\"@id\":\"https:\\\/\\\/memurunsesi.net\\\/#\\\/schema\\\/person\\\/f21c2d73b89f6ee1d80b0a1803e38587\",\"name\":\"Memurun Sesi Haber Merkezi\",\"image\":{\"@type\":\"ImageObject\",\"inLanguage\":\"tr\",\"@id\":\"https:\\\/\\\/secure.gravatar.com\\\/avatar\\\/6cf0505f452ee753f485014986fab09a434671d2b919ee76fc541025c5876a70?s=96&d=mm&r=g\",\"url\":\"https:\\\/\\\/secure.gravatar.com\\\/avatar\\\/6cf0505f452ee753f485014986fab09a434671d2b919ee76fc541025c5876a70?s=96&d=mm&r=g\",\"contentUrl\":\"https:\\\/\\\/secure.gravatar.com\\\/avatar\\\/6cf0505f452ee753f485014986fab09a434671d2b919ee76fc541025c5876a70?s=96&d=mm&r=g\",\"caption\":\"Memurun Sesi Haber Merkezi\"},\"sameAs\":[\"https:\\\/\\\/memurunsesi.net\"],\"url\":\"https:\\\/\\\/memurunsesi.net\\\/index.php\\\/author\\\/uniper\\\/\"}]}<\/script>\n<!-- \/ Yoast SEO plugin. -->","yoast_head_json":{"title":"\u0130Y\u0130 Parti Manisa \u0130l Ba\u015fkan\u0131 Yunus Koca ve y\u00f6netimi g\u00f6revden al\u0131nd\u0131 - Memurun Sesi","description":"\u00a0\u0130Y\u0130 Parti'de Manisa te\u015fkilat\u0131nda 8 Kas\u0131m 2025 tarihinde ger\u00e7ekle\u015ftirilen 4. Ola\u011fan Kongre'de \u0130l Ba\u015fkanl\u0131\u011f\u0131'na se\u00e7ilen Yunus Koca ile \u0130l Y\u00f6netim Kurulu'nun, Genel Merkez karar\u0131yla g\u00f6revden al\u0131nd\u0131\u011f\u0131 \u00f6\u011frenildi.","robots":{"index":"index","follow":"follow","max-snippet":"max-snippet:-1","max-image-preview":"max-image-preview:large","max-video-preview":"max-video-preview:-1"},"canonical":"https:\/\/memurunsesi.net\/index.php\/2026\/04\/28\/iyi-parti-manisa-il-baskani-yunus-koca-ve-yonetimi-gorevden-alindi\/","og_locale":"tr_TR","og_type":"article","og_title":"\u0130Y\u0130 Parti Manisa \u0130l Ba\u015fkan\u0131 Yunus Koca ve y\u00f6netimi g\u00f6revden al\u0131nd\u0131 - Memurun Sesi","og_description":"\u00a0\u0130Y\u0130 Parti'de Manisa te\u015fkilat\u0131nda 8 Kas\u0131m 2025 tarihinde ger\u00e7ekle\u015ftirilen 4. Ola\u011fan Kongre'de \u0130l Ba\u015fkanl\u0131\u011f\u0131'na se\u00e7ilen Yunus Koca ile \u0130l Y\u00f6netim Kurulu'nun, Genel Merkez karar\u0131yla g\u00f6revden al\u0131nd\u0131\u011f\u0131 \u00f6\u011frenildi.","og_url":"https:\/\/memurunsesi.net\/index.php\/2026\/04\/28\/iyi-parti-manisa-il-baskani-yunus-koca-ve-yonetimi-gorevden-alindi\/","og_site_name":"Memurun Sesi","article_publisher":"https:\/\/www.facebook.com\/unipersen\/?locale=tr_TR","article_published_time":"2026-04-28T04:59:13+00:00","og_image":[{"width":1085,"height":709,"url":"https:\/\/memurunsesi.net\/wp-content\/uploads\/2026\/04\/iyi.jpg","type":"image\/jpeg"}],"author":"Memurun Sesi Haber Merkezi","twitter_card":"summary_large_image","twitter_creator":"@unipersen","twitter_site":"@unipersen","twitter_misc":{"Yazan:":"Memurun Sesi Haber Merkezi","Tahmini okuma s\u00fcresi":"1 dakika"},"schema":{"@context":"https:\/\/schema.org","@graph":[{"@type":"Article","@id":"https:\/\/memurunsesi.net\/index.php\/2026\/04\/28\/iyi-parti-manisa-il-baskani-yunus-koca-ve-yonetimi-gorevden-alindi\/#article","isPartOf":{"@id":"https:\/\/memurunsesi.net\/index.php\/2026\/04\/28\/iyi-parti-manisa-il-baskani-yunus-koca-ve-yonetimi-gorevden-alindi\/"},"author":{"name":"Memurun Sesi Haber Merkezi","@id":"https:\/\/memurunsesi.net\/#\/schema\/person\/f21c2d73b89f6ee1d80b0a1803e38587"},"headline":"\u0130Y\u0130 Parti Manisa \u0130l Ba\u015fkan\u0131 Yunus Koca ve y\u00f6netimi g\u00f6revden al\u0131nd\u0131","datePublished":"2026-04-28T04:59:13+00:00","mainEntityOfPage":{"@id":"https:\/\/memurunsesi.net\/index.php\/2026\/04\/28\/iyi-parti-manisa-il-baskani-yunus-koca-ve-yonetimi-gorevden-alindi\/"},"wordCount":198,"commentCount":0,"publisher":{"@id":"https:\/\/memurunsesi.net\/#organization"},"image":{"@id":"https:\/\/memurunsesi.net\/index.php\/2026\/04\/28\/iyi-parti-manisa-il-baskani-yunus-koca-ve-yonetimi-gorevden-alindi\/#primaryimage"},"thumbnailUrl":"https:\/\/memurunsesi.net\/wp-content\/uploads\/2026\/04\/iyi.jpg","keywords":["parti","siyaset","siyasi"],"inLanguage":"tr","potentialAction":[{"@type":"CommentAction","name":"Comment","target":["https:\/\/memurunsesi.net\/index.php\/2026\/04\/28\/iyi-parti-manisa-il-baskani-yunus-koca-ve-yonetimi-gorevden-alindi\/#respond"]}]},{"@type":"WebPage","@id":"https:\/\/memurunsesi.net\/index.php\/2026\/04\/28\/iyi-parti-manisa-il-baskani-yunus-koca-ve-yonetimi-gorevden-alindi\/","url":"https:\/\/memurunsesi.net\/index.php\/2026\/04\/28\/iyi-parti-manisa-il-baskani-yunus-koca-ve-yonetimi-gorevden-alindi\/","name":"\u0130Y\u0130 Parti Manisa \u0130l Ba\u015fkan\u0131 Yunus Koca ve y\u00f6netimi g\u00f6revden al\u0131nd\u0131 - Memurun Sesi","isPartOf":{"@id":"https:\/\/memurunsesi.net\/#website"},"primaryImageOfPage":{"@id":"https:\/\/memurunsesi.net\/index.php\/2026\/04\/28\/iyi-parti-manisa-il-baskani-yunus-koca-ve-yonetimi-gorevden-alindi\/#primaryimage"},"image":{"@id":"https:\/\/memurunsesi.net\/index.php\/2026\/04\/28\/iyi-parti-manisa-il-baskani-yunus-koca-ve-yonetimi-gorevden-alindi\/#primaryimage"},"thumbnailUrl":"https:\/\/memurunsesi.net\/wp-content\/uploads\/2026\/04\/iyi.jpg","datePublished":"2026-04-28T04:59:13+00:00","description":"\u00a0\u0130Y\u0130 Parti'de Manisa te\u015fkilat\u0131nda 8 Kas\u0131m 2025 tarihinde ger\u00e7ekle\u015ftirilen 4. Ola\u011fan Kongre'de \u0130l Ba\u015fkanl\u0131\u011f\u0131'na se\u00e7ilen Yunus Koca ile \u0130l Y\u00f6netim Kurulu'nun, Genel Merkez karar\u0131yla g\u00f6revden al\u0131nd\u0131\u011f\u0131 \u00f6\u011frenildi.","breadcrumb":{"@id":"https:\/\/memurunsesi.net\/index.php\/2026\/04\/28\/iyi-parti-manisa-il-baskani-yunus-koca-ve-yonetimi-gorevden-alindi\/#breadcrumb"},"inLanguage":"tr","potentialAction":[{"@type":"ReadAction","target":["https:\/\/memurunsesi.net\/index.php\/2026\/04\/28\/iyi-parti-manisa-il-baskani-yunus-koca-ve-yonetimi-gorevden-alindi\/"]}]},{"@type":"ImageObject","inLanguage":"tr","@id":"https:\/\/memurunsesi.net\/index.php\/2026\/04\/28\/iyi-parti-manisa-il-baskani-yunus-koca-ve-yonetimi-gorevden-alindi\/#primaryimage","url":"https:\/\/memurunsesi.net\/wp-content\/uploads\/2026\/04\/iyi.jpg","contentUrl":"https:\/\/memurunsesi.net\/wp-content\/uploads\/2026\/04\/iyi.jpg","width":1085,"height":709},{"@type":"BreadcrumbList","@id":"https:\/\/memurunsesi.net\/index.php\/2026\/04\/28\/iyi-parti-manisa-il-baskani-yunus-koca-ve-yonetimi-gorevden-alindi\/#breadcrumb","itemListElement":[{"@type":"ListItem","position":1,"name":"Anasayfa","item":"https:\/\/memurunsesi.net\/"},{"@type":"ListItem","position":2,"name":"\u0130Y\u0130 Parti Manisa \u0130l Ba\u015fkan\u0131 Yunus Koca ve y\u00f6netimi g\u00f6revden al\u0131nd\u0131"}]},{"@type":"WebSite","@id":"https:\/\/memurunsesi.net\/#website","url":"https:\/\/memurunsesi.net\/","name":"Memurun Sesi","description":"G\u00fcncel ve Do\u011fru Haber","publisher":{"@id":"https:\/\/memurunsesi.net\/#organization"},"potentialAction":[{"@type":"SearchAction","target":{"@type":"EntryPoint","urlTemplate":"https:\/\/memurunsesi.net\/?s={search_term_string}"},"query-input":{"@type":"PropertyValueSpecification","valueRequired":true,"valueName":"search_term_string"}}],"inLanguage":"tr"},{"@type":"Organization","@id":"https:\/\/memurunsesi.net\/#organization","name":"Memurun Sesi","url":"https:\/\/memurunsesi.net\/","logo":{"@type":"ImageObject","inLanguage":"tr","@id":"https:\/\/memurunsesi.net\/#\/schema\/logo\/image\/","url":"https:\/\/memurunsesi.net\/wp-content\/uploads\/2025\/11\/cropped-MEMURUN-SESI.png","contentUrl":"https:\/\/memurunsesi.net\/wp-content\/uploads\/2025\/11\/cropped-MEMURUN-SESI.png","width":238,"height":57,"caption":"Memurun Sesi"},"image":{"@id":"https:\/\/memurunsesi.net\/#\/schema\/logo\/image\/"},"sameAs":["https:\/\/www.facebook.com\/unipersen\/?locale=tr_TR","https:\/\/x.com\/unipersen"]},{"@type":"Person","@id":"https:\/\/memurunsesi.net\/#\/schema\/person\/f21c2d73b89f6ee1d80b0a1803e38587","name":"Memurun Sesi Haber Merkezi","image":{"@type":"ImageObject","inLanguage":"tr","@id":"https:\/\/secure.gravatar.com\/avatar\/6cf0505f452ee753f485014986fab09a434671d2b919ee76fc541025c5876a70?s=96&d=mm&r=g","url":"https:\/\/secure.gravatar.com\/avatar\/6cf0505f452ee753f485014986fab09a434671d2b919ee76fc541025c5876a70?s=96&d=mm&r=g","contentUrl":"https:\/\/secure.gravatar.com\/avatar\/6cf0505f452ee753f485014986fab09a434671d2b919ee76fc541025c5876a70?s=96&d=mm&r=g","caption":"Memurun Sesi Haber Merkezi"},"sameAs":["https:\/\/memurunsesi.net"],"url":"https:\/\/memurunsesi.net\/index.php\/author\/uniper\/"}]}},"_links":{"self":[{"href":"https:\/\/memurunsesi.net\/index.php\/wp-json\/wp\/v2\/posts\/19695","targetHints":{"allow":["GET"]}}],"collection":[{"href":"https:\/\/memurunsesi.net\/index.php\/wp-json\/wp\/v2\/posts"}],"about":[{"href":"https:\/\/memurunsesi.net\/index.php\/wp-json\/wp\/v2\/types\/post"}],"author":[{"embeddable":true,"href":"https:\/\/memurunsesi.net\/index.php\/wp-json\/wp\/v2\/users\/1"}],"replies":[{"embeddable":true,"href":"https:\/\/memurunsesi.net\/index.php\/wp-json\/wp\/v2\/comments?post=19695"}],"version-history":[{"count":1,"href":"https:\/\/memurunsesi.net\/index.php\/wp-json\/wp\/v2\/posts\/19695\/revisions"}],"predecessor-version":[{"id":19697,"href":"https:\/\/memurunsesi.net\/index.php\/wp-json\/wp\/v2\/posts\/19695\/revisions\/19697"}],"wp:featuredmedia":[{"embeddable":true,"href":"https:\/\/memurunsesi.net\/index.php\/wp-json\/wp\/v2\/media\/19696"}],"wp:attachment":[{"href":"https:\/\/memurunsesi.net\/index.php\/wp-json\/wp\/v2\/media?parent=19695"}],"wp:term":[{"taxonomy":"category","embeddable":true,"href":"https:\/\/memurunsesi.net\/index.php\/wp-json\/wp\/v2\/categories?post=19695"},{"taxonomy":"post_tag","embeddable":true,"href":"https:\/\/memurunsesi.net\/index.php\/wp-json\/wp\/v2\/tags?post=19695"}],"curies":[{"name":"wp","href":"https:\/\/api.w.org\/{rel}","templated":true}]}}